{"id":97,"name":"Jos\u00e9 Arias","url":"","description":"Estudi\u00e9 electricidad y electr\u00f3nica, empec\u00e9 en el mundo de la seguridad en el 2012 pasando por todos los puestos en diversos departamentos t\u00e9cnicos.\r\nDesde 2020 he coordinado el servicio t\u00e9cnico en la zona este de Madrid y a diferentes empresas colaboradoras a nivel nacional desde el departamento de instalaciones.\r\nActualmente soy Coordinador T\u00e9cnico de Seguridad y soy responsable del departamento t\u00e9cnico de la zona sur de Madrid en Movistar Prosegur Alarmas.","link":"https:\/\/www.movistar.es\/blog\/author\/josearias\/","slug":"josearias","avatar_urls":{"24":"https:\/\/secure.gravatar.com\/avatar\/b1c8974298e53c61f44aca49b29a1832ea82e33abbdae6dfaae74a178d622eec","48":"https:\/\/secure.gravatar.com\/avatar\/b1c8974298e53c61f44aca49b29a1832ea82e33abbdae6dfaae74a178d622eec","96":"https:\/\/secure.gravatar.com\/avatar\/b1c8974298e53c61f44aca49b29a1832ea82e33abbdae6dfaae74a178d622eec"},"meta":{"jetpack_donation_warning_dismissed":false},"yoast_head":"<!-- This site is optimized with the Yoast SEO Premium plugin v25.5 (Yoast SEO v25.5) - https:\/\/yoast.com\/wordpress\/plugins\/seo\/ -->\n<title>Jos\u00e9 Arias<\/title>\n<meta name=\"description\" content=\"Estudi\u00e9 electricidad y electr\u00f3nica, empec\u00e9 en el mundo de la seguridad en el 2012 pasando por todos los puestos en diversos departamentos t\u00e9cnicos. Desde 2020 he coordinado el servicio t\u00e9cnico en la zona este de Madrid y a diferentes empresas colaboradoras a nivel nacional desde el departamento de instalaciones. Actualmente soy Coordinador T\u00e9cnico de Seguridad y soy responsable del departamento t\u00e9cnico de la zona sur de Madrid en Movistar Prosegur Alarmas.\" \/>\n<meta name=\"robots\" content=\"noindex, follow\" \/>\n<meta property=\"og:locale\" content=\"es_ES\" \/>\n<meta property=\"og:type\" content=\"profile\" \/>\n<meta property=\"og:title\" content=\"Jos\u00e9 Arias\" \/>\n<meta property=\"og:description\" content=\"Estudi\u00e9 electricidad y electr\u00f3nica, empec\u00e9 en el mundo de la seguridad en el 2012 pasando por todos los puestos en diversos departamentos t\u00e9cnicos. Desde 2020 he coordinado el servicio t\u00e9cnico en la zona este de Madrid y a diferentes empresas colaboradoras a nivel nacional desde el departamento de instalaciones. Actualmente soy Coordinador T\u00e9cnico de Seguridad y soy responsable del departamento t\u00e9cnico de la zona sur de Madrid en Movistar Prosegur Alarmas.\" \/>\n<meta property=\"og:url\" content=\"https:\/\/www.movistar.es\/blog\/author\/josearias\/\" \/>\n<meta property=\"og:site_name\" content=\"Movistar blog\" \/>\n<meta property=\"og:image\" content=\"https:\/\/secure.gravatar.com\/avatar\/af2088aa77b333ece5b2c5b33320b767\" \/>\n<meta name=\"twitter:card\" content=\"summary_large_image\" \/>\n<script type=\"application\/ld+json\" class=\"yoast-schema-graph\">{\"@context\":\"https:\/\/schema.org\",\"@graph\":[{\"@type\":\"ProfilePage\",\"@id\":\"https:\/\/www.movistar.es\/blog\/author\/josearias\/\",\"url\":\"https:\/\/www.movistar.es\/blog\/author\/josearias\/\",\"name\":\"Jos\u00e9 Arias\",\"isPartOf\":{\"@id\":\"https:\/\/www.movistar.es\/blog\/#website\"},\"description\":\"Estudi\u00e9 electricidad y electr\u00f3nica, empec\u00e9 en el mundo de la seguridad en el 2012 pasando por todos los puestos en diversos departamentos t\u00e9cnicos. Desde 2020 he coordinado el servicio t\u00e9cnico en la zona este de Madrid y a diferentes empresas colaboradoras a nivel nacional desde el departamento de instalaciones. Actualmente soy Coordinador T\u00e9cnico de Seguridad y soy responsable del departamento t\u00e9cnico de la zona sur de Madrid en Movistar Prosegur Alarmas.\",\"breadcrumb\":{\"@id\":\"https:\/\/www.movistar.es\/blog\/author\/josearias\/#breadcrumb\"},\"inLanguage\":\"es\",\"potentialAction\":[{\"@type\":\"ReadAction\",\"target\":[\"https:\/\/www.movistar.es\/blog\/author\/josearias\/\"]}]},{\"@type\":\"BreadcrumbList\",\"@id\":\"https:\/\/www.movistar.es\/blog\/author\/josearias\/#breadcrumb\",\"itemListElement\":[{\"@type\":\"ListItem\",\"position\":1,\"name\":\"Home\",\"item\":\"https:\/\/www.movistar.es\/blog\/\"},{\"@type\":\"ListItem\",\"position\":2,\"name\":\"Archives for Jos\u00e9 Arias\"}]},{\"@type\":\"WebSite\",\"@id\":\"https:\/\/www.movistar.es\/blog\/#website\",\"url\":\"https:\/\/www.movistar.es\/blog\/\",\"name\":\"Movistar blog\",\"description\":\"Movistar Blog. Informaci\u00f3n y m\u00e1s sobre los productos y servicios de Movistar\",\"publisher\":{\"@id\":\"https:\/\/www.movistar.es\/blog\/#organization\"},\"potentialAction\":[{\"@type\":\"SearchAction\",\"target\":{\"@type\":\"EntryPoint\",\"urlTemplate\":\"https:\/\/www.movistar.es\/blog\/?s={search_term_string}\"},\"query-input\":{\"@type\":\"PropertyValueSpecification\",\"valueRequired\":true,\"valueName\":\"search_term_string\"}}],\"inLanguage\":\"es\"},{\"@type\":\"Organization\",\"@id\":\"https:\/\/www.movistar.es\/blog\/#organization\",\"name\":\"Movistar blog\",\"url\":\"https:\/\/www.movistar.es\/blog\/\",\"logo\":{\"@type\":\"ImageObject\",\"inLanguage\":\"es\",\"@id\":\"https:\/\/www.movistar.es\/blog\/#\/schema\/logo\/image\/\",\"url\":\"https:\/\/www.movistar.es\/blog\/wp-content\/uploads\/sites\/3\/2022\/05\/logo_movistar-1.svg\",\"contentUrl\":\"https:\/\/www.movistar.es\/blog\/wp-content\/uploads\/sites\/3\/2022\/05\/logo_movistar-1.svg\",\"width\":369,\"height\":272,\"caption\":\"Movistar blog\"},\"image\":{\"@id\":\"https:\/\/www.movistar.es\/blog\/#\/schema\/logo\/image\/\"}},{\"@type\":\"Person\",\"@id\":\"https:\/\/www.movistar.es\/blog\/#\/schema\/person\/f34544e7e26b889c8df34df6b9ade532\",\"name\":\"Jos\u00e9 Arias\",\"image\":{\"@type\":\"ImageObject\",\"inLanguage\":\"es\",\"@id\":\"https:\/\/www.movistar.es\/blog\/#\/schema\/person\/image\/89b109630cb593a1414ea1f85135b4fd\",\"url\":\"https:\/\/secure.gravatar.com\/avatar\/b1c8974298e53c61f44aca49b29a1832ea82e33abbdae6dfaae74a178d622eec\",\"contentUrl\":\"https:\/\/secure.gravatar.com\/avatar\/b1c8974298e53c61f44aca49b29a1832ea82e33abbdae6dfaae74a178d622eec\",\"caption\":\"Jos\u00e9 Arias\"},\"description\":\"Estudi\u00e9 electricidad y electr\u00f3nica, empec\u00e9 en el mundo de la seguridad en el 2012 pasando por todos los puestos en diversos departamentos t\u00e9cnicos. Desde 2020 he coordinado el servicio t\u00e9cnico en la zona este de Madrid y a diferentes empresas colaboradoras a nivel nacional desde el departamento de instalaciones. Actualmente soy Coordinador T\u00e9cnico de Seguridad y soy responsable del departamento t\u00e9cnico de la zona sur de Madrid en Movistar Prosegur Alarmas.\",\"sameAs\":[\"https:\/\/www.linkedin.com\/in\/jose-arias-5b879151\"],\"knowsAbout\":[\"alarmas\",\"seguridad\"],\"mainEntityOfPage\":{\"@id\":\"https:\/\/www.movistar.es\/blog\/author\/josearias\/\"}}]}<\/script>\n<!-- \/ Yoast SEO Premium plugin. -->","yoast_head_json":{"title":"Jos\u00e9 Arias","description":"Estudi\u00e9 electricidad y electr\u00f3nica, empec\u00e9 en el mundo de la seguridad en el 2012 pasando por todos los puestos en diversos departamentos t\u00e9cnicos. Desde 2020 he coordinado el servicio t\u00e9cnico en la zona este de Madrid y a diferentes empresas colaboradoras a nivel nacional desde el departamento de instalaciones. Actualmente soy Coordinador T\u00e9cnico de Seguridad y soy responsable del departamento t\u00e9cnico de la zona sur de Madrid en Movistar Prosegur Alarmas.","robots":{"index":"noindex","follow":"follow"},"og_locale":"es_ES","og_type":"profile","og_title":"Jos\u00e9 Arias","og_description":"Estudi\u00e9 electricidad y electr\u00f3nica, empec\u00e9 en el mundo de la seguridad en el 2012 pasando por todos los puestos en diversos departamentos t\u00e9cnicos. Desde 2020 he coordinado el servicio t\u00e9cnico en la zona este de Madrid y a diferentes empresas colaboradoras a nivel nacional desde el departamento de instalaciones. Actualmente soy Coordinador T\u00e9cnico de Seguridad y soy responsable del departamento t\u00e9cnico de la zona sur de Madrid en Movistar Prosegur Alarmas.","og_url":"https:\/\/www.movistar.es\/blog\/author\/josearias\/","og_site_name":"Movistar blog","og_image":[{"url":"https:\/\/secure.gravatar.com\/avatar\/af2088aa77b333ece5b2c5b33320b767","type":"","width":"","height":""}],"twitter_card":"summary_large_image","schema":{"@context":"https:\/\/schema.org","@graph":[{"@type":"ProfilePage","@id":"https:\/\/www.movistar.es\/blog\/author\/josearias\/","url":"https:\/\/www.movistar.es\/blog\/author\/josearias\/","name":"Jos\u00e9 Arias","isPartOf":{"@id":"https:\/\/www.movistar.es\/blog\/#website"},"description":"Estudi\u00e9 electricidad y electr\u00f3nica, empec\u00e9 en el mundo de la seguridad en el 2012 pasando por todos los puestos en diversos departamentos t\u00e9cnicos. Desde 2020 he coordinado el servicio t\u00e9cnico en la zona este de Madrid y a diferentes empresas colaboradoras a nivel nacional desde el departamento de instalaciones. Actualmente soy Coordinador T\u00e9cnico de Seguridad y soy responsable del departamento t\u00e9cnico de la zona sur de Madrid en Movistar Prosegur Alarmas.","breadcrumb":{"@id":"https:\/\/www.movistar.es\/blog\/author\/josearias\/#breadcrumb"},"inLanguage":"es","potentialAction":[{"@type":"ReadAction","target":["https:\/\/www.movistar.es\/blog\/author\/josearias\/"]}]},{"@type":"BreadcrumbList","@id":"https:\/\/www.movistar.es\/blog\/author\/josearias\/#breadcrumb","itemListElement":[{"@type":"ListItem","position":1,"name":"Home","item":"https:\/\/www.movistar.es\/blog\/"},{"@type":"ListItem","position":2,"name":"Archives for Jos\u00e9 Arias"}]},{"@type":"WebSite","@id":"https:\/\/www.movistar.es\/blog\/#website","url":"https:\/\/www.movistar.es\/blog\/","name":"Movistar blog","description":"Movistar Blog. Informaci\u00f3n y m\u00e1s sobre los productos y servicios de Movistar","publisher":{"@id":"https:\/\/www.movistar.es\/blog\/#organization"},"potentialAction":[{"@type":"SearchAction","target":{"@type":"EntryPoint","urlTemplate":"https:\/\/www.movistar.es\/blog\/?s={search_term_string}"},"query-input":{"@type":"PropertyValueSpecification","valueRequired":true,"valueName":"search_term_string"}}],"inLanguage":"es"},{"@type":"Organization","@id":"https:\/\/www.movistar.es\/blog\/#organization","name":"Movistar blog","url":"https:\/\/www.movistar.es\/blog\/","logo":{"@type":"ImageObject","inLanguage":"es","@id":"https:\/\/www.movistar.es\/blog\/#\/schema\/logo\/image\/","url":"https:\/\/www.movistar.es\/blog\/wp-content\/uploads\/sites\/3\/2022\/05\/logo_movistar-1.svg","contentUrl":"https:\/\/www.movistar.es\/blog\/wp-content\/uploads\/sites\/3\/2022\/05\/logo_movistar-1.svg","width":369,"height":272,"caption":"Movistar blog"},"image":{"@id":"https:\/\/www.movistar.es\/blog\/#\/schema\/logo\/image\/"}},{"@type":"Person","@id":"https:\/\/www.movistar.es\/blog\/#\/schema\/person\/f34544e7e26b889c8df34df6b9ade532","name":"Jos\u00e9 Arias","image":{"@type":"ImageObject","inLanguage":"es","@id":"https:\/\/www.movistar.es\/blog\/#\/schema\/person\/image\/89b109630cb593a1414ea1f85135b4fd","url":"https:\/\/secure.gravatar.com\/avatar\/b1c8974298e53c61f44aca49b29a1832ea82e33abbdae6dfaae74a178d622eec","contentUrl":"https:\/\/secure.gravatar.com\/avatar\/b1c8974298e53c61f44aca49b29a1832ea82e33abbdae6dfaae74a178d622eec","caption":"Jos\u00e9 Arias"},"description":"Estudi\u00e9 electricidad y electr\u00f3nica, empec\u00e9 en el mundo de la seguridad en el 2012 pasando por todos los puestos en diversos departamentos t\u00e9cnicos. Desde 2020 he coordinado el servicio t\u00e9cnico en la zona este de Madrid y a diferentes empresas colaboradoras a nivel nacional desde el departamento de instalaciones. Actualmente soy Coordinador T\u00e9cnico de Seguridad y soy responsable del departamento t\u00e9cnico de la zona sur de Madrid en Movistar Prosegur Alarmas.","sameAs":["https:\/\/www.linkedin.com\/in\/jose-arias-5b879151"],"knowsAbout":["alarmas","seguridad"],"mainEntityOfPage":{"@id":"https:\/\/www.movistar.es\/blog\/author\/josearias\/"}}]}},"_links":{"self":[{"href":"https:\/\/www.movistar.es\/blog\/wp-json\/wp\/v2\/users\/97","targetHints":{"allow":["GET"]}}],"collection":[{"href":"https:\/\/www.movistar.es\/blog\/wp-json\/wp\/v2\/users"}]}}