{"id":37,"name":"\u00c1lvaro \u00c1lvarez","url":"","description":"Me interesan los medios de comunicaci\u00f3n porque son una ventana para contactar, comprender y ofrecer una soluci\u00f3n para las personas. He estudiado Comunicaci\u00f3n Audiovisual y un m\u00e1ster de Direcci\u00f3n de Marketing. Ahora aprendo en el equipo de Digital Home Marketing de Telef\u00f3nica.","link":"https:\/\/www.movistar.es\/blog\/author\/alvaroalvarez\/","slug":"alvaroalvarez","avatar_urls":{"24":"https:\/\/secure.gravatar.com\/avatar\/295527ef83e86f9b3cd7694a43faaa25f9ac6ddb0d03eefb13d0ee549f8c7b70","48":"https:\/\/secure.gravatar.com\/avatar\/295527ef83e86f9b3cd7694a43faaa25f9ac6ddb0d03eefb13d0ee549f8c7b70","96":"https:\/\/secure.gravatar.com\/avatar\/295527ef83e86f9b3cd7694a43faaa25f9ac6ddb0d03eefb13d0ee549f8c7b70"},"meta":{"jetpack_donation_warning_dismissed":false},"yoast_head":"<!-- This site is optimized with the Yoast SEO Premium plugin v25.5 (Yoast SEO v25.5) - https:\/\/yoast.com\/wordpress\/plugins\/seo\/ -->\n<title>\u00c1lvaro \u00c1lvarez<\/title>\n<meta name=\"description\" content=\"Me interesan los medios de comunicaci\u00f3n porque son una ventana para contactar, comprender y ofrecer una soluci\u00f3n para las personas. He estudiado Comunicaci\u00f3n Audiovisual y un m\u00e1ster de Direcci\u00f3n de Marketing. Ahora aprendo en el equipo de Digital Home Marketing de Telef\u00f3nica.\" \/>\n<meta name=\"robots\" content=\"noindex, follow\" \/>\n<meta property=\"og:locale\" content=\"es_ES\" \/>\n<meta property=\"og:type\" content=\"profile\" \/>\n<meta property=\"og:title\" content=\"\u00c1lvaro \u00c1lvarez\" \/>\n<meta property=\"og:description\" content=\"Me interesan los medios de comunicaci\u00f3n porque son una ventana para contactar, comprender y ofrecer una soluci\u00f3n para las personas. He estudiado Comunicaci\u00f3n Audiovisual y un m\u00e1ster de Direcci\u00f3n de Marketing. Ahora aprendo en el equipo de Digital Home Marketing de Telef\u00f3nica.\" \/>\n<meta property=\"og:url\" content=\"https:\/\/www.movistar.es\/blog\/author\/alvaroalvarez\/\" \/>\n<meta property=\"og:site_name\" content=\"Movistar blog\" \/>\n<meta property=\"og:image\" content=\"https:\/\/secure.gravatar.com\/avatar\/7abf1256a42faea568c0d70966dde5b6\" \/>\n<meta name=\"twitter:card\" content=\"summary_large_image\" \/>\n<script type=\"application\/ld+json\" class=\"yoast-schema-graph\">{\"@context\":\"https:\/\/schema.org\",\"@graph\":[{\"@type\":\"ProfilePage\",\"@id\":\"https:\/\/www.movistar.es\/blog\/author\/alvaroalvarez\/\",\"url\":\"https:\/\/www.movistar.es\/blog\/author\/alvaroalvarez\/\",\"name\":\"\u00c1lvaro \u00c1lvarez\",\"isPartOf\":{\"@id\":\"https:\/\/www.movistar.es\/blog\/#website\"},\"description\":\"Me interesan los medios de comunicaci\u00f3n porque son una ventana para contactar, comprender y ofrecer una soluci\u00f3n para las personas. He estudiado Comunicaci\u00f3n Audiovisual y un m\u00e1ster de Direcci\u00f3n de Marketing. Ahora aprendo en el equipo de Digital Home Marketing de Telef\u00f3nica.\",\"breadcrumb\":{\"@id\":\"https:\/\/www.movistar.es\/blog\/author\/alvaroalvarez\/#breadcrumb\"},\"inLanguage\":\"es\",\"potentialAction\":[{\"@type\":\"ReadAction\",\"target\":[\"https:\/\/www.movistar.es\/blog\/author\/alvaroalvarez\/\"]}]},{\"@type\":\"BreadcrumbList\",\"@id\":\"https:\/\/www.movistar.es\/blog\/author\/alvaroalvarez\/#breadcrumb\",\"itemListElement\":[{\"@type\":\"ListItem\",\"position\":1,\"name\":\"Home\",\"item\":\"https:\/\/www.movistar.es\/blog\/\"},{\"@type\":\"ListItem\",\"position\":2,\"name\":\"Archives for \u00c1lvaro \u00c1lvarez\"}]},{\"@type\":\"WebSite\",\"@id\":\"https:\/\/www.movistar.es\/blog\/#website\",\"url\":\"https:\/\/www.movistar.es\/blog\/\",\"name\":\"Movistar blog\",\"description\":\"Movistar Blog. Informaci\u00f3n y m\u00e1s sobre los productos y servicios de Movistar\",\"publisher\":{\"@id\":\"https:\/\/www.movistar.es\/blog\/#organization\"},\"potentialAction\":[{\"@type\":\"SearchAction\",\"target\":{\"@type\":\"EntryPoint\",\"urlTemplate\":\"https:\/\/www.movistar.es\/blog\/?s={search_term_string}\"},\"query-input\":{\"@type\":\"PropertyValueSpecification\",\"valueRequired\":true,\"valueName\":\"search_term_string\"}}],\"inLanguage\":\"es\"},{\"@type\":\"Organization\",\"@id\":\"https:\/\/www.movistar.es\/blog\/#organization\",\"name\":\"Movistar blog\",\"url\":\"https:\/\/www.movistar.es\/blog\/\",\"logo\":{\"@type\":\"ImageObject\",\"inLanguage\":\"es\",\"@id\":\"https:\/\/www.movistar.es\/blog\/#\/schema\/logo\/image\/\",\"url\":\"https:\/\/www.movistar.es\/blog\/wp-content\/uploads\/sites\/3\/2022\/05\/logo_movistar-1.svg\",\"contentUrl\":\"https:\/\/www.movistar.es\/blog\/wp-content\/uploads\/sites\/3\/2022\/05\/logo_movistar-1.svg\",\"width\":369,\"height\":272,\"caption\":\"Movistar blog\"},\"image\":{\"@id\":\"https:\/\/www.movistar.es\/blog\/#\/schema\/logo\/image\/\"}},{\"@type\":\"Person\",\"@id\":\"https:\/\/www.movistar.es\/blog\/#\/schema\/person\/42955e7010c4625864ccb53c6a024500\",\"name\":\"\u00c1lvaro \u00c1lvarez\",\"image\":{\"@type\":\"ImageObject\",\"inLanguage\":\"es\",\"@id\":\"https:\/\/www.movistar.es\/blog\/#\/schema\/person\/image\/baf4fda8f85fc589bc160de261b5edab\",\"url\":\"https:\/\/secure.gravatar.com\/avatar\/295527ef83e86f9b3cd7694a43faaa25f9ac6ddb0d03eefb13d0ee549f8c7b70\",\"contentUrl\":\"https:\/\/secure.gravatar.com\/avatar\/295527ef83e86f9b3cd7694a43faaa25f9ac6ddb0d03eefb13d0ee549f8c7b70\",\"caption\":\"\u00c1lvaro \u00c1lvarez\"},\"description\":\"Me interesan los medios de comunicaci\u00f3n porque son una ventana para contactar, comprender y ofrecer una soluci\u00f3n para las personas. He estudiado Comunicaci\u00f3n Audiovisual y un m\u00e1ster de Direcci\u00f3n de Marketing. Ahora aprendo en el equipo de Digital Home Marketing de Telef\u00f3nica.\",\"mainEntityOfPage\":{\"@id\":\"https:\/\/www.movistar.es\/blog\/author\/alvaroalvarez\/\"}}]}<\/script>\n<!-- \/ Yoast SEO Premium plugin. -->","yoast_head_json":{"title":"\u00c1lvaro \u00c1lvarez","description":"Me interesan los medios de comunicaci\u00f3n porque son una ventana para contactar, comprender y ofrecer una soluci\u00f3n para las personas. He estudiado Comunicaci\u00f3n Audiovisual y un m\u00e1ster de Direcci\u00f3n de Marketing. Ahora aprendo en el equipo de Digital Home Marketing de Telef\u00f3nica.","robots":{"index":"noindex","follow":"follow"},"og_locale":"es_ES","og_type":"profile","og_title":"\u00c1lvaro \u00c1lvarez","og_description":"Me interesan los medios de comunicaci\u00f3n porque son una ventana para contactar, comprender y ofrecer una soluci\u00f3n para las personas. He estudiado Comunicaci\u00f3n Audiovisual y un m\u00e1ster de Direcci\u00f3n de Marketing. Ahora aprendo en el equipo de Digital Home Marketing de Telef\u00f3nica.","og_url":"https:\/\/www.movistar.es\/blog\/author\/alvaroalvarez\/","og_site_name":"Movistar blog","og_image":[{"url":"https:\/\/secure.gravatar.com\/avatar\/7abf1256a42faea568c0d70966dde5b6","type":"","width":"","height":""}],"twitter_card":"summary_large_image","schema":{"@context":"https:\/\/schema.org","@graph":[{"@type":"ProfilePage","@id":"https:\/\/www.movistar.es\/blog\/author\/alvaroalvarez\/","url":"https:\/\/www.movistar.es\/blog\/author\/alvaroalvarez\/","name":"\u00c1lvaro \u00c1lvarez","isPartOf":{"@id":"https:\/\/www.movistar.es\/blog\/#website"},"description":"Me interesan los medios de comunicaci\u00f3n porque son una ventana para contactar, comprender y ofrecer una soluci\u00f3n para las personas. He estudiado Comunicaci\u00f3n Audiovisual y un m\u00e1ster de Direcci\u00f3n de Marketing. Ahora aprendo en el equipo de Digital Home Marketing de Telef\u00f3nica.","breadcrumb":{"@id":"https:\/\/www.movistar.es\/blog\/author\/alvaroalvarez\/#breadcrumb"},"inLanguage":"es","potentialAction":[{"@type":"ReadAction","target":["https:\/\/www.movistar.es\/blog\/author\/alvaroalvarez\/"]}]},{"@type":"BreadcrumbList","@id":"https:\/\/www.movistar.es\/blog\/author\/alvaroalvarez\/#breadcrumb","itemListElement":[{"@type":"ListItem","position":1,"name":"Home","item":"https:\/\/www.movistar.es\/blog\/"},{"@type":"ListItem","position":2,"name":"Archives for \u00c1lvaro \u00c1lvarez"}]},{"@type":"WebSite","@id":"https:\/\/www.movistar.es\/blog\/#website","url":"https:\/\/www.movistar.es\/blog\/","name":"Movistar blog","description":"Movistar Blog. Informaci\u00f3n y m\u00e1s sobre los productos y servicios de Movistar","publisher":{"@id":"https:\/\/www.movistar.es\/blog\/#organization"},"potentialAction":[{"@type":"SearchAction","target":{"@type":"EntryPoint","urlTemplate":"https:\/\/www.movistar.es\/blog\/?s={search_term_string}"},"query-input":{"@type":"PropertyValueSpecification","valueRequired":true,"valueName":"search_term_string"}}],"inLanguage":"es"},{"@type":"Organization","@id":"https:\/\/www.movistar.es\/blog\/#organization","name":"Movistar blog","url":"https:\/\/www.movistar.es\/blog\/","logo":{"@type":"ImageObject","inLanguage":"es","@id":"https:\/\/www.movistar.es\/blog\/#\/schema\/logo\/image\/","url":"https:\/\/www.movistar.es\/blog\/wp-content\/uploads\/sites\/3\/2022\/05\/logo_movistar-1.svg","contentUrl":"https:\/\/www.movistar.es\/blog\/wp-content\/uploads\/sites\/3\/2022\/05\/logo_movistar-1.svg","width":369,"height":272,"caption":"Movistar blog"},"image":{"@id":"https:\/\/www.movistar.es\/blog\/#\/schema\/logo\/image\/"}},{"@type":"Person","@id":"https:\/\/www.movistar.es\/blog\/#\/schema\/person\/42955e7010c4625864ccb53c6a024500","name":"\u00c1lvaro \u00c1lvarez","image":{"@type":"ImageObject","inLanguage":"es","@id":"https:\/\/www.movistar.es\/blog\/#\/schema\/person\/image\/baf4fda8f85fc589bc160de261b5edab","url":"https:\/\/secure.gravatar.com\/avatar\/295527ef83e86f9b3cd7694a43faaa25f9ac6ddb0d03eefb13d0ee549f8c7b70","contentUrl":"https:\/\/secure.gravatar.com\/avatar\/295527ef83e86f9b3cd7694a43faaa25f9ac6ddb0d03eefb13d0ee549f8c7b70","caption":"\u00c1lvaro \u00c1lvarez"},"description":"Me interesan los medios de comunicaci\u00f3n porque son una ventana para contactar, comprender y ofrecer una soluci\u00f3n para las personas. He estudiado Comunicaci\u00f3n Audiovisual y un m\u00e1ster de Direcci\u00f3n de Marketing. Ahora aprendo en el equipo de Digital Home Marketing de Telef\u00f3nica.","mainEntityOfPage":{"@id":"https:\/\/www.movistar.es\/blog\/author\/alvaroalvarez\/"}}]}},"_links":{"self":[{"href":"https:\/\/www.movistar.es\/blog\/wp-json\/wp\/v2\/users\/37","targetHints":{"allow":["GET"]}}],"collection":[{"href":"https:\/\/www.movistar.es\/blog\/wp-json\/wp\/v2\/users"}]}}