{"id":178,"name":"Dra. Laura Arrey","url":"","description":"Licenciada en Medicina y Cirug\u00eda por la UdL y especialista en Medicina familiar y Comunitaria. Ha trabajado como m\u00e9dico de familia en urgencias hospitalarias y en consultas de atenci\u00f3n primaria de varios centros de salud de Barcelona, formando parte tambi\u00e9n de programas de Salud Comunitaria. Durante la pandemia trabaj\u00f3 en la Federaci\u00f3n catalana de Futbol como m\u00e9dico referente en el \u00e1rea Covid. Desde hace seis a\u00f1os trabaja en el \u00e1rea de Telemedicina-urgencias de Teladoc Health, labor que compagina con las consultas asistenciales.","link":"https:\/\/www.movistar.es\/blog\/author\/laurarrey\/","slug":"laurarrey","avatar_urls":{"24":"https:\/\/secure.gravatar.com\/avatar\/bb2a07de0e73b431bf6b32aee7fa46e6c8cf71dd7cab62ea236bd1207bb68041","48":"https:\/\/secure.gravatar.com\/avatar\/bb2a07de0e73b431bf6b32aee7fa46e6c8cf71dd7cab62ea236bd1207bb68041","96":"https:\/\/secure.gravatar.com\/avatar\/bb2a07de0e73b431bf6b32aee7fa46e6c8cf71dd7cab62ea236bd1207bb68041"},"meta":{"jetpack_donation_warning_dismissed":false},"yoast_head":"<!-- This site is optimized with the Yoast SEO Premium plugin v25.5 (Yoast SEO v25.5) - https:\/\/yoast.com\/wordpress\/plugins\/seo\/ -->\n<title>Dra. Laura Arrey, Author at Movistar blog<\/title>\n<meta name=\"robots\" content=\"noindex, follow\" \/>\n<meta property=\"og:locale\" content=\"es_ES\" \/>\n<meta property=\"og:type\" content=\"profile\" \/>\n<meta property=\"og:title\" content=\"Dra. Laura Arrey\" \/>\n<meta property=\"og:url\" content=\"https:\/\/www.movistar.es\/blog\/author\/laurarrey\/\" \/>\n<meta property=\"og:site_name\" content=\"Movistar blog\" \/>\n<meta property=\"og:image\" content=\"https:\/\/secure.gravatar.com\/avatar\/e4a6125f7322ebf4f3bf4562dea7c8bf\" \/>\n<meta name=\"twitter:card\" content=\"summary_large_image\" \/>\n<script type=\"application\/ld+json\" class=\"yoast-schema-graph\">{\"@context\":\"https:\/\/schema.org\",\"@graph\":[{\"@type\":\"ProfilePage\",\"@id\":\"https:\/\/www.movistar.es\/blog\/author\/laurarrey\/\",\"url\":\"https:\/\/www.movistar.es\/blog\/author\/laurarrey\/\",\"name\":\"Dra. Laura Arrey, Author at Movistar blog\",\"isPartOf\":{\"@id\":\"https:\/\/www.movistar.es\/blog\/#website\"},\"breadcrumb\":{\"@id\":\"https:\/\/www.movistar.es\/blog\/author\/laurarrey\/#breadcrumb\"},\"inLanguage\":\"es\",\"potentialAction\":[{\"@type\":\"ReadAction\",\"target\":[\"https:\/\/www.movistar.es\/blog\/author\/laurarrey\/\"]}]},{\"@type\":\"BreadcrumbList\",\"@id\":\"https:\/\/www.movistar.es\/blog\/author\/laurarrey\/#breadcrumb\",\"itemListElement\":[{\"@type\":\"ListItem\",\"position\":1,\"name\":\"Home\",\"item\":\"https:\/\/www.movistar.es\/blog\/\"},{\"@type\":\"ListItem\",\"position\":2,\"name\":\"Archives for Dra. Laura Arrey\"}]},{\"@type\":\"WebSite\",\"@id\":\"https:\/\/www.movistar.es\/blog\/#website\",\"url\":\"https:\/\/www.movistar.es\/blog\/\",\"name\":\"Movistar blog\",\"description\":\"Movistar Blog. Informaci\u00f3n y m\u00e1s sobre los productos y servicios de Movistar\",\"publisher\":{\"@id\":\"https:\/\/www.movistar.es\/blog\/#organization\"},\"potentialAction\":[{\"@type\":\"SearchAction\",\"target\":{\"@type\":\"EntryPoint\",\"urlTemplate\":\"https:\/\/www.movistar.es\/blog\/?s={search_term_string}\"},\"query-input\":{\"@type\":\"PropertyValueSpecification\",\"valueRequired\":true,\"valueName\":\"search_term_string\"}}],\"inLanguage\":\"es\"},{\"@type\":\"Organization\",\"@id\":\"https:\/\/www.movistar.es\/blog\/#organization\",\"name\":\"Movistar blog\",\"url\":\"https:\/\/www.movistar.es\/blog\/\",\"logo\":{\"@type\":\"ImageObject\",\"inLanguage\":\"es\",\"@id\":\"https:\/\/www.movistar.es\/blog\/#\/schema\/logo\/image\/\",\"url\":\"https:\/\/www.movistar.es\/blog\/wp-content\/uploads\/sites\/3\/2022\/05\/logo_movistar-1.svg\",\"contentUrl\":\"https:\/\/www.movistar.es\/blog\/wp-content\/uploads\/sites\/3\/2022\/05\/logo_movistar-1.svg\",\"width\":369,\"height\":272,\"caption\":\"Movistar blog\"},\"image\":{\"@id\":\"https:\/\/www.movistar.es\/blog\/#\/schema\/logo\/image\/\"}},{\"@type\":\"Person\",\"@id\":\"https:\/\/www.movistar.es\/blog\/#\/schema\/person\/382b2e7f4eb1ddf64771f9c89692efa8\",\"name\":\"Dra. Laura Arrey\",\"image\":{\"@type\":\"ImageObject\",\"inLanguage\":\"es\",\"@id\":\"https:\/\/www.movistar.es\/blog\/#\/schema\/person\/image\/e8a79b0a7b79c6a463e15b75e51a7e6f\",\"url\":\"https:\/\/secure.gravatar.com\/avatar\/bb2a07de0e73b431bf6b32aee7fa46e6c8cf71dd7cab62ea236bd1207bb68041\",\"contentUrl\":\"https:\/\/secure.gravatar.com\/avatar\/bb2a07de0e73b431bf6b32aee7fa46e6c8cf71dd7cab62ea236bd1207bb68041\",\"caption\":\"Dra. Laura Arrey\"},\"description\":\"Licenciada en Medicina y Cirug\u00eda por la UdL y especialista en Medicina familiar y Comunitaria. Ha trabajado como m\u00e9dico de familia en urgencias hospitalarias y en consultas de atenci\u00f3n primaria de varios centros de salud de Barcelona, formando parte tambi\u00e9n de programas de Salud Comunitaria. Durante la pandemia trabaj\u00f3 en la Federaci\u00f3n catalana de Futbol como m\u00e9dico referente en el \u00e1rea Covid. Desde hace seis a\u00f1os trabaja en el \u00e1rea de Telemedicina-urgencias de Teladoc Health, labor que compagina con las consultas asistenciales.\",\"mainEntityOfPage\":{\"@id\":\"https:\/\/www.movistar.es\/blog\/author\/laurarrey\/\"}}]}<\/script>\n<!-- \/ Yoast SEO Premium plugin. -->","yoast_head_json":{"title":"Dra. Laura Arrey, Author at Movistar blog","robots":{"index":"noindex","follow":"follow"},"og_locale":"es_ES","og_type":"profile","og_title":"Dra. Laura Arrey","og_url":"https:\/\/www.movistar.es\/blog\/author\/laurarrey\/","og_site_name":"Movistar blog","og_image":[{"url":"https:\/\/secure.gravatar.com\/avatar\/e4a6125f7322ebf4f3bf4562dea7c8bf","type":"","width":"","height":""}],"twitter_card":"summary_large_image","schema":{"@context":"https:\/\/schema.org","@graph":[{"@type":"ProfilePage","@id":"https:\/\/www.movistar.es\/blog\/author\/laurarrey\/","url":"https:\/\/www.movistar.es\/blog\/author\/laurarrey\/","name":"Dra. Laura Arrey, Author at Movistar blog","isPartOf":{"@id":"https:\/\/www.movistar.es\/blog\/#website"},"breadcrumb":{"@id":"https:\/\/www.movistar.es\/blog\/author\/laurarrey\/#breadcrumb"},"inLanguage":"es","potentialAction":[{"@type":"ReadAction","target":["https:\/\/www.movistar.es\/blog\/author\/laurarrey\/"]}]},{"@type":"BreadcrumbList","@id":"https:\/\/www.movistar.es\/blog\/author\/laurarrey\/#breadcrumb","itemListElement":[{"@type":"ListItem","position":1,"name":"Home","item":"https:\/\/www.movistar.es\/blog\/"},{"@type":"ListItem","position":2,"name":"Archives for Dra. Laura Arrey"}]},{"@type":"WebSite","@id":"https:\/\/www.movistar.es\/blog\/#website","url":"https:\/\/www.movistar.es\/blog\/","name":"Movistar blog","description":"Movistar Blog. Informaci\u00f3n y m\u00e1s sobre los productos y servicios de Movistar","publisher":{"@id":"https:\/\/www.movistar.es\/blog\/#organization"},"potentialAction":[{"@type":"SearchAction","target":{"@type":"EntryPoint","urlTemplate":"https:\/\/www.movistar.es\/blog\/?s={search_term_string}"},"query-input":{"@type":"PropertyValueSpecification","valueRequired":true,"valueName":"search_term_string"}}],"inLanguage":"es"},{"@type":"Organization","@id":"https:\/\/www.movistar.es\/blog\/#organization","name":"Movistar blog","url":"https:\/\/www.movistar.es\/blog\/","logo":{"@type":"ImageObject","inLanguage":"es","@id":"https:\/\/www.movistar.es\/blog\/#\/schema\/logo\/image\/","url":"https:\/\/www.movistar.es\/blog\/wp-content\/uploads\/sites\/3\/2022\/05\/logo_movistar-1.svg","contentUrl":"https:\/\/www.movistar.es\/blog\/wp-content\/uploads\/sites\/3\/2022\/05\/logo_movistar-1.svg","width":369,"height":272,"caption":"Movistar blog"},"image":{"@id":"https:\/\/www.movistar.es\/blog\/#\/schema\/logo\/image\/"}},{"@type":"Person","@id":"https:\/\/www.movistar.es\/blog\/#\/schema\/person\/382b2e7f4eb1ddf64771f9c89692efa8","name":"Dra. Laura Arrey","image":{"@type":"ImageObject","inLanguage":"es","@id":"https:\/\/www.movistar.es\/blog\/#\/schema\/person\/image\/e8a79b0a7b79c6a463e15b75e51a7e6f","url":"https:\/\/secure.gravatar.com\/avatar\/bb2a07de0e73b431bf6b32aee7fa46e6c8cf71dd7cab62ea236bd1207bb68041","contentUrl":"https:\/\/secure.gravatar.com\/avatar\/bb2a07de0e73b431bf6b32aee7fa46e6c8cf71dd7cab62ea236bd1207bb68041","caption":"Dra. Laura Arrey"},"description":"Licenciada en Medicina y Cirug\u00eda por la UdL y especialista en Medicina familiar y Comunitaria. Ha trabajado como m\u00e9dico de familia en urgencias hospitalarias y en consultas de atenci\u00f3n primaria de varios centros de salud de Barcelona, formando parte tambi\u00e9n de programas de Salud Comunitaria. Durante la pandemia trabaj\u00f3 en la Federaci\u00f3n catalana de Futbol como m\u00e9dico referente en el \u00e1rea Covid. Desde hace seis a\u00f1os trabaja en el \u00e1rea de Telemedicina-urgencias de Teladoc Health, labor que compagina con las consultas asistenciales.","mainEntityOfPage":{"@id":"https:\/\/www.movistar.es\/blog\/author\/laurarrey\/"}}]}},"_links":{"self":[{"href":"https:\/\/www.movistar.es\/blog\/wp-json\/wp\/v2\/users\/178","targetHints":{"allow":["GET"]}}],"collection":[{"href":"https:\/\/www.movistar.es\/blog\/wp-json\/wp\/v2\/users"}]}}