{"id":145,"name":"Javier Garc\u00eda Parra","url":"","description":"Ingeniero de Telecomunicaciones por la UPM. Desde hace m\u00e1s de 25 a\u00f1os trabajo como jefe de proyecto para Telef\u00f3nica en diversos campos como desarrollo de la BAM, 5G, VoLTE e IPv6.","link":"https:\/\/www.movistar.es\/blog\/author\/jgarciaparra\/","slug":"jgarciaparra","avatar_urls":{"24":"https:\/\/secure.gravatar.com\/avatar\/cadcb913a98dc6f9cbb5ceafcf7f043dccf8895012fcdaee268ab0433c974638","48":"https:\/\/secure.gravatar.com\/avatar\/cadcb913a98dc6f9cbb5ceafcf7f043dccf8895012fcdaee268ab0433c974638","96":"https:\/\/secure.gravatar.com\/avatar\/cadcb913a98dc6f9cbb5ceafcf7f043dccf8895012fcdaee268ab0433c974638"},"meta":{"jetpack_donation_warning_dismissed":false},"yoast_head":"<!-- This site is optimized with the Yoast SEO Premium plugin v25.5 (Yoast SEO v25.5) - https:\/\/yoast.com\/wordpress\/plugins\/seo\/ -->\n<title>Javier Garc\u00eda Parra<\/title>\n<meta name=\"description\" content=\"Ingeniero de Telecomunicaciones por la UPM. Desde hace m\u00e1s de 25 a\u00f1os trabajo como jefe de proyecto para Telef\u00f3nica en diversos campos como desarrollo de la BAM, 5G, VoLTE e IPv6.\" \/>\n<meta name=\"robots\" content=\"noindex, follow\" \/>\n<meta property=\"og:locale\" content=\"es_ES\" \/>\n<meta property=\"og:type\" content=\"profile\" \/>\n<meta property=\"og:title\" content=\"Javier Garc\u00eda Parra\" \/>\n<meta property=\"og:description\" content=\"Ingeniero de Telecomunicaciones por la UPM. Desde hace m\u00e1s de 25 a\u00f1os trabajo como jefe de proyecto para Telef\u00f3nica en diversos campos como desarrollo de la BAM, 5G, VoLTE e IPv6.\" \/>\n<meta property=\"og:url\" content=\"https:\/\/www.movistar.es\/blog\/author\/jgarciaparra\/\" \/>\n<meta property=\"og:site_name\" content=\"Movistar blog\" \/>\n<meta property=\"og:image\" content=\"https:\/\/secure.gravatar.com\/avatar\/965a514dadd2b14b0aa06bec38b44f25\" \/>\n<meta name=\"twitter:card\" content=\"summary_large_image\" \/>\n<script type=\"application\/ld+json\" class=\"yoast-schema-graph\">{\"@context\":\"https:\/\/schema.org\",\"@graph\":[{\"@type\":\"ProfilePage\",\"@id\":\"https:\/\/www.movistar.es\/blog\/author\/jgarciaparra\/\",\"url\":\"https:\/\/www.movistar.es\/blog\/author\/jgarciaparra\/\",\"name\":\"Javier Garc\u00eda Parra\",\"isPartOf\":{\"@id\":\"https:\/\/www.movistar.es\/blog\/#website\"},\"description\":\"Ingeniero de Telecomunicaciones por la UPM. Desde hace m\u00e1s de 25 a\u00f1os trabajo como jefe de proyecto para Telef\u00f3nica en diversos campos como desarrollo de la BAM, 5G, VoLTE e IPv6.\",\"breadcrumb\":{\"@id\":\"https:\/\/www.movistar.es\/blog\/author\/jgarciaparra\/#breadcrumb\"},\"inLanguage\":\"es\",\"potentialAction\":[{\"@type\":\"ReadAction\",\"target\":[\"https:\/\/www.movistar.es\/blog\/author\/jgarciaparra\/\"]}]},{\"@type\":\"BreadcrumbList\",\"@id\":\"https:\/\/www.movistar.es\/blog\/author\/jgarciaparra\/#breadcrumb\",\"itemListElement\":[{\"@type\":\"ListItem\",\"position\":1,\"name\":\"Home\",\"item\":\"https:\/\/www.movistar.es\/blog\/\"},{\"@type\":\"ListItem\",\"position\":2,\"name\":\"Archives for Javier Garc\u00eda Parra\"}]},{\"@type\":\"WebSite\",\"@id\":\"https:\/\/www.movistar.es\/blog\/#website\",\"url\":\"https:\/\/www.movistar.es\/blog\/\",\"name\":\"Movistar blog\",\"description\":\"Movistar Blog. Informaci\u00f3n y m\u00e1s sobre los productos y servicios de Movistar\",\"publisher\":{\"@id\":\"https:\/\/www.movistar.es\/blog\/#organization\"},\"potentialAction\":[{\"@type\":\"SearchAction\",\"target\":{\"@type\":\"EntryPoint\",\"urlTemplate\":\"https:\/\/www.movistar.es\/blog\/?s={search_term_string}\"},\"query-input\":{\"@type\":\"PropertyValueSpecification\",\"valueRequired\":true,\"valueName\":\"search_term_string\"}}],\"inLanguage\":\"es\"},{\"@type\":\"Organization\",\"@id\":\"https:\/\/www.movistar.es\/blog\/#organization\",\"name\":\"Movistar blog\",\"url\":\"https:\/\/www.movistar.es\/blog\/\",\"logo\":{\"@type\":\"ImageObject\",\"inLanguage\":\"es\",\"@id\":\"https:\/\/www.movistar.es\/blog\/#\/schema\/logo\/image\/\",\"url\":\"https:\/\/www.movistar.es\/blog\/wp-content\/uploads\/sites\/3\/2022\/05\/logo_movistar-1.svg\",\"contentUrl\":\"https:\/\/www.movistar.es\/blog\/wp-content\/uploads\/sites\/3\/2022\/05\/logo_movistar-1.svg\",\"width\":369,\"height\":272,\"caption\":\"Movistar blog\"},\"image\":{\"@id\":\"https:\/\/www.movistar.es\/blog\/#\/schema\/logo\/image\/\"}},{\"@type\":\"Person\",\"@id\":\"https:\/\/www.movistar.es\/blog\/#\/schema\/person\/53d72b11ca739ca26e7eba122d3a9968\",\"name\":\"Javier Garc\u00eda Parra\",\"image\":{\"@type\":\"ImageObject\",\"inLanguage\":\"es\",\"@id\":\"https:\/\/www.movistar.es\/blog\/#\/schema\/person\/image\/9fb19f37b12093956adbbda0782407e3\",\"url\":\"https:\/\/secure.gravatar.com\/avatar\/cadcb913a98dc6f9cbb5ceafcf7f043dccf8895012fcdaee268ab0433c974638\",\"contentUrl\":\"https:\/\/secure.gravatar.com\/avatar\/cadcb913a98dc6f9cbb5ceafcf7f043dccf8895012fcdaee268ab0433c974638\",\"caption\":\"Javier Garc\u00eda Parra\"},\"description\":\"Ingeniero de Telecomunicaciones por la UPM. Desde hace m\u00e1s de 25 a\u00f1os trabajo como jefe de proyecto para Telef\u00f3nica en diversos campos como desarrollo de la BAM, 5G, VoLTE e IPv6.\",\"sameAs\":[\"https:\/\/www.linkedin.com\/in\/javier-garcia-parra-19b60b84\/\"],\"knowsAbout\":[\"BAM\",\"5G\",\"VoLTE\",\"IPv6\"],\"mainEntityOfPage\":{\"@id\":\"https:\/\/www.movistar.es\/blog\/author\/jgarciaparra\/\"}}]}<\/script>\n<!-- \/ Yoast SEO Premium plugin. -->","yoast_head_json":{"title":"Javier Garc\u00eda Parra","description":"Ingeniero de Telecomunicaciones por la UPM. Desde hace m\u00e1s de 25 a\u00f1os trabajo como jefe de proyecto para Telef\u00f3nica en diversos campos como desarrollo de la BAM, 5G, VoLTE e IPv6.","robots":{"index":"noindex","follow":"follow"},"og_locale":"es_ES","og_type":"profile","og_title":"Javier Garc\u00eda Parra","og_description":"Ingeniero de Telecomunicaciones por la UPM. Desde hace m\u00e1s de 25 a\u00f1os trabajo como jefe de proyecto para Telef\u00f3nica en diversos campos como desarrollo de la BAM, 5G, VoLTE e IPv6.","og_url":"https:\/\/www.movistar.es\/blog\/author\/jgarciaparra\/","og_site_name":"Movistar blog","og_image":[{"url":"https:\/\/secure.gravatar.com\/avatar\/965a514dadd2b14b0aa06bec38b44f25","type":"","width":"","height":""}],"twitter_card":"summary_large_image","schema":{"@context":"https:\/\/schema.org","@graph":[{"@type":"ProfilePage","@id":"https:\/\/www.movistar.es\/blog\/author\/jgarciaparra\/","url":"https:\/\/www.movistar.es\/blog\/author\/jgarciaparra\/","name":"Javier Garc\u00eda Parra","isPartOf":{"@id":"https:\/\/www.movistar.es\/blog\/#website"},"description":"Ingeniero de Telecomunicaciones por la UPM. Desde hace m\u00e1s de 25 a\u00f1os trabajo como jefe de proyecto para Telef\u00f3nica en diversos campos como desarrollo de la BAM, 5G, VoLTE e IPv6.","breadcrumb":{"@id":"https:\/\/www.movistar.es\/blog\/author\/jgarciaparra\/#breadcrumb"},"inLanguage":"es","potentialAction":[{"@type":"ReadAction","target":["https:\/\/www.movistar.es\/blog\/author\/jgarciaparra\/"]}]},{"@type":"BreadcrumbList","@id":"https:\/\/www.movistar.es\/blog\/author\/jgarciaparra\/#breadcrumb","itemListElement":[{"@type":"ListItem","position":1,"name":"Home","item":"https:\/\/www.movistar.es\/blog\/"},{"@type":"ListItem","position":2,"name":"Archives for Javier Garc\u00eda Parra"}]},{"@type":"WebSite","@id":"https:\/\/www.movistar.es\/blog\/#website","url":"https:\/\/www.movistar.es\/blog\/","name":"Movistar blog","description":"Movistar Blog. Informaci\u00f3n y m\u00e1s sobre los productos y servicios de Movistar","publisher":{"@id":"https:\/\/www.movistar.es\/blog\/#organization"},"potentialAction":[{"@type":"SearchAction","target":{"@type":"EntryPoint","urlTemplate":"https:\/\/www.movistar.es\/blog\/?s={search_term_string}"},"query-input":{"@type":"PropertyValueSpecification","valueRequired":true,"valueName":"search_term_string"}}],"inLanguage":"es"},{"@type":"Organization","@id":"https:\/\/www.movistar.es\/blog\/#organization","name":"Movistar blog","url":"https:\/\/www.movistar.es\/blog\/","logo":{"@type":"ImageObject","inLanguage":"es","@id":"https:\/\/www.movistar.es\/blog\/#\/schema\/logo\/image\/","url":"https:\/\/www.movistar.es\/blog\/wp-content\/uploads\/sites\/3\/2022\/05\/logo_movistar-1.svg","contentUrl":"https:\/\/www.movistar.es\/blog\/wp-content\/uploads\/sites\/3\/2022\/05\/logo_movistar-1.svg","width":369,"height":272,"caption":"Movistar blog"},"image":{"@id":"https:\/\/www.movistar.es\/blog\/#\/schema\/logo\/image\/"}},{"@type":"Person","@id":"https:\/\/www.movistar.es\/blog\/#\/schema\/person\/53d72b11ca739ca26e7eba122d3a9968","name":"Javier Garc\u00eda Parra","image":{"@type":"ImageObject","inLanguage":"es","@id":"https:\/\/www.movistar.es\/blog\/#\/schema\/person\/image\/9fb19f37b12093956adbbda0782407e3","url":"https:\/\/secure.gravatar.com\/avatar\/cadcb913a98dc6f9cbb5ceafcf7f043dccf8895012fcdaee268ab0433c974638","contentUrl":"https:\/\/secure.gravatar.com\/avatar\/cadcb913a98dc6f9cbb5ceafcf7f043dccf8895012fcdaee268ab0433c974638","caption":"Javier Garc\u00eda Parra"},"description":"Ingeniero de Telecomunicaciones por la UPM. Desde hace m\u00e1s de 25 a\u00f1os trabajo como jefe de proyecto para Telef\u00f3nica en diversos campos como desarrollo de la BAM, 5G, VoLTE e IPv6.","sameAs":["https:\/\/www.linkedin.com\/in\/javier-garcia-parra-19b60b84\/"],"knowsAbout":["BAM","5G","VoLTE","IPv6"],"mainEntityOfPage":{"@id":"https:\/\/www.movistar.es\/blog\/author\/jgarciaparra\/"}}]}},"_links":{"self":[{"href":"https:\/\/www.movistar.es\/blog\/wp-json\/wp\/v2\/users\/145","targetHints":{"allow":["GET"]}}],"collection":[{"href":"https:\/\/www.movistar.es\/blog\/wp-json\/wp\/v2\/users"}]}}