{"id":126,"name":"Dr. Fernando Tom\u00e9 Bermejo","url":"https:\/\/www.nebrija.com\/business-school\/assets\/pdf\/profesores\/fernando-tome.pdf","description":"Vicerrector de estudiantes, empleabilidad e internacionalizaci\u00f3n, actualmente imparte docencia como catedr\u00e1tico en universidades nacionales e internacionales. Doctor en econom\u00eda por ANECA, su \u00e1mbito de conocimiento es la teor\u00eda econ\u00f3mica. Escritor de art\u00edculos cient\u00edficos, colabora habitualmente en tesis doctorales y libros. Participa habitualmente en las tertulias econ\u00f3micas en radio y en los telediarios de las cadenas locales y nacionales.","link":"https:\/\/www.movistar.es\/blog\/author\/fernandotomebermejo\/","slug":"fernandotomebermejo","avatar_urls":{"24":"https:\/\/secure.gravatar.com\/avatar\/d1fff2ddafe519f295c3fdc5bdfb26a16d5dc37d58052c19713181d7c505cdc3","48":"https:\/\/secure.gravatar.com\/avatar\/d1fff2ddafe519f295c3fdc5bdfb26a16d5dc37d58052c19713181d7c505cdc3","96":"https:\/\/secure.gravatar.com\/avatar\/d1fff2ddafe519f295c3fdc5bdfb26a16d5dc37d58052c19713181d7c505cdc3"},"meta":{"jetpack_donation_warning_dismissed":false},"yoast_head":"<!-- This site is optimized with the Yoast SEO Premium plugin v25.5 (Yoast SEO v25.5) - https:\/\/yoast.com\/wordpress\/plugins\/seo\/ -->\n<title>Dr. Fernando Tom\u00e9 Bermejo<\/title>\n<meta name=\"description\" content=\"Vicerrector de estudiantes, empleabilidad e internacionalizaci\u00f3n, actualmente imparte docencia como catedr\u00e1tico en universidades nacionales e internacionales. Doctor en econom\u00eda por ANECA, su \u00e1mbito de conocimiento es la teor\u00eda econ\u00f3mica. Escritor de art\u00edculos cient\u00edficos, colabora habitualmente en tesis doctorales y libros. Participa habitualmente en las tertulias econ\u00f3micas en radio y en los telediarios de las cadenas locales y nacionales.\" \/>\n<meta name=\"robots\" content=\"noindex, follow\" \/>\n<meta property=\"og:locale\" content=\"es_ES\" \/>\n<meta property=\"og:type\" content=\"profile\" \/>\n<meta property=\"og:title\" content=\"Dr. Fernando Tom\u00e9 Bermejo\" \/>\n<meta property=\"og:description\" content=\"Vicerrector de estudiantes, empleabilidad e internacionalizaci\u00f3n, actualmente imparte docencia como catedr\u00e1tico en universidades nacionales e internacionales. Doctor en econom\u00eda por ANECA, su \u00e1mbito de conocimiento es la teor\u00eda econ\u00f3mica. Escritor de art\u00edculos cient\u00edficos, colabora habitualmente en tesis doctorales y libros. Participa habitualmente en las tertulias econ\u00f3micas en radio y en los telediarios de las cadenas locales y nacionales.\" \/>\n<meta property=\"og:url\" content=\"https:\/\/www.movistar.es\/blog\/author\/fernandotomebermejo\/\" \/>\n<meta property=\"og:site_name\" content=\"Movistar blog\" \/>\n<meta property=\"og:image\" content=\"https:\/\/secure.gravatar.com\/avatar\/1d987852c9e12c53fb2f77fece4e9d12\" \/>\n<meta name=\"twitter:card\" content=\"summary_large_image\" \/>\n<script type=\"application\/ld+json\" class=\"yoast-schema-graph\">{\"@context\":\"https:\/\/schema.org\",\"@graph\":[{\"@type\":\"ProfilePage\",\"@id\":\"https:\/\/www.movistar.es\/blog\/author\/fernandotomebermejo\/\",\"url\":\"https:\/\/www.movistar.es\/blog\/author\/fernandotomebermejo\/\",\"name\":\"Dr. Fernando Tom\u00e9 Bermejo\",\"isPartOf\":{\"@id\":\"https:\/\/www.movistar.es\/blog\/#website\"},\"description\":\"Vicerrector de estudiantes, empleabilidad e internacionalizaci\u00f3n, actualmente imparte docencia como catedr\u00e1tico en universidades nacionales e internacionales. Doctor en econom\u00eda por ANECA, su \u00e1mbito de conocimiento es la teor\u00eda econ\u00f3mica. Escritor de art\u00edculos cient\u00edficos, colabora habitualmente en tesis doctorales y libros. Participa habitualmente en las tertulias econ\u00f3micas en radio y en los telediarios de las cadenas locales y nacionales.\",\"breadcrumb\":{\"@id\":\"https:\/\/www.movistar.es\/blog\/author\/fernandotomebermejo\/#breadcrumb\"},\"inLanguage\":\"es\",\"potentialAction\":[{\"@type\":\"ReadAction\",\"target\":[\"https:\/\/www.movistar.es\/blog\/author\/fernandotomebermejo\/\"]}]},{\"@type\":\"BreadcrumbList\",\"@id\":\"https:\/\/www.movistar.es\/blog\/author\/fernandotomebermejo\/#breadcrumb\",\"itemListElement\":[{\"@type\":\"ListItem\",\"position\":1,\"name\":\"Home\",\"item\":\"https:\/\/www.movistar.es\/blog\/\"},{\"@type\":\"ListItem\",\"position\":2,\"name\":\"Archives for Dr. Fernando Tom\u00e9 Bermejo\"}]},{\"@type\":\"WebSite\",\"@id\":\"https:\/\/www.movistar.es\/blog\/#website\",\"url\":\"https:\/\/www.movistar.es\/blog\/\",\"name\":\"Movistar blog\",\"description\":\"Movistar Blog. Informaci\u00f3n y m\u00e1s sobre los productos y servicios de Movistar\",\"publisher\":{\"@id\":\"https:\/\/www.movistar.es\/blog\/#organization\"},\"potentialAction\":[{\"@type\":\"SearchAction\",\"target\":{\"@type\":\"EntryPoint\",\"urlTemplate\":\"https:\/\/www.movistar.es\/blog\/?s={search_term_string}\"},\"query-input\":{\"@type\":\"PropertyValueSpecification\",\"valueRequired\":true,\"valueName\":\"search_term_string\"}}],\"inLanguage\":\"es\"},{\"@type\":\"Organization\",\"@id\":\"https:\/\/www.movistar.es\/blog\/#organization\",\"name\":\"Movistar blog\",\"url\":\"https:\/\/www.movistar.es\/blog\/\",\"logo\":{\"@type\":\"ImageObject\",\"inLanguage\":\"es\",\"@id\":\"https:\/\/www.movistar.es\/blog\/#\/schema\/logo\/image\/\",\"url\":\"https:\/\/www.movistar.es\/blog\/wp-content\/uploads\/sites\/3\/2022\/05\/logo_movistar-1.svg\",\"contentUrl\":\"https:\/\/www.movistar.es\/blog\/wp-content\/uploads\/sites\/3\/2022\/05\/logo_movistar-1.svg\",\"width\":369,\"height\":272,\"caption\":\"Movistar blog\"},\"image\":{\"@id\":\"https:\/\/www.movistar.es\/blog\/#\/schema\/logo\/image\/\"}},{\"@type\":\"Person\",\"@id\":\"https:\/\/www.movistar.es\/blog\/#\/schema\/person\/109bf85afd95511fb43338000a06d004\",\"name\":\"Dr. Fernando Tom\u00e9 Bermejo\",\"image\":{\"@type\":\"ImageObject\",\"inLanguage\":\"es\",\"@id\":\"https:\/\/www.movistar.es\/blog\/#\/schema\/person\/image\/b9528c8a9f11cc233e1d1cef94addd19\",\"url\":\"https:\/\/secure.gravatar.com\/avatar\/d1fff2ddafe519f295c3fdc5bdfb26a16d5dc37d58052c19713181d7c505cdc3\",\"contentUrl\":\"https:\/\/secure.gravatar.com\/avatar\/d1fff2ddafe519f295c3fdc5bdfb26a16d5dc37d58052c19713181d7c505cdc3\",\"caption\":\"Dr. Fernando Tom\u00e9 Bermejo\"},\"description\":\"Vicerrector de estudiantes, empleabilidad e internacionalizaci\u00f3n, actualmente imparte docencia como catedr\u00e1tico en universidades nacionales e internacionales. Doctor en econom\u00eda por ANECA, su \u00e1mbito de conocimiento es la teor\u00eda econ\u00f3mica. Escritor de art\u00edculos cient\u00edficos, colabora habitualmente en tesis doctorales y libros. Participa habitualmente en las tertulias econ\u00f3micas en radio y en los telediarios de las cadenas locales y nacionales.\",\"sameAs\":[\"https:\/\/www.nebrija.com\/business-school\/assets\/pdf\/profesores\/fernando-tome.pdf\",\"https:\/\/www.linkedin.com\/in\/tomefernando\/\"],\"knowsAbout\":[\"econom\u00eda\",\"consumo\"],\"mainEntityOfPage\":{\"@id\":\"https:\/\/www.movistar.es\/blog\/author\/fernandotomebermejo\/\"}}]}<\/script>\n<!-- \/ Yoast SEO Premium plugin. -->","yoast_head_json":{"title":"Dr. Fernando Tom\u00e9 Bermejo","description":"Vicerrector de estudiantes, empleabilidad e internacionalizaci\u00f3n, actualmente imparte docencia como catedr\u00e1tico en universidades nacionales e internacionales. Doctor en econom\u00eda por ANECA, su \u00e1mbito de conocimiento es la teor\u00eda econ\u00f3mica. Escritor de art\u00edculos cient\u00edficos, colabora habitualmente en tesis doctorales y libros. Participa habitualmente en las tertulias econ\u00f3micas en radio y en los telediarios de las cadenas locales y nacionales.","robots":{"index":"noindex","follow":"follow"},"og_locale":"es_ES","og_type":"profile","og_title":"Dr. Fernando Tom\u00e9 Bermejo","og_description":"Vicerrector de estudiantes, empleabilidad e internacionalizaci\u00f3n, actualmente imparte docencia como catedr\u00e1tico en universidades nacionales e internacionales. Doctor en econom\u00eda por ANECA, su \u00e1mbito de conocimiento es la teor\u00eda econ\u00f3mica. Escritor de art\u00edculos cient\u00edficos, colabora habitualmente en tesis doctorales y libros. Participa habitualmente en las tertulias econ\u00f3micas en radio y en los telediarios de las cadenas locales y nacionales.","og_url":"https:\/\/www.movistar.es\/blog\/author\/fernandotomebermejo\/","og_site_name":"Movistar blog","og_image":[{"url":"https:\/\/secure.gravatar.com\/avatar\/1d987852c9e12c53fb2f77fece4e9d12","type":"","width":"","height":""}],"twitter_card":"summary_large_image","schema":{"@context":"https:\/\/schema.org","@graph":[{"@type":"ProfilePage","@id":"https:\/\/www.movistar.es\/blog\/author\/fernandotomebermejo\/","url":"https:\/\/www.movistar.es\/blog\/author\/fernandotomebermejo\/","name":"Dr. Fernando Tom\u00e9 Bermejo","isPartOf":{"@id":"https:\/\/www.movistar.es\/blog\/#website"},"description":"Vicerrector de estudiantes, empleabilidad e internacionalizaci\u00f3n, actualmente imparte docencia como catedr\u00e1tico en universidades nacionales e internacionales. Doctor en econom\u00eda por ANECA, su \u00e1mbito de conocimiento es la teor\u00eda econ\u00f3mica. Escritor de art\u00edculos cient\u00edficos, colabora habitualmente en tesis doctorales y libros. Participa habitualmente en las tertulias econ\u00f3micas en radio y en los telediarios de las cadenas locales y nacionales.","breadcrumb":{"@id":"https:\/\/www.movistar.es\/blog\/author\/fernandotomebermejo\/#breadcrumb"},"inLanguage":"es","potentialAction":[{"@type":"ReadAction","target":["https:\/\/www.movistar.es\/blog\/author\/fernandotomebermejo\/"]}]},{"@type":"BreadcrumbList","@id":"https:\/\/www.movistar.es\/blog\/author\/fernandotomebermejo\/#breadcrumb","itemListElement":[{"@type":"ListItem","position":1,"name":"Home","item":"https:\/\/www.movistar.es\/blog\/"},{"@type":"ListItem","position":2,"name":"Archives for Dr. Fernando Tom\u00e9 Bermejo"}]},{"@type":"WebSite","@id":"https:\/\/www.movistar.es\/blog\/#website","url":"https:\/\/www.movistar.es\/blog\/","name":"Movistar blog","description":"Movistar Blog. Informaci\u00f3n y m\u00e1s sobre los productos y servicios de Movistar","publisher":{"@id":"https:\/\/www.movistar.es\/blog\/#organization"},"potentialAction":[{"@type":"SearchAction","target":{"@type":"EntryPoint","urlTemplate":"https:\/\/www.movistar.es\/blog\/?s={search_term_string}"},"query-input":{"@type":"PropertyValueSpecification","valueRequired":true,"valueName":"search_term_string"}}],"inLanguage":"es"},{"@type":"Organization","@id":"https:\/\/www.movistar.es\/blog\/#organization","name":"Movistar blog","url":"https:\/\/www.movistar.es\/blog\/","logo":{"@type":"ImageObject","inLanguage":"es","@id":"https:\/\/www.movistar.es\/blog\/#\/schema\/logo\/image\/","url":"https:\/\/www.movistar.es\/blog\/wp-content\/uploads\/sites\/3\/2022\/05\/logo_movistar-1.svg","contentUrl":"https:\/\/www.movistar.es\/blog\/wp-content\/uploads\/sites\/3\/2022\/05\/logo_movistar-1.svg","width":369,"height":272,"caption":"Movistar blog"},"image":{"@id":"https:\/\/www.movistar.es\/blog\/#\/schema\/logo\/image\/"}},{"@type":"Person","@id":"https:\/\/www.movistar.es\/blog\/#\/schema\/person\/109bf85afd95511fb43338000a06d004","name":"Dr. Fernando Tom\u00e9 Bermejo","image":{"@type":"ImageObject","inLanguage":"es","@id":"https:\/\/www.movistar.es\/blog\/#\/schema\/person\/image\/b9528c8a9f11cc233e1d1cef94addd19","url":"https:\/\/secure.gravatar.com\/avatar\/d1fff2ddafe519f295c3fdc5bdfb26a16d5dc37d58052c19713181d7c505cdc3","contentUrl":"https:\/\/secure.gravatar.com\/avatar\/d1fff2ddafe519f295c3fdc5bdfb26a16d5dc37d58052c19713181d7c505cdc3","caption":"Dr. Fernando Tom\u00e9 Bermejo"},"description":"Vicerrector de estudiantes, empleabilidad e internacionalizaci\u00f3n, actualmente imparte docencia como catedr\u00e1tico en universidades nacionales e internacionales. Doctor en econom\u00eda por ANECA, su \u00e1mbito de conocimiento es la teor\u00eda econ\u00f3mica. Escritor de art\u00edculos cient\u00edficos, colabora habitualmente en tesis doctorales y libros. Participa habitualmente en las tertulias econ\u00f3micas en radio y en los telediarios de las cadenas locales y nacionales.","sameAs":["https:\/\/www.nebrija.com\/business-school\/assets\/pdf\/profesores\/fernando-tome.pdf","https:\/\/www.linkedin.com\/in\/tomefernando\/"],"knowsAbout":["econom\u00eda","consumo"],"mainEntityOfPage":{"@id":"https:\/\/www.movistar.es\/blog\/author\/fernandotomebermejo\/"}}]}},"_links":{"self":[{"href":"https:\/\/www.movistar.es\/blog\/wp-json\/wp\/v2\/users\/126","targetHints":{"allow":["GET"]}}],"collection":[{"href":"https:\/\/www.movistar.es\/blog\/wp-json\/wp\/v2\/users"}]}}