{"id":9540,"date":"2022-12-16T13:53:00","date_gmt":"2022-12-16T12:53:00","guid":{"rendered":"https:\/\/www.movistar.es\/blog\/?p=9540"},"modified":"2022-12-01T13:55:56","modified_gmt":"2022-12-01T12:55:56","slug":"descarga-pecados-nuestros-padres-asa-larsson","status":"publish","type":"post","link":"https:\/\/www.movistar.es\/blog\/ebooks-audiolibros\/descarga-pecados-nuestros-padres-asa-larsson\/","title":{"rendered":"Descarga &#8216;Los pecados de nuestros padres&#8217; de \u00c5sa Larsson, con Movistar"},"content":{"rendered":"\n<p>Con &#8216;Los pecados de nuestros padres&#8217;, la reina del noir n\u00f3rdico \u00c5sa Larsson regresa al thriller n\u00f3rdico. La tienes para su <a href=\"https:\/\/nextory.movistar.es\/?pid=blogmovistar_ebooksyaudiolibros_9540\" target=\"_blank\" rel=\"noreferrer noopener nofollow\">decarga en formato ebook y audiolibro en Movistar Nextory<\/a>. El libro ha sido galardonado como la mejor novela negra del a\u00f1o por parte de la Academia Sueca.<\/p>\n\n\n\n<blockquote class=\"wp-block-quote has-text-align-center is-layout-flow wp-block-quote-is-layout-flow\"><p>Su lectura es puro placer. No quieres que acabe nunca.<\/p><cite><a href=\"https:\/\/www.socialpolitik.de\/en\" target=\"_blank\" rel=\"noreferrer noopener nofollow\">Socialpolitik<\/a><\/cite><\/blockquote>\n\n\n\n<p>Y es que \u00c5sa Larsson regresa en plena forma, con la historia de Lars Pohjanen. Un pat\u00f3logo forense al que le quedan pocas semanas de vida. Pohjanen pide a Rebecka Martinsson, la protagonista, que investigue un asesinato. Se trata de un hecho ocurrido hace nada menos que sesenta a\u00f1os. El padre de un famoso boxeador, fallecido y desaparecido en 1962, es descubierto en el congelador de un alcoh\u00f3lico hallado muerto.<\/p>\n\n\n\n<figure class=\"wp-block-image size-large\"><img loading=\"lazy\" decoding=\"async\" height=\"1024\" width=\"1024\" src=\"https:\/\/www.movistar.es\/blog\/wp-content\/uploads\/sites\/3\/2022\/12\/asa-larsson-pecados-nuestros-padres_1080x1080.jpg?w=1024\" alt=\"Pecados de nuestros padres, Asa Larsson\" class=\"wp-image-9542\" title=\"Pecados de nuestros padres, Asa Larsson\" srcset=\"https:\/\/www.movistar.es\/blog\/wp-content\/uploads\/sites\/3\/2022\/12\/asa-larsson-pecados-nuestros-padres_1080x1080.jpg 1080w, https:\/\/www.movistar.es\/blog\/wp-content\/uploads\/sites\/3\/2022\/12\/asa-larsson-pecados-nuestros-padres_1080x1080.jpg?resize=150,150 150w, https:\/\/www.movistar.es\/blog\/wp-content\/uploads\/sites\/3\/2022\/12\/asa-larsson-pecados-nuestros-padres_1080x1080.jpg?resize=300,300 300w, https:\/\/www.movistar.es\/blog\/wp-content\/uploads\/sites\/3\/2022\/12\/asa-larsson-pecados-nuestros-padres_1080x1080.jpg?resize=768,768 768w, https:\/\/www.movistar.es\/blog\/wp-content\/uploads\/sites\/3\/2022\/12\/asa-larsson-pecados-nuestros-padres_1080x1080.jpg?resize=1024,1024 1024w\" sizes=\"auto, (max-width: 1024px) 100vw, 1024px\" \/><\/figure>\n\n\n\n<h2 class=\"wp-block-heading\" id=\"h-en-los-pecados-de-nuestros-padres-rebecka-se-involucra-en-un-caso-que-no-deberia\">En &#8216;Los pecados de nuestros padres&#8217;, Rebecka se involucra en un caso que no deber\u00eda<\/h2>\n\n\n\n<p>Rebecka acepta involucrarse en el caso aunque sabe que est\u00e1 ocultando una conexi\u00f3n personal con \u00e9l. A\u00fan as\u00ed, sus pesquisas le llevar\u00e1n hasta el \u201cRey del Ar\u00e1ndano Rojo\u201d, quien fuera capo del crimen organizado en la regi\u00f3n durante d\u00e9cadas.<br>Un crimen organizado cuyos tent\u00e1culos siguen apoder\u00e1ndose lentamente de <a href=\"https:\/\/es.wikipedia.org\/wiki\/Kiruna\" target=\"_blank\" rel=\"noreferrer noopener nofollow\">Kiruna<\/a>. Una ciudad que est\u00e1 siendo demolida y trasladada a unos kil\u00f3metros para dar cabida a la mina.<br>La mina aparece como un personaje m\u00e1s de &#8216;Los pecados de nuestros padres&#8217; que devora a la poblaci\u00f3n desde abajo y que la expone a intereses dudosos.<\/p>\n\n\n\n<figure class=\"wp-block-embed is-type-video is-provider-youtube wp-block-embed-youtube wp-embed-aspect-16-9 wp-has-aspect-ratio\"><div class=\"wp-block-embed__wrapper\">\n<div class=\"wp-block-embed__wrapper\"><div class=\"ast-oembed-container \" style=\"height: 100%;\"><iframe loading=\"lazy\" title=\"&quot;Los pecados de nuestros padres&quot;, de \u00c5sa Larsson\" width=\"1040\" height=\"585\" src=\"https:\/\/www.youtube.com\/embed\/SWptWQZI8RU?feature=oembed\" frameborder=\"0\" allow=\"accelerometer; autoplay; clipboard-write; encrypted-media; gyroscope; picture-in-picture; web-share\" referrerpolicy=\"strict-origin-when-cross-origin\" allowfullscreen><\/iframe><\/div><\/div>\n<\/div><\/figure>\n\n\n\n<p><a href=\"https:\/\/www.instagram.com\/forfattarasa\/?hl=es\" target=\"_blank\" rel=\"noreferrer noopener\">\u00c5sa Larsson<\/a>, naci\u00f3 en la misma Kiruna en 1966. All\u00ed pas\u00f3 su infancia y juventud. Es una de las autoras de novela negra m\u00e1s reconocidas por los lectores de todo el mundo. Con regresa a la ficci\u00f3n con &#8216;Los pecados de nuestros padres&#8217;, una novela de una fuerza y una tensi\u00f3n implacables. Al igual que su personaje, \u00c5sa Larsson estudio Derecho en Upsala y durante un tiempo ejerci\u00f3 como abogada fiscal.<\/p>\n\n\n\n<blockquote class=\"wp-block-quote has-text-align-center is-layout-flow wp-block-quote-is-layout-flow\"><p>&#8216;Los pecados de nuestros padres&#8217;ha recibido el Premio a la mejor novela de suspense de Adlibris, el Premio a la mejor novela policiaca de los Storytel Awards y el Premio a la mejor novela negra del a\u00f1o de la Academia Sueca.<\/p><\/blockquote>\n\n\n\n<h2 class=\"wp-block-heading\" id=\"h-asa-larsson-ha-tenido-un-exito-unanime-en-todo-el-mundo\">\u00c5sa Larsson ha tenido un \u00e9xito un\u00e1nime en todo el mundo<\/h2>\n\n\n\n<p>Sus libros han tenido un \u00e9xito un\u00e1nime en todo el mundo. &#8216;Aurora boreal&#8217; (Seix Barral, 2009), &#8216;Sangre derramada&#8217; (Seix Barral, 2010), galardonada con el Premio de la Academia Sueca a la mejor novela negra; &#8216;La senda oscura&#8217; (Seix Barral, 2011), &#8216;Cuando pase tu ira&#8217; (Seix Barral, 2012), &#8216;Sacrificio a M\u00f3lek&#8217; (Seix Barral, 2013). Todos ellos han obtenido el elogio de la cr\u00edtica y han sido publicados en m\u00e1s de veinte pa\u00edses.<\/p>\n\n\n\n<p>\u00c5sa Larsson ha sido tambi\u00e9n galardonada con la Pluma de Plata de la Feria del Libro de Bilbao.<\/p>\n\n\n\n<p>&#8216;Los pecados de nuestros padres&#8217; ha recibido premios destacados y aunque puede que le sobren algunas p\u00e1ginas, su lectura no deja de ser recomendable. La tienes disponible para disfrutarla cuando quieras en <a href=\"https:\/\/nextory.movistar.es\/?pid=blogmovistar_ebooksyaudiolibros_9540\" target=\"_blank\" rel=\"noreferrer noopener nofollow\">Movistar Nextory, en formato ebook y audiolibro<\/a>.<\/p>\n","protected":false},"excerpt":{"rendered":"<p>Con &#8216;Los pecados de nuestros padres&#8217;, la reina del noir n\u00f3rdico \u00c5sa Larsson regresa al thriller n\u00f3rdico. La tienes para su decarga en formato ebook y audiolibro en Movistar Nextory. El libro ha sido galardonado [&hellip;]<\/p>\n","protected":false},"author":93,"featured_media":9554,"comment_status":"closed","ping_status":"closed","sticky":false,"template":"","format":"standard","meta":{"site-sidebar-layout":"default","site-content-layout":"","ast-site-content-layout":"","site-content-style":"default","site-sidebar-style":"default","ast-global-header-display":"","ast-banner-title-visibility":"","ast-main-header-display":"","ast-hfb-above-header-display":"","ast-hfb-below-header-display":"","ast-hfb-mobile-header-display":"","site-post-title":"","ast-breadcrumbs-content":"","ast-featured-img":"","footer-sml-layout":"","theme-transparent-header-meta":"","adv-header-id-meta":"","stick-header-meta":"","header-above-stick-meta":"","header-main-stick-meta":"","header-below-stick-meta":"","astra-migrate-meta-layouts":"default","ast-page-background-enabled":"default","ast-page-background-meta":{"desktop":{"background-color":"var(--ast-global-color-4)","background-image":"","background-repeat":"repeat","background-position":"center center","background-size":"auto","background-attachment":"scroll","background-type":"","background-media":"","overlay-type":"","overlay-color":"","overlay-opacity":"","overlay-gradient":""},"tablet":{"background-color":"","background-image":"","background-repeat":"repeat","background-position":"center center","background-size":"auto","background-attachment":"scroll","background-type":"","background-media":"","overlay-type":"","overlay-color":"","overlay-opacity":"","overlay-gradient":""},"mobile":{"background-color":"","background-image":"","background-repeat":"repeat","background-position":"center center","background-size":"auto","background-attachment":"scroll","background-type":"","background-media":"","overlay-type":"","overlay-color":"","overlay-opacity":"","overlay-gradient":""}},"ast-content-background-meta":{"desktop":{"background-color":"var(--ast-global-color-5)","background-image":"","background-repeat":"repeat","background-position":"center center","background-size":"auto","background-attachment":"scroll","background-type":"","background-media":"","overlay-type":"","overlay-color":"","overlay-opacity":"","overlay-gradient":""},"tablet":{"background-color":"var(--ast-global-color-5)","background-image":"","background-repeat":"repeat","background-position":"center center","background-size":"auto","background-attachment":"scroll","background-type":"","background-media":"","overlay-type":"","overlay-color":"","overlay-opacity":"","overlay-gradient":""},"mobile":{"background-color":"var(--ast-global-color-5)","background-image":"","background-repeat":"repeat","background-position":"center center","background-size":"auto","background-attachment":"scroll","background-type":"","background-media":"","overlay-type":"","overlay-color":"","overlay-opacity":"","overlay-gradient":""}},"_jetpack_memberships_contains_paid_content":false,"footnotes":""},"categories":[1],"tags":[],"area":[190],"cluster":[405],"linea_editorial":[],"coauthors":[467],"class_list":["post-9540","post","type-post","status-publish","format-standard","has-post-thumbnail","hentry","category-sin-categoria","area-content-movistar","cluster-ebooks-audiolibros"],"yoast_head":"<!-- This site is optimized with the Yoast SEO Premium plugin v25.5 (Yoast SEO v25.5) - https:\/\/yoast.com\/wordpress\/plugins\/seo\/ -->\n<title>Descarga &#039;Pecados de nuestros padres&#039; de Asa Larsson con Movistar<\/title>\n<meta name=\"description\" content=\"Con &#039;Los pecados de nuestros padres&#039;, \u00c5sa Larsson regresa con la mejor novela negra del a\u00f1o. Desc\u00e1rgala ya en Movistar Nextory.\" \/>\n<meta name=\"robots\" content=\"index, follow, max-snippet:-1, max-image-preview:large, max-video-preview:-1\" \/>\n<link rel=\"canonical\" href=\"https:\/\/www.movistar.es\/blog\/ebooks-audiolibros\/descarga-pecados-nuestros-padres-asa-larsson\/\" \/>\n<meta property=\"og:locale\" content=\"es_ES\" \/>\n<meta property=\"og:type\" content=\"article\" \/>\n<meta property=\"og:title\" content=\"Descarga &#039;Los pecados de nuestros padres&#039; de \u00c5sa Larsson, con Movistar\" \/>\n<meta property=\"og:description\" content=\"Con &#039;Los pecados de nuestros padres&#039;, \u00c5sa Larsson regresa con la mejor novela negra del a\u00f1o. Desc\u00e1rgala ya en Movistar Nextory.\" \/>\n<meta property=\"og:url\" content=\"https:\/\/www.movistar.es\/blog\/ebooks-audiolibros\/descarga-pecados-nuestros-padres-asa-larsson\/\" \/>\n<meta property=\"og:site_name\" content=\"Movistar blog\" \/>\n<meta property=\"article:author\" content=\"movistar.es\/\" \/>\n<meta property=\"article:published_time\" content=\"2022-12-16T12:53:00+00:00\" \/>\n<meta property=\"og:image\" content=\"https:\/\/www.movistar.es\/blog\/wp-content\/uploads\/sites\/3\/2022\/12\/pecados-de-nuestros-padres-assa-larson_1040x650-v2.jpg\" \/>\n\t<meta property=\"og:image:width\" content=\"1040\" \/>\n\t<meta property=\"og:image:height\" content=\"650\" \/>\n\t<meta property=\"og:image:type\" content=\"image\/jpeg\" \/>\n<meta name=\"author\" content=\"Equipo de Redacci\u00f3n\" \/>\n<meta name=\"twitter:card\" content=\"summary_large_image\" \/>\n<meta name=\"twitter:creator\" content=\"@movistar_es\" \/>\n<meta name=\"twitter:label1\" content=\"Written by\" \/>\n\t<meta name=\"twitter:data1\" content=\"Equipo de Redacci\u00f3n\" \/>\n\t<meta name=\"twitter:label2\" content=\"Est. reading time\" \/>\n\t<meta name=\"twitter:data2\" content=\"3 minutos\" \/>\n<script type=\"application\/ld+json\" class=\"yoast-schema-graph\">{\"@context\":\"https:\/\/schema.org\",\"@graph\":[{\"@type\":\"Article\",\"@id\":\"https:\/\/www.movistar.es\/blog\/ebooks-audiolibros\/descarga-pecados-nuestros-padres-asa-larsson\/#article\",\"isPartOf\":{\"@id\":\"https:\/\/www.movistar.es\/blog\/ebooks-audiolibros\/descarga-pecados-nuestros-padres-asa-larsson\/\"},\"author\":{\"name\":\"Equipo de Redacci\u00f3n\",\"@id\":\"https:\/\/www.movistar.es\/blog\/#\/schema\/person\/6184006f5def4638e52e2d0ff98bd55a\"},\"headline\":\"Descarga &#8216;Los pecados de nuestros padres&#8217; de \u00c5sa Larsson, con Movistar\",\"datePublished\":\"2022-12-16T12:53:00+00:00\",\"mainEntityOfPage\":{\"@id\":\"https:\/\/www.movistar.es\/blog\/ebooks-audiolibros\/descarga-pecados-nuestros-padres-asa-larsson\/\"},\"wordCount\":528,\"publisher\":{\"@id\":\"https:\/\/www.movistar.es\/blog\/#organization\"},\"image\":{\"@id\":\"https:\/\/www.movistar.es\/blog\/ebooks-audiolibros\/descarga-pecados-nuestros-padres-asa-larsson\/#primaryimage\"},\"thumbnailUrl\":\"https:\/\/www.movistar.es\/blog\/wp-content\/uploads\/sites\/3\/2022\/12\/pecados-de-nuestros-padres-assa-larson_1040x650-v2.jpg\",\"inLanguage\":\"es\"},{\"@type\":\"WebPage\",\"@id\":\"https:\/\/www.movistar.es\/blog\/ebooks-audiolibros\/descarga-pecados-nuestros-padres-asa-larsson\/\",\"url\":\"https:\/\/www.movistar.es\/blog\/ebooks-audiolibros\/descarga-pecados-nuestros-padres-asa-larsson\/\",\"name\":\"Descarga 'Pecados de nuestros padres' de Asa Larsson con Movistar\",\"isPartOf\":{\"@id\":\"https:\/\/www.movistar.es\/blog\/#website\"},\"primaryImageOfPage\":{\"@id\":\"https:\/\/www.movistar.es\/blog\/ebooks-audiolibros\/descarga-pecados-nuestros-padres-asa-larsson\/#primaryimage\"},\"image\":{\"@id\":\"https:\/\/www.movistar.es\/blog\/ebooks-audiolibros\/descarga-pecados-nuestros-padres-asa-larsson\/#primaryimage\"},\"thumbnailUrl\":\"https:\/\/www.movistar.es\/blog\/wp-content\/uploads\/sites\/3\/2022\/12\/pecados-de-nuestros-padres-assa-larson_1040x650-v2.jpg\",\"datePublished\":\"2022-12-16T12:53:00+00:00\",\"description\":\"Con 'Los pecados de nuestros padres', \u00c5sa Larsson regresa con la mejor novela negra del a\u00f1o. Desc\u00e1rgala ya en Movistar Nextory.\",\"breadcrumb\":{\"@id\":\"https:\/\/www.movistar.es\/blog\/ebooks-audiolibros\/descarga-pecados-nuestros-padres-asa-larsson\/#breadcrumb\"},\"inLanguage\":\"es\",\"potentialAction\":[{\"@type\":\"ReadAction\",\"target\":[\"https:\/\/www.movistar.es\/blog\/ebooks-audiolibros\/descarga-pecados-nuestros-padres-asa-larsson\/\"]}]},{\"@type\":\"ImageObject\",\"inLanguage\":\"es\",\"@id\":\"https:\/\/www.movistar.es\/blog\/ebooks-audiolibros\/descarga-pecados-nuestros-padres-asa-larsson\/#primaryimage\",\"url\":\"https:\/\/www.movistar.es\/blog\/wp-content\/uploads\/sites\/3\/2022\/12\/pecados-de-nuestros-padres-assa-larson_1040x650-v2.jpg\",\"contentUrl\":\"https:\/\/www.movistar.es\/blog\/wp-content\/uploads\/sites\/3\/2022\/12\/pecados-de-nuestros-padres-assa-larson_1040x650-v2.jpg\",\"width\":1040,\"height\":650,\"caption\":\"\u00c5sa Larsson, los pecados de nuestros padres\"},{\"@type\":\"BreadcrumbList\",\"@id\":\"https:\/\/www.movistar.es\/blog\/ebooks-audiolibros\/descarga-pecados-nuestros-padres-asa-larsson\/#breadcrumb\",\"itemListElement\":[{\"@type\":\"ListItem\",\"position\":1,\"name\":\"Home\",\"item\":\"https:\/\/www.movistar.es\/blog\/\"},{\"@type\":\"ListItem\",\"position\":2,\"name\":\"Descarga &#8216;Los pecados de nuestros padres&#8217; de \u00c5sa Larsson, con Movistar\"}]},{\"@type\":\"WebSite\",\"@id\":\"https:\/\/www.movistar.es\/blog\/#website\",\"url\":\"https:\/\/www.movistar.es\/blog\/\",\"name\":\"Movistar blog\",\"description\":\"Movistar Blog. Informaci\u00f3n y m\u00e1s sobre los productos y servicios de Movistar\",\"publisher\":{\"@id\":\"https:\/\/www.movistar.es\/blog\/#organization\"},\"potentialAction\":[{\"@type\":\"SearchAction\",\"target\":{\"@type\":\"EntryPoint\",\"urlTemplate\":\"https:\/\/www.movistar.es\/blog\/?s={search_term_string}\"},\"query-input\":{\"@type\":\"PropertyValueSpecification\",\"valueRequired\":true,\"valueName\":\"search_term_string\"}}],\"inLanguage\":\"es\"},{\"@type\":\"Organization\",\"@id\":\"https:\/\/www.movistar.es\/blog\/#organization\",\"name\":\"Movistar blog\",\"url\":\"https:\/\/www.movistar.es\/blog\/\",\"logo\":{\"@type\":\"ImageObject\",\"inLanguage\":\"es\",\"@id\":\"https:\/\/www.movistar.es\/blog\/#\/schema\/logo\/image\/\",\"url\":\"https:\/\/www.movistar.es\/blog\/wp-content\/uploads\/sites\/3\/2022\/05\/logo_movistar-1.svg\",\"contentUrl\":\"https:\/\/www.movistar.es\/blog\/wp-content\/uploads\/sites\/3\/2022\/05\/logo_movistar-1.svg\",\"width\":369,\"height\":272,\"caption\":\"Movistar blog\"},\"image\":{\"@id\":\"https:\/\/www.movistar.es\/blog\/#\/schema\/logo\/image\/\"}},{\"@type\":\"Person\",\"@id\":\"https:\/\/www.movistar.es\/blog\/#\/schema\/person\/6184006f5def4638e52e2d0ff98bd55a\",\"name\":\"Equipo de Redacci\u00f3n\",\"image\":{\"@type\":\"ImageObject\",\"inLanguage\":\"es\",\"@id\":\"https:\/\/www.movistar.es\/blog\/#\/schema\/person\/image\/8dbf7dc767c23aa5f974d575dda930c5\",\"url\":\"https:\/\/secure.gravatar.com\/avatar\/ce5aadad84c2aeb36c9813c46e41a53b0c9cc1d57205e8cde4bdf0ed790b3c97\",\"contentUrl\":\"https:\/\/secure.gravatar.com\/avatar\/ce5aadad84c2aeb36c9813c46e41a53b0c9cc1d57205e8cde4bdf0ed790b3c97\",\"caption\":\"Equipo de Redacci\u00f3n\"},\"description\":\"Buscamos temas de tu inter\u00e9s. Te contamos c\u00f3mo pueden ayudarte en tu d\u00eda a d\u00eda los productos y servicios de Movistar. No queremos venderte nada. Queremos descubrirte cosas para hacerte la vida m\u00e1s f\u00e1cil.\",\"sameAs\":[\"https:\/\/www.movistar.es\/\",\"movistar.es\/\",\"https:\/\/www.instagram.com\/movistar_es\/?hl=es\",\"https:\/\/x.com\/movistar_es\"],\"knowsAbout\":[\"smartphones\",\"conectividad\",\"hogar digital\",\"ciberseguridad\"],\"url\":\"https:\/\/www.movistar.es\/blog\/author\/contentmovistar\/\"}]}<\/script>\n<!-- \/ Yoast SEO Premium plugin. -->","yoast_head_json":{"title":"Descarga 'Pecados de nuestros padres' de Asa Larsson con Movistar","description":"Con 'Los pecados de nuestros padres', \u00c5sa Larsson regresa con la mejor novela negra del a\u00f1o. Desc\u00e1rgala ya en Movistar Nextory.","robots":{"index":"index","follow":"follow","max-snippet":"max-snippet:-1","max-image-preview":"max-image-preview:large","max-video-preview":"max-video-preview:-1"},"canonical":"https:\/\/www.movistar.es\/blog\/ebooks-audiolibros\/descarga-pecados-nuestros-padres-asa-larsson\/","og_locale":"es_ES","og_type":"article","og_title":"Descarga 'Los pecados de nuestros padres' de \u00c5sa Larsson, con Movistar","og_description":"Con 'Los pecados de nuestros padres', \u00c5sa Larsson regresa con la mejor novela negra del a\u00f1o. Desc\u00e1rgala ya en Movistar Nextory.","og_url":"https:\/\/www.movistar.es\/blog\/ebooks-audiolibros\/descarga-pecados-nuestros-padres-asa-larsson\/","og_site_name":"Movistar blog","article_author":"movistar.es\/","article_published_time":"2022-12-16T12:53:00+00:00","og_image":[{"width":1040,"height":650,"url":"https:\/\/www.movistar.es\/blog\/wp-content\/uploads\/sites\/3\/2022\/12\/pecados-de-nuestros-padres-assa-larson_1040x650-v2.jpg","type":"image\/jpeg"}],"author":"Equipo de Redacci\u00f3n","twitter_card":"summary_large_image","twitter_creator":"@movistar_es","twitter_misc":{"Written by":"Equipo de Redacci\u00f3n","Est. reading time":"3 minutos"},"schema":{"@context":"https:\/\/schema.org","@graph":[{"@type":"Article","@id":"https:\/\/www.movistar.es\/blog\/ebooks-audiolibros\/descarga-pecados-nuestros-padres-asa-larsson\/#article","isPartOf":{"@id":"https:\/\/www.movistar.es\/blog\/ebooks-audiolibros\/descarga-pecados-nuestros-padres-asa-larsson\/"},"author":{"name":"Equipo de Redacci\u00f3n","@id":"https:\/\/www.movistar.es\/blog\/#\/schema\/person\/6184006f5def4638e52e2d0ff98bd55a"},"headline":"Descarga &#8216;Los pecados de nuestros padres&#8217; de \u00c5sa Larsson, con Movistar","datePublished":"2022-12-16T12:53:00+00:00","mainEntityOfPage":{"@id":"https:\/\/www.movistar.es\/blog\/ebooks-audiolibros\/descarga-pecados-nuestros-padres-asa-larsson\/"},"wordCount":528,"publisher":{"@id":"https:\/\/www.movistar.es\/blog\/#organization"},"image":{"@id":"https:\/\/www.movistar.es\/blog\/ebooks-audiolibros\/descarga-pecados-nuestros-padres-asa-larsson\/#primaryimage"},"thumbnailUrl":"https:\/\/www.movistar.es\/blog\/wp-content\/uploads\/sites\/3\/2022\/12\/pecados-de-nuestros-padres-assa-larson_1040x650-v2.jpg","inLanguage":"es"},{"@type":"WebPage","@id":"https:\/\/www.movistar.es\/blog\/ebooks-audiolibros\/descarga-pecados-nuestros-padres-asa-larsson\/","url":"https:\/\/www.movistar.es\/blog\/ebooks-audiolibros\/descarga-pecados-nuestros-padres-asa-larsson\/","name":"Descarga 'Pecados de nuestros padres' de Asa Larsson con Movistar","isPartOf":{"@id":"https:\/\/www.movistar.es\/blog\/#website"},"primaryImageOfPage":{"@id":"https:\/\/www.movistar.es\/blog\/ebooks-audiolibros\/descarga-pecados-nuestros-padres-asa-larsson\/#primaryimage"},"image":{"@id":"https:\/\/www.movistar.es\/blog\/ebooks-audiolibros\/descarga-pecados-nuestros-padres-asa-larsson\/#primaryimage"},"thumbnailUrl":"https:\/\/www.movistar.es\/blog\/wp-content\/uploads\/sites\/3\/2022\/12\/pecados-de-nuestros-padres-assa-larson_1040x650-v2.jpg","datePublished":"2022-12-16T12:53:00+00:00","description":"Con 'Los pecados de nuestros padres', \u00c5sa Larsson regresa con la mejor novela negra del a\u00f1o. Desc\u00e1rgala ya en Movistar Nextory.","breadcrumb":{"@id":"https:\/\/www.movistar.es\/blog\/ebooks-audiolibros\/descarga-pecados-nuestros-padres-asa-larsson\/#breadcrumb"},"inLanguage":"es","potentialAction":[{"@type":"ReadAction","target":["https:\/\/www.movistar.es\/blog\/ebooks-audiolibros\/descarga-pecados-nuestros-padres-asa-larsson\/"]}]},{"@type":"ImageObject","inLanguage":"es","@id":"https:\/\/www.movistar.es\/blog\/ebooks-audiolibros\/descarga-pecados-nuestros-padres-asa-larsson\/#primaryimage","url":"https:\/\/www.movistar.es\/blog\/wp-content\/uploads\/sites\/3\/2022\/12\/pecados-de-nuestros-padres-assa-larson_1040x650-v2.jpg","contentUrl":"https:\/\/www.movistar.es\/blog\/wp-content\/uploads\/sites\/3\/2022\/12\/pecados-de-nuestros-padres-assa-larson_1040x650-v2.jpg","width":1040,"height":650,"caption":"\u00c5sa Larsson, los pecados de nuestros padres"},{"@type":"BreadcrumbList","@id":"https:\/\/www.movistar.es\/blog\/ebooks-audiolibros\/descarga-pecados-nuestros-padres-asa-larsson\/#breadcrumb","itemListElement":[{"@type":"ListItem","position":1,"name":"Home","item":"https:\/\/www.movistar.es\/blog\/"},{"@type":"ListItem","position":2,"name":"Descarga &#8216;Los pecados de nuestros padres&#8217; de \u00c5sa Larsson, con Movistar"}]},{"@type":"WebSite","@id":"https:\/\/www.movistar.es\/blog\/#website","url":"https:\/\/www.movistar.es\/blog\/","name":"Movistar blog","description":"Movistar Blog. Informaci\u00f3n y m\u00e1s sobre los productos y servicios de Movistar","publisher":{"@id":"https:\/\/www.movistar.es\/blog\/#organization"},"potentialAction":[{"@type":"SearchAction","target":{"@type":"EntryPoint","urlTemplate":"https:\/\/www.movistar.es\/blog\/?s={search_term_string}"},"query-input":{"@type":"PropertyValueSpecification","valueRequired":true,"valueName":"search_term_string"}}],"inLanguage":"es"},{"@type":"Organization","@id":"https:\/\/www.movistar.es\/blog\/#organization","name":"Movistar blog","url":"https:\/\/www.movistar.es\/blog\/","logo":{"@type":"ImageObject","inLanguage":"es","@id":"https:\/\/www.movistar.es\/blog\/#\/schema\/logo\/image\/","url":"https:\/\/www.movistar.es\/blog\/wp-content\/uploads\/sites\/3\/2022\/05\/logo_movistar-1.svg","contentUrl":"https:\/\/www.movistar.es\/blog\/wp-content\/uploads\/sites\/3\/2022\/05\/logo_movistar-1.svg","width":369,"height":272,"caption":"Movistar blog"},"image":{"@id":"https:\/\/www.movistar.es\/blog\/#\/schema\/logo\/image\/"}},{"@type":"Person","@id":"https:\/\/www.movistar.es\/blog\/#\/schema\/person\/6184006f5def4638e52e2d0ff98bd55a","name":"Equipo de Redacci\u00f3n","image":{"@type":"ImageObject","inLanguage":"es","@id":"https:\/\/www.movistar.es\/blog\/#\/schema\/person\/image\/8dbf7dc767c23aa5f974d575dda930c5","url":"https:\/\/secure.gravatar.com\/avatar\/ce5aadad84c2aeb36c9813c46e41a53b0c9cc1d57205e8cde4bdf0ed790b3c97","contentUrl":"https:\/\/secure.gravatar.com\/avatar\/ce5aadad84c2aeb36c9813c46e41a53b0c9cc1d57205e8cde4bdf0ed790b3c97","caption":"Equipo de Redacci\u00f3n"},"description":"Buscamos temas de tu inter\u00e9s. Te contamos c\u00f3mo pueden ayudarte en tu d\u00eda a d\u00eda los productos y servicios de Movistar. No queremos venderte nada. Queremos descubrirte cosas para hacerte la vida m\u00e1s f\u00e1cil.","sameAs":["https:\/\/www.movistar.es\/","movistar.es\/","https:\/\/www.instagram.com\/movistar_es\/?hl=es","https:\/\/x.com\/movistar_es"],"knowsAbout":["smartphones","conectividad","hogar digital","ciberseguridad"],"url":"https:\/\/www.movistar.es\/blog\/author\/contentmovistar\/"}]}},"jetpack_featured_media_url":"https:\/\/www.movistar.es\/blog\/wp-content\/uploads\/sites\/3\/2022\/12\/pecados-de-nuestros-padres-assa-larson_1040x650-v2.jpg","jetpack_sharing_enabled":true,"_links":{"self":[{"href":"https:\/\/www.movistar.es\/blog\/wp-json\/wp\/v2\/posts\/9540","targetHints":{"allow":["GET"]}}],"collection":[{"href":"https:\/\/www.movistar.es\/blog\/wp-json\/wp\/v2\/posts"}],"about":[{"href":"https:\/\/www.movistar.es\/blog\/wp-json\/wp\/v2\/types\/post"}],"author":[{"embeddable":true,"href":"https:\/\/www.movistar.es\/blog\/wp-json\/wp\/v2\/users\/93"}],"replies":[{"embeddable":true,"href":"https:\/\/www.movistar.es\/blog\/wp-json\/wp\/v2\/comments?post=9540"}],"version-history":[{"count":6,"href":"https:\/\/www.movistar.es\/blog\/wp-json\/wp\/v2\/posts\/9540\/revisions"}],"predecessor-version":[{"id":9559,"href":"https:\/\/www.movistar.es\/blog\/wp-json\/wp\/v2\/posts\/9540\/revisions\/9559"}],"wp:featuredmedia":[{"embeddable":true,"href":"https:\/\/www.movistar.es\/blog\/wp-json\/wp\/v2\/media\/9554"}],"wp:attachment":[{"href":"https:\/\/www.movistar.es\/blog\/wp-json\/wp\/v2\/media?parent=9540"}],"wp:term":[{"taxonomy":"category","embeddable":true,"href":"https:\/\/www.movistar.es\/blog\/wp-json\/wp\/v2\/categories?post=9540"},{"taxonomy":"post_tag","embeddable":true,"href":"https:\/\/www.movistar.es\/blog\/wp-json\/wp\/v2\/tags?post=9540"},{"taxonomy":"area","embeddable":true,"href":"https:\/\/www.movistar.es\/blog\/wp-json\/wp\/v2\/area?post=9540"},{"taxonomy":"cluster","embeddable":true,"href":"https:\/\/www.movistar.es\/blog\/wp-json\/wp\/v2\/cluster?post=9540"},{"taxonomy":"linea_editorial","embeddable":true,"href":"https:\/\/www.movistar.es\/blog\/wp-json\/wp\/v2\/linea_editorial?post=9540"},{"taxonomy":"author","embeddable":true,"href":"https:\/\/www.movistar.es\/blog\/wp-json\/wp\/v2\/coauthors?post=9540"}],"curies":[{"name":"wp","href":"https:\/\/api.w.org\/{rel}","templated":true}]}}