{"id":9525,"date":"2022-12-01T10:51:26","date_gmt":"2022-12-01T09:51:26","guid":{"rendered":"https:\/\/www.movistar.es\/blog\/?p=9525"},"modified":"2023-03-08T12:27:47","modified_gmt":"2023-03-08T11:27:47","slug":"innovacion-con-estilo-nueva-living-app-adolfo-dominguez","status":"publish","type":"post","link":"https:\/\/www.movistar.es\/blog\/movistar-plus\/innovacion-con-estilo-nueva-living-app-adolfo-dominguez\/","title":{"rendered":"Innovaci\u00f3n con estilo gracias a la nueva Living App de Adolfo Dom\u00ednguez"},"content":{"rendered":"\n<p>A lo largo de los a\u00f1os, la <strong>moda<\/strong> se ha ido reinventando y con ella las tendencias que marcan nuestros conjuntos diarios. De esta manera, esta evoluci\u00f3n ha ido quedando reflejada en las pasarelas de las grandes marcas, en las tiendas de nuestra ciudad y, sobre todo, en todos nosotros.&nbsp;&nbsp;<\/p>\n\n\n\n<p>No es ninguna sorpresa la gran <strong>influencia<\/strong> de este fen\u00f3meno en nuestra sociedad. Desde el cors\u00e9 a las innovadoras tendencias actuales, la moda ha sido capaz de convertirse en un verdadero espejo de la \u00e9poca en la que vivimos. \u00bfQu\u00e9 ser\u00eda del movimiento hippie sin su caracter\u00edstica vestimenta? \u00bfY de la revolucionaria corriente punk sin su est\u00e9tica atrevida? As\u00ed es, para muchos, la ropa no solo es un modo de permanecer abrigados en invierno, sino tambi\u00e9n una <strong>manera de<\/strong> <strong>expresar sus propios ideales<\/strong>.&nbsp;&nbsp;<\/p>\n\n\n\n<p>Como no pod\u00eda ser de otra forma, este es el caso de <strong>Adolfo Dom\u00ednguez<\/strong>. Autor de la conocida frase \u201cRepite m\u00e1s, piensa menos\u201d, su estilo siempre ha estado muy relacionado con la sostenibilidad y la innovaci\u00f3n constante. Por ello, este mes de diciembre llega a la pantalla grande, para introducirse a la selecci\u00f3n de <a href=\"http:\/\/www.movistar.es\/livingapps?pid=blogmovistar_movistarplus_9525\" target=\"_blank\" rel=\"noreferrer noopener\"><strong>Living Apps de Movistar Plus+<\/strong><\/a>. \u00a1Sigue leyendo y no te pierdas ning\u00fan detalle!&nbsp;&nbsp;<\/p>\n\n\n\n<figure class=\"wp-block-image size-large\"><img loading=\"lazy\" decoding=\"async\" height=\"576\" width=\"1024\" src=\"https:\/\/www.movistar.es\/blog\/wp-content\/uploads\/sites\/3\/2022\/12\/Imagen-1.jpg?w=1024\" alt=\"\" class=\"wp-image-9526\" srcset=\"https:\/\/www.movistar.es\/blog\/wp-content\/uploads\/sites\/3\/2022\/12\/Imagen-1.jpg 1920w, https:\/\/www.movistar.es\/blog\/wp-content\/uploads\/sites\/3\/2022\/12\/Imagen-1.jpg?resize=300,169 300w, https:\/\/www.movistar.es\/blog\/wp-content\/uploads\/sites\/3\/2022\/12\/Imagen-1.jpg?resize=768,432 768w, https:\/\/www.movistar.es\/blog\/wp-content\/uploads\/sites\/3\/2022\/12\/Imagen-1.jpg?resize=1024,576 1024w, https:\/\/www.movistar.es\/blog\/wp-content\/uploads\/sites\/3\/2022\/12\/Imagen-1.jpg?resize=1536,864 1536w\" sizes=\"auto, (max-width: 1024px) 100vw, 1024px\" \/><\/figure>\n\n\n\n<h2 class=\"wp-block-heading\" id=\"h-lo-mejor-de-sus-colecciones-en-nueva-living-app-de-adolfo-dominguez\"><strong>Lo mejor de sus colecciones en nueva Living App de Adolfo Dom\u00ednguez&nbsp;<\/strong><\/h2>\n\n\n\n<p>Desafiando las reglas de la moda, Adolfo Dom\u00ednguez ha decidido romper los esquemas del sector e implicarse con un consumo de ropa mucho m\u00e1s <strong>consciente e innovador<\/strong>. As\u00ed, en su nueva colecci\u00f3n SS\u201923, no solo podremos ver una l\u00ednea ligada a la sostenibilidad, sino que tambi\u00e9n encontraremos sus dise\u00f1os en los <strong>televisores de nuestros hogares<\/strong>.&nbsp;<\/p>\n\n\n\n<p>La <strong>Living App de Adolfo Dom\u00ednguez<\/strong> es una aplicaci\u00f3n ya disponible desde este mes de <strong>diciembre<\/strong>, con contenidos de sus \u00faltimas incorporaciones al cat\u00e1logo, muestras de sus campa\u00f1as y acceso a sus colecciones femenina y masculina. Asimismo, tendr\u00e1s la posibilidad de acceder a los desfiles de la marca, a sus nuevas campa\u00f1as y a v\u00eddeos con divertidas conversaciones con profesionales que transmiten los valores m\u00e1s sostenibles de Adolfo Dom\u00ednguez.&nbsp;<\/p>\n\n\n\n<p>Como novedad, tambi\u00e9n podr\u00e1s ver en la gran pantalla de tu televisi\u00f3n los eventos <strong>Social Live Shopping<\/strong> <strong>unos d\u00edas despu\u00e9s<\/strong> de haber sido retransmitidos y saber cu\u00e1les ser\u00e1n los pr\u00f3ximos. Para ello, tendr\u00e1s acceso desde la comodidad de tu hogar a todos los productos que tu influencer favorito haya explicado, a los detalles de la prenda o accesorios que te hayan interesado y a realizar una transacci\u00f3n desde la web de Adolfo Dom\u00ednguez.&nbsp;<\/p>\n\n\n\n<figure class=\"wp-block-image size-large\"><img loading=\"lazy\" decoding=\"async\" height=\"576\" width=\"1024\" src=\"https:\/\/www.movistar.es\/blog\/wp-content\/uploads\/sites\/3\/2022\/12\/Imagen-2.jpg?w=1024\" alt=\"\" class=\"wp-image-9527\" srcset=\"https:\/\/www.movistar.es\/blog\/wp-content\/uploads\/sites\/3\/2022\/12\/Imagen-2.jpg 1920w, https:\/\/www.movistar.es\/blog\/wp-content\/uploads\/sites\/3\/2022\/12\/Imagen-2.jpg?resize=300,169 300w, https:\/\/www.movistar.es\/blog\/wp-content\/uploads\/sites\/3\/2022\/12\/Imagen-2.jpg?resize=768,432 768w, https:\/\/www.movistar.es\/blog\/wp-content\/uploads\/sites\/3\/2022\/12\/Imagen-2.jpg?resize=1024,576 1024w, https:\/\/www.movistar.es\/blog\/wp-content\/uploads\/sites\/3\/2022\/12\/Imagen-2.jpg?resize=1536,864 1536w\" sizes=\"auto, (max-width: 1024px) 100vw, 1024px\" \/><\/figure>\n\n\n\n<h2 class=\"wp-block-heading\" id=\"h-como-empezar-a-disfrutar-de-la-living-app-de-adolfo-dominguez\"><strong>C\u00f3mo empezar a disfrutar de la Living App de Adolfo Dom\u00ednguez&nbsp;<\/strong><\/h2>\n\n\n\n<p>\u00bfA ti tambi\u00e9n te ha conquistado esta nueva incorporaci\u00f3n de Movistar? \u00a1Ya puedes acceder a ella desde el <strong>televisor de tu hogar<\/strong>! Si quieres descubrir c\u00f3mo hacerlo, a continuaci\u00f3n podr\u00e1s enterarte de c\u00f3mo acceder a todas sus funcionalidades.&nbsp;&nbsp;<\/p>\n\n\n\n<p>Para llegar a todos sus contenidos, deber\u00e1s abrir el <a href=\"http:\/\/ver.movistarplus.es\/\" target=\"_blank\" rel=\"noreferrer noopener\"><strong>men\u00fa de Movistar Plus+<\/strong><\/a>, seleccionar el apartado \u201cApps\u201d y navegar hasta la categor\u00eda \u201cEstilo de vida\u201d. Si dispones del <a href=\"https:\/\/www.movistar.es\/particulares\/movil\/moviles\/mando-a-distancia-vocal\/?pid=blogmovistar_movistarplus_9525\" target=\"_blank\" rel=\"noreferrer noopener\"><strong>Mando Vocal Movistar Plus+<\/strong><\/a>, ser\u00e1 mucho m\u00e1s sencillo: solo tendr\u00e1s que pulsar el bot\u00f3n \u201c<a href=\"https:\/\/www.movistar.es\/particulares\/Aura\/?pid=blogmovistar_movistarplus_9525\" target=\"_blank\" rel=\"noreferrer noopener\">Aura<\/a>\u201d y usar tu voz para indicar qu\u00e9 deseas ver en ese momento.&nbsp;&nbsp;<\/p>\n\n\n\n<p>Adem\u00e1s, si lo prefieres, tambi\u00e9n puedes usar tu dispositivo <a href=\"https:\/\/web.movistar.es\/particulares\/promociones\/movistar-home\/versionb?pid=blogmovistar_movistarplus_9525\" target=\"_blank\" rel=\"noreferrer noopener\"><strong>Movistar Home<\/strong><\/a> para disfrutar de esta Living App, utilizando su pantalla t\u00e1ctil o con tan solo decir \u201cOK Aura, abre Adolfo Dom\u00ednguez\u201d.&nbsp;<\/p>\n\n\n\n<figure class=\"wp-block-image size-large\"><img loading=\"lazy\" decoding=\"async\" height=\"576\" width=\"1024\" src=\"https:\/\/www.movistar.es\/blog\/wp-content\/uploads\/sites\/3\/2022\/12\/Imagen-3.jpg?w=1024\" alt=\"\" class=\"wp-image-9528\" srcset=\"https:\/\/www.movistar.es\/blog\/wp-content\/uploads\/sites\/3\/2022\/12\/Imagen-3.jpg 1920w, https:\/\/www.movistar.es\/blog\/wp-content\/uploads\/sites\/3\/2022\/12\/Imagen-3.jpg?resize=300,169 300w, https:\/\/www.movistar.es\/blog\/wp-content\/uploads\/sites\/3\/2022\/12\/Imagen-3.jpg?resize=768,432 768w, https:\/\/www.movistar.es\/blog\/wp-content\/uploads\/sites\/3\/2022\/12\/Imagen-3.jpg?resize=1024,576 1024w, https:\/\/www.movistar.es\/blog\/wp-content\/uploads\/sites\/3\/2022\/12\/Imagen-3.jpg?resize=1536,864 1536w\" sizes=\"auto, (max-width: 1024px) 100vw, 1024px\" \/><\/figure>\n\n\n\n<p>\u00bfEres un amante de la moda? \u00bfBuscas comprar de forma m\u00e1s sostenible sin renunciar al estilo? Desde hoy los m\u00e1s de 1.9 millones de clientes de<strong> miMovistar<\/strong> o <strong>Fusi\u00f3n <\/strong>con el dispositivo <strong>Desco UHD<\/strong>, tienen acceso de forma gratuita a la <strong>nueva Living App de Adolfo Dom\u00ednguez en Movistar Plus+<\/strong> donde podr\u00e1n ver la nueva colecci\u00f3n de la firma e inspirarse sobre temas tan relevantes como el cuidado de la naturaleza y la sostenibilidad, entre otros.<strong> <\/strong><\/p>\n\n\n\n<p><strong>\u00a1Acom\u00f3date en el sof\u00e1 de tu sal\u00f3n y empieza a disfrutar con amigos, familia o qui\u00e9n t\u00fa decidas!<\/strong>&nbsp;<\/p>\n","protected":false},"excerpt":{"rendered":"<p>A lo largo de los a\u00f1os, la moda se ha ido reinventando y con ella las tendencias que marcan nuestros conjuntos diarios. De esta manera, esta evoluci\u00f3n ha ido quedando reflejada en las pasarelas de [&hellip;]<\/p>\n","protected":false},"author":141,"featured_media":9529,"comment_status":"closed","ping_status":"closed","sticky":false,"template":"","format":"standard","meta":{"site-sidebar-layout":"default","site-content-layout":"","ast-site-content-layout":"","site-content-style":"default","site-sidebar-style":"default","ast-global-header-display":"","ast-banner-title-visibility":"","ast-main-header-display":"","ast-hfb-above-header-display":"","ast-hfb-below-header-display":"","ast-hfb-mobile-header-display":"","site-post-title":"","ast-breadcrumbs-content":"","ast-featured-img":"","footer-sml-layout":"","theme-transparent-header-meta":"","adv-header-id-meta":"","stick-header-meta":"","header-above-stick-meta":"","header-main-stick-meta":"","header-below-stick-meta":"","astra-migrate-meta-layouts":"default","ast-page-background-enabled":"default","ast-page-background-meta":{"desktop":{"background-color":"var(--ast-global-color-4)","background-image":"","background-repeat":"repeat","background-position":"center center","background-size":"auto","background-attachment":"scroll","background-type":"","background-media":"","overlay-type":"","overlay-color":"","overlay-opacity":"","overlay-gradient":""},"tablet":{"background-color":"","background-image":"","background-repeat":"repeat","background-position":"center center","background-size":"auto","background-attachment":"scroll","background-type":"","background-media":"","overlay-type":"","overlay-color":"","overlay-opacity":"","overlay-gradient":""},"mobile":{"background-color":"","background-image":"","background-repeat":"repeat","background-position":"center center","background-size":"auto","background-attachment":"scroll","background-type":"","background-media":"","overlay-type":"","overlay-color":"","overlay-opacity":"","overlay-gradient":""}},"ast-content-background-meta":{"desktop":{"background-color":"var(--ast-global-color-5)","background-image":"","background-repeat":"repeat","background-position":"center center","background-size":"auto","background-attachment":"scroll","background-type":"","background-media":"","overlay-type":"","overlay-color":"","overlay-opacity":"","overlay-gradient":""},"tablet":{"background-color":"var(--ast-global-color-5)","background-image":"","background-repeat":"repeat","background-position":"center center","background-size":"auto","background-attachment":"scroll","background-type":"","background-media":"","overlay-type":"","overlay-color":"","overlay-opacity":"","overlay-gradient":""},"mobile":{"background-color":"var(--ast-global-color-5)","background-image":"","background-repeat":"repeat","background-position":"center center","background-size":"auto","background-attachment":"scroll","background-type":"","background-media":"","overlay-type":"","overlay-color":"","overlay-opacity":"","overlay-gradient":""}},"_jetpack_memberships_contains_paid_content":false,"footnotes":""},"categories":[1],"tags":[],"area":[7],"cluster":[45],"linea_editorial":[],"coauthors":[537],"class_list":["post-9525","post","type-post","status-publish","format-standard","has-post-thumbnail","hentry","category-sin-categoria","area-digital-client","cluster-movistar-plus"],"yoast_head":"<!-- This site is optimized with the Yoast SEO Premium plugin v25.5 (Yoast SEO v25.5) - https:\/\/yoast.com\/wordpress\/plugins\/seo\/ -->\n<title>Innovaci\u00f3n con estilo gracias a la nueva Living App de Adolfo Dom\u00ednguez<\/title>\n<meta name=\"description\" content=\"Contenidos de moda, Live Shopping, cat\u00e1logos con las \u00faltimas tendencias\u2026 conoce la nueva Living App de Adolfo Dom\u00ednguez de Movistar Plus+\" \/>\n<meta name=\"robots\" content=\"index, follow, max-snippet:-1, max-image-preview:large, max-video-preview:-1\" \/>\n<link rel=\"canonical\" href=\"https:\/\/www.movistar.es\/blog\/movistar-plus\/innovacion-con-estilo-nueva-living-app-adolfo-dominguez\/\" \/>\n<meta property=\"og:locale\" content=\"es_ES\" \/>\n<meta property=\"og:type\" content=\"article\" \/>\n<meta property=\"og:title\" content=\"Innovaci\u00f3n con estilo gracias a la nueva Living App de Adolfo Dom\u00ednguez\" \/>\n<meta property=\"og:description\" content=\"Contenidos de moda, Live Shopping, cat\u00e1logos con las \u00faltimas tendencias\u2026 conoce la nueva Living App de Adolfo Dom\u00ednguez de Movistar Plus+\" \/>\n<meta property=\"og:url\" content=\"https:\/\/www.movistar.es\/blog\/movistar-plus\/innovacion-con-estilo-nueva-living-app-adolfo-dominguez\/\" \/>\n<meta property=\"og:site_name\" content=\"Movistar blog\" \/>\n<meta property=\"article:author\" content=\"telefonica\" \/>\n<meta property=\"article:published_time\" content=\"2022-12-01T09:51:26+00:00\" \/>\n<meta property=\"article:modified_time\" content=\"2023-03-08T11:27:47+00:00\" \/>\n<meta property=\"og:image\" content=\"https:\/\/www.movistar.es\/blog\/wp-content\/uploads\/sites\/3\/2022\/12\/btb-movistar.es-Living-AppAdolfo-dominguez.jpg\" \/>\n\t<meta property=\"og:image:width\" content=\"1040\" \/>\n\t<meta property=\"og:image:height\" content=\"650\" \/>\n\t<meta property=\"og:image:type\" content=\"image\/jpeg\" \/>\n<meta name=\"author\" content=\"Equipo Digital Home de Telef\u00f3nica\" \/>\n<meta name=\"twitter:card\" content=\"summary_large_image\" \/>\n<meta name=\"twitter:creator\" content=\"@telefonica\" \/>\n<meta name=\"twitter:label1\" content=\"Written by\" \/>\n\t<meta name=\"twitter:data1\" content=\"Equipo Digital Home de Telef\u00f3nica\" \/>\n\t<meta name=\"twitter:label2\" content=\"Est. reading time\" \/>\n\t<meta name=\"twitter:data2\" content=\"4 minutos\" \/>\n<script type=\"application\/ld+json\" class=\"yoast-schema-graph\">{\"@context\":\"https:\/\/schema.org\",\"@graph\":[{\"@type\":\"Article\",\"@id\":\"https:\/\/www.movistar.es\/blog\/movistar-plus\/innovacion-con-estilo-nueva-living-app-adolfo-dominguez\/#article\",\"isPartOf\":{\"@id\":\"https:\/\/www.movistar.es\/blog\/movistar-plus\/innovacion-con-estilo-nueva-living-app-adolfo-dominguez\/\"},\"author\":{\"name\":\"Equipo Digital Home de Telef\u00f3nica\",\"@id\":\"https:\/\/www.movistar.es\/blog\/#\/schema\/person\/017db1b90e8802ac5dfd3618d922a394\"},\"headline\":\"Innovaci\u00f3n con estilo gracias a la nueva Living App de Adolfo Dom\u00ednguez\",\"datePublished\":\"2022-12-01T09:51:26+00:00\",\"dateModified\":\"2023-03-08T11:27:47+00:00\",\"mainEntityOfPage\":{\"@id\":\"https:\/\/www.movistar.es\/blog\/movistar-plus\/innovacion-con-estilo-nueva-living-app-adolfo-dominguez\/\"},\"wordCount\":734,\"publisher\":{\"@id\":\"https:\/\/www.movistar.es\/blog\/#organization\"},\"image\":{\"@id\":\"https:\/\/www.movistar.es\/blog\/movistar-plus\/innovacion-con-estilo-nueva-living-app-adolfo-dominguez\/#primaryimage\"},\"thumbnailUrl\":\"https:\/\/www.movistar.es\/blog\/wp-content\/uploads\/sites\/3\/2022\/12\/btb-movistar.es-Living-AppAdolfo-dominguez.jpg\",\"inLanguage\":\"es\"},{\"@type\":\"WebPage\",\"@id\":\"https:\/\/www.movistar.es\/blog\/movistar-plus\/innovacion-con-estilo-nueva-living-app-adolfo-dominguez\/\",\"url\":\"https:\/\/www.movistar.es\/blog\/movistar-plus\/innovacion-con-estilo-nueva-living-app-adolfo-dominguez\/\",\"name\":\"Innovaci\u00f3n con estilo gracias a la nueva Living App de Adolfo Dom\u00ednguez\",\"isPartOf\":{\"@id\":\"https:\/\/www.movistar.es\/blog\/#website\"},\"primaryImageOfPage\":{\"@id\":\"https:\/\/www.movistar.es\/blog\/movistar-plus\/innovacion-con-estilo-nueva-living-app-adolfo-dominguez\/#primaryimage\"},\"image\":{\"@id\":\"https:\/\/www.movistar.es\/blog\/movistar-plus\/innovacion-con-estilo-nueva-living-app-adolfo-dominguez\/#primaryimage\"},\"thumbnailUrl\":\"https:\/\/www.movistar.es\/blog\/wp-content\/uploads\/sites\/3\/2022\/12\/btb-movistar.es-Living-AppAdolfo-dominguez.jpg\",\"datePublished\":\"2022-12-01T09:51:26+00:00\",\"dateModified\":\"2023-03-08T11:27:47+00:00\",\"description\":\"Contenidos de moda, Live Shopping, cat\u00e1logos con las \u00faltimas tendencias\u2026 conoce la nueva Living App de Adolfo Dom\u00ednguez de Movistar Plus+\",\"breadcrumb\":{\"@id\":\"https:\/\/www.movistar.es\/blog\/movistar-plus\/innovacion-con-estilo-nueva-living-app-adolfo-dominguez\/#breadcrumb\"},\"inLanguage\":\"es\",\"potentialAction\":[{\"@type\":\"ReadAction\",\"target\":[\"https:\/\/www.movistar.es\/blog\/movistar-plus\/innovacion-con-estilo-nueva-living-app-adolfo-dominguez\/\"]}]},{\"@type\":\"ImageObject\",\"inLanguage\":\"es\",\"@id\":\"https:\/\/www.movistar.es\/blog\/movistar-plus\/innovacion-con-estilo-nueva-living-app-adolfo-dominguez\/#primaryimage\",\"url\":\"https:\/\/www.movistar.es\/blog\/wp-content\/uploads\/sites\/3\/2022\/12\/btb-movistar.es-Living-AppAdolfo-dominguez.jpg\",\"contentUrl\":\"https:\/\/www.movistar.es\/blog\/wp-content\/uploads\/sites\/3\/2022\/12\/btb-movistar.es-Living-AppAdolfo-dominguez.jpg\",\"width\":1040,\"height\":650},{\"@type\":\"BreadcrumbList\",\"@id\":\"https:\/\/www.movistar.es\/blog\/movistar-plus\/innovacion-con-estilo-nueva-living-app-adolfo-dominguez\/#breadcrumb\",\"itemListElement\":[{\"@type\":\"ListItem\",\"position\":1,\"name\":\"Home\",\"item\":\"https:\/\/www.movistar.es\/blog\/\"},{\"@type\":\"ListItem\",\"position\":2,\"name\":\"Innovaci\u00f3n con estilo gracias a la nueva Living App de Adolfo Dom\u00ednguez\"}]},{\"@type\":\"WebSite\",\"@id\":\"https:\/\/www.movistar.es\/blog\/#website\",\"url\":\"https:\/\/www.movistar.es\/blog\/\",\"name\":\"Movistar blog\",\"description\":\"Movistar Blog. Informaci\u00f3n y m\u00e1s sobre los productos y servicios de Movistar\",\"publisher\":{\"@id\":\"https:\/\/www.movistar.es\/blog\/#organization\"},\"potentialAction\":[{\"@type\":\"SearchAction\",\"target\":{\"@type\":\"EntryPoint\",\"urlTemplate\":\"https:\/\/www.movistar.es\/blog\/?s={search_term_string}\"},\"query-input\":{\"@type\":\"PropertyValueSpecification\",\"valueRequired\":true,\"valueName\":\"search_term_string\"}}],\"inLanguage\":\"es\"},{\"@type\":\"Organization\",\"@id\":\"https:\/\/www.movistar.es\/blog\/#organization\",\"name\":\"Movistar blog\",\"url\":\"https:\/\/www.movistar.es\/blog\/\",\"logo\":{\"@type\":\"ImageObject\",\"inLanguage\":\"es\",\"@id\":\"https:\/\/www.movistar.es\/blog\/#\/schema\/logo\/image\/\",\"url\":\"https:\/\/www.movistar.es\/blog\/wp-content\/uploads\/sites\/3\/2022\/05\/logo_movistar-1.svg\",\"contentUrl\":\"https:\/\/www.movistar.es\/blog\/wp-content\/uploads\/sites\/3\/2022\/05\/logo_movistar-1.svg\",\"width\":369,\"height\":272,\"caption\":\"Movistar blog\"},\"image\":{\"@id\":\"https:\/\/www.movistar.es\/blog\/#\/schema\/logo\/image\/\"}},{\"@type\":\"Person\",\"@id\":\"https:\/\/www.movistar.es\/blog\/#\/schema\/person\/017db1b90e8802ac5dfd3618d922a394\",\"name\":\"Equipo Digital Home de Telef\u00f3nica\",\"image\":{\"@type\":\"ImageObject\",\"inLanguage\":\"es\",\"@id\":\"https:\/\/www.movistar.es\/blog\/#\/schema\/person\/image\/e6431db462646a778ad8d8ec435ad57e\",\"url\":\"https:\/\/secure.gravatar.com\/avatar\/bd5d081bad86885415e3c00f9694e72a561b53c12628d54d9a8b054807e947a7\",\"contentUrl\":\"https:\/\/secure.gravatar.com\/avatar\/bd5d081bad86885415e3c00f9694e72a561b53c12628d54d9a8b054807e947a7\",\"caption\":\"Equipo Digital Home de Telef\u00f3nica\"},\"description\":\"En el equipo de Hogar Digital de Telef\u00f3nica somos expertos en conectividad, tecnolog\u00eda e innovaci\u00f3n. Dise\u00f1amos productos y dispositivos inteligentes pensados para el hogar. En este blog te contamos las caracter\u00edsticas y como sacar partido a tu hogar conectado. Desde un asistente de voz (AURA) hasta living apps para disfrutar en Movistar Plus+.\",\"sameAs\":[\"https:\/\/www.telefonica.com\/es\/\",\"telefonica\",\"https:\/\/www.instagram.com\/telefonica\",\"https:\/\/www.linkedin.com\/company\/telefonica\",\"https:\/\/x.com\/telefonica\",\"https:\/\/www.youtube.com\/channel\/UC7LZo_P6m0W7SDDA8h3CLvg\",\"https:\/\/es.wikipedia.org\/wiki\/Telefnica\"],\"knowsAbout\":[\"innovaci\u00f3n\",\"tecnolog\u00eda\",\"hogar digital\",\"hogar inteligente\"],\"worksFor\":\"Telef\u00f3nica\",\"url\":\"https:\/\/www.movistar.es\/blog\/author\/digitalhome\/\"}]}<\/script>\n<!-- \/ Yoast SEO Premium plugin. -->","yoast_head_json":{"title":"Innovaci\u00f3n con estilo gracias a la nueva Living App de Adolfo Dom\u00ednguez","description":"Contenidos de moda, Live Shopping, cat\u00e1logos con las \u00faltimas tendencias\u2026 conoce la nueva Living App de Adolfo Dom\u00ednguez de Movistar Plus+","robots":{"index":"index","follow":"follow","max-snippet":"max-snippet:-1","max-image-preview":"max-image-preview:large","max-video-preview":"max-video-preview:-1"},"canonical":"https:\/\/www.movistar.es\/blog\/movistar-plus\/innovacion-con-estilo-nueva-living-app-adolfo-dominguez\/","og_locale":"es_ES","og_type":"article","og_title":"Innovaci\u00f3n con estilo gracias a la nueva Living App de Adolfo Dom\u00ednguez","og_description":"Contenidos de moda, Live Shopping, cat\u00e1logos con las \u00faltimas tendencias\u2026 conoce la nueva Living App de Adolfo Dom\u00ednguez de Movistar Plus+","og_url":"https:\/\/www.movistar.es\/blog\/movistar-plus\/innovacion-con-estilo-nueva-living-app-adolfo-dominguez\/","og_site_name":"Movistar blog","article_author":"telefonica","article_published_time":"2022-12-01T09:51:26+00:00","article_modified_time":"2023-03-08T11:27:47+00:00","og_image":[{"width":1040,"height":650,"url":"https:\/\/www.movistar.es\/blog\/wp-content\/uploads\/sites\/3\/2022\/12\/btb-movistar.es-Living-AppAdolfo-dominguez.jpg","type":"image\/jpeg"}],"author":"Equipo Digital Home de Telef\u00f3nica","twitter_card":"summary_large_image","twitter_creator":"@telefonica","twitter_misc":{"Written by":"Equipo Digital Home de Telef\u00f3nica","Est. reading time":"4 minutos"},"schema":{"@context":"https:\/\/schema.org","@graph":[{"@type":"Article","@id":"https:\/\/www.movistar.es\/blog\/movistar-plus\/innovacion-con-estilo-nueva-living-app-adolfo-dominguez\/#article","isPartOf":{"@id":"https:\/\/www.movistar.es\/blog\/movistar-plus\/innovacion-con-estilo-nueva-living-app-adolfo-dominguez\/"},"author":{"name":"Equipo Digital Home de Telef\u00f3nica","@id":"https:\/\/www.movistar.es\/blog\/#\/schema\/person\/017db1b90e8802ac5dfd3618d922a394"},"headline":"Innovaci\u00f3n con estilo gracias a la nueva Living App de Adolfo Dom\u00ednguez","datePublished":"2022-12-01T09:51:26+00:00","dateModified":"2023-03-08T11:27:47+00:00","mainEntityOfPage":{"@id":"https:\/\/www.movistar.es\/blog\/movistar-plus\/innovacion-con-estilo-nueva-living-app-adolfo-dominguez\/"},"wordCount":734,"publisher":{"@id":"https:\/\/www.movistar.es\/blog\/#organization"},"image":{"@id":"https:\/\/www.movistar.es\/blog\/movistar-plus\/innovacion-con-estilo-nueva-living-app-adolfo-dominguez\/#primaryimage"},"thumbnailUrl":"https:\/\/www.movistar.es\/blog\/wp-content\/uploads\/sites\/3\/2022\/12\/btb-movistar.es-Living-AppAdolfo-dominguez.jpg","inLanguage":"es"},{"@type":"WebPage","@id":"https:\/\/www.movistar.es\/blog\/movistar-plus\/innovacion-con-estilo-nueva-living-app-adolfo-dominguez\/","url":"https:\/\/www.movistar.es\/blog\/movistar-plus\/innovacion-con-estilo-nueva-living-app-adolfo-dominguez\/","name":"Innovaci\u00f3n con estilo gracias a la nueva Living App de Adolfo Dom\u00ednguez","isPartOf":{"@id":"https:\/\/www.movistar.es\/blog\/#website"},"primaryImageOfPage":{"@id":"https:\/\/www.movistar.es\/blog\/movistar-plus\/innovacion-con-estilo-nueva-living-app-adolfo-dominguez\/#primaryimage"},"image":{"@id":"https:\/\/www.movistar.es\/blog\/movistar-plus\/innovacion-con-estilo-nueva-living-app-adolfo-dominguez\/#primaryimage"},"thumbnailUrl":"https:\/\/www.movistar.es\/blog\/wp-content\/uploads\/sites\/3\/2022\/12\/btb-movistar.es-Living-AppAdolfo-dominguez.jpg","datePublished":"2022-12-01T09:51:26+00:00","dateModified":"2023-03-08T11:27:47+00:00","description":"Contenidos de moda, Live Shopping, cat\u00e1logos con las \u00faltimas tendencias\u2026 conoce la nueva Living App de Adolfo Dom\u00ednguez de Movistar Plus+","breadcrumb":{"@id":"https:\/\/www.movistar.es\/blog\/movistar-plus\/innovacion-con-estilo-nueva-living-app-adolfo-dominguez\/#breadcrumb"},"inLanguage":"es","potentialAction":[{"@type":"ReadAction","target":["https:\/\/www.movistar.es\/blog\/movistar-plus\/innovacion-con-estilo-nueva-living-app-adolfo-dominguez\/"]}]},{"@type":"ImageObject","inLanguage":"es","@id":"https:\/\/www.movistar.es\/blog\/movistar-plus\/innovacion-con-estilo-nueva-living-app-adolfo-dominguez\/#primaryimage","url":"https:\/\/www.movistar.es\/blog\/wp-content\/uploads\/sites\/3\/2022\/12\/btb-movistar.es-Living-AppAdolfo-dominguez.jpg","contentUrl":"https:\/\/www.movistar.es\/blog\/wp-content\/uploads\/sites\/3\/2022\/12\/btb-movistar.es-Living-AppAdolfo-dominguez.jpg","width":1040,"height":650},{"@type":"BreadcrumbList","@id":"https:\/\/www.movistar.es\/blog\/movistar-plus\/innovacion-con-estilo-nueva-living-app-adolfo-dominguez\/#breadcrumb","itemListElement":[{"@type":"ListItem","position":1,"name":"Home","item":"https:\/\/www.movistar.es\/blog\/"},{"@type":"ListItem","position":2,"name":"Innovaci\u00f3n con estilo gracias a la nueva Living App de Adolfo Dom\u00ednguez"}]},{"@type":"WebSite","@id":"https:\/\/www.movistar.es\/blog\/#website","url":"https:\/\/www.movistar.es\/blog\/","name":"Movistar blog","description":"Movistar Blog. Informaci\u00f3n y m\u00e1s sobre los productos y servicios de Movistar","publisher":{"@id":"https:\/\/www.movistar.es\/blog\/#organization"},"potentialAction":[{"@type":"SearchAction","target":{"@type":"EntryPoint","urlTemplate":"https:\/\/www.movistar.es\/blog\/?s={search_term_string}"},"query-input":{"@type":"PropertyValueSpecification","valueRequired":true,"valueName":"search_term_string"}}],"inLanguage":"es"},{"@type":"Organization","@id":"https:\/\/www.movistar.es\/blog\/#organization","name":"Movistar blog","url":"https:\/\/www.movistar.es\/blog\/","logo":{"@type":"ImageObject","inLanguage":"es","@id":"https:\/\/www.movistar.es\/blog\/#\/schema\/logo\/image\/","url":"https:\/\/www.movistar.es\/blog\/wp-content\/uploads\/sites\/3\/2022\/05\/logo_movistar-1.svg","contentUrl":"https:\/\/www.movistar.es\/blog\/wp-content\/uploads\/sites\/3\/2022\/05\/logo_movistar-1.svg","width":369,"height":272,"caption":"Movistar blog"},"image":{"@id":"https:\/\/www.movistar.es\/blog\/#\/schema\/logo\/image\/"}},{"@type":"Person","@id":"https:\/\/www.movistar.es\/blog\/#\/schema\/person\/017db1b90e8802ac5dfd3618d922a394","name":"Equipo Digital Home de Telef\u00f3nica","image":{"@type":"ImageObject","inLanguage":"es","@id":"https:\/\/www.movistar.es\/blog\/#\/schema\/person\/image\/e6431db462646a778ad8d8ec435ad57e","url":"https:\/\/secure.gravatar.com\/avatar\/bd5d081bad86885415e3c00f9694e72a561b53c12628d54d9a8b054807e947a7","contentUrl":"https:\/\/secure.gravatar.com\/avatar\/bd5d081bad86885415e3c00f9694e72a561b53c12628d54d9a8b054807e947a7","caption":"Equipo Digital Home de Telef\u00f3nica"},"description":"En el equipo de Hogar Digital de Telef\u00f3nica somos expertos en conectividad, tecnolog\u00eda e innovaci\u00f3n. Dise\u00f1amos productos y dispositivos inteligentes pensados para el hogar. En este blog te contamos las caracter\u00edsticas y como sacar partido a tu hogar conectado. Desde un asistente de voz (AURA) hasta living apps para disfrutar en Movistar Plus+.","sameAs":["https:\/\/www.telefonica.com\/es\/","telefonica","https:\/\/www.instagram.com\/telefonica","https:\/\/www.linkedin.com\/company\/telefonica","https:\/\/x.com\/telefonica","https:\/\/www.youtube.com\/channel\/UC7LZo_P6m0W7SDDA8h3CLvg","https:\/\/es.wikipedia.org\/wiki\/Telefnica"],"knowsAbout":["innovaci\u00f3n","tecnolog\u00eda","hogar digital","hogar inteligente"],"worksFor":"Telef\u00f3nica","url":"https:\/\/www.movistar.es\/blog\/author\/digitalhome\/"}]}},"jetpack_featured_media_url":"https:\/\/www.movistar.es\/blog\/wp-content\/uploads\/sites\/3\/2022\/12\/btb-movistar.es-Living-AppAdolfo-dominguez.jpg","jetpack_sharing_enabled":true,"_links":{"self":[{"href":"https:\/\/www.movistar.es\/blog\/wp-json\/wp\/v2\/posts\/9525","targetHints":{"allow":["GET"]}}],"collection":[{"href":"https:\/\/www.movistar.es\/blog\/wp-json\/wp\/v2\/posts"}],"about":[{"href":"https:\/\/www.movistar.es\/blog\/wp-json\/wp\/v2\/types\/post"}],"author":[{"embeddable":true,"href":"https:\/\/www.movistar.es\/blog\/wp-json\/wp\/v2\/users\/141"}],"replies":[{"embeddable":true,"href":"https:\/\/www.movistar.es\/blog\/wp-json\/wp\/v2\/comments?post=9525"}],"version-history":[{"count":10,"href":"https:\/\/www.movistar.es\/blog\/wp-json\/wp\/v2\/posts\/9525\/revisions"}],"predecessor-version":[{"id":10797,"href":"https:\/\/www.movistar.es\/blog\/wp-json\/wp\/v2\/posts\/9525\/revisions\/10797"}],"wp:featuredmedia":[{"embeddable":true,"href":"https:\/\/www.movistar.es\/blog\/wp-json\/wp\/v2\/media\/9529"}],"wp:attachment":[{"href":"https:\/\/www.movistar.es\/blog\/wp-json\/wp\/v2\/media?parent=9525"}],"wp:term":[{"taxonomy":"category","embeddable":true,"href":"https:\/\/www.movistar.es\/blog\/wp-json\/wp\/v2\/categories?post=9525"},{"taxonomy":"post_tag","embeddable":true,"href":"https:\/\/www.movistar.es\/blog\/wp-json\/wp\/v2\/tags?post=9525"},{"taxonomy":"area","embeddable":true,"href":"https:\/\/www.movistar.es\/blog\/wp-json\/wp\/v2\/area?post=9525"},{"taxonomy":"cluster","embeddable":true,"href":"https:\/\/www.movistar.es\/blog\/wp-json\/wp\/v2\/cluster?post=9525"},{"taxonomy":"linea_editorial","embeddable":true,"href":"https:\/\/www.movistar.es\/blog\/wp-json\/wp\/v2\/linea_editorial?post=9525"},{"taxonomy":"author","embeddable":true,"href":"https:\/\/www.movistar.es\/blog\/wp-json\/wp\/v2\/coauthors?post=9525"}],"curies":[{"name":"wp","href":"https:\/\/api.w.org\/{rel}","templated":true}]}}