{"id":8856,"date":"2022-11-24T16:22:00","date_gmt":"2022-11-24T15:22:00","guid":{"rendered":"https:\/\/www.movistar.es\/blog\/?p=8856"},"modified":"2022-11-25T10:07:04","modified_gmt":"2022-11-25T09:07:04","slug":"consejos-para-comprar-mejor-durante-el-black-friday","status":"publish","type":"post","link":"https:\/\/www.movistar.es\/blog\/mi-movistar\/consejos-para-comprar-mejor-durante-el-black-friday\/","title":{"rendered":"Consejos para comprar mejor durante el Black Friday"},"content":{"rendered":"\n<p>El <a href=\"https:\/\/es.wikipedia.org\/wiki\/Viernes_negro_(compras)\" target=\"_blank\" rel=\"noreferrer noopener\">Black Friday<\/a> es una tradici\u00f3n cada vez m\u00e1s arraigada entre la poblaci\u00f3n de nuestro pa\u00eds. Y no es de extra\u00f1ar, ya que durante estas fechas, podemos encontrar todo tipo de productos a precios realmente bajos.<\/p>\n\n\n\n<p>No obstante, para encontrarlos hay que saber buscar primero. Por eso mismo os traemos una serie de consejos para que durante este Black Friday compres lo mejor posible, saliendo beneficiado de cada nueva adquisici\u00f3n.<\/p>\n\n\n\n<h2 class=\"wp-block-heading\" class=\"wp-block-heading\" id=\"cuando-comienzan-las-rebajas-del-black-friday-2022\">\u00bfCu\u00e1ndo comienzan las rebajas del Black Friday 2022?<\/h2>\n\n\n\n<p>El Black Friday, o Viernes Negro, da el pistoletazo de salida a la temporada de compras navide\u00f1as, celebr\u00e1ndose un d\u00eda despu\u00e9s del D\u00eda de Acci\u00f3n de Gracias, al tratarse de una tradici\u00f3n estadounidense.<\/p>\n\n\n\n<p>A pesar de ello, y desde hace ya varios a\u00f1os, esta tendencia tambi\u00e9n se ha instalado en nuestro pa\u00eds. Y, de hecho, en lugar de durar un \u00fanico d\u00eda ha pasado a prolongarse durante pr\u00e1cticamente una semana.<\/p>\n\n\n\n<p>En 2022, el Black Friday da comienzo el viernes 25 de noviembre. Sin embargo, muchas empresas han decidido adelantar sus ofertas unos cuantos d\u00edas antes de esta fecha.<\/p>\n\n\n\n<p>Tal es el caso de Movistar. Con nosotros, podr\u00e1s disfrutar de <a href=\"https:\/\/www.movistar.es\/particulares\/black-friday\/?pid=blogmovistar_mimovistar_8856\" target=\"_blank\" rel=\"noreferrer noopener\">rebajas exclusivas desde el d\u00eda 22 de noviembre y hasta el 28 del mismo mes<\/a>, encontrando descuentos significativos en todo tipo de productos, desde m\u00f3viles, televisiones y ordenadores hasta <a href=\"https:\/\/www.movistar.es\/blog\/gaming\/las-mejores-ofertas-de-gaming-de-movistar-para-este-black-friday\/\" target=\"_blank\" rel=\"noreferrer noopener\">consolas y videojuegos<\/a>.<\/p>\n\n\n\n<h2 class=\"wp-block-heading\" class=\"wp-block-heading\" id=\"las-compras-online-seran-las-protagonistas-de-este-black-friday-2022\">Las compras online ser\u00e1n las protagonistas de este Black Friday 2022<\/h2>\n\n\n\n<p>A pesar de la inflaci\u00f3n, se espera que de cara a este 2022 los gastos de los usuarios superen a los del \u00faltimo Black Friday. Seg\u00fan los datos del <a href=\"https:\/\/www.europapress.es\/economia\/noticia-gasto-online-black-friday-crecera-25-estudio-20221017120627.html\" target=\"_blank\" rel=\"noreferrer noopener\">\u2018Informe Black Friday\u2019<\/a>, realizado por Webloyalty, el gasto para ese d\u00eda crecer\u00e1 un 25% respecto al a\u00f1o pasado.<\/p>\n\n\n\n<p>Adem\u00e1s, se espera que las ventas online sigan siendo las predominantes. De esta forma, tendremos acceso a rebajas exclusivas, ofertas antes de tiempo y, tambi\u00e9n, una mayor variedad de productos entre los que elegir.<\/p>\n\n\n\n<p>Teniendo esto en cuenta, y tal y como indican desde SaleCycle, un 60% de las ventas online se realizar\u00e1n desde un dispositivo m\u00f3vil, mientras que el 40% restante se har\u00e1n desde ordenador.<\/p>\n\n\n\n<figure class=\"wp-block-image size-large\"><img loading=\"lazy\" decoding=\"async\" height=\"683\" width=\"1024\" src=\"https:\/\/www.movistar.es\/blog\/wp-content\/uploads\/sites\/3\/2022\/11\/Depositphotos_22807282_XL.jpg?w=1024\" alt=\"black friday\" class=\"wp-image-9145\" srcset=\"https:\/\/www.movistar.es\/blog\/wp-content\/uploads\/sites\/3\/2022\/11\/Depositphotos_22807282_XL.jpg 4368w, https:\/\/www.movistar.es\/blog\/wp-content\/uploads\/sites\/3\/2022\/11\/Depositphotos_22807282_XL.jpg?resize=300,200 300w, https:\/\/www.movistar.es\/blog\/wp-content\/uploads\/sites\/3\/2022\/11\/Depositphotos_22807282_XL.jpg?resize=768,512 768w, https:\/\/www.movistar.es\/blog\/wp-content\/uploads\/sites\/3\/2022\/11\/Depositphotos_22807282_XL.jpg?resize=1024,683 1024w, https:\/\/www.movistar.es\/blog\/wp-content\/uploads\/sites\/3\/2022\/11\/Depositphotos_22807282_XL.jpg?resize=1536,1024 1536w, https:\/\/www.movistar.es\/blog\/wp-content\/uploads\/sites\/3\/2022\/11\/Depositphotos_22807282_XL.jpg?resize=2048,1365 2048w\" sizes=\"auto, (max-width: 1024px) 100vw, 1024px\" \/><figcaption><em>Foto de <a href=\"https:\/\/sp.depositphotos.com\/portfolio-2026267.html\" target=\"_blank\" rel=\"noreferrer noopener\">Wabeno<\/a><\/em><\/figcaption><\/figure>\n\n\n\n<h2 class=\"wp-block-heading\" class=\"wp-block-heading\" id=\"evita-gastos-innecesarios-durante-el-black-friday\">Evita gastos innecesarios durante el Black Friday<\/h2>\n\n\n\n<p>Es importante que, antes de lanzarnos a comprar, nos hagamos unas cuantas preguntas para conseguir evitar gastos innecesarios de cara a este actual Black Friday.<\/p>\n\n\n\n<p>Dichas preguntas son las siguientes: \u00bfMe es necesario comprar esto que no ten\u00eda previsto, aprovechando que el precio o la oferta es muy interesante? \u00bfPuedo comprar una oportunidad que no es tan necesaria hoy, para aprovechar la oferta, sin que eso me impida comprar lo que ten\u00eda previsto? \u00bfMerece la pena adelantar o retrasar compras determinadas, teniendo en cuenta que es casi seguro que su precio ser\u00e1 mayor en 30 d\u00edas?<\/p>\n\n\n\n<p>Adem\u00e1s, para encontrar mejores ofertas, es recomendable que usemos buscadores gen\u00e9ricos que ofrezcan la opci\u00f3n de modo shopping. Otra opci\u00f3n es utilizar los comparadores de determinados servicios.<\/p>\n\n\n\n<p>Tambi\u00e9n es conveniente tener en mente o apuntado el precio del producto que queremos comprar desde unas semanas antes de que comience el Black Friday. De esta forma sabremos si estamos ante una rebaja real o solo ante una ganga aparente.<\/p>\n\n\n\n<h2 class=\"wp-block-heading\" class=\"wp-block-heading\" id=\"compra-seguro-por-internet\">Compra seguro por Internet<\/h2>\n\n\n\n<p>Como hemos mencionado anteriormente, cada vez son m\u00e1s los compradores que se decantan por adquirir sus productos a trav\u00e9s de servicios online durante el Black Friday.<\/p>\n\n\n\n<p>Sin embargo, esta opci\u00f3n tambi\u00e9n entra\u00f1a una serie de riesgos a nivel de seguridad. Por eso mismo, ser cautos y cuidadosos es lo mejor que podemos hacer si queremos evitar cualquier problema.<\/p>\n\n\n\n<p>Una de las cosas m\u00e1s importantes es ser concienzudos en la revisi\u00f3n del portal en el que estamos navegando. Y es que a veces el aspecto o el logotipo de una p\u00e1gina web pueden generarnos una sensaci\u00f3n de falsa seguridad.<\/p>\n\n\n\n<p>Para ello, deberemos de comprobar minuciosamente la direcci\u00f3n a la que hemos sido derivados a la hora de realizar el pago. En este caso, ser\u00e1 de vital importancia comprobar que esta nueva direcci\u00f3n se corresponde con la tienda virtual en la que tenemos que realizar el desembolso.<\/p>\n\n\n\n<p>Otro aspecto clave ser\u00e1 realizar una b\u00fasqueda de opiniones de otros usuarios que hayan comprado con anterioridad en la misma web que estamos visitando, evit\u00e1ndonos, as\u00ed, entrar en sitios fraudulentos.<\/p>\n\n\n\n<p>Una vez realizado el pago, es imprescindible entrar en la App de nuestro banco para comprobar que toda la operaci\u00f3n se ha realizado de forma correcta. Tambi\u00e9n es recomendable revisar la App unos cuantos d\u00edas despu\u00e9s, asegur\u00e1ndonos de que no haya pagos repetidos o de origen desconocido.<\/p>\n\n\n\n<h2 class=\"wp-block-heading\" id=\"h-seis-consejos-basicos-para-aprovechar-al-maximo-el-black-friday\">Seis consejos b\u00e1sicos para aprovechar al m\u00e1ximo el Black Friday<\/h2>\n\n\n\n<p>Si queremos que nuestras compras vayan lo mejor posible, hay seis consejos b\u00e1sicos que tendremos que tener en cuenta. El primero de ellos es no debemos dejarnos llevar por ofertas de productos que no necesitamos comprar y que no tenemos previsto necesitar pr\u00f3ximamente.<\/p>\n\n\n\n<p>Por otro lado, es importante, como hemos mencionado antes, ser concienzudos. Tenemos que ser muy exhaustivos en la revisi\u00f3n de todo lo que est\u00e9 dentro de la experiencia de compra, sea online o sea en tienda. Debemos revisar condiciones, extras necesarios incluidos, transporte, duraci\u00f3n de las promociones, alternativas de pago, etc. Tambi\u00e9n tenemos que asegurarnos muy bien de que estamos comprando en un sitio leg\u00edtimo para evitar sustos y problemas.<\/p>\n\n\n\n<p>Adem\u00e1s, a la hora de comprar  es vital conocer bien nuestras necesidades. Es interesante comprar con una lista mental o escrita muy clara de lo que buscamos y necesitamos. De esta forma, evitaremos comprar por precio y no por necesidad.<\/p>\n\n\n\n<p>Fijar un presupuesto m\u00e1ximo tambi\u00e9n puede ayudarnos a elegir mejor. Debemos saber cu\u00e1nto es lo m\u00e1ximo que estamos dispuestos a gastar y ser severos si valoramos sobrepasar nuestro presupuesto.<\/p>\n\n\n\n<p>Y por \u00faltimo, tenemos que preocuparnos, por encima de todo, de disfrutar. No debemos olvidar que la compra es un ejercicio de satisfacci\u00f3n, que nos debe suponer un disfrute. El objetivo de comprar debe ser ese y no el de convertirnos en cazadores de chollos sin m\u00e1s.<\/p>\n\n\n\n<figure class=\"wp-block-image size-large\"><img loading=\"lazy\" decoding=\"async\" height=\"683\" width=\"1024\" src=\"https:\/\/www.movistar.es\/blog\/wp-content\/uploads\/sites\/3\/2022\/11\/Depositphotos_5051308_XL.jpg?w=1024\" alt=\"black friday\" class=\"wp-image-9146\" srcset=\"https:\/\/www.movistar.es\/blog\/wp-content\/uploads\/sites\/3\/2022\/11\/Depositphotos_5051308_XL.jpg 5200w, https:\/\/www.movistar.es\/blog\/wp-content\/uploads\/sites\/3\/2022\/11\/Depositphotos_5051308_XL.jpg?resize=300,200 300w, https:\/\/www.movistar.es\/blog\/wp-content\/uploads\/sites\/3\/2022\/11\/Depositphotos_5051308_XL.jpg?resize=768,512 768w, https:\/\/www.movistar.es\/blog\/wp-content\/uploads\/sites\/3\/2022\/11\/Depositphotos_5051308_XL.jpg?resize=1024,683 1024w, https:\/\/www.movistar.es\/blog\/wp-content\/uploads\/sites\/3\/2022\/11\/Depositphotos_5051308_XL.jpg?resize=1536,1024 1536w, https:\/\/www.movistar.es\/blog\/wp-content\/uploads\/sites\/3\/2022\/11\/Depositphotos_5051308_XL.jpg?resize=2048,1365 2048w\" sizes=\"auto, (max-width: 1024px) 100vw, 1024px\" \/><figcaption><em>Foto de <a href=\"https:\/\/sp.depositphotos.com\/portfolio-1046535.html\" target=\"_blank\" rel=\"noreferrer noopener\">Kzenon<\/a><\/em><\/figcaption><\/figure>\n\n\n\n<h2 class=\"wp-block-heading\" id=\"h-disfruta-del-black-friday-con-movistar\">Disfruta del Black Friday con Movistar<\/h2>\n\n\n\n<p><a href=\"https:\/\/www.movistar.es\/particulares\/black-friday\/?pid=blogmovistar_mimovistar_8856\" target=\"_blank\" rel=\"noreferrer noopener\">En Movistar tambi\u00e9n nos apuntamos al Black Friday del 22 al 28 de noviembre<\/a>, trayendo las mejores rebajas, ofertas y promociones a nuestros clientes. Disfruta ya de nuestro extenso cat\u00e1logo, donde podr\u00e1s encontrar todo tipo de productos: m\u00f3viles, accesorios, televisiones, consolas y mucho m\u00e1s.<\/p>\n\n\n\n<p><em>Foto destacada <a href=\"https:\/\/unsplash.com\/@markusspiske?utm_source=unsplash&amp;utm_medium=referral&amp;utm_content=creditCopyText\">Markus Spiske<\/a><\/em><\/p>\n","protected":false},"excerpt":{"rendered":"<p>El Black Friday es una tradici\u00f3n cada vez m\u00e1s arraigada entre la poblaci\u00f3n de nuestro pa\u00eds. Y no es de extra\u00f1ar, ya que durante estas fechas, podemos encontrar todo tipo de productos a precios realmente [&hellip;]<\/p>\n","protected":false},"author":126,"featured_media":9168,"comment_status":"closed","ping_status":"closed","sticky":false,"template":"","format":"standard","meta":{"site-sidebar-layout":"default","site-content-layout":"","ast-site-content-layout":"","site-content-style":"default","site-sidebar-style":"default","ast-global-header-display":"","ast-banner-title-visibility":"","ast-main-header-display":"","ast-hfb-above-header-display":"","ast-hfb-below-header-display":"","ast-hfb-mobile-header-display":"","site-post-title":"","ast-breadcrumbs-content":"","ast-featured-img":"","footer-sml-layout":"","theme-transparent-header-meta":"","adv-header-id-meta":"","stick-header-meta":"","header-above-stick-meta":"","header-main-stick-meta":"","header-below-stick-meta":"","astra-migrate-meta-layouts":"default","ast-page-background-enabled":"default","ast-page-background-meta":{"desktop":{"background-color":"var(--ast-global-color-4)","background-image":"","background-repeat":"repeat","background-position":"center center","background-size":"auto","background-attachment":"scroll","background-type":"","background-media":"","overlay-type":"","overlay-color":"","overlay-opacity":"","overlay-gradient":""},"tablet":{"background-color":"","background-image":"","background-repeat":"repeat","background-position":"center center","background-size":"auto","background-attachment":"scroll","background-type":"","background-media":"","overlay-type":"","overlay-color":"","overlay-opacity":"","overlay-gradient":""},"mobile":{"background-color":"","background-image":"","background-repeat":"repeat","background-position":"center center","background-size":"auto","background-attachment":"scroll","background-type":"","background-media":"","overlay-type":"","overlay-color":"","overlay-opacity":"","overlay-gradient":""}},"ast-content-background-meta":{"desktop":{"background-color":"var(--ast-global-color-5)","background-image":"","background-repeat":"repeat","background-position":"center center","background-size":"auto","background-attachment":"scroll","background-type":"","background-media":"","overlay-type":"","overlay-color":"","overlay-opacity":"","overlay-gradient":""},"tablet":{"background-color":"var(--ast-global-color-5)","background-image":"","background-repeat":"repeat","background-position":"center center","background-size":"auto","background-attachment":"scroll","background-type":"","background-media":"","overlay-type":"","overlay-color":"","overlay-opacity":"","overlay-gradient":""},"mobile":{"background-color":"var(--ast-global-color-5)","background-image":"","background-repeat":"repeat","background-position":"center center","background-size":"auto","background-attachment":"scroll","background-type":"","background-media":"","overlay-type":"","overlay-color":"","overlay-opacity":"","overlay-gradient":""}},"_jetpack_memberships_contains_paid_content":false,"footnotes":""},"categories":[1],"tags":[],"area":[427],"cluster":[345],"linea_editorial":[],"coauthors":[531],"class_list":["post-8856","post","type-post","status-publish","format-standard","has-post-thumbnail","hentry","category-sin-categoria","area-gametv","cluster-mi-movistar"],"yoast_head":"<!-- This site is optimized with the Yoast SEO Premium plugin v25.5 (Yoast SEO v25.5) - https:\/\/yoast.com\/wordpress\/plugins\/seo\/ -->\n<title>Consejos para comprar mejor durante el Black Friday<\/title>\n<meta name=\"description\" content=\"El Dr. Fernando Tom\u00e9, catedr\u00e1tico en econom\u00eda en la Universidad Nebrija, nos ofrece algunos consejos para comprar bien en el Black Friday.\" \/>\n<meta name=\"robots\" content=\"index, follow, max-snippet:-1, max-image-preview:large, max-video-preview:-1\" \/>\n<link rel=\"canonical\" href=\"https:\/\/www.movistar.es\/blog\/mi-movistar\/consejos-para-comprar-mejor-durante-el-black-friday\/\" \/>\n<meta property=\"og:locale\" content=\"es_ES\" \/>\n<meta property=\"og:type\" content=\"article\" \/>\n<meta property=\"og:title\" content=\"Consejos para comprar mejor durante el Black Friday\" \/>\n<meta property=\"og:description\" content=\"El Dr. Fernando Tom\u00e9, catedr\u00e1tico en econom\u00eda en la Universidad Nebrija, nos ofrece algunos consejos para comprar bien en el Black Friday.\" \/>\n<meta property=\"og:url\" content=\"https:\/\/www.movistar.es\/blog\/mi-movistar\/consejos-para-comprar-mejor-durante-el-black-friday\/\" \/>\n<meta property=\"og:site_name\" content=\"Movistar blog\" \/>\n<meta property=\"article:published_time\" content=\"2022-11-24T15:22:00+00:00\" \/>\n<meta property=\"article:modified_time\" content=\"2022-11-25T09:07:04+00:00\" \/>\n<meta property=\"og:image\" content=\"https:\/\/www.movistar.es\/blog\/wp-content\/uploads\/sites\/3\/2022\/11\/black-friday-sale_1040x650.jpg\" \/>\n\t<meta property=\"og:image:width\" content=\"1040\" \/>\n\t<meta property=\"og:image:height\" content=\"650\" \/>\n\t<meta property=\"og:image:type\" content=\"image\/jpeg\" \/>\n<meta name=\"author\" content=\"Dr. Fernando Tom\u00e9 Bermejo\" \/>\n<meta name=\"twitter:card\" content=\"summary_large_image\" \/>\n<meta name=\"twitter:label1\" content=\"Written by\" \/>\n\t<meta name=\"twitter:data1\" content=\"Dr. Fernando Tom\u00e9 Bermejo\" \/>\n\t<meta name=\"twitter:label2\" content=\"Est. reading time\" \/>\n\t<meta name=\"twitter:data2\" content=\"6 minutos\" \/>\n<script type=\"application\/ld+json\" class=\"yoast-schema-graph\">{\"@context\":\"https:\/\/schema.org\",\"@graph\":[{\"@type\":\"Article\",\"@id\":\"https:\/\/www.movistar.es\/blog\/mi-movistar\/consejos-para-comprar-mejor-durante-el-black-friday\/#article\",\"isPartOf\":{\"@id\":\"https:\/\/www.movistar.es\/blog\/mi-movistar\/consejos-para-comprar-mejor-durante-el-black-friday\/\"},\"author\":{\"name\":\"Dr. Fernando Tom\u00e9 Bermejo\",\"@id\":\"https:\/\/www.movistar.es\/blog\/#\/schema\/person\/109bf85afd95511fb43338000a06d004\"},\"headline\":\"Consejos para comprar mejor durante el Black Friday\",\"datePublished\":\"2022-11-24T15:22:00+00:00\",\"dateModified\":\"2022-11-25T09:07:04+00:00\",\"mainEntityOfPage\":{\"@id\":\"https:\/\/www.movistar.es\/blog\/mi-movistar\/consejos-para-comprar-mejor-durante-el-black-friday\/\"},\"wordCount\":1113,\"publisher\":{\"@id\":\"https:\/\/www.movistar.es\/blog\/#organization\"},\"image\":{\"@id\":\"https:\/\/www.movistar.es\/blog\/mi-movistar\/consejos-para-comprar-mejor-durante-el-black-friday\/#primaryimage\"},\"thumbnailUrl\":\"https:\/\/www.movistar.es\/blog\/wp-content\/uploads\/sites\/3\/2022\/11\/black-friday-sale_1040x650.jpg\",\"inLanguage\":\"es\"},{\"@type\":\"WebPage\",\"@id\":\"https:\/\/www.movistar.es\/blog\/mi-movistar\/consejos-para-comprar-mejor-durante-el-black-friday\/\",\"url\":\"https:\/\/www.movistar.es\/blog\/mi-movistar\/consejos-para-comprar-mejor-durante-el-black-friday\/\",\"name\":\"Consejos para comprar mejor durante el Black Friday\",\"isPartOf\":{\"@id\":\"https:\/\/www.movistar.es\/blog\/#website\"},\"primaryImageOfPage\":{\"@id\":\"https:\/\/www.movistar.es\/blog\/mi-movistar\/consejos-para-comprar-mejor-durante-el-black-friday\/#primaryimage\"},\"image\":{\"@id\":\"https:\/\/www.movistar.es\/blog\/mi-movistar\/consejos-para-comprar-mejor-durante-el-black-friday\/#primaryimage\"},\"thumbnailUrl\":\"https:\/\/www.movistar.es\/blog\/wp-content\/uploads\/sites\/3\/2022\/11\/black-friday-sale_1040x650.jpg\",\"datePublished\":\"2022-11-24T15:22:00+00:00\",\"dateModified\":\"2022-11-25T09:07:04+00:00\",\"description\":\"El Dr. Fernando Tom\u00e9, catedr\u00e1tico en econom\u00eda en la Universidad Nebrija, nos ofrece algunos consejos para comprar bien en el Black Friday.\",\"breadcrumb\":{\"@id\":\"https:\/\/www.movistar.es\/blog\/mi-movistar\/consejos-para-comprar-mejor-durante-el-black-friday\/#breadcrumb\"},\"inLanguage\":\"es\",\"potentialAction\":[{\"@type\":\"ReadAction\",\"target\":[\"https:\/\/www.movistar.es\/blog\/mi-movistar\/consejos-para-comprar-mejor-durante-el-black-friday\/\"]}]},{\"@type\":\"ImageObject\",\"inLanguage\":\"es\",\"@id\":\"https:\/\/www.movistar.es\/blog\/mi-movistar\/consejos-para-comprar-mejor-durante-el-black-friday\/#primaryimage\",\"url\":\"https:\/\/www.movistar.es\/blog\/wp-content\/uploads\/sites\/3\/2022\/11\/black-friday-sale_1040x650.jpg\",\"contentUrl\":\"https:\/\/www.movistar.es\/blog\/wp-content\/uploads\/sites\/3\/2022\/11\/black-friday-sale_1040x650.jpg\",\"width\":1040,\"height\":650,\"caption\":\"black friday\"},{\"@type\":\"BreadcrumbList\",\"@id\":\"https:\/\/www.movistar.es\/blog\/mi-movistar\/consejos-para-comprar-mejor-durante-el-black-friday\/#breadcrumb\",\"itemListElement\":[{\"@type\":\"ListItem\",\"position\":1,\"name\":\"Home\",\"item\":\"https:\/\/www.movistar.es\/blog\/\"},{\"@type\":\"ListItem\",\"position\":2,\"name\":\"Consejos para comprar mejor durante el Black Friday\"}]},{\"@type\":\"WebSite\",\"@id\":\"https:\/\/www.movistar.es\/blog\/#website\",\"url\":\"https:\/\/www.movistar.es\/blog\/\",\"name\":\"Movistar blog\",\"description\":\"Movistar Blog. Informaci\u00f3n y m\u00e1s sobre los productos y servicios de Movistar\",\"publisher\":{\"@id\":\"https:\/\/www.movistar.es\/blog\/#organization\"},\"potentialAction\":[{\"@type\":\"SearchAction\",\"target\":{\"@type\":\"EntryPoint\",\"urlTemplate\":\"https:\/\/www.movistar.es\/blog\/?s={search_term_string}\"},\"query-input\":{\"@type\":\"PropertyValueSpecification\",\"valueRequired\":true,\"valueName\":\"search_term_string\"}}],\"inLanguage\":\"es\"},{\"@type\":\"Organization\",\"@id\":\"https:\/\/www.movistar.es\/blog\/#organization\",\"name\":\"Movistar blog\",\"url\":\"https:\/\/www.movistar.es\/blog\/\",\"logo\":{\"@type\":\"ImageObject\",\"inLanguage\":\"es\",\"@id\":\"https:\/\/www.movistar.es\/blog\/#\/schema\/logo\/image\/\",\"url\":\"https:\/\/www.movistar.es\/blog\/wp-content\/uploads\/sites\/3\/2022\/05\/logo_movistar-1.svg\",\"contentUrl\":\"https:\/\/www.movistar.es\/blog\/wp-content\/uploads\/sites\/3\/2022\/05\/logo_movistar-1.svg\",\"width\":369,\"height\":272,\"caption\":\"Movistar blog\"},\"image\":{\"@id\":\"https:\/\/www.movistar.es\/blog\/#\/schema\/logo\/image\/\"}},{\"@type\":\"Person\",\"@id\":\"https:\/\/www.movistar.es\/blog\/#\/schema\/person\/109bf85afd95511fb43338000a06d004\",\"name\":\"Dr. Fernando Tom\u00e9 Bermejo\",\"image\":{\"@type\":\"ImageObject\",\"inLanguage\":\"es\",\"@id\":\"https:\/\/www.movistar.es\/blog\/#\/schema\/person\/image\/b9528c8a9f11cc233e1d1cef94addd19\",\"url\":\"https:\/\/secure.gravatar.com\/avatar\/d1fff2ddafe519f295c3fdc5bdfb26a16d5dc37d58052c19713181d7c505cdc3\",\"contentUrl\":\"https:\/\/secure.gravatar.com\/avatar\/d1fff2ddafe519f295c3fdc5bdfb26a16d5dc37d58052c19713181d7c505cdc3\",\"caption\":\"Dr. Fernando Tom\u00e9 Bermejo\"},\"description\":\"Vicerrector de estudiantes, empleabilidad e internacionalizaci\u00f3n, actualmente imparte docencia como catedr\u00e1tico en universidades nacionales e internacionales. Doctor en econom\u00eda por ANECA, su \u00e1mbito de conocimiento es la teor\u00eda econ\u00f3mica. Escritor de art\u00edculos cient\u00edficos, colabora habitualmente en tesis doctorales y libros. Participa habitualmente en las tertulias econ\u00f3micas en radio y en los telediarios de las cadenas locales y nacionales.\",\"sameAs\":[\"https:\/\/www.nebrija.com\/business-school\/assets\/pdf\/profesores\/fernando-tome.pdf\",\"https:\/\/www.linkedin.com\/in\/tomefernando\/\"],\"knowsAbout\":[\"econom\u00eda\",\"consumo\"],\"url\":\"https:\/\/www.movistar.es\/blog\/author\/fernandotomebermejo\/\"}]}<\/script>\n<!-- \/ Yoast SEO Premium plugin. -->","yoast_head_json":{"title":"Consejos para comprar mejor durante el Black Friday","description":"El Dr. Fernando Tom\u00e9, catedr\u00e1tico en econom\u00eda en la Universidad Nebrija, nos ofrece algunos consejos para comprar bien en el Black Friday.","robots":{"index":"index","follow":"follow","max-snippet":"max-snippet:-1","max-image-preview":"max-image-preview:large","max-video-preview":"max-video-preview:-1"},"canonical":"https:\/\/www.movistar.es\/blog\/mi-movistar\/consejos-para-comprar-mejor-durante-el-black-friday\/","og_locale":"es_ES","og_type":"article","og_title":"Consejos para comprar mejor durante el Black Friday","og_description":"El Dr. Fernando Tom\u00e9, catedr\u00e1tico en econom\u00eda en la Universidad Nebrija, nos ofrece algunos consejos para comprar bien en el Black Friday.","og_url":"https:\/\/www.movistar.es\/blog\/mi-movistar\/consejos-para-comprar-mejor-durante-el-black-friday\/","og_site_name":"Movistar blog","article_published_time":"2022-11-24T15:22:00+00:00","article_modified_time":"2022-11-25T09:07:04+00:00","og_image":[{"width":1040,"height":650,"url":"https:\/\/www.movistar.es\/blog\/wp-content\/uploads\/sites\/3\/2022\/11\/black-friday-sale_1040x650.jpg","type":"image\/jpeg"}],"author":"Dr. Fernando Tom\u00e9 Bermejo","twitter_card":"summary_large_image","twitter_misc":{"Written by":"Dr. Fernando Tom\u00e9 Bermejo","Est. reading time":"6 minutos"},"schema":{"@context":"https:\/\/schema.org","@graph":[{"@type":"Article","@id":"https:\/\/www.movistar.es\/blog\/mi-movistar\/consejos-para-comprar-mejor-durante-el-black-friday\/#article","isPartOf":{"@id":"https:\/\/www.movistar.es\/blog\/mi-movistar\/consejos-para-comprar-mejor-durante-el-black-friday\/"},"author":{"name":"Dr. Fernando Tom\u00e9 Bermejo","@id":"https:\/\/www.movistar.es\/blog\/#\/schema\/person\/109bf85afd95511fb43338000a06d004"},"headline":"Consejos para comprar mejor durante el Black Friday","datePublished":"2022-11-24T15:22:00+00:00","dateModified":"2022-11-25T09:07:04+00:00","mainEntityOfPage":{"@id":"https:\/\/www.movistar.es\/blog\/mi-movistar\/consejos-para-comprar-mejor-durante-el-black-friday\/"},"wordCount":1113,"publisher":{"@id":"https:\/\/www.movistar.es\/blog\/#organization"},"image":{"@id":"https:\/\/www.movistar.es\/blog\/mi-movistar\/consejos-para-comprar-mejor-durante-el-black-friday\/#primaryimage"},"thumbnailUrl":"https:\/\/www.movistar.es\/blog\/wp-content\/uploads\/sites\/3\/2022\/11\/black-friday-sale_1040x650.jpg","inLanguage":"es"},{"@type":"WebPage","@id":"https:\/\/www.movistar.es\/blog\/mi-movistar\/consejos-para-comprar-mejor-durante-el-black-friday\/","url":"https:\/\/www.movistar.es\/blog\/mi-movistar\/consejos-para-comprar-mejor-durante-el-black-friday\/","name":"Consejos para comprar mejor durante el Black Friday","isPartOf":{"@id":"https:\/\/www.movistar.es\/blog\/#website"},"primaryImageOfPage":{"@id":"https:\/\/www.movistar.es\/blog\/mi-movistar\/consejos-para-comprar-mejor-durante-el-black-friday\/#primaryimage"},"image":{"@id":"https:\/\/www.movistar.es\/blog\/mi-movistar\/consejos-para-comprar-mejor-durante-el-black-friday\/#primaryimage"},"thumbnailUrl":"https:\/\/www.movistar.es\/blog\/wp-content\/uploads\/sites\/3\/2022\/11\/black-friday-sale_1040x650.jpg","datePublished":"2022-11-24T15:22:00+00:00","dateModified":"2022-11-25T09:07:04+00:00","description":"El Dr. Fernando Tom\u00e9, catedr\u00e1tico en econom\u00eda en la Universidad Nebrija, nos ofrece algunos consejos para comprar bien en el Black Friday.","breadcrumb":{"@id":"https:\/\/www.movistar.es\/blog\/mi-movistar\/consejos-para-comprar-mejor-durante-el-black-friday\/#breadcrumb"},"inLanguage":"es","potentialAction":[{"@type":"ReadAction","target":["https:\/\/www.movistar.es\/blog\/mi-movistar\/consejos-para-comprar-mejor-durante-el-black-friday\/"]}]},{"@type":"ImageObject","inLanguage":"es","@id":"https:\/\/www.movistar.es\/blog\/mi-movistar\/consejos-para-comprar-mejor-durante-el-black-friday\/#primaryimage","url":"https:\/\/www.movistar.es\/blog\/wp-content\/uploads\/sites\/3\/2022\/11\/black-friday-sale_1040x650.jpg","contentUrl":"https:\/\/www.movistar.es\/blog\/wp-content\/uploads\/sites\/3\/2022\/11\/black-friday-sale_1040x650.jpg","width":1040,"height":650,"caption":"black friday"},{"@type":"BreadcrumbList","@id":"https:\/\/www.movistar.es\/blog\/mi-movistar\/consejos-para-comprar-mejor-durante-el-black-friday\/#breadcrumb","itemListElement":[{"@type":"ListItem","position":1,"name":"Home","item":"https:\/\/www.movistar.es\/blog\/"},{"@type":"ListItem","position":2,"name":"Consejos para comprar mejor durante el Black Friday"}]},{"@type":"WebSite","@id":"https:\/\/www.movistar.es\/blog\/#website","url":"https:\/\/www.movistar.es\/blog\/","name":"Movistar blog","description":"Movistar Blog. Informaci\u00f3n y m\u00e1s sobre los productos y servicios de Movistar","publisher":{"@id":"https:\/\/www.movistar.es\/blog\/#organization"},"potentialAction":[{"@type":"SearchAction","target":{"@type":"EntryPoint","urlTemplate":"https:\/\/www.movistar.es\/blog\/?s={search_term_string}"},"query-input":{"@type":"PropertyValueSpecification","valueRequired":true,"valueName":"search_term_string"}}],"inLanguage":"es"},{"@type":"Organization","@id":"https:\/\/www.movistar.es\/blog\/#organization","name":"Movistar blog","url":"https:\/\/www.movistar.es\/blog\/","logo":{"@type":"ImageObject","inLanguage":"es","@id":"https:\/\/www.movistar.es\/blog\/#\/schema\/logo\/image\/","url":"https:\/\/www.movistar.es\/blog\/wp-content\/uploads\/sites\/3\/2022\/05\/logo_movistar-1.svg","contentUrl":"https:\/\/www.movistar.es\/blog\/wp-content\/uploads\/sites\/3\/2022\/05\/logo_movistar-1.svg","width":369,"height":272,"caption":"Movistar blog"},"image":{"@id":"https:\/\/www.movistar.es\/blog\/#\/schema\/logo\/image\/"}},{"@type":"Person","@id":"https:\/\/www.movistar.es\/blog\/#\/schema\/person\/109bf85afd95511fb43338000a06d004","name":"Dr. Fernando Tom\u00e9 Bermejo","image":{"@type":"ImageObject","inLanguage":"es","@id":"https:\/\/www.movistar.es\/blog\/#\/schema\/person\/image\/b9528c8a9f11cc233e1d1cef94addd19","url":"https:\/\/secure.gravatar.com\/avatar\/d1fff2ddafe519f295c3fdc5bdfb26a16d5dc37d58052c19713181d7c505cdc3","contentUrl":"https:\/\/secure.gravatar.com\/avatar\/d1fff2ddafe519f295c3fdc5bdfb26a16d5dc37d58052c19713181d7c505cdc3","caption":"Dr. Fernando Tom\u00e9 Bermejo"},"description":"Vicerrector de estudiantes, empleabilidad e internacionalizaci\u00f3n, actualmente imparte docencia como catedr\u00e1tico en universidades nacionales e internacionales. Doctor en econom\u00eda por ANECA, su \u00e1mbito de conocimiento es la teor\u00eda econ\u00f3mica. Escritor de art\u00edculos cient\u00edficos, colabora habitualmente en tesis doctorales y libros. Participa habitualmente en las tertulias econ\u00f3micas en radio y en los telediarios de las cadenas locales y nacionales.","sameAs":["https:\/\/www.nebrija.com\/business-school\/assets\/pdf\/profesores\/fernando-tome.pdf","https:\/\/www.linkedin.com\/in\/tomefernando\/"],"knowsAbout":["econom\u00eda","consumo"],"url":"https:\/\/www.movistar.es\/blog\/author\/fernandotomebermejo\/"}]}},"jetpack_featured_media_url":"https:\/\/www.movistar.es\/blog\/wp-content\/uploads\/sites\/3\/2022\/11\/black-friday-sale_1040x650.jpg","jetpack_sharing_enabled":true,"_links":{"self":[{"href":"https:\/\/www.movistar.es\/blog\/wp-json\/wp\/v2\/posts\/8856","targetHints":{"allow":["GET"]}}],"collection":[{"href":"https:\/\/www.movistar.es\/blog\/wp-json\/wp\/v2\/posts"}],"about":[{"href":"https:\/\/www.movistar.es\/blog\/wp-json\/wp\/v2\/types\/post"}],"author":[{"embeddable":true,"href":"https:\/\/www.movistar.es\/blog\/wp-json\/wp\/v2\/users\/126"}],"replies":[{"embeddable":true,"href":"https:\/\/www.movistar.es\/blog\/wp-json\/wp\/v2\/comments?post=8856"}],"version-history":[{"count":7,"href":"https:\/\/www.movistar.es\/blog\/wp-json\/wp\/v2\/posts\/8856\/revisions"}],"predecessor-version":[{"id":9167,"href":"https:\/\/www.movistar.es\/blog\/wp-json\/wp\/v2\/posts\/8856\/revisions\/9167"}],"wp:featuredmedia":[{"embeddable":true,"href":"https:\/\/www.movistar.es\/blog\/wp-json\/wp\/v2\/media\/9168"}],"wp:attachment":[{"href":"https:\/\/www.movistar.es\/blog\/wp-json\/wp\/v2\/media?parent=8856"}],"wp:term":[{"taxonomy":"category","embeddable":true,"href":"https:\/\/www.movistar.es\/blog\/wp-json\/wp\/v2\/categories?post=8856"},{"taxonomy":"post_tag","embeddable":true,"href":"https:\/\/www.movistar.es\/blog\/wp-json\/wp\/v2\/tags?post=8856"},{"taxonomy":"area","embeddable":true,"href":"https:\/\/www.movistar.es\/blog\/wp-json\/wp\/v2\/area?post=8856"},{"taxonomy":"cluster","embeddable":true,"href":"https:\/\/www.movistar.es\/blog\/wp-json\/wp\/v2\/cluster?post=8856"},{"taxonomy":"linea_editorial","embeddable":true,"href":"https:\/\/www.movistar.es\/blog\/wp-json\/wp\/v2\/linea_editorial?post=8856"},{"taxonomy":"author","embeddable":true,"href":"https:\/\/www.movistar.es\/blog\/wp-json\/wp\/v2\/coauthors?post=8856"}],"curies":[{"name":"wp","href":"https:\/\/api.w.org\/{rel}","templated":true}]}}