{"id":8651,"date":"2022-11-22T09:51:00","date_gmt":"2022-11-22T08:51:00","guid":{"rendered":"https:\/\/www.movistar.es\/blog\/?p=8651"},"modified":"2022-12-05T12:37:41","modified_gmt":"2022-12-05T11:37:41","slug":"famosos-enfermedades-mentales","status":"publish","type":"post","link":"https:\/\/www.movistar.es\/blog\/salud\/famosos-enfermedades-mentales\/","title":{"rendered":"Los famosos visibilizan las enfermedades mentales"},"content":{"rendered":"\n<p>La salud mental se ha visibilizado tras la pandemia covid. Los problemas derivados del confinamiento, las secuelas del virus, y la crisis derivada ha propiciado que las enfermedades mentales empiecen a \u201cdar la cara\u201d. Lo positivo m\u00e1s positivo es que parece que la etapa donde hablar del tema daba miedo est\u00e1 pasando. <\/p>\n\n\n\n<p>La situaci\u00f3n est\u00e1 cambiando a otra donde se trata el tema con naturalidad. Del ocultismo enfermizo hemos pasado al sano reconocimiento. En parte gracias a que muchos personajes famosos est\u00e1n visibilizando este tipo de enfermedades mentales. <\/p>\n\n\n\n<p>Parte de esto se debes a que cada vez son m\u00e1s las cara conocidas, famosos del mundo del cine, la televisi\u00f3n o el deporte, entre otros, que no tienen miedo en hablar de sus enfermedades. Hablar de ello es saludable para quienes tambi\u00e9n las sufren.<\/p>\n\n\n\n<h2 class=\"wp-block-heading\" class=\"wp-block-heading\" id=\"enfermedad-mental-o-salud-mental\">\u00bfEnfermedad mental o salud mental?<\/h2>\n\n\n\n<p>Desde la Organizaci\u00f3n Mundial de la Salud (OMS) lo advierten: la salud no es simplemente la ausencia de afecciones o enfermedades. Concretamente, disfrutar de una buena salud mental es una condici\u00f3n indispensable para hablar de bienestar personal. Por lo tanto, las enfermedades mentales son una parte de la ecuaci\u00f3n.<\/p>\n\n\n\n<p>La <a href=\"https:\/\/www.who.int\/es\/health-topics\/mental-health#tab=tab_1\" target=\"_blank\" rel=\"noreferrer noopener\">OMS<\/a> define la salud mental como un estado de bienestar en el cual el individuo es consciente de sus propias capacidades, puede afrontar las tensiones normales de la vida, puede trabajar de forma productiva y fruct\u00edfera, y es capaz de hacer una contribuci\u00f3n a su comunidad. <\/p>\n\n\n\n<p>\u00bfPuedes identificarte siempre en este estado de bienestar?. A lo largo de la vida, todos pasamos por situaciones complicadas y baches emocionales. \u00bfQui\u00e9n no ha sufrido en alg\u00fan momento situaciones de estr\u00e9s?. Lo cierto es, que la p\u00e9rdida de salud mental o las enfermedades mentales son una realidad cotidiana un problema de salud no siempre visible del que poco se habla y muchos sufren.<\/p>\n\n\n\n<figure class=\"wp-block-image size-large\"><img loading=\"lazy\" decoding=\"async\" height=\"683\" width=\"1024\" src=\"https:\/\/www.movistar.es\/blog\/wp-content\/uploads\/sites\/3\/2022\/11\/Depositphotos_24649775_XL.jpg?w=1024\" alt=\"enfermedad mental\" class=\"wp-image-8837\" srcset=\"https:\/\/www.movistar.es\/blog\/wp-content\/uploads\/sites\/3\/2022\/11\/Depositphotos_24649775_XL.jpg 4992w, https:\/\/www.movistar.es\/blog\/wp-content\/uploads\/sites\/3\/2022\/11\/Depositphotos_24649775_XL.jpg?resize=300,200 300w, https:\/\/www.movistar.es\/blog\/wp-content\/uploads\/sites\/3\/2022\/11\/Depositphotos_24649775_XL.jpg?resize=768,512 768w, https:\/\/www.movistar.es\/blog\/wp-content\/uploads\/sites\/3\/2022\/11\/Depositphotos_24649775_XL.jpg?resize=1024,683 1024w, https:\/\/www.movistar.es\/blog\/wp-content\/uploads\/sites\/3\/2022\/11\/Depositphotos_24649775_XL.jpg?resize=1536,1024 1536w, https:\/\/www.movistar.es\/blog\/wp-content\/uploads\/sites\/3\/2022\/11\/Depositphotos_24649775_XL.jpg?resize=2048,1365 2048w\" sizes=\"auto, (max-width: 1024px) 100vw, 1024px\" \/><figcaption><em>Foto de <a href=\"https:\/\/sp.depositphotos.com\/portfolio-1037987.html\" target=\"_blank\" rel=\"noreferrer noopener\">MonkeyBusiness<\/a><\/em><\/figcaption><\/figure>\n\n\n\n<h2 class=\"wp-block-heading\" class=\"wp-block-heading\" id=\"los-famosos-hablan-de-sus-enfermedades\">Los famosos hablan de sus enfermedades<\/h2>\n\n\n\n<p>Cada vez son m\u00e1s los famosos que hablan abiertamente de su salud mental. De este modo, utilizan su influencia para levantar el estigma que recae sobre la ansiedad, la depresi\u00f3n, los trastornos alimenticios, las adicciones, y dem\u00e1s dificultades mentales. <\/p>\n\n\n\n<p>Sea con trastornos diagnosticados, o simplemente atravesando un momento puntual dif\u00edcil, muchos aprovechan su popularidad para cambiar los prejuicios que siempre han acompa\u00f1ado a la salud mental, y concienciar de la importancia de cuidarla y atenderla.<\/p>\n\n\n\n<p>\u201cSi acabas de salir del hospital y crees que lo que te ha pasado es lo m\u00e1s raro del mundo, ten clar\u00edsimo que no lo es y que aqu\u00ed tienes un amigo\u201d, afirm\u00f3 en su momento \u00c1ngel Mart\u00edn, quien, tras sufrir un brote psic\u00f3tico en junio de 2017 que le llev\u00f3 a estar ingresado 14 d\u00edas en un hospital, public\u00f3 el libro \u201c<a href=\"https:\/\/www.planetadelibros.com\/autor\/angel-martin\/000055384\" target=\"_blank\" rel=\"noreferrer noopener\">Por si las voces vuelven<\/a>\u201d<\/p>\n\n\n\n<p>En \u00e9l que detalla su proceso de perder la cordura, el ingreso psiqui\u00e1trico y su posterior recuperaci\u00f3n. Todo ello, con el fin de concienciar de la importancia de cuidar la salud mental, normalizar las enfermedades mentales para evitar que quienes las padezcan sufran la lacra de ser etiquetados, y mandar el mensaje de \u201cno est\u00e1s solo\u201d.<\/p>\n\n\n\n<p><a href=\"https:\/\/danimartin.com.es\/\" target=\"_blank\" rel=\"noreferrer noopener\">Dani Mart\u00edn<\/a>,<strong> <\/strong>el que fuera l\u00edder del Canto del Loco, es otro de los rostros conocidos de nuestro pa\u00eds que ha visibilizado este tipo de problemas. \u201cVoy a terapia y se lo recomiendo a todo el mundo, es como ir al gimnasio de las emociones. Creo que hay que trabajar el cerebro y el coraz\u00f3n, porque son las cosas m\u00e1s importantes de nuestra vida y yo, estoy orgulloso de hacerlo\u201d, public\u00f3 en Instagram para transmitir a sus seguidores el momento vital en el que se encontraba. <\/p>\n\n\n\n<p>Y si hablamos de figuras populares a d\u00eda de hoy no podemos olvidarnos de mencionar a Ibai Llanos. El <a href=\"https:\/\/www.movistar.es\/blog\/gaming\/que-es-twitch-plataformas-streaming\/\" target=\"_blank\" rel=\"noreferrer noopener\">streamer<\/a> vasco ha hablado sobre salud mental en m\u00faltiples ocasiones con frase como la siguiente:  \u201cVoy a un lugar maravilloso: al psiquiatra\u201d, \u201cSi est\u00e1is pasando una mala racha, si no os encontr\u00e1is bien, si ten\u00e9is problemas\u2026 os recomiendo que lo cont\u00e9is. Contad las cosas a amistades, a familiares, o a un profesional\u201d.<\/p>\n\n\n\n<p>Pero este fen\u00f3meno no solo se ha extendido en nuestro pa\u00eds. Deportistas de \u00e9lite como la estadounidense <a href=\"https:\/\/www.bbc.com\/mundo\/deportes-58726551\" target=\"_blank\" rel=\"noreferrer noopener\">Simone Biles<\/a> han expuesto estos problemas en escenarios de dimensiones tan grandes como los Juegos Ol\u00edmpicos de Tokio 2020.<\/p>\n\n\n\n<figure class=\"wp-block-image size-large\"><img loading=\"lazy\" decoding=\"async\" height=\"683\" width=\"1024\" src=\"https:\/\/www.movistar.es\/blog\/wp-content\/uploads\/sites\/3\/2022\/11\/1637585894_247630_1637586421_noticia_normal_amp.jpg?w=1024\" alt=\"\" class=\"wp-image-8681\" srcset=\"https:\/\/www.movistar.es\/blog\/wp-content\/uploads\/sites\/3\/2022\/11\/1637585894_247630_1637586421_noticia_normal_amp.jpg 1500w, https:\/\/www.movistar.es\/blog\/wp-content\/uploads\/sites\/3\/2022\/11\/1637585894_247630_1637586421_noticia_normal_amp.jpg?resize=300,200 300w, https:\/\/www.movistar.es\/blog\/wp-content\/uploads\/sites\/3\/2022\/11\/1637585894_247630_1637586421_noticia_normal_amp.jpg?resize=768,513 768w, https:\/\/www.movistar.es\/blog\/wp-content\/uploads\/sites\/3\/2022\/11\/1637585894_247630_1637586421_noticia_normal_amp.jpg?resize=1024,683 1024w\" sizes=\"auto, (max-width: 1024px) 100vw, 1024px\" \/><\/figure>\n\n\n\n<p>\u201cSimplemente creo que la salud mental es m\u00e1s importante que los deportes en este momento. Tenemos que proteger nuestras mentes y nuestros cuerpos, y no solo salir y hacer lo que el mundo quiere que hagamos\u201d, declar\u00f3 la medallista ol\u00edmpica.<\/p>\n\n\n\n<blockquote class=\"wp-block-quote has-text-align-center is-layout-flow wp-block-quote-is-layout-flow\"><p>Voy a terapia y estoy orgulloso de hacerlo<\/p><cite>Dani Mart\u00edn<\/cite><\/blockquote>\n\n\n\n<p>Y es que, tan importante es cuidar nuestra salud mental como darle la visibilidad que merece. Estos mensajes nos ayudan a normalizar el hecho de que pedir ayuda es la decisi\u00f3n m\u00e1s inteligente para conseguir las herramientas necesarias de cara a encontrar el bienestar. <\/p>\n\n\n\n<p>Ir al psic\u00f3logo o al psiquiatra, no tener miedo a cont\u00e1rselo a nuestra gente m\u00e1s cercana y confiar en el trabajo que hacen los profesionales no deber\u00eda provocar verg\u00fcenza ninguna. Como dice Dani Mart\u00edn: \u201cVoy a terapia y estoy orgulloso de hacerlo\u201d.<\/p>\n\n\n\n<div class=\"wp-block-media-text alignwide has-media-on-the-right is-stacked-on-mobile\" style=\"grid-template-columns:auto 32%\"><figure class=\"wp-block-media-text__media\"><img loading=\"lazy\" decoding=\"async\" width=\"1000\" height=\"1000\" src=\"https:\/\/www.movistar.es\/blog\/wp-content\/uploads\/sites\/3\/2022\/12\/rafa-nadal-2-1.jpg\" alt=\"Rafa Nadal sobre a salud mental\" class=\"wp-image-9645 size-full\" srcset=\"https:\/\/www.movistar.es\/blog\/wp-content\/uploads\/sites\/3\/2022\/12\/rafa-nadal-2-1.jpg 1000w, https:\/\/www.movistar.es\/blog\/wp-content\/uploads\/sites\/3\/2022\/12\/rafa-nadal-2-1.jpg?resize=150,150 150w, https:\/\/www.movistar.es\/blog\/wp-content\/uploads\/sites\/3\/2022\/12\/rafa-nadal-2-1.jpg?resize=300,300 300w, https:\/\/www.movistar.es\/blog\/wp-content\/uploads\/sites\/3\/2022\/12\/rafa-nadal-2-1.jpg?resize=768,768 768w\" sizes=\"auto, (max-width: 1000px) 100vw, 1000px\" \/><\/figure><div class=\"wp-block-media-text__content\">\n<blockquote class=\"wp-block-quote is-layout-flow wp-block-quote-is-layout-flow\"><p>Para <a href=\"https:\/\/mejorconectados.com\/rafael-nadal-fuerza-mental-deporte\/\" target=\"_blank\" rel=\"noreferrer noopener\">Rafa Nadal<\/a>, tambi\u00e9n es fundamental entrenar la fuerza mental en el deporte a trav\u00e9s de la gesti\u00f3n de los pensamientos, acciones y emociones.<\/p><cite>Puedes consultar el resto de la entrevista en <a href=\"https:\/\/mejorconectados.com\/\" target=\"_blank\" rel=\"noreferrer noopener\">Mejor Conectados<\/a>.<\/cite><\/blockquote>\n<\/div><\/div>\n\n\n\n<h2 class=\"wp-block-heading\" id=\"h-algunos-datos-sobre-salud-mental\">Algunos datos sobre salud mental<\/h2>\n\n\n\n<p>Seg\u00fan las \u00faltimas cifras de la OMS, el 9% de la poblaci\u00f3n tiene alg\u00fan problema de salud mental y el 25% lo tendr\u00e1 a lo largo de su vida. Adem\u00e1s, el 12,5% de los problemas de salud tiene que ver con trastornos mentales. Esta cifra supera la del c\u00e1ncer y los problemas de salud cardiovascular. <\/p>\n\n\n\n<p>La p\u00e9rdida de salud mental no es algo que afecte \u00fanicamente a la poblaci\u00f3n adulta. Aproximadamente uno de cada cinco ni\u00f1os, ni\u00f1as y adolescentes tiene un trastorno de salud mental, seg\u00fan informaciones de la Cruz Roja. Datos alarmantes que, hoy en d\u00eda, no corresponden con la visibilidad que se le da al problema.<\/p>\n\n\n\n<p>Y es que pesar de que en los \u00faltimos a\u00f1os la salud mental ha dejado de ser un tab\u00fa del que no se pod\u00eda hablar, todav\u00eda son muchos los que se averg\u00fcenzan de recurrir a un profesional buscando ayuda. <\/p>\n\n\n\n<h2 class=\"wp-block-heading\" id=\"h-cuida-de-tu-salud-con-movistar\">Cuida de tu salud con Movistar<\/h2>\n\n\n\n<p>Como ya hemos visto, hablar de las cosas es importante, sobre todo si contamos con los mejores expertos. Movistar Salud tiene un servicio de salud mental para ayudarte siempre que lo necesites.<\/p>\n\n\n\n<p>Te recordamos que si eres cliente de <a href=\"https:\/\/www.movistar.es\/particulares\/telemedicina-medico-online?pid=blogmovistar_salud_8651\" target=\"_blank\" rel=\"noreferrer noopener nofollow\">Movistar Salud, tienes especialistas que pueden ayudarte<\/a>. Movistar Salud es el servicio de telemedicina pensado para ti.<\/p>\n\n\n\n<p><em>Foto destacada de <a href=\"https:\/\/sp.depositphotos.com\/portfolio-1229718.html\" target=\"_blank\" rel=\"noreferrer noopener\">Lightsource<\/a><\/em><\/p>\n","protected":false},"excerpt":{"rendered":"<p>La salud mental se ha visibilizado tras la pandemia covid. Los problemas derivados del confinamiento, las secuelas del virus, y la crisis derivada ha propiciado que las enfermedades mentales empiecen a \u201cdar la cara\u201d. Lo [&hellip;]<\/p>\n","protected":false},"author":119,"featured_media":8836,"comment_status":"closed","ping_status":"closed","sticky":false,"template":"","format":"standard","meta":{"site-sidebar-layout":"default","site-content-layout":"","ast-site-content-layout":"","site-content-style":"default","site-sidebar-style":"default","ast-global-header-display":"","ast-banner-title-visibility":"","ast-main-header-display":"","ast-hfb-above-header-display":"","ast-hfb-below-header-display":"","ast-hfb-mobile-header-display":"","site-post-title":"","ast-breadcrumbs-content":"","ast-featured-img":"","footer-sml-layout":"","theme-transparent-header-meta":"","adv-header-id-meta":"","stick-header-meta":"","header-above-stick-meta":"","header-main-stick-meta":"","header-below-stick-meta":"","astra-migrate-meta-layouts":"default","ast-page-background-enabled":"default","ast-page-background-meta":{"desktop":{"background-color":"var(--ast-global-color-4)","background-image":"","background-repeat":"repeat","background-position":"center center","background-size":"auto","background-attachment":"scroll","background-type":"","background-media":"","overlay-type":"","overlay-color":"","overlay-opacity":"","overlay-gradient":""},"tablet":{"background-color":"","background-image":"","background-repeat":"repeat","background-position":"center center","background-size":"auto","background-attachment":"scroll","background-type":"","background-media":"","overlay-type":"","overlay-color":"","overlay-opacity":"","overlay-gradient":""},"mobile":{"background-color":"","background-image":"","background-repeat":"repeat","background-position":"center center","background-size":"auto","background-attachment":"scroll","background-type":"","background-media":"","overlay-type":"","overlay-color":"","overlay-opacity":"","overlay-gradient":""}},"ast-content-background-meta":{"desktop":{"background-color":"var(--ast-global-color-5)","background-image":"","background-repeat":"repeat","background-position":"center center","background-size":"auto","background-attachment":"scroll","background-type":"","background-media":"","overlay-type":"","overlay-color":"","overlay-opacity":"","overlay-gradient":""},"tablet":{"background-color":"var(--ast-global-color-5)","background-image":"","background-repeat":"repeat","background-position":"center center","background-size":"auto","background-attachment":"scroll","background-type":"","background-media":"","overlay-type":"","overlay-color":"","overlay-opacity":"","overlay-gradient":""},"mobile":{"background-color":"var(--ast-global-color-5)","background-image":"","background-repeat":"repeat","background-position":"center center","background-size":"auto","background-attachment":"scroll","background-type":"","background-media":"","overlay-type":"","overlay-color":"","overlay-opacity":"","overlay-gradient":""}},"_jetpack_memberships_contains_paid_content":false,"footnotes":""},"categories":[1],"tags":[],"area":[427],"cluster":[99],"linea_editorial":[],"coauthors":[509],"class_list":["post-8651","post","type-post","status-publish","format-standard","has-post-thumbnail","hentry","category-sin-categoria","area-gametv","cluster-salud"],"yoast_head":"<!-- This site is optimized with the Yoast SEO Premium plugin v25.5 (Yoast SEO v25.5) - https:\/\/yoast.com\/wordpress\/plugins\/seo\/ -->\n<title>Famosos enfermedades mentales: La importancia de visibilizarlas<\/title>\n<meta name=\"description\" content=\"Los famosos est\u00e1 hablando sin tapujos de su salud mental. Dani Martin, \u00c1ngel Mart\u00edn, Ibai Llanos y otros muchos. Hablamos de ello.\" \/>\n<meta name=\"robots\" content=\"index, follow, max-snippet:-1, max-image-preview:large, max-video-preview:-1\" \/>\n<link rel=\"canonical\" href=\"https:\/\/www.movistar.es\/blog\/salud\/famosos-enfermedades-mentales\/\" \/>\n<meta property=\"og:locale\" content=\"es_ES\" \/>\n<meta property=\"og:type\" content=\"article\" \/>\n<meta property=\"og:title\" content=\"Los famosos visibilizan las enfermedades mentales\" \/>\n<meta property=\"og:description\" content=\"Los famosos est\u00e1 hablando sin tapujos de su salud mental. Dani Martin, \u00c1ngel Mart\u00edn, Ibai Llanos y otros muchos. Hablamos de ello.\" \/>\n<meta property=\"og:url\" content=\"https:\/\/www.movistar.es\/blog\/salud\/famosos-enfermedades-mentales\/\" \/>\n<meta property=\"og:site_name\" content=\"Movistar blog\" \/>\n<meta property=\"article:published_time\" content=\"2022-11-22T08:51:00+00:00\" \/>\n<meta property=\"article:modified_time\" content=\"2022-12-05T11:37:41+00:00\" \/>\n<meta name=\"author\" content=\"Equipo de Psicolog\u00eda de Teladoc\" \/>\n<meta name=\"twitter:card\" content=\"summary_large_image\" \/>\n<meta name=\"twitter:image\" content=\"https:\/\/www.movistar.es\/blog\/wp-content\/uploads\/sites\/3\/2000\/08\/Depositphotos_71966913_XL.jpg\" \/>\n<meta name=\"twitter:label1\" content=\"Written by\" \/>\n\t<meta name=\"twitter:data1\" content=\"Equipo de Psicolog\u00eda de Teladoc\" \/>\n\t<meta name=\"twitter:label2\" content=\"Est. reading time\" \/>\n\t<meta name=\"twitter:data2\" content=\"6 minutos\" \/>\n<script type=\"application\/ld+json\" class=\"yoast-schema-graph\">{\"@context\":\"https:\/\/schema.org\",\"@graph\":[{\"@type\":\"Article\",\"@id\":\"https:\/\/www.movistar.es\/blog\/salud\/famosos-enfermedades-mentales\/#article\",\"isPartOf\":{\"@id\":\"https:\/\/www.movistar.es\/blog\/salud\/famosos-enfermedades-mentales\/\"},\"author\":{\"name\":\"Equipo de Psicolog\u00eda de Teladoc\",\"@id\":\"https:\/\/www.movistar.es\/blog\/#\/schema\/person\/e8108e00063d6ca43b29faf082df0f8c\"},\"headline\":\"Los famosos visibilizan las enfermedades mentales\",\"datePublished\":\"2022-11-22T08:51:00+00:00\",\"dateModified\":\"2022-12-05T11:37:41+00:00\",\"mainEntityOfPage\":{\"@id\":\"https:\/\/www.movistar.es\/blog\/salud\/famosos-enfermedades-mentales\/\"},\"wordCount\":1157,\"publisher\":{\"@id\":\"https:\/\/www.movistar.es\/blog\/#organization\"},\"image\":{\"@id\":\"https:\/\/www.movistar.es\/blog\/salud\/famosos-enfermedades-mentales\/#primaryimage\"},\"thumbnailUrl\":\"https:\/\/www.movistar.es\/blog\/wp-content\/uploads\/sites\/3\/2000\/08\/Depositphotos_71966913_XL.jpg\",\"inLanguage\":\"es\"},{\"@type\":\"WebPage\",\"@id\":\"https:\/\/www.movistar.es\/blog\/salud\/famosos-enfermedades-mentales\/\",\"url\":\"https:\/\/www.movistar.es\/blog\/salud\/famosos-enfermedades-mentales\/\",\"name\":\"Famosos enfermedades mentales: La importancia de visibilizarlas\",\"isPartOf\":{\"@id\":\"https:\/\/www.movistar.es\/blog\/#website\"},\"primaryImageOfPage\":{\"@id\":\"https:\/\/www.movistar.es\/blog\/salud\/famosos-enfermedades-mentales\/#primaryimage\"},\"image\":{\"@id\":\"https:\/\/www.movistar.es\/blog\/salud\/famosos-enfermedades-mentales\/#primaryimage\"},\"thumbnailUrl\":\"https:\/\/www.movistar.es\/blog\/wp-content\/uploads\/sites\/3\/2000\/08\/Depositphotos_71966913_XL.jpg\",\"datePublished\":\"2022-11-22T08:51:00+00:00\",\"dateModified\":\"2022-12-05T11:37:41+00:00\",\"description\":\"Los famosos est\u00e1 hablando sin tapujos de su salud mental. Dani Martin, \u00c1ngel Mart\u00edn, Ibai Llanos y otros muchos. Hablamos de ello.\",\"breadcrumb\":{\"@id\":\"https:\/\/www.movistar.es\/blog\/salud\/famosos-enfermedades-mentales\/#breadcrumb\"},\"inLanguage\":\"es\",\"potentialAction\":[{\"@type\":\"ReadAction\",\"target\":[\"https:\/\/www.movistar.es\/blog\/salud\/famosos-enfermedades-mentales\/\"]}]},{\"@type\":\"ImageObject\",\"inLanguage\":\"es\",\"@id\":\"https:\/\/www.movistar.es\/blog\/salud\/famosos-enfermedades-mentales\/#primaryimage\",\"url\":\"https:\/\/www.movistar.es\/blog\/wp-content\/uploads\/sites\/3\/2000\/08\/Depositphotos_71966913_XL.jpg\",\"contentUrl\":\"https:\/\/www.movistar.es\/blog\/wp-content\/uploads\/sites\/3\/2000\/08\/Depositphotos_71966913_XL.jpg\",\"width\":5089,\"height\":3170,\"caption\":\"Mental health symbol Puzzle and head brain concept as a human face profile made from crumpled white paper with a jigsaw piece cut out on a rustic old double page spread horizontal wood background.\"},{\"@type\":\"BreadcrumbList\",\"@id\":\"https:\/\/www.movistar.es\/blog\/salud\/famosos-enfermedades-mentales\/#breadcrumb\",\"itemListElement\":[{\"@type\":\"ListItem\",\"position\":1,\"name\":\"Home\",\"item\":\"https:\/\/www.movistar.es\/blog\/\"},{\"@type\":\"ListItem\",\"position\":2,\"name\":\"Los famosos visibilizan las enfermedades mentales\"}]},{\"@type\":\"WebSite\",\"@id\":\"https:\/\/www.movistar.es\/blog\/#website\",\"url\":\"https:\/\/www.movistar.es\/blog\/\",\"name\":\"Movistar blog\",\"description\":\"Movistar Blog. Informaci\u00f3n y m\u00e1s sobre los productos y servicios de Movistar\",\"publisher\":{\"@id\":\"https:\/\/www.movistar.es\/blog\/#organization\"},\"potentialAction\":[{\"@type\":\"SearchAction\",\"target\":{\"@type\":\"EntryPoint\",\"urlTemplate\":\"https:\/\/www.movistar.es\/blog\/?s={search_term_string}\"},\"query-input\":{\"@type\":\"PropertyValueSpecification\",\"valueRequired\":true,\"valueName\":\"search_term_string\"}}],\"inLanguage\":\"es\"},{\"@type\":\"Organization\",\"@id\":\"https:\/\/www.movistar.es\/blog\/#organization\",\"name\":\"Movistar blog\",\"url\":\"https:\/\/www.movistar.es\/blog\/\",\"logo\":{\"@type\":\"ImageObject\",\"inLanguage\":\"es\",\"@id\":\"https:\/\/www.movistar.es\/blog\/#\/schema\/logo\/image\/\",\"url\":\"https:\/\/www.movistar.es\/blog\/wp-content\/uploads\/sites\/3\/2022\/05\/logo_movistar-1.svg\",\"contentUrl\":\"https:\/\/www.movistar.es\/blog\/wp-content\/uploads\/sites\/3\/2022\/05\/logo_movistar-1.svg\",\"width\":369,\"height\":272,\"caption\":\"Movistar blog\"},\"image\":{\"@id\":\"https:\/\/www.movistar.es\/blog\/#\/schema\/logo\/image\/\"}},{\"@type\":\"Person\",\"@id\":\"https:\/\/www.movistar.es\/blog\/#\/schema\/person\/e8108e00063d6ca43b29faf082df0f8c\",\"name\":\"Equipo de Psicolog\u00eda de Teladoc\",\"image\":{\"@type\":\"ImageObject\",\"inLanguage\":\"es\",\"@id\":\"https:\/\/www.movistar.es\/blog\/#\/schema\/person\/image\/d3184f1b60fa6e1ee3afe290139ea877\",\"url\":\"https:\/\/secure.gravatar.com\/avatar\/535cf120c17ee5228bf826b83c9e871ebb771bf7aae8a3e9aa423aef3b055956\",\"contentUrl\":\"https:\/\/secure.gravatar.com\/avatar\/535cf120c17ee5228bf826b83c9e871ebb771bf7aae8a3e9aa423aef3b055956\",\"caption\":\"Equipo de Psicolog\u00eda de Teladoc\"},\"description\":\"Equipo de psic\u00f3logos profesionales en activo que atienden a diario las consultas de los usuarios. Especialistas motivados por transmitir sus conocimientos y consejos de una forma clara y entendible. Todos ellos forman parte de Teladoc Health, compa\u00f1\u00eda l\u00edder mundial en el sector de la telemedicina.\",\"sameAs\":[\"https:\/\/www.linkedin.com\/company\/teladoc-health\",\"https:\/\/en.wikipedia.org\/wiki\/Teladoc_Health\"],\"knowsAbout\":[\"psicolog\u00eda\",\"medicina\"],\"url\":\"https:\/\/www.movistar.es\/blog\/author\/equipopsicologiateladoc\/\"}]}<\/script>\n<!-- \/ Yoast SEO Premium plugin. -->","yoast_head_json":{"title":"Famosos enfermedades mentales: La importancia de visibilizarlas","description":"Los famosos est\u00e1 hablando sin tapujos de su salud mental. Dani Martin, \u00c1ngel Mart\u00edn, Ibai Llanos y otros muchos. Hablamos de ello.","robots":{"index":"index","follow":"follow","max-snippet":"max-snippet:-1","max-image-preview":"max-image-preview:large","max-video-preview":"max-video-preview:-1"},"canonical":"https:\/\/www.movistar.es\/blog\/salud\/famosos-enfermedades-mentales\/","og_locale":"es_ES","og_type":"article","og_title":"Los famosos visibilizan las enfermedades mentales","og_description":"Los famosos est\u00e1 hablando sin tapujos de su salud mental. Dani Martin, \u00c1ngel Mart\u00edn, Ibai Llanos y otros muchos. Hablamos de ello.","og_url":"https:\/\/www.movistar.es\/blog\/salud\/famosos-enfermedades-mentales\/","og_site_name":"Movistar blog","article_published_time":"2022-11-22T08:51:00+00:00","article_modified_time":"2022-12-05T11:37:41+00:00","author":"Equipo de Psicolog\u00eda de Teladoc","twitter_card":"summary_large_image","twitter_image":"https:\/\/www.movistar.es\/blog\/wp-content\/uploads\/sites\/3\/2000\/08\/Depositphotos_71966913_XL.jpg","twitter_misc":{"Written by":"Equipo de Psicolog\u00eda de Teladoc","Est. reading time":"6 minutos"},"schema":{"@context":"https:\/\/schema.org","@graph":[{"@type":"Article","@id":"https:\/\/www.movistar.es\/blog\/salud\/famosos-enfermedades-mentales\/#article","isPartOf":{"@id":"https:\/\/www.movistar.es\/blog\/salud\/famosos-enfermedades-mentales\/"},"author":{"name":"Equipo de Psicolog\u00eda de Teladoc","@id":"https:\/\/www.movistar.es\/blog\/#\/schema\/person\/e8108e00063d6ca43b29faf082df0f8c"},"headline":"Los famosos visibilizan las enfermedades mentales","datePublished":"2022-11-22T08:51:00+00:00","dateModified":"2022-12-05T11:37:41+00:00","mainEntityOfPage":{"@id":"https:\/\/www.movistar.es\/blog\/salud\/famosos-enfermedades-mentales\/"},"wordCount":1157,"publisher":{"@id":"https:\/\/www.movistar.es\/blog\/#organization"},"image":{"@id":"https:\/\/www.movistar.es\/blog\/salud\/famosos-enfermedades-mentales\/#primaryimage"},"thumbnailUrl":"https:\/\/www.movistar.es\/blog\/wp-content\/uploads\/sites\/3\/2000\/08\/Depositphotos_71966913_XL.jpg","inLanguage":"es"},{"@type":"WebPage","@id":"https:\/\/www.movistar.es\/blog\/salud\/famosos-enfermedades-mentales\/","url":"https:\/\/www.movistar.es\/blog\/salud\/famosos-enfermedades-mentales\/","name":"Famosos enfermedades mentales: La importancia de visibilizarlas","isPartOf":{"@id":"https:\/\/www.movistar.es\/blog\/#website"},"primaryImageOfPage":{"@id":"https:\/\/www.movistar.es\/blog\/salud\/famosos-enfermedades-mentales\/#primaryimage"},"image":{"@id":"https:\/\/www.movistar.es\/blog\/salud\/famosos-enfermedades-mentales\/#primaryimage"},"thumbnailUrl":"https:\/\/www.movistar.es\/blog\/wp-content\/uploads\/sites\/3\/2000\/08\/Depositphotos_71966913_XL.jpg","datePublished":"2022-11-22T08:51:00+00:00","dateModified":"2022-12-05T11:37:41+00:00","description":"Los famosos est\u00e1 hablando sin tapujos de su salud mental. Dani Martin, \u00c1ngel Mart\u00edn, Ibai Llanos y otros muchos. Hablamos de ello.","breadcrumb":{"@id":"https:\/\/www.movistar.es\/blog\/salud\/famosos-enfermedades-mentales\/#breadcrumb"},"inLanguage":"es","potentialAction":[{"@type":"ReadAction","target":["https:\/\/www.movistar.es\/blog\/salud\/famosos-enfermedades-mentales\/"]}]},{"@type":"ImageObject","inLanguage":"es","@id":"https:\/\/www.movistar.es\/blog\/salud\/famosos-enfermedades-mentales\/#primaryimage","url":"https:\/\/www.movistar.es\/blog\/wp-content\/uploads\/sites\/3\/2000\/08\/Depositphotos_71966913_XL.jpg","contentUrl":"https:\/\/www.movistar.es\/blog\/wp-content\/uploads\/sites\/3\/2000\/08\/Depositphotos_71966913_XL.jpg","width":5089,"height":3170,"caption":"Mental health symbol Puzzle and head brain concept as a human face profile made from crumpled white paper with a jigsaw piece cut out on a rustic old double page spread horizontal wood background."},{"@type":"BreadcrumbList","@id":"https:\/\/www.movistar.es\/blog\/salud\/famosos-enfermedades-mentales\/#breadcrumb","itemListElement":[{"@type":"ListItem","position":1,"name":"Home","item":"https:\/\/www.movistar.es\/blog\/"},{"@type":"ListItem","position":2,"name":"Los famosos visibilizan las enfermedades mentales"}]},{"@type":"WebSite","@id":"https:\/\/www.movistar.es\/blog\/#website","url":"https:\/\/www.movistar.es\/blog\/","name":"Movistar blog","description":"Movistar Blog. Informaci\u00f3n y m\u00e1s sobre los productos y servicios de Movistar","publisher":{"@id":"https:\/\/www.movistar.es\/blog\/#organization"},"potentialAction":[{"@type":"SearchAction","target":{"@type":"EntryPoint","urlTemplate":"https:\/\/www.movistar.es\/blog\/?s={search_term_string}"},"query-input":{"@type":"PropertyValueSpecification","valueRequired":true,"valueName":"search_term_string"}}],"inLanguage":"es"},{"@type":"Organization","@id":"https:\/\/www.movistar.es\/blog\/#organization","name":"Movistar blog","url":"https:\/\/www.movistar.es\/blog\/","logo":{"@type":"ImageObject","inLanguage":"es","@id":"https:\/\/www.movistar.es\/blog\/#\/schema\/logo\/image\/","url":"https:\/\/www.movistar.es\/blog\/wp-content\/uploads\/sites\/3\/2022\/05\/logo_movistar-1.svg","contentUrl":"https:\/\/www.movistar.es\/blog\/wp-content\/uploads\/sites\/3\/2022\/05\/logo_movistar-1.svg","width":369,"height":272,"caption":"Movistar blog"},"image":{"@id":"https:\/\/www.movistar.es\/blog\/#\/schema\/logo\/image\/"}},{"@type":"Person","@id":"https:\/\/www.movistar.es\/blog\/#\/schema\/person\/e8108e00063d6ca43b29faf082df0f8c","name":"Equipo de Psicolog\u00eda de Teladoc","image":{"@type":"ImageObject","inLanguage":"es","@id":"https:\/\/www.movistar.es\/blog\/#\/schema\/person\/image\/d3184f1b60fa6e1ee3afe290139ea877","url":"https:\/\/secure.gravatar.com\/avatar\/535cf120c17ee5228bf826b83c9e871ebb771bf7aae8a3e9aa423aef3b055956","contentUrl":"https:\/\/secure.gravatar.com\/avatar\/535cf120c17ee5228bf826b83c9e871ebb771bf7aae8a3e9aa423aef3b055956","caption":"Equipo de Psicolog\u00eda de Teladoc"},"description":"Equipo de psic\u00f3logos profesionales en activo que atienden a diario las consultas de los usuarios. Especialistas motivados por transmitir sus conocimientos y consejos de una forma clara y entendible. Todos ellos forman parte de Teladoc Health, compa\u00f1\u00eda l\u00edder mundial en el sector de la telemedicina.","sameAs":["https:\/\/www.linkedin.com\/company\/teladoc-health","https:\/\/en.wikipedia.org\/wiki\/Teladoc_Health"],"knowsAbout":["psicolog\u00eda","medicina"],"url":"https:\/\/www.movistar.es\/blog\/author\/equipopsicologiateladoc\/"}]}},"jetpack_featured_media_url":"https:\/\/www.movistar.es\/blog\/wp-content\/uploads\/sites\/3\/2000\/08\/Depositphotos_71966913_XL.jpg","jetpack_sharing_enabled":true,"_links":{"self":[{"href":"https:\/\/www.movistar.es\/blog\/wp-json\/wp\/v2\/posts\/8651","targetHints":{"allow":["GET"]}}],"collection":[{"href":"https:\/\/www.movistar.es\/blog\/wp-json\/wp\/v2\/posts"}],"about":[{"href":"https:\/\/www.movistar.es\/blog\/wp-json\/wp\/v2\/types\/post"}],"author":[{"embeddable":true,"href":"https:\/\/www.movistar.es\/blog\/wp-json\/wp\/v2\/users\/119"}],"replies":[{"embeddable":true,"href":"https:\/\/www.movistar.es\/blog\/wp-json\/wp\/v2\/comments?post=8651"}],"version-history":[{"count":28,"href":"https:\/\/www.movistar.es\/blog\/wp-json\/wp\/v2\/posts\/8651\/revisions"}],"predecessor-version":[{"id":9654,"href":"https:\/\/www.movistar.es\/blog\/wp-json\/wp\/v2\/posts\/8651\/revisions\/9654"}],"wp:featuredmedia":[{"embeddable":true,"href":"https:\/\/www.movistar.es\/blog\/wp-json\/wp\/v2\/media\/8836"}],"wp:attachment":[{"href":"https:\/\/www.movistar.es\/blog\/wp-json\/wp\/v2\/media?parent=8651"}],"wp:term":[{"taxonomy":"category","embeddable":true,"href":"https:\/\/www.movistar.es\/blog\/wp-json\/wp\/v2\/categories?post=8651"},{"taxonomy":"post_tag","embeddable":true,"href":"https:\/\/www.movistar.es\/blog\/wp-json\/wp\/v2\/tags?post=8651"},{"taxonomy":"area","embeddable":true,"href":"https:\/\/www.movistar.es\/blog\/wp-json\/wp\/v2\/area?post=8651"},{"taxonomy":"cluster","embeddable":true,"href":"https:\/\/www.movistar.es\/blog\/wp-json\/wp\/v2\/cluster?post=8651"},{"taxonomy":"linea_editorial","embeddable":true,"href":"https:\/\/www.movistar.es\/blog\/wp-json\/wp\/v2\/linea_editorial?post=8651"},{"taxonomy":"author","embeddable":true,"href":"https:\/\/www.movistar.es\/blog\/wp-json\/wp\/v2\/coauthors?post=8651"}],"curies":[{"name":"wp","href":"https:\/\/api.w.org\/{rel}","templated":true}]}}