{"id":8489,"date":"2022-11-18T15:47:00","date_gmt":"2022-11-18T14:47:00","guid":{"rendered":"https:\/\/www.movistar.es\/blog\/?p=8489"},"modified":"2022-11-16T14:48:01","modified_gmt":"2022-11-16T13:48:01","slug":"todo-va-a-mejorar-almudena-grandes","status":"publish","type":"post","link":"https:\/\/www.movistar.es\/blog\/ebooks-audiolibros\/todo-va-a-mejorar-almudena-grandes\/","title":{"rendered":"&#8216;Todo va a mejorar&#8217;, disponible para descarga en ebook la \u00faltima novela de Almudena Grandes"},"content":{"rendered":"\n<p><em>Todo va a mejorar<\/em> es en el \u00faltimo libro de Almudena Grandes, que puedes descargar <a href=\"https:\/\/nextory.movistar.es\/?pid=blogmovistar_ebooksyaudiolibros_8489\" target=\"_blank\" rel=\"noreferrer noopener\">en formato audio o ebook gracias a Movistar Nextory<\/a>. Una novela literaria dist\u00f3pica, editada por Tusquets, de la autora que falleci\u00f3 de c\u00e1ncer en noviembre de 2021. Un obra necesaria en su momento vital y que queda como testimonio p\u00f3stumo de su gran val\u00eda.<\/p>\n\n\n\n<p>Espa\u00f1a en un futuro pr\u00f3ximo. Un nuevo partido pol\u00edtico llamado Movimiento Ciudadano \u00a1Soluciones Ya! ha arrasado en las elecciones. Quien lo dirige en la sombra es un empresario de \u00e9xito que propugna que el Consejo de Ministros funcione como un consejo de administraci\u00f3n, y que tiene proyectos ambiciosos para arreglar el pa\u00eds. Tras la alarma de una ola de vandalismo, formar\u00e1 un nuevo cuerpo de Vigilantes, tras un Gran Apag\u00f3n crear\u00e1 un acceso limitado a internet, y, ante las dificultades, estimular\u00e1 la libertad de compras y consumo. Todas ellas ser\u00e1n medidas extraordinarias porque el pa\u00eds se enfrenta a nuevas formas de pandemia que exigen velar ante todo por la seguridad. \u00abLa seguridad es salud. La salud es vida. La vida es seguridad.\u00bb<\/p>\n\n\n\n<figure class=\"wp-block-image size-large\"><img loading=\"lazy\" decoding=\"async\" height=\"1024\" width=\"1024\" src=\"https:\/\/www.movistar.es\/blog\/wp-content\/uploads\/sites\/3\/2022\/11\/todo-va-a-mejorar_1080x1080.jpg?w=1024\" alt=\"\" class=\"wp-image-8499\" srcset=\"https:\/\/www.movistar.es\/blog\/wp-content\/uploads\/sites\/3\/2022\/11\/todo-va-a-mejorar_1080x1080.jpg 1080w, https:\/\/www.movistar.es\/blog\/wp-content\/uploads\/sites\/3\/2022\/11\/todo-va-a-mejorar_1080x1080.jpg?resize=150,150 150w, https:\/\/www.movistar.es\/blog\/wp-content\/uploads\/sites\/3\/2022\/11\/todo-va-a-mejorar_1080x1080.jpg?resize=300,300 300w, https:\/\/www.movistar.es\/blog\/wp-content\/uploads\/sites\/3\/2022\/11\/todo-va-a-mejorar_1080x1080.jpg?resize=768,768 768w, https:\/\/www.movistar.es\/blog\/wp-content\/uploads\/sites\/3\/2022\/11\/todo-va-a-mejorar_1080x1080.jpg?resize=1024,1024 1024w\" sizes=\"auto, (max-width: 1024px) 100vw, 1024px\" \/><figcaption>Portada del libro <em>Todo va a mejorar<\/em> de Almudena Grandes<\/figcaption><\/figure>\n\n\n\n<h2 class=\"wp-block-heading\" id=\"h-en-un-mundo-perfecto-de-felicidad-obligatoria-denunciar-la-mentira-puede-costarte-la-vida\">En un mundo perfecto de felicidad obligatoria, denunciar la mentira puede costarte la vida.<\/h2>\n\n\n\n<p>En la novela <em>Todo va a mejorar<\/em> s\u00f3lo un grupo de mujeres y hombres corrientes se atrever\u00e1n a desmontar las mentiras del nuevo r\u00e9gimen en el que todo aparenta mejorar, cuando en realidad se vive bajo los abusos de poderosos sin escr\u00fapulos. Porque la triste realidad es<mark> que un mundo perfecto de felicidad obligatoria, denunciar la mentira puede costarte la vida.<\/mark><\/p>\n\n\n\n<p>Novela coral de anticipaci\u00f3n pol\u00edtica, <em>Todo va a mejorar<\/em>, tiene lo mejor de los \u00ab<a href=\"https:\/\/es.wikipedia.org\/wiki\/Episodios_de_una_guerra_interminable\" target=\"_blank\" rel=\"noreferrer noopener nofollow\">Episodios de una Guerra Interminable<\/a>\u00ab. Pero la \u00faltima novela de Almudena Grandes es sobre todo una galer\u00eda inolvidable de personajes. Personas que van contando su experiencia de adaptaci\u00f3n a un pa\u00eds que ha sufrido fuertes sacudidas y en el que no quieren resignarse. Todo va a mejorar, es el legado de una gran narradora que logra de nuevo emocionarnos y despertar conciencias. No dudamos que <a href=\"https:\/\/nextory.movistar.es\/?pid=blogmovistar_ebooksyaudiolibros_8086\" target=\"_blank\" rel=\"noreferrer noopener nofollow\">vas a disfrutarlo en cualquiera de sus formatos con Movistar Nextory.<\/a><\/p>\n\n\n\n<p>Sobre la obra, <a href=\"https:\/\/www.instagram.com\/almudena_grandes1960\/tagged\/?hl=es\" target=\"_blank\" rel=\"noreferrer noopener nofollow\">Almundena Grandes<\/a> hablaba en septiembre de 2022 de c\u00f3mo fue el nacimiento de la novela: \u00abEstaba reflexionando sobre lo curioso que era que la primera semana [del estado de alarma] estuviese angustiad\u00edsima por no saber de mis hijos a todas horas y que de repente un d\u00eda no habl\u00e9 con ellos y estaba bien, y me dije \u2212es incre\u00edble como nos acostumbramos a todo. Me imagin\u00e9 a una mujer de mi edad y qu\u00e9 pasar\u00eda si no pudiese ver a sus hijos durante largos per\u00edodos de confinamientos. De ese hilo nace esta novela.\u00bb<\/p>\n\n\n\n<figure class=\"wp-block-embed is-type-video is-provider-youtube wp-block-embed-youtube wp-embed-aspect-16-9 wp-has-aspect-ratio\"><div class=\"wp-block-embed__wrapper\">\n<div class=\"wp-block-embed__wrapper\"><div class=\"ast-oembed-container \" style=\"height: 100%;\"><iframe loading=\"lazy\" title=\"&quot;Todo va a mejorar&quot;, de Almudena Grandes\" width=\"1040\" height=\"585\" src=\"https:\/\/www.youtube.com\/embed\/L0dj37NFrto?feature=oembed\" frameborder=\"0\" allow=\"accelerometer; autoplay; clipboard-write; encrypted-media; gyroscope; picture-in-picture; web-share\" referrerpolicy=\"strict-origin-when-cross-origin\" allowfullscreen><\/iframe><\/div><\/div>\n<\/div><figcaption>Luis Garc\u00eda Montero habla de la novela de Almudena, su mujer.<\/figcaption><\/figure>\n\n\n\n<h2 class=\"wp-block-heading\" class=\"wp-block-heading\" id=\"almudena-grandes-se-dio-a-conocer-con-las-edades-de-lulu\">Almudena Grandes se dio a conocer con Las edades de Lul\u00fa<\/h2>\n\n\n\n<p>Almudena Grandes (Madrid, 1960-2021) se dio a conocer en 1989 con <em>Las edades de Lul\u00fa<\/em>.<br>Sus novelas <em>Te llamar\u00e9 Viernes<\/em>,<em> Malena es un nombre de tango<\/em>, <em>Atlas de geograf\u00eda humana<\/em>, <em>Castillos de cart\u00f3n<\/em>, o <em>Los besos en el pan<\/em>, junto con sus libros de cuentos <em>Modelos de mujer<\/em> y <em>Estaciones de paso<\/em>, la han convertido en una autora imprescindible.<\/p>\n\n\n\n<p>La culminaci\u00f3n de su carrera son las cinco novelas que forman sus Episodios de una Guerra Interminable.<\/p>\n\n\n\n<p>Sus obras han sido adaptadas a cine y teatro. Su figura ha sido reconocida con multitud de premios entre los que destacan el Premio de la Fundaci\u00f3n Lara, el Premio de los Libreros de Madrid, el Premio de la Cr\u00edtica de Madrid y el Premio Nacional de Narrativa.<\/p>\n\n\n\n<p>Recuerda que <a href=\"https:\/\/nextory.movistar.es\/?pid=blogmovistar_ebooksyaudiolibros_8086\" target=\"_blank\" rel=\"noreferrer noopener nofollow\">Movistar Nextory pone a tu disposici\u00f3n <em>Todo va a mejorar<\/em> y muchos m\u00e1s t\u00edtulos<\/a> de autoras espa\u00f1olas contempor\u00e1neas en forma de suscripci\u00f3n mensual. <\/p>\n","protected":false},"excerpt":{"rendered":"<p>Todo va a mejorar es en el \u00faltimo libro de Almudena Grandes, que puedes descargar en formato audio o ebook gracias a Movistar Nextory. Una novela literaria dist\u00f3pica, editada por Tusquets, de la autora que [&hellip;]<\/p>\n","protected":false},"author":93,"featured_media":8498,"comment_status":"closed","ping_status":"closed","sticky":false,"template":"","format":"standard","meta":{"site-sidebar-layout":"default","site-content-layout":"","ast-site-content-layout":"","site-content-style":"default","site-sidebar-style":"default","ast-global-header-display":"","ast-banner-title-visibility":"","ast-main-header-display":"","ast-hfb-above-header-display":"","ast-hfb-below-header-display":"","ast-hfb-mobile-header-display":"","site-post-title":"","ast-breadcrumbs-content":"","ast-featured-img":"","footer-sml-layout":"","theme-transparent-header-meta":"","adv-header-id-meta":"","stick-header-meta":"","header-above-stick-meta":"","header-main-stick-meta":"","header-below-stick-meta":"","astra-migrate-meta-layouts":"default","ast-page-background-enabled":"default","ast-page-background-meta":{"desktop":{"background-color":"var(--ast-global-color-4)","background-image":"","background-repeat":"repeat","background-position":"center center","background-size":"auto","background-attachment":"scroll","background-type":"","background-media":"","overlay-type":"","overlay-color":"","overlay-opacity":"","overlay-gradient":""},"tablet":{"background-color":"","background-image":"","background-repeat":"repeat","background-position":"center center","background-size":"auto","background-attachment":"scroll","background-type":"","background-media":"","overlay-type":"","overlay-color":"","overlay-opacity":"","overlay-gradient":""},"mobile":{"background-color":"","background-image":"","background-repeat":"repeat","background-position":"center center","background-size":"auto","background-attachment":"scroll","background-type":"","background-media":"","overlay-type":"","overlay-color":"","overlay-opacity":"","overlay-gradient":""}},"ast-content-background-meta":{"desktop":{"background-color":"var(--ast-global-color-5)","background-image":"","background-repeat":"repeat","background-position":"center center","background-size":"auto","background-attachment":"scroll","background-type":"","background-media":"","overlay-type":"","overlay-color":"","overlay-opacity":"","overlay-gradient":""},"tablet":{"background-color":"var(--ast-global-color-5)","background-image":"","background-repeat":"repeat","background-position":"center center","background-size":"auto","background-attachment":"scroll","background-type":"","background-media":"","overlay-type":"","overlay-color":"","overlay-opacity":"","overlay-gradient":""},"mobile":{"background-color":"var(--ast-global-color-5)","background-image":"","background-repeat":"repeat","background-position":"center center","background-size":"auto","background-attachment":"scroll","background-type":"","background-media":"","overlay-type":"","overlay-color":"","overlay-opacity":"","overlay-gradient":""}},"_jetpack_memberships_contains_paid_content":false,"footnotes":""},"categories":[1],"tags":[],"area":[190],"cluster":[405],"linea_editorial":[],"coauthors":[467],"class_list":["post-8489","post","type-post","status-publish","format-standard","has-post-thumbnail","hentry","category-sin-categoria","area-content-movistar","cluster-ebooks-audiolibros"],"yoast_head":"<!-- This site is optimized with the Yoast SEO Premium plugin v25.5 (Yoast SEO v25.5) - https:\/\/yoast.com\/wordpress\/plugins\/seo\/ -->\n<title>Movistar blog Sin categor\u00eda -<\/title>\n<meta name=\"description\" content=\"&#039;Todo va a mejorar&#039; es en el \u00faltimo libro de Almudena Grandes. El legado de una gran narradora que logra de nuevo emocionarnos.\" \/>\n<meta name=\"robots\" content=\"index, follow, max-snippet:-1, max-image-preview:large, max-video-preview:-1\" \/>\n<link rel=\"canonical\" href=\"https:\/\/www.movistar.es\/blog\/ebooks-audiolibros\/todo-va-a-mejorar-almudena-grandes\/\" \/>\n<meta property=\"og:locale\" content=\"es_ES\" \/>\n<meta property=\"og:type\" content=\"article\" \/>\n<meta property=\"og:title\" content=\"&#039;Todo va a mejorar&#039;, disponible para descarga en ebook la \u00faltima novela de Almudena Grandes\" \/>\n<meta property=\"og:description\" content=\"&#039;Todo va a mejorar&#039; es en el \u00faltimo libro de Almudena Grandes. El legado de una gran narradora que logra de nuevo emocionarnos.\" \/>\n<meta property=\"og:url\" content=\"https:\/\/www.movistar.es\/blog\/ebooks-audiolibros\/todo-va-a-mejorar-almudena-grandes\/\" \/>\n<meta property=\"og:site_name\" content=\"Movistar blog\" \/>\n<meta property=\"article:author\" content=\"movistar.es\/\" \/>\n<meta property=\"article:published_time\" content=\"2022-11-18T14:47:00+00:00\" \/>\n<meta property=\"og:image\" content=\"https:\/\/www.movistar.es\/blog\/wp-content\/uploads\/sites\/3\/2022\/11\/todo-va-a-mejorar_1040x650.jpg\" \/>\n\t<meta property=\"og:image:width\" content=\"1040\" \/>\n\t<meta property=\"og:image:height\" content=\"650\" \/>\n\t<meta property=\"og:image:type\" content=\"image\/jpeg\" \/>\n<meta name=\"author\" content=\"Equipo de Redacci\u00f3n\" \/>\n<meta name=\"twitter:card\" content=\"summary_large_image\" \/>\n<meta name=\"twitter:creator\" content=\"@movistar_es\" \/>\n<meta name=\"twitter:label1\" content=\"Written by\" \/>\n\t<meta name=\"twitter:data1\" content=\"Equipo de Redacci\u00f3n\" \/>\n\t<meta name=\"twitter:label2\" content=\"Est. reading time\" \/>\n\t<meta name=\"twitter:data2\" content=\"4 minutos\" \/>\n<script type=\"application\/ld+json\" class=\"yoast-schema-graph\">{\"@context\":\"https:\/\/schema.org\",\"@graph\":[{\"@type\":\"Article\",\"@id\":\"https:\/\/www.movistar.es\/blog\/ebooks-audiolibros\/todo-va-a-mejorar-almudena-grandes\/#article\",\"isPartOf\":{\"@id\":\"https:\/\/www.movistar.es\/blog\/ebooks-audiolibros\/todo-va-a-mejorar-almudena-grandes\/\"},\"author\":{\"name\":\"Equipo de Redacci\u00f3n\",\"@id\":\"https:\/\/www.movistar.es\/blog\/#\/schema\/person\/6184006f5def4638e52e2d0ff98bd55a\"},\"headline\":\"&#8216;Todo va a mejorar&#8217;, disponible para descarga en ebook la \u00faltima novela de Almudena Grandes\",\"datePublished\":\"2022-11-18T14:47:00+00:00\",\"mainEntityOfPage\":{\"@id\":\"https:\/\/www.movistar.es\/blog\/ebooks-audiolibros\/todo-va-a-mejorar-almudena-grandes\/\"},\"wordCount\":683,\"publisher\":{\"@id\":\"https:\/\/www.movistar.es\/blog\/#organization\"},\"image\":{\"@id\":\"https:\/\/www.movistar.es\/blog\/ebooks-audiolibros\/todo-va-a-mejorar-almudena-grandes\/#primaryimage\"},\"thumbnailUrl\":\"https:\/\/www.movistar.es\/blog\/wp-content\/uploads\/sites\/3\/2022\/11\/todo-va-a-mejorar_1040x650.jpg\",\"inLanguage\":\"es\"},{\"@type\":\"WebPage\",\"@id\":\"https:\/\/www.movistar.es\/blog\/ebooks-audiolibros\/todo-va-a-mejorar-almudena-grandes\/\",\"url\":\"https:\/\/www.movistar.es\/blog\/ebooks-audiolibros\/todo-va-a-mejorar-almudena-grandes\/\",\"name\":\"Movistar blog Sin categor\u00eda -\",\"isPartOf\":{\"@id\":\"https:\/\/www.movistar.es\/blog\/#website\"},\"primaryImageOfPage\":{\"@id\":\"https:\/\/www.movistar.es\/blog\/ebooks-audiolibros\/todo-va-a-mejorar-almudena-grandes\/#primaryimage\"},\"image\":{\"@id\":\"https:\/\/www.movistar.es\/blog\/ebooks-audiolibros\/todo-va-a-mejorar-almudena-grandes\/#primaryimage\"},\"thumbnailUrl\":\"https:\/\/www.movistar.es\/blog\/wp-content\/uploads\/sites\/3\/2022\/11\/todo-va-a-mejorar_1040x650.jpg\",\"datePublished\":\"2022-11-18T14:47:00+00:00\",\"description\":\"'Todo va a mejorar' es en el \u00faltimo libro de Almudena Grandes. El legado de una gran narradora que logra de nuevo emocionarnos.\",\"breadcrumb\":{\"@id\":\"https:\/\/www.movistar.es\/blog\/ebooks-audiolibros\/todo-va-a-mejorar-almudena-grandes\/#breadcrumb\"},\"inLanguage\":\"es\",\"potentialAction\":[{\"@type\":\"ReadAction\",\"target\":[\"https:\/\/www.movistar.es\/blog\/ebooks-audiolibros\/todo-va-a-mejorar-almudena-grandes\/\"]}]},{\"@type\":\"ImageObject\",\"inLanguage\":\"es\",\"@id\":\"https:\/\/www.movistar.es\/blog\/ebooks-audiolibros\/todo-va-a-mejorar-almudena-grandes\/#primaryimage\",\"url\":\"https:\/\/www.movistar.es\/blog\/wp-content\/uploads\/sites\/3\/2022\/11\/todo-va-a-mejorar_1040x650.jpg\",\"contentUrl\":\"https:\/\/www.movistar.es\/blog\/wp-content\/uploads\/sites\/3\/2022\/11\/todo-va-a-mejorar_1040x650.jpg\",\"width\":1040,\"height\":650,\"caption\":\"novela postuma de almudena grandes\"},{\"@type\":\"BreadcrumbList\",\"@id\":\"https:\/\/www.movistar.es\/blog\/ebooks-audiolibros\/todo-va-a-mejorar-almudena-grandes\/#breadcrumb\",\"itemListElement\":[{\"@type\":\"ListItem\",\"position\":1,\"name\":\"Home\",\"item\":\"https:\/\/www.movistar.es\/blog\/\"},{\"@type\":\"ListItem\",\"position\":2,\"name\":\"&#8216;Todo va a mejorar&#8217;, disponible para descarga en ebook la \u00faltima novela de Almudena Grandes\"}]},{\"@type\":\"WebSite\",\"@id\":\"https:\/\/www.movistar.es\/blog\/#website\",\"url\":\"https:\/\/www.movistar.es\/blog\/\",\"name\":\"Movistar blog\",\"description\":\"Movistar Blog. Informaci\u00f3n y m\u00e1s sobre los productos y servicios de Movistar\",\"publisher\":{\"@id\":\"https:\/\/www.movistar.es\/blog\/#organization\"},\"potentialAction\":[{\"@type\":\"SearchAction\",\"target\":{\"@type\":\"EntryPoint\",\"urlTemplate\":\"https:\/\/www.movistar.es\/blog\/?s={search_term_string}\"},\"query-input\":{\"@type\":\"PropertyValueSpecification\",\"valueRequired\":true,\"valueName\":\"search_term_string\"}}],\"inLanguage\":\"es\"},{\"@type\":\"Organization\",\"@id\":\"https:\/\/www.movistar.es\/blog\/#organization\",\"name\":\"Movistar blog\",\"url\":\"https:\/\/www.movistar.es\/blog\/\",\"logo\":{\"@type\":\"ImageObject\",\"inLanguage\":\"es\",\"@id\":\"https:\/\/www.movistar.es\/blog\/#\/schema\/logo\/image\/\",\"url\":\"https:\/\/www.movistar.es\/blog\/wp-content\/uploads\/sites\/3\/2022\/05\/logo_movistar-1.svg\",\"contentUrl\":\"https:\/\/www.movistar.es\/blog\/wp-content\/uploads\/sites\/3\/2022\/05\/logo_movistar-1.svg\",\"width\":369,\"height\":272,\"caption\":\"Movistar blog\"},\"image\":{\"@id\":\"https:\/\/www.movistar.es\/blog\/#\/schema\/logo\/image\/\"}},{\"@type\":\"Person\",\"@id\":\"https:\/\/www.movistar.es\/blog\/#\/schema\/person\/6184006f5def4638e52e2d0ff98bd55a\",\"name\":\"Equipo de Redacci\u00f3n\",\"image\":{\"@type\":\"ImageObject\",\"inLanguage\":\"es\",\"@id\":\"https:\/\/www.movistar.es\/blog\/#\/schema\/person\/image\/8dbf7dc767c23aa5f974d575dda930c5\",\"url\":\"https:\/\/secure.gravatar.com\/avatar\/ce5aadad84c2aeb36c9813c46e41a53b0c9cc1d57205e8cde4bdf0ed790b3c97\",\"contentUrl\":\"https:\/\/secure.gravatar.com\/avatar\/ce5aadad84c2aeb36c9813c46e41a53b0c9cc1d57205e8cde4bdf0ed790b3c97\",\"caption\":\"Equipo de Redacci\u00f3n\"},\"description\":\"Buscamos temas de tu inter\u00e9s. Te contamos c\u00f3mo pueden ayudarte en tu d\u00eda a d\u00eda los productos y servicios de Movistar. No queremos venderte nada. Queremos descubrirte cosas para hacerte la vida m\u00e1s f\u00e1cil.\",\"sameAs\":[\"https:\/\/www.movistar.es\/\",\"movistar.es\/\",\"https:\/\/www.instagram.com\/movistar_es\/?hl=es\",\"https:\/\/x.com\/movistar_es\"],\"knowsAbout\":[\"smartphones\",\"conectividad\",\"hogar digital\",\"ciberseguridad\"],\"url\":\"https:\/\/www.movistar.es\/blog\/author\/contentmovistar\/\"}]}<\/script>\n<!-- \/ Yoast SEO Premium plugin. -->","yoast_head_json":{"title":"Movistar blog Sin categor\u00eda -","description":"'Todo va a mejorar' es en el \u00faltimo libro de Almudena Grandes. El legado de una gran narradora que logra de nuevo emocionarnos.","robots":{"index":"index","follow":"follow","max-snippet":"max-snippet:-1","max-image-preview":"max-image-preview:large","max-video-preview":"max-video-preview:-1"},"canonical":"https:\/\/www.movistar.es\/blog\/ebooks-audiolibros\/todo-va-a-mejorar-almudena-grandes\/","og_locale":"es_ES","og_type":"article","og_title":"'Todo va a mejorar', disponible para descarga en ebook la \u00faltima novela de Almudena Grandes","og_description":"'Todo va a mejorar' es en el \u00faltimo libro de Almudena Grandes. El legado de una gran narradora que logra de nuevo emocionarnos.","og_url":"https:\/\/www.movistar.es\/blog\/ebooks-audiolibros\/todo-va-a-mejorar-almudena-grandes\/","og_site_name":"Movistar blog","article_author":"movistar.es\/","article_published_time":"2022-11-18T14:47:00+00:00","og_image":[{"width":1040,"height":650,"url":"https:\/\/www.movistar.es\/blog\/wp-content\/uploads\/sites\/3\/2022\/11\/todo-va-a-mejorar_1040x650.jpg","type":"image\/jpeg"}],"author":"Equipo de Redacci\u00f3n","twitter_card":"summary_large_image","twitter_creator":"@movistar_es","twitter_misc":{"Written by":"Equipo de Redacci\u00f3n","Est. reading time":"4 minutos"},"schema":{"@context":"https:\/\/schema.org","@graph":[{"@type":"Article","@id":"https:\/\/www.movistar.es\/blog\/ebooks-audiolibros\/todo-va-a-mejorar-almudena-grandes\/#article","isPartOf":{"@id":"https:\/\/www.movistar.es\/blog\/ebooks-audiolibros\/todo-va-a-mejorar-almudena-grandes\/"},"author":{"name":"Equipo de Redacci\u00f3n","@id":"https:\/\/www.movistar.es\/blog\/#\/schema\/person\/6184006f5def4638e52e2d0ff98bd55a"},"headline":"&#8216;Todo va a mejorar&#8217;, disponible para descarga en ebook la \u00faltima novela de Almudena Grandes","datePublished":"2022-11-18T14:47:00+00:00","mainEntityOfPage":{"@id":"https:\/\/www.movistar.es\/blog\/ebooks-audiolibros\/todo-va-a-mejorar-almudena-grandes\/"},"wordCount":683,"publisher":{"@id":"https:\/\/www.movistar.es\/blog\/#organization"},"image":{"@id":"https:\/\/www.movistar.es\/blog\/ebooks-audiolibros\/todo-va-a-mejorar-almudena-grandes\/#primaryimage"},"thumbnailUrl":"https:\/\/www.movistar.es\/blog\/wp-content\/uploads\/sites\/3\/2022\/11\/todo-va-a-mejorar_1040x650.jpg","inLanguage":"es"},{"@type":"WebPage","@id":"https:\/\/www.movistar.es\/blog\/ebooks-audiolibros\/todo-va-a-mejorar-almudena-grandes\/","url":"https:\/\/www.movistar.es\/blog\/ebooks-audiolibros\/todo-va-a-mejorar-almudena-grandes\/","name":"Movistar blog Sin categor\u00eda -","isPartOf":{"@id":"https:\/\/www.movistar.es\/blog\/#website"},"primaryImageOfPage":{"@id":"https:\/\/www.movistar.es\/blog\/ebooks-audiolibros\/todo-va-a-mejorar-almudena-grandes\/#primaryimage"},"image":{"@id":"https:\/\/www.movistar.es\/blog\/ebooks-audiolibros\/todo-va-a-mejorar-almudena-grandes\/#primaryimage"},"thumbnailUrl":"https:\/\/www.movistar.es\/blog\/wp-content\/uploads\/sites\/3\/2022\/11\/todo-va-a-mejorar_1040x650.jpg","datePublished":"2022-11-18T14:47:00+00:00","description":"'Todo va a mejorar' es en el \u00faltimo libro de Almudena Grandes. El legado de una gran narradora que logra de nuevo emocionarnos.","breadcrumb":{"@id":"https:\/\/www.movistar.es\/blog\/ebooks-audiolibros\/todo-va-a-mejorar-almudena-grandes\/#breadcrumb"},"inLanguage":"es","potentialAction":[{"@type":"ReadAction","target":["https:\/\/www.movistar.es\/blog\/ebooks-audiolibros\/todo-va-a-mejorar-almudena-grandes\/"]}]},{"@type":"ImageObject","inLanguage":"es","@id":"https:\/\/www.movistar.es\/blog\/ebooks-audiolibros\/todo-va-a-mejorar-almudena-grandes\/#primaryimage","url":"https:\/\/www.movistar.es\/blog\/wp-content\/uploads\/sites\/3\/2022\/11\/todo-va-a-mejorar_1040x650.jpg","contentUrl":"https:\/\/www.movistar.es\/blog\/wp-content\/uploads\/sites\/3\/2022\/11\/todo-va-a-mejorar_1040x650.jpg","width":1040,"height":650,"caption":"novela postuma de almudena grandes"},{"@type":"BreadcrumbList","@id":"https:\/\/www.movistar.es\/blog\/ebooks-audiolibros\/todo-va-a-mejorar-almudena-grandes\/#breadcrumb","itemListElement":[{"@type":"ListItem","position":1,"name":"Home","item":"https:\/\/www.movistar.es\/blog\/"},{"@type":"ListItem","position":2,"name":"&#8216;Todo va a mejorar&#8217;, disponible para descarga en ebook la \u00faltima novela de Almudena Grandes"}]},{"@type":"WebSite","@id":"https:\/\/www.movistar.es\/blog\/#website","url":"https:\/\/www.movistar.es\/blog\/","name":"Movistar blog","description":"Movistar Blog. Informaci\u00f3n y m\u00e1s sobre los productos y servicios de Movistar","publisher":{"@id":"https:\/\/www.movistar.es\/blog\/#organization"},"potentialAction":[{"@type":"SearchAction","target":{"@type":"EntryPoint","urlTemplate":"https:\/\/www.movistar.es\/blog\/?s={search_term_string}"},"query-input":{"@type":"PropertyValueSpecification","valueRequired":true,"valueName":"search_term_string"}}],"inLanguage":"es"},{"@type":"Organization","@id":"https:\/\/www.movistar.es\/blog\/#organization","name":"Movistar blog","url":"https:\/\/www.movistar.es\/blog\/","logo":{"@type":"ImageObject","inLanguage":"es","@id":"https:\/\/www.movistar.es\/blog\/#\/schema\/logo\/image\/","url":"https:\/\/www.movistar.es\/blog\/wp-content\/uploads\/sites\/3\/2022\/05\/logo_movistar-1.svg","contentUrl":"https:\/\/www.movistar.es\/blog\/wp-content\/uploads\/sites\/3\/2022\/05\/logo_movistar-1.svg","width":369,"height":272,"caption":"Movistar blog"},"image":{"@id":"https:\/\/www.movistar.es\/blog\/#\/schema\/logo\/image\/"}},{"@type":"Person","@id":"https:\/\/www.movistar.es\/blog\/#\/schema\/person\/6184006f5def4638e52e2d0ff98bd55a","name":"Equipo de Redacci\u00f3n","image":{"@type":"ImageObject","inLanguage":"es","@id":"https:\/\/www.movistar.es\/blog\/#\/schema\/person\/image\/8dbf7dc767c23aa5f974d575dda930c5","url":"https:\/\/secure.gravatar.com\/avatar\/ce5aadad84c2aeb36c9813c46e41a53b0c9cc1d57205e8cde4bdf0ed790b3c97","contentUrl":"https:\/\/secure.gravatar.com\/avatar\/ce5aadad84c2aeb36c9813c46e41a53b0c9cc1d57205e8cde4bdf0ed790b3c97","caption":"Equipo de Redacci\u00f3n"},"description":"Buscamos temas de tu inter\u00e9s. Te contamos c\u00f3mo pueden ayudarte en tu d\u00eda a d\u00eda los productos y servicios de Movistar. No queremos venderte nada. Queremos descubrirte cosas para hacerte la vida m\u00e1s f\u00e1cil.","sameAs":["https:\/\/www.movistar.es\/","movistar.es\/","https:\/\/www.instagram.com\/movistar_es\/?hl=es","https:\/\/x.com\/movistar_es"],"knowsAbout":["smartphones","conectividad","hogar digital","ciberseguridad"],"url":"https:\/\/www.movistar.es\/blog\/author\/contentmovistar\/"}]}},"jetpack_featured_media_url":"https:\/\/www.movistar.es\/blog\/wp-content\/uploads\/sites\/3\/2022\/11\/todo-va-a-mejorar_1040x650.jpg","jetpack_sharing_enabled":true,"_links":{"self":[{"href":"https:\/\/www.movistar.es\/blog\/wp-json\/wp\/v2\/posts\/8489","targetHints":{"allow":["GET"]}}],"collection":[{"href":"https:\/\/www.movistar.es\/blog\/wp-json\/wp\/v2\/posts"}],"about":[{"href":"https:\/\/www.movistar.es\/blog\/wp-json\/wp\/v2\/types\/post"}],"author":[{"embeddable":true,"href":"https:\/\/www.movistar.es\/blog\/wp-json\/wp\/v2\/users\/93"}],"replies":[{"embeddable":true,"href":"https:\/\/www.movistar.es\/blog\/wp-json\/wp\/v2\/comments?post=8489"}],"version-history":[{"count":9,"href":"https:\/\/www.movistar.es\/blog\/wp-json\/wp\/v2\/posts\/8489\/revisions"}],"predecessor-version":[{"id":8600,"href":"https:\/\/www.movistar.es\/blog\/wp-json\/wp\/v2\/posts\/8489\/revisions\/8600"}],"wp:featuredmedia":[{"embeddable":true,"href":"https:\/\/www.movistar.es\/blog\/wp-json\/wp\/v2\/media\/8498"}],"wp:attachment":[{"href":"https:\/\/www.movistar.es\/blog\/wp-json\/wp\/v2\/media?parent=8489"}],"wp:term":[{"taxonomy":"category","embeddable":true,"href":"https:\/\/www.movistar.es\/blog\/wp-json\/wp\/v2\/categories?post=8489"},{"taxonomy":"post_tag","embeddable":true,"href":"https:\/\/www.movistar.es\/blog\/wp-json\/wp\/v2\/tags?post=8489"},{"taxonomy":"area","embeddable":true,"href":"https:\/\/www.movistar.es\/blog\/wp-json\/wp\/v2\/area?post=8489"},{"taxonomy":"cluster","embeddable":true,"href":"https:\/\/www.movistar.es\/blog\/wp-json\/wp\/v2\/cluster?post=8489"},{"taxonomy":"linea_editorial","embeddable":true,"href":"https:\/\/www.movistar.es\/blog\/wp-json\/wp\/v2\/linea_editorial?post=8489"},{"taxonomy":"author","embeddable":true,"href":"https:\/\/www.movistar.es\/blog\/wp-json\/wp\/v2\/coauthors?post=8489"}],"curies":[{"name":"wp","href":"https:\/\/api.w.org\/{rel}","templated":true}]}}