{"id":7620,"date":"2022-10-28T14:34:44","date_gmt":"2022-10-28T12:34:44","guid":{"rendered":"https:\/\/www.movistar.es\/blog\/?p=7620"},"modified":"2022-10-31T10:52:33","modified_gmt":"2022-10-31T09:52:33","slug":"descarga-ultimos-dias-en-berlin-y-escucha-el-audiolibro-cuando-quieras","status":"publish","type":"post","link":"https:\/\/www.movistar.es\/blog\/ebooks-audiolibros\/descarga-ultimos-dias-en-berlin-y-escucha-el-audiolibro-cuando-quieras\/","title":{"rendered":"Descarga &#8216;\u00daltimos d\u00edas en Berl\u00edn&#8217; y escucha el audiolibro cuando quieras"},"content":{"rendered":"\n<p>En &#8216;\u00daltimos d\u00edas en Berl\u00edn&#8217; Paloma S\u00e1nchez-Garnica narra una ficci\u00f3n muy bien contextualizada en la Segunda Guerra Mundial. Un novela que fue finalista Premio Planeta 2021. Una historia de amor, esperanza en un tiempo de odio y furia, que puedes<a href=\"https:\/\/nextory.movistar.es\/?pid=blogmovistar_ebooksyaudiolibros_7461\" target=\"_blank\" rel=\"noreferrer noopener nofollow\"> descargar y escuchar cuando quieras en Movistar Nextory.<\/a><\/p>\n\n\n\n<p>Cuando Yuri Santacruz asisti\u00f3 al nombramiento como canciller de Adolf Hitler, no pod\u00eda imaginar lo mucho que cambiar\u00eda su vida en Berl\u00edn. Hab\u00eda llegado all\u00ed unos meses atr\u00e1s, despu\u00e9s de haber huido junto con parte de su familia de San Petersburgo. Asfixiados por una revoluci\u00f3n que los hab\u00eda dejado sin nada. El nuevo r\u00e9gimen sovi\u00e9tico le priv\u00f3 tambi\u00e9n de su madre y su hermano peque\u00f1o, porque las autoridades rusas no les permitieron la salida del pa\u00eds.<\/p>\n\n\n\n<figure class=\"wp-block-image size-large\"><img loading=\"lazy\" decoding=\"async\" height=\"1024\" width=\"1024\" src=\"https:\/\/www.movistar.es\/blog\/wp-content\/uploads\/sites\/3\/2022\/10\/ultimos-dias-berlin_1080x1080.jpg?w=1024\" alt=\"\u00daltimos d\u00edas en Berl\u00edn\" class=\"wp-image-7635\" title=\"\u00daltimos d\u00edas en Berlin\" srcset=\"https:\/\/www.movistar.es\/blog\/wp-content\/uploads\/sites\/3\/2022\/10\/ultimos-dias-berlin_1080x1080.jpg 1080w, https:\/\/www.movistar.es\/blog\/wp-content\/uploads\/sites\/3\/2022\/10\/ultimos-dias-berlin_1080x1080.jpg?resize=150,150 150w, https:\/\/www.movistar.es\/blog\/wp-content\/uploads\/sites\/3\/2022\/10\/ultimos-dias-berlin_1080x1080.jpg?resize=300,300 300w, https:\/\/www.movistar.es\/blog\/wp-content\/uploads\/sites\/3\/2022\/10\/ultimos-dias-berlin_1080x1080.jpg?resize=768,768 768w, https:\/\/www.movistar.es\/blog\/wp-content\/uploads\/sites\/3\/2022\/10\/ultimos-dias-berlin_1080x1080.jpg?resize=1024,1024 1024w\" sizes=\"auto, (max-width: 1024px) 100vw, 1024px\" \/><\/figure>\n\n\n\n<h2 class=\"wp-block-heading\" id=\"h-defender-a-un-joven-comunista-y-conocer-a-su-gran-amor\">Defender a un joven comunista y conocer a su gran amor<\/h2>\n\n\n\n<p>En Berl\u00edn, su sentido de la justicia lo impulsar\u00e1 a defender a un joven comunista agredido por las tropas de asalto de Hitler. Ese d\u00eda adem\u00e1s, conocer\u00e1 a su gran amor, Claudia. Su vida dar\u00e1 un giro inesperado. Hasta ese momento su m\u00e1xima prioridad era reencontrarse con su madre y a su hermano. Ahora tiene otra m\u00e1s urgente: seguir con vida en un Berl\u00edn convulso.<\/p>\n\n\n\n<p>Paloma S\u00e1nchez-Garnica nos descubre pensamientos cercanos a esa \u00e9poca y reflexiona sobre las vidas humanas que las ideolog\u00edas y los hechos hist\u00f3ricos se llevaron por delante en una novela de lucha y supervivencia. <\/p>\n\n\n\n<h2 class=\"wp-block-heading\" id=\"h-una-gran-historia-de-amor-y-guerra\">Una gran historia de amor y guerra<\/h2>\n\n\n\n<p>&#8216;Ultimos d\u00edas en Berl\u00edn&#8217; es una gran historia de amor y guerra que ha cautivado a muchos lectores. Una delicia narrativa de <a href=\"https:\/\/twitter.com\/palomasgarnica?lang=es\" target=\"_blank\" rel=\"noreferrer noopener nofollow\">Paloma S\u00e1nchez-Garnica<\/a>. Licenciada en Derecho y Geograf\u00eda e Historia, su primer gran \u00e9xito de ventas lleg\u00f3 con El alma de las piedras (2010). Tambi\u00e9n con Las tres heridas (2012) y, sobre todo, con La sonata del silencio (2014), de la que se hizo una adaptaci\u00f3n para una serie en Televisi\u00f3n Espa\u00f1ola.<\/p>\n\n\n\n<figure class=\"wp-block-embed is-type-video is-provider-youtube wp-block-embed-youtube wp-embed-aspect-16-9 wp-has-aspect-ratio\"><div class=\"wp-block-embed__wrapper\">\n<div class=\"wp-block-embed__wrapper\"><div class=\"ast-oembed-container \" style=\"height: 100%;\"><iframe loading=\"lazy\" title=\"\u00daltimos d\u00edas en Berl\u00edn - Finalista Premio Planeta 2021 - Booktrailer | Editorial Planeta\" width=\"1040\" height=\"585\" src=\"https:\/\/www.youtube.com\/embed\/L2QrJWp22dE?feature=oembed\" frameborder=\"0\" allow=\"accelerometer; autoplay; clipboard-write; encrypted-media; gyroscope; picture-in-picture; web-share\" referrerpolicy=\"strict-origin-when-cross-origin\" allowfullscreen><\/iframe><\/div><\/div>\n<\/div><\/figure>\n\n\n\n<p>Una carrera exitosa de una escritora de gran personalidad literaria. Otros t\u00edtulos que tambi\u00e9n puedes encontrar en Movistar Nextory son Mi recuerdo es m\u00e1s fuerte que tu olvido (<a href=\"https:\/\/es.wikipedia.org\/wiki\/Premio_Fernando_Lara_de_Novela\" target=\"_blank\" rel=\"noreferrer noopener nofollow\">Premio de Novela Fernando Lara<\/a> 2016) o La sospecha de Sof\u00eda (2019), que cuenta ya con veintid\u00f3s ediciones.<\/p>\n\n\n\n<p>\u00daltimos d\u00edas en Berl\u00edn has sido galardonada con el finalista del Premio Planeta 2021. Puedes <a href=\"https:\/\/nextory.movistar.es\/?pid=blogmovistar_ebooksyaudiolibros_7461\" target=\"_blank\" rel=\"noreferrer noopener nofollow\">descargarla y escucharla cuando quieras en Movistar Nextory <\/a>ha sido recibida con una enorme acogida por la cr\u00edtica y los lectores.<\/p>\n","protected":false},"excerpt":{"rendered":"<p>En &#8216;\u00daltimos d\u00edas en Berl\u00edn&#8217; Paloma S\u00e1nchez-Garnica narra una ficci\u00f3n muy bien contextualizada en la Segunda Guerra Mundial. Un novela que fue finalista Premio Planeta 2021. Una historia de amor, esperanza en un tiempo de [&hellip;]<\/p>\n","protected":false},"author":93,"featured_media":7621,"comment_status":"closed","ping_status":"closed","sticky":false,"template":"","format":"standard","meta":{"site-sidebar-layout":"default","site-content-layout":"","ast-site-content-layout":"","site-content-style":"default","site-sidebar-style":"default","ast-global-header-display":"","ast-banner-title-visibility":"","ast-main-header-display":"","ast-hfb-above-header-display":"","ast-hfb-below-header-display":"","ast-hfb-mobile-header-display":"","site-post-title":"","ast-breadcrumbs-content":"","ast-featured-img":"","footer-sml-layout":"","theme-transparent-header-meta":"","adv-header-id-meta":"","stick-header-meta":"","header-above-stick-meta":"","header-main-stick-meta":"","header-below-stick-meta":"","astra-migrate-meta-layouts":"default","ast-page-background-enabled":"default","ast-page-background-meta":{"desktop":{"background-color":"var(--ast-global-color-4)","background-image":"","background-repeat":"repeat","background-position":"center center","background-size":"auto","background-attachment":"scroll","background-type":"","background-media":"","overlay-type":"","overlay-color":"","overlay-opacity":"","overlay-gradient":""},"tablet":{"background-color":"","background-image":"","background-repeat":"repeat","background-position":"center center","background-size":"auto","background-attachment":"scroll","background-type":"","background-media":"","overlay-type":"","overlay-color":"","overlay-opacity":"","overlay-gradient":""},"mobile":{"background-color":"","background-image":"","background-repeat":"repeat","background-position":"center center","background-size":"auto","background-attachment":"scroll","background-type":"","background-media":"","overlay-type":"","overlay-color":"","overlay-opacity":"","overlay-gradient":""}},"ast-content-background-meta":{"desktop":{"background-color":"var(--ast-global-color-5)","background-image":"","background-repeat":"repeat","background-position":"center center","background-size":"auto","background-attachment":"scroll","background-type":"","background-media":"","overlay-type":"","overlay-color":"","overlay-opacity":"","overlay-gradient":""},"tablet":{"background-color":"var(--ast-global-color-5)","background-image":"","background-repeat":"repeat","background-position":"center center","background-size":"auto","background-attachment":"scroll","background-type":"","background-media":"","overlay-type":"","overlay-color":"","overlay-opacity":"","overlay-gradient":""},"mobile":{"background-color":"var(--ast-global-color-5)","background-image":"","background-repeat":"repeat","background-position":"center center","background-size":"auto","background-attachment":"scroll","background-type":"","background-media":"","overlay-type":"","overlay-color":"","overlay-opacity":"","overlay-gradient":""}},"_jetpack_memberships_contains_paid_content":false,"footnotes":""},"categories":[1],"tags":[],"area":[190],"cluster":[405],"linea_editorial":[],"coauthors":[467],"class_list":["post-7620","post","type-post","status-publish","format-standard","has-post-thumbnail","hentry","category-sin-categoria","area-content-movistar","cluster-ebooks-audiolibros"],"yoast_head":"<!-- This site is optimized with the Yoast SEO Premium plugin v25.5 (Yoast SEO v25.5) - https:\/\/yoast.com\/wordpress\/plugins\/seo\/ -->\n<title>Descarga &#039;\u00daltimos d\u00edas en Berl\u00edn&#039; y escucha el audiolibro cuando quieras -<\/title>\n<meta name=\"description\" content=\"Un novela que fue finalista Premio Planeta 2021. Una historia de amor, esperanza en un tiempo de odio y furia.\" \/>\n<meta name=\"robots\" content=\"index, follow, max-snippet:-1, max-image-preview:large, max-video-preview:-1\" \/>\n<link rel=\"canonical\" href=\"https:\/\/www.movistar.es\/blog\/ebooks-audiolibros\/descarga-ultimos-dias-en-berlin-y-escucha-el-audiolibro-cuando-quieras\/\" \/>\n<meta property=\"og:locale\" content=\"es_ES\" \/>\n<meta property=\"og:type\" content=\"article\" \/>\n<meta property=\"og:title\" content=\"Descarga &#039;\u00daltimos d\u00edas en Berl\u00edn&#039; y escucha el audiolibro cuando quieras\" \/>\n<meta property=\"og:description\" content=\"Un novela que fue finalista Premio Planeta 2021. Una historia de amor, esperanza en un tiempo de odio y furia.\" \/>\n<meta property=\"og:url\" content=\"https:\/\/www.movistar.es\/blog\/ebooks-audiolibros\/descarga-ultimos-dias-en-berlin-y-escucha-el-audiolibro-cuando-quieras\/\" \/>\n<meta property=\"og:site_name\" content=\"Movistar blog\" \/>\n<meta property=\"article:author\" content=\"movistar.es\/\" \/>\n<meta property=\"article:published_time\" content=\"2022-10-28T12:34:44+00:00\" \/>\n<meta property=\"article:modified_time\" content=\"2022-10-31T09:52:33+00:00\" \/>\n<meta property=\"og:image\" content=\"https:\/\/www.movistar.es\/blog\/wp-content\/uploads\/sites\/3\/2022\/10\/ultimos-dias-berlin_1040x650.jpg\" \/>\n\t<meta property=\"og:image:width\" content=\"1040\" \/>\n\t<meta property=\"og:image:height\" content=\"650\" \/>\n\t<meta property=\"og:image:type\" content=\"image\/jpeg\" \/>\n<meta name=\"author\" content=\"Equipo de Redacci\u00f3n\" \/>\n<meta name=\"twitter:card\" content=\"summary_large_image\" \/>\n<meta name=\"twitter:creator\" content=\"@movistar_es\" \/>\n<meta name=\"twitter:label1\" content=\"Written by\" \/>\n\t<meta name=\"twitter:data1\" content=\"Equipo de Redacci\u00f3n\" \/>\n\t<meta name=\"twitter:label2\" content=\"Est. reading time\" \/>\n\t<meta name=\"twitter:data2\" content=\"3 minutos\" \/>\n<script type=\"application\/ld+json\" class=\"yoast-schema-graph\">{\"@context\":\"https:\/\/schema.org\",\"@graph\":[{\"@type\":\"Article\",\"@id\":\"https:\/\/www.movistar.es\/blog\/ebooks-audiolibros\/descarga-ultimos-dias-en-berlin-y-escucha-el-audiolibro-cuando-quieras\/#article\",\"isPartOf\":{\"@id\":\"https:\/\/www.movistar.es\/blog\/ebooks-audiolibros\/descarga-ultimos-dias-en-berlin-y-escucha-el-audiolibro-cuando-quieras\/\"},\"author\":{\"name\":\"Equipo de Redacci\u00f3n\",\"@id\":\"https:\/\/www.movistar.es\/blog\/#\/schema\/person\/6184006f5def4638e52e2d0ff98bd55a\"},\"headline\":\"Descarga &#8216;\u00daltimos d\u00edas en Berl\u00edn&#8217; y escucha el audiolibro cuando quieras\",\"datePublished\":\"2022-10-28T12:34:44+00:00\",\"dateModified\":\"2022-10-31T09:52:33+00:00\",\"mainEntityOfPage\":{\"@id\":\"https:\/\/www.movistar.es\/blog\/ebooks-audiolibros\/descarga-ultimos-dias-en-berlin-y-escucha-el-audiolibro-cuando-quieras\/\"},\"wordCount\":452,\"publisher\":{\"@id\":\"https:\/\/www.movistar.es\/blog\/#organization\"},\"image\":{\"@id\":\"https:\/\/www.movistar.es\/blog\/ebooks-audiolibros\/descarga-ultimos-dias-en-berlin-y-escucha-el-audiolibro-cuando-quieras\/#primaryimage\"},\"thumbnailUrl\":\"https:\/\/www.movistar.es\/blog\/wp-content\/uploads\/sites\/3\/2022\/10\/ultimos-dias-berlin_1040x650.jpg\",\"inLanguage\":\"es\"},{\"@type\":\"WebPage\",\"@id\":\"https:\/\/www.movistar.es\/blog\/ebooks-audiolibros\/descarga-ultimos-dias-en-berlin-y-escucha-el-audiolibro-cuando-quieras\/\",\"url\":\"https:\/\/www.movistar.es\/blog\/ebooks-audiolibros\/descarga-ultimos-dias-en-berlin-y-escucha-el-audiolibro-cuando-quieras\/\",\"name\":\"Descarga '\u00daltimos d\u00edas en Berl\u00edn' y escucha el audiolibro cuando quieras -\",\"isPartOf\":{\"@id\":\"https:\/\/www.movistar.es\/blog\/#website\"},\"primaryImageOfPage\":{\"@id\":\"https:\/\/www.movistar.es\/blog\/ebooks-audiolibros\/descarga-ultimos-dias-en-berlin-y-escucha-el-audiolibro-cuando-quieras\/#primaryimage\"},\"image\":{\"@id\":\"https:\/\/www.movistar.es\/blog\/ebooks-audiolibros\/descarga-ultimos-dias-en-berlin-y-escucha-el-audiolibro-cuando-quieras\/#primaryimage\"},\"thumbnailUrl\":\"https:\/\/www.movistar.es\/blog\/wp-content\/uploads\/sites\/3\/2022\/10\/ultimos-dias-berlin_1040x650.jpg\",\"datePublished\":\"2022-10-28T12:34:44+00:00\",\"dateModified\":\"2022-10-31T09:52:33+00:00\",\"description\":\"Un novela que fue finalista Premio Planeta 2021. Una historia de amor, esperanza en un tiempo de odio y furia.\",\"breadcrumb\":{\"@id\":\"https:\/\/www.movistar.es\/blog\/ebooks-audiolibros\/descarga-ultimos-dias-en-berlin-y-escucha-el-audiolibro-cuando-quieras\/#breadcrumb\"},\"inLanguage\":\"es\",\"potentialAction\":[{\"@type\":\"ReadAction\",\"target\":[\"https:\/\/www.movistar.es\/blog\/ebooks-audiolibros\/descarga-ultimos-dias-en-berlin-y-escucha-el-audiolibro-cuando-quieras\/\"]}]},{\"@type\":\"ImageObject\",\"inLanguage\":\"es\",\"@id\":\"https:\/\/www.movistar.es\/blog\/ebooks-audiolibros\/descarga-ultimos-dias-en-berlin-y-escucha-el-audiolibro-cuando-quieras\/#primaryimage\",\"url\":\"https:\/\/www.movistar.es\/blog\/wp-content\/uploads\/sites\/3\/2022\/10\/ultimos-dias-berlin_1040x650.jpg\",\"contentUrl\":\"https:\/\/www.movistar.es\/blog\/wp-content\/uploads\/sites\/3\/2022\/10\/ultimos-dias-berlin_1040x650.jpg\",\"width\":1040,\"height\":650,\"caption\":\"ultimos dias en berlin\"},{\"@type\":\"BreadcrumbList\",\"@id\":\"https:\/\/www.movistar.es\/blog\/ebooks-audiolibros\/descarga-ultimos-dias-en-berlin-y-escucha-el-audiolibro-cuando-quieras\/#breadcrumb\",\"itemListElement\":[{\"@type\":\"ListItem\",\"position\":1,\"name\":\"Home\",\"item\":\"https:\/\/www.movistar.es\/blog\/\"},{\"@type\":\"ListItem\",\"position\":2,\"name\":\"Descarga &#8216;\u00daltimos d\u00edas en Berl\u00edn&#8217; y escucha el audiolibro cuando quieras\"}]},{\"@type\":\"WebSite\",\"@id\":\"https:\/\/www.movistar.es\/blog\/#website\",\"url\":\"https:\/\/www.movistar.es\/blog\/\",\"name\":\"Movistar blog\",\"description\":\"Movistar Blog. Informaci\u00f3n y m\u00e1s sobre los productos y servicios de Movistar\",\"publisher\":{\"@id\":\"https:\/\/www.movistar.es\/blog\/#organization\"},\"potentialAction\":[{\"@type\":\"SearchAction\",\"target\":{\"@type\":\"EntryPoint\",\"urlTemplate\":\"https:\/\/www.movistar.es\/blog\/?s={search_term_string}\"},\"query-input\":{\"@type\":\"PropertyValueSpecification\",\"valueRequired\":true,\"valueName\":\"search_term_string\"}}],\"inLanguage\":\"es\"},{\"@type\":\"Organization\",\"@id\":\"https:\/\/www.movistar.es\/blog\/#organization\",\"name\":\"Movistar blog\",\"url\":\"https:\/\/www.movistar.es\/blog\/\",\"logo\":{\"@type\":\"ImageObject\",\"inLanguage\":\"es\",\"@id\":\"https:\/\/www.movistar.es\/blog\/#\/schema\/logo\/image\/\",\"url\":\"https:\/\/www.movistar.es\/blog\/wp-content\/uploads\/sites\/3\/2022\/05\/logo_movistar-1.svg\",\"contentUrl\":\"https:\/\/www.movistar.es\/blog\/wp-content\/uploads\/sites\/3\/2022\/05\/logo_movistar-1.svg\",\"width\":369,\"height\":272,\"caption\":\"Movistar blog\"},\"image\":{\"@id\":\"https:\/\/www.movistar.es\/blog\/#\/schema\/logo\/image\/\"}},{\"@type\":\"Person\",\"@id\":\"https:\/\/www.movistar.es\/blog\/#\/schema\/person\/6184006f5def4638e52e2d0ff98bd55a\",\"name\":\"Equipo de Redacci\u00f3n\",\"image\":{\"@type\":\"ImageObject\",\"inLanguage\":\"es\",\"@id\":\"https:\/\/www.movistar.es\/blog\/#\/schema\/person\/image\/8dbf7dc767c23aa5f974d575dda930c5\",\"url\":\"https:\/\/secure.gravatar.com\/avatar\/ce5aadad84c2aeb36c9813c46e41a53b0c9cc1d57205e8cde4bdf0ed790b3c97\",\"contentUrl\":\"https:\/\/secure.gravatar.com\/avatar\/ce5aadad84c2aeb36c9813c46e41a53b0c9cc1d57205e8cde4bdf0ed790b3c97\",\"caption\":\"Equipo de Redacci\u00f3n\"},\"description\":\"Buscamos temas de tu inter\u00e9s. Te contamos c\u00f3mo pueden ayudarte en tu d\u00eda a d\u00eda los productos y servicios de Movistar. No queremos venderte nada. Queremos descubrirte cosas para hacerte la vida m\u00e1s f\u00e1cil.\",\"sameAs\":[\"https:\/\/www.movistar.es\/\",\"movistar.es\/\",\"https:\/\/www.instagram.com\/movistar_es\/?hl=es\",\"https:\/\/x.com\/movistar_es\"],\"knowsAbout\":[\"smartphones\",\"conectividad\",\"hogar digital\",\"ciberseguridad\"],\"url\":\"https:\/\/www.movistar.es\/blog\/author\/contentmovistar\/\"}]}<\/script>\n<!-- \/ Yoast SEO Premium plugin. -->","yoast_head_json":{"title":"Descarga '\u00daltimos d\u00edas en Berl\u00edn' y escucha el audiolibro cuando quieras -","description":"Un novela que fue finalista Premio Planeta 2021. Una historia de amor, esperanza en un tiempo de odio y furia.","robots":{"index":"index","follow":"follow","max-snippet":"max-snippet:-1","max-image-preview":"max-image-preview:large","max-video-preview":"max-video-preview:-1"},"canonical":"https:\/\/www.movistar.es\/blog\/ebooks-audiolibros\/descarga-ultimos-dias-en-berlin-y-escucha-el-audiolibro-cuando-quieras\/","og_locale":"es_ES","og_type":"article","og_title":"Descarga '\u00daltimos d\u00edas en Berl\u00edn' y escucha el audiolibro cuando quieras","og_description":"Un novela que fue finalista Premio Planeta 2021. Una historia de amor, esperanza en un tiempo de odio y furia.","og_url":"https:\/\/www.movistar.es\/blog\/ebooks-audiolibros\/descarga-ultimos-dias-en-berlin-y-escucha-el-audiolibro-cuando-quieras\/","og_site_name":"Movistar blog","article_author":"movistar.es\/","article_published_time":"2022-10-28T12:34:44+00:00","article_modified_time":"2022-10-31T09:52:33+00:00","og_image":[{"width":1040,"height":650,"url":"https:\/\/www.movistar.es\/blog\/wp-content\/uploads\/sites\/3\/2022\/10\/ultimos-dias-berlin_1040x650.jpg","type":"image\/jpeg"}],"author":"Equipo de Redacci\u00f3n","twitter_card":"summary_large_image","twitter_creator":"@movistar_es","twitter_misc":{"Written by":"Equipo de Redacci\u00f3n","Est. reading time":"3 minutos"},"schema":{"@context":"https:\/\/schema.org","@graph":[{"@type":"Article","@id":"https:\/\/www.movistar.es\/blog\/ebooks-audiolibros\/descarga-ultimos-dias-en-berlin-y-escucha-el-audiolibro-cuando-quieras\/#article","isPartOf":{"@id":"https:\/\/www.movistar.es\/blog\/ebooks-audiolibros\/descarga-ultimos-dias-en-berlin-y-escucha-el-audiolibro-cuando-quieras\/"},"author":{"name":"Equipo de Redacci\u00f3n","@id":"https:\/\/www.movistar.es\/blog\/#\/schema\/person\/6184006f5def4638e52e2d0ff98bd55a"},"headline":"Descarga &#8216;\u00daltimos d\u00edas en Berl\u00edn&#8217; y escucha el audiolibro cuando quieras","datePublished":"2022-10-28T12:34:44+00:00","dateModified":"2022-10-31T09:52:33+00:00","mainEntityOfPage":{"@id":"https:\/\/www.movistar.es\/blog\/ebooks-audiolibros\/descarga-ultimos-dias-en-berlin-y-escucha-el-audiolibro-cuando-quieras\/"},"wordCount":452,"publisher":{"@id":"https:\/\/www.movistar.es\/blog\/#organization"},"image":{"@id":"https:\/\/www.movistar.es\/blog\/ebooks-audiolibros\/descarga-ultimos-dias-en-berlin-y-escucha-el-audiolibro-cuando-quieras\/#primaryimage"},"thumbnailUrl":"https:\/\/www.movistar.es\/blog\/wp-content\/uploads\/sites\/3\/2022\/10\/ultimos-dias-berlin_1040x650.jpg","inLanguage":"es"},{"@type":"WebPage","@id":"https:\/\/www.movistar.es\/blog\/ebooks-audiolibros\/descarga-ultimos-dias-en-berlin-y-escucha-el-audiolibro-cuando-quieras\/","url":"https:\/\/www.movistar.es\/blog\/ebooks-audiolibros\/descarga-ultimos-dias-en-berlin-y-escucha-el-audiolibro-cuando-quieras\/","name":"Descarga '\u00daltimos d\u00edas en Berl\u00edn' y escucha el audiolibro cuando quieras -","isPartOf":{"@id":"https:\/\/www.movistar.es\/blog\/#website"},"primaryImageOfPage":{"@id":"https:\/\/www.movistar.es\/blog\/ebooks-audiolibros\/descarga-ultimos-dias-en-berlin-y-escucha-el-audiolibro-cuando-quieras\/#primaryimage"},"image":{"@id":"https:\/\/www.movistar.es\/blog\/ebooks-audiolibros\/descarga-ultimos-dias-en-berlin-y-escucha-el-audiolibro-cuando-quieras\/#primaryimage"},"thumbnailUrl":"https:\/\/www.movistar.es\/blog\/wp-content\/uploads\/sites\/3\/2022\/10\/ultimos-dias-berlin_1040x650.jpg","datePublished":"2022-10-28T12:34:44+00:00","dateModified":"2022-10-31T09:52:33+00:00","description":"Un novela que fue finalista Premio Planeta 2021. Una historia de amor, esperanza en un tiempo de odio y furia.","breadcrumb":{"@id":"https:\/\/www.movistar.es\/blog\/ebooks-audiolibros\/descarga-ultimos-dias-en-berlin-y-escucha-el-audiolibro-cuando-quieras\/#breadcrumb"},"inLanguage":"es","potentialAction":[{"@type":"ReadAction","target":["https:\/\/www.movistar.es\/blog\/ebooks-audiolibros\/descarga-ultimos-dias-en-berlin-y-escucha-el-audiolibro-cuando-quieras\/"]}]},{"@type":"ImageObject","inLanguage":"es","@id":"https:\/\/www.movistar.es\/blog\/ebooks-audiolibros\/descarga-ultimos-dias-en-berlin-y-escucha-el-audiolibro-cuando-quieras\/#primaryimage","url":"https:\/\/www.movistar.es\/blog\/wp-content\/uploads\/sites\/3\/2022\/10\/ultimos-dias-berlin_1040x650.jpg","contentUrl":"https:\/\/www.movistar.es\/blog\/wp-content\/uploads\/sites\/3\/2022\/10\/ultimos-dias-berlin_1040x650.jpg","width":1040,"height":650,"caption":"ultimos dias en berlin"},{"@type":"BreadcrumbList","@id":"https:\/\/www.movistar.es\/blog\/ebooks-audiolibros\/descarga-ultimos-dias-en-berlin-y-escucha-el-audiolibro-cuando-quieras\/#breadcrumb","itemListElement":[{"@type":"ListItem","position":1,"name":"Home","item":"https:\/\/www.movistar.es\/blog\/"},{"@type":"ListItem","position":2,"name":"Descarga &#8216;\u00daltimos d\u00edas en Berl\u00edn&#8217; y escucha el audiolibro cuando quieras"}]},{"@type":"WebSite","@id":"https:\/\/www.movistar.es\/blog\/#website","url":"https:\/\/www.movistar.es\/blog\/","name":"Movistar blog","description":"Movistar Blog. Informaci\u00f3n y m\u00e1s sobre los productos y servicios de Movistar","publisher":{"@id":"https:\/\/www.movistar.es\/blog\/#organization"},"potentialAction":[{"@type":"SearchAction","target":{"@type":"EntryPoint","urlTemplate":"https:\/\/www.movistar.es\/blog\/?s={search_term_string}"},"query-input":{"@type":"PropertyValueSpecification","valueRequired":true,"valueName":"search_term_string"}}],"inLanguage":"es"},{"@type":"Organization","@id":"https:\/\/www.movistar.es\/blog\/#organization","name":"Movistar blog","url":"https:\/\/www.movistar.es\/blog\/","logo":{"@type":"ImageObject","inLanguage":"es","@id":"https:\/\/www.movistar.es\/blog\/#\/schema\/logo\/image\/","url":"https:\/\/www.movistar.es\/blog\/wp-content\/uploads\/sites\/3\/2022\/05\/logo_movistar-1.svg","contentUrl":"https:\/\/www.movistar.es\/blog\/wp-content\/uploads\/sites\/3\/2022\/05\/logo_movistar-1.svg","width":369,"height":272,"caption":"Movistar blog"},"image":{"@id":"https:\/\/www.movistar.es\/blog\/#\/schema\/logo\/image\/"}},{"@type":"Person","@id":"https:\/\/www.movistar.es\/blog\/#\/schema\/person\/6184006f5def4638e52e2d0ff98bd55a","name":"Equipo de Redacci\u00f3n","image":{"@type":"ImageObject","inLanguage":"es","@id":"https:\/\/www.movistar.es\/blog\/#\/schema\/person\/image\/8dbf7dc767c23aa5f974d575dda930c5","url":"https:\/\/secure.gravatar.com\/avatar\/ce5aadad84c2aeb36c9813c46e41a53b0c9cc1d57205e8cde4bdf0ed790b3c97","contentUrl":"https:\/\/secure.gravatar.com\/avatar\/ce5aadad84c2aeb36c9813c46e41a53b0c9cc1d57205e8cde4bdf0ed790b3c97","caption":"Equipo de Redacci\u00f3n"},"description":"Buscamos temas de tu inter\u00e9s. Te contamos c\u00f3mo pueden ayudarte en tu d\u00eda a d\u00eda los productos y servicios de Movistar. No queremos venderte nada. Queremos descubrirte cosas para hacerte la vida m\u00e1s f\u00e1cil.","sameAs":["https:\/\/www.movistar.es\/","movistar.es\/","https:\/\/www.instagram.com\/movistar_es\/?hl=es","https:\/\/x.com\/movistar_es"],"knowsAbout":["smartphones","conectividad","hogar digital","ciberseguridad"],"url":"https:\/\/www.movistar.es\/blog\/author\/contentmovistar\/"}]}},"jetpack_featured_media_url":"https:\/\/www.movistar.es\/blog\/wp-content\/uploads\/sites\/3\/2022\/10\/ultimos-dias-berlin_1040x650.jpg","jetpack_sharing_enabled":true,"_links":{"self":[{"href":"https:\/\/www.movistar.es\/blog\/wp-json\/wp\/v2\/posts\/7620","targetHints":{"allow":["GET"]}}],"collection":[{"href":"https:\/\/www.movistar.es\/blog\/wp-json\/wp\/v2\/posts"}],"about":[{"href":"https:\/\/www.movistar.es\/blog\/wp-json\/wp\/v2\/types\/post"}],"author":[{"embeddable":true,"href":"https:\/\/www.movistar.es\/blog\/wp-json\/wp\/v2\/users\/93"}],"replies":[{"embeddable":true,"href":"https:\/\/www.movistar.es\/blog\/wp-json\/wp\/v2\/comments?post=7620"}],"version-history":[{"count":7,"href":"https:\/\/www.movistar.es\/blog\/wp-json\/wp\/v2\/posts\/7620\/revisions"}],"predecessor-version":[{"id":7662,"href":"https:\/\/www.movistar.es\/blog\/wp-json\/wp\/v2\/posts\/7620\/revisions\/7662"}],"wp:featuredmedia":[{"embeddable":true,"href":"https:\/\/www.movistar.es\/blog\/wp-json\/wp\/v2\/media\/7621"}],"wp:attachment":[{"href":"https:\/\/www.movistar.es\/blog\/wp-json\/wp\/v2\/media?parent=7620"}],"wp:term":[{"taxonomy":"category","embeddable":true,"href":"https:\/\/www.movistar.es\/blog\/wp-json\/wp\/v2\/categories?post=7620"},{"taxonomy":"post_tag","embeddable":true,"href":"https:\/\/www.movistar.es\/blog\/wp-json\/wp\/v2\/tags?post=7620"},{"taxonomy":"area","embeddable":true,"href":"https:\/\/www.movistar.es\/blog\/wp-json\/wp\/v2\/area?post=7620"},{"taxonomy":"cluster","embeddable":true,"href":"https:\/\/www.movistar.es\/blog\/wp-json\/wp\/v2\/cluster?post=7620"},{"taxonomy":"linea_editorial","embeddable":true,"href":"https:\/\/www.movistar.es\/blog\/wp-json\/wp\/v2\/linea_editorial?post=7620"},{"taxonomy":"author","embeddable":true,"href":"https:\/\/www.movistar.es\/blog\/wp-json\/wp\/v2\/coauthors?post=7620"}],"curies":[{"name":"wp","href":"https:\/\/api.w.org\/{rel}","templated":true}]}}