{"id":7461,"date":"2022-10-21T11:04:00","date_gmt":"2022-10-21T09:04:00","guid":{"rendered":"https:\/\/www.movistar.es\/blog\/?p=7461"},"modified":"2022-10-24T12:54:38","modified_gmt":"2022-10-24T10:54:38","slug":"descarga-o-escucha-online-el-castillo-de-barbazul-de-javier-cercas","status":"publish","type":"post","link":"https:\/\/www.movistar.es\/blog\/ebooks-audiolibros\/descarga-o-escucha-online-el-castillo-de-barbazul-de-javier-cercas\/","title":{"rendered":"Descarga o escucha online &#8216;El castillo de Barbazul&#8217; de Javier Cercas"},"content":{"rendered":"\n<p>Con <em>El castillo de Barbazul<\/em>, Javier Cercas presenta el tercer volumen de la trilog\u00eda Terra Alta. Editado por <a href=\"https:\/\/www.planetadelibros.com\/editorial\/tusquets-editores\/59\" target=\"_blank\" rel=\"noreferrer noopener nofollow\">Tusquets Editores <\/a>sigue la l\u00ednea de novela negra de las obras anteriores. En <a href=\"https:\/\/nextory.movistar.es\/?pid=blogmovistar_ebooksyaudiolibros_7461\" target=\"_blank\" rel=\"noreferrer noopener\">Movistar Nextory <\/a>tienes la oportunidad de disfrutarlo en formato audiolibro (descargado o escuchado online). <\/p>\n\n\n\n<h2 class=\"wp-block-heading\" id=\"h-melchor-marin-debera-enfrentarse-al-peor-de-sus-miedos\">Melchor Mar\u00edn deber\u00e1 enfrentarse al peor de sus miedos<\/h2>\n\n\n\n<p>Con esta \u00faltima entrega de la serie de novela policiacas, su protagonista Melchor Mar\u00edn deber\u00e1 enfrentarse al peor de sus miedos: la desaparici\u00f3n de su hija. \u00bfC\u00f3mo puede un hombre solo defenderse del abuso de los poderosos?<\/p>\n\n\n\n<blockquote class=\"wp-block-quote is-layout-flow wp-block-quote-is-layout-flow\"><p>Excelente novela\u2026 Una intriga que nunca se hab\u00eda desarrollado de modo tan trepidante.<\/p><cite>Jos\u00e9 Mar\u00eda Pozuelo Yvancos, <a href=\"https:\/\/www.abc.es\/cultura\/cultural\/\" target=\"_blank\" rel=\"noreferrer noopener nofollow\">Abc Cultural<\/a><\/cite><\/blockquote>\n\n\n\n<figure class=\"wp-block-image size-large is-resized\"><img loading=\"lazy\" decoding=\"async\" src=\"https:\/\/www.movistar.es\/blog\/wp-content\/uploads\/sites\/3\/2022\/10\/castillo-barbazul_1080x1080.jpg?w=1024\" alt=\"Portada del libro El Castillo de Barbazul\" class=\"wp-image-7465\" width=\"1024\" height=\"1024\" title=\"El Castillo de Barbazul\" srcset=\"https:\/\/www.movistar.es\/blog\/wp-content\/uploads\/sites\/3\/2022\/10\/castillo-barbazul_1080x1080.jpg 1080w, https:\/\/www.movistar.es\/blog\/wp-content\/uploads\/sites\/3\/2022\/10\/castillo-barbazul_1080x1080.jpg?resize=150,150 150w, https:\/\/www.movistar.es\/blog\/wp-content\/uploads\/sites\/3\/2022\/10\/castillo-barbazul_1080x1080.jpg?resize=300,300 300w, https:\/\/www.movistar.es\/blog\/wp-content\/uploads\/sites\/3\/2022\/10\/castillo-barbazul_1080x1080.jpg?resize=768,768 768w, https:\/\/www.movistar.es\/blog\/wp-content\/uploads\/sites\/3\/2022\/10\/castillo-barbazul_1080x1080.jpg?resize=1024,1024 1024w\" sizes=\"auto, (max-width: 1024px) 100vw, 1024px\" \/><figcaption>Portada del libro <em>El Castillo de Barbazul<\/em><\/figcaption><\/figure>\n\n\n\n<p>A\u00f1os despu\u00e9s de lo ocurrido en Independencia, Melchor Mar\u00edn dej\u00f3 de ser mosso d\u2019esquadra y trabaja como bibliotecario en un pueblo de la <a href=\"https:\/\/es.wikipedia.org\/wiki\/Tierra_Alta\" target=\"_blank\" rel=\"noreferrer noopener nofollow\">Terra Alta<\/a>. Vive con su hija Cosette. La chica, ya adolescente, se revela al descubrir que su padre le ha ocultado c\u00f3mo muri\u00f3 su madre. Confundida, sale de vacaciones a Mallorca, pero no regresa. Tampoco contesta los mensajes ni las llamadas de Melchor. Algo le dice que algo malo ha ocurrido y decide ir a la isla su busca.<\/p>\n\n\n\n<p>A partir de aqu\u00ed la novela se adentra en un laberinto absorbente, a la vez siniestro y luminoso, donde Melchor descubre que los seres humanos somos capaces de lo peor: que vivimos rodeados de violencia, mentiras, abusos de poder y cobard\u00eda. Pero tambi\u00e9n de lo mejor: que hay gente capaz de jug\u00e1rselo todo por una causa justa.<\/p>\n\n\n\n<h2 class=\"wp-block-heading\" id=\"h-el-castillo-de-barbazul-ultima-entrega-de-las-novelas-de-la-terra-alta\"><em>El castillo de Barbazul<\/em> \u00faltima entrega de las novelas de la Terra Alta<\/h2>\n\n\n\n<p><em>El castillo de Barbazul<\/em> acaba de desenmascarar las novelas de la Terra Alta como lo que son: el proyecto literario m\u00e1s ambicioso de Javier Cercas.<\/p>\n\n\n\n<blockquote class=\"wp-block-quote is-layout-flow wp-block-quote-is-layout-flow\"><p>Cercas redondea la trilog\u00eda de Tierra Alta con este novel\u00f3n, que se sustenta sobre pilares argumentales que despliega con maestr\u00eda\u2026 Una obra de factura exquisita (\u2026) que se devora con fruici\u00f3n<\/p><cite>I\u00f1igo Urrutia, <a href=\"https:\/\/www.diariovasco.com\/\" target=\"_blank\" rel=\"noreferrer noopener nofollow\">El Diario Vasco<\/a><\/cite><\/blockquote>\n\n\n\n<figure class=\"wp-block-embed is-type-video is-provider-youtube wp-block-embed-youtube wp-embed-aspect-16-9 wp-has-aspect-ratio\"><div class=\"wp-block-embed__wrapper\">\n<div class=\"wp-block-embed__wrapper\"><div class=\"ast-oembed-container \" style=\"height: 100%;\"><iframe loading=\"lazy\" title=\"Crea Lectura - \u201cEl castillo de Barbazul\u201dJavier Cercas | Tusquets Editores\" width=\"1040\" height=\"585\" src=\"https:\/\/www.youtube.com\/embed\/kuTCkmkQrcI?feature=oembed\" frameborder=\"0\" allow=\"accelerometer; autoplay; clipboard-write; encrypted-media; gyroscope; picture-in-picture; web-share\" referrerpolicy=\"strict-origin-when-cross-origin\" allowfullscreen><\/iframe><\/div><\/div>\n<\/div><\/figure>\n\n\n\n<p>Una mansi\u00f3n de un multimillonario que da fiestas lujosas, melancol\u00eda traslucida y sucesos pasados. Una nueva misi\u00f3n para Melchor Mar\u00edn en la que necesitar\u00e1 a su amigos pero, sobre todo, una reflexi\u00f3n sobre la impunidad del poder. \u00bfSe unir\u00e1n a \u00e9l en una aventura incierta?<\/p>\n\n\n\n<p>Javier Cercas es un escritor cacere\u00f1o conocido mundialmente por <em>Soldados de Salamina<\/em>. <em>Terra alta<\/em>, <em>Independencia<\/em> y <em>El castillo de Barbazul<\/em> forman parte de su \u00faltima trilog\u00eda. Sus libros han sido traducidos a ma\u0301s de treinta idiomas y obtenido los galardones m\u00e1s prestigiosos.<\/p>\n\n\n\n<p><em>El Castillo de Barbazul<\/em>, que puedes <a href=\"https:\/\/nextory.movistar.es\/?pid=blogmovistar_ebooksyaudiolibros_7461\" target=\"_blank\" rel=\"noreferrer noopener nofollow\">descargar y escuchar online gracias a Movistar Nextory<\/a>, es un nuevo encuentro con las investigaciones de Melchor Mar\u00edn. Y con la narrativa de Javier Cercas. Historias amenas y f\u00e1ciles de leer que enganchan y entretienen. Puedes disfrutar en ellas de <a href=\"https:\/\/nextory.movistar.es\/?pid=blogmovistar_ebooksyaudiolibros_7461\" target=\"_blank\" rel=\"noreferrer noopener nofollow\">forma c\u00f3moda y f\u00e1cil en Movistar Nextory<\/a>.<\/p>\n","protected":false},"excerpt":{"rendered":"<p>Con El castillo de Barbazul, Javier Cercas presenta el tercer volumen de la trilog\u00eda Terra Alta. Editado por Tusquets Editores sigue la l\u00ednea de novela negra de las obras anteriores. En Movistar Nextory tienes la [&hellip;]<\/p>\n","protected":false},"author":93,"featured_media":7464,"comment_status":"closed","ping_status":"closed","sticky":false,"template":"","format":"standard","meta":{"site-sidebar-layout":"default","site-content-layout":"","ast-site-content-layout":"","site-content-style":"default","site-sidebar-style":"default","ast-global-header-display":"","ast-banner-title-visibility":"","ast-main-header-display":"","ast-hfb-above-header-display":"","ast-hfb-below-header-display":"","ast-hfb-mobile-header-display":"","site-post-title":"","ast-breadcrumbs-content":"","ast-featured-img":"","footer-sml-layout":"","theme-transparent-header-meta":"","adv-header-id-meta":"","stick-header-meta":"","header-above-stick-meta":"","header-main-stick-meta":"","header-below-stick-meta":"","astra-migrate-meta-layouts":"default","ast-page-background-enabled":"default","ast-page-background-meta":{"desktop":{"background-color":"var(--ast-global-color-4)","background-image":"","background-repeat":"repeat","background-position":"center center","background-size":"auto","background-attachment":"scroll","background-type":"","background-media":"","overlay-type":"","overlay-color":"","overlay-opacity":"","overlay-gradient":""},"tablet":{"background-color":"","background-image":"","background-repeat":"repeat","background-position":"center center","background-size":"auto","background-attachment":"scroll","background-type":"","background-media":"","overlay-type":"","overlay-color":"","overlay-opacity":"","overlay-gradient":""},"mobile":{"background-color":"","background-image":"","background-repeat":"repeat","background-position":"center center","background-size":"auto","background-attachment":"scroll","background-type":"","background-media":"","overlay-type":"","overlay-color":"","overlay-opacity":"","overlay-gradient":""}},"ast-content-background-meta":{"desktop":{"background-color":"var(--ast-global-color-5)","background-image":"","background-repeat":"repeat","background-position":"center center","background-size":"auto","background-attachment":"scroll","background-type":"","background-media":"","overlay-type":"","overlay-color":"","overlay-opacity":"","overlay-gradient":""},"tablet":{"background-color":"var(--ast-global-color-5)","background-image":"","background-repeat":"repeat","background-position":"center center","background-size":"auto","background-attachment":"scroll","background-type":"","background-media":"","overlay-type":"","overlay-color":"","overlay-opacity":"","overlay-gradient":""},"mobile":{"background-color":"var(--ast-global-color-5)","background-image":"","background-repeat":"repeat","background-position":"center center","background-size":"auto","background-attachment":"scroll","background-type":"","background-media":"","overlay-type":"","overlay-color":"","overlay-opacity":"","overlay-gradient":""}},"_jetpack_memberships_contains_paid_content":false,"footnotes":""},"categories":[1],"tags":[],"area":[190],"cluster":[405],"linea_editorial":[],"coauthors":[467],"class_list":["post-7461","post","type-post","status-publish","format-standard","has-post-thumbnail","hentry","category-sin-categoria","area-content-movistar","cluster-ebooks-audiolibros"],"yoast_head":"<!-- This site is optimized with the Yoast SEO Premium plugin v25.5 (Yoast SEO v25.5) - https:\/\/yoast.com\/wordpress\/plugins\/seo\/ -->\n<title>Descarga o escucha online &#039;El castillo de Barbazul&#039; de Javier Cercas<\/title>\n<meta name=\"description\" content=\"Con esta \u00faltima entrega de la serie de novela policiacas, Melchor Mar\u00edn, debe enfrentarse al peor de sus miedos: la desaparici\u00f3n de su hija.\" \/>\n<meta name=\"robots\" content=\"index, follow, max-snippet:-1, max-image-preview:large, max-video-preview:-1\" \/>\n<link rel=\"canonical\" href=\"https:\/\/www.movistar.es\/blog\/ebooks-audiolibros\/descarga-o-escucha-online-el-castillo-de-barbazul-de-javier-cercas\/\" \/>\n<meta property=\"og:locale\" content=\"es_ES\" \/>\n<meta property=\"og:type\" content=\"article\" \/>\n<meta property=\"og:title\" content=\"Descarga o escucha online &#039;El castillo de Barbazul&#039; de Javier Cercas\" \/>\n<meta property=\"og:description\" content=\"Con esta \u00faltima entrega de la serie de novela policiacas, Melchor Mar\u00edn, debe enfrentarse al peor de sus miedos: la desaparici\u00f3n de su hija.\" \/>\n<meta property=\"og:url\" content=\"https:\/\/www.movistar.es\/blog\/ebooks-audiolibros\/descarga-o-escucha-online-el-castillo-de-barbazul-de-javier-cercas\/\" \/>\n<meta property=\"og:site_name\" content=\"Movistar blog\" \/>\n<meta property=\"article:author\" content=\"movistar.es\/\" \/>\n<meta property=\"article:published_time\" content=\"2022-10-21T09:04:00+00:00\" \/>\n<meta property=\"article:modified_time\" content=\"2022-10-24T10:54:38+00:00\" \/>\n<meta property=\"og:image\" content=\"https:\/\/www.movistar.es\/blog\/wp-content\/uploads\/sites\/3\/2022\/10\/castillo-barbazul_1040x650.jpg\" \/>\n\t<meta property=\"og:image:width\" content=\"1040\" \/>\n\t<meta property=\"og:image:height\" content=\"650\" \/>\n\t<meta property=\"og:image:type\" content=\"image\/jpeg\" \/>\n<meta name=\"author\" content=\"Equipo de Redacci\u00f3n\" \/>\n<meta name=\"twitter:card\" content=\"summary_large_image\" \/>\n<meta name=\"twitter:creator\" content=\"@movistar_es\" \/>\n<meta name=\"twitter:label1\" content=\"Written by\" \/>\n\t<meta name=\"twitter:data1\" content=\"Equipo de Redacci\u00f3n\" \/>\n\t<meta name=\"twitter:label2\" content=\"Est. reading time\" \/>\n\t<meta name=\"twitter:data2\" content=\"3 minutos\" \/>\n<script type=\"application\/ld+json\" class=\"yoast-schema-graph\">{\"@context\":\"https:\/\/schema.org\",\"@graph\":[{\"@type\":\"Article\",\"@id\":\"https:\/\/www.movistar.es\/blog\/ebooks-audiolibros\/descarga-o-escucha-online-el-castillo-de-barbazul-de-javier-cercas\/#article\",\"isPartOf\":{\"@id\":\"https:\/\/www.movistar.es\/blog\/ebooks-audiolibros\/descarga-o-escucha-online-el-castillo-de-barbazul-de-javier-cercas\/\"},\"author\":{\"name\":\"Equipo de Redacci\u00f3n\",\"@id\":\"https:\/\/www.movistar.es\/blog\/#\/schema\/person\/6184006f5def4638e52e2d0ff98bd55a\"},\"headline\":\"Descarga o escucha online &#8216;El castillo de Barbazul&#8217; de Javier Cercas\",\"datePublished\":\"2022-10-21T09:04:00+00:00\",\"dateModified\":\"2022-10-24T10:54:38+00:00\",\"mainEntityOfPage\":{\"@id\":\"https:\/\/www.movistar.es\/blog\/ebooks-audiolibros\/descarga-o-escucha-online-el-castillo-de-barbazul-de-javier-cercas\/\"},\"wordCount\":520,\"publisher\":{\"@id\":\"https:\/\/www.movistar.es\/blog\/#organization\"},\"image\":{\"@id\":\"https:\/\/www.movistar.es\/blog\/ebooks-audiolibros\/descarga-o-escucha-online-el-castillo-de-barbazul-de-javier-cercas\/#primaryimage\"},\"thumbnailUrl\":\"https:\/\/www.movistar.es\/blog\/wp-content\/uploads\/sites\/3\/2022\/10\/castillo-barbazul_1040x650.jpg\",\"inLanguage\":\"es\"},{\"@type\":\"WebPage\",\"@id\":\"https:\/\/www.movistar.es\/blog\/ebooks-audiolibros\/descarga-o-escucha-online-el-castillo-de-barbazul-de-javier-cercas\/\",\"url\":\"https:\/\/www.movistar.es\/blog\/ebooks-audiolibros\/descarga-o-escucha-online-el-castillo-de-barbazul-de-javier-cercas\/\",\"name\":\"Descarga o escucha online 'El castillo de Barbazul' de Javier Cercas\",\"isPartOf\":{\"@id\":\"https:\/\/www.movistar.es\/blog\/#website\"},\"primaryImageOfPage\":{\"@id\":\"https:\/\/www.movistar.es\/blog\/ebooks-audiolibros\/descarga-o-escucha-online-el-castillo-de-barbazul-de-javier-cercas\/#primaryimage\"},\"image\":{\"@id\":\"https:\/\/www.movistar.es\/blog\/ebooks-audiolibros\/descarga-o-escucha-online-el-castillo-de-barbazul-de-javier-cercas\/#primaryimage\"},\"thumbnailUrl\":\"https:\/\/www.movistar.es\/blog\/wp-content\/uploads\/sites\/3\/2022\/10\/castillo-barbazul_1040x650.jpg\",\"datePublished\":\"2022-10-21T09:04:00+00:00\",\"dateModified\":\"2022-10-24T10:54:38+00:00\",\"description\":\"Con esta \u00faltima entrega de la serie de novela policiacas, Melchor Mar\u00edn, debe enfrentarse al peor de sus miedos: la desaparici\u00f3n de su hija.\",\"breadcrumb\":{\"@id\":\"https:\/\/www.movistar.es\/blog\/ebooks-audiolibros\/descarga-o-escucha-online-el-castillo-de-barbazul-de-javier-cercas\/#breadcrumb\"},\"inLanguage\":\"es\",\"potentialAction\":[{\"@type\":\"ReadAction\",\"target\":[\"https:\/\/www.movistar.es\/blog\/ebooks-audiolibros\/descarga-o-escucha-online-el-castillo-de-barbazul-de-javier-cercas\/\"]}]},{\"@type\":\"ImageObject\",\"inLanguage\":\"es\",\"@id\":\"https:\/\/www.movistar.es\/blog\/ebooks-audiolibros\/descarga-o-escucha-online-el-castillo-de-barbazul-de-javier-cercas\/#primaryimage\",\"url\":\"https:\/\/www.movistar.es\/blog\/wp-content\/uploads\/sites\/3\/2022\/10\/castillo-barbazul_1040x650.jpg\",\"contentUrl\":\"https:\/\/www.movistar.es\/blog\/wp-content\/uploads\/sites\/3\/2022\/10\/castillo-barbazul_1040x650.jpg\",\"width\":1040,\"height\":650},{\"@type\":\"BreadcrumbList\",\"@id\":\"https:\/\/www.movistar.es\/blog\/ebooks-audiolibros\/descarga-o-escucha-online-el-castillo-de-barbazul-de-javier-cercas\/#breadcrumb\",\"itemListElement\":[{\"@type\":\"ListItem\",\"position\":1,\"name\":\"Home\",\"item\":\"https:\/\/www.movistar.es\/blog\/\"},{\"@type\":\"ListItem\",\"position\":2,\"name\":\"Descarga o escucha online &#8216;El castillo de Barbazul&#8217; de Javier Cercas\"}]},{\"@type\":\"WebSite\",\"@id\":\"https:\/\/www.movistar.es\/blog\/#website\",\"url\":\"https:\/\/www.movistar.es\/blog\/\",\"name\":\"Movistar blog\",\"description\":\"Movistar Blog. Informaci\u00f3n y m\u00e1s sobre los productos y servicios de Movistar\",\"publisher\":{\"@id\":\"https:\/\/www.movistar.es\/blog\/#organization\"},\"potentialAction\":[{\"@type\":\"SearchAction\",\"target\":{\"@type\":\"EntryPoint\",\"urlTemplate\":\"https:\/\/www.movistar.es\/blog\/?s={search_term_string}\"},\"query-input\":{\"@type\":\"PropertyValueSpecification\",\"valueRequired\":true,\"valueName\":\"search_term_string\"}}],\"inLanguage\":\"es\"},{\"@type\":\"Organization\",\"@id\":\"https:\/\/www.movistar.es\/blog\/#organization\",\"name\":\"Movistar blog\",\"url\":\"https:\/\/www.movistar.es\/blog\/\",\"logo\":{\"@type\":\"ImageObject\",\"inLanguage\":\"es\",\"@id\":\"https:\/\/www.movistar.es\/blog\/#\/schema\/logo\/image\/\",\"url\":\"https:\/\/www.movistar.es\/blog\/wp-content\/uploads\/sites\/3\/2022\/05\/logo_movistar-1.svg\",\"contentUrl\":\"https:\/\/www.movistar.es\/blog\/wp-content\/uploads\/sites\/3\/2022\/05\/logo_movistar-1.svg\",\"width\":369,\"height\":272,\"caption\":\"Movistar blog\"},\"image\":{\"@id\":\"https:\/\/www.movistar.es\/blog\/#\/schema\/logo\/image\/\"}},{\"@type\":\"Person\",\"@id\":\"https:\/\/www.movistar.es\/blog\/#\/schema\/person\/6184006f5def4638e52e2d0ff98bd55a\",\"name\":\"Equipo de Redacci\u00f3n\",\"image\":{\"@type\":\"ImageObject\",\"inLanguage\":\"es\",\"@id\":\"https:\/\/www.movistar.es\/blog\/#\/schema\/person\/image\/8dbf7dc767c23aa5f974d575dda930c5\",\"url\":\"https:\/\/secure.gravatar.com\/avatar\/ce5aadad84c2aeb36c9813c46e41a53b0c9cc1d57205e8cde4bdf0ed790b3c97\",\"contentUrl\":\"https:\/\/secure.gravatar.com\/avatar\/ce5aadad84c2aeb36c9813c46e41a53b0c9cc1d57205e8cde4bdf0ed790b3c97\",\"caption\":\"Equipo de Redacci\u00f3n\"},\"description\":\"Buscamos temas de tu inter\u00e9s. Te contamos c\u00f3mo pueden ayudarte en tu d\u00eda a d\u00eda los productos y servicios de Movistar. No queremos venderte nada. Queremos descubrirte cosas para hacerte la vida m\u00e1s f\u00e1cil.\",\"sameAs\":[\"https:\/\/www.movistar.es\/\",\"movistar.es\/\",\"https:\/\/www.instagram.com\/movistar_es\/?hl=es\",\"https:\/\/x.com\/movistar_es\"],\"knowsAbout\":[\"smartphones\",\"conectividad\",\"hogar digital\",\"ciberseguridad\"],\"url\":\"https:\/\/www.movistar.es\/blog\/author\/contentmovistar\/\"}]}<\/script>\n<!-- \/ Yoast SEO Premium plugin. -->","yoast_head_json":{"title":"Descarga o escucha online 'El castillo de Barbazul' de Javier Cercas","description":"Con esta \u00faltima entrega de la serie de novela policiacas, Melchor Mar\u00edn, debe enfrentarse al peor de sus miedos: la desaparici\u00f3n de su hija.","robots":{"index":"index","follow":"follow","max-snippet":"max-snippet:-1","max-image-preview":"max-image-preview:large","max-video-preview":"max-video-preview:-1"},"canonical":"https:\/\/www.movistar.es\/blog\/ebooks-audiolibros\/descarga-o-escucha-online-el-castillo-de-barbazul-de-javier-cercas\/","og_locale":"es_ES","og_type":"article","og_title":"Descarga o escucha online 'El castillo de Barbazul' de Javier Cercas","og_description":"Con esta \u00faltima entrega de la serie de novela policiacas, Melchor Mar\u00edn, debe enfrentarse al peor de sus miedos: la desaparici\u00f3n de su hija.","og_url":"https:\/\/www.movistar.es\/blog\/ebooks-audiolibros\/descarga-o-escucha-online-el-castillo-de-barbazul-de-javier-cercas\/","og_site_name":"Movistar blog","article_author":"movistar.es\/","article_published_time":"2022-10-21T09:04:00+00:00","article_modified_time":"2022-10-24T10:54:38+00:00","og_image":[{"width":1040,"height":650,"url":"https:\/\/www.movistar.es\/blog\/wp-content\/uploads\/sites\/3\/2022\/10\/castillo-barbazul_1040x650.jpg","type":"image\/jpeg"}],"author":"Equipo de Redacci\u00f3n","twitter_card":"summary_large_image","twitter_creator":"@movistar_es","twitter_misc":{"Written by":"Equipo de Redacci\u00f3n","Est. reading time":"3 minutos"},"schema":{"@context":"https:\/\/schema.org","@graph":[{"@type":"Article","@id":"https:\/\/www.movistar.es\/blog\/ebooks-audiolibros\/descarga-o-escucha-online-el-castillo-de-barbazul-de-javier-cercas\/#article","isPartOf":{"@id":"https:\/\/www.movistar.es\/blog\/ebooks-audiolibros\/descarga-o-escucha-online-el-castillo-de-barbazul-de-javier-cercas\/"},"author":{"name":"Equipo de Redacci\u00f3n","@id":"https:\/\/www.movistar.es\/blog\/#\/schema\/person\/6184006f5def4638e52e2d0ff98bd55a"},"headline":"Descarga o escucha online &#8216;El castillo de Barbazul&#8217; de Javier Cercas","datePublished":"2022-10-21T09:04:00+00:00","dateModified":"2022-10-24T10:54:38+00:00","mainEntityOfPage":{"@id":"https:\/\/www.movistar.es\/blog\/ebooks-audiolibros\/descarga-o-escucha-online-el-castillo-de-barbazul-de-javier-cercas\/"},"wordCount":520,"publisher":{"@id":"https:\/\/www.movistar.es\/blog\/#organization"},"image":{"@id":"https:\/\/www.movistar.es\/blog\/ebooks-audiolibros\/descarga-o-escucha-online-el-castillo-de-barbazul-de-javier-cercas\/#primaryimage"},"thumbnailUrl":"https:\/\/www.movistar.es\/blog\/wp-content\/uploads\/sites\/3\/2022\/10\/castillo-barbazul_1040x650.jpg","inLanguage":"es"},{"@type":"WebPage","@id":"https:\/\/www.movistar.es\/blog\/ebooks-audiolibros\/descarga-o-escucha-online-el-castillo-de-barbazul-de-javier-cercas\/","url":"https:\/\/www.movistar.es\/blog\/ebooks-audiolibros\/descarga-o-escucha-online-el-castillo-de-barbazul-de-javier-cercas\/","name":"Descarga o escucha online 'El castillo de Barbazul' de Javier Cercas","isPartOf":{"@id":"https:\/\/www.movistar.es\/blog\/#website"},"primaryImageOfPage":{"@id":"https:\/\/www.movistar.es\/blog\/ebooks-audiolibros\/descarga-o-escucha-online-el-castillo-de-barbazul-de-javier-cercas\/#primaryimage"},"image":{"@id":"https:\/\/www.movistar.es\/blog\/ebooks-audiolibros\/descarga-o-escucha-online-el-castillo-de-barbazul-de-javier-cercas\/#primaryimage"},"thumbnailUrl":"https:\/\/www.movistar.es\/blog\/wp-content\/uploads\/sites\/3\/2022\/10\/castillo-barbazul_1040x650.jpg","datePublished":"2022-10-21T09:04:00+00:00","dateModified":"2022-10-24T10:54:38+00:00","description":"Con esta \u00faltima entrega de la serie de novela policiacas, Melchor Mar\u00edn, debe enfrentarse al peor de sus miedos: la desaparici\u00f3n de su hija.","breadcrumb":{"@id":"https:\/\/www.movistar.es\/blog\/ebooks-audiolibros\/descarga-o-escucha-online-el-castillo-de-barbazul-de-javier-cercas\/#breadcrumb"},"inLanguage":"es","potentialAction":[{"@type":"ReadAction","target":["https:\/\/www.movistar.es\/blog\/ebooks-audiolibros\/descarga-o-escucha-online-el-castillo-de-barbazul-de-javier-cercas\/"]}]},{"@type":"ImageObject","inLanguage":"es","@id":"https:\/\/www.movistar.es\/blog\/ebooks-audiolibros\/descarga-o-escucha-online-el-castillo-de-barbazul-de-javier-cercas\/#primaryimage","url":"https:\/\/www.movistar.es\/blog\/wp-content\/uploads\/sites\/3\/2022\/10\/castillo-barbazul_1040x650.jpg","contentUrl":"https:\/\/www.movistar.es\/blog\/wp-content\/uploads\/sites\/3\/2022\/10\/castillo-barbazul_1040x650.jpg","width":1040,"height":650},{"@type":"BreadcrumbList","@id":"https:\/\/www.movistar.es\/blog\/ebooks-audiolibros\/descarga-o-escucha-online-el-castillo-de-barbazul-de-javier-cercas\/#breadcrumb","itemListElement":[{"@type":"ListItem","position":1,"name":"Home","item":"https:\/\/www.movistar.es\/blog\/"},{"@type":"ListItem","position":2,"name":"Descarga o escucha online &#8216;El castillo de Barbazul&#8217; de Javier Cercas"}]},{"@type":"WebSite","@id":"https:\/\/www.movistar.es\/blog\/#website","url":"https:\/\/www.movistar.es\/blog\/","name":"Movistar blog","description":"Movistar Blog. Informaci\u00f3n y m\u00e1s sobre los productos y servicios de Movistar","publisher":{"@id":"https:\/\/www.movistar.es\/blog\/#organization"},"potentialAction":[{"@type":"SearchAction","target":{"@type":"EntryPoint","urlTemplate":"https:\/\/www.movistar.es\/blog\/?s={search_term_string}"},"query-input":{"@type":"PropertyValueSpecification","valueRequired":true,"valueName":"search_term_string"}}],"inLanguage":"es"},{"@type":"Organization","@id":"https:\/\/www.movistar.es\/blog\/#organization","name":"Movistar blog","url":"https:\/\/www.movistar.es\/blog\/","logo":{"@type":"ImageObject","inLanguage":"es","@id":"https:\/\/www.movistar.es\/blog\/#\/schema\/logo\/image\/","url":"https:\/\/www.movistar.es\/blog\/wp-content\/uploads\/sites\/3\/2022\/05\/logo_movistar-1.svg","contentUrl":"https:\/\/www.movistar.es\/blog\/wp-content\/uploads\/sites\/3\/2022\/05\/logo_movistar-1.svg","width":369,"height":272,"caption":"Movistar blog"},"image":{"@id":"https:\/\/www.movistar.es\/blog\/#\/schema\/logo\/image\/"}},{"@type":"Person","@id":"https:\/\/www.movistar.es\/blog\/#\/schema\/person\/6184006f5def4638e52e2d0ff98bd55a","name":"Equipo de Redacci\u00f3n","image":{"@type":"ImageObject","inLanguage":"es","@id":"https:\/\/www.movistar.es\/blog\/#\/schema\/person\/image\/8dbf7dc767c23aa5f974d575dda930c5","url":"https:\/\/secure.gravatar.com\/avatar\/ce5aadad84c2aeb36c9813c46e41a53b0c9cc1d57205e8cde4bdf0ed790b3c97","contentUrl":"https:\/\/secure.gravatar.com\/avatar\/ce5aadad84c2aeb36c9813c46e41a53b0c9cc1d57205e8cde4bdf0ed790b3c97","caption":"Equipo de Redacci\u00f3n"},"description":"Buscamos temas de tu inter\u00e9s. Te contamos c\u00f3mo pueden ayudarte en tu d\u00eda a d\u00eda los productos y servicios de Movistar. No queremos venderte nada. Queremos descubrirte cosas para hacerte la vida m\u00e1s f\u00e1cil.","sameAs":["https:\/\/www.movistar.es\/","movistar.es\/","https:\/\/www.instagram.com\/movistar_es\/?hl=es","https:\/\/x.com\/movistar_es"],"knowsAbout":["smartphones","conectividad","hogar digital","ciberseguridad"],"url":"https:\/\/www.movistar.es\/blog\/author\/contentmovistar\/"}]}},"jetpack_featured_media_url":"https:\/\/www.movistar.es\/blog\/wp-content\/uploads\/sites\/3\/2022\/10\/castillo-barbazul_1040x650.jpg","jetpack_sharing_enabled":true,"_links":{"self":[{"href":"https:\/\/www.movistar.es\/blog\/wp-json\/wp\/v2\/posts\/7461","targetHints":{"allow":["GET"]}}],"collection":[{"href":"https:\/\/www.movistar.es\/blog\/wp-json\/wp\/v2\/posts"}],"about":[{"href":"https:\/\/www.movistar.es\/blog\/wp-json\/wp\/v2\/types\/post"}],"author":[{"embeddable":true,"href":"https:\/\/www.movistar.es\/blog\/wp-json\/wp\/v2\/users\/93"}],"replies":[{"embeddable":true,"href":"https:\/\/www.movistar.es\/blog\/wp-json\/wp\/v2\/comments?post=7461"}],"version-history":[{"count":5,"href":"https:\/\/www.movistar.es\/blog\/wp-json\/wp\/v2\/posts\/7461\/revisions"}],"predecessor-version":[{"id":7469,"href":"https:\/\/www.movistar.es\/blog\/wp-json\/wp\/v2\/posts\/7461\/revisions\/7469"}],"wp:featuredmedia":[{"embeddable":true,"href":"https:\/\/www.movistar.es\/blog\/wp-json\/wp\/v2\/media\/7464"}],"wp:attachment":[{"href":"https:\/\/www.movistar.es\/blog\/wp-json\/wp\/v2\/media?parent=7461"}],"wp:term":[{"taxonomy":"category","embeddable":true,"href":"https:\/\/www.movistar.es\/blog\/wp-json\/wp\/v2\/categories?post=7461"},{"taxonomy":"post_tag","embeddable":true,"href":"https:\/\/www.movistar.es\/blog\/wp-json\/wp\/v2\/tags?post=7461"},{"taxonomy":"area","embeddable":true,"href":"https:\/\/www.movistar.es\/blog\/wp-json\/wp\/v2\/area?post=7461"},{"taxonomy":"cluster","embeddable":true,"href":"https:\/\/www.movistar.es\/blog\/wp-json\/wp\/v2\/cluster?post=7461"},{"taxonomy":"linea_editorial","embeddable":true,"href":"https:\/\/www.movistar.es\/blog\/wp-json\/wp\/v2\/linea_editorial?post=7461"},{"taxonomy":"author","embeddable":true,"href":"https:\/\/www.movistar.es\/blog\/wp-json\/wp\/v2\/coauthors?post=7461"}],"curies":[{"name":"wp","href":"https:\/\/api.w.org\/{rel}","templated":true}]}}