{"id":6840,"date":"2022-10-03T12:59:28","date_gmt":"2022-10-03T10:59:28","guid":{"rendered":"https:\/\/www.movistar.es\/blog\/?p=6840"},"modified":"2022-10-05T09:04:06","modified_gmt":"2022-10-05T07:04:06","slug":"donde-leer-libro-negro-de-las-horas","status":"publish","type":"post","link":"https:\/\/www.movistar.es\/blog\/ebooks-audiolibros\/donde-leer-libro-negro-de-las-horas\/","title":{"rendered":"D\u00f3nde leer online &#8216;El Libro Negro de las Horas&#8217;, de Eva Garc\u00eda S\u00e1enz de Urturi"},"content":{"rendered":"\n<p><em>El Libro Negro de las Horas<\/em>, es la nueva obra de Eva Garc\u00eda S\u00e1enz de Urturi y puedes disfrutar de ella al instante gracias a Movistar.  Tras cautivar a m\u00e1s de dos millones de lectores, vuelve con una novela negra que no dejar\u00e1 de sorprenderte.<br>\u00bfY si tu madre fuera la mejor falsificadora de libros antiguos de la historia?<\/p>\n\n\n\n<blockquote class=\"wp-block-quote is-layout-flow wp-block-quote-is-layout-flow\"><p>Tienes a tu disposici\u00f3n &#8216;El libro Negro de las Horas&#8217; y m\u00e1s obras de Eva Garc\u00eda Sa\u00e9nz de Urturi en <a href=\"https:\/\/nextory.movistar.es\/?pid=blogmovistar_ebooksyaudiolibros_6840\" target=\"_blank\" rel=\"noreferrer noopener nofollow\">Movistar Nextory<\/a><\/p><\/blockquote>\n\n\n\n<h2 class=\"wp-block-heading\" id=\"h-alguien-que-lleva-muerto-cuarenta-anos-no-puede-ser-secuestrado-y-desde-luego-no-puede-sangrar\">Alguien que lleva muerto cuarenta a\u00f1os no puede ser secuestrado y, desde luego, no puede sangrar.<\/h2>\n\n\n\n<p>Alguien que lleva muerto cuarenta a\u00f1os no puede ser secuestrado y, desde luego, no puede sangrar, \u00bfo s\u00ed?. Todo comienza en Vitoria en 2022. El ex-inspector Unai L\u00f3pez de Ayala \u2014alias Kraken\u2014 recibe una llamada an\u00f3nima que cambiar\u00e1 lo que cree saber de su pasado familiar: tiene una semana para encontrar el legendario <em>Libro Negro de las Horas<\/em>, una joya bibliogr\u00e1fica exclusiva, si no su madre, quien descansa en el cementerio desde hace d\u00e9cadas, morir\u00e1. \u00bfC\u00f3mo es esto posible?<\/p>\n\n\n\n<p>Eva Garc\u00eda S\u00e1enz de Urturi nos en una carrera contra reloj entre Vitoria y el Madrid de los bibli\u00f3filos. La historia ir\u00e1 trazando poco a poco a Kraken el perfil criminal m\u00e1s importante de su vida. Un delincuente capaz de modificar el pasado, para siempre. <a href=\"https:\/\/nextory.movistar.es\/?pid=blogmovistar_ebooksyaudiolibros_6840\" target=\"_blank\" rel=\"noreferrer noopener nofollow\">Puedes disfrutarla en ebook y en formato audiolibro en Movistar Nextory. <\/a><\/p>\n\n\n\n<figure class=\"wp-block-image size-large\"><img loading=\"lazy\" decoding=\"async\" height=\"1024\" width=\"1024\" src=\"https:\/\/www.movistar.es\/blog\/wp-content\/uploads\/sites\/3\/2022\/10\/libro-negro-horas-1080x1080-1.jpg?w=1024\" alt=\"el libro negro de las horas\" class=\"wp-image-6842\" title=\"el libro negro de las horas\" srcset=\"https:\/\/www.movistar.es\/blog\/wp-content\/uploads\/sites\/3\/2022\/10\/libro-negro-horas-1080x1080-1.jpg 1080w, https:\/\/www.movistar.es\/blog\/wp-content\/uploads\/sites\/3\/2022\/10\/libro-negro-horas-1080x1080-1.jpg?resize=150,150 150w, https:\/\/www.movistar.es\/blog\/wp-content\/uploads\/sites\/3\/2022\/10\/libro-negro-horas-1080x1080-1.jpg?resize=300,300 300w, https:\/\/www.movistar.es\/blog\/wp-content\/uploads\/sites\/3\/2022\/10\/libro-negro-horas-1080x1080-1.jpg?resize=768,768 768w, https:\/\/www.movistar.es\/blog\/wp-content\/uploads\/sites\/3\/2022\/10\/libro-negro-horas-1080x1080-1.jpg?resize=1024,1024 1024w\" sizes=\"auto, (max-width: 1024px) 100vw, 1024px\" \/><\/figure>\n\n\n\n<p><a href=\"https:\/\/www.evagarciasaenz.com\/\" target=\"_blank\" rel=\"noreferrer noopener nofollow\">Eva Garc\u00eda S\u00e1enz de Urturi<\/a> naci\u00f3 en Vitoria y public\u00f3 en 2012 su primera novela, <em>La saga de los longevos <\/em>que result\u00f3 un fen\u00f3meno de cr\u00edtica y ventas. <\/p>\n\n\n\n<p>En 2016 publica su obra m\u00e1s conocida: <em>El silencio de la ciudad blanca<\/em>. Un thriller apasionante ambientado en su ciudad natal que ha supuesto un gran \u00e9xito en nuestro pa\u00eds y ha sido traducido a m\u00e1s de una veintena de idiomas, copando la lista de los m\u00e1s vendi\u00addos en pa\u00edses como EE. UU., Francia, Alemania, Italia, Polonia, M\u00e9xico, Argentina o Brasil. <\/p>\n\n\n\n<figure class=\"wp-block-embed is-type-video is-provider-youtube wp-block-embed-youtube wp-embed-aspect-16-9 wp-has-aspect-ratio\"><div class=\"wp-block-embed__wrapper\">\n<div class=\"wp-block-embed__wrapper\"><div class=\"ast-oembed-container \" style=\"height: 100%;\"><iframe loading=\"lazy\" title=\"&quot;El Libro Negro de las Horas&quot; de Eva Garc\u00eda S\u00e1enz de Urturi - Booktrailer | Editorial Planeta\" width=\"1040\" height=\"585\" src=\"https:\/\/www.youtube.com\/embed\/Y1HjwEBcsOw?feature=oembed\" frameborder=\"0\" allow=\"accelerometer; autoplay; clipboard-write; encrypted-media; gyroscope; picture-in-picture; web-share\" referrerpolicy=\"strict-origin-when-cross-origin\" allowfullscreen><\/iframe><\/div><\/div>\n<\/div><figcaption><em>Booktrailer | Editorial Planeta<\/em><\/figcaption><\/figure>\n\n\n\n<p>Con esta novela arranc\u00f3 una trilog\u00eda: <em>Los ritos del agua<\/em>, fue la segunda entrega, y la tercera y desenlace de la Trilog\u00eda fue <em>Los se\u00f1ores del tiempo<\/em>. Con <a href=\"https:\/\/nextory.movistar.es\/?pid=blogmovistar_ebooksyaudiolibros_6840\" target=\"_blank\" rel=\"noreferrer noopener\">Movistar Nextory<\/a> puedes disfrutarla al completo desde cualquier dispositivo. Si aun no lo conoces <a href=\"https:\/\/www.movistar.es\/blog\/ebooks-audiolibros\/que-es-movistar-nextory\/\">aqu\u00ed te contamos m\u00e1s<\/a>. <\/p>\n\n\n\n<p>La autora de <em>El Libro Negro de las Horas<\/em>, ha sido galardo\u00adnada con prestigiosos premios, como el Libro de Ficci\u00f3n del A\u00f1o en 2018, The Golden Bullet a la mejor novela negra extranjera de 2019 o el Premio Planeta 2020.<\/p>\n\n\n\n<p><em><strong>Me llamo Unai. Me llaman Kraken.<br>Aqu\u00ed termina tu caza, aqu\u00ed comienza la m\u00eda.<br>\u2026<\/strong><\/em><\/p>\n","protected":false},"excerpt":{"rendered":"<p>El Libro Negro de las Horas, es la nueva obra de Eva Garc\u00eda S\u00e1enz de Urturi y puedes disfrutar de ella al instante gracias a Movistar. Tras cautivar a m\u00e1s de dos millones de lectores, [&hellip;]<\/p>\n","protected":false},"author":93,"featured_media":6843,"comment_status":"closed","ping_status":"closed","sticky":false,"template":"","format":"standard","meta":{"site-sidebar-layout":"default","site-content-layout":"","ast-site-content-layout":"","site-content-style":"default","site-sidebar-style":"default","ast-global-header-display":"","ast-banner-title-visibility":"","ast-main-header-display":"","ast-hfb-above-header-display":"","ast-hfb-below-header-display":"","ast-hfb-mobile-header-display":"","site-post-title":"","ast-breadcrumbs-content":"","ast-featured-img":"","footer-sml-layout":"","theme-transparent-header-meta":"","adv-header-id-meta":"","stick-header-meta":"","header-above-stick-meta":"","header-main-stick-meta":"","header-below-stick-meta":"","astra-migrate-meta-layouts":"default","ast-page-background-enabled":"default","ast-page-background-meta":{"desktop":{"background-color":"var(--ast-global-color-4)","background-image":"","background-repeat":"repeat","background-position":"center center","background-size":"auto","background-attachment":"scroll","background-type":"","background-media":"","overlay-type":"","overlay-color":"","overlay-opacity":"","overlay-gradient":""},"tablet":{"background-color":"","background-image":"","background-repeat":"repeat","background-position":"center center","background-size":"auto","background-attachment":"scroll","background-type":"","background-media":"","overlay-type":"","overlay-color":"","overlay-opacity":"","overlay-gradient":""},"mobile":{"background-color":"","background-image":"","background-repeat":"repeat","background-position":"center center","background-size":"auto","background-attachment":"scroll","background-type":"","background-media":"","overlay-type":"","overlay-color":"","overlay-opacity":"","overlay-gradient":""}},"ast-content-background-meta":{"desktop":{"background-color":"var(--ast-global-color-5)","background-image":"","background-repeat":"repeat","background-position":"center center","background-size":"auto","background-attachment":"scroll","background-type":"","background-media":"","overlay-type":"","overlay-color":"","overlay-opacity":"","overlay-gradient":""},"tablet":{"background-color":"var(--ast-global-color-5)","background-image":"","background-repeat":"repeat","background-position":"center center","background-size":"auto","background-attachment":"scroll","background-type":"","background-media":"","overlay-type":"","overlay-color":"","overlay-opacity":"","overlay-gradient":""},"mobile":{"background-color":"var(--ast-global-color-5)","background-image":"","background-repeat":"repeat","background-position":"center center","background-size":"auto","background-attachment":"scroll","background-type":"","background-media":"","overlay-type":"","overlay-color":"","overlay-opacity":"","overlay-gradient":""}},"_jetpack_memberships_contains_paid_content":false,"footnotes":""},"categories":[1],"tags":[],"area":[190],"cluster":[405],"linea_editorial":[],"coauthors":[467],"class_list":["post-6840","post","type-post","status-publish","format-standard","has-post-thumbnail","hentry","category-sin-categoria","area-content-movistar","cluster-ebooks-audiolibros"],"yoast_head":"<!-- This site is optimized with the Yoast SEO Premium plugin v25.5 (Yoast SEO v25.5) - https:\/\/yoast.com\/wordpress\/plugins\/seo\/ -->\n<title>donde leer libro negro de las horas<\/title>\n<meta name=\"description\" content=\"El Libro Negro de las Horas, es la nueva obra de Eva Garc\u00eda S\u00e1enz de Urturi. Una novela negra que no dejar\u00e1 de sorprenderte.\" \/>\n<meta name=\"robots\" content=\"index, follow, max-snippet:-1, max-image-preview:large, max-video-preview:-1\" \/>\n<link rel=\"canonical\" href=\"https:\/\/www.movistar.es\/blog\/ebooks-audiolibros\/donde-leer-libro-negro-de-las-horas\/\" \/>\n<meta property=\"og:locale\" content=\"es_ES\" \/>\n<meta property=\"og:type\" content=\"article\" \/>\n<meta property=\"og:title\" content=\"D\u00f3nde leer online &#039;El Libro Negro de las Horas&#039;, de Eva Garc\u00eda S\u00e1enz de Urturi\" \/>\n<meta property=\"og:description\" content=\"El Libro Negro de las Horas, es la nueva obra de Eva Garc\u00eda S\u00e1enz de Urturi. Una novela negra que no dejar\u00e1 de sorprenderte.\" \/>\n<meta property=\"og:url\" content=\"https:\/\/www.movistar.es\/blog\/ebooks-audiolibros\/donde-leer-libro-negro-de-las-horas\/\" \/>\n<meta property=\"og:site_name\" content=\"Movistar blog\" \/>\n<meta property=\"article:author\" content=\"movistar.es\/\" \/>\n<meta property=\"article:published_time\" content=\"2022-10-03T10:59:28+00:00\" \/>\n<meta property=\"article:modified_time\" content=\"2022-10-05T07:04:06+00:00\" \/>\n<meta property=\"og:image\" content=\"https:\/\/www.movistar.es\/blog\/wp-content\/uploads\/sites\/3\/2022\/10\/libro-negro-horas_1040x650.jpg\" \/>\n\t<meta property=\"og:image:width\" content=\"1040\" \/>\n\t<meta property=\"og:image:height\" content=\"650\" \/>\n\t<meta property=\"og:image:type\" content=\"image\/jpeg\" \/>\n<meta name=\"author\" content=\"Equipo de Redacci\u00f3n\" \/>\n<meta name=\"twitter:card\" content=\"summary_large_image\" \/>\n<meta name=\"twitter:creator\" content=\"@movistar_es\" \/>\n<meta name=\"twitter:label1\" content=\"Written by\" \/>\n\t<meta name=\"twitter:data1\" content=\"Equipo de Redacci\u00f3n\" \/>\n\t<meta name=\"twitter:label2\" content=\"Est. reading time\" \/>\n\t<meta name=\"twitter:data2\" content=\"3 minutos\" \/>\n<script type=\"application\/ld+json\" class=\"yoast-schema-graph\">{\"@context\":\"https:\/\/schema.org\",\"@graph\":[{\"@type\":\"Article\",\"@id\":\"https:\/\/www.movistar.es\/blog\/ebooks-audiolibros\/donde-leer-libro-negro-de-las-horas\/#article\",\"isPartOf\":{\"@id\":\"https:\/\/www.movistar.es\/blog\/ebooks-audiolibros\/donde-leer-libro-negro-de-las-horas\/\"},\"author\":{\"name\":\"Equipo de Redacci\u00f3n\",\"@id\":\"https:\/\/www.movistar.es\/blog\/#\/schema\/person\/6184006f5def4638e52e2d0ff98bd55a\"},\"headline\":\"D\u00f3nde leer online &#8216;El Libro Negro de las Horas&#8217;, de Eva Garc\u00eda S\u00e1enz de Urturi\",\"datePublished\":\"2022-10-03T10:59:28+00:00\",\"dateModified\":\"2022-10-05T07:04:06+00:00\",\"mainEntityOfPage\":{\"@id\":\"https:\/\/www.movistar.es\/blog\/ebooks-audiolibros\/donde-leer-libro-negro-de-las-horas\/\"},\"wordCount\":478,\"publisher\":{\"@id\":\"https:\/\/www.movistar.es\/blog\/#organization\"},\"image\":{\"@id\":\"https:\/\/www.movistar.es\/blog\/ebooks-audiolibros\/donde-leer-libro-negro-de-las-horas\/#primaryimage\"},\"thumbnailUrl\":\"https:\/\/www.movistar.es\/blog\/wp-content\/uploads\/sites\/3\/2022\/10\/libro-negro-horas_1040x650.jpg\",\"inLanguage\":\"es\"},{\"@type\":\"WebPage\",\"@id\":\"https:\/\/www.movistar.es\/blog\/ebooks-audiolibros\/donde-leer-libro-negro-de-las-horas\/\",\"url\":\"https:\/\/www.movistar.es\/blog\/ebooks-audiolibros\/donde-leer-libro-negro-de-las-horas\/\",\"name\":\"donde leer libro negro de las horas\",\"isPartOf\":{\"@id\":\"https:\/\/www.movistar.es\/blog\/#website\"},\"primaryImageOfPage\":{\"@id\":\"https:\/\/www.movistar.es\/blog\/ebooks-audiolibros\/donde-leer-libro-negro-de-las-horas\/#primaryimage\"},\"image\":{\"@id\":\"https:\/\/www.movistar.es\/blog\/ebooks-audiolibros\/donde-leer-libro-negro-de-las-horas\/#primaryimage\"},\"thumbnailUrl\":\"https:\/\/www.movistar.es\/blog\/wp-content\/uploads\/sites\/3\/2022\/10\/libro-negro-horas_1040x650.jpg\",\"datePublished\":\"2022-10-03T10:59:28+00:00\",\"dateModified\":\"2022-10-05T07:04:06+00:00\",\"description\":\"El Libro Negro de las Horas, es la nueva obra de Eva Garc\u00eda S\u00e1enz de Urturi. Una novela negra que no dejar\u00e1 de sorprenderte.\",\"breadcrumb\":{\"@id\":\"https:\/\/www.movistar.es\/blog\/ebooks-audiolibros\/donde-leer-libro-negro-de-las-horas\/#breadcrumb\"},\"inLanguage\":\"es\",\"potentialAction\":[{\"@type\":\"ReadAction\",\"target\":[\"https:\/\/www.movistar.es\/blog\/ebooks-audiolibros\/donde-leer-libro-negro-de-las-horas\/\"]}]},{\"@type\":\"ImageObject\",\"inLanguage\":\"es\",\"@id\":\"https:\/\/www.movistar.es\/blog\/ebooks-audiolibros\/donde-leer-libro-negro-de-las-horas\/#primaryimage\",\"url\":\"https:\/\/www.movistar.es\/blog\/wp-content\/uploads\/sites\/3\/2022\/10\/libro-negro-horas_1040x650.jpg\",\"contentUrl\":\"https:\/\/www.movistar.es\/blog\/wp-content\/uploads\/sites\/3\/2022\/10\/libro-negro-horas_1040x650.jpg\",\"width\":1040,\"height\":650,\"caption\":\"el libro negro de las horas de Eva Garcia Saenz de Urturi\"},{\"@type\":\"BreadcrumbList\",\"@id\":\"https:\/\/www.movistar.es\/blog\/ebooks-audiolibros\/donde-leer-libro-negro-de-las-horas\/#breadcrumb\",\"itemListElement\":[{\"@type\":\"ListItem\",\"position\":1,\"name\":\"Home\",\"item\":\"https:\/\/www.movistar.es\/blog\/\"},{\"@type\":\"ListItem\",\"position\":2,\"name\":\"D\u00f3nde leer online &#8216;El Libro Negro de las Horas&#8217;, de Eva Garc\u00eda S\u00e1enz de Urturi\"}]},{\"@type\":\"WebSite\",\"@id\":\"https:\/\/www.movistar.es\/blog\/#website\",\"url\":\"https:\/\/www.movistar.es\/blog\/\",\"name\":\"Movistar blog\",\"description\":\"Movistar Blog. Informaci\u00f3n y m\u00e1s sobre los productos y servicios de Movistar\",\"publisher\":{\"@id\":\"https:\/\/www.movistar.es\/blog\/#organization\"},\"potentialAction\":[{\"@type\":\"SearchAction\",\"target\":{\"@type\":\"EntryPoint\",\"urlTemplate\":\"https:\/\/www.movistar.es\/blog\/?s={search_term_string}\"},\"query-input\":{\"@type\":\"PropertyValueSpecification\",\"valueRequired\":true,\"valueName\":\"search_term_string\"}}],\"inLanguage\":\"es\"},{\"@type\":\"Organization\",\"@id\":\"https:\/\/www.movistar.es\/blog\/#organization\",\"name\":\"Movistar blog\",\"url\":\"https:\/\/www.movistar.es\/blog\/\",\"logo\":{\"@type\":\"ImageObject\",\"inLanguage\":\"es\",\"@id\":\"https:\/\/www.movistar.es\/blog\/#\/schema\/logo\/image\/\",\"url\":\"https:\/\/www.movistar.es\/blog\/wp-content\/uploads\/sites\/3\/2022\/05\/logo_movistar-1.svg\",\"contentUrl\":\"https:\/\/www.movistar.es\/blog\/wp-content\/uploads\/sites\/3\/2022\/05\/logo_movistar-1.svg\",\"width\":369,\"height\":272,\"caption\":\"Movistar blog\"},\"image\":{\"@id\":\"https:\/\/www.movistar.es\/blog\/#\/schema\/logo\/image\/\"}},{\"@type\":\"Person\",\"@id\":\"https:\/\/www.movistar.es\/blog\/#\/schema\/person\/6184006f5def4638e52e2d0ff98bd55a\",\"name\":\"Equipo de Redacci\u00f3n\",\"image\":{\"@type\":\"ImageObject\",\"inLanguage\":\"es\",\"@id\":\"https:\/\/www.movistar.es\/blog\/#\/schema\/person\/image\/8dbf7dc767c23aa5f974d575dda930c5\",\"url\":\"https:\/\/secure.gravatar.com\/avatar\/ce5aadad84c2aeb36c9813c46e41a53b0c9cc1d57205e8cde4bdf0ed790b3c97\",\"contentUrl\":\"https:\/\/secure.gravatar.com\/avatar\/ce5aadad84c2aeb36c9813c46e41a53b0c9cc1d57205e8cde4bdf0ed790b3c97\",\"caption\":\"Equipo de Redacci\u00f3n\"},\"description\":\"Buscamos temas de tu inter\u00e9s. Te contamos c\u00f3mo pueden ayudarte en tu d\u00eda a d\u00eda los productos y servicios de Movistar. No queremos venderte nada. Queremos descubrirte cosas para hacerte la vida m\u00e1s f\u00e1cil.\",\"sameAs\":[\"https:\/\/www.movistar.es\/\",\"movistar.es\/\",\"https:\/\/www.instagram.com\/movistar_es\/?hl=es\",\"https:\/\/x.com\/movistar_es\"],\"knowsAbout\":[\"smartphones\",\"conectividad\",\"hogar digital\",\"ciberseguridad\"],\"url\":\"https:\/\/www.movistar.es\/blog\/author\/contentmovistar\/\"}]}<\/script>\n<!-- \/ Yoast SEO Premium plugin. -->","yoast_head_json":{"title":"donde leer libro negro de las horas","description":"El Libro Negro de las Horas, es la nueva obra de Eva Garc\u00eda S\u00e1enz de Urturi. Una novela negra que no dejar\u00e1 de sorprenderte.","robots":{"index":"index","follow":"follow","max-snippet":"max-snippet:-1","max-image-preview":"max-image-preview:large","max-video-preview":"max-video-preview:-1"},"canonical":"https:\/\/www.movistar.es\/blog\/ebooks-audiolibros\/donde-leer-libro-negro-de-las-horas\/","og_locale":"es_ES","og_type":"article","og_title":"D\u00f3nde leer online 'El Libro Negro de las Horas', de Eva Garc\u00eda S\u00e1enz de Urturi","og_description":"El Libro Negro de las Horas, es la nueva obra de Eva Garc\u00eda S\u00e1enz de Urturi. Una novela negra que no dejar\u00e1 de sorprenderte.","og_url":"https:\/\/www.movistar.es\/blog\/ebooks-audiolibros\/donde-leer-libro-negro-de-las-horas\/","og_site_name":"Movistar blog","article_author":"movistar.es\/","article_published_time":"2022-10-03T10:59:28+00:00","article_modified_time":"2022-10-05T07:04:06+00:00","og_image":[{"width":1040,"height":650,"url":"https:\/\/www.movistar.es\/blog\/wp-content\/uploads\/sites\/3\/2022\/10\/libro-negro-horas_1040x650.jpg","type":"image\/jpeg"}],"author":"Equipo de Redacci\u00f3n","twitter_card":"summary_large_image","twitter_creator":"@movistar_es","twitter_misc":{"Written by":"Equipo de Redacci\u00f3n","Est. reading time":"3 minutos"},"schema":{"@context":"https:\/\/schema.org","@graph":[{"@type":"Article","@id":"https:\/\/www.movistar.es\/blog\/ebooks-audiolibros\/donde-leer-libro-negro-de-las-horas\/#article","isPartOf":{"@id":"https:\/\/www.movistar.es\/blog\/ebooks-audiolibros\/donde-leer-libro-negro-de-las-horas\/"},"author":{"name":"Equipo de Redacci\u00f3n","@id":"https:\/\/www.movistar.es\/blog\/#\/schema\/person\/6184006f5def4638e52e2d0ff98bd55a"},"headline":"D\u00f3nde leer online &#8216;El Libro Negro de las Horas&#8217;, de Eva Garc\u00eda S\u00e1enz de Urturi","datePublished":"2022-10-03T10:59:28+00:00","dateModified":"2022-10-05T07:04:06+00:00","mainEntityOfPage":{"@id":"https:\/\/www.movistar.es\/blog\/ebooks-audiolibros\/donde-leer-libro-negro-de-las-horas\/"},"wordCount":478,"publisher":{"@id":"https:\/\/www.movistar.es\/blog\/#organization"},"image":{"@id":"https:\/\/www.movistar.es\/blog\/ebooks-audiolibros\/donde-leer-libro-negro-de-las-horas\/#primaryimage"},"thumbnailUrl":"https:\/\/www.movistar.es\/blog\/wp-content\/uploads\/sites\/3\/2022\/10\/libro-negro-horas_1040x650.jpg","inLanguage":"es"},{"@type":"WebPage","@id":"https:\/\/www.movistar.es\/blog\/ebooks-audiolibros\/donde-leer-libro-negro-de-las-horas\/","url":"https:\/\/www.movistar.es\/blog\/ebooks-audiolibros\/donde-leer-libro-negro-de-las-horas\/","name":"donde leer libro negro de las horas","isPartOf":{"@id":"https:\/\/www.movistar.es\/blog\/#website"},"primaryImageOfPage":{"@id":"https:\/\/www.movistar.es\/blog\/ebooks-audiolibros\/donde-leer-libro-negro-de-las-horas\/#primaryimage"},"image":{"@id":"https:\/\/www.movistar.es\/blog\/ebooks-audiolibros\/donde-leer-libro-negro-de-las-horas\/#primaryimage"},"thumbnailUrl":"https:\/\/www.movistar.es\/blog\/wp-content\/uploads\/sites\/3\/2022\/10\/libro-negro-horas_1040x650.jpg","datePublished":"2022-10-03T10:59:28+00:00","dateModified":"2022-10-05T07:04:06+00:00","description":"El Libro Negro de las Horas, es la nueva obra de Eva Garc\u00eda S\u00e1enz de Urturi. Una novela negra que no dejar\u00e1 de sorprenderte.","breadcrumb":{"@id":"https:\/\/www.movistar.es\/blog\/ebooks-audiolibros\/donde-leer-libro-negro-de-las-horas\/#breadcrumb"},"inLanguage":"es","potentialAction":[{"@type":"ReadAction","target":["https:\/\/www.movistar.es\/blog\/ebooks-audiolibros\/donde-leer-libro-negro-de-las-horas\/"]}]},{"@type":"ImageObject","inLanguage":"es","@id":"https:\/\/www.movistar.es\/blog\/ebooks-audiolibros\/donde-leer-libro-negro-de-las-horas\/#primaryimage","url":"https:\/\/www.movistar.es\/blog\/wp-content\/uploads\/sites\/3\/2022\/10\/libro-negro-horas_1040x650.jpg","contentUrl":"https:\/\/www.movistar.es\/blog\/wp-content\/uploads\/sites\/3\/2022\/10\/libro-negro-horas_1040x650.jpg","width":1040,"height":650,"caption":"el libro negro de las horas de Eva Garcia Saenz de Urturi"},{"@type":"BreadcrumbList","@id":"https:\/\/www.movistar.es\/blog\/ebooks-audiolibros\/donde-leer-libro-negro-de-las-horas\/#breadcrumb","itemListElement":[{"@type":"ListItem","position":1,"name":"Home","item":"https:\/\/www.movistar.es\/blog\/"},{"@type":"ListItem","position":2,"name":"D\u00f3nde leer online &#8216;El Libro Negro de las Horas&#8217;, de Eva Garc\u00eda S\u00e1enz de Urturi"}]},{"@type":"WebSite","@id":"https:\/\/www.movistar.es\/blog\/#website","url":"https:\/\/www.movistar.es\/blog\/","name":"Movistar blog","description":"Movistar Blog. Informaci\u00f3n y m\u00e1s sobre los productos y servicios de Movistar","publisher":{"@id":"https:\/\/www.movistar.es\/blog\/#organization"},"potentialAction":[{"@type":"SearchAction","target":{"@type":"EntryPoint","urlTemplate":"https:\/\/www.movistar.es\/blog\/?s={search_term_string}"},"query-input":{"@type":"PropertyValueSpecification","valueRequired":true,"valueName":"search_term_string"}}],"inLanguage":"es"},{"@type":"Organization","@id":"https:\/\/www.movistar.es\/blog\/#organization","name":"Movistar blog","url":"https:\/\/www.movistar.es\/blog\/","logo":{"@type":"ImageObject","inLanguage":"es","@id":"https:\/\/www.movistar.es\/blog\/#\/schema\/logo\/image\/","url":"https:\/\/www.movistar.es\/blog\/wp-content\/uploads\/sites\/3\/2022\/05\/logo_movistar-1.svg","contentUrl":"https:\/\/www.movistar.es\/blog\/wp-content\/uploads\/sites\/3\/2022\/05\/logo_movistar-1.svg","width":369,"height":272,"caption":"Movistar blog"},"image":{"@id":"https:\/\/www.movistar.es\/blog\/#\/schema\/logo\/image\/"}},{"@type":"Person","@id":"https:\/\/www.movistar.es\/blog\/#\/schema\/person\/6184006f5def4638e52e2d0ff98bd55a","name":"Equipo de Redacci\u00f3n","image":{"@type":"ImageObject","inLanguage":"es","@id":"https:\/\/www.movistar.es\/blog\/#\/schema\/person\/image\/8dbf7dc767c23aa5f974d575dda930c5","url":"https:\/\/secure.gravatar.com\/avatar\/ce5aadad84c2aeb36c9813c46e41a53b0c9cc1d57205e8cde4bdf0ed790b3c97","contentUrl":"https:\/\/secure.gravatar.com\/avatar\/ce5aadad84c2aeb36c9813c46e41a53b0c9cc1d57205e8cde4bdf0ed790b3c97","caption":"Equipo de Redacci\u00f3n"},"description":"Buscamos temas de tu inter\u00e9s. Te contamos c\u00f3mo pueden ayudarte en tu d\u00eda a d\u00eda los productos y servicios de Movistar. No queremos venderte nada. Queremos descubrirte cosas para hacerte la vida m\u00e1s f\u00e1cil.","sameAs":["https:\/\/www.movistar.es\/","movistar.es\/","https:\/\/www.instagram.com\/movistar_es\/?hl=es","https:\/\/x.com\/movistar_es"],"knowsAbout":["smartphones","conectividad","hogar digital","ciberseguridad"],"url":"https:\/\/www.movistar.es\/blog\/author\/contentmovistar\/"}]}},"jetpack_featured_media_url":"https:\/\/www.movistar.es\/blog\/wp-content\/uploads\/sites\/3\/2022\/10\/libro-negro-horas_1040x650.jpg","jetpack_sharing_enabled":true,"_links":{"self":[{"href":"https:\/\/www.movistar.es\/blog\/wp-json\/wp\/v2\/posts\/6840","targetHints":{"allow":["GET"]}}],"collection":[{"href":"https:\/\/www.movistar.es\/blog\/wp-json\/wp\/v2\/posts"}],"about":[{"href":"https:\/\/www.movistar.es\/blog\/wp-json\/wp\/v2\/types\/post"}],"author":[{"embeddable":true,"href":"https:\/\/www.movistar.es\/blog\/wp-json\/wp\/v2\/users\/93"}],"replies":[{"embeddable":true,"href":"https:\/\/www.movistar.es\/blog\/wp-json\/wp\/v2\/comments?post=6840"}],"version-history":[{"count":5,"href":"https:\/\/www.movistar.es\/blog\/wp-json\/wp\/v2\/posts\/6840\/revisions"}],"predecessor-version":[{"id":6914,"href":"https:\/\/www.movistar.es\/blog\/wp-json\/wp\/v2\/posts\/6840\/revisions\/6914"}],"wp:featuredmedia":[{"embeddable":true,"href":"https:\/\/www.movistar.es\/blog\/wp-json\/wp\/v2\/media\/6843"}],"wp:attachment":[{"href":"https:\/\/www.movistar.es\/blog\/wp-json\/wp\/v2\/media?parent=6840"}],"wp:term":[{"taxonomy":"category","embeddable":true,"href":"https:\/\/www.movistar.es\/blog\/wp-json\/wp\/v2\/categories?post=6840"},{"taxonomy":"post_tag","embeddable":true,"href":"https:\/\/www.movistar.es\/blog\/wp-json\/wp\/v2\/tags?post=6840"},{"taxonomy":"area","embeddable":true,"href":"https:\/\/www.movistar.es\/blog\/wp-json\/wp\/v2\/area?post=6840"},{"taxonomy":"cluster","embeddable":true,"href":"https:\/\/www.movistar.es\/blog\/wp-json\/wp\/v2\/cluster?post=6840"},{"taxonomy":"linea_editorial","embeddable":true,"href":"https:\/\/www.movistar.es\/blog\/wp-json\/wp\/v2\/linea_editorial?post=6840"},{"taxonomy":"author","embeddable":true,"href":"https:\/\/www.movistar.es\/blog\/wp-json\/wp\/v2\/coauthors?post=6840"}],"curies":[{"name":"wp","href":"https:\/\/api.w.org\/{rel}","templated":true}]}}