{"id":6451,"date":"2022-09-08T13:22:13","date_gmt":"2022-09-08T11:22:13","guid":{"rendered":"https:\/\/www.movistar.es\/blog\/?p=6451"},"modified":"2022-09-08T13:22:43","modified_gmt":"2022-09-08T11:22:43","slug":"el-lunes-nos-querran","status":"publish","type":"post","link":"https:\/\/www.movistar.es\/blog\/ebooks-audiolibros\/el-lunes-nos-querran\/","title":{"rendered":"&#8216;El lunes nos querr\u00e1n&#8217; de Najat El Hachmi"},"content":{"rendered":"\n<p><em>El lunes nos querr\u00e1n<\/em> cuenta la historia de una joven de diecisiete a\u00f1os que desea encontrar la libertad para descubrir qu\u00e9 es lo que la har\u00e1 feliz. Aunque el punto de partida es una situaci\u00f3n compleja. Vive en un entorno opresivo del que no le ser\u00e1 f\u00e1cil salir sin tener que pagar un precio demasiado alto. \u00bfConseguir\u00e1 salir de ah\u00ed?<\/p>\n\n\n\n<blockquote class=\"wp-block-quote is-layout-flow wp-block-quote-is-layout-flow\"><p>Hay razones de peso que me llevan a escribir sobre nosotras: entonces no lo sab\u00edamos, pero est\u00e1bamos conquistando territorios nuevos impensables para nuestras madres\u2014, est\u00e1bamos rasgando todos los velos, escarbando agujeros con endebles cucharitas en murallas impenetrables, y ni siquiera nos d\u00e1bamos cuenta.<\/p><\/blockquote>\n\n\n\n<p>Todo empieza el d\u00eda en que conoce a una chica cuyos padres viven su condici\u00f3n cultural sin las ataduras del resto de su comunidad, y que encarna lo que ella ans\u00eda. Su nueva amiga afronta los primeros retos que como mujer le presenta la vida. Pero ella los encara con una vitalidad, ilusi\u00f3n y empe\u00f1o que la fascinar\u00e1n y la impulsar\u00e1n a seguir sus pasos. Para la protagonista de la novela, el lunes es el d\u00eda. El momento en que empezar\u00e1 a cumplir los objetivos para llegar a ser libre. Pero el lunes que lo cambiar\u00e1 todo se resiste a llegar.<\/p>\n\n\n\n<h2 class=\"wp-block-heading\" id=\"h-los-lunes-nos-querran-es-un-revelador-relato-sobre-las-mujeres-que-quieren-tomar-el-control-sobre-su-vida\">&#8216;Los lunes nos querr\u00e1n&#8217; es un revelador relato sobre las mujeres que quieren tomar el control sobre su vida.<\/h2>\n\n\n\n<p>Una historia emocionante y reveladora sobre la importancia de que las mujeres sean protagonistas de sus propias vidas aunque tengan que enfrentarse a condicionantes de g\u00e9nero, clase social y origen. Puedes disfrutar de la novela en formato audiolibro o ebook en <a href=\"https:\/\/nextory.movistar.es\/?pid=blogmovistar_ebooksyaudiolibros_6451\" target=\"_blank\" rel=\"noreferrer noopener\">Movistar Nextory<\/a>.<\/p>\n\n\n\n<figure class=\"wp-block-image size-large\"><img loading=\"lazy\" decoding=\"async\" height=\"1024\" width=\"1024\" src=\"https:\/\/www.movistar.es\/blog\/wp-content\/uploads\/sites\/3\/2022\/09\/el-lunes-nos-querran_1080x1080.jpg?w=1024\" alt=\"los lunes nos querr\u00e1n\" class=\"wp-image-6453\" title=\"lunes nos querran\" srcset=\"https:\/\/www.movistar.es\/blog\/wp-content\/uploads\/sites\/3\/2022\/09\/el-lunes-nos-querran_1080x1080.jpg 1080w, https:\/\/www.movistar.es\/blog\/wp-content\/uploads\/sites\/3\/2022\/09\/el-lunes-nos-querran_1080x1080.jpg?resize=150,150 150w, https:\/\/www.movistar.es\/blog\/wp-content\/uploads\/sites\/3\/2022\/09\/el-lunes-nos-querran_1080x1080.jpg?resize=300,300 300w, https:\/\/www.movistar.es\/blog\/wp-content\/uploads\/sites\/3\/2022\/09\/el-lunes-nos-querran_1080x1080.jpg?resize=768,768 768w, https:\/\/www.movistar.es\/blog\/wp-content\/uploads\/sites\/3\/2022\/09\/el-lunes-nos-querran_1080x1080.jpg?resize=1024,1024 1024w\" sizes=\"auto, (max-width: 1024px) 100vw, 1024px\" \/><\/figure>\n\n\n\n<p>La autora aborda temas tan duros como son la discriminaci\u00f3n y el machismo pero tratados con mucha delicadeza, obst\u00e1culos en el camino hacia la libertad.<\/p>\n\n\n\n<p><em>El lunes nos querr\u00e1n<\/em> ha sido galardonada con el <a href=\"https:\/\/espacio.fundaciontelefonica.com\/evento\/premio-nadal-2021-el-lunes-nos-querran\/\" target=\"_blank\" rel=\"noreferrer noopener nofollow\">Premio Nadal 2021<\/a>.<\/p>\n\n\n\n<p><a href=\"https:\/\/www.instagram.com\/najat_el_hachmi\/?hl=es\" target=\"_blank\" rel=\"noreferrer noopener nofollow\">Najat El Hachmi<\/a> naci\u00f3 en Beni Sidel (Marruecos) en 1979. A los ocho a\u00f1os se traslad\u00f3 a Vic (Barcelona), ciudad donde se crio. Estudi\u00f3 Filolog\u00eda \u00c1rabe en la Universidad de Barcelona. El Hachmi tambi\u00e9n ha sido mediadora cultural y t\u00e9cnica de acogida antes de dedicarse de lleno a la escritura.<\/p>\n\n\n\n<p>Es autora de novelas tan conocidas como <em>El \u00faltimo patriarca<\/em> (Premio Ramon Llull, Prix Ulysse y finalista del Prix Mediterran\u00e9e \u00e9tranger), <em>La cazadora de cuerpos<\/em>, <em>La hija extranjera<\/em> (Premio Sant Joan de narrativa) y <em>Madre de leche y miel<\/em>, los dos \u00faltimos editados en Ediciones Destino. En 2019 public\u00f3 el manifiesto <em>Siempre han hablado por nosotras<\/em>, que tuvo una gran repercusi\u00f3n en los medios y entre los lectores. Ha sido traducida a m\u00e1s de 10 idiomas. <\/p>\n\n\n\n<p>Recuerda\u00a0que\u00a0por\u00a0ser\u00a0cliente\u00a0de Movistar\u00a0disfrutas\u00a0de\u00a0<a href=\"https:\/\/nextory.movistar.es\/?pid=blogmovistar_ebooksyaudiolibros_6451\" target=\"_blank\" rel=\"noreferrer noopener\">Movistar Nextory<\/a>\u00a0al\u00a0mejor\u00a0precio: 10% de\u00a0descuento, y\u00a0el\u00a0primer\u00a0mes\u00a0es gratis. Cancela\u00a0cuando\u00a0quieras.\u00a0<\/p>\n","protected":false},"excerpt":{"rendered":"<p>El lunes nos querr\u00e1n cuenta la historia de una joven de diecisiete a\u00f1os que desea encontrar la libertad para descubrir qu\u00e9 es lo que la har\u00e1 feliz. Aunque el punto de partida es una situaci\u00f3n [&hellip;]<\/p>\n","protected":false},"author":93,"featured_media":6452,"comment_status":"closed","ping_status":"closed","sticky":false,"template":"","format":"standard","meta":{"site-sidebar-layout":"default","site-content-layout":"","ast-site-content-layout":"","site-content-style":"default","site-sidebar-style":"default","ast-global-header-display":"","ast-banner-title-visibility":"","ast-main-header-display":"","ast-hfb-above-header-display":"","ast-hfb-below-header-display":"","ast-hfb-mobile-header-display":"","site-post-title":"","ast-breadcrumbs-content":"","ast-featured-img":"","footer-sml-layout":"","theme-transparent-header-meta":"","adv-header-id-meta":"","stick-header-meta":"","header-above-stick-meta":"","header-main-stick-meta":"","header-below-stick-meta":"","astra-migrate-meta-layouts":"default","ast-page-background-enabled":"default","ast-page-background-meta":{"desktop":{"background-color":"var(--ast-global-color-4)","background-image":"","background-repeat":"repeat","background-position":"center center","background-size":"auto","background-attachment":"scroll","background-type":"","background-media":"","overlay-type":"","overlay-color":"","overlay-opacity":"","overlay-gradient":""},"tablet":{"background-color":"","background-image":"","background-repeat":"repeat","background-position":"center center","background-size":"auto","background-attachment":"scroll","background-type":"","background-media":"","overlay-type":"","overlay-color":"","overlay-opacity":"","overlay-gradient":""},"mobile":{"background-color":"","background-image":"","background-repeat":"repeat","background-position":"center center","background-size":"auto","background-attachment":"scroll","background-type":"","background-media":"","overlay-type":"","overlay-color":"","overlay-opacity":"","overlay-gradient":""}},"ast-content-background-meta":{"desktop":{"background-color":"var(--ast-global-color-5)","background-image":"","background-repeat":"repeat","background-position":"center center","background-size":"auto","background-attachment":"scroll","background-type":"","background-media":"","overlay-type":"","overlay-color":"","overlay-opacity":"","overlay-gradient":""},"tablet":{"background-color":"var(--ast-global-color-5)","background-image":"","background-repeat":"repeat","background-position":"center center","background-size":"auto","background-attachment":"scroll","background-type":"","background-media":"","overlay-type":"","overlay-color":"","overlay-opacity":"","overlay-gradient":""},"mobile":{"background-color":"var(--ast-global-color-5)","background-image":"","background-repeat":"repeat","background-position":"center center","background-size":"auto","background-attachment":"scroll","background-type":"","background-media":"","overlay-type":"","overlay-color":"","overlay-opacity":"","overlay-gradient":""}},"_jetpack_memberships_contains_paid_content":false,"footnotes":""},"categories":[1],"tags":[],"area":[190],"cluster":[405],"linea_editorial":[],"coauthors":[467],"class_list":["post-6451","post","type-post","status-publish","format-standard","has-post-thumbnail","hentry","category-sin-categoria","area-content-movistar","cluster-ebooks-audiolibros"],"yoast_head":"<!-- This site is optimized with the Yoast SEO Premium plugin v25.5 (Yoast SEO v25.5) - https:\/\/yoast.com\/wordpress\/plugins\/seo\/ -->\n<title>&#039;El lunes nos querr\u00e1n&#039; de Najat El Hachmi - Movistar blog<\/title>\n<meta name=\"description\" content=\"Ad\u00e9ntrate en la historia de una joven que desea encontrar la libertad para descubrir qu\u00e9 la har\u00e1 feliz. Pero no lo tendr\u00e1 nada f\u00e1cil.\" \/>\n<meta name=\"robots\" content=\"index, follow, max-snippet:-1, max-image-preview:large, max-video-preview:-1\" \/>\n<link rel=\"canonical\" href=\"https:\/\/www.movistar.es\/blog\/ebooks-audiolibros\/el-lunes-nos-querran\/\" \/>\n<meta property=\"og:locale\" content=\"es_ES\" \/>\n<meta property=\"og:type\" content=\"article\" \/>\n<meta property=\"og:title\" content=\"&#039;El lunes nos querr\u00e1n&#039; de Najat El Hachmi\" \/>\n<meta property=\"og:description\" content=\"Ad\u00e9ntrate en la historia de una joven que desea encontrar la libertad para descubrir qu\u00e9 la har\u00e1 feliz. Pero no lo tendr\u00e1 nada f\u00e1cil.\" \/>\n<meta property=\"og:url\" content=\"https:\/\/www.movistar.es\/blog\/ebooks-audiolibros\/el-lunes-nos-querran\/\" \/>\n<meta property=\"og:site_name\" content=\"Movistar blog\" \/>\n<meta property=\"article:author\" content=\"movistar.es\/\" \/>\n<meta property=\"article:published_time\" content=\"2022-09-08T11:22:13+00:00\" \/>\n<meta property=\"article:modified_time\" content=\"2022-09-08T11:22:43+00:00\" \/>\n<meta property=\"og:image\" content=\"https:\/\/www.movistar.es\/blog\/wp-content\/uploads\/sites\/3\/2022\/09\/el-lunes-nos-querran_ppal_1040x650.jpg\" \/>\n\t<meta property=\"og:image:width\" content=\"1040\" \/>\n\t<meta property=\"og:image:height\" content=\"650\" \/>\n\t<meta property=\"og:image:type\" content=\"image\/jpeg\" \/>\n<meta name=\"author\" content=\"Equipo de Redacci\u00f3n\" \/>\n<meta name=\"twitter:card\" content=\"summary_large_image\" \/>\n<meta name=\"twitter:creator\" content=\"@movistar_es\" \/>\n<meta name=\"twitter:label1\" content=\"Written by\" \/>\n\t<meta name=\"twitter:data1\" content=\"Equipo de Redacci\u00f3n\" \/>\n\t<meta name=\"twitter:label2\" content=\"Est. reading time\" \/>\n\t<meta name=\"twitter:data2\" content=\"3 minutos\" \/>\n<script type=\"application\/ld+json\" class=\"yoast-schema-graph\">{\"@context\":\"https:\/\/schema.org\",\"@graph\":[{\"@type\":\"Article\",\"@id\":\"https:\/\/www.movistar.es\/blog\/ebooks-audiolibros\/el-lunes-nos-querran\/#article\",\"isPartOf\":{\"@id\":\"https:\/\/www.movistar.es\/blog\/ebooks-audiolibros\/el-lunes-nos-querran\/\"},\"author\":{\"name\":\"Equipo de Redacci\u00f3n\",\"@id\":\"https:\/\/www.movistar.es\/blog\/#\/schema\/person\/6184006f5def4638e52e2d0ff98bd55a\"},\"headline\":\"&#8216;El lunes nos querr\u00e1n&#8217; de Najat El Hachmi\",\"datePublished\":\"2022-09-08T11:22:13+00:00\",\"dateModified\":\"2022-09-08T11:22:43+00:00\",\"mainEntityOfPage\":{\"@id\":\"https:\/\/www.movistar.es\/blog\/ebooks-audiolibros\/el-lunes-nos-querran\/\"},\"wordCount\":487,\"publisher\":{\"@id\":\"https:\/\/www.movistar.es\/blog\/#organization\"},\"image\":{\"@id\":\"https:\/\/www.movistar.es\/blog\/ebooks-audiolibros\/el-lunes-nos-querran\/#primaryimage\"},\"thumbnailUrl\":\"https:\/\/www.movistar.es\/blog\/wp-content\/uploads\/sites\/3\/2022\/09\/el-lunes-nos-querran_ppal_1040x650.jpg\",\"inLanguage\":\"es\"},{\"@type\":\"WebPage\",\"@id\":\"https:\/\/www.movistar.es\/blog\/ebooks-audiolibros\/el-lunes-nos-querran\/\",\"url\":\"https:\/\/www.movistar.es\/blog\/ebooks-audiolibros\/el-lunes-nos-querran\/\",\"name\":\"'El lunes nos querr\u00e1n' de Najat El Hachmi - Movistar blog\",\"isPartOf\":{\"@id\":\"https:\/\/www.movistar.es\/blog\/#website\"},\"primaryImageOfPage\":{\"@id\":\"https:\/\/www.movistar.es\/blog\/ebooks-audiolibros\/el-lunes-nos-querran\/#primaryimage\"},\"image\":{\"@id\":\"https:\/\/www.movistar.es\/blog\/ebooks-audiolibros\/el-lunes-nos-querran\/#primaryimage\"},\"thumbnailUrl\":\"https:\/\/www.movistar.es\/blog\/wp-content\/uploads\/sites\/3\/2022\/09\/el-lunes-nos-querran_ppal_1040x650.jpg\",\"datePublished\":\"2022-09-08T11:22:13+00:00\",\"dateModified\":\"2022-09-08T11:22:43+00:00\",\"description\":\"Ad\u00e9ntrate en la historia de una joven que desea encontrar la libertad para descubrir qu\u00e9 la har\u00e1 feliz. Pero no lo tendr\u00e1 nada f\u00e1cil.\",\"breadcrumb\":{\"@id\":\"https:\/\/www.movistar.es\/blog\/ebooks-audiolibros\/el-lunes-nos-querran\/#breadcrumb\"},\"inLanguage\":\"es\",\"potentialAction\":[{\"@type\":\"ReadAction\",\"target\":[\"https:\/\/www.movistar.es\/blog\/ebooks-audiolibros\/el-lunes-nos-querran\/\"]}]},{\"@type\":\"ImageObject\",\"inLanguage\":\"es\",\"@id\":\"https:\/\/www.movistar.es\/blog\/ebooks-audiolibros\/el-lunes-nos-querran\/#primaryimage\",\"url\":\"https:\/\/www.movistar.es\/blog\/wp-content\/uploads\/sites\/3\/2022\/09\/el-lunes-nos-querran_ppal_1040x650.jpg\",\"contentUrl\":\"https:\/\/www.movistar.es\/blog\/wp-content\/uploads\/sites\/3\/2022\/09\/el-lunes-nos-querran_ppal_1040x650.jpg\",\"width\":1040,\"height\":650,\"caption\":\"los lunes nos querr\u00e1n\"},{\"@type\":\"BreadcrumbList\",\"@id\":\"https:\/\/www.movistar.es\/blog\/ebooks-audiolibros\/el-lunes-nos-querran\/#breadcrumb\",\"itemListElement\":[{\"@type\":\"ListItem\",\"position\":1,\"name\":\"Home\",\"item\":\"https:\/\/www.movistar.es\/blog\/\"},{\"@type\":\"ListItem\",\"position\":2,\"name\":\"&#8216;El lunes nos querr\u00e1n&#8217; de Najat El Hachmi\"}]},{\"@type\":\"WebSite\",\"@id\":\"https:\/\/www.movistar.es\/blog\/#website\",\"url\":\"https:\/\/www.movistar.es\/blog\/\",\"name\":\"Movistar blog\",\"description\":\"Movistar Blog. Informaci\u00f3n y m\u00e1s sobre los productos y servicios de Movistar\",\"publisher\":{\"@id\":\"https:\/\/www.movistar.es\/blog\/#organization\"},\"potentialAction\":[{\"@type\":\"SearchAction\",\"target\":{\"@type\":\"EntryPoint\",\"urlTemplate\":\"https:\/\/www.movistar.es\/blog\/?s={search_term_string}\"},\"query-input\":{\"@type\":\"PropertyValueSpecification\",\"valueRequired\":true,\"valueName\":\"search_term_string\"}}],\"inLanguage\":\"es\"},{\"@type\":\"Organization\",\"@id\":\"https:\/\/www.movistar.es\/blog\/#organization\",\"name\":\"Movistar blog\",\"url\":\"https:\/\/www.movistar.es\/blog\/\",\"logo\":{\"@type\":\"ImageObject\",\"inLanguage\":\"es\",\"@id\":\"https:\/\/www.movistar.es\/blog\/#\/schema\/logo\/image\/\",\"url\":\"https:\/\/www.movistar.es\/blog\/wp-content\/uploads\/sites\/3\/2022\/05\/logo_movistar-1.svg\",\"contentUrl\":\"https:\/\/www.movistar.es\/blog\/wp-content\/uploads\/sites\/3\/2022\/05\/logo_movistar-1.svg\",\"width\":369,\"height\":272,\"caption\":\"Movistar blog\"},\"image\":{\"@id\":\"https:\/\/www.movistar.es\/blog\/#\/schema\/logo\/image\/\"}},{\"@type\":\"Person\",\"@id\":\"https:\/\/www.movistar.es\/blog\/#\/schema\/person\/6184006f5def4638e52e2d0ff98bd55a\",\"name\":\"Equipo de Redacci\u00f3n\",\"image\":{\"@type\":\"ImageObject\",\"inLanguage\":\"es\",\"@id\":\"https:\/\/www.movistar.es\/blog\/#\/schema\/person\/image\/8dbf7dc767c23aa5f974d575dda930c5\",\"url\":\"https:\/\/secure.gravatar.com\/avatar\/ce5aadad84c2aeb36c9813c46e41a53b0c9cc1d57205e8cde4bdf0ed790b3c97\",\"contentUrl\":\"https:\/\/secure.gravatar.com\/avatar\/ce5aadad84c2aeb36c9813c46e41a53b0c9cc1d57205e8cde4bdf0ed790b3c97\",\"caption\":\"Equipo de Redacci\u00f3n\"},\"description\":\"Buscamos temas de tu inter\u00e9s. Te contamos c\u00f3mo pueden ayudarte en tu d\u00eda a d\u00eda los productos y servicios de Movistar. No queremos venderte nada. Queremos descubrirte cosas para hacerte la vida m\u00e1s f\u00e1cil.\",\"sameAs\":[\"https:\/\/www.movistar.es\/\",\"movistar.es\/\",\"https:\/\/www.instagram.com\/movistar_es\/?hl=es\",\"https:\/\/x.com\/movistar_es\"],\"knowsAbout\":[\"smartphones\",\"conectividad\",\"hogar digital\",\"ciberseguridad\"],\"url\":\"https:\/\/www.movistar.es\/blog\/author\/contentmovistar\/\"}]}<\/script>\n<!-- \/ Yoast SEO Premium plugin. -->","yoast_head_json":{"title":"'El lunes nos querr\u00e1n' de Najat El Hachmi - Movistar blog","description":"Ad\u00e9ntrate en la historia de una joven que desea encontrar la libertad para descubrir qu\u00e9 la har\u00e1 feliz. Pero no lo tendr\u00e1 nada f\u00e1cil.","robots":{"index":"index","follow":"follow","max-snippet":"max-snippet:-1","max-image-preview":"max-image-preview:large","max-video-preview":"max-video-preview:-1"},"canonical":"https:\/\/www.movistar.es\/blog\/ebooks-audiolibros\/el-lunes-nos-querran\/","og_locale":"es_ES","og_type":"article","og_title":"'El lunes nos querr\u00e1n' de Najat El Hachmi","og_description":"Ad\u00e9ntrate en la historia de una joven que desea encontrar la libertad para descubrir qu\u00e9 la har\u00e1 feliz. Pero no lo tendr\u00e1 nada f\u00e1cil.","og_url":"https:\/\/www.movistar.es\/blog\/ebooks-audiolibros\/el-lunes-nos-querran\/","og_site_name":"Movistar blog","article_author":"movistar.es\/","article_published_time":"2022-09-08T11:22:13+00:00","article_modified_time":"2022-09-08T11:22:43+00:00","og_image":[{"width":1040,"height":650,"url":"https:\/\/www.movistar.es\/blog\/wp-content\/uploads\/sites\/3\/2022\/09\/el-lunes-nos-querran_ppal_1040x650.jpg","type":"image\/jpeg"}],"author":"Equipo de Redacci\u00f3n","twitter_card":"summary_large_image","twitter_creator":"@movistar_es","twitter_misc":{"Written by":"Equipo de Redacci\u00f3n","Est. reading time":"3 minutos"},"schema":{"@context":"https:\/\/schema.org","@graph":[{"@type":"Article","@id":"https:\/\/www.movistar.es\/blog\/ebooks-audiolibros\/el-lunes-nos-querran\/#article","isPartOf":{"@id":"https:\/\/www.movistar.es\/blog\/ebooks-audiolibros\/el-lunes-nos-querran\/"},"author":{"name":"Equipo de Redacci\u00f3n","@id":"https:\/\/www.movistar.es\/blog\/#\/schema\/person\/6184006f5def4638e52e2d0ff98bd55a"},"headline":"&#8216;El lunes nos querr\u00e1n&#8217; de Najat El Hachmi","datePublished":"2022-09-08T11:22:13+00:00","dateModified":"2022-09-08T11:22:43+00:00","mainEntityOfPage":{"@id":"https:\/\/www.movistar.es\/blog\/ebooks-audiolibros\/el-lunes-nos-querran\/"},"wordCount":487,"publisher":{"@id":"https:\/\/www.movistar.es\/blog\/#organization"},"image":{"@id":"https:\/\/www.movistar.es\/blog\/ebooks-audiolibros\/el-lunes-nos-querran\/#primaryimage"},"thumbnailUrl":"https:\/\/www.movistar.es\/blog\/wp-content\/uploads\/sites\/3\/2022\/09\/el-lunes-nos-querran_ppal_1040x650.jpg","inLanguage":"es"},{"@type":"WebPage","@id":"https:\/\/www.movistar.es\/blog\/ebooks-audiolibros\/el-lunes-nos-querran\/","url":"https:\/\/www.movistar.es\/blog\/ebooks-audiolibros\/el-lunes-nos-querran\/","name":"'El lunes nos querr\u00e1n' de Najat El Hachmi - Movistar blog","isPartOf":{"@id":"https:\/\/www.movistar.es\/blog\/#website"},"primaryImageOfPage":{"@id":"https:\/\/www.movistar.es\/blog\/ebooks-audiolibros\/el-lunes-nos-querran\/#primaryimage"},"image":{"@id":"https:\/\/www.movistar.es\/blog\/ebooks-audiolibros\/el-lunes-nos-querran\/#primaryimage"},"thumbnailUrl":"https:\/\/www.movistar.es\/blog\/wp-content\/uploads\/sites\/3\/2022\/09\/el-lunes-nos-querran_ppal_1040x650.jpg","datePublished":"2022-09-08T11:22:13+00:00","dateModified":"2022-09-08T11:22:43+00:00","description":"Ad\u00e9ntrate en la historia de una joven que desea encontrar la libertad para descubrir qu\u00e9 la har\u00e1 feliz. Pero no lo tendr\u00e1 nada f\u00e1cil.","breadcrumb":{"@id":"https:\/\/www.movistar.es\/blog\/ebooks-audiolibros\/el-lunes-nos-querran\/#breadcrumb"},"inLanguage":"es","potentialAction":[{"@type":"ReadAction","target":["https:\/\/www.movistar.es\/blog\/ebooks-audiolibros\/el-lunes-nos-querran\/"]}]},{"@type":"ImageObject","inLanguage":"es","@id":"https:\/\/www.movistar.es\/blog\/ebooks-audiolibros\/el-lunes-nos-querran\/#primaryimage","url":"https:\/\/www.movistar.es\/blog\/wp-content\/uploads\/sites\/3\/2022\/09\/el-lunes-nos-querran_ppal_1040x650.jpg","contentUrl":"https:\/\/www.movistar.es\/blog\/wp-content\/uploads\/sites\/3\/2022\/09\/el-lunes-nos-querran_ppal_1040x650.jpg","width":1040,"height":650,"caption":"los lunes nos querr\u00e1n"},{"@type":"BreadcrumbList","@id":"https:\/\/www.movistar.es\/blog\/ebooks-audiolibros\/el-lunes-nos-querran\/#breadcrumb","itemListElement":[{"@type":"ListItem","position":1,"name":"Home","item":"https:\/\/www.movistar.es\/blog\/"},{"@type":"ListItem","position":2,"name":"&#8216;El lunes nos querr\u00e1n&#8217; de Najat El Hachmi"}]},{"@type":"WebSite","@id":"https:\/\/www.movistar.es\/blog\/#website","url":"https:\/\/www.movistar.es\/blog\/","name":"Movistar blog","description":"Movistar Blog. Informaci\u00f3n y m\u00e1s sobre los productos y servicios de Movistar","publisher":{"@id":"https:\/\/www.movistar.es\/blog\/#organization"},"potentialAction":[{"@type":"SearchAction","target":{"@type":"EntryPoint","urlTemplate":"https:\/\/www.movistar.es\/blog\/?s={search_term_string}"},"query-input":{"@type":"PropertyValueSpecification","valueRequired":true,"valueName":"search_term_string"}}],"inLanguage":"es"},{"@type":"Organization","@id":"https:\/\/www.movistar.es\/blog\/#organization","name":"Movistar blog","url":"https:\/\/www.movistar.es\/blog\/","logo":{"@type":"ImageObject","inLanguage":"es","@id":"https:\/\/www.movistar.es\/blog\/#\/schema\/logo\/image\/","url":"https:\/\/www.movistar.es\/blog\/wp-content\/uploads\/sites\/3\/2022\/05\/logo_movistar-1.svg","contentUrl":"https:\/\/www.movistar.es\/blog\/wp-content\/uploads\/sites\/3\/2022\/05\/logo_movistar-1.svg","width":369,"height":272,"caption":"Movistar blog"},"image":{"@id":"https:\/\/www.movistar.es\/blog\/#\/schema\/logo\/image\/"}},{"@type":"Person","@id":"https:\/\/www.movistar.es\/blog\/#\/schema\/person\/6184006f5def4638e52e2d0ff98bd55a","name":"Equipo de Redacci\u00f3n","image":{"@type":"ImageObject","inLanguage":"es","@id":"https:\/\/www.movistar.es\/blog\/#\/schema\/person\/image\/8dbf7dc767c23aa5f974d575dda930c5","url":"https:\/\/secure.gravatar.com\/avatar\/ce5aadad84c2aeb36c9813c46e41a53b0c9cc1d57205e8cde4bdf0ed790b3c97","contentUrl":"https:\/\/secure.gravatar.com\/avatar\/ce5aadad84c2aeb36c9813c46e41a53b0c9cc1d57205e8cde4bdf0ed790b3c97","caption":"Equipo de Redacci\u00f3n"},"description":"Buscamos temas de tu inter\u00e9s. Te contamos c\u00f3mo pueden ayudarte en tu d\u00eda a d\u00eda los productos y servicios de Movistar. No queremos venderte nada. Queremos descubrirte cosas para hacerte la vida m\u00e1s f\u00e1cil.","sameAs":["https:\/\/www.movistar.es\/","movistar.es\/","https:\/\/www.instagram.com\/movistar_es\/?hl=es","https:\/\/x.com\/movistar_es"],"knowsAbout":["smartphones","conectividad","hogar digital","ciberseguridad"],"url":"https:\/\/www.movistar.es\/blog\/author\/contentmovistar\/"}]}},"jetpack_featured_media_url":"https:\/\/www.movistar.es\/blog\/wp-content\/uploads\/sites\/3\/2022\/09\/el-lunes-nos-querran_ppal_1040x650.jpg","jetpack_sharing_enabled":true,"_links":{"self":[{"href":"https:\/\/www.movistar.es\/blog\/wp-json\/wp\/v2\/posts\/6451","targetHints":{"allow":["GET"]}}],"collection":[{"href":"https:\/\/www.movistar.es\/blog\/wp-json\/wp\/v2\/posts"}],"about":[{"href":"https:\/\/www.movistar.es\/blog\/wp-json\/wp\/v2\/types\/post"}],"author":[{"embeddable":true,"href":"https:\/\/www.movistar.es\/blog\/wp-json\/wp\/v2\/users\/93"}],"replies":[{"embeddable":true,"href":"https:\/\/www.movistar.es\/blog\/wp-json\/wp\/v2\/comments?post=6451"}],"version-history":[{"count":5,"href":"https:\/\/www.movistar.es\/blog\/wp-json\/wp\/v2\/posts\/6451\/revisions"}],"predecessor-version":[{"id":6468,"href":"https:\/\/www.movistar.es\/blog\/wp-json\/wp\/v2\/posts\/6451\/revisions\/6468"}],"wp:featuredmedia":[{"embeddable":true,"href":"https:\/\/www.movistar.es\/blog\/wp-json\/wp\/v2\/media\/6452"}],"wp:attachment":[{"href":"https:\/\/www.movistar.es\/blog\/wp-json\/wp\/v2\/media?parent=6451"}],"wp:term":[{"taxonomy":"category","embeddable":true,"href":"https:\/\/www.movistar.es\/blog\/wp-json\/wp\/v2\/categories?post=6451"},{"taxonomy":"post_tag","embeddable":true,"href":"https:\/\/www.movistar.es\/blog\/wp-json\/wp\/v2\/tags?post=6451"},{"taxonomy":"area","embeddable":true,"href":"https:\/\/www.movistar.es\/blog\/wp-json\/wp\/v2\/area?post=6451"},{"taxonomy":"cluster","embeddable":true,"href":"https:\/\/www.movistar.es\/blog\/wp-json\/wp\/v2\/cluster?post=6451"},{"taxonomy":"linea_editorial","embeddable":true,"href":"https:\/\/www.movistar.es\/blog\/wp-json\/wp\/v2\/linea_editorial?post=6451"},{"taxonomy":"author","embeddable":true,"href":"https:\/\/www.movistar.es\/blog\/wp-json\/wp\/v2\/coauthors?post=6451"}],"curies":[{"name":"wp","href":"https:\/\/api.w.org\/{rel}","templated":true}]}}