{"id":6211,"date":"2022-11-23T11:58:57","date_gmt":"2022-11-23T10:58:57","guid":{"rendered":"https:\/\/www.movistar.es\/blog\/?p=6211"},"modified":"2022-11-23T11:59:56","modified_gmt":"2022-11-23T10:59:56","slug":"facil","status":"publish","type":"post","link":"https:\/\/www.movistar.es\/blog\/movistar-plus\/facil\/","title":{"rendered":"&#8216;F\u00e1cil&#8217;, cuatro mujeres con diversidad funcional"},"content":{"rendered":"\n<p><em>F\u00e1cil<\/em> es una <a href=\"https:\/\/www.movistar.es\/blog\/movistar-plus\/series-movistar-originales\/\">producci\u00f3n original de Movistar Plus+<\/a> est\u00e1 creada \u00edntegramente por Anna R. Costa y producidos por Sandra Hermida. Est\u00e1 realizada en colaboraci\u00f3n con Destrucci\u00f3n y Salvaci\u00f3n.<\/p>\n\n\n\n<p>La serie nos acerca a la vida de cuatro mujeres con diversidad funcional que quieren vivir juntas en un piso de la Barceloneta, en Barcelona. Est\u00e1 interpretada por Natalia de Molina, <a href=\"https:\/\/www.instagram.com\/nanitita\/?hl=es\" target=\"_blank\" rel=\"noreferrer noopener nofollow\">Anna Castillo<\/a>, Anna Marchessi y <a href=\"https:\/\/www.instagram.com\/coria_castillo\/\" target=\"_blank\" rel=\"noreferrer noopener nofollow\">Coria Castillo<\/a>.<\/p>\n\n\n\n<figure class=\"wp-block-image size-large\"><img loading=\"lazy\" decoding=\"async\" height=\"1024\" width=\"1024\" src=\"https:\/\/www.movistar.es\/blog\/wp-content\/uploads\/sites\/3\/2022\/08\/facil_serie_1080x1080.jpg?w=1024\" alt=\"\" class=\"wp-image-6214\" srcset=\"https:\/\/www.movistar.es\/blog\/wp-content\/uploads\/sites\/3\/2022\/08\/facil_serie_1080x1080.jpg 1080w, https:\/\/www.movistar.es\/blog\/wp-content\/uploads\/sites\/3\/2022\/08\/facil_serie_1080x1080.jpg?resize=150,150 150w, https:\/\/www.movistar.es\/blog\/wp-content\/uploads\/sites\/3\/2022\/08\/facil_serie_1080x1080.jpg?resize=300,300 300w, https:\/\/www.movistar.es\/blog\/wp-content\/uploads\/sites\/3\/2022\/08\/facil_serie_1080x1080.jpg?resize=768,768 768w, https:\/\/www.movistar.es\/blog\/wp-content\/uploads\/sites\/3\/2022\/08\/facil_serie_1080x1080.jpg?resize=1024,1024 1024w\" sizes=\"auto, (max-width: 1024px) 100vw, 1024px\" \/><figcaption>Natalia de Molina, Anna Castillo, Anna Marchessi y Coria Castillo, interpretan a Marga, Nati, Patri y \u00c0ngels.<\/figcaption><\/figure>\n\n\n\n<h2 class=\"wp-block-heading\" id=\"h-facil-es-una-serie-original-movistar-plus-creada-producida-dirigida-escrita-e-interpretada-por-mujeres\">&#8216;F\u00e1cil&#8217; es una serie original Movistar Plus+ creada, producida, dirigida, escrita e interpretada por mujeres.<\/h2>\n\n\n\n<p>Es una serie fresca y autoral que supone el segundo trabajo de Anna R. Costa en Movistar Plus+ tras el \u00e9xito de <em><a href=\"https:\/\/ver.movistarplus.es\/ficha\/arde-madrid\/?id=1519863&amp;mediaType=FOTOV&amp;profile=anonimo&amp;mode=VODRU7D&amp;version=7.1&amp;tlsStream=true&amp;mdrm=true&amp;filterQuality=HD&amp;network=yomvi?pid=blogmovistar_movistarplus_6211\" target=\"_blank\" rel=\"noreferrer noopener nofollow\">Arde Madrid<\/a><\/em>. La serie est\u00e1 basada en la <a href=\"https:\/\/nextory.movistar.es\/?pid=blogmovistar_ebooksyaudiolibros_6211\" target=\"_blank\" rel=\"noreferrer noopener nofollow\">novela de Cristina Morales <em>Lectura f\u00e1cil<\/em>.<\/a> Est\u00e1 grabada \u00edntegramente en Barcelona y se compone de cinco episodios de treinta minutos cada uno.<\/p>\n\n\n\n<figure class=\"wp-block-image size-large\"><img loading=\"lazy\" decoding=\"async\" height=\"1024\" width=\"1024\" src=\"https:\/\/www.movistar.es\/blog\/wp-content\/uploads\/sites\/3\/2022\/08\/Anna-Costa_Facil_serie_1080x1080.jpg?w=1024\" alt=\"\" class=\"wp-image-6213\" srcset=\"https:\/\/www.movistar.es\/blog\/wp-content\/uploads\/sites\/3\/2022\/08\/Anna-Costa_Facil_serie_1080x1080.jpg 1080w, https:\/\/www.movistar.es\/blog\/wp-content\/uploads\/sites\/3\/2022\/08\/Anna-Costa_Facil_serie_1080x1080.jpg?resize=150,150 150w, https:\/\/www.movistar.es\/blog\/wp-content\/uploads\/sites\/3\/2022\/08\/Anna-Costa_Facil_serie_1080x1080.jpg?resize=300,300 300w, https:\/\/www.movistar.es\/blog\/wp-content\/uploads\/sites\/3\/2022\/08\/Anna-Costa_Facil_serie_1080x1080.jpg?resize=768,768 768w, https:\/\/www.movistar.es\/blog\/wp-content\/uploads\/sites\/3\/2022\/08\/Anna-Costa_Facil_serie_1080x1080.jpg?resize=1024,1024 1024w\" sizes=\"auto, (max-width: 1024px) 100vw, 1024px\" \/><figcaption> Anna R. Costa en un momento del rodaje en Barcelona<\/figcaption><\/figure>\n\n\n\n<p>Despu\u00e9s de toda una vida viviendo en distintos centros, cuatro mujeres con diversidad funcional de Barcelona se trasladan a vivir en un piso tutelado con vistas a la Barceloneta. Marga, Nati, Patri y \u00c0ngels, son cuatro mujeres buscando lo que son en un mundo que ya ha decidido lo que son sin contar con ellas.<\/p>\n\n\n\n<h2 class=\"wp-block-heading\" id=\"h-la-serie-nos-descubre-unas-mujeres-buscando-lo-que-son-en-un-mundo-que-ya-ha-decidido-lo-que-son-sin-contar-con-ellas\">La serie nos descubre unas mujeres buscando lo que son en un mundo que ya ha decidido lo que son sin contar con ellas.<\/h2>\n\n\n\n<p>Su forma de descubrir su independencia choca con todas las normas establecidas para ellas. Unas normas que tienen que cumplir para seguir viviendo juntas en el piso. La serie nos descubre unas mujeres buscando lo que son en un mundo que ya ha decidido lo que son sin contar con ellas.<\/p>\n\n\n\n<p><em>F\u00e1cil<\/em>, la serie de mujeres hecha por mujeres, se presentar\u00e1 en el 70\u00ba Festival de Cine de San Sebasti\u00e1n el d\u00eda 20 de septiembre y se estrenar\u00e1 en oto\u00f1o en <a href=\"https:\/\/www.movistar.es\/particulares\/television\/movistar-imagenio\/movistar-series\/?pid=blogmovistar_movistarplus_6211\" target=\"_blank\" rel=\"noreferrer noopener\">Movistar Plus+<\/a>.<\/p>\n","protected":false},"excerpt":{"rendered":"<p>F\u00e1cil es una producci\u00f3n original de Movistar Plus+ est\u00e1 creada \u00edntegramente por Anna R. Costa y producidos por Sandra Hermida. Est\u00e1 realizada en colaboraci\u00f3n con Destrucci\u00f3n y Salvaci\u00f3n. La serie nos acerca a la vida [&hellip;]<\/p>\n","protected":false},"author":112,"featured_media":6212,"comment_status":"closed","ping_status":"closed","sticky":false,"template":"","format":"standard","meta":{"site-sidebar-layout":"default","site-content-layout":"","ast-site-content-layout":"","site-content-style":"default","site-sidebar-style":"default","ast-global-header-display":"","ast-banner-title-visibility":"","ast-main-header-display":"","ast-hfb-above-header-display":"","ast-hfb-below-header-display":"","ast-hfb-mobile-header-display":"","site-post-title":"","ast-breadcrumbs-content":"","ast-featured-img":"","footer-sml-layout":"","theme-transparent-header-meta":"","adv-header-id-meta":"","stick-header-meta":"","header-above-stick-meta":"","header-main-stick-meta":"","header-below-stick-meta":"","astra-migrate-meta-layouts":"default","ast-page-background-enabled":"default","ast-page-background-meta":{"desktop":{"background-color":"var(--ast-global-color-4)","background-image":"","background-repeat":"repeat","background-position":"center center","background-size":"auto","background-attachment":"scroll","background-type":"","background-media":"","overlay-type":"","overlay-color":"","overlay-opacity":"","overlay-gradient":""},"tablet":{"background-color":"","background-image":"","background-repeat":"repeat","background-position":"center center","background-size":"auto","background-attachment":"scroll","background-type":"","background-media":"","overlay-type":"","overlay-color":"","overlay-opacity":"","overlay-gradient":""},"mobile":{"background-color":"","background-image":"","background-repeat":"repeat","background-position":"center center","background-size":"auto","background-attachment":"scroll","background-type":"","background-media":"","overlay-type":"","overlay-color":"","overlay-opacity":"","overlay-gradient":""}},"ast-content-background-meta":{"desktop":{"background-color":"var(--ast-global-color-5)","background-image":"","background-repeat":"repeat","background-position":"center center","background-size":"auto","background-attachment":"scroll","background-type":"","background-media":"","overlay-type":"","overlay-color":"","overlay-opacity":"","overlay-gradient":""},"tablet":{"background-color":"var(--ast-global-color-5)","background-image":"","background-repeat":"repeat","background-position":"center center","background-size":"auto","background-attachment":"scroll","background-type":"","background-media":"","overlay-type":"","overlay-color":"","overlay-opacity":"","overlay-gradient":""},"mobile":{"background-color":"var(--ast-global-color-5)","background-image":"","background-repeat":"repeat","background-position":"center center","background-size":"auto","background-attachment":"scroll","background-type":"","background-media":"","overlay-type":"","overlay-color":"","overlay-opacity":"","overlay-gradient":""}},"_jetpack_memberships_contains_paid_content":false,"footnotes":""},"categories":[1],"tags":[],"area":[190],"cluster":[45],"linea_editorial":[],"coauthors":[491],"class_list":["post-6211","post","type-post","status-publish","format-standard","has-post-thumbnail","hentry","category-sin-categoria","area-content-movistar","cluster-movistar-plus"],"yoast_head":"<!-- This site is optimized with the Yoast SEO Premium plugin v25.5 (Yoast SEO v25.5) - https:\/\/yoast.com\/wordpress\/plugins\/seo\/ -->\n<title>&#039;F\u00e1cil&#039;, cuatro mujeres con diversidad funcional - Movistar blog<\/title>\n<meta name=\"description\" content=\"Trata sobre cuatro mujeres con diversidad funcional que quieren vivir juntas en un piso de la Barceloneta.\" \/>\n<meta name=\"robots\" content=\"index, follow, max-snippet:-1, max-image-preview:large, max-video-preview:-1\" \/>\n<link rel=\"canonical\" href=\"https:\/\/www.movistar.es\/blog\/movistar-plus\/facil\/\" \/>\n<meta property=\"og:locale\" content=\"es_ES\" \/>\n<meta property=\"og:type\" content=\"article\" \/>\n<meta property=\"og:title\" content=\"&#039;F\u00e1cil&#039;, cuatro mujeres con diversidad funcional\" \/>\n<meta property=\"og:description\" content=\"Trata sobre cuatro mujeres con diversidad funcional que quieren vivir juntas en un piso de la Barceloneta.\" \/>\n<meta property=\"og:url\" content=\"https:\/\/www.movistar.es\/blog\/movistar-plus\/facil\/\" \/>\n<meta property=\"og:site_name\" content=\"Movistar blog\" \/>\n<meta property=\"article:published_time\" content=\"2022-11-23T10:58:57+00:00\" \/>\n<meta property=\"article:modified_time\" content=\"2022-11-23T10:59:56+00:00\" \/>\n<meta property=\"og:image\" content=\"https:\/\/www.movistar.es\/blog\/wp-content\/uploads\/sites\/3\/2022\/08\/facil_serie_ppal_1040x650.jpg\" \/>\n\t<meta property=\"og:image:width\" content=\"1040\" \/>\n\t<meta property=\"og:image:height\" content=\"650\" \/>\n\t<meta property=\"og:image:type\" content=\"image\/jpeg\" \/>\n<meta name=\"author\" content=\"Redacci\u00f3n Movistar Plus+\" \/>\n<meta name=\"twitter:card\" content=\"summary_large_image\" \/>\n<meta name=\"twitter:creator\" content=\"@MovistarFutbol\" \/>\n<meta name=\"twitter:label1\" content=\"Written by\" \/>\n\t<meta name=\"twitter:data1\" content=\"Redacci\u00f3n Movistar Plus+\" \/>\n\t<meta name=\"twitter:label2\" content=\"Est. reading time\" \/>\n\t<meta name=\"twitter:data2\" content=\"2 minutos\" \/>\n<script type=\"application\/ld+json\" class=\"yoast-schema-graph\">{\"@context\":\"https:\/\/schema.org\",\"@graph\":[{\"@type\":\"Article\",\"@id\":\"https:\/\/www.movistar.es\/blog\/movistar-plus\/facil\/#article\",\"isPartOf\":{\"@id\":\"https:\/\/www.movistar.es\/blog\/movistar-plus\/facil\/\"},\"author\":{\"name\":\"Redacci\u00f3n Movistar Plus+\",\"@id\":\"https:\/\/www.movistar.es\/blog\/#\/schema\/person\/189877e959457e9014d2a5e8d6fe946d\"},\"headline\":\"&#8216;F\u00e1cil&#8217;, cuatro mujeres con diversidad funcional\",\"datePublished\":\"2022-11-23T10:58:57+00:00\",\"dateModified\":\"2022-11-23T10:59:56+00:00\",\"mainEntityOfPage\":{\"@id\":\"https:\/\/www.movistar.es\/blog\/movistar-plus\/facil\/\"},\"wordCount\":339,\"publisher\":{\"@id\":\"https:\/\/www.movistar.es\/blog\/#organization\"},\"image\":{\"@id\":\"https:\/\/www.movistar.es\/blog\/movistar-plus\/facil\/#primaryimage\"},\"thumbnailUrl\":\"https:\/\/www.movistar.es\/blog\/wp-content\/uploads\/sites\/3\/2022\/08\/facil_serie_ppal_1040x650.jpg\",\"inLanguage\":\"es\"},{\"@type\":\"WebPage\",\"@id\":\"https:\/\/www.movistar.es\/blog\/movistar-plus\/facil\/\",\"url\":\"https:\/\/www.movistar.es\/blog\/movistar-plus\/facil\/\",\"name\":\"'F\u00e1cil', cuatro mujeres con diversidad funcional - Movistar blog\",\"isPartOf\":{\"@id\":\"https:\/\/www.movistar.es\/blog\/#website\"},\"primaryImageOfPage\":{\"@id\":\"https:\/\/www.movistar.es\/blog\/movistar-plus\/facil\/#primaryimage\"},\"image\":{\"@id\":\"https:\/\/www.movistar.es\/blog\/movistar-plus\/facil\/#primaryimage\"},\"thumbnailUrl\":\"https:\/\/www.movistar.es\/blog\/wp-content\/uploads\/sites\/3\/2022\/08\/facil_serie_ppal_1040x650.jpg\",\"datePublished\":\"2022-11-23T10:58:57+00:00\",\"dateModified\":\"2022-11-23T10:59:56+00:00\",\"description\":\"Trata sobre cuatro mujeres con diversidad funcional que quieren vivir juntas en un piso de la Barceloneta.\",\"breadcrumb\":{\"@id\":\"https:\/\/www.movistar.es\/blog\/movistar-plus\/facil\/#breadcrumb\"},\"inLanguage\":\"es\",\"potentialAction\":[{\"@type\":\"ReadAction\",\"target\":[\"https:\/\/www.movistar.es\/blog\/movistar-plus\/facil\/\"]}]},{\"@type\":\"ImageObject\",\"inLanguage\":\"es\",\"@id\":\"https:\/\/www.movistar.es\/blog\/movistar-plus\/facil\/#primaryimage\",\"url\":\"https:\/\/www.movistar.es\/blog\/wp-content\/uploads\/sites\/3\/2022\/08\/facil_serie_ppal_1040x650.jpg\",\"contentUrl\":\"https:\/\/www.movistar.es\/blog\/wp-content\/uploads\/sites\/3\/2022\/08\/facil_serie_ppal_1040x650.jpg\",\"width\":1040,\"height\":650,\"caption\":\"F\u00e1cil, serie de producci\u00f3n original Movistar Plus+\"},{\"@type\":\"BreadcrumbList\",\"@id\":\"https:\/\/www.movistar.es\/blog\/movistar-plus\/facil\/#breadcrumb\",\"itemListElement\":[{\"@type\":\"ListItem\",\"position\":1,\"name\":\"Home\",\"item\":\"https:\/\/www.movistar.es\/blog\/\"},{\"@type\":\"ListItem\",\"position\":2,\"name\":\"&#8216;F\u00e1cil&#8217;, cuatro mujeres con diversidad funcional\"}]},{\"@type\":\"WebSite\",\"@id\":\"https:\/\/www.movistar.es\/blog\/#website\",\"url\":\"https:\/\/www.movistar.es\/blog\/\",\"name\":\"Movistar blog\",\"description\":\"Movistar Blog. Informaci\u00f3n y m\u00e1s sobre los productos y servicios de Movistar\",\"publisher\":{\"@id\":\"https:\/\/www.movistar.es\/blog\/#organization\"},\"potentialAction\":[{\"@type\":\"SearchAction\",\"target\":{\"@type\":\"EntryPoint\",\"urlTemplate\":\"https:\/\/www.movistar.es\/blog\/?s={search_term_string}\"},\"query-input\":{\"@type\":\"PropertyValueSpecification\",\"valueRequired\":true,\"valueName\":\"search_term_string\"}}],\"inLanguage\":\"es\"},{\"@type\":\"Organization\",\"@id\":\"https:\/\/www.movistar.es\/blog\/#organization\",\"name\":\"Movistar blog\",\"url\":\"https:\/\/www.movistar.es\/blog\/\",\"logo\":{\"@type\":\"ImageObject\",\"inLanguage\":\"es\",\"@id\":\"https:\/\/www.movistar.es\/blog\/#\/schema\/logo\/image\/\",\"url\":\"https:\/\/www.movistar.es\/blog\/wp-content\/uploads\/sites\/3\/2022\/05\/logo_movistar-1.svg\",\"contentUrl\":\"https:\/\/www.movistar.es\/blog\/wp-content\/uploads\/sites\/3\/2022\/05\/logo_movistar-1.svg\",\"width\":369,\"height\":272,\"caption\":\"Movistar blog\"},\"image\":{\"@id\":\"https:\/\/www.movistar.es\/blog\/#\/schema\/logo\/image\/\"}},{\"@type\":\"Person\",\"@id\":\"https:\/\/www.movistar.es\/blog\/#\/schema\/person\/189877e959457e9014d2a5e8d6fe946d\",\"name\":\"Redacci\u00f3n Movistar Plus+\",\"image\":{\"@type\":\"ImageObject\",\"inLanguage\":\"es\",\"@id\":\"https:\/\/www.movistar.es\/blog\/#\/schema\/person\/image\/e4401217082664b40a1186f7e73afac7\",\"url\":\"https:\/\/secure.gravatar.com\/avatar\/c957f8b2227dcae6bb012530cf347456865c8d81dd6724c0fb6723a2c0a9f9e2\",\"contentUrl\":\"https:\/\/secure.gravatar.com\/avatar\/c957f8b2227dcae6bb012530cf347456865c8d81dd6724c0fb6723a2c0a9f9e2\",\"caption\":\"Redacci\u00f3n Movistar Plus+\"},\"description\":\"Te ayudamos a sacar el m\u00e1ximo partido a la televisi\u00f3n de Movistar Plus+. Para que disfrutes de las mejores pel\u00edculas, deportes, series y la toda la programaci\u00f3n, con una experiencia inigualable gracias a Movistar.\",\"sameAs\":[\"https:\/\/ver.movistarplus.es\/\",\"https:\/\/www.instagram.com\/movistarplus\/?hl=es\",\"https:\/\/www.linkedin.com\/company\/movistarplus\/?originalSubdomain=es\",\"https:\/\/x.com\/MovistarFutbol\"],\"knowsAbout\":[\"series\",\"cine\",\"deportes\",\"televisi\u00f3n\"],\"url\":\"https:\/\/www.movistar.es\/blog\/author\/movistarplus\/\"}]}<\/script>\n<!-- \/ Yoast SEO Premium plugin. -->","yoast_head_json":{"title":"'F\u00e1cil', cuatro mujeres con diversidad funcional - Movistar blog","description":"Trata sobre cuatro mujeres con diversidad funcional que quieren vivir juntas en un piso de la Barceloneta.","robots":{"index":"index","follow":"follow","max-snippet":"max-snippet:-1","max-image-preview":"max-image-preview:large","max-video-preview":"max-video-preview:-1"},"canonical":"https:\/\/www.movistar.es\/blog\/movistar-plus\/facil\/","og_locale":"es_ES","og_type":"article","og_title":"'F\u00e1cil', cuatro mujeres con diversidad funcional","og_description":"Trata sobre cuatro mujeres con diversidad funcional que quieren vivir juntas en un piso de la Barceloneta.","og_url":"https:\/\/www.movistar.es\/blog\/movistar-plus\/facil\/","og_site_name":"Movistar blog","article_published_time":"2022-11-23T10:58:57+00:00","article_modified_time":"2022-11-23T10:59:56+00:00","og_image":[{"width":1040,"height":650,"url":"https:\/\/www.movistar.es\/blog\/wp-content\/uploads\/sites\/3\/2022\/08\/facil_serie_ppal_1040x650.jpg","type":"image\/jpeg"}],"author":"Redacci\u00f3n Movistar Plus+","twitter_card":"summary_large_image","twitter_creator":"@MovistarFutbol","twitter_misc":{"Written by":"Redacci\u00f3n Movistar Plus+","Est. reading time":"2 minutos"},"schema":{"@context":"https:\/\/schema.org","@graph":[{"@type":"Article","@id":"https:\/\/www.movistar.es\/blog\/movistar-plus\/facil\/#article","isPartOf":{"@id":"https:\/\/www.movistar.es\/blog\/movistar-plus\/facil\/"},"author":{"name":"Redacci\u00f3n Movistar Plus+","@id":"https:\/\/www.movistar.es\/blog\/#\/schema\/person\/189877e959457e9014d2a5e8d6fe946d"},"headline":"&#8216;F\u00e1cil&#8217;, cuatro mujeres con diversidad funcional","datePublished":"2022-11-23T10:58:57+00:00","dateModified":"2022-11-23T10:59:56+00:00","mainEntityOfPage":{"@id":"https:\/\/www.movistar.es\/blog\/movistar-plus\/facil\/"},"wordCount":339,"publisher":{"@id":"https:\/\/www.movistar.es\/blog\/#organization"},"image":{"@id":"https:\/\/www.movistar.es\/blog\/movistar-plus\/facil\/#primaryimage"},"thumbnailUrl":"https:\/\/www.movistar.es\/blog\/wp-content\/uploads\/sites\/3\/2022\/08\/facil_serie_ppal_1040x650.jpg","inLanguage":"es"},{"@type":"WebPage","@id":"https:\/\/www.movistar.es\/blog\/movistar-plus\/facil\/","url":"https:\/\/www.movistar.es\/blog\/movistar-plus\/facil\/","name":"'F\u00e1cil', cuatro mujeres con diversidad funcional - Movistar blog","isPartOf":{"@id":"https:\/\/www.movistar.es\/blog\/#website"},"primaryImageOfPage":{"@id":"https:\/\/www.movistar.es\/blog\/movistar-plus\/facil\/#primaryimage"},"image":{"@id":"https:\/\/www.movistar.es\/blog\/movistar-plus\/facil\/#primaryimage"},"thumbnailUrl":"https:\/\/www.movistar.es\/blog\/wp-content\/uploads\/sites\/3\/2022\/08\/facil_serie_ppal_1040x650.jpg","datePublished":"2022-11-23T10:58:57+00:00","dateModified":"2022-11-23T10:59:56+00:00","description":"Trata sobre cuatro mujeres con diversidad funcional que quieren vivir juntas en un piso de la Barceloneta.","breadcrumb":{"@id":"https:\/\/www.movistar.es\/blog\/movistar-plus\/facil\/#breadcrumb"},"inLanguage":"es","potentialAction":[{"@type":"ReadAction","target":["https:\/\/www.movistar.es\/blog\/movistar-plus\/facil\/"]}]},{"@type":"ImageObject","inLanguage":"es","@id":"https:\/\/www.movistar.es\/blog\/movistar-plus\/facil\/#primaryimage","url":"https:\/\/www.movistar.es\/blog\/wp-content\/uploads\/sites\/3\/2022\/08\/facil_serie_ppal_1040x650.jpg","contentUrl":"https:\/\/www.movistar.es\/blog\/wp-content\/uploads\/sites\/3\/2022\/08\/facil_serie_ppal_1040x650.jpg","width":1040,"height":650,"caption":"F\u00e1cil, serie de producci\u00f3n original Movistar Plus+"},{"@type":"BreadcrumbList","@id":"https:\/\/www.movistar.es\/blog\/movistar-plus\/facil\/#breadcrumb","itemListElement":[{"@type":"ListItem","position":1,"name":"Home","item":"https:\/\/www.movistar.es\/blog\/"},{"@type":"ListItem","position":2,"name":"&#8216;F\u00e1cil&#8217;, cuatro mujeres con diversidad funcional"}]},{"@type":"WebSite","@id":"https:\/\/www.movistar.es\/blog\/#website","url":"https:\/\/www.movistar.es\/blog\/","name":"Movistar blog","description":"Movistar Blog. Informaci\u00f3n y m\u00e1s sobre los productos y servicios de Movistar","publisher":{"@id":"https:\/\/www.movistar.es\/blog\/#organization"},"potentialAction":[{"@type":"SearchAction","target":{"@type":"EntryPoint","urlTemplate":"https:\/\/www.movistar.es\/blog\/?s={search_term_string}"},"query-input":{"@type":"PropertyValueSpecification","valueRequired":true,"valueName":"search_term_string"}}],"inLanguage":"es"},{"@type":"Organization","@id":"https:\/\/www.movistar.es\/blog\/#organization","name":"Movistar blog","url":"https:\/\/www.movistar.es\/blog\/","logo":{"@type":"ImageObject","inLanguage":"es","@id":"https:\/\/www.movistar.es\/blog\/#\/schema\/logo\/image\/","url":"https:\/\/www.movistar.es\/blog\/wp-content\/uploads\/sites\/3\/2022\/05\/logo_movistar-1.svg","contentUrl":"https:\/\/www.movistar.es\/blog\/wp-content\/uploads\/sites\/3\/2022\/05\/logo_movistar-1.svg","width":369,"height":272,"caption":"Movistar blog"},"image":{"@id":"https:\/\/www.movistar.es\/blog\/#\/schema\/logo\/image\/"}},{"@type":"Person","@id":"https:\/\/www.movistar.es\/blog\/#\/schema\/person\/189877e959457e9014d2a5e8d6fe946d","name":"Redacci\u00f3n Movistar Plus+","image":{"@type":"ImageObject","inLanguage":"es","@id":"https:\/\/www.movistar.es\/blog\/#\/schema\/person\/image\/e4401217082664b40a1186f7e73afac7","url":"https:\/\/secure.gravatar.com\/avatar\/c957f8b2227dcae6bb012530cf347456865c8d81dd6724c0fb6723a2c0a9f9e2","contentUrl":"https:\/\/secure.gravatar.com\/avatar\/c957f8b2227dcae6bb012530cf347456865c8d81dd6724c0fb6723a2c0a9f9e2","caption":"Redacci\u00f3n Movistar Plus+"},"description":"Te ayudamos a sacar el m\u00e1ximo partido a la televisi\u00f3n de Movistar Plus+. Para que disfrutes de las mejores pel\u00edculas, deportes, series y la toda la programaci\u00f3n, con una experiencia inigualable gracias a Movistar.","sameAs":["https:\/\/ver.movistarplus.es\/","https:\/\/www.instagram.com\/movistarplus\/?hl=es","https:\/\/www.linkedin.com\/company\/movistarplus\/?originalSubdomain=es","https:\/\/x.com\/MovistarFutbol"],"knowsAbout":["series","cine","deportes","televisi\u00f3n"],"url":"https:\/\/www.movistar.es\/blog\/author\/movistarplus\/"}]}},"jetpack_featured_media_url":"https:\/\/www.movistar.es\/blog\/wp-content\/uploads\/sites\/3\/2022\/08\/facil_serie_ppal_1040x650.jpg","jetpack_sharing_enabled":true,"_links":{"self":[{"href":"https:\/\/www.movistar.es\/blog\/wp-json\/wp\/v2\/posts\/6211","targetHints":{"allow":["GET"]}}],"collection":[{"href":"https:\/\/www.movistar.es\/blog\/wp-json\/wp\/v2\/posts"}],"about":[{"href":"https:\/\/www.movistar.es\/blog\/wp-json\/wp\/v2\/types\/post"}],"author":[{"embeddable":true,"href":"https:\/\/www.movistar.es\/blog\/wp-json\/wp\/v2\/users\/112"}],"replies":[{"embeddable":true,"href":"https:\/\/www.movistar.es\/blog\/wp-json\/wp\/v2\/comments?post=6211"}],"version-history":[{"count":4,"href":"https:\/\/www.movistar.es\/blog\/wp-json\/wp\/v2\/posts\/6211\/revisions"}],"predecessor-version":[{"id":6233,"href":"https:\/\/www.movistar.es\/blog\/wp-json\/wp\/v2\/posts\/6211\/revisions\/6233"}],"wp:featuredmedia":[{"embeddable":true,"href":"https:\/\/www.movistar.es\/blog\/wp-json\/wp\/v2\/media\/6212"}],"wp:attachment":[{"href":"https:\/\/www.movistar.es\/blog\/wp-json\/wp\/v2\/media?parent=6211"}],"wp:term":[{"taxonomy":"category","embeddable":true,"href":"https:\/\/www.movistar.es\/blog\/wp-json\/wp\/v2\/categories?post=6211"},{"taxonomy":"post_tag","embeddable":true,"href":"https:\/\/www.movistar.es\/blog\/wp-json\/wp\/v2\/tags?post=6211"},{"taxonomy":"area","embeddable":true,"href":"https:\/\/www.movistar.es\/blog\/wp-json\/wp\/v2\/area?post=6211"},{"taxonomy":"cluster","embeddable":true,"href":"https:\/\/www.movistar.es\/blog\/wp-json\/wp\/v2\/cluster?post=6211"},{"taxonomy":"linea_editorial","embeddable":true,"href":"https:\/\/www.movistar.es\/blog\/wp-json\/wp\/v2\/linea_editorial?post=6211"},{"taxonomy":"author","embeddable":true,"href":"https:\/\/www.movistar.es\/blog\/wp-json\/wp\/v2\/coauthors?post=6211"}],"curies":[{"name":"wp","href":"https:\/\/api.w.org\/{rel}","templated":true}]}}