{"id":5775,"date":"2022-08-04T10:37:39","date_gmt":"2022-08-04T08:37:39","guid":{"rendered":"https:\/\/www.movistar.es\/blog\/?p=5775"},"modified":"2024-01-09T13:07:49","modified_gmt":"2024-01-09T12:07:49","slug":"guia-sacarse-ex-de-la-cabeza","status":"publish","type":"post","link":"https:\/\/www.movistar.es\/blog\/ebooks-audiolibros\/guia-sacarse-ex-de-la-cabeza\/","title":{"rendered":"&#8216;Ya te dije adi\u00f3s, ahora c\u00f3mo te olvido: Una gu\u00eda para sacarse al ex de la cabeza y del coraz\u00f3n&#8217;"},"content":{"rendered":"\n<p><\/p>\n\n\n\n<div class=\"wp-block-media-text alignwide is-stacked-on-mobile\" style=\"grid-template-columns:35% auto\"><figure class=\"wp-block-media-text__media\"><img loading=\"lazy\" decoding=\"async\" width=\"330\" height=\"500\" src=\"https:\/\/www.movistar.es\/blog\/wp-content\/uploads\/sites\/3\/2022\/08\/ya-te-dije-adios-ahora-como-te-olvido.jpg\" alt=\"ya te dije adios ahora como te dejo guia para sacarse al ex de la cabeza y del corazon\" class=\"wp-image-5833 size-full\" srcset=\"https:\/\/www.movistar.es\/blog\/wp-content\/uploads\/sites\/3\/2022\/08\/ya-te-dije-adios-ahora-como-te-olvido.jpg 330w, https:\/\/www.movistar.es\/blog\/wp-content\/uploads\/sites\/3\/2022\/08\/ya-te-dije-adios-ahora-como-te-olvido.jpg?resize=198,300 198w\" sizes=\"auto, (max-width: 330px) 100vw, 330px\" \/><\/figure><div class=\"wp-block-media-text__content\">\n<p>Curioseando libros se apareci\u00f3 el t\u00edtulo de Walter Riso cual Inmaculada ante los pastorcillos de F\u00e1tima, <em>Ya te dije adi\u00f3s, ahora c\u00f3mo te olvido: Una gu\u00eda para sacarse al ex de la cabeza y del coraz\u00f3n<\/em><\/p>\n\n\n\n<p>Nunca me han gustado los libros de autoayuda. Siempre he preferido una conversaci\u00f3n en un bar con un amig@ sobre cuyo hombro llorar mis penas desconsolado ante el abandono. &nbsp;\u00bfEs necesaria una gu\u00eda para sacarse a tu ex de la cabeza, y del coraz\u00f3n?<\/p>\n\n\n\n<p>Su lectura es muy f\u00e1cil y ciertamente es una gu\u00eda para olvidar, y crecer. Te hace reflexionas sobre los dos momentos; uno el decir adi\u00f3s. Romper el v\u00ednculo. Meter la tijera al lazo rojo. Y otro el momento de olvidar, digerir, superar el dolor de la separaci\u00f3n y hacer que te sirva para conocerte a ti mismo y mejorar como persona. &nbsp;<\/p>\n<\/div><\/div>\n\n\n\n<h2 class=\"wp-block-heading\" id=\"h-walter-riso-doctor-en-psicologia-ayuda-a-sacarse-al-ex-de-la-cabeza\">Walter Riso, Doctor en Psicolog\u00eda, ayuda &#8216;a sacarse al ex de la cabeza&#8217;<\/h2>\n\n\n\n<p>Walter Riso, que es Doctor en Psicolog\u00eda,&nbsp;la ruptura como \u201cduelo afectivo\u201d: la negaci\u00f3n, la ira, la depresi\u00f3n, negociaci\u00f3n y aceptaci\u00f3n. El autor nos conduce, nos ayuda en cada etapa sin perder el respeto hacia uno mismo. Teniendo como eje la dignidad, se trata de encontrar un proyecto de vida personal. Estoy seguro que tras su lectura crecer\u00e1s interiormente y te sorprender\u00e1s de los pasos que ir\u00e1s dando. &nbsp;<\/p>\n\n\n\n<figure class=\"wp-block-image size-large\"><img loading=\"lazy\" decoding=\"async\" height=\"640\" width=\"1024\" src=\"https:\/\/www.movistar.es\/blog\/wp-content\/uploads\/sites\/3\/2022\/08\/pareja_ruptura_1040x650.jpg?w=1024\" alt=\"sacarse al ex de la cabeza\" class=\"wp-image-5780\" title=\"sacarse al ex de la cabeza\" srcset=\"https:\/\/www.movistar.es\/blog\/wp-content\/uploads\/sites\/3\/2022\/08\/pareja_ruptura_1040x650.jpg 1040w, https:\/\/www.movistar.es\/blog\/wp-content\/uploads\/sites\/3\/2022\/08\/pareja_ruptura_1040x650.jpg?resize=300,188 300w, https:\/\/www.movistar.es\/blog\/wp-content\/uploads\/sites\/3\/2022\/08\/pareja_ruptura_1040x650.jpg?resize=768,480 768w, https:\/\/www.movistar.es\/blog\/wp-content\/uploads\/sites\/3\/2022\/08\/pareja_ruptura_1040x650.jpg?resize=1024,640 1024w\" sizes=\"auto, (max-width: 1024px) 100vw, 1024px\" \/><figcaption><a href=\"https:\/\/www.freepik.com\/photos\/breakup\" target=\"_blank\" rel=\"noreferrer noopener nofollow\">Foto de Drazen Zigic<\/a><\/figcaption><\/figure>\n\n\n\n<blockquote class=\"wp-block-quote is-layout-flow wp-block-quote-is-layout-flow\"><p>&nbsp;Si logras desvincularte de tu ex (o de cualquier amor imposible que ronda tu vida) de manera adecuada, podr\u00e1s reinventarte como te d\u00e9 la gana. El tiempo ayuda, es cierto, pero hay que ayudar al tiempo<\/p><cite>Walter Riso<\/cite><\/blockquote>\n\n\n\n<p>En este video, <a href=\"https:\/\/www.instagram.com\/walter_riso\/?hl=es\" target=\"_blank\" rel=\"noreferrer noopener nofollow\">Walter Riso<\/a> nos cuenta un poco sobre las razones de escribir <a href=\"https:\/\/nextory.movistar.es\/?pid=blogmovistar_ebooksyaudiolibros_5775\" target=\"_blank\" rel=\"noreferrer noopener nofollow\">este libro de Movistar Nextory<\/a> y lo que podemos esperar de esta gu\u00eda. &nbsp;<\/p>\n\n\n\n<figure class=\"wp-block-embed is-type-video is-provider-youtube wp-block-embed-youtube wp-embed-aspect-16-9 wp-has-aspect-ratio\"><div class=\"wp-block-embed__wrapper\">\n<div class=\"wp-block-embed__wrapper\"><div class=\"ast-oembed-container \" style=\"height: 100%;\"><iframe loading=\"lazy\" title=\"Dile adi\u00f3s a tu ex de una vez por todas - Walter Riso | Oficial\" width=\"1040\" height=\"585\" src=\"https:\/\/www.youtube.com\/embed\/EYrBkg-CyRM?feature=oembed\" frameborder=\"0\" allow=\"accelerometer; autoplay; clipboard-write; encrypted-media; gyroscope; picture-in-picture; web-share\" referrerpolicy=\"strict-origin-when-cross-origin\" allowfullscreen><\/iframe><\/div><\/div>\n<\/div><\/figure>\n\n\n\n<p>El libro, evidentemente, no es una p\u00edldora curativa que te tomes con la cena y te haga despertar con el coraz\u00f3n sano como una lechuga y ganas de enamorarte. Pero s\u00ed que te acompa\u00f1ar\u00e1 y transformar\u00e1 tu dolor en sentimiento \u00fatil. &nbsp;<\/p>\n\n\n\n<p>Si no has le\u00eddo nada de Walter Riso, este es un buen libro para acercarte a \u00e9l. Junto con los consejos, suele contar casos cl\u00ednicos y an\u00e9cdotas personales que lo hacen muy ameno. &nbsp;<\/p>\n\n\n\n<p>Y<em>a te dije adi\u00f3s, ahora c\u00f3mo te olvido: Una gu\u00eda para sacarse al ex de la cabeza y del coraz\u00f3n<\/em> <a href=\"https:\/\/nextory.movistar.es\/?pid=blogmovistar_ebooksyaudiolibros_5775\" target=\"_blank\" rel=\"noreferrer noopener\">est\u00e1 disponible como e-book en Movistar Nextory<\/a>. Si te suscribes ahora, tendr\u00e1s un mes gratis. &nbsp;<\/p>\n\n\n\n<p><em>Imagen de portada: <a href=\"https:\/\/www.freepik.com\/author\/gpointstudio\" target=\"_blank\" rel=\"noreferrer noopener nofollow\">gpointstudio<\/a><\/em><\/p>\n","protected":false},"excerpt":{"rendered":"<p>Curioseando libros se apareci\u00f3 el t\u00edtulo de Walter Riso cual Inmaculada ante los pastorcillos de F\u00e1tima, Ya te dije adi\u00f3s, ahora c\u00f3mo te olvido: Una gu\u00eda para sacarse al ex de la cabeza y del [&hellip;]<\/p>\n","protected":false},"author":93,"featured_media":5777,"comment_status":"closed","ping_status":"closed","sticky":false,"template":"","format":"standard","meta":{"site-sidebar-layout":"default","site-content-layout":"","ast-site-content-layout":"","site-content-style":"default","site-sidebar-style":"default","ast-global-header-display":"","ast-banner-title-visibility":"","ast-main-header-display":"","ast-hfb-above-header-display":"","ast-hfb-below-header-display":"","ast-hfb-mobile-header-display":"","site-post-title":"","ast-breadcrumbs-content":"","ast-featured-img":"","footer-sml-layout":"","theme-transparent-header-meta":"","adv-header-id-meta":"","stick-header-meta":"","header-above-stick-meta":"","header-main-stick-meta":"","header-below-stick-meta":"","astra-migrate-meta-layouts":"default","ast-page-background-enabled":"default","ast-page-background-meta":{"desktop":{"background-color":"var(--ast-global-color-4)","background-image":"","background-repeat":"repeat","background-position":"center center","background-size":"auto","background-attachment":"scroll","background-type":"","background-media":"","overlay-type":"","overlay-color":"","overlay-opacity":"","overlay-gradient":""},"tablet":{"background-color":"","background-image":"","background-repeat":"repeat","background-position":"center center","background-size":"auto","background-attachment":"scroll","background-type":"","background-media":"","overlay-type":"","overlay-color":"","overlay-opacity":"","overlay-gradient":""},"mobile":{"background-color":"","background-image":"","background-repeat":"repeat","background-position":"center center","background-size":"auto","background-attachment":"scroll","background-type":"","background-media":"","overlay-type":"","overlay-color":"","overlay-opacity":"","overlay-gradient":""}},"ast-content-background-meta":{"desktop":{"background-color":"var(--ast-global-color-5)","background-image":"","background-repeat":"repeat","background-position":"center center","background-size":"auto","background-attachment":"scroll","background-type":"","background-media":"","overlay-type":"","overlay-color":"","overlay-opacity":"","overlay-gradient":""},"tablet":{"background-color":"var(--ast-global-color-5)","background-image":"","background-repeat":"repeat","background-position":"center center","background-size":"auto","background-attachment":"scroll","background-type":"","background-media":"","overlay-type":"","overlay-color":"","overlay-opacity":"","overlay-gradient":""},"mobile":{"background-color":"var(--ast-global-color-5)","background-image":"","background-repeat":"repeat","background-position":"center center","background-size":"auto","background-attachment":"scroll","background-type":"","background-media":"","overlay-type":"","overlay-color":"","overlay-opacity":"","overlay-gradient":""}},"_jetpack_memberships_contains_paid_content":false,"footnotes":""},"categories":[1],"tags":[501],"area":[190],"cluster":[405],"linea_editorial":[],"coauthors":[467],"class_list":["post-5775","post","type-post","status-publish","format-standard","has-post-thumbnail","hentry","category-sin-categoria","tag-autoayuda","area-content-movistar","cluster-ebooks-audiolibros"],"yoast_head":"<!-- This site is optimized with the Yoast SEO Premium plugin v25.5 (Yoast SEO v25.5) - https:\/\/yoast.com\/wordpress\/plugins\/seo\/ -->\n<title>Gu\u00eda para sacarse al ex de la cabeza y del coraz\u00f3n<\/title>\n<meta name=\"description\" content=\"Sacarse al ex de la cabeza, tanto de la cabeza como del coraz\u00f3n, te ser\u00e1 m\u00e1s f\u00e1cil con esta gu\u00eda de Walter Riso\" \/>\n<meta name=\"robots\" content=\"index, follow, max-snippet:-1, max-image-preview:large, max-video-preview:-1\" \/>\n<link rel=\"canonical\" href=\"https:\/\/www.movistar.es\/blog\/ebooks-audiolibros\/guia-sacarse-ex-de-la-cabeza\/\" \/>\n<meta property=\"og:locale\" content=\"es_ES\" \/>\n<meta property=\"og:type\" content=\"article\" \/>\n<meta property=\"og:title\" content=\"&#039;Ya te dije adi\u00f3s, ahora c\u00f3mo te olvido: Una gu\u00eda para sacarse al ex de la cabeza y del coraz\u00f3n&#039;\" \/>\n<meta property=\"og:description\" content=\"Sacarse al ex de la cabeza, tanto de la cabeza como del coraz\u00f3n, te ser\u00e1 m\u00e1s f\u00e1cil con esta gu\u00eda de Walter Riso\" \/>\n<meta property=\"og:url\" content=\"https:\/\/www.movistar.es\/blog\/ebooks-audiolibros\/guia-sacarse-ex-de-la-cabeza\/\" \/>\n<meta property=\"og:site_name\" content=\"Movistar blog\" \/>\n<meta property=\"article:author\" content=\"movistar.es\/\" \/>\n<meta property=\"article:published_time\" content=\"2022-08-04T08:37:39+00:00\" \/>\n<meta property=\"article:modified_time\" content=\"2024-01-09T12:07:49+00:00\" \/>\n<meta property=\"og:image\" content=\"https:\/\/www.movistar.es\/blog\/wp-content\/uploads\/sites\/3\/2022\/08\/corazon_roto_nextory_1040x650.jpg\" \/>\n\t<meta property=\"og:image:width\" content=\"1040\" \/>\n\t<meta property=\"og:image:height\" content=\"650\" \/>\n\t<meta property=\"og:image:type\" content=\"image\/jpeg\" \/>\n<meta name=\"author\" content=\"Equipo de Redacci\u00f3n\" \/>\n<meta name=\"twitter:card\" content=\"summary_large_image\" \/>\n<meta name=\"twitter:creator\" content=\"@movistar_es\" \/>\n<meta name=\"twitter:label1\" content=\"Written by\" \/>\n\t<meta name=\"twitter:data1\" content=\"Equipo de Redacci\u00f3n\" \/>\n\t<meta name=\"twitter:label2\" content=\"Est. reading time\" \/>\n\t<meta name=\"twitter:data2\" content=\"3 minutos\" \/>\n<script type=\"application\/ld+json\" class=\"yoast-schema-graph\">{\"@context\":\"https:\/\/schema.org\",\"@graph\":[{\"@type\":\"Article\",\"@id\":\"https:\/\/www.movistar.es\/blog\/ebooks-audiolibros\/guia-sacarse-ex-de-la-cabeza\/#article\",\"isPartOf\":{\"@id\":\"https:\/\/www.movistar.es\/blog\/ebooks-audiolibros\/guia-sacarse-ex-de-la-cabeza\/\"},\"author\":{\"name\":\"Equipo de Redacci\u00f3n\",\"@id\":\"https:\/\/www.movistar.es\/blog\/#\/schema\/person\/6184006f5def4638e52e2d0ff98bd55a\"},\"headline\":\"&#8216;Ya te dije adi\u00f3s, ahora c\u00f3mo te olvido: Una gu\u00eda para sacarse al ex de la cabeza y del coraz\u00f3n&#8217;\",\"datePublished\":\"2022-08-04T08:37:39+00:00\",\"dateModified\":\"2024-01-09T12:07:49+00:00\",\"mainEntityOfPage\":{\"@id\":\"https:\/\/www.movistar.es\/blog\/ebooks-audiolibros\/guia-sacarse-ex-de-la-cabeza\/\"},\"wordCount\":477,\"publisher\":{\"@id\":\"https:\/\/www.movistar.es\/blog\/#organization\"},\"image\":{\"@id\":\"https:\/\/www.movistar.es\/blog\/ebooks-audiolibros\/guia-sacarse-ex-de-la-cabeza\/#primaryimage\"},\"thumbnailUrl\":\"https:\/\/www.movistar.es\/blog\/wp-content\/uploads\/sites\/3\/2022\/08\/corazon_roto_nextory_1040x650.jpg\",\"keywords\":[\"autoayuda\"],\"inLanguage\":\"es\"},{\"@type\":\"WebPage\",\"@id\":\"https:\/\/www.movistar.es\/blog\/ebooks-audiolibros\/guia-sacarse-ex-de-la-cabeza\/\",\"url\":\"https:\/\/www.movistar.es\/blog\/ebooks-audiolibros\/guia-sacarse-ex-de-la-cabeza\/\",\"name\":\"Gu\u00eda para sacarse al ex de la cabeza y del coraz\u00f3n\",\"isPartOf\":{\"@id\":\"https:\/\/www.movistar.es\/blog\/#website\"},\"primaryImageOfPage\":{\"@id\":\"https:\/\/www.movistar.es\/blog\/ebooks-audiolibros\/guia-sacarse-ex-de-la-cabeza\/#primaryimage\"},\"image\":{\"@id\":\"https:\/\/www.movistar.es\/blog\/ebooks-audiolibros\/guia-sacarse-ex-de-la-cabeza\/#primaryimage\"},\"thumbnailUrl\":\"https:\/\/www.movistar.es\/blog\/wp-content\/uploads\/sites\/3\/2022\/08\/corazon_roto_nextory_1040x650.jpg\",\"datePublished\":\"2022-08-04T08:37:39+00:00\",\"dateModified\":\"2024-01-09T12:07:49+00:00\",\"description\":\"Sacarse al ex de la cabeza, tanto de la cabeza como del coraz\u00f3n, te ser\u00e1 m\u00e1s f\u00e1cil con esta gu\u00eda de Walter Riso\",\"breadcrumb\":{\"@id\":\"https:\/\/www.movistar.es\/blog\/ebooks-audiolibros\/guia-sacarse-ex-de-la-cabeza\/#breadcrumb\"},\"inLanguage\":\"es\",\"potentialAction\":[{\"@type\":\"ReadAction\",\"target\":[\"https:\/\/www.movistar.es\/blog\/ebooks-audiolibros\/guia-sacarse-ex-de-la-cabeza\/\"]}]},{\"@type\":\"ImageObject\",\"inLanguage\":\"es\",\"@id\":\"https:\/\/www.movistar.es\/blog\/ebooks-audiolibros\/guia-sacarse-ex-de-la-cabeza\/#primaryimage\",\"url\":\"https:\/\/www.movistar.es\/blog\/wp-content\/uploads\/sites\/3\/2022\/08\/corazon_roto_nextory_1040x650.jpg\",\"contentUrl\":\"https:\/\/www.movistar.es\/blog\/wp-content\/uploads\/sites\/3\/2022\/08\/corazon_roto_nextory_1040x650.jpg\",\"width\":1040,\"height\":650,\"caption\":\"corazon roto ruptura amor\"},{\"@type\":\"BreadcrumbList\",\"@id\":\"https:\/\/www.movistar.es\/blog\/ebooks-audiolibros\/guia-sacarse-ex-de-la-cabeza\/#breadcrumb\",\"itemListElement\":[{\"@type\":\"ListItem\",\"position\":1,\"name\":\"Home\",\"item\":\"https:\/\/www.movistar.es\/blog\/\"},{\"@type\":\"ListItem\",\"position\":2,\"name\":\"&#8216;Ya te dije adi\u00f3s, ahora c\u00f3mo te olvido: Una gu\u00eda para sacarse al ex de la cabeza y del coraz\u00f3n&#8217;\"}]},{\"@type\":\"WebSite\",\"@id\":\"https:\/\/www.movistar.es\/blog\/#website\",\"url\":\"https:\/\/www.movistar.es\/blog\/\",\"name\":\"Movistar blog\",\"description\":\"Movistar Blog. Informaci\u00f3n y m\u00e1s sobre los productos y servicios de Movistar\",\"publisher\":{\"@id\":\"https:\/\/www.movistar.es\/blog\/#organization\"},\"potentialAction\":[{\"@type\":\"SearchAction\",\"target\":{\"@type\":\"EntryPoint\",\"urlTemplate\":\"https:\/\/www.movistar.es\/blog\/?s={search_term_string}\"},\"query-input\":{\"@type\":\"PropertyValueSpecification\",\"valueRequired\":true,\"valueName\":\"search_term_string\"}}],\"inLanguage\":\"es\"},{\"@type\":\"Organization\",\"@id\":\"https:\/\/www.movistar.es\/blog\/#organization\",\"name\":\"Movistar blog\",\"url\":\"https:\/\/www.movistar.es\/blog\/\",\"logo\":{\"@type\":\"ImageObject\",\"inLanguage\":\"es\",\"@id\":\"https:\/\/www.movistar.es\/blog\/#\/schema\/logo\/image\/\",\"url\":\"https:\/\/www.movistar.es\/blog\/wp-content\/uploads\/sites\/3\/2022\/05\/logo_movistar-1.svg\",\"contentUrl\":\"https:\/\/www.movistar.es\/blog\/wp-content\/uploads\/sites\/3\/2022\/05\/logo_movistar-1.svg\",\"width\":369,\"height\":272,\"caption\":\"Movistar blog\"},\"image\":{\"@id\":\"https:\/\/www.movistar.es\/blog\/#\/schema\/logo\/image\/\"}},{\"@type\":\"Person\",\"@id\":\"https:\/\/www.movistar.es\/blog\/#\/schema\/person\/6184006f5def4638e52e2d0ff98bd55a\",\"name\":\"Equipo de Redacci\u00f3n\",\"image\":{\"@type\":\"ImageObject\",\"inLanguage\":\"es\",\"@id\":\"https:\/\/www.movistar.es\/blog\/#\/schema\/person\/image\/8dbf7dc767c23aa5f974d575dda930c5\",\"url\":\"https:\/\/secure.gravatar.com\/avatar\/ce5aadad84c2aeb36c9813c46e41a53b0c9cc1d57205e8cde4bdf0ed790b3c97\",\"contentUrl\":\"https:\/\/secure.gravatar.com\/avatar\/ce5aadad84c2aeb36c9813c46e41a53b0c9cc1d57205e8cde4bdf0ed790b3c97\",\"caption\":\"Equipo de Redacci\u00f3n\"},\"description\":\"Buscamos temas de tu inter\u00e9s. Te contamos c\u00f3mo pueden ayudarte en tu d\u00eda a d\u00eda los productos y servicios de Movistar. No queremos venderte nada. Queremos descubrirte cosas para hacerte la vida m\u00e1s f\u00e1cil.\",\"sameAs\":[\"https:\/\/www.movistar.es\/\",\"movistar.es\/\",\"https:\/\/www.instagram.com\/movistar_es\/?hl=es\",\"https:\/\/x.com\/movistar_es\"],\"knowsAbout\":[\"smartphones\",\"conectividad\",\"hogar digital\",\"ciberseguridad\"],\"url\":\"https:\/\/www.movistar.es\/blog\/author\/contentmovistar\/\"}]}<\/script>\n<!-- \/ Yoast SEO Premium plugin. -->","yoast_head_json":{"title":"Gu\u00eda para sacarse al ex de la cabeza y del coraz\u00f3n","description":"Sacarse al ex de la cabeza, tanto de la cabeza como del coraz\u00f3n, te ser\u00e1 m\u00e1s f\u00e1cil con esta gu\u00eda de Walter Riso","robots":{"index":"index","follow":"follow","max-snippet":"max-snippet:-1","max-image-preview":"max-image-preview:large","max-video-preview":"max-video-preview:-1"},"canonical":"https:\/\/www.movistar.es\/blog\/ebooks-audiolibros\/guia-sacarse-ex-de-la-cabeza\/","og_locale":"es_ES","og_type":"article","og_title":"'Ya te dije adi\u00f3s, ahora c\u00f3mo te olvido: Una gu\u00eda para sacarse al ex de la cabeza y del coraz\u00f3n'","og_description":"Sacarse al ex de la cabeza, tanto de la cabeza como del coraz\u00f3n, te ser\u00e1 m\u00e1s f\u00e1cil con esta gu\u00eda de Walter Riso","og_url":"https:\/\/www.movistar.es\/blog\/ebooks-audiolibros\/guia-sacarse-ex-de-la-cabeza\/","og_site_name":"Movistar blog","article_author":"movistar.es\/","article_published_time":"2022-08-04T08:37:39+00:00","article_modified_time":"2024-01-09T12:07:49+00:00","og_image":[{"width":1040,"height":650,"url":"https:\/\/www.movistar.es\/blog\/wp-content\/uploads\/sites\/3\/2022\/08\/corazon_roto_nextory_1040x650.jpg","type":"image\/jpeg"}],"author":"Equipo de Redacci\u00f3n","twitter_card":"summary_large_image","twitter_creator":"@movistar_es","twitter_misc":{"Written by":"Equipo de Redacci\u00f3n","Est. reading time":"3 minutos"},"schema":{"@context":"https:\/\/schema.org","@graph":[{"@type":"Article","@id":"https:\/\/www.movistar.es\/blog\/ebooks-audiolibros\/guia-sacarse-ex-de-la-cabeza\/#article","isPartOf":{"@id":"https:\/\/www.movistar.es\/blog\/ebooks-audiolibros\/guia-sacarse-ex-de-la-cabeza\/"},"author":{"name":"Equipo de Redacci\u00f3n","@id":"https:\/\/www.movistar.es\/blog\/#\/schema\/person\/6184006f5def4638e52e2d0ff98bd55a"},"headline":"&#8216;Ya te dije adi\u00f3s, ahora c\u00f3mo te olvido: Una gu\u00eda para sacarse al ex de la cabeza y del coraz\u00f3n&#8217;","datePublished":"2022-08-04T08:37:39+00:00","dateModified":"2024-01-09T12:07:49+00:00","mainEntityOfPage":{"@id":"https:\/\/www.movistar.es\/blog\/ebooks-audiolibros\/guia-sacarse-ex-de-la-cabeza\/"},"wordCount":477,"publisher":{"@id":"https:\/\/www.movistar.es\/blog\/#organization"},"image":{"@id":"https:\/\/www.movistar.es\/blog\/ebooks-audiolibros\/guia-sacarse-ex-de-la-cabeza\/#primaryimage"},"thumbnailUrl":"https:\/\/www.movistar.es\/blog\/wp-content\/uploads\/sites\/3\/2022\/08\/corazon_roto_nextory_1040x650.jpg","keywords":["autoayuda"],"inLanguage":"es"},{"@type":"WebPage","@id":"https:\/\/www.movistar.es\/blog\/ebooks-audiolibros\/guia-sacarse-ex-de-la-cabeza\/","url":"https:\/\/www.movistar.es\/blog\/ebooks-audiolibros\/guia-sacarse-ex-de-la-cabeza\/","name":"Gu\u00eda para sacarse al ex de la cabeza y del coraz\u00f3n","isPartOf":{"@id":"https:\/\/www.movistar.es\/blog\/#website"},"primaryImageOfPage":{"@id":"https:\/\/www.movistar.es\/blog\/ebooks-audiolibros\/guia-sacarse-ex-de-la-cabeza\/#primaryimage"},"image":{"@id":"https:\/\/www.movistar.es\/blog\/ebooks-audiolibros\/guia-sacarse-ex-de-la-cabeza\/#primaryimage"},"thumbnailUrl":"https:\/\/www.movistar.es\/blog\/wp-content\/uploads\/sites\/3\/2022\/08\/corazon_roto_nextory_1040x650.jpg","datePublished":"2022-08-04T08:37:39+00:00","dateModified":"2024-01-09T12:07:49+00:00","description":"Sacarse al ex de la cabeza, tanto de la cabeza como del coraz\u00f3n, te ser\u00e1 m\u00e1s f\u00e1cil con esta gu\u00eda de Walter Riso","breadcrumb":{"@id":"https:\/\/www.movistar.es\/blog\/ebooks-audiolibros\/guia-sacarse-ex-de-la-cabeza\/#breadcrumb"},"inLanguage":"es","potentialAction":[{"@type":"ReadAction","target":["https:\/\/www.movistar.es\/blog\/ebooks-audiolibros\/guia-sacarse-ex-de-la-cabeza\/"]}]},{"@type":"ImageObject","inLanguage":"es","@id":"https:\/\/www.movistar.es\/blog\/ebooks-audiolibros\/guia-sacarse-ex-de-la-cabeza\/#primaryimage","url":"https:\/\/www.movistar.es\/blog\/wp-content\/uploads\/sites\/3\/2022\/08\/corazon_roto_nextory_1040x650.jpg","contentUrl":"https:\/\/www.movistar.es\/blog\/wp-content\/uploads\/sites\/3\/2022\/08\/corazon_roto_nextory_1040x650.jpg","width":1040,"height":650,"caption":"corazon roto ruptura amor"},{"@type":"BreadcrumbList","@id":"https:\/\/www.movistar.es\/blog\/ebooks-audiolibros\/guia-sacarse-ex-de-la-cabeza\/#breadcrumb","itemListElement":[{"@type":"ListItem","position":1,"name":"Home","item":"https:\/\/www.movistar.es\/blog\/"},{"@type":"ListItem","position":2,"name":"&#8216;Ya te dije adi\u00f3s, ahora c\u00f3mo te olvido: Una gu\u00eda para sacarse al ex de la cabeza y del coraz\u00f3n&#8217;"}]},{"@type":"WebSite","@id":"https:\/\/www.movistar.es\/blog\/#website","url":"https:\/\/www.movistar.es\/blog\/","name":"Movistar blog","description":"Movistar Blog. Informaci\u00f3n y m\u00e1s sobre los productos y servicios de Movistar","publisher":{"@id":"https:\/\/www.movistar.es\/blog\/#organization"},"potentialAction":[{"@type":"SearchAction","target":{"@type":"EntryPoint","urlTemplate":"https:\/\/www.movistar.es\/blog\/?s={search_term_string}"},"query-input":{"@type":"PropertyValueSpecification","valueRequired":true,"valueName":"search_term_string"}}],"inLanguage":"es"},{"@type":"Organization","@id":"https:\/\/www.movistar.es\/blog\/#organization","name":"Movistar blog","url":"https:\/\/www.movistar.es\/blog\/","logo":{"@type":"ImageObject","inLanguage":"es","@id":"https:\/\/www.movistar.es\/blog\/#\/schema\/logo\/image\/","url":"https:\/\/www.movistar.es\/blog\/wp-content\/uploads\/sites\/3\/2022\/05\/logo_movistar-1.svg","contentUrl":"https:\/\/www.movistar.es\/blog\/wp-content\/uploads\/sites\/3\/2022\/05\/logo_movistar-1.svg","width":369,"height":272,"caption":"Movistar blog"},"image":{"@id":"https:\/\/www.movistar.es\/blog\/#\/schema\/logo\/image\/"}},{"@type":"Person","@id":"https:\/\/www.movistar.es\/blog\/#\/schema\/person\/6184006f5def4638e52e2d0ff98bd55a","name":"Equipo de Redacci\u00f3n","image":{"@type":"ImageObject","inLanguage":"es","@id":"https:\/\/www.movistar.es\/blog\/#\/schema\/person\/image\/8dbf7dc767c23aa5f974d575dda930c5","url":"https:\/\/secure.gravatar.com\/avatar\/ce5aadad84c2aeb36c9813c46e41a53b0c9cc1d57205e8cde4bdf0ed790b3c97","contentUrl":"https:\/\/secure.gravatar.com\/avatar\/ce5aadad84c2aeb36c9813c46e41a53b0c9cc1d57205e8cde4bdf0ed790b3c97","caption":"Equipo de Redacci\u00f3n"},"description":"Buscamos temas de tu inter\u00e9s. Te contamos c\u00f3mo pueden ayudarte en tu d\u00eda a d\u00eda los productos y servicios de Movistar. No queremos venderte nada. Queremos descubrirte cosas para hacerte la vida m\u00e1s f\u00e1cil.","sameAs":["https:\/\/www.movistar.es\/","movistar.es\/","https:\/\/www.instagram.com\/movistar_es\/?hl=es","https:\/\/x.com\/movistar_es"],"knowsAbout":["smartphones","conectividad","hogar digital","ciberseguridad"],"url":"https:\/\/www.movistar.es\/blog\/author\/contentmovistar\/"}]}},"jetpack_featured_media_url":"https:\/\/www.movistar.es\/blog\/wp-content\/uploads\/sites\/3\/2022\/08\/corazon_roto_nextory_1040x650.jpg","jetpack_sharing_enabled":true,"_links":{"self":[{"href":"https:\/\/www.movistar.es\/blog\/wp-json\/wp\/v2\/posts\/5775","targetHints":{"allow":["GET"]}}],"collection":[{"href":"https:\/\/www.movistar.es\/blog\/wp-json\/wp\/v2\/posts"}],"about":[{"href":"https:\/\/www.movistar.es\/blog\/wp-json\/wp\/v2\/types\/post"}],"author":[{"embeddable":true,"href":"https:\/\/www.movistar.es\/blog\/wp-json\/wp\/v2\/users\/93"}],"replies":[{"embeddable":true,"href":"https:\/\/www.movistar.es\/blog\/wp-json\/wp\/v2\/comments?post=5775"}],"version-history":[{"count":22,"href":"https:\/\/www.movistar.es\/blog\/wp-json\/wp\/v2\/posts\/5775\/revisions"}],"predecessor-version":[{"id":22293,"href":"https:\/\/www.movistar.es\/blog\/wp-json\/wp\/v2\/posts\/5775\/revisions\/22293"}],"wp:featuredmedia":[{"embeddable":true,"href":"https:\/\/www.movistar.es\/blog\/wp-json\/wp\/v2\/media\/5777"}],"wp:attachment":[{"href":"https:\/\/www.movistar.es\/blog\/wp-json\/wp\/v2\/media?parent=5775"}],"wp:term":[{"taxonomy":"category","embeddable":true,"href":"https:\/\/www.movistar.es\/blog\/wp-json\/wp\/v2\/categories?post=5775"},{"taxonomy":"post_tag","embeddable":true,"href":"https:\/\/www.movistar.es\/blog\/wp-json\/wp\/v2\/tags?post=5775"},{"taxonomy":"area","embeddable":true,"href":"https:\/\/www.movistar.es\/blog\/wp-json\/wp\/v2\/area?post=5775"},{"taxonomy":"cluster","embeddable":true,"href":"https:\/\/www.movistar.es\/blog\/wp-json\/wp\/v2\/cluster?post=5775"},{"taxonomy":"linea_editorial","embeddable":true,"href":"https:\/\/www.movistar.es\/blog\/wp-json\/wp\/v2\/linea_editorial?post=5775"},{"taxonomy":"author","embeddable":true,"href":"https:\/\/www.movistar.es\/blog\/wp-json\/wp\/v2\/coauthors?post=5775"}],"curies":[{"name":"wp","href":"https:\/\/api.w.org\/{rel}","templated":true}]}}