{"id":5523,"date":"2022-07-28T13:21:22","date_gmt":"2022-07-28T11:21:22","guid":{"rendered":"https:\/\/www.movistar.es\/blog\/?p=5523"},"modified":"2022-07-29T12:44:10","modified_gmt":"2022-07-29T10:44:10","slug":"como-actuar-ante-quemadura-solar","status":"publish","type":"post","link":"https:\/\/www.movistar.es\/blog\/salud\/como-actuar-ante-quemadura-solar\/","title":{"rendered":"C\u00f3mo actuar ante una quemadura solar"},"content":{"rendered":"\n<p>El <a href=\"https:\/\/www.movistar.es\/blog\/salud\/alimentarse-bien-en-verano\/\" target=\"_blank\" rel=\"noreferrer noopener\">verano<\/a> es tiempo de playa, piscina y sol, mucho sol. Sin embargo, una exposici\u00f3n prolongada al astro rey puede llegar a causar <a href=\"https:\/\/www.movistar.es\/blog\/salud\/manchas-blancas-piel-tipos-sintomas-tratamiento\/\" target=\"_blank\" rel=\"noreferrer noopener\">varios problemas<\/a>, siendo las quemaduras el m\u00e1s frecuente de todos ellos.&nbsp;<\/p>\n\n\n\n<p>Por supuesto, es importante prevenirlas pero, en caso de que ya sea demasiado tarde, vamos a explicar qu\u00e9 tienes que hacer y qu\u00e9 no para poder actuar de forma eficaz frente a ellas.<\/p>\n\n\n\n<h2 class=\"wp-block-heading\" class=\"wp-block-heading\" id=\"que-es-una-quemadura-solar-y-como-saber-si-es-grave\"><strong>\u00bfQu\u00e9 es una quemadura solar y c\u00f3mo saber si es grave?<\/strong><\/h2>\n\n\n\n<p>La quemadura solar es una reacci\u00f3n aguda provocada por la <a href=\"https:\/\/www.cdc.gov\/spanish\/nceh\/especiales\/radiacionuv\/index.html\" target=\"_blank\" rel=\"noreferrer noopener\">radiaci\u00f3n ultravioleta (UV)<\/a> de los rayos solares que inciden en la piel. La radiaci\u00f3n UV se divide en tres bandas (C, B, A) diferentes en funci\u00f3n de su longitud de onda, siendo la radiaci\u00f3n UVB la responsable de las quemaduras solares.&nbsp;<\/p>\n\n\n\n<p>Seg\u00fan la intensidad de la quemadura solar, se pueden clasificar en quemaduras de primer grado, las cuales se manifiestan con enrojecimiento, edema y dolor en la piel, y en quemaduras de segundo grado, en las que se forman ves\u00edculas y ampollas.<\/p>\n\n\n\n<figure class=\"wp-block-image size-large\"><img loading=\"lazy\" decoding=\"async\" height=\"682\" width=\"1024\" src=\"https:\/\/www.movistar.es\/blog\/wp-content\/uploads\/sites\/3\/2022\/07\/Depositphotos_1180224_L.jpg?w=1024\" alt=\"\" class=\"wp-image-5548\" srcset=\"https:\/\/www.movistar.es\/blog\/wp-content\/uploads\/sites\/3\/2022\/07\/Depositphotos_1180224_L.jpg 2000w, https:\/\/www.movistar.es\/blog\/wp-content\/uploads\/sites\/3\/2022\/07\/Depositphotos_1180224_L.jpg?resize=300,200 300w, https:\/\/www.movistar.es\/blog\/wp-content\/uploads\/sites\/3\/2022\/07\/Depositphotos_1180224_L.jpg?resize=768,512 768w, https:\/\/www.movistar.es\/blog\/wp-content\/uploads\/sites\/3\/2022\/07\/Depositphotos_1180224_L.jpg?resize=1024,682 1024w, https:\/\/www.movistar.es\/blog\/wp-content\/uploads\/sites\/3\/2022\/07\/Depositphotos_1180224_L.jpg?resize=1536,1024 1536w\" sizes=\"auto, (max-width: 1024px) 100vw, 1024px\" \/><figcaption><em>Foto de <a href=\"https:\/\/sp.depositphotos.com\/portfolio-1000673.html\" target=\"_blank\" rel=\"noreferrer noopener\">Lenorlux<\/a><\/em><\/figcaption><\/figure>\n\n\n\n<p>Los signos de quemadura solar aparecen entre tres y cinco horas despu\u00e9s de la exposici\u00f3n solar, siendo m\u00e1ximos a las 12-24 horas y disminuyendo progresivamente a partir de las 72 horas.&nbsp;<\/p>\n\n\n\n<p>Tambi\u00e9n es importante que seamos capaces de identificar en qu\u00e9 situaciones la quemadura puede resultar grave. Algunas de las se\u00f1ales a las que debemos estar atentos son la presencia de fiebre de m\u00e1s de 38\u00baC, la ausencia de mejor\u00eda pasadas 48-72 horas o dolor severo en la piel.<\/p>\n\n\n\n<p>Otras de las se\u00f1ales de gravedad son las quemaduras de segundo grado con formaci\u00f3n de ampollas o erosiones en zonas extensas, s\u00edntomas extracut\u00e1neos (mareos, dolor de cabeza, confusi\u00f3n, etc\u2026) o signos de sobreinfecci\u00f3n de las lesiones como inflamaciones o secreciones purulentas.<\/p>\n\n\n\n<h2 class=\"wp-block-heading\" id=\"h-que-hacer-y-que-no-ante-una-quemadura-solar\">Qu\u00e9 hacer y qu\u00e9 no ante una quemadura solar<\/h2>\n\n\n\n<p>En caso de que nuestra quemadura no presente s\u00edntomas de gravedad, podremos llevar a cabo una serie de acciones para tratarla. Algunas de ellas son las siguientes:&nbsp;<\/p>\n\n\n\n<ul class=\"wp-block-list\"><li>Ba\u00f1os frecuentes con agua fr\u00eda-templada o aplicaci\u00f3n de trapos o compresas h\u00famedas sobre la piel afectada.&nbsp;<\/li><li>Aplicar una crema, loci\u00f3n o gel hidratante varias veces al d\u00eda para ayudar a restaurar la barrera cut\u00e1nea. Puede ser \u00fatil el uso de cremas que contengan aloe vera, pero no se recomienda la aplicaci\u00f3n directa de la planta sobre la piel para evitar el contacto con posibles agentes pat\u00f3genos que puedan causar sobreinfecci\u00f3n de las lesiones.&nbsp;<\/li><li>Mantener una <a href=\"https:\/\/institutoaguaysalud.es\/guia-hidratacion-saludable\/\" target=\"_blank\" rel=\"noreferrer noopener\">hidrataci\u00f3n correcta<\/a> (beber abundante agua).&nbsp;<\/li><li>Si existe dolor importante, se pueden utilizar antiinflamatorios orales (como por ejemplo ibuprofeno) durante 24-72 horas, en ausencia de alergias ni contraindicaciones.&nbsp;&nbsp;<\/li><\/ul>\n\n\n\n<figure class=\"wp-block-image size-large\"><img loading=\"lazy\" decoding=\"async\" height=\"683\" width=\"1024\" src=\"https:\/\/www.movistar.es\/blog\/wp-content\/uploads\/sites\/3\/2022\/07\/Depositphotos_48341939_L.jpg?w=1024\" alt=\"\" class=\"wp-image-5549\" srcset=\"https:\/\/www.movistar.es\/blog\/wp-content\/uploads\/sites\/3\/2022\/07\/Depositphotos_48341939_L.jpg 1999w, https:\/\/www.movistar.es\/blog\/wp-content\/uploads\/sites\/3\/2022\/07\/Depositphotos_48341939_L.jpg?resize=300,200 300w, https:\/\/www.movistar.es\/blog\/wp-content\/uploads\/sites\/3\/2022\/07\/Depositphotos_48341939_L.jpg?resize=768,512 768w, https:\/\/www.movistar.es\/blog\/wp-content\/uploads\/sites\/3\/2022\/07\/Depositphotos_48341939_L.jpg?resize=1024,683 1024w, https:\/\/www.movistar.es\/blog\/wp-content\/uploads\/sites\/3\/2022\/07\/Depositphotos_48341939_L.jpg?resize=1536,1024 1536w\" sizes=\"auto, (max-width: 1024px) 100vw, 1024px\" \/><figcaption><em>Foto de <a href=\"https:\/\/sp.depositphotos.com\/portfolio-1518767.html\" target=\"_blank\" rel=\"noreferrer noopener\">Wavebreakmedia<\/a><\/em><\/figcaption><\/figure>\n\n\n\n<p>As\u00ed como estas medidas pueden ayudarnos a combatir nuestra quemadura solar, tambi\u00e9n existen otras que pueden llegar a empeorar la situaci\u00f3n y que no recomendamos hacer bajo ning\u00fan concepto:<\/p>\n\n\n\n<ul class=\"wp-block-list\"><li>Exponerse al sol directo hasta la resoluci\u00f3n del cuadro.&nbsp;<\/li><li>Aplicar \u201cremedios caseros\u201d que carecen de evidencia cient\u00edfica, como leche, vinagre, yogur, pasta de dientes, espuma de afeitar, etc.&nbsp;&nbsp;<\/li><\/ul>\n\n\n\n<ul class=\"wp-block-list\"><li>Aplicar productos anest\u00e9sicos y antiinflamatorios t\u00f3picos, ya que pueden producir dermatitis de contacto.&nbsp;<\/li><li>Utilizar sales de ba\u00f1o y exfoliantes.&nbsp;<\/li><li>Rascar o manipular la zona de piel afectada, aunque haya picor, as\u00ed como arrancar las ampollas o fragmentos de piel que se puedan desprender.&nbsp;<\/li><li>Usar colonias y perfumes en las zonas de piel quemada hasta la resoluci\u00f3n del cuadro.&nbsp;<\/li><\/ul>\n\n\n\n<p>Como hemos mencionado anteriormente, estas recomendaciones solo son v\u00e1lidas en caso de quemaduras leves. Si, por el contrario, la quemadura presenta s\u00edntomas graves, la mejor opci\u00f3n es acudir lo antes posible a tu especialista m\u00e1s cercano.<\/p>\n\n\n\n<p>En este caso, siempre es preferible contar con un <a href=\"https:\/\/www.movistar.es\/particulares\/telemedicina-medico-online?pid=blogmovistar_salud_5523\" target=\"_blank\" rel=\"noreferrer noopener\">servicio online de atenci\u00f3n m\u00e9dica disponible las 24 horas del d\u00eda, como el que ofrece Movistar Salud<\/a>. Si quieres probarlo, recuerda que tu primer mes ser\u00e1 absolutamente gratis. Cuidar de tu salud no tiene por qu\u00e9 ser dif\u00edcil.<\/p>\n\n\n\n<p><em>Foto destacada por <a href=\"https:\/\/sp.depositphotos.com\/portfolio-1009926.html\" target=\"_blank\" rel=\"noreferrer noopener\">Markomarcello&nbsp;<\/a><\/em><\/p>\n","protected":false},"excerpt":{"rendered":"<p>El verano es tiempo de playa, piscina y sol, mucho sol. Sin embargo, una exposici\u00f3n prolongada al astro rey puede llegar a causar varios problemas, siendo las quemaduras el m\u00e1s frecuente de todos ellos.&nbsp; Por [&hellip;]<\/p>\n","protected":false},"author":94,"featured_media":5546,"comment_status":"closed","ping_status":"closed","sticky":false,"template":"","format":"standard","meta":{"site-sidebar-layout":"default","site-content-layout":"","ast-site-content-layout":"","site-content-style":"default","site-sidebar-style":"default","ast-global-header-display":"","ast-banner-title-visibility":"","ast-main-header-display":"","ast-hfb-above-header-display":"","ast-hfb-below-header-display":"","ast-hfb-mobile-header-display":"","site-post-title":"","ast-breadcrumbs-content":"","ast-featured-img":"","footer-sml-layout":"","theme-transparent-header-meta":"","adv-header-id-meta":"","stick-header-meta":"","header-above-stick-meta":"","header-main-stick-meta":"","header-below-stick-meta":"","astra-migrate-meta-layouts":"default","ast-page-background-enabled":"default","ast-page-background-meta":{"desktop":{"background-color":"var(--ast-global-color-4)","background-image":"","background-repeat":"repeat","background-position":"center center","background-size":"auto","background-attachment":"scroll","background-type":"","background-media":"","overlay-type":"","overlay-color":"","overlay-opacity":"","overlay-gradient":""},"tablet":{"background-color":"","background-image":"","background-repeat":"repeat","background-position":"center center","background-size":"auto","background-attachment":"scroll","background-type":"","background-media":"","overlay-type":"","overlay-color":"","overlay-opacity":"","overlay-gradient":""},"mobile":{"background-color":"","background-image":"","background-repeat":"repeat","background-position":"center center","background-size":"auto","background-attachment":"scroll","background-type":"","background-media":"","overlay-type":"","overlay-color":"","overlay-opacity":"","overlay-gradient":""}},"ast-content-background-meta":{"desktop":{"background-color":"var(--ast-global-color-5)","background-image":"","background-repeat":"repeat","background-position":"center center","background-size":"auto","background-attachment":"scroll","background-type":"","background-media":"","overlay-type":"","overlay-color":"","overlay-opacity":"","overlay-gradient":""},"tablet":{"background-color":"var(--ast-global-color-5)","background-image":"","background-repeat":"repeat","background-position":"center center","background-size":"auto","background-attachment":"scroll","background-type":"","background-media":"","overlay-type":"","overlay-color":"","overlay-opacity":"","overlay-gradient":""},"mobile":{"background-color":"var(--ast-global-color-5)","background-image":"","background-repeat":"repeat","background-position":"center center","background-size":"auto","background-attachment":"scroll","background-type":"","background-media":"","overlay-type":"","overlay-color":"","overlay-opacity":"","overlay-gradient":""}},"_jetpack_memberships_contains_paid_content":false,"footnotes":""},"categories":[1],"tags":[497],"area":[427],"cluster":[99],"linea_editorial":[],"coauthors":[468],"class_list":["post-5523","post","type-post","status-publish","format-standard","has-post-thumbnail","hentry","category-sin-categoria","tag-quemadura-solar","area-gametv","cluster-salud"],"yoast_head":"<!-- This site is optimized with the Yoast SEO Premium plugin v25.5 (Yoast SEO v25.5) - https:\/\/yoast.com\/wordpress\/plugins\/seo\/ -->\n<title>C\u00f3mo actuar ante a una quemadura solar<\/title>\n<meta name=\"description\" content=\"El sol veraniego puede favorecer la aparici\u00f3n de ciertos problemas como la quemadura solar. Hoy te contamos c\u00f3mo actuar frente a ella.\" \/>\n<meta name=\"robots\" content=\"index, follow, max-snippet:-1, max-image-preview:large, max-video-preview:-1\" \/>\n<link rel=\"canonical\" href=\"https:\/\/www.movistar.es\/blog\/salud\/como-actuar-ante-quemadura-solar\/\" \/>\n<meta property=\"og:locale\" content=\"es_ES\" \/>\n<meta property=\"og:type\" content=\"article\" \/>\n<meta property=\"og:title\" content=\"C\u00f3mo actuar ante una quemadura solar\" \/>\n<meta property=\"og:description\" content=\"El sol veraniego puede favorecer la aparici\u00f3n de ciertos problemas como la quemadura solar. Hoy te contamos c\u00f3mo actuar frente a ella.\" \/>\n<meta property=\"og:url\" content=\"https:\/\/www.movistar.es\/blog\/salud\/como-actuar-ante-quemadura-solar\/\" \/>\n<meta property=\"og:site_name\" content=\"Movistar blog\" \/>\n<meta property=\"article:author\" content=\"natalia.morenoribera\" \/>\n<meta property=\"article:published_time\" content=\"2022-07-28T11:21:22+00:00\" \/>\n<meta property=\"article:modified_time\" content=\"2022-07-29T10:44:10+00:00\" \/>\n<meta property=\"og:image\" content=\"https:\/\/www.movistar.es\/blog\/wp-content\/uploads\/sites\/3\/2022\/07\/Depositphotos_49951765_L.jpg\" \/>\n\t<meta property=\"og:image:width\" content=\"2000\" \/>\n\t<meta property=\"og:image:height\" content=\"1333\" \/>\n\t<meta property=\"og:image:type\" content=\"image\/jpeg\" \/>\n<meta name=\"author\" content=\"Dra. Natalia Moreno\" \/>\n<meta name=\"twitter:card\" content=\"summary_large_image\" \/>\n<meta name=\"twitter:label1\" content=\"Written by\" \/>\n\t<meta name=\"twitter:data1\" content=\"Dra. Natalia Moreno\" \/>\n\t<meta name=\"twitter:label2\" content=\"Est. reading time\" \/>\n\t<meta name=\"twitter:data2\" content=\"4 minutos\" \/>\n<script type=\"application\/ld+json\" class=\"yoast-schema-graph\">{\"@context\":\"https:\/\/schema.org\",\"@graph\":[{\"@type\":\"Article\",\"@id\":\"https:\/\/www.movistar.es\/blog\/salud\/como-actuar-ante-quemadura-solar\/#article\",\"isPartOf\":{\"@id\":\"https:\/\/www.movistar.es\/blog\/salud\/como-actuar-ante-quemadura-solar\/\"},\"author\":{\"name\":\"Dra. Natalia Moreno\",\"@id\":\"https:\/\/www.movistar.es\/blog\/#\/schema\/person\/0e4bcdf81b4c29af37783516d7633729\"},\"headline\":\"C\u00f3mo actuar ante una quemadura solar\",\"datePublished\":\"2022-07-28T11:21:22+00:00\",\"dateModified\":\"2022-07-29T10:44:10+00:00\",\"mainEntityOfPage\":{\"@id\":\"https:\/\/www.movistar.es\/blog\/salud\/como-actuar-ante-quemadura-solar\/\"},\"wordCount\":710,\"publisher\":{\"@id\":\"https:\/\/www.movistar.es\/blog\/#organization\"},\"image\":{\"@id\":\"https:\/\/www.movistar.es\/blog\/salud\/como-actuar-ante-quemadura-solar\/#primaryimage\"},\"thumbnailUrl\":\"https:\/\/www.movistar.es\/blog\/wp-content\/uploads\/sites\/3\/2022\/07\/Depositphotos_49951765_L.jpg\",\"keywords\":[\"quemadura solar\"],\"inLanguage\":\"es\"},{\"@type\":\"WebPage\",\"@id\":\"https:\/\/www.movistar.es\/blog\/salud\/como-actuar-ante-quemadura-solar\/\",\"url\":\"https:\/\/www.movistar.es\/blog\/salud\/como-actuar-ante-quemadura-solar\/\",\"name\":\"C\u00f3mo actuar ante a una quemadura solar\",\"isPartOf\":{\"@id\":\"https:\/\/www.movistar.es\/blog\/#website\"},\"primaryImageOfPage\":{\"@id\":\"https:\/\/www.movistar.es\/blog\/salud\/como-actuar-ante-quemadura-solar\/#primaryimage\"},\"image\":{\"@id\":\"https:\/\/www.movistar.es\/blog\/salud\/como-actuar-ante-quemadura-solar\/#primaryimage\"},\"thumbnailUrl\":\"https:\/\/www.movistar.es\/blog\/wp-content\/uploads\/sites\/3\/2022\/07\/Depositphotos_49951765_L.jpg\",\"datePublished\":\"2022-07-28T11:21:22+00:00\",\"dateModified\":\"2022-07-29T10:44:10+00:00\",\"description\":\"El sol veraniego puede favorecer la aparici\u00f3n de ciertos problemas como la quemadura solar. Hoy te contamos c\u00f3mo actuar frente a ella.\",\"breadcrumb\":{\"@id\":\"https:\/\/www.movistar.es\/blog\/salud\/como-actuar-ante-quemadura-solar\/#breadcrumb\"},\"inLanguage\":\"es\",\"potentialAction\":[{\"@type\":\"ReadAction\",\"target\":[\"https:\/\/www.movistar.es\/blog\/salud\/como-actuar-ante-quemadura-solar\/\"]}]},{\"@type\":\"ImageObject\",\"inLanguage\":\"es\",\"@id\":\"https:\/\/www.movistar.es\/blog\/salud\/como-actuar-ante-quemadura-solar\/#primaryimage\",\"url\":\"https:\/\/www.movistar.es\/blog\/wp-content\/uploads\/sites\/3\/2022\/07\/Depositphotos_49951765_L.jpg\",\"contentUrl\":\"https:\/\/www.movistar.es\/blog\/wp-content\/uploads\/sites\/3\/2022\/07\/Depositphotos_49951765_L.jpg\",\"width\":2000,\"height\":1333},{\"@type\":\"BreadcrumbList\",\"@id\":\"https:\/\/www.movistar.es\/blog\/salud\/como-actuar-ante-quemadura-solar\/#breadcrumb\",\"itemListElement\":[{\"@type\":\"ListItem\",\"position\":1,\"name\":\"Home\",\"item\":\"https:\/\/www.movistar.es\/blog\/\"},{\"@type\":\"ListItem\",\"position\":2,\"name\":\"C\u00f3mo actuar ante una quemadura solar\"}]},{\"@type\":\"WebSite\",\"@id\":\"https:\/\/www.movistar.es\/blog\/#website\",\"url\":\"https:\/\/www.movistar.es\/blog\/\",\"name\":\"Movistar blog\",\"description\":\"Movistar Blog. Informaci\u00f3n y m\u00e1s sobre los productos y servicios de Movistar\",\"publisher\":{\"@id\":\"https:\/\/www.movistar.es\/blog\/#organization\"},\"potentialAction\":[{\"@type\":\"SearchAction\",\"target\":{\"@type\":\"EntryPoint\",\"urlTemplate\":\"https:\/\/www.movistar.es\/blog\/?s={search_term_string}\"},\"query-input\":{\"@type\":\"PropertyValueSpecification\",\"valueRequired\":true,\"valueName\":\"search_term_string\"}}],\"inLanguage\":\"es\"},{\"@type\":\"Organization\",\"@id\":\"https:\/\/www.movistar.es\/blog\/#organization\",\"name\":\"Movistar blog\",\"url\":\"https:\/\/www.movistar.es\/blog\/\",\"logo\":{\"@type\":\"ImageObject\",\"inLanguage\":\"es\",\"@id\":\"https:\/\/www.movistar.es\/blog\/#\/schema\/logo\/image\/\",\"url\":\"https:\/\/www.movistar.es\/blog\/wp-content\/uploads\/sites\/3\/2022\/05\/logo_movistar-1.svg\",\"contentUrl\":\"https:\/\/www.movistar.es\/blog\/wp-content\/uploads\/sites\/3\/2022\/05\/logo_movistar-1.svg\",\"width\":369,\"height\":272,\"caption\":\"Movistar blog\"},\"image\":{\"@id\":\"https:\/\/www.movistar.es\/blog\/#\/schema\/logo\/image\/\"}},{\"@type\":\"Person\",\"@id\":\"https:\/\/www.movistar.es\/blog\/#\/schema\/person\/0e4bcdf81b4c29af37783516d7633729\",\"name\":\"Dra. Natalia Moreno\",\"image\":{\"@type\":\"ImageObject\",\"inLanguage\":\"es\",\"@id\":\"https:\/\/www.movistar.es\/blog\/#\/schema\/person\/image\/d3aa118a20a57b97c2b5a687e640e2ec\",\"url\":\"https:\/\/secure.gravatar.com\/avatar\/3d0863f157ddd49ce666a8ca20b1387c648b0922b75bf7fde19bcc8338894292\",\"contentUrl\":\"https:\/\/secure.gravatar.com\/avatar\/3d0863f157ddd49ce666a8ca20b1387c648b0922b75bf7fde19bcc8338894292\",\"caption\":\"Dra. Natalia Moreno\"},\"description\":\"La doctora Natalia Moreno Ribera (colegiado 48.127) es licenciada en Medicina y Cirug\u00eda por la Universitat Aut\u00f3noma de Barcelona con premio extraordinario de final de carrera. Especialista en Dermatolog\u00eda y Venereolog\u00eda por el Hospital Cl\u00ednic de Barcelona. Dermat\u00f3loga adjunta en el servicio de Dermatolog\u00eda del Consorci Sanitari del Maresme y HM Hospitales. Miembro de la Academia Espa\u00f1ola de Dermatolog\u00eda y Venereolog\u00eda.\",\"sameAs\":[\"https:\/\/www.hmsantjordi.com\/es\/cv-medico.php?id=244\",\"natalia.morenoribera\"],\"url\":\"https:\/\/www.movistar.es\/blog\/author\/dranataliamoreno\/\"}]}<\/script>\n<!-- \/ Yoast SEO Premium plugin. -->","yoast_head_json":{"title":"C\u00f3mo actuar ante a una quemadura solar","description":"El sol veraniego puede favorecer la aparici\u00f3n de ciertos problemas como la quemadura solar. Hoy te contamos c\u00f3mo actuar frente a ella.","robots":{"index":"index","follow":"follow","max-snippet":"max-snippet:-1","max-image-preview":"max-image-preview:large","max-video-preview":"max-video-preview:-1"},"canonical":"https:\/\/www.movistar.es\/blog\/salud\/como-actuar-ante-quemadura-solar\/","og_locale":"es_ES","og_type":"article","og_title":"C\u00f3mo actuar ante una quemadura solar","og_description":"El sol veraniego puede favorecer la aparici\u00f3n de ciertos problemas como la quemadura solar. Hoy te contamos c\u00f3mo actuar frente a ella.","og_url":"https:\/\/www.movistar.es\/blog\/salud\/como-actuar-ante-quemadura-solar\/","og_site_name":"Movistar blog","article_author":"natalia.morenoribera","article_published_time":"2022-07-28T11:21:22+00:00","article_modified_time":"2022-07-29T10:44:10+00:00","og_image":[{"width":2000,"height":1333,"url":"https:\/\/www.movistar.es\/blog\/wp-content\/uploads\/sites\/3\/2022\/07\/Depositphotos_49951765_L.jpg","type":"image\/jpeg"}],"author":"Dra. Natalia Moreno","twitter_card":"summary_large_image","twitter_misc":{"Written by":"Dra. Natalia Moreno","Est. reading time":"4 minutos"},"schema":{"@context":"https:\/\/schema.org","@graph":[{"@type":"Article","@id":"https:\/\/www.movistar.es\/blog\/salud\/como-actuar-ante-quemadura-solar\/#article","isPartOf":{"@id":"https:\/\/www.movistar.es\/blog\/salud\/como-actuar-ante-quemadura-solar\/"},"author":{"name":"Dra. Natalia Moreno","@id":"https:\/\/www.movistar.es\/blog\/#\/schema\/person\/0e4bcdf81b4c29af37783516d7633729"},"headline":"C\u00f3mo actuar ante una quemadura solar","datePublished":"2022-07-28T11:21:22+00:00","dateModified":"2022-07-29T10:44:10+00:00","mainEntityOfPage":{"@id":"https:\/\/www.movistar.es\/blog\/salud\/como-actuar-ante-quemadura-solar\/"},"wordCount":710,"publisher":{"@id":"https:\/\/www.movistar.es\/blog\/#organization"},"image":{"@id":"https:\/\/www.movistar.es\/blog\/salud\/como-actuar-ante-quemadura-solar\/#primaryimage"},"thumbnailUrl":"https:\/\/www.movistar.es\/blog\/wp-content\/uploads\/sites\/3\/2022\/07\/Depositphotos_49951765_L.jpg","keywords":["quemadura solar"],"inLanguage":"es"},{"@type":"WebPage","@id":"https:\/\/www.movistar.es\/blog\/salud\/como-actuar-ante-quemadura-solar\/","url":"https:\/\/www.movistar.es\/blog\/salud\/como-actuar-ante-quemadura-solar\/","name":"C\u00f3mo actuar ante a una quemadura solar","isPartOf":{"@id":"https:\/\/www.movistar.es\/blog\/#website"},"primaryImageOfPage":{"@id":"https:\/\/www.movistar.es\/blog\/salud\/como-actuar-ante-quemadura-solar\/#primaryimage"},"image":{"@id":"https:\/\/www.movistar.es\/blog\/salud\/como-actuar-ante-quemadura-solar\/#primaryimage"},"thumbnailUrl":"https:\/\/www.movistar.es\/blog\/wp-content\/uploads\/sites\/3\/2022\/07\/Depositphotos_49951765_L.jpg","datePublished":"2022-07-28T11:21:22+00:00","dateModified":"2022-07-29T10:44:10+00:00","description":"El sol veraniego puede favorecer la aparici\u00f3n de ciertos problemas como la quemadura solar. Hoy te contamos c\u00f3mo actuar frente a ella.","breadcrumb":{"@id":"https:\/\/www.movistar.es\/blog\/salud\/como-actuar-ante-quemadura-solar\/#breadcrumb"},"inLanguage":"es","potentialAction":[{"@type":"ReadAction","target":["https:\/\/www.movistar.es\/blog\/salud\/como-actuar-ante-quemadura-solar\/"]}]},{"@type":"ImageObject","inLanguage":"es","@id":"https:\/\/www.movistar.es\/blog\/salud\/como-actuar-ante-quemadura-solar\/#primaryimage","url":"https:\/\/www.movistar.es\/blog\/wp-content\/uploads\/sites\/3\/2022\/07\/Depositphotos_49951765_L.jpg","contentUrl":"https:\/\/www.movistar.es\/blog\/wp-content\/uploads\/sites\/3\/2022\/07\/Depositphotos_49951765_L.jpg","width":2000,"height":1333},{"@type":"BreadcrumbList","@id":"https:\/\/www.movistar.es\/blog\/salud\/como-actuar-ante-quemadura-solar\/#breadcrumb","itemListElement":[{"@type":"ListItem","position":1,"name":"Home","item":"https:\/\/www.movistar.es\/blog\/"},{"@type":"ListItem","position":2,"name":"C\u00f3mo actuar ante una quemadura solar"}]},{"@type":"WebSite","@id":"https:\/\/www.movistar.es\/blog\/#website","url":"https:\/\/www.movistar.es\/blog\/","name":"Movistar blog","description":"Movistar Blog. Informaci\u00f3n y m\u00e1s sobre los productos y servicios de Movistar","publisher":{"@id":"https:\/\/www.movistar.es\/blog\/#organization"},"potentialAction":[{"@type":"SearchAction","target":{"@type":"EntryPoint","urlTemplate":"https:\/\/www.movistar.es\/blog\/?s={search_term_string}"},"query-input":{"@type":"PropertyValueSpecification","valueRequired":true,"valueName":"search_term_string"}}],"inLanguage":"es"},{"@type":"Organization","@id":"https:\/\/www.movistar.es\/blog\/#organization","name":"Movistar blog","url":"https:\/\/www.movistar.es\/blog\/","logo":{"@type":"ImageObject","inLanguage":"es","@id":"https:\/\/www.movistar.es\/blog\/#\/schema\/logo\/image\/","url":"https:\/\/www.movistar.es\/blog\/wp-content\/uploads\/sites\/3\/2022\/05\/logo_movistar-1.svg","contentUrl":"https:\/\/www.movistar.es\/blog\/wp-content\/uploads\/sites\/3\/2022\/05\/logo_movistar-1.svg","width":369,"height":272,"caption":"Movistar blog"},"image":{"@id":"https:\/\/www.movistar.es\/blog\/#\/schema\/logo\/image\/"}},{"@type":"Person","@id":"https:\/\/www.movistar.es\/blog\/#\/schema\/person\/0e4bcdf81b4c29af37783516d7633729","name":"Dra. Natalia Moreno","image":{"@type":"ImageObject","inLanguage":"es","@id":"https:\/\/www.movistar.es\/blog\/#\/schema\/person\/image\/d3aa118a20a57b97c2b5a687e640e2ec","url":"https:\/\/secure.gravatar.com\/avatar\/3d0863f157ddd49ce666a8ca20b1387c648b0922b75bf7fde19bcc8338894292","contentUrl":"https:\/\/secure.gravatar.com\/avatar\/3d0863f157ddd49ce666a8ca20b1387c648b0922b75bf7fde19bcc8338894292","caption":"Dra. Natalia Moreno"},"description":"La doctora Natalia Moreno Ribera (colegiado 48.127) es licenciada en Medicina y Cirug\u00eda por la Universitat Aut\u00f3noma de Barcelona con premio extraordinario de final de carrera. Especialista en Dermatolog\u00eda y Venereolog\u00eda por el Hospital Cl\u00ednic de Barcelona. Dermat\u00f3loga adjunta en el servicio de Dermatolog\u00eda del Consorci Sanitari del Maresme y HM Hospitales. Miembro de la Academia Espa\u00f1ola de Dermatolog\u00eda y Venereolog\u00eda.","sameAs":["https:\/\/www.hmsantjordi.com\/es\/cv-medico.php?id=244","natalia.morenoribera"],"url":"https:\/\/www.movistar.es\/blog\/author\/dranataliamoreno\/"}]}},"jetpack_featured_media_url":"https:\/\/www.movistar.es\/blog\/wp-content\/uploads\/sites\/3\/2022\/07\/Depositphotos_49951765_L.jpg","jetpack_sharing_enabled":true,"_links":{"self":[{"href":"https:\/\/www.movistar.es\/blog\/wp-json\/wp\/v2\/posts\/5523","targetHints":{"allow":["GET"]}}],"collection":[{"href":"https:\/\/www.movistar.es\/blog\/wp-json\/wp\/v2\/posts"}],"about":[{"href":"https:\/\/www.movistar.es\/blog\/wp-json\/wp\/v2\/types\/post"}],"author":[{"embeddable":true,"href":"https:\/\/www.movistar.es\/blog\/wp-json\/wp\/v2\/users\/94"}],"replies":[{"embeddable":true,"href":"https:\/\/www.movistar.es\/blog\/wp-json\/wp\/v2\/comments?post=5523"}],"version-history":[{"count":7,"href":"https:\/\/www.movistar.es\/blog\/wp-json\/wp\/v2\/posts\/5523\/revisions"}],"predecessor-version":[{"id":5712,"href":"https:\/\/www.movistar.es\/blog\/wp-json\/wp\/v2\/posts\/5523\/revisions\/5712"}],"wp:featuredmedia":[{"embeddable":true,"href":"https:\/\/www.movistar.es\/blog\/wp-json\/wp\/v2\/media\/5546"}],"wp:attachment":[{"href":"https:\/\/www.movistar.es\/blog\/wp-json\/wp\/v2\/media?parent=5523"}],"wp:term":[{"taxonomy":"category","embeddable":true,"href":"https:\/\/www.movistar.es\/blog\/wp-json\/wp\/v2\/categories?post=5523"},{"taxonomy":"post_tag","embeddable":true,"href":"https:\/\/www.movistar.es\/blog\/wp-json\/wp\/v2\/tags?post=5523"},{"taxonomy":"area","embeddable":true,"href":"https:\/\/www.movistar.es\/blog\/wp-json\/wp\/v2\/area?post=5523"},{"taxonomy":"cluster","embeddable":true,"href":"https:\/\/www.movistar.es\/blog\/wp-json\/wp\/v2\/cluster?post=5523"},{"taxonomy":"linea_editorial","embeddable":true,"href":"https:\/\/www.movistar.es\/blog\/wp-json\/wp\/v2\/linea_editorial?post=5523"},{"taxonomy":"author","embeddable":true,"href":"https:\/\/www.movistar.es\/blog\/wp-json\/wp\/v2\/coauthors?post=5523"}],"curies":[{"name":"wp","href":"https:\/\/api.w.org\/{rel}","templated":true}]}}