{"id":5156,"date":"2022-07-20T12:00:00","date_gmt":"2022-07-20T10:00:00","guid":{"rendered":"https:\/\/www.movistar.es\/blog\/?p=5156"},"modified":"2023-03-22T21:02:19","modified_gmt":"2023-03-22T20:02:19","slug":"como-activar-la-alarma-de-casa-cosas-a-tener-en-cuenta","status":"publish","type":"post","link":"https:\/\/www.movistar.es\/blog\/alarmas\/como-activar-la-alarma-de-casa-cosas-a-tener-en-cuenta\/","title":{"rendered":"\u00bfC\u00f3mo activar la alarma de casa? Cosas a tener en cuenta"},"content":{"rendered":"\n<p>Si queremos tener protegida nuestra casa hay que activar la alarma. Siempre claro que contemos con<a href=\"https:\/\/www.movistar.es\/blog\/alarmas\/alarma-camara-reconocimiento-inteligente\/\" target=\"_blank\" rel=\"noreferrer noopener\"> una buena alarma<\/a>. Sin embargo, siempre nos pueden surgir dudas.<\/p>\n\n\n\n<p>Una de las preguntas m\u00e1s habituales tiene que ver con c\u00f3mo activar la alarma de<strong> Movistar Prosegur Alarmas<\/strong>. Hoy trataremos de responderos y, adem\u00e1s, os proporcionaremos una serie de consejos muy a tener en cuenta.\u00a0<\/p>\n\n\n\n<figure class=\"wp-block-image size-large\"><img loading=\"lazy\" decoding=\"async\" height=\"683\" width=\"1024\" src=\"https:\/\/www.movistar.es\/blog\/wp-content\/uploads\/sites\/3\/2022\/07\/Depositphotos_62697527_XL.jpg?w=1024\" alt=\"\" class=\"wp-image-5270\" srcset=\"https:\/\/www.movistar.es\/blog\/wp-content\/uploads\/sites\/3\/2022\/07\/Depositphotos_62697527_XL.jpg 7360w, https:\/\/www.movistar.es\/blog\/wp-content\/uploads\/sites\/3\/2022\/07\/Depositphotos_62697527_XL.jpg?resize=300,200 300w, https:\/\/www.movistar.es\/blog\/wp-content\/uploads\/sites\/3\/2022\/07\/Depositphotos_62697527_XL.jpg?resize=768,513 768w, https:\/\/www.movistar.es\/blog\/wp-content\/uploads\/sites\/3\/2022\/07\/Depositphotos_62697527_XL.jpg?resize=1024,683 1024w, https:\/\/www.movistar.es\/blog\/wp-content\/uploads\/sites\/3\/2022\/07\/Depositphotos_62697527_XL.jpg?resize=1536,1025 1536w, https:\/\/www.movistar.es\/blog\/wp-content\/uploads\/sites\/3\/2022\/07\/Depositphotos_62697527_XL.jpg?resize=2048,1367 2048w\" sizes=\"auto, (max-width: 1024px) 100vw, 1024px\" \/><figcaption><em>Foto de <a href=\"https:\/\/sp.depositphotos.com\/portfolio-1010613.html\" target=\"_blank\" rel=\"noreferrer noopener\">Andrey Popov<\/a><\/em><\/figcaption><\/figure>\n\n\n\n<h2 class=\"wp-block-heading\" class=\"wp-block-heading\" id=\"cual-es-la-mejor-manera-de-conectar-la-alarma\"><strong>\u00bfCu\u00e1l es la mejor manera de conectar la alarma?<\/strong><\/h2>\n\n\n\n<p>La pregunta del mill\u00f3n es la siguiente: \u00bfcu\u00e1l es la forma correcta de activar la alarma? Lo cierto es que podemos elegir entre tres opciones, seg\u00fan la que mejor se adapte a nuestras necesidades.<\/p>\n\n\n\n<p>La primera de ellas, y la m\u00e1s recomendable, es a trav\u00e9s de la App de Movistar Prosegur Alarmas, donde nos podremos conectar y recibir una confirmaci\u00f3n en nuestro tel\u00e9fono desde cualquier ubicaci\u00f3n.<\/p>\n\n\n\n<p>Tambi\u00e9n tendremos la posibilidad de hacerlo con el teclado, tanto con un c\u00f3digo como con llaves inteligentes. Otra forma ser\u00eda con un mando a distancia, por ejemplo desde la puerta de nuestro garaje o de nuestra vivienda.<\/p>\n\n\n\n<figure class=\"wp-block-image size-large\"><img loading=\"lazy\" decoding=\"async\" height=\"718\" width=\"1024\" src=\"https:\/\/www.movistar.es\/blog\/wp-content\/uploads\/sites\/3\/2022\/07\/Depositphotos_72351203_XL.jpg?w=1024\" alt=\"\" class=\"wp-image-5271\" srcset=\"https:\/\/www.movistar.es\/blog\/wp-content\/uploads\/sites\/3\/2022\/07\/Depositphotos_72351203_XL.jpg 5000w, https:\/\/www.movistar.es\/blog\/wp-content\/uploads\/sites\/3\/2022\/07\/Depositphotos_72351203_XL.jpg?resize=300,210 300w, https:\/\/www.movistar.es\/blog\/wp-content\/uploads\/sites\/3\/2022\/07\/Depositphotos_72351203_XL.jpg?resize=768,539 768w, https:\/\/www.movistar.es\/blog\/wp-content\/uploads\/sites\/3\/2022\/07\/Depositphotos_72351203_XL.jpg?resize=1024,718 1024w, https:\/\/www.movistar.es\/blog\/wp-content\/uploads\/sites\/3\/2022\/07\/Depositphotos_72351203_XL.jpg?resize=1536,1077 1536w, https:\/\/www.movistar.es\/blog\/wp-content\/uploads\/sites\/3\/2022\/07\/Depositphotos_72351203_XL.jpg?resize=2048,1436 2048w\" sizes=\"auto, (max-width: 1024px) 100vw, 1024px\" \/><figcaption><em>Foto de <a href=\"https:\/\/sp.depositphotos.com\/portfolio-1076504.html\" target=\"_blank\" rel=\"noreferrer noopener\">Aaw<\/a><\/em><\/figcaption><\/figure>\n\n\n\n<p>A la hora de conectar la alarma, existen una serie de pasos a tener en cuenta. De esta forma, es ideal <a href=\"https:\/\/www.guardiacivil.es\/es\/servicios\/consejos\/robo_domicilio.html\" target=\"_blank\" rel=\"noreferrer noopener\">comprobar si las puertas y ventanas est\u00e1n cerradas<\/a>, as\u00ed como verificar si est\u00e1 apagado nuestro aire acondicionado y la calefacci\u00f3n.<\/p>\n\n\n\n<p>En el caso de que estuvieran encendidos o, tambi\u00e9n, de que tengamos mascotas, lo deseable es conectar la alarma en<a href=\"https:\/\/blog.prosegur.es\/armado-parcial\/\" target=\"_blank\" rel=\"noreferrer noopener\"> modo parcial<\/a>.<\/p>\n\n\n\n<h2 class=\"wp-block-heading\" id=\"h-aspectos-a-tener-en-cuenta\"><strong>Aspectos a tener en cuenta&nbsp;<\/strong><\/h2>\n\n\n\n<p>Una cosa que no se nos puede pasar por alto es comprobar que el sistema ha quedado bien armado. Para ello, podremos hacerlo con total facilidad desde la <a href=\"https:\/\/es.wikipedia.org\/wiki\/Aplicaci%C3%B3n_m%C3%B3vil\" target=\"_blank\" rel=\"noreferrer noopener\">App<\/a> o desde el teclado.<\/p>\n\n\n\n<p>Por otro lado, si el sistema no responde, tan solo tendremos que notificar de la incidencia en la aplicaci\u00f3n. En su defecto, tambi\u00e9n existe la opci\u00f3n de contactar con el servicio de atenci\u00f3n al cliente.<\/p>\n\n\n\n<figure class=\"wp-block-image size-large\"><img loading=\"lazy\" decoding=\"async\" height=\"683\" width=\"1024\" src=\"https:\/\/www.movistar.es\/blog\/wp-content\/uploads\/sites\/3\/2022\/07\/Depositphotos_11453382_XL.jpg?w=1024\" alt=\"\" class=\"wp-image-5272\" srcset=\"https:\/\/www.movistar.es\/blog\/wp-content\/uploads\/sites\/3\/2022\/07\/Depositphotos_11453382_XL.jpg 5054w, https:\/\/www.movistar.es\/blog\/wp-content\/uploads\/sites\/3\/2022\/07\/Depositphotos_11453382_XL.jpg?resize=300,200 300w, https:\/\/www.movistar.es\/blog\/wp-content\/uploads\/sites\/3\/2022\/07\/Depositphotos_11453382_XL.jpg?resize=768,512 768w, https:\/\/www.movistar.es\/blog\/wp-content\/uploads\/sites\/3\/2022\/07\/Depositphotos_11453382_XL.jpg?resize=1024,683 1024w, https:\/\/www.movistar.es\/blog\/wp-content\/uploads\/sites\/3\/2022\/07\/Depositphotos_11453382_XL.jpg?resize=1536,1024 1536w, https:\/\/www.movistar.es\/blog\/wp-content\/uploads\/sites\/3\/2022\/07\/Depositphotos_11453382_XL.jpg?resize=2048,1366 2048w\" sizes=\"auto, (max-width: 1024px) 100vw, 1024px\" \/><figcaption><em>Foto de <a href=\"https:\/\/sp.depositphotos.com\/portfolio-1010613.html\" target=\"_blank\" rel=\"noreferrer noopener\">Andrey Popov<\/a><\/em><\/figcaption><\/figure>\n\n\n\n<p>Por \u00faltimo, si por alg\u00fan casual te has olvidado de alguna pertenencia en casa y tienes que volver, deber\u00e1s de desconectar el sistema al entrar en la vivienda y recordar volver a conectarlo cuando salgas.&nbsp;<\/p>\n\n\n\n<p>Como ves, los <a href=\"https:\/\/www.movistar.es\/particulares\/movistar-prosegur-alarmas\/?pid=blogmovistar_alarmas_5156\" target=\"_blank\" rel=\"noreferrer noopener\">servicios <\/a>de <strong>Movistar Prosegur Alarmas <\/strong>no solo protegen tu casa, sino tambi\u00e9n hacen la vida m\u00e1s f\u00e1cil a sus clientes. Nunca antes cuidar de tu vivienda hab\u00eda sido tan sencillo.<\/p>\n\n\n\n<p><em>Foto destacada por <a href=\"https:\/\/sp.depositphotos.com\/portfolio-1017986.html\" target=\"_blank\" rel=\"noreferrer noopener\">Syda Productions<\/a><\/em><\/p>\n","protected":false},"excerpt":{"rendered":"<p>Si queremos tener protegida nuestra casa hay que activar la alarma. Siempre claro que contemos con una buena alarma. Sin embargo, siempre nos pueden surgir dudas. Una de las preguntas m\u00e1s habituales tiene que ver [&hellip;]<\/p>\n","protected":false},"author":97,"featured_media":5269,"comment_status":"closed","ping_status":"closed","sticky":false,"template":"","format":"standard","meta":{"site-sidebar-layout":"default","site-content-layout":"","ast-site-content-layout":"","site-content-style":"default","site-sidebar-style":"default","ast-global-header-display":"","ast-banner-title-visibility":"","ast-main-header-display":"","ast-hfb-above-header-display":"","ast-hfb-below-header-display":"","ast-hfb-mobile-header-display":"","site-post-title":"","ast-breadcrumbs-content":"","ast-featured-img":"","footer-sml-layout":"","theme-transparent-header-meta":"","adv-header-id-meta":"","stick-header-meta":"","header-above-stick-meta":"","header-main-stick-meta":"","header-below-stick-meta":"","astra-migrate-meta-layouts":"default","ast-page-background-enabled":"default","ast-page-background-meta":{"desktop":{"background-color":"var(--ast-global-color-4)","background-image":"","background-repeat":"repeat","background-position":"center center","background-size":"auto","background-attachment":"scroll","background-type":"","background-media":"","overlay-type":"","overlay-color":"","overlay-opacity":"","overlay-gradient":""},"tablet":{"background-color":"","background-image":"","background-repeat":"repeat","background-position":"center center","background-size":"auto","background-attachment":"scroll","background-type":"","background-media":"","overlay-type":"","overlay-color":"","overlay-opacity":"","overlay-gradient":""},"mobile":{"background-color":"","background-image":"","background-repeat":"repeat","background-position":"center center","background-size":"auto","background-attachment":"scroll","background-type":"","background-media":"","overlay-type":"","overlay-color":"","overlay-opacity":"","overlay-gradient":""}},"ast-content-background-meta":{"desktop":{"background-color":"var(--ast-global-color-5)","background-image":"","background-repeat":"repeat","background-position":"center center","background-size":"auto","background-attachment":"scroll","background-type":"","background-media":"","overlay-type":"","overlay-color":"","overlay-opacity":"","overlay-gradient":""},"tablet":{"background-color":"var(--ast-global-color-5)","background-image":"","background-repeat":"repeat","background-position":"center center","background-size":"auto","background-attachment":"scroll","background-type":"","background-media":"","overlay-type":"","overlay-color":"","overlay-opacity":"","overlay-gradient":""},"mobile":{"background-color":"var(--ast-global-color-5)","background-image":"","background-repeat":"repeat","background-position":"center center","background-size":"auto","background-attachment":"scroll","background-type":"","background-media":"","overlay-type":"","overlay-color":"","overlay-opacity":"","overlay-gradient":""}},"_jetpack_memberships_contains_paid_content":false,"footnotes":""},"categories":[1],"tags":[],"area":[427],"cluster":[341],"linea_editorial":[],"coauthors":[471],"class_list":["post-5156","post","type-post","status-publish","format-standard","has-post-thumbnail","hentry","category-sin-categoria","area-gametv","cluster-alarmas"],"yoast_head":"<!-- This site is optimized with the Yoast SEO Premium plugin v25.5 (Yoast SEO v25.5) - https:\/\/yoast.com\/wordpress\/plugins\/seo\/ -->\n<title>\u00bfC\u00f3mo activar la alarma de casa? Cosas a tener en cuenta<\/title>\n<meta name=\"description\" content=\"Te explicamos paso a paso c\u00f3mo activar la alarma de casa y, adem\u00e1s, te damos algunos consejos a tener en cuenta.\" \/>\n<meta name=\"robots\" content=\"index, follow, max-snippet:-1, max-image-preview:large, max-video-preview:-1\" \/>\n<link rel=\"canonical\" href=\"https:\/\/www.movistar.es\/blog\/alarmas\/como-activar-la-alarma-de-casa-cosas-a-tener-en-cuenta\/\" \/>\n<meta property=\"og:locale\" content=\"es_ES\" \/>\n<meta property=\"og:type\" content=\"article\" \/>\n<meta property=\"og:title\" content=\"\u00bfC\u00f3mo activar la alarma de casa? Cosas a tener en cuenta\" \/>\n<meta property=\"og:description\" content=\"Te explicamos paso a paso c\u00f3mo activar la alarma de casa y, adem\u00e1s, te damos algunos consejos a tener en cuenta.\" \/>\n<meta property=\"og:url\" content=\"https:\/\/www.movistar.es\/blog\/alarmas\/como-activar-la-alarma-de-casa-cosas-a-tener-en-cuenta\/\" \/>\n<meta property=\"og:site_name\" content=\"Movistar blog\" \/>\n<meta property=\"article:published_time\" content=\"2022-07-20T10:00:00+00:00\" \/>\n<meta property=\"article:modified_time\" content=\"2023-03-22T20:02:19+00:00\" \/>\n<meta name=\"author\" content=\"Jos\u00e9 Arias\" \/>\n<meta name=\"twitter:card\" content=\"summary_large_image\" \/>\n<meta name=\"twitter:image\" content=\"https:\/\/www.movistar.es\/blog\/wp-content\/uploads\/sites\/3\/2000\/07\/Depositphotos_39391921_XL.jpg\" \/>\n<meta name=\"twitter:label1\" content=\"Written by\" \/>\n\t<meta name=\"twitter:data1\" content=\"Jos\u00e9 Arias\" \/>\n\t<meta name=\"twitter:label2\" content=\"Est. reading time\" \/>\n\t<meta name=\"twitter:data2\" content=\"3 minutos\" \/>\n<script type=\"application\/ld+json\" class=\"yoast-schema-graph\">{\"@context\":\"https:\/\/schema.org\",\"@graph\":[{\"@type\":\"Article\",\"@id\":\"https:\/\/www.movistar.es\/blog\/alarmas\/como-activar-la-alarma-de-casa-cosas-a-tener-en-cuenta\/#article\",\"isPartOf\":{\"@id\":\"https:\/\/www.movistar.es\/blog\/alarmas\/como-activar-la-alarma-de-casa-cosas-a-tener-en-cuenta\/\"},\"author\":{\"name\":\"Jos\u00e9 Arias\",\"@id\":\"https:\/\/www.movistar.es\/blog\/#\/schema\/person\/f34544e7e26b889c8df34df6b9ade532\"},\"headline\":\"\u00bfC\u00f3mo activar la alarma de casa? Cosas a tener en cuenta\",\"datePublished\":\"2022-07-20T10:00:00+00:00\",\"dateModified\":\"2023-03-22T20:02:19+00:00\",\"mainEntityOfPage\":{\"@id\":\"https:\/\/www.movistar.es\/blog\/alarmas\/como-activar-la-alarma-de-casa-cosas-a-tener-en-cuenta\/\"},\"wordCount\":435,\"publisher\":{\"@id\":\"https:\/\/www.movistar.es\/blog\/#organization\"},\"image\":{\"@id\":\"https:\/\/www.movistar.es\/blog\/alarmas\/como-activar-la-alarma-de-casa-cosas-a-tener-en-cuenta\/#primaryimage\"},\"thumbnailUrl\":\"https:\/\/www.movistar.es\/blog\/wp-content\/uploads\/sites\/3\/2000\/07\/Depositphotos_39391921_XL.jpg\",\"inLanguage\":\"es\"},{\"@type\":\"WebPage\",\"@id\":\"https:\/\/www.movistar.es\/blog\/alarmas\/como-activar-la-alarma-de-casa-cosas-a-tener-en-cuenta\/\",\"url\":\"https:\/\/www.movistar.es\/blog\/alarmas\/como-activar-la-alarma-de-casa-cosas-a-tener-en-cuenta\/\",\"name\":\"\u00bfC\u00f3mo activar la alarma de casa? Cosas a tener en cuenta\",\"isPartOf\":{\"@id\":\"https:\/\/www.movistar.es\/blog\/#website\"},\"primaryImageOfPage\":{\"@id\":\"https:\/\/www.movistar.es\/blog\/alarmas\/como-activar-la-alarma-de-casa-cosas-a-tener-en-cuenta\/#primaryimage\"},\"image\":{\"@id\":\"https:\/\/www.movistar.es\/blog\/alarmas\/como-activar-la-alarma-de-casa-cosas-a-tener-en-cuenta\/#primaryimage\"},\"thumbnailUrl\":\"https:\/\/www.movistar.es\/blog\/wp-content\/uploads\/sites\/3\/2000\/07\/Depositphotos_39391921_XL.jpg\",\"datePublished\":\"2022-07-20T10:00:00+00:00\",\"dateModified\":\"2023-03-22T20:02:19+00:00\",\"description\":\"Te explicamos paso a paso c\u00f3mo activar la alarma de casa y, adem\u00e1s, te damos algunos consejos a tener en cuenta.\",\"breadcrumb\":{\"@id\":\"https:\/\/www.movistar.es\/blog\/alarmas\/como-activar-la-alarma-de-casa-cosas-a-tener-en-cuenta\/#breadcrumb\"},\"inLanguage\":\"es\",\"potentialAction\":[{\"@type\":\"ReadAction\",\"target\":[\"https:\/\/www.movistar.es\/blog\/alarmas\/como-activar-la-alarma-de-casa-cosas-a-tener-en-cuenta\/\"]}]},{\"@type\":\"ImageObject\",\"inLanguage\":\"es\",\"@id\":\"https:\/\/www.movistar.es\/blog\/alarmas\/como-activar-la-alarma-de-casa-cosas-a-tener-en-cuenta\/#primaryimage\",\"url\":\"https:\/\/www.movistar.es\/blog\/wp-content\/uploads\/sites\/3\/2000\/07\/Depositphotos_39391921_XL.jpg\",\"contentUrl\":\"https:\/\/www.movistar.es\/blog\/wp-content\/uploads\/sites\/3\/2000\/07\/Depositphotos_39391921_XL.jpg\",\"width\":4700,\"height\":3407},{\"@type\":\"BreadcrumbList\",\"@id\":\"https:\/\/www.movistar.es\/blog\/alarmas\/como-activar-la-alarma-de-casa-cosas-a-tener-en-cuenta\/#breadcrumb\",\"itemListElement\":[{\"@type\":\"ListItem\",\"position\":1,\"name\":\"Home\",\"item\":\"https:\/\/www.movistar.es\/blog\/\"},{\"@type\":\"ListItem\",\"position\":2,\"name\":\"\u00bfC\u00f3mo activar la alarma de casa? Cosas a tener en cuenta\"}]},{\"@type\":\"WebSite\",\"@id\":\"https:\/\/www.movistar.es\/blog\/#website\",\"url\":\"https:\/\/www.movistar.es\/blog\/\",\"name\":\"Movistar blog\",\"description\":\"Movistar Blog. Informaci\u00f3n y m\u00e1s sobre los productos y servicios de Movistar\",\"publisher\":{\"@id\":\"https:\/\/www.movistar.es\/blog\/#organization\"},\"potentialAction\":[{\"@type\":\"SearchAction\",\"target\":{\"@type\":\"EntryPoint\",\"urlTemplate\":\"https:\/\/www.movistar.es\/blog\/?s={search_term_string}\"},\"query-input\":{\"@type\":\"PropertyValueSpecification\",\"valueRequired\":true,\"valueName\":\"search_term_string\"}}],\"inLanguage\":\"es\"},{\"@type\":\"Organization\",\"@id\":\"https:\/\/www.movistar.es\/blog\/#organization\",\"name\":\"Movistar blog\",\"url\":\"https:\/\/www.movistar.es\/blog\/\",\"logo\":{\"@type\":\"ImageObject\",\"inLanguage\":\"es\",\"@id\":\"https:\/\/www.movistar.es\/blog\/#\/schema\/logo\/image\/\",\"url\":\"https:\/\/www.movistar.es\/blog\/wp-content\/uploads\/sites\/3\/2022\/05\/logo_movistar-1.svg\",\"contentUrl\":\"https:\/\/www.movistar.es\/blog\/wp-content\/uploads\/sites\/3\/2022\/05\/logo_movistar-1.svg\",\"width\":369,\"height\":272,\"caption\":\"Movistar blog\"},\"image\":{\"@id\":\"https:\/\/www.movistar.es\/blog\/#\/schema\/logo\/image\/\"}},{\"@type\":\"Person\",\"@id\":\"https:\/\/www.movistar.es\/blog\/#\/schema\/person\/f34544e7e26b889c8df34df6b9ade532\",\"name\":\"Jos\u00e9 Arias\",\"image\":{\"@type\":\"ImageObject\",\"inLanguage\":\"es\",\"@id\":\"https:\/\/www.movistar.es\/blog\/#\/schema\/person\/image\/89b109630cb593a1414ea1f85135b4fd\",\"url\":\"https:\/\/secure.gravatar.com\/avatar\/b1c8974298e53c61f44aca49b29a1832ea82e33abbdae6dfaae74a178d622eec\",\"contentUrl\":\"https:\/\/secure.gravatar.com\/avatar\/b1c8974298e53c61f44aca49b29a1832ea82e33abbdae6dfaae74a178d622eec\",\"caption\":\"Jos\u00e9 Arias\"},\"description\":\"Estudi\u00e9 electricidad y electr\u00f3nica, empec\u00e9 en el mundo de la seguridad en el 2012 pasando por todos los puestos en diversos departamentos t\u00e9cnicos. Desde 2020 he coordinado el servicio t\u00e9cnico en la zona este de Madrid y a diferentes empresas colaboradoras a nivel nacional desde el departamento de instalaciones. Actualmente soy Coordinador T\u00e9cnico de Seguridad y soy responsable del departamento t\u00e9cnico de la zona sur de Madrid en Movistar Prosegur Alarmas.\",\"sameAs\":[\"https:\/\/www.linkedin.com\/in\/jose-arias-5b879151\"],\"knowsAbout\":[\"alarmas\",\"seguridad\"],\"url\":\"https:\/\/www.movistar.es\/blog\/author\/josearias\/\"}]}<\/script>\n<!-- \/ Yoast SEO Premium plugin. -->","yoast_head_json":{"title":"\u00bfC\u00f3mo activar la alarma de casa? Cosas a tener en cuenta","description":"Te explicamos paso a paso c\u00f3mo activar la alarma de casa y, adem\u00e1s, te damos algunos consejos a tener en cuenta.","robots":{"index":"index","follow":"follow","max-snippet":"max-snippet:-1","max-image-preview":"max-image-preview:large","max-video-preview":"max-video-preview:-1"},"canonical":"https:\/\/www.movistar.es\/blog\/alarmas\/como-activar-la-alarma-de-casa-cosas-a-tener-en-cuenta\/","og_locale":"es_ES","og_type":"article","og_title":"\u00bfC\u00f3mo activar la alarma de casa? Cosas a tener en cuenta","og_description":"Te explicamos paso a paso c\u00f3mo activar la alarma de casa y, adem\u00e1s, te damos algunos consejos a tener en cuenta.","og_url":"https:\/\/www.movistar.es\/blog\/alarmas\/como-activar-la-alarma-de-casa-cosas-a-tener-en-cuenta\/","og_site_name":"Movistar blog","article_published_time":"2022-07-20T10:00:00+00:00","article_modified_time":"2023-03-22T20:02:19+00:00","author":"Jos\u00e9 Arias","twitter_card":"summary_large_image","twitter_image":"https:\/\/www.movistar.es\/blog\/wp-content\/uploads\/sites\/3\/2000\/07\/Depositphotos_39391921_XL.jpg","twitter_misc":{"Written by":"Jos\u00e9 Arias","Est. reading time":"3 minutos"},"schema":{"@context":"https:\/\/schema.org","@graph":[{"@type":"Article","@id":"https:\/\/www.movistar.es\/blog\/alarmas\/como-activar-la-alarma-de-casa-cosas-a-tener-en-cuenta\/#article","isPartOf":{"@id":"https:\/\/www.movistar.es\/blog\/alarmas\/como-activar-la-alarma-de-casa-cosas-a-tener-en-cuenta\/"},"author":{"name":"Jos\u00e9 Arias","@id":"https:\/\/www.movistar.es\/blog\/#\/schema\/person\/f34544e7e26b889c8df34df6b9ade532"},"headline":"\u00bfC\u00f3mo activar la alarma de casa? Cosas a tener en cuenta","datePublished":"2022-07-20T10:00:00+00:00","dateModified":"2023-03-22T20:02:19+00:00","mainEntityOfPage":{"@id":"https:\/\/www.movistar.es\/blog\/alarmas\/como-activar-la-alarma-de-casa-cosas-a-tener-en-cuenta\/"},"wordCount":435,"publisher":{"@id":"https:\/\/www.movistar.es\/blog\/#organization"},"image":{"@id":"https:\/\/www.movistar.es\/blog\/alarmas\/como-activar-la-alarma-de-casa-cosas-a-tener-en-cuenta\/#primaryimage"},"thumbnailUrl":"https:\/\/www.movistar.es\/blog\/wp-content\/uploads\/sites\/3\/2000\/07\/Depositphotos_39391921_XL.jpg","inLanguage":"es"},{"@type":"WebPage","@id":"https:\/\/www.movistar.es\/blog\/alarmas\/como-activar-la-alarma-de-casa-cosas-a-tener-en-cuenta\/","url":"https:\/\/www.movistar.es\/blog\/alarmas\/como-activar-la-alarma-de-casa-cosas-a-tener-en-cuenta\/","name":"\u00bfC\u00f3mo activar la alarma de casa? Cosas a tener en cuenta","isPartOf":{"@id":"https:\/\/www.movistar.es\/blog\/#website"},"primaryImageOfPage":{"@id":"https:\/\/www.movistar.es\/blog\/alarmas\/como-activar-la-alarma-de-casa-cosas-a-tener-en-cuenta\/#primaryimage"},"image":{"@id":"https:\/\/www.movistar.es\/blog\/alarmas\/como-activar-la-alarma-de-casa-cosas-a-tener-en-cuenta\/#primaryimage"},"thumbnailUrl":"https:\/\/www.movistar.es\/blog\/wp-content\/uploads\/sites\/3\/2000\/07\/Depositphotos_39391921_XL.jpg","datePublished":"2022-07-20T10:00:00+00:00","dateModified":"2023-03-22T20:02:19+00:00","description":"Te explicamos paso a paso c\u00f3mo activar la alarma de casa y, adem\u00e1s, te damos algunos consejos a tener en cuenta.","breadcrumb":{"@id":"https:\/\/www.movistar.es\/blog\/alarmas\/como-activar-la-alarma-de-casa-cosas-a-tener-en-cuenta\/#breadcrumb"},"inLanguage":"es","potentialAction":[{"@type":"ReadAction","target":["https:\/\/www.movistar.es\/blog\/alarmas\/como-activar-la-alarma-de-casa-cosas-a-tener-en-cuenta\/"]}]},{"@type":"ImageObject","inLanguage":"es","@id":"https:\/\/www.movistar.es\/blog\/alarmas\/como-activar-la-alarma-de-casa-cosas-a-tener-en-cuenta\/#primaryimage","url":"https:\/\/www.movistar.es\/blog\/wp-content\/uploads\/sites\/3\/2000\/07\/Depositphotos_39391921_XL.jpg","contentUrl":"https:\/\/www.movistar.es\/blog\/wp-content\/uploads\/sites\/3\/2000\/07\/Depositphotos_39391921_XL.jpg","width":4700,"height":3407},{"@type":"BreadcrumbList","@id":"https:\/\/www.movistar.es\/blog\/alarmas\/como-activar-la-alarma-de-casa-cosas-a-tener-en-cuenta\/#breadcrumb","itemListElement":[{"@type":"ListItem","position":1,"name":"Home","item":"https:\/\/www.movistar.es\/blog\/"},{"@type":"ListItem","position":2,"name":"\u00bfC\u00f3mo activar la alarma de casa? Cosas a tener en cuenta"}]},{"@type":"WebSite","@id":"https:\/\/www.movistar.es\/blog\/#website","url":"https:\/\/www.movistar.es\/blog\/","name":"Movistar blog","description":"Movistar Blog. Informaci\u00f3n y m\u00e1s sobre los productos y servicios de Movistar","publisher":{"@id":"https:\/\/www.movistar.es\/blog\/#organization"},"potentialAction":[{"@type":"SearchAction","target":{"@type":"EntryPoint","urlTemplate":"https:\/\/www.movistar.es\/blog\/?s={search_term_string}"},"query-input":{"@type":"PropertyValueSpecification","valueRequired":true,"valueName":"search_term_string"}}],"inLanguage":"es"},{"@type":"Organization","@id":"https:\/\/www.movistar.es\/blog\/#organization","name":"Movistar blog","url":"https:\/\/www.movistar.es\/blog\/","logo":{"@type":"ImageObject","inLanguage":"es","@id":"https:\/\/www.movistar.es\/blog\/#\/schema\/logo\/image\/","url":"https:\/\/www.movistar.es\/blog\/wp-content\/uploads\/sites\/3\/2022\/05\/logo_movistar-1.svg","contentUrl":"https:\/\/www.movistar.es\/blog\/wp-content\/uploads\/sites\/3\/2022\/05\/logo_movistar-1.svg","width":369,"height":272,"caption":"Movistar blog"},"image":{"@id":"https:\/\/www.movistar.es\/blog\/#\/schema\/logo\/image\/"}},{"@type":"Person","@id":"https:\/\/www.movistar.es\/blog\/#\/schema\/person\/f34544e7e26b889c8df34df6b9ade532","name":"Jos\u00e9 Arias","image":{"@type":"ImageObject","inLanguage":"es","@id":"https:\/\/www.movistar.es\/blog\/#\/schema\/person\/image\/89b109630cb593a1414ea1f85135b4fd","url":"https:\/\/secure.gravatar.com\/avatar\/b1c8974298e53c61f44aca49b29a1832ea82e33abbdae6dfaae74a178d622eec","contentUrl":"https:\/\/secure.gravatar.com\/avatar\/b1c8974298e53c61f44aca49b29a1832ea82e33abbdae6dfaae74a178d622eec","caption":"Jos\u00e9 Arias"},"description":"Estudi\u00e9 electricidad y electr\u00f3nica, empec\u00e9 en el mundo de la seguridad en el 2012 pasando por todos los puestos en diversos departamentos t\u00e9cnicos. Desde 2020 he coordinado el servicio t\u00e9cnico en la zona este de Madrid y a diferentes empresas colaboradoras a nivel nacional desde el departamento de instalaciones. Actualmente soy Coordinador T\u00e9cnico de Seguridad y soy responsable del departamento t\u00e9cnico de la zona sur de Madrid en Movistar Prosegur Alarmas.","sameAs":["https:\/\/www.linkedin.com\/in\/jose-arias-5b879151"],"knowsAbout":["alarmas","seguridad"],"url":"https:\/\/www.movistar.es\/blog\/author\/josearias\/"}]}},"jetpack_featured_media_url":"https:\/\/www.movistar.es\/blog\/wp-content\/uploads\/sites\/3\/2000\/07\/Depositphotos_39391921_XL.jpg","jetpack_sharing_enabled":true,"_links":{"self":[{"href":"https:\/\/www.movistar.es\/blog\/wp-json\/wp\/v2\/posts\/5156","targetHints":{"allow":["GET"]}}],"collection":[{"href":"https:\/\/www.movistar.es\/blog\/wp-json\/wp\/v2\/posts"}],"about":[{"href":"https:\/\/www.movistar.es\/blog\/wp-json\/wp\/v2\/types\/post"}],"author":[{"embeddable":true,"href":"https:\/\/www.movistar.es\/blog\/wp-json\/wp\/v2\/users\/97"}],"replies":[{"embeddable":true,"href":"https:\/\/www.movistar.es\/blog\/wp-json\/wp\/v2\/comments?post=5156"}],"version-history":[{"count":9,"href":"https:\/\/www.movistar.es\/blog\/wp-json\/wp\/v2\/posts\/5156\/revisions"}],"predecessor-version":[{"id":12143,"href":"https:\/\/www.movistar.es\/blog\/wp-json\/wp\/v2\/posts\/5156\/revisions\/12143"}],"wp:featuredmedia":[{"embeddable":true,"href":"https:\/\/www.movistar.es\/blog\/wp-json\/wp\/v2\/media\/5269"}],"wp:attachment":[{"href":"https:\/\/www.movistar.es\/blog\/wp-json\/wp\/v2\/media?parent=5156"}],"wp:term":[{"taxonomy":"category","embeddable":true,"href":"https:\/\/www.movistar.es\/blog\/wp-json\/wp\/v2\/categories?post=5156"},{"taxonomy":"post_tag","embeddable":true,"href":"https:\/\/www.movistar.es\/blog\/wp-json\/wp\/v2\/tags?post=5156"},{"taxonomy":"area","embeddable":true,"href":"https:\/\/www.movistar.es\/blog\/wp-json\/wp\/v2\/area?post=5156"},{"taxonomy":"cluster","embeddable":true,"href":"https:\/\/www.movistar.es\/blog\/wp-json\/wp\/v2\/cluster?post=5156"},{"taxonomy":"linea_editorial","embeddable":true,"href":"https:\/\/www.movistar.es\/blog\/wp-json\/wp\/v2\/linea_editorial?post=5156"},{"taxonomy":"author","embeddable":true,"href":"https:\/\/www.movistar.es\/blog\/wp-json\/wp\/v2\/coauthors?post=5156"}],"curies":[{"name":"wp","href":"https:\/\/api.w.org\/{rel}","templated":true}]}}