{"id":5140,"date":"2022-07-17T09:27:00","date_gmt":"2022-07-17T07:27:00","guid":{"rendered":"https:\/\/www.movistar.es\/blog\/?p=5140"},"modified":"2023-01-23T15:05:42","modified_gmt":"2023-01-23T14:05:42","slug":"solar360-especialistas-en-energia-solar","status":"publish","type":"post","link":"https:\/\/www.movistar.es\/blog\/energia-solar\/solar360-especialistas-en-energia-solar\/","title":{"rendered":"\u00abSomos los aut\u00e9nticos especialistas en energ\u00eda solar\u00bb declara Alberto Jim\u00e9nez, CMO de Solar360"},"content":{"rendered":"\n<p>Queremos que sigas conociendo en primicia m\u00e1s sobre la uni\u00f3n de Repsol con Movistar.  Solar360, la empresa creada por ambos, supone una nueva manera de entender la energ\u00eda solar de autoconsumo.&nbsp;<\/p>\n\n\n\n<p>El<a href=\"https:\/\/www.movistar.es\/blog\" target=\"_blank\" rel=\"noreferrer noopener nofollow\"> blog de Movistar<\/a> tuvo la oportunidad de entrevistar a <strong>Alberto Jim\u00e9nez, Chief Marketing Officer (CMO) de Solar360<\/strong>. Una entrevista donde nos&nbsp;cuenta todos los detalles y beneficios de este nuevo proyecto.&nbsp;<\/p>\n\n\n\n<h2 class=\"wp-block-heading\" id=\"h-hola-alberto-para-ti-que-es-solar360\">Hola Alberto, para t\u00ed \u00bfqu\u00e9 es Solar360?&nbsp;<\/h2>\n\n\n\n<p><a href=\"https:\/\/www.movistar.es\/solar360?pid=blogmovistar_energiasolar_5140\" target=\"_blank\" rel=\"noreferrer noopener\">Solar360 <\/a>es&nbsp;una nueva manera de entender la energ\u00eda solar de autoconsumo, para hacer la vida mejor.&nbsp;&nbsp;Es una nueva empresa formada por <a href=\"https:\/\/www.repsol.com\/es\/index.cshtml\" target=\"_blank\" rel=\"noreferrer noopener nofollow\">Repsol<\/a> y <a href=\"https:\/\/www.movistar.es\/blog\/energia-solar\/paneles-solares-autoconsumo-ahorro\/\">Movistar<\/a> que nace con la vocaci\u00f3n de liderar el sector del autoconsumo fotovoltaico y ofrecer soluciones para clientes particulares, comunidades de vecinos y empresas, tanto pymes como grandes compa\u00f1\u00edas.&nbsp;<\/p>\n\n\n\n<figure class=\"wp-block-video wp-block-embed is-type-video is-provider-videopress\"><div class=\"wp-block-embed__wrapper\">\n<div class=\"wp-block-embed__wrapper\"><div class=\"ast-oembed-container \" style=\"height: 100%;\"><iframe title=\"VideoPress Video Player\" aria-label='VideoPress Video Player' width='1040' height='585' src='https:\/\/videopress.com\/embed\/8brZATVp?cover=1&amp;posterUrl=https%3A%2F%2Fwww.movistar.es%2Fblog%2Fwp-content%2Fuploads%2Fsites%2F3%2F2000%2F07%2Falberto-jimenez01.png&amp;preloadContent=metadata&amp;useAverageColor=1&amp;hd=0' frameborder='0' allowfullscreen data-resize-to-parent=\"true\" allow='clipboard-write'><\/iframe><script src='https:\/\/v0.wordpress.com\/js\/next\/videopress-iframe.js?m=1770107250'><\/script><\/div><\/div>\n<\/div><\/figure>\n\n\n\n<p>Lo que ofrecemos es a trav\u00e9s de la instalaci\u00f3n de paneles solares, construir un Ecosistema Solar Inteligente, donde cualquiera&nbsp;producir\u00e1 su propia energ\u00eda renovable obteniendo importantes ahorros en su factura el\u00e9ctrica desde el primer momento.&nbsp;<\/p>\n\n\n\n<h2 class=\"wp-block-heading\" id=\"h-que-aportan-cada-uno-de-los-socios-repsol-y-movistar\"> \u00bfQu\u00e9 aportan cada uno de los socios, Repsol y Movistar?&nbsp;<\/h2>\n\n\n\n<p>Movistar aporta su experiencia tecnol\u00f3gica para dotar a las instalaciones de una&nbsp; inteligencia que va a ser diferencial en el mercado y con la que podr\u00e1n rentabilizar sus sistemas de autoconsumo en un periodo muy corto de tiempo.&nbsp;<\/p>\n\n\n\n<p>Por su parte, Repsol suma su experiencia en autoconsumo y multienerg\u00eda, adem\u00e1s de aportar una tarifa el\u00e9ctrica espec\u00edfica que complemente a la instalaci\u00f3n fotovoltaica e incremente a\u00fan m\u00e1s el ahorro para el cliente.&nbsp;<\/p>\n\n\n\n<figure class=\"wp-block-embed aligncenter is-type-video is-provider-youtube wp-block-embed-youtube wp-embed-aspect-16-9 wp-has-aspect-ratio\"><div class=\"wp-block-embed__wrapper\">\nhttps:\/\/youtu.be\/5M4w5WEng1A\n<\/div><\/figure>\n\n\n\n<h2 class=\"wp-block-heading\" id=\"h-cual-es-vuestra-propuesta-de-valor-en-que-os-diferenciais\">\u00bfCu\u00e1l es vuestra propuesta de valor? \u00bfEn qu\u00e9 os diferenciais? &nbsp;<\/h2>\n\n\n\n<p>Fundamentalmente en ofrecer un proyecto llave en mano, donde el cliente no se tiene que ocupar de nada.&nbsp;<\/p>\n\n\n\n<p>Desde el momento en el que se ponga en contacto con nosotros desde&nbsp; cualquiera de los canales, un Experto Solar se encarga de asesorar, informar y acompa\u00f1ar al cliente a lo largo de todo el proceso de decisi\u00f3n e instalaci\u00f3n.&nbsp;<\/p>\n\n\n\n<h2 class=\"wp-block-heading\" id=\"h-solar360-se-encarga-de-todo\">\u00bfSolar360 se encarga de todo?&nbsp;<\/h2>\n\n\n\n<p>Efectivamente, nosotros nos encargamos de todo; de la log\u00edstica de los materiales, de la instalaci\u00f3n, de gestionar los tr\u00e1mites para conseguir ayudas y subvenciones, adem\u00e1s de la legalizaci\u00f3n de la instalaci\u00f3n.&nbsp;<\/p>\n\n\n\n<figure class=\"wp-block-image aligncenter size-large\"><img loading=\"lazy\" decoding=\"async\" height=\"576\" width=\"1024\" src=\"https:\/\/www.movistar.es\/blog\/wp-content\/uploads\/sites\/3\/2022\/07\/solar-info-ppt.png?w=1024\" alt=\"sistema de energ\u00eda solar\" class=\"wp-image-5170\" title=\"energ\u00eda solar\" srcset=\"https:\/\/www.movistar.es\/blog\/wp-content\/uploads\/sites\/3\/2022\/07\/solar-info-ppt.png 1280w, https:\/\/www.movistar.es\/blog\/wp-content\/uploads\/sites\/3\/2022\/07\/solar-info-ppt.png?resize=300,169 300w, https:\/\/www.movistar.es\/blog\/wp-content\/uploads\/sites\/3\/2022\/07\/solar-info-ppt.png?resize=768,432 768w, https:\/\/www.movistar.es\/blog\/wp-content\/uploads\/sites\/3\/2022\/07\/solar-info-ppt.png?resize=1024,576 1024w\" sizes=\"auto, (max-width: 1024px) 100vw, 1024px\" \/><\/figure>\n\n\n\n<h2 class=\"wp-block-heading\" id=\"h-que-significa-que-los-paneles-estan-conectados\">\u00bfQu\u00e9 significa que los paneles est\u00e1n conectados?<\/h2>\n\n\n\n<p>Otra ventaja del <a href=\"https:\/\/www.movistar.es\/solar360?pid=blogmovistar_energiasolar_5140\" target=\"_blank\" rel=\"noreferrer noopener nofollow\">ecosistema solar de&nbsp;Solar360<\/a> es que los paneles est\u00e1n conectados a la nube, hablamos de <em>Internet of Things<\/em>. Eso supone que nuestros clientes a trav\u00e9s de la app tienen&nbsp;en todo momento su instalaci\u00f3n monitorizada. Es decir, &nbsp;adem\u00e1s de tener detallados sus patrones de consumo de energ\u00eda, esto les&nbsp;permite hacer un uso eficiente de la energ\u00eda generada. Tambi\u00e9n pueden asegurarse de este modo el correcto funcionamiento de la instalaci\u00f3n.&nbsp;<\/p>\n\n\n\n<h2 class=\"wp-block-heading\" id=\"h-solar360-compra-los-excedentes-de-energia-de-la-instalacion\">\u00bfSolar360 compra los excedentes de energ\u00eda de la instalaci\u00f3n?&nbsp;<\/h2>\n\n\n\n<p>Somos especialistas en energ\u00eda solar y nuestra soluci\u00f3n energ\u00e9tica es completa, por eso disponemos de una tarifa muy ventajosa para aquellos clientes que desean verter a la red los excedentes que genere su instalaci\u00f3n.<\/p>\n\n\n\n<p>Adem\u00e1s, tenemos un servicio de mantenimiento incluido. Contamos con t\u00e9cnicos cualificados que realizan una atenci\u00f3n postventa personalizada y el&nbsp;mantenimiento durante toda la vida \u00fatil de la instalaci\u00f3n fotovoltaica.&nbsp;<\/p>\n\n\n\n<h2 class=\"wp-block-heading\" id=\"h-cuanto-tiempo-tiene-de-vida-util-la-instalacion\">\u00bfCu\u00e1nto tiempo tiene de vida \u00fatil la instalaci\u00f3n?&nbsp;<\/h2>\n\n\n\n<p>La vida \u00fatil est\u00e1 demostrado que superior a los 20 a\u00f1os. De hecho, uno de los puntos fuertes de Solar360, como especialistas en energ\u00eda solar, es su red de instaladores. \u00c9stos est\u00e1n perfectamente cualificados para hacer las instalaciones y mantenimiento tanto en el mercado residencial como en empresas. &nbsp;<\/p>\n\n\n\n<figure class=\"wp-block-image aligncenter size-full\"><img loading=\"lazy\" decoding=\"async\" width=\"741\" height=\"417\" src=\"https:\/\/www.movistar.es\/blog\/wp-content\/uploads\/sites\/3\/2022\/07\/alberto-jimenez04.png\" alt=\"especialistas en energ\u00eda solar\" class=\"wp-image-5197\" title=\"energ\u00eda solar\" srcset=\"https:\/\/www.movistar.es\/blog\/wp-content\/uploads\/sites\/3\/2022\/07\/alberto-jimenez04.png 741w, https:\/\/www.movistar.es\/blog\/wp-content\/uploads\/sites\/3\/2022\/07\/alberto-jimenez04.png?resize=300,169 300w\" sizes=\"auto, (max-width: 741px) 100vw, 741px\" \/><figcaption>Placas solares en un tejado de vivienda unifamiliar<\/figcaption><\/figure>\n\n\n\n<h2 class=\"wp-block-heading\" id=\"h-la-energia-solar-supone-de-verdad-ahorro\">\u00bfLa energ\u00eda solar supone de verdad ahorro?&nbsp;<\/h2>\n\n\n\n<p>La energ\u00eda solar es de verdad ahorro. No solo porque reduce la factura de electricidad mensual sino que adem\u00e1s para asegurar que el cliente tiene ahorro desde el primer d\u00eda, ofrecemos la posibilidad de tener una financiaci\u00f3n. \u00c9sta va desde los 5 a los 15 a\u00f1os, permitiendo al cliente pagar la instalaci\u00f3n con la cuota que mejor se ajuste a sus necesidades.<\/p>\n\n\n\n<h2 class=\"wp-block-heading\" id=\"h-como-afronta-el-futuro-esta-nueva-empresa\">\u00bfC\u00f3mo afronta el futuro esta nueva empresa? &nbsp;<\/h2>\n\n\n\n<p>En Solar360 somos los aut\u00e9nticos especialistas en energ\u00eda Solar y vamos a contribuir a crear y alimentar el ecosistema solar de nuestros clientes.&nbsp;&nbsp;&nbsp;<\/p>\n\n\n\n<p>Cualquier persona interesada puede contactar con nosotros en, <a href=\"https:\/\/www.movistar.es\/solar360?pid=blogmovistar_energiasolar_5140\" target=\"_blank\" rel=\"noreferrer noopener\">movistar.es<\/a>, 1004, tiendas Movistar, estaciones de servicio Repsol y la <a href=\"https:\/\/www.movistar.es\/solar360?pid=blogmovistar_energiasolar_5140\">web de Solar360<\/a>. Solo tienen que dejar sus datos y &nbsp;uno de nuestros expertos solares se pondr\u00e1 en contacto para comenzar el asesoramiento. &nbsp;<\/p>\n","protected":false},"excerpt":{"rendered":"<p>Queremos que sigas conociendo en primicia m\u00e1s sobre la uni\u00f3n de Repsol con Movistar. Solar360, la empresa creada por ambos, supone una nueva manera de entender la energ\u00eda solar de autoconsumo.&nbsp; El blog de Movistar [&hellip;]<\/p>\n","protected":false},"author":93,"featured_media":5173,"comment_status":"closed","ping_status":"closed","sticky":false,"template":"","format":"standard","meta":{"site-sidebar-layout":"default","site-content-layout":"","ast-site-content-layout":"","site-content-style":"default","site-sidebar-style":"default","ast-global-header-display":"","ast-banner-title-visibility":"","ast-main-header-display":"","ast-hfb-above-header-display":"","ast-hfb-below-header-display":"","ast-hfb-mobile-header-display":"","site-post-title":"","ast-breadcrumbs-content":"","ast-featured-img":"","footer-sml-layout":"","theme-transparent-header-meta":"","adv-header-id-meta":"","stick-header-meta":"","header-above-stick-meta":"","header-main-stick-meta":"","header-below-stick-meta":"","astra-migrate-meta-layouts":"default","ast-page-background-enabled":"default","ast-page-background-meta":{"desktop":{"background-color":"var(--ast-global-color-4)","background-image":"","background-repeat":"repeat","background-position":"center center","background-size":"auto","background-attachment":"scroll","background-type":"","background-media":"","overlay-type":"","overlay-color":"","overlay-opacity":"","overlay-gradient":""},"tablet":{"background-color":"","background-image":"","background-repeat":"repeat","background-position":"center center","background-size":"auto","background-attachment":"scroll","background-type":"","background-media":"","overlay-type":"","overlay-color":"","overlay-opacity":"","overlay-gradient":""},"mobile":{"background-color":"","background-image":"","background-repeat":"repeat","background-position":"center center","background-size":"auto","background-attachment":"scroll","background-type":"","background-media":"","overlay-type":"","overlay-color":"","overlay-opacity":"","overlay-gradient":""}},"ast-content-background-meta":{"desktop":{"background-color":"var(--ast-global-color-5)","background-image":"","background-repeat":"repeat","background-position":"center center","background-size":"auto","background-attachment":"scroll","background-type":"","background-media":"","overlay-type":"","overlay-color":"","overlay-opacity":"","overlay-gradient":""},"tablet":{"background-color":"var(--ast-global-color-5)","background-image":"","background-repeat":"repeat","background-position":"center center","background-size":"auto","background-attachment":"scroll","background-type":"","background-media":"","overlay-type":"","overlay-color":"","overlay-opacity":"","overlay-gradient":""},"mobile":{"background-color":"var(--ast-global-color-5)","background-image":"","background-repeat":"repeat","background-position":"center center","background-size":"auto","background-attachment":"scroll","background-type":"","background-media":"","overlay-type":"","overlay-color":"","overlay-opacity":"","overlay-gradient":""}},"_jetpack_memberships_contains_paid_content":false,"footnotes":""},"categories":[1],"tags":[475,476],"area":[190],"cluster":[342],"linea_editorial":[],"coauthors":[467],"class_list":["post-5140","post","type-post","status-publish","format-standard","has-post-thumbnail","hentry","category-sin-categoria","tag-energia-solar","tag-especialistas","area-content-movistar","cluster-energia-solar"],"yoast_head":"<!-- This site is optimized with the Yoast SEO Premium plugin v25.5 (Yoast SEO v25.5) - https:\/\/yoast.com\/wordpress\/plugins\/seo\/ -->\n<title>Movistar blog - Solar 360 especialistas en energ\u00eda solar<\/title>\n<meta name=\"description\" content=\"En Solar 360 son especialistas en energ\u00eda solar y tienen una nueva forma de relaci\u00f3n con la energ\u00eda solar que va m\u00e1s all\u00e1 de la instalaci\u00f3n.\" \/>\n<meta name=\"robots\" content=\"index, follow, max-snippet:-1, max-image-preview:large, max-video-preview:-1\" \/>\n<link rel=\"canonical\" href=\"https:\/\/www.movistar.es\/blog\/energia-solar\/solar360-especialistas-en-energia-solar\/\" \/>\n<meta property=\"og:locale\" content=\"es_ES\" \/>\n<meta property=\"og:type\" content=\"article\" \/>\n<meta property=\"og:title\" content=\"&quot;Somos los aut\u00e9nticos especialistas en energ\u00eda solar&quot; declara Alberto Jim\u00e9nez, CMO de Solar360\" \/>\n<meta property=\"og:description\" content=\"En Solar 360 son especialistas en energ\u00eda solar y tienen una nueva forma de relaci\u00f3n con la energ\u00eda solar que va m\u00e1s all\u00e1 de la instalaci\u00f3n.\" \/>\n<meta property=\"og:url\" content=\"https:\/\/www.movistar.es\/blog\/energia-solar\/solar360-especialistas-en-energia-solar\/\" \/>\n<meta property=\"og:site_name\" content=\"Movistar blog\" \/>\n<meta property=\"article:author\" content=\"movistar.es\/\" \/>\n<meta property=\"article:published_time\" content=\"2022-07-17T07:27:00+00:00\" \/>\n<meta property=\"article:modified_time\" content=\"2023-01-23T14:05:42+00:00\" \/>\n<meta property=\"og:image\" content=\"https:\/\/www.movistar.es\/blog\/wp-content\/uploads\/sites\/3\/2022\/07\/solar360_albertojimenez_ppal_1040x650.jpg\" \/>\n\t<meta property=\"og:image:width\" content=\"1040\" \/>\n\t<meta property=\"og:image:height\" content=\"650\" \/>\n\t<meta property=\"og:image:type\" content=\"image\/jpeg\" \/>\n<meta name=\"author\" content=\"Equipo de Redacci\u00f3n\" \/>\n<meta name=\"twitter:card\" content=\"summary_large_image\" \/>\n<meta name=\"twitter:creator\" content=\"@movistar_es\" \/>\n<meta name=\"twitter:label1\" content=\"Written by\" \/>\n\t<meta name=\"twitter:data1\" content=\"Equipo de Redacci\u00f3n\" \/>\n\t<meta name=\"twitter:label2\" content=\"Est. reading time\" \/>\n\t<meta name=\"twitter:data2\" content=\"4 minutos\" \/>\n<script type=\"application\/ld+json\" class=\"yoast-schema-graph\">{\"@context\":\"https:\/\/schema.org\",\"@graph\":[{\"@type\":\"Article\",\"@id\":\"https:\/\/www.movistar.es\/blog\/energia-solar\/solar360-especialistas-en-energia-solar\/#article\",\"isPartOf\":{\"@id\":\"https:\/\/www.movistar.es\/blog\/energia-solar\/solar360-especialistas-en-energia-solar\/\"},\"author\":{\"name\":\"Equipo de Redacci\u00f3n\",\"@id\":\"https:\/\/www.movistar.es\/blog\/#\/schema\/person\/6184006f5def4638e52e2d0ff98bd55a\"},\"headline\":\"\u00abSomos los aut\u00e9nticos especialistas en energ\u00eda solar\u00bb declara Alberto Jim\u00e9nez, CMO de Solar360\",\"datePublished\":\"2022-07-17T07:27:00+00:00\",\"dateModified\":\"2023-01-23T14:05:42+00:00\",\"mainEntityOfPage\":{\"@id\":\"https:\/\/www.movistar.es\/blog\/energia-solar\/solar360-especialistas-en-energia-solar\/\"},\"wordCount\":854,\"publisher\":{\"@id\":\"https:\/\/www.movistar.es\/blog\/#organization\"},\"image\":{\"@id\":\"https:\/\/www.movistar.es\/blog\/energia-solar\/solar360-especialistas-en-energia-solar\/#primaryimage\"},\"thumbnailUrl\":\"https:\/\/www.movistar.es\/blog\/wp-content\/uploads\/sites\/3\/2022\/07\/solar360_albertojimenez_ppal_1040x650.jpg\",\"keywords\":[\"energia solar\",\"especialistas\"],\"inLanguage\":\"es\"},{\"@type\":\"WebPage\",\"@id\":\"https:\/\/www.movistar.es\/blog\/energia-solar\/solar360-especialistas-en-energia-solar\/\",\"url\":\"https:\/\/www.movistar.es\/blog\/energia-solar\/solar360-especialistas-en-energia-solar\/\",\"name\":\"Movistar blog - Solar 360 especialistas en energ\u00eda solar\",\"isPartOf\":{\"@id\":\"https:\/\/www.movistar.es\/blog\/#website\"},\"primaryImageOfPage\":{\"@id\":\"https:\/\/www.movistar.es\/blog\/energia-solar\/solar360-especialistas-en-energia-solar\/#primaryimage\"},\"image\":{\"@id\":\"https:\/\/www.movistar.es\/blog\/energia-solar\/solar360-especialistas-en-energia-solar\/#primaryimage\"},\"thumbnailUrl\":\"https:\/\/www.movistar.es\/blog\/wp-content\/uploads\/sites\/3\/2022\/07\/solar360_albertojimenez_ppal_1040x650.jpg\",\"datePublished\":\"2022-07-17T07:27:00+00:00\",\"dateModified\":\"2023-01-23T14:05:42+00:00\",\"description\":\"En Solar 360 son especialistas en energ\u00eda solar y tienen una nueva forma de relaci\u00f3n con la energ\u00eda solar que va m\u00e1s all\u00e1 de la instalaci\u00f3n.\",\"breadcrumb\":{\"@id\":\"https:\/\/www.movistar.es\/blog\/energia-solar\/solar360-especialistas-en-energia-solar\/#breadcrumb\"},\"inLanguage\":\"es\",\"potentialAction\":[{\"@type\":\"ReadAction\",\"target\":[\"https:\/\/www.movistar.es\/blog\/energia-solar\/solar360-especialistas-en-energia-solar\/\"]}]},{\"@type\":\"ImageObject\",\"inLanguage\":\"es\",\"@id\":\"https:\/\/www.movistar.es\/blog\/energia-solar\/solar360-especialistas-en-energia-solar\/#primaryimage\",\"url\":\"https:\/\/www.movistar.es\/blog\/wp-content\/uploads\/sites\/3\/2022\/07\/solar360_albertojimenez_ppal_1040x650.jpg\",\"contentUrl\":\"https:\/\/www.movistar.es\/blog\/wp-content\/uploads\/sites\/3\/2022\/07\/solar360_albertojimenez_ppal_1040x650.jpg\",\"width\":1040,\"height\":650},{\"@type\":\"BreadcrumbList\",\"@id\":\"https:\/\/www.movistar.es\/blog\/energia-solar\/solar360-especialistas-en-energia-solar\/#breadcrumb\",\"itemListElement\":[{\"@type\":\"ListItem\",\"position\":1,\"name\":\"Home\",\"item\":\"https:\/\/www.movistar.es\/blog\/\"},{\"@type\":\"ListItem\",\"position\":2,\"name\":\"\u00abSomos los aut\u00e9nticos especialistas en energ\u00eda solar\u00bb declara Alberto Jim\u00e9nez, CMO de Solar360\"}]},{\"@type\":\"WebSite\",\"@id\":\"https:\/\/www.movistar.es\/blog\/#website\",\"url\":\"https:\/\/www.movistar.es\/blog\/\",\"name\":\"Movistar blog\",\"description\":\"Movistar Blog. Informaci\u00f3n y m\u00e1s sobre los productos y servicios de Movistar\",\"publisher\":{\"@id\":\"https:\/\/www.movistar.es\/blog\/#organization\"},\"potentialAction\":[{\"@type\":\"SearchAction\",\"target\":{\"@type\":\"EntryPoint\",\"urlTemplate\":\"https:\/\/www.movistar.es\/blog\/?s={search_term_string}\"},\"query-input\":{\"@type\":\"PropertyValueSpecification\",\"valueRequired\":true,\"valueName\":\"search_term_string\"}}],\"inLanguage\":\"es\"},{\"@type\":\"Organization\",\"@id\":\"https:\/\/www.movistar.es\/blog\/#organization\",\"name\":\"Movistar blog\",\"url\":\"https:\/\/www.movistar.es\/blog\/\",\"logo\":{\"@type\":\"ImageObject\",\"inLanguage\":\"es\",\"@id\":\"https:\/\/www.movistar.es\/blog\/#\/schema\/logo\/image\/\",\"url\":\"https:\/\/www.movistar.es\/blog\/wp-content\/uploads\/sites\/3\/2022\/05\/logo_movistar-1.svg\",\"contentUrl\":\"https:\/\/www.movistar.es\/blog\/wp-content\/uploads\/sites\/3\/2022\/05\/logo_movistar-1.svg\",\"width\":369,\"height\":272,\"caption\":\"Movistar blog\"},\"image\":{\"@id\":\"https:\/\/www.movistar.es\/blog\/#\/schema\/logo\/image\/\"}},{\"@type\":\"Person\",\"@id\":\"https:\/\/www.movistar.es\/blog\/#\/schema\/person\/6184006f5def4638e52e2d0ff98bd55a\",\"name\":\"Equipo de Redacci\u00f3n\",\"image\":{\"@type\":\"ImageObject\",\"inLanguage\":\"es\",\"@id\":\"https:\/\/www.movistar.es\/blog\/#\/schema\/person\/image\/8dbf7dc767c23aa5f974d575dda930c5\",\"url\":\"https:\/\/secure.gravatar.com\/avatar\/ce5aadad84c2aeb36c9813c46e41a53b0c9cc1d57205e8cde4bdf0ed790b3c97\",\"contentUrl\":\"https:\/\/secure.gravatar.com\/avatar\/ce5aadad84c2aeb36c9813c46e41a53b0c9cc1d57205e8cde4bdf0ed790b3c97\",\"caption\":\"Equipo de Redacci\u00f3n\"},\"description\":\"Buscamos temas de tu inter\u00e9s. Te contamos c\u00f3mo pueden ayudarte en tu d\u00eda a d\u00eda los productos y servicios de Movistar. No queremos venderte nada. Queremos descubrirte cosas para hacerte la vida m\u00e1s f\u00e1cil.\",\"sameAs\":[\"https:\/\/www.movistar.es\/\",\"movistar.es\/\",\"https:\/\/www.instagram.com\/movistar_es\/?hl=es\",\"https:\/\/x.com\/movistar_es\"],\"knowsAbout\":[\"smartphones\",\"conectividad\",\"hogar digital\",\"ciberseguridad\"],\"url\":\"https:\/\/www.movistar.es\/blog\/author\/contentmovistar\/\"}]}<\/script>\n<!-- \/ Yoast SEO Premium plugin. -->","yoast_head_json":{"title":"Movistar blog - Solar 360 especialistas en energ\u00eda solar","description":"En Solar 360 son especialistas en energ\u00eda solar y tienen una nueva forma de relaci\u00f3n con la energ\u00eda solar que va m\u00e1s all\u00e1 de la instalaci\u00f3n.","robots":{"index":"index","follow":"follow","max-snippet":"max-snippet:-1","max-image-preview":"max-image-preview:large","max-video-preview":"max-video-preview:-1"},"canonical":"https:\/\/www.movistar.es\/blog\/energia-solar\/solar360-especialistas-en-energia-solar\/","og_locale":"es_ES","og_type":"article","og_title":"\"Somos los aut\u00e9nticos especialistas en energ\u00eda solar\" declara Alberto Jim\u00e9nez, CMO de Solar360","og_description":"En Solar 360 son especialistas en energ\u00eda solar y tienen una nueva forma de relaci\u00f3n con la energ\u00eda solar que va m\u00e1s all\u00e1 de la instalaci\u00f3n.","og_url":"https:\/\/www.movistar.es\/blog\/energia-solar\/solar360-especialistas-en-energia-solar\/","og_site_name":"Movistar blog","article_author":"movistar.es\/","article_published_time":"2022-07-17T07:27:00+00:00","article_modified_time":"2023-01-23T14:05:42+00:00","og_image":[{"width":1040,"height":650,"url":"https:\/\/www.movistar.es\/blog\/wp-content\/uploads\/sites\/3\/2022\/07\/solar360_albertojimenez_ppal_1040x650.jpg","type":"image\/jpeg"}],"author":"Equipo de Redacci\u00f3n","twitter_card":"summary_large_image","twitter_creator":"@movistar_es","twitter_misc":{"Written by":"Equipo de Redacci\u00f3n","Est. reading time":"4 minutos"},"schema":{"@context":"https:\/\/schema.org","@graph":[{"@type":"Article","@id":"https:\/\/www.movistar.es\/blog\/energia-solar\/solar360-especialistas-en-energia-solar\/#article","isPartOf":{"@id":"https:\/\/www.movistar.es\/blog\/energia-solar\/solar360-especialistas-en-energia-solar\/"},"author":{"name":"Equipo de Redacci\u00f3n","@id":"https:\/\/www.movistar.es\/blog\/#\/schema\/person\/6184006f5def4638e52e2d0ff98bd55a"},"headline":"\u00abSomos los aut\u00e9nticos especialistas en energ\u00eda solar\u00bb declara Alberto Jim\u00e9nez, CMO de Solar360","datePublished":"2022-07-17T07:27:00+00:00","dateModified":"2023-01-23T14:05:42+00:00","mainEntityOfPage":{"@id":"https:\/\/www.movistar.es\/blog\/energia-solar\/solar360-especialistas-en-energia-solar\/"},"wordCount":854,"publisher":{"@id":"https:\/\/www.movistar.es\/blog\/#organization"},"image":{"@id":"https:\/\/www.movistar.es\/blog\/energia-solar\/solar360-especialistas-en-energia-solar\/#primaryimage"},"thumbnailUrl":"https:\/\/www.movistar.es\/blog\/wp-content\/uploads\/sites\/3\/2022\/07\/solar360_albertojimenez_ppal_1040x650.jpg","keywords":["energia solar","especialistas"],"inLanguage":"es"},{"@type":"WebPage","@id":"https:\/\/www.movistar.es\/blog\/energia-solar\/solar360-especialistas-en-energia-solar\/","url":"https:\/\/www.movistar.es\/blog\/energia-solar\/solar360-especialistas-en-energia-solar\/","name":"Movistar blog - Solar 360 especialistas en energ\u00eda solar","isPartOf":{"@id":"https:\/\/www.movistar.es\/blog\/#website"},"primaryImageOfPage":{"@id":"https:\/\/www.movistar.es\/blog\/energia-solar\/solar360-especialistas-en-energia-solar\/#primaryimage"},"image":{"@id":"https:\/\/www.movistar.es\/blog\/energia-solar\/solar360-especialistas-en-energia-solar\/#primaryimage"},"thumbnailUrl":"https:\/\/www.movistar.es\/blog\/wp-content\/uploads\/sites\/3\/2022\/07\/solar360_albertojimenez_ppal_1040x650.jpg","datePublished":"2022-07-17T07:27:00+00:00","dateModified":"2023-01-23T14:05:42+00:00","description":"En Solar 360 son especialistas en energ\u00eda solar y tienen una nueva forma de relaci\u00f3n con la energ\u00eda solar que va m\u00e1s all\u00e1 de la instalaci\u00f3n.","breadcrumb":{"@id":"https:\/\/www.movistar.es\/blog\/energia-solar\/solar360-especialistas-en-energia-solar\/#breadcrumb"},"inLanguage":"es","potentialAction":[{"@type":"ReadAction","target":["https:\/\/www.movistar.es\/blog\/energia-solar\/solar360-especialistas-en-energia-solar\/"]}]},{"@type":"ImageObject","inLanguage":"es","@id":"https:\/\/www.movistar.es\/blog\/energia-solar\/solar360-especialistas-en-energia-solar\/#primaryimage","url":"https:\/\/www.movistar.es\/blog\/wp-content\/uploads\/sites\/3\/2022\/07\/solar360_albertojimenez_ppal_1040x650.jpg","contentUrl":"https:\/\/www.movistar.es\/blog\/wp-content\/uploads\/sites\/3\/2022\/07\/solar360_albertojimenez_ppal_1040x650.jpg","width":1040,"height":650},{"@type":"BreadcrumbList","@id":"https:\/\/www.movistar.es\/blog\/energia-solar\/solar360-especialistas-en-energia-solar\/#breadcrumb","itemListElement":[{"@type":"ListItem","position":1,"name":"Home","item":"https:\/\/www.movistar.es\/blog\/"},{"@type":"ListItem","position":2,"name":"\u00abSomos los aut\u00e9nticos especialistas en energ\u00eda solar\u00bb declara Alberto Jim\u00e9nez, CMO de Solar360"}]},{"@type":"WebSite","@id":"https:\/\/www.movistar.es\/blog\/#website","url":"https:\/\/www.movistar.es\/blog\/","name":"Movistar blog","description":"Movistar Blog. Informaci\u00f3n y m\u00e1s sobre los productos y servicios de Movistar","publisher":{"@id":"https:\/\/www.movistar.es\/blog\/#organization"},"potentialAction":[{"@type":"SearchAction","target":{"@type":"EntryPoint","urlTemplate":"https:\/\/www.movistar.es\/blog\/?s={search_term_string}"},"query-input":{"@type":"PropertyValueSpecification","valueRequired":true,"valueName":"search_term_string"}}],"inLanguage":"es"},{"@type":"Organization","@id":"https:\/\/www.movistar.es\/blog\/#organization","name":"Movistar blog","url":"https:\/\/www.movistar.es\/blog\/","logo":{"@type":"ImageObject","inLanguage":"es","@id":"https:\/\/www.movistar.es\/blog\/#\/schema\/logo\/image\/","url":"https:\/\/www.movistar.es\/blog\/wp-content\/uploads\/sites\/3\/2022\/05\/logo_movistar-1.svg","contentUrl":"https:\/\/www.movistar.es\/blog\/wp-content\/uploads\/sites\/3\/2022\/05\/logo_movistar-1.svg","width":369,"height":272,"caption":"Movistar blog"},"image":{"@id":"https:\/\/www.movistar.es\/blog\/#\/schema\/logo\/image\/"}},{"@type":"Person","@id":"https:\/\/www.movistar.es\/blog\/#\/schema\/person\/6184006f5def4638e52e2d0ff98bd55a","name":"Equipo de Redacci\u00f3n","image":{"@type":"ImageObject","inLanguage":"es","@id":"https:\/\/www.movistar.es\/blog\/#\/schema\/person\/image\/8dbf7dc767c23aa5f974d575dda930c5","url":"https:\/\/secure.gravatar.com\/avatar\/ce5aadad84c2aeb36c9813c46e41a53b0c9cc1d57205e8cde4bdf0ed790b3c97","contentUrl":"https:\/\/secure.gravatar.com\/avatar\/ce5aadad84c2aeb36c9813c46e41a53b0c9cc1d57205e8cde4bdf0ed790b3c97","caption":"Equipo de Redacci\u00f3n"},"description":"Buscamos temas de tu inter\u00e9s. Te contamos c\u00f3mo pueden ayudarte en tu d\u00eda a d\u00eda los productos y servicios de Movistar. No queremos venderte nada. Queremos descubrirte cosas para hacerte la vida m\u00e1s f\u00e1cil.","sameAs":["https:\/\/www.movistar.es\/","movistar.es\/","https:\/\/www.instagram.com\/movistar_es\/?hl=es","https:\/\/x.com\/movistar_es"],"knowsAbout":["smartphones","conectividad","hogar digital","ciberseguridad"],"url":"https:\/\/www.movistar.es\/blog\/author\/contentmovistar\/"}]}},"jetpack_featured_media_url":"https:\/\/www.movistar.es\/blog\/wp-content\/uploads\/sites\/3\/2022\/07\/solar360_albertojimenez_ppal_1040x650.jpg","jetpack_sharing_enabled":true,"_links":{"self":[{"href":"https:\/\/www.movistar.es\/blog\/wp-json\/wp\/v2\/posts\/5140","targetHints":{"allow":["GET"]}}],"collection":[{"href":"https:\/\/www.movistar.es\/blog\/wp-json\/wp\/v2\/posts"}],"about":[{"href":"https:\/\/www.movistar.es\/blog\/wp-json\/wp\/v2\/types\/post"}],"author":[{"embeddable":true,"href":"https:\/\/www.movistar.es\/blog\/wp-json\/wp\/v2\/users\/93"}],"replies":[{"embeddable":true,"href":"https:\/\/www.movistar.es\/blog\/wp-json\/wp\/v2\/comments?post=5140"}],"version-history":[{"count":28,"href":"https:\/\/www.movistar.es\/blog\/wp-json\/wp\/v2\/posts\/5140\/revisions"}],"predecessor-version":[{"id":10679,"href":"https:\/\/www.movistar.es\/blog\/wp-json\/wp\/v2\/posts\/5140\/revisions\/10679"}],"wp:featuredmedia":[{"embeddable":true,"href":"https:\/\/www.movistar.es\/blog\/wp-json\/wp\/v2\/media\/5173"}],"wp:attachment":[{"href":"https:\/\/www.movistar.es\/blog\/wp-json\/wp\/v2\/media?parent=5140"}],"wp:term":[{"taxonomy":"category","embeddable":true,"href":"https:\/\/www.movistar.es\/blog\/wp-json\/wp\/v2\/categories?post=5140"},{"taxonomy":"post_tag","embeddable":true,"href":"https:\/\/www.movistar.es\/blog\/wp-json\/wp\/v2\/tags?post=5140"},{"taxonomy":"area","embeddable":true,"href":"https:\/\/www.movistar.es\/blog\/wp-json\/wp\/v2\/area?post=5140"},{"taxonomy":"cluster","embeddable":true,"href":"https:\/\/www.movistar.es\/blog\/wp-json\/wp\/v2\/cluster?post=5140"},{"taxonomy":"linea_editorial","embeddable":true,"href":"https:\/\/www.movistar.es\/blog\/wp-json\/wp\/v2\/linea_editorial?post=5140"},{"taxonomy":"author","embeddable":true,"href":"https:\/\/www.movistar.es\/blog\/wp-json\/wp\/v2\/coauthors?post=5140"}],"curies":[{"name":"wp","href":"https:\/\/api.w.org\/{rel}","templated":true}]}}