{"id":4972,"date":"2022-07-07T14:00:00","date_gmt":"2022-07-07T12:00:00","guid":{"rendered":"https:\/\/www.movistar.es\/blog\/?p=4972"},"modified":"2022-07-08T10:13:27","modified_gmt":"2022-07-08T08:13:27","slug":"manchas-blancas-piel-tipos-sintomas-tratamiento","status":"publish","type":"post","link":"https:\/\/www.movistar.es\/blog\/salud\/manchas-blancas-piel-tipos-sintomas-tratamiento\/","title":{"rendered":"Manchas blancas en la piel: tipos, s\u00edntomas y c\u00f3mo tratarlas"},"content":{"rendered":"\n<p>Despu\u00e9s de pasar unas merecidas vacaciones disfrutando del sol, en ocasiones podemos notar que nos aparecen algunas manchas blancas en la piel. Sin embargo, el sol no es la \u00fanica causa que puede producirlas.<\/p>\n\n\n\n<p>Hoy vamos a tratar de explicar de forma detallada por qu\u00e9 salen estas manchas, cu\u00e1les son las m\u00e1s comunes, c\u00f3mo debemos de tratarlas y, tambi\u00e9n, c\u00f3mo podemos prevenirlas. <\/p>\n\n\n\n<figure class=\"wp-block-image size-large is-resized\"><img loading=\"lazy\" decoding=\"async\" src=\"https:\/\/www.movistar.es\/blog\/wp-content\/uploads\/sites\/3\/2022\/07\/Depositphotos_32147081_L.jpg?w=1024\" alt=\"\" class=\"wp-image-5032\" width=\"1024\" height=\"682\" srcset=\"https:\/\/www.movistar.es\/blog\/wp-content\/uploads\/sites\/3\/2022\/07\/Depositphotos_32147081_L.jpg 2000w, https:\/\/www.movistar.es\/blog\/wp-content\/uploads\/sites\/3\/2022\/07\/Depositphotos_32147081_L.jpg?resize=300,200 300w, https:\/\/www.movistar.es\/blog\/wp-content\/uploads\/sites\/3\/2022\/07\/Depositphotos_32147081_L.jpg?resize=768,512 768w, https:\/\/www.movistar.es\/blog\/wp-content\/uploads\/sites\/3\/2022\/07\/Depositphotos_32147081_L.jpg?resize=1024,682 1024w, https:\/\/www.movistar.es\/blog\/wp-content\/uploads\/sites\/3\/2022\/07\/Depositphotos_32147081_L.jpg?resize=1536,1024 1536w\" sizes=\"auto, (max-width: 1024px) 100vw, 1024px\" \/><figcaption><em>Foto de <a href=\"https:\/\/sp.depositphotos.com\/portfolio-1011643.html\" target=\"_blank\" rel=\"noreferrer noopener\">Michael Jung<\/a><\/em><\/figcaption><\/figure>\n\n\n\n<h2 class=\"wp-block-heading\" id=\"h-que-son-las-manchas-blancas-en-la-piel-por-que-salen-y-que-sintomas-tienen\"><strong>\u00bfQu\u00e9 son las manchas blancas en la piel, por qu\u00e9 salen y qu\u00e9 s\u00edntomas tienen?<\/strong><\/h2>\n\n\n\n<p>Para empezar, tenemos que aclarar que existen varios tipos de manchas blancas en la piel, relacionadas con diversas causas y manifestando unos s\u00edntomas variables. Entre las m\u00e1s comunes, podemos encontrar cuatro clases diferentes, seg\u00fan su origen: hipomelanosis en gotas, <a href=\"https:\/\/medlineplus.gov\/spanish\/ency\/article\/000831.htm\" target=\"_blank\" rel=\"noreferrer noopener\">vit\u00edligo<\/a>, pitiriasis versicolor y pitiriasis alba.<\/p>\n\n\n\n<ul class=\"wp-block-list\"><li><strong>Hipomelanosis en gotas<\/strong>: \u00bbEs uno de los trastornos de pigmentaci\u00f3n m\u00e1s frecuentes. Se caracteriza por la aparici\u00f3n de manchas blancas de peque\u00f1o tama\u00f1o (menos de 1 cm) y de forma redondeada y suelen salir en \u00e1reas de piel expuestas al sol, como brazos y piernas. Su causa es el exceso de exposici\u00f3n solar (fotoenvejecimiento cut\u00e1neo) que induce una degeneraci\u00f3n de los melanocitos que pierden la capacidad de producir <a href=\"https:\/\/es.wikipedia.org\/wiki\/Melanina\" target=\"_blank\" rel=\"noreferrer noopener\">melanina<\/a>\u00bb.<\/li><\/ul>\n\n\n\n<ul class=\"wp-block-list\"><li><strong>Vit\u00edligo<\/strong>: \u00bbSe trata de una patolog\u00eda autoinmune cr\u00f3nica que causa despigmentaci\u00f3n de la piel y la aparici\u00f3n de manchas blancas. Estas pueden tener un tama\u00f1o variable, pudiendo, incluso, afectar a la totalidad del cuerpo. La causa es gen\u00e9tica y autoinmune, produci\u00e9ndose una reacci\u00f3n inflamatoria que destruye los melanocitos, dejando zonas de piel sin pigmento\u00bb.&nbsp;<\/li><\/ul>\n\n\n\n<figure class=\"wp-block-image size-large\"><img loading=\"lazy\" decoding=\"async\" height=\"680\" width=\"1024\" src=\"https:\/\/www.movistar.es\/blog\/wp-content\/uploads\/sites\/3\/2022\/07\/Depositphotos_192472178_L.jpg?w=1024\" alt=\"\" class=\"wp-image-5029\" srcset=\"https:\/\/www.movistar.es\/blog\/wp-content\/uploads\/sites\/3\/2022\/07\/Depositphotos_192472178_L.jpg 1999w, https:\/\/www.movistar.es\/blog\/wp-content\/uploads\/sites\/3\/2022\/07\/Depositphotos_192472178_L.jpg?resize=300,199 300w, https:\/\/www.movistar.es\/blog\/wp-content\/uploads\/sites\/3\/2022\/07\/Depositphotos_192472178_L.jpg?resize=768,510 768w, https:\/\/www.movistar.es\/blog\/wp-content\/uploads\/sites\/3\/2022\/07\/Depositphotos_192472178_L.jpg?resize=1024,680 1024w, https:\/\/www.movistar.es\/blog\/wp-content\/uploads\/sites\/3\/2022\/07\/Depositphotos_192472178_L.jpg?resize=1536,1020 1536w\" sizes=\"auto, (max-width: 1024px) 100vw, 1024px\" \/><figcaption><em>Foto de <a href=\"https:\/\/sp.depositphotos.com\/portfolio-1714516.html\" target=\"_blank\" rel=\"noreferrer noopener\">Monakhova<\/a><\/em><\/figcaption><\/figure>\n\n\n\n<ul class=\"wp-block-list\"><li><strong>Pitiriasis versicolor<\/strong>: \u00bbEs una micosis cut\u00e1nea producida por diferentes especies del g\u00e9nero Malassezia, un hongo de nuestra piel que puede causar patolog\u00eda por exceso de humedad, secreci\u00f3n seb\u00e1cea, calor y por otros factores como hormonales o predisposici\u00f3n gen\u00e9tica. Los s\u00edntomas son en forma de manchas, que aparecen en zonas de piel rica en gl\u00e1ndulas seb\u00e1ceas de forma redondeada u ovalada, de diferentes tama\u00f1os que pueden ser confluentes entre ellas y est\u00e1n cubiertas por una descamaci\u00f3n muy fina\u00bb.<\/li><\/ul>\n\n\n\n<ul class=\"wp-block-list\"><li><strong>Pitiriasis alba<\/strong>: \u00bbEsta <a href=\"https:\/\/www.eluniverso.com\/larevista\/2020\/12\/04\/nota\/8071696\/diferencia-dermatitis-dermatosis-causas-sintomas-tratamientos\/\" target=\"_blank\" rel=\"noreferrer noopener\">dermatosis<\/a> es muy com\u00fan y suele verse en la infancia, caracterizada por la aparici\u00f3n de manchas m\u00e1s p\u00e1lidas que la piel normal localizadas principalmente en la zona facial o ra\u00edz de extremidades. Suelen iniciarse como parches de piel rosada y escamosa que pueden producir picor y evolucionan hacia manchas blancas que suelen persistir meses. Esta dermatosis se considera una manifestaci\u00f3n leve de dermatitis at\u00f3pica\u00bb.<\/li><\/ul>\n\n\n\n<h2 class=\"wp-block-heading\" class=\"wp-block-heading\" id=\"que-tratamientos-son-los-mas-comunes-y-como-podemos-evitar-su-aparicion\"><strong>\u00bfQu\u00e9 tratamientos son los m\u00e1s comunes y c\u00f3mo podemos evitar su aparici\u00f3n?<\/strong><\/h2>\n\n\n\n<p>A continuaci\u00f3n, explicaremos c\u00f3mo podemos tratar estas manchas una vez que han aparecido, as\u00ed como las mejores formas para tratar de prevenirlas, en el caso de que sea posible.<\/p>\n\n\n\n<p>A\u00fan as\u00ed, lo m\u00e1s recomendable si tienes manchas blancas en la piel es acudir a la consulta de un especialista, o bien realizar una<a href=\"https:\/\/www.movistar.es\/blog\/salud\/consulta-medica-online-vacaciones\/\" target=\"_blank\" rel=\"noreferrer noopener\"> consulta m\u00e9dica online<\/a> como las que te ofrece <a href=\"https:\/\/www.movistar.es\/particulares\/telemedicina-medico-online?pid=blogmovistar_salud_4972\" target=\"_blank\" rel=\"noreferrer noopener\">Movistar Salud<\/a>.<\/p>\n\n\n\n<ul class=\"wp-block-list\"><li><strong>Hipomelanosis en gotas<\/strong>: \u00bbNo existe un tratamiento efectivo y la principal recomendaci\u00f3n es mantener unos correctos h\u00e1bitos de protecci\u00f3n solar para prevenir su aparici\u00f3n\u00bb.<\/li><\/ul>\n\n\n\n<ul class=\"wp-block-list\"><li><strong>Vit\u00edligo<\/strong>: \u00bbAunque la exposici\u00f3n solar no influye en su aparici\u00f3n, se debe recomendar una protecci\u00f3n solar extrema. Existen varios tratamientos pero los m\u00e1s habituales son los corticoides e inmunomoduladores t\u00f3picos y la fototerapia. En ocasiones se pueden usar corticoides e inmunosupresores sist\u00e9micos\u00bb.<\/li><\/ul>\n\n\n\n<figure class=\"wp-block-image size-large\"><img loading=\"lazy\" decoding=\"async\" height=\"684\" width=\"1024\" src=\"https:\/\/www.movistar.es\/blog\/wp-content\/uploads\/sites\/3\/2022\/07\/Depositphotos_319583128_L.jpg?w=1024\" alt=\"\" class=\"wp-image-5030\" srcset=\"https:\/\/www.movistar.es\/blog\/wp-content\/uploads\/sites\/3\/2022\/07\/Depositphotos_319583128_L.jpg 2000w, https:\/\/www.movistar.es\/blog\/wp-content\/uploads\/sites\/3\/2022\/07\/Depositphotos_319583128_L.jpg?resize=300,200 300w, https:\/\/www.movistar.es\/blog\/wp-content\/uploads\/sites\/3\/2022\/07\/Depositphotos_319583128_L.jpg?resize=768,513 768w, https:\/\/www.movistar.es\/blog\/wp-content\/uploads\/sites\/3\/2022\/07\/Depositphotos_319583128_L.jpg?resize=1024,684 1024w, https:\/\/www.movistar.es\/blog\/wp-content\/uploads\/sites\/3\/2022\/07\/Depositphotos_319583128_L.jpg?resize=1536,1025 1536w\" sizes=\"auto, (max-width: 1024px) 100vw, 1024px\" \/><figcaption><em>Foto de <a href=\"https:\/\/sp.depositphotos.com\/portfolio-13193658.html\" target=\"_blank\" rel=\"noreferrer noopener\">Andrew Lozovyi<\/a><\/em><\/figcaption><\/figure>\n\n\n\n<ul class=\"wp-block-list\"><li><strong>Pitiriasis versicolor<\/strong>: \u00bbEn personas con recurrencias muy frecuentes se puede realizar tratamiento preventivo con geles o champ\u00fas antif\u00fangicos dos o tres veces a la semana. Por otro lado, su tratamiento consiste en la aplicaci\u00f3n de antimic\u00f3ticos t\u00f3picos y en algunos casos est\u00e1 indicado el tratamiento con antif\u00fangicos orales\u00bb.<\/li><\/ul>\n\n\n\n<ul class=\"wp-block-list\"><li><strong>Pitiriasis alba<\/strong>: \u00bbSu tratamiento consiste en la aplicaci\u00f3n de cremas hidratantes de forma habitual y en ocasiones se aconsejan corticoides t\u00f3picos en la fase inicial de las lesiones. No se puede prevenir\u00bb.<\/li><\/ul>\n\n\n\n<p>Como hemos mencionado antes, ante la m\u00e1s m\u00ednima aparici\u00f3n de una de estas manchas, lo mejor es recibir la opini\u00f3n de un m\u00e9dico especialista que te pueda asesorar de la forma m\u00e1s profesional posible.&nbsp;<\/p>\n\n\n\n<p>Con el <a href=\"https:\/\/www.movistar.es\/particulares\/telemedicina-medico-online?pid=blogmovistar_salud_4972\" target=\"_blank\" rel=\"noreferrer noopener\">servicio de Telemedicina de Movistar Salud<\/a>, dispondr\u00e1s de la mejor atenci\u00f3n m\u00e9dica online est\u00e9s donde est\u00e9s. Tanto si eres cliente de Movistar como si todav\u00eda no lo eres, puedes empezar tu prueba gratuita de un mes ahora mismo.<\/p>\n\n\n\n<p><em>Foto destacada por <a href=\"https:\/\/sp.depositphotos.com\/portfolio-1075946.html\" target=\"_blank\" rel=\"noreferrer noopener\">Goodluz<\/a><\/em><\/p>\n","protected":false},"excerpt":{"rendered":"<p>Despu\u00e9s de pasar unas merecidas vacaciones disfrutando del sol, en ocasiones podemos notar que nos aparecen algunas manchas blancas en la piel. Sin embargo, el sol no es la \u00fanica causa que puede producirlas. Hoy [&hellip;]<\/p>\n","protected":false},"author":94,"featured_media":5028,"comment_status":"closed","ping_status":"closed","sticky":false,"template":"","format":"standard","meta":{"site-sidebar-layout":"default","site-content-layout":"","ast-site-content-layout":"","site-content-style":"default","site-sidebar-style":"default","ast-global-header-display":"","ast-banner-title-visibility":"","ast-main-header-display":"","ast-hfb-above-header-display":"","ast-hfb-below-header-display":"","ast-hfb-mobile-header-display":"","site-post-title":"","ast-breadcrumbs-content":"","ast-featured-img":"","footer-sml-layout":"","theme-transparent-header-meta":"","adv-header-id-meta":"","stick-header-meta":"","header-above-stick-meta":"","header-main-stick-meta":"","header-below-stick-meta":"","astra-migrate-meta-layouts":"default","ast-page-background-enabled":"default","ast-page-background-meta":{"desktop":{"background-color":"var(--ast-global-color-4)","background-image":"","background-repeat":"repeat","background-position":"center center","background-size":"auto","background-attachment":"scroll","background-type":"","background-media":"","overlay-type":"","overlay-color":"","overlay-opacity":"","overlay-gradient":""},"tablet":{"background-color":"","background-image":"","background-repeat":"repeat","background-position":"center center","background-size":"auto","background-attachment":"scroll","background-type":"","background-media":"","overlay-type":"","overlay-color":"","overlay-opacity":"","overlay-gradient":""},"mobile":{"background-color":"","background-image":"","background-repeat":"repeat","background-position":"center center","background-size":"auto","background-attachment":"scroll","background-type":"","background-media":"","overlay-type":"","overlay-color":"","overlay-opacity":"","overlay-gradient":""}},"ast-content-background-meta":{"desktop":{"background-color":"var(--ast-global-color-5)","background-image":"","background-repeat":"repeat","background-position":"center center","background-size":"auto","background-attachment":"scroll","background-type":"","background-media":"","overlay-type":"","overlay-color":"","overlay-opacity":"","overlay-gradient":""},"tablet":{"background-color":"var(--ast-global-color-5)","background-image":"","background-repeat":"repeat","background-position":"center center","background-size":"auto","background-attachment":"scroll","background-type":"","background-media":"","overlay-type":"","overlay-color":"","overlay-opacity":"","overlay-gradient":""},"mobile":{"background-color":"var(--ast-global-color-5)","background-image":"","background-repeat":"repeat","background-position":"center center","background-size":"auto","background-attachment":"scroll","background-type":"","background-media":"","overlay-type":"","overlay-color":"","overlay-opacity":"","overlay-gradient":""}},"_jetpack_memberships_contains_paid_content":false,"footnotes":""},"categories":[1],"tags":[464,213],"area":[427],"cluster":[99],"linea_editorial":[],"coauthors":[468],"class_list":["post-4972","post","type-post","status-publish","format-standard","has-post-thumbnail","hentry","category-sin-categoria","tag-manchas-blancas-en-la-piel","tag-movistar-salud","area-gametv","cluster-salud"],"yoast_head":"<!-- This site is optimized with the Yoast SEO Premium plugin v25.5 (Yoast SEO v25.5) - https:\/\/yoast.com\/wordpress\/plugins\/seo\/ -->\n<title>Manchas blancas en la piel: tipos, s\u00edntomas y c\u00f3mo tratarlas<\/title>\n<meta name=\"description\" content=\"Hablamos con la doctora Natalia Moreno para saber qu\u00e9 clases de manchas blancas en la piel existen y c\u00f3mo podemos tratarlas.\" \/>\n<meta name=\"robots\" content=\"index, follow, max-snippet:-1, max-image-preview:large, max-video-preview:-1\" \/>\n<link rel=\"canonical\" href=\"https:\/\/www.movistar.es\/blog\/salud\/manchas-blancas-piel-tipos-sintomas-tratamiento\/\" \/>\n<meta property=\"og:locale\" content=\"es_ES\" \/>\n<meta property=\"og:type\" content=\"article\" \/>\n<meta property=\"og:title\" content=\"Manchas blancas en la piel: tipos, s\u00edntomas y c\u00f3mo tratarlas\" \/>\n<meta property=\"og:description\" content=\"Hablamos con la doctora Natalia Moreno para saber qu\u00e9 clases de manchas blancas en la piel existen y c\u00f3mo podemos tratarlas.\" \/>\n<meta property=\"og:url\" content=\"https:\/\/www.movistar.es\/blog\/salud\/manchas-blancas-piel-tipos-sintomas-tratamiento\/\" \/>\n<meta property=\"og:site_name\" content=\"Movistar blog\" \/>\n<meta property=\"article:author\" content=\"natalia.morenoribera\" \/>\n<meta property=\"article:published_time\" content=\"2022-07-07T12:00:00+00:00\" \/>\n<meta property=\"article:modified_time\" content=\"2022-07-08T08:13:27+00:00\" \/>\n<meta property=\"og:image\" content=\"https:\/\/www.movistar.es\/blog\/wp-content\/uploads\/sites\/3\/2000\/07\/Depositphotos_72742019_L.jpg\" \/>\n\t<meta property=\"og:image:width\" content=\"2000\" \/>\n\t<meta property=\"og:image:height\" content=\"1333\" \/>\n\t<meta property=\"og:image:type\" content=\"image\/jpeg\" \/>\n<meta name=\"author\" content=\"Dra. Natalia Moreno\" \/>\n<meta name=\"twitter:card\" content=\"summary_large_image\" \/>\n<meta name=\"twitter:label1\" content=\"Written by\" \/>\n\t<meta name=\"twitter:data1\" content=\"Dra. Natalia Moreno\" \/>\n\t<meta name=\"twitter:label2\" content=\"Est. reading time\" \/>\n\t<meta name=\"twitter:data2\" content=\"4 minutos\" \/>\n<script type=\"application\/ld+json\" class=\"yoast-schema-graph\">{\"@context\":\"https:\/\/schema.org\",\"@graph\":[{\"@type\":\"Article\",\"@id\":\"https:\/\/www.movistar.es\/blog\/salud\/manchas-blancas-piel-tipos-sintomas-tratamiento\/#article\",\"isPartOf\":{\"@id\":\"https:\/\/www.movistar.es\/blog\/salud\/manchas-blancas-piel-tipos-sintomas-tratamiento\/\"},\"author\":{\"name\":\"Dra. Natalia Moreno\",\"@id\":\"https:\/\/www.movistar.es\/blog\/#\/schema\/person\/0e4bcdf81b4c29af37783516d7633729\"},\"headline\":\"Manchas blancas en la piel: tipos, s\u00edntomas y c\u00f3mo tratarlas\",\"datePublished\":\"2022-07-07T12:00:00+00:00\",\"dateModified\":\"2022-07-08T08:13:27+00:00\",\"mainEntityOfPage\":{\"@id\":\"https:\/\/www.movistar.es\/blog\/salud\/manchas-blancas-piel-tipos-sintomas-tratamiento\/\"},\"wordCount\":799,\"publisher\":{\"@id\":\"https:\/\/www.movistar.es\/blog\/#organization\"},\"image\":{\"@id\":\"https:\/\/www.movistar.es\/blog\/salud\/manchas-blancas-piel-tipos-sintomas-tratamiento\/#primaryimage\"},\"thumbnailUrl\":\"https:\/\/www.movistar.es\/blog\/wp-content\/uploads\/sites\/3\/2000\/07\/Depositphotos_72742019_L.jpg\",\"keywords\":[\"Manchas blancas en la piel\",\"Movistar Salud\"],\"inLanguage\":\"es\"},{\"@type\":\"WebPage\",\"@id\":\"https:\/\/www.movistar.es\/blog\/salud\/manchas-blancas-piel-tipos-sintomas-tratamiento\/\",\"url\":\"https:\/\/www.movistar.es\/blog\/salud\/manchas-blancas-piel-tipos-sintomas-tratamiento\/\",\"name\":\"Manchas blancas en la piel: tipos, s\u00edntomas y c\u00f3mo tratarlas\",\"isPartOf\":{\"@id\":\"https:\/\/www.movistar.es\/blog\/#website\"},\"primaryImageOfPage\":{\"@id\":\"https:\/\/www.movistar.es\/blog\/salud\/manchas-blancas-piel-tipos-sintomas-tratamiento\/#primaryimage\"},\"image\":{\"@id\":\"https:\/\/www.movistar.es\/blog\/salud\/manchas-blancas-piel-tipos-sintomas-tratamiento\/#primaryimage\"},\"thumbnailUrl\":\"https:\/\/www.movistar.es\/blog\/wp-content\/uploads\/sites\/3\/2000\/07\/Depositphotos_72742019_L.jpg\",\"datePublished\":\"2022-07-07T12:00:00+00:00\",\"dateModified\":\"2022-07-08T08:13:27+00:00\",\"description\":\"Hablamos con la doctora Natalia Moreno para saber qu\u00e9 clases de manchas blancas en la piel existen y c\u00f3mo podemos tratarlas.\",\"breadcrumb\":{\"@id\":\"https:\/\/www.movistar.es\/blog\/salud\/manchas-blancas-piel-tipos-sintomas-tratamiento\/#breadcrumb\"},\"inLanguage\":\"es\",\"potentialAction\":[{\"@type\":\"ReadAction\",\"target\":[\"https:\/\/www.movistar.es\/blog\/salud\/manchas-blancas-piel-tipos-sintomas-tratamiento\/\"]}]},{\"@type\":\"ImageObject\",\"inLanguage\":\"es\",\"@id\":\"https:\/\/www.movistar.es\/blog\/salud\/manchas-blancas-piel-tipos-sintomas-tratamiento\/#primaryimage\",\"url\":\"https:\/\/www.movistar.es\/blog\/wp-content\/uploads\/sites\/3\/2000\/07\/Depositphotos_72742019_L.jpg\",\"contentUrl\":\"https:\/\/www.movistar.es\/blog\/wp-content\/uploads\/sites\/3\/2000\/07\/Depositphotos_72742019_L.jpg\",\"width\":2000,\"height\":1333,\"caption\":\"Dermatologist looking at woman's mole with magnifier\"},{\"@type\":\"BreadcrumbList\",\"@id\":\"https:\/\/www.movistar.es\/blog\/salud\/manchas-blancas-piel-tipos-sintomas-tratamiento\/#breadcrumb\",\"itemListElement\":[{\"@type\":\"ListItem\",\"position\":1,\"name\":\"Home\",\"item\":\"https:\/\/www.movistar.es\/blog\/\"},{\"@type\":\"ListItem\",\"position\":2,\"name\":\"Manchas blancas en la piel: tipos, s\u00edntomas y c\u00f3mo tratarlas\"}]},{\"@type\":\"WebSite\",\"@id\":\"https:\/\/www.movistar.es\/blog\/#website\",\"url\":\"https:\/\/www.movistar.es\/blog\/\",\"name\":\"Movistar blog\",\"description\":\"Movistar Blog. Informaci\u00f3n y m\u00e1s sobre los productos y servicios de Movistar\",\"publisher\":{\"@id\":\"https:\/\/www.movistar.es\/blog\/#organization\"},\"potentialAction\":[{\"@type\":\"SearchAction\",\"target\":{\"@type\":\"EntryPoint\",\"urlTemplate\":\"https:\/\/www.movistar.es\/blog\/?s={search_term_string}\"},\"query-input\":{\"@type\":\"PropertyValueSpecification\",\"valueRequired\":true,\"valueName\":\"search_term_string\"}}],\"inLanguage\":\"es\"},{\"@type\":\"Organization\",\"@id\":\"https:\/\/www.movistar.es\/blog\/#organization\",\"name\":\"Movistar blog\",\"url\":\"https:\/\/www.movistar.es\/blog\/\",\"logo\":{\"@type\":\"ImageObject\",\"inLanguage\":\"es\",\"@id\":\"https:\/\/www.movistar.es\/blog\/#\/schema\/logo\/image\/\",\"url\":\"https:\/\/www.movistar.es\/blog\/wp-content\/uploads\/sites\/3\/2022\/05\/logo_movistar-1.svg\",\"contentUrl\":\"https:\/\/www.movistar.es\/blog\/wp-content\/uploads\/sites\/3\/2022\/05\/logo_movistar-1.svg\",\"width\":369,\"height\":272,\"caption\":\"Movistar blog\"},\"image\":{\"@id\":\"https:\/\/www.movistar.es\/blog\/#\/schema\/logo\/image\/\"}},{\"@type\":\"Person\",\"@id\":\"https:\/\/www.movistar.es\/blog\/#\/schema\/person\/0e4bcdf81b4c29af37783516d7633729\",\"name\":\"Dra. Natalia Moreno\",\"image\":{\"@type\":\"ImageObject\",\"inLanguage\":\"es\",\"@id\":\"https:\/\/www.movistar.es\/blog\/#\/schema\/person\/image\/d3aa118a20a57b97c2b5a687e640e2ec\",\"url\":\"https:\/\/secure.gravatar.com\/avatar\/3d0863f157ddd49ce666a8ca20b1387c648b0922b75bf7fde19bcc8338894292\",\"contentUrl\":\"https:\/\/secure.gravatar.com\/avatar\/3d0863f157ddd49ce666a8ca20b1387c648b0922b75bf7fde19bcc8338894292\",\"caption\":\"Dra. Natalia Moreno\"},\"description\":\"La doctora Natalia Moreno Ribera (colegiado 48.127) es licenciada en Medicina y Cirug\u00eda por la Universitat Aut\u00f3noma de Barcelona con premio extraordinario de final de carrera. Especialista en Dermatolog\u00eda y Venereolog\u00eda por el Hospital Cl\u00ednic de Barcelona. Dermat\u00f3loga adjunta en el servicio de Dermatolog\u00eda del Consorci Sanitari del Maresme y HM Hospitales. Miembro de la Academia Espa\u00f1ola de Dermatolog\u00eda y Venereolog\u00eda.\",\"sameAs\":[\"https:\/\/www.hmsantjordi.com\/es\/cv-medico.php?id=244\",\"natalia.morenoribera\"],\"url\":\"https:\/\/www.movistar.es\/blog\/author\/dranataliamoreno\/\"}]}<\/script>\n<!-- \/ Yoast SEO Premium plugin. -->","yoast_head_json":{"title":"Manchas blancas en la piel: tipos, s\u00edntomas y c\u00f3mo tratarlas","description":"Hablamos con la doctora Natalia Moreno para saber qu\u00e9 clases de manchas blancas en la piel existen y c\u00f3mo podemos tratarlas.","robots":{"index":"index","follow":"follow","max-snippet":"max-snippet:-1","max-image-preview":"max-image-preview:large","max-video-preview":"max-video-preview:-1"},"canonical":"https:\/\/www.movistar.es\/blog\/salud\/manchas-blancas-piel-tipos-sintomas-tratamiento\/","og_locale":"es_ES","og_type":"article","og_title":"Manchas blancas en la piel: tipos, s\u00edntomas y c\u00f3mo tratarlas","og_description":"Hablamos con la doctora Natalia Moreno para saber qu\u00e9 clases de manchas blancas en la piel existen y c\u00f3mo podemos tratarlas.","og_url":"https:\/\/www.movistar.es\/blog\/salud\/manchas-blancas-piel-tipos-sintomas-tratamiento\/","og_site_name":"Movistar blog","article_author":"natalia.morenoribera","article_published_time":"2022-07-07T12:00:00+00:00","article_modified_time":"2022-07-08T08:13:27+00:00","og_image":[{"width":2000,"height":1333,"url":"https:\/\/www.movistar.es\/blog\/wp-content\/uploads\/sites\/3\/2000\/07\/Depositphotos_72742019_L.jpg","type":"image\/jpeg"}],"author":"Dra. Natalia Moreno","twitter_card":"summary_large_image","twitter_misc":{"Written by":"Dra. Natalia Moreno","Est. reading time":"4 minutos"},"schema":{"@context":"https:\/\/schema.org","@graph":[{"@type":"Article","@id":"https:\/\/www.movistar.es\/blog\/salud\/manchas-blancas-piel-tipos-sintomas-tratamiento\/#article","isPartOf":{"@id":"https:\/\/www.movistar.es\/blog\/salud\/manchas-blancas-piel-tipos-sintomas-tratamiento\/"},"author":{"name":"Dra. Natalia Moreno","@id":"https:\/\/www.movistar.es\/blog\/#\/schema\/person\/0e4bcdf81b4c29af37783516d7633729"},"headline":"Manchas blancas en la piel: tipos, s\u00edntomas y c\u00f3mo tratarlas","datePublished":"2022-07-07T12:00:00+00:00","dateModified":"2022-07-08T08:13:27+00:00","mainEntityOfPage":{"@id":"https:\/\/www.movistar.es\/blog\/salud\/manchas-blancas-piel-tipos-sintomas-tratamiento\/"},"wordCount":799,"publisher":{"@id":"https:\/\/www.movistar.es\/blog\/#organization"},"image":{"@id":"https:\/\/www.movistar.es\/blog\/salud\/manchas-blancas-piel-tipos-sintomas-tratamiento\/#primaryimage"},"thumbnailUrl":"https:\/\/www.movistar.es\/blog\/wp-content\/uploads\/sites\/3\/2000\/07\/Depositphotos_72742019_L.jpg","keywords":["Manchas blancas en la piel","Movistar Salud"],"inLanguage":"es"},{"@type":"WebPage","@id":"https:\/\/www.movistar.es\/blog\/salud\/manchas-blancas-piel-tipos-sintomas-tratamiento\/","url":"https:\/\/www.movistar.es\/blog\/salud\/manchas-blancas-piel-tipos-sintomas-tratamiento\/","name":"Manchas blancas en la piel: tipos, s\u00edntomas y c\u00f3mo tratarlas","isPartOf":{"@id":"https:\/\/www.movistar.es\/blog\/#website"},"primaryImageOfPage":{"@id":"https:\/\/www.movistar.es\/blog\/salud\/manchas-blancas-piel-tipos-sintomas-tratamiento\/#primaryimage"},"image":{"@id":"https:\/\/www.movistar.es\/blog\/salud\/manchas-blancas-piel-tipos-sintomas-tratamiento\/#primaryimage"},"thumbnailUrl":"https:\/\/www.movistar.es\/blog\/wp-content\/uploads\/sites\/3\/2000\/07\/Depositphotos_72742019_L.jpg","datePublished":"2022-07-07T12:00:00+00:00","dateModified":"2022-07-08T08:13:27+00:00","description":"Hablamos con la doctora Natalia Moreno para saber qu\u00e9 clases de manchas blancas en la piel existen y c\u00f3mo podemos tratarlas.","breadcrumb":{"@id":"https:\/\/www.movistar.es\/blog\/salud\/manchas-blancas-piel-tipos-sintomas-tratamiento\/#breadcrumb"},"inLanguage":"es","potentialAction":[{"@type":"ReadAction","target":["https:\/\/www.movistar.es\/blog\/salud\/manchas-blancas-piel-tipos-sintomas-tratamiento\/"]}]},{"@type":"ImageObject","inLanguage":"es","@id":"https:\/\/www.movistar.es\/blog\/salud\/manchas-blancas-piel-tipos-sintomas-tratamiento\/#primaryimage","url":"https:\/\/www.movistar.es\/blog\/wp-content\/uploads\/sites\/3\/2000\/07\/Depositphotos_72742019_L.jpg","contentUrl":"https:\/\/www.movistar.es\/blog\/wp-content\/uploads\/sites\/3\/2000\/07\/Depositphotos_72742019_L.jpg","width":2000,"height":1333,"caption":"Dermatologist looking at woman's mole with magnifier"},{"@type":"BreadcrumbList","@id":"https:\/\/www.movistar.es\/blog\/salud\/manchas-blancas-piel-tipos-sintomas-tratamiento\/#breadcrumb","itemListElement":[{"@type":"ListItem","position":1,"name":"Home","item":"https:\/\/www.movistar.es\/blog\/"},{"@type":"ListItem","position":2,"name":"Manchas blancas en la piel: tipos, s\u00edntomas y c\u00f3mo tratarlas"}]},{"@type":"WebSite","@id":"https:\/\/www.movistar.es\/blog\/#website","url":"https:\/\/www.movistar.es\/blog\/","name":"Movistar blog","description":"Movistar Blog. Informaci\u00f3n y m\u00e1s sobre los productos y servicios de Movistar","publisher":{"@id":"https:\/\/www.movistar.es\/blog\/#organization"},"potentialAction":[{"@type":"SearchAction","target":{"@type":"EntryPoint","urlTemplate":"https:\/\/www.movistar.es\/blog\/?s={search_term_string}"},"query-input":{"@type":"PropertyValueSpecification","valueRequired":true,"valueName":"search_term_string"}}],"inLanguage":"es"},{"@type":"Organization","@id":"https:\/\/www.movistar.es\/blog\/#organization","name":"Movistar blog","url":"https:\/\/www.movistar.es\/blog\/","logo":{"@type":"ImageObject","inLanguage":"es","@id":"https:\/\/www.movistar.es\/blog\/#\/schema\/logo\/image\/","url":"https:\/\/www.movistar.es\/blog\/wp-content\/uploads\/sites\/3\/2022\/05\/logo_movistar-1.svg","contentUrl":"https:\/\/www.movistar.es\/blog\/wp-content\/uploads\/sites\/3\/2022\/05\/logo_movistar-1.svg","width":369,"height":272,"caption":"Movistar blog"},"image":{"@id":"https:\/\/www.movistar.es\/blog\/#\/schema\/logo\/image\/"}},{"@type":"Person","@id":"https:\/\/www.movistar.es\/blog\/#\/schema\/person\/0e4bcdf81b4c29af37783516d7633729","name":"Dra. Natalia Moreno","image":{"@type":"ImageObject","inLanguage":"es","@id":"https:\/\/www.movistar.es\/blog\/#\/schema\/person\/image\/d3aa118a20a57b97c2b5a687e640e2ec","url":"https:\/\/secure.gravatar.com\/avatar\/3d0863f157ddd49ce666a8ca20b1387c648b0922b75bf7fde19bcc8338894292","contentUrl":"https:\/\/secure.gravatar.com\/avatar\/3d0863f157ddd49ce666a8ca20b1387c648b0922b75bf7fde19bcc8338894292","caption":"Dra. Natalia Moreno"},"description":"La doctora Natalia Moreno Ribera (colegiado 48.127) es licenciada en Medicina y Cirug\u00eda por la Universitat Aut\u00f3noma de Barcelona con premio extraordinario de final de carrera. Especialista en Dermatolog\u00eda y Venereolog\u00eda por el Hospital Cl\u00ednic de Barcelona. Dermat\u00f3loga adjunta en el servicio de Dermatolog\u00eda del Consorci Sanitari del Maresme y HM Hospitales. Miembro de la Academia Espa\u00f1ola de Dermatolog\u00eda y Venereolog\u00eda.","sameAs":["https:\/\/www.hmsantjordi.com\/es\/cv-medico.php?id=244","natalia.morenoribera"],"url":"https:\/\/www.movistar.es\/blog\/author\/dranataliamoreno\/"}]}},"jetpack_featured_media_url":"https:\/\/www.movistar.es\/blog\/wp-content\/uploads\/sites\/3\/2000\/07\/Depositphotos_72742019_L.jpg","jetpack_sharing_enabled":true,"_links":{"self":[{"href":"https:\/\/www.movistar.es\/blog\/wp-json\/wp\/v2\/posts\/4972","targetHints":{"allow":["GET"]}}],"collection":[{"href":"https:\/\/www.movistar.es\/blog\/wp-json\/wp\/v2\/posts"}],"about":[{"href":"https:\/\/www.movistar.es\/blog\/wp-json\/wp\/v2\/types\/post"}],"author":[{"embeddable":true,"href":"https:\/\/www.movistar.es\/blog\/wp-json\/wp\/v2\/users\/94"}],"replies":[{"embeddable":true,"href":"https:\/\/www.movistar.es\/blog\/wp-json\/wp\/v2\/comments?post=4972"}],"version-history":[{"count":14,"href":"https:\/\/www.movistar.es\/blog\/wp-json\/wp\/v2\/posts\/4972\/revisions"}],"predecessor-version":[{"id":5093,"href":"https:\/\/www.movistar.es\/blog\/wp-json\/wp\/v2\/posts\/4972\/revisions\/5093"}],"wp:featuredmedia":[{"embeddable":true,"href":"https:\/\/www.movistar.es\/blog\/wp-json\/wp\/v2\/media\/5028"}],"wp:attachment":[{"href":"https:\/\/www.movistar.es\/blog\/wp-json\/wp\/v2\/media?parent=4972"}],"wp:term":[{"taxonomy":"category","embeddable":true,"href":"https:\/\/www.movistar.es\/blog\/wp-json\/wp\/v2\/categories?post=4972"},{"taxonomy":"post_tag","embeddable":true,"href":"https:\/\/www.movistar.es\/blog\/wp-json\/wp\/v2\/tags?post=4972"},{"taxonomy":"area","embeddable":true,"href":"https:\/\/www.movistar.es\/blog\/wp-json\/wp\/v2\/area?post=4972"},{"taxonomy":"cluster","embeddable":true,"href":"https:\/\/www.movistar.es\/blog\/wp-json\/wp\/v2\/cluster?post=4972"},{"taxonomy":"linea_editorial","embeddable":true,"href":"https:\/\/www.movistar.es\/blog\/wp-json\/wp\/v2\/linea_editorial?post=4972"},{"taxonomy":"author","embeddable":true,"href":"https:\/\/www.movistar.es\/blog\/wp-json\/wp\/v2\/coauthors?post=4972"}],"curies":[{"name":"wp","href":"https:\/\/api.w.org\/{rel}","templated":true}]}}