{"id":4781,"date":"2022-06-28T14:07:00","date_gmt":"2022-06-28T12:07:00","guid":{"rendered":"https:\/\/www.movistar.es\/blog\/?p=4781"},"modified":"2023-01-23T13:06:10","modified_gmt":"2023-01-23T12:06:10","slug":"movistar-plus-vuelve-a-los-90","status":"publish","type":"post","link":"https:\/\/www.movistar.es\/blog\/movistar-plus\/movistar-plus-vuelve-a-los-90\/","title":{"rendered":"Movistar Plus+ vuelve a los a\u00f1os 90"},"content":{"rendered":"\n<p><a href=\"https:\/\/www.movistar.es\/particulares\/movistarplus\" target=\"_blank\" rel=\"noreferrer noopener\">Movistar Plus+<\/a> se vuelca con los estrenos de dos series originales que nos llevan de viaje a los a\u00f1os 90\u2019. Chupas de cuero, abanicos XXL, hombreras, un buen cardado, y para quedar con los amigos, siempre hay una cabina de Telef\u00f3nica a mano.<\/p>\n\n\n\n<h2 class=\"wp-block-heading\" id=\"h-movistar-plus-en-los-anos-90s\">Movistar Plus+ en los a\u00f1os 90s<\/h2>\n\n\n\n<p>Este mes de junio, se ha estrenado en <a href=\"https:\/\/www.movistar.es\/particulares\/mimovistar\" target=\"_blank\" rel=\"noreferrer noopener\">Movistar Plus+<\/a> la segunda temporada de <a href=\"https:\/\/comunicacion.movistarplus.es\/email\/la-temporada-final-de-paraiso-un-desafio-de-produccion-llega-a-movistar-plus-el-16-de-junio\/\" target=\"_blank\" rel=\"noreferrer noopener\">Para\u00edso<\/a>, la primera serie de ficci\u00f3n original de Movistar Plus+, tambi\u00e9n <a href=\"https:\/\/comunicacion.movistarplus.es\/email\/locomia-visionados-disponibles-estreno-el-22-de-junio-en-movistar-plus\/\" target=\"_blank\" rel=\"noreferrer noopener\">Locom\u00eda<\/a>, el mayor culebr\u00f3n jam\u00e1s bailado, apostando por la l\u00ednea editorial con productos originales que muestran grandes historias desde un punto de vista diferente. Y por \u00faltimo tambi\u00e9n el estreno del programa especial musical <a href=\"https:\/\/comunicacion.movistarplus.es\/email\/la-mejor-musica-de-los-90-en-super-exitos-90s-un-programa-especial-movistar-plus\/\" target=\"_blank\" rel=\"noreferrer noopener\">Super \u00c9xitos 90s<\/a>, un concierto homenaje a las grandes canciones y grupos de la \u00e9poca que llevaron el pop-rock espa\u00f1ol a lo m\u00e1s alto.<\/p>\n\n\n\n<figure class=\"wp-block-image size-large\"><img loading=\"lazy\" decoding=\"async\" height=\"394\" width=\"1024\" src=\"https:\/\/www.movistar.es\/blog\/wp-content\/uploads\/sites\/3\/2022\/06\/Movistar-en-los-90-1.png?w=1024\" alt=\"Movistar Plus+ en los a\u00f1os 90\" class=\"wp-image-4784\" srcset=\"https:\/\/www.movistar.es\/blog\/wp-content\/uploads\/sites\/3\/2022\/06\/Movistar-en-los-90-1.png 1040w, https:\/\/www.movistar.es\/blog\/wp-content\/uploads\/sites\/3\/2022\/06\/Movistar-en-los-90-1.png?resize=300,115 300w, https:\/\/www.movistar.es\/blog\/wp-content\/uploads\/sites\/3\/2022\/06\/Movistar-en-los-90-1.png?resize=768,295 768w, https:\/\/www.movistar.es\/blog\/wp-content\/uploads\/sites\/3\/2022\/06\/Movistar-en-los-90-1.png?resize=1024,394 1024w\" sizes=\"auto, (max-width: 1024px) 100vw, 1024px\" \/><\/figure>\n\n\n\n<p>La plataforma Movistar Plus+ ha preparado toda una programaci\u00f3n especial con la que podr\u00e1s recordar aquellos tiempos, o conocer esa d\u00e9cada de la que tanto te han hablado tus padres. Para ponerlo muy sencillo hemos creado el pop up channel \u2018<strong><a href=\"https:\/\/comunicacion.movistarplus.es\/email\/vuelve-el-canal-pop-up-vhs-por-movistar-plus-con-motivo-del-estreno-de-la-temporada-final-de-paraiso\/\" target=\"_blank\" rel=\"noreferrer noopener\">VHS por Movistar+<\/a><\/strong>, un canal ef\u00edmero que podr\u00e1s encontrar en el <strong>dial 13<\/strong> y que estar\u00e1 disponible entre el <strong>16 de junio<\/strong> y el <strong>18 de julio<\/strong>. VHS por Movistar+\u2019 re\u00fane todos los contenidos de nuestra selecta propuesta de contenidos y que tambi\u00e9n est\u00e1n disponibles <a href=\"https:\/\/ver.movistarplus.es\/\" target=\"_blank\" rel=\"noreferrer noopener\">bajo demanda<\/a>..<\/p>\n\n\n\n<h2 class=\"wp-block-heading\" id=\"h-vhs-por-movistar-plus-el-canal-que-te-conecta-con-los-90\">VHS por Movistar Plus+, el canal que te conecta con los 90<\/h2>\n\n\n\n<p>El pop up que te traslada a un noventero videoclub repleto de referencias, gui\u00f1os a la serie <strong>&#8216;Para\u00edso<\/strong>&#8216; y m\u00fasica con la que muchos crecieron. Adem\u00e1s, el canal <strong>VHS por Movistar Plus+<\/strong> tambi\u00e9n dispondr\u00e1 del especial de producci\u00f3n original <strong>&#8216;S\u00faper \u00c9xitos &#8217;90s&#8217;<\/strong>.<\/p>\n\n\n\n<h3 class=\"wp-block-heading\" id=\"h-paraiso-temporada-2\"><strong>Para\u00edso Temporada 2<\/strong><\/h3>\n\n\n\n<p>La creaci\u00f3n de la temporada final de &#8216;Para\u00edso&#8217; ha sido un gran desaf\u00edo para los distintos equipos de Telson (divisi\u00f3n de postproducci\u00f3n del Grupo Mediapro), tanto desde el punto de vista creativo como t\u00e9cnico. Un equipo formado por medio centenar de personas de distintos departamentos (3D, Compositores de VFX, Artistas de Grafismo, Motion Graphics, as\u00ed como los equipos de Etalonaje, Producci\u00f3n o Masterizaci\u00f3n) dieron vida a este proyecto.<\/p>\n\n\n\n<p>Han pasado tres a\u00f1os desde los acontecimientos de la primera temporada y otro grupo de No Muertos, las Novavis, aparece en Almanzora. Su objetivo es destruir el pueblo para poder llevar a cabo su ritual de regeneraci\u00f3n. La vida de los familiares y amigos de Javi y su pandilla corre peligro. A todo esto se une otro misterio: el verdadero origen de Javi, un secreto escondido por sus padres desde su nacimiento.<\/p>\n\n\n\n<figure class=\"wp-block-image size-large\"><img loading=\"lazy\" decoding=\"async\" height=\"394\" width=\"1024\" src=\"https:\/\/www.movistar.es\/blog\/wp-content\/uploads\/sites\/3\/2022\/06\/Paraiso_M.jpg?w=1024\" alt=\"Para\u00edso por Movistar+\" class=\"wp-image-4786\" srcset=\"https:\/\/www.movistar.es\/blog\/wp-content\/uploads\/sites\/3\/2022\/06\/Paraiso_M.jpg 1040w, https:\/\/www.movistar.es\/blog\/wp-content\/uploads\/sites\/3\/2022\/06\/Paraiso_M.jpg?resize=300,115 300w, https:\/\/www.movistar.es\/blog\/wp-content\/uploads\/sites\/3\/2022\/06\/Paraiso_M.jpg?resize=768,295 768w, https:\/\/www.movistar.es\/blog\/wp-content\/uploads\/sites\/3\/2022\/06\/Paraiso_M.jpg?resize=1024,394 1024w\" sizes=\"auto, (max-width: 1024px) 100vw, 1024px\" \/><\/figure>\n\n\n\n<h3 class=\"wp-block-heading\" id=\"h-locomia\"><strong>Locom\u00eda<\/strong><\/h3>\n\n\n\n<p>&#8216;Locomia&#8217; es el mayor culebr\u00f3n jam\u00e1s bailado, un proyecto con el que Movistar Plus+ sigue apostando por la l\u00ednea editorial de la no ficci\u00f3n con productos originales que muestran grandes historias desde un punto de vista diferente. El amor, los celos, la venganza y la traici\u00f3n marcaron el camino hacia el \u00e9xito de Locomia, pero tambi\u00e9n su doloroso final.<\/p>\n\n\n\n<p>La serie documental est\u00e1 dirigida por&nbsp;<strong>Jorge Laplace<\/strong>, producida por&nbsp;<strong>Edi Walter<\/strong>,&nbsp;<strong>Mariano Tomiozzo<\/strong>&nbsp;y&nbsp;<strong>Pablo Aguinaga<\/strong>&nbsp;y cuenta con la participaci\u00f3n del fundador de Locomia,&nbsp;<strong>Xavier Font<\/strong>, el productor y manager musical&nbsp;<strong>Jos\u00e9 Luis Gil<\/strong>, los miembros del grupo&nbsp;<strong>Manuel Arjona<\/strong>,&nbsp;<strong>Lurdes Iribar<\/strong>,&nbsp;<strong>Luis Font<\/strong>,&nbsp;<strong>Gard Passchier,<\/strong>&nbsp;<strong>Carlos Armas<\/strong>,&nbsp;<strong>Juan Antonio Fuentes<\/strong>,&nbsp;<strong>Antonio Albella<\/strong>,&nbsp;<strong>Pablo Robledo<\/strong>&nbsp;y el manager&nbsp;<strong>Luis Balaguer<\/strong>.<\/p>\n\n\n\n<figure class=\"wp-block-image size-large\"><img loading=\"lazy\" decoding=\"async\" height=\"394\" width=\"1024\" src=\"https:\/\/www.movistar.es\/blog\/wp-content\/uploads\/sites\/3\/2022\/06\/Locomia_M.jpg?w=1024\" alt=\"Locom\u00eda por Movistar+\" class=\"wp-image-4787\" srcset=\"https:\/\/www.movistar.es\/blog\/wp-content\/uploads\/sites\/3\/2022\/06\/Locomia_M.jpg 1040w, https:\/\/www.movistar.es\/blog\/wp-content\/uploads\/sites\/3\/2022\/06\/Locomia_M.jpg?resize=300,115 300w, https:\/\/www.movistar.es\/blog\/wp-content\/uploads\/sites\/3\/2022\/06\/Locomia_M.jpg?resize=768,295 768w, https:\/\/www.movistar.es\/blog\/wp-content\/uploads\/sites\/3\/2022\/06\/Locomia_M.jpg?resize=1024,394 1024w\" sizes=\"auto, (max-width: 1024px) 100vw, 1024px\" \/><\/figure>\n\n\n\n<h3 class=\"wp-block-heading\" id=\"h-super-exitos-de-los-90\"><strong>Super \u00c9xitos de los 90<\/strong><\/h3>\n\n\n\n<p>Un concierto homenaje a las grandes canciones y grupos de la \u00e9poca que llevaron el pop-rock espa\u00f1ol a lo m\u00e1s alto. La banda de indie rock Ni\u00f1a Polaca versionar\u00e1 temas de Joaqu\u00edn Sabina, La Oreja de Van Gogh, Shakira, Extremoduro, Dover, Los Planetas y Los Fresones Rebeldes. Ginebras, Karavana y Edurne colaborar\u00e1n en tres de las siete canciones.<\/p>\n\n\n\n<p><strong>&#8216;S\u00faper \u00c9xitos 90&#8217;s&#8217;<\/strong>, estreno el&nbsp;<strong>martes 21 de junio<\/strong>&nbsp;en Movistar Fest por Movistar Plus+ (dial 20) y el&nbsp;<strong>mi\u00e9rcoles 22 de junio<\/strong>&nbsp;en #0 por Movistar Plus+ (dial 7). Este especial tambi\u00e9n estar\u00e1 disponible en el&nbsp;<strong>servicio bajo demanda de Movistar Plus+<\/strong>&nbsp;y en el pop up VHS por Movistar Plus+ (del 16 de junio al 18 de julio en el dial 13).&nbsp;<\/p>\n\n\n\n<figure class=\"wp-block-image size-large\"><img loading=\"lazy\" decoding=\"async\" height=\"394\" width=\"1024\" src=\"https:\/\/www.movistar.es\/blog\/wp-content\/uploads\/sites\/3\/2022\/06\/Super-exitos-90_M.jpg?w=1024\" alt=\"Super \u00c9xitos 90 por Movistar+\" class=\"wp-image-4788\" srcset=\"https:\/\/www.movistar.es\/blog\/wp-content\/uploads\/sites\/3\/2022\/06\/Super-exitos-90_M.jpg 1040w, https:\/\/www.movistar.es\/blog\/wp-content\/uploads\/sites\/3\/2022\/06\/Super-exitos-90_M.jpg?resize=300,115 300w, https:\/\/www.movistar.es\/blog\/wp-content\/uploads\/sites\/3\/2022\/06\/Super-exitos-90_M.jpg?resize=768,295 768w, https:\/\/www.movistar.es\/blog\/wp-content\/uploads\/sites\/3\/2022\/06\/Super-exitos-90_M.jpg?resize=1024,394 1024w\" sizes=\"auto, (max-width: 1024px) 100vw, 1024px\" \/><\/figure>\n\n\n\n<p>Si quieres disfrutar de todos estos contenidos <a href=\"https:\/\/www.movistar.es\/particulares\/movistarplus\/?pid=blogmovistar_movistarplus_4781\" target=\"_blank\" rel=\"noreferrer noopener\">clica aqu\u00ed <\/a>para conocer m\u00e1s de sobre Movistar Plus+.<\/p>\n","protected":false},"excerpt":{"rendered":"<p>Movistar Plus+ se vuelca con los estrenos de dos series originales que nos llevan de viaje a los a\u00f1os 90\u2019. Chupas de cuero, abanicos XXL, hombreras, un buen cardado, y para quedar con los amigos, [&hellip;]<\/p>\n","protected":false},"author":112,"featured_media":4785,"comment_status":"closed","ping_status":"closed","sticky":false,"template":"","format":"standard","meta":{"site-sidebar-layout":"default","site-content-layout":"","ast-site-content-layout":"","site-content-style":"default","site-sidebar-style":"default","ast-global-header-display":"","ast-banner-title-visibility":"","ast-main-header-display":"","ast-hfb-above-header-display":"","ast-hfb-below-header-display":"","ast-hfb-mobile-header-display":"","site-post-title":"","ast-breadcrumbs-content":"","ast-featured-img":"","footer-sml-layout":"","theme-transparent-header-meta":"","adv-header-id-meta":"","stick-header-meta":"","header-above-stick-meta":"","header-main-stick-meta":"","header-below-stick-meta":"","astra-migrate-meta-layouts":"default","ast-page-background-enabled":"default","ast-page-background-meta":{"desktop":{"background-color":"var(--ast-global-color-4)","background-image":"","background-repeat":"repeat","background-position":"center center","background-size":"auto","background-attachment":"scroll","background-type":"","background-media":"","overlay-type":"","overlay-color":"","overlay-opacity":"","overlay-gradient":""},"tablet":{"background-color":"","background-image":"","background-repeat":"repeat","background-position":"center center","background-size":"auto","background-attachment":"scroll","background-type":"","background-media":"","overlay-type":"","overlay-color":"","overlay-opacity":"","overlay-gradient":""},"mobile":{"background-color":"","background-image":"","background-repeat":"repeat","background-position":"center center","background-size":"auto","background-attachment":"scroll","background-type":"","background-media":"","overlay-type":"","overlay-color":"","overlay-opacity":"","overlay-gradient":""}},"ast-content-background-meta":{"desktop":{"background-color":"var(--ast-global-color-5)","background-image":"","background-repeat":"repeat","background-position":"center center","background-size":"auto","background-attachment":"scroll","background-type":"","background-media":"","overlay-type":"","overlay-color":"","overlay-opacity":"","overlay-gradient":""},"tablet":{"background-color":"var(--ast-global-color-5)","background-image":"","background-repeat":"repeat","background-position":"center center","background-size":"auto","background-attachment":"scroll","background-type":"","background-media":"","overlay-type":"","overlay-color":"","overlay-opacity":"","overlay-gradient":""},"mobile":{"background-color":"var(--ast-global-color-5)","background-image":"","background-repeat":"repeat","background-position":"center center","background-size":"auto","background-attachment":"scroll","background-type":"","background-media":"","overlay-type":"","overlay-color":"","overlay-opacity":"","overlay-gradient":""}},"_jetpack_memberships_contains_paid_content":false,"footnotes":""},"categories":[1],"tags":[451,449,450],"area":[470],"cluster":[45],"linea_editorial":[],"coauthors":[491],"class_list":["post-4781","post","type-post","status-publish","format-standard","has-post-thumbnail","hentry","category-sin-categoria","tag-451","tag-locomia","tag-paraiso","area-movisfera","cluster-movistar-plus"],"yoast_head":"<!-- This site is optimized with the Yoast SEO Premium plugin v25.5 (Yoast SEO v25.5) - https:\/\/yoast.com\/wordpress\/plugins\/seo\/ -->\n<title>Movistar Plus+ vuelve a los a\u00f1os 90 - Movistar blog<\/title>\n<meta name=\"description\" content=\"Movistar Plus+ se vuelca con los estrenos de dos series originales que nos llevan de viaje a los a\u00f1os 90\u2019.\" \/>\n<meta name=\"robots\" content=\"index, follow, max-snippet:-1, max-image-preview:large, max-video-preview:-1\" \/>\n<link rel=\"canonical\" href=\"https:\/\/www.movistar.es\/blog\/movistar-plus\/movistar-plus-vuelve-a-los-90\/\" \/>\n<meta property=\"og:locale\" content=\"es_ES\" \/>\n<meta property=\"og:type\" content=\"article\" \/>\n<meta property=\"og:title\" content=\"Movistar Plus+ vuelve a los a\u00f1os 90\" \/>\n<meta property=\"og:description\" content=\"Movistar Plus+ se vuelca con los estrenos de dos series originales que nos llevan de viaje a los a\u00f1os 90\u2019.\" \/>\n<meta property=\"og:url\" content=\"https:\/\/www.movistar.es\/blog\/movistar-plus\/movistar-plus-vuelve-a-los-90\/\" \/>\n<meta property=\"og:site_name\" content=\"Movistar blog\" \/>\n<meta property=\"article:published_time\" content=\"2022-06-28T12:07:00+00:00\" \/>\n<meta property=\"article:modified_time\" content=\"2023-01-23T12:06:10+00:00\" \/>\n<meta property=\"og:image\" content=\"https:\/\/www.movistar.es\/blog\/wp-content\/uploads\/sites\/3\/2022\/06\/Movistar-en-los-90-2.png\" \/>\n\t<meta property=\"og:image:width\" content=\"1040\" \/>\n\t<meta property=\"og:image:height\" content=\"400\" \/>\n\t<meta property=\"og:image:type\" content=\"image\/png\" \/>\n<meta name=\"author\" content=\"Redacci\u00f3n Movistar Plus+\" \/>\n<meta name=\"twitter:card\" content=\"summary_large_image\" \/>\n<meta name=\"twitter:creator\" content=\"@MovistarFutbol\" \/>\n<meta name=\"twitter:label1\" content=\"Written by\" \/>\n\t<meta name=\"twitter:data1\" content=\"Redacci\u00f3n Movistar Plus+\" \/>\n\t<meta name=\"twitter:label2\" content=\"Est. reading time\" \/>\n\t<meta name=\"twitter:data2\" content=\"4 minutos\" \/>\n<script type=\"application\/ld+json\" class=\"yoast-schema-graph\">{\"@context\":\"https:\/\/schema.org\",\"@graph\":[{\"@type\":\"Article\",\"@id\":\"https:\/\/www.movistar.es\/blog\/movistar-plus\/movistar-plus-vuelve-a-los-90\/#article\",\"isPartOf\":{\"@id\":\"https:\/\/www.movistar.es\/blog\/movistar-plus\/movistar-plus-vuelve-a-los-90\/\"},\"author\":{\"name\":\"Redacci\u00f3n Movistar Plus+\",\"@id\":\"https:\/\/www.movistar.es\/blog\/#\/schema\/person\/189877e959457e9014d2a5e8d6fe946d\"},\"headline\":\"Movistar Plus+ vuelve a los a\u00f1os 90\",\"datePublished\":\"2022-06-28T12:07:00+00:00\",\"dateModified\":\"2023-01-23T12:06:10+00:00\",\"mainEntityOfPage\":{\"@id\":\"https:\/\/www.movistar.es\/blog\/movistar-plus\/movistar-plus-vuelve-a-los-90\/\"},\"wordCount\":754,\"publisher\":{\"@id\":\"https:\/\/www.movistar.es\/blog\/#organization\"},\"image\":{\"@id\":\"https:\/\/www.movistar.es\/blog\/movistar-plus\/movistar-plus-vuelve-a-los-90\/#primaryimage\"},\"thumbnailUrl\":\"https:\/\/www.movistar.es\/blog\/wp-content\/uploads\/sites\/3\/2022\/06\/Movistar-en-los-90-2.png\",\"keywords\":[\"90\",\"locomia\",\"paraiso\"],\"inLanguage\":\"es\"},{\"@type\":\"WebPage\",\"@id\":\"https:\/\/www.movistar.es\/blog\/movistar-plus\/movistar-plus-vuelve-a-los-90\/\",\"url\":\"https:\/\/www.movistar.es\/blog\/movistar-plus\/movistar-plus-vuelve-a-los-90\/\",\"name\":\"Movistar Plus+ vuelve a los a\u00f1os 90 - Movistar blog\",\"isPartOf\":{\"@id\":\"https:\/\/www.movistar.es\/blog\/#website\"},\"primaryImageOfPage\":{\"@id\":\"https:\/\/www.movistar.es\/blog\/movistar-plus\/movistar-plus-vuelve-a-los-90\/#primaryimage\"},\"image\":{\"@id\":\"https:\/\/www.movistar.es\/blog\/movistar-plus\/movistar-plus-vuelve-a-los-90\/#primaryimage\"},\"thumbnailUrl\":\"https:\/\/www.movistar.es\/blog\/wp-content\/uploads\/sites\/3\/2022\/06\/Movistar-en-los-90-2.png\",\"datePublished\":\"2022-06-28T12:07:00+00:00\",\"dateModified\":\"2023-01-23T12:06:10+00:00\",\"description\":\"Movistar Plus+ se vuelca con los estrenos de dos series originales que nos llevan de viaje a los a\u00f1os 90\u2019.\",\"breadcrumb\":{\"@id\":\"https:\/\/www.movistar.es\/blog\/movistar-plus\/movistar-plus-vuelve-a-los-90\/#breadcrumb\"},\"inLanguage\":\"es\",\"potentialAction\":[{\"@type\":\"ReadAction\",\"target\":[\"https:\/\/www.movistar.es\/blog\/movistar-plus\/movistar-plus-vuelve-a-los-90\/\"]}]},{\"@type\":\"ImageObject\",\"inLanguage\":\"es\",\"@id\":\"https:\/\/www.movistar.es\/blog\/movistar-plus\/movistar-plus-vuelve-a-los-90\/#primaryimage\",\"url\":\"https:\/\/www.movistar.es\/blog\/wp-content\/uploads\/sites\/3\/2022\/06\/Movistar-en-los-90-2.png\",\"contentUrl\":\"https:\/\/www.movistar.es\/blog\/wp-content\/uploads\/sites\/3\/2022\/06\/Movistar-en-los-90-2.png\",\"width\":1040,\"height\":400,\"caption\":\"Movistar Plus+ en los 90\"},{\"@type\":\"BreadcrumbList\",\"@id\":\"https:\/\/www.movistar.es\/blog\/movistar-plus\/movistar-plus-vuelve-a-los-90\/#breadcrumb\",\"itemListElement\":[{\"@type\":\"ListItem\",\"position\":1,\"name\":\"Home\",\"item\":\"https:\/\/www.movistar.es\/blog\/\"},{\"@type\":\"ListItem\",\"position\":2,\"name\":\"Movistar Plus+ vuelve a los a\u00f1os 90\"}]},{\"@type\":\"WebSite\",\"@id\":\"https:\/\/www.movistar.es\/blog\/#website\",\"url\":\"https:\/\/www.movistar.es\/blog\/\",\"name\":\"Movistar blog\",\"description\":\"Movistar Blog. Informaci\u00f3n y m\u00e1s sobre los productos y servicios de Movistar\",\"publisher\":{\"@id\":\"https:\/\/www.movistar.es\/blog\/#organization\"},\"potentialAction\":[{\"@type\":\"SearchAction\",\"target\":{\"@type\":\"EntryPoint\",\"urlTemplate\":\"https:\/\/www.movistar.es\/blog\/?s={search_term_string}\"},\"query-input\":{\"@type\":\"PropertyValueSpecification\",\"valueRequired\":true,\"valueName\":\"search_term_string\"}}],\"inLanguage\":\"es\"},{\"@type\":\"Organization\",\"@id\":\"https:\/\/www.movistar.es\/blog\/#organization\",\"name\":\"Movistar blog\",\"url\":\"https:\/\/www.movistar.es\/blog\/\",\"logo\":{\"@type\":\"ImageObject\",\"inLanguage\":\"es\",\"@id\":\"https:\/\/www.movistar.es\/blog\/#\/schema\/logo\/image\/\",\"url\":\"https:\/\/www.movistar.es\/blog\/wp-content\/uploads\/sites\/3\/2022\/05\/logo_movistar-1.svg\",\"contentUrl\":\"https:\/\/www.movistar.es\/blog\/wp-content\/uploads\/sites\/3\/2022\/05\/logo_movistar-1.svg\",\"width\":369,\"height\":272,\"caption\":\"Movistar blog\"},\"image\":{\"@id\":\"https:\/\/www.movistar.es\/blog\/#\/schema\/logo\/image\/\"}},{\"@type\":\"Person\",\"@id\":\"https:\/\/www.movistar.es\/blog\/#\/schema\/person\/189877e959457e9014d2a5e8d6fe946d\",\"name\":\"Redacci\u00f3n Movistar Plus+\",\"image\":{\"@type\":\"ImageObject\",\"inLanguage\":\"es\",\"@id\":\"https:\/\/www.movistar.es\/blog\/#\/schema\/person\/image\/e4401217082664b40a1186f7e73afac7\",\"url\":\"https:\/\/secure.gravatar.com\/avatar\/c957f8b2227dcae6bb012530cf347456865c8d81dd6724c0fb6723a2c0a9f9e2\",\"contentUrl\":\"https:\/\/secure.gravatar.com\/avatar\/c957f8b2227dcae6bb012530cf347456865c8d81dd6724c0fb6723a2c0a9f9e2\",\"caption\":\"Redacci\u00f3n Movistar Plus+\"},\"description\":\"Te ayudamos a sacar el m\u00e1ximo partido a la televisi\u00f3n de Movistar Plus+. Para que disfrutes de las mejores pel\u00edculas, deportes, series y la toda la programaci\u00f3n, con una experiencia inigualable gracias a Movistar.\",\"sameAs\":[\"https:\/\/ver.movistarplus.es\/\",\"https:\/\/www.instagram.com\/movistarplus\/?hl=es\",\"https:\/\/www.linkedin.com\/company\/movistarplus\/?originalSubdomain=es\",\"https:\/\/x.com\/MovistarFutbol\"],\"knowsAbout\":[\"series\",\"cine\",\"deportes\",\"televisi\u00f3n\"],\"url\":\"https:\/\/www.movistar.es\/blog\/author\/movistarplus\/\"}]}<\/script>\n<!-- \/ Yoast SEO Premium plugin. -->","yoast_head_json":{"title":"Movistar Plus+ vuelve a los a\u00f1os 90 - Movistar blog","description":"Movistar Plus+ se vuelca con los estrenos de dos series originales que nos llevan de viaje a los a\u00f1os 90\u2019.","robots":{"index":"index","follow":"follow","max-snippet":"max-snippet:-1","max-image-preview":"max-image-preview:large","max-video-preview":"max-video-preview:-1"},"canonical":"https:\/\/www.movistar.es\/blog\/movistar-plus\/movistar-plus-vuelve-a-los-90\/","og_locale":"es_ES","og_type":"article","og_title":"Movistar Plus+ vuelve a los a\u00f1os 90","og_description":"Movistar Plus+ se vuelca con los estrenos de dos series originales que nos llevan de viaje a los a\u00f1os 90\u2019.","og_url":"https:\/\/www.movistar.es\/blog\/movistar-plus\/movistar-plus-vuelve-a-los-90\/","og_site_name":"Movistar blog","article_published_time":"2022-06-28T12:07:00+00:00","article_modified_time":"2023-01-23T12:06:10+00:00","og_image":[{"width":1040,"height":400,"url":"https:\/\/www.movistar.es\/blog\/wp-content\/uploads\/sites\/3\/2022\/06\/Movistar-en-los-90-2.png","type":"image\/png"}],"author":"Redacci\u00f3n Movistar Plus+","twitter_card":"summary_large_image","twitter_creator":"@MovistarFutbol","twitter_misc":{"Written by":"Redacci\u00f3n Movistar Plus+","Est. reading time":"4 minutos"},"schema":{"@context":"https:\/\/schema.org","@graph":[{"@type":"Article","@id":"https:\/\/www.movistar.es\/blog\/movistar-plus\/movistar-plus-vuelve-a-los-90\/#article","isPartOf":{"@id":"https:\/\/www.movistar.es\/blog\/movistar-plus\/movistar-plus-vuelve-a-los-90\/"},"author":{"name":"Redacci\u00f3n Movistar Plus+","@id":"https:\/\/www.movistar.es\/blog\/#\/schema\/person\/189877e959457e9014d2a5e8d6fe946d"},"headline":"Movistar Plus+ vuelve a los a\u00f1os 90","datePublished":"2022-06-28T12:07:00+00:00","dateModified":"2023-01-23T12:06:10+00:00","mainEntityOfPage":{"@id":"https:\/\/www.movistar.es\/blog\/movistar-plus\/movistar-plus-vuelve-a-los-90\/"},"wordCount":754,"publisher":{"@id":"https:\/\/www.movistar.es\/blog\/#organization"},"image":{"@id":"https:\/\/www.movistar.es\/blog\/movistar-plus\/movistar-plus-vuelve-a-los-90\/#primaryimage"},"thumbnailUrl":"https:\/\/www.movistar.es\/blog\/wp-content\/uploads\/sites\/3\/2022\/06\/Movistar-en-los-90-2.png","keywords":["90","locomia","paraiso"],"inLanguage":"es"},{"@type":"WebPage","@id":"https:\/\/www.movistar.es\/blog\/movistar-plus\/movistar-plus-vuelve-a-los-90\/","url":"https:\/\/www.movistar.es\/blog\/movistar-plus\/movistar-plus-vuelve-a-los-90\/","name":"Movistar Plus+ vuelve a los a\u00f1os 90 - Movistar blog","isPartOf":{"@id":"https:\/\/www.movistar.es\/blog\/#website"},"primaryImageOfPage":{"@id":"https:\/\/www.movistar.es\/blog\/movistar-plus\/movistar-plus-vuelve-a-los-90\/#primaryimage"},"image":{"@id":"https:\/\/www.movistar.es\/blog\/movistar-plus\/movistar-plus-vuelve-a-los-90\/#primaryimage"},"thumbnailUrl":"https:\/\/www.movistar.es\/blog\/wp-content\/uploads\/sites\/3\/2022\/06\/Movistar-en-los-90-2.png","datePublished":"2022-06-28T12:07:00+00:00","dateModified":"2023-01-23T12:06:10+00:00","description":"Movistar Plus+ se vuelca con los estrenos de dos series originales que nos llevan de viaje a los a\u00f1os 90\u2019.","breadcrumb":{"@id":"https:\/\/www.movistar.es\/blog\/movistar-plus\/movistar-plus-vuelve-a-los-90\/#breadcrumb"},"inLanguage":"es","potentialAction":[{"@type":"ReadAction","target":["https:\/\/www.movistar.es\/blog\/movistar-plus\/movistar-plus-vuelve-a-los-90\/"]}]},{"@type":"ImageObject","inLanguage":"es","@id":"https:\/\/www.movistar.es\/blog\/movistar-plus\/movistar-plus-vuelve-a-los-90\/#primaryimage","url":"https:\/\/www.movistar.es\/blog\/wp-content\/uploads\/sites\/3\/2022\/06\/Movistar-en-los-90-2.png","contentUrl":"https:\/\/www.movistar.es\/blog\/wp-content\/uploads\/sites\/3\/2022\/06\/Movistar-en-los-90-2.png","width":1040,"height":400,"caption":"Movistar Plus+ en los 90"},{"@type":"BreadcrumbList","@id":"https:\/\/www.movistar.es\/blog\/movistar-plus\/movistar-plus-vuelve-a-los-90\/#breadcrumb","itemListElement":[{"@type":"ListItem","position":1,"name":"Home","item":"https:\/\/www.movistar.es\/blog\/"},{"@type":"ListItem","position":2,"name":"Movistar Plus+ vuelve a los a\u00f1os 90"}]},{"@type":"WebSite","@id":"https:\/\/www.movistar.es\/blog\/#website","url":"https:\/\/www.movistar.es\/blog\/","name":"Movistar blog","description":"Movistar Blog. Informaci\u00f3n y m\u00e1s sobre los productos y servicios de Movistar","publisher":{"@id":"https:\/\/www.movistar.es\/blog\/#organization"},"potentialAction":[{"@type":"SearchAction","target":{"@type":"EntryPoint","urlTemplate":"https:\/\/www.movistar.es\/blog\/?s={search_term_string}"},"query-input":{"@type":"PropertyValueSpecification","valueRequired":true,"valueName":"search_term_string"}}],"inLanguage":"es"},{"@type":"Organization","@id":"https:\/\/www.movistar.es\/blog\/#organization","name":"Movistar blog","url":"https:\/\/www.movistar.es\/blog\/","logo":{"@type":"ImageObject","inLanguage":"es","@id":"https:\/\/www.movistar.es\/blog\/#\/schema\/logo\/image\/","url":"https:\/\/www.movistar.es\/blog\/wp-content\/uploads\/sites\/3\/2022\/05\/logo_movistar-1.svg","contentUrl":"https:\/\/www.movistar.es\/blog\/wp-content\/uploads\/sites\/3\/2022\/05\/logo_movistar-1.svg","width":369,"height":272,"caption":"Movistar blog"},"image":{"@id":"https:\/\/www.movistar.es\/blog\/#\/schema\/logo\/image\/"}},{"@type":"Person","@id":"https:\/\/www.movistar.es\/blog\/#\/schema\/person\/189877e959457e9014d2a5e8d6fe946d","name":"Redacci\u00f3n Movistar Plus+","image":{"@type":"ImageObject","inLanguage":"es","@id":"https:\/\/www.movistar.es\/blog\/#\/schema\/person\/image\/e4401217082664b40a1186f7e73afac7","url":"https:\/\/secure.gravatar.com\/avatar\/c957f8b2227dcae6bb012530cf347456865c8d81dd6724c0fb6723a2c0a9f9e2","contentUrl":"https:\/\/secure.gravatar.com\/avatar\/c957f8b2227dcae6bb012530cf347456865c8d81dd6724c0fb6723a2c0a9f9e2","caption":"Redacci\u00f3n Movistar Plus+"},"description":"Te ayudamos a sacar el m\u00e1ximo partido a la televisi\u00f3n de Movistar Plus+. Para que disfrutes de las mejores pel\u00edculas, deportes, series y la toda la programaci\u00f3n, con una experiencia inigualable gracias a Movistar.","sameAs":["https:\/\/ver.movistarplus.es\/","https:\/\/www.instagram.com\/movistarplus\/?hl=es","https:\/\/www.linkedin.com\/company\/movistarplus\/?originalSubdomain=es","https:\/\/x.com\/MovistarFutbol"],"knowsAbout":["series","cine","deportes","televisi\u00f3n"],"url":"https:\/\/www.movistar.es\/blog\/author\/movistarplus\/"}]}},"jetpack_featured_media_url":"https:\/\/www.movistar.es\/blog\/wp-content\/uploads\/sites\/3\/2022\/06\/Movistar-en-los-90-2.png","jetpack_sharing_enabled":true,"_links":{"self":[{"href":"https:\/\/www.movistar.es\/blog\/wp-json\/wp\/v2\/posts\/4781","targetHints":{"allow":["GET"]}}],"collection":[{"href":"https:\/\/www.movistar.es\/blog\/wp-json\/wp\/v2\/posts"}],"about":[{"href":"https:\/\/www.movistar.es\/blog\/wp-json\/wp\/v2\/types\/post"}],"author":[{"embeddable":true,"href":"https:\/\/www.movistar.es\/blog\/wp-json\/wp\/v2\/users\/112"}],"replies":[{"embeddable":true,"href":"https:\/\/www.movistar.es\/blog\/wp-json\/wp\/v2\/comments?post=4781"}],"version-history":[{"count":10,"href":"https:\/\/www.movistar.es\/blog\/wp-json\/wp\/v2\/posts\/4781\/revisions"}],"predecessor-version":[{"id":4887,"href":"https:\/\/www.movistar.es\/blog\/wp-json\/wp\/v2\/posts\/4781\/revisions\/4887"}],"wp:featuredmedia":[{"embeddable":true,"href":"https:\/\/www.movistar.es\/blog\/wp-json\/wp\/v2\/media\/4785"}],"wp:attachment":[{"href":"https:\/\/www.movistar.es\/blog\/wp-json\/wp\/v2\/media?parent=4781"}],"wp:term":[{"taxonomy":"category","embeddable":true,"href":"https:\/\/www.movistar.es\/blog\/wp-json\/wp\/v2\/categories?post=4781"},{"taxonomy":"post_tag","embeddable":true,"href":"https:\/\/www.movistar.es\/blog\/wp-json\/wp\/v2\/tags?post=4781"},{"taxonomy":"area","embeddable":true,"href":"https:\/\/www.movistar.es\/blog\/wp-json\/wp\/v2\/area?post=4781"},{"taxonomy":"cluster","embeddable":true,"href":"https:\/\/www.movistar.es\/blog\/wp-json\/wp\/v2\/cluster?post=4781"},{"taxonomy":"linea_editorial","embeddable":true,"href":"https:\/\/www.movistar.es\/blog\/wp-json\/wp\/v2\/linea_editorial?post=4781"},{"taxonomy":"author","embeddable":true,"href":"https:\/\/www.movistar.es\/blog\/wp-json\/wp\/v2\/coauthors?post=4781"}],"curies":[{"name":"wp","href":"https:\/\/api.w.org\/{rel}","templated":true}]}}