{"id":3475,"date":"2021-07-13T17:25:00","date_gmt":"2021-07-13T15:25:00","guid":{"rendered":"https:\/\/www.movistar.es\/blog\/?p=3475"},"modified":"2022-11-25T12:54:11","modified_gmt":"2022-11-25T11:54:11","slug":"viajes-y-covid-19","status":"publish","type":"post","link":"https:\/\/www.movistar.es\/blog\/salud\/viajes-y-covid-19\/","title":{"rendered":"Espa\u00f1a 2021: Viajes y Covid-19"},"content":{"rendered":"\n<p>\u00bfViajes y covid-19 es compatible? La pandemia oblig\u00f3 a cerrar fronteras y limitar la movilidad. Con el inicio de la vacunaci\u00f3n y las medidas de desescalada han cambiado algunas de las restricciones para viajar. Vamos a analizar la situaci\u00f3n actual.<\/p>\n\n\n\n<h2 class=\"wp-block-heading\" id=\"h-situacion-actual-en-espana\">Situaci\u00f3n actual en Espa\u00f1a<\/h2>\n\n\n\n<p>Desde mediados del 2020, Espa\u00f1a ha ido prorrogando el cierre de sus fronteras. Todo ello en base a diferentes recomendaciones que la Uni\u00f3n transmit\u00eda seg\u00fan el empeoramiento de la situaci\u00f3n epidemiol\u00f3gica en determinados pa\u00edses.<\/p>\n\n\n\n<p>Con la vacunaci\u00f3n de la poblaci\u00f3n y la disminuci\u00f3n del n\u00famero de casos de Covid-19 se inician las medidas de desescalada y vuelta progresiva a la normalidad. El pasado 9 de mayo Espa\u00f1a levanta el estado de alarma y se recupera la movilidad entre comunidades aut\u00f3nomas. Se prev\u00e9 la implementaci\u00f3n de un certificado verde digital, que permitir\u00e1 certificar a los viajeros que est\u00e1n vacunados, que han pasado el coronavirus o que cuentan con una prueba negativa.<\/p>\n\n\n\n<figure class=\"wp-block-image size-full\"><img loading=\"lazy\" decoding=\"async\" width=\"1000\" height=\"1000\" src=\"https:\/\/www.movistar.es\/blog\/wp-content\/uploads\/sites\/3\/2022\/11\/viajes-covid-1000x1000-1.jpg\" alt=\"viajes y covid-19\" class=\"wp-image-9231\" title=\"viajes y covid-19\" srcset=\"https:\/\/www.movistar.es\/blog\/wp-content\/uploads\/sites\/3\/2022\/11\/viajes-covid-1000x1000-1.jpg 1000w, https:\/\/www.movistar.es\/blog\/wp-content\/uploads\/sites\/3\/2022\/11\/viajes-covid-1000x1000-1.jpg?resize=150,150 150w, https:\/\/www.movistar.es\/blog\/wp-content\/uploads\/sites\/3\/2022\/11\/viajes-covid-1000x1000-1.jpg?resize=300,300 300w, https:\/\/www.movistar.es\/blog\/wp-content\/uploads\/sites\/3\/2022\/11\/viajes-covid-1000x1000-1.jpg?resize=768,768 768w\" sizes=\"auto, (max-width: 1000px) 100vw, 1000px\" \/><figcaption><em>Foto de <a href=\"https:\/\/unsplash.com\/@gabiontheroad?utm_source=unsplash&amp;utm_medium=referral&amp;utm_content=creditCopyText\" target=\"_blank\" rel=\"noreferrer noopener nofollow\">Gabriella Clare Marino<\/a><\/em><\/figcaption><\/figure>\n\n\n\n<h2 class=\"wp-block-heading\" id=\"h-ciudadanos-de-paises-que-pueden-viajar-a-espana\">Ciudadanos de pa\u00edses que pueden viajar a Espa\u00f1a<\/h2>\n\n\n\n<p>Algunos pa\u00edses han podido viajar a Espa\u00f1a sin restricciones a partir del 24 de mayo de 2021. Han sido: Reino Unido, Jap\u00f3n, China, Australia, Nueva Zelanda, Singapur, Israel, Corea del Sur, Tailandia y Ruanda. Esta lista es revisada por la Uni\u00f3n Europea cada 15 d\u00edas y la modifican a\u00f1adiendo o suprimiendo pa\u00edses en base a la situaci\u00f3n sanitaria de cada pa\u00eds. Tambi\u00e9n pueden entrar en Espa\u00f1a, de manera general, los ciudadanos europeos y los residentes en cualquier pa\u00eds de la UE, estados Schengen, Andorra, M\u00f3naco, El Vaticano y San Marino, siempre que se dirijan al pa\u00eds en el que viven.<\/p>\n\n\n\n<p>El caso de Reino Unido es parad\u00f3jico ya que el Ejecutivo de Boris Jonhson no ha incluido a nuestro pa\u00eds en la lista de pa\u00edses que no hay restricci\u00f3n para viajar. Es posible que la primera semana de junio, s\u00f3lo se permitan los viajes de brit\u00e1nicos a Canarias y Baleares, pero no al resto del Estado.<\/p>\n\n\n\n<p>El gobierno espa\u00f1ol ha mantenido prorrogada hasta el 31 de mayo la restricci\u00f3n temporal de viajes no imprescindibles desde terceros pa\u00edses a la Uni\u00f3n Europea y asociados al espacio europeo Schengen, debido a la Covid-19.<\/p>\n\n\n\n<p>A partir del 7 de junio todos los viajeros vacunados podr\u00e1n entrar en la UE si han recibido la pauta completa de vacunaci\u00f3n al menos catorce d\u00edas antes de su viaje. Estos viajeros deben haber recibido vacunas aprobadas por la <a href=\"https:\/\/european-union.europa.eu\/institutions-law-budget\/institutions-and-bodies\/institutions-and-bodies-profiles\/ema_es\" target=\"_blank\" rel=\"noreferrer noopener nofollow\">Agencia Europea del Medicamento (EMA)<\/a>: Pfizer, Moderna, AstraZeneca o Janssen.<\/p>\n\n\n\n<h2 class=\"wp-block-heading\" id=\"h-viajes-y-covid-19-y-el-certificado-digital-ue-covid\">Viajes y covid-19 y el Certificado Digital UE Covid<\/h2>\n\n\n\n<p>El certificado verde digital contendr\u00e1 la informaci\u00f3n sanitaria sobre si la persona interesada en viajar ha recibido la pauta completa de alguna vacuna contra la Covid-19, si est\u00e1 inmunizada por haberse contagiado en el pasado o si tiene alg\u00fan test negativo reciente, ya sea PCR o de ant\u00edgenos. La Uni\u00f3n Europea ha trabajado intensamente en los \u00faltimos meses en este<a href=\"https:\/\/cvd.sanidad.gob.es\/cvdcovid\/cvdcovid-formulario\/index.xhtml\" target=\"_blank\" rel=\"noreferrer noopener nofollow\"> certificado <\/a>y entrar\u00e1 en vigor el 1 de julio en toda la Comunidad Europea. La ventaja de este documento es no exigir cuarentenas o PCR adicionales a los viajeros de los pa\u00edses miembros de la UE. Pero, como siempre, puede haber excepciones y los pa\u00edses pueden solicitarlas si la situaci\u00f3n de la pandemia empeora o la situaci\u00f3n epidemiol\u00f3gica lo requiera.<\/p>\n\n\n\n<h2 class=\"wp-block-heading\" id=\"h-viajes-y-covid-19-para-no-comunitarios\">Viajes y covid-19 para no Comunitarios<\/h2>\n\n\n\n<p>A partir del 7 de junio, todos los viajeros que demuestren estar inmunizados con la pauta completa de vacunaci\u00f3n podr\u00e1n entrar libremente en Espa\u00f1a, independientemente de su pa\u00eds de procedencia. Esta es una de las medidas m\u00e1s importantes e inmediatas de cara a impulsar la campa\u00f1a tur\u00edstica de verano, en la que Espa\u00f1a espera captar unos 45 millones de turistas extranjeros. Tras trece meses de restricciones y de par\u00f3n del turismo parece que se empieza a ver la luz y a vislumbrar una recuperaci\u00f3n necesaria del sector.<\/p>\n\n\n\n<p>Debido a las nuevas variantes del Covid-19 y a la situaci\u00f3n epidemiol\u00f3gica de algunos pa\u00edses, el Ministerio de Sanidad ha establecido la medida de cuarentena para las personas llegadas en vuelos con o sin escalas intermedias de: Brasil, Sud\u00e1frica, Botsuana, Comoras, Ghana, Kenia, Mozambique, Tanzania, Zambia, Zimbabue, Per\u00fa y Colombia. Esta restricci\u00f3n est\u00e1 en vigor hasta el d\u00eda 8 de junio de 2021.<\/p>\n\n\n\n<p>Los viajeros procedentes de la India deben guardar 10 d\u00edas de cuarentena Covid-19 a su llegada a Espa\u00f1a. Esta medida est\u00e1 en vigor desde el 1 de mayo y se ha prorrogado por el momento, hasta el 29 de mayo.<\/p>\n\n\n\n<h2 class=\"wp-block-heading\" class=\"wp-block-heading\" id=\"la-cuarentena\">La cuarentena <\/h2>\n\n\n\n<p>La cuarentena puede finalizar antes si al s\u00e9ptimo d\u00eda se le realiza una <a href=\"https:\/\/www.movistar.es\/blog\/salud\/pruebas-diagnosticas-covid-19\/\">prueba diagn\u00f3stica Covid-19 <\/a>de infecci\u00f3n aguda con resultado negativo. Las pruebas admitidas ser\u00e1n la PCR u otras pruebas basadas en t\u00e9cnicas moleculares equivalentes. Adem\u00e1s de los tests de ant\u00edgenos Covid-19 que tengan un rendimiento m\u00ednimo \u2265 90 % de sensibilidad y \u2265 97 % de especificidad.<\/p>\n\n\n\n<h2 class=\"wp-block-heading\" id=\"h-desplazamientos-imprescindibles\">Desplazamientos imprescindibles<\/h2>\n\n\n\n<p>Durante la cuarentena se debe permanecer en el domicilio o alojamiento, limitando los desplazamientos a los imprescindibles, que b\u00e1sicamente son:<\/p>\n\n\n\n<ul class=\"wp-block-list\"><li>&nbsp;Adquisici\u00f3n de alimentos, productos farmac\u00e9uticos y de primera necesidad.<\/li><li>&nbsp;Asistencia a centros sanitarios.<\/li><li>&nbsp;Causas de fuerza mayor.<\/li><\/ul>\n\n\n\n<p>Las autoridades sanitarias har\u00e1n seguimiento y las comprobaciones oportunas sobre el cumplimiento de las condiciones de cuarentena Covid-19 establecidas.<\/p>\n\n\n\n<blockquote class=\"wp-block-quote has-text-align-center is-layout-flow wp-block-quote-is-layout-flow\"><p><strong>Si la persona en cuarentena sospecha que padece s\u00edntomas de COVID-19, deber\u00e1n contactar por tel\u00e9fono con los servicios sanitarios indicando que se encuentran en cuarentena.<\/strong><\/p><\/blockquote>\n\n\n\n<h2 class=\"wp-block-heading\" id=\"h-que-viajeros-pueden-salir-de-espana-al-extranjero\">\u00bfQu\u00e9 viajeros pueden salir de Espa\u00f1a al extranjero?<\/h2>\n\n\n\n<p>Actualmente, diversos pa\u00edses del mundo contin\u00faan estableciendo restricciones de entrada a los viajeros con origen Espa\u00f1a, prohibiendo la entrada o imponiendo cuarentenas. Las medidas van cambiando semana a semana por lo que siempre se deben consultar las actualizaciones del Ministerio de Sanidad antes de planificar un viaje.<\/p>\n\n\n\n<p>Finalmente, si vas a viajar este verano, antes de salir no te olvides de informarte de las restricciones sanitarias de tu lugar de destino por si hubieran cambiado y poder disfrutar del verano con la m\u00e1xima seguridad.<\/p>\n\n\n\n<p>Y como sabemos lo importante que es quitarte preocupaciones durante tus vacaciones, vayas d\u00f3nde vayas movistar salud te ayuda a disfrutar de tu verano con la tranquilidad de poder acceder a un m\u00e9dico en cualquier momento del d\u00eda, los 7 d\u00edas de la semana y desde cualquier lugar del mundo. Solo necesitas una conexi\u00f3n a internet.<\/p>\n","protected":false},"excerpt":{"rendered":"<p>\u00bfViajes y covid-19 es compatible? La pandemia oblig\u00f3 a cerrar fronteras y limitar la movilidad. Con el inicio de la vacunaci\u00f3n y las medidas de desescalada han cambiado algunas de las restricciones para viajar. Vamos [&hellip;]<\/p>\n","protected":false},"author":93,"featured_media":3478,"comment_status":"closed","ping_status":"closed","sticky":false,"template":"","format":"standard","meta":{"site-sidebar-layout":"default","site-content-layout":"","ast-site-content-layout":"","site-content-style":"default","site-sidebar-style":"default","ast-global-header-display":"","ast-banner-title-visibility":"","ast-main-header-display":"","ast-hfb-above-header-display":"","ast-hfb-below-header-display":"","ast-hfb-mobile-header-display":"","site-post-title":"","ast-breadcrumbs-content":"","ast-featured-img":"","footer-sml-layout":"","theme-transparent-header-meta":"","adv-header-id-meta":"","stick-header-meta":"","header-above-stick-meta":"","header-main-stick-meta":"","header-below-stick-meta":"","astra-migrate-meta-layouts":"default","ast-page-background-enabled":"default","ast-page-background-meta":{"desktop":{"background-color":"var(--ast-global-color-4)","background-image":"","background-repeat":"repeat","background-position":"center center","background-size":"auto","background-attachment":"scroll","background-type":"","background-media":"","overlay-type":"","overlay-color":"","overlay-opacity":"","overlay-gradient":""},"tablet":{"background-color":"","background-image":"","background-repeat":"repeat","background-position":"center center","background-size":"auto","background-attachment":"scroll","background-type":"","background-media":"","overlay-type":"","overlay-color":"","overlay-opacity":"","overlay-gradient":""},"mobile":{"background-color":"","background-image":"","background-repeat":"repeat","background-position":"center center","background-size":"auto","background-attachment":"scroll","background-type":"","background-media":"","overlay-type":"","overlay-color":"","overlay-opacity":"","overlay-gradient":""}},"ast-content-background-meta":{"desktop":{"background-color":"var(--ast-global-color-5)","background-image":"","background-repeat":"repeat","background-position":"center center","background-size":"auto","background-attachment":"scroll","background-type":"","background-media":"","overlay-type":"","overlay-color":"","overlay-opacity":"","overlay-gradient":""},"tablet":{"background-color":"var(--ast-global-color-5)","background-image":"","background-repeat":"repeat","background-position":"center center","background-size":"auto","background-attachment":"scroll","background-type":"","background-media":"","overlay-type":"","overlay-color":"","overlay-opacity":"","overlay-gradient":""},"mobile":{"background-color":"var(--ast-global-color-5)","background-image":"","background-repeat":"repeat","background-position":"center center","background-size":"auto","background-attachment":"scroll","background-type":"","background-media":"","overlay-type":"","overlay-color":"","overlay-opacity":"","overlay-gradient":""}},"_jetpack_memberships_contains_paid_content":false,"footnotes":""},"categories":[1],"tags":[],"area":[190],"cluster":[99],"linea_editorial":[],"coauthors":[467],"class_list":["post-3475","post","type-post","status-publish","format-standard","has-post-thumbnail","hentry","category-sin-categoria","area-content-movistar","cluster-salud"],"yoast_head":"<!-- This site is optimized with the Yoast SEO Premium plugin v25.5 (Yoast SEO v25.5) - https:\/\/yoast.com\/wordpress\/plugins\/seo\/ -->\n<title>Espa\u00f1a 2021: Viajes y Covid-19 - Movistar Salud<\/title>\n<meta name=\"description\" content=\"Te contamos las claves de viajes y covid 19 en la situaci\u00f3n actual: certificados digitales exigibles y las diferentes cuarentenas.\" \/>\n<meta name=\"robots\" content=\"index, follow, max-snippet:-1, max-image-preview:large, max-video-preview:-1\" \/>\n<link rel=\"canonical\" href=\"https:\/\/www.movistar.es\/blog\/salud\/viajes-y-covid-19\/\" \/>\n<meta property=\"og:locale\" content=\"es_ES\" \/>\n<meta property=\"og:type\" content=\"article\" \/>\n<meta property=\"og:title\" content=\"Espa\u00f1a 2021: Viajes y Covid-19\" \/>\n<meta property=\"og:description\" content=\"Te contamos las claves de viajes y covid 19 en la situaci\u00f3n actual: certificados digitales exigibles y las diferentes cuarentenas.\" \/>\n<meta property=\"og:url\" content=\"https:\/\/www.movistar.es\/blog\/salud\/viajes-y-covid-19\/\" \/>\n<meta property=\"og:site_name\" content=\"Movistar blog\" \/>\n<meta property=\"article:author\" content=\"movistar.es\/\" \/>\n<meta property=\"article:published_time\" content=\"2021-07-13T15:25:00+00:00\" \/>\n<meta property=\"article:modified_time\" content=\"2022-11-25T11:54:11+00:00\" \/>\n<meta property=\"og:image\" content=\"https:\/\/www.movistar.es\/blog\/wp-content\/uploads\/sites\/3\/2022\/05\/viajes-covid-m.jpg\" \/>\n\t<meta property=\"og:image:width\" content=\"360\" \/>\n\t<meta property=\"og:image:height\" content=\"300\" \/>\n\t<meta property=\"og:image:type\" content=\"image\/jpeg\" \/>\n<meta name=\"author\" content=\"Equipo de Redacci\u00f3n\" \/>\n<meta name=\"twitter:card\" content=\"summary_large_image\" \/>\n<meta name=\"twitter:creator\" content=\"@movistar_es\" \/>\n<meta name=\"twitter:label1\" content=\"Written by\" \/>\n\t<meta name=\"twitter:data1\" content=\"Equipo de Redacci\u00f3n\" \/>\n\t<meta name=\"twitter:label2\" content=\"Est. reading time\" \/>\n\t<meta name=\"twitter:data2\" content=\"5 minutos\" \/>\n<script type=\"application\/ld+json\" class=\"yoast-schema-graph\">{\"@context\":\"https:\/\/schema.org\",\"@graph\":[{\"@type\":\"Article\",\"@id\":\"https:\/\/www.movistar.es\/blog\/salud\/viajes-y-covid-19\/#article\",\"isPartOf\":{\"@id\":\"https:\/\/www.movistar.es\/blog\/salud\/viajes-y-covid-19\/\"},\"author\":{\"name\":\"Equipo de Redacci\u00f3n\",\"@id\":\"https:\/\/www.movistar.es\/blog\/#\/schema\/person\/6184006f5def4638e52e2d0ff98bd55a\"},\"headline\":\"Espa\u00f1a 2021: Viajes y Covid-19\",\"datePublished\":\"2021-07-13T15:25:00+00:00\",\"dateModified\":\"2022-11-25T11:54:11+00:00\",\"mainEntityOfPage\":{\"@id\":\"https:\/\/www.movistar.es\/blog\/salud\/viajes-y-covid-19\/\"},\"wordCount\":1112,\"publisher\":{\"@id\":\"https:\/\/www.movistar.es\/blog\/#organization\"},\"image\":{\"@id\":\"https:\/\/www.movistar.es\/blog\/salud\/viajes-y-covid-19\/#primaryimage\"},\"thumbnailUrl\":\"https:\/\/www.movistar.es\/blog\/wp-content\/uploads\/sites\/3\/2022\/05\/viajes-covid-m.jpg\",\"inLanguage\":\"es\"},{\"@type\":\"WebPage\",\"@id\":\"https:\/\/www.movistar.es\/blog\/salud\/viajes-y-covid-19\/\",\"url\":\"https:\/\/www.movistar.es\/blog\/salud\/viajes-y-covid-19\/\",\"name\":\"Espa\u00f1a 2021: Viajes y Covid-19 - Movistar Salud\",\"isPartOf\":{\"@id\":\"https:\/\/www.movistar.es\/blog\/#website\"},\"primaryImageOfPage\":{\"@id\":\"https:\/\/www.movistar.es\/blog\/salud\/viajes-y-covid-19\/#primaryimage\"},\"image\":{\"@id\":\"https:\/\/www.movistar.es\/blog\/salud\/viajes-y-covid-19\/#primaryimage\"},\"thumbnailUrl\":\"https:\/\/www.movistar.es\/blog\/wp-content\/uploads\/sites\/3\/2022\/05\/viajes-covid-m.jpg\",\"datePublished\":\"2021-07-13T15:25:00+00:00\",\"dateModified\":\"2022-11-25T11:54:11+00:00\",\"description\":\"Te contamos las claves de viajes y covid 19 en la situaci\u00f3n actual: certificados digitales exigibles y las diferentes cuarentenas.\",\"breadcrumb\":{\"@id\":\"https:\/\/www.movistar.es\/blog\/salud\/viajes-y-covid-19\/#breadcrumb\"},\"inLanguage\":\"es\",\"potentialAction\":[{\"@type\":\"ReadAction\",\"target\":[\"https:\/\/www.movistar.es\/blog\/salud\/viajes-y-covid-19\/\"]}]},{\"@type\":\"ImageObject\",\"inLanguage\":\"es\",\"@id\":\"https:\/\/www.movistar.es\/blog\/salud\/viajes-y-covid-19\/#primaryimage\",\"url\":\"https:\/\/www.movistar.es\/blog\/wp-content\/uploads\/sites\/3\/2022\/05\/viajes-covid-m.jpg\",\"contentUrl\":\"https:\/\/www.movistar.es\/blog\/wp-content\/uploads\/sites\/3\/2022\/05\/viajes-covid-m.jpg\",\"width\":360,\"height\":300},{\"@type\":\"BreadcrumbList\",\"@id\":\"https:\/\/www.movistar.es\/blog\/salud\/viajes-y-covid-19\/#breadcrumb\",\"itemListElement\":[{\"@type\":\"ListItem\",\"position\":1,\"name\":\"Home\",\"item\":\"https:\/\/www.movistar.es\/blog\/\"},{\"@type\":\"ListItem\",\"position\":2,\"name\":\"Espa\u00f1a 2021: Viajes y Covid-19\"}]},{\"@type\":\"WebSite\",\"@id\":\"https:\/\/www.movistar.es\/blog\/#website\",\"url\":\"https:\/\/www.movistar.es\/blog\/\",\"name\":\"Movistar blog\",\"description\":\"Movistar Blog. Informaci\u00f3n y m\u00e1s sobre los productos y servicios de Movistar\",\"publisher\":{\"@id\":\"https:\/\/www.movistar.es\/blog\/#organization\"},\"potentialAction\":[{\"@type\":\"SearchAction\",\"target\":{\"@type\":\"EntryPoint\",\"urlTemplate\":\"https:\/\/www.movistar.es\/blog\/?s={search_term_string}\"},\"query-input\":{\"@type\":\"PropertyValueSpecification\",\"valueRequired\":true,\"valueName\":\"search_term_string\"}}],\"inLanguage\":\"es\"},{\"@type\":\"Organization\",\"@id\":\"https:\/\/www.movistar.es\/blog\/#organization\",\"name\":\"Movistar blog\",\"url\":\"https:\/\/www.movistar.es\/blog\/\",\"logo\":{\"@type\":\"ImageObject\",\"inLanguage\":\"es\",\"@id\":\"https:\/\/www.movistar.es\/blog\/#\/schema\/logo\/image\/\",\"url\":\"https:\/\/www.movistar.es\/blog\/wp-content\/uploads\/sites\/3\/2022\/05\/logo_movistar-1.svg\",\"contentUrl\":\"https:\/\/www.movistar.es\/blog\/wp-content\/uploads\/sites\/3\/2022\/05\/logo_movistar-1.svg\",\"width\":369,\"height\":272,\"caption\":\"Movistar blog\"},\"image\":{\"@id\":\"https:\/\/www.movistar.es\/blog\/#\/schema\/logo\/image\/\"}},{\"@type\":\"Person\",\"@id\":\"https:\/\/www.movistar.es\/blog\/#\/schema\/person\/6184006f5def4638e52e2d0ff98bd55a\",\"name\":\"Equipo de Redacci\u00f3n\",\"image\":{\"@type\":\"ImageObject\",\"inLanguage\":\"es\",\"@id\":\"https:\/\/www.movistar.es\/blog\/#\/schema\/person\/image\/8dbf7dc767c23aa5f974d575dda930c5\",\"url\":\"https:\/\/secure.gravatar.com\/avatar\/ce5aadad84c2aeb36c9813c46e41a53b0c9cc1d57205e8cde4bdf0ed790b3c97\",\"contentUrl\":\"https:\/\/secure.gravatar.com\/avatar\/ce5aadad84c2aeb36c9813c46e41a53b0c9cc1d57205e8cde4bdf0ed790b3c97\",\"caption\":\"Equipo de Redacci\u00f3n\"},\"description\":\"Buscamos temas de tu inter\u00e9s. Te contamos c\u00f3mo pueden ayudarte en tu d\u00eda a d\u00eda los productos y servicios de Movistar. No queremos venderte nada. Queremos descubrirte cosas para hacerte la vida m\u00e1s f\u00e1cil.\",\"sameAs\":[\"https:\/\/www.movistar.es\/\",\"movistar.es\/\",\"https:\/\/www.instagram.com\/movistar_es\/?hl=es\",\"https:\/\/x.com\/movistar_es\"],\"knowsAbout\":[\"smartphones\",\"conectividad\",\"hogar digital\",\"ciberseguridad\"],\"url\":\"https:\/\/www.movistar.es\/blog\/author\/contentmovistar\/\"}]}<\/script>\n<!-- \/ Yoast SEO Premium plugin. -->","yoast_head_json":{"title":"Espa\u00f1a 2021: Viajes y Covid-19 - Movistar Salud","description":"Te contamos las claves de viajes y covid 19 en la situaci\u00f3n actual: certificados digitales exigibles y las diferentes cuarentenas.","robots":{"index":"index","follow":"follow","max-snippet":"max-snippet:-1","max-image-preview":"max-image-preview:large","max-video-preview":"max-video-preview:-1"},"canonical":"https:\/\/www.movistar.es\/blog\/salud\/viajes-y-covid-19\/","og_locale":"es_ES","og_type":"article","og_title":"Espa\u00f1a 2021: Viajes y Covid-19","og_description":"Te contamos las claves de viajes y covid 19 en la situaci\u00f3n actual: certificados digitales exigibles y las diferentes cuarentenas.","og_url":"https:\/\/www.movistar.es\/blog\/salud\/viajes-y-covid-19\/","og_site_name":"Movistar blog","article_author":"movistar.es\/","article_published_time":"2021-07-13T15:25:00+00:00","article_modified_time":"2022-11-25T11:54:11+00:00","og_image":[{"width":360,"height":300,"url":"https:\/\/www.movistar.es\/blog\/wp-content\/uploads\/sites\/3\/2022\/05\/viajes-covid-m.jpg","type":"image\/jpeg"}],"author":"Equipo de Redacci\u00f3n","twitter_card":"summary_large_image","twitter_creator":"@movistar_es","twitter_misc":{"Written by":"Equipo de Redacci\u00f3n","Est. reading time":"5 minutos"},"schema":{"@context":"https:\/\/schema.org","@graph":[{"@type":"Article","@id":"https:\/\/www.movistar.es\/blog\/salud\/viajes-y-covid-19\/#article","isPartOf":{"@id":"https:\/\/www.movistar.es\/blog\/salud\/viajes-y-covid-19\/"},"author":{"name":"Equipo de Redacci\u00f3n","@id":"https:\/\/www.movistar.es\/blog\/#\/schema\/person\/6184006f5def4638e52e2d0ff98bd55a"},"headline":"Espa\u00f1a 2021: Viajes y Covid-19","datePublished":"2021-07-13T15:25:00+00:00","dateModified":"2022-11-25T11:54:11+00:00","mainEntityOfPage":{"@id":"https:\/\/www.movistar.es\/blog\/salud\/viajes-y-covid-19\/"},"wordCount":1112,"publisher":{"@id":"https:\/\/www.movistar.es\/blog\/#organization"},"image":{"@id":"https:\/\/www.movistar.es\/blog\/salud\/viajes-y-covid-19\/#primaryimage"},"thumbnailUrl":"https:\/\/www.movistar.es\/blog\/wp-content\/uploads\/sites\/3\/2022\/05\/viajes-covid-m.jpg","inLanguage":"es"},{"@type":"WebPage","@id":"https:\/\/www.movistar.es\/blog\/salud\/viajes-y-covid-19\/","url":"https:\/\/www.movistar.es\/blog\/salud\/viajes-y-covid-19\/","name":"Espa\u00f1a 2021: Viajes y Covid-19 - Movistar Salud","isPartOf":{"@id":"https:\/\/www.movistar.es\/blog\/#website"},"primaryImageOfPage":{"@id":"https:\/\/www.movistar.es\/blog\/salud\/viajes-y-covid-19\/#primaryimage"},"image":{"@id":"https:\/\/www.movistar.es\/blog\/salud\/viajes-y-covid-19\/#primaryimage"},"thumbnailUrl":"https:\/\/www.movistar.es\/blog\/wp-content\/uploads\/sites\/3\/2022\/05\/viajes-covid-m.jpg","datePublished":"2021-07-13T15:25:00+00:00","dateModified":"2022-11-25T11:54:11+00:00","description":"Te contamos las claves de viajes y covid 19 en la situaci\u00f3n actual: certificados digitales exigibles y las diferentes cuarentenas.","breadcrumb":{"@id":"https:\/\/www.movistar.es\/blog\/salud\/viajes-y-covid-19\/#breadcrumb"},"inLanguage":"es","potentialAction":[{"@type":"ReadAction","target":["https:\/\/www.movistar.es\/blog\/salud\/viajes-y-covid-19\/"]}]},{"@type":"ImageObject","inLanguage":"es","@id":"https:\/\/www.movistar.es\/blog\/salud\/viajes-y-covid-19\/#primaryimage","url":"https:\/\/www.movistar.es\/blog\/wp-content\/uploads\/sites\/3\/2022\/05\/viajes-covid-m.jpg","contentUrl":"https:\/\/www.movistar.es\/blog\/wp-content\/uploads\/sites\/3\/2022\/05\/viajes-covid-m.jpg","width":360,"height":300},{"@type":"BreadcrumbList","@id":"https:\/\/www.movistar.es\/blog\/salud\/viajes-y-covid-19\/#breadcrumb","itemListElement":[{"@type":"ListItem","position":1,"name":"Home","item":"https:\/\/www.movistar.es\/blog\/"},{"@type":"ListItem","position":2,"name":"Espa\u00f1a 2021: Viajes y Covid-19"}]},{"@type":"WebSite","@id":"https:\/\/www.movistar.es\/blog\/#website","url":"https:\/\/www.movistar.es\/blog\/","name":"Movistar blog","description":"Movistar Blog. Informaci\u00f3n y m\u00e1s sobre los productos y servicios de Movistar","publisher":{"@id":"https:\/\/www.movistar.es\/blog\/#organization"},"potentialAction":[{"@type":"SearchAction","target":{"@type":"EntryPoint","urlTemplate":"https:\/\/www.movistar.es\/blog\/?s={search_term_string}"},"query-input":{"@type":"PropertyValueSpecification","valueRequired":true,"valueName":"search_term_string"}}],"inLanguage":"es"},{"@type":"Organization","@id":"https:\/\/www.movistar.es\/blog\/#organization","name":"Movistar blog","url":"https:\/\/www.movistar.es\/blog\/","logo":{"@type":"ImageObject","inLanguage":"es","@id":"https:\/\/www.movistar.es\/blog\/#\/schema\/logo\/image\/","url":"https:\/\/www.movistar.es\/blog\/wp-content\/uploads\/sites\/3\/2022\/05\/logo_movistar-1.svg","contentUrl":"https:\/\/www.movistar.es\/blog\/wp-content\/uploads\/sites\/3\/2022\/05\/logo_movistar-1.svg","width":369,"height":272,"caption":"Movistar blog"},"image":{"@id":"https:\/\/www.movistar.es\/blog\/#\/schema\/logo\/image\/"}},{"@type":"Person","@id":"https:\/\/www.movistar.es\/blog\/#\/schema\/person\/6184006f5def4638e52e2d0ff98bd55a","name":"Equipo de Redacci\u00f3n","image":{"@type":"ImageObject","inLanguage":"es","@id":"https:\/\/www.movistar.es\/blog\/#\/schema\/person\/image\/8dbf7dc767c23aa5f974d575dda930c5","url":"https:\/\/secure.gravatar.com\/avatar\/ce5aadad84c2aeb36c9813c46e41a53b0c9cc1d57205e8cde4bdf0ed790b3c97","contentUrl":"https:\/\/secure.gravatar.com\/avatar\/ce5aadad84c2aeb36c9813c46e41a53b0c9cc1d57205e8cde4bdf0ed790b3c97","caption":"Equipo de Redacci\u00f3n"},"description":"Buscamos temas de tu inter\u00e9s. Te contamos c\u00f3mo pueden ayudarte en tu d\u00eda a d\u00eda los productos y servicios de Movistar. No queremos venderte nada. Queremos descubrirte cosas para hacerte la vida m\u00e1s f\u00e1cil.","sameAs":["https:\/\/www.movistar.es\/","movistar.es\/","https:\/\/www.instagram.com\/movistar_es\/?hl=es","https:\/\/x.com\/movistar_es"],"knowsAbout":["smartphones","conectividad","hogar digital","ciberseguridad"],"url":"https:\/\/www.movistar.es\/blog\/author\/contentmovistar\/"}]}},"jetpack_featured_media_url":"https:\/\/www.movistar.es\/blog\/wp-content\/uploads\/sites\/3\/2022\/05\/viajes-covid-m.jpg","jetpack_sharing_enabled":true,"_links":{"self":[{"href":"https:\/\/www.movistar.es\/blog\/wp-json\/wp\/v2\/posts\/3475","targetHints":{"allow":["GET"]}}],"collection":[{"href":"https:\/\/www.movistar.es\/blog\/wp-json\/wp\/v2\/posts"}],"about":[{"href":"https:\/\/www.movistar.es\/blog\/wp-json\/wp\/v2\/types\/post"}],"author":[{"embeddable":true,"href":"https:\/\/www.movistar.es\/blog\/wp-json\/wp\/v2\/users\/93"}],"replies":[{"embeddable":true,"href":"https:\/\/www.movistar.es\/blog\/wp-json\/wp\/v2\/comments?post=3475"}],"version-history":[{"count":17,"href":"https:\/\/www.movistar.es\/blog\/wp-json\/wp\/v2\/posts\/3475\/revisions"}],"predecessor-version":[{"id":9250,"href":"https:\/\/www.movistar.es\/blog\/wp-json\/wp\/v2\/posts\/3475\/revisions\/9250"}],"wp:featuredmedia":[{"embeddable":true,"href":"https:\/\/www.movistar.es\/blog\/wp-json\/wp\/v2\/media\/3478"}],"wp:attachment":[{"href":"https:\/\/www.movistar.es\/blog\/wp-json\/wp\/v2\/media?parent=3475"}],"wp:term":[{"taxonomy":"category","embeddable":true,"href":"https:\/\/www.movistar.es\/blog\/wp-json\/wp\/v2\/categories?post=3475"},{"taxonomy":"post_tag","embeddable":true,"href":"https:\/\/www.movistar.es\/blog\/wp-json\/wp\/v2\/tags?post=3475"},{"taxonomy":"area","embeddable":true,"href":"https:\/\/www.movistar.es\/blog\/wp-json\/wp\/v2\/area?post=3475"},{"taxonomy":"cluster","embeddable":true,"href":"https:\/\/www.movistar.es\/blog\/wp-json\/wp\/v2\/cluster?post=3475"},{"taxonomy":"linea_editorial","embeddable":true,"href":"https:\/\/www.movistar.es\/blog\/wp-json\/wp\/v2\/linea_editorial?post=3475"},{"taxonomy":"author","embeddable":true,"href":"https:\/\/www.movistar.es\/blog\/wp-json\/wp\/v2\/coauthors?post=3475"}],"curies":[{"name":"wp","href":"https:\/\/api.w.org\/{rel}","templated":true}]}}