{"id":3463,"date":"2024-03-22T12:56:39","date_gmt":"2024-03-22T11:56:39","guid":{"rendered":"https:\/\/www.movistar.es\/blog\/?p=3463"},"modified":"2024-03-22T12:56:39","modified_gmt":"2024-03-22T11:56:39","slug":"ocupacion-vacaciones","status":"publish","type":"post","link":"https:\/\/www.movistar.es\/blog\/alarmas\/ocupacion-vacaciones\/","title":{"rendered":"\u00bfQu\u00e9 pasa si me voy en Semana Santa? As\u00ed puedes evitar la ocupaci\u00f3n en vacaciones"},"content":{"rendered":"\n<p>La <strong>ocupaci\u00f3n en vacaciones<\/strong> de la vivienda habitual preocupa y mucho. M\u00e1s aun con la llegada de la Semana Santa, el primer periodo de vacaciones del a\u00f1o, sin\u00f3nimo de \u00e9xodo hacia la playa, el campo o las segundas residencias. <\/p>\n\n\n\n<p>En este contexto, contar con una alarma instalada en casa que nos de tranquilidad, seguridad y una protecci\u00f3n 360 se hace m\u00e1s que necesario. Descubre c\u00f3mo <strong>Movistar Prosegur Alarmas<\/strong>\u00a0te ayuda a evitar la temida ocupaci\u00f3n en vacaciones y garantiza que disfrutes sin preocupaciones.<\/p>\n\n\n\n<h2 class=\"wp-block-heading\" id=\"h-algunas-claves-para-que-estos-dias-de-vacaciones-sean-seguros\"><strong>Algunas claves para que estos d\u00edas de vacaciones sean seguros<\/strong><\/h2>\n\n\n\n<p>En primer lugar, queremos compartir contigo algunos consejos para que estos d\u00edas de vacaciones sean seguros. Adem\u00e1s de que puedas evitar robos u ocupaciones.<\/p>\n\n\n\n<ul class=\"wp-block-list\"><li><strong>No cuentes a desconocidos ni a trav\u00e9s de las\u00a0redes sociales\u00a0cu\u00e1ndo te vas a ir de vacaciones ni a d\u00f3nde<\/strong>. No podemos dar pistas a los amigos de lo ajeno<\/li><li>Es importante\u00a0<strong>cerrar la puerta de casa con llave<\/strong>, tanto si est\u00e1s dentro como fuera del inmueble. Adem\u00e1s de evitar dejarlas escondidas en sitios estrat\u00e9gicos.<\/li><li>Para prevenir robos u ocupaci\u00f3n en vacaciones,\u00a0<strong>revisa si hay alg\u00fan\u00a0s\u00edmbolo raro en tu fachada.<\/strong>\u00a0Por ejemplo una cruz, que indique que los habitantes de la vivienda se encuentran fuera del hogar.<\/li><li><strong>Elige con precauci\u00f3n el momento y el lugar donde cargas el coche con tu equipaje<\/strong>. Lo ideal es guardar las maletas en el garaje a primera hora de la ma\u00f1ana o evitar mucho tr\u00e1nsito por la calle. Tambi\u00e9n, aseg\u00farate de que se cierra la puerta del garaje antes de seguir tu camino.<\/li><li><strong>No desconectes\u00a0el timbre de tu hogar.<\/strong>\u00a0Ya que si no suena, ser\u00e1 evidente que no est\u00e1s en casa.<\/li><li><strong>Haz un inventario de bienes<\/strong>\u00a0para prevenir ante un posible robo.<\/li><li><strong>Cuenta con\u00a0<\/strong><a href=\"https:\/\/www.movistar.es\/blog\/alarmas\/alarmas-garantia-antiocupacion\/\" target=\"_blank\" rel=\"noreferrer noopener\"><strong>Garant\u00eda Antiocupaci\u00f3n<\/strong><\/a><strong>,\u00a0ofrecida por Movistar Prosegur Alarmas.<\/strong>\u00a0La primera y \u00fanica con Garant\u00eda Antiocupaci\u00f3n que no solo disuade o protege sino que ahora se compromete contra las ocupaciones. Te explicamos en detalle.<\/li><\/ul>\n\n\n\n<h3 class=\"wp-block-heading\" class=\"wp-block-heading\" id=\"la-primera-garantia-antiocupacion-ofrecida-por-movistar-prosegur-alarmas\"><strong>La primera Garant\u00eda Antiocupaci\u00f3n ofrecida por Movistar Prosegur Alarmas<\/strong><\/h3>\n\n\n\n<p><strong>Movistar Prosegur Alarmas<\/strong> es la primera y \u00fanica alarma con <strong>Garant\u00eda Antiocupaci\u00f3n<\/strong>, todo un avance revolucionario en seguridad domiciliaria. As\u00ed, integra una serie de medidas que disuaden, protegen, act\u00faan y comprometen. <\/p>\n\n\n\n<p>Este innovador sistema disuade a posibles ocupantes mediante su placa exterior, protege ante ocupaciones con\u00a0<a href=\"https:\/\/movistarproseguralarmas.es\/camaras-de-videovigilancia\/reconocimiento-inteligente\" target=\"_blank\" rel=\"noreferrer noopener\"><strong>c\u00e1maras y detectores<\/strong><\/a>\u00a0conectados a una Central Receptora de Alarmas, act\u00faa con un servicio de vigilancia de intervenci\u00f3n inmediata, y se compromete proporcionando un seguro de L\u00ednea Directa Aseguradora que cubre asesoramiento legal, responsabilidad civil, gastos de habilitaci\u00f3n, suministros del hogar ocupado y compensaci\u00f3n por alojamiento alternativo o p\u00e9rdida de rentas del alquiler. <\/p>\n\n\n\n<p>As\u00ed, este enfoque integral asegura una respuesta eficaz ante intrusiones y ocupaciones ilegales.<\/p>\n\n\n\n<figure class=\"wp-block-image aligncenter size-large\"><img loading=\"lazy\" decoding=\"async\" height=\"683\" width=\"1024\" src=\"https:\/\/www.movistar.es\/blog\/wp-content\/uploads\/sites\/3\/2024\/03\/Hombre-controlando-su-casa-inteligente-con-el-movil-Man-controlling-his-smart-home-with-his-mobile.jpg?w=1024\" alt=\"ocupaci\u00f3n en vacaciones\" class=\"wp-image-24842\" title=\"ocupaci\u00f3n en vacaciones\" srcset=\"https:\/\/www.movistar.es\/blog\/wp-content\/uploads\/sites\/3\/2024\/03\/Hombre-controlando-su-casa-inteligente-con-el-movil-Man-controlling-his-smart-home-with-his-mobile.jpg 5760w, https:\/\/www.movistar.es\/blog\/wp-content\/uploads\/sites\/3\/2024\/03\/Hombre-controlando-su-casa-inteligente-con-el-movil-Man-controlling-his-smart-home-with-his-mobile.jpg?resize=300,200 300w, https:\/\/www.movistar.es\/blog\/wp-content\/uploads\/sites\/3\/2024\/03\/Hombre-controlando-su-casa-inteligente-con-el-movil-Man-controlling-his-smart-home-with-his-mobile.jpg?resize=768,512 768w, https:\/\/www.movistar.es\/blog\/wp-content\/uploads\/sites\/3\/2024\/03\/Hombre-controlando-su-casa-inteligente-con-el-movil-Man-controlling-his-smart-home-with-his-mobile.jpg?resize=1024,683 1024w, https:\/\/www.movistar.es\/blog\/wp-content\/uploads\/sites\/3\/2024\/03\/Hombre-controlando-su-casa-inteligente-con-el-movil-Man-controlling-his-smart-home-with-his-mobile.jpg?resize=1536,1024 1536w, https:\/\/www.movistar.es\/blog\/wp-content\/uploads\/sites\/3\/2024\/03\/Hombre-controlando-su-casa-inteligente-con-el-movil-Man-controlling-his-smart-home-with-his-mobile.jpg?resize=2048,1365 2048w\" sizes=\"auto, (max-width: 1024px) 100vw, 1024px\" \/><\/figure>\n\n\n\n<h2 class=\"wp-block-heading\" class=\"wp-block-heading\" id=\"la-clave-final-instala-un-sistema-de-seguridad-de-alarmas-para-prevenir-la-ocupacion-en-vacaciones\"><strong>La clave final: instala un sistema de seguridad de alarmas<\/strong> para prevenir la ocupaci\u00f3n en vacaciones<\/h2>\n\n\n\n<p>Pero sin duda, lo m\u00e1s importante para estar tranquilo si te vas de vacaciones es instalar un sistema de seguridad de\u00a0alarmas para casa, como por ejemplo, el que te ofrece\u00a0<strong>Movistar Prosegur Alarmas<\/strong>. Queremos que disfrutes al m\u00e1ximo de nuestras ventajas, y es que, contar con una alarma puede marcar la diferencia entre que intenten entrar en tu casa o no, adem\u00e1s de protegerte ante la ocupaci\u00f3n en vacaciones, una problem\u00e1tica que ha crecido considerablemente. Para una protecci\u00f3n extra, los clientes Movistar que tengan el Router Smart WiFi y Conexi\u00f3n Segura activado, podr\u00e1n disfrutar de un Sistema de Ciberseguridad gratuito.<\/p>\n\n\n\n<p>Para terminar de estar tranquilo, Movistar Prosegur Alarmas cuenta con&nbsp;<a href=\"https:\/\/www.movistar.es\/particulares\/movistar-prosegur-alarmas\/\" target=\"_blank\" rel=\"noreferrer noopener\"><strong>aviso a Polic\u00eda<\/strong><\/a>, as\u00ed podr\u00e1s ver lo que pasa en tu casa desde la App en cualquier momento y desde cualquier lugar para una protecci\u00f3n 360.<\/p>\n","protected":false},"excerpt":{"rendered":"<p>La ocupaci\u00f3n en vacaciones de la vivienda habitual preocupa y mucho. M\u00e1s aun con la llegada de la Semana Santa, el primer periodo de vacaciones del a\u00f1o, sin\u00f3nimo de \u00e9xodo hacia la playa, el campo [&hellip;]<\/p>\n","protected":false},"author":93,"featured_media":4655,"comment_status":"closed","ping_status":"closed","sticky":false,"template":"","format":"standard","meta":{"site-sidebar-layout":"default","site-content-layout":"","ast-site-content-layout":"","site-content-style":"default","site-sidebar-style":"default","ast-global-header-display":"","ast-banner-title-visibility":"","ast-main-header-display":"","ast-hfb-above-header-display":"","ast-hfb-below-header-display":"","ast-hfb-mobile-header-display":"","site-post-title":"","ast-breadcrumbs-content":"","ast-featured-img":"","footer-sml-layout":"","theme-transparent-header-meta":"","adv-header-id-meta":"","stick-header-meta":"","header-above-stick-meta":"","header-main-stick-meta":"","header-below-stick-meta":"","astra-migrate-meta-layouts":"default","ast-page-background-enabled":"default","ast-page-background-meta":{"desktop":{"background-color":"var(--ast-global-color-4)","background-image":"","background-repeat":"repeat","background-position":"center center","background-size":"auto","background-attachment":"scroll","background-type":"","background-media":"","overlay-type":"","overlay-color":"","overlay-opacity":"","overlay-gradient":""},"tablet":{"background-color":"","background-image":"","background-repeat":"repeat","background-position":"center center","background-size":"auto","background-attachment":"scroll","background-type":"","background-media":"","overlay-type":"","overlay-color":"","overlay-opacity":"","overlay-gradient":""},"mobile":{"background-color":"","background-image":"","background-repeat":"repeat","background-position":"center center","background-size":"auto","background-attachment":"scroll","background-type":"","background-media":"","overlay-type":"","overlay-color":"","overlay-opacity":"","overlay-gradient":""}},"ast-content-background-meta":{"desktop":{"background-color":"var(--ast-global-color-5)","background-image":"","background-repeat":"repeat","background-position":"center center","background-size":"auto","background-attachment":"scroll","background-type":"","background-media":"","overlay-type":"","overlay-color":"","overlay-opacity":"","overlay-gradient":""},"tablet":{"background-color":"var(--ast-global-color-5)","background-image":"","background-repeat":"repeat","background-position":"center center","background-size":"auto","background-attachment":"scroll","background-type":"","background-media":"","overlay-type":"","overlay-color":"","overlay-opacity":"","overlay-gradient":""},"mobile":{"background-color":"var(--ast-global-color-5)","background-image":"","background-repeat":"repeat","background-position":"center center","background-size":"auto","background-attachment":"scroll","background-type":"","background-media":"","overlay-type":"","overlay-color":"","overlay-opacity":"","overlay-gradient":""}},"_jetpack_memberships_contains_paid_content":false,"footnotes":""},"categories":[1],"tags":[],"area":[190],"cluster":[341],"linea_editorial":[],"coauthors":[467],"class_list":["post-3463","post","type-post","status-publish","format-standard","has-post-thumbnail","hentry","category-sin-categoria","area-content-movistar","cluster-alarmas"],"yoast_head":"<!-- This site is optimized with the Yoast SEO Premium plugin v25.5 (Yoast SEO v25.5) - https:\/\/yoast.com\/wordpress\/plugins\/seo\/ -->\n<title>\u00bfQu\u00e9 pasa si me voy en Semana Santa? As\u00ed puedes evitar la ocupaci\u00f3n en vacaciones<\/title>\n<meta name=\"description\" content=\"La ocupaci\u00f3n en vacaciones de la vivienda habitual preocupa y mucho. Contar con una alarma instalada en casa nos da tranquilidad y seguridad.\" \/>\n<meta name=\"robots\" content=\"index, follow, max-snippet:-1, max-image-preview:large, max-video-preview:-1\" \/>\n<link rel=\"canonical\" href=\"https:\/\/www.movistar.es\/blog\/alarmas\/ocupacion-vacaciones\/\" \/>\n<meta property=\"og:locale\" content=\"es_ES\" \/>\n<meta property=\"og:type\" content=\"article\" \/>\n<meta property=\"og:title\" content=\"\u00bfQu\u00e9 pasa si me voy en Semana Santa? As\u00ed puedes evitar la ocupaci\u00f3n en vacaciones\" \/>\n<meta property=\"og:description\" content=\"La ocupaci\u00f3n en vacaciones de la vivienda habitual preocupa y mucho. Contar con una alarma instalada en casa nos da tranquilidad y seguridad.\" \/>\n<meta property=\"og:url\" content=\"https:\/\/www.movistar.es\/blog\/alarmas\/ocupacion-vacaciones\/\" \/>\n<meta property=\"og:site_name\" content=\"Movistar blog\" \/>\n<meta property=\"article:author\" content=\"movistar.es\/\" \/>\n<meta property=\"article:published_time\" content=\"2024-03-22T11:56:39+00:00\" \/>\n<meta property=\"og:image\" content=\"https:\/\/www.movistar.es\/blog\/wp-content\/uploads\/sites\/3\/2021\/03\/casa-ocukapa-vacaciones_1040x650.jpg\" \/>\n\t<meta property=\"og:image:width\" content=\"1040\" \/>\n\t<meta property=\"og:image:height\" content=\"650\" \/>\n\t<meta property=\"og:image:type\" content=\"image\/jpeg\" \/>\n<meta name=\"author\" content=\"Equipo de Redacci\u00f3n\" \/>\n<meta name=\"twitter:card\" content=\"summary_large_image\" \/>\n<meta name=\"twitter:creator\" content=\"@movistar_es\" \/>\n<meta name=\"twitter:label1\" content=\"Written by\" \/>\n\t<meta name=\"twitter:data1\" content=\"Equipo de Redacci\u00f3n\" \/>\n\t<meta name=\"twitter:label2\" content=\"Est. reading time\" \/>\n\t<meta name=\"twitter:data2\" content=\"3 minutos\" \/>\n<script type=\"application\/ld+json\" class=\"yoast-schema-graph\">{\"@context\":\"https:\/\/schema.org\",\"@graph\":[{\"@type\":\"Article\",\"@id\":\"https:\/\/www.movistar.es\/blog\/alarmas\/ocupacion-vacaciones\/#article\",\"isPartOf\":{\"@id\":\"https:\/\/www.movistar.es\/blog\/alarmas\/ocupacion-vacaciones\/\"},\"author\":{\"name\":\"Equipo de Redacci\u00f3n\",\"@id\":\"https:\/\/www.movistar.es\/blog\/#\/schema\/person\/6184006f5def4638e52e2d0ff98bd55a\"},\"headline\":\"\u00bfQu\u00e9 pasa si me voy en Semana Santa? As\u00ed puedes evitar la ocupaci\u00f3n en vacaciones\",\"datePublished\":\"2024-03-22T11:56:39+00:00\",\"mainEntityOfPage\":{\"@id\":\"https:\/\/www.movistar.es\/blog\/alarmas\/ocupacion-vacaciones\/\"},\"wordCount\":665,\"publisher\":{\"@id\":\"https:\/\/www.movistar.es\/blog\/#organization\"},\"image\":{\"@id\":\"https:\/\/www.movistar.es\/blog\/alarmas\/ocupacion-vacaciones\/#primaryimage\"},\"thumbnailUrl\":\"https:\/\/www.movistar.es\/blog\/wp-content\/uploads\/sites\/3\/2021\/03\/casa-ocukapa-vacaciones_1040x650.jpg\",\"inLanguage\":\"es\"},{\"@type\":\"WebPage\",\"@id\":\"https:\/\/www.movistar.es\/blog\/alarmas\/ocupacion-vacaciones\/\",\"url\":\"https:\/\/www.movistar.es\/blog\/alarmas\/ocupacion-vacaciones\/\",\"name\":\"\u00bfQu\u00e9 pasa si me voy en Semana Santa? As\u00ed puedes evitar la ocupaci\u00f3n en vacaciones\",\"isPartOf\":{\"@id\":\"https:\/\/www.movistar.es\/blog\/#website\"},\"primaryImageOfPage\":{\"@id\":\"https:\/\/www.movistar.es\/blog\/alarmas\/ocupacion-vacaciones\/#primaryimage\"},\"image\":{\"@id\":\"https:\/\/www.movistar.es\/blog\/alarmas\/ocupacion-vacaciones\/#primaryimage\"},\"thumbnailUrl\":\"https:\/\/www.movistar.es\/blog\/wp-content\/uploads\/sites\/3\/2021\/03\/casa-ocukapa-vacaciones_1040x650.jpg\",\"datePublished\":\"2024-03-22T11:56:39+00:00\",\"description\":\"La ocupaci\u00f3n en vacaciones de la vivienda habitual preocupa y mucho. Contar con una alarma instalada en casa nos da tranquilidad y seguridad.\",\"breadcrumb\":{\"@id\":\"https:\/\/www.movistar.es\/blog\/alarmas\/ocupacion-vacaciones\/#breadcrumb\"},\"inLanguage\":\"es\",\"potentialAction\":[{\"@type\":\"ReadAction\",\"target\":[\"https:\/\/www.movistar.es\/blog\/alarmas\/ocupacion-vacaciones\/\"]}]},{\"@type\":\"ImageObject\",\"inLanguage\":\"es\",\"@id\":\"https:\/\/www.movistar.es\/blog\/alarmas\/ocupacion-vacaciones\/#primaryimage\",\"url\":\"https:\/\/www.movistar.es\/blog\/wp-content\/uploads\/sites\/3\/2021\/03\/casa-ocukapa-vacaciones_1040x650.jpg\",\"contentUrl\":\"https:\/\/www.movistar.es\/blog\/wp-content\/uploads\/sites\/3\/2021\/03\/casa-ocukapa-vacaciones_1040x650.jpg\",\"width\":1040,\"height\":650},{\"@type\":\"BreadcrumbList\",\"@id\":\"https:\/\/www.movistar.es\/blog\/alarmas\/ocupacion-vacaciones\/#breadcrumb\",\"itemListElement\":[{\"@type\":\"ListItem\",\"position\":1,\"name\":\"Home\",\"item\":\"https:\/\/www.movistar.es\/blog\/\"},{\"@type\":\"ListItem\",\"position\":2,\"name\":\"\u00bfQu\u00e9 pasa si me voy en Semana Santa? As\u00ed puedes evitar la ocupaci\u00f3n en vacaciones\"}]},{\"@type\":\"WebSite\",\"@id\":\"https:\/\/www.movistar.es\/blog\/#website\",\"url\":\"https:\/\/www.movistar.es\/blog\/\",\"name\":\"Movistar blog\",\"description\":\"Movistar Blog. Informaci\u00f3n y m\u00e1s sobre los productos y servicios de Movistar\",\"publisher\":{\"@id\":\"https:\/\/www.movistar.es\/blog\/#organization\"},\"potentialAction\":[{\"@type\":\"SearchAction\",\"target\":{\"@type\":\"EntryPoint\",\"urlTemplate\":\"https:\/\/www.movistar.es\/blog\/?s={search_term_string}\"},\"query-input\":{\"@type\":\"PropertyValueSpecification\",\"valueRequired\":true,\"valueName\":\"search_term_string\"}}],\"inLanguage\":\"es\"},{\"@type\":\"Organization\",\"@id\":\"https:\/\/www.movistar.es\/blog\/#organization\",\"name\":\"Movistar blog\",\"url\":\"https:\/\/www.movistar.es\/blog\/\",\"logo\":{\"@type\":\"ImageObject\",\"inLanguage\":\"es\",\"@id\":\"https:\/\/www.movistar.es\/blog\/#\/schema\/logo\/image\/\",\"url\":\"https:\/\/www.movistar.es\/blog\/wp-content\/uploads\/sites\/3\/2022\/05\/logo_movistar-1.svg\",\"contentUrl\":\"https:\/\/www.movistar.es\/blog\/wp-content\/uploads\/sites\/3\/2022\/05\/logo_movistar-1.svg\",\"width\":369,\"height\":272,\"caption\":\"Movistar blog\"},\"image\":{\"@id\":\"https:\/\/www.movistar.es\/blog\/#\/schema\/logo\/image\/\"}},{\"@type\":\"Person\",\"@id\":\"https:\/\/www.movistar.es\/blog\/#\/schema\/person\/6184006f5def4638e52e2d0ff98bd55a\",\"name\":\"Equipo de Redacci\u00f3n\",\"image\":{\"@type\":\"ImageObject\",\"inLanguage\":\"es\",\"@id\":\"https:\/\/www.movistar.es\/blog\/#\/schema\/person\/image\/8dbf7dc767c23aa5f974d575dda930c5\",\"url\":\"https:\/\/secure.gravatar.com\/avatar\/ce5aadad84c2aeb36c9813c46e41a53b0c9cc1d57205e8cde4bdf0ed790b3c97\",\"contentUrl\":\"https:\/\/secure.gravatar.com\/avatar\/ce5aadad84c2aeb36c9813c46e41a53b0c9cc1d57205e8cde4bdf0ed790b3c97\",\"caption\":\"Equipo de Redacci\u00f3n\"},\"description\":\"Buscamos temas de tu inter\u00e9s. Te contamos c\u00f3mo pueden ayudarte en tu d\u00eda a d\u00eda los productos y servicios de Movistar. No queremos venderte nada. Queremos descubrirte cosas para hacerte la vida m\u00e1s f\u00e1cil.\",\"sameAs\":[\"https:\/\/www.movistar.es\/\",\"movistar.es\/\",\"https:\/\/www.instagram.com\/movistar_es\/?hl=es\",\"https:\/\/x.com\/movistar_es\"],\"knowsAbout\":[\"smartphones\",\"conectividad\",\"hogar digital\",\"ciberseguridad\"],\"url\":\"https:\/\/www.movistar.es\/blog\/author\/contentmovistar\/\"}]}<\/script>\n<!-- \/ Yoast SEO Premium plugin. -->","yoast_head_json":{"title":"\u00bfQu\u00e9 pasa si me voy en Semana Santa? As\u00ed puedes evitar la ocupaci\u00f3n en vacaciones","description":"La ocupaci\u00f3n en vacaciones de la vivienda habitual preocupa y mucho. Contar con una alarma instalada en casa nos da tranquilidad y seguridad.","robots":{"index":"index","follow":"follow","max-snippet":"max-snippet:-1","max-image-preview":"max-image-preview:large","max-video-preview":"max-video-preview:-1"},"canonical":"https:\/\/www.movistar.es\/blog\/alarmas\/ocupacion-vacaciones\/","og_locale":"es_ES","og_type":"article","og_title":"\u00bfQu\u00e9 pasa si me voy en Semana Santa? As\u00ed puedes evitar la ocupaci\u00f3n en vacaciones","og_description":"La ocupaci\u00f3n en vacaciones de la vivienda habitual preocupa y mucho. Contar con una alarma instalada en casa nos da tranquilidad y seguridad.","og_url":"https:\/\/www.movistar.es\/blog\/alarmas\/ocupacion-vacaciones\/","og_site_name":"Movistar blog","article_author":"movistar.es\/","article_published_time":"2024-03-22T11:56:39+00:00","og_image":[{"width":1040,"height":650,"url":"https:\/\/www.movistar.es\/blog\/wp-content\/uploads\/sites\/3\/2021\/03\/casa-ocukapa-vacaciones_1040x650.jpg","type":"image\/jpeg"}],"author":"Equipo de Redacci\u00f3n","twitter_card":"summary_large_image","twitter_creator":"@movistar_es","twitter_misc":{"Written by":"Equipo de Redacci\u00f3n","Est. reading time":"3 minutos"},"schema":{"@context":"https:\/\/schema.org","@graph":[{"@type":"Article","@id":"https:\/\/www.movistar.es\/blog\/alarmas\/ocupacion-vacaciones\/#article","isPartOf":{"@id":"https:\/\/www.movistar.es\/blog\/alarmas\/ocupacion-vacaciones\/"},"author":{"name":"Equipo de Redacci\u00f3n","@id":"https:\/\/www.movistar.es\/blog\/#\/schema\/person\/6184006f5def4638e52e2d0ff98bd55a"},"headline":"\u00bfQu\u00e9 pasa si me voy en Semana Santa? As\u00ed puedes evitar la ocupaci\u00f3n en vacaciones","datePublished":"2024-03-22T11:56:39+00:00","mainEntityOfPage":{"@id":"https:\/\/www.movistar.es\/blog\/alarmas\/ocupacion-vacaciones\/"},"wordCount":665,"publisher":{"@id":"https:\/\/www.movistar.es\/blog\/#organization"},"image":{"@id":"https:\/\/www.movistar.es\/blog\/alarmas\/ocupacion-vacaciones\/#primaryimage"},"thumbnailUrl":"https:\/\/www.movistar.es\/blog\/wp-content\/uploads\/sites\/3\/2021\/03\/casa-ocukapa-vacaciones_1040x650.jpg","inLanguage":"es"},{"@type":"WebPage","@id":"https:\/\/www.movistar.es\/blog\/alarmas\/ocupacion-vacaciones\/","url":"https:\/\/www.movistar.es\/blog\/alarmas\/ocupacion-vacaciones\/","name":"\u00bfQu\u00e9 pasa si me voy en Semana Santa? As\u00ed puedes evitar la ocupaci\u00f3n en vacaciones","isPartOf":{"@id":"https:\/\/www.movistar.es\/blog\/#website"},"primaryImageOfPage":{"@id":"https:\/\/www.movistar.es\/blog\/alarmas\/ocupacion-vacaciones\/#primaryimage"},"image":{"@id":"https:\/\/www.movistar.es\/blog\/alarmas\/ocupacion-vacaciones\/#primaryimage"},"thumbnailUrl":"https:\/\/www.movistar.es\/blog\/wp-content\/uploads\/sites\/3\/2021\/03\/casa-ocukapa-vacaciones_1040x650.jpg","datePublished":"2024-03-22T11:56:39+00:00","description":"La ocupaci\u00f3n en vacaciones de la vivienda habitual preocupa y mucho. Contar con una alarma instalada en casa nos da tranquilidad y seguridad.","breadcrumb":{"@id":"https:\/\/www.movistar.es\/blog\/alarmas\/ocupacion-vacaciones\/#breadcrumb"},"inLanguage":"es","potentialAction":[{"@type":"ReadAction","target":["https:\/\/www.movistar.es\/blog\/alarmas\/ocupacion-vacaciones\/"]}]},{"@type":"ImageObject","inLanguage":"es","@id":"https:\/\/www.movistar.es\/blog\/alarmas\/ocupacion-vacaciones\/#primaryimage","url":"https:\/\/www.movistar.es\/blog\/wp-content\/uploads\/sites\/3\/2021\/03\/casa-ocukapa-vacaciones_1040x650.jpg","contentUrl":"https:\/\/www.movistar.es\/blog\/wp-content\/uploads\/sites\/3\/2021\/03\/casa-ocukapa-vacaciones_1040x650.jpg","width":1040,"height":650},{"@type":"BreadcrumbList","@id":"https:\/\/www.movistar.es\/blog\/alarmas\/ocupacion-vacaciones\/#breadcrumb","itemListElement":[{"@type":"ListItem","position":1,"name":"Home","item":"https:\/\/www.movistar.es\/blog\/"},{"@type":"ListItem","position":2,"name":"\u00bfQu\u00e9 pasa si me voy en Semana Santa? As\u00ed puedes evitar la ocupaci\u00f3n en vacaciones"}]},{"@type":"WebSite","@id":"https:\/\/www.movistar.es\/blog\/#website","url":"https:\/\/www.movistar.es\/blog\/","name":"Movistar blog","description":"Movistar Blog. Informaci\u00f3n y m\u00e1s sobre los productos y servicios de Movistar","publisher":{"@id":"https:\/\/www.movistar.es\/blog\/#organization"},"potentialAction":[{"@type":"SearchAction","target":{"@type":"EntryPoint","urlTemplate":"https:\/\/www.movistar.es\/blog\/?s={search_term_string}"},"query-input":{"@type":"PropertyValueSpecification","valueRequired":true,"valueName":"search_term_string"}}],"inLanguage":"es"},{"@type":"Organization","@id":"https:\/\/www.movistar.es\/blog\/#organization","name":"Movistar blog","url":"https:\/\/www.movistar.es\/blog\/","logo":{"@type":"ImageObject","inLanguage":"es","@id":"https:\/\/www.movistar.es\/blog\/#\/schema\/logo\/image\/","url":"https:\/\/www.movistar.es\/blog\/wp-content\/uploads\/sites\/3\/2022\/05\/logo_movistar-1.svg","contentUrl":"https:\/\/www.movistar.es\/blog\/wp-content\/uploads\/sites\/3\/2022\/05\/logo_movistar-1.svg","width":369,"height":272,"caption":"Movistar blog"},"image":{"@id":"https:\/\/www.movistar.es\/blog\/#\/schema\/logo\/image\/"}},{"@type":"Person","@id":"https:\/\/www.movistar.es\/blog\/#\/schema\/person\/6184006f5def4638e52e2d0ff98bd55a","name":"Equipo de Redacci\u00f3n","image":{"@type":"ImageObject","inLanguage":"es","@id":"https:\/\/www.movistar.es\/blog\/#\/schema\/person\/image\/8dbf7dc767c23aa5f974d575dda930c5","url":"https:\/\/secure.gravatar.com\/avatar\/ce5aadad84c2aeb36c9813c46e41a53b0c9cc1d57205e8cde4bdf0ed790b3c97","contentUrl":"https:\/\/secure.gravatar.com\/avatar\/ce5aadad84c2aeb36c9813c46e41a53b0c9cc1d57205e8cde4bdf0ed790b3c97","caption":"Equipo de Redacci\u00f3n"},"description":"Buscamos temas de tu inter\u00e9s. Te contamos c\u00f3mo pueden ayudarte en tu d\u00eda a d\u00eda los productos y servicios de Movistar. No queremos venderte nada. Queremos descubrirte cosas para hacerte la vida m\u00e1s f\u00e1cil.","sameAs":["https:\/\/www.movistar.es\/","movistar.es\/","https:\/\/www.instagram.com\/movistar_es\/?hl=es","https:\/\/x.com\/movistar_es"],"knowsAbout":["smartphones","conectividad","hogar digital","ciberseguridad"],"url":"https:\/\/www.movistar.es\/blog\/author\/contentmovistar\/"}]}},"jetpack_featured_media_url":"https:\/\/www.movistar.es\/blog\/wp-content\/uploads\/sites\/3\/2021\/03\/casa-ocukapa-vacaciones_1040x650.jpg","jetpack_sharing_enabled":true,"_links":{"self":[{"href":"https:\/\/www.movistar.es\/blog\/wp-json\/wp\/v2\/posts\/3463","targetHints":{"allow":["GET"]}}],"collection":[{"href":"https:\/\/www.movistar.es\/blog\/wp-json\/wp\/v2\/posts"}],"about":[{"href":"https:\/\/www.movistar.es\/blog\/wp-json\/wp\/v2\/types\/post"}],"author":[{"embeddable":true,"href":"https:\/\/www.movistar.es\/blog\/wp-json\/wp\/v2\/users\/93"}],"replies":[{"embeddable":true,"href":"https:\/\/www.movistar.es\/blog\/wp-json\/wp\/v2\/comments?post=3463"}],"version-history":[{"count":11,"href":"https:\/\/www.movistar.es\/blog\/wp-json\/wp\/v2\/posts\/3463\/revisions"}],"predecessor-version":[{"id":24895,"href":"https:\/\/www.movistar.es\/blog\/wp-json\/wp\/v2\/posts\/3463\/revisions\/24895"}],"wp:featuredmedia":[{"embeddable":true,"href":"https:\/\/www.movistar.es\/blog\/wp-json\/wp\/v2\/media\/4655"}],"wp:attachment":[{"href":"https:\/\/www.movistar.es\/blog\/wp-json\/wp\/v2\/media?parent=3463"}],"wp:term":[{"taxonomy":"category","embeddable":true,"href":"https:\/\/www.movistar.es\/blog\/wp-json\/wp\/v2\/categories?post=3463"},{"taxonomy":"post_tag","embeddable":true,"href":"https:\/\/www.movistar.es\/blog\/wp-json\/wp\/v2\/tags?post=3463"},{"taxonomy":"area","embeddable":true,"href":"https:\/\/www.movistar.es\/blog\/wp-json\/wp\/v2\/area?post=3463"},{"taxonomy":"cluster","embeddable":true,"href":"https:\/\/www.movistar.es\/blog\/wp-json\/wp\/v2\/cluster?post=3463"},{"taxonomy":"linea_editorial","embeddable":true,"href":"https:\/\/www.movistar.es\/blog\/wp-json\/wp\/v2\/linea_editorial?post=3463"},{"taxonomy":"author","embeddable":true,"href":"https:\/\/www.movistar.es\/blog\/wp-json\/wp\/v2\/coauthors?post=3463"}],"curies":[{"name":"wp","href":"https:\/\/api.w.org\/{rel}","templated":true}]}}