{"id":3436,"date":"2021-09-20T17:11:00","date_gmt":"2021-09-20T15:11:00","guid":{"rendered":"https:\/\/www.movistar.es\/blog\/?p=3436"},"modified":"2022-11-24T14:45:53","modified_gmt":"2022-11-24T13:45:53","slug":"covid-y-la-vuelta-al-cole","status":"publish","type":"post","link":"https:\/\/www.movistar.es\/blog\/salud\/covid-y-la-vuelta-al-cole\/","title":{"rendered":"COVID y la vuelta al cole"},"content":{"rendered":"\n<p>Este a\u00f1o con covid la vuelta al cole 2021\/22 est\u00e1 marcada de nuevo por la pandemia. Tras un largo tiempo de no presencialidad primero, y de medidas de cuarentena despu\u00e9s en la mayor\u00eda de casos, este a\u00f1o escolar empieza con cambios.<\/p>\n\n\n\n<p>La principal novedad es que las clases dar\u00e1n comienzo en septiembre de forma presencial en todos los centros educativos. Las medidas se ir\u00e1n revisando permanentemente y est\u00e1n sujetas a cambios, en funci\u00f3n de la evoluci\u00f3n de la pandemia.<\/p>\n\n\n\n<h2 class=\"wp-block-heading\" id=\"h-vacunas\">Vacunas<\/h2>\n\n\n\n<p>En estos \u00faltimos meses los grupos de mayor incidencia de COVID-19 son los j\u00f3venes que empezar\u00e1n la universidad, el instituto o el colegio. La vacunaci\u00f3n de los mayores de 12 a\u00f1os se ha potenciado precisamente por este motivo.<\/p>\n\n\n\n<p>A d\u00eda de hoy aproximadamente un 50% de los j\u00f3venes entre 12 y 15 a\u00f1os est\u00e1n vacunados y en el grupo entre 16 y 19 a\u00f1os casi un 75%.<\/p>\n\n\n\n<p>El objetivo del gobierno es que la vacunaci\u00f3n alcance a todos los escolares mayores de 12 a\u00f1os cuanto antes, y para ello est\u00e1 llevando a cabo campa\u00f1as de concienciaci\u00f3n.<\/p>\n\n\n\n<h2 class=\"wp-block-heading\" id=\"h-medidas-que-se-mantienen-como-el-ano-pasado\">Medidas que se mantienen como el a\u00f1o pasado<\/h2>\n\n\n\n<ul class=\"wp-block-list\"><li>&nbsp;La mascarilla continuar\u00e1 siendo obligatoria para todo el alumnado a partir de primero de primaria.<\/li><li>&nbsp;Higiene de manos obligatoria. Se mantienen los grupos estables de convivencia en cada curso. Esto se realiza as\u00ed para facilitar la trazabilidad de los casos positivos.<\/li><li>&nbsp;Se ventilar\u00e1n las aulas, con ventilaci\u00f3n natural como opci\u00f3n preferente, abriendo puertas y ventanas.<\/li><li>&nbsp;Se permite el servicio de acogida matinal, comedor y transporte escolar.<\/li><li>&nbsp;Las entradas ser\u00e1n escalonadas.<\/li><li>&nbsp;Las personas con s\u00edntomas no podr\u00e1n entrar en el centro.<\/li><li>&nbsp;Todos los centros educativos deber\u00e1n tener un responsable COVID.<\/li><\/ul>\n\n\n\n<figure class=\"wp-block-image size-large\"><img loading=\"lazy\" decoding=\"async\" height=\"1024\" width=\"1024\" src=\"https:\/\/www.movistar.es\/blog\/wp-content\/uploads\/sites\/3\/2022\/11\/covid-vuelta-cole_1080x1080.jpg?w=1024\" alt=\"covid y vuelta al cole\" class=\"wp-image-9139\" title=\"covid y vuelta al cole\" srcset=\"https:\/\/www.movistar.es\/blog\/wp-content\/uploads\/sites\/3\/2022\/11\/covid-vuelta-cole_1080x1080.jpg 1080w, https:\/\/www.movistar.es\/blog\/wp-content\/uploads\/sites\/3\/2022\/11\/covid-vuelta-cole_1080x1080.jpg?resize=150,150 150w, https:\/\/www.movistar.es\/blog\/wp-content\/uploads\/sites\/3\/2022\/11\/covid-vuelta-cole_1080x1080.jpg?resize=300,300 300w, https:\/\/www.movistar.es\/blog\/wp-content\/uploads\/sites\/3\/2022\/11\/covid-vuelta-cole_1080x1080.jpg?resize=768,768 768w, https:\/\/www.movistar.es\/blog\/wp-content\/uploads\/sites\/3\/2022\/11\/covid-vuelta-cole_1080x1080.jpg?resize=1024,1024 1024w\" sizes=\"auto, (max-width: 1024px) 100vw, 1024px\" \/><figcaption><em>Foto de <a href=\"https:\/\/unsplash.com\/@element5digital?utm_source=unsplash&amp;utm_medium=referral&amp;utm_content=creditCopyText\">Element5 Digital<\/a><\/em><\/figcaption><\/figure>\n\n\n\n<h2 class=\"wp-block-heading\" id=\"h-covid-y-vuelta-al-cole-cambios-en-el-curso-2021-2022\">Covid y vuelta al cole: cambios en el curso 2021-2022 <\/h2>\n\n\n\n<p>Estos son algunos de los cambios que nos encontraremos en el curso 2021-2022 con la vuelta al cole<\/p>\n\n\n\n<ul class=\"wp-block-list\"><li>&nbsp;No se tomar\u00e1 la temperatura al entrar al centro educativo en algunas comunidades aut\u00f3nomas.<\/li><li>&nbsp;No es necesario llevar mascarilla en el patio o recreo si se comparte con el mismo grupo de convivencia estable.<\/li><li>&nbsp;El en patio pueden estar distintos grupos de convivencia si usan mascarilla.<\/li><li>&nbsp;No se requiere mantener la distancia entre alumnado de un mismo grupo estable de convivencia.<\/li><li>&nbsp;Las familias podr\u00e1n entrar a los centros educativos si cumplen todas las medidas sanitarias exigidas.<\/li><li>&nbsp;Las reuniones con las familias ser\u00e1n preferentemente telem\u00e1ticas.<\/li><li>&nbsp;Los familiares podr\u00e1n participar en talleres y salidas.<\/li><li>&nbsp;Se iniciar\u00e1n las actividades extraescolares en octubre, con 10 alumnos por grupo o un m\u00e1ximo de 15 si las instalaciones donde se realicen permiten mantener las distancias de seguridad.<\/li><li>&nbsp;Las fiestas o celebraciones escolares se podr\u00e1n hacer con las familias en espacios exteriores, sin aglomeraciones, manteniendo la distancia de seguridad, con mascarilla y recomendando que las personas est\u00e9n vacunadas.<\/li><li>&nbsp;Los alumnos vacunados con la pauta completa o que ya hayan pasado la enfermedad ya no tendr\u00e1n que hacer cuarentena si hay un contagio en el grupo y podr\u00e1n continuar dando clase de forma presencial. Esta medida afectar\u00e1 generalmente a los institutos.<\/li><li>&nbsp;Los no vacunados s\u00ed deber\u00e1n confinarse en casa como contacto estrecho y continuar\u00e1n teniendo clase, pero de forma online.<\/li><li>&nbsp;Cuando se confine una clase, no se har\u00e1n pruebas a todo el grupo para saber si hay m\u00e1s positivos, tal y como ocurre con el resto de la poblaci\u00f3n.<\/li><li>&nbsp;Se relajan los protocolos de limpieza, que se har\u00e1 una vez al d\u00eda, y se permitir\u00e1 compartir material.<\/li><\/ul>\n\n\n\n<p>Cada nuevo curso es una nueva oportunidad de aprendizaje. A pesar de las medidas todav\u00eda vigentes tenemos que ser positivos ya que estamos mejor que el a\u00f1o anterior. No podemos bajar la guardia y debemos ser cuidadosos en seguir manteniendo las precauciones que favorezcan una convivencia segura y la presencialidad en las aulas, un tesoro del que quiz\u00e1s no \u00e9ramos del todo conscientes.<\/p>\n\n\n\n<p>Para ayudarte con el covid y la vuelta al cole, con\u00a0<a href=\"https:\/\/www.movistar.es\/particulares\/telemedicina-medico-online?pid=blogmovistar_salud_3555\" target=\"_blank\" rel=\"noreferrer noopener nofollow\">Movistar Salud<\/a>\u00a0cuentas con la tranquilidad de poder acceder a un m\u00e9dico en cualquier momento del d\u00eda, los 7 d\u00edas de la semana y desde cualquier lugar del mundo. Cons\u00faltanos tus dudas, por peque\u00f1as que sean y nuestro equipo m\u00e9dico te responder\u00e1 en menos de una hora.<\/p>\n\n\n\n<p>Porque en Movistar Salud estamos para ti, siempre. Si nos necesitas, estaremos ah\u00ed para ayudarte.<\/p>\n\n\n\n<p>Aprovecha ahora la promoci\u00f3n y al contratar Movistar Salud podr\u00e1s disfrutar del primer mes del servicio completamente gratis.<\/p>\n","protected":false},"excerpt":{"rendered":"<p>Este a\u00f1o con covid la vuelta al cole 2021\/22 est\u00e1 marcada de nuevo por la pandemia. Tras un largo tiempo de no presencialidad primero, y de medidas de cuarentena despu\u00e9s en la mayor\u00eda de casos, [&hellip;]<\/p>\n","protected":false},"author":93,"featured_media":3437,"comment_status":"closed","ping_status":"closed","sticky":false,"template":"","format":"standard","meta":{"site-sidebar-layout":"default","site-content-layout":"","ast-site-content-layout":"","site-content-style":"default","site-sidebar-style":"default","ast-global-header-display":"","ast-banner-title-visibility":"","ast-main-header-display":"","ast-hfb-above-header-display":"","ast-hfb-below-header-display":"","ast-hfb-mobile-header-display":"","site-post-title":"","ast-breadcrumbs-content":"","ast-featured-img":"","footer-sml-layout":"","theme-transparent-header-meta":"","adv-header-id-meta":"","stick-header-meta":"","header-above-stick-meta":"","header-main-stick-meta":"","header-below-stick-meta":"","astra-migrate-meta-layouts":"default","ast-page-background-enabled":"default","ast-page-background-meta":{"desktop":{"background-color":"var(--ast-global-color-4)","background-image":"","background-repeat":"repeat","background-position":"center center","background-size":"auto","background-attachment":"scroll","background-type":"","background-media":"","overlay-type":"","overlay-color":"","overlay-opacity":"","overlay-gradient":""},"tablet":{"background-color":"","background-image":"","background-repeat":"repeat","background-position":"center center","background-size":"auto","background-attachment":"scroll","background-type":"","background-media":"","overlay-type":"","overlay-color":"","overlay-opacity":"","overlay-gradient":""},"mobile":{"background-color":"","background-image":"","background-repeat":"repeat","background-position":"center center","background-size":"auto","background-attachment":"scroll","background-type":"","background-media":"","overlay-type":"","overlay-color":"","overlay-opacity":"","overlay-gradient":""}},"ast-content-background-meta":{"desktop":{"background-color":"var(--ast-global-color-5)","background-image":"","background-repeat":"repeat","background-position":"center center","background-size":"auto","background-attachment":"scroll","background-type":"","background-media":"","overlay-type":"","overlay-color":"","overlay-opacity":"","overlay-gradient":""},"tablet":{"background-color":"var(--ast-global-color-5)","background-image":"","background-repeat":"repeat","background-position":"center center","background-size":"auto","background-attachment":"scroll","background-type":"","background-media":"","overlay-type":"","overlay-color":"","overlay-opacity":"","overlay-gradient":""},"mobile":{"background-color":"var(--ast-global-color-5)","background-image":"","background-repeat":"repeat","background-position":"center center","background-size":"auto","background-attachment":"scroll","background-type":"","background-media":"","overlay-type":"","overlay-color":"","overlay-opacity":"","overlay-gradient":""}},"_jetpack_memberships_contains_paid_content":false,"footnotes":""},"categories":[1],"tags":[],"area":[],"cluster":[99],"linea_editorial":[],"coauthors":[467],"class_list":["post-3436","post","type-post","status-publish","format-standard","has-post-thumbnail","hentry","category-sin-categoria","cluster-salud"],"yoast_head":"<!-- This site is optimized with the Yoast SEO Premium plugin v25.5 (Yoast SEO v25.5) - https:\/\/yoast.com\/wordpress\/plugins\/seo\/ -->\n<title>COVID y la vuelta al cole - Movistar blog<\/title>\n<meta name=\"description\" content=\"Te contamos las medidas que se mantienen y las que cambian este a\u00f1o 2021-22. Preguntas y respuestas sobre la vuelta al cole con el covid-19.\" \/>\n<meta name=\"robots\" content=\"index, follow, max-snippet:-1, max-image-preview:large, max-video-preview:-1\" \/>\n<link rel=\"canonical\" href=\"https:\/\/www.movistar.es\/blog\/salud\/covid-y-la-vuelta-al-cole\/\" \/>\n<meta property=\"og:locale\" content=\"es_ES\" \/>\n<meta property=\"og:type\" content=\"article\" \/>\n<meta property=\"og:title\" content=\"COVID y la vuelta al cole\" \/>\n<meta property=\"og:description\" content=\"Te contamos las medidas que se mantienen y las que cambian este a\u00f1o 2021-22. Preguntas y respuestas sobre la vuelta al cole con el covid-19.\" \/>\n<meta property=\"og:url\" content=\"https:\/\/www.movistar.es\/blog\/salud\/covid-y-la-vuelta-al-cole\/\" \/>\n<meta property=\"og:site_name\" content=\"Movistar blog\" \/>\n<meta property=\"article:author\" content=\"movistar.es\/\" \/>\n<meta property=\"article:published_time\" content=\"2021-09-20T15:11:00+00:00\" \/>\n<meta property=\"article:modified_time\" content=\"2022-11-24T13:45:53+00:00\" \/>\n<meta property=\"og:image\" content=\"https:\/\/www.movistar.es\/blog\/wp-content\/uploads\/sites\/3\/2022\/05\/vuelta-cole-m.jpg\" \/>\n\t<meta property=\"og:image:width\" content=\"360\" \/>\n\t<meta property=\"og:image:height\" content=\"300\" \/>\n\t<meta property=\"og:image:type\" content=\"image\/jpeg\" \/>\n<meta name=\"author\" content=\"Equipo de Redacci\u00f3n\" \/>\n<meta name=\"twitter:card\" content=\"summary_large_image\" \/>\n<meta name=\"twitter:creator\" content=\"@movistar_es\" \/>\n<meta name=\"twitter:label1\" content=\"Written by\" \/>\n\t<meta name=\"twitter:data1\" content=\"Equipo de Redacci\u00f3n\" \/>\n\t<meta name=\"twitter:label2\" content=\"Est. reading time\" \/>\n\t<meta name=\"twitter:data2\" content=\"4 minutos\" \/>\n<script type=\"application\/ld+json\" class=\"yoast-schema-graph\">{\"@context\":\"https:\/\/schema.org\",\"@graph\":[{\"@type\":\"Article\",\"@id\":\"https:\/\/www.movistar.es\/blog\/salud\/covid-y-la-vuelta-al-cole\/#article\",\"isPartOf\":{\"@id\":\"https:\/\/www.movistar.es\/blog\/salud\/covid-y-la-vuelta-al-cole\/\"},\"author\":{\"name\":\"Equipo de Redacci\u00f3n\",\"@id\":\"https:\/\/www.movistar.es\/blog\/#\/schema\/person\/6184006f5def4638e52e2d0ff98bd55a\"},\"headline\":\"COVID y la vuelta al cole\",\"datePublished\":\"2021-09-20T15:11:00+00:00\",\"dateModified\":\"2022-11-24T13:45:53+00:00\",\"mainEntityOfPage\":{\"@id\":\"https:\/\/www.movistar.es\/blog\/salud\/covid-y-la-vuelta-al-cole\/\"},\"wordCount\":790,\"publisher\":{\"@id\":\"https:\/\/www.movistar.es\/blog\/#organization\"},\"image\":{\"@id\":\"https:\/\/www.movistar.es\/blog\/salud\/covid-y-la-vuelta-al-cole\/#primaryimage\"},\"thumbnailUrl\":\"https:\/\/www.movistar.es\/blog\/wp-content\/uploads\/sites\/3\/2022\/05\/vuelta-cole-m.jpg\",\"inLanguage\":\"es\"},{\"@type\":\"WebPage\",\"@id\":\"https:\/\/www.movistar.es\/blog\/salud\/covid-y-la-vuelta-al-cole\/\",\"url\":\"https:\/\/www.movistar.es\/blog\/salud\/covid-y-la-vuelta-al-cole\/\",\"name\":\"COVID y la vuelta al cole - Movistar blog\",\"isPartOf\":{\"@id\":\"https:\/\/www.movistar.es\/blog\/#website\"},\"primaryImageOfPage\":{\"@id\":\"https:\/\/www.movistar.es\/blog\/salud\/covid-y-la-vuelta-al-cole\/#primaryimage\"},\"image\":{\"@id\":\"https:\/\/www.movistar.es\/blog\/salud\/covid-y-la-vuelta-al-cole\/#primaryimage\"},\"thumbnailUrl\":\"https:\/\/www.movistar.es\/blog\/wp-content\/uploads\/sites\/3\/2022\/05\/vuelta-cole-m.jpg\",\"datePublished\":\"2021-09-20T15:11:00+00:00\",\"dateModified\":\"2022-11-24T13:45:53+00:00\",\"description\":\"Te contamos las medidas que se mantienen y las que cambian este a\u00f1o 2021-22. Preguntas y respuestas sobre la vuelta al cole con el covid-19.\",\"breadcrumb\":{\"@id\":\"https:\/\/www.movistar.es\/blog\/salud\/covid-y-la-vuelta-al-cole\/#breadcrumb\"},\"inLanguage\":\"es\",\"potentialAction\":[{\"@type\":\"ReadAction\",\"target\":[\"https:\/\/www.movistar.es\/blog\/salud\/covid-y-la-vuelta-al-cole\/\"]}]},{\"@type\":\"ImageObject\",\"inLanguage\":\"es\",\"@id\":\"https:\/\/www.movistar.es\/blog\/salud\/covid-y-la-vuelta-al-cole\/#primaryimage\",\"url\":\"https:\/\/www.movistar.es\/blog\/wp-content\/uploads\/sites\/3\/2022\/05\/vuelta-cole-m.jpg\",\"contentUrl\":\"https:\/\/www.movistar.es\/blog\/wp-content\/uploads\/sites\/3\/2022\/05\/vuelta-cole-m.jpg\",\"width\":360,\"height\":300},{\"@type\":\"BreadcrumbList\",\"@id\":\"https:\/\/www.movistar.es\/blog\/salud\/covid-y-la-vuelta-al-cole\/#breadcrumb\",\"itemListElement\":[{\"@type\":\"ListItem\",\"position\":1,\"name\":\"Home\",\"item\":\"https:\/\/www.movistar.es\/blog\/\"},{\"@type\":\"ListItem\",\"position\":2,\"name\":\"COVID y la vuelta al cole\"}]},{\"@type\":\"WebSite\",\"@id\":\"https:\/\/www.movistar.es\/blog\/#website\",\"url\":\"https:\/\/www.movistar.es\/blog\/\",\"name\":\"Movistar blog\",\"description\":\"Movistar Blog. Informaci\u00f3n y m\u00e1s sobre los productos y servicios de Movistar\",\"publisher\":{\"@id\":\"https:\/\/www.movistar.es\/blog\/#organization\"},\"potentialAction\":[{\"@type\":\"SearchAction\",\"target\":{\"@type\":\"EntryPoint\",\"urlTemplate\":\"https:\/\/www.movistar.es\/blog\/?s={search_term_string}\"},\"query-input\":{\"@type\":\"PropertyValueSpecification\",\"valueRequired\":true,\"valueName\":\"search_term_string\"}}],\"inLanguage\":\"es\"},{\"@type\":\"Organization\",\"@id\":\"https:\/\/www.movistar.es\/blog\/#organization\",\"name\":\"Movistar blog\",\"url\":\"https:\/\/www.movistar.es\/blog\/\",\"logo\":{\"@type\":\"ImageObject\",\"inLanguage\":\"es\",\"@id\":\"https:\/\/www.movistar.es\/blog\/#\/schema\/logo\/image\/\",\"url\":\"https:\/\/www.movistar.es\/blog\/wp-content\/uploads\/sites\/3\/2022\/05\/logo_movistar-1.svg\",\"contentUrl\":\"https:\/\/www.movistar.es\/blog\/wp-content\/uploads\/sites\/3\/2022\/05\/logo_movistar-1.svg\",\"width\":369,\"height\":272,\"caption\":\"Movistar blog\"},\"image\":{\"@id\":\"https:\/\/www.movistar.es\/blog\/#\/schema\/logo\/image\/\"}},{\"@type\":\"Person\",\"@id\":\"https:\/\/www.movistar.es\/blog\/#\/schema\/person\/6184006f5def4638e52e2d0ff98bd55a\",\"name\":\"Equipo de Redacci\u00f3n\",\"image\":{\"@type\":\"ImageObject\",\"inLanguage\":\"es\",\"@id\":\"https:\/\/www.movistar.es\/blog\/#\/schema\/person\/image\/8dbf7dc767c23aa5f974d575dda930c5\",\"url\":\"https:\/\/secure.gravatar.com\/avatar\/ce5aadad84c2aeb36c9813c46e41a53b0c9cc1d57205e8cde4bdf0ed790b3c97\",\"contentUrl\":\"https:\/\/secure.gravatar.com\/avatar\/ce5aadad84c2aeb36c9813c46e41a53b0c9cc1d57205e8cde4bdf0ed790b3c97\",\"caption\":\"Equipo de Redacci\u00f3n\"},\"description\":\"Buscamos temas de tu inter\u00e9s. Te contamos c\u00f3mo pueden ayudarte en tu d\u00eda a d\u00eda los productos y servicios de Movistar. No queremos venderte nada. Queremos descubrirte cosas para hacerte la vida m\u00e1s f\u00e1cil.\",\"sameAs\":[\"https:\/\/www.movistar.es\/\",\"movistar.es\/\",\"https:\/\/www.instagram.com\/movistar_es\/?hl=es\",\"https:\/\/x.com\/movistar_es\"],\"knowsAbout\":[\"smartphones\",\"conectividad\",\"hogar digital\",\"ciberseguridad\"],\"url\":\"https:\/\/www.movistar.es\/blog\/author\/contentmovistar\/\"}]}<\/script>\n<!-- \/ Yoast SEO Premium plugin. -->","yoast_head_json":{"title":"COVID y la vuelta al cole - Movistar blog","description":"Te contamos las medidas que se mantienen y las que cambian este a\u00f1o 2021-22. Preguntas y respuestas sobre la vuelta al cole con el covid-19.","robots":{"index":"index","follow":"follow","max-snippet":"max-snippet:-1","max-image-preview":"max-image-preview:large","max-video-preview":"max-video-preview:-1"},"canonical":"https:\/\/www.movistar.es\/blog\/salud\/covid-y-la-vuelta-al-cole\/","og_locale":"es_ES","og_type":"article","og_title":"COVID y la vuelta al cole","og_description":"Te contamos las medidas que se mantienen y las que cambian este a\u00f1o 2021-22. Preguntas y respuestas sobre la vuelta al cole con el covid-19.","og_url":"https:\/\/www.movistar.es\/blog\/salud\/covid-y-la-vuelta-al-cole\/","og_site_name":"Movistar blog","article_author":"movistar.es\/","article_published_time":"2021-09-20T15:11:00+00:00","article_modified_time":"2022-11-24T13:45:53+00:00","og_image":[{"width":360,"height":300,"url":"https:\/\/www.movistar.es\/blog\/wp-content\/uploads\/sites\/3\/2022\/05\/vuelta-cole-m.jpg","type":"image\/jpeg"}],"author":"Equipo de Redacci\u00f3n","twitter_card":"summary_large_image","twitter_creator":"@movistar_es","twitter_misc":{"Written by":"Equipo de Redacci\u00f3n","Est. reading time":"4 minutos"},"schema":{"@context":"https:\/\/schema.org","@graph":[{"@type":"Article","@id":"https:\/\/www.movistar.es\/blog\/salud\/covid-y-la-vuelta-al-cole\/#article","isPartOf":{"@id":"https:\/\/www.movistar.es\/blog\/salud\/covid-y-la-vuelta-al-cole\/"},"author":{"name":"Equipo de Redacci\u00f3n","@id":"https:\/\/www.movistar.es\/blog\/#\/schema\/person\/6184006f5def4638e52e2d0ff98bd55a"},"headline":"COVID y la vuelta al cole","datePublished":"2021-09-20T15:11:00+00:00","dateModified":"2022-11-24T13:45:53+00:00","mainEntityOfPage":{"@id":"https:\/\/www.movistar.es\/blog\/salud\/covid-y-la-vuelta-al-cole\/"},"wordCount":790,"publisher":{"@id":"https:\/\/www.movistar.es\/blog\/#organization"},"image":{"@id":"https:\/\/www.movistar.es\/blog\/salud\/covid-y-la-vuelta-al-cole\/#primaryimage"},"thumbnailUrl":"https:\/\/www.movistar.es\/blog\/wp-content\/uploads\/sites\/3\/2022\/05\/vuelta-cole-m.jpg","inLanguage":"es"},{"@type":"WebPage","@id":"https:\/\/www.movistar.es\/blog\/salud\/covid-y-la-vuelta-al-cole\/","url":"https:\/\/www.movistar.es\/blog\/salud\/covid-y-la-vuelta-al-cole\/","name":"COVID y la vuelta al cole - Movistar blog","isPartOf":{"@id":"https:\/\/www.movistar.es\/blog\/#website"},"primaryImageOfPage":{"@id":"https:\/\/www.movistar.es\/blog\/salud\/covid-y-la-vuelta-al-cole\/#primaryimage"},"image":{"@id":"https:\/\/www.movistar.es\/blog\/salud\/covid-y-la-vuelta-al-cole\/#primaryimage"},"thumbnailUrl":"https:\/\/www.movistar.es\/blog\/wp-content\/uploads\/sites\/3\/2022\/05\/vuelta-cole-m.jpg","datePublished":"2021-09-20T15:11:00+00:00","dateModified":"2022-11-24T13:45:53+00:00","description":"Te contamos las medidas que se mantienen y las que cambian este a\u00f1o 2021-22. Preguntas y respuestas sobre la vuelta al cole con el covid-19.","breadcrumb":{"@id":"https:\/\/www.movistar.es\/blog\/salud\/covid-y-la-vuelta-al-cole\/#breadcrumb"},"inLanguage":"es","potentialAction":[{"@type":"ReadAction","target":["https:\/\/www.movistar.es\/blog\/salud\/covid-y-la-vuelta-al-cole\/"]}]},{"@type":"ImageObject","inLanguage":"es","@id":"https:\/\/www.movistar.es\/blog\/salud\/covid-y-la-vuelta-al-cole\/#primaryimage","url":"https:\/\/www.movistar.es\/blog\/wp-content\/uploads\/sites\/3\/2022\/05\/vuelta-cole-m.jpg","contentUrl":"https:\/\/www.movistar.es\/blog\/wp-content\/uploads\/sites\/3\/2022\/05\/vuelta-cole-m.jpg","width":360,"height":300},{"@type":"BreadcrumbList","@id":"https:\/\/www.movistar.es\/blog\/salud\/covid-y-la-vuelta-al-cole\/#breadcrumb","itemListElement":[{"@type":"ListItem","position":1,"name":"Home","item":"https:\/\/www.movistar.es\/blog\/"},{"@type":"ListItem","position":2,"name":"COVID y la vuelta al cole"}]},{"@type":"WebSite","@id":"https:\/\/www.movistar.es\/blog\/#website","url":"https:\/\/www.movistar.es\/blog\/","name":"Movistar blog","description":"Movistar Blog. Informaci\u00f3n y m\u00e1s sobre los productos y servicios de Movistar","publisher":{"@id":"https:\/\/www.movistar.es\/blog\/#organization"},"potentialAction":[{"@type":"SearchAction","target":{"@type":"EntryPoint","urlTemplate":"https:\/\/www.movistar.es\/blog\/?s={search_term_string}"},"query-input":{"@type":"PropertyValueSpecification","valueRequired":true,"valueName":"search_term_string"}}],"inLanguage":"es"},{"@type":"Organization","@id":"https:\/\/www.movistar.es\/blog\/#organization","name":"Movistar blog","url":"https:\/\/www.movistar.es\/blog\/","logo":{"@type":"ImageObject","inLanguage":"es","@id":"https:\/\/www.movistar.es\/blog\/#\/schema\/logo\/image\/","url":"https:\/\/www.movistar.es\/blog\/wp-content\/uploads\/sites\/3\/2022\/05\/logo_movistar-1.svg","contentUrl":"https:\/\/www.movistar.es\/blog\/wp-content\/uploads\/sites\/3\/2022\/05\/logo_movistar-1.svg","width":369,"height":272,"caption":"Movistar blog"},"image":{"@id":"https:\/\/www.movistar.es\/blog\/#\/schema\/logo\/image\/"}},{"@type":"Person","@id":"https:\/\/www.movistar.es\/blog\/#\/schema\/person\/6184006f5def4638e52e2d0ff98bd55a","name":"Equipo de Redacci\u00f3n","image":{"@type":"ImageObject","inLanguage":"es","@id":"https:\/\/www.movistar.es\/blog\/#\/schema\/person\/image\/8dbf7dc767c23aa5f974d575dda930c5","url":"https:\/\/secure.gravatar.com\/avatar\/ce5aadad84c2aeb36c9813c46e41a53b0c9cc1d57205e8cde4bdf0ed790b3c97","contentUrl":"https:\/\/secure.gravatar.com\/avatar\/ce5aadad84c2aeb36c9813c46e41a53b0c9cc1d57205e8cde4bdf0ed790b3c97","caption":"Equipo de Redacci\u00f3n"},"description":"Buscamos temas de tu inter\u00e9s. Te contamos c\u00f3mo pueden ayudarte en tu d\u00eda a d\u00eda los productos y servicios de Movistar. No queremos venderte nada. Queremos descubrirte cosas para hacerte la vida m\u00e1s f\u00e1cil.","sameAs":["https:\/\/www.movistar.es\/","movistar.es\/","https:\/\/www.instagram.com\/movistar_es\/?hl=es","https:\/\/x.com\/movistar_es"],"knowsAbout":["smartphones","conectividad","hogar digital","ciberseguridad"],"url":"https:\/\/www.movistar.es\/blog\/author\/contentmovistar\/"}]}},"jetpack_featured_media_url":"https:\/\/www.movistar.es\/blog\/wp-content\/uploads\/sites\/3\/2022\/05\/vuelta-cole-m.jpg","jetpack_sharing_enabled":true,"_links":{"self":[{"href":"https:\/\/www.movistar.es\/blog\/wp-json\/wp\/v2\/posts\/3436","targetHints":{"allow":["GET"]}}],"collection":[{"href":"https:\/\/www.movistar.es\/blog\/wp-json\/wp\/v2\/posts"}],"about":[{"href":"https:\/\/www.movistar.es\/blog\/wp-json\/wp\/v2\/types\/post"}],"author":[{"embeddable":true,"href":"https:\/\/www.movistar.es\/blog\/wp-json\/wp\/v2\/users\/93"}],"replies":[{"embeddable":true,"href":"https:\/\/www.movistar.es\/blog\/wp-json\/wp\/v2\/comments?post=3436"}],"version-history":[{"count":7,"href":"https:\/\/www.movistar.es\/blog\/wp-json\/wp\/v2\/posts\/3436\/revisions"}],"predecessor-version":[{"id":9142,"href":"https:\/\/www.movistar.es\/blog\/wp-json\/wp\/v2\/posts\/3436\/revisions\/9142"}],"wp:featuredmedia":[{"embeddable":true,"href":"https:\/\/www.movistar.es\/blog\/wp-json\/wp\/v2\/media\/3437"}],"wp:attachment":[{"href":"https:\/\/www.movistar.es\/blog\/wp-json\/wp\/v2\/media?parent=3436"}],"wp:term":[{"taxonomy":"category","embeddable":true,"href":"https:\/\/www.movistar.es\/blog\/wp-json\/wp\/v2\/categories?post=3436"},{"taxonomy":"post_tag","embeddable":true,"href":"https:\/\/www.movistar.es\/blog\/wp-json\/wp\/v2\/tags?post=3436"},{"taxonomy":"area","embeddable":true,"href":"https:\/\/www.movistar.es\/blog\/wp-json\/wp\/v2\/area?post=3436"},{"taxonomy":"cluster","embeddable":true,"href":"https:\/\/www.movistar.es\/blog\/wp-json\/wp\/v2\/cluster?post=3436"},{"taxonomy":"linea_editorial","embeddable":true,"href":"https:\/\/www.movistar.es\/blog\/wp-json\/wp\/v2\/linea_editorial?post=3436"},{"taxonomy":"author","embeddable":true,"href":"https:\/\/www.movistar.es\/blog\/wp-json\/wp\/v2\/coauthors?post=3436"}],"curies":[{"name":"wp","href":"https:\/\/api.w.org\/{rel}","templated":true}]}}