{"id":2886,"date":"2022-04-13T10:00:00","date_gmt":"2022-04-13T08:00:00","guid":{"rendered":"https:\/\/www.movistar.es\/blog\/dia-mundial-de-la-voz-descubre-aura\/"},"modified":"2025-10-27T13:24:03","modified_gmt":"2025-10-27T12:24:03","slug":"dia-mundial-de-la-voz-descubre-aura","status":"publish","type":"post","link":"https:\/\/www.movistar.es\/blog\/home\/dia-mundial-de-la-voz-descubre-aura\/","title":{"rendered":"D\u00eda Mundial de la Voz: descubre todo sobre Aura"},"content":{"rendered":"\n<p><strong>\u00bfSab\u00edas que el 16 de abril se celebra el D\u00eda Mundial de la Voz?<\/strong> La voz se determina como el sonido que resulta de la vibraci\u00f3n de las cuerdas vocales y da lugar al lenguaje. El lenguaje, por otro lado, es una de las habilidades del ser humano que aprendemos sin que nos ense\u00f1en, por imitaci\u00f3n, siendo capaces de asociar las palabras con personas u objetos y repetirlas para hacer aquello que m\u00e1s necesitamos: <strong>comunicarnos<\/strong>.&nbsp;<\/p>\n\n\n\n<p>Las nuevas tecnolog\u00edas nos ofrecen sacar a\u00fan m\u00e1s potencial a nuestras comunicaciones gracias a los <strong>asistentes virtuales<\/strong>, que ya son capaces de procesar el lenguaje y reproducir respuestas gracias a la <strong>Inteligencia Artificial (IA). <\/strong>Esto permite interactuar con la tecnolog\u00eda de forma natural y transparente para enriquecer la vida digital de las personas. Adem\u00e1s, la interacci\u00f3n con los asistentes virtuales permite realizar b\u00fasquedas teniendo las manos desocupadas, enviar mensajes de texto o correos electr\u00f3nicos, fijar alarmas, encontrar respuestas a preguntas, organizarte el calendario o consultar noticias de actualidad.&nbsp;<\/p>\n\n\n\n<p>Por ello, te queremos contar como con <strong>Aura, el asistente virtual de Movistar<\/strong>, puedes celebrar este d\u00eda tan especial. \u00a0Te contamos todo lo que puedes hacer y d\u00f3nde interactuar con Aura en este post.\u00a0<\/p>\n\n\n\n<h2 class=\"wp-block-heading\" id=\"h-que-es-aura-y-donde-puedo-encontrarlo\"><strong>\u00bfQu\u00e9 es Aura y d\u00f3nde puedo encontrarlo?<\/strong><\/h2>\n\n\n\n<p><strong>Aura,<\/strong> la gran apuesta de Telef\u00f3nica naci\u00f3 con el objetivo de mejorar el ecosistema del hogar a trav\u00e9s de la tecnolog\u00eda y mediante el procesamiento del lenguaje natural. Este asistente virtual dotado de capacidades cognitivas facilita una experiencia m\u00e1s intuitiva y sencilla gracias a la voz. <strong>Descubre todas las posibilidades que te ofrece el Mando Vocal y la app de Movistar Plus+.<\/strong><\/p>\n\n\n\n<h3 class=\"wp-block-heading\" class=\"wp-block-heading\" id=\"mando-vocal-movistar-plus\"><strong><strong>Mando Vocal Movistar Plus+<\/strong> &nbsp;<\/strong><\/h3>\n\n\n\n<p>El&nbsp;<strong><a href=\"https:\/\/www.movistar.es\/equipamiento\/mando-vocal-movistar\/?utm_source=Blog_Movistar&amp;utm_medium=Blog&amp;utm_campaign=DH_Dia_Voz_Aura\" target=\"_blank\" rel=\"noreferrer noopener\">Mando Vocal Movistar Plus+<\/a><\/strong>&nbsp;se ha convertido en el sustituto perfecto de los&nbsp;mandos a distancia convencionales.&nbsp;Puedes&nbsp;interactuar mediante la voz con tu televisi\u00f3n gracias a Aura.&nbsp;Todo ello te facilitar\u00e1 tareas que con un mando convencional podr\u00edan llevarte algo m\u00e1s de tiempo. &nbsp;&nbsp;&nbsp;<\/p>\n\n\n\n<p>Solo tienes que mantener pulsado el <strong>bot\u00f3n \u00abAura\u00bb <\/strong>del mando y pedir a tu asistente virtual buscar todo tipo de contenidos. Con el Mando Vocal Movistar Plus+ puedes hacer b\u00fasquedas de voz por t\u00edtulo, parrilla de programaci\u00f3n o combinando varias peticiones a la vez: \u201c<strong>Quiero ver la serie El Inmortal<\/strong>\u201d. Si no sabes qu\u00e9 ver puede hacerte alguna recomendaci\u00f3n: \u201c<strong>Recomi\u00e9ndame un documental<\/strong>\u201d.<\/p>\n\n\n\n<h3 class=\"wp-block-heading\" class=\"wp-block-heading\" id=\"app-de-movistar-plus\"><strong>App de Movistar Plus+<\/strong>&nbsp;<\/h3>\n\n\n\n<p>Para empezar a hablar con Aura en la app de Movistar Plus+&nbsp;tienes que&nbsp;<strong><a href=\"https:\/\/ver.movistarplus.es\/ayuda\/dispositivos\/dispositivos-moviles?utm_source=Blog_Movistar&amp;utm_medium=Blog&amp;utm_campaign=DH_Dia_Voz_Aura\" target=\"_blank\" rel=\"noreferrer noopener\">descarg\u00e1rtela<\/a><\/strong>. Una vez dentro solo con&nbsp;<strong>presionar el bot\u00f3n Aura<\/strong>, te dar\u00e1 una serie de ejemplos para que sepas c\u00f3mo empezar a interactuar.&nbsp;<\/p>\n\n\n\n<p>Podr\u00e1s hacer b\u00fasquedas espec\u00edficas de series, pel\u00edculas, documentales o encuentros deportivos, as\u00ed como b\u00fasquedas combinadas introduciendo varios comandos a la vez, como, por ejemplo, decir \u201c<strong>Quiero ver una pel\u00edcula de miedo<\/strong>\u201d. Adem\u00e1s, podr\u00e1s&nbsp;pedir que te&nbsp;agrupe los contenidos por&nbsp;<strong>popularidad<\/strong>&nbsp;y, de esta forma, tener acceso a lo m\u00e1s visto dentro de&nbsp;Movistar Plus+.&nbsp;<\/p>\n\n\n\n<p>Si la aplicaci\u00f3n detecta que t\u00fa smartphone est\u00e1 conectado al <strong><a href=\"https:\/\/www.movistar.es\/equipamiento\/descodificador-uhd\/?utm_source=Blog_Movistar&amp;utm_medium=Blog&amp;utm_campaign=DH_Dia_Voz_Aura\" target=\"_blank\" rel=\"noreferrer noopener\">Descodificador UHD<\/a><\/strong> o el <strong><a href=\"https:\/\/www.movistar.es\/equipamiento\/descodificador-smart-wifi-uhd\/?utm_source=Blog_Movistar&amp;utm_medium=Blog&amp;utm_campaign=DH_Dia_Voz_Aura\" target=\"_blank\" rel=\"noreferrer noopener\">Descodificador UHD Smart WiFi<\/a><\/strong> podr\u00e1s lanzar el contenido seleccionado a la televisi\u00f3n para poder disfrutarlo en la comodidad de tu sal\u00f3n. &nbsp;<\/p>\n\n\n\n<p>Ahora que ya sabes c\u00f3mo interactuar con nuestro asistente virtual, \u00a1s\u00e1cale el m\u00e1ximo partido al&nbsp;<strong><a href=\"https:\/\/www.movistar.es\/equipamiento\/?segmento=particulares&amp;utm_source=Blog_Movistar&amp;utm_medium=Blog&amp;utm_campaign=DH_Dia_Voz_Aura\" target=\"_blank\" rel=\"noreferrer noopener\">H<\/a><\/strong><a href=\"https:\/\/www.movistar.es\/equipamiento\/?segmento=particulares&amp;utm_source=Blog_Movistar&amp;utm_medium=Blog&amp;utm_campaign=DH_Dia_Voz_Aura\" target=\"_blank\" rel=\"noreferrer noopener\"><strong>ogar Movistar<\/strong><\/a>!&nbsp;<\/p>\n\n\n\n<p><\/p>\n\n\n\n<p><\/p>\n","protected":false},"excerpt":{"rendered":"<p>\u00bfSab\u00edas que el 16 de abril se celebra el D\u00eda Mundial de la Voz? La voz se determina como el sonido que resulta de la vibraci\u00f3n de las cuerdas vocales y da lugar al lenguaje. [&hellip;]<\/p>\n","protected":false},"author":141,"featured_media":3994,"comment_status":"closed","ping_status":"closed","sticky":false,"template":"","format":"standard","meta":{"site-sidebar-layout":"default","site-content-layout":"","ast-site-content-layout":"default","site-content-style":"default","site-sidebar-style":"default","ast-global-header-display":"","ast-banner-title-visibility":"","ast-main-header-display":"","ast-hfb-above-header-display":"","ast-hfb-below-header-display":"","ast-hfb-mobile-header-display":"","site-post-title":"","ast-breadcrumbs-content":"","ast-featured-img":"","footer-sml-layout":"","theme-transparent-header-meta":"","adv-header-id-meta":"","stick-header-meta":"","header-above-stick-meta":"","header-main-stick-meta":"","header-below-stick-meta":"","astra-migrate-meta-layouts":"set","ast-page-background-enabled":"default","ast-page-background-meta":{"desktop":{"background-color":"var(--ast-global-color-4)","background-image":"","background-repeat":"repeat","background-position":"center center","background-size":"auto","background-attachment":"scroll","background-type":"","background-media":"","overlay-type":"","overlay-color":"","overlay-opacity":"","overlay-gradient":""},"tablet":{"background-color":"","background-image":"","background-repeat":"repeat","background-position":"center center","background-size":"auto","background-attachment":"scroll","background-type":"","background-media":"","overlay-type":"","overlay-color":"","overlay-opacity":"","overlay-gradient":""},"mobile":{"background-color":"","background-image":"","background-repeat":"repeat","background-position":"center center","background-size":"auto","background-attachment":"scroll","background-type":"","background-media":"","overlay-type":"","overlay-color":"","overlay-opacity":"","overlay-gradient":""}},"ast-content-background-meta":{"desktop":{"background-color":"var(--ast-global-color-5)","background-image":"","background-repeat":"repeat","background-position":"center center","background-size":"auto","background-attachment":"scroll","background-type":"","background-media":"","overlay-type":"","overlay-color":"","overlay-opacity":"","overlay-gradient":""},"tablet":{"background-color":"var(--ast-global-color-5)","background-image":"","background-repeat":"repeat","background-position":"center center","background-size":"auto","background-attachment":"scroll","background-type":"","background-media":"","overlay-type":"","overlay-color":"","overlay-opacity":"","overlay-gradient":""},"mobile":{"background-color":"var(--ast-global-color-5)","background-image":"","background-repeat":"repeat","background-position":"center center","background-size":"auto","background-attachment":"scroll","background-type":"","background-media":"","overlay-type":"","overlay-color":"","overlay-opacity":"","overlay-gradient":""}},"_jetpack_memberships_contains_paid_content":false,"footnotes":""},"categories":[1],"tags":[3,36,5],"area":[7],"cluster":[8],"linea_editorial":[9],"coauthors":[537],"class_list":["post-2886","post","type-post","status-publish","format-standard","has-post-thumbnail","hentry","category-sin-categoria","tag-aura","tag-mando-vocal-movistar","tag-movistar-home","area-digital-client","cluster-home","linea_editorial-movistar"],"yoast_head":"<!-- This site is optimized with the Yoast SEO Premium plugin v25.5 (Yoast SEO v25.5) - https:\/\/yoast.com\/wordpress\/plugins\/seo\/ -->\n<title>D\u00eda Mundial de la Voz: descubre todo sobre Aura<\/title>\n<meta name=\"description\" content=\"Descubre c\u00f3mo celebrar el D\u00eda Mundial de la Voz gracias a Aura, el asistente virtual de Movistar y conoce todo lo que puede hacer por ti.\" \/>\n<meta name=\"robots\" content=\"index, follow, max-snippet:-1, max-image-preview:large, max-video-preview:-1\" \/>\n<link rel=\"canonical\" href=\"https:\/\/www.movistar.es\/blog\/home\/dia-mundial-de-la-voz-descubre-aura\/\" \/>\n<meta property=\"og:locale\" content=\"es_ES\" \/>\n<meta property=\"og:type\" content=\"article\" \/>\n<meta property=\"og:title\" content=\"D\u00eda Mundial de la Voz: descubre todo sobre Aura\" \/>\n<meta property=\"og:description\" content=\"Descubre c\u00f3mo celebrar el D\u00eda Mundial de la Voz gracias a Aura, el asistente virtual de Movistar y conoce todo lo que puede hacer por ti.\" \/>\n<meta property=\"og:url\" content=\"https:\/\/www.movistar.es\/blog\/home\/dia-mundial-de-la-voz-descubre-aura\/\" \/>\n<meta property=\"og:site_name\" content=\"Movistar blog\" \/>\n<meta property=\"article:author\" content=\"telefonica\" \/>\n<meta property=\"article:published_time\" content=\"2022-04-13T08:00:00+00:00\" \/>\n<meta property=\"article:modified_time\" content=\"2025-10-27T12:24:03+00:00\" \/>\n<meta property=\"og:image\" content=\"https:\/\/www.movistar.es\/blog\/wp-content\/uploads\/sites\/3\/2022\/04\/voz-nino-gritando-delante-microfono.jpg\" \/>\n\t<meta property=\"og:image:width\" content=\"1280\" \/>\n\t<meta property=\"og:image:height\" content=\"853\" \/>\n\t<meta property=\"og:image:type\" content=\"image\/jpeg\" \/>\n<meta name=\"author\" content=\"Equipo Digital Home de Telef\u00f3nica\" \/>\n<meta name=\"twitter:card\" content=\"summary_large_image\" \/>\n<meta name=\"twitter:creator\" content=\"@telefonica\" \/>\n<meta name=\"twitter:label1\" content=\"Written by\" \/>\n\t<meta name=\"twitter:data1\" content=\"Equipo Digital Home de Telef\u00f3nica\" \/>\n\t<meta name=\"twitter:label2\" content=\"Est. reading time\" \/>\n\t<meta name=\"twitter:data2\" content=\"3 minutos\" \/>\n<script type=\"application\/ld+json\" class=\"yoast-schema-graph\">{\"@context\":\"https:\/\/schema.org\",\"@graph\":[{\"@type\":\"Article\",\"@id\":\"https:\/\/www.movistar.es\/blog\/home\/dia-mundial-de-la-voz-descubre-aura\/#article\",\"isPartOf\":{\"@id\":\"https:\/\/www.movistar.es\/blog\/home\/dia-mundial-de-la-voz-descubre-aura\/\"},\"author\":{\"name\":\"Equipo Digital Home de Telef\u00f3nica\",\"@id\":\"https:\/\/www.movistar.es\/blog\/#\/schema\/person\/017db1b90e8802ac5dfd3618d922a394\"},\"headline\":\"D\u00eda Mundial de la Voz: descubre todo sobre Aura\",\"datePublished\":\"2022-04-13T08:00:00+00:00\",\"dateModified\":\"2025-10-27T12:24:03+00:00\",\"mainEntityOfPage\":{\"@id\":\"https:\/\/www.movistar.es\/blog\/home\/dia-mundial-de-la-voz-descubre-aura\/\"},\"wordCount\":610,\"publisher\":{\"@id\":\"https:\/\/www.movistar.es\/blog\/#organization\"},\"image\":{\"@id\":\"https:\/\/www.movistar.es\/blog\/home\/dia-mundial-de-la-voz-descubre-aura\/#primaryimage\"},\"thumbnailUrl\":\"https:\/\/www.movistar.es\/blog\/wp-content\/uploads\/sites\/3\/2022\/04\/voz-nino-gritando-delante-microfono.jpg\",\"keywords\":[\"AURA\",\"Mando Vocal Movistar+\",\"Movistar Home\"],\"inLanguage\":\"es\"},{\"@type\":\"WebPage\",\"@id\":\"https:\/\/www.movistar.es\/blog\/home\/dia-mundial-de-la-voz-descubre-aura\/\",\"url\":\"https:\/\/www.movistar.es\/blog\/home\/dia-mundial-de-la-voz-descubre-aura\/\",\"name\":\"D\u00eda Mundial de la Voz: descubre todo sobre Aura\",\"isPartOf\":{\"@id\":\"https:\/\/www.movistar.es\/blog\/#website\"},\"primaryImageOfPage\":{\"@id\":\"https:\/\/www.movistar.es\/blog\/home\/dia-mundial-de-la-voz-descubre-aura\/#primaryimage\"},\"image\":{\"@id\":\"https:\/\/www.movistar.es\/blog\/home\/dia-mundial-de-la-voz-descubre-aura\/#primaryimage\"},\"thumbnailUrl\":\"https:\/\/www.movistar.es\/blog\/wp-content\/uploads\/sites\/3\/2022\/04\/voz-nino-gritando-delante-microfono.jpg\",\"datePublished\":\"2022-04-13T08:00:00+00:00\",\"dateModified\":\"2025-10-27T12:24:03+00:00\",\"description\":\"Descubre c\u00f3mo celebrar el D\u00eda Mundial de la Voz gracias a Aura, el asistente virtual de Movistar y conoce todo lo que puede hacer por ti.\",\"breadcrumb\":{\"@id\":\"https:\/\/www.movistar.es\/blog\/home\/dia-mundial-de-la-voz-descubre-aura\/#breadcrumb\"},\"inLanguage\":\"es\",\"potentialAction\":[{\"@type\":\"ReadAction\",\"target\":[\"https:\/\/www.movistar.es\/blog\/home\/dia-mundial-de-la-voz-descubre-aura\/\"]}]},{\"@type\":\"ImageObject\",\"inLanguage\":\"es\",\"@id\":\"https:\/\/www.movistar.es\/blog\/home\/dia-mundial-de-la-voz-descubre-aura\/#primaryimage\",\"url\":\"https:\/\/www.movistar.es\/blog\/wp-content\/uploads\/sites\/3\/2022\/04\/voz-nino-gritando-delante-microfono.jpg\",\"contentUrl\":\"https:\/\/www.movistar.es\/blog\/wp-content\/uploads\/sites\/3\/2022\/04\/voz-nino-gritando-delante-microfono.jpg\",\"width\":1280,\"height\":853,\"caption\":\"@jasonrosewell\"},{\"@type\":\"BreadcrumbList\",\"@id\":\"https:\/\/www.movistar.es\/blog\/home\/dia-mundial-de-la-voz-descubre-aura\/#breadcrumb\",\"itemListElement\":[{\"@type\":\"ListItem\",\"position\":1,\"name\":\"Home\",\"item\":\"https:\/\/www.movistar.es\/blog\/\"},{\"@type\":\"ListItem\",\"position\":2,\"name\":\"D\u00eda Mundial de la Voz: descubre todo sobre Aura\"}]},{\"@type\":\"WebSite\",\"@id\":\"https:\/\/www.movistar.es\/blog\/#website\",\"url\":\"https:\/\/www.movistar.es\/blog\/\",\"name\":\"Movistar blog\",\"description\":\"Movistar Blog. Informaci\u00f3n y m\u00e1s sobre los productos y servicios de Movistar\",\"publisher\":{\"@id\":\"https:\/\/www.movistar.es\/blog\/#organization\"},\"potentialAction\":[{\"@type\":\"SearchAction\",\"target\":{\"@type\":\"EntryPoint\",\"urlTemplate\":\"https:\/\/www.movistar.es\/blog\/?s={search_term_string}\"},\"query-input\":{\"@type\":\"PropertyValueSpecification\",\"valueRequired\":true,\"valueName\":\"search_term_string\"}}],\"inLanguage\":\"es\"},{\"@type\":\"Organization\",\"@id\":\"https:\/\/www.movistar.es\/blog\/#organization\",\"name\":\"Movistar blog\",\"url\":\"https:\/\/www.movistar.es\/blog\/\",\"logo\":{\"@type\":\"ImageObject\",\"inLanguage\":\"es\",\"@id\":\"https:\/\/www.movistar.es\/blog\/#\/schema\/logo\/image\/\",\"url\":\"https:\/\/www.movistar.es\/blog\/wp-content\/uploads\/sites\/3\/2022\/05\/logo_movistar-1.svg\",\"contentUrl\":\"https:\/\/www.movistar.es\/blog\/wp-content\/uploads\/sites\/3\/2022\/05\/logo_movistar-1.svg\",\"width\":369,\"height\":272,\"caption\":\"Movistar blog\"},\"image\":{\"@id\":\"https:\/\/www.movistar.es\/blog\/#\/schema\/logo\/image\/\"}},{\"@type\":\"Person\",\"@id\":\"https:\/\/www.movistar.es\/blog\/#\/schema\/person\/017db1b90e8802ac5dfd3618d922a394\",\"name\":\"Equipo Digital Home de Telef\u00f3nica\",\"image\":{\"@type\":\"ImageObject\",\"inLanguage\":\"es\",\"@id\":\"https:\/\/www.movistar.es\/blog\/#\/schema\/person\/image\/e6431db462646a778ad8d8ec435ad57e\",\"url\":\"https:\/\/secure.gravatar.com\/avatar\/bd5d081bad86885415e3c00f9694e72a561b53c12628d54d9a8b054807e947a7\",\"contentUrl\":\"https:\/\/secure.gravatar.com\/avatar\/bd5d081bad86885415e3c00f9694e72a561b53c12628d54d9a8b054807e947a7\",\"caption\":\"Equipo Digital Home de Telef\u00f3nica\"},\"description\":\"En el equipo de Hogar Digital de Telef\u00f3nica somos expertos en conectividad, tecnolog\u00eda e innovaci\u00f3n. Dise\u00f1amos productos y dispositivos inteligentes pensados para el hogar. En este blog te contamos las caracter\u00edsticas y como sacar partido a tu hogar conectado. Desde un asistente de voz (AURA) hasta living apps para disfrutar en Movistar Plus+.\",\"sameAs\":[\"https:\/\/www.telefonica.com\/es\/\",\"telefonica\",\"https:\/\/www.instagram.com\/telefonica\",\"https:\/\/www.linkedin.com\/company\/telefonica\",\"https:\/\/x.com\/telefonica\",\"https:\/\/www.youtube.com\/channel\/UC7LZo_P6m0W7SDDA8h3CLvg\",\"https:\/\/es.wikipedia.org\/wiki\/Telefnica\"],\"knowsAbout\":[\"innovaci\u00f3n\",\"tecnolog\u00eda\",\"hogar digital\",\"hogar inteligente\"],\"worksFor\":\"Telef\u00f3nica\",\"url\":\"https:\/\/www.movistar.es\/blog\/author\/digitalhome\/\"}]}<\/script>\n<!-- \/ Yoast SEO Premium plugin. -->","yoast_head_json":{"title":"D\u00eda Mundial de la Voz: descubre todo sobre Aura","description":"Descubre c\u00f3mo celebrar el D\u00eda Mundial de la Voz gracias a Aura, el asistente virtual de Movistar y conoce todo lo que puede hacer por ti.","robots":{"index":"index","follow":"follow","max-snippet":"max-snippet:-1","max-image-preview":"max-image-preview:large","max-video-preview":"max-video-preview:-1"},"canonical":"https:\/\/www.movistar.es\/blog\/home\/dia-mundial-de-la-voz-descubre-aura\/","og_locale":"es_ES","og_type":"article","og_title":"D\u00eda Mundial de la Voz: descubre todo sobre Aura","og_description":"Descubre c\u00f3mo celebrar el D\u00eda Mundial de la Voz gracias a Aura, el asistente virtual de Movistar y conoce todo lo que puede hacer por ti.","og_url":"https:\/\/www.movistar.es\/blog\/home\/dia-mundial-de-la-voz-descubre-aura\/","og_site_name":"Movistar blog","article_author":"telefonica","article_published_time":"2022-04-13T08:00:00+00:00","article_modified_time":"2025-10-27T12:24:03+00:00","og_image":[{"width":1280,"height":853,"url":"https:\/\/www.movistar.es\/blog\/wp-content\/uploads\/sites\/3\/2022\/04\/voz-nino-gritando-delante-microfono.jpg","type":"image\/jpeg"}],"author":"Equipo Digital Home de Telef\u00f3nica","twitter_card":"summary_large_image","twitter_creator":"@telefonica","twitter_misc":{"Written by":"Equipo Digital Home de Telef\u00f3nica","Est. reading time":"3 minutos"},"schema":{"@context":"https:\/\/schema.org","@graph":[{"@type":"Article","@id":"https:\/\/www.movistar.es\/blog\/home\/dia-mundial-de-la-voz-descubre-aura\/#article","isPartOf":{"@id":"https:\/\/www.movistar.es\/blog\/home\/dia-mundial-de-la-voz-descubre-aura\/"},"author":{"name":"Equipo Digital Home de Telef\u00f3nica","@id":"https:\/\/www.movistar.es\/blog\/#\/schema\/person\/017db1b90e8802ac5dfd3618d922a394"},"headline":"D\u00eda Mundial de la Voz: descubre todo sobre Aura","datePublished":"2022-04-13T08:00:00+00:00","dateModified":"2025-10-27T12:24:03+00:00","mainEntityOfPage":{"@id":"https:\/\/www.movistar.es\/blog\/home\/dia-mundial-de-la-voz-descubre-aura\/"},"wordCount":610,"publisher":{"@id":"https:\/\/www.movistar.es\/blog\/#organization"},"image":{"@id":"https:\/\/www.movistar.es\/blog\/home\/dia-mundial-de-la-voz-descubre-aura\/#primaryimage"},"thumbnailUrl":"https:\/\/www.movistar.es\/blog\/wp-content\/uploads\/sites\/3\/2022\/04\/voz-nino-gritando-delante-microfono.jpg","keywords":["AURA","Mando Vocal Movistar+","Movistar Home"],"inLanguage":"es"},{"@type":"WebPage","@id":"https:\/\/www.movistar.es\/blog\/home\/dia-mundial-de-la-voz-descubre-aura\/","url":"https:\/\/www.movistar.es\/blog\/home\/dia-mundial-de-la-voz-descubre-aura\/","name":"D\u00eda Mundial de la Voz: descubre todo sobre Aura","isPartOf":{"@id":"https:\/\/www.movistar.es\/blog\/#website"},"primaryImageOfPage":{"@id":"https:\/\/www.movistar.es\/blog\/home\/dia-mundial-de-la-voz-descubre-aura\/#primaryimage"},"image":{"@id":"https:\/\/www.movistar.es\/blog\/home\/dia-mundial-de-la-voz-descubre-aura\/#primaryimage"},"thumbnailUrl":"https:\/\/www.movistar.es\/blog\/wp-content\/uploads\/sites\/3\/2022\/04\/voz-nino-gritando-delante-microfono.jpg","datePublished":"2022-04-13T08:00:00+00:00","dateModified":"2025-10-27T12:24:03+00:00","description":"Descubre c\u00f3mo celebrar el D\u00eda Mundial de la Voz gracias a Aura, el asistente virtual de Movistar y conoce todo lo que puede hacer por ti.","breadcrumb":{"@id":"https:\/\/www.movistar.es\/blog\/home\/dia-mundial-de-la-voz-descubre-aura\/#breadcrumb"},"inLanguage":"es","potentialAction":[{"@type":"ReadAction","target":["https:\/\/www.movistar.es\/blog\/home\/dia-mundial-de-la-voz-descubre-aura\/"]}]},{"@type":"ImageObject","inLanguage":"es","@id":"https:\/\/www.movistar.es\/blog\/home\/dia-mundial-de-la-voz-descubre-aura\/#primaryimage","url":"https:\/\/www.movistar.es\/blog\/wp-content\/uploads\/sites\/3\/2022\/04\/voz-nino-gritando-delante-microfono.jpg","contentUrl":"https:\/\/www.movistar.es\/blog\/wp-content\/uploads\/sites\/3\/2022\/04\/voz-nino-gritando-delante-microfono.jpg","width":1280,"height":853,"caption":"@jasonrosewell"},{"@type":"BreadcrumbList","@id":"https:\/\/www.movistar.es\/blog\/home\/dia-mundial-de-la-voz-descubre-aura\/#breadcrumb","itemListElement":[{"@type":"ListItem","position":1,"name":"Home","item":"https:\/\/www.movistar.es\/blog\/"},{"@type":"ListItem","position":2,"name":"D\u00eda Mundial de la Voz: descubre todo sobre Aura"}]},{"@type":"WebSite","@id":"https:\/\/www.movistar.es\/blog\/#website","url":"https:\/\/www.movistar.es\/blog\/","name":"Movistar blog","description":"Movistar Blog. Informaci\u00f3n y m\u00e1s sobre los productos y servicios de Movistar","publisher":{"@id":"https:\/\/www.movistar.es\/blog\/#organization"},"potentialAction":[{"@type":"SearchAction","target":{"@type":"EntryPoint","urlTemplate":"https:\/\/www.movistar.es\/blog\/?s={search_term_string}"},"query-input":{"@type":"PropertyValueSpecification","valueRequired":true,"valueName":"search_term_string"}}],"inLanguage":"es"},{"@type":"Organization","@id":"https:\/\/www.movistar.es\/blog\/#organization","name":"Movistar blog","url":"https:\/\/www.movistar.es\/blog\/","logo":{"@type":"ImageObject","inLanguage":"es","@id":"https:\/\/www.movistar.es\/blog\/#\/schema\/logo\/image\/","url":"https:\/\/www.movistar.es\/blog\/wp-content\/uploads\/sites\/3\/2022\/05\/logo_movistar-1.svg","contentUrl":"https:\/\/www.movistar.es\/blog\/wp-content\/uploads\/sites\/3\/2022\/05\/logo_movistar-1.svg","width":369,"height":272,"caption":"Movistar blog"},"image":{"@id":"https:\/\/www.movistar.es\/blog\/#\/schema\/logo\/image\/"}},{"@type":"Person","@id":"https:\/\/www.movistar.es\/blog\/#\/schema\/person\/017db1b90e8802ac5dfd3618d922a394","name":"Equipo Digital Home de Telef\u00f3nica","image":{"@type":"ImageObject","inLanguage":"es","@id":"https:\/\/www.movistar.es\/blog\/#\/schema\/person\/image\/e6431db462646a778ad8d8ec435ad57e","url":"https:\/\/secure.gravatar.com\/avatar\/bd5d081bad86885415e3c00f9694e72a561b53c12628d54d9a8b054807e947a7","contentUrl":"https:\/\/secure.gravatar.com\/avatar\/bd5d081bad86885415e3c00f9694e72a561b53c12628d54d9a8b054807e947a7","caption":"Equipo Digital Home de Telef\u00f3nica"},"description":"En el equipo de Hogar Digital de Telef\u00f3nica somos expertos en conectividad, tecnolog\u00eda e innovaci\u00f3n. Dise\u00f1amos productos y dispositivos inteligentes pensados para el hogar. En este blog te contamos las caracter\u00edsticas y como sacar partido a tu hogar conectado. Desde un asistente de voz (AURA) hasta living apps para disfrutar en Movistar Plus+.","sameAs":["https:\/\/www.telefonica.com\/es\/","telefonica","https:\/\/www.instagram.com\/telefonica","https:\/\/www.linkedin.com\/company\/telefonica","https:\/\/x.com\/telefonica","https:\/\/www.youtube.com\/channel\/UC7LZo_P6m0W7SDDA8h3CLvg","https:\/\/es.wikipedia.org\/wiki\/Telefnica"],"knowsAbout":["innovaci\u00f3n","tecnolog\u00eda","hogar digital","hogar inteligente"],"worksFor":"Telef\u00f3nica","url":"https:\/\/www.movistar.es\/blog\/author\/digitalhome\/"}]}},"jetpack_featured_media_url":"https:\/\/www.movistar.es\/blog\/wp-content\/uploads\/sites\/3\/2022\/04\/voz-nino-gritando-delante-microfono.jpg","jetpack_sharing_enabled":true,"_links":{"self":[{"href":"https:\/\/www.movistar.es\/blog\/wp-json\/wp\/v2\/posts\/2886","targetHints":{"allow":["GET"]}}],"collection":[{"href":"https:\/\/www.movistar.es\/blog\/wp-json\/wp\/v2\/posts"}],"about":[{"href":"https:\/\/www.movistar.es\/blog\/wp-json\/wp\/v2\/types\/post"}],"author":[{"embeddable":true,"href":"https:\/\/www.movistar.es\/blog\/wp-json\/wp\/v2\/users\/141"}],"replies":[{"embeddable":true,"href":"https:\/\/www.movistar.es\/blog\/wp-json\/wp\/v2\/comments?post=2886"}],"version-history":[{"count":5,"href":"https:\/\/www.movistar.es\/blog\/wp-json\/wp\/v2\/posts\/2886\/revisions"}],"predecessor-version":[{"id":26673,"href":"https:\/\/www.movistar.es\/blog\/wp-json\/wp\/v2\/posts\/2886\/revisions\/26673"}],"wp:featuredmedia":[{"embeddable":true,"href":"https:\/\/www.movistar.es\/blog\/wp-json\/wp\/v2\/media\/3994"}],"wp:attachment":[{"href":"https:\/\/www.movistar.es\/blog\/wp-json\/wp\/v2\/media?parent=2886"}],"wp:term":[{"taxonomy":"category","embeddable":true,"href":"https:\/\/www.movistar.es\/blog\/wp-json\/wp\/v2\/categories?post=2886"},{"taxonomy":"post_tag","embeddable":true,"href":"https:\/\/www.movistar.es\/blog\/wp-json\/wp\/v2\/tags?post=2886"},{"taxonomy":"area","embeddable":true,"href":"https:\/\/www.movistar.es\/blog\/wp-json\/wp\/v2\/area?post=2886"},{"taxonomy":"cluster","embeddable":true,"href":"https:\/\/www.movistar.es\/blog\/wp-json\/wp\/v2\/cluster?post=2886"},{"taxonomy":"linea_editorial","embeddable":true,"href":"https:\/\/www.movistar.es\/blog\/wp-json\/wp\/v2\/linea_editorial?post=2886"},{"taxonomy":"author","embeddable":true,"href":"https:\/\/www.movistar.es\/blog\/wp-json\/wp\/v2\/coauthors?post=2886"}],"curies":[{"name":"wp","href":"https:\/\/api.w.org\/{rel}","templated":true}]}}