{"id":2881,"date":"2022-03-29T09:03:57","date_gmt":"2022-03-29T07:03:57","guid":{"rendered":"https:\/\/www.movistar.es\/blog\/moviles-ninos-debate-padres-hijos\/"},"modified":"2022-06-21T15:37:07","modified_gmt":"2022-06-21T13:37:07","slug":"moviles-ninos-debate-padres-hijos","status":"publish","type":"post","link":"https:\/\/www.movistar.es\/blog\/salud\/moviles-ninos-debate-padres-hijos\/","title":{"rendered":"M\u00f3viles s\u00ed o no, c\u00f3mo afrontar este debate con los ni\u00f1os"},"content":{"rendered":"\n<p>Empecemos por dos afirmaciones incontestables. La primera. Los tel\u00e9fonos m\u00f3viles&nbsp;<strong>no son un chupete<\/strong>. De la misma manera que un televisor&nbsp;<strong>no es una ni\u00f1era<\/strong>. La segunda. Como cualquier tecnolog\u00eda u objeto cotidiano, los m\u00f3viles o smartphones pueden usarse&nbsp;<strong>para un buen fin o para un mal uso<\/strong>. Partiendo de estas dos m\u00e1ximas, es inevitable que como padres, tarde o temprano nos enfrentemos a un dilema: m\u00f3viles para ni\u00f1os. \u00bfS\u00ed o no?<\/p>\n\n\n\n<p>El portal de estad\u00edstica Statista afirma que en 2021, casi el 69% de&nbsp;<strong>ni\u00f1os de 10 a 15 a\u00f1os<\/strong>&nbsp;ten\u00eda un tel\u00e9fono m\u00f3vil. Es decir, pr\u00e1cticamente 7 de cada 10. Una cifra que se ha mantenido m\u00e1s o menos estable entorno al 65% desde hace m\u00e1s de una d\u00e9cada. Es decir, que si tienes un hijo de esa edad, es muy probable que&nbsp;<strong>tarde o temprano te pedir\u00e1<\/strong>&nbsp;un tel\u00e9fono m\u00f3vil. As\u00ed que como padre o tutor deber\u00e1s plantearte si es una buena opci\u00f3n.<\/p>\n\n\n\n<p>Es un debate sin fin. \u00bfEs bueno que ni\u00f1os y adolescentes posean&nbsp;<strong>un dispositivo electr\u00f3nico<\/strong>&nbsp;que les permite comunicarse pero tambi\u00e9n grabar v\u00eddeo y audio, compartir ese contenido y\/o acceder a Internet con total libertad? \u00bfAfectar\u00e1 a su&nbsp;<strong>rendimiento escolar<\/strong>? \u00bfAfectar\u00e1 a su&nbsp;<strong>vida social<\/strong>&nbsp;tenerlo? \u00bfY no tenerlo? La \u00faltima decisi\u00f3n la tienes t\u00fa, claro est\u00e1. A continuaci\u00f3n vamos a ver todas las opciones posibles y sus ventajas e inconvenientes.<\/p>\n\n\n\n<h2 class=\"wp-block-heading\" id=\"h-moviles-para-ninos-si-o-no\"><a><\/a>M\u00f3viles para ni\u00f1os, \u00bfs\u00ed o no?<\/h2>\n\n\n\n<p>Volvamos al principio de este art\u00edculo. Empezaba diciendo que un tel\u00e9fono m\u00f3vil no es un chupete. Tampoco un sonajero. Vamos, que no es un aparato que debi\u00e9ramos&nbsp;<strong>dar a un beb\u00e9<\/strong>&nbsp;por mucho que insista o aunque logremos calmarlo poni\u00e9ndole un v\u00eddeo de YouTube. Hay cierto consenso entre pediatras de que tecnolog\u00eda como los smartphones no deber\u00edan estar en manos de&nbsp;<strong>ni\u00f1os de 0 a 2 a\u00f1os<\/strong>. Y que a edades entre 3 y 5 a\u00f1os, su uso debe estar restringido. Es decir, podemos&nbsp;<strong>ver juntos una pel\u00edcula<\/strong>&nbsp;en el televisor, en la tablet o en el smartphone. Pero no darle a la tecnolog\u00eda el rango de apaciguador.<\/p>\n\n\n\n<p>Hasta aqu\u00ed el consenso. A los 9 o 10 a\u00f1os de edad es cuando se produce la gran petici\u00f3n. \u00bfPuedo tener un m\u00f3vil? Todos lo tienen en clase. O est\u00e1n en proceso de tenerlo. Los especialistas coinciden en que a estas edades, el uso de tel\u00e9fonos m\u00f3viles&nbsp;<strong>debe ser limitado<\/strong>. Pero existe un debate abierto entre progenitores y expertos sobre si un ni\u00f1o de 10 a\u00f1os deber\u00eda o no tener un tel\u00e9fono.<\/p>\n\n\n\n<p>A favor. Podemos&nbsp;<strong>contactar con \u00e9l<\/strong>, y viceversa, si ocurre algo. Es una manera de&nbsp;<strong>facilitar la comunicaci\u00f3n<\/strong>&nbsp;si est\u00e1 fuera de casa, ya sea en el colegio o en otro lugar donde practique actividades extraescolares. En contra. Pueden dedicarle a su tel\u00e9fono m\u00f3vil m\u00e1s tiempo del que quisi\u00e9ramos. Dentro o fuera de clase. O estando en casa.<\/p>\n\n\n\n<p>La mala noticia es que no hay una respuesta \u00fanica. Pero s\u00ed podemos acotar la edad de su primer tel\u00e9fono. Entre los 9 y los 11 a\u00f1os. Y en funci\u00f3n de la&nbsp;<strong>madurez, independencia y actitud<\/strong>&nbsp;del menor. Y, obviamente, seg\u00fan su inter\u00e9s. Puede que solo tenga curiosidad o que quiera seguir la corriente del resto de su grupo de amigos. A partir de ah\u00ed, el uso que haga del mismo podemos controlarlo&nbsp;<strong>entre padres e hijos<\/strong>.<\/p>\n\n\n\n<figure class=\"wp-block-image size-large\"><img decoding=\"async\" src=\"https:\/\/blogthinkbig.com\/wp-content\/uploads\/sites\/4\/2021\/03\/young-people-teens-kids-smartphones.jpeg?w=610\" alt=\"M\u00f3viles para ni\u00f1os: s\u00ed o no y a qu\u00e9 edades\" class=\"wp-image-195719\"\/><\/figure>\n\n\n\n<h2 class=\"wp-block-heading\" id=\"h-que-tipo-de-movil\"><a><\/a>Qu\u00e9 tipo de m\u00f3vil<\/h2>\n\n\n\n<p>Ya sabemos c\u00f3mo afrontar el uso de los smartphones&nbsp;<strong>en funci\u00f3n de la edad<\/strong>. Ahora toca afrontar el problema de la propiedad del m\u00f3vil, algo que la mayor\u00eda de padres deben hacer frente entre los 9 y 11 a\u00f1os.<\/p>\n\n\n\n<p>Mi hijo me pide un m\u00f3vil. Todos lo tienen o est\u00e1n a punto de tenerlo. Es m\u00e1s, no es la \u00fanica petici\u00f3n que seguramente nos haga a esa edad. Precisamente, en esos a\u00f1os se produce la transici\u00f3n entre la infancia y la adolescencia, una&nbsp;<strong>etapa de cambios<\/strong>, que se producen de forma ca\u00f3tica y a trompicones, y que todos hemos padecido. La b\u00fasqueda de la identidad, la adhesi\u00f3n al grupo o el enfrentamiento hacia la autoridad son algunas de las consecuencias de esta etapa que la Organizaci\u00f3n Mundial de la Salud acota&nbsp;<strong>entre los 10 y los 19 a\u00f1os<\/strong>.<\/p>\n\n\n\n<p>Pero centr\u00e9monos en el m\u00f3vil. \u00bfQu\u00e9 tipo de m\u00f3vil? Una soluci\u00f3n sencilla para evitar problemas ser\u00eda hacernos con un tel\u00e9fono cl\u00e1sico, hoy llamados&nbsp;<em>dumbphones<\/em>. Sirven para llamar, recibir llamadas, enviar y recibir mensajes SMS. Nada m\u00e1s. Son muy baratos y si se pierden, es un mal menor. Sin embargo, es m\u00e1s que probable que el principal uso que hagan del tel\u00e9fono sea comunicarse con sus amigos. Es decir, que inevitablemente deber\u00e1 ser compatible con&nbsp;<strong>WhatsApp, Instagram, YouTube, Spotify<\/strong>&nbsp;y&nbsp;<strong>TikTok<\/strong>, entre otras aplicaciones.<\/p>\n\n\n\n<p>As\u00ed que si no es posible el uso de un tel\u00e9fono m\u00f3vil cl\u00e1sico para ni\u00f1os, podemos&nbsp;<strong>elegir entre la variada gama de smartphones<\/strong>&nbsp;que hay en la actualidad. Hay muchos rangos en cuanto a&nbsp;<strong>precio y prestaciones<\/strong>. O dicho de otra forma. Un ni\u00f1o de 10 a\u00f1os no necesita un tel\u00e9fono de 1.000 euros que puede grabar pel\u00edculas profesionales en calidad 4K. Esos tel\u00e9fonos est\u00e1n pensados precisamente para profesionales. De los 100 a los 1.000 euros, hay varios rangos. \u00bfLo quiere solo para comunicarse con sus amigos? \u00bfTambi\u00e9n a jugar con \u00e9l? \u00bfLo va a usar para consumir v\u00eddeo por streaming? Otro factor que no podemos controlar tanto es su preferencia por una marca en particular.<\/p>\n\n\n\n<figure class=\"wp-block-image size-large\"><img decoding=\"async\" src=\"https:\/\/blogthinkbig.com\/wp-content\/uploads\/sites\/4\/2021\/03\/Baby-Girl-Kids-Smartphones.jpeg?w=610\" alt=\"No todos los ni\u00f1os deber\u00edan tener m\u00f3vil\" class=\"wp-image-195990\"\/><\/figure>\n\n\n\n<h2 class=\"wp-block-heading\" id=\"h-que-aplicaciones-instalar\"><a><\/a>Qu\u00e9 aplicaciones instalar<\/h2>\n\n\n\n<p>Curiosamente, el miedo de muchos padres frente a los smartphones no es por ellos en s\u00ed mismos sino por&nbsp;<strong>las aplicaciones que se les pueden instalar<\/strong>. Aplicaciones que les dan acceso a contenido que puede o no ser apropiado para su edad. Aplicaciones que les permiten exponerse p\u00fablicamente. Pero lejos de ser una amenaza, que tambi\u00e9n, podemos usarlo como una oportunidad.<\/p>\n\n\n\n<p>Irremediablemente, en su edad adulta tambi\u00e9n a convivir con smartphones, aplicaciones y redes sociales. C\u00f3mo hayan convivido con ello en su etapa adolescente influir\u00e1 en que sepan o no&nbsp;<strong>hacer un uso responsable<\/strong>. De ah\u00ed la importancia de&nbsp;<a href=\"http:\/\/peligros-internet-guia-padres\">explicarles a nuestros hijos los l\u00edmites de Internet<\/a>. \u00bfC\u00f3mo deben comportarse? \u00bfQu\u00e9 amenazas pueden encontrar? \u00bfC\u00f3mo reaccionar al acoso y a los cibercriminales?<\/p>\n\n\n\n<p>M\u00e1s all\u00e1 del componente l\u00fadico y social, los smartphones son una herramienta que nos da acceso a toda clase de informaci\u00f3n. Como padres, es una buena oportunidad para&nbsp;<strong>educar a nuestros hijos de manera responsable<\/strong>&nbsp;y darles las pautas necesarias para que puedan diferenciar entre informaci\u00f3n veraz y&nbsp;<em>fake news<\/em>, c\u00f3mo buscar informaci\u00f3n fiable, etc. Est\u00e1 claro que nuestros hijos querr\u00e1n usar sus tel\u00e9fonos lejos de nosotros, pero debemos encontrar alg\u00fan momento en el que podamos intercambiar impresiones y realizar&nbsp;<strong>esa labor pedag\u00f3gica que si no hacemos nosotros<\/strong>&nbsp;har\u00e1 cualquier influencer de Internet.<\/p>\n\n\n\n<figure class=\"wp-block-image size-large\"><img decoding=\"async\" src=\"https:\/\/blogthinkbig.com\/wp-content\/uploads\/sites\/4\/2021\/04\/Family-Kids-Children-Selfie-Smartphones.jpeg?w=610\" alt=\"M\u00f3viles y ni\u00f1os requiere de paciencia, di\u00e1logo y mucha negociaci\u00f3n\" class=\"wp-image-197862\"\/><\/figure>\n\n\n\n<h2 class=\"wp-block-heading\" id=\"h-dialogo-y-negociacion\"><a><\/a>Di\u00e1logo y negociaci\u00f3n<\/h2>\n\n\n\n<p>Podemos decidir que nuestro hijo tenga o no tel\u00e9fono m\u00f3vil. Los m\u00f3viles para ni\u00f1os son habituales. Tambi\u00e9n podemos comprarle uno s\u00f3lo para llamadas o un smartphone para acceder a redes sociales, jugar y divertirse. Podemos d\u00e1rselo sin condiciones o acordar unas pautas, reglas y l\u00edmites. Sea como fuere,&nbsp;<strong>el di\u00e1logo debe estar presente<\/strong>, sea cual sea nuestra decisi\u00f3n.<\/p>\n\n\n\n<p>Encontrar&nbsp;<strong>la mejor soluci\u00f3n para ambos<\/strong>, padres e hijos, no es f\u00e1cil. Convencer a nuestros hijos de que nuestra decisi\u00f3n es la correcta menos todav\u00eda. En especial si hemos decidido ir contracorriente. En toda negociaci\u00f3n, ambas partes deben perder para ganar ambos. Irremediablemente, vivimos un contexto en el que los smartphones est\u00e1n a la orden del d\u00eda. Que nuestros hijos hagan un&nbsp;<strong>uso responsable, equilibrado y proporcionado<\/strong>&nbsp;depende en parte de nuestra labor como padres.<\/p>\n\n\n\n<p>No debemos limitarnos en ser los facilitadores que les compran el \u00faltimo dispositivo de moda. Tambi\u00e9n tenemos que ense\u00f1arles a usarlos. Una oportunidad de darles&nbsp;<strong>valores, pautas y ayudarles a lidiar<\/strong>&nbsp;con los problemas del d\u00eda a d\u00eda, f\u00edsicos y virtuales. Disfrutar de las <a href=\"https:\/\/www.telefonica.com\/es\/sostenibilidad-innovacion\/sociedad\/menores-y-uso-responsable\/\" target=\"_blank\" rel=\"noreferrer noopener\">oportunidades que brinda<\/a> la tecnolog\u00eda, qui\u00e9n sabe a qu\u00e9 se dedicar\u00e1n profesionalmente en el futuro. Y tambi\u00e9n a hacer frente a los inconvenientes de Internet, que los hay. Como dije en el apartado anterior,&nbsp;<strong>si no lo hacemos nosotros, lo har\u00e1n otros<\/strong>.<\/p>\n\n\n\n<p>Si llegado el caso necesitas la ayuda de un profesional <a href=\"https:\/\/www.movistar.es\/particulares\/telemedicina-medico-online\">Movistar Salud cuenta con un servicio de consulta psicol\u00f3gica online<\/a> para t\u00ed y los tuyos.<\/p>\n","protected":false},"excerpt":{"rendered":"<p>Empecemos por dos afirmaciones incontestables. La primera. Los tel\u00e9fonos m\u00f3viles&nbsp;no son un chupete. De la misma manera que un televisor&nbsp;no es una ni\u00f1era. La segunda. Como cualquier tecnolog\u00eda u objeto cotidiano, los m\u00f3viles o smartphones [&hellip;]<\/p>\n","protected":false},"author":48,"featured_media":797,"comment_status":"open","ping_status":"open","sticky":false,"template":"","format":"standard","meta":{"site-sidebar-layout":"default","site-content-layout":"","ast-site-content-layout":"","site-content-style":"default","site-sidebar-style":"default","ast-global-header-display":"","ast-banner-title-visibility":"","ast-main-header-display":"","ast-hfb-above-header-display":"","ast-hfb-below-header-display":"","ast-hfb-mobile-header-display":"","site-post-title":"","ast-breadcrumbs-content":"","ast-featured-img":"","footer-sml-layout":"","theme-transparent-header-meta":"","adv-header-id-meta":"","stick-header-meta":"","header-above-stick-meta":"","header-main-stick-meta":"","header-below-stick-meta":"","astra-migrate-meta-layouts":"default","ast-page-background-enabled":"default","ast-page-background-meta":{"desktop":{"background-color":"var(--ast-global-color-4)","background-image":"","background-repeat":"repeat","background-position":"center center","background-size":"auto","background-attachment":"scroll","background-type":"","background-media":"","overlay-type":"","overlay-color":"","overlay-opacity":"","overlay-gradient":""},"tablet":{"background-color":"","background-image":"","background-repeat":"repeat","background-position":"center center","background-size":"auto","background-attachment":"scroll","background-type":"","background-media":"","overlay-type":"","overlay-color":"","overlay-opacity":"","overlay-gradient":""},"mobile":{"background-color":"","background-image":"","background-repeat":"repeat","background-position":"center center","background-size":"auto","background-attachment":"scroll","background-type":"","background-media":"","overlay-type":"","overlay-color":"","overlay-opacity":"","overlay-gradient":""}},"ast-content-background-meta":{"desktop":{"background-color":"var(--ast-global-color-5)","background-image":"","background-repeat":"repeat","background-position":"center center","background-size":"auto","background-attachment":"scroll","background-type":"","background-media":"","overlay-type":"","overlay-color":"","overlay-opacity":"","overlay-gradient":""},"tablet":{"background-color":"var(--ast-global-color-5)","background-image":"","background-repeat":"repeat","background-position":"center center","background-size":"auto","background-attachment":"scroll","background-type":"","background-media":"","overlay-type":"","overlay-color":"","overlay-opacity":"","overlay-gradient":""},"mobile":{"background-color":"var(--ast-global-color-5)","background-image":"","background-repeat":"repeat","background-position":"center center","background-size":"auto","background-attachment":"scroll","background-type":"","background-media":"","overlay-type":"","overlay-color":"","overlay-opacity":"","overlay-gradient":""}},"_jetpack_memberships_contains_paid_content":false,"footnotes":""},"categories":[1],"tags":[252,139,186,119],"area":[],"cluster":[99],"linea_editorial":[9],"coauthors":[331],"class_list":["post-2881","post","type-post","status-publish","format-standard","has-post-thumbnail","hentry","category-sin-categoria","tag-moviles","tag-ninos","tag-padres","tag-smartphones","cluster-salud","linea_editorial-movistar"],"yoast_head":"<!-- This site is optimized with the Yoast SEO Premium plugin v25.5 (Yoast SEO v25.5) - https:\/\/yoast.com\/wordpress\/plugins\/seo\/ -->\n<title>M\u00f3viles para ni\u00f1os: amenazas y oportunidades en Internet<\/title>\n<meta name=\"description\" content=\"Los smartphones se han convertido en indispensables a edades cada vez m\u00e1s tempranas. M\u00f3viles para ni\u00f1os. El eterno debate.\" \/>\n<meta name=\"robots\" content=\"index, follow, max-snippet:-1, max-image-preview:large, max-video-preview:-1\" \/>\n<link rel=\"canonical\" href=\"https:\/\/www.movistar.es\/blog\/salud\/moviles-ninos-debate-padres-hijos\/\" \/>\n<meta property=\"og:locale\" content=\"es_ES\" \/>\n<meta property=\"og:type\" content=\"article\" \/>\n<meta property=\"og:title\" content=\"M\u00f3viles s\u00ed o no, c\u00f3mo afrontar este debate con los ni\u00f1os\" \/>\n<meta property=\"og:description\" content=\"Los smartphones se han convertido en indispensables a edades cada vez m\u00e1s tempranas. M\u00f3viles para ni\u00f1os. El eterno debate.\" \/>\n<meta property=\"og:url\" content=\"https:\/\/www.movistar.es\/blog\/salud\/moviles-ninos-debate-padres-hijos\/\" \/>\n<meta property=\"og:site_name\" content=\"Movistar blog\" \/>\n<meta property=\"article:published_time\" content=\"2022-03-29T07:03:57+00:00\" \/>\n<meta property=\"article:modified_time\" content=\"2022-06-21T13:37:07+00:00\" \/>\n<meta property=\"og:image\" content=\"https:\/\/www.movistar.es\/blog\/wp-content\/uploads\/sites\/3\/2022\/04\/5245-Family-using-a-laptop.jpeg\" \/>\n\t<meta property=\"og:image:width\" content=\"1920\" \/>\n\t<meta property=\"og:image:height\" content=\"1277\" \/>\n\t<meta property=\"og:image:type\" content=\"image\/jpeg\" \/>\n<meta name=\"author\" content=\"Jos\u00e9 Mar\u00eda L\u00f3pez\" \/>\n<meta name=\"twitter:card\" content=\"summary_large_image\" \/>\n<meta name=\"twitter:creator\" content=\"@gilead1984\" \/>\n<meta name=\"twitter:label1\" content=\"Written by\" \/>\n\t<meta name=\"twitter:data1\" content=\"Jos\u00e9 Mar\u00eda L\u00f3pez\" \/>\n\t<meta name=\"twitter:label2\" content=\"Est. reading time\" \/>\n\t<meta name=\"twitter:data2\" content=\"7 minutos\" \/>\n<script type=\"application\/ld+json\" class=\"yoast-schema-graph\">{\"@context\":\"https:\/\/schema.org\",\"@graph\":[{\"@type\":\"Article\",\"@id\":\"https:\/\/www.movistar.es\/blog\/salud\/moviles-ninos-debate-padres-hijos\/#article\",\"isPartOf\":{\"@id\":\"https:\/\/www.movistar.es\/blog\/salud\/moviles-ninos-debate-padres-hijos\/\"},\"author\":{\"name\":\"Jos\u00e9 Mar\u00eda L\u00f3pez\",\"@id\":\"https:\/\/www.movistar.es\/blog\/#\/schema\/person\/c57073ecff97d0dcb954df6e5b8e0df8\"},\"headline\":\"M\u00f3viles s\u00ed o no, c\u00f3mo afrontar este debate con los ni\u00f1os\",\"datePublished\":\"2022-03-29T07:03:57+00:00\",\"dateModified\":\"2022-06-21T13:37:07+00:00\",\"mainEntityOfPage\":{\"@id\":\"https:\/\/www.movistar.es\/blog\/salud\/moviles-ninos-debate-padres-hijos\/\"},\"wordCount\":1543,\"commentCount\":0,\"publisher\":{\"@id\":\"https:\/\/www.movistar.es\/blog\/#organization\"},\"image\":{\"@id\":\"https:\/\/www.movistar.es\/blog\/salud\/moviles-ninos-debate-padres-hijos\/#primaryimage\"},\"thumbnailUrl\":\"https:\/\/www.movistar.es\/blog\/wp-content\/uploads\/sites\/3\/2022\/04\/5245-Family-using-a-laptop.jpeg\",\"keywords\":[\"m\u00f3viles\",\"ni\u00f1os\",\"padres\",\"smartphones\"],\"inLanguage\":\"es\",\"potentialAction\":[{\"@type\":\"CommentAction\",\"name\":\"Comment\",\"target\":[\"https:\/\/www.movistar.es\/blog\/salud\/moviles-ninos-debate-padres-hijos\/#respond\"]}]},{\"@type\":\"WebPage\",\"@id\":\"https:\/\/www.movistar.es\/blog\/salud\/moviles-ninos-debate-padres-hijos\/\",\"url\":\"https:\/\/www.movistar.es\/blog\/salud\/moviles-ninos-debate-padres-hijos\/\",\"name\":\"M\u00f3viles para ni\u00f1os: amenazas y oportunidades en Internet\",\"isPartOf\":{\"@id\":\"https:\/\/www.movistar.es\/blog\/#website\"},\"primaryImageOfPage\":{\"@id\":\"https:\/\/www.movistar.es\/blog\/salud\/moviles-ninos-debate-padres-hijos\/#primaryimage\"},\"image\":{\"@id\":\"https:\/\/www.movistar.es\/blog\/salud\/moviles-ninos-debate-padres-hijos\/#primaryimage\"},\"thumbnailUrl\":\"https:\/\/www.movistar.es\/blog\/wp-content\/uploads\/sites\/3\/2022\/04\/5245-Family-using-a-laptop.jpeg\",\"datePublished\":\"2022-03-29T07:03:57+00:00\",\"dateModified\":\"2022-06-21T13:37:07+00:00\",\"description\":\"Los smartphones se han convertido en indispensables a edades cada vez m\u00e1s tempranas. M\u00f3viles para ni\u00f1os. El eterno debate.\",\"breadcrumb\":{\"@id\":\"https:\/\/www.movistar.es\/blog\/salud\/moviles-ninos-debate-padres-hijos\/#breadcrumb\"},\"inLanguage\":\"es\",\"potentialAction\":[{\"@type\":\"ReadAction\",\"target\":[\"https:\/\/www.movistar.es\/blog\/salud\/moviles-ninos-debate-padres-hijos\/\"]}]},{\"@type\":\"ImageObject\",\"inLanguage\":\"es\",\"@id\":\"https:\/\/www.movistar.es\/blog\/salud\/moviles-ninos-debate-padres-hijos\/#primaryimage\",\"url\":\"https:\/\/www.movistar.es\/blog\/wp-content\/uploads\/sites\/3\/2022\/04\/5245-Family-using-a-laptop.jpeg\",\"contentUrl\":\"https:\/\/www.movistar.es\/blog\/wp-content\/uploads\/sites\/3\/2022\/04\/5245-Family-using-a-laptop.jpeg\",\"width\":1920,\"height\":1277},{\"@type\":\"BreadcrumbList\",\"@id\":\"https:\/\/www.movistar.es\/blog\/salud\/moviles-ninos-debate-padres-hijos\/#breadcrumb\",\"itemListElement\":[{\"@type\":\"ListItem\",\"position\":1,\"name\":\"Home\",\"item\":\"https:\/\/www.movistar.es\/blog\/\"},{\"@type\":\"ListItem\",\"position\":2,\"name\":\"M\u00f3viles s\u00ed o no, c\u00f3mo afrontar este debate con los ni\u00f1os\"}]},{\"@type\":\"WebSite\",\"@id\":\"https:\/\/www.movistar.es\/blog\/#website\",\"url\":\"https:\/\/www.movistar.es\/blog\/\",\"name\":\"Movistar blog\",\"description\":\"Movistar Blog. Informaci\u00f3n y m\u00e1s sobre los productos y servicios de Movistar\",\"publisher\":{\"@id\":\"https:\/\/www.movistar.es\/blog\/#organization\"},\"potentialAction\":[{\"@type\":\"SearchAction\",\"target\":{\"@type\":\"EntryPoint\",\"urlTemplate\":\"https:\/\/www.movistar.es\/blog\/?s={search_term_string}\"},\"query-input\":{\"@type\":\"PropertyValueSpecification\",\"valueRequired\":true,\"valueName\":\"search_term_string\"}}],\"inLanguage\":\"es\"},{\"@type\":\"Organization\",\"@id\":\"https:\/\/www.movistar.es\/blog\/#organization\",\"name\":\"Movistar blog\",\"url\":\"https:\/\/www.movistar.es\/blog\/\",\"logo\":{\"@type\":\"ImageObject\",\"inLanguage\":\"es\",\"@id\":\"https:\/\/www.movistar.es\/blog\/#\/schema\/logo\/image\/\",\"url\":\"https:\/\/www.movistar.es\/blog\/wp-content\/uploads\/sites\/3\/2022\/05\/logo_movistar-1.svg\",\"contentUrl\":\"https:\/\/www.movistar.es\/blog\/wp-content\/uploads\/sites\/3\/2022\/05\/logo_movistar-1.svg\",\"width\":369,\"height\":272,\"caption\":\"Movistar blog\"},\"image\":{\"@id\":\"https:\/\/www.movistar.es\/blog\/#\/schema\/logo\/image\/\"}},{\"@type\":\"Person\",\"@id\":\"https:\/\/www.movistar.es\/blog\/#\/schema\/person\/c57073ecff97d0dcb954df6e5b8e0df8\",\"name\":\"Jos\u00e9 Mar\u00eda L\u00f3pez\",\"image\":{\"@type\":\"ImageObject\",\"inLanguage\":\"es\",\"@id\":\"https:\/\/www.movistar.es\/blog\/#\/schema\/person\/image\/84ae05b8ad63a9ad0916468ec0b453c4\",\"url\":\"https:\/\/secure.gravatar.com\/avatar\/dc66cccaf205212c849b70e913974b3873bcae1ed4e143e1045cb6baf0e317aa\",\"contentUrl\":\"https:\/\/secure.gravatar.com\/avatar\/dc66cccaf205212c849b70e913974b3873bcae1ed4e143e1045cb6baf0e317aa\",\"caption\":\"Jos\u00e9 Mar\u00eda L\u00f3pez\"},\"sameAs\":[\"https:\/\/www.linkedin.com\/in\/josemarialopezlafuente\/\",\"https:\/\/x.com\/gilead1984\"],\"url\":\"https:\/\/www.movistar.es\/blog\/author\/josemarialopez\/\"}]}<\/script>\n<!-- \/ Yoast SEO Premium plugin. -->","yoast_head_json":{"title":"M\u00f3viles para ni\u00f1os: amenazas y oportunidades en Internet","description":"Los smartphones se han convertido en indispensables a edades cada vez m\u00e1s tempranas. M\u00f3viles para ni\u00f1os. El eterno debate.","robots":{"index":"index","follow":"follow","max-snippet":"max-snippet:-1","max-image-preview":"max-image-preview:large","max-video-preview":"max-video-preview:-1"},"canonical":"https:\/\/www.movistar.es\/blog\/salud\/moviles-ninos-debate-padres-hijos\/","og_locale":"es_ES","og_type":"article","og_title":"M\u00f3viles s\u00ed o no, c\u00f3mo afrontar este debate con los ni\u00f1os","og_description":"Los smartphones se han convertido en indispensables a edades cada vez m\u00e1s tempranas. M\u00f3viles para ni\u00f1os. El eterno debate.","og_url":"https:\/\/www.movistar.es\/blog\/salud\/moviles-ninos-debate-padres-hijos\/","og_site_name":"Movistar blog","article_published_time":"2022-03-29T07:03:57+00:00","article_modified_time":"2022-06-21T13:37:07+00:00","og_image":[{"width":1920,"height":1277,"url":"https:\/\/www.movistar.es\/blog\/wp-content\/uploads\/sites\/3\/2022\/04\/5245-Family-using-a-laptop.jpeg","type":"image\/jpeg"}],"author":"Jos\u00e9 Mar\u00eda L\u00f3pez","twitter_card":"summary_large_image","twitter_creator":"@gilead1984","twitter_misc":{"Written by":"Jos\u00e9 Mar\u00eda L\u00f3pez","Est. reading time":"7 minutos"},"schema":{"@context":"https:\/\/schema.org","@graph":[{"@type":"Article","@id":"https:\/\/www.movistar.es\/blog\/salud\/moviles-ninos-debate-padres-hijos\/#article","isPartOf":{"@id":"https:\/\/www.movistar.es\/blog\/salud\/moviles-ninos-debate-padres-hijos\/"},"author":{"name":"Jos\u00e9 Mar\u00eda L\u00f3pez","@id":"https:\/\/www.movistar.es\/blog\/#\/schema\/person\/c57073ecff97d0dcb954df6e5b8e0df8"},"headline":"M\u00f3viles s\u00ed o no, c\u00f3mo afrontar este debate con los ni\u00f1os","datePublished":"2022-03-29T07:03:57+00:00","dateModified":"2022-06-21T13:37:07+00:00","mainEntityOfPage":{"@id":"https:\/\/www.movistar.es\/blog\/salud\/moviles-ninos-debate-padres-hijos\/"},"wordCount":1543,"commentCount":0,"publisher":{"@id":"https:\/\/www.movistar.es\/blog\/#organization"},"image":{"@id":"https:\/\/www.movistar.es\/blog\/salud\/moviles-ninos-debate-padres-hijos\/#primaryimage"},"thumbnailUrl":"https:\/\/www.movistar.es\/blog\/wp-content\/uploads\/sites\/3\/2022\/04\/5245-Family-using-a-laptop.jpeg","keywords":["m\u00f3viles","ni\u00f1os","padres","smartphones"],"inLanguage":"es","potentialAction":[{"@type":"CommentAction","name":"Comment","target":["https:\/\/www.movistar.es\/blog\/salud\/moviles-ninos-debate-padres-hijos\/#respond"]}]},{"@type":"WebPage","@id":"https:\/\/www.movistar.es\/blog\/salud\/moviles-ninos-debate-padres-hijos\/","url":"https:\/\/www.movistar.es\/blog\/salud\/moviles-ninos-debate-padres-hijos\/","name":"M\u00f3viles para ni\u00f1os: amenazas y oportunidades en Internet","isPartOf":{"@id":"https:\/\/www.movistar.es\/blog\/#website"},"primaryImageOfPage":{"@id":"https:\/\/www.movistar.es\/blog\/salud\/moviles-ninos-debate-padres-hijos\/#primaryimage"},"image":{"@id":"https:\/\/www.movistar.es\/blog\/salud\/moviles-ninos-debate-padres-hijos\/#primaryimage"},"thumbnailUrl":"https:\/\/www.movistar.es\/blog\/wp-content\/uploads\/sites\/3\/2022\/04\/5245-Family-using-a-laptop.jpeg","datePublished":"2022-03-29T07:03:57+00:00","dateModified":"2022-06-21T13:37:07+00:00","description":"Los smartphones se han convertido en indispensables a edades cada vez m\u00e1s tempranas. M\u00f3viles para ni\u00f1os. El eterno debate.","breadcrumb":{"@id":"https:\/\/www.movistar.es\/blog\/salud\/moviles-ninos-debate-padres-hijos\/#breadcrumb"},"inLanguage":"es","potentialAction":[{"@type":"ReadAction","target":["https:\/\/www.movistar.es\/blog\/salud\/moviles-ninos-debate-padres-hijos\/"]}]},{"@type":"ImageObject","inLanguage":"es","@id":"https:\/\/www.movistar.es\/blog\/salud\/moviles-ninos-debate-padres-hijos\/#primaryimage","url":"https:\/\/www.movistar.es\/blog\/wp-content\/uploads\/sites\/3\/2022\/04\/5245-Family-using-a-laptop.jpeg","contentUrl":"https:\/\/www.movistar.es\/blog\/wp-content\/uploads\/sites\/3\/2022\/04\/5245-Family-using-a-laptop.jpeg","width":1920,"height":1277},{"@type":"BreadcrumbList","@id":"https:\/\/www.movistar.es\/blog\/salud\/moviles-ninos-debate-padres-hijos\/#breadcrumb","itemListElement":[{"@type":"ListItem","position":1,"name":"Home","item":"https:\/\/www.movistar.es\/blog\/"},{"@type":"ListItem","position":2,"name":"M\u00f3viles s\u00ed o no, c\u00f3mo afrontar este debate con los ni\u00f1os"}]},{"@type":"WebSite","@id":"https:\/\/www.movistar.es\/blog\/#website","url":"https:\/\/www.movistar.es\/blog\/","name":"Movistar blog","description":"Movistar Blog. Informaci\u00f3n y m\u00e1s sobre los productos y servicios de Movistar","publisher":{"@id":"https:\/\/www.movistar.es\/blog\/#organization"},"potentialAction":[{"@type":"SearchAction","target":{"@type":"EntryPoint","urlTemplate":"https:\/\/www.movistar.es\/blog\/?s={search_term_string}"},"query-input":{"@type":"PropertyValueSpecification","valueRequired":true,"valueName":"search_term_string"}}],"inLanguage":"es"},{"@type":"Organization","@id":"https:\/\/www.movistar.es\/blog\/#organization","name":"Movistar blog","url":"https:\/\/www.movistar.es\/blog\/","logo":{"@type":"ImageObject","inLanguage":"es","@id":"https:\/\/www.movistar.es\/blog\/#\/schema\/logo\/image\/","url":"https:\/\/www.movistar.es\/blog\/wp-content\/uploads\/sites\/3\/2022\/05\/logo_movistar-1.svg","contentUrl":"https:\/\/www.movistar.es\/blog\/wp-content\/uploads\/sites\/3\/2022\/05\/logo_movistar-1.svg","width":369,"height":272,"caption":"Movistar blog"},"image":{"@id":"https:\/\/www.movistar.es\/blog\/#\/schema\/logo\/image\/"}},{"@type":"Person","@id":"https:\/\/www.movistar.es\/blog\/#\/schema\/person\/c57073ecff97d0dcb954df6e5b8e0df8","name":"Jos\u00e9 Mar\u00eda L\u00f3pez","image":{"@type":"ImageObject","inLanguage":"es","@id":"https:\/\/www.movistar.es\/blog\/#\/schema\/person\/image\/84ae05b8ad63a9ad0916468ec0b453c4","url":"https:\/\/secure.gravatar.com\/avatar\/dc66cccaf205212c849b70e913974b3873bcae1ed4e143e1045cb6baf0e317aa","contentUrl":"https:\/\/secure.gravatar.com\/avatar\/dc66cccaf205212c849b70e913974b3873bcae1ed4e143e1045cb6baf0e317aa","caption":"Jos\u00e9 Mar\u00eda L\u00f3pez"},"sameAs":["https:\/\/www.linkedin.com\/in\/josemarialopezlafuente\/","https:\/\/x.com\/gilead1984"],"url":"https:\/\/www.movistar.es\/blog\/author\/josemarialopez\/"}]}},"jetpack_featured_media_url":"https:\/\/www.movistar.es\/blog\/wp-content\/uploads\/sites\/3\/2022\/04\/5245-Family-using-a-laptop.jpeg","jetpack_sharing_enabled":true,"_links":{"self":[{"href":"https:\/\/www.movistar.es\/blog\/wp-json\/wp\/v2\/posts\/2881","targetHints":{"allow":["GET"]}}],"collection":[{"href":"https:\/\/www.movistar.es\/blog\/wp-json\/wp\/v2\/posts"}],"about":[{"href":"https:\/\/www.movistar.es\/blog\/wp-json\/wp\/v2\/types\/post"}],"author":[{"embeddable":true,"href":"https:\/\/www.movistar.es\/blog\/wp-json\/wp\/v2\/users\/48"}],"replies":[{"embeddable":true,"href":"https:\/\/www.movistar.es\/blog\/wp-json\/wp\/v2\/comments?post=2881"}],"version-history":[{"count":3,"href":"https:\/\/www.movistar.es\/blog\/wp-json\/wp\/v2\/posts\/2881\/revisions"}],"predecessor-version":[{"id":4599,"href":"https:\/\/www.movistar.es\/blog\/wp-json\/wp\/v2\/posts\/2881\/revisions\/4599"}],"wp:featuredmedia":[{"embeddable":true,"href":"https:\/\/www.movistar.es\/blog\/wp-json\/wp\/v2\/media\/797"}],"wp:attachment":[{"href":"https:\/\/www.movistar.es\/blog\/wp-json\/wp\/v2\/media?parent=2881"}],"wp:term":[{"taxonomy":"category","embeddable":true,"href":"https:\/\/www.movistar.es\/blog\/wp-json\/wp\/v2\/categories?post=2881"},{"taxonomy":"post_tag","embeddable":true,"href":"https:\/\/www.movistar.es\/blog\/wp-json\/wp\/v2\/tags?post=2881"},{"taxonomy":"area","embeddable":true,"href":"https:\/\/www.movistar.es\/blog\/wp-json\/wp\/v2\/area?post=2881"},{"taxonomy":"cluster","embeddable":true,"href":"https:\/\/www.movistar.es\/blog\/wp-json\/wp\/v2\/cluster?post=2881"},{"taxonomy":"linea_editorial","embeddable":true,"href":"https:\/\/www.movistar.es\/blog\/wp-json\/wp\/v2\/linea_editorial?post=2881"},{"taxonomy":"author","embeddable":true,"href":"https:\/\/www.movistar.es\/blog\/wp-json\/wp\/v2\/coauthors?post=2881"}],"curies":[{"name":"wp","href":"https:\/\/api.w.org\/{rel}","templated":true}]}}