{"id":2861,"date":"2022-02-02T09:30:00","date_gmt":"2022-02-02T08:30:00","guid":{"rendered":"https:\/\/www.movistar.es\/blog\/estrenos-movistar-plus-febrero-2022\/"},"modified":"2023-02-24T13:28:03","modified_gmt":"2023-02-24T12:28:03","slug":"estrenos-movistar-plus-febrero-2022","status":"publish","type":"post","link":"https:\/\/www.movistar.es\/blog\/movistar-plus\/estrenos-movistar-plus-febrero-2022\/","title":{"rendered":"Los estrenos m\u00e1s esperados de Movistar Plus+ en febrero 2022"},"content":{"rendered":"\n<p>Como cada inicio de mes, hacemos un repaso por las <a href=\"https:\/\/blogthinkbig.com\/guia-movistar-movistar-plus\" target=\"_blank\" rel=\"noreferrer noopener\">novedades de la plataforma <\/a>de contenidos Movistar Plus+. Sin olvidarnos de que febrero es especial, en lo que a pel\u00edculas se refiere, ya que se da luz verde a los <strong>galardones al mejor cine<\/strong> con los premios Goya 2022. Y 22 de los contenidos de Movistar Plus+ est\u00e1n nominados.<\/p>\n\n\n\n<p>Probablemente, una de las pel\u00edculas m\u00e1s importantes sea el <em>film <\/em>&#8216;<em>Maixabel<\/em>&#8216;, que est\u00e1 nominada a 14 premios Goyas, seguida de &#8216;<em>Mediterr\u00e1neo<\/em>&#8216; con 7 candidaturas, &#8216;<em>Josefina<\/em>&#8216; con 3 y &#8216;<em>Chavalas<\/em>&#8216; con 2. Adem\u00e1s, del 3 al 21 de febrero, Movistar Plus+ centrar\u00e1 su programaci\u00f3n en lo mejor del cine espa\u00f1ol, acercando al telespectador las pel\u00edculas candidatas a los Goyas y muchas m\u00e1s.<\/p>\n\n\n\n<h2 class=\"wp-block-heading\" id=\"h-los-contenidos-originales-de-movistar-plus-m-s-esperados-en-febrero-2022\">Los contenidos originales de Movistar Plus+ m\u00e1s esperados en febrero 2022<\/h2>\n\n\n\n<p>En este mes, Movistar Plus+ sigue apostando por el g\u00e9nero <em>true crime<\/em> con la segunda temporada de <em>&#8216;Cr\u00edmenes, de Carles Porta&#8217;<\/em>, adem\u00e1s de la \u00faltima temporada del <em>thriller<\/em>, <em>&#8216;Nasdrovia&#8217;<\/em>. Entre otros contenidos que explicamos a continuaci\u00f3n:<\/p>\n\n\n\n<h3 class=\"wp-block-heading\" id=\"h-qui-n-lo-impide-8-de-febrero\"><em>&#8216;\u00bfQui\u00e9n lo impide?&#8217;<\/em> (8 de febrero)<\/h3>\n\n\n\n<p>Este <a href=\"https:\/\/www.movistarplus.es\/ficha\/quien-lo-impide?tipo=E&amp;id=1965234\" target=\"_blank\" rel=\"noreferrer noopener\">documental<\/a>, dirigido por Jon\u00e1s Trueba, est\u00e1 nominado a Mejor documental en los premios Goya 2022 y Feroz 2022. La trama ahonda en un <strong>relato conmovedor sobre la adolescencia<\/strong>, donde Trueba sigue a un grupo de adolescentes nacidos a inicios del siglo XXI, acompa\u00f1\u00e1ndolos en su camino hacia la mayor\u00eda de edad.<\/p>\n\n\n\n<figure class=\"wp-block-image size-full\"><img decoding=\"async\" src=\"https:\/\/www.movistar.es\/blog\/wp-content\/uploads\/sites\/3\/2022\/04\/F3981574.jpg\" alt=\"Estrenos Movistar Plus+ en febrero\" class=\"wp-image-204299\"\/><figcaption>Imagen de Movistar Plus+<\/figcaption><\/figure>\n\n\n\n<h3 class=\"wp-block-heading\" id=\"h-nasdrovia-25-de-febrero\">&#8216;<em>Nasdrovia<\/em>&#8216; (25 de febrero)<\/h3>\n\n\n\n<p>En <a href=\"https:\/\/nasdrovia.movistarplus.es\/\" target=\"_blank\" rel=\"noreferrer noopener\">esta segunda<\/a> y <strong>\u00faltima temporada<\/strong>, Edurne (Leonor Watling) y Juli\u00e1n (Hugo Silva) son c\u00f3mplices de un asesinato y ocupan una nueva posici\u00f3n dentro de la organizaci\u00f3n criminal rusa de la que quieren escapar. Los episodios de esta temporada se desarrollar\u00e1n en torno a c\u00f3mo los personajes querr\u00e1n hacerlo.<\/p>\n\n\n\n<p>Adem\u00e1s, esta tanda estar\u00e1 m\u00e1s enfocada al <em>thriller <\/em>y al <strong>g\u00e9nero negro<\/strong> que a la comedia. Entre los nuevos rostros conocidos estar\u00e1n: Eliza Rycembel, Panos Mouzourakis, Radoje Cupic y Juli\u00e1n Villagr\u00e1n.<\/p>\n\n\n\n<figure class=\"wp-block-image size-full\"><img decoding=\"async\" src=\"https:\/\/www.movistar.es\/blog\/wp-content\/uploads\/sites\/3\/2022\/04\/nasdrovia-t2-cartel-1.jpg\" alt=\"Estrenos Movistar Plus+ en febrero\" class=\"wp-image-204300\"\/><\/figure>\n\n\n\n<p>Imagen de Movistar Plus+<\/p>\n\n\n\n<h3 class=\"wp-block-heading\" id=\"h-cr-menes-de-carles-porta\">&#8216;<em>Cr\u00edmenes, de Carles Porta<\/em>&#8216;<\/h3>\n\n\n\n<p>En enero, os habl\u00e1bamos del <a href=\"https:\/\/blogthinkbig.com\/estrenos-movistar-plus-enero-2022\" target=\"_blank\" rel=\"noreferrer noopener\">estreno <\/a>de este <em>true crime<\/em> y tras los cuatro episodios de &#8216;<em>El crimen de la Guardia Urbana<\/em>&#8216;, este mes llegan nuevos casos y cap\u00edtulos de la adaptaci\u00f3n televisiva del espacio radiof\u00f3nico &#8216;<em>Crims<\/em>&#8216;, de Catalunya R\u00e0dio, Premio Ondas de Radio 2021 al Mejor Programa.<\/p>\n\n\n\n<figure class=\"wp-block-image size-full\"><img decoding=\"async\" src=\"https:\/\/www.movistar.es\/blog\/wp-content\/uploads\/sites\/3\/2022\/04\/PORTA_02-1024x683-1.jpg\" alt=\"Estrenos Movistar Plus+ en febrero\" class=\"wp-image-204301\"\/><figcaption>Imagen de Movistar Plus+<\/figcaption><\/figure>\n\n\n\n<h3 class=\"wp-block-heading\" id=\"h-rojo-caramelo-15-de-febrero\">&#8216;<em>Rojo Caramelo<\/em>&#8216; (15 de febrero)<\/h3>\n\n\n\n<p>La c\u00f3mica Susi Caramelo aterriza en Movistar Plus+ para <strong>acudir a diferentes eventos<\/strong>, de la mano de su inseparable micro. Sus originales preguntas, sus descaradas proposiciones y su actitud m\u00e1s all\u00e1 del periodismo le han convertido en una reportera y humorista reconocida dentro del panorama televisivo. Susi estar\u00e1 <strong>apadrinada en cada episodio por una persona experta<\/strong> en el evento en cuesti\u00f3n, como Isabel Coixet, Carmen Maura o Antonia Dell\u00b4Atte.<\/p>\n\n\n\n<figure class=\"wp-block-image size-full\"><img decoding=\"async\" src=\"https:\/\/www.movistar.es\/blog\/wp-content\/uploads\/sites\/3\/2022\/04\/SusiCaramelo-Comunicacion-1-1024x705-1.jpg\" alt=\"Estrenos Movistar Plus+ en febrero\" class=\"wp-image-204302\"\/><figcaption>Imagen de Movistar Plus+<\/figcaption><\/figure>\n\n\n\n<h2 class=\"wp-block-heading\" id=\"h-series-internacionales-que-no-te-puedes-perder-en-movistar-plus\">Series internacionales que no te puedes perder en Movistar Plus+<\/h2>\n\n\n\n<p>Adem\u00e1s, te traemos algunos de los contenidos m\u00e1s demandados a nivel internacional que podr\u00e1s ver en Movistar Plus+. Sigue leyendo:<\/p>\n\n\n\n<h3 class=\"wp-block-heading\" id=\"h-la-vuelta-al-mundo-en-80-d-as\">&#8216;<em>La vuelta al mundo en 80 d\u00edas<\/em>&#8216;<\/h3>\n\n\n\n<p>La<strong> adaptaci\u00f3n del cl\u00e1sico de Julio Verne<\/strong> <a href=\"https:\/\/www.movistarplus.es\/ficha\/la-vuelta-al-mundo-en-80-dias-t1?tipo=E&amp;id=2023565\" target=\"_blank\" rel=\"noreferrer noopener\">aterriza <\/a>en Movistar Plus+ como serie, mostr\u00e1ndonos la importancia de la confianza, la tolerancia y el amor. Los 3 protagonistas, Phileas Fogg (David Tennant), Passepartout (Ibrahim Koma) y Abigail Fix (Leonie Benesch) vivir\u00e1n un viaje incre\u00edble repleto de<strong>&nbsp;<\/strong>aventuras, pero tambi\u00e9n es el viaje que llevar\u00e1 a los tres protagonistas a&nbsp;descubrir qui\u00e9nes son realmente. <\/p>\n\n\n\n<p>Una aut\u00e9ntica odisea en la que Fogg, Fix y Passepartout aprender\u00e1n la importancia de la&nbsp;confianza, la&nbsp;tolerancia&nbsp;y el&nbsp;amor&nbsp;descubriendo nuevas culturas y formas de vida.&nbsp;&nbsp;<\/p>\n\n\n\n<h3 class=\"wp-block-heading\" id=\"h-super-pumped-the-battle-for-uber\">&#8216;<em>Super Pumped: The Battle for Uber<\/em>&#8216;<\/h3>\n\n\n\n<p>La primera temporada de esta ficci\u00f3n est\u00e1 basada en el <em>best seller<\/em> de Mike Isaac, <em>&#8216;La batalla por Uber: una ambici\u00f3n desenfrenada<\/em>&#8216;, y protagonizado por <strong>Joseph Gordon-Levitt, Kyle Chandler y Uma Thurman<\/strong>. La trama gira en torno al ascenso y la ca\u00edda de Travis Kalanick, el ambicioso <strong>CEO de Uber<\/strong> que ser\u00eda finalmente despedido en una un\u00e1nime junta extraordinaria, y la conflictiva relaci\u00f3n con su mentor, Bill Gurley, un brillante capitalista de Texas sin pelos en la lengua.<\/p>\n\n\n\n<p>&#8216;<em>The Battle for Uber<\/em>&#8216; se ha concebido como la primera entrega de la serie de antolog\u00eda&nbsp;&#8216;<em>Super Pumped<\/em>&#8216;, que propone explorar, en cada temporada, <strong>una historia que ha sacudido el mundo empresarial hasta la m\u00e9dula<\/strong>.<\/p>\n\n\n\n<h3 class=\"wp-block-heading\" id=\"h-todas-las-criaturas-grandes-y-peque-as\">&#8216;<em>Todas las criaturas grandes y peque\u00f1as<\/em>&#8216;<\/h3>\n\n\n\n<p>La primera temporada de esta <a href=\"https:\/\/ver.movistarplus.es\/ficha\/todas-las-criaturas-grandes-y-pequenas\/?id=1957982&amp;mediaType=FOTOV&amp;profile=OTT&amp;mode=VODRU7D&amp;version=7.1&amp;tlsStream=true&amp;mdrm=true&amp;demarcation=0&amp;id_perfil=OTT&amp;suscripcion=PS-APERTURALI%2CPS-APERTURAPC%2CPS-CVODPCFREE%2CPS-FUSEFULI%2CPS-FUSEFUPC%2CPS-FUSX0LI%2CPS-FUSX0PC%2CPS-SELEPLI%2CPS-SELEPPC%2CPS-YOPLAYPC&amp;network=movistarplus&amp;ui=SERIES\" target=\"_blank\" rel=\"noreferrer noopener\">ficci\u00f3n <\/a>fue todo un<strong> \u00e9xito en Reino Unido<\/strong>, siendo la serie m\u00e1s vista en Channel 5. La segunda temporada sigue narrando las aventuras de un inexperto veterinario en un pueblo de la campi\u00f1a inglesa a finales de los a\u00f1os 30. Una serie optimista que muestra el amor por la naturaleza y los animales.<\/p>\n\n\n\n<h2 class=\"wp-block-heading\" id=\"h-cine-in-dito-en-movistar-plus\">Cine in\u00e9dito en Movistar Plus+<\/h2>\n\n\n\n<p>Movistar Plus+ apuesta por el<strong> cine que no ha pasado antes por las salas<\/strong> y que ha sido un \u00e9xito en festivales. A continuaci\u00f3n, las pel\u00edculas en orden de estreno:<\/p>\n\n\n\n<ul class=\"wp-block-list\"><li>&#8216;<em>El asesinato de Kenneth Chamberlain<\/em>&#8216; (1 de febrero).<\/li><li>&#8216;<a href=\"https:\/\/ver.movistarplus.es\/ficha\/old-henry\/?id=54198477&amp;mediaType=FOTOV&amp;profile=OTT&amp;mode=VODRU7D&amp;version=7.1&amp;tlsStream=true&amp;mdrm=true&amp;catalog=events&amp;demarcation=0&amp;id_perfil=OTT&amp;suscripcion=PS-APERTURALI%2CPS-APERTURAPC%2CPS-CVODPCFREE%2CPS-FUSEFULI%2CPS-FUSEFUPC%2CPS-FUSX0LI%2CPS-FUSX0PC%2CPS-SELEPLI%2CPS-SELEPPC%2CPS-YOPLAYPC&amp;network=movistarplus&amp;ui=SERIES\" target=\"_blank\" rel=\"noreferrer noopener\"><em>Old Henry<\/em><\/a>&#8216;, (5 de febrero).<\/li><li>&#8216;<em>Sitting in Limbo<\/em>&#8216; (13 de febrero).<\/li><li>&#8216;<em>Los consejos del doctor Bird para poetas tristes<\/em>&#8216; (16 de febrero).<\/li><li>&#8216;<em>Contra<\/em>&#8216; (22 de febrero).<\/li><\/ul>\n\n\n\n<h2 class=\"wp-block-heading\" id=\"h-oferta-de-cine-movistar-2022\">Oferta de cine Movistar+ 2022<\/h2>\n\n\n\n<p>Este a\u00f1o, tambi\u00e9n, cine viene cargado de novedades y pisando muy fuerte dentro de la gran apuesta de Movistar+. \u2018<em>El buen patr\u00f3n<\/em>\u2018, r\u00e9cord con<strong>&nbsp;veinte candidaturas a los Goya<\/strong>, \u2018<em>Maixabel<\/em>\u2018 (14 nominaciones a los Goya), \u2018<em>Mediterr\u00e1neo<\/em>\u2018 (siete candidaturas) y \u2018<em>Libertad<\/em>\u2018 (seis nominaciones).<\/p>\n\n\n\n<p>Mientras que, \u2018<em>Fast &amp; Furious<\/em>\u2018, \u2018<em>Tiempo<\/em>\u2018, \u2018<em>La purga infinita<\/em>\u2018, \u2018<em>Spider-Man: No Way Home<\/em>\u2018, \u2018<em>Ghostbusters: Afterlife<\/em>\u2018 y \u2018<em>Venom: habr\u00e1 matanza<\/em>\u2018 ser\u00e1n los platos fuertes del cine internacional en Movistar+.<\/p>\n\n\n\n<p>Adem\u00e1s, si tienes en tu casa el&nbsp;<a href=\"https:\/\/blogthinkbig.com\/descubre-como-sacar-el-maximo-partido-de-movistar-con-el-nuevo-mando-vocal\" target=\"_blank\" rel=\"noreferrer noopener\">Mando Vocal de Movistar+<\/a>&nbsp;o el&nbsp;<a href=\"https:\/\/blogthinkbig.com\/app-movistar-plus-para-smart-tv\" target=\"_blank\" rel=\"noreferrer noopener\">dispositivo&nbsp;<\/a><a href=\"https:\/\/blogthinkbig.com\/movistar-home\" target=\"_blank\" rel=\"noreferrer noopener\">Movistar Home<\/a>, gracias a la integraci\u00f3n de<a href=\"https:\/\/www.movistar.es\/particulares\/Aura\/\" target=\"_blank\" rel=\"noreferrer noopener\">&nbsp;Aura, el asistente virtual de Movistar<\/a>, puedes<strong>&nbsp;pedir con la voz recomendaciones<\/strong>&nbsp;sobre t\u00edtulos, directores, g\u00e9neros o actores.<\/p>\n","protected":false},"excerpt":{"rendered":"<p>Como cada inicio de mes, hacemos un repaso por las novedades de la plataforma de contenidos Movistar Plus+. Sin olvidarnos de que febrero es especial, en lo que a pel\u00edculas se refiere, ya que se [&hellip;]<\/p>\n","protected":false},"author":112,"featured_media":763,"comment_status":"closed","ping_status":"closed","sticky":false,"template":"","format":"standard","meta":{"site-sidebar-layout":"default","site-content-layout":"","ast-site-content-layout":"","site-content-style":"default","site-sidebar-style":"default","ast-global-header-display":"","ast-banner-title-visibility":"","ast-main-header-display":"","ast-hfb-above-header-display":"","ast-hfb-below-header-display":"","ast-hfb-mobile-header-display":"","site-post-title":"","ast-breadcrumbs-content":"","ast-featured-img":"","footer-sml-layout":"","theme-transparent-header-meta":"","adv-header-id-meta":"","stick-header-meta":"","header-above-stick-meta":"","header-main-stick-meta":"","header-below-stick-meta":"","astra-migrate-meta-layouts":"default","ast-page-background-enabled":"default","ast-page-background-meta":{"desktop":{"background-color":"var(--ast-global-color-4)","background-image":"","background-repeat":"repeat","background-position":"center center","background-size":"auto","background-attachment":"scroll","background-type":"","background-media":"","overlay-type":"","overlay-color":"","overlay-opacity":"","overlay-gradient":""},"tablet":{"background-color":"","background-image":"","background-repeat":"repeat","background-position":"center center","background-size":"auto","background-attachment":"scroll","background-type":"","background-media":"","overlay-type":"","overlay-color":"","overlay-opacity":"","overlay-gradient":""},"mobile":{"background-color":"","background-image":"","background-repeat":"repeat","background-position":"center center","background-size":"auto","background-attachment":"scroll","background-type":"","background-media":"","overlay-type":"","overlay-color":"","overlay-opacity":"","overlay-gradient":""}},"ast-content-background-meta":{"desktop":{"background-color":"var(--ast-global-color-5)","background-image":"","background-repeat":"repeat","background-position":"center center","background-size":"auto","background-attachment":"scroll","background-type":"","background-media":"","overlay-type":"","overlay-color":"","overlay-opacity":"","overlay-gradient":""},"tablet":{"background-color":"var(--ast-global-color-5)","background-image":"","background-repeat":"repeat","background-position":"center center","background-size":"auto","background-attachment":"scroll","background-type":"","background-media":"","overlay-type":"","overlay-color":"","overlay-opacity":"","overlay-gradient":""},"mobile":{"background-color":"var(--ast-global-color-5)","background-image":"","background-repeat":"repeat","background-position":"center center","background-size":"auto","background-attachment":"scroll","background-type":"","background-media":"","overlay-type":"","overlay-color":"","overlay-opacity":"","overlay-gradient":""}},"_jetpack_memberships_contains_paid_content":false,"footnotes":""},"categories":[1],"tags":[],"area":[7],"cluster":[45],"linea_editorial":[9],"coauthors":[491],"class_list":["post-2861","post","type-post","status-publish","format-standard","has-post-thumbnail","hentry","category-sin-categoria","area-digital-client","cluster-movistar-plus","linea_editorial-movistar"],"yoast_head":"<!-- This site is optimized with the Yoast SEO Premium plugin v25.5 (Yoast SEO v25.5) - https:\/\/yoast.com\/wordpress\/plugins\/seo\/ -->\n<title>Los estrenos m\u00e1s esperados de Movistar Plus+ en febrero 2022<\/title>\n<meta name=\"description\" content=\"Los estrenos Movistar Plus+ en febrero ya est\u00e1n aqu\u00ed. Un mes donde se premia el cine con films, series y documentales que no te puedes perder.\" \/>\n<meta name=\"robots\" content=\"index, follow, max-snippet:-1, max-image-preview:large, max-video-preview:-1\" \/>\n<link rel=\"canonical\" href=\"https:\/\/www.movistar.es\/blog\/movistar-plus\/estrenos-movistar-plus-febrero-2022\/\" \/>\n<meta property=\"og:locale\" content=\"es_ES\" \/>\n<meta property=\"og:type\" content=\"article\" \/>\n<meta property=\"og:title\" content=\"Los estrenos m\u00e1s esperados de Movistar Plus+ en febrero 2022\" \/>\n<meta property=\"og:description\" content=\"Los estrenos Movistar Plus+ en febrero ya est\u00e1n aqu\u00ed. Un mes donde se premia el cine con films, series y documentales que no te puedes perder.\" \/>\n<meta property=\"og:url\" content=\"https:\/\/www.movistar.es\/blog\/movistar-plus\/estrenos-movistar-plus-febrero-2022\/\" \/>\n<meta property=\"og:site_name\" content=\"Movistar blog\" \/>\n<meta property=\"article:published_time\" content=\"2022-02-02T08:30:00+00:00\" \/>\n<meta property=\"article:modified_time\" content=\"2023-02-24T12:28:03+00:00\" \/>\n<meta property=\"og:image\" content=\"https:\/\/www.movistar.es\/blog\/wp-content\/uploads\/sites\/3\/2022\/04\/Sin-titulo-1.jpg\" \/>\n\t<meta property=\"og:image:width\" content=\"1040\" \/>\n\t<meta property=\"og:image:height\" content=\"400\" \/>\n\t<meta property=\"og:image:type\" content=\"image\/jpeg\" \/>\n<meta name=\"author\" content=\"Redacci\u00f3n Movistar Plus+\" \/>\n<meta name=\"twitter:card\" content=\"summary_large_image\" \/>\n<meta name=\"twitter:creator\" content=\"@MovistarFutbol\" \/>\n<meta name=\"twitter:label1\" content=\"Written by\" \/>\n\t<meta name=\"twitter:data1\" content=\"Redacci\u00f3n Movistar Plus+\" \/>\n\t<meta name=\"twitter:label2\" content=\"Est. reading time\" \/>\n\t<meta name=\"twitter:data2\" content=\"6 minutos\" \/>\n<script type=\"application\/ld+json\" class=\"yoast-schema-graph\">{\"@context\":\"https:\/\/schema.org\",\"@graph\":[{\"@type\":\"Article\",\"@id\":\"https:\/\/www.movistar.es\/blog\/movistar-plus\/estrenos-movistar-plus-febrero-2022\/#article\",\"isPartOf\":{\"@id\":\"https:\/\/www.movistar.es\/blog\/movistar-plus\/estrenos-movistar-plus-febrero-2022\/\"},\"author\":{\"name\":\"Redacci\u00f3n Movistar Plus+\",\"@id\":\"https:\/\/www.movistar.es\/blog\/#\/schema\/person\/189877e959457e9014d2a5e8d6fe946d\"},\"headline\":\"Los estrenos m\u00e1s esperados de Movistar Plus+ en febrero 2022\",\"datePublished\":\"2022-02-02T08:30:00+00:00\",\"dateModified\":\"2023-02-24T12:28:03+00:00\",\"mainEntityOfPage\":{\"@id\":\"https:\/\/www.movistar.es\/blog\/movistar-plus\/estrenos-movistar-plus-febrero-2022\/\"},\"wordCount\":1027,\"publisher\":{\"@id\":\"https:\/\/www.movistar.es\/blog\/#organization\"},\"image\":{\"@id\":\"https:\/\/www.movistar.es\/blog\/movistar-plus\/estrenos-movistar-plus-febrero-2022\/#primaryimage\"},\"thumbnailUrl\":\"https:\/\/www.movistar.es\/blog\/wp-content\/uploads\/sites\/3\/2022\/04\/Sin-titulo-1.jpg\",\"inLanguage\":\"es\"},{\"@type\":\"WebPage\",\"@id\":\"https:\/\/www.movistar.es\/blog\/movistar-plus\/estrenos-movistar-plus-febrero-2022\/\",\"url\":\"https:\/\/www.movistar.es\/blog\/movistar-plus\/estrenos-movistar-plus-febrero-2022\/\",\"name\":\"Los estrenos m\u00e1s esperados de Movistar Plus+ en febrero 2022\",\"isPartOf\":{\"@id\":\"https:\/\/www.movistar.es\/blog\/#website\"},\"primaryImageOfPage\":{\"@id\":\"https:\/\/www.movistar.es\/blog\/movistar-plus\/estrenos-movistar-plus-febrero-2022\/#primaryimage\"},\"image\":{\"@id\":\"https:\/\/www.movistar.es\/blog\/movistar-plus\/estrenos-movistar-plus-febrero-2022\/#primaryimage\"},\"thumbnailUrl\":\"https:\/\/www.movistar.es\/blog\/wp-content\/uploads\/sites\/3\/2022\/04\/Sin-titulo-1.jpg\",\"datePublished\":\"2022-02-02T08:30:00+00:00\",\"dateModified\":\"2023-02-24T12:28:03+00:00\",\"description\":\"Los estrenos Movistar Plus+ en febrero ya est\u00e1n aqu\u00ed. Un mes donde se premia el cine con films, series y documentales que no te puedes perder.\",\"breadcrumb\":{\"@id\":\"https:\/\/www.movistar.es\/blog\/movistar-plus\/estrenos-movistar-plus-febrero-2022\/#breadcrumb\"},\"inLanguage\":\"es\",\"potentialAction\":[{\"@type\":\"ReadAction\",\"target\":[\"https:\/\/www.movistar.es\/blog\/movistar-plus\/estrenos-movistar-plus-febrero-2022\/\"]}]},{\"@type\":\"ImageObject\",\"inLanguage\":\"es\",\"@id\":\"https:\/\/www.movistar.es\/blog\/movistar-plus\/estrenos-movistar-plus-febrero-2022\/#primaryimage\",\"url\":\"https:\/\/www.movistar.es\/blog\/wp-content\/uploads\/sites\/3\/2022\/04\/Sin-titulo-1.jpg\",\"contentUrl\":\"https:\/\/www.movistar.es\/blog\/wp-content\/uploads\/sites\/3\/2022\/04\/Sin-titulo-1.jpg\",\"width\":1040,\"height\":400},{\"@type\":\"BreadcrumbList\",\"@id\":\"https:\/\/www.movistar.es\/blog\/movistar-plus\/estrenos-movistar-plus-febrero-2022\/#breadcrumb\",\"itemListElement\":[{\"@type\":\"ListItem\",\"position\":1,\"name\":\"Home\",\"item\":\"https:\/\/www.movistar.es\/blog\/\"},{\"@type\":\"ListItem\",\"position\":2,\"name\":\"Los estrenos m\u00e1s esperados de Movistar Plus+ en febrero 2022\"}]},{\"@type\":\"WebSite\",\"@id\":\"https:\/\/www.movistar.es\/blog\/#website\",\"url\":\"https:\/\/www.movistar.es\/blog\/\",\"name\":\"Movistar blog\",\"description\":\"Movistar Blog. Informaci\u00f3n y m\u00e1s sobre los productos y servicios de Movistar\",\"publisher\":{\"@id\":\"https:\/\/www.movistar.es\/blog\/#organization\"},\"potentialAction\":[{\"@type\":\"SearchAction\",\"target\":{\"@type\":\"EntryPoint\",\"urlTemplate\":\"https:\/\/www.movistar.es\/blog\/?s={search_term_string}\"},\"query-input\":{\"@type\":\"PropertyValueSpecification\",\"valueRequired\":true,\"valueName\":\"search_term_string\"}}],\"inLanguage\":\"es\"},{\"@type\":\"Organization\",\"@id\":\"https:\/\/www.movistar.es\/blog\/#organization\",\"name\":\"Movistar blog\",\"url\":\"https:\/\/www.movistar.es\/blog\/\",\"logo\":{\"@type\":\"ImageObject\",\"inLanguage\":\"es\",\"@id\":\"https:\/\/www.movistar.es\/blog\/#\/schema\/logo\/image\/\",\"url\":\"https:\/\/www.movistar.es\/blog\/wp-content\/uploads\/sites\/3\/2022\/05\/logo_movistar-1.svg\",\"contentUrl\":\"https:\/\/www.movistar.es\/blog\/wp-content\/uploads\/sites\/3\/2022\/05\/logo_movistar-1.svg\",\"width\":369,\"height\":272,\"caption\":\"Movistar blog\"},\"image\":{\"@id\":\"https:\/\/www.movistar.es\/blog\/#\/schema\/logo\/image\/\"}},{\"@type\":\"Person\",\"@id\":\"https:\/\/www.movistar.es\/blog\/#\/schema\/person\/189877e959457e9014d2a5e8d6fe946d\",\"name\":\"Redacci\u00f3n Movistar Plus+\",\"image\":{\"@type\":\"ImageObject\",\"inLanguage\":\"es\",\"@id\":\"https:\/\/www.movistar.es\/blog\/#\/schema\/person\/image\/e4401217082664b40a1186f7e73afac7\",\"url\":\"https:\/\/secure.gravatar.com\/avatar\/c957f8b2227dcae6bb012530cf347456865c8d81dd6724c0fb6723a2c0a9f9e2\",\"contentUrl\":\"https:\/\/secure.gravatar.com\/avatar\/c957f8b2227dcae6bb012530cf347456865c8d81dd6724c0fb6723a2c0a9f9e2\",\"caption\":\"Redacci\u00f3n Movistar Plus+\"},\"description\":\"Te ayudamos a sacar el m\u00e1ximo partido a la televisi\u00f3n de Movistar Plus+. Para que disfrutes de las mejores pel\u00edculas, deportes, series y la toda la programaci\u00f3n, con una experiencia inigualable gracias a Movistar.\",\"sameAs\":[\"https:\/\/ver.movistarplus.es\/\",\"https:\/\/www.instagram.com\/movistarplus\/?hl=es\",\"https:\/\/www.linkedin.com\/company\/movistarplus\/?originalSubdomain=es\",\"https:\/\/x.com\/MovistarFutbol\"],\"knowsAbout\":[\"series\",\"cine\",\"deportes\",\"televisi\u00f3n\"],\"url\":\"https:\/\/www.movistar.es\/blog\/author\/movistarplus\/\"}]}<\/script>\n<!-- \/ Yoast SEO Premium plugin. -->","yoast_head_json":{"title":"Los estrenos m\u00e1s esperados de Movistar Plus+ en febrero 2022","description":"Los estrenos Movistar Plus+ en febrero ya est\u00e1n aqu\u00ed. Un mes donde se premia el cine con films, series y documentales que no te puedes perder.","robots":{"index":"index","follow":"follow","max-snippet":"max-snippet:-1","max-image-preview":"max-image-preview:large","max-video-preview":"max-video-preview:-1"},"canonical":"https:\/\/www.movistar.es\/blog\/movistar-plus\/estrenos-movistar-plus-febrero-2022\/","og_locale":"es_ES","og_type":"article","og_title":"Los estrenos m\u00e1s esperados de Movistar Plus+ en febrero 2022","og_description":"Los estrenos Movistar Plus+ en febrero ya est\u00e1n aqu\u00ed. Un mes donde se premia el cine con films, series y documentales que no te puedes perder.","og_url":"https:\/\/www.movistar.es\/blog\/movistar-plus\/estrenos-movistar-plus-febrero-2022\/","og_site_name":"Movistar blog","article_published_time":"2022-02-02T08:30:00+00:00","article_modified_time":"2023-02-24T12:28:03+00:00","og_image":[{"width":1040,"height":400,"url":"https:\/\/www.movistar.es\/blog\/wp-content\/uploads\/sites\/3\/2022\/04\/Sin-titulo-1.jpg","type":"image\/jpeg"}],"author":"Redacci\u00f3n Movistar Plus+","twitter_card":"summary_large_image","twitter_creator":"@MovistarFutbol","twitter_misc":{"Written by":"Redacci\u00f3n Movistar Plus+","Est. reading time":"6 minutos"},"schema":{"@context":"https:\/\/schema.org","@graph":[{"@type":"Article","@id":"https:\/\/www.movistar.es\/blog\/movistar-plus\/estrenos-movistar-plus-febrero-2022\/#article","isPartOf":{"@id":"https:\/\/www.movistar.es\/blog\/movistar-plus\/estrenos-movistar-plus-febrero-2022\/"},"author":{"name":"Redacci\u00f3n Movistar Plus+","@id":"https:\/\/www.movistar.es\/blog\/#\/schema\/person\/189877e959457e9014d2a5e8d6fe946d"},"headline":"Los estrenos m\u00e1s esperados de Movistar Plus+ en febrero 2022","datePublished":"2022-02-02T08:30:00+00:00","dateModified":"2023-02-24T12:28:03+00:00","mainEntityOfPage":{"@id":"https:\/\/www.movistar.es\/blog\/movistar-plus\/estrenos-movistar-plus-febrero-2022\/"},"wordCount":1027,"publisher":{"@id":"https:\/\/www.movistar.es\/blog\/#organization"},"image":{"@id":"https:\/\/www.movistar.es\/blog\/movistar-plus\/estrenos-movistar-plus-febrero-2022\/#primaryimage"},"thumbnailUrl":"https:\/\/www.movistar.es\/blog\/wp-content\/uploads\/sites\/3\/2022\/04\/Sin-titulo-1.jpg","inLanguage":"es"},{"@type":"WebPage","@id":"https:\/\/www.movistar.es\/blog\/movistar-plus\/estrenos-movistar-plus-febrero-2022\/","url":"https:\/\/www.movistar.es\/blog\/movistar-plus\/estrenos-movistar-plus-febrero-2022\/","name":"Los estrenos m\u00e1s esperados de Movistar Plus+ en febrero 2022","isPartOf":{"@id":"https:\/\/www.movistar.es\/blog\/#website"},"primaryImageOfPage":{"@id":"https:\/\/www.movistar.es\/blog\/movistar-plus\/estrenos-movistar-plus-febrero-2022\/#primaryimage"},"image":{"@id":"https:\/\/www.movistar.es\/blog\/movistar-plus\/estrenos-movistar-plus-febrero-2022\/#primaryimage"},"thumbnailUrl":"https:\/\/www.movistar.es\/blog\/wp-content\/uploads\/sites\/3\/2022\/04\/Sin-titulo-1.jpg","datePublished":"2022-02-02T08:30:00+00:00","dateModified":"2023-02-24T12:28:03+00:00","description":"Los estrenos Movistar Plus+ en febrero ya est\u00e1n aqu\u00ed. Un mes donde se premia el cine con films, series y documentales que no te puedes perder.","breadcrumb":{"@id":"https:\/\/www.movistar.es\/blog\/movistar-plus\/estrenos-movistar-plus-febrero-2022\/#breadcrumb"},"inLanguage":"es","potentialAction":[{"@type":"ReadAction","target":["https:\/\/www.movistar.es\/blog\/movistar-plus\/estrenos-movistar-plus-febrero-2022\/"]}]},{"@type":"ImageObject","inLanguage":"es","@id":"https:\/\/www.movistar.es\/blog\/movistar-plus\/estrenos-movistar-plus-febrero-2022\/#primaryimage","url":"https:\/\/www.movistar.es\/blog\/wp-content\/uploads\/sites\/3\/2022\/04\/Sin-titulo-1.jpg","contentUrl":"https:\/\/www.movistar.es\/blog\/wp-content\/uploads\/sites\/3\/2022\/04\/Sin-titulo-1.jpg","width":1040,"height":400},{"@type":"BreadcrumbList","@id":"https:\/\/www.movistar.es\/blog\/movistar-plus\/estrenos-movistar-plus-febrero-2022\/#breadcrumb","itemListElement":[{"@type":"ListItem","position":1,"name":"Home","item":"https:\/\/www.movistar.es\/blog\/"},{"@type":"ListItem","position":2,"name":"Los estrenos m\u00e1s esperados de Movistar Plus+ en febrero 2022"}]},{"@type":"WebSite","@id":"https:\/\/www.movistar.es\/blog\/#website","url":"https:\/\/www.movistar.es\/blog\/","name":"Movistar blog","description":"Movistar Blog. Informaci\u00f3n y m\u00e1s sobre los productos y servicios de Movistar","publisher":{"@id":"https:\/\/www.movistar.es\/blog\/#organization"},"potentialAction":[{"@type":"SearchAction","target":{"@type":"EntryPoint","urlTemplate":"https:\/\/www.movistar.es\/blog\/?s={search_term_string}"},"query-input":{"@type":"PropertyValueSpecification","valueRequired":true,"valueName":"search_term_string"}}],"inLanguage":"es"},{"@type":"Organization","@id":"https:\/\/www.movistar.es\/blog\/#organization","name":"Movistar blog","url":"https:\/\/www.movistar.es\/blog\/","logo":{"@type":"ImageObject","inLanguage":"es","@id":"https:\/\/www.movistar.es\/blog\/#\/schema\/logo\/image\/","url":"https:\/\/www.movistar.es\/blog\/wp-content\/uploads\/sites\/3\/2022\/05\/logo_movistar-1.svg","contentUrl":"https:\/\/www.movistar.es\/blog\/wp-content\/uploads\/sites\/3\/2022\/05\/logo_movistar-1.svg","width":369,"height":272,"caption":"Movistar blog"},"image":{"@id":"https:\/\/www.movistar.es\/blog\/#\/schema\/logo\/image\/"}},{"@type":"Person","@id":"https:\/\/www.movistar.es\/blog\/#\/schema\/person\/189877e959457e9014d2a5e8d6fe946d","name":"Redacci\u00f3n Movistar Plus+","image":{"@type":"ImageObject","inLanguage":"es","@id":"https:\/\/www.movistar.es\/blog\/#\/schema\/person\/image\/e4401217082664b40a1186f7e73afac7","url":"https:\/\/secure.gravatar.com\/avatar\/c957f8b2227dcae6bb012530cf347456865c8d81dd6724c0fb6723a2c0a9f9e2","contentUrl":"https:\/\/secure.gravatar.com\/avatar\/c957f8b2227dcae6bb012530cf347456865c8d81dd6724c0fb6723a2c0a9f9e2","caption":"Redacci\u00f3n Movistar Plus+"},"description":"Te ayudamos a sacar el m\u00e1ximo partido a la televisi\u00f3n de Movistar Plus+. Para que disfrutes de las mejores pel\u00edculas, deportes, series y la toda la programaci\u00f3n, con una experiencia inigualable gracias a Movistar.","sameAs":["https:\/\/ver.movistarplus.es\/","https:\/\/www.instagram.com\/movistarplus\/?hl=es","https:\/\/www.linkedin.com\/company\/movistarplus\/?originalSubdomain=es","https:\/\/x.com\/MovistarFutbol"],"knowsAbout":["series","cine","deportes","televisi\u00f3n"],"url":"https:\/\/www.movistar.es\/blog\/author\/movistarplus\/"}]}},"jetpack_featured_media_url":"https:\/\/www.movistar.es\/blog\/wp-content\/uploads\/sites\/3\/2022\/04\/Sin-titulo-1.jpg","jetpack_sharing_enabled":true,"_links":{"self":[{"href":"https:\/\/www.movistar.es\/blog\/wp-json\/wp\/v2\/posts\/2861","targetHints":{"allow":["GET"]}}],"collection":[{"href":"https:\/\/www.movistar.es\/blog\/wp-json\/wp\/v2\/posts"}],"about":[{"href":"https:\/\/www.movistar.es\/blog\/wp-json\/wp\/v2\/types\/post"}],"author":[{"embeddable":true,"href":"https:\/\/www.movistar.es\/blog\/wp-json\/wp\/v2\/users\/112"}],"replies":[{"embeddable":true,"href":"https:\/\/www.movistar.es\/blog\/wp-json\/wp\/v2\/comments?post=2861"}],"version-history":[{"count":2,"href":"https:\/\/www.movistar.es\/blog\/wp-json\/wp\/v2\/posts\/2861\/revisions"}],"predecessor-version":[{"id":4792,"href":"https:\/\/www.movistar.es\/blog\/wp-json\/wp\/v2\/posts\/2861\/revisions\/4792"}],"wp:featuredmedia":[{"embeddable":true,"href":"https:\/\/www.movistar.es\/blog\/wp-json\/wp\/v2\/media\/763"}],"wp:attachment":[{"href":"https:\/\/www.movistar.es\/blog\/wp-json\/wp\/v2\/media?parent=2861"}],"wp:term":[{"taxonomy":"category","embeddable":true,"href":"https:\/\/www.movistar.es\/blog\/wp-json\/wp\/v2\/categories?post=2861"},{"taxonomy":"post_tag","embeddable":true,"href":"https:\/\/www.movistar.es\/blog\/wp-json\/wp\/v2\/tags?post=2861"},{"taxonomy":"area","embeddable":true,"href":"https:\/\/www.movistar.es\/blog\/wp-json\/wp\/v2\/area?post=2861"},{"taxonomy":"cluster","embeddable":true,"href":"https:\/\/www.movistar.es\/blog\/wp-json\/wp\/v2\/cluster?post=2861"},{"taxonomy":"linea_editorial","embeddable":true,"href":"https:\/\/www.movistar.es\/blog\/wp-json\/wp\/v2\/linea_editorial?post=2861"},{"taxonomy":"author","embeddable":true,"href":"https:\/\/www.movistar.es\/blog\/wp-json\/wp\/v2\/coauthors?post=2861"}],"curies":[{"name":"wp","href":"https:\/\/api.w.org\/{rel}","templated":true}]}}