{"id":2859,"date":"2022-01-27T13:00:00","date_gmt":"2022-01-27T12:00:00","guid":{"rendered":"https:\/\/www.movistar.es\/blog\/nube-movistar-cuenta-con-300k-clientes\/"},"modified":"2023-05-29T12:19:34","modified_gmt":"2023-05-29T10:19:34","slug":"nube-movistar-cuenta-con-300k-clientes","status":"publish","type":"post","link":"https:\/\/www.movistar.es\/blog\/movistar-cloud\/nube-movistar-cuenta-con-300k-clientes\/","title":{"rendered":"\u00danete a los 400.000 clientes que conf\u00edan en la seguridad de\u00a0la\u00a0nube Movistar"},"content":{"rendered":"\n<p>\u00bfSabr\u00edas decir cu\u00e1ntas personas caben en un estadio de f\u00fatbol? El Wanda Metropolitano, el campo del Atl\u00e9tico de Madrid que cuenta con Telef\u00f3nica como proveedor tecnol\u00f3gico, tiene una capacidad de 68.500 personas aproximadamente. Esto implica que los aficionados tienen mucha confianza en que el club va a garantizar el mejor espect\u00e1culo de entretenimiento, cumpliendo con todas las medidas de seguridad.&nbsp;&nbsp;<\/p>\n\n\n\n<p>\u00bfY si te subo ese n\u00famero a m\u00e1s de 300.000? Mucho m\u00e1s esfuerzo por parte de la empresa, y m\u00e1s confianza por parte del cliente. Esta incre\u00edble cifra es el n\u00famero de usuarios de\u202f<a href=\"https:\/\/micloud.movistar.es\/ui\/jsp\/login.jsp\" target=\"_blank\" rel=\"noreferrer noopener\"><strong>Movistar Cloud<\/strong><\/a>, el\u202f<strong>servicio de almacenamiento <\/strong>en la nube Movistar, que ya ha alcanzado los 8 millones de gigabytes almacenados.&nbsp;<\/p>\n\n\n\n<p>Gracias a este servicio podr\u00e1s&nbsp;<strong>guardar todas tus fotos, v\u00eddeos, m\u00fasica o documentos que quieras en la&nbsp;nube&nbsp;Movistar&nbsp;de forma gratuita<\/strong>. Y no solo eso, sino que puedes acceder a&nbsp;tu nube&nbsp;desde cualquier dispositivo, ya&nbsp;sea m\u00f3vil,&nbsp;tablet, ordenador o navegador web. Adem\u00e1s, tambi\u00e9n te permite&nbsp;<strong>compartir tus materiales con quien quieras<\/strong>, de una forma f\u00e1cil y segura. Ya puedes olvidarte de estar borrando fotos para liberar espacio en tu m\u00f3vil con Movistar Cloud.&nbsp;<\/p>\n\n\n\n<h2 class=\"wp-block-heading\" id=\"h-todo-un-mundo-en-tu-bolsillo-con-la-nube-movistar\"><strong>Todo un mundo en tu bolsillo&nbsp;con&nbsp;la&nbsp;nube&nbsp;Movistar<\/strong><\/h2>\n\n\n\n<p>Gracias a este servicio, si eres usuario de Movistar, no necesitar\u00e1s ir traspasando constantemente tus archivos desde tu m\u00f3vil a tu ordenador. Y si pierdes tu smartphone, tu drama ser\u00e1 el conseguir otro,&nbsp;pero no haber perdido todos los buenos recuerdos que ten\u00edas almacenados en tu m\u00f3vil&nbsp;porque los puedes tener en la&nbsp;nube Movistar.&nbsp;&nbsp;<\/p>\n\n\n\n<p>Todo ello bajo un paraguas de&nbsp;<strong>seguridad que&nbsp;vela para que tus contenidos sean solo tuyos<\/strong>. O bueno, si quieres que alguien los vea&nbsp;<strong>tienes la opci\u00f3n de compartirlos<\/strong>, pero nunca nadie tendr\u00e1 acceso a ellos&nbsp;sin&nbsp;tu consentimiento. Esto se debe a que est\u00e1 protegido por una encriptaci\u00f3n de alto nivel libre de virus. Una de sus funciones es la de \u00ab<strong>Momentos<\/strong>\u00bb en la que podr\u00e1s crear&nbsp;<strong>\u00e1lbumes personalizados sobre un evento concreto<\/strong>&nbsp;para compartirlos&nbsp;con quien quieras,&nbsp;como las&nbsp;fotos con esa persona especial o un viaje con amigos.&nbsp;<\/p>\n\n\n\n<p>Para subir tus documentos a la nube solo tienes que pulsar el bot\u00f3n \u00ab<strong>Liberar<\/strong>\u00bb para generar m\u00e1s espacio en tu dispositivo. El apartado \u00ab<strong>Configuraci\u00f3n<\/strong>\u00bb te permite diferentes acciones, como crear una copia de seguridad de tus SMS o de tus conversaciones de WhatsApp. Como ves es muy sencillo. Lo primero que tienes que hacer es\u202f<strong>descargar la aplicaci\u00f3n<\/strong>, que est\u00e1 disponible en <a href=\"https:\/\/play.google.com\/store\/apps\/details?id=es.movistar.cloud\" target=\"_blank\" rel=\"noreferrer noopener\"><strong>Google Play<\/strong><\/a>\u202fo en\u202f<a href=\"https:\/\/apps.apple.com\/es\/app\/movistar-cloud\/id943945251#?platform=ipad\" target=\"_blank\" rel=\"noreferrer noopener\"><strong>App Store<\/strong><\/a>. Una vez en tu dispositivo debes seleccionar el bot\u00f3n \u00ab<strong>Empezar<\/strong>\u00bb para iniciar la configuraci\u00f3n. Luego tienes que poner tu n\u00famero de tel\u00e9fono de Movistar. Podr\u00e1s tener tantas cuentas de Cloud como l\u00edneas m\u00f3viles de contrato. Luego le das a \u00ab<strong>Siguiente<\/strong>\u00bb y autom\u00e1ticamente recibir\u00e1s un SMS para garantizar que es tu m\u00f3vil. Introd\u00facelo y pulsa \u00ab<strong>Finalizar<\/strong>\u00bb. Por \u00faltimo, tendr\u00e1s que aceptar que consientes que la aplicaci\u00f3n suba tus documentos a la nube y ya estar\u00e1s listo para disfrutar sin l\u00edmites\u202fde Movistar Cloud.&nbsp;<\/p>\n\n\n\n<h2 class=\"wp-block-heading\" id=\"disfruta-de-tus-archivos-a-lo-grande-con-movistar-plus\"><strong>Disfruta de tus archivos a lo grande con Movistar Plus+<\/strong><\/h2>\n\n\n\n<p>Si tienes el <a href=\"https:\/\/www.movistar.es\/particulares\/movil\/moviles\/descodificador-uhd\/\" target=\"_blank\" rel=\"noreferrer noopener\"><strong>Descodificador UHD<\/strong><\/a>\u202fo\u202f<a href=\"https:\/\/www.movistar.es\/particulares\/movil\/moviles\/smart-wifi\/\" target=\"_blank\" rel=\"noreferrer noopener\"><strong>Descodificador UHD Smart WiFi<\/strong><\/a>\u202fpodr\u00e1s acceder a todo tu contenido guardado en el servicio de\u202f<a href=\"https:\/\/blogthinkbig.com\/movistar-cloud-almacenamiento-en-la-nube\" target=\"_blank\" rel=\"noreferrer noopener\"><strong>Movistar Cloud<\/strong><\/a>\u202fen tu televisi\u00f3n, a trav\u00e9s de su Living App en Movistar Plus+. Esto te permite disfrutar de los mejores momentos en familia, ense\u00f1ar a tus padres las fotos del viaje que hiciste sin necesidad de ir pasando el m\u00f3vil de uno a otro. Puedes encontrar Movistar Cloud entre todo el cat\u00e1logo de\u202f<a href=\"https:\/\/www.movistar.es\/particulares\/hogar\/livingapps\/?&amp;segmento=particulares\" target=\"_blank\" rel=\"noreferrer noopener\"><strong>experiencias digitales<\/strong><\/a>\u202fque te ofrece Movistar Plus+. Simplemente tienes que acceder al apartado \u00ab<strong>Apps<\/strong>\u00bb dentro del men\u00fa principal. Hay varias experiencias de diferentes categor\u00edas. Descubre, por ejemplo, los nuevos videos de\u202f<a href=\"https:\/\/blogthinkbig.com\/living-app-de-tiktok-extra%22%20\/t%20%22_blank\" target=\"_blank\" rel=\"noreferrer noopener\"><strong>TikTok Extra<\/strong><\/a>, compra tus entradas para conciertos a trav\u00e9s de\u202f<a href=\"https:\/\/www.movistar.es\/blog\/movistar-plus\/living-app-wegow-movistar-plus\/\" target=\"_blank\" rel=\"noreferrer noopener\">Wegow<\/a>\u202fo transforma tu sal\u00f3n en un karaoke con\u202f<a href=\"https:\/\/blogthinkbig.com\/dale-al-play-a-tu-talento-con-la-living-app-de-kanto%22%20\/t%20%22_blank\" target=\"_blank\" rel=\"noreferrer noopener\"><strong>Kanto<\/strong><\/a>.\u202f\u00a0<\/p>\n\n\n\n<p>Lo primero que necesitas para disfrutar del contenido en la televisi\u00f3n, es tener la app en el m\u00f3vil descargada. Ah\u00ed seleccionas la opci\u00f3n \u00ab<strong>Cloud TV<\/strong>\u00bb. Si accedes por primera vez selecciona \u00ab<strong>A\u00f1adir nueva TV<\/strong>\u00bb para ponerle un nombre, e introducir el c\u00f3digo de vinculaci\u00f3n que aparece en la pantalla de tu televisi\u00f3n. Para una mayor seguridad, deber\u00e1s establecer el tiempo que quieres que dure esa sincronizaci\u00f3n, y qu\u00e9 tipos de contenidos permites que se vean\u202fen la televisi\u00f3n.\u202f\u202f&nbsp;<\/p>\n\n\n\n<p>Con estos sencillos trucos podr\u00e1s disfrutar y compartir todos tus mejores momentos. No esperes a perder el m\u00f3vil y darte cuenta de lo importante que son todos tus recuerdos.\u202f<strong>\u00danete a Movistar Cloud y desc\u00e1rgate la aplicaci\u00f3n <\/strong>para almacenar tus documentos de forma ilimitada.\u202f&nbsp;<\/p>\n\n\n\n<p>&nbsp;<\/p>\n","protected":false},"excerpt":{"rendered":"<p>\u00bfSabr\u00edas decir cu\u00e1ntas personas caben en un estadio de f\u00fatbol? El Wanda Metropolitano, el campo del Atl\u00e9tico de Madrid que cuenta con Telef\u00f3nica como proveedor tecnol\u00f3gico, tiene una capacidad de 68.500 personas aproximadamente. Esto implica [&hellip;]<\/p>\n","protected":false},"author":127,"featured_media":12807,"comment_status":"closed","ping_status":"closed","sticky":false,"template":"","format":"standard","meta":{"site-sidebar-layout":"default","site-content-layout":"","ast-site-content-layout":"","site-content-style":"default","site-sidebar-style":"default","ast-global-header-display":"","ast-banner-title-visibility":"","ast-main-header-display":"","ast-hfb-above-header-display":"","ast-hfb-below-header-display":"","ast-hfb-mobile-header-display":"","site-post-title":"","ast-breadcrumbs-content":"","ast-featured-img":"","footer-sml-layout":"","theme-transparent-header-meta":"","adv-header-id-meta":"","stick-header-meta":"","header-above-stick-meta":"","header-main-stick-meta":"","header-below-stick-meta":"","astra-migrate-meta-layouts":"default","ast-page-background-enabled":"default","ast-page-background-meta":{"desktop":{"background-color":"var(--ast-global-color-4)","background-image":"","background-repeat":"repeat","background-position":"center center","background-size":"auto","background-attachment":"scroll","background-type":"","background-media":"","overlay-type":"","overlay-color":"","overlay-opacity":"","overlay-gradient":""},"tablet":{"background-color":"","background-image":"","background-repeat":"repeat","background-position":"center center","background-size":"auto","background-attachment":"scroll","background-type":"","background-media":"","overlay-type":"","overlay-color":"","overlay-opacity":"","overlay-gradient":""},"mobile":{"background-color":"","background-image":"","background-repeat":"repeat","background-position":"center center","background-size":"auto","background-attachment":"scroll","background-type":"","background-media":"","overlay-type":"","overlay-color":"","overlay-opacity":"","overlay-gradient":""}},"ast-content-background-meta":{"desktop":{"background-color":"var(--ast-global-color-5)","background-image":"","background-repeat":"repeat","background-position":"center center","background-size":"auto","background-attachment":"scroll","background-type":"","background-media":"","overlay-type":"","overlay-color":"","overlay-opacity":"","overlay-gradient":""},"tablet":{"background-color":"var(--ast-global-color-5)","background-image":"","background-repeat":"repeat","background-position":"center center","background-size":"auto","background-attachment":"scroll","background-type":"","background-media":"","overlay-type":"","overlay-color":"","overlay-opacity":"","overlay-gradient":""},"mobile":{"background-color":"var(--ast-global-color-5)","background-image":"","background-repeat":"repeat","background-position":"center center","background-size":"auto","background-attachment":"scroll","background-type":"","background-media":"","overlay-type":"","overlay-color":"","overlay-opacity":"","overlay-gradient":""}},"_jetpack_memberships_contains_paid_content":false,"footnotes":""},"categories":[1],"tags":[176,12],"area":[7],"cluster":[160],"linea_editorial":[9],"coauthors":[532],"class_list":["post-2859","post","type-post","status-publish","format-standard","has-post-thumbnail","hentry","category-sin-categoria","tag-almacenamiento-en-la-nube","tag-movistar","area-digital-client","cluster-movistar-cloud","linea_editorial-movistar"],"yoast_head":"<!-- This site is optimized with the Yoast SEO Premium plugin v25.5 (Yoast SEO v25.5) - https:\/\/yoast.com\/wordpress\/plugins\/seo\/ -->\n<title>Ya son 300.000 clientes que conf\u00edan en la seguridad de la nube Movistar<\/title>\n<meta name=\"description\" content=\"Almacena de forma gratuita y sin l\u00edmite tus archivos gracias a la nube Movistar y disfr\u00fatalos a lo grande en Movistar Plus+.\" \/>\n<meta name=\"robots\" content=\"index, follow, max-snippet:-1, max-image-preview:large, max-video-preview:-1\" \/>\n<link rel=\"canonical\" href=\"https:\/\/www.movistar.es\/blog\/movistar-cloud\/nube-movistar-cuenta-con-300k-clientes\/\" \/>\n<meta property=\"og:locale\" content=\"es_ES\" \/>\n<meta property=\"og:type\" content=\"article\" \/>\n<meta property=\"og:title\" content=\"\u00danete a los 400.000 clientes que conf\u00edan en la seguridad de\u00a0la\u00a0nube Movistar\" \/>\n<meta property=\"og:description\" content=\"Almacena de forma gratuita y sin l\u00edmite tus archivos gracias a la nube Movistar y disfr\u00fatalos a lo grande en Movistar Plus+.\" \/>\n<meta property=\"og:url\" content=\"https:\/\/www.movistar.es\/blog\/movistar-cloud\/nube-movistar-cuenta-con-300k-clientes\/\" \/>\n<meta property=\"og:site_name\" content=\"Movistar blog\" \/>\n<meta property=\"article:published_time\" content=\"2022-01-27T12:00:00+00:00\" \/>\n<meta property=\"article:modified_time\" content=\"2023-05-29T10:19:34+00:00\" \/>\n<meta property=\"og:image\" content=\"https:\/\/www.movistar.es\/blog\/wp-content\/uploads\/sites\/3\/2022\/01\/movistar-es-unete-400-mil-clientes-confian-en-seguridad-nube-movistar.jpg\" \/>\n\t<meta property=\"og:image:width\" content=\"1040\" \/>\n\t<meta property=\"og:image:height\" content=\"650\" \/>\n\t<meta property=\"og:image:type\" content=\"image\/jpeg\" \/>\n<meta name=\"author\" content=\"Luis Vega de la Fuente\" \/>\n<meta name=\"twitter:card\" content=\"summary_large_image\" \/>\n<meta name=\"twitter:label1\" content=\"Written by\" \/>\n\t<meta name=\"twitter:data1\" content=\"Luis Vega de la Fuente\" \/>\n\t<meta name=\"twitter:label2\" content=\"Est. reading time\" \/>\n\t<meta name=\"twitter:data2\" content=\"4 minutos\" \/>\n<script type=\"application\/ld+json\" class=\"yoast-schema-graph\">{\"@context\":\"https:\/\/schema.org\",\"@graph\":[{\"@type\":\"Article\",\"@id\":\"https:\/\/www.movistar.es\/blog\/movistar-cloud\/nube-movistar-cuenta-con-300k-clientes\/#article\",\"isPartOf\":{\"@id\":\"https:\/\/www.movistar.es\/blog\/movistar-cloud\/nube-movistar-cuenta-con-300k-clientes\/\"},\"author\":{\"name\":\"Luis Vega de la Fuente\",\"@id\":\"https:\/\/www.movistar.es\/blog\/#\/schema\/person\/ec0a6edc14ea8ce22275d2385493318e\"},\"headline\":\"\u00danete a los 400.000 clientes que conf\u00edan en la seguridad de\u00a0la\u00a0nube Movistar\",\"datePublished\":\"2022-01-27T12:00:00+00:00\",\"dateModified\":\"2023-05-29T10:19:34+00:00\",\"mainEntityOfPage\":{\"@id\":\"https:\/\/www.movistar.es\/blog\/movistar-cloud\/nube-movistar-cuenta-con-300k-clientes\/\"},\"wordCount\":872,\"publisher\":{\"@id\":\"https:\/\/www.movistar.es\/blog\/#organization\"},\"image\":{\"@id\":\"https:\/\/www.movistar.es\/blog\/movistar-cloud\/nube-movistar-cuenta-con-300k-clientes\/#primaryimage\"},\"thumbnailUrl\":\"https:\/\/www.movistar.es\/blog\/wp-content\/uploads\/sites\/3\/2022\/01\/movistar-es-unete-400-mil-clientes-confian-en-seguridad-nube-movistar.jpg\",\"keywords\":[\"almacenamiento en la nube\",\"Movistar\"],\"inLanguage\":\"es\"},{\"@type\":\"WebPage\",\"@id\":\"https:\/\/www.movistar.es\/blog\/movistar-cloud\/nube-movistar-cuenta-con-300k-clientes\/\",\"url\":\"https:\/\/www.movistar.es\/blog\/movistar-cloud\/nube-movistar-cuenta-con-300k-clientes\/\",\"name\":\"Ya son 300.000 clientes que conf\u00edan en la seguridad de la nube Movistar\",\"isPartOf\":{\"@id\":\"https:\/\/www.movistar.es\/blog\/#website\"},\"primaryImageOfPage\":{\"@id\":\"https:\/\/www.movistar.es\/blog\/movistar-cloud\/nube-movistar-cuenta-con-300k-clientes\/#primaryimage\"},\"image\":{\"@id\":\"https:\/\/www.movistar.es\/blog\/movistar-cloud\/nube-movistar-cuenta-con-300k-clientes\/#primaryimage\"},\"thumbnailUrl\":\"https:\/\/www.movistar.es\/blog\/wp-content\/uploads\/sites\/3\/2022\/01\/movistar-es-unete-400-mil-clientes-confian-en-seguridad-nube-movistar.jpg\",\"datePublished\":\"2022-01-27T12:00:00+00:00\",\"dateModified\":\"2023-05-29T10:19:34+00:00\",\"description\":\"Almacena de forma gratuita y sin l\u00edmite tus archivos gracias a la nube Movistar y disfr\u00fatalos a lo grande en Movistar Plus+.\",\"breadcrumb\":{\"@id\":\"https:\/\/www.movistar.es\/blog\/movistar-cloud\/nube-movistar-cuenta-con-300k-clientes\/#breadcrumb\"},\"inLanguage\":\"es\",\"potentialAction\":[{\"@type\":\"ReadAction\",\"target\":[\"https:\/\/www.movistar.es\/blog\/movistar-cloud\/nube-movistar-cuenta-con-300k-clientes\/\"]}]},{\"@type\":\"ImageObject\",\"inLanguage\":\"es\",\"@id\":\"https:\/\/www.movistar.es\/blog\/movistar-cloud\/nube-movistar-cuenta-con-300k-clientes\/#primaryimage\",\"url\":\"https:\/\/www.movistar.es\/blog\/wp-content\/uploads\/sites\/3\/2022\/01\/movistar-es-unete-400-mil-clientes-confian-en-seguridad-nube-movistar.jpg\",\"contentUrl\":\"https:\/\/www.movistar.es\/blog\/wp-content\/uploads\/sites\/3\/2022\/01\/movistar-es-unete-400-mil-clientes-confian-en-seguridad-nube-movistar.jpg\",\"width\":1040,\"height\":650},{\"@type\":\"BreadcrumbList\",\"@id\":\"https:\/\/www.movistar.es\/blog\/movistar-cloud\/nube-movistar-cuenta-con-300k-clientes\/#breadcrumb\",\"itemListElement\":[{\"@type\":\"ListItem\",\"position\":1,\"name\":\"Home\",\"item\":\"https:\/\/www.movistar.es\/blog\/\"},{\"@type\":\"ListItem\",\"position\":2,\"name\":\"\u00danete a los 400.000 clientes que conf\u00edan en la seguridad de\u00a0la\u00a0nube Movistar\"}]},{\"@type\":\"WebSite\",\"@id\":\"https:\/\/www.movistar.es\/blog\/#website\",\"url\":\"https:\/\/www.movistar.es\/blog\/\",\"name\":\"Movistar blog\",\"description\":\"Movistar Blog. Informaci\u00f3n y m\u00e1s sobre los productos y servicios de Movistar\",\"publisher\":{\"@id\":\"https:\/\/www.movistar.es\/blog\/#organization\"},\"potentialAction\":[{\"@type\":\"SearchAction\",\"target\":{\"@type\":\"EntryPoint\",\"urlTemplate\":\"https:\/\/www.movistar.es\/blog\/?s={search_term_string}\"},\"query-input\":{\"@type\":\"PropertyValueSpecification\",\"valueRequired\":true,\"valueName\":\"search_term_string\"}}],\"inLanguage\":\"es\"},{\"@type\":\"Organization\",\"@id\":\"https:\/\/www.movistar.es\/blog\/#organization\",\"name\":\"Movistar blog\",\"url\":\"https:\/\/www.movistar.es\/blog\/\",\"logo\":{\"@type\":\"ImageObject\",\"inLanguage\":\"es\",\"@id\":\"https:\/\/www.movistar.es\/blog\/#\/schema\/logo\/image\/\",\"url\":\"https:\/\/www.movistar.es\/blog\/wp-content\/uploads\/sites\/3\/2022\/05\/logo_movistar-1.svg\",\"contentUrl\":\"https:\/\/www.movistar.es\/blog\/wp-content\/uploads\/sites\/3\/2022\/05\/logo_movistar-1.svg\",\"width\":369,\"height\":272,\"caption\":\"Movistar blog\"},\"image\":{\"@id\":\"https:\/\/www.movistar.es\/blog\/#\/schema\/logo\/image\/\"}},{\"@type\":\"Person\",\"@id\":\"https:\/\/www.movistar.es\/blog\/#\/schema\/person\/ec0a6edc14ea8ce22275d2385493318e\",\"name\":\"Luis Vega de la Fuente\",\"image\":{\"@type\":\"ImageObject\",\"inLanguage\":\"es\",\"@id\":\"https:\/\/www.movistar.es\/blog\/#\/schema\/person\/image\/6bec7c41817d190de953829519cb2415\",\"url\":\"https:\/\/secure.gravatar.com\/avatar\/5f0496710cb6aaa01a41c810c7f2724c41d4e4d3e72b4ba9cd998942016a208b\",\"contentUrl\":\"https:\/\/secure.gravatar.com\/avatar\/5f0496710cb6aaa01a41c810c7f2724c41d4e4d3e72b4ba9cd998942016a208b\",\"caption\":\"Luis Vega de la Fuente\"},\"description\":\"Me gustan el marketing y la tecnolog\u00eda. Es por ello que me dedico a ambas cosas. Escribir me permite compartir ideas y conocimientos con otras personas.\",\"sameAs\":[\"https:\/\/www.linkedin.com\/in\/luisesvega\/\"],\"knowsAbout\":[\"Cloud\"],\"url\":\"https:\/\/www.movistar.es\/blog\/author\/luisvegadelafuente\/\"}]}<\/script>\n<!-- \/ Yoast SEO Premium plugin. -->","yoast_head_json":{"title":"Ya son 300.000 clientes que conf\u00edan en la seguridad de la nube Movistar","description":"Almacena de forma gratuita y sin l\u00edmite tus archivos gracias a la nube Movistar y disfr\u00fatalos a lo grande en Movistar Plus+.","robots":{"index":"index","follow":"follow","max-snippet":"max-snippet:-1","max-image-preview":"max-image-preview:large","max-video-preview":"max-video-preview:-1"},"canonical":"https:\/\/www.movistar.es\/blog\/movistar-cloud\/nube-movistar-cuenta-con-300k-clientes\/","og_locale":"es_ES","og_type":"article","og_title":"\u00danete a los 400.000 clientes que conf\u00edan en la seguridad de\u00a0la\u00a0nube Movistar","og_description":"Almacena de forma gratuita y sin l\u00edmite tus archivos gracias a la nube Movistar y disfr\u00fatalos a lo grande en Movistar Plus+.","og_url":"https:\/\/www.movistar.es\/blog\/movistar-cloud\/nube-movistar-cuenta-con-300k-clientes\/","og_site_name":"Movistar blog","article_published_time":"2022-01-27T12:00:00+00:00","article_modified_time":"2023-05-29T10:19:34+00:00","og_image":[{"width":1040,"height":650,"url":"https:\/\/www.movistar.es\/blog\/wp-content\/uploads\/sites\/3\/2022\/01\/movistar-es-unete-400-mil-clientes-confian-en-seguridad-nube-movistar.jpg","type":"image\/jpeg"}],"author":"Luis Vega de la Fuente","twitter_card":"summary_large_image","twitter_misc":{"Written by":"Luis Vega de la Fuente","Est. reading time":"4 minutos"},"schema":{"@context":"https:\/\/schema.org","@graph":[{"@type":"Article","@id":"https:\/\/www.movistar.es\/blog\/movistar-cloud\/nube-movistar-cuenta-con-300k-clientes\/#article","isPartOf":{"@id":"https:\/\/www.movistar.es\/blog\/movistar-cloud\/nube-movistar-cuenta-con-300k-clientes\/"},"author":{"name":"Luis Vega de la Fuente","@id":"https:\/\/www.movistar.es\/blog\/#\/schema\/person\/ec0a6edc14ea8ce22275d2385493318e"},"headline":"\u00danete a los 400.000 clientes que conf\u00edan en la seguridad de\u00a0la\u00a0nube Movistar","datePublished":"2022-01-27T12:00:00+00:00","dateModified":"2023-05-29T10:19:34+00:00","mainEntityOfPage":{"@id":"https:\/\/www.movistar.es\/blog\/movistar-cloud\/nube-movistar-cuenta-con-300k-clientes\/"},"wordCount":872,"publisher":{"@id":"https:\/\/www.movistar.es\/blog\/#organization"},"image":{"@id":"https:\/\/www.movistar.es\/blog\/movistar-cloud\/nube-movistar-cuenta-con-300k-clientes\/#primaryimage"},"thumbnailUrl":"https:\/\/www.movistar.es\/blog\/wp-content\/uploads\/sites\/3\/2022\/01\/movistar-es-unete-400-mil-clientes-confian-en-seguridad-nube-movistar.jpg","keywords":["almacenamiento en la nube","Movistar"],"inLanguage":"es"},{"@type":"WebPage","@id":"https:\/\/www.movistar.es\/blog\/movistar-cloud\/nube-movistar-cuenta-con-300k-clientes\/","url":"https:\/\/www.movistar.es\/blog\/movistar-cloud\/nube-movistar-cuenta-con-300k-clientes\/","name":"Ya son 300.000 clientes que conf\u00edan en la seguridad de la nube Movistar","isPartOf":{"@id":"https:\/\/www.movistar.es\/blog\/#website"},"primaryImageOfPage":{"@id":"https:\/\/www.movistar.es\/blog\/movistar-cloud\/nube-movistar-cuenta-con-300k-clientes\/#primaryimage"},"image":{"@id":"https:\/\/www.movistar.es\/blog\/movistar-cloud\/nube-movistar-cuenta-con-300k-clientes\/#primaryimage"},"thumbnailUrl":"https:\/\/www.movistar.es\/blog\/wp-content\/uploads\/sites\/3\/2022\/01\/movistar-es-unete-400-mil-clientes-confian-en-seguridad-nube-movistar.jpg","datePublished":"2022-01-27T12:00:00+00:00","dateModified":"2023-05-29T10:19:34+00:00","description":"Almacena de forma gratuita y sin l\u00edmite tus archivos gracias a la nube Movistar y disfr\u00fatalos a lo grande en Movistar Plus+.","breadcrumb":{"@id":"https:\/\/www.movistar.es\/blog\/movistar-cloud\/nube-movistar-cuenta-con-300k-clientes\/#breadcrumb"},"inLanguage":"es","potentialAction":[{"@type":"ReadAction","target":["https:\/\/www.movistar.es\/blog\/movistar-cloud\/nube-movistar-cuenta-con-300k-clientes\/"]}]},{"@type":"ImageObject","inLanguage":"es","@id":"https:\/\/www.movistar.es\/blog\/movistar-cloud\/nube-movistar-cuenta-con-300k-clientes\/#primaryimage","url":"https:\/\/www.movistar.es\/blog\/wp-content\/uploads\/sites\/3\/2022\/01\/movistar-es-unete-400-mil-clientes-confian-en-seguridad-nube-movistar.jpg","contentUrl":"https:\/\/www.movistar.es\/blog\/wp-content\/uploads\/sites\/3\/2022\/01\/movistar-es-unete-400-mil-clientes-confian-en-seguridad-nube-movistar.jpg","width":1040,"height":650},{"@type":"BreadcrumbList","@id":"https:\/\/www.movistar.es\/blog\/movistar-cloud\/nube-movistar-cuenta-con-300k-clientes\/#breadcrumb","itemListElement":[{"@type":"ListItem","position":1,"name":"Home","item":"https:\/\/www.movistar.es\/blog\/"},{"@type":"ListItem","position":2,"name":"\u00danete a los 400.000 clientes que conf\u00edan en la seguridad de\u00a0la\u00a0nube Movistar"}]},{"@type":"WebSite","@id":"https:\/\/www.movistar.es\/blog\/#website","url":"https:\/\/www.movistar.es\/blog\/","name":"Movistar blog","description":"Movistar Blog. Informaci\u00f3n y m\u00e1s sobre los productos y servicios de Movistar","publisher":{"@id":"https:\/\/www.movistar.es\/blog\/#organization"},"potentialAction":[{"@type":"SearchAction","target":{"@type":"EntryPoint","urlTemplate":"https:\/\/www.movistar.es\/blog\/?s={search_term_string}"},"query-input":{"@type":"PropertyValueSpecification","valueRequired":true,"valueName":"search_term_string"}}],"inLanguage":"es"},{"@type":"Organization","@id":"https:\/\/www.movistar.es\/blog\/#organization","name":"Movistar blog","url":"https:\/\/www.movistar.es\/blog\/","logo":{"@type":"ImageObject","inLanguage":"es","@id":"https:\/\/www.movistar.es\/blog\/#\/schema\/logo\/image\/","url":"https:\/\/www.movistar.es\/blog\/wp-content\/uploads\/sites\/3\/2022\/05\/logo_movistar-1.svg","contentUrl":"https:\/\/www.movistar.es\/blog\/wp-content\/uploads\/sites\/3\/2022\/05\/logo_movistar-1.svg","width":369,"height":272,"caption":"Movistar blog"},"image":{"@id":"https:\/\/www.movistar.es\/blog\/#\/schema\/logo\/image\/"}},{"@type":"Person","@id":"https:\/\/www.movistar.es\/blog\/#\/schema\/person\/ec0a6edc14ea8ce22275d2385493318e","name":"Luis Vega de la Fuente","image":{"@type":"ImageObject","inLanguage":"es","@id":"https:\/\/www.movistar.es\/blog\/#\/schema\/person\/image\/6bec7c41817d190de953829519cb2415","url":"https:\/\/secure.gravatar.com\/avatar\/5f0496710cb6aaa01a41c810c7f2724c41d4e4d3e72b4ba9cd998942016a208b","contentUrl":"https:\/\/secure.gravatar.com\/avatar\/5f0496710cb6aaa01a41c810c7f2724c41d4e4d3e72b4ba9cd998942016a208b","caption":"Luis Vega de la Fuente"},"description":"Me gustan el marketing y la tecnolog\u00eda. Es por ello que me dedico a ambas cosas. Escribir me permite compartir ideas y conocimientos con otras personas.","sameAs":["https:\/\/www.linkedin.com\/in\/luisesvega\/"],"knowsAbout":["Cloud"],"url":"https:\/\/www.movistar.es\/blog\/author\/luisvegadelafuente\/"}]}},"jetpack_featured_media_url":"https:\/\/www.movistar.es\/blog\/wp-content\/uploads\/sites\/3\/2022\/01\/movistar-es-unete-400-mil-clientes-confian-en-seguridad-nube-movistar.jpg","jetpack_sharing_enabled":true,"_links":{"self":[{"href":"https:\/\/www.movistar.es\/blog\/wp-json\/wp\/v2\/posts\/2859","targetHints":{"allow":["GET"]}}],"collection":[{"href":"https:\/\/www.movistar.es\/blog\/wp-json\/wp\/v2\/posts"}],"about":[{"href":"https:\/\/www.movistar.es\/blog\/wp-json\/wp\/v2\/types\/post"}],"author":[{"embeddable":true,"href":"https:\/\/www.movistar.es\/blog\/wp-json\/wp\/v2\/users\/127"}],"replies":[{"embeddable":true,"href":"https:\/\/www.movistar.es\/blog\/wp-json\/wp\/v2\/comments?post=2859"}],"version-history":[{"count":4,"href":"https:\/\/www.movistar.es\/blog\/wp-json\/wp\/v2\/posts\/2859\/revisions"}],"predecessor-version":[{"id":13514,"href":"https:\/\/www.movistar.es\/blog\/wp-json\/wp\/v2\/posts\/2859\/revisions\/13514"}],"wp:featuredmedia":[{"embeddable":true,"href":"https:\/\/www.movistar.es\/blog\/wp-json\/wp\/v2\/media\/12807"}],"wp:attachment":[{"href":"https:\/\/www.movistar.es\/blog\/wp-json\/wp\/v2\/media?parent=2859"}],"wp:term":[{"taxonomy":"category","embeddable":true,"href":"https:\/\/www.movistar.es\/blog\/wp-json\/wp\/v2\/categories?post=2859"},{"taxonomy":"post_tag","embeddable":true,"href":"https:\/\/www.movistar.es\/blog\/wp-json\/wp\/v2\/tags?post=2859"},{"taxonomy":"area","embeddable":true,"href":"https:\/\/www.movistar.es\/blog\/wp-json\/wp\/v2\/area?post=2859"},{"taxonomy":"cluster","embeddable":true,"href":"https:\/\/www.movistar.es\/blog\/wp-json\/wp\/v2\/cluster?post=2859"},{"taxonomy":"linea_editorial","embeddable":true,"href":"https:\/\/www.movistar.es\/blog\/wp-json\/wp\/v2\/linea_editorial?post=2859"},{"taxonomy":"author","embeddable":true,"href":"https:\/\/www.movistar.es\/blog\/wp-json\/wp\/v2\/coauthors?post=2859"}],"curies":[{"name":"wp","href":"https:\/\/api.w.org\/{rel}","templated":true}]}}