{"id":2837,"date":"2022-04-20T08:28:00","date_gmt":"2022-04-20T06:28:00","guid":{"rendered":"https:\/\/www.movistar.es\/blog\/estrenos-movistar-2022\/"},"modified":"2023-01-18T12:51:08","modified_gmt":"2023-01-18T11:51:08","slug":"estrenos-series-movistar-2022","status":"publish","type":"post","link":"https:\/\/www.movistar.es\/blog\/movistar-plus\/estrenos-series-movistar-2022\/","title":{"rendered":"Series de Movistar en 2022"},"content":{"rendered":"\n<p>2022 ha llegado plagado de <strong>estrenos de  series <\/strong>en <a href=\"https:\/\/www.movistar.es\/blog\/movistar-plus\/entretenimiento-en-el-hogar-apps-movistar-plus\/\" target=\"_blank\" rel=\"noreferrer noopener\">Movistar Plus+<\/a>. Estamos seguros que ninguna de estas series de producci\u00f3n original te va a dejar indiferente. Si a\u00fan no te tienes la televisi\u00f3n de Movistar, no dudes que estas son <a href=\"https:\/\/www.movistar.es\/particulares\/movistarplus?pid=blogmovistar_movistarplus_2837\" target=\"_blank\" rel=\"noreferrer noopener\">muy buenas razones para contratarla. <\/a><\/p>\n\n\n\n<p>Estas nuevas producciones que podremos disfrutar a lo largo de este a\u00f1o incluyen grandes estrenos de series de ficci\u00f3n y factual. Desde el documental que recoge la carrera de Raphael, el estreno de &#8216;<em>Todos mienten<\/em>&#8216;, ficci\u00f3n creada y dirigida por Pau Freixas, o de &#8216;<em>Rapa<\/em>&#8216;, protagonizada por Javier C\u00e1mara. Si quieres estar al d\u00eda de los <strong>estrenos 2022 de Movistar+<\/strong>, \u00a1sigue leyendo!<\/p>\n\n\n\n<h2 class=\"wp-block-heading\" id=\"h-series-originales-de-estreno-en-movistar-plus\">Series originales de estreno en Movistar Plus+<\/h2>\n\n\n\n<p>Del total de los estrenos de series Movistar destacan<strong> nuevas ficciones y cuatro regresos<\/strong>, siendo estos t\u00edtulos los oficiales para los pr\u00f3ximos meses, aunque siempre a la espera de pr\u00f3ximos estrenos.<\/p>\n\n\n\n<h2 class=\"wp-block-heading\" id=\"h-apagon-septiembre\">&#8216;<em>Apag\u00f3n<\/em>&#8216; (septiembre)<\/h2>\n\n\n\n<p>Esta <a href=\"https:\/\/www.movistar.es\/blog\/movistar-plus\/apagon\/\">nueva ficci\u00f3n, tambi\u00e9n, original de Movistar+ contar\u00e1<\/a> con los directores<strong> Rodrigo Sorogoyen, Ra\u00fal Ar\u00e9valo, Isa Campo, Alberto Rodr\u00edguez e Isaki Lacuesta<\/strong> en sus cinco cap\u00edtulos.<\/p>\n\n\n\n<figure class=\"wp-block-embed is-type-video is-provider-youtube wp-block-embed-youtube wp-embed-aspect-16-9 wp-has-aspect-ratio\"><div class=\"wp-block-embed__wrapper\">\n<div class=\"wp-block-embed__wrapper\"><div class=\"ast-oembed-container \" style=\"height: 100%;\"><iframe loading=\"lazy\" title=\"Apag\u00f3n: Teaser Oficial | Movistar Plus+\" width=\"1040\" height=\"585\" src=\"https:\/\/www.youtube.com\/embed\/u7QangyZtn0?feature=oembed\" frameborder=\"0\" allow=\"accelerometer; autoplay; clipboard-write; encrypted-media; gyroscope; picture-in-picture; web-share\" referrerpolicy=\"strict-origin-when-cross-origin\" allowfullscreen><\/iframe><\/div><\/div>\n<\/div><\/figure>\n\n\n\n<p>La serie est\u00e1 basada en el podcast &#8216;<em>El gran apag\u00f3n<\/em>&#8216; de Jos\u00e9 A. P\u00e9rez de Ledo, donde el equipo crea cinco historias diferentes, pero conectadas entre s\u00ed, en una nueva realidad tras una tormenta solar que provoca un <strong>apag\u00f3n energ\u00e9tico<\/strong>.<\/p>\n\n\n\n<h2 class=\"wp-block-heading\" id=\"h-el-inmortal-27-de-octubre\">&#8216;<em>El Inmortal<\/em>&#8216; (27 de octubre)<\/h2>\n\n\n\n<p>El protagonista de esta nueva serie es <strong>\u00c1lex Garc\u00eda<\/strong>, cuya trama retrocede hasta los a\u00f1os 90 para narrar <strong>la historia del jefe de \u00abLos Miami\u00bb<\/strong>, la banda que durante mucho tiempo centro la atenci\u00f3n medi\u00e1tica por controlar el tr\u00e1fico de coca\u00edna y las discotecas de Madrid.<\/p>\n\n\n\n<p>David Ullua y Rafa Montesinos dirigen los los cap\u00edtulos que han escrito Diego Sotelo y David Moreno. Junto a \u00c1lex completan el reparto <strong>Jon Kortajarena, Francis Lorenzo, Emilio Palacion<\/strong>, etc.<\/p>\n\n\n\n<figure class=\"wp-block-embed is-type-video is-provider-youtube wp-block-embed-youtube wp-embed-aspect-16-9 wp-has-aspect-ratio\"><div class=\"wp-block-embed__wrapper\">\n<div class=\"wp-block-embed__wrapper\"><div class=\"ast-oembed-container \" style=\"height: 100%;\"><iframe loading=\"lazy\" title=\"El Inmortal \u2013 Making of | Movistar+\" width=\"1040\" height=\"585\" src=\"https:\/\/www.youtube.com\/embed\/mAqZxjdqdj0?feature=oembed\" frameborder=\"0\" allow=\"accelerometer; autoplay; clipboard-write; encrypted-media; gyroscope; picture-in-picture; web-share\" referrerpolicy=\"strict-origin-when-cross-origin\" allowfullscreen><\/iframe><\/div><\/div>\n<\/div><\/figure>\n\n\n\n<p>Una historia de traici\u00f3n, de ambici\u00f3n desmedida y de b\u00fasqueda de dinero f\u00e1cil, ambientada en el Madrid de la d\u00e9cada de los 90. Excesos, noches sin fin y m\u00fasica techno.<\/p>\n\n\n\n<h3 class=\"wp-block-heading\" id=\"h-cuando-quieras-en-cualquier-dispositivo-ya-puedes-ver-estas-otras\">Cuando quieras, en cualquier dispositivo, ya puedes ver estas otras:<\/h3>\n\n\n\n<h2 class=\"wp-block-heading\" id=\"h-raphaelismo\">&#8216;<em>Raphaelismo&#8217; <\/em><\/h2>\n\n\n\n<p>Los cuatro episodios de esta serie documental recogen los sesenta a\u00f1os de<strong> carrera musical del artista Raphael<\/strong>. Los creadores, directores y productores de esta docuserie son Charlie Arnaiz y Alberto Ortega, de Dad\u00e1 Films &amp; Entertainment, nominados al Goya por &#8216;<em>Anatom\u00eda de un Dandy<\/em>&#8216; (2020).<\/p>\n\n\n\n<p>En el documental veremos a miembros del c\u00edrculo m\u00e1s cercano del cantante, como su mujer, Natalia Figueroa y sus tres hijos. Adem\u00e1s, seremos testigos del <strong>archivo fotogr\u00e1fico y audiovisual in\u00e9dito <\/strong>de la vida Raphael.<\/p>\n\n\n\n<figure class=\"wp-block-embed is-type-video is-provider-youtube wp-block-embed-youtube wp-embed-aspect-16-9 wp-has-aspect-ratio\"><div class=\"wp-block-embed__wrapper\">\n<div class=\"wp-block-embed__wrapper\"><div class=\"ast-oembed-container \" style=\"height: 100%;\"><iframe loading=\"lazy\" title=\"Raphaelismo - Trailer | Movistar+\" width=\"1040\" height=\"585\" src=\"https:\/\/www.youtube.com\/embed\/V1hAdjb0iU8?feature=oembed\" frameborder=\"0\" allow=\"accelerometer; autoplay; clipboard-write; encrypted-media; gyroscope; picture-in-picture; web-share\" referrerpolicy=\"strict-origin-when-cross-origin\" allowfullscreen><\/iframe><\/div><\/div>\n<\/div><\/figure>\n\n\n\n<h2 class=\"wp-block-heading\" id=\"h-todos-mienten\">&#8216;<em>Todos mienten<\/em>&#8216; <\/h2>\n\n\n\n<p>El creador de series como &#8216;<em>Pulseras Rojas<\/em>&#8216; o &#8216;<em>S\u00e9 qui\u00e9n eres<\/em>&#8216;, <strong>Pau Freixas<\/strong>, vuelve a las pantallas con esta nueva ficci\u00f3n. Irene Arcos, Lucas Nabor, Natalia Verbeke, Miren Ibarguren, Amaia Salamanca, entre otros, protagonizan esta <strong>miniserie de seis episodios<\/strong>.<\/p>\n\n\n\n<figure class=\"wp-block-embed is-type-video is-provider-youtube wp-block-embed-youtube wp-embed-aspect-16-9 wp-has-aspect-ratio\"><div class=\"wp-block-embed__wrapper\">\n<div class=\"wp-block-embed__wrapper\"><div class=\"ast-oembed-container \" style=\"height: 100%;\"><iframe loading=\"lazy\" title=\"&#039;Todos mienten&#039; - Teaser | Movistar +\" width=\"1040\" height=\"585\" src=\"https:\/\/www.youtube.com\/embed\/SY4UkF2ulhQ?feature=oembed\" frameborder=\"0\" allow=\"accelerometer; autoplay; clipboard-write; encrypted-media; gyroscope; picture-in-picture; web-share\" referrerpolicy=\"strict-origin-when-cross-origin\" allowfullscreen><\/iframe><\/div><\/div>\n<\/div><\/figure>\n\n\n\n<p>El <em>thriller <\/em>se desarrolla en torno a un asesinato que revuelve las entra\u00f1as de un grupo de amigos. Seg\u00fan palabras de Freixas, \u00abla ficci\u00f3n funciona como un puzle, un jerogl\u00edfico de misterio, igual que la cabeza de nuestras protagonistas, pero cuando consigamos entenderlas, veremos que m\u00e1s all\u00e1 de <strong>juicios morales, sus miedos y sus ilusiones se parecen mucho a los nuestros<\/strong>\u00ab.<\/p>\n\n\n\n<h2 class=\"wp-block-heading\" id=\"h-sentimos-las-molestias\">&#8216;<em>Sentimos las molestias<\/em>&#8216; <\/h2>\n\n\n\n<p>Los creadores de <em>&#8216;Verg\u00fcenza<\/em>&#8216;, Juan Cavestany y \u00c1lvaro Fern\u00e1ndez-Armero, apuestan por esta nueva <strong>comedia dram\u00e1tica protagonizada por Miguel Rell\u00e1n y Antonio Resines<\/strong>. <\/p>\n\n\n\n<p>El argumento de esta serie, de seis episodios de media hora cada uno, se desarrolla alrededor de una de las cuestiones m\u00e1s presentes dentro de la sociedad: <strong>hacerse mayor siendo joven<\/strong>.<\/p>\n\n\n\n<figure class=\"wp-block-image size-full\"><img decoding=\"async\" src=\"https:\/\/www.movistar.es\/blog\/wp-content\/uploads\/sites\/3\/2022\/04\/sentimos-las-molestias-making20210615_4-1-1024x683-1.jpg\" alt=\"estrenos series Movistar\" class=\"wp-image-203425\"\/><figcaption>Imagen de <a href=\"https:\/\/www.movistar.es\/particulares\/movistarplus?pid=blogmovistar_movistarplus_2837\" target=\"_blank\" rel=\"noreferrer noopener\">Movistar Plus+<\/a><\/figcaption><\/figure>\n\n\n\n<h2 class=\"wp-block-heading\" id=\"h-rapa\">&#8216;<em>Rapa<\/em>&#8216;<\/h2>\n\n\n\n<p>Los creadores de &#8216;<em>Hierro<\/em>&#8216;, Pepe Coira, Fran Ara\u00fajo y Jorge Coira, se lanzan con esta nueva ficci\u00f3n de suspense que cuenta con <strong>Javier C\u00e1mara y M\u00f3nica L\u00f3pez<\/strong> como protagonistas. La serie est\u00e1 compuesta por seis cap\u00edtulos y se desarrolla en torno a un asesinato: el de la alcaldesa de un pueblo gallego.<\/p>\n\n\n\n<figure class=\"wp-block-embed is-type-video is-provider-youtube wp-block-embed-youtube wp-embed-aspect-16-9 wp-has-aspect-ratio\"><div class=\"wp-block-embed__wrapper\">\n<div class=\"wp-block-embed__wrapper\"><div class=\"ast-oembed-container \" style=\"height: 100%;\"><iframe loading=\"lazy\" title=\"Rapa: Teaser Oficial | Movistar Plus+\" width=\"1040\" height=\"585\" src=\"https:\/\/www.youtube.com\/embed\/JYfQYLdUcFU?feature=oembed\" frameborder=\"0\" allow=\"accelerometer; autoplay; clipboard-write; encrypted-media; gyroscope; picture-in-picture; web-share\" referrerpolicy=\"strict-origin-when-cross-origin\" allowfullscreen><\/iframe><\/div><\/div>\n<\/div><\/figure>\n\n\n\n<p>Puedes ver la<a href=\"https:\/\/ver.movistarplus.es\/ficha\/rapa\/?id=1891981&amp;mediaType=FOTOV&amp;profile=OTT&amp;mode=VODRU7D&amp;version=7.1&amp;tlsStream=true&amp;mdrm=true&amp;demarcation=19&amp;filterQuality=HD&amp;id_perfil=OTT&amp;suscripcion=UT-ODAZN%2CUT-POCSO%2CUT-TELCO%2CUT-UTE0H%2CUT-UTX0Y%2CUT-UTXB5%2CUT-UTXCN&amp;network=movistarplus&amp;ui=FICCIO\" target=\"_blank\" rel=\"noreferrer noopener\"> temporada completa<\/a> en cualquier dispositivo de Movistar Plus+<\/p>\n\n\n\n<h2 class=\"wp-block-heading\" id=\"h-esperadas-nuevas-temporadas\">Esperadas nuevas temporadas<\/h2>\n\n\n\n<p><a href=\"https:\/\/ver.movistarplus.es\/ficha\/la-unidad\/?id=1515197&amp;mediaType=FOTOV&amp;profile=OTT&amp;mode=VODRU7D&amp;version=7.1&amp;tlsStream=true&amp;mdrm=true&amp;demarcation=19&amp;filterQuality=HD&amp;id_perfil=OTT&amp;suscripcion=UT-ODAZN%2CUT-POCSO%2CUT-TELCO%2CUT-UTE0H%2CUT-UTX0Y%2CUT-UTXB5%2CUT-UTXCN&amp;network=movistarplus&amp;ui=FICCIO\" target=\"_blank\" rel=\"noreferrer noopener\">&#8216;<em>La Unidad<\/em>&#8216;<\/a>, &#8216;<em>Nasdrovia<\/em>&#8216;, &#8216;Para\u00edso&#8217; y &#8216;<em>Supernormal<\/em>&#8216;, en originales, son estrenos series de Movistar que tuvieron \u00e9xito entre el p\u00fablico seri\u00e9filo y vuelven con segundas temporadas, cargadas de<strong> nuevas tramas y personajes<\/strong>. Y no nos podemos olvidar de las series documentales, como &#8216;<em>Cr\u00edmenes, de Carles Porta<\/em>&#8216; (principios de enero) y &#8216;<em>Planeta Verde<\/em>&#8216;.<\/p>\n\n\n\n<p>En cuanto a las <strong>series internacionales<\/strong>, vuelve &#8216;<em>Outlander<\/em>&#8216; (sexta temporada), &#8216;<em>Billions<\/em>&#8216; (sexta temporada) y &#8216;<em>El descubrimiento de las brujas<\/em>&#8216; (tercera temporada), adem\u00e1s de estrenos, como la ficci\u00f3n brit\u00e1nica &#8216;<em>The Responder<\/em>&#8216;.<\/p>\n\n\n\n<p>Si a\u00fan no tienes la televisi\u00f3n de Movistar Plus+, nunca es tarde para contratarla o elegir tu opci\u00f3n: series, cine, deporte, f\u00fatbol\u2026 <a href=\"https:\/\/www.movistar.es\/particulares\/movistarplus?pid=blogmovistar_movistarplus_2837\" target=\"_blank\" rel=\"noreferrer noopener\">Descubre todo lo que te ofrece.<\/a><\/p>\n","protected":false},"excerpt":{"rendered":"<p>2022 ha llegado plagado de estrenos de series en Movistar Plus+. Estamos seguros que ninguna de estas series de producci\u00f3n original te va a dejar indiferente. Si a\u00fan no te tienes la televisi\u00f3n de Movistar, [&hellip;]<\/p>\n","protected":false},"author":112,"featured_media":5808,"comment_status":"closed","ping_status":"closed","sticky":false,"template":"","format":"standard","meta":{"site-sidebar-layout":"default","site-content-layout":"","ast-site-content-layout":"","site-content-style":"default","site-sidebar-style":"default","ast-global-header-display":"","ast-banner-title-visibility":"","ast-main-header-display":"","ast-hfb-above-header-display":"","ast-hfb-below-header-display":"","ast-hfb-mobile-header-display":"","site-post-title":"","ast-breadcrumbs-content":"","ast-featured-img":"","footer-sml-layout":"","theme-transparent-header-meta":"","adv-header-id-meta":"","stick-header-meta":"","header-above-stick-meta":"","header-main-stick-meta":"","header-below-stick-meta":"","astra-migrate-meta-layouts":"default","ast-page-background-enabled":"default","ast-page-background-meta":{"desktop":{"background-color":"var(--ast-global-color-4)","background-image":"","background-repeat":"repeat","background-position":"center center","background-size":"auto","background-attachment":"scroll","background-type":"","background-media":"","overlay-type":"","overlay-color":"","overlay-opacity":"","overlay-gradient":""},"tablet":{"background-color":"","background-image":"","background-repeat":"repeat","background-position":"center center","background-size":"auto","background-attachment":"scroll","background-type":"","background-media":"","overlay-type":"","overlay-color":"","overlay-opacity":"","overlay-gradient":""},"mobile":{"background-color":"","background-image":"","background-repeat":"repeat","background-position":"center center","background-size":"auto","background-attachment":"scroll","background-type":"","background-media":"","overlay-type":"","overlay-color":"","overlay-opacity":"","overlay-gradient":""}},"ast-content-background-meta":{"desktop":{"background-color":"var(--ast-global-color-5)","background-image":"","background-repeat":"repeat","background-position":"center center","background-size":"auto","background-attachment":"scroll","background-type":"","background-media":"","overlay-type":"","overlay-color":"","overlay-opacity":"","overlay-gradient":""},"tablet":{"background-color":"var(--ast-global-color-5)","background-image":"","background-repeat":"repeat","background-position":"center center","background-size":"auto","background-attachment":"scroll","background-type":"","background-media":"","overlay-type":"","overlay-color":"","overlay-opacity":"","overlay-gradient":""},"mobile":{"background-color":"var(--ast-global-color-5)","background-image":"","background-repeat":"repeat","background-position":"center center","background-size":"auto","background-attachment":"scroll","background-type":"","background-media":"","overlay-type":"","overlay-color":"","overlay-opacity":"","overlay-gradient":""}},"_jetpack_memberships_contains_paid_content":false,"footnotes":""},"categories":[1],"tags":[163],"area":[190],"cluster":[45],"linea_editorial":[9],"coauthors":[491],"class_list":["post-2837","post","type-post","status-publish","format-standard","has-post-thumbnail","hentry","category-sin-categoria","tag-movistar-estrenos","area-content-movistar","cluster-movistar-plus","linea_editorial-movistar"],"yoast_head":"<!-- This site is optimized with the Yoast SEO Premium plugin v25.5 (Yoast SEO v25.5) - https:\/\/yoast.com\/wordpress\/plugins\/seo\/ -->\n<title>Los estrenos m\u00e1s esperados de Movistar+ en 2022<\/title>\n<meta name=\"description\" content=\"Los estrenos de series de Movistar vienen cargados de apuestas por el cine espa\u00f1ol, con nuevas ficciones y el regreso de nuevas temporadas.\" \/>\n<meta name=\"robots\" content=\"index, follow, max-snippet:-1, max-image-preview:large, max-video-preview:-1\" \/>\n<link rel=\"canonical\" href=\"https:\/\/www.movistar.es\/blog\/movistar-plus\/estrenos-series-movistar-2022\/\" \/>\n<meta property=\"og:locale\" content=\"es_ES\" \/>\n<meta property=\"og:type\" content=\"article\" \/>\n<meta property=\"og:title\" content=\"Series de Movistar en 2022\" \/>\n<meta property=\"og:description\" content=\"Los estrenos de series de Movistar vienen cargados de apuestas por el cine espa\u00f1ol, con nuevas ficciones y el regreso de nuevas temporadas.\" \/>\n<meta property=\"og:url\" content=\"https:\/\/www.movistar.es\/blog\/movistar-plus\/estrenos-series-movistar-2022\/\" \/>\n<meta property=\"og:site_name\" content=\"Movistar blog\" \/>\n<meta property=\"article:published_time\" content=\"2022-04-20T06:28:00+00:00\" \/>\n<meta property=\"article:modified_time\" content=\"2023-01-18T11:51:08+00:00\" \/>\n<meta property=\"og:image\" content=\"https:\/\/www.movistar.es\/blog\/wp-content\/uploads\/sites\/3\/2022\/04\/inmortal_ppal.jpg\" \/>\n\t<meta property=\"og:image:width\" content=\"1040\" \/>\n\t<meta property=\"og:image:height\" content=\"650\" \/>\n\t<meta property=\"og:image:type\" content=\"image\/jpeg\" \/>\n<meta name=\"author\" content=\"Redacci\u00f3n Movistar Plus+\" \/>\n<meta name=\"twitter:card\" content=\"summary_large_image\" \/>\n<meta name=\"twitter:creator\" content=\"@MovistarFutbol\" \/>\n<meta name=\"twitter:label1\" content=\"Written by\" \/>\n\t<meta name=\"twitter:data1\" content=\"Redacci\u00f3n Movistar Plus+\" \/>\n\t<meta name=\"twitter:label2\" content=\"Est. reading time\" \/>\n\t<meta name=\"twitter:data2\" content=\"4 minutos\" \/>\n<script type=\"application\/ld+json\" class=\"yoast-schema-graph\">{\"@context\":\"https:\/\/schema.org\",\"@graph\":[{\"@type\":\"Article\",\"@id\":\"https:\/\/www.movistar.es\/blog\/movistar-plus\/estrenos-series-movistar-2022\/#article\",\"isPartOf\":{\"@id\":\"https:\/\/www.movistar.es\/blog\/movistar-plus\/estrenos-series-movistar-2022\/\"},\"author\":{\"name\":\"Redacci\u00f3n Movistar Plus+\",\"@id\":\"https:\/\/www.movistar.es\/blog\/#\/schema\/person\/189877e959457e9014d2a5e8d6fe946d\"},\"headline\":\"Series de Movistar en 2022\",\"datePublished\":\"2022-04-20T06:28:00+00:00\",\"dateModified\":\"2023-01-18T11:51:08+00:00\",\"mainEntityOfPage\":{\"@id\":\"https:\/\/www.movistar.es\/blog\/movistar-plus\/estrenos-series-movistar-2022\/\"},\"wordCount\":860,\"publisher\":{\"@id\":\"https:\/\/www.movistar.es\/blog\/#organization\"},\"image\":{\"@id\":\"https:\/\/www.movistar.es\/blog\/movistar-plus\/estrenos-series-movistar-2022\/#primaryimage\"},\"thumbnailUrl\":\"https:\/\/www.movistar.es\/blog\/wp-content\/uploads\/sites\/3\/2022\/04\/inmortal_ppal.jpg\",\"keywords\":[\"Movistar Estrenos\"],\"inLanguage\":\"es\"},{\"@type\":\"WebPage\",\"@id\":\"https:\/\/www.movistar.es\/blog\/movistar-plus\/estrenos-series-movistar-2022\/\",\"url\":\"https:\/\/www.movistar.es\/blog\/movistar-plus\/estrenos-series-movistar-2022\/\",\"name\":\"Los estrenos m\u00e1s esperados de Movistar+ en 2022\",\"isPartOf\":{\"@id\":\"https:\/\/www.movistar.es\/blog\/#website\"},\"primaryImageOfPage\":{\"@id\":\"https:\/\/www.movistar.es\/blog\/movistar-plus\/estrenos-series-movistar-2022\/#primaryimage\"},\"image\":{\"@id\":\"https:\/\/www.movistar.es\/blog\/movistar-plus\/estrenos-series-movistar-2022\/#primaryimage\"},\"thumbnailUrl\":\"https:\/\/www.movistar.es\/blog\/wp-content\/uploads\/sites\/3\/2022\/04\/inmortal_ppal.jpg\",\"datePublished\":\"2022-04-20T06:28:00+00:00\",\"dateModified\":\"2023-01-18T11:51:08+00:00\",\"description\":\"Los estrenos de series de Movistar vienen cargados de apuestas por el cine espa\u00f1ol, con nuevas ficciones y el regreso de nuevas temporadas.\",\"breadcrumb\":{\"@id\":\"https:\/\/www.movistar.es\/blog\/movistar-plus\/estrenos-series-movistar-2022\/#breadcrumb\"},\"inLanguage\":\"es\",\"potentialAction\":[{\"@type\":\"ReadAction\",\"target\":[\"https:\/\/www.movistar.es\/blog\/movistar-plus\/estrenos-series-movistar-2022\/\"]}]},{\"@type\":\"ImageObject\",\"inLanguage\":\"es\",\"@id\":\"https:\/\/www.movistar.es\/blog\/movistar-plus\/estrenos-series-movistar-2022\/#primaryimage\",\"url\":\"https:\/\/www.movistar.es\/blog\/wp-content\/uploads\/sites\/3\/2022\/04\/inmortal_ppal.jpg\",\"contentUrl\":\"https:\/\/www.movistar.es\/blog\/wp-content\/uploads\/sites\/3\/2022\/04\/inmortal_ppal.jpg\",\"width\":1040,\"height\":650},{\"@type\":\"BreadcrumbList\",\"@id\":\"https:\/\/www.movistar.es\/blog\/movistar-plus\/estrenos-series-movistar-2022\/#breadcrumb\",\"itemListElement\":[{\"@type\":\"ListItem\",\"position\":1,\"name\":\"Home\",\"item\":\"https:\/\/www.movistar.es\/blog\/\"},{\"@type\":\"ListItem\",\"position\":2,\"name\":\"Series de Movistar en 2022\"}]},{\"@type\":\"WebSite\",\"@id\":\"https:\/\/www.movistar.es\/blog\/#website\",\"url\":\"https:\/\/www.movistar.es\/blog\/\",\"name\":\"Movistar blog\",\"description\":\"Movistar Blog. Informaci\u00f3n y m\u00e1s sobre los productos y servicios de Movistar\",\"publisher\":{\"@id\":\"https:\/\/www.movistar.es\/blog\/#organization\"},\"potentialAction\":[{\"@type\":\"SearchAction\",\"target\":{\"@type\":\"EntryPoint\",\"urlTemplate\":\"https:\/\/www.movistar.es\/blog\/?s={search_term_string}\"},\"query-input\":{\"@type\":\"PropertyValueSpecification\",\"valueRequired\":true,\"valueName\":\"search_term_string\"}}],\"inLanguage\":\"es\"},{\"@type\":\"Organization\",\"@id\":\"https:\/\/www.movistar.es\/blog\/#organization\",\"name\":\"Movistar blog\",\"url\":\"https:\/\/www.movistar.es\/blog\/\",\"logo\":{\"@type\":\"ImageObject\",\"inLanguage\":\"es\",\"@id\":\"https:\/\/www.movistar.es\/blog\/#\/schema\/logo\/image\/\",\"url\":\"https:\/\/www.movistar.es\/blog\/wp-content\/uploads\/sites\/3\/2022\/05\/logo_movistar-1.svg\",\"contentUrl\":\"https:\/\/www.movistar.es\/blog\/wp-content\/uploads\/sites\/3\/2022\/05\/logo_movistar-1.svg\",\"width\":369,\"height\":272,\"caption\":\"Movistar blog\"},\"image\":{\"@id\":\"https:\/\/www.movistar.es\/blog\/#\/schema\/logo\/image\/\"}},{\"@type\":\"Person\",\"@id\":\"https:\/\/www.movistar.es\/blog\/#\/schema\/person\/189877e959457e9014d2a5e8d6fe946d\",\"name\":\"Redacci\u00f3n Movistar Plus+\",\"image\":{\"@type\":\"ImageObject\",\"inLanguage\":\"es\",\"@id\":\"https:\/\/www.movistar.es\/blog\/#\/schema\/person\/image\/e4401217082664b40a1186f7e73afac7\",\"url\":\"https:\/\/secure.gravatar.com\/avatar\/c957f8b2227dcae6bb012530cf347456865c8d81dd6724c0fb6723a2c0a9f9e2\",\"contentUrl\":\"https:\/\/secure.gravatar.com\/avatar\/c957f8b2227dcae6bb012530cf347456865c8d81dd6724c0fb6723a2c0a9f9e2\",\"caption\":\"Redacci\u00f3n Movistar Plus+\"},\"description\":\"Te ayudamos a sacar el m\u00e1ximo partido a la televisi\u00f3n de Movistar Plus+. Para que disfrutes de las mejores pel\u00edculas, deportes, series y la toda la programaci\u00f3n, con una experiencia inigualable gracias a Movistar.\",\"sameAs\":[\"https:\/\/ver.movistarplus.es\/\",\"https:\/\/www.instagram.com\/movistarplus\/?hl=es\",\"https:\/\/www.linkedin.com\/company\/movistarplus\/?originalSubdomain=es\",\"https:\/\/x.com\/MovistarFutbol\"],\"knowsAbout\":[\"series\",\"cine\",\"deportes\",\"televisi\u00f3n\"],\"url\":\"https:\/\/www.movistar.es\/blog\/author\/movistarplus\/\"}]}<\/script>\n<!-- \/ Yoast SEO Premium plugin. -->","yoast_head_json":{"title":"Los estrenos m\u00e1s esperados de Movistar+ en 2022","description":"Los estrenos de series de Movistar vienen cargados de apuestas por el cine espa\u00f1ol, con nuevas ficciones y el regreso de nuevas temporadas.","robots":{"index":"index","follow":"follow","max-snippet":"max-snippet:-1","max-image-preview":"max-image-preview:large","max-video-preview":"max-video-preview:-1"},"canonical":"https:\/\/www.movistar.es\/blog\/movistar-plus\/estrenos-series-movistar-2022\/","og_locale":"es_ES","og_type":"article","og_title":"Series de Movistar en 2022","og_description":"Los estrenos de series de Movistar vienen cargados de apuestas por el cine espa\u00f1ol, con nuevas ficciones y el regreso de nuevas temporadas.","og_url":"https:\/\/www.movistar.es\/blog\/movistar-plus\/estrenos-series-movistar-2022\/","og_site_name":"Movistar blog","article_published_time":"2022-04-20T06:28:00+00:00","article_modified_time":"2023-01-18T11:51:08+00:00","og_image":[{"width":1040,"height":650,"url":"https:\/\/www.movistar.es\/blog\/wp-content\/uploads\/sites\/3\/2022\/04\/inmortal_ppal.jpg","type":"image\/jpeg"}],"author":"Redacci\u00f3n Movistar Plus+","twitter_card":"summary_large_image","twitter_creator":"@MovistarFutbol","twitter_misc":{"Written by":"Redacci\u00f3n Movistar Plus+","Est. reading time":"4 minutos"},"schema":{"@context":"https:\/\/schema.org","@graph":[{"@type":"Article","@id":"https:\/\/www.movistar.es\/blog\/movistar-plus\/estrenos-series-movistar-2022\/#article","isPartOf":{"@id":"https:\/\/www.movistar.es\/blog\/movistar-plus\/estrenos-series-movistar-2022\/"},"author":{"name":"Redacci\u00f3n Movistar Plus+","@id":"https:\/\/www.movistar.es\/blog\/#\/schema\/person\/189877e959457e9014d2a5e8d6fe946d"},"headline":"Series de Movistar en 2022","datePublished":"2022-04-20T06:28:00+00:00","dateModified":"2023-01-18T11:51:08+00:00","mainEntityOfPage":{"@id":"https:\/\/www.movistar.es\/blog\/movistar-plus\/estrenos-series-movistar-2022\/"},"wordCount":860,"publisher":{"@id":"https:\/\/www.movistar.es\/blog\/#organization"},"image":{"@id":"https:\/\/www.movistar.es\/blog\/movistar-plus\/estrenos-series-movistar-2022\/#primaryimage"},"thumbnailUrl":"https:\/\/www.movistar.es\/blog\/wp-content\/uploads\/sites\/3\/2022\/04\/inmortal_ppal.jpg","keywords":["Movistar Estrenos"],"inLanguage":"es"},{"@type":"WebPage","@id":"https:\/\/www.movistar.es\/blog\/movistar-plus\/estrenos-series-movistar-2022\/","url":"https:\/\/www.movistar.es\/blog\/movistar-plus\/estrenos-series-movistar-2022\/","name":"Los estrenos m\u00e1s esperados de Movistar+ en 2022","isPartOf":{"@id":"https:\/\/www.movistar.es\/blog\/#website"},"primaryImageOfPage":{"@id":"https:\/\/www.movistar.es\/blog\/movistar-plus\/estrenos-series-movistar-2022\/#primaryimage"},"image":{"@id":"https:\/\/www.movistar.es\/blog\/movistar-plus\/estrenos-series-movistar-2022\/#primaryimage"},"thumbnailUrl":"https:\/\/www.movistar.es\/blog\/wp-content\/uploads\/sites\/3\/2022\/04\/inmortal_ppal.jpg","datePublished":"2022-04-20T06:28:00+00:00","dateModified":"2023-01-18T11:51:08+00:00","description":"Los estrenos de series de Movistar vienen cargados de apuestas por el cine espa\u00f1ol, con nuevas ficciones y el regreso de nuevas temporadas.","breadcrumb":{"@id":"https:\/\/www.movistar.es\/blog\/movistar-plus\/estrenos-series-movistar-2022\/#breadcrumb"},"inLanguage":"es","potentialAction":[{"@type":"ReadAction","target":["https:\/\/www.movistar.es\/blog\/movistar-plus\/estrenos-series-movistar-2022\/"]}]},{"@type":"ImageObject","inLanguage":"es","@id":"https:\/\/www.movistar.es\/blog\/movistar-plus\/estrenos-series-movistar-2022\/#primaryimage","url":"https:\/\/www.movistar.es\/blog\/wp-content\/uploads\/sites\/3\/2022\/04\/inmortal_ppal.jpg","contentUrl":"https:\/\/www.movistar.es\/blog\/wp-content\/uploads\/sites\/3\/2022\/04\/inmortal_ppal.jpg","width":1040,"height":650},{"@type":"BreadcrumbList","@id":"https:\/\/www.movistar.es\/blog\/movistar-plus\/estrenos-series-movistar-2022\/#breadcrumb","itemListElement":[{"@type":"ListItem","position":1,"name":"Home","item":"https:\/\/www.movistar.es\/blog\/"},{"@type":"ListItem","position":2,"name":"Series de Movistar en 2022"}]},{"@type":"WebSite","@id":"https:\/\/www.movistar.es\/blog\/#website","url":"https:\/\/www.movistar.es\/blog\/","name":"Movistar blog","description":"Movistar Blog. Informaci\u00f3n y m\u00e1s sobre los productos y servicios de Movistar","publisher":{"@id":"https:\/\/www.movistar.es\/blog\/#organization"},"potentialAction":[{"@type":"SearchAction","target":{"@type":"EntryPoint","urlTemplate":"https:\/\/www.movistar.es\/blog\/?s={search_term_string}"},"query-input":{"@type":"PropertyValueSpecification","valueRequired":true,"valueName":"search_term_string"}}],"inLanguage":"es"},{"@type":"Organization","@id":"https:\/\/www.movistar.es\/blog\/#organization","name":"Movistar blog","url":"https:\/\/www.movistar.es\/blog\/","logo":{"@type":"ImageObject","inLanguage":"es","@id":"https:\/\/www.movistar.es\/blog\/#\/schema\/logo\/image\/","url":"https:\/\/www.movistar.es\/blog\/wp-content\/uploads\/sites\/3\/2022\/05\/logo_movistar-1.svg","contentUrl":"https:\/\/www.movistar.es\/blog\/wp-content\/uploads\/sites\/3\/2022\/05\/logo_movistar-1.svg","width":369,"height":272,"caption":"Movistar blog"},"image":{"@id":"https:\/\/www.movistar.es\/blog\/#\/schema\/logo\/image\/"}},{"@type":"Person","@id":"https:\/\/www.movistar.es\/blog\/#\/schema\/person\/189877e959457e9014d2a5e8d6fe946d","name":"Redacci\u00f3n Movistar Plus+","image":{"@type":"ImageObject","inLanguage":"es","@id":"https:\/\/www.movistar.es\/blog\/#\/schema\/person\/image\/e4401217082664b40a1186f7e73afac7","url":"https:\/\/secure.gravatar.com\/avatar\/c957f8b2227dcae6bb012530cf347456865c8d81dd6724c0fb6723a2c0a9f9e2","contentUrl":"https:\/\/secure.gravatar.com\/avatar\/c957f8b2227dcae6bb012530cf347456865c8d81dd6724c0fb6723a2c0a9f9e2","caption":"Redacci\u00f3n Movistar Plus+"},"description":"Te ayudamos a sacar el m\u00e1ximo partido a la televisi\u00f3n de Movistar Plus+. Para que disfrutes de las mejores pel\u00edculas, deportes, series y la toda la programaci\u00f3n, con una experiencia inigualable gracias a Movistar.","sameAs":["https:\/\/ver.movistarplus.es\/","https:\/\/www.instagram.com\/movistarplus\/?hl=es","https:\/\/www.linkedin.com\/company\/movistarplus\/?originalSubdomain=es","https:\/\/x.com\/MovistarFutbol"],"knowsAbout":["series","cine","deportes","televisi\u00f3n"],"url":"https:\/\/www.movistar.es\/blog\/author\/movistarplus\/"}]}},"jetpack_featured_media_url":"https:\/\/www.movistar.es\/blog\/wp-content\/uploads\/sites\/3\/2022\/04\/inmortal_ppal.jpg","jetpack_sharing_enabled":true,"_links":{"self":[{"href":"https:\/\/www.movistar.es\/blog\/wp-json\/wp\/v2\/posts\/2837","targetHints":{"allow":["GET"]}}],"collection":[{"href":"https:\/\/www.movistar.es\/blog\/wp-json\/wp\/v2\/posts"}],"about":[{"href":"https:\/\/www.movistar.es\/blog\/wp-json\/wp\/v2\/types\/post"}],"author":[{"embeddable":true,"href":"https:\/\/www.movistar.es\/blog\/wp-json\/wp\/v2\/users\/112"}],"replies":[{"embeddable":true,"href":"https:\/\/www.movistar.es\/blog\/wp-json\/wp\/v2\/comments?post=2837"}],"version-history":[{"count":14,"href":"https:\/\/www.movistar.es\/blog\/wp-json\/wp\/v2\/posts\/2837\/revisions"}],"predecessor-version":[{"id":10584,"href":"https:\/\/www.movistar.es\/blog\/wp-json\/wp\/v2\/posts\/2837\/revisions\/10584"}],"wp:featuredmedia":[{"embeddable":true,"href":"https:\/\/www.movistar.es\/blog\/wp-json\/wp\/v2\/media\/5808"}],"wp:attachment":[{"href":"https:\/\/www.movistar.es\/blog\/wp-json\/wp\/v2\/media?parent=2837"}],"wp:term":[{"taxonomy":"category","embeddable":true,"href":"https:\/\/www.movistar.es\/blog\/wp-json\/wp\/v2\/categories?post=2837"},{"taxonomy":"post_tag","embeddable":true,"href":"https:\/\/www.movistar.es\/blog\/wp-json\/wp\/v2\/tags?post=2837"},{"taxonomy":"area","embeddable":true,"href":"https:\/\/www.movistar.es\/blog\/wp-json\/wp\/v2\/area?post=2837"},{"taxonomy":"cluster","embeddable":true,"href":"https:\/\/www.movistar.es\/blog\/wp-json\/wp\/v2\/cluster?post=2837"},{"taxonomy":"linea_editorial","embeddable":true,"href":"https:\/\/www.movistar.es\/blog\/wp-json\/wp\/v2\/linea_editorial?post=2837"},{"taxonomy":"author","embeddable":true,"href":"https:\/\/www.movistar.es\/blog\/wp-json\/wp\/v2\/coauthors?post=2837"}],"curies":[{"name":"wp","href":"https:\/\/api.w.org\/{rel}","templated":true}]}}