{"id":2790,"date":"2021-10-14T09:00:00","date_gmt":"2021-10-14T07:00:00","guid":{"rendered":"https:\/\/www.movistar.es\/blog\/pornoeducar-educa-hijos\/"},"modified":"2022-06-29T09:42:55","modified_gmt":"2022-06-29T07:42:55","slug":"pornoeducar-educa-hijos","status":"publish","type":"post","link":"https:\/\/www.movistar.es\/blog\/salud\/pornoeducar-educa-hijos\/","title":{"rendered":"Educa a tus hijos antes de que otros lo hagan por ti"},"content":{"rendered":"\n<p>Casi siete de cada diez adolescentes consumen pornograf\u00eda de manera frecuente y acceden a el por primera vez entre los 8 y los 12 a\u00f1os, siendo nueve de cada diez padres totalmente ajenos a este consumo temprano.<\/p>\n\n\n\n<p>Este consumo, problem\u00e1tico por el impacto que puede tener en su vida afectiva, se hace cada vez m\u00e1s desde dispositivos m\u00f3viles, y enfrenta a los menores a contenidos que lejos de representar una sexualidad sana, suelen estar copados de agresividad o violencia dirigida de manera abrumadora contra la mujer, y m\u00e1s peligroso a\u00fan, el 30% de los entrevistados reconoce que se trata de su \u00fanica fuente de informaci\u00f3n sobre sexualidad y m\u00e1s de la mitad que les da ideas para sus propias experiencias.<\/p>\n\n\n\n<figure class=\"wp-block-image size-full is-resized\"><img loading=\"lazy\" decoding=\"async\" src=\"https:\/\/www.movistar.es\/blog\/wp-content\/uploads\/sites\/3\/2022\/04\/SliderFad_sinTexto.png\" alt=\"PornoEducar\" class=\"wp-image-201775\" width=\"959\" height=\"464\"\/><\/figure>\n\n\n\n<h2 class=\"wp-block-heading\" id=\"h-fad-en-campana-por-la-educacion\">Fad en campa\u00f1a por la educaci\u00f3n<\/h2>\n\n\n\n<p>Ante esta realidad, <a href=\"https:\/\/www.fad.es\/\">Fad<\/a> ha puesto en marcha una campa\u00f1a digital para alertar a las familias sobre las graves consecuencias que puede tener sobre sus hijos e hijas este acceso temprano e incontrolado a este tipo de material.<\/p>\n\n\n\n<blockquote class=\"wp-block-quote is-layout-flow wp-block-quote-is-layout-flow\"><p>\u201c<em>el peligro no es tanto que vean pornograf\u00eda, sino que su sexualidad, que se est\u00e1 formando en esas edades, asuma como normales comportamientos agresivos, violentos, de riesgo o degradantes para la mujer. Si no empezamos a incorporar de forma m\u00e1s decidida la educaci\u00f3n afectivo sexual en la familia o en el curr\u00edculo escolar les estamos dejando a merced de plataformas online<\/em>\u201d. <\/p><cite><strong>Beatriz Mart\u00edn Padura<\/strong>, directora general de Fad<\/cite><\/blockquote>\n\n\n\n<p>La adolescencia es una de las etapas de transici\u00f3n m\u00e1s importantes en la vida del ser humano, que se caracteriza por un ritmo acelerado de crecimiento y de cambios y que incluyen tambi\u00e9n todos los relacionados con la sexualidad.<\/p>\n\n\n\n<p>El consumo de pornograf\u00eda afecta en el desarrollo sexual adolescente e impacta en su forma de entender la sexualidad y en sus relaciones, y puede desembocar en comportamientos de riesgo.<\/p>\n\n\n\n<figure class=\"wp-block-embed is-type-video is-provider-youtube wp-block-embed-youtube wp-embed-aspect-16-9 wp-has-aspect-ratio\"><div class=\"wp-block-embed__wrapper\">\n<div class=\"wp-block-embed__wrapper\"><div class=\"ast-oembed-container \" style=\"height: 100%;\"><iframe loading=\"lazy\" title=\"Campa\u00f1a #PorNoEducar (Spot I)\" width=\"1040\" height=\"585\" src=\"https:\/\/www.youtube.com\/embed\/KUpHiK26hG0?feature=oembed\" frameborder=\"0\" allow=\"accelerometer; autoplay; clipboard-write; encrypted-media; gyroscope; picture-in-picture; web-share\" referrerpolicy=\"strict-origin-when-cross-origin\" allowfullscreen><\/iframe><\/div><\/div>\n<\/div><\/figure>\n\n\n\n<h2 class=\"wp-block-heading\" id=\"h-campana-pornoeducar\">Campa\u00f1a #PorNoEducar<\/h2>\n\n\n\n<p>Para atajar este problema, Fad ha lanzado, de la mano de PINK Lab\u2122 la campa\u00f1a&nbsp;\u201c<em>Por no, porno<\/em>\u201d para sensibilizar a los padres de hijos adolescentes, eludiendo los limites que las RRSS imponen cuando se trata de pornograf\u00eda y hacerlo sin herir sensibilidades, ya que no se trata de culpar, sino de invitar a la reflexi\u00f3n, tanto a los padres como al conjunto de la sociedad. <\/p>\n\n\n\n<p>A tal fin, la campa\u00f1a utiliza un recurso audiovisual f\u00e1cilmente reconocible para todos aquellos que est\u00e1n en edad de ser padres de hijos adolescentes, evocando las emisiones codificadas de pel\u00edculas pornogr\u00e1ficas del antiguo Canal Plus de los 90\u2019 en el que se enmarcan una serie de reflexiones y afirmaciones que describen las consecuencias que puede tener, para los adolescentes, la falta de dialogo y una educaci\u00f3n sexual adecuada. <\/p>\n\n\n\n<p>Esta campa\u00f1a les invita a consultar la<a href=\"https:\/\/www.fad.es\/\"> web de FAD<\/a> donde podr\u00e1n encontrar informaci\u00f3n de ayuda sobre como enfrontarse a esta dif\u00edcil tarea.<\/p>\n\n\n\n<p>Desde el lado de la tecnolog\u00eda, los padres tienen muchas posibilidades distintas para controlar los habitos de navegaci\u00f3n de sus hijos incluso en sus dispositivos m\u00f3viles, que permiten bloquear p\u00e1ginas no deseadas, monitorizar el uso del dispositivo m\u00f3vil o incluso bloquear aplicaciones concretas en horarios definidos.<\/p>\n\n\n\n<p>Si a\u00fan con todo ves necesaria la ayuda de un profesional <a href=\"https:\/\/www.movistar.es\/particulares\/telemedicina-medico-online\">Movistar Salud dispone de un servicio de consulta psicol\u00f3gica online<\/a> en donde pueden ayudarte a t\u00ed y a tu familia.<\/p>\n","protected":false},"excerpt":{"rendered":"<p>Casi siete de cada diez adolescentes consumen pornograf\u00eda de manera frecuente y acceden a el por primera vez entre los 8 y los 12 a\u00f1os, siendo nueve de cada diez padres totalmente ajenos a este [&hellip;]<\/p>\n","protected":false},"author":55,"featured_media":597,"comment_status":"closed","ping_status":"closed","sticky":false,"template":"","format":"standard","meta":{"site-sidebar-layout":"default","site-content-layout":"","ast-site-content-layout":"","site-content-style":"default","site-sidebar-style":"default","ast-global-header-display":"","ast-banner-title-visibility":"","ast-main-header-display":"","ast-hfb-above-header-display":"","ast-hfb-below-header-display":"","ast-hfb-mobile-header-display":"","site-post-title":"","ast-breadcrumbs-content":"","ast-featured-img":"","footer-sml-layout":"","theme-transparent-header-meta":"","adv-header-id-meta":"","stick-header-meta":"","header-above-stick-meta":"","header-main-stick-meta":"","header-below-stick-meta":"","astra-migrate-meta-layouts":"default","ast-page-background-enabled":"default","ast-page-background-meta":{"desktop":{"background-color":"var(--ast-global-color-4)","background-image":"","background-repeat":"repeat","background-position":"center center","background-size":"auto","background-attachment":"scroll","background-type":"","background-media":"","overlay-type":"","overlay-color":"","overlay-opacity":"","overlay-gradient":""},"tablet":{"background-color":"","background-image":"","background-repeat":"repeat","background-position":"center center","background-size":"auto","background-attachment":"scroll","background-type":"","background-media":"","overlay-type":"","overlay-color":"","overlay-opacity":"","overlay-gradient":""},"mobile":{"background-color":"","background-image":"","background-repeat":"repeat","background-position":"center center","background-size":"auto","background-attachment":"scroll","background-type":"","background-media":"","overlay-type":"","overlay-color":"","overlay-opacity":"","overlay-gradient":""}},"ast-content-background-meta":{"desktop":{"background-color":"var(--ast-global-color-5)","background-image":"","background-repeat":"repeat","background-position":"center center","background-size":"auto","background-attachment":"scroll","background-type":"","background-media":"","overlay-type":"","overlay-color":"","overlay-opacity":"","overlay-gradient":""},"tablet":{"background-color":"var(--ast-global-color-5)","background-image":"","background-repeat":"repeat","background-position":"center center","background-size":"auto","background-attachment":"scroll","background-type":"","background-media":"","overlay-type":"","overlay-color":"","overlay-opacity":"","overlay-gradient":""},"mobile":{"background-color":"var(--ast-global-color-5)","background-image":"","background-repeat":"repeat","background-position":"center center","background-size":"auto","background-attachment":"scroll","background-type":"","background-media":"","overlay-type":"","overlay-color":"","overlay-opacity":"","overlay-gradient":""}},"_jetpack_memberships_contains_paid_content":false,"footnotes":""},"categories":[1],"tags":[],"area":[],"cluster":[99],"linea_editorial":[9],"coauthors":[337],"class_list":["post-2790","post","type-post","status-publish","format-standard","has-post-thumbnail","hentry","category-sin-categoria","cluster-salud","linea_editorial-movistar"],"yoast_head":"<!-- This site is optimized with the Yoast SEO Premium plugin v25.5 (Yoast SEO v25.5) - https:\/\/yoast.com\/wordpress\/plugins\/seo\/ -->\n<title>PorNoEducar: Educa a tus hijos antes de que otros lo hagan por ti<\/title>\n<meta name=\"description\" content=\"Educa a tus hijos antes de que la pornograf\u00eda lo haga por ti. La Fad lanza la campa\u00f1a PorNoEducar para concienciar del problema educativo.\" \/>\n<meta name=\"robots\" content=\"index, follow, max-snippet:-1, max-image-preview:large, max-video-preview:-1\" \/>\n<link rel=\"canonical\" href=\"https:\/\/www.movistar.es\/blog\/salud\/pornoeducar-educa-hijos\/\" \/>\n<meta property=\"og:locale\" content=\"es_ES\" \/>\n<meta property=\"og:type\" content=\"article\" \/>\n<meta property=\"og:title\" content=\"Educa a tus hijos antes de que otros lo hagan por ti\" \/>\n<meta property=\"og:description\" content=\"Educa a tus hijos antes de que la pornograf\u00eda lo haga por ti. La Fad lanza la campa\u00f1a PorNoEducar para concienciar del problema educativo.\" \/>\n<meta property=\"og:url\" content=\"https:\/\/www.movistar.es\/blog\/salud\/pornoeducar-educa-hijos\/\" \/>\n<meta property=\"og:site_name\" content=\"Movistar blog\" \/>\n<meta property=\"article:published_time\" content=\"2021-10-14T07:00:00+00:00\" \/>\n<meta property=\"article:modified_time\" content=\"2022-06-29T07:42:55+00:00\" \/>\n<meta property=\"og:image\" content=\"https:\/\/www.movistar.es\/blog\/wp-content\/uploads\/sites\/3\/2022\/04\/portada-1.png\" \/>\n\t<meta property=\"og:image:width\" content=\"1920\" \/>\n\t<meta property=\"og:image:height\" content=\"900\" \/>\n\t<meta property=\"og:image:type\" content=\"image\/png\" \/>\n<meta name=\"author\" content=\"Moncho Terol\" \/>\n<meta name=\"twitter:card\" content=\"summary_large_image\" \/>\n<meta name=\"twitter:label1\" content=\"Written by\" \/>\n\t<meta name=\"twitter:data1\" content=\"Moncho Terol\" \/>\n\t<meta name=\"twitter:label2\" content=\"Est. reading time\" \/>\n\t<meta name=\"twitter:data2\" content=\"3 minutos\" \/>\n<script type=\"application\/ld+json\" class=\"yoast-schema-graph\">{\"@context\":\"https:\/\/schema.org\",\"@graph\":[{\"@type\":\"Article\",\"@id\":\"https:\/\/www.movistar.es\/blog\/salud\/pornoeducar-educa-hijos\/#article\",\"isPartOf\":{\"@id\":\"https:\/\/www.movistar.es\/blog\/salud\/pornoeducar-educa-hijos\/\"},\"author\":{\"name\":\"Moncho Terol\",\"@id\":\"https:\/\/www.movistar.es\/blog\/#\/schema\/person\/6709434912eb0daaaddee544cf38a9ae\"},\"headline\":\"Educa a tus hijos antes de que otros lo hagan por ti\",\"datePublished\":\"2021-10-14T07:00:00+00:00\",\"dateModified\":\"2022-06-29T07:42:55+00:00\",\"mainEntityOfPage\":{\"@id\":\"https:\/\/www.movistar.es\/blog\/salud\/pornoeducar-educa-hijos\/\"},\"wordCount\":596,\"publisher\":{\"@id\":\"https:\/\/www.movistar.es\/blog\/#organization\"},\"image\":{\"@id\":\"https:\/\/www.movistar.es\/blog\/salud\/pornoeducar-educa-hijos\/#primaryimage\"},\"thumbnailUrl\":\"https:\/\/www.movistar.es\/blog\/wp-content\/uploads\/sites\/3\/2022\/04\/portada-1.png\",\"inLanguage\":\"es\"},{\"@type\":\"WebPage\",\"@id\":\"https:\/\/www.movistar.es\/blog\/salud\/pornoeducar-educa-hijos\/\",\"url\":\"https:\/\/www.movistar.es\/blog\/salud\/pornoeducar-educa-hijos\/\",\"name\":\"PorNoEducar: Educa a tus hijos antes de que otros lo hagan por ti\",\"isPartOf\":{\"@id\":\"https:\/\/www.movistar.es\/blog\/#website\"},\"primaryImageOfPage\":{\"@id\":\"https:\/\/www.movistar.es\/blog\/salud\/pornoeducar-educa-hijos\/#primaryimage\"},\"image\":{\"@id\":\"https:\/\/www.movistar.es\/blog\/salud\/pornoeducar-educa-hijos\/#primaryimage\"},\"thumbnailUrl\":\"https:\/\/www.movistar.es\/blog\/wp-content\/uploads\/sites\/3\/2022\/04\/portada-1.png\",\"datePublished\":\"2021-10-14T07:00:00+00:00\",\"dateModified\":\"2022-06-29T07:42:55+00:00\",\"description\":\"Educa a tus hijos antes de que la pornograf\u00eda lo haga por ti. La Fad lanza la campa\u00f1a PorNoEducar para concienciar del problema educativo.\",\"breadcrumb\":{\"@id\":\"https:\/\/www.movistar.es\/blog\/salud\/pornoeducar-educa-hijos\/#breadcrumb\"},\"inLanguage\":\"es\",\"potentialAction\":[{\"@type\":\"ReadAction\",\"target\":[\"https:\/\/www.movistar.es\/blog\/salud\/pornoeducar-educa-hijos\/\"]}]},{\"@type\":\"ImageObject\",\"inLanguage\":\"es\",\"@id\":\"https:\/\/www.movistar.es\/blog\/salud\/pornoeducar-educa-hijos\/#primaryimage\",\"url\":\"https:\/\/www.movistar.es\/blog\/wp-content\/uploads\/sites\/3\/2022\/04\/portada-1.png\",\"contentUrl\":\"https:\/\/www.movistar.es\/blog\/wp-content\/uploads\/sites\/3\/2022\/04\/portada-1.png\",\"width\":1920,\"height\":900},{\"@type\":\"BreadcrumbList\",\"@id\":\"https:\/\/www.movistar.es\/blog\/salud\/pornoeducar-educa-hijos\/#breadcrumb\",\"itemListElement\":[{\"@type\":\"ListItem\",\"position\":1,\"name\":\"Home\",\"item\":\"https:\/\/www.movistar.es\/blog\/\"},{\"@type\":\"ListItem\",\"position\":2,\"name\":\"Educa a tus hijos antes de que otros lo hagan por ti\"}]},{\"@type\":\"WebSite\",\"@id\":\"https:\/\/www.movistar.es\/blog\/#website\",\"url\":\"https:\/\/www.movistar.es\/blog\/\",\"name\":\"Movistar blog\",\"description\":\"Movistar Blog. Informaci\u00f3n y m\u00e1s sobre los productos y servicios de Movistar\",\"publisher\":{\"@id\":\"https:\/\/www.movistar.es\/blog\/#organization\"},\"potentialAction\":[{\"@type\":\"SearchAction\",\"target\":{\"@type\":\"EntryPoint\",\"urlTemplate\":\"https:\/\/www.movistar.es\/blog\/?s={search_term_string}\"},\"query-input\":{\"@type\":\"PropertyValueSpecification\",\"valueRequired\":true,\"valueName\":\"search_term_string\"}}],\"inLanguage\":\"es\"},{\"@type\":\"Organization\",\"@id\":\"https:\/\/www.movistar.es\/blog\/#organization\",\"name\":\"Movistar blog\",\"url\":\"https:\/\/www.movistar.es\/blog\/\",\"logo\":{\"@type\":\"ImageObject\",\"inLanguage\":\"es\",\"@id\":\"https:\/\/www.movistar.es\/blog\/#\/schema\/logo\/image\/\",\"url\":\"https:\/\/www.movistar.es\/blog\/wp-content\/uploads\/sites\/3\/2022\/05\/logo_movistar-1.svg\",\"contentUrl\":\"https:\/\/www.movistar.es\/blog\/wp-content\/uploads\/sites\/3\/2022\/05\/logo_movistar-1.svg\",\"width\":369,\"height\":272,\"caption\":\"Movistar blog\"},\"image\":{\"@id\":\"https:\/\/www.movistar.es\/blog\/#\/schema\/logo\/image\/\"}},{\"@type\":\"Person\",\"@id\":\"https:\/\/www.movistar.es\/blog\/#\/schema\/person\/6709434912eb0daaaddee544cf38a9ae\",\"name\":\"Moncho Terol\",\"image\":{\"@type\":\"ImageObject\",\"inLanguage\":\"es\",\"@id\":\"https:\/\/www.movistar.es\/blog\/#\/schema\/person\/image\/776a94a272c4bed6827bd6063bc4c464\",\"url\":\"https:\/\/secure.gravatar.com\/avatar\/657d2881666fa6ff6ec0626d654e2371b6c96dba39c3cba27d62cb7467aceb02\",\"contentUrl\":\"https:\/\/secure.gravatar.com\/avatar\/657d2881666fa6ff6ec0626d654e2371b6c96dba39c3cba27d62cb7467aceb02\",\"caption\":\"Moncho Terol\"},\"description\":\"El futuro lo escribimos todos juntos. Me gustan las redes y la conectividad.\",\"url\":\"https:\/\/www.movistar.es\/blog\/author\/monchoterol\/\"}]}<\/script>\n<!-- \/ Yoast SEO Premium plugin. -->","yoast_head_json":{"title":"PorNoEducar: Educa a tus hijos antes de que otros lo hagan por ti","description":"Educa a tus hijos antes de que la pornograf\u00eda lo haga por ti. La Fad lanza la campa\u00f1a PorNoEducar para concienciar del problema educativo.","robots":{"index":"index","follow":"follow","max-snippet":"max-snippet:-1","max-image-preview":"max-image-preview:large","max-video-preview":"max-video-preview:-1"},"canonical":"https:\/\/www.movistar.es\/blog\/salud\/pornoeducar-educa-hijos\/","og_locale":"es_ES","og_type":"article","og_title":"Educa a tus hijos antes de que otros lo hagan por ti","og_description":"Educa a tus hijos antes de que la pornograf\u00eda lo haga por ti. La Fad lanza la campa\u00f1a PorNoEducar para concienciar del problema educativo.","og_url":"https:\/\/www.movistar.es\/blog\/salud\/pornoeducar-educa-hijos\/","og_site_name":"Movistar blog","article_published_time":"2021-10-14T07:00:00+00:00","article_modified_time":"2022-06-29T07:42:55+00:00","og_image":[{"width":1920,"height":900,"url":"https:\/\/www.movistar.es\/blog\/wp-content\/uploads\/sites\/3\/2022\/04\/portada-1.png","type":"image\/png"}],"author":"Moncho Terol","twitter_card":"summary_large_image","twitter_misc":{"Written by":"Moncho Terol","Est. reading time":"3 minutos"},"schema":{"@context":"https:\/\/schema.org","@graph":[{"@type":"Article","@id":"https:\/\/www.movistar.es\/blog\/salud\/pornoeducar-educa-hijos\/#article","isPartOf":{"@id":"https:\/\/www.movistar.es\/blog\/salud\/pornoeducar-educa-hijos\/"},"author":{"name":"Moncho Terol","@id":"https:\/\/www.movistar.es\/blog\/#\/schema\/person\/6709434912eb0daaaddee544cf38a9ae"},"headline":"Educa a tus hijos antes de que otros lo hagan por ti","datePublished":"2021-10-14T07:00:00+00:00","dateModified":"2022-06-29T07:42:55+00:00","mainEntityOfPage":{"@id":"https:\/\/www.movistar.es\/blog\/salud\/pornoeducar-educa-hijos\/"},"wordCount":596,"publisher":{"@id":"https:\/\/www.movistar.es\/blog\/#organization"},"image":{"@id":"https:\/\/www.movistar.es\/blog\/salud\/pornoeducar-educa-hijos\/#primaryimage"},"thumbnailUrl":"https:\/\/www.movistar.es\/blog\/wp-content\/uploads\/sites\/3\/2022\/04\/portada-1.png","inLanguage":"es"},{"@type":"WebPage","@id":"https:\/\/www.movistar.es\/blog\/salud\/pornoeducar-educa-hijos\/","url":"https:\/\/www.movistar.es\/blog\/salud\/pornoeducar-educa-hijos\/","name":"PorNoEducar: Educa a tus hijos antes de que otros lo hagan por ti","isPartOf":{"@id":"https:\/\/www.movistar.es\/blog\/#website"},"primaryImageOfPage":{"@id":"https:\/\/www.movistar.es\/blog\/salud\/pornoeducar-educa-hijos\/#primaryimage"},"image":{"@id":"https:\/\/www.movistar.es\/blog\/salud\/pornoeducar-educa-hijos\/#primaryimage"},"thumbnailUrl":"https:\/\/www.movistar.es\/blog\/wp-content\/uploads\/sites\/3\/2022\/04\/portada-1.png","datePublished":"2021-10-14T07:00:00+00:00","dateModified":"2022-06-29T07:42:55+00:00","description":"Educa a tus hijos antes de que la pornograf\u00eda lo haga por ti. La Fad lanza la campa\u00f1a PorNoEducar para concienciar del problema educativo.","breadcrumb":{"@id":"https:\/\/www.movistar.es\/blog\/salud\/pornoeducar-educa-hijos\/#breadcrumb"},"inLanguage":"es","potentialAction":[{"@type":"ReadAction","target":["https:\/\/www.movistar.es\/blog\/salud\/pornoeducar-educa-hijos\/"]}]},{"@type":"ImageObject","inLanguage":"es","@id":"https:\/\/www.movistar.es\/blog\/salud\/pornoeducar-educa-hijos\/#primaryimage","url":"https:\/\/www.movistar.es\/blog\/wp-content\/uploads\/sites\/3\/2022\/04\/portada-1.png","contentUrl":"https:\/\/www.movistar.es\/blog\/wp-content\/uploads\/sites\/3\/2022\/04\/portada-1.png","width":1920,"height":900},{"@type":"BreadcrumbList","@id":"https:\/\/www.movistar.es\/blog\/salud\/pornoeducar-educa-hijos\/#breadcrumb","itemListElement":[{"@type":"ListItem","position":1,"name":"Home","item":"https:\/\/www.movistar.es\/blog\/"},{"@type":"ListItem","position":2,"name":"Educa a tus hijos antes de que otros lo hagan por ti"}]},{"@type":"WebSite","@id":"https:\/\/www.movistar.es\/blog\/#website","url":"https:\/\/www.movistar.es\/blog\/","name":"Movistar blog","description":"Movistar Blog. Informaci\u00f3n y m\u00e1s sobre los productos y servicios de Movistar","publisher":{"@id":"https:\/\/www.movistar.es\/blog\/#organization"},"potentialAction":[{"@type":"SearchAction","target":{"@type":"EntryPoint","urlTemplate":"https:\/\/www.movistar.es\/blog\/?s={search_term_string}"},"query-input":{"@type":"PropertyValueSpecification","valueRequired":true,"valueName":"search_term_string"}}],"inLanguage":"es"},{"@type":"Organization","@id":"https:\/\/www.movistar.es\/blog\/#organization","name":"Movistar blog","url":"https:\/\/www.movistar.es\/blog\/","logo":{"@type":"ImageObject","inLanguage":"es","@id":"https:\/\/www.movistar.es\/blog\/#\/schema\/logo\/image\/","url":"https:\/\/www.movistar.es\/blog\/wp-content\/uploads\/sites\/3\/2022\/05\/logo_movistar-1.svg","contentUrl":"https:\/\/www.movistar.es\/blog\/wp-content\/uploads\/sites\/3\/2022\/05\/logo_movistar-1.svg","width":369,"height":272,"caption":"Movistar blog"},"image":{"@id":"https:\/\/www.movistar.es\/blog\/#\/schema\/logo\/image\/"}},{"@type":"Person","@id":"https:\/\/www.movistar.es\/blog\/#\/schema\/person\/6709434912eb0daaaddee544cf38a9ae","name":"Moncho Terol","image":{"@type":"ImageObject","inLanguage":"es","@id":"https:\/\/www.movistar.es\/blog\/#\/schema\/person\/image\/776a94a272c4bed6827bd6063bc4c464","url":"https:\/\/secure.gravatar.com\/avatar\/657d2881666fa6ff6ec0626d654e2371b6c96dba39c3cba27d62cb7467aceb02","contentUrl":"https:\/\/secure.gravatar.com\/avatar\/657d2881666fa6ff6ec0626d654e2371b6c96dba39c3cba27d62cb7467aceb02","caption":"Moncho Terol"},"description":"El futuro lo escribimos todos juntos. Me gustan las redes y la conectividad.","url":"https:\/\/www.movistar.es\/blog\/author\/monchoterol\/"}]}},"jetpack_featured_media_url":"https:\/\/www.movistar.es\/blog\/wp-content\/uploads\/sites\/3\/2022\/04\/portada-1.png","jetpack_sharing_enabled":true,"_links":{"self":[{"href":"https:\/\/www.movistar.es\/blog\/wp-json\/wp\/v2\/posts\/2790","targetHints":{"allow":["GET"]}}],"collection":[{"href":"https:\/\/www.movistar.es\/blog\/wp-json\/wp\/v2\/posts"}],"about":[{"href":"https:\/\/www.movistar.es\/blog\/wp-json\/wp\/v2\/types\/post"}],"author":[{"embeddable":true,"href":"https:\/\/www.movistar.es\/blog\/wp-json\/wp\/v2\/users\/55"}],"replies":[{"embeddable":true,"href":"https:\/\/www.movistar.es\/blog\/wp-json\/wp\/v2\/comments?post=2790"}],"version-history":[{"count":2,"href":"https:\/\/www.movistar.es\/blog\/wp-json\/wp\/v2\/posts\/2790\/revisions"}],"predecessor-version":[{"id":4603,"href":"https:\/\/www.movistar.es\/blog\/wp-json\/wp\/v2\/posts\/2790\/revisions\/4603"}],"wp:featuredmedia":[{"embeddable":true,"href":"https:\/\/www.movistar.es\/blog\/wp-json\/wp\/v2\/media\/597"}],"wp:attachment":[{"href":"https:\/\/www.movistar.es\/blog\/wp-json\/wp\/v2\/media?parent=2790"}],"wp:term":[{"taxonomy":"category","embeddable":true,"href":"https:\/\/www.movistar.es\/blog\/wp-json\/wp\/v2\/categories?post=2790"},{"taxonomy":"post_tag","embeddable":true,"href":"https:\/\/www.movistar.es\/blog\/wp-json\/wp\/v2\/tags?post=2790"},{"taxonomy":"area","embeddable":true,"href":"https:\/\/www.movistar.es\/blog\/wp-json\/wp\/v2\/area?post=2790"},{"taxonomy":"cluster","embeddable":true,"href":"https:\/\/www.movistar.es\/blog\/wp-json\/wp\/v2\/cluster?post=2790"},{"taxonomy":"linea_editorial","embeddable":true,"href":"https:\/\/www.movistar.es\/blog\/wp-json\/wp\/v2\/linea_editorial?post=2790"},{"taxonomy":"author","embeddable":true,"href":"https:\/\/www.movistar.es\/blog\/wp-json\/wp\/v2\/coauthors?post=2790"}],"curies":[{"name":"wp","href":"https:\/\/api.w.org\/{rel}","templated":true}]}}