{"id":2781,"date":"2021-09-16T10:30:00","date_gmt":"2021-09-16T08:30:00","guid":{"rendered":"https:\/\/www.movistar.es\/blog\/ver-la-resistencia-movistarplus\/"},"modified":"2024-03-11T12:20:39","modified_gmt":"2024-03-11T11:20:39","slug":"ver-la-resistencia-movistarplus","status":"publish","type":"post","link":"https:\/\/www.movistar.es\/blog\/movistar-plus\/ver-la-resistencia-movistarplus\/","title":{"rendered":"\u00bfQuieres saber d\u00f3nde ver &#8216;La Resistencia&#8217;? Conoce todo sobre la nueva temporada"},"content":{"rendered":"\n<p>Despu\u00e9s de un espectacular cierre de temporada en Los Pirineos, <strong>David Broncano<\/strong> y los suyos regresan a <strong><a href=\"https:\/\/www.movistar.es\/particulares\/tv\/movistar-plus\" target=\"_blank\" rel=\"noreferrer noopener\">Movistar Plus+<\/a><\/strong> un a\u00f1o m\u00e1s. Y es que &#8216;La Resistencia&#8217; arranc\u00f3 el pasado 11 de septiembre su<strong> s\u00e9ptima temporada<\/strong>. Esta vez, adem\u00e1s, el equipo del programa resalta que har\u00e1n &#8216;una temporada hist\u00f3rica&#8217;, aunque sin perder la esencia que les caracteriza. Si no te quieres perder nada y te preguntas d\u00f3nde ver &#8216;La Resistencia&#8217;, sigue leyendo: a continuaci\u00f3n te contamos todo lo que necesitas saber sobre el regreso del mejor programa de humor de la televisi\u00f3n.<\/p>\n\n\n\n<h2 class=\"wp-block-heading\" id=\"h-novedades-de-la-nueva-temporada-de-la-resistencia\">Novedades de la nueva temporada de &#8216;La Resistencia&#8217;<\/h2>\n\n\n\n<p><strong>Ver &#8216;La Resistencia<\/strong>&#8216;&nbsp;se ha constituido en todo un plan de rigor en la&nbsp;programaci\u00f3n de <strong><a href=\"https:\/\/www.movistar.es\/particulares\/tv\/movistar-plus\" target=\"_blank\" rel=\"noreferrer noopener\">Movistar Plus+<\/a><\/strong>. Por suerte, desde el 11 de septiembre puedes encontrar los nuevos cap\u00edtulos de esta temporada que promete ser tan memorable o m\u00e1s que las anteriores.<\/p>\n\n\n\n<p>Luego de abandonar el Teatro Arlequ\u00edn de Madrid de sus inicios, los que adoran&nbsp;<strong>ver &#8216;La Resistencia<\/strong>&#8216;&nbsp;ahora pueden disfrutar de su programa favorito en el<strong> Teatro Pr\u00edncipe Gran V\u00eda<\/strong>, tal y como viene siendo habitual. Esto se debe al gran \u00e9xito del show, que demand\u00f3 ampliar la entrada a m\u00e1s p\u00fablico y multiplicar las risas.<\/p>\n\n\n\n<p>Para el inicio de esta nueva temporada puedes esperar a los sospechosos habituales del programa. Adem\u00e1s de David Broncano, podremos disfrutar de las intervenciones y del ingenio de<strong> Ricardo Castella, Jorge Ponce y Grison<\/strong>. En palabras de Jorge Ponce, los espectadores podr\u00e1n encontrar una serie de novedades en esta temporada: \u00bbeste a\u00f1o habr\u00e1 novedades incre\u00edbles: m\u00e1quina de gotel\u00e9, sandwichera por si alguien no ha merendado fuerte y mi favorita: el invitado podr\u00e1 elegir si quiere entrar al escenario en tirolina\u2026 o en nevera\u00bb.<\/p>\n\n\n\n<p>As\u00ed, Movistar+ comienza a enfilar bater\u00edas para traer lo mejor al espacio&nbsp;<em>late late show,<\/em>&nbsp;como lo denomina Broncano. Puedes estar seguro que cada minuto que pases frente al televisor disfrutando de&nbsp;ver<strong> &#8216;La Resistencia&#8217;<\/strong>&nbsp;tendr\u00e1s ganas de m\u00e1s.&nbsp;<\/p>\n\n\n\n<h2 class=\"wp-block-heading\" id=\"h-quien-es-david-broncano-y-por-que-debes-ver-la-resistencia\">\u00bfQui\u00e9n es David Broncano y por qu\u00e9 debes ver &#8216;La Resistencia&#8217;?<\/h2>\n\n\n\n<p>Los que todav\u00eda no han tenido la oportunidad de&nbsp;<strong>ver &#8216;La Resistencia<\/strong>&#8216;&nbsp;deben enterarse desde ya a qu\u00e9 se enfrentan. Para empezar, merece la pena se\u00f1alar que en febrero de este a\u00f1o se cumplieron cinco a\u00f1os desde que&nbsp;David Broncano&nbsp;se puso al frente de este formato. Y desde entonces, el presentador y los suyos han demostrado que se trata de un programa que ciertamente ha cambiado el modo de abordar las entrevistas en televisi\u00f3n.&nbsp;<\/p>\n\n\n\n<p>Desde sus inicios en el&nbsp;<em>stand up comedy<\/em>, Broncano demostr\u00f3 en Paramount Comedy lo grande que pod\u00eda ser su&nbsp;<em>performance<\/em>&nbsp;en vivo. Fue all\u00ed donde desde el 2008 hasta el 2014 tuvo la oportunidad de establecer su estilo mordaz, y a veces inc\u00f3modo, logrando reacciones encontradas en el p\u00fablico.&nbsp;<\/p>\n\n\n\n<p>Muchos lo recuerdan tambi\u00e9n por su paso por la radio. Junto a <strong>Ignatius Farray y Quequ\u00e9<\/strong>, Broncano logr\u00f3 crear en el 2014 su propio programa llamado &#8216;<strong><a href=\"https:\/\/www.youtube.com\/@lavidamoderna\" target=\"_blank\" rel=\"noreferrer noopener\">La vida moderna<\/a><\/strong>&#8216;. Este mismo programa fue galardonado por el Premio Ondas en la categor\u00eda de Mejor programa de radio durante el 2018.<\/p>\n\n\n\n<h2 class=\"wp-block-heading\" id=\"h-descubre-todo-lo-que-puedes-disfrutar-al-ver-la-resistencia\">Descubre todo lo que puedes disfrutar al ver &#8216;La Resistencia&#8217;<\/h2>\n\n\n\n<p>David Broncano era un habitual colaborador en dos programas de televisi\u00f3n:<strong> Late Motiv<\/strong> y el programa<strong> Locomundo<\/strong>. Sin embargo, desde que decidi\u00f3 llevar su propio programa en <a href=\"https:\/\/www.movistar.es\/blog\/movistar-plus\/cambios-diales-movistar-plus\/\" target=\"_blank\" rel=\"noreferrer noopener\">Movistar Plus+<\/a>, la diversi\u00f3n y el \u00e9xito son sus invitados habituales.<\/p>\n\n\n\n<p>La estructura del&nbsp;<em>show&nbsp;<\/em>consta de varias secciones regulares. Una de las que m\u00e1s destaca son sus<strong> mon\u00f3logos<\/strong>. Y es que aunque los primeros mon\u00f3logos eran lamentables, como lo confiesa el humorista, hoy estamos ante uno de los mejores momentos del programa. <\/p>\n\n\n\n<p>A\u00fan as\u00ed, el plato principal de todo este entramado de humor se da en la <strong>entrevista<\/strong>. Este espacio central da la bienvenida a todo un mundo de celebridades que descubren en el presentador un verdadero contendiente.&nbsp;<\/p>\n\n\n\n<figure class=\"wp-block-image size-large\"><img loading=\"lazy\" decoding=\"async\" height=\"648\" width=\"1024\" src=\"https:\/\/www.movistar.es\/blog\/wp-content\/uploads\/sites\/3\/2023\/09\/broncano-e1600177036410.jpg?w=1024\" alt=\"d\u00f3nde ver la resistencia\" class=\"wp-image-17147\" srcset=\"https:\/\/www.movistar.es\/blog\/wp-content\/uploads\/sites\/3\/2023\/09\/broncano-e1600177036410.jpg 1251w, https:\/\/www.movistar.es\/blog\/wp-content\/uploads\/sites\/3\/2023\/09\/broncano-e1600177036410.jpg?resize=300,190 300w, https:\/\/www.movistar.es\/blog\/wp-content\/uploads\/sites\/3\/2023\/09\/broncano-e1600177036410.jpg?resize=768,486 768w, https:\/\/www.movistar.es\/blog\/wp-content\/uploads\/sites\/3\/2023\/09\/broncano-e1600177036410.jpg?resize=1024,648 1024w\" sizes=\"auto, (max-width: 1024px) 100vw, 1024px\" \/><\/figure>\n\n\n\n<p>Sin embargo, los que suelen&nbsp;<strong>ver &#8216;La Resistencia<\/strong>&#8216;&nbsp;sabr\u00e1n que a su sof\u00e1 no solo llegan personajes famosos. Una caracter\u00edstica del programa es que nos permite descubrir personajes que hasta ahora hab\u00edan realizado pocas o ninguna entrevista.&nbsp;<\/p>\n\n\n\n<p>La bienvenida para todos ellos suele contener las mismas dos preguntas que Broncano acu\u00f1\u00f3 con el tiempo para romper el hielo: \u00bfcu\u00e1nto dinero tienes? y&nbsp;&nbsp;\u00bfcu\u00e1ndo fue la \u00faltima vez que tuviste sexo? Dos dardos directos que muchos invitados responden y otros evaden con habilidad para mantener el misterio.<\/p>\n\n\n\n<h2 class=\"wp-block-heading\" class=\"wp-block-heading\" id=\"como-ir-a-la-resistencia-de-publico\">C\u00f3mo ir a &#8216;La Resistencia&#8217; de p\u00fablico<\/h2>\n\n\n\n<p>Son muchos los que quieren ir a ver &#8216;La Resistencia&#8217; en directo. Si t\u00fa tambi\u00e9n quieres, pero no te queda claro c\u00f3mo, es tan sencillo como rellenar el siguiente <a href=\"https:\/\/elterrat.com\/contacto\/publico-la-resistencia\/\" target=\"_blank\" rel=\"noreferrer noopener\"><strong>formulario<\/strong><\/a>. Eso s\u00ed, hay algunos puntos fundamentales que tienes que conocer. Para empezar, tienes que ser mayor de edad. Por otro lado, todos los datos del formulario deben de estar completos .<\/p>\n\n\n\n<p>Tambi\u00e9n tienes que saber que el programa, estrictamente, se graba de lunes a jueves a excepci\u00f3n de aquellos d\u00edas que sean festivos nacionales. Adem\u00e1s, si ya has venido como p\u00fablico en una temporada anterior, se te denegar\u00e1 tu solicitud.<\/p>\n\n\n\n<h2 class=\"wp-block-heading\" class=\"wp-block-heading\" id=\"donde-y-cuando-ver-la-resistencia\">D\u00f3nde y cu\u00e1ndo ver la Resistencia <\/h2>\n\n\n\n<p>Ahora que conoces todo lo que trae esta nueva temporada de &#8216;La Resistencia&#8217;, no te la pierdas. Puede ver este programa <strong>de lunes a jueves sobre las 23:30h<\/strong>.<\/p>\n\n\n\n<p>Y si no has podido verlo o quieres repertir, todos los programas de \u2018La Resistencia\u2019 est\u00e1n disponibles&nbsp;<a href=\"https:\/\/www.movistarplus.es\/cero\/laresistencia\" target=\"_blank\" rel=\"noreferrer noopener\">bajo demanda<\/a> en Movistar Plus+&nbsp;y tanto las nuevas entregas como lo mejor de las seis temporadas anteriores se pueden disfrutar en el canal&nbsp;Movistar&nbsp;&#8216;<strong>La Resistencia 24h&#8217;&nbsp;<\/strong>(dial 19 de Movistar Plus+).<\/p>\n\n\n\n<p>Si quieres disfrutar este programa y muchos m\u00e1s contenidos <strong>Movistar Plus+<\/strong>&nbsp;es tu compa\u00f1ero ideal. Adem\u00e1s puedes sumar una gran cantidad de cine, series internacionales o producciones de ficci\u00f3n y no ficci\u00f3n entre otros contratando <a href=\"https:\/\/www.movistar.es\/tv\/movistar-plus\/\" target=\"_blank\" rel=\"noreferrer noopener\"><strong>Movistar<\/strong><\/a>&nbsp;y \u00a1no perderte nada!<\/p>\n\n\n\n<p><\/p>\n","protected":false},"excerpt":{"rendered":"<p>Despu\u00e9s de un espectacular cierre de temporada en Los Pirineos, David Broncano y los suyos regresan a Movistar Plus+ un a\u00f1o m\u00e1s. Y es que &#8216;La Resistencia&#8217; arranc\u00f3 el pasado 11 de septiembre su s\u00e9ptima [&hellip;]<\/p>\n","protected":false},"author":55,"featured_media":17144,"comment_status":"closed","ping_status":"closed","sticky":false,"template":"","format":"standard","meta":{"site-sidebar-layout":"default","site-content-layout":"","ast-site-content-layout":"","site-content-style":"default","site-sidebar-style":"default","ast-global-header-display":"","ast-banner-title-visibility":"","ast-main-header-display":"","ast-hfb-above-header-display":"","ast-hfb-below-header-display":"","ast-hfb-mobile-header-display":"","site-post-title":"","ast-breadcrumbs-content":"","ast-featured-img":"","footer-sml-layout":"","theme-transparent-header-meta":"","adv-header-id-meta":"","stick-header-meta":"","header-above-stick-meta":"","header-main-stick-meta":"","header-below-stick-meta":"","astra-migrate-meta-layouts":"default","ast-page-background-enabled":"default","ast-page-background-meta":{"desktop":{"background-color":"var(--ast-global-color-4)","background-image":"","background-repeat":"repeat","background-position":"center center","background-size":"auto","background-attachment":"scroll","background-type":"","background-media":"","overlay-type":"","overlay-color":"","overlay-opacity":"","overlay-gradient":""},"tablet":{"background-color":"","background-image":"","background-repeat":"repeat","background-position":"center center","background-size":"auto","background-attachment":"scroll","background-type":"","background-media":"","overlay-type":"","overlay-color":"","overlay-opacity":"","overlay-gradient":""},"mobile":{"background-color":"","background-image":"","background-repeat":"repeat","background-position":"center center","background-size":"auto","background-attachment":"scroll","background-type":"","background-media":"","overlay-type":"","overlay-color":"","overlay-opacity":"","overlay-gradient":""}},"ast-content-background-meta":{"desktop":{"background-color":"var(--ast-global-color-5)","background-image":"","background-repeat":"repeat","background-position":"center center","background-size":"auto","background-attachment":"scroll","background-type":"","background-media":"","overlay-type":"","overlay-color":"","overlay-opacity":"","overlay-gradient":""},"tablet":{"background-color":"var(--ast-global-color-5)","background-image":"","background-repeat":"repeat","background-position":"center center","background-size":"auto","background-attachment":"scroll","background-type":"","background-media":"","overlay-type":"","overlay-color":"","overlay-opacity":"","overlay-gradient":""},"mobile":{"background-color":"var(--ast-global-color-5)","background-image":"","background-repeat":"repeat","background-position":"center center","background-size":"auto","background-attachment":"scroll","background-type":"","background-media":"","overlay-type":"","overlay-color":"","overlay-opacity":"","overlay-gradient":""}},"_jetpack_memberships_contains_paid_content":false,"footnotes":""},"categories":[1],"tags":[],"area":[],"cluster":[45],"linea_editorial":[9],"coauthors":[337],"class_list":["post-2781","post","type-post","status-publish","format-standard","has-post-thumbnail","hentry","category-sin-categoria","cluster-movistar-plus","linea_editorial-movistar"],"yoast_head":"<!-- This site is optimized with the Yoast SEO Premium plugin v25.5 (Yoast SEO v25.5) - https:\/\/yoast.com\/wordpress\/plugins\/seo\/ -->\n<title>Ver La Resistencia: \u00bfcu\u00e1ndo podr\u00e1s sintonizar la nueva temporada?<\/title>\n<meta name=\"description\" content=\"\u00bfQuieres ver La Resistencia? Descubre en Movistar+ la nueva temporada del programa de entrevistas de David Broncano.\" \/>\n<meta name=\"robots\" content=\"index, follow, max-snippet:-1, max-image-preview:large, max-video-preview:-1\" \/>\n<link rel=\"canonical\" href=\"https:\/\/www.movistar.es\/blog\/movistar-plus\/ver-la-resistencia-movistarplus\/\" \/>\n<meta property=\"og:locale\" content=\"es_ES\" \/>\n<meta property=\"og:type\" content=\"article\" \/>\n<meta property=\"og:title\" content=\"\u00bfQuieres saber d\u00f3nde ver &#039;La Resistencia&#039;? Conoce todo sobre la nueva temporada\" \/>\n<meta property=\"og:description\" content=\"\u00bfQuieres ver La Resistencia? Descubre en Movistar+ la nueva temporada del programa de entrevistas de David Broncano.\" \/>\n<meta property=\"og:url\" content=\"https:\/\/www.movistar.es\/blog\/movistar-plus\/ver-la-resistencia-movistarplus\/\" \/>\n<meta property=\"og:site_name\" content=\"Movistar blog\" \/>\n<meta property=\"article:published_time\" content=\"2021-09-16T08:30:00+00:00\" \/>\n<meta property=\"article:modified_time\" content=\"2024-03-11T11:20:39+00:00\" \/>\n<meta property=\"og:image\" content=\"https:\/\/www.movistar.es\/blog\/wp-content\/uploads\/sites\/3\/2021\/09\/F4126690.jpg\" \/>\n\t<meta property=\"og:image:width\" content=\"1920\" \/>\n\t<meta property=\"og:image:height\" content=\"1080\" \/>\n\t<meta property=\"og:image:type\" content=\"image\/jpeg\" \/>\n<meta name=\"author\" content=\"Moncho Terol\" \/>\n<meta name=\"twitter:card\" content=\"summary_large_image\" \/>\n<meta name=\"twitter:label1\" content=\"Written by\" \/>\n\t<meta name=\"twitter:data1\" content=\"Moncho Terol\" \/>\n\t<meta name=\"twitter:label2\" content=\"Est. reading time\" \/>\n\t<meta name=\"twitter:data2\" content=\"5 minutos\" \/>\n<script type=\"application\/ld+json\" class=\"yoast-schema-graph\">{\"@context\":\"https:\/\/schema.org\",\"@graph\":[{\"@type\":\"Article\",\"@id\":\"https:\/\/www.movistar.es\/blog\/movistar-plus\/ver-la-resistencia-movistarplus\/#article\",\"isPartOf\":{\"@id\":\"https:\/\/www.movistar.es\/blog\/movistar-plus\/ver-la-resistencia-movistarplus\/\"},\"author\":{\"name\":\"Moncho Terol\",\"@id\":\"https:\/\/www.movistar.es\/blog\/#\/schema\/person\/6709434912eb0daaaddee544cf38a9ae\"},\"headline\":\"\u00bfQuieres saber d\u00f3nde ver &#8216;La Resistencia&#8217;? Conoce todo sobre la nueva temporada\",\"datePublished\":\"2021-09-16T08:30:00+00:00\",\"dateModified\":\"2024-03-11T11:20:39+00:00\",\"mainEntityOfPage\":{\"@id\":\"https:\/\/www.movistar.es\/blog\/movistar-plus\/ver-la-resistencia-movistarplus\/\"},\"wordCount\":1051,\"publisher\":{\"@id\":\"https:\/\/www.movistar.es\/blog\/#organization\"},\"image\":{\"@id\":\"https:\/\/www.movistar.es\/blog\/movistar-plus\/ver-la-resistencia-movistarplus\/#primaryimage\"},\"thumbnailUrl\":\"https:\/\/www.movistar.es\/blog\/wp-content\/uploads\/sites\/3\/2021\/09\/F4126690.jpg\",\"inLanguage\":\"es\"},{\"@type\":\"WebPage\",\"@id\":\"https:\/\/www.movistar.es\/blog\/movistar-plus\/ver-la-resistencia-movistarplus\/\",\"url\":\"https:\/\/www.movistar.es\/blog\/movistar-plus\/ver-la-resistencia-movistarplus\/\",\"name\":\"Ver La Resistencia: \u00bfcu\u00e1ndo podr\u00e1s sintonizar la nueva temporada?\",\"isPartOf\":{\"@id\":\"https:\/\/www.movistar.es\/blog\/#website\"},\"primaryImageOfPage\":{\"@id\":\"https:\/\/www.movistar.es\/blog\/movistar-plus\/ver-la-resistencia-movistarplus\/#primaryimage\"},\"image\":{\"@id\":\"https:\/\/www.movistar.es\/blog\/movistar-plus\/ver-la-resistencia-movistarplus\/#primaryimage\"},\"thumbnailUrl\":\"https:\/\/www.movistar.es\/blog\/wp-content\/uploads\/sites\/3\/2021\/09\/F4126690.jpg\",\"datePublished\":\"2021-09-16T08:30:00+00:00\",\"dateModified\":\"2024-03-11T11:20:39+00:00\",\"description\":\"\u00bfQuieres ver La Resistencia? Descubre en Movistar+ la nueva temporada del programa de entrevistas de David Broncano.\",\"breadcrumb\":{\"@id\":\"https:\/\/www.movistar.es\/blog\/movistar-plus\/ver-la-resistencia-movistarplus\/#breadcrumb\"},\"inLanguage\":\"es\",\"potentialAction\":[{\"@type\":\"ReadAction\",\"target\":[\"https:\/\/www.movistar.es\/blog\/movistar-plus\/ver-la-resistencia-movistarplus\/\"]}]},{\"@type\":\"ImageObject\",\"inLanguage\":\"es\",\"@id\":\"https:\/\/www.movistar.es\/blog\/movistar-plus\/ver-la-resistencia-movistarplus\/#primaryimage\",\"url\":\"https:\/\/www.movistar.es\/blog\/wp-content\/uploads\/sites\/3\/2021\/09\/F4126690.jpg\",\"contentUrl\":\"https:\/\/www.movistar.es\/blog\/wp-content\/uploads\/sites\/3\/2021\/09\/F4126690.jpg\",\"width\":1920,\"height\":1080,\"caption\":\"d\u00f3nde ver la resistencia\"},{\"@type\":\"BreadcrumbList\",\"@id\":\"https:\/\/www.movistar.es\/blog\/movistar-plus\/ver-la-resistencia-movistarplus\/#breadcrumb\",\"itemListElement\":[{\"@type\":\"ListItem\",\"position\":1,\"name\":\"Home\",\"item\":\"https:\/\/www.movistar.es\/blog\/\"},{\"@type\":\"ListItem\",\"position\":2,\"name\":\"\u00bfQuieres saber d\u00f3nde ver &#8216;La Resistencia&#8217;? Conoce todo sobre la nueva temporada\"}]},{\"@type\":\"WebSite\",\"@id\":\"https:\/\/www.movistar.es\/blog\/#website\",\"url\":\"https:\/\/www.movistar.es\/blog\/\",\"name\":\"Movistar blog\",\"description\":\"Movistar Blog. Informaci\u00f3n y m\u00e1s sobre los productos y servicios de Movistar\",\"publisher\":{\"@id\":\"https:\/\/www.movistar.es\/blog\/#organization\"},\"potentialAction\":[{\"@type\":\"SearchAction\",\"target\":{\"@type\":\"EntryPoint\",\"urlTemplate\":\"https:\/\/www.movistar.es\/blog\/?s={search_term_string}\"},\"query-input\":{\"@type\":\"PropertyValueSpecification\",\"valueRequired\":true,\"valueName\":\"search_term_string\"}}],\"inLanguage\":\"es\"},{\"@type\":\"Organization\",\"@id\":\"https:\/\/www.movistar.es\/blog\/#organization\",\"name\":\"Movistar blog\",\"url\":\"https:\/\/www.movistar.es\/blog\/\",\"logo\":{\"@type\":\"ImageObject\",\"inLanguage\":\"es\",\"@id\":\"https:\/\/www.movistar.es\/blog\/#\/schema\/logo\/image\/\",\"url\":\"https:\/\/www.movistar.es\/blog\/wp-content\/uploads\/sites\/3\/2022\/05\/logo_movistar-1.svg\",\"contentUrl\":\"https:\/\/www.movistar.es\/blog\/wp-content\/uploads\/sites\/3\/2022\/05\/logo_movistar-1.svg\",\"width\":369,\"height\":272,\"caption\":\"Movistar blog\"},\"image\":{\"@id\":\"https:\/\/www.movistar.es\/blog\/#\/schema\/logo\/image\/\"}},{\"@type\":\"Person\",\"@id\":\"https:\/\/www.movistar.es\/blog\/#\/schema\/person\/6709434912eb0daaaddee544cf38a9ae\",\"name\":\"Moncho Terol\",\"image\":{\"@type\":\"ImageObject\",\"inLanguage\":\"es\",\"@id\":\"https:\/\/www.movistar.es\/blog\/#\/schema\/person\/image\/776a94a272c4bed6827bd6063bc4c464\",\"url\":\"https:\/\/secure.gravatar.com\/avatar\/657d2881666fa6ff6ec0626d654e2371b6c96dba39c3cba27d62cb7467aceb02\",\"contentUrl\":\"https:\/\/secure.gravatar.com\/avatar\/657d2881666fa6ff6ec0626d654e2371b6c96dba39c3cba27d62cb7467aceb02\",\"caption\":\"Moncho Terol\"},\"description\":\"El futuro lo escribimos todos juntos. Me gustan las redes y la conectividad.\",\"url\":\"https:\/\/www.movistar.es\/blog\/author\/monchoterol\/\"}]}<\/script>\n<!-- \/ Yoast SEO Premium plugin. -->","yoast_head_json":{"title":"Ver La Resistencia: \u00bfcu\u00e1ndo podr\u00e1s sintonizar la nueva temporada?","description":"\u00bfQuieres ver La Resistencia? Descubre en Movistar+ la nueva temporada del programa de entrevistas de David Broncano.","robots":{"index":"index","follow":"follow","max-snippet":"max-snippet:-1","max-image-preview":"max-image-preview:large","max-video-preview":"max-video-preview:-1"},"canonical":"https:\/\/www.movistar.es\/blog\/movistar-plus\/ver-la-resistencia-movistarplus\/","og_locale":"es_ES","og_type":"article","og_title":"\u00bfQuieres saber d\u00f3nde ver 'La Resistencia'? Conoce todo sobre la nueva temporada","og_description":"\u00bfQuieres ver La Resistencia? Descubre en Movistar+ la nueva temporada del programa de entrevistas de David Broncano.","og_url":"https:\/\/www.movistar.es\/blog\/movistar-plus\/ver-la-resistencia-movistarplus\/","og_site_name":"Movistar blog","article_published_time":"2021-09-16T08:30:00+00:00","article_modified_time":"2024-03-11T11:20:39+00:00","og_image":[{"width":1920,"height":1080,"url":"https:\/\/www.movistar.es\/blog\/wp-content\/uploads\/sites\/3\/2021\/09\/F4126690.jpg","type":"image\/jpeg"}],"author":"Moncho Terol","twitter_card":"summary_large_image","twitter_misc":{"Written by":"Moncho Terol","Est. reading time":"5 minutos"},"schema":{"@context":"https:\/\/schema.org","@graph":[{"@type":"Article","@id":"https:\/\/www.movistar.es\/blog\/movistar-plus\/ver-la-resistencia-movistarplus\/#article","isPartOf":{"@id":"https:\/\/www.movistar.es\/blog\/movistar-plus\/ver-la-resistencia-movistarplus\/"},"author":{"name":"Moncho Terol","@id":"https:\/\/www.movistar.es\/blog\/#\/schema\/person\/6709434912eb0daaaddee544cf38a9ae"},"headline":"\u00bfQuieres saber d\u00f3nde ver &#8216;La Resistencia&#8217;? Conoce todo sobre la nueva temporada","datePublished":"2021-09-16T08:30:00+00:00","dateModified":"2024-03-11T11:20:39+00:00","mainEntityOfPage":{"@id":"https:\/\/www.movistar.es\/blog\/movistar-plus\/ver-la-resistencia-movistarplus\/"},"wordCount":1051,"publisher":{"@id":"https:\/\/www.movistar.es\/blog\/#organization"},"image":{"@id":"https:\/\/www.movistar.es\/blog\/movistar-plus\/ver-la-resistencia-movistarplus\/#primaryimage"},"thumbnailUrl":"https:\/\/www.movistar.es\/blog\/wp-content\/uploads\/sites\/3\/2021\/09\/F4126690.jpg","inLanguage":"es"},{"@type":"WebPage","@id":"https:\/\/www.movistar.es\/blog\/movistar-plus\/ver-la-resistencia-movistarplus\/","url":"https:\/\/www.movistar.es\/blog\/movistar-plus\/ver-la-resistencia-movistarplus\/","name":"Ver La Resistencia: \u00bfcu\u00e1ndo podr\u00e1s sintonizar la nueva temporada?","isPartOf":{"@id":"https:\/\/www.movistar.es\/blog\/#website"},"primaryImageOfPage":{"@id":"https:\/\/www.movistar.es\/blog\/movistar-plus\/ver-la-resistencia-movistarplus\/#primaryimage"},"image":{"@id":"https:\/\/www.movistar.es\/blog\/movistar-plus\/ver-la-resistencia-movistarplus\/#primaryimage"},"thumbnailUrl":"https:\/\/www.movistar.es\/blog\/wp-content\/uploads\/sites\/3\/2021\/09\/F4126690.jpg","datePublished":"2021-09-16T08:30:00+00:00","dateModified":"2024-03-11T11:20:39+00:00","description":"\u00bfQuieres ver La Resistencia? Descubre en Movistar+ la nueva temporada del programa de entrevistas de David Broncano.","breadcrumb":{"@id":"https:\/\/www.movistar.es\/blog\/movistar-plus\/ver-la-resistencia-movistarplus\/#breadcrumb"},"inLanguage":"es","potentialAction":[{"@type":"ReadAction","target":["https:\/\/www.movistar.es\/blog\/movistar-plus\/ver-la-resistencia-movistarplus\/"]}]},{"@type":"ImageObject","inLanguage":"es","@id":"https:\/\/www.movistar.es\/blog\/movistar-plus\/ver-la-resistencia-movistarplus\/#primaryimage","url":"https:\/\/www.movistar.es\/blog\/wp-content\/uploads\/sites\/3\/2021\/09\/F4126690.jpg","contentUrl":"https:\/\/www.movistar.es\/blog\/wp-content\/uploads\/sites\/3\/2021\/09\/F4126690.jpg","width":1920,"height":1080,"caption":"d\u00f3nde ver la resistencia"},{"@type":"BreadcrumbList","@id":"https:\/\/www.movistar.es\/blog\/movistar-plus\/ver-la-resistencia-movistarplus\/#breadcrumb","itemListElement":[{"@type":"ListItem","position":1,"name":"Home","item":"https:\/\/www.movistar.es\/blog\/"},{"@type":"ListItem","position":2,"name":"\u00bfQuieres saber d\u00f3nde ver &#8216;La Resistencia&#8217;? Conoce todo sobre la nueva temporada"}]},{"@type":"WebSite","@id":"https:\/\/www.movistar.es\/blog\/#website","url":"https:\/\/www.movistar.es\/blog\/","name":"Movistar blog","description":"Movistar Blog. Informaci\u00f3n y m\u00e1s sobre los productos y servicios de Movistar","publisher":{"@id":"https:\/\/www.movistar.es\/blog\/#organization"},"potentialAction":[{"@type":"SearchAction","target":{"@type":"EntryPoint","urlTemplate":"https:\/\/www.movistar.es\/blog\/?s={search_term_string}"},"query-input":{"@type":"PropertyValueSpecification","valueRequired":true,"valueName":"search_term_string"}}],"inLanguage":"es"},{"@type":"Organization","@id":"https:\/\/www.movistar.es\/blog\/#organization","name":"Movistar blog","url":"https:\/\/www.movistar.es\/blog\/","logo":{"@type":"ImageObject","inLanguage":"es","@id":"https:\/\/www.movistar.es\/blog\/#\/schema\/logo\/image\/","url":"https:\/\/www.movistar.es\/blog\/wp-content\/uploads\/sites\/3\/2022\/05\/logo_movistar-1.svg","contentUrl":"https:\/\/www.movistar.es\/blog\/wp-content\/uploads\/sites\/3\/2022\/05\/logo_movistar-1.svg","width":369,"height":272,"caption":"Movistar blog"},"image":{"@id":"https:\/\/www.movistar.es\/blog\/#\/schema\/logo\/image\/"}},{"@type":"Person","@id":"https:\/\/www.movistar.es\/blog\/#\/schema\/person\/6709434912eb0daaaddee544cf38a9ae","name":"Moncho Terol","image":{"@type":"ImageObject","inLanguage":"es","@id":"https:\/\/www.movistar.es\/blog\/#\/schema\/person\/image\/776a94a272c4bed6827bd6063bc4c464","url":"https:\/\/secure.gravatar.com\/avatar\/657d2881666fa6ff6ec0626d654e2371b6c96dba39c3cba27d62cb7467aceb02","contentUrl":"https:\/\/secure.gravatar.com\/avatar\/657d2881666fa6ff6ec0626d654e2371b6c96dba39c3cba27d62cb7467aceb02","caption":"Moncho Terol"},"description":"El futuro lo escribimos todos juntos. Me gustan las redes y la conectividad.","url":"https:\/\/www.movistar.es\/blog\/author\/monchoterol\/"}]}},"jetpack_featured_media_url":"https:\/\/www.movistar.es\/blog\/wp-content\/uploads\/sites\/3\/2021\/09\/F4126690.jpg","jetpack_sharing_enabled":true,"_links":{"self":[{"href":"https:\/\/www.movistar.es\/blog\/wp-json\/wp\/v2\/posts\/2781","targetHints":{"allow":["GET"]}}],"collection":[{"href":"https:\/\/www.movistar.es\/blog\/wp-json\/wp\/v2\/posts"}],"about":[{"href":"https:\/\/www.movistar.es\/blog\/wp-json\/wp\/v2\/types\/post"}],"author":[{"embeddable":true,"href":"https:\/\/www.movistar.es\/blog\/wp-json\/wp\/v2\/users\/55"}],"replies":[{"embeddable":true,"href":"https:\/\/www.movistar.es\/blog\/wp-json\/wp\/v2\/comments?post=2781"}],"version-history":[{"count":7,"href":"https:\/\/www.movistar.es\/blog\/wp-json\/wp\/v2\/posts\/2781\/revisions"}],"predecessor-version":[{"id":24651,"href":"https:\/\/www.movistar.es\/blog\/wp-json\/wp\/v2\/posts\/2781\/revisions\/24651"}],"wp:featuredmedia":[{"embeddable":true,"href":"https:\/\/www.movistar.es\/blog\/wp-json\/wp\/v2\/media\/17144"}],"wp:attachment":[{"href":"https:\/\/www.movistar.es\/blog\/wp-json\/wp\/v2\/media?parent=2781"}],"wp:term":[{"taxonomy":"category","embeddable":true,"href":"https:\/\/www.movistar.es\/blog\/wp-json\/wp\/v2\/categories?post=2781"},{"taxonomy":"post_tag","embeddable":true,"href":"https:\/\/www.movistar.es\/blog\/wp-json\/wp\/v2\/tags?post=2781"},{"taxonomy":"area","embeddable":true,"href":"https:\/\/www.movistar.es\/blog\/wp-json\/wp\/v2\/area?post=2781"},{"taxonomy":"cluster","embeddable":true,"href":"https:\/\/www.movistar.es\/blog\/wp-json\/wp\/v2\/cluster?post=2781"},{"taxonomy":"linea_editorial","embeddable":true,"href":"https:\/\/www.movistar.es\/blog\/wp-json\/wp\/v2\/linea_editorial?post=2781"},{"taxonomy":"author","embeddable":true,"href":"https:\/\/www.movistar.es\/blog\/wp-json\/wp\/v2\/coauthors?post=2781"}],"curies":[{"name":"wp","href":"https:\/\/api.w.org\/{rel}","templated":true}]}}