{"id":2778,"date":"2021-09-07T19:00:00","date_gmt":"2021-09-07T17:00:00","guid":{"rendered":"https:\/\/www.movistar.es\/blog\/estrenos-movistar-septiembre-2021\/"},"modified":"2023-01-23T13:27:11","modified_gmt":"2023-01-23T12:27:11","slug":"estrenos-movistar-septiembre-2021","status":"publish","type":"post","link":"https:\/\/www.movistar.es\/blog\/movistar-plus\/estrenos-movistar-septiembre-2021\/","title":{"rendered":"Series de estreno Movistar+ septiembre 2021"},"content":{"rendered":"\n<p>Dice la canci\u00f3n \u201cdespi\u00e9rtame cuando termine septiembre\u201d, pero para nosotros, que somos optimistas y sabemos que a\u00fan queda verano, septiembre nos trae otra magn\u00edfica tanda de estrenos <a href=\"https:\/\/blogthinkbig.com\/guia-movistar-movistar-plus\">Movistar+<\/a> septiembre 2021 que no querr\u00e1s perderte.<\/p>\n\n\n\n<p>As\u00ed que, sin m\u00e1s dilaci\u00f3n, vamos con los estrenos y nuevas temporadas de este mes. \u00a1Y recuerda! Si tienes en tu casa el&nbsp;<a href=\"https:\/\/blogthinkbig.com\/descubre-como-sacar-el-maximo-partido-de-movistar-con-el-nuevo-mando-vocal\" target=\"_blank\" rel=\"noreferrer noopener\">Mando Vocal de Movistar+<\/a>&nbsp;o el <a href=\"https:\/\/blogthinkbig.com\/app-movistar-plus-para-smart-tv\" target=\"_blank\" rel=\"noreferrer noopener\">dispositivo&nbsp;<\/a><a href=\"https:\/\/blogthinkbig.com\/movistar-home\" target=\"_blank\" rel=\"noreferrer noopener\">Movistar Home<\/a>, gracias a la integraci\u00f3n de<a href=\"https:\/\/www.movistar.es\/particulares\/Aura\/\" target=\"_blank\" rel=\"noreferrer noopener\">&nbsp;Aura, el asistente virtual de Movistar<\/a>, puedes pedir con la voz recomendaciones sobre t\u00edtulos, directores, g\u00e9neros o actores.<\/p>\n\n\n\n<h2 class=\"wp-block-heading\" class=\"wp-block-heading\" id=\"nuestros-estrenos-movistar-septiembre-2021\">Nuestros estrenos Movistar+ septiembre 2021<\/h2>\n\n\n\n<figure class=\"wp-block-image size-large\"><img decoding=\"async\" src=\"https:\/\/blogthinkbig.com\/wp-content\/uploads\/sites\/4\/2021\/09\/1842495_Canal-Plus-Series_VIGIL-CONSPIRACION-NUCLEAR-I-TEMPORADA1-1024x613-1.jpg?resize=610,365\" alt=\"Estreno Movistar+ septiembre 2021: Vigil: Conspiraci\u00f3n nuclear\" class=\"wp-image-200967\"\/><\/figure>\n\n\n\n<h2 class=\"wp-block-heading\" id=\"h-vigil-conspiraci-n-nuclear\">&#8216;Vigil: conspiraci\u00f3n nuclear&#8217;<\/h2>\n\n\n\n<p>El 13 de septiembre se estrena en Movistar+ esta serie de investigaci\u00f3n nos trae un comienzo claustrof\u00f3bico dentro de un submarino.<\/p>\n\n\n\n<p>La brillante y fr\u00e1gil detective Amy Silva (Suranne Jones) es enviada al submarino HMS Vigil para investigar la misteriosa muerte de uno de sus tripulantes. Cuando la escotilla se cierra encima de su cabeza, la realidad que encuentra es muy distinta a lo esperado. Dentro del submarino el secretismo, las jerarqu\u00edas y el claustrof\u00f3bico escenario complican la investigaci\u00f3n, y la tripulaci\u00f3n se muestra reacia a colaborar. Mientras tanto, en tierra, su compa\u00f1era y confidente Kirsten Longacre (Rose Leslie) hace sus propias indagaciones. El caso pronto trasciende las paredes del submarino y desvela una conspiraci\u00f3n que amenaza el coraz\u00f3n mismo de la seguridad nacional brit\u00e1nica.<\/p>\n\n\n\n<figure class=\"wp-block-image size-large\"><img decoding=\"async\" src=\"https:\/\/blogthinkbig.com\/wp-content\/uploads\/sites\/4\/2021\/09\/American-Rust-1-1024x576-1.jpg?resize=610,343\" alt=\"Estreno Movistar+ septiembre 2021: American Rust\" class=\"wp-image-200968\"\/><\/figure>\n\n\n\n<h2 class=\"wp-block-heading\" class=\"wp-block-heading\" id=\"american-rust\">&#8216;American Rust&#8217;<\/h2>\n\n\n\n<p>Este drama de la Am\u00e9rica profunda visto a trav\u00e9s de los ojos del jefe de polic\u00eda no va a dejar indiferente al espectador.<br>Del Harris (Jeff Daniels) es el comprometido y tambi\u00e9n complejo jefe de polic\u00eda de Buell, una localidad al suroeste de Pennsylvania. De las muchas que forman el denominado \u201ccintur\u00f3n de \u00f3xido\u201d estadounidense, la regi\u00f3n m\u00e1s industrializada del pa\u00eds, castigada por la crisis a principios de los 2000. Un pueblo lleno de gente con buenas intenciones, pero v\u00edctimas de malas decisiones. Cuando Grace Poe (Maura Tierney), la mujer con la que Harris mantiene una relaci\u00f3n clandestina ve c\u00f3mo acusan a su hijo Billy de asesinato, Harris debe decidir hasta d\u00f3nde est\u00e1 dispuesto a llegar para protegerlo.<\/p>\n\n\n\n<figure class=\"wp-block-image size-large\"><img decoding=\"async\" src=\"https:\/\/blogthinkbig.com\/wp-content\/uploads\/sites\/4\/2021\/09\/BILLIONST5-1024x683-1.jpg?resize=610,407\" alt=\"Estreno Movistar+ para septiembre 2021: Billions, quinta temporada (segunda parte) \" class=\"wp-image-200969\"\/><\/figure>\n\n\n\n<h2 class=\"wp-block-heading\" class=\"wp-block-heading\" id=\"billions-t5-segunda-parte\">&#8216;Billions&#8217; T5 (segunda parte)<\/h2>\n\n\n\n<p>Ya disponible en tu dial, vuelve Billions con nuevos episodios.<\/p>\n\n\n\n<p>Corey Stoll (&#8216;House of Cards&#8217;) se mantiene como el nuevo gran rival de Axe. El actor encarna a Mike Prince, que viene a ser como una versi\u00f3n mejorada de Axe, pero sin su impulsividad, su agresividad y sus fallos. Prince se muestra enfocado, seguro y sereno a la hora de abordar sus objetivos empresariales y econ\u00f3micos. Este poderoso multimillonario le dar\u00e1 a Chuck Rhoades (Paul Giamatti) un arma potencial en su lucha contra Bobby Axelrod (Damian Lewis). Alianzas que se crean, se rompen y se crean de nuevo, y todos, desde Taylor (Asia Kate Dillon) hasta Wendy (Maggie Siff), se ven envueltos en un conflicto, que est\u00e1 muy cerca de destruir todo lo que valoran.<\/p>\n\n\n\n<figure class=\"wp-block-image size-large\"><img decoding=\"async\" src=\"https:\/\/blogthinkbig.com\/wp-content\/uploads\/sites\/4\/2021\/09\/Work-in-progress-temporada-2-5-1024x576-1.jpg?resize=610,343\" alt=\"Work in Progress, segunda temporada\" class=\"wp-image-200970\"\/><\/figure>\n\n\n\n<h2 class=\"wp-block-heading\" class=\"wp-block-heading\" id=\"work-in-progress-t2\">&#8216;Work in Progress&#8217; T2<\/h2>\n\n\n\n<p>Tendremos que esperar hasta el 19 de septiembre para disfrutar de la segunda temporada de Work in Progress en Movistar+.<\/p>\n\n\n\n<p>En la segunda temporada, Abby ha asumido a rega\u00f1adientes que est\u00e1 demasiado ocupada como para pensar en suicidarse. De hecho, a pesar de su ruptura con Chris, parece que por fin empieza a ver la luz al final del t\u00fanel tras a\u00f1os de depresi\u00f3n y mala suerte. L\u00e1stima que una pandemia y una emergencia familiar hayan llegado de repente para complicar de nuevo su existencia.<\/p>\n\n\n\n<figure class=\"wp-block-image size-large\"><img decoding=\"async\" src=\"https:\/\/blogthinkbig.com\/wp-content\/uploads\/sites\/4\/2021\/09\/ap-bio-T4-cartel-1024x487-1.jpg?resize=610,290\" alt=\" A.P. Bio, cuarta temporada\" class=\"wp-image-200972\"\/><\/figure>\n\n\n\n<h2 class=\"wp-block-heading\" class=\"wp-block-heading\" id=\"a-p-bio-t4\">&#8216;A.P. Bio&#8217; T4<\/h2>\n\n\n\n<p>A finales de septiembre, en concreto el d\u00eda 23 llega la 4\u00aa temporada de A. P. Bio a Movistar+.<\/p>\n\n\n\n<p>En esta temporada, las cosas en Whitlock High prometen volverse m\u00e1s locas. Jack Griffin (Glenn Howerton) sigue siendo igual de detestable y pasota, pero esta temporada se enfrenta a un reto inesperado: la llegada de su padre John Griffin (Bruce Campbell, &#8216;Posesi\u00f3n infernal&#8217;, &#8216;Ash vs. Evil Dead&#8217;), al que no ve\u00eda desde hace 20 a\u00f1os. Mientras tanto, el director Durbin (Patton Oswalt) trata de mantener el control ante nuevas situaciones de crisis, como la posible aparici\u00f3n de un culto entre los alumnos cuando opta por imponer el uso de uniformes, el creciente estr\u00e9s de la profesora de gimnasia Demarcus (Paula Pell) o la amenaza de un tornado.<\/p>\n\n\n\n<figure class=\"wp-block-image size-large\"><img decoding=\"async\" src=\"https:\/\/blogthinkbig.com\/wp-content\/uploads\/sites\/4\/2021\/09\/HOLLYWOOD-EN-PRIMER-PLANO-EMMYS-2021-1024x576-1.jpg?resize=610,343\" alt=\"Estreno Movistar+ para septiembre 2021: Sigue en exclusiva los Premios Emmy 2021\" class=\"wp-image-200973\"\/><\/figure>\n\n\n\n<h2 class=\"wp-block-heading\" class=\"wp-block-heading\" id=\"hollywood-en-primer-plano-premios-emmy-2021\">Hollywood en primer plano. Premios Emmy 2021<\/h2>\n\n\n\n<p>Si eres de los que no se pierden ni una gala te encantar\u00e1 saber que este septiembre en Movistar+ tendremos la retransmisi\u00f3n en directo de la gala de los Emmy en exclusiva en la madrugada del 19 al 20 de septiembre.<\/p>\n\n\n\n<p>Guionistas de comedias, como Chuck Lorre o Wanda Sykes, actores como Ted Danson, Ben Platt o Pete Davidson y actrices como Jean Smart, Lena Waithe o Cristin Milioti. hhowrunners como Ethan Hawke o Peter Morgan, actores como John Boyega, Chris Rock o Josh O\u2019Connor y actrices como Gillian Anderson, Anya Taylor-Joy o Elizabeth Olsen. Los nombres m\u00e1s importantes de la temporada televisiva 2020-2021 se sientan a hablar sin tapujos de sus series, de su trabajo en la industria y de lo que supone ser parte de los t\u00edtulos m\u00e1s nominados del a\u00f1o en los Emmy en una nueva \u00e9poca dorada de la televisi\u00f3n, que brilla en las plataformas de streaming.<\/p>\n\n\n\n<p><br>\u00bfCu\u00e1l de los estrenos Movistar+ septiembre 2021 esperas con m\u00e1s ganas?<\/p>\n","protected":false},"excerpt":{"rendered":"<p>Dice la canci\u00f3n \u201cdespi\u00e9rtame cuando termine septiembre\u201d, pero para nosotros, que somos optimistas y sabemos que a\u00fan queda verano, septiembre nos trae otra magn\u00edfica tanda de estrenos Movistar+ septiembre 2021 que no querr\u00e1s perderte. As\u00ed [&hellip;]<\/p>\n","protected":false},"author":112,"featured_media":554,"comment_status":"closed","ping_status":"closed","sticky":false,"template":"","format":"standard","meta":{"site-sidebar-layout":"default","site-content-layout":"","ast-site-content-layout":"","site-content-style":"default","site-sidebar-style":"default","ast-global-header-display":"","ast-banner-title-visibility":"","ast-main-header-display":"","ast-hfb-above-header-display":"","ast-hfb-below-header-display":"","ast-hfb-mobile-header-display":"","site-post-title":"","ast-breadcrumbs-content":"","ast-featured-img":"","footer-sml-layout":"","theme-transparent-header-meta":"","adv-header-id-meta":"","stick-header-meta":"","header-above-stick-meta":"","header-main-stick-meta":"","header-below-stick-meta":"","astra-migrate-meta-layouts":"default","ast-page-background-enabled":"default","ast-page-background-meta":{"desktop":{"background-color":"var(--ast-global-color-4)","background-image":"","background-repeat":"repeat","background-position":"center center","background-size":"auto","background-attachment":"scroll","background-type":"","background-media":"","overlay-type":"","overlay-color":"","overlay-opacity":"","overlay-gradient":""},"tablet":{"background-color":"","background-image":"","background-repeat":"repeat","background-position":"center center","background-size":"auto","background-attachment":"scroll","background-type":"","background-media":"","overlay-type":"","overlay-color":"","overlay-opacity":"","overlay-gradient":""},"mobile":{"background-color":"","background-image":"","background-repeat":"repeat","background-position":"center center","background-size":"auto","background-attachment":"scroll","background-type":"","background-media":"","overlay-type":"","overlay-color":"","overlay-opacity":"","overlay-gradient":""}},"ast-content-background-meta":{"desktop":{"background-color":"var(--ast-global-color-5)","background-image":"","background-repeat":"repeat","background-position":"center center","background-size":"auto","background-attachment":"scroll","background-type":"","background-media":"","overlay-type":"","overlay-color":"","overlay-opacity":"","overlay-gradient":""},"tablet":{"background-color":"var(--ast-global-color-5)","background-image":"","background-repeat":"repeat","background-position":"center center","background-size":"auto","background-attachment":"scroll","background-type":"","background-media":"","overlay-type":"","overlay-color":"","overlay-opacity":"","overlay-gradient":""},"mobile":{"background-color":"var(--ast-global-color-5)","background-image":"","background-repeat":"repeat","background-position":"center center","background-size":"auto","background-attachment":"scroll","background-type":"","background-media":"","overlay-type":"","overlay-color":"","overlay-opacity":"","overlay-gradient":""}},"_jetpack_memberships_contains_paid_content":false,"footnotes":""},"categories":[1],"tags":[],"area":[7],"cluster":[45],"linea_editorial":[9],"coauthors":[491],"class_list":["post-2778","post","type-post","status-publish","format-standard","has-post-thumbnail","hentry","category-sin-categoria","area-digital-client","cluster-movistar-plus","linea_editorial-movistar"],"yoast_head":"<!-- This site is optimized with the Yoast SEO Premium plugin v25.5 (Yoast SEO v25.5) - https:\/\/yoast.com\/wordpress\/plugins\/seo\/ -->\n<title>Estrenos Movistar+ septiembre 2021, los m\u00e1s esperados<\/title>\n<meta name=\"description\" content=\"Consulta los estrenos Movistar+ septiembre 2021, series, eventos en exclusiva y mucho m\u00e1s gracias al mando vocal de Movistar+\" \/>\n<meta name=\"robots\" content=\"index, follow, max-snippet:-1, max-image-preview:large, max-video-preview:-1\" \/>\n<link rel=\"canonical\" href=\"https:\/\/www.movistar.es\/blog\/movistar-plus\/estrenos-movistar-septiembre-2021\/\" \/>\n<meta property=\"og:locale\" content=\"es_ES\" \/>\n<meta property=\"og:type\" content=\"article\" \/>\n<meta property=\"og:title\" content=\"Series de estreno Movistar+ septiembre 2021\" \/>\n<meta property=\"og:description\" content=\"Consulta los estrenos Movistar+ septiembre 2021, series, eventos en exclusiva y mucho m\u00e1s gracias al mando vocal de Movistar+\" \/>\n<meta property=\"og:url\" content=\"https:\/\/www.movistar.es\/blog\/movistar-plus\/estrenos-movistar-septiembre-2021\/\" \/>\n<meta property=\"og:site_name\" content=\"Movistar blog\" \/>\n<meta property=\"article:published_time\" content=\"2021-09-07T17:00:00+00:00\" \/>\n<meta property=\"article:modified_time\" content=\"2023-01-23T12:27:11+00:00\" \/>\n<meta property=\"og:image\" content=\"https:\/\/www.movistar.es\/blog\/wp-content\/uploads\/sites\/3\/2022\/04\/ima_1040x650_Nuevas_Series_02.jpg\" \/>\n\t<meta property=\"og:image:width\" content=\"1040\" \/>\n\t<meta property=\"og:image:height\" content=\"650\" \/>\n\t<meta property=\"og:image:type\" content=\"image\/jpeg\" \/>\n<meta name=\"author\" content=\"Redacci\u00f3n Movistar Plus+\" \/>\n<meta name=\"twitter:card\" content=\"summary_large_image\" \/>\n<meta name=\"twitter:creator\" content=\"@MovistarFutbol\" \/>\n<meta name=\"twitter:label1\" content=\"Written by\" \/>\n\t<meta name=\"twitter:data1\" content=\"Redacci\u00f3n Movistar Plus+\" \/>\n\t<meta name=\"twitter:label2\" content=\"Est. reading time\" \/>\n\t<meta name=\"twitter:data2\" content=\"5 minutos\" \/>\n<script type=\"application\/ld+json\" class=\"yoast-schema-graph\">{\"@context\":\"https:\/\/schema.org\",\"@graph\":[{\"@type\":\"Article\",\"@id\":\"https:\/\/www.movistar.es\/blog\/movistar-plus\/estrenos-movistar-septiembre-2021\/#article\",\"isPartOf\":{\"@id\":\"https:\/\/www.movistar.es\/blog\/movistar-plus\/estrenos-movistar-septiembre-2021\/\"},\"author\":{\"name\":\"Redacci\u00f3n Movistar Plus+\",\"@id\":\"https:\/\/www.movistar.es\/blog\/#\/schema\/person\/189877e959457e9014d2a5e8d6fe946d\"},\"headline\":\"Series de estreno Movistar+ septiembre 2021\",\"datePublished\":\"2021-09-07T17:00:00+00:00\",\"dateModified\":\"2023-01-23T12:27:11+00:00\",\"mainEntityOfPage\":{\"@id\":\"https:\/\/www.movistar.es\/blog\/movistar-plus\/estrenos-movistar-septiembre-2021\/\"},\"wordCount\":914,\"publisher\":{\"@id\":\"https:\/\/www.movistar.es\/blog\/#organization\"},\"image\":{\"@id\":\"https:\/\/www.movistar.es\/blog\/movistar-plus\/estrenos-movistar-septiembre-2021\/#primaryimage\"},\"thumbnailUrl\":\"https:\/\/www.movistar.es\/blog\/wp-content\/uploads\/sites\/3\/2022\/04\/ima_1040x650_Nuevas_Series_02.jpg\",\"inLanguage\":\"es\"},{\"@type\":\"WebPage\",\"@id\":\"https:\/\/www.movistar.es\/blog\/movistar-plus\/estrenos-movistar-septiembre-2021\/\",\"url\":\"https:\/\/www.movistar.es\/blog\/movistar-plus\/estrenos-movistar-septiembre-2021\/\",\"name\":\"Estrenos Movistar+ septiembre 2021, los m\u00e1s esperados\",\"isPartOf\":{\"@id\":\"https:\/\/www.movistar.es\/blog\/#website\"},\"primaryImageOfPage\":{\"@id\":\"https:\/\/www.movistar.es\/blog\/movistar-plus\/estrenos-movistar-septiembre-2021\/#primaryimage\"},\"image\":{\"@id\":\"https:\/\/www.movistar.es\/blog\/movistar-plus\/estrenos-movistar-septiembre-2021\/#primaryimage\"},\"thumbnailUrl\":\"https:\/\/www.movistar.es\/blog\/wp-content\/uploads\/sites\/3\/2022\/04\/ima_1040x650_Nuevas_Series_02.jpg\",\"datePublished\":\"2021-09-07T17:00:00+00:00\",\"dateModified\":\"2023-01-23T12:27:11+00:00\",\"description\":\"Consulta los estrenos Movistar+ septiembre 2021, series, eventos en exclusiva y mucho m\u00e1s gracias al mando vocal de Movistar+\",\"breadcrumb\":{\"@id\":\"https:\/\/www.movistar.es\/blog\/movistar-plus\/estrenos-movistar-septiembre-2021\/#breadcrumb\"},\"inLanguage\":\"es\",\"potentialAction\":[{\"@type\":\"ReadAction\",\"target\":[\"https:\/\/www.movistar.es\/blog\/movistar-plus\/estrenos-movistar-septiembre-2021\/\"]}]},{\"@type\":\"ImageObject\",\"inLanguage\":\"es\",\"@id\":\"https:\/\/www.movistar.es\/blog\/movistar-plus\/estrenos-movistar-septiembre-2021\/#primaryimage\",\"url\":\"https:\/\/www.movistar.es\/blog\/wp-content\/uploads\/sites\/3\/2022\/04\/ima_1040x650_Nuevas_Series_02.jpg\",\"contentUrl\":\"https:\/\/www.movistar.es\/blog\/wp-content\/uploads\/sites\/3\/2022\/04\/ima_1040x650_Nuevas_Series_02.jpg\",\"width\":1040,\"height\":650},{\"@type\":\"BreadcrumbList\",\"@id\":\"https:\/\/www.movistar.es\/blog\/movistar-plus\/estrenos-movistar-septiembre-2021\/#breadcrumb\",\"itemListElement\":[{\"@type\":\"ListItem\",\"position\":1,\"name\":\"Home\",\"item\":\"https:\/\/www.movistar.es\/blog\/\"},{\"@type\":\"ListItem\",\"position\":2,\"name\":\"Series de estreno Movistar+ septiembre 2021\"}]},{\"@type\":\"WebSite\",\"@id\":\"https:\/\/www.movistar.es\/blog\/#website\",\"url\":\"https:\/\/www.movistar.es\/blog\/\",\"name\":\"Movistar blog\",\"description\":\"Movistar Blog. Informaci\u00f3n y m\u00e1s sobre los productos y servicios de Movistar\",\"publisher\":{\"@id\":\"https:\/\/www.movistar.es\/blog\/#organization\"},\"potentialAction\":[{\"@type\":\"SearchAction\",\"target\":{\"@type\":\"EntryPoint\",\"urlTemplate\":\"https:\/\/www.movistar.es\/blog\/?s={search_term_string}\"},\"query-input\":{\"@type\":\"PropertyValueSpecification\",\"valueRequired\":true,\"valueName\":\"search_term_string\"}}],\"inLanguage\":\"es\"},{\"@type\":\"Organization\",\"@id\":\"https:\/\/www.movistar.es\/blog\/#organization\",\"name\":\"Movistar blog\",\"url\":\"https:\/\/www.movistar.es\/blog\/\",\"logo\":{\"@type\":\"ImageObject\",\"inLanguage\":\"es\",\"@id\":\"https:\/\/www.movistar.es\/blog\/#\/schema\/logo\/image\/\",\"url\":\"https:\/\/www.movistar.es\/blog\/wp-content\/uploads\/sites\/3\/2022\/05\/logo_movistar-1.svg\",\"contentUrl\":\"https:\/\/www.movistar.es\/blog\/wp-content\/uploads\/sites\/3\/2022\/05\/logo_movistar-1.svg\",\"width\":369,\"height\":272,\"caption\":\"Movistar blog\"},\"image\":{\"@id\":\"https:\/\/www.movistar.es\/blog\/#\/schema\/logo\/image\/\"}},{\"@type\":\"Person\",\"@id\":\"https:\/\/www.movistar.es\/blog\/#\/schema\/person\/189877e959457e9014d2a5e8d6fe946d\",\"name\":\"Redacci\u00f3n Movistar Plus+\",\"image\":{\"@type\":\"ImageObject\",\"inLanguage\":\"es\",\"@id\":\"https:\/\/www.movistar.es\/blog\/#\/schema\/person\/image\/e4401217082664b40a1186f7e73afac7\",\"url\":\"https:\/\/secure.gravatar.com\/avatar\/c957f8b2227dcae6bb012530cf347456865c8d81dd6724c0fb6723a2c0a9f9e2\",\"contentUrl\":\"https:\/\/secure.gravatar.com\/avatar\/c957f8b2227dcae6bb012530cf347456865c8d81dd6724c0fb6723a2c0a9f9e2\",\"caption\":\"Redacci\u00f3n Movistar Plus+\"},\"description\":\"Te ayudamos a sacar el m\u00e1ximo partido a la televisi\u00f3n de Movistar Plus+. Para que disfrutes de las mejores pel\u00edculas, deportes, series y la toda la programaci\u00f3n, con una experiencia inigualable gracias a Movistar.\",\"sameAs\":[\"https:\/\/ver.movistarplus.es\/\",\"https:\/\/www.instagram.com\/movistarplus\/?hl=es\",\"https:\/\/www.linkedin.com\/company\/movistarplus\/?originalSubdomain=es\",\"https:\/\/x.com\/MovistarFutbol\"],\"knowsAbout\":[\"series\",\"cine\",\"deportes\",\"televisi\u00f3n\"],\"url\":\"https:\/\/www.movistar.es\/blog\/author\/movistarplus\/\"}]}<\/script>\n<!-- \/ Yoast SEO Premium plugin. -->","yoast_head_json":{"title":"Estrenos Movistar+ septiembre 2021, los m\u00e1s esperados","description":"Consulta los estrenos Movistar+ septiembre 2021, series, eventos en exclusiva y mucho m\u00e1s gracias al mando vocal de Movistar+","robots":{"index":"index","follow":"follow","max-snippet":"max-snippet:-1","max-image-preview":"max-image-preview:large","max-video-preview":"max-video-preview:-1"},"canonical":"https:\/\/www.movistar.es\/blog\/movistar-plus\/estrenos-movistar-septiembre-2021\/","og_locale":"es_ES","og_type":"article","og_title":"Series de estreno Movistar+ septiembre 2021","og_description":"Consulta los estrenos Movistar+ septiembre 2021, series, eventos en exclusiva y mucho m\u00e1s gracias al mando vocal de Movistar+","og_url":"https:\/\/www.movistar.es\/blog\/movistar-plus\/estrenos-movistar-septiembre-2021\/","og_site_name":"Movistar blog","article_published_time":"2021-09-07T17:00:00+00:00","article_modified_time":"2023-01-23T12:27:11+00:00","og_image":[{"width":1040,"height":650,"url":"https:\/\/www.movistar.es\/blog\/wp-content\/uploads\/sites\/3\/2022\/04\/ima_1040x650_Nuevas_Series_02.jpg","type":"image\/jpeg"}],"author":"Redacci\u00f3n Movistar Plus+","twitter_card":"summary_large_image","twitter_creator":"@MovistarFutbol","twitter_misc":{"Written by":"Redacci\u00f3n Movistar Plus+","Est. reading time":"5 minutos"},"schema":{"@context":"https:\/\/schema.org","@graph":[{"@type":"Article","@id":"https:\/\/www.movistar.es\/blog\/movistar-plus\/estrenos-movistar-septiembre-2021\/#article","isPartOf":{"@id":"https:\/\/www.movistar.es\/blog\/movistar-plus\/estrenos-movistar-septiembre-2021\/"},"author":{"name":"Redacci\u00f3n Movistar Plus+","@id":"https:\/\/www.movistar.es\/blog\/#\/schema\/person\/189877e959457e9014d2a5e8d6fe946d"},"headline":"Series de estreno Movistar+ septiembre 2021","datePublished":"2021-09-07T17:00:00+00:00","dateModified":"2023-01-23T12:27:11+00:00","mainEntityOfPage":{"@id":"https:\/\/www.movistar.es\/blog\/movistar-plus\/estrenos-movistar-septiembre-2021\/"},"wordCount":914,"publisher":{"@id":"https:\/\/www.movistar.es\/blog\/#organization"},"image":{"@id":"https:\/\/www.movistar.es\/blog\/movistar-plus\/estrenos-movistar-septiembre-2021\/#primaryimage"},"thumbnailUrl":"https:\/\/www.movistar.es\/blog\/wp-content\/uploads\/sites\/3\/2022\/04\/ima_1040x650_Nuevas_Series_02.jpg","inLanguage":"es"},{"@type":"WebPage","@id":"https:\/\/www.movistar.es\/blog\/movistar-plus\/estrenos-movistar-septiembre-2021\/","url":"https:\/\/www.movistar.es\/blog\/movistar-plus\/estrenos-movistar-septiembre-2021\/","name":"Estrenos Movistar+ septiembre 2021, los m\u00e1s esperados","isPartOf":{"@id":"https:\/\/www.movistar.es\/blog\/#website"},"primaryImageOfPage":{"@id":"https:\/\/www.movistar.es\/blog\/movistar-plus\/estrenos-movistar-septiembre-2021\/#primaryimage"},"image":{"@id":"https:\/\/www.movistar.es\/blog\/movistar-plus\/estrenos-movistar-septiembre-2021\/#primaryimage"},"thumbnailUrl":"https:\/\/www.movistar.es\/blog\/wp-content\/uploads\/sites\/3\/2022\/04\/ima_1040x650_Nuevas_Series_02.jpg","datePublished":"2021-09-07T17:00:00+00:00","dateModified":"2023-01-23T12:27:11+00:00","description":"Consulta los estrenos Movistar+ septiembre 2021, series, eventos en exclusiva y mucho m\u00e1s gracias al mando vocal de Movistar+","breadcrumb":{"@id":"https:\/\/www.movistar.es\/blog\/movistar-plus\/estrenos-movistar-septiembre-2021\/#breadcrumb"},"inLanguage":"es","potentialAction":[{"@type":"ReadAction","target":["https:\/\/www.movistar.es\/blog\/movistar-plus\/estrenos-movistar-septiembre-2021\/"]}]},{"@type":"ImageObject","inLanguage":"es","@id":"https:\/\/www.movistar.es\/blog\/movistar-plus\/estrenos-movistar-septiembre-2021\/#primaryimage","url":"https:\/\/www.movistar.es\/blog\/wp-content\/uploads\/sites\/3\/2022\/04\/ima_1040x650_Nuevas_Series_02.jpg","contentUrl":"https:\/\/www.movistar.es\/blog\/wp-content\/uploads\/sites\/3\/2022\/04\/ima_1040x650_Nuevas_Series_02.jpg","width":1040,"height":650},{"@type":"BreadcrumbList","@id":"https:\/\/www.movistar.es\/blog\/movistar-plus\/estrenos-movistar-septiembre-2021\/#breadcrumb","itemListElement":[{"@type":"ListItem","position":1,"name":"Home","item":"https:\/\/www.movistar.es\/blog\/"},{"@type":"ListItem","position":2,"name":"Series de estreno Movistar+ septiembre 2021"}]},{"@type":"WebSite","@id":"https:\/\/www.movistar.es\/blog\/#website","url":"https:\/\/www.movistar.es\/blog\/","name":"Movistar blog","description":"Movistar Blog. Informaci\u00f3n y m\u00e1s sobre los productos y servicios de Movistar","publisher":{"@id":"https:\/\/www.movistar.es\/blog\/#organization"},"potentialAction":[{"@type":"SearchAction","target":{"@type":"EntryPoint","urlTemplate":"https:\/\/www.movistar.es\/blog\/?s={search_term_string}"},"query-input":{"@type":"PropertyValueSpecification","valueRequired":true,"valueName":"search_term_string"}}],"inLanguage":"es"},{"@type":"Organization","@id":"https:\/\/www.movistar.es\/blog\/#organization","name":"Movistar blog","url":"https:\/\/www.movistar.es\/blog\/","logo":{"@type":"ImageObject","inLanguage":"es","@id":"https:\/\/www.movistar.es\/blog\/#\/schema\/logo\/image\/","url":"https:\/\/www.movistar.es\/blog\/wp-content\/uploads\/sites\/3\/2022\/05\/logo_movistar-1.svg","contentUrl":"https:\/\/www.movistar.es\/blog\/wp-content\/uploads\/sites\/3\/2022\/05\/logo_movistar-1.svg","width":369,"height":272,"caption":"Movistar blog"},"image":{"@id":"https:\/\/www.movistar.es\/blog\/#\/schema\/logo\/image\/"}},{"@type":"Person","@id":"https:\/\/www.movistar.es\/blog\/#\/schema\/person\/189877e959457e9014d2a5e8d6fe946d","name":"Redacci\u00f3n Movistar Plus+","image":{"@type":"ImageObject","inLanguage":"es","@id":"https:\/\/www.movistar.es\/blog\/#\/schema\/person\/image\/e4401217082664b40a1186f7e73afac7","url":"https:\/\/secure.gravatar.com\/avatar\/c957f8b2227dcae6bb012530cf347456865c8d81dd6724c0fb6723a2c0a9f9e2","contentUrl":"https:\/\/secure.gravatar.com\/avatar\/c957f8b2227dcae6bb012530cf347456865c8d81dd6724c0fb6723a2c0a9f9e2","caption":"Redacci\u00f3n Movistar Plus+"},"description":"Te ayudamos a sacar el m\u00e1ximo partido a la televisi\u00f3n de Movistar Plus+. Para que disfrutes de las mejores pel\u00edculas, deportes, series y la toda la programaci\u00f3n, con una experiencia inigualable gracias a Movistar.","sameAs":["https:\/\/ver.movistarplus.es\/","https:\/\/www.instagram.com\/movistarplus\/?hl=es","https:\/\/www.linkedin.com\/company\/movistarplus\/?originalSubdomain=es","https:\/\/x.com\/MovistarFutbol"],"knowsAbout":["series","cine","deportes","televisi\u00f3n"],"url":"https:\/\/www.movistar.es\/blog\/author\/movistarplus\/"}]}},"jetpack_featured_media_url":"https:\/\/www.movistar.es\/blog\/wp-content\/uploads\/sites\/3\/2022\/04\/ima_1040x650_Nuevas_Series_02.jpg","jetpack_sharing_enabled":true,"_links":{"self":[{"href":"https:\/\/www.movistar.es\/blog\/wp-json\/wp\/v2\/posts\/2778","targetHints":{"allow":["GET"]}}],"collection":[{"href":"https:\/\/www.movistar.es\/blog\/wp-json\/wp\/v2\/posts"}],"about":[{"href":"https:\/\/www.movistar.es\/blog\/wp-json\/wp\/v2\/types\/post"}],"author":[{"embeddable":true,"href":"https:\/\/www.movistar.es\/blog\/wp-json\/wp\/v2\/users\/112"}],"replies":[{"embeddable":true,"href":"https:\/\/www.movistar.es\/blog\/wp-json\/wp\/v2\/comments?post=2778"}],"version-history":[{"count":1,"href":"https:\/\/www.movistar.es\/blog\/wp-json\/wp\/v2\/posts\/2778\/revisions"}],"predecessor-version":[{"id":3152,"href":"https:\/\/www.movistar.es\/blog\/wp-json\/wp\/v2\/posts\/2778\/revisions\/3152"}],"wp:featuredmedia":[{"embeddable":true,"href":"https:\/\/www.movistar.es\/blog\/wp-json\/wp\/v2\/media\/554"}],"wp:attachment":[{"href":"https:\/\/www.movistar.es\/blog\/wp-json\/wp\/v2\/media?parent=2778"}],"wp:term":[{"taxonomy":"category","embeddable":true,"href":"https:\/\/www.movistar.es\/blog\/wp-json\/wp\/v2\/categories?post=2778"},{"taxonomy":"post_tag","embeddable":true,"href":"https:\/\/www.movistar.es\/blog\/wp-json\/wp\/v2\/tags?post=2778"},{"taxonomy":"area","embeddable":true,"href":"https:\/\/www.movistar.es\/blog\/wp-json\/wp\/v2\/area?post=2778"},{"taxonomy":"cluster","embeddable":true,"href":"https:\/\/www.movistar.es\/blog\/wp-json\/wp\/v2\/cluster?post=2778"},{"taxonomy":"linea_editorial","embeddable":true,"href":"https:\/\/www.movistar.es\/blog\/wp-json\/wp\/v2\/linea_editorial?post=2778"},{"taxonomy":"author","embeddable":true,"href":"https:\/\/www.movistar.es\/blog\/wp-json\/wp\/v2\/coauthors?post=2778"}],"curies":[{"name":"wp","href":"https:\/\/api.w.org\/{rel}","templated":true}]}}