{"id":2768,"date":"2021-08-06T10:00:00","date_gmt":"2021-08-06T08:00:00","guid":{"rendered":"https:\/\/www.movistar.es\/blog\/estrenos-movistar-agosto-2021\/"},"modified":"2023-01-23T13:26:55","modified_gmt":"2023-01-23T12:26:55","slug":"estrenos-movistar-series-verano","status":"publish","type":"post","link":"https:\/\/www.movistar.es\/blog\/movistar-plus\/estrenos-movistar-series-verano\/","title":{"rendered":"Los mejores estrenos de series de Movistar para el verano"},"content":{"rendered":"\n<p>Ya estamos entrados en agosto, y muchos de vosotros estar\u00e9is de vacaciones ya o planeando salir en las pr\u00f3ximas semanas y disfrutar del ansiado tiempo libre que tanta falta nos hace y con \u00e9l, de vuestras series favoritas. \u00a1Os contamos los estrenos de agosto en <a href=\"https:\/\/blogthinkbig.com\/guia-movistar-movistar-plus\" target=\"_blank\" rel=\"noreferrer noopener\">Movistar+<\/a> de los que podr\u00e9is disfrutar aprovechando esta \u00e9poca de calor!<\/p>\n\n\n\n<p>La temporada estival viene cargada de estrenos y de segundas partes que seguro que estabais esperando:<\/p>\n\n\n\n<figure class=\"wp-block-image size-large\"><img decoding=\"async\" src=\"https:\/\/blogthinkbig.com\/wp-content\/uploads\/sites\/4\/2021\/08\/CC_H_ALACAZADELAMOR_NDP-1024x576-1.jpg?resize=610,343\" alt=\"A la caza del amor, estreno en Movistar+\" class=\"wp-image-200674\"\/><\/figure>\n\n\n\n<h3 class=\"wp-block-heading\" class=\"wp-block-heading\" id=\"a-la-caza-del-amor\"><strong>&#8216;A la caza del amor&#8217;<\/strong><\/h3>\n\n\n\n<p>Estrenada el 2 de agosto, esta miniserie de tres episodios est\u00e1 protagonizada por <strong>Lily James<\/strong>&nbsp;(&#8216;Cenicienta&#8217;, &#8216;Yesterday&#8217;) y&nbsp;<strong>Emily Beecham<\/strong> (&#8216;Cruella&#8217;, &#8216;Little Joe&#8217;). Sus personajes son dos mujeres impacientes por empezar a vivir.&nbsp;Creada y dirigida por la actriz&nbsp;<strong>Emily Mortimer<\/strong> (&#8216;La librer\u00eda&#8217;, &#8216;El regreso de Mary Poppins&#8217;), la ficci\u00f3n muestra un mundo de elegancia, privilegios y exuberancia que, en realidad, esconde un profundo mosaico de verdad y emociones. <strong>Este drama rom\u00e1ntico <\/strong>adapta la novela de Nancy Mitford de 1945, &#8216;The Pursuit of Love&#8217;, editada en castellano como &#8216;A la caza del amor&#8217;.&nbsp;<\/p>\n\n\n\n<figure class=\"wp-block-image size-large\"><img decoding=\"async\" src=\"https:\/\/blogthinkbig.com\/wp-content\/uploads\/sites\/4\/2021\/08\/1539299_C_EL-LIBRO-DE-LOS-NEGROS-I-TEMPORADA72-1024x576-1.jpg?resize=610,343\" alt=\"El libro de los negros, estreno en movistar+\" class=\"wp-image-200675\"\/><\/figure>\n\n\n\n<h3 class=\"wp-block-heading\" class=\"wp-block-heading\" id=\"el-libro-de-los-negros\"><strong>&#8216;El libro de los negros&#8217;<\/strong><\/h3>\n\n\n\n<p><strong>Aminata Diallo<\/strong> es una mujer que sobrevive en un mundo hostil. A los doce a\u00f1os Aminata es <strong>secuestrada<\/strong> por traficantes en <strong>\u00c1frica Occidental<\/strong> y vendida como <strong>esclava en Carolina del Sur<\/strong>. Durante toda su vida, Aminata usar\u00e1 su fuerza y su car\u00e1cter para <strong>sobrevivir<\/strong> y resistir a todo tipo de adversidades.&nbsp;<strong>&#8216;El libro de los negros&#8217;<\/strong> es una miniserie canadiense de <strong>seis episodios<\/strong>, basada en la novela hom\u00f3nima de Lawrence Hill que a su vez se inspir\u00f3 en la <strong>liberaci\u00f3n, reasentamiento y documentaci\u00f3n <\/strong>de los 3.000 <em>leales negros<\/em> que durante la Guerra de la Independencia fueron evacuados de Nueva York a Nueva Escocia.&nbsp;<\/p>\n\n\n\n<p>Su estreno tendr\u00e1 lugar el d\u00eda 10 de agosto y cada semana tendr\u00e1s dos episodios de esta miniserie para disfrutar en Movistar+.<\/p>\n\n\n\n<figure class=\"wp-block-image size-large\"><img decoding=\"async\" src=\"https:\/\/blogthinkbig.com\/wp-content\/uploads\/sites\/4\/2021\/08\/1901034_C_TESTIGO-MUDO-XXIII-TEMPORADA5-1024x681-1.jpg?resize=610,406\" alt=\"Testigo mudo, estreno movistar+\" class=\"wp-image-200676\"\/><\/figure>\n\n\n\n<h3 class=\"wp-block-heading\" class=\"wp-block-heading\" id=\"silent-witness-testigo-mudo-t23\"><strong>\u2018Silent Witness (Testigo mudo)\u2019 T23<\/strong><\/h3>\n\n\n\n<p><strong>23 Temporadas y nuestro <\/strong>grupo de pat\u00f3logos forenses no pierden comba. Una temporada m\u00e1s se tendr\u00e1n que enfrentar a&nbsp;<strong>nuevos casos<\/strong> en el<strong>&nbsp;thriller policial<\/strong>&nbsp;actual&nbsp;<strong>m\u00e1s longevo<\/strong>&nbsp;en emisi\u00f3n. En estos nuevos episodios, la doctora&nbsp;<strong>Nikki Alexander<\/strong>&nbsp;(Emilia Fox) y el equipo de&nbsp;<strong>Lyell Center<\/strong>&nbsp;tendr\u00e1n que resolver&nbsp;<strong>cinco misteriosos cr\u00edmenes<\/strong>: un&nbsp;<strong>esqueleto<\/strong>&nbsp;que aparece en el pilar de hormig\u00f3n de un aparcamiento; un sospechoso&nbsp;<strong>accidente de avi\u00f3n<\/strong>; un&nbsp;<strong>adolescente desaparecido<\/strong>; un caso de&nbsp;<strong>violencia de g\u00e9ner<\/strong>o y la&nbsp;<strong>muerte<\/strong>&nbsp;de un soldado por&nbsp;<strong>gas nervioso<\/strong>. Las sospechas iniciales deber\u00e1n ser corroboradas en el laboratorio, pero nada es lo que parece y este equipo de forenses se tendr\u00e1n que esforzar al m\u00e1ximo para descubrir&nbsp;<strong>qu\u00e9 historia cuenta cada cad\u00e1ver<\/strong>.&nbsp;<\/p>\n\n\n\n<figure class=\"wp-block-image size-large\"><img decoding=\"async\" src=\"https:\/\/blogthinkbig.com\/wp-content\/uploads\/sites\/4\/2021\/08\/condena-time-bbc-1024x647-1.jpeg?resize=610,385\" alt=\"Condena, estreno movistar+\" class=\"wp-image-200677\"\/><\/figure>\n\n\n\n<h3 class=\"wp-block-heading\" class=\"wp-block-heading\" id=\"condena\"><strong>&#8216;Condena&#8217;<\/strong><\/h3>\n\n\n\n<p>Miniserie de tres episodios protagonizada por <strong>Sean Bean<\/strong>&nbsp;(&#8216;Juego de tronos&#8217;, &#8216;El se\u00f1or de los anillos&#8217;, &#8216;Ronin&#8217;) y&nbsp;<strong>Stephen Graham<\/strong> (&#8216;Line of Duty&#8217;, &#8216;Virtues&#8217;). Este drama carcelario habla sobre la culpa y los principios y se adentra en los entresijos del sistema penitenciario brit\u00e1nico desde las dos caras de una misma realidad: la de un hombre que empieza su condena, un prisionero consumido por la culpa, y la de uno de los funcionarios de la prisi\u00f3n, un oficial que se enfrentar\u00e1 a una elecci\u00f3n imposible. \u00bfQu\u00e9 necesitar\u00e1n para sobrevivir? Creada por&nbsp;<strong>Jimmy McGovern<\/strong> (&#8216;Broken&#8217;, &#8216;Accused&#8217;). <\/p>\n\n\n\n<p>Y no podemos olvidarnos de que tambi\u00e9n en agosto se estrenan nuevas temporadas de Riverdale (d\u00eda 12), L: Generaci\u00f3n Q (d\u00eda 15) y Todo va a ir bien (d\u00eda 20) de las que ya os hablamos en el <a href=\"https:\/\/blogthinkbig.com\/series-para-ver-este-verano\">post de novedades de julio y agosto<\/a> el mes pasado.<\/p>\n\n\n\n<h2 class=\"wp-block-heading\" id=\"h-consulta-la-programaci-n-de-movistar-a-trav-s-de-la-voz\">Consulta la programaci\u00f3n de Movistar+ a trav\u00e9s de la voz<\/h2>\n\n\n\n<p>\u00bfTienes en casa el&nbsp;<a rel=\"noreferrer noopener\" href=\"https:\/\/blogthinkbig.com\/descubre-como-sacar-el-maximo-partido-de-movistar-con-el-nuevo-mando-vocal\" target=\"_blank\">Mando Vocal de Movistar+<\/a>&nbsp;o el dispositivo&nbsp;<a rel=\"noreferrer noopener\" href=\"https:\/\/blogthinkbig.com\/movistar-home\" target=\"_blank\">Movistar Home<\/a>? En ese caso, gracias a la integraci\u00f3n de<a rel=\"noreferrer noopener\" href=\"https:\/\/www.movistar.es\/particulares\/Aura\/\" target=\"_blank\">&nbsp;Aura, el asistente virtual de Movistar<\/a>, puedes pedir con la voz recomendaciones sobre t\u00edtulos, directores, g\u00e9neros o actores.<\/p>\n\n\n\n<ul class=\"wp-block-list\"><li>Con Movistar Home: Tan solo tienes que decir el comando de voz \u201cOk Aura\u201d y lo que quieras saber. Por ejemplo: \u201c<em><strong>OK Aura, busca pel\u00edculas de Woody Allen<\/strong><\/em>\u201d, \u201c<strong><em>OK Aura, recomi\u00e9ndame algo<\/em><\/strong>\u201d o por ejemplo, \u201c<strong><em>OK Aura, b\u00fascame los \u00faltimos estrenos<\/em><\/strong>\u201d.<\/li><li>Con el Mando Vocal de Movistar+: Pulsa el bot\u00f3n \u201cAura\u201d y di directamente lo que busques: \u201c<em><strong>Quiero ver la pel\u00edcula Mientras dure la guerra<\/strong><\/em>\u201d (si buscar por t\u00edtulo), \u201c<em><strong>Quiero ver los \u00faltimos estrenos de cine<\/strong><\/em>\u201d (si buscas por novedad), o \u201c<strong><em>Busca pel\u00edculas de drama de Alejandro Amen\u00e1bar<\/em><\/strong>\u201d (si quieres buscar por g\u00e9nero y director).&nbsp;<a rel=\"noreferrer noopener\" href=\"https:\/\/blogthinkbig.com\/version-original-mando-vocal-movistar\" target=\"_blank\">En este enlace<\/a>&nbsp;puedes encontrar algunos consejos para sacarle el m\u00e1ximo partido a tu mando vocal.<\/li><\/ul>\n\n\n\n<p><br><\/p>\n","protected":false},"excerpt":{"rendered":"<p>Ya estamos entrados en agosto, y muchos de vosotros estar\u00e9is de vacaciones ya o planeando salir en las pr\u00f3ximas semanas y disfrutar del ansiado tiempo libre que tanta falta nos hace y con \u00e9l, de [&hellip;]<\/p>\n","protected":false},"author":112,"featured_media":536,"comment_status":"closed","ping_status":"closed","sticky":false,"template":"","format":"standard","meta":{"site-sidebar-layout":"default","site-content-layout":"","ast-site-content-layout":"","site-content-style":"default","site-sidebar-style":"default","ast-global-header-display":"","ast-banner-title-visibility":"","ast-main-header-display":"","ast-hfb-above-header-display":"","ast-hfb-below-header-display":"","ast-hfb-mobile-header-display":"","site-post-title":"","ast-breadcrumbs-content":"","ast-featured-img":"","footer-sml-layout":"","theme-transparent-header-meta":"","adv-header-id-meta":"","stick-header-meta":"","header-above-stick-meta":"","header-main-stick-meta":"","header-below-stick-meta":"","astra-migrate-meta-layouts":"default","ast-page-background-enabled":"default","ast-page-background-meta":{"desktop":{"background-color":"var(--ast-global-color-4)","background-image":"","background-repeat":"repeat","background-position":"center center","background-size":"auto","background-attachment":"scroll","background-type":"","background-media":"","overlay-type":"","overlay-color":"","overlay-opacity":"","overlay-gradient":""},"tablet":{"background-color":"","background-image":"","background-repeat":"repeat","background-position":"center center","background-size":"auto","background-attachment":"scroll","background-type":"","background-media":"","overlay-type":"","overlay-color":"","overlay-opacity":"","overlay-gradient":""},"mobile":{"background-color":"","background-image":"","background-repeat":"repeat","background-position":"center center","background-size":"auto","background-attachment":"scroll","background-type":"","background-media":"","overlay-type":"","overlay-color":"","overlay-opacity":"","overlay-gradient":""}},"ast-content-background-meta":{"desktop":{"background-color":"var(--ast-global-color-5)","background-image":"","background-repeat":"repeat","background-position":"center center","background-size":"auto","background-attachment":"scroll","background-type":"","background-media":"","overlay-type":"","overlay-color":"","overlay-opacity":"","overlay-gradient":""},"tablet":{"background-color":"var(--ast-global-color-5)","background-image":"","background-repeat":"repeat","background-position":"center center","background-size":"auto","background-attachment":"scroll","background-type":"","background-media":"","overlay-type":"","overlay-color":"","overlay-opacity":"","overlay-gradient":""},"mobile":{"background-color":"var(--ast-global-color-5)","background-image":"","background-repeat":"repeat","background-position":"center center","background-size":"auto","background-attachment":"scroll","background-type":"","background-media":"","overlay-type":"","overlay-color":"","overlay-opacity":"","overlay-gradient":""}},"_jetpack_memberships_contains_paid_content":false,"footnotes":""},"categories":[1],"tags":[],"area":[7],"cluster":[45],"linea_editorial":[9],"coauthors":[491],"class_list":["post-2768","post","type-post","status-publish","format-standard","has-post-thumbnail","hentry","category-sin-categoria","area-digital-client","cluster-movistar-plus","linea_editorial-movistar"],"yoast_head":"<!-- This site is optimized with the Yoast SEO Premium plugin v25.5 (Yoast SEO v25.5) - https:\/\/yoast.com\/wordpress\/plugins\/seo\/ -->\n<title>Los mejores estrenos de Movistar+ para agosto 2021<\/title>\n<meta name=\"description\" content=\"A la caza del amor, El libro de los negros, Testigo Mudo, Condena y otros estrenos de Movistar+ para este mes de agosto\" \/>\n<meta name=\"robots\" content=\"index, follow, max-snippet:-1, max-image-preview:large, max-video-preview:-1\" \/>\n<link rel=\"canonical\" href=\"https:\/\/www.movistar.es\/blog\/movistar-plus\/estrenos-movistar-series-verano\/\" \/>\n<meta property=\"og:locale\" content=\"es_ES\" \/>\n<meta property=\"og:type\" content=\"article\" \/>\n<meta property=\"og:title\" content=\"Los mejores estrenos de series de Movistar para el verano\" \/>\n<meta property=\"og:description\" content=\"A la caza del amor, El libro de los negros, Testigo Mudo, Condena y otros estrenos de Movistar+ para este mes de agosto\" \/>\n<meta property=\"og:url\" content=\"https:\/\/www.movistar.es\/blog\/movistar-plus\/estrenos-movistar-series-verano\/\" \/>\n<meta property=\"og:site_name\" content=\"Movistar blog\" \/>\n<meta property=\"article:published_time\" content=\"2021-08-06T08:00:00+00:00\" \/>\n<meta property=\"article:modified_time\" content=\"2023-01-23T12:26:55+00:00\" \/>\n<meta property=\"og:image\" content=\"https:\/\/www.movistar.es\/blog\/wp-content\/uploads\/sites\/3\/2022\/04\/series-agosto-2021.jpg\" \/>\n\t<meta property=\"og:image:width\" content=\"1022\" \/>\n\t<meta property=\"og:image:height\" content=\"363\" \/>\n\t<meta property=\"og:image:type\" content=\"image\/jpeg\" \/>\n<meta name=\"author\" content=\"Redacci\u00f3n Movistar Plus+\" \/>\n<meta name=\"twitter:card\" content=\"summary_large_image\" \/>\n<meta name=\"twitter:creator\" content=\"@MovistarFutbol\" \/>\n<meta name=\"twitter:label1\" content=\"Written by\" \/>\n\t<meta name=\"twitter:data1\" content=\"Redacci\u00f3n Movistar Plus+\" \/>\n\t<meta name=\"twitter:label2\" content=\"Est. reading time\" \/>\n\t<meta name=\"twitter:data2\" content=\"5 minutos\" \/>\n<script type=\"application\/ld+json\" class=\"yoast-schema-graph\">{\"@context\":\"https:\/\/schema.org\",\"@graph\":[{\"@type\":\"Article\",\"@id\":\"https:\/\/www.movistar.es\/blog\/movistar-plus\/estrenos-movistar-series-verano\/#article\",\"isPartOf\":{\"@id\":\"https:\/\/www.movistar.es\/blog\/movistar-plus\/estrenos-movistar-series-verano\/\"},\"author\":{\"name\":\"Redacci\u00f3n Movistar Plus+\",\"@id\":\"https:\/\/www.movistar.es\/blog\/#\/schema\/person\/189877e959457e9014d2a5e8d6fe946d\"},\"headline\":\"Los mejores estrenos de series de Movistar para el verano\",\"datePublished\":\"2021-08-06T08:00:00+00:00\",\"dateModified\":\"2023-01-23T12:26:55+00:00\",\"mainEntityOfPage\":{\"@id\":\"https:\/\/www.movistar.es\/blog\/movistar-plus\/estrenos-movistar-series-verano\/\"},\"wordCount\":819,\"publisher\":{\"@id\":\"https:\/\/www.movistar.es\/blog\/#organization\"},\"image\":{\"@id\":\"https:\/\/www.movistar.es\/blog\/movistar-plus\/estrenos-movistar-series-verano\/#primaryimage\"},\"thumbnailUrl\":\"https:\/\/www.movistar.es\/blog\/wp-content\/uploads\/sites\/3\/2022\/04\/series-agosto-2021.jpg\",\"inLanguage\":\"es\"},{\"@type\":\"WebPage\",\"@id\":\"https:\/\/www.movistar.es\/blog\/movistar-plus\/estrenos-movistar-series-verano\/\",\"url\":\"https:\/\/www.movistar.es\/blog\/movistar-plus\/estrenos-movistar-series-verano\/\",\"name\":\"Los mejores estrenos de Movistar+ para agosto 2021\",\"isPartOf\":{\"@id\":\"https:\/\/www.movistar.es\/blog\/#website\"},\"primaryImageOfPage\":{\"@id\":\"https:\/\/www.movistar.es\/blog\/movistar-plus\/estrenos-movistar-series-verano\/#primaryimage\"},\"image\":{\"@id\":\"https:\/\/www.movistar.es\/blog\/movistar-plus\/estrenos-movistar-series-verano\/#primaryimage\"},\"thumbnailUrl\":\"https:\/\/www.movistar.es\/blog\/wp-content\/uploads\/sites\/3\/2022\/04\/series-agosto-2021.jpg\",\"datePublished\":\"2021-08-06T08:00:00+00:00\",\"dateModified\":\"2023-01-23T12:26:55+00:00\",\"description\":\"A la caza del amor, El libro de los negros, Testigo Mudo, Condena y otros estrenos de Movistar+ para este mes de agosto\",\"breadcrumb\":{\"@id\":\"https:\/\/www.movistar.es\/blog\/movistar-plus\/estrenos-movistar-series-verano\/#breadcrumb\"},\"inLanguage\":\"es\",\"potentialAction\":[{\"@type\":\"ReadAction\",\"target\":[\"https:\/\/www.movistar.es\/blog\/movistar-plus\/estrenos-movistar-series-verano\/\"]}]},{\"@type\":\"ImageObject\",\"inLanguage\":\"es\",\"@id\":\"https:\/\/www.movistar.es\/blog\/movistar-plus\/estrenos-movistar-series-verano\/#primaryimage\",\"url\":\"https:\/\/www.movistar.es\/blog\/wp-content\/uploads\/sites\/3\/2022\/04\/series-agosto-2021.jpg\",\"contentUrl\":\"https:\/\/www.movistar.es\/blog\/wp-content\/uploads\/sites\/3\/2022\/04\/series-agosto-2021.jpg\",\"width\":1022,\"height\":363},{\"@type\":\"BreadcrumbList\",\"@id\":\"https:\/\/www.movistar.es\/blog\/movistar-plus\/estrenos-movistar-series-verano\/#breadcrumb\",\"itemListElement\":[{\"@type\":\"ListItem\",\"position\":1,\"name\":\"Home\",\"item\":\"https:\/\/www.movistar.es\/blog\/\"},{\"@type\":\"ListItem\",\"position\":2,\"name\":\"Los mejores estrenos de series de Movistar para el verano\"}]},{\"@type\":\"WebSite\",\"@id\":\"https:\/\/www.movistar.es\/blog\/#website\",\"url\":\"https:\/\/www.movistar.es\/blog\/\",\"name\":\"Movistar blog\",\"description\":\"Movistar Blog. Informaci\u00f3n y m\u00e1s sobre los productos y servicios de Movistar\",\"publisher\":{\"@id\":\"https:\/\/www.movistar.es\/blog\/#organization\"},\"potentialAction\":[{\"@type\":\"SearchAction\",\"target\":{\"@type\":\"EntryPoint\",\"urlTemplate\":\"https:\/\/www.movistar.es\/blog\/?s={search_term_string}\"},\"query-input\":{\"@type\":\"PropertyValueSpecification\",\"valueRequired\":true,\"valueName\":\"search_term_string\"}}],\"inLanguage\":\"es\"},{\"@type\":\"Organization\",\"@id\":\"https:\/\/www.movistar.es\/blog\/#organization\",\"name\":\"Movistar blog\",\"url\":\"https:\/\/www.movistar.es\/blog\/\",\"logo\":{\"@type\":\"ImageObject\",\"inLanguage\":\"es\",\"@id\":\"https:\/\/www.movistar.es\/blog\/#\/schema\/logo\/image\/\",\"url\":\"https:\/\/www.movistar.es\/blog\/wp-content\/uploads\/sites\/3\/2022\/05\/logo_movistar-1.svg\",\"contentUrl\":\"https:\/\/www.movistar.es\/blog\/wp-content\/uploads\/sites\/3\/2022\/05\/logo_movistar-1.svg\",\"width\":369,\"height\":272,\"caption\":\"Movistar blog\"},\"image\":{\"@id\":\"https:\/\/www.movistar.es\/blog\/#\/schema\/logo\/image\/\"}},{\"@type\":\"Person\",\"@id\":\"https:\/\/www.movistar.es\/blog\/#\/schema\/person\/189877e959457e9014d2a5e8d6fe946d\",\"name\":\"Redacci\u00f3n Movistar Plus+\",\"image\":{\"@type\":\"ImageObject\",\"inLanguage\":\"es\",\"@id\":\"https:\/\/www.movistar.es\/blog\/#\/schema\/person\/image\/e4401217082664b40a1186f7e73afac7\",\"url\":\"https:\/\/secure.gravatar.com\/avatar\/c957f8b2227dcae6bb012530cf347456865c8d81dd6724c0fb6723a2c0a9f9e2\",\"contentUrl\":\"https:\/\/secure.gravatar.com\/avatar\/c957f8b2227dcae6bb012530cf347456865c8d81dd6724c0fb6723a2c0a9f9e2\",\"caption\":\"Redacci\u00f3n Movistar Plus+\"},\"description\":\"Te ayudamos a sacar el m\u00e1ximo partido a la televisi\u00f3n de Movistar Plus+. Para que disfrutes de las mejores pel\u00edculas, deportes, series y la toda la programaci\u00f3n, con una experiencia inigualable gracias a Movistar.\",\"sameAs\":[\"https:\/\/ver.movistarplus.es\/\",\"https:\/\/www.instagram.com\/movistarplus\/?hl=es\",\"https:\/\/www.linkedin.com\/company\/movistarplus\/?originalSubdomain=es\",\"https:\/\/x.com\/MovistarFutbol\"],\"knowsAbout\":[\"series\",\"cine\",\"deportes\",\"televisi\u00f3n\"],\"url\":\"https:\/\/www.movistar.es\/blog\/author\/movistarplus\/\"}]}<\/script>\n<!-- \/ Yoast SEO Premium plugin. -->","yoast_head_json":{"title":"Los mejores estrenos de Movistar+ para agosto 2021","description":"A la caza del amor, El libro de los negros, Testigo Mudo, Condena y otros estrenos de Movistar+ para este mes de agosto","robots":{"index":"index","follow":"follow","max-snippet":"max-snippet:-1","max-image-preview":"max-image-preview:large","max-video-preview":"max-video-preview:-1"},"canonical":"https:\/\/www.movistar.es\/blog\/movistar-plus\/estrenos-movistar-series-verano\/","og_locale":"es_ES","og_type":"article","og_title":"Los mejores estrenos de series de Movistar para el verano","og_description":"A la caza del amor, El libro de los negros, Testigo Mudo, Condena y otros estrenos de Movistar+ para este mes de agosto","og_url":"https:\/\/www.movistar.es\/blog\/movistar-plus\/estrenos-movistar-series-verano\/","og_site_name":"Movistar blog","article_published_time":"2021-08-06T08:00:00+00:00","article_modified_time":"2023-01-23T12:26:55+00:00","og_image":[{"width":1022,"height":363,"url":"https:\/\/www.movistar.es\/blog\/wp-content\/uploads\/sites\/3\/2022\/04\/series-agosto-2021.jpg","type":"image\/jpeg"}],"author":"Redacci\u00f3n Movistar Plus+","twitter_card":"summary_large_image","twitter_creator":"@MovistarFutbol","twitter_misc":{"Written by":"Redacci\u00f3n Movistar Plus+","Est. reading time":"5 minutos"},"schema":{"@context":"https:\/\/schema.org","@graph":[{"@type":"Article","@id":"https:\/\/www.movistar.es\/blog\/movistar-plus\/estrenos-movistar-series-verano\/#article","isPartOf":{"@id":"https:\/\/www.movistar.es\/blog\/movistar-plus\/estrenos-movistar-series-verano\/"},"author":{"name":"Redacci\u00f3n Movistar Plus+","@id":"https:\/\/www.movistar.es\/blog\/#\/schema\/person\/189877e959457e9014d2a5e8d6fe946d"},"headline":"Los mejores estrenos de series de Movistar para el verano","datePublished":"2021-08-06T08:00:00+00:00","dateModified":"2023-01-23T12:26:55+00:00","mainEntityOfPage":{"@id":"https:\/\/www.movistar.es\/blog\/movistar-plus\/estrenos-movistar-series-verano\/"},"wordCount":819,"publisher":{"@id":"https:\/\/www.movistar.es\/blog\/#organization"},"image":{"@id":"https:\/\/www.movistar.es\/blog\/movistar-plus\/estrenos-movistar-series-verano\/#primaryimage"},"thumbnailUrl":"https:\/\/www.movistar.es\/blog\/wp-content\/uploads\/sites\/3\/2022\/04\/series-agosto-2021.jpg","inLanguage":"es"},{"@type":"WebPage","@id":"https:\/\/www.movistar.es\/blog\/movistar-plus\/estrenos-movistar-series-verano\/","url":"https:\/\/www.movistar.es\/blog\/movistar-plus\/estrenos-movistar-series-verano\/","name":"Los mejores estrenos de Movistar+ para agosto 2021","isPartOf":{"@id":"https:\/\/www.movistar.es\/blog\/#website"},"primaryImageOfPage":{"@id":"https:\/\/www.movistar.es\/blog\/movistar-plus\/estrenos-movistar-series-verano\/#primaryimage"},"image":{"@id":"https:\/\/www.movistar.es\/blog\/movistar-plus\/estrenos-movistar-series-verano\/#primaryimage"},"thumbnailUrl":"https:\/\/www.movistar.es\/blog\/wp-content\/uploads\/sites\/3\/2022\/04\/series-agosto-2021.jpg","datePublished":"2021-08-06T08:00:00+00:00","dateModified":"2023-01-23T12:26:55+00:00","description":"A la caza del amor, El libro de los negros, Testigo Mudo, Condena y otros estrenos de Movistar+ para este mes de agosto","breadcrumb":{"@id":"https:\/\/www.movistar.es\/blog\/movistar-plus\/estrenos-movistar-series-verano\/#breadcrumb"},"inLanguage":"es","potentialAction":[{"@type":"ReadAction","target":["https:\/\/www.movistar.es\/blog\/movistar-plus\/estrenos-movistar-series-verano\/"]}]},{"@type":"ImageObject","inLanguage":"es","@id":"https:\/\/www.movistar.es\/blog\/movistar-plus\/estrenos-movistar-series-verano\/#primaryimage","url":"https:\/\/www.movistar.es\/blog\/wp-content\/uploads\/sites\/3\/2022\/04\/series-agosto-2021.jpg","contentUrl":"https:\/\/www.movistar.es\/blog\/wp-content\/uploads\/sites\/3\/2022\/04\/series-agosto-2021.jpg","width":1022,"height":363},{"@type":"BreadcrumbList","@id":"https:\/\/www.movistar.es\/blog\/movistar-plus\/estrenos-movistar-series-verano\/#breadcrumb","itemListElement":[{"@type":"ListItem","position":1,"name":"Home","item":"https:\/\/www.movistar.es\/blog\/"},{"@type":"ListItem","position":2,"name":"Los mejores estrenos de series de Movistar para el verano"}]},{"@type":"WebSite","@id":"https:\/\/www.movistar.es\/blog\/#website","url":"https:\/\/www.movistar.es\/blog\/","name":"Movistar blog","description":"Movistar Blog. Informaci\u00f3n y m\u00e1s sobre los productos y servicios de Movistar","publisher":{"@id":"https:\/\/www.movistar.es\/blog\/#organization"},"potentialAction":[{"@type":"SearchAction","target":{"@type":"EntryPoint","urlTemplate":"https:\/\/www.movistar.es\/blog\/?s={search_term_string}"},"query-input":{"@type":"PropertyValueSpecification","valueRequired":true,"valueName":"search_term_string"}}],"inLanguage":"es"},{"@type":"Organization","@id":"https:\/\/www.movistar.es\/blog\/#organization","name":"Movistar blog","url":"https:\/\/www.movistar.es\/blog\/","logo":{"@type":"ImageObject","inLanguage":"es","@id":"https:\/\/www.movistar.es\/blog\/#\/schema\/logo\/image\/","url":"https:\/\/www.movistar.es\/blog\/wp-content\/uploads\/sites\/3\/2022\/05\/logo_movistar-1.svg","contentUrl":"https:\/\/www.movistar.es\/blog\/wp-content\/uploads\/sites\/3\/2022\/05\/logo_movistar-1.svg","width":369,"height":272,"caption":"Movistar blog"},"image":{"@id":"https:\/\/www.movistar.es\/blog\/#\/schema\/logo\/image\/"}},{"@type":"Person","@id":"https:\/\/www.movistar.es\/blog\/#\/schema\/person\/189877e959457e9014d2a5e8d6fe946d","name":"Redacci\u00f3n Movistar Plus+","image":{"@type":"ImageObject","inLanguage":"es","@id":"https:\/\/www.movistar.es\/blog\/#\/schema\/person\/image\/e4401217082664b40a1186f7e73afac7","url":"https:\/\/secure.gravatar.com\/avatar\/c957f8b2227dcae6bb012530cf347456865c8d81dd6724c0fb6723a2c0a9f9e2","contentUrl":"https:\/\/secure.gravatar.com\/avatar\/c957f8b2227dcae6bb012530cf347456865c8d81dd6724c0fb6723a2c0a9f9e2","caption":"Redacci\u00f3n Movistar Plus+"},"description":"Te ayudamos a sacar el m\u00e1ximo partido a la televisi\u00f3n de Movistar Plus+. Para que disfrutes de las mejores pel\u00edculas, deportes, series y la toda la programaci\u00f3n, con una experiencia inigualable gracias a Movistar.","sameAs":["https:\/\/ver.movistarplus.es\/","https:\/\/www.instagram.com\/movistarplus\/?hl=es","https:\/\/www.linkedin.com\/company\/movistarplus\/?originalSubdomain=es","https:\/\/x.com\/MovistarFutbol"],"knowsAbout":["series","cine","deportes","televisi\u00f3n"],"url":"https:\/\/www.movistar.es\/blog\/author\/movistarplus\/"}]}},"jetpack_featured_media_url":"https:\/\/www.movistar.es\/blog\/wp-content\/uploads\/sites\/3\/2022\/04\/series-agosto-2021.jpg","jetpack_sharing_enabled":true,"_links":{"self":[{"href":"https:\/\/www.movistar.es\/blog\/wp-json\/wp\/v2\/posts\/2768","targetHints":{"allow":["GET"]}}],"collection":[{"href":"https:\/\/www.movistar.es\/blog\/wp-json\/wp\/v2\/posts"}],"about":[{"href":"https:\/\/www.movistar.es\/blog\/wp-json\/wp\/v2\/types\/post"}],"author":[{"embeddable":true,"href":"https:\/\/www.movistar.es\/blog\/wp-json\/wp\/v2\/users\/112"}],"replies":[{"embeddable":true,"href":"https:\/\/www.movistar.es\/blog\/wp-json\/wp\/v2\/comments?post=2768"}],"version-history":[{"count":3,"href":"https:\/\/www.movistar.es\/blog\/wp-json\/wp\/v2\/posts\/2768\/revisions"}],"predecessor-version":[{"id":13505,"href":"https:\/\/www.movistar.es\/blog\/wp-json\/wp\/v2\/posts\/2768\/revisions\/13505"}],"wp:featuredmedia":[{"embeddable":true,"href":"https:\/\/www.movistar.es\/blog\/wp-json\/wp\/v2\/media\/536"}],"wp:attachment":[{"href":"https:\/\/www.movistar.es\/blog\/wp-json\/wp\/v2\/media?parent=2768"}],"wp:term":[{"taxonomy":"category","embeddable":true,"href":"https:\/\/www.movistar.es\/blog\/wp-json\/wp\/v2\/categories?post=2768"},{"taxonomy":"post_tag","embeddable":true,"href":"https:\/\/www.movistar.es\/blog\/wp-json\/wp\/v2\/tags?post=2768"},{"taxonomy":"area","embeddable":true,"href":"https:\/\/www.movistar.es\/blog\/wp-json\/wp\/v2\/area?post=2768"},{"taxonomy":"cluster","embeddable":true,"href":"https:\/\/www.movistar.es\/blog\/wp-json\/wp\/v2\/cluster?post=2768"},{"taxonomy":"linea_editorial","embeddable":true,"href":"https:\/\/www.movistar.es\/blog\/wp-json\/wp\/v2\/linea_editorial?post=2768"},{"taxonomy":"author","embeddable":true,"href":"https:\/\/www.movistar.es\/blog\/wp-json\/wp\/v2\/coauthors?post=2768"}],"curies":[{"name":"wp","href":"https:\/\/api.w.org\/{rel}","templated":true}]}}