{"id":2734,"date":"2023-07-27T15:30:00","date_gmt":"2023-07-27T13:30:00","guid":{"rendered":"https:\/\/www.movistar.es\/blog\/series-para-ver-este-verano\/"},"modified":"2023-07-27T16:41:49","modified_gmt":"2023-07-27T14:41:49","slug":"series-para-ver-este-verano","status":"publish","type":"post","link":"https:\/\/www.movistar.es\/blog\/movistar-plus\/series-para-ver-este-verano\/","title":{"rendered":"\u00bfSeries para ver este verano? Todas las novedades de Movistar Plus+"},"content":{"rendered":"\n<p>Si te gusta disfrutar del mejor contenido audiovisual, <a href=\"https:\/\/ver.movistarplus.es\/\" target=\"_blank\" rel=\"noreferrer noopener\">Movistar Plus+<\/a> tiene uno de los cat\u00e1logos m\u00e1s completos que puedes encontrar. Desde el deporte, documentales o programas de humor hasta la mejor ficci\u00f3n incluyendo <strong>estrenos de series<\/strong> que tienes que ver y no te puedes perder.<\/p>\n\n\n\n<p>El verano, especialmente cuando tienes vacaciones, es una \u00e9poca inmejorable para disfrutar de la ficci\u00f3n. Posiblemente tengas m\u00e1s tiempo libre o prefieres estar en la comodidad de tu hogar si las temperaturas son altas, pero ante tanta oferta no tengas claro cu\u00e1les son las <strong>series que ver<\/strong>.<\/p>\n\n\n\n<p>Si es as\u00ed, no te preocupes, porque te proponemos series top, muchas de ellas estrenos. Ya est\u00e9s buscando series para ver en familia o simplemente para verlas t\u00fa solo, aqu\u00ed tienes algunas series de Movistar Plus+ que no te puedes perder.<\/p>\n\n\n\n<h2 class=\"wp-block-heading\" id=\"h-volver-a-caer\"><strong>&#8216;Volver a caer&#8217;<\/strong><\/h2>\n\n\n\n<p>Los cl\u00e1sicos reimaginados se han convertido ya en un g\u00e9nero propio y es lo que tenemos entre manos con <strong>&#8216;Volver a caer&#8217;<\/strong>, una adaptaci\u00f3n en clave contempor\u00e1nea del cl\u00e1sico de Le\u00f3n Tolst\u00f3i <strong>&#8216;Anna Karenina&#8217;<\/strong>.<\/p>\n\n\n\n<p>El <strong>6 de agosto<\/strong> se estrena en Movistar Plus+ esta serie, protagonizada por la mexicana <strong>Kate del Castillo<\/strong> y el espa\u00f1ol <strong>Maxi Iglesias.<\/strong> Este drama de amor pasional se sit\u00faa en la \u00e9poca actual en M\u00e9xico y es una imprescindible serie para ver en agosto.<\/p>\n\n\n\n<figure class=\"wp-block-embed is-type-video is-provider-youtube wp-block-embed-youtube wp-embed-aspect-16-9 wp-has-aspect-ratio\"><div class=\"wp-block-embed__wrapper\">\n<div class=\"wp-block-embed__wrapper\"><div class=\"ast-oembed-container \" style=\"height: 100%;\"><iframe loading=\"lazy\" title=\"Volver a caer: Tr\u00e1iler Oficial | Movistar Plus+\" width=\"1040\" height=\"585\" src=\"https:\/\/www.youtube.com\/embed\/_RQgwbjY3yE?feature=oembed\" frameborder=\"0\" allow=\"accelerometer; autoplay; clipboard-write; encrypted-media; gyroscope; picture-in-picture; web-share\" referrerpolicy=\"strict-origin-when-cross-origin\" allowfullscreen><\/iframe><\/div><\/div>\n<\/div><\/figure>\n\n\n\n<h2 class=\"wp-block-heading\" class=\"wp-block-heading\" id=\"billions\"><strong>&#8216;Billions&#8217;<\/strong><\/h2>\n\n\n\n<p>Los amantes de las series internacionales tambi\u00e9n tienen una cita ineludible en el mes de agosto. Se trata del estreno el d\u00eda 12 de la <strong>s\u00e9ptima y \u00faltima temporada<\/strong> de <strong>&#8216;Billions&#8217;<\/strong>, protagonizada por Paul Giamatti, Corey Stoll y Maggie Stiff.<\/p>\n\n\n\n<p>&#8216;Billions&#8217; es una serie norteamericana que sigue los pasos del fiscal general de Nueva York, Chuck Rhoades en su lucha legal contra Bobby Axelrod, un millonario del sector financiero. Precisamente el <strong>regreso de este personaje<\/strong> es uno de los grandes atractivos de esta temporada, que pone colof\u00f3n a una serie que ver, ya que ha causado sensaci\u00f3n hasta el momento.<\/p>\n\n\n\n<figure class=\"wp-block-embed is-type-video is-provider-youtube wp-block-embed-youtube wp-embed-aspect-16-9 wp-has-aspect-ratio\"><div class=\"wp-block-embed__wrapper\">\nhttps:\/\/www.youtube.com\/watch?v=hm4tSDlBqyU\n<\/div><\/figure>\n\n\n\n<h2 class=\"wp-block-heading\" class=\"wp-block-heading\" id=\"men-in-kilts-nueva-zelanda-con-sam-y-graham\"><strong>\u2018Men in Kilts: Nueva Zelanda con Sam y Graham\u2019<\/strong><\/h2>\n\n\n\n<p>No solo la ficci\u00f3n tiene estrenos esperados y el <strong>14 de agosto<\/strong> vuelven a Movistar Plus+ Sam y Graham. Lo hace con la segunda entrega de &#8216;<strong>Men in Kilts&#8217;<\/strong>, una serie de no ficci\u00f3n que recorre los lugares y tradiciones de un pa\u00eds y los <strong>vincula con Escocia<\/strong>.<\/p>\n\n\n\n<p>Como protagonistas cuenta con <strong>Sam Heughan<\/strong> y <strong>Graham McTavish<\/strong>, conocidos por ser dos de los personajes principales de la aclamada <strong>&#8216;Outlander&#8217;<\/strong>. Esta vez ir\u00e1n a <strong>Nueva Zelanda<\/strong>, un pa\u00eds conocido por sus espectaculares parajes naturales.<\/p>\n\n\n\n<figure class=\"wp-block-embed is-type-video is-provider-youtube wp-block-embed-youtube wp-embed-aspect-16-9 wp-has-aspect-ratio\"><div class=\"wp-block-embed__wrapper\">\nhttps:\/\/www.youtube.com\/watch?v=OZLamM20Gig\n<\/div><\/figure>\n\n\n\n<h2 class=\"wp-block-heading\" class=\"wp-block-heading\" id=\"bose-renacido\"><strong>&#8216;Bos\u00e9 Renacido&#8217;<\/strong><\/h2>\n\n\n\n<p>Siguiendo con el g\u00e9nero documental pero ya en el mes de septiembre, el d\u00eda 5, ser\u00e1 el turno de <strong>&#8216;Bos\u00e9 Renacido&#8217;<\/strong>. Se trata de una serie que ver si eres fan del artista o te intriga su figura, ya que en los cuatro cap\u00edtulos de los que se consta podr\u00e1s conocerlo como nunca antes.<\/p>\n\n\n\n<p>En la serie, <strong>Miguel Bos\u00e9<\/strong> repasar\u00e1 las etapas m\u00e1s importantes de su vida. Lo hace a trav\u00e9s de entrevistas en las cuatro casas de su vida y la serie cuenta tambi\u00e9n con testimonios de familiares como sus hermanas <strong>Luc\u00eda <\/strong>y <strong>Paola<\/strong>. Tambi\u00e9n participan amigos entre los que podemos encontrar grandes nombres del panorama musical como <strong>Alejandro Sanz<\/strong>, <strong>Alaska<\/strong>, <strong>Lolita Flores<\/strong> y muchos m\u00e1s.<\/p>\n\n\n\n<figure class=\"wp-block-embed is-type-video is-provider-youtube wp-block-embed-youtube wp-embed-aspect-16-9 wp-has-aspect-ratio\"><div class=\"wp-block-embed__wrapper\">\n<div class=\"wp-block-embed__wrapper\"><div class=\"ast-oembed-container \" style=\"height: 100%;\"><iframe loading=\"lazy\" title=\"Bos\u00e9 Renacido: Tr\u00e1iler Oficial | Movistar Plus+\" width=\"1040\" height=\"585\" src=\"https:\/\/www.youtube.com\/embed\/pLvUvXsSE94?feature=oembed\" frameborder=\"0\" allow=\"accelerometer; autoplay; clipboard-write; encrypted-media; gyroscope; picture-in-picture; web-share\" referrerpolicy=\"strict-origin-when-cross-origin\" allowfullscreen><\/iframe><\/div><\/div>\n<\/div><\/figure>\n\n\n\n<h2 class=\"wp-block-heading\" class=\"wp-block-heading\" id=\"prime-time\"><strong>&#8216;Prime Time&#8217;<\/strong><\/h2>\n\n\n\n<p>Todav\u00eda sin una fecha de estreno definida, <strong>&#8216;Prime Time&#8217;<\/strong> llegar\u00e1 a Movistar Plus+ a lo largo de septiembre. Constar\u00e1 de solo tres episodios y repasa la evoluci\u00f3n del entretenimiento televisivo en Espa\u00f1a desde la d\u00e9cada de los 90.<\/p>\n\n\n\n<p>Esta serie original cuenta con los protagonistas de muchos de estos programas. <strong>Arturo Valls<\/strong>, <strong>Ram\u00f3n Garc\u00eda<\/strong>, <strong>Andreu Buenafuente<\/strong>, <strong>Isabel Gemio<\/strong>, <strong>David Broncano<\/strong> o <strong>Mercedes Mil\u00e1<\/strong> solo son algunos de los grandes nombres que forman parte de la serie.<\/p>\n\n\n\n<figure class=\"wp-block-embed is-type-video is-provider-youtube wp-block-embed-youtube wp-embed-aspect-16-9 wp-has-aspect-ratio\"><div class=\"wp-block-embed__wrapper\">\n<div class=\"wp-block-embed__wrapper\"><div class=\"ast-oembed-container \" style=\"height: 100%;\"><iframe loading=\"lazy\" title=\"PRIME TIME - TEASER OFICIAL (HD)\" width=\"1040\" height=\"585\" src=\"https:\/\/www.youtube.com\/embed\/GRJoYgtLpik?feature=oembed\" frameborder=\"0\" allow=\"accelerometer; autoplay; clipboard-write; encrypted-media; gyroscope; picture-in-picture; web-share\" referrerpolicy=\"strict-origin-when-cross-origin\" allowfullscreen><\/iframe><\/div><\/div>\n<\/div><\/figure>\n\n\n\n<h2 class=\"wp-block-heading\" class=\"wp-block-heading\" id=\"movistar-plus-todas-las-series-que-ver-y-mucho-mas\"><strong>Movistar Plus+, todas las series que ver y mucho m\u00e1s<\/strong><\/h2>\n\n\n\n<p>El cat\u00e1logo de <a href=\"https:\/\/www.movistar.es\/blog\/movistar-plus\/\" target=\"_blank\" rel=\"noreferrer noopener\">Movistar Plus+<\/a> est\u00e1 repleto de series que ver y cada mes hay importantes estrenos. Pero no se queda simplemente ah\u00ed, ya que tambi\u00e9n cuenta con toda clase de contenido para que todos los miembros del hogar puedan disfrutar.<\/p>\n\n\n\n<p>A la ya mencionada oferta de ficci\u00f3n, compuesta por grandes series y pel\u00edculas, se une tambi\u00e9n la no ficci\u00f3n. Entre la que puedes encontrar documentales, programas de humor, de cocina y, por supuesto, el mejor deporte. <a href=\"https:\/\/www.movistar.es\/particulares\/movistarplus\" target=\"_blank\" rel=\"noreferrer noopener\"><strong>Contrata Movistar Plus+<\/strong><\/a> y disfr\u00fatalo ya.<\/p>\n","protected":false},"excerpt":{"rendered":"<p>Si te gusta disfrutar del mejor contenido audiovisual, Movistar Plus+ tiene uno de los cat\u00e1logos m\u00e1s completos que puedes encontrar. Desde el deporte, documentales o programas de humor hasta la mejor ficci\u00f3n incluyendo estrenos de [&hellip;]<\/p>\n","protected":false},"author":112,"featured_media":15948,"comment_status":"closed","ping_status":"closed","sticky":false,"template":"","format":"standard","meta":{"site-sidebar-layout":"default","site-content-layout":"","ast-site-content-layout":"","site-content-style":"default","site-sidebar-style":"default","ast-global-header-display":"","ast-banner-title-visibility":"","ast-main-header-display":"","ast-hfb-above-header-display":"","ast-hfb-below-header-display":"","ast-hfb-mobile-header-display":"","site-post-title":"","ast-breadcrumbs-content":"","ast-featured-img":"","footer-sml-layout":"","theme-transparent-header-meta":"","adv-header-id-meta":"","stick-header-meta":"","header-above-stick-meta":"","header-main-stick-meta":"","header-below-stick-meta":"","astra-migrate-meta-layouts":"default","ast-page-background-enabled":"default","ast-page-background-meta":{"desktop":{"background-color":"var(--ast-global-color-4)","background-image":"","background-repeat":"repeat","background-position":"center center","background-size":"auto","background-attachment":"scroll","background-type":"","background-media":"","overlay-type":"","overlay-color":"","overlay-opacity":"","overlay-gradient":""},"tablet":{"background-color":"","background-image":"","background-repeat":"repeat","background-position":"center center","background-size":"auto","background-attachment":"scroll","background-type":"","background-media":"","overlay-type":"","overlay-color":"","overlay-opacity":"","overlay-gradient":""},"mobile":{"background-color":"","background-image":"","background-repeat":"repeat","background-position":"center center","background-size":"auto","background-attachment":"scroll","background-type":"","background-media":"","overlay-type":"","overlay-color":"","overlay-opacity":"","overlay-gradient":""}},"ast-content-background-meta":{"desktop":{"background-color":"var(--ast-global-color-5)","background-image":"","background-repeat":"repeat","background-position":"center center","background-size":"auto","background-attachment":"scroll","background-type":"","background-media":"","overlay-type":"","overlay-color":"","overlay-opacity":"","overlay-gradient":""},"tablet":{"background-color":"var(--ast-global-color-5)","background-image":"","background-repeat":"repeat","background-position":"center center","background-size":"auto","background-attachment":"scroll","background-type":"","background-media":"","overlay-type":"","overlay-color":"","overlay-opacity":"","overlay-gradient":""},"mobile":{"background-color":"var(--ast-global-color-5)","background-image":"","background-repeat":"repeat","background-position":"center center","background-size":"auto","background-attachment":"scroll","background-type":"","background-media":"","overlay-type":"","overlay-color":"","overlay-opacity":"","overlay-gradient":""}},"_jetpack_memberships_contains_paid_content":false,"footnotes":""},"categories":[1],"tags":[36,12,5,230],"area":[7],"cluster":[45],"linea_editorial":[9],"coauthors":[491],"class_list":["post-2734","post","type-post","status-publish","format-standard","has-post-thumbnail","hentry","category-sin-categoria","tag-mando-vocal-movistar","tag-movistar","tag-movistar-home","tag-series-de-tv","area-digital-client","cluster-movistar-plus","linea_editorial-movistar"],"yoast_head":"<!-- This site is optimized with the Yoast SEO Premium plugin v25.5 (Yoast SEO v25.5) - https:\/\/yoast.com\/wordpress\/plugins\/seo\/ -->\n<title>Series que ver este verano: todas las novedades de Movistar+<\/title>\n<meta name=\"description\" content=\"\u00bfEst\u00e1s buscando series para ver este verano? No busques m\u00e1s, te traemos las novedades en series de Movistar+ para julio y agosto\" \/>\n<meta name=\"robots\" content=\"index, follow, max-snippet:-1, max-image-preview:large, max-video-preview:-1\" \/>\n<link rel=\"canonical\" href=\"https:\/\/www.movistar.es\/blog\/movistar-plus\/series-para-ver-este-verano\/\" \/>\n<meta property=\"og:locale\" content=\"es_ES\" \/>\n<meta property=\"og:type\" content=\"article\" \/>\n<meta property=\"og:title\" content=\"\u00bfSeries para ver este verano? Todas las novedades de Movistar Plus+\" \/>\n<meta property=\"og:description\" content=\"\u00bfEst\u00e1s buscando series para ver este verano? No busques m\u00e1s, te traemos las novedades en series de Movistar+ para julio y agosto\" \/>\n<meta property=\"og:url\" content=\"https:\/\/www.movistar.es\/blog\/movistar-plus\/series-para-ver-este-verano\/\" \/>\n<meta property=\"og:site_name\" content=\"Movistar blog\" \/>\n<meta property=\"article:published_time\" content=\"2023-07-27T13:30:00+00:00\" \/>\n<meta property=\"article:modified_time\" content=\"2023-07-27T14:41:49+00:00\" \/>\n<meta property=\"og:image\" content=\"https:\/\/www.movistar.es\/blog\/wp-content\/uploads\/sites\/3\/2021\/07\/volver-caer-movistar.jpg\" \/>\n\t<meta property=\"og:image:width\" content=\"1900\" \/>\n\t<meta property=\"og:image:height\" content=\"1069\" \/>\n\t<meta property=\"og:image:type\" content=\"image\/jpeg\" \/>\n<meta name=\"author\" content=\"Redacci\u00f3n Movistar Plus+\" \/>\n<meta name=\"twitter:card\" content=\"summary_large_image\" \/>\n<meta name=\"twitter:creator\" content=\"@MovistarFutbol\" \/>\n<meta name=\"twitter:label1\" content=\"Written by\" \/>\n\t<meta name=\"twitter:data1\" content=\"Redacci\u00f3n Movistar Plus+\" \/>\n\t<meta name=\"twitter:label2\" content=\"Est. reading time\" \/>\n\t<meta name=\"twitter:data2\" content=\"4 minutos\" \/>\n<script type=\"application\/ld+json\" class=\"yoast-schema-graph\">{\"@context\":\"https:\/\/schema.org\",\"@graph\":[{\"@type\":\"Article\",\"@id\":\"https:\/\/www.movistar.es\/blog\/movistar-plus\/series-para-ver-este-verano\/#article\",\"isPartOf\":{\"@id\":\"https:\/\/www.movistar.es\/blog\/movistar-plus\/series-para-ver-este-verano\/\"},\"author\":{\"name\":\"Redacci\u00f3n Movistar Plus+\",\"@id\":\"https:\/\/www.movistar.es\/blog\/#\/schema\/person\/189877e959457e9014d2a5e8d6fe946d\"},\"headline\":\"\u00bfSeries para ver este verano? Todas las novedades de Movistar Plus+\",\"datePublished\":\"2023-07-27T13:30:00+00:00\",\"dateModified\":\"2023-07-27T14:41:49+00:00\",\"mainEntityOfPage\":{\"@id\":\"https:\/\/www.movistar.es\/blog\/movistar-plus\/series-para-ver-este-verano\/\"},\"wordCount\":793,\"publisher\":{\"@id\":\"https:\/\/www.movistar.es\/blog\/#organization\"},\"image\":{\"@id\":\"https:\/\/www.movistar.es\/blog\/movistar-plus\/series-para-ver-este-verano\/#primaryimage\"},\"thumbnailUrl\":\"https:\/\/www.movistar.es\/blog\/wp-content\/uploads\/sites\/3\/2021\/07\/volver-caer-movistar.jpg\",\"keywords\":[\"Mando Vocal Movistar+\",\"Movistar\",\"Movistar Home\",\"series de tv\"],\"inLanguage\":\"es\"},{\"@type\":\"WebPage\",\"@id\":\"https:\/\/www.movistar.es\/blog\/movistar-plus\/series-para-ver-este-verano\/\",\"url\":\"https:\/\/www.movistar.es\/blog\/movistar-plus\/series-para-ver-este-verano\/\",\"name\":\"Series que ver este verano: todas las novedades de Movistar+\",\"isPartOf\":{\"@id\":\"https:\/\/www.movistar.es\/blog\/#website\"},\"primaryImageOfPage\":{\"@id\":\"https:\/\/www.movistar.es\/blog\/movistar-plus\/series-para-ver-este-verano\/#primaryimage\"},\"image\":{\"@id\":\"https:\/\/www.movistar.es\/blog\/movistar-plus\/series-para-ver-este-verano\/#primaryimage\"},\"thumbnailUrl\":\"https:\/\/www.movistar.es\/blog\/wp-content\/uploads\/sites\/3\/2021\/07\/volver-caer-movistar.jpg\",\"datePublished\":\"2023-07-27T13:30:00+00:00\",\"dateModified\":\"2023-07-27T14:41:49+00:00\",\"description\":\"\u00bfEst\u00e1s buscando series para ver este verano? No busques m\u00e1s, te traemos las novedades en series de Movistar+ para julio y agosto\",\"breadcrumb\":{\"@id\":\"https:\/\/www.movistar.es\/blog\/movistar-plus\/series-para-ver-este-verano\/#breadcrumb\"},\"inLanguage\":\"es\",\"potentialAction\":[{\"@type\":\"ReadAction\",\"target\":[\"https:\/\/www.movistar.es\/blog\/movistar-plus\/series-para-ver-este-verano\/\"]}]},{\"@type\":\"ImageObject\",\"inLanguage\":\"es\",\"@id\":\"https:\/\/www.movistar.es\/blog\/movistar-plus\/series-para-ver-este-verano\/#primaryimage\",\"url\":\"https:\/\/www.movistar.es\/blog\/wp-content\/uploads\/sites\/3\/2021\/07\/volver-caer-movistar.jpg\",\"contentUrl\":\"https:\/\/www.movistar.es\/blog\/wp-content\/uploads\/sites\/3\/2021\/07\/volver-caer-movistar.jpg\",\"width\":1900,\"height\":1069,\"caption\":\"Estrenada en agosto, Volver a caer es una de las series para ver durante el verano\"},{\"@type\":\"BreadcrumbList\",\"@id\":\"https:\/\/www.movistar.es\/blog\/movistar-plus\/series-para-ver-este-verano\/#breadcrumb\",\"itemListElement\":[{\"@type\":\"ListItem\",\"position\":1,\"name\":\"Home\",\"item\":\"https:\/\/www.movistar.es\/blog\/\"},{\"@type\":\"ListItem\",\"position\":2,\"name\":\"\u00bfSeries para ver este verano? Todas las novedades de Movistar Plus+\"}]},{\"@type\":\"WebSite\",\"@id\":\"https:\/\/www.movistar.es\/blog\/#website\",\"url\":\"https:\/\/www.movistar.es\/blog\/\",\"name\":\"Movistar blog\",\"description\":\"Movistar Blog. Informaci\u00f3n y m\u00e1s sobre los productos y servicios de Movistar\",\"publisher\":{\"@id\":\"https:\/\/www.movistar.es\/blog\/#organization\"},\"potentialAction\":[{\"@type\":\"SearchAction\",\"target\":{\"@type\":\"EntryPoint\",\"urlTemplate\":\"https:\/\/www.movistar.es\/blog\/?s={search_term_string}\"},\"query-input\":{\"@type\":\"PropertyValueSpecification\",\"valueRequired\":true,\"valueName\":\"search_term_string\"}}],\"inLanguage\":\"es\"},{\"@type\":\"Organization\",\"@id\":\"https:\/\/www.movistar.es\/blog\/#organization\",\"name\":\"Movistar blog\",\"url\":\"https:\/\/www.movistar.es\/blog\/\",\"logo\":{\"@type\":\"ImageObject\",\"inLanguage\":\"es\",\"@id\":\"https:\/\/www.movistar.es\/blog\/#\/schema\/logo\/image\/\",\"url\":\"https:\/\/www.movistar.es\/blog\/wp-content\/uploads\/sites\/3\/2022\/05\/logo_movistar-1.svg\",\"contentUrl\":\"https:\/\/www.movistar.es\/blog\/wp-content\/uploads\/sites\/3\/2022\/05\/logo_movistar-1.svg\",\"width\":369,\"height\":272,\"caption\":\"Movistar blog\"},\"image\":{\"@id\":\"https:\/\/www.movistar.es\/blog\/#\/schema\/logo\/image\/\"}},{\"@type\":\"Person\",\"@id\":\"https:\/\/www.movistar.es\/blog\/#\/schema\/person\/189877e959457e9014d2a5e8d6fe946d\",\"name\":\"Redacci\u00f3n Movistar Plus+\",\"image\":{\"@type\":\"ImageObject\",\"inLanguage\":\"es\",\"@id\":\"https:\/\/www.movistar.es\/blog\/#\/schema\/person\/image\/e4401217082664b40a1186f7e73afac7\",\"url\":\"https:\/\/secure.gravatar.com\/avatar\/c957f8b2227dcae6bb012530cf347456865c8d81dd6724c0fb6723a2c0a9f9e2\",\"contentUrl\":\"https:\/\/secure.gravatar.com\/avatar\/c957f8b2227dcae6bb012530cf347456865c8d81dd6724c0fb6723a2c0a9f9e2\",\"caption\":\"Redacci\u00f3n Movistar Plus+\"},\"description\":\"Te ayudamos a sacar el m\u00e1ximo partido a la televisi\u00f3n de Movistar Plus+. Para que disfrutes de las mejores pel\u00edculas, deportes, series y la toda la programaci\u00f3n, con una experiencia inigualable gracias a Movistar.\",\"sameAs\":[\"https:\/\/ver.movistarplus.es\/\",\"https:\/\/www.instagram.com\/movistarplus\/?hl=es\",\"https:\/\/www.linkedin.com\/company\/movistarplus\/?originalSubdomain=es\",\"https:\/\/x.com\/MovistarFutbol\"],\"knowsAbout\":[\"series\",\"cine\",\"deportes\",\"televisi\u00f3n\"],\"url\":\"https:\/\/www.movistar.es\/blog\/author\/movistarplus\/\"}]}<\/script>\n<!-- \/ Yoast SEO Premium plugin. -->","yoast_head_json":{"title":"Series que ver este verano: todas las novedades de Movistar+","description":"\u00bfEst\u00e1s buscando series para ver este verano? No busques m\u00e1s, te traemos las novedades en series de Movistar+ para julio y agosto","robots":{"index":"index","follow":"follow","max-snippet":"max-snippet:-1","max-image-preview":"max-image-preview:large","max-video-preview":"max-video-preview:-1"},"canonical":"https:\/\/www.movistar.es\/blog\/movistar-plus\/series-para-ver-este-verano\/","og_locale":"es_ES","og_type":"article","og_title":"\u00bfSeries para ver este verano? Todas las novedades de Movistar Plus+","og_description":"\u00bfEst\u00e1s buscando series para ver este verano? No busques m\u00e1s, te traemos las novedades en series de Movistar+ para julio y agosto","og_url":"https:\/\/www.movistar.es\/blog\/movistar-plus\/series-para-ver-este-verano\/","og_site_name":"Movistar blog","article_published_time":"2023-07-27T13:30:00+00:00","article_modified_time":"2023-07-27T14:41:49+00:00","og_image":[{"width":1900,"height":1069,"url":"https:\/\/www.movistar.es\/blog\/wp-content\/uploads\/sites\/3\/2021\/07\/volver-caer-movistar.jpg","type":"image\/jpeg"}],"author":"Redacci\u00f3n Movistar Plus+","twitter_card":"summary_large_image","twitter_creator":"@MovistarFutbol","twitter_misc":{"Written by":"Redacci\u00f3n Movistar Plus+","Est. reading time":"4 minutos"},"schema":{"@context":"https:\/\/schema.org","@graph":[{"@type":"Article","@id":"https:\/\/www.movistar.es\/blog\/movistar-plus\/series-para-ver-este-verano\/#article","isPartOf":{"@id":"https:\/\/www.movistar.es\/blog\/movistar-plus\/series-para-ver-este-verano\/"},"author":{"name":"Redacci\u00f3n Movistar Plus+","@id":"https:\/\/www.movistar.es\/blog\/#\/schema\/person\/189877e959457e9014d2a5e8d6fe946d"},"headline":"\u00bfSeries para ver este verano? Todas las novedades de Movistar Plus+","datePublished":"2023-07-27T13:30:00+00:00","dateModified":"2023-07-27T14:41:49+00:00","mainEntityOfPage":{"@id":"https:\/\/www.movistar.es\/blog\/movistar-plus\/series-para-ver-este-verano\/"},"wordCount":793,"publisher":{"@id":"https:\/\/www.movistar.es\/blog\/#organization"},"image":{"@id":"https:\/\/www.movistar.es\/blog\/movistar-plus\/series-para-ver-este-verano\/#primaryimage"},"thumbnailUrl":"https:\/\/www.movistar.es\/blog\/wp-content\/uploads\/sites\/3\/2021\/07\/volver-caer-movistar.jpg","keywords":["Mando Vocal Movistar+","Movistar","Movistar Home","series de tv"],"inLanguage":"es"},{"@type":"WebPage","@id":"https:\/\/www.movistar.es\/blog\/movistar-plus\/series-para-ver-este-verano\/","url":"https:\/\/www.movistar.es\/blog\/movistar-plus\/series-para-ver-este-verano\/","name":"Series que ver este verano: todas las novedades de Movistar+","isPartOf":{"@id":"https:\/\/www.movistar.es\/blog\/#website"},"primaryImageOfPage":{"@id":"https:\/\/www.movistar.es\/blog\/movistar-plus\/series-para-ver-este-verano\/#primaryimage"},"image":{"@id":"https:\/\/www.movistar.es\/blog\/movistar-plus\/series-para-ver-este-verano\/#primaryimage"},"thumbnailUrl":"https:\/\/www.movistar.es\/blog\/wp-content\/uploads\/sites\/3\/2021\/07\/volver-caer-movistar.jpg","datePublished":"2023-07-27T13:30:00+00:00","dateModified":"2023-07-27T14:41:49+00:00","description":"\u00bfEst\u00e1s buscando series para ver este verano? No busques m\u00e1s, te traemos las novedades en series de Movistar+ para julio y agosto","breadcrumb":{"@id":"https:\/\/www.movistar.es\/blog\/movistar-plus\/series-para-ver-este-verano\/#breadcrumb"},"inLanguage":"es","potentialAction":[{"@type":"ReadAction","target":["https:\/\/www.movistar.es\/blog\/movistar-plus\/series-para-ver-este-verano\/"]}]},{"@type":"ImageObject","inLanguage":"es","@id":"https:\/\/www.movistar.es\/blog\/movistar-plus\/series-para-ver-este-verano\/#primaryimage","url":"https:\/\/www.movistar.es\/blog\/wp-content\/uploads\/sites\/3\/2021\/07\/volver-caer-movistar.jpg","contentUrl":"https:\/\/www.movistar.es\/blog\/wp-content\/uploads\/sites\/3\/2021\/07\/volver-caer-movistar.jpg","width":1900,"height":1069,"caption":"Estrenada en agosto, Volver a caer es una de las series para ver durante el verano"},{"@type":"BreadcrumbList","@id":"https:\/\/www.movistar.es\/blog\/movistar-plus\/series-para-ver-este-verano\/#breadcrumb","itemListElement":[{"@type":"ListItem","position":1,"name":"Home","item":"https:\/\/www.movistar.es\/blog\/"},{"@type":"ListItem","position":2,"name":"\u00bfSeries para ver este verano? Todas las novedades de Movistar Plus+"}]},{"@type":"WebSite","@id":"https:\/\/www.movistar.es\/blog\/#website","url":"https:\/\/www.movistar.es\/blog\/","name":"Movistar blog","description":"Movistar Blog. Informaci\u00f3n y m\u00e1s sobre los productos y servicios de Movistar","publisher":{"@id":"https:\/\/www.movistar.es\/blog\/#organization"},"potentialAction":[{"@type":"SearchAction","target":{"@type":"EntryPoint","urlTemplate":"https:\/\/www.movistar.es\/blog\/?s={search_term_string}"},"query-input":{"@type":"PropertyValueSpecification","valueRequired":true,"valueName":"search_term_string"}}],"inLanguage":"es"},{"@type":"Organization","@id":"https:\/\/www.movistar.es\/blog\/#organization","name":"Movistar blog","url":"https:\/\/www.movistar.es\/blog\/","logo":{"@type":"ImageObject","inLanguage":"es","@id":"https:\/\/www.movistar.es\/blog\/#\/schema\/logo\/image\/","url":"https:\/\/www.movistar.es\/blog\/wp-content\/uploads\/sites\/3\/2022\/05\/logo_movistar-1.svg","contentUrl":"https:\/\/www.movistar.es\/blog\/wp-content\/uploads\/sites\/3\/2022\/05\/logo_movistar-1.svg","width":369,"height":272,"caption":"Movistar blog"},"image":{"@id":"https:\/\/www.movistar.es\/blog\/#\/schema\/logo\/image\/"}},{"@type":"Person","@id":"https:\/\/www.movistar.es\/blog\/#\/schema\/person\/189877e959457e9014d2a5e8d6fe946d","name":"Redacci\u00f3n Movistar Plus+","image":{"@type":"ImageObject","inLanguage":"es","@id":"https:\/\/www.movistar.es\/blog\/#\/schema\/person\/image\/e4401217082664b40a1186f7e73afac7","url":"https:\/\/secure.gravatar.com\/avatar\/c957f8b2227dcae6bb012530cf347456865c8d81dd6724c0fb6723a2c0a9f9e2","contentUrl":"https:\/\/secure.gravatar.com\/avatar\/c957f8b2227dcae6bb012530cf347456865c8d81dd6724c0fb6723a2c0a9f9e2","caption":"Redacci\u00f3n Movistar Plus+"},"description":"Te ayudamos a sacar el m\u00e1ximo partido a la televisi\u00f3n de Movistar Plus+. Para que disfrutes de las mejores pel\u00edculas, deportes, series y la toda la programaci\u00f3n, con una experiencia inigualable gracias a Movistar.","sameAs":["https:\/\/ver.movistarplus.es\/","https:\/\/www.instagram.com\/movistarplus\/?hl=es","https:\/\/www.linkedin.com\/company\/movistarplus\/?originalSubdomain=es","https:\/\/x.com\/MovistarFutbol"],"knowsAbout":["series","cine","deportes","televisi\u00f3n"],"url":"https:\/\/www.movistar.es\/blog\/author\/movistarplus\/"}]}},"jetpack_featured_media_url":"https:\/\/www.movistar.es\/blog\/wp-content\/uploads\/sites\/3\/2021\/07\/volver-caer-movistar.jpg","jetpack_sharing_enabled":true,"_links":{"self":[{"href":"https:\/\/www.movistar.es\/blog\/wp-json\/wp\/v2\/posts\/2734","targetHints":{"allow":["GET"]}}],"collection":[{"href":"https:\/\/www.movistar.es\/blog\/wp-json\/wp\/v2\/posts"}],"about":[{"href":"https:\/\/www.movistar.es\/blog\/wp-json\/wp\/v2\/types\/post"}],"author":[{"embeddable":true,"href":"https:\/\/www.movistar.es\/blog\/wp-json\/wp\/v2\/users\/112"}],"replies":[{"embeddable":true,"href":"https:\/\/www.movistar.es\/blog\/wp-json\/wp\/v2\/comments?post=2734"}],"version-history":[{"count":6,"href":"https:\/\/www.movistar.es\/blog\/wp-json\/wp\/v2\/posts\/2734\/revisions"}],"predecessor-version":[{"id":15952,"href":"https:\/\/www.movistar.es\/blog\/wp-json\/wp\/v2\/posts\/2734\/revisions\/15952"}],"wp:featuredmedia":[{"embeddable":true,"href":"https:\/\/www.movistar.es\/blog\/wp-json\/wp\/v2\/media\/15948"}],"wp:attachment":[{"href":"https:\/\/www.movistar.es\/blog\/wp-json\/wp\/v2\/media?parent=2734"}],"wp:term":[{"taxonomy":"category","embeddable":true,"href":"https:\/\/www.movistar.es\/blog\/wp-json\/wp\/v2\/categories?post=2734"},{"taxonomy":"post_tag","embeddable":true,"href":"https:\/\/www.movistar.es\/blog\/wp-json\/wp\/v2\/tags?post=2734"},{"taxonomy":"area","embeddable":true,"href":"https:\/\/www.movistar.es\/blog\/wp-json\/wp\/v2\/area?post=2734"},{"taxonomy":"cluster","embeddable":true,"href":"https:\/\/www.movistar.es\/blog\/wp-json\/wp\/v2\/cluster?post=2734"},{"taxonomy":"linea_editorial","embeddable":true,"href":"https:\/\/www.movistar.es\/blog\/wp-json\/wp\/v2\/linea_editorial?post=2734"},{"taxonomy":"author","embeddable":true,"href":"https:\/\/www.movistar.es\/blog\/wp-json\/wp\/v2\/coauthors?post=2734"}],"curies":[{"name":"wp","href":"https:\/\/api.w.org\/{rel}","templated":true}]}}