{"id":2679,"date":"2021-05-21T10:30:00","date_gmt":"2021-05-21T08:30:00","guid":{"rendered":"https:\/\/www.movistar.es\/blog\/almacenamiento-nube-pasar-fotos-movistar-cloud\/"},"modified":"2023-04-20T11:00:35","modified_gmt":"2023-04-20T09:00:35","slug":"almacenamiento-nube-pasar-fotos-movistar-cloud","status":"publish","type":"post","link":"https:\/\/www.movistar.es\/blog\/movistar-cloud\/almacenamiento-nube-pasar-fotos-movistar-cloud\/","title":{"rendered":"Migra todas tus fotos de cualquier plataforma a Movistar Cloud: gu\u00eda r\u00e1pida"},"content":{"rendered":"\n<p>A casi nadie le gustan las mudanzas. Mover las cosas de un sitio a otro resulta aburrido, laborioso y siempre se pierde algo por el camino. Pero, en ocasiones, una mudanza puede servir para\u202f<strong>poner un poco de orden<\/strong>\u202fy tirar lo que no necesitamos. Es as\u00ed en el mundo f\u00edsico, pero tambi\u00e9n en el digital. Te proponemos\u202f<strong>cambiar de almacenamiento en la nube<\/strong>\u202fy pasar tus fotos a\u202f<a href=\"https:\/\/www.movistar.es\/particulares\/tienda\/servicios-digitales\/cloud\/\" target=\"_blank\" rel=\"noreferrer noopener\"><strong>Movistar Cloud<\/strong><\/a>.&nbsp;<\/p>\n\n\n\n<p>De razones para llevar a cabo esta <strong>mudanza o traslado<\/strong>\u202fhay muchas. Para empezar, el servicio es gratuito si eres cliente de Movistar Fusi\u00f3n y Tarifa M\u00f3vil de contrato. S\u00f3lo tienes que darte de alta y en unos minutos tendr\u00e1s a tu disposici\u00f3n\u202f<strong>almacenamiento ilimitado en todos tus dispositivos. <\/strong>Adem\u00e1s, podr\u00e1s ordenar tus fotos y v\u00eddeos, compartir el contenido e incluso editarlo. \u00bfY sabes qu\u00e9 es lo mejor? Podr\u00e1s acceder desde tu ordenador a trav\u00e9s del <a href=\"https:\/\/micloud.movistar.es\/ui\/html\/mobileconnect.html#start\" target=\"_blank\" rel=\"noreferrer noopener\">navegador<\/a>; desde tu m\u00f3vil o tablet descargando la app y desde tu TV mediante su Living App en Movistar Plus+. \u00a0\u00a1Todo facilidades!\u00a0<\/p>\n\n\n\n<p>Pero antes de disfrutar de tu <a href=\"https:\/\/blogthinkbig.com\/movistar-cloud-almacenamiento-en-la-nube\" target=\"_blank\" rel=\"noreferrer noopener\">espacio sin l\u00edmites de Movistar Cloud<\/a> toca hacer mudanza. O lo que es lo mismo.&nbsp;<strong>Exportar el contenido que guardas<\/strong>&nbsp;en tu actual servicio de almacenamiento en la nube y subirlo a Movistar Cloud. El proceso no te llevar\u00e1 mucho tiempo y ganar\u00e1s m\u00e1s espacio y tranquilidad al saber que tus&nbsp;<strong>fotos, v\u00eddeos y dem\u00e1s archivos<\/strong>&nbsp;est\u00e1n a buen recaudo.<\/p>\n\n\n\n<h2 class=\"wp-block-heading\" id=\"h-facebook-instagram-y-dropbox\">Facebook, Instagram y Dropbox<\/h2>\n\n\n\n<p>Empecemos por tres de los servicios online m\u00e1s populares de Internet.&nbsp;<strong>Dropbox<\/strong>&nbsp;es uno de los primeros en ofrecer almacenamiento en la nube. Su principal inconveniente es que de manera gratuita solo admite 2 GB. Por su parte,&nbsp;<strong>Facebook<\/strong>&nbsp;e&nbsp;<strong>Instagram<\/strong>&nbsp;son dos de las redes sociales con m\u00e1s usuarios y donde pr\u00e1cticamente todo el mundo publica fotos y v\u00eddeos.<\/p>\n\n\n\n<figure class=\"wp-block-image size-large\"><img decoding=\"async\" src=\"https:\/\/blogthinkbig.com\/wp-content\/uploads\/sites\/4\/2021\/04\/Movistar-Cloud-Conecta-tus-apps.jpg?resize=610,407\" alt=\"Almacenamiento en la nube - Pasar fotos - Movistar Cloud\" class=\"wp-image-197850\" \/><\/figure>\n\n\n\n<p>Pues bien. Movistar Cloud permite&nbsp;<strong>sincronizar el contenido que guardes<\/strong>&nbsp;y\/o publiques tanto en Facebook como en Instagram y Dropbox. As\u00ed, todo lo que subas a estos tres servicios de almacenamiento online, lo ver\u00e1s tambi\u00e9n en Movistar Cloud. Y para no mezclar el contenido de cada servicio,&nbsp;<strong>ver\u00e1s un icono diferenciando<\/strong>&nbsp;tus fotograf\u00edas de Instagram de las almacenadas en Movistar Cloud.<\/p>\n\n\n\n<p>Adem\u00e1s de <a href=\"https:\/\/blogthinkbig.com\/fotos-videos-facebook-instagram-movistar-cloud\" target=\"_blank\" rel=\"noreferrer noopener\">sincronizar ese contenido<\/a>, fotos y v\u00eddeos b\u00e1sicamente, podr\u00e1s&nbsp;<strong>copiarlo a tu espacio de almacenamiento en la nube de Movistar Cloud<\/strong>. Una manera pr\u00e1ctica de pasar tus fotos y v\u00eddeos y hacer mudanza. Para hacerlo posible, desde la Web o desde las aplicaciones m\u00f3viles de Movistar Cloud tendr\u00e1s que ir a la configuraci\u00f3n, luego&nbsp;<strong>Mis conexiones<\/strong>&nbsp;y activar cada uno de los tres servicios disponibles de almacenamiento online.<\/p>\n\n\n\n<h2 class=\"wp-block-heading\" id=\"h-whatsapp-flickr-y-otras-aplicaciones-moviles\">WhatsApp, Flickr y otras aplicaciones m\u00f3viles<\/h2>\n\n\n\n<p>Desde <strong>Movistar Cloud<\/strong>, en su versi\u00f3n para\u00a0<a href=\"https:\/\/play.google.com\/store\/apps\/details?id=es.movistar.cloud\" target=\"_blank\" rel=\"noreferrer noopener\">Android<\/a>\u00a0o\u00a0<a href=\"https:\/\/apps.apple.com\/app\/movistar-cloud\/id943945251\" target=\"_blank\" rel=\"noreferrer noopener\">iPhone<\/a>, puedes subir las fotos y v\u00eddeos que se guardan en tu tel\u00e9fono desde aplicaciones tan conocidas como WhatsApp u otras. Esta opci\u00f3n est\u00e1 disponible en Android. En iOS tan s\u00f3lo podr\u00e1s subir el contenido almacenado en la app Fotos.<\/p>\n\n\n\n<figure class=\"wp-block-image size-large\"><img decoding=\"async\" src=\"https:\/\/blogthinkbig.com\/wp-content\/uploads\/sites\/4\/2021\/04\/Movistar-Cloud-Subir-Carpetas.jpg?resize=610,407\" alt=\"Almacenamiento en la nube - Pasar fotos - Movistar Cloud\" class=\"wp-image-197851\" \/><\/figure>\n\n\n\n<p>Desde iPhone, encontrar\u00e1s esta opci\u00f3n en la barra lateral de opciones, en el apartado&nbsp;<strong>Guarda tu contenido<\/strong>. En Android, deber\u00e1s ir a&nbsp;<strong>Ajustes &gt; Subir<\/strong>. All\u00ed podr\u00e1s marcar y desmarcar todas las carpetas de aplicaciones compatibles con Movistar Cloud. Desde las que crea Android para guardar tus fotograf\u00edas y v\u00eddeos a las que crean apps instaladas en tu tel\u00e9fono como&nbsp;<strong>WhatsApp<\/strong>&nbsp;o&nbsp;<strong>Flickr<\/strong>.<\/p>\n\n\n\n<h2 class=\"wp-block-heading\" id=\"h-otros-servicios-de-almacenamiento-en-la-nube\">Otros servicios de almacenamiento en la nube<\/h2>\n\n\n\n<p>Para cualquier otro servicio de almacenamiento en la nube, la soluci\u00f3n m\u00e1s obvia consiste en descargar todo su contenido a tu ordenador y luego subirlo a Movistar Cloud. Te llevar\u00e1 m\u00e1s o menos tiempo en funci\u00f3n de la cantidad y tama\u00f1o de los&nbsp;<strong>archivos, documentos, fotos o v\u00eddeos<\/strong>.<\/p>\n\n\n\n<figure class=\"wp-block-image size-large\"><img decoding=\"async\" src=\"https:\/\/blogthinkbig.com\/wp-content\/uploads\/sites\/4\/2021\/04\/Google-Fotos-Descargar.jpg?resize=610,407\" alt=\"Almacenamiento en la nube - Pasar fotos - Movistar Cloud\" class=\"wp-image-197853\" \/><\/figure>\n\n\n\n<p>Algunos de estos servicios permiten descargar el contenido de una sola vez. Un ejemplo es&nbsp;<strong>Google Fotos<\/strong>. Si vas a tu&nbsp;cuenta de Google, en este enlace, encontrar\u00e1s esta opci\u00f3n en&nbsp;<strong>Datos y personalizaci\u00f3n<\/strong>. Luego iremos a&nbsp;<strong>Ir al Panel de Control de Google<\/strong>, donde ver\u00e1s&nbsp;<strong>Fotos<\/strong>. Debajo te indicar\u00e1 la cantidad de fotograf\u00edas y v\u00eddeos almacenados.<\/p>\n\n\n\n<p>Si pulsas en&nbsp;<strong>Fotos<\/strong>&nbsp;se abrir\u00e1 un desplegable. En la esquina inferior derecha hay un men\u00fa. Si haces clic, ver\u00e1s varias opciones. Entre ellas,&nbsp;<strong>Descargar datos<\/strong>. Obtendr\u00e1s un archivo ZIP que contiene todas tus fotograf\u00edas y v\u00eddeos. Luego podr\u00e1s decidir qu\u00e9 subir\u00e1s y qu\u00e9 no para pasar tus fotos a Movistar Cloud.<\/p>\n","protected":false},"excerpt":{"rendered":"<p>A casi nadie le gustan las mudanzas. Mover las cosas de un sitio a otro resulta aburrido, laborioso y siempre se pierde algo por el camino. Pero, en ocasiones, una mudanza puede servir para\u202fponer un [&hellip;]<\/p>\n","protected":false},"author":48,"featured_media":361,"comment_status":"open","ping_status":"open","sticky":false,"template":"","format":"standard","meta":{"site-sidebar-layout":"default","site-content-layout":"","ast-site-content-layout":"","site-content-style":"default","site-sidebar-style":"default","ast-global-header-display":"","ast-banner-title-visibility":"","ast-main-header-display":"","ast-hfb-above-header-display":"","ast-hfb-below-header-display":"","ast-hfb-mobile-header-display":"","site-post-title":"","ast-breadcrumbs-content":"","ast-featured-img":"","footer-sml-layout":"","theme-transparent-header-meta":"","adv-header-id-meta":"","stick-header-meta":"","header-above-stick-meta":"","header-main-stick-meta":"","header-below-stick-meta":"","astra-migrate-meta-layouts":"default","ast-page-background-enabled":"default","ast-page-background-meta":{"desktop":{"background-color":"var(--ast-global-color-4)","background-image":"","background-repeat":"repeat","background-position":"center center","background-size":"auto","background-attachment":"scroll","background-type":"","background-media":"","overlay-type":"","overlay-color":"","overlay-opacity":"","overlay-gradient":""},"tablet":{"background-color":"","background-image":"","background-repeat":"repeat","background-position":"center center","background-size":"auto","background-attachment":"scroll","background-type":"","background-media":"","overlay-type":"","overlay-color":"","overlay-opacity":"","overlay-gradient":""},"mobile":{"background-color":"","background-image":"","background-repeat":"repeat","background-position":"center center","background-size":"auto","background-attachment":"scroll","background-type":"","background-media":"","overlay-type":"","overlay-color":"","overlay-opacity":"","overlay-gradient":""}},"ast-content-background-meta":{"desktop":{"background-color":"var(--ast-global-color-5)","background-image":"","background-repeat":"repeat","background-position":"center center","background-size":"auto","background-attachment":"scroll","background-type":"","background-media":"","overlay-type":"","overlay-color":"","overlay-opacity":"","overlay-gradient":""},"tablet":{"background-color":"var(--ast-global-color-5)","background-image":"","background-repeat":"repeat","background-position":"center center","background-size":"auto","background-attachment":"scroll","background-type":"","background-media":"","overlay-type":"","overlay-color":"","overlay-opacity":"","overlay-gradient":""},"mobile":{"background-color":"var(--ast-global-color-5)","background-image":"","background-repeat":"repeat","background-position":"center center","background-size":"auto","background-attachment":"scroll","background-type":"","background-media":"","overlay-type":"","overlay-color":"","overlay-opacity":"","overlay-gradient":""}},"_jetpack_memberships_contains_paid_content":false,"footnotes":""},"categories":[1],"tags":[176,177,159],"area":[],"cluster":[160],"linea_editorial":[9],"coauthors":[331],"class_list":["post-2679","post","type-post","status-publish","format-standard","has-post-thumbnail","hentry","category-sin-categoria","tag-almacenamiento-en-la-nube","tag-fotografia","tag-nube","cluster-movistar-cloud","linea_editorial-movistar"],"yoast_head":"<!-- This site is optimized with the Yoast SEO Premium plugin v25.5 (Yoast SEO v25.5) - https:\/\/yoast.com\/wordpress\/plugins\/seo\/ -->\n<title>Almacenamiento en la nube: c\u00f3mo migrar tus fotos a Movistar Cloud<\/title>\n<meta name=\"description\" content=\"Movistar Cloud es el lugar perfecto para tus fotos y v\u00eddeos. Te contamos c\u00f3mo pasar tus fotos desde tu almacenamiento en la nube actual.\" \/>\n<meta name=\"robots\" content=\"index, follow, max-snippet:-1, max-image-preview:large, max-video-preview:-1\" \/>\n<link rel=\"canonical\" href=\"https:\/\/www.movistar.es\/blog\/movistar-cloud\/almacenamiento-nube-pasar-fotos-movistar-cloud\/\" \/>\n<meta property=\"og:locale\" content=\"es_ES\" \/>\n<meta property=\"og:type\" content=\"article\" \/>\n<meta property=\"og:title\" content=\"Migra todas tus fotos de cualquier plataforma a Movistar Cloud: gu\u00eda r\u00e1pida\" \/>\n<meta property=\"og:description\" content=\"Movistar Cloud es el lugar perfecto para tus fotos y v\u00eddeos. Te contamos c\u00f3mo pasar tus fotos desde tu almacenamiento en la nube actual.\" \/>\n<meta property=\"og:url\" content=\"https:\/\/www.movistar.es\/blog\/movistar-cloud\/almacenamiento-nube-pasar-fotos-movistar-cloud\/\" \/>\n<meta property=\"og:site_name\" content=\"Movistar blog\" \/>\n<meta property=\"article:published_time\" content=\"2021-05-21T08:30:00+00:00\" \/>\n<meta property=\"article:modified_time\" content=\"2023-04-20T09:00:35+00:00\" \/>\n<meta property=\"og:image\" content=\"https:\/\/www.movistar.es\/blog\/wp-content\/uploads\/sites\/3\/2022\/04\/Movistar-Cloud-Content.jpg\" \/>\n\t<meta property=\"og:image:width\" content=\"1500\" \/>\n\t<meta property=\"og:image:height\" content=\"1000\" \/>\n\t<meta property=\"og:image:type\" content=\"image\/jpeg\" \/>\n<meta name=\"author\" content=\"Jos\u00e9 Mar\u00eda L\u00f3pez\" \/>\n<meta name=\"twitter:card\" content=\"summary_large_image\" \/>\n<meta name=\"twitter:creator\" content=\"@gilead1984\" \/>\n<meta name=\"twitter:label1\" content=\"Written by\" \/>\n\t<meta name=\"twitter:data1\" content=\"Jos\u00e9 Mar\u00eda L\u00f3pez\" \/>\n\t<meta name=\"twitter:label2\" content=\"Est. reading time\" \/>\n\t<meta name=\"twitter:data2\" content=\"4 minutos\" \/>\n<script type=\"application\/ld+json\" class=\"yoast-schema-graph\">{\"@context\":\"https:\/\/schema.org\",\"@graph\":[{\"@type\":\"Article\",\"@id\":\"https:\/\/www.movistar.es\/blog\/movistar-cloud\/almacenamiento-nube-pasar-fotos-movistar-cloud\/#article\",\"isPartOf\":{\"@id\":\"https:\/\/www.movistar.es\/blog\/movistar-cloud\/almacenamiento-nube-pasar-fotos-movistar-cloud\/\"},\"author\":{\"name\":\"Jos\u00e9 Mar\u00eda L\u00f3pez\",\"@id\":\"https:\/\/www.movistar.es\/blog\/#\/schema\/person\/c57073ecff97d0dcb954df6e5b8e0df8\"},\"headline\":\"Migra todas tus fotos de cualquier plataforma a Movistar Cloud: gu\u00eda r\u00e1pida\",\"datePublished\":\"2021-05-21T08:30:00+00:00\",\"dateModified\":\"2023-04-20T09:00:35+00:00\",\"mainEntityOfPage\":{\"@id\":\"https:\/\/www.movistar.es\/blog\/movistar-cloud\/almacenamiento-nube-pasar-fotos-movistar-cloud\/\"},\"wordCount\":825,\"commentCount\":0,\"publisher\":{\"@id\":\"https:\/\/www.movistar.es\/blog\/#organization\"},\"image\":{\"@id\":\"https:\/\/www.movistar.es\/blog\/movistar-cloud\/almacenamiento-nube-pasar-fotos-movistar-cloud\/#primaryimage\"},\"thumbnailUrl\":\"https:\/\/www.movistar.es\/blog\/wp-content\/uploads\/sites\/3\/2022\/04\/Movistar-Cloud-Content.jpg\",\"keywords\":[\"almacenamiento en la nube\",\"fotograf\u00eda\",\"Nube\"],\"inLanguage\":\"es\",\"potentialAction\":[{\"@type\":\"CommentAction\",\"name\":\"Comment\",\"target\":[\"https:\/\/www.movistar.es\/blog\/movistar-cloud\/almacenamiento-nube-pasar-fotos-movistar-cloud\/#respond\"]}]},{\"@type\":\"WebPage\",\"@id\":\"https:\/\/www.movistar.es\/blog\/movistar-cloud\/almacenamiento-nube-pasar-fotos-movistar-cloud\/\",\"url\":\"https:\/\/www.movistar.es\/blog\/movistar-cloud\/almacenamiento-nube-pasar-fotos-movistar-cloud\/\",\"name\":\"Almacenamiento en la nube: c\u00f3mo migrar tus fotos a Movistar Cloud\",\"isPartOf\":{\"@id\":\"https:\/\/www.movistar.es\/blog\/#website\"},\"primaryImageOfPage\":{\"@id\":\"https:\/\/www.movistar.es\/blog\/movistar-cloud\/almacenamiento-nube-pasar-fotos-movistar-cloud\/#primaryimage\"},\"image\":{\"@id\":\"https:\/\/www.movistar.es\/blog\/movistar-cloud\/almacenamiento-nube-pasar-fotos-movistar-cloud\/#primaryimage\"},\"thumbnailUrl\":\"https:\/\/www.movistar.es\/blog\/wp-content\/uploads\/sites\/3\/2022\/04\/Movistar-Cloud-Content.jpg\",\"datePublished\":\"2021-05-21T08:30:00+00:00\",\"dateModified\":\"2023-04-20T09:00:35+00:00\",\"description\":\"Movistar Cloud es el lugar perfecto para tus fotos y v\u00eddeos. Te contamos c\u00f3mo pasar tus fotos desde tu almacenamiento en la nube actual.\",\"breadcrumb\":{\"@id\":\"https:\/\/www.movistar.es\/blog\/movistar-cloud\/almacenamiento-nube-pasar-fotos-movistar-cloud\/#breadcrumb\"},\"inLanguage\":\"es\",\"potentialAction\":[{\"@type\":\"ReadAction\",\"target\":[\"https:\/\/www.movistar.es\/blog\/movistar-cloud\/almacenamiento-nube-pasar-fotos-movistar-cloud\/\"]}]},{\"@type\":\"ImageObject\",\"inLanguage\":\"es\",\"@id\":\"https:\/\/www.movistar.es\/blog\/movistar-cloud\/almacenamiento-nube-pasar-fotos-movistar-cloud\/#primaryimage\",\"url\":\"https:\/\/www.movistar.es\/blog\/wp-content\/uploads\/sites\/3\/2022\/04\/Movistar-Cloud-Content.jpg\",\"contentUrl\":\"https:\/\/www.movistar.es\/blog\/wp-content\/uploads\/sites\/3\/2022\/04\/Movistar-Cloud-Content.jpg\",\"width\":1500,\"height\":1000},{\"@type\":\"BreadcrumbList\",\"@id\":\"https:\/\/www.movistar.es\/blog\/movistar-cloud\/almacenamiento-nube-pasar-fotos-movistar-cloud\/#breadcrumb\",\"itemListElement\":[{\"@type\":\"ListItem\",\"position\":1,\"name\":\"Home\",\"item\":\"https:\/\/www.movistar.es\/blog\/\"},{\"@type\":\"ListItem\",\"position\":2,\"name\":\"Migra todas tus fotos de cualquier plataforma a Movistar Cloud: gu\u00eda r\u00e1pida\"}]},{\"@type\":\"WebSite\",\"@id\":\"https:\/\/www.movistar.es\/blog\/#website\",\"url\":\"https:\/\/www.movistar.es\/blog\/\",\"name\":\"Movistar blog\",\"description\":\"Movistar Blog. Informaci\u00f3n y m\u00e1s sobre los productos y servicios de Movistar\",\"publisher\":{\"@id\":\"https:\/\/www.movistar.es\/blog\/#organization\"},\"potentialAction\":[{\"@type\":\"SearchAction\",\"target\":{\"@type\":\"EntryPoint\",\"urlTemplate\":\"https:\/\/www.movistar.es\/blog\/?s={search_term_string}\"},\"query-input\":{\"@type\":\"PropertyValueSpecification\",\"valueRequired\":true,\"valueName\":\"search_term_string\"}}],\"inLanguage\":\"es\"},{\"@type\":\"Organization\",\"@id\":\"https:\/\/www.movistar.es\/blog\/#organization\",\"name\":\"Movistar blog\",\"url\":\"https:\/\/www.movistar.es\/blog\/\",\"logo\":{\"@type\":\"ImageObject\",\"inLanguage\":\"es\",\"@id\":\"https:\/\/www.movistar.es\/blog\/#\/schema\/logo\/image\/\",\"url\":\"https:\/\/www.movistar.es\/blog\/wp-content\/uploads\/sites\/3\/2022\/05\/logo_movistar-1.svg\",\"contentUrl\":\"https:\/\/www.movistar.es\/blog\/wp-content\/uploads\/sites\/3\/2022\/05\/logo_movistar-1.svg\",\"width\":369,\"height\":272,\"caption\":\"Movistar blog\"},\"image\":{\"@id\":\"https:\/\/www.movistar.es\/blog\/#\/schema\/logo\/image\/\"}},{\"@type\":\"Person\",\"@id\":\"https:\/\/www.movistar.es\/blog\/#\/schema\/person\/c57073ecff97d0dcb954df6e5b8e0df8\",\"name\":\"Jos\u00e9 Mar\u00eda L\u00f3pez\",\"image\":{\"@type\":\"ImageObject\",\"inLanguage\":\"es\",\"@id\":\"https:\/\/www.movistar.es\/blog\/#\/schema\/person\/image\/84ae05b8ad63a9ad0916468ec0b453c4\",\"url\":\"https:\/\/secure.gravatar.com\/avatar\/dc66cccaf205212c849b70e913974b3873bcae1ed4e143e1045cb6baf0e317aa\",\"contentUrl\":\"https:\/\/secure.gravatar.com\/avatar\/dc66cccaf205212c849b70e913974b3873bcae1ed4e143e1045cb6baf0e317aa\",\"caption\":\"Jos\u00e9 Mar\u00eda L\u00f3pez\"},\"sameAs\":[\"https:\/\/www.linkedin.com\/in\/josemarialopezlafuente\/\",\"https:\/\/x.com\/gilead1984\"],\"url\":\"https:\/\/www.movistar.es\/blog\/author\/josemarialopez\/\"}]}<\/script>\n<!-- \/ Yoast SEO Premium plugin. -->","yoast_head_json":{"title":"Almacenamiento en la nube: c\u00f3mo migrar tus fotos a Movistar Cloud","description":"Movistar Cloud es el lugar perfecto para tus fotos y v\u00eddeos. Te contamos c\u00f3mo pasar tus fotos desde tu almacenamiento en la nube actual.","robots":{"index":"index","follow":"follow","max-snippet":"max-snippet:-1","max-image-preview":"max-image-preview:large","max-video-preview":"max-video-preview:-1"},"canonical":"https:\/\/www.movistar.es\/blog\/movistar-cloud\/almacenamiento-nube-pasar-fotos-movistar-cloud\/","og_locale":"es_ES","og_type":"article","og_title":"Migra todas tus fotos de cualquier plataforma a Movistar Cloud: gu\u00eda r\u00e1pida","og_description":"Movistar Cloud es el lugar perfecto para tus fotos y v\u00eddeos. Te contamos c\u00f3mo pasar tus fotos desde tu almacenamiento en la nube actual.","og_url":"https:\/\/www.movistar.es\/blog\/movistar-cloud\/almacenamiento-nube-pasar-fotos-movistar-cloud\/","og_site_name":"Movistar blog","article_published_time":"2021-05-21T08:30:00+00:00","article_modified_time":"2023-04-20T09:00:35+00:00","og_image":[{"width":1500,"height":1000,"url":"https:\/\/www.movistar.es\/blog\/wp-content\/uploads\/sites\/3\/2022\/04\/Movistar-Cloud-Content.jpg","type":"image\/jpeg"}],"author":"Jos\u00e9 Mar\u00eda L\u00f3pez","twitter_card":"summary_large_image","twitter_creator":"@gilead1984","twitter_misc":{"Written by":"Jos\u00e9 Mar\u00eda L\u00f3pez","Est. reading time":"4 minutos"},"schema":{"@context":"https:\/\/schema.org","@graph":[{"@type":"Article","@id":"https:\/\/www.movistar.es\/blog\/movistar-cloud\/almacenamiento-nube-pasar-fotos-movistar-cloud\/#article","isPartOf":{"@id":"https:\/\/www.movistar.es\/blog\/movistar-cloud\/almacenamiento-nube-pasar-fotos-movistar-cloud\/"},"author":{"name":"Jos\u00e9 Mar\u00eda L\u00f3pez","@id":"https:\/\/www.movistar.es\/blog\/#\/schema\/person\/c57073ecff97d0dcb954df6e5b8e0df8"},"headline":"Migra todas tus fotos de cualquier plataforma a Movistar Cloud: gu\u00eda r\u00e1pida","datePublished":"2021-05-21T08:30:00+00:00","dateModified":"2023-04-20T09:00:35+00:00","mainEntityOfPage":{"@id":"https:\/\/www.movistar.es\/blog\/movistar-cloud\/almacenamiento-nube-pasar-fotos-movistar-cloud\/"},"wordCount":825,"commentCount":0,"publisher":{"@id":"https:\/\/www.movistar.es\/blog\/#organization"},"image":{"@id":"https:\/\/www.movistar.es\/blog\/movistar-cloud\/almacenamiento-nube-pasar-fotos-movistar-cloud\/#primaryimage"},"thumbnailUrl":"https:\/\/www.movistar.es\/blog\/wp-content\/uploads\/sites\/3\/2022\/04\/Movistar-Cloud-Content.jpg","keywords":["almacenamiento en la nube","fotograf\u00eda","Nube"],"inLanguage":"es","potentialAction":[{"@type":"CommentAction","name":"Comment","target":["https:\/\/www.movistar.es\/blog\/movistar-cloud\/almacenamiento-nube-pasar-fotos-movistar-cloud\/#respond"]}]},{"@type":"WebPage","@id":"https:\/\/www.movistar.es\/blog\/movistar-cloud\/almacenamiento-nube-pasar-fotos-movistar-cloud\/","url":"https:\/\/www.movistar.es\/blog\/movistar-cloud\/almacenamiento-nube-pasar-fotos-movistar-cloud\/","name":"Almacenamiento en la nube: c\u00f3mo migrar tus fotos a Movistar Cloud","isPartOf":{"@id":"https:\/\/www.movistar.es\/blog\/#website"},"primaryImageOfPage":{"@id":"https:\/\/www.movistar.es\/blog\/movistar-cloud\/almacenamiento-nube-pasar-fotos-movistar-cloud\/#primaryimage"},"image":{"@id":"https:\/\/www.movistar.es\/blog\/movistar-cloud\/almacenamiento-nube-pasar-fotos-movistar-cloud\/#primaryimage"},"thumbnailUrl":"https:\/\/www.movistar.es\/blog\/wp-content\/uploads\/sites\/3\/2022\/04\/Movistar-Cloud-Content.jpg","datePublished":"2021-05-21T08:30:00+00:00","dateModified":"2023-04-20T09:00:35+00:00","description":"Movistar Cloud es el lugar perfecto para tus fotos y v\u00eddeos. Te contamos c\u00f3mo pasar tus fotos desde tu almacenamiento en la nube actual.","breadcrumb":{"@id":"https:\/\/www.movistar.es\/blog\/movistar-cloud\/almacenamiento-nube-pasar-fotos-movistar-cloud\/#breadcrumb"},"inLanguage":"es","potentialAction":[{"@type":"ReadAction","target":["https:\/\/www.movistar.es\/blog\/movistar-cloud\/almacenamiento-nube-pasar-fotos-movistar-cloud\/"]}]},{"@type":"ImageObject","inLanguage":"es","@id":"https:\/\/www.movistar.es\/blog\/movistar-cloud\/almacenamiento-nube-pasar-fotos-movistar-cloud\/#primaryimage","url":"https:\/\/www.movistar.es\/blog\/wp-content\/uploads\/sites\/3\/2022\/04\/Movistar-Cloud-Content.jpg","contentUrl":"https:\/\/www.movistar.es\/blog\/wp-content\/uploads\/sites\/3\/2022\/04\/Movistar-Cloud-Content.jpg","width":1500,"height":1000},{"@type":"BreadcrumbList","@id":"https:\/\/www.movistar.es\/blog\/movistar-cloud\/almacenamiento-nube-pasar-fotos-movistar-cloud\/#breadcrumb","itemListElement":[{"@type":"ListItem","position":1,"name":"Home","item":"https:\/\/www.movistar.es\/blog\/"},{"@type":"ListItem","position":2,"name":"Migra todas tus fotos de cualquier plataforma a Movistar Cloud: gu\u00eda r\u00e1pida"}]},{"@type":"WebSite","@id":"https:\/\/www.movistar.es\/blog\/#website","url":"https:\/\/www.movistar.es\/blog\/","name":"Movistar blog","description":"Movistar Blog. Informaci\u00f3n y m\u00e1s sobre los productos y servicios de Movistar","publisher":{"@id":"https:\/\/www.movistar.es\/blog\/#organization"},"potentialAction":[{"@type":"SearchAction","target":{"@type":"EntryPoint","urlTemplate":"https:\/\/www.movistar.es\/blog\/?s={search_term_string}"},"query-input":{"@type":"PropertyValueSpecification","valueRequired":true,"valueName":"search_term_string"}}],"inLanguage":"es"},{"@type":"Organization","@id":"https:\/\/www.movistar.es\/blog\/#organization","name":"Movistar blog","url":"https:\/\/www.movistar.es\/blog\/","logo":{"@type":"ImageObject","inLanguage":"es","@id":"https:\/\/www.movistar.es\/blog\/#\/schema\/logo\/image\/","url":"https:\/\/www.movistar.es\/blog\/wp-content\/uploads\/sites\/3\/2022\/05\/logo_movistar-1.svg","contentUrl":"https:\/\/www.movistar.es\/blog\/wp-content\/uploads\/sites\/3\/2022\/05\/logo_movistar-1.svg","width":369,"height":272,"caption":"Movistar blog"},"image":{"@id":"https:\/\/www.movistar.es\/blog\/#\/schema\/logo\/image\/"}},{"@type":"Person","@id":"https:\/\/www.movistar.es\/blog\/#\/schema\/person\/c57073ecff97d0dcb954df6e5b8e0df8","name":"Jos\u00e9 Mar\u00eda L\u00f3pez","image":{"@type":"ImageObject","inLanguage":"es","@id":"https:\/\/www.movistar.es\/blog\/#\/schema\/person\/image\/84ae05b8ad63a9ad0916468ec0b453c4","url":"https:\/\/secure.gravatar.com\/avatar\/dc66cccaf205212c849b70e913974b3873bcae1ed4e143e1045cb6baf0e317aa","contentUrl":"https:\/\/secure.gravatar.com\/avatar\/dc66cccaf205212c849b70e913974b3873bcae1ed4e143e1045cb6baf0e317aa","caption":"Jos\u00e9 Mar\u00eda L\u00f3pez"},"sameAs":["https:\/\/www.linkedin.com\/in\/josemarialopezlafuente\/","https:\/\/x.com\/gilead1984"],"url":"https:\/\/www.movistar.es\/blog\/author\/josemarialopez\/"}]}},"jetpack_featured_media_url":"https:\/\/www.movistar.es\/blog\/wp-content\/uploads\/sites\/3\/2022\/04\/Movistar-Cloud-Content.jpg","jetpack_sharing_enabled":true,"_links":{"self":[{"href":"https:\/\/www.movistar.es\/blog\/wp-json\/wp\/v2\/posts\/2679","targetHints":{"allow":["GET"]}}],"collection":[{"href":"https:\/\/www.movistar.es\/blog\/wp-json\/wp\/v2\/posts"}],"about":[{"href":"https:\/\/www.movistar.es\/blog\/wp-json\/wp\/v2\/types\/post"}],"author":[{"embeddable":true,"href":"https:\/\/www.movistar.es\/blog\/wp-json\/wp\/v2\/users\/48"}],"replies":[{"embeddable":true,"href":"https:\/\/www.movistar.es\/blog\/wp-json\/wp\/v2\/comments?post=2679"}],"version-history":[{"count":2,"href":"https:\/\/www.movistar.es\/blog\/wp-json\/wp\/v2\/posts\/2679\/revisions"}],"predecessor-version":[{"id":12684,"href":"https:\/\/www.movistar.es\/blog\/wp-json\/wp\/v2\/posts\/2679\/revisions\/12684"}],"wp:featuredmedia":[{"embeddable":true,"href":"https:\/\/www.movistar.es\/blog\/wp-json\/wp\/v2\/media\/361"}],"wp:attachment":[{"href":"https:\/\/www.movistar.es\/blog\/wp-json\/wp\/v2\/media?parent=2679"}],"wp:term":[{"taxonomy":"category","embeddable":true,"href":"https:\/\/www.movistar.es\/blog\/wp-json\/wp\/v2\/categories?post=2679"},{"taxonomy":"post_tag","embeddable":true,"href":"https:\/\/www.movistar.es\/blog\/wp-json\/wp\/v2\/tags?post=2679"},{"taxonomy":"area","embeddable":true,"href":"https:\/\/www.movistar.es\/blog\/wp-json\/wp\/v2\/area?post=2679"},{"taxonomy":"cluster","embeddable":true,"href":"https:\/\/www.movistar.es\/blog\/wp-json\/wp\/v2\/cluster?post=2679"},{"taxonomy":"linea_editorial","embeddable":true,"href":"https:\/\/www.movistar.es\/blog\/wp-json\/wp\/v2\/linea_editorial?post=2679"},{"taxonomy":"author","embeddable":true,"href":"https:\/\/www.movistar.es\/blog\/wp-json\/wp\/v2\/coauthors?post=2679"}],"curies":[{"name":"wp","href":"https:\/\/api.w.org\/{rel}","templated":true}]}}