{"id":2678,"date":"2022-08-10T13:25:26","date_gmt":"2022-08-10T11:25:26","guid":{"rendered":"https:\/\/www.movistar.es\/blog\/guardar-fotos-nube-movistar-cloud\/"},"modified":"2024-07-31T09:54:51","modified_gmt":"2024-07-31T07:54:51","slug":"guardar-fotos-nube-movistar-cloud","status":"publish","type":"post","link":"https:\/\/www.movistar.es\/blog\/movistar-cloud\/guardar-fotos-nube-movistar-cloud\/","title":{"rendered":"C\u00f3mo guardar tus fotos en la nube: Movistar Cloud"},"content":{"rendered":"\n<p>La nube se ha convertido en una <strong>parte importante de nuestro d\u00eda a d\u00eda<\/strong> a la hora de liberar espacio del m\u00f3vil y guardar nuestras fotos y v\u00eddeos. Es una extensi\u00f3n de nuestros <strong>ordenadores, smartphones y tablets<\/strong>. Ya no hace falta andar borrando aplicaciones o recuerdos para que el m\u00f3vil vaya un poco m\u00e1r r\u00e1pido, o hacer copias de seguridad por si se te pierde el m\u00f3vil. La nube te ofrece <strong>m\u00e1s espacio<\/strong> para guardar tus archivos, documentos, fotos y v\u00eddeos. &nbsp;<\/p>\n\n\n\n<p><a href=\"https:\/\/www.movistar.es\/particulares\/tienda\/servicios-digitales\/cloud\/?pid=blogmovistar_movistarcloud_2678\" target=\"_blank\" rel=\"noreferrer noopener\">Movistar Cloud<\/a> es un <strong>servicio gratuito<\/strong> para los clientes Movistar con tarifa de contrato que ofrece<strong> espacio ilimitado<\/strong> para que puedas almacenar todas las fotos y v\u00eddeos que desees. Puedes verlo desde cualquier dispositivo, incluso compartir esos momentos a lo grande desde tu TV con la <strong>Living App de Movistar Plus+<\/strong>.&nbsp;<\/p>\n\n\n\n<p>Aqu\u00ed te contamos todas las<strong> ventajas y detalle del servicio Movistar Cloud<\/strong>.<\/p>\n\n\n\n<figure class=\"wp-block-embed is-type-video is-provider-youtube wp-block-embed-youtube wp-embed-aspect-16-9 wp-has-aspect-ratio\"><div class=\"wp-block-embed__wrapper\">\nhttps:\/\/www.youtube.com\/watch?v=FtxZnpbMif8\n<\/div><\/figure>\n\n\n\n<h2 class=\"wp-block-heading\" id=\"h-movistar-cloud-servicio-de-almacenamiento-en-la-nube-gratis-e-ilimitado\">Movistar Cloud, servicio de almacenamiento en la nube gratis e ilimitado<\/h2>\n\n\n\n<p>En nuestro m\u00f3vil no llevamos fotos y v\u00eddeos, sino que tenemos nuestra vida, recuerdos y momentos. Con Movistar Cloud, <strong>guarda y protege estos momentos<\/strong> gratis de forma ilimitada, con todos los dispositivos que quieras.  As\u00ed, gracias a la sincronizaci\u00f3n autom\u00e1tica entre dispositivo, podr\u00e1s subir y descargar desde cualquier lugar.<\/p>\n\n\n\n<p>Movistar Cloud es tranquilidad. No vas a vivir con el agobio de ir vaciando el m\u00f3vil cada dos por tres o vivir en un eterno ejercicio de paciencia para que se te abra la app que quieres porque tu m\u00f3vil te va lento. Puedes liberar tu m\u00f3vil haciendo una copia de seguridad en la nube. Adem\u00e1s, es muy sencillo porque tus<strong> fotos y v\u00eddeos se guardan de forma autom\u00e1tica<\/strong>.&nbsp;&nbsp;<\/p>\n\n\n\n<p>Todo ello de forma <strong>gratuita<\/strong> por ser cliente de miMovistar y\/o tener tarifa de contrato. Gratis e ilimitado, \u00bfqu\u00e9 m\u00e1s se puede pedir? Pues te cuento. Otra de las ventajas es que es<strong> totalmente seguro<\/strong>, marca de la casa. Tus fotos son tuyas y de quien t\u00fa decidas compartir. De nadie m\u00e1s.&nbsp;&nbsp;<\/p>\n\n\n\n<p>Para que no pierdas tiempo buscando una foto en concreto puedes crear \u00e1lbumes y carpetas que agrupen las fotos y v\u00eddeos que elijas. De esta forma tendr\u00e1s tu galer\u00eda m\u00e1s organizada y te ser\u00e1 m\u00e1s f\u00e1cil lucir esa foto de verano o ense\u00f1ar la foto de tu cumple. Todos estos \u00e1lbumes y recuerdos puedes compartirlos con qui\u00e9n t\u00fa quieras y <strong>ordenarlos de forma personalizada<\/strong> en tu app.&nbsp;Tambi\u00e9n puedes crear \u00e1lbumes con una foto de portada para que se almacene ah\u00ed todo el contenido relacionado con esa persona concreta. Y eso no es todo, el <strong>servicio integra inteligencia artificial (IA)<\/strong> para que puedas <strong>buscar por personas, temas o palabras clave<\/strong> facilitando la b\u00fasqueda m\u00faltiple con diferentes criterios. Vale con poner una palabra clave y la app te hace una b\u00fasqueda de todo el contenido relacionado. <\/p>\n\n\n\n<p>Gracias a la integraci\u00f3n de la IA en la app tambi\u00e9n puedes <strong>escanear fotos y documentos<\/strong> para luego exportarlos en diferentes formatos con la m\u00e1xima calidad, eliminando sombras y mejorando los detalles.<\/p>\n\n\n\n<h2 class=\"wp-block-heading\" id=\"h-otras-funcionalidades-disponibles-en-movistar-cloud-nbsp\"><strong>Otras funcionalidades disponibles en Movistar Cloud&nbsp;<\/strong><\/h2>\n\n\n\n<p>Esto no es todo! &nbsp;Cada d\u00eda, Movistar elige aleatoriamente una de tus fotos y te la muestra con un filtro exclusivo de Cloud. \u00bfHas visto ya tu <strong>foto del d\u00eda<\/strong>? &nbsp;<\/p>\n\n\n\n<p>Adem\u00e1s, puedes <strong>editar tus contenidos<\/strong> (ajustar la luz, la saturaci\u00f3n, recortar la imagen\u2026) y <strong>compartir lo que desees <\/strong>con tus amigos o contactos. \u00bfC\u00f3mo puedes hacerlo? A partir de un \u00e1lbum de fotos o seleccionando las im\u00e1genes que quieras, puedes crear un enlace p\u00fablico para poder enviar a quien quieras. Y lo mejor es que, aunque no tengan Movistar Cloud instalado, tendr\u00e1n acceso a esas fotograf\u00edas o v\u00eddeos.&nbsp;<\/p>\n\n\n\n<p>Tienes disponible la <a href=\"https:\/\/micloud.movistar.es\/login\" target=\"_blank\" rel=\"noreferrer noopener\">app<\/a> para dispositivos iOs y Android.<\/p>\n\n\n\n<h2 class=\"wp-block-heading\" id=\"h-descubre-la-living-app-de-movistar-cloud\">Descubre la Living App de Movistar Cloud<\/h2>\n\n\n\n<p>Puedes ver todas las fotos y v\u00eddeos que tienes subido a tu Movistar Cloud a lo grande desde la TV. Si tienes un <a href=\"https:\/\/www.movistar.es\/particulares\/movil\/moviles\/descodificador-uhd\/\" target=\"_blank\" rel=\"noreferrer noopener\"><strong>Descodificador UHD<\/strong><\/a><strong> o <\/strong><a href=\"https:\/\/www.movistar.es\/particulares\/movil\/moviles\/smart-wifi\/\" target=\"_blank\" rel=\"noreferrer noopener\"><strong>Descodificador UHD Smart WiFi<\/strong><\/a> puedes acceder a las Living Apps de &nbsp;Movistar Plus+.&nbsp;<\/p>\n\n\n\n<p>Para ello solo tienes que entrar desde el men\u00fa de Movistar Plus+ a la parte de \u201cApps\u201d, navegar hasta la secci\u00f3n \u00abZona Movistar\u00bb y seleccionar la opci\u00f3n de Movistar Cloud. Otra opci\u00f3n m\u00e1s sencilla es marcar el dial <strong>210 desde el men\u00fa de Movistar Plus+<\/strong> y se abrir\u00e1 autom\u00e1ticamente la Living App. Es la primera Living App de todo el cat\u00e1logo que tiene un acceso directo.&nbsp;<\/p>\n\n\n\n<figure class=\"wp-block-image size-large\"><img loading=\"lazy\" decoding=\"async\" height=\"576\" width=\"1024\" src=\"https:\/\/www.movistar.es\/blog\/wp-content\/uploads\/sites\/3\/2024\/07\/Laucnher.jpg?w=1024\" alt=\"\" class=\"wp-image-26448\" srcset=\"https:\/\/www.movistar.es\/blog\/wp-content\/uploads\/sites\/3\/2024\/07\/Laucnher.jpg 1920w, https:\/\/www.movistar.es\/blog\/wp-content\/uploads\/sites\/3\/2024\/07\/Laucnher.jpg?resize=300,169 300w, https:\/\/www.movistar.es\/blog\/wp-content\/uploads\/sites\/3\/2024\/07\/Laucnher.jpg?resize=768,432 768w, https:\/\/www.movistar.es\/blog\/wp-content\/uploads\/sites\/3\/2024\/07\/Laucnher.jpg?resize=1024,576 1024w, https:\/\/www.movistar.es\/blog\/wp-content\/uploads\/sites\/3\/2024\/07\/Laucnher.jpg?resize=1536,864 1536w\" sizes=\"auto, (max-width: 1024px) 100vw, 1024px\" \/><\/figure>\n\n\n\n<p>Aqu\u00ed tambi\u00e9n facilidad para encontrar un contenido espec\u00edfico, porque en la secci\u00f3n de \u00abGaler\u00eda\u00bb te permite moverte por una l\u00ednea temporal que muestra los \u00faltimos meses y a\u00f1os. La secci\u00f3n \u00abMomentos\u00bb te tocar\u00e1 el coraz\u00f3n mostr\u00e1ndote, de forma aleatoria, algunos de tus recuerdos almacenados en la nube.<\/p>\n\n\n\n<p>\u00bfA qu\u00e9 esperas? Libera espacio de tu m\u00f3vil y empieza a disfrutar de todas las ventajas de Movistar Cloud.&nbsp;<\/p>\n","protected":false},"excerpt":{"rendered":"<p>La nube se ha convertido en una parte importante de nuestro d\u00eda a d\u00eda a la hora de liberar espacio del m\u00f3vil y guardar nuestras fotos y v\u00eddeos. Es una extensi\u00f3n de nuestros ordenadores, smartphones [&hellip;]<\/p>\n","protected":false},"author":37,"featured_media":21450,"comment_status":"open","ping_status":"open","sticky":false,"template":"","format":"standard","meta":{"site-sidebar-layout":"default","site-content-layout":"","ast-site-content-layout":"default","site-content-style":"default","site-sidebar-style":"default","ast-global-header-display":"","ast-banner-title-visibility":"","ast-main-header-display":"","ast-hfb-above-header-display":"","ast-hfb-below-header-display":"","ast-hfb-mobile-header-display":"","site-post-title":"","ast-breadcrumbs-content":"","ast-featured-img":"","footer-sml-layout":"","theme-transparent-header-meta":"","adv-header-id-meta":"","stick-header-meta":"","header-above-stick-meta":"","header-main-stick-meta":"","header-below-stick-meta":"","astra-migrate-meta-layouts":"set","ast-page-background-enabled":"default","ast-page-background-meta":{"desktop":{"background-color":"var(--ast-global-color-4)","background-image":"","background-repeat":"repeat","background-position":"center center","background-size":"auto","background-attachment":"scroll","background-type":"","background-media":"","overlay-type":"","overlay-color":"","overlay-opacity":"","overlay-gradient":""},"tablet":{"background-color":"","background-image":"","background-repeat":"repeat","background-position":"center center","background-size":"auto","background-attachment":"scroll","background-type":"","background-media":"","overlay-type":"","overlay-color":"","overlay-opacity":"","overlay-gradient":""},"mobile":{"background-color":"","background-image":"","background-repeat":"repeat","background-position":"center center","background-size":"auto","background-attachment":"scroll","background-type":"","background-media":"","overlay-type":"","overlay-color":"","overlay-opacity":"","overlay-gradient":""}},"ast-content-background-meta":{"desktop":{"background-color":"var(--ast-global-color-5)","background-image":"","background-repeat":"repeat","background-position":"center center","background-size":"auto","background-attachment":"scroll","background-type":"","background-media":"","overlay-type":"","overlay-color":"","overlay-opacity":"","overlay-gradient":""},"tablet":{"background-color":"var(--ast-global-color-5)","background-image":"","background-repeat":"repeat","background-position":"center center","background-size":"auto","background-attachment":"scroll","background-type":"","background-media":"","overlay-type":"","overlay-color":"","overlay-opacity":"","overlay-gradient":""},"mobile":{"background-color":"var(--ast-global-color-5)","background-image":"","background-repeat":"repeat","background-position":"center center","background-size":"auto","background-attachment":"scroll","background-type":"","background-media":"","overlay-type":"","overlay-color":"","overlay-opacity":"","overlay-gradient":""}},"_jetpack_memberships_contains_paid_content":false,"footnotes":""},"categories":[1],"tags":[175,176,177],"area":[190],"cluster":[160],"linea_editorial":[9],"coauthors":[378],"class_list":["post-2678","post","type-post","status-publish","format-standard","has-post-thumbnail","hentry","category-sin-categoria","tag-almacenamiento","tag-almacenamiento-en-la-nube","tag-fotografia","area-content-movistar","cluster-movistar-cloud","linea_editorial-movistar"],"yoast_head":"<!-- This site is optimized with the Yoast SEO Premium plugin v25.5 (Yoast SEO v25.5) - https:\/\/yoast.com\/wordpress\/plugins\/seo\/ -->\n<title>\u00bfQu\u00e9 es Movistar Cloud?<\/title>\n<meta name=\"description\" content=\"Movistar Cloud es el servicio gratuito e ilimitado para guardar tus fotos y v\u00eddeos en la nube. \u00a1Rev\u00edvelos una y otra vez desde donde quieras!\" \/>\n<meta name=\"robots\" content=\"index, follow, max-snippet:-1, max-image-preview:large, max-video-preview:-1\" \/>\n<link rel=\"canonical\" href=\"https:\/\/www.movistar.es\/blog\/movistar-cloud\/guardar-fotos-nube-movistar-cloud\/\" \/>\n<meta property=\"og:locale\" content=\"es_ES\" \/>\n<meta property=\"og:type\" content=\"article\" \/>\n<meta property=\"og:title\" content=\"C\u00f3mo guardar tus fotos en la nube: Movistar Cloud\" \/>\n<meta property=\"og:description\" content=\"Movistar Cloud es el servicio gratuito e ilimitado para guardar tus fotos y v\u00eddeos en la nube. \u00a1Rev\u00edvelos una y otra vez desde donde quieras!\" \/>\n<meta property=\"og:url\" content=\"https:\/\/www.movistar.es\/blog\/movistar-cloud\/guardar-fotos-nube-movistar-cloud\/\" \/>\n<meta property=\"og:site_name\" content=\"Movistar blog\" \/>\n<meta property=\"article:published_time\" content=\"2022-08-10T11:25:26+00:00\" \/>\n<meta property=\"article:modified_time\" content=\"2024-07-31T07:54:51+00:00\" \/>\n<meta property=\"og:image\" content=\"https:\/\/www.movistar.es\/blog\/wp-content\/uploads\/sites\/3\/2022\/08\/BTB-guarda-tus-fotos-en-la-nube-movistar-cloud.jpg\" \/>\n\t<meta property=\"og:image:width\" content=\"1040\" \/>\n\t<meta property=\"og:image:height\" content=\"650\" \/>\n\t<meta property=\"og:image:type\" content=\"image\/jpeg\" \/>\n<meta name=\"author\" content=\"\u00c1lvaro \u00c1lvarez\" \/>\n<meta name=\"twitter:card\" content=\"summary_large_image\" \/>\n<meta name=\"twitter:label1\" content=\"Written by\" \/>\n\t<meta name=\"twitter:data1\" content=\"\u00c1lvaro \u00c1lvarez\" \/>\n\t<meta name=\"twitter:label2\" content=\"Est. reading time\" \/>\n\t<meta name=\"twitter:data2\" content=\"4 minutos\" \/>\n<script type=\"application\/ld+json\" class=\"yoast-schema-graph\">{\"@context\":\"https:\/\/schema.org\",\"@graph\":[{\"@type\":\"Article\",\"@id\":\"https:\/\/www.movistar.es\/blog\/movistar-cloud\/guardar-fotos-nube-movistar-cloud\/#article\",\"isPartOf\":{\"@id\":\"https:\/\/www.movistar.es\/blog\/movistar-cloud\/guardar-fotos-nube-movistar-cloud\/\"},\"author\":{\"name\":\"\u00c1lvaro \u00c1lvarez\",\"@id\":\"https:\/\/www.movistar.es\/blog\/#\/schema\/person\/42955e7010c4625864ccb53c6a024500\"},\"headline\":\"C\u00f3mo guardar tus fotos en la nube: Movistar Cloud\",\"datePublished\":\"2022-08-10T11:25:26+00:00\",\"dateModified\":\"2024-07-31T07:54:51+00:00\",\"mainEntityOfPage\":{\"@id\":\"https:\/\/www.movistar.es\/blog\/movistar-cloud\/guardar-fotos-nube-movistar-cloud\/\"},\"wordCount\":882,\"commentCount\":0,\"publisher\":{\"@id\":\"https:\/\/www.movistar.es\/blog\/#organization\"},\"image\":{\"@id\":\"https:\/\/www.movistar.es\/blog\/movistar-cloud\/guardar-fotos-nube-movistar-cloud\/#primaryimage\"},\"thumbnailUrl\":\"https:\/\/www.movistar.es\/blog\/wp-content\/uploads\/sites\/3\/2022\/08\/BTB-guarda-tus-fotos-en-la-nube-movistar-cloud.jpg\",\"keywords\":[\"Almacenamiento\",\"almacenamiento en la nube\",\"fotograf\u00eda\"],\"inLanguage\":\"es\",\"potentialAction\":[{\"@type\":\"CommentAction\",\"name\":\"Comment\",\"target\":[\"https:\/\/www.movistar.es\/blog\/movistar-cloud\/guardar-fotos-nube-movistar-cloud\/#respond\"]}]},{\"@type\":\"WebPage\",\"@id\":\"https:\/\/www.movistar.es\/blog\/movistar-cloud\/guardar-fotos-nube-movistar-cloud\/\",\"url\":\"https:\/\/www.movistar.es\/blog\/movistar-cloud\/guardar-fotos-nube-movistar-cloud\/\",\"name\":\"\u00bfQu\u00e9 es Movistar Cloud?\",\"isPartOf\":{\"@id\":\"https:\/\/www.movistar.es\/blog\/#website\"},\"primaryImageOfPage\":{\"@id\":\"https:\/\/www.movistar.es\/blog\/movistar-cloud\/guardar-fotos-nube-movistar-cloud\/#primaryimage\"},\"image\":{\"@id\":\"https:\/\/www.movistar.es\/blog\/movistar-cloud\/guardar-fotos-nube-movistar-cloud\/#primaryimage\"},\"thumbnailUrl\":\"https:\/\/www.movistar.es\/blog\/wp-content\/uploads\/sites\/3\/2022\/08\/BTB-guarda-tus-fotos-en-la-nube-movistar-cloud.jpg\",\"datePublished\":\"2022-08-10T11:25:26+00:00\",\"dateModified\":\"2024-07-31T07:54:51+00:00\",\"description\":\"Movistar Cloud es el servicio gratuito e ilimitado para guardar tus fotos y v\u00eddeos en la nube. \u00a1Rev\u00edvelos una y otra vez desde donde quieras!\",\"breadcrumb\":{\"@id\":\"https:\/\/www.movistar.es\/blog\/movistar-cloud\/guardar-fotos-nube-movistar-cloud\/#breadcrumb\"},\"inLanguage\":\"es\",\"potentialAction\":[{\"@type\":\"ReadAction\",\"target\":[\"https:\/\/www.movistar.es\/blog\/movistar-cloud\/guardar-fotos-nube-movistar-cloud\/\"]}]},{\"@type\":\"ImageObject\",\"inLanguage\":\"es\",\"@id\":\"https:\/\/www.movistar.es\/blog\/movistar-cloud\/guardar-fotos-nube-movistar-cloud\/#primaryimage\",\"url\":\"https:\/\/www.movistar.es\/blog\/wp-content\/uploads\/sites\/3\/2022\/08\/BTB-guarda-tus-fotos-en-la-nube-movistar-cloud.jpg\",\"contentUrl\":\"https:\/\/www.movistar.es\/blog\/wp-content\/uploads\/sites\/3\/2022\/08\/BTB-guarda-tus-fotos-en-la-nube-movistar-cloud.jpg\",\"width\":1040,\"height\":650},{\"@type\":\"BreadcrumbList\",\"@id\":\"https:\/\/www.movistar.es\/blog\/movistar-cloud\/guardar-fotos-nube-movistar-cloud\/#breadcrumb\",\"itemListElement\":[{\"@type\":\"ListItem\",\"position\":1,\"name\":\"Home\",\"item\":\"https:\/\/www.movistar.es\/blog\/\"},{\"@type\":\"ListItem\",\"position\":2,\"name\":\"C\u00f3mo guardar tus fotos en la nube: Movistar Cloud\"}]},{\"@type\":\"WebSite\",\"@id\":\"https:\/\/www.movistar.es\/blog\/#website\",\"url\":\"https:\/\/www.movistar.es\/blog\/\",\"name\":\"Movistar blog\",\"description\":\"Movistar Blog. Informaci\u00f3n y m\u00e1s sobre los productos y servicios de Movistar\",\"publisher\":{\"@id\":\"https:\/\/www.movistar.es\/blog\/#organization\"},\"potentialAction\":[{\"@type\":\"SearchAction\",\"target\":{\"@type\":\"EntryPoint\",\"urlTemplate\":\"https:\/\/www.movistar.es\/blog\/?s={search_term_string}\"},\"query-input\":{\"@type\":\"PropertyValueSpecification\",\"valueRequired\":true,\"valueName\":\"search_term_string\"}}],\"inLanguage\":\"es\"},{\"@type\":\"Organization\",\"@id\":\"https:\/\/www.movistar.es\/blog\/#organization\",\"name\":\"Movistar blog\",\"url\":\"https:\/\/www.movistar.es\/blog\/\",\"logo\":{\"@type\":\"ImageObject\",\"inLanguage\":\"es\",\"@id\":\"https:\/\/www.movistar.es\/blog\/#\/schema\/logo\/image\/\",\"url\":\"https:\/\/www.movistar.es\/blog\/wp-content\/uploads\/sites\/3\/2022\/05\/logo_movistar-1.svg\",\"contentUrl\":\"https:\/\/www.movistar.es\/blog\/wp-content\/uploads\/sites\/3\/2022\/05\/logo_movistar-1.svg\",\"width\":369,\"height\":272,\"caption\":\"Movistar blog\"},\"image\":{\"@id\":\"https:\/\/www.movistar.es\/blog\/#\/schema\/logo\/image\/\"}},{\"@type\":\"Person\",\"@id\":\"https:\/\/www.movistar.es\/blog\/#\/schema\/person\/42955e7010c4625864ccb53c6a024500\",\"name\":\"\u00c1lvaro \u00c1lvarez\",\"image\":{\"@type\":\"ImageObject\",\"inLanguage\":\"es\",\"@id\":\"https:\/\/www.movistar.es\/blog\/#\/schema\/person\/image\/baf4fda8f85fc589bc160de261b5edab\",\"url\":\"https:\/\/secure.gravatar.com\/avatar\/295527ef83e86f9b3cd7694a43faaa25f9ac6ddb0d03eefb13d0ee549f8c7b70\",\"contentUrl\":\"https:\/\/secure.gravatar.com\/avatar\/295527ef83e86f9b3cd7694a43faaa25f9ac6ddb0d03eefb13d0ee549f8c7b70\",\"caption\":\"\u00c1lvaro \u00c1lvarez\"},\"description\":\"Me interesan los medios de comunicaci\u00f3n porque son una ventana para contactar, comprender y ofrecer una soluci\u00f3n para las personas. He estudiado Comunicaci\u00f3n Audiovisual y un m\u00e1ster de Direcci\u00f3n de Marketing. Ahora aprendo en el equipo de Digital Home Marketing de Telef\u00f3nica.\",\"url\":\"https:\/\/www.movistar.es\/blog\/author\/alvaroalvarez\/\"}]}<\/script>\n<!-- \/ Yoast SEO Premium plugin. -->","yoast_head_json":{"title":"\u00bfQu\u00e9 es Movistar Cloud?","description":"Movistar Cloud es el servicio gratuito e ilimitado para guardar tus fotos y v\u00eddeos en la nube. \u00a1Rev\u00edvelos una y otra vez desde donde quieras!","robots":{"index":"index","follow":"follow","max-snippet":"max-snippet:-1","max-image-preview":"max-image-preview:large","max-video-preview":"max-video-preview:-1"},"canonical":"https:\/\/www.movistar.es\/blog\/movistar-cloud\/guardar-fotos-nube-movistar-cloud\/","og_locale":"es_ES","og_type":"article","og_title":"C\u00f3mo guardar tus fotos en la nube: Movistar Cloud","og_description":"Movistar Cloud es el servicio gratuito e ilimitado para guardar tus fotos y v\u00eddeos en la nube. \u00a1Rev\u00edvelos una y otra vez desde donde quieras!","og_url":"https:\/\/www.movistar.es\/blog\/movistar-cloud\/guardar-fotos-nube-movistar-cloud\/","og_site_name":"Movistar blog","article_published_time":"2022-08-10T11:25:26+00:00","article_modified_time":"2024-07-31T07:54:51+00:00","og_image":[{"width":1040,"height":650,"url":"https:\/\/www.movistar.es\/blog\/wp-content\/uploads\/sites\/3\/2022\/08\/BTB-guarda-tus-fotos-en-la-nube-movistar-cloud.jpg","type":"image\/jpeg"}],"author":"\u00c1lvaro \u00c1lvarez","twitter_card":"summary_large_image","twitter_misc":{"Written by":"\u00c1lvaro \u00c1lvarez","Est. reading time":"4 minutos"},"schema":{"@context":"https:\/\/schema.org","@graph":[{"@type":"Article","@id":"https:\/\/www.movistar.es\/blog\/movistar-cloud\/guardar-fotos-nube-movistar-cloud\/#article","isPartOf":{"@id":"https:\/\/www.movistar.es\/blog\/movistar-cloud\/guardar-fotos-nube-movistar-cloud\/"},"author":{"name":"\u00c1lvaro \u00c1lvarez","@id":"https:\/\/www.movistar.es\/blog\/#\/schema\/person\/42955e7010c4625864ccb53c6a024500"},"headline":"C\u00f3mo guardar tus fotos en la nube: Movistar Cloud","datePublished":"2022-08-10T11:25:26+00:00","dateModified":"2024-07-31T07:54:51+00:00","mainEntityOfPage":{"@id":"https:\/\/www.movistar.es\/blog\/movistar-cloud\/guardar-fotos-nube-movistar-cloud\/"},"wordCount":882,"commentCount":0,"publisher":{"@id":"https:\/\/www.movistar.es\/blog\/#organization"},"image":{"@id":"https:\/\/www.movistar.es\/blog\/movistar-cloud\/guardar-fotos-nube-movistar-cloud\/#primaryimage"},"thumbnailUrl":"https:\/\/www.movistar.es\/blog\/wp-content\/uploads\/sites\/3\/2022\/08\/BTB-guarda-tus-fotos-en-la-nube-movistar-cloud.jpg","keywords":["Almacenamiento","almacenamiento en la nube","fotograf\u00eda"],"inLanguage":"es","potentialAction":[{"@type":"CommentAction","name":"Comment","target":["https:\/\/www.movistar.es\/blog\/movistar-cloud\/guardar-fotos-nube-movistar-cloud\/#respond"]}]},{"@type":"WebPage","@id":"https:\/\/www.movistar.es\/blog\/movistar-cloud\/guardar-fotos-nube-movistar-cloud\/","url":"https:\/\/www.movistar.es\/blog\/movistar-cloud\/guardar-fotos-nube-movistar-cloud\/","name":"\u00bfQu\u00e9 es Movistar Cloud?","isPartOf":{"@id":"https:\/\/www.movistar.es\/blog\/#website"},"primaryImageOfPage":{"@id":"https:\/\/www.movistar.es\/blog\/movistar-cloud\/guardar-fotos-nube-movistar-cloud\/#primaryimage"},"image":{"@id":"https:\/\/www.movistar.es\/blog\/movistar-cloud\/guardar-fotos-nube-movistar-cloud\/#primaryimage"},"thumbnailUrl":"https:\/\/www.movistar.es\/blog\/wp-content\/uploads\/sites\/3\/2022\/08\/BTB-guarda-tus-fotos-en-la-nube-movistar-cloud.jpg","datePublished":"2022-08-10T11:25:26+00:00","dateModified":"2024-07-31T07:54:51+00:00","description":"Movistar Cloud es el servicio gratuito e ilimitado para guardar tus fotos y v\u00eddeos en la nube. \u00a1Rev\u00edvelos una y otra vez desde donde quieras!","breadcrumb":{"@id":"https:\/\/www.movistar.es\/blog\/movistar-cloud\/guardar-fotos-nube-movistar-cloud\/#breadcrumb"},"inLanguage":"es","potentialAction":[{"@type":"ReadAction","target":["https:\/\/www.movistar.es\/blog\/movistar-cloud\/guardar-fotos-nube-movistar-cloud\/"]}]},{"@type":"ImageObject","inLanguage":"es","@id":"https:\/\/www.movistar.es\/blog\/movistar-cloud\/guardar-fotos-nube-movistar-cloud\/#primaryimage","url":"https:\/\/www.movistar.es\/blog\/wp-content\/uploads\/sites\/3\/2022\/08\/BTB-guarda-tus-fotos-en-la-nube-movistar-cloud.jpg","contentUrl":"https:\/\/www.movistar.es\/blog\/wp-content\/uploads\/sites\/3\/2022\/08\/BTB-guarda-tus-fotos-en-la-nube-movistar-cloud.jpg","width":1040,"height":650},{"@type":"BreadcrumbList","@id":"https:\/\/www.movistar.es\/blog\/movistar-cloud\/guardar-fotos-nube-movistar-cloud\/#breadcrumb","itemListElement":[{"@type":"ListItem","position":1,"name":"Home","item":"https:\/\/www.movistar.es\/blog\/"},{"@type":"ListItem","position":2,"name":"C\u00f3mo guardar tus fotos en la nube: Movistar Cloud"}]},{"@type":"WebSite","@id":"https:\/\/www.movistar.es\/blog\/#website","url":"https:\/\/www.movistar.es\/blog\/","name":"Movistar blog","description":"Movistar Blog. Informaci\u00f3n y m\u00e1s sobre los productos y servicios de Movistar","publisher":{"@id":"https:\/\/www.movistar.es\/blog\/#organization"},"potentialAction":[{"@type":"SearchAction","target":{"@type":"EntryPoint","urlTemplate":"https:\/\/www.movistar.es\/blog\/?s={search_term_string}"},"query-input":{"@type":"PropertyValueSpecification","valueRequired":true,"valueName":"search_term_string"}}],"inLanguage":"es"},{"@type":"Organization","@id":"https:\/\/www.movistar.es\/blog\/#organization","name":"Movistar blog","url":"https:\/\/www.movistar.es\/blog\/","logo":{"@type":"ImageObject","inLanguage":"es","@id":"https:\/\/www.movistar.es\/blog\/#\/schema\/logo\/image\/","url":"https:\/\/www.movistar.es\/blog\/wp-content\/uploads\/sites\/3\/2022\/05\/logo_movistar-1.svg","contentUrl":"https:\/\/www.movistar.es\/blog\/wp-content\/uploads\/sites\/3\/2022\/05\/logo_movistar-1.svg","width":369,"height":272,"caption":"Movistar blog"},"image":{"@id":"https:\/\/www.movistar.es\/blog\/#\/schema\/logo\/image\/"}},{"@type":"Person","@id":"https:\/\/www.movistar.es\/blog\/#\/schema\/person\/42955e7010c4625864ccb53c6a024500","name":"\u00c1lvaro \u00c1lvarez","image":{"@type":"ImageObject","inLanguage":"es","@id":"https:\/\/www.movistar.es\/blog\/#\/schema\/person\/image\/baf4fda8f85fc589bc160de261b5edab","url":"https:\/\/secure.gravatar.com\/avatar\/295527ef83e86f9b3cd7694a43faaa25f9ac6ddb0d03eefb13d0ee549f8c7b70","contentUrl":"https:\/\/secure.gravatar.com\/avatar\/295527ef83e86f9b3cd7694a43faaa25f9ac6ddb0d03eefb13d0ee549f8c7b70","caption":"\u00c1lvaro \u00c1lvarez"},"description":"Me interesan los medios de comunicaci\u00f3n porque son una ventana para contactar, comprender y ofrecer una soluci\u00f3n para las personas. He estudiado Comunicaci\u00f3n Audiovisual y un m\u00e1ster de Direcci\u00f3n de Marketing. Ahora aprendo en el equipo de Digital Home Marketing de Telef\u00f3nica.","url":"https:\/\/www.movistar.es\/blog\/author\/alvaroalvarez\/"}]}},"jetpack_featured_media_url":"https:\/\/www.movistar.es\/blog\/wp-content\/uploads\/sites\/3\/2022\/08\/BTB-guarda-tus-fotos-en-la-nube-movistar-cloud.jpg","jetpack_sharing_enabled":true,"_links":{"self":[{"href":"https:\/\/www.movistar.es\/blog\/wp-json\/wp\/v2\/posts\/2678","targetHints":{"allow":["GET"]}}],"collection":[{"href":"https:\/\/www.movistar.es\/blog\/wp-json\/wp\/v2\/posts"}],"about":[{"href":"https:\/\/www.movistar.es\/blog\/wp-json\/wp\/v2\/types\/post"}],"author":[{"embeddable":true,"href":"https:\/\/www.movistar.es\/blog\/wp-json\/wp\/v2\/users\/37"}],"replies":[{"embeddable":true,"href":"https:\/\/www.movistar.es\/blog\/wp-json\/wp\/v2\/comments?post=2678"}],"version-history":[{"count":18,"href":"https:\/\/www.movistar.es\/blog\/wp-json\/wp\/v2\/posts\/2678\/revisions"}],"predecessor-version":[{"id":26465,"href":"https:\/\/www.movistar.es\/blog\/wp-json\/wp\/v2\/posts\/2678\/revisions\/26465"}],"wp:featuredmedia":[{"embeddable":true,"href":"https:\/\/www.movistar.es\/blog\/wp-json\/wp\/v2\/media\/21450"}],"wp:attachment":[{"href":"https:\/\/www.movistar.es\/blog\/wp-json\/wp\/v2\/media?parent=2678"}],"wp:term":[{"taxonomy":"category","embeddable":true,"href":"https:\/\/www.movistar.es\/blog\/wp-json\/wp\/v2\/categories?post=2678"},{"taxonomy":"post_tag","embeddable":true,"href":"https:\/\/www.movistar.es\/blog\/wp-json\/wp\/v2\/tags?post=2678"},{"taxonomy":"area","embeddable":true,"href":"https:\/\/www.movistar.es\/blog\/wp-json\/wp\/v2\/area?post=2678"},{"taxonomy":"cluster","embeddable":true,"href":"https:\/\/www.movistar.es\/blog\/wp-json\/wp\/v2\/cluster?post=2678"},{"taxonomy":"linea_editorial","embeddable":true,"href":"https:\/\/www.movistar.es\/blog\/wp-json\/wp\/v2\/linea_editorial?post=2678"},{"taxonomy":"author","embeddable":true,"href":"https:\/\/www.movistar.es\/blog\/wp-json\/wp\/v2\/coauthors?post=2678"}],"curies":[{"name":"wp","href":"https:\/\/api.w.org\/{rel}","templated":true}]}}