{"id":2657,"date":"2021-03-29T15:14:24","date_gmt":"2021-03-29T13:14:24","guid":{"rendered":"https:\/\/www.movistar.es\/blog\/movistar-estrenos-abril-2021\/"},"modified":"2023-03-17T12:07:53","modified_gmt":"2023-03-17T11:07:53","slug":"movistar-estrenos-abril-2021","status":"publish","type":"post","link":"https:\/\/www.movistar.es\/blog\/movistar-plus\/movistar-estrenos-abril-2021\/","title":{"rendered":"Los mejores estrenos de Movistar+ en abril"},"content":{"rendered":"\n<p>La primavera ya est\u00e1 aqu\u00ed y con ella los estrenos de<a rel=\"noreferrer noopener\" href=\"https:\/\/ver.movistarplus.es\/\" target=\"_blank\"> Movistar+<\/a> para este mes de abril. \u00bfCu\u00e1l  de las dos nos alterar\u00e1 m\u00e1s la sangre? Nuestra apuesta sin lugar a dudas va para la<a rel=\"noreferrer noopener\" href=\"https:\/\/blogthinkbig.com\/guia-movistar-movistar-plus\" target=\"_blank\"> plataforma de contenidos<\/a>. Si disfrutaste con las apuestas del mes anterior con <em><a rel=\"noreferrer noopener\" href=\"https:\/\/ver.movistarplus.es\/ficha\/la-caza\/?id=1822643&amp;mediaType=FOTOV&amp;profile=anonimo&amp;mode=VODRU7D&amp;version=7.1&amp;tlsStream=true&amp;mdrm=true&amp;network=yomvi\" target=\"_blank\">La caza<\/a><\/em>, <em><a rel=\"noreferrer noopener\" href=\"https:\/\/ver.movistarplus.es\/ficha\/host\/?id=52298006&amp;mediaType=FOTOV&amp;profile=anonimo&amp;mode=VODRU7D&amp;version=7.1&amp;tlsStream=true&amp;mdrm=true&amp;catalog=events&amp;network=yomvi\" target=\"_blank\">Host<\/a><\/em>, <em><a rel=\"noreferrer noopener\" href=\"https:\/\/ver.movistarplus.es\/ficha\/-scooby\/?id=52282165&amp;mediaType=FOTOV&amp;profile=anonimo&amp;mode=VODRU7D&amp;version=7.1&amp;tlsStream=true&amp;mdrm=true&amp;catalog=events&amp;network=yomvi\" target=\"_blank\">Scooby <\/a><\/em>o <em><a rel=\"noreferrer noopener\" href=\"https:\/\/ver.movistarplus.es\/ficha\/las-espias-de-churchill\/?id=1825759&amp;mediaType=FOTOV&amp;profile=anonimo&amp;mode=VODRU7D&amp;version=7.1&amp;tlsStream=true&amp;mdrm=true&amp;network=yomvi\" target=\"_blank\">Las esp\u00edas de Churchill<\/a><\/em>, entre otras, <strong>las ficciones de este mes te tendr\u00e1n pegado al sof\u00e1<\/strong>.<\/p>\n\n\n\n<p>Entre las principales novedades encontramos el esperado documental de <em>Gervasio S\u00e1nchez. \u00c1lbum de posguerra<\/em>, el <em>film <\/em>de superh\u00e9roes <em>Archenemy <\/em>o la segunda temporada de <em>Merl\u00ed: Sapere Aude<\/em>. Si quieres saber m\u00e1s, \u00a1sigue leyendo!<\/p>\n\n\n\n<h2 class=\"wp-block-heading\" class=\"wp-block-heading\" id=\"los-mejores-estrenos-de-series-de-movistar-para-abril\">Los mejores estrenos de series de Movistar+ para abril<\/h2>\n\n\n\n<p>Esta semana nos adentramos en las vacaciones de Semana Santa y qu\u00e9 mejor plan que tumbarnos en el sof\u00e1 para ver las \u00faltimas series y pel\u00edculas de Movistar+. <strong>Estos son los estrenos de este mes<\/strong>:<\/p>\n\n\n\n<h3 class=\"wp-block-heading\" class=\"wp-block-heading\" id=\"merli-sapere-aude\"><em>Merl\u00ed: Sapere Aude<\/em><\/h3>\n\n\n\n<p>La segunda temporada de <a rel=\"noreferrer noopener\" href=\"https:\/\/ver.movistarplus.es\/ficha\/merli-sapere-aude\/?id=1634318&amp;mediaType=FOTOV&amp;profile=anonimo&amp;mode=VODRU7D&amp;version=7.1&amp;tlsStream=true&amp;mdrm=true&amp;network=yomvi\" target=\"_blank\">Merl\u00ed: Sapere Aude <\/a>se estrenar\u00e1 este viernes. En esta ocasi\u00f3n, la trama girar\u00e1 en torno al segundo trimestre en la universidad, donde Pol conoce a un chico mayor que \u00e9l de qui\u00e9n comienza a enamorarse.<\/p>\n\n\n\n<figure class=\"wp-block-embed is-type-video is-provider-youtube wp-block-embed-youtube wp-embed-aspect-16-9 wp-has-aspect-ratio\"><div class=\"wp-block-embed__wrapper\">\n<div class=\"wp-block-embed__wrapper\"><div class=\"ast-oembed-container \" style=\"height: 100%;\"><iframe loading=\"lazy\" title=\"Merl\u00ed. Sapere Aude T2 - Tr\u00e1iler Oficial | Movistar +\" width=\"1040\" height=\"585\" src=\"https:\/\/www.youtube.com\/embed\/Ywm4l010_hI?feature=oembed\" frameborder=\"0\" allow=\"accelerometer; autoplay; clipboard-write; encrypted-media; gyroscope; picture-in-picture; web-share\" referrerpolicy=\"strict-origin-when-cross-origin\" allowfullscreen><\/iframe><\/div><\/div>\n<\/div><\/figure>\n\n\n\n<h3 class=\"wp-block-heading\" class=\"wp-block-heading\" id=\"men-in-kilts\"><em>Men in kilts<\/em><\/h3>\n\n\n\n<p>Si disfrutaste de los paisajes <em><a rel=\"noreferrer noopener\" href=\"https:\/\/ver.movistarplus.es\/ficha\/outlander\/?id=1222333&amp;_ga=2.45602980.1052762328.1617018823-788533909.1611136333\" target=\"_blank\">Outlander <\/a><\/em>y eras fan de dos de los protagonistas, Sam Heughan (Jemie) y Graham McTravis (Douglas MacKenzie), esta ficci\u00f3n te encantar\u00e1. La miniserie se estrena el pr\u00f3ximo 9 de abril y te adentrar\u00e1 a  modo <em>roadtrip <\/em>en los<strong> lugares m\u00e1s impresionantes del coraz\u00f3n de Escocia<\/strong>, as\u00ed como sus tradiciones.<\/p>\n\n\n\n<figure class=\"wp-block-embed is-type-video is-provider-youtube wp-block-embed-youtube wp-embed-aspect-16-9 wp-has-aspect-ratio\"><div class=\"wp-block-embed__wrapper\">\n<div class=\"wp-block-embed__wrapper\"><div class=\"ast-oembed-container \" style=\"height: 100%;\"><iframe loading=\"lazy\" title=\"Men in Kilts | Official Trailer | STARZ\" width=\"1040\" height=\"585\" src=\"https:\/\/www.youtube.com\/embed\/bWhskGea7zU?feature=oembed\" frameborder=\"0\" allow=\"accelerometer; autoplay; clipboard-write; encrypted-media; gyroscope; picture-in-picture; web-share\" referrerpolicy=\"strict-origin-when-cross-origin\" allowfullscreen><\/iframe><\/div><\/div>\n<\/div><\/figure>\n\n\n\n<h3 class=\"wp-block-heading\" class=\"wp-block-heading\" id=\"la-guardia\"><em>La Guardia<\/em><\/h3>\n\n\n\n<p>Este es uno de los estrenos m\u00e1s esperados, 16 de abril, protagonizado por Richard Dormer (<em>Juego de Tronos<\/em>). La serie est\u00e1 inspirada en los personajes de la saga <em>Mundodisco <\/em>de Terry Pratchett. Si buscas una ficci\u00f3n que te tenga pegado al sof\u00e1 todas las noches de los viernes, \u00a1esta es para ti! Una historia que c<strong>ombina a la perfecci\u00f3n la fantas\u00eda, el humor y la trama policiaca<\/strong>. <\/p>\n\n\n\n<h3 class=\"wp-block-heading\" class=\"wp-block-heading\" id=\"patrick-melrose\"><em>Patrick Melrose<\/em><\/h3>\n\n\n\n<p>El pr\u00f3ximo 22 de abril aterriza en Movistar+ esta miniserie brit\u00e1nica protagonizada por Benedict Cumberbatch (<em>Sherlock<\/em>, <em>Doctor Strange<\/em>). <strong>Cada episodio abordar\u00e1 cada una de las cinco novelas novelas<\/strong> autobiogr\u00e1ficas de Edward St. Aubyn. El trama de la ficci\u00f3n se desarrolla en torno al trauma de un hombre atormentado y su b\u00fasqueda de redenci\u00f3n a lo largo de los a\u00f1os.<\/p>\n\n\n\n<figure class=\"wp-block-embed is-type-video is-provider-youtube wp-block-embed-youtube wp-embed-aspect-16-9 wp-has-aspect-ratio\"><div class=\"wp-block-embed__wrapper\">\n<div class=\"wp-block-embed__wrapper\"><div class=\"ast-oembed-container \" style=\"height: 100%;\"><iframe loading=\"lazy\" title=\"Patrick Melrose | Tr\u00e1iler | Sky Producci\u00f3n Original\" width=\"1040\" height=\"585\" src=\"https:\/\/www.youtube.com\/embed\/Tvnw_BuATKA?feature=oembed\" frameborder=\"0\" allow=\"accelerometer; autoplay; clipboard-write; encrypted-media; gyroscope; picture-in-picture; web-share\" referrerpolicy=\"strict-origin-when-cross-origin\" allowfullscreen><\/iframe><\/div><\/div>\n<\/div><\/figure>\n\n\n\n<h2 class=\"wp-block-heading\" class=\"wp-block-heading\" id=\"las-peliculas-mas-esperadas-de-movistar-para-abril\">Las pel\u00edculas m\u00e1s esperadas de Movistar+ para abril<\/h2>\n\n\n\n<p>Mientras que si est\u00e1s esperando los \u00faltimos estrenos de cine de Movistar+ este mes tienes una gran variedad donde elegir. Desde <em>Tenet<\/em>, <em>Historias de la morgue<\/em>, <em>No matar\u00e1s<\/em> hasta <em>The Closet <\/em>o <em>Archenemy<\/em>.<\/p>\n\n\n\n<h3 class=\"wp-block-heading\" class=\"wp-block-heading\" id=\"tenet\"><em>Tenet<\/em><\/h3>\n\n\n\n<p>Este <em>film <\/em>tan esperado de Christopher Nolan gira en torno a un protagonista que deber\u00e1 luchar por la supervivencia del mundo entero en una misi\u00f3n que lo <strong>sumergir\u00e1 en el oscuro mundo del espionaje internacional<\/strong>. Podr\u00e1s disfrutarla el pr\u00f3ximo 23 de abril.<\/p>\n\n\n\n<figure class=\"wp-block-embed is-type-video is-provider-youtube wp-block-embed-youtube wp-embed-aspect-16-9 wp-has-aspect-ratio\"><div class=\"wp-block-embed__wrapper\">\n<div class=\"wp-block-embed__wrapper\"><div class=\"ast-oembed-container \" style=\"height: 100%;\"><iframe loading=\"lazy\" title=\"TENET - Official Trailer\" width=\"1040\" height=\"585\" src=\"https:\/\/www.youtube.com\/embed\/LdOM0x0XDMo?feature=oembed\" frameborder=\"0\" allow=\"accelerometer; autoplay; clipboard-write; encrypted-media; gyroscope; picture-in-picture; web-share\" referrerpolicy=\"strict-origin-when-cross-origin\" allowfullscreen><\/iframe><\/div><\/div>\n<\/div><\/figure>\n\n\n\n<h3 class=\"wp-block-heading\" class=\"wp-block-heading\" id=\"archenemy\"><em>Archenemy<\/em><\/h3>\n\n\n\n<p>Esta pel\u00edcula de superh\u00e9roes, dirigida por Adam Egypt Mortimer y protagonizada por Joe Manganiello, se desarrolla alrededor de la vida de un h\u00e9roe que cae por accidente en la Tierra, pero solo una persona creer\u00e1 en \u00e9l. Aterriza en Movistar+ el pr\u00f3ximo 12 de abril.<\/p>\n\n\n\n<figure class=\"wp-block-embed is-type-video is-provider-youtube wp-block-embed-youtube wp-embed-aspect-16-9 wp-has-aspect-ratio\"><div class=\"wp-block-embed__wrapper\">\n<div class=\"wp-block-embed__wrapper\"><div class=\"ast-oembed-container \" style=\"height: 100%;\"><iframe loading=\"lazy\" title=\"ARCHENEMY Official Trailer\" width=\"1040\" height=\"585\" src=\"https:\/\/www.youtube.com\/embed\/H1Cf8bk6Zhs?feature=oembed\" frameborder=\"0\" allow=\"accelerometer; autoplay; clipboard-write; encrypted-media; gyroscope; picture-in-picture; web-share\" referrerpolicy=\"strict-origin-when-cross-origin\" allowfullscreen><\/iframe><\/div><\/div>\n<\/div><\/figure>\n\n\n\n<h3 class=\"wp-block-heading\" class=\"wp-block-heading\" id=\"no-mataras\"><em>No matar\u00e1s<\/em><\/h3>\n\n\n\n<p>Este intenso&nbsp;<em><a rel=\"noreferrer noopener\" href=\"https:\/\/ver.movistarplus.es\/ficha\/portada\/?id=1514508\" target=\"_blank\">thriller<\/a><\/em>, dirigido por David Victori, llega a Movistar+ el 9 de abril. El argumento gira en torno a Dani (Mario Casas), un buen chico que<strong> ha cuidado a su padre enfermo durante los \u00faltimos a\u00f1os<\/strong>, pero cuando este fallece decide hacer un largo viaje, donde conocer\u00e1 a Mila (Milena Smit) y las cosas no tardar\u00e1n en complicarse. <\/p>\n\n\n\n<figure class=\"wp-block-embed is-type-video is-provider-youtube wp-block-embed-youtube wp-embed-aspect-16-9 wp-has-aspect-ratio\"><div class=\"wp-block-embed__wrapper\">\n<div class=\"wp-block-embed__wrapper\"><div class=\"ast-oembed-container \" style=\"height: 100%;\"><iframe loading=\"lazy\" title=\"NO MATAR\u00c1S | Tr\u00e1iler oficial | Ya en cines\" width=\"1040\" height=\"585\" src=\"https:\/\/www.youtube.com\/embed\/F3IpLKCv5IY?feature=oembed\" frameborder=\"0\" allow=\"accelerometer; autoplay; clipboard-write; encrypted-media; gyroscope; picture-in-picture; web-share\" referrerpolicy=\"strict-origin-when-cross-origin\" allowfullscreen><\/iframe><\/div><\/div>\n<\/div><\/figure>\n\n\n\n<h3 class=\"wp-block-heading\" class=\"wp-block-heading\" id=\"todas-los-estrenos-de-abril\">Todas los estrenos de abril<\/h3>\n\n\n\n<ul class=\"wp-block-list\"><li><em><a href=\"https:\/\/ver.movistarplus.es\/ficha\/trasto\/?id=52315157&amp;mediaType=FOTOV&amp;profile=anonimo&amp;mode=VODRU7D&amp;version=7.1&amp;tlsStream=true&amp;mdrm=true&amp;catalog=events&amp;network=yomvi\" target=\"_blank\" rel=\"noreferrer noopener\">Trasto <\/a><\/em>(1 de abril)<\/li><li><em><a href=\"https:\/\/ver.movistarplus.es\/ficha\/-que-suene-la-musica\/?id=52321782&amp;mediaType=FOTOV&amp;profile=anonimo&amp;mode=VODRU7D&amp;version=7.1&amp;tlsStream=true&amp;mdrm=true&amp;catalog=events&amp;network=yomvi\" target=\"_blank\" rel=\"noreferrer noopener\">\u00a1Qu\u00e9 suene la m\u00fasica! <\/a><\/em>(2 de abril)<\/li><li><em>Historias de la morgue<\/em> (5 de abril)<\/li><li><em>Lo que queda de nosotras <\/em>(8 de abril)<\/li><li><a href=\"https:\/\/ver.movistarplus.es\/ficha\/un-mundo-normal\/?id=1514858&amp;mediaType=FOTOV&amp;profile=anonimo&amp;mode=VODRU7D&amp;version=7.1&amp;tlsStream=true&amp;mdrm=true&amp;network=yomvi\" target=\"_blank\" rel=\"noreferrer noopener\"><em>Un mundo normal<\/em> <\/a>(11 de abril)<\/li><li>Triolog\u00eda <em>Planeta de solteros<\/em> (13 y 14 de abril)<\/li><li><em>Falling <\/em>(15 de abril)<\/li><li><em>The way<\/em> <em>back <\/em>(16 de abril)<\/li><li><em>Le dindon<\/em> (18 de abril)<\/li><li><em>The closet<\/em> (19 de abril)<\/li><li><em>Por los ni\u00f1os<\/em> (20 de abril)<\/li><li><em>Cena en Am\u00e9rica <\/em>(21 de abril)<\/li><li>Ceremonia de los Premios \u00d3scar (25 de abril)<\/li><li><em><a href=\"https:\/\/ver.movistarplus.es\/ficha\/the-mauritanian\/?id=1865971&amp;mediaType=FOTOV&amp;profile=anonimo&amp;mode=VODRU7D&amp;version=7.1&amp;tlsStream=true&amp;mdrm=true&amp;network=yomvi\" target=\"_blank\" rel=\"noreferrer noopener\">The Mauritanian<\/a><\/em> (30 de abril)<\/li><\/ul>\n\n\n\n<h3 class=\"wp-block-heading\" class=\"wp-block-heading\" id=\"documentales-de-estreno-en-movistar\">Documentales de estreno en Movistar+<\/h3>\n\n\n\n<ul class=\"wp-block-list\"><li><a href=\"https:\/\/ver.movistarplus.es\/ficha\/the-comedy-store-la-cuna-del-humor\/?id=1843101&amp;mediaType=FOTOV&amp;profile=anonimo&amp;mode=VODRU7D&amp;version=7.1&amp;tlsStream=true&amp;mdrm=true&amp;network=yomvi\" target=\"_blank\" rel=\"noreferrer noopener\"><em>The Comedy Store. La cuna del humor<\/em> <\/a>(1 de abril)<\/li><li><em><a rel=\"noreferrer noopener\" href=\"https:\/\/ver.movistarplus.es\/ficha\/the-bee-gees-how-can-you-mend-a-broken-heart\/?id=1833118&amp;mediaType=FOTOV&amp;profile=anonimo&amp;mode=VODRU7D&amp;version=7.1&amp;tlsStream=true&amp;mdrm=true&amp;network=yomvi\" target=\"_blank\">The Bee Gee<\/a>s<\/em> (16 de abril)<\/li><li><em>El nuevo supremacismo blanco<\/em> (18 de abril)<\/li><li><em>Fito: 20 a\u00f1os y una noche<\/em> (20 de abril)<\/li><li><em>Yul Brynner: El magn\u00edfico <\/em>(25 de abril)<\/li><li><em>Gervasio S\u00e1nchez. \u00c1lbum de posguerra<\/em> (27 de abril)<\/li><\/ul>\n\n\n\n<h2 class=\"wp-block-heading\" class=\"wp-block-heading\" id=\"descubre-todo-el-contenido-de-movistar\">Descubre todo el contenido de Movistar+<\/h2>\n\n\n\n<p>El&nbsp;cat\u00e1logo de cine de Movistar+&nbsp;es muy amplio. Para que te resulte m\u00e1s c\u00f3modo encontrar el t\u00edtulo que buscas hay varias categor\u00edas: Acci\u00f3n, Superpel\u00edculas, Estrenos, Reci\u00e9n salidas de las salas de cine, Recomendadas para ti (seg\u00fan tu hist\u00f3rico y preferencias), etc. Actualmente, las pel\u00edculas con 4K no est\u00e1n en una misma categor\u00eda en el men\u00fa de cine de Movistar+, aunque&nbsp;<strong>si escribes la palabra \u201cUHD\u201d en el buscador te aparecer\u00e1n todas<\/strong>.<\/p>\n\n\n\n<p>As\u00ed, encontramos t\u00edtulos tan conocidos como la ganadora de la mejor interpretaci\u00f3n (Joaqu\u00edn Phoenix) en los \u00faltimos Premios Oscar,&nbsp;<em><strong>Joker<\/strong><\/em>&nbsp;(2019), la gran revelaci\u00f3n coreana de estos galardones,&nbsp;<strong><em>Par\u00e1sitos&nbsp;<\/em><\/strong>(2019), y la \u00faltima cinta de&nbsp;<a rel=\"noreferrer noopener\" href=\"https:\/\/blogthinkbig.com\/tarantino-peliculas-movistar\" target=\"_blank\">Tarantino<\/a>,&nbsp;hasta ahora,&nbsp;<em><strong>\u00c9rase una vez en Hollywood<\/strong><\/em>&nbsp;(2019). Una buena sesi\u00f3n de las m\u00e1s grandes y alabadas por la cr\u00edtica internacional.<\/p>\n\n\n\n<h2 class=\"wp-block-heading\" class=\"wp-block-heading\" id=\"consulta-la-programacion-de-movistar-a-traves-de-la-voz\">Consulta la programaci\u00f3n de Movistar+ a trav\u00e9s de la voz<\/h2>\n\n\n\n<p>\u00bfTienes en casa el&nbsp;<a rel=\"noreferrer noopener\" href=\"https:\/\/blogthinkbig.com\/descubre-como-sacar-el-maximo-partido-de-movistar-con-el-nuevo-mando-vocal\" target=\"_blank\">Mando Vocal de Movistar+<\/a>&nbsp;o el dispositivo&nbsp;<a rel=\"noreferrer noopener\" href=\"https:\/\/blogthinkbig.com\/movistar-home\" target=\"_blank\">Movistar Home<\/a>? En ese caso, gracias a la integraci\u00f3n de<a rel=\"noreferrer noopener\" href=\"https:\/\/www.movistar.es\/particulares\/Aura\/\" target=\"_blank\">&nbsp;Aura, el asistente virtual de Movistar<\/a>, puedes pedir con la voz recomendaciones sobre t\u00edtulos, directores, g\u00e9neros o actores.<\/p>\n\n\n\n<ul class=\"wp-block-list\"><li>Con Movistar Home: Tan solo tienes que decir el comando de voz \u201cOk Aura\u201d y lo que quieras saber. Por ejemplo: \u201c<em><strong>OK Aura, busca pel\u00edculas de Woody Allen<\/strong><\/em>\u201d, \u201c<strong><em>OK Aura, recomi\u00e9ndame algo<\/em><\/strong>\u201d o por ejemplo, \u201c<strong><em>OK Aura, b\u00fascame los \u00faltimos estrenos<\/em><\/strong>\u201d.<\/li><li>Con el Mando Vocal de Movistar+: Pulsa el bot\u00f3n \u201cAura\u201d y di directamente lo que busques: \u201c<em><strong>Quiero ver la pel\u00edcula Mientras dure la guerra<\/strong><\/em>\u201d (si buscar por t\u00edtulo), \u201c<em><strong>Quiero ver los \u00faltimos estrenos de cine<\/strong><\/em>\u201d (si buscas por novedad), o \u201c<strong><em>Busca pel\u00edculas de drama de Alejandro Amen\u00e1bar<\/em><\/strong>\u201d (si quieres buscar por g\u00e9nero y director).&nbsp;<a rel=\"noreferrer noopener\" href=\"https:\/\/blogthinkbig.com\/version-original-mando-vocal-movistar\" target=\"_blank\">En este enlace<\/a>&nbsp;puedes encontrar algunos consejos para sacarle el m\u00e1ximo partido a tu mando vocal.<\/li><\/ul>\n\n\n\n<p>Imagen de cabecera de <a href=\"https:\/\/comunicacion.movistarplus.es\/imagen\/tenet\/\" target=\"_blank\" rel=\"noreferrer noopener\">Movistar<\/a>.<\/p>\n","protected":false},"excerpt":{"rendered":"<p>La primavera ya est\u00e1 aqu\u00ed y con ella los estrenos de Movistar+ para este mes de abril. \u00bfCu\u00e1l de las dos nos alterar\u00e1 m\u00e1s la sangre? Nuestra apuesta sin lugar a dudas va para la [&hellip;]<\/p>\n","protected":false},"author":112,"featured_media":318,"comment_status":"closed","ping_status":"closed","sticky":false,"template":"","format":"standard","meta":{"site-sidebar-layout":"default","site-content-layout":"","ast-site-content-layout":"","site-content-style":"default","site-sidebar-style":"default","ast-global-header-display":"","ast-banner-title-visibility":"","ast-main-header-display":"","ast-hfb-above-header-display":"","ast-hfb-below-header-display":"","ast-hfb-mobile-header-display":"","site-post-title":"","ast-breadcrumbs-content":"","ast-featured-img":"","footer-sml-layout":"","theme-transparent-header-meta":"","adv-header-id-meta":"","stick-header-meta":"","header-above-stick-meta":"","header-main-stick-meta":"","header-below-stick-meta":"","astra-migrate-meta-layouts":"default","ast-page-background-enabled":"default","ast-page-background-meta":{"desktop":{"background-color":"var(--ast-global-color-4)","background-image":"","background-repeat":"repeat","background-position":"center center","background-size":"auto","background-attachment":"scroll","background-type":"","background-media":"","overlay-type":"","overlay-color":"","overlay-opacity":"","overlay-gradient":""},"tablet":{"background-color":"","background-image":"","background-repeat":"repeat","background-position":"center center","background-size":"auto","background-attachment":"scroll","background-type":"","background-media":"","overlay-type":"","overlay-color":"","overlay-opacity":"","overlay-gradient":""},"mobile":{"background-color":"","background-image":"","background-repeat":"repeat","background-position":"center center","background-size":"auto","background-attachment":"scroll","background-type":"","background-media":"","overlay-type":"","overlay-color":"","overlay-opacity":"","overlay-gradient":""}},"ast-content-background-meta":{"desktop":{"background-color":"var(--ast-global-color-5)","background-image":"","background-repeat":"repeat","background-position":"center center","background-size":"auto","background-attachment":"scroll","background-type":"","background-media":"","overlay-type":"","overlay-color":"","overlay-opacity":"","overlay-gradient":""},"tablet":{"background-color":"var(--ast-global-color-5)","background-image":"","background-repeat":"repeat","background-position":"center center","background-size":"auto","background-attachment":"scroll","background-type":"","background-media":"","overlay-type":"","overlay-color":"","overlay-opacity":"","overlay-gradient":""},"mobile":{"background-color":"var(--ast-global-color-5)","background-image":"","background-repeat":"repeat","background-position":"center center","background-size":"auto","background-attachment":"scroll","background-type":"","background-media":"","overlay-type":"","overlay-color":"","overlay-opacity":"","overlay-gradient":""}},"_jetpack_memberships_contains_paid_content":false,"footnotes":""},"categories":[1],"tags":[151,12],"area":[7],"cluster":[45],"linea_editorial":[9],"coauthors":[491],"class_list":["post-2657","post","type-post","status-publish","format-standard","has-post-thumbnail","hentry","category-sin-categoria","tag-estrenos","tag-movistar","area-digital-client","cluster-movistar-plus","linea_editorial-movistar"],"yoast_head":"<!-- This site is optimized with the Yoast SEO Premium plugin v25.5 (Yoast SEO v25.5) - https:\/\/yoast.com\/wordpress\/plugins\/seo\/ -->\n<title>Los mejores estrenos en la plataforma de Movistar+ en abril 2021<\/title>\n<meta name=\"description\" content=\"La primavera ya est\u00e1 aqu\u00ed y con ella los mejores estrenos de series y films de Movistar+ que har\u00e1n que nos puedas levantarte del sof\u00e1.\" \/>\n<meta name=\"robots\" content=\"index, follow, max-snippet:-1, max-image-preview:large, max-video-preview:-1\" \/>\n<link rel=\"canonical\" href=\"https:\/\/www.movistar.es\/blog\/movistar-plus\/movistar-estrenos-abril-2021\/\" \/>\n<meta property=\"og:locale\" content=\"es_ES\" \/>\n<meta property=\"og:type\" content=\"article\" \/>\n<meta property=\"og:title\" content=\"Los mejores estrenos de Movistar+ en abril\" \/>\n<meta property=\"og:description\" content=\"La primavera ya est\u00e1 aqu\u00ed y con ella los mejores estrenos de series y films de Movistar+ que har\u00e1n que nos puedas levantarte del sof\u00e1.\" \/>\n<meta property=\"og:url\" content=\"https:\/\/www.movistar.es\/blog\/movistar-plus\/movistar-estrenos-abril-2021\/\" \/>\n<meta property=\"og:site_name\" content=\"Movistar blog\" \/>\n<meta property=\"article:published_time\" content=\"2021-03-29T13:14:24+00:00\" \/>\n<meta property=\"article:modified_time\" content=\"2023-03-17T11:07:53+00:00\" \/>\n<meta property=\"og:image\" content=\"https:\/\/www.movistar.es\/blog\/wp-content\/uploads\/sites\/3\/2022\/04\/Diseno-sin-titulo-13.jpg\" \/>\n\t<meta property=\"og:image:width\" content=\"610\" \/>\n\t<meta property=\"og:image:height\" content=\"225\" \/>\n\t<meta property=\"og:image:type\" content=\"image\/jpeg\" \/>\n<meta name=\"author\" content=\"Redacci\u00f3n Movistar Plus+\" \/>\n<meta name=\"twitter:card\" content=\"summary_large_image\" \/>\n<meta name=\"twitter:creator\" content=\"@MovistarFutbol\" \/>\n<meta name=\"twitter:label1\" content=\"Written by\" \/>\n\t<meta name=\"twitter:data1\" content=\"Redacci\u00f3n Movistar Plus+\" \/>\n\t<meta name=\"twitter:label2\" content=\"Est. reading time\" \/>\n\t<meta name=\"twitter:data2\" content=\"6 minutos\" \/>\n<script type=\"application\/ld+json\" class=\"yoast-schema-graph\">{\"@context\":\"https:\/\/schema.org\",\"@graph\":[{\"@type\":\"Article\",\"@id\":\"https:\/\/www.movistar.es\/blog\/movistar-plus\/movistar-estrenos-abril-2021\/#article\",\"isPartOf\":{\"@id\":\"https:\/\/www.movistar.es\/blog\/movistar-plus\/movistar-estrenos-abril-2021\/\"},\"author\":{\"name\":\"Redacci\u00f3n Movistar Plus+\",\"@id\":\"https:\/\/www.movistar.es\/blog\/#\/schema\/person\/189877e959457e9014d2a5e8d6fe946d\"},\"headline\":\"Los mejores estrenos de Movistar+ en abril\",\"datePublished\":\"2021-03-29T13:14:24+00:00\",\"dateModified\":\"2023-03-17T11:07:53+00:00\",\"mainEntityOfPage\":{\"@id\":\"https:\/\/www.movistar.es\/blog\/movistar-plus\/movistar-estrenos-abril-2021\/\"},\"wordCount\":1142,\"publisher\":{\"@id\":\"https:\/\/www.movistar.es\/blog\/#organization\"},\"image\":{\"@id\":\"https:\/\/www.movistar.es\/blog\/movistar-plus\/movistar-estrenos-abril-2021\/#primaryimage\"},\"thumbnailUrl\":\"https:\/\/www.movistar.es\/blog\/wp-content\/uploads\/sites\/3\/2022\/04\/Diseno-sin-titulo-13.jpg\",\"keywords\":[\"Estrenos\",\"Movistar\"],\"inLanguage\":\"es\"},{\"@type\":\"WebPage\",\"@id\":\"https:\/\/www.movistar.es\/blog\/movistar-plus\/movistar-estrenos-abril-2021\/\",\"url\":\"https:\/\/www.movistar.es\/blog\/movistar-plus\/movistar-estrenos-abril-2021\/\",\"name\":\"Los mejores estrenos en la plataforma de Movistar+ en abril 2021\",\"isPartOf\":{\"@id\":\"https:\/\/www.movistar.es\/blog\/#website\"},\"primaryImageOfPage\":{\"@id\":\"https:\/\/www.movistar.es\/blog\/movistar-plus\/movistar-estrenos-abril-2021\/#primaryimage\"},\"image\":{\"@id\":\"https:\/\/www.movistar.es\/blog\/movistar-plus\/movistar-estrenos-abril-2021\/#primaryimage\"},\"thumbnailUrl\":\"https:\/\/www.movistar.es\/blog\/wp-content\/uploads\/sites\/3\/2022\/04\/Diseno-sin-titulo-13.jpg\",\"datePublished\":\"2021-03-29T13:14:24+00:00\",\"dateModified\":\"2023-03-17T11:07:53+00:00\",\"description\":\"La primavera ya est\u00e1 aqu\u00ed y con ella los mejores estrenos de series y films de Movistar+ que har\u00e1n que nos puedas levantarte del sof\u00e1.\",\"breadcrumb\":{\"@id\":\"https:\/\/www.movistar.es\/blog\/movistar-plus\/movistar-estrenos-abril-2021\/#breadcrumb\"},\"inLanguage\":\"es\",\"potentialAction\":[{\"@type\":\"ReadAction\",\"target\":[\"https:\/\/www.movistar.es\/blog\/movistar-plus\/movistar-estrenos-abril-2021\/\"]}]},{\"@type\":\"ImageObject\",\"inLanguage\":\"es\",\"@id\":\"https:\/\/www.movistar.es\/blog\/movistar-plus\/movistar-estrenos-abril-2021\/#primaryimage\",\"url\":\"https:\/\/www.movistar.es\/blog\/wp-content\/uploads\/sites\/3\/2022\/04\/Diseno-sin-titulo-13.jpg\",\"contentUrl\":\"https:\/\/www.movistar.es\/blog\/wp-content\/uploads\/sites\/3\/2022\/04\/Diseno-sin-titulo-13.jpg\",\"width\":610,\"height\":225},{\"@type\":\"BreadcrumbList\",\"@id\":\"https:\/\/www.movistar.es\/blog\/movistar-plus\/movistar-estrenos-abril-2021\/#breadcrumb\",\"itemListElement\":[{\"@type\":\"ListItem\",\"position\":1,\"name\":\"Home\",\"item\":\"https:\/\/www.movistar.es\/blog\/\"},{\"@type\":\"ListItem\",\"position\":2,\"name\":\"Los mejores estrenos de Movistar+ en abril\"}]},{\"@type\":\"WebSite\",\"@id\":\"https:\/\/www.movistar.es\/blog\/#website\",\"url\":\"https:\/\/www.movistar.es\/blog\/\",\"name\":\"Movistar blog\",\"description\":\"Movistar Blog. Informaci\u00f3n y m\u00e1s sobre los productos y servicios de Movistar\",\"publisher\":{\"@id\":\"https:\/\/www.movistar.es\/blog\/#organization\"},\"potentialAction\":[{\"@type\":\"SearchAction\",\"target\":{\"@type\":\"EntryPoint\",\"urlTemplate\":\"https:\/\/www.movistar.es\/blog\/?s={search_term_string}\"},\"query-input\":{\"@type\":\"PropertyValueSpecification\",\"valueRequired\":true,\"valueName\":\"search_term_string\"}}],\"inLanguage\":\"es\"},{\"@type\":\"Organization\",\"@id\":\"https:\/\/www.movistar.es\/blog\/#organization\",\"name\":\"Movistar blog\",\"url\":\"https:\/\/www.movistar.es\/blog\/\",\"logo\":{\"@type\":\"ImageObject\",\"inLanguage\":\"es\",\"@id\":\"https:\/\/www.movistar.es\/blog\/#\/schema\/logo\/image\/\",\"url\":\"https:\/\/www.movistar.es\/blog\/wp-content\/uploads\/sites\/3\/2022\/05\/logo_movistar-1.svg\",\"contentUrl\":\"https:\/\/www.movistar.es\/blog\/wp-content\/uploads\/sites\/3\/2022\/05\/logo_movistar-1.svg\",\"width\":369,\"height\":272,\"caption\":\"Movistar blog\"},\"image\":{\"@id\":\"https:\/\/www.movistar.es\/blog\/#\/schema\/logo\/image\/\"}},{\"@type\":\"Person\",\"@id\":\"https:\/\/www.movistar.es\/blog\/#\/schema\/person\/189877e959457e9014d2a5e8d6fe946d\",\"name\":\"Redacci\u00f3n Movistar Plus+\",\"image\":{\"@type\":\"ImageObject\",\"inLanguage\":\"es\",\"@id\":\"https:\/\/www.movistar.es\/blog\/#\/schema\/person\/image\/e4401217082664b40a1186f7e73afac7\",\"url\":\"https:\/\/secure.gravatar.com\/avatar\/c957f8b2227dcae6bb012530cf347456865c8d81dd6724c0fb6723a2c0a9f9e2\",\"contentUrl\":\"https:\/\/secure.gravatar.com\/avatar\/c957f8b2227dcae6bb012530cf347456865c8d81dd6724c0fb6723a2c0a9f9e2\",\"caption\":\"Redacci\u00f3n Movistar Plus+\"},\"description\":\"Te ayudamos a sacar el m\u00e1ximo partido a la televisi\u00f3n de Movistar Plus+. Para que disfrutes de las mejores pel\u00edculas, deportes, series y la toda la programaci\u00f3n, con una experiencia inigualable gracias a Movistar.\",\"sameAs\":[\"https:\/\/ver.movistarplus.es\/\",\"https:\/\/www.instagram.com\/movistarplus\/?hl=es\",\"https:\/\/www.linkedin.com\/company\/movistarplus\/?originalSubdomain=es\",\"https:\/\/x.com\/MovistarFutbol\"],\"knowsAbout\":[\"series\",\"cine\",\"deportes\",\"televisi\u00f3n\"],\"url\":\"https:\/\/www.movistar.es\/blog\/author\/movistarplus\/\"}]}<\/script>\n<!-- \/ Yoast SEO Premium plugin. -->","yoast_head_json":{"title":"Los mejores estrenos en la plataforma de Movistar+ en abril 2021","description":"La primavera ya est\u00e1 aqu\u00ed y con ella los mejores estrenos de series y films de Movistar+ que har\u00e1n que nos puedas levantarte del sof\u00e1.","robots":{"index":"index","follow":"follow","max-snippet":"max-snippet:-1","max-image-preview":"max-image-preview:large","max-video-preview":"max-video-preview:-1"},"canonical":"https:\/\/www.movistar.es\/blog\/movistar-plus\/movistar-estrenos-abril-2021\/","og_locale":"es_ES","og_type":"article","og_title":"Los mejores estrenos de Movistar+ en abril","og_description":"La primavera ya est\u00e1 aqu\u00ed y con ella los mejores estrenos de series y films de Movistar+ que har\u00e1n que nos puedas levantarte del sof\u00e1.","og_url":"https:\/\/www.movistar.es\/blog\/movistar-plus\/movistar-estrenos-abril-2021\/","og_site_name":"Movistar blog","article_published_time":"2021-03-29T13:14:24+00:00","article_modified_time":"2023-03-17T11:07:53+00:00","og_image":[{"width":610,"height":225,"url":"https:\/\/www.movistar.es\/blog\/wp-content\/uploads\/sites\/3\/2022\/04\/Diseno-sin-titulo-13.jpg","type":"image\/jpeg"}],"author":"Redacci\u00f3n Movistar Plus+","twitter_card":"summary_large_image","twitter_creator":"@MovistarFutbol","twitter_misc":{"Written by":"Redacci\u00f3n Movistar Plus+","Est. reading time":"6 minutos"},"schema":{"@context":"https:\/\/schema.org","@graph":[{"@type":"Article","@id":"https:\/\/www.movistar.es\/blog\/movistar-plus\/movistar-estrenos-abril-2021\/#article","isPartOf":{"@id":"https:\/\/www.movistar.es\/blog\/movistar-plus\/movistar-estrenos-abril-2021\/"},"author":{"name":"Redacci\u00f3n Movistar Plus+","@id":"https:\/\/www.movistar.es\/blog\/#\/schema\/person\/189877e959457e9014d2a5e8d6fe946d"},"headline":"Los mejores estrenos de Movistar+ en abril","datePublished":"2021-03-29T13:14:24+00:00","dateModified":"2023-03-17T11:07:53+00:00","mainEntityOfPage":{"@id":"https:\/\/www.movistar.es\/blog\/movistar-plus\/movistar-estrenos-abril-2021\/"},"wordCount":1142,"publisher":{"@id":"https:\/\/www.movistar.es\/blog\/#organization"},"image":{"@id":"https:\/\/www.movistar.es\/blog\/movistar-plus\/movistar-estrenos-abril-2021\/#primaryimage"},"thumbnailUrl":"https:\/\/www.movistar.es\/blog\/wp-content\/uploads\/sites\/3\/2022\/04\/Diseno-sin-titulo-13.jpg","keywords":["Estrenos","Movistar"],"inLanguage":"es"},{"@type":"WebPage","@id":"https:\/\/www.movistar.es\/blog\/movistar-plus\/movistar-estrenos-abril-2021\/","url":"https:\/\/www.movistar.es\/blog\/movistar-plus\/movistar-estrenos-abril-2021\/","name":"Los mejores estrenos en la plataforma de Movistar+ en abril 2021","isPartOf":{"@id":"https:\/\/www.movistar.es\/blog\/#website"},"primaryImageOfPage":{"@id":"https:\/\/www.movistar.es\/blog\/movistar-plus\/movistar-estrenos-abril-2021\/#primaryimage"},"image":{"@id":"https:\/\/www.movistar.es\/blog\/movistar-plus\/movistar-estrenos-abril-2021\/#primaryimage"},"thumbnailUrl":"https:\/\/www.movistar.es\/blog\/wp-content\/uploads\/sites\/3\/2022\/04\/Diseno-sin-titulo-13.jpg","datePublished":"2021-03-29T13:14:24+00:00","dateModified":"2023-03-17T11:07:53+00:00","description":"La primavera ya est\u00e1 aqu\u00ed y con ella los mejores estrenos de series y films de Movistar+ que har\u00e1n que nos puedas levantarte del sof\u00e1.","breadcrumb":{"@id":"https:\/\/www.movistar.es\/blog\/movistar-plus\/movistar-estrenos-abril-2021\/#breadcrumb"},"inLanguage":"es","potentialAction":[{"@type":"ReadAction","target":["https:\/\/www.movistar.es\/blog\/movistar-plus\/movistar-estrenos-abril-2021\/"]}]},{"@type":"ImageObject","inLanguage":"es","@id":"https:\/\/www.movistar.es\/blog\/movistar-plus\/movistar-estrenos-abril-2021\/#primaryimage","url":"https:\/\/www.movistar.es\/blog\/wp-content\/uploads\/sites\/3\/2022\/04\/Diseno-sin-titulo-13.jpg","contentUrl":"https:\/\/www.movistar.es\/blog\/wp-content\/uploads\/sites\/3\/2022\/04\/Diseno-sin-titulo-13.jpg","width":610,"height":225},{"@type":"BreadcrumbList","@id":"https:\/\/www.movistar.es\/blog\/movistar-plus\/movistar-estrenos-abril-2021\/#breadcrumb","itemListElement":[{"@type":"ListItem","position":1,"name":"Home","item":"https:\/\/www.movistar.es\/blog\/"},{"@type":"ListItem","position":2,"name":"Los mejores estrenos de Movistar+ en abril"}]},{"@type":"WebSite","@id":"https:\/\/www.movistar.es\/blog\/#website","url":"https:\/\/www.movistar.es\/blog\/","name":"Movistar blog","description":"Movistar Blog. Informaci\u00f3n y m\u00e1s sobre los productos y servicios de Movistar","publisher":{"@id":"https:\/\/www.movistar.es\/blog\/#organization"},"potentialAction":[{"@type":"SearchAction","target":{"@type":"EntryPoint","urlTemplate":"https:\/\/www.movistar.es\/blog\/?s={search_term_string}"},"query-input":{"@type":"PropertyValueSpecification","valueRequired":true,"valueName":"search_term_string"}}],"inLanguage":"es"},{"@type":"Organization","@id":"https:\/\/www.movistar.es\/blog\/#organization","name":"Movistar blog","url":"https:\/\/www.movistar.es\/blog\/","logo":{"@type":"ImageObject","inLanguage":"es","@id":"https:\/\/www.movistar.es\/blog\/#\/schema\/logo\/image\/","url":"https:\/\/www.movistar.es\/blog\/wp-content\/uploads\/sites\/3\/2022\/05\/logo_movistar-1.svg","contentUrl":"https:\/\/www.movistar.es\/blog\/wp-content\/uploads\/sites\/3\/2022\/05\/logo_movistar-1.svg","width":369,"height":272,"caption":"Movistar blog"},"image":{"@id":"https:\/\/www.movistar.es\/blog\/#\/schema\/logo\/image\/"}},{"@type":"Person","@id":"https:\/\/www.movistar.es\/blog\/#\/schema\/person\/189877e959457e9014d2a5e8d6fe946d","name":"Redacci\u00f3n Movistar Plus+","image":{"@type":"ImageObject","inLanguage":"es","@id":"https:\/\/www.movistar.es\/blog\/#\/schema\/person\/image\/e4401217082664b40a1186f7e73afac7","url":"https:\/\/secure.gravatar.com\/avatar\/c957f8b2227dcae6bb012530cf347456865c8d81dd6724c0fb6723a2c0a9f9e2","contentUrl":"https:\/\/secure.gravatar.com\/avatar\/c957f8b2227dcae6bb012530cf347456865c8d81dd6724c0fb6723a2c0a9f9e2","caption":"Redacci\u00f3n Movistar Plus+"},"description":"Te ayudamos a sacar el m\u00e1ximo partido a la televisi\u00f3n de Movistar Plus+. Para que disfrutes de las mejores pel\u00edculas, deportes, series y la toda la programaci\u00f3n, con una experiencia inigualable gracias a Movistar.","sameAs":["https:\/\/ver.movistarplus.es\/","https:\/\/www.instagram.com\/movistarplus\/?hl=es","https:\/\/www.linkedin.com\/company\/movistarplus\/?originalSubdomain=es","https:\/\/x.com\/MovistarFutbol"],"knowsAbout":["series","cine","deportes","televisi\u00f3n"],"url":"https:\/\/www.movistar.es\/blog\/author\/movistarplus\/"}]}},"jetpack_featured_media_url":"https:\/\/www.movistar.es\/blog\/wp-content\/uploads\/sites\/3\/2022\/04\/Diseno-sin-titulo-13.jpg","jetpack_sharing_enabled":true,"_links":{"self":[{"href":"https:\/\/www.movistar.es\/blog\/wp-json\/wp\/v2\/posts\/2657","targetHints":{"allow":["GET"]}}],"collection":[{"href":"https:\/\/www.movistar.es\/blog\/wp-json\/wp\/v2\/posts"}],"about":[{"href":"https:\/\/www.movistar.es\/blog\/wp-json\/wp\/v2\/types\/post"}],"author":[{"embeddable":true,"href":"https:\/\/www.movistar.es\/blog\/wp-json\/wp\/v2\/users\/112"}],"replies":[{"embeddable":true,"href":"https:\/\/www.movistar.es\/blog\/wp-json\/wp\/v2\/comments?post=2657"}],"version-history":[{"count":1,"href":"https:\/\/www.movistar.es\/blog\/wp-json\/wp\/v2\/posts\/2657\/revisions"}],"predecessor-version":[{"id":3031,"href":"https:\/\/www.movistar.es\/blog\/wp-json\/wp\/v2\/posts\/2657\/revisions\/3031"}],"wp:featuredmedia":[{"embeddable":true,"href":"https:\/\/www.movistar.es\/blog\/wp-json\/wp\/v2\/media\/318"}],"wp:attachment":[{"href":"https:\/\/www.movistar.es\/blog\/wp-json\/wp\/v2\/media?parent=2657"}],"wp:term":[{"taxonomy":"category","embeddable":true,"href":"https:\/\/www.movistar.es\/blog\/wp-json\/wp\/v2\/categories?post=2657"},{"taxonomy":"post_tag","embeddable":true,"href":"https:\/\/www.movistar.es\/blog\/wp-json\/wp\/v2\/tags?post=2657"},{"taxonomy":"area","embeddable":true,"href":"https:\/\/www.movistar.es\/blog\/wp-json\/wp\/v2\/area?post=2657"},{"taxonomy":"cluster","embeddable":true,"href":"https:\/\/www.movistar.es\/blog\/wp-json\/wp\/v2\/cluster?post=2657"},{"taxonomy":"linea_editorial","embeddable":true,"href":"https:\/\/www.movistar.es\/blog\/wp-json\/wp\/v2\/linea_editorial?post=2657"},{"taxonomy":"author","embeddable":true,"href":"https:\/\/www.movistar.es\/blog\/wp-json\/wp\/v2\/coauthors?post=2657"}],"curies":[{"name":"wp","href":"https:\/\/api.w.org\/{rel}","templated":true}]}}