{"id":2646,"date":"2021-03-11T11:52:10","date_gmt":"2021-03-11T10:52:10","guid":{"rendered":"https:\/\/www.movistar.es\/blog\/goya-2021-movistar\/"},"modified":"2023-03-17T12:08:05","modified_gmt":"2023-03-17T11:08:05","slug":"goya-2021-movistar","status":"publish","type":"post","link":"https:\/\/www.movistar.es\/blog\/movistar-plus\/goya-2021-movistar\/","title":{"rendered":"Disfruta de las pel\u00edculas galardonadas en los Goya 2021 en Movistar+"},"content":{"rendered":"\n<p>La noche de los Goya es una de las m\u00e1s esperadas para el cine espa\u00f1ol, donde los mejores actores y actrices de nuestro pa\u00eds se re\u00fanen para celebrar la cultura. La entrega de los 35\u00ba Premios Goya pasar\u00e1 a la historia, sin duda, por la extraordinaria situaci\u00f3n que vivimos y porque <strong>el 50% de los premios han ido a parar a mujeres cineastas<\/strong>.<\/p>\n\n\n\n<p>La pel\u00edcula m\u00e1s galardonada de los Premios Goya 2021 ha sido <em>Akelarre<\/em>, de Pablo Ag\u00fcero; mientras que <em>Las Ni\u00f1as<\/em>, de Pilar Palomero, se alz\u00f3 con el premio a Mejor pel\u00edcula. Ambos <em>films <\/em>ya est\u00e1n <a rel=\"noreferrer noopener\" href=\"https:\/\/blogthinkbig.com\/guia-movistar-movistar-plus\" target=\"_blank\">disponibles en el cat\u00e1logo Movistar+<\/a>, <strong>si a\u00fan no los has visto o quieres ver el resto de cintas ganadoras y nominadas<\/strong>, te hacemos un breve resumen en este post. \u00bfA qu\u00e9 est\u00e1s esperando?<\/p>\n\n\n\n<h2 class=\"wp-block-heading\" class=\"wp-block-heading\" id=\"peliculas-galardonadas-en-movistar\">Pel\u00edculas galardonadas en Movistar+<\/h2>\n\n\n\n<p><em><strong>Las ni\u00f1as<\/strong><\/em>, <em><strong>La boda de Rosa<\/strong><\/em>, <strong><em>Ane<\/em> <\/strong>y <em><strong>El a\u00f1o del descubrimiento<\/strong><\/em> se pueden disfrutar ya <a href=\"https:\/\/ver.movistarplus.es\/\" target=\"_blank\" rel=\"noreferrer noopener\">desde la plataforma de contenidos<\/a>. As\u00ed como, los cortos galardonados: <em><strong>A la cara<\/strong><\/em> y <em><strong>Blue &amp; Malone<\/strong><\/em>. Mientras que otros t\u00edtulos, como <em><strong>Adu<\/strong><\/em>, se pueden visualizar en Movistar+ a trav\u00e9s de Netflix y mediante el servicio de alquiler, como <em><strong>Akelarre<\/strong><\/em>, <em><strong>Sentimental <\/strong><\/em>y <em><strong>No Matar\u00e1s<\/strong><\/em>.<\/p>\n\n\n\n<p>A continuaci\u00f3n, os contamos cu\u00e1les han sido los galardones que han obtenido cada una de las pel\u00edculas, junto con una breve rese\u00f1a de cada una de ellas.<\/p>\n\n\n\n<h3 class=\"wp-block-heading\" class=\"wp-block-heading\" id=\"las-ninas\"><em>Las ni\u00f1as<\/em><\/h3>\n\n\n\n<p>Este <em>film<\/em>, escrito y dirigido por Pilar Palomero, se considera <strong>el gran triunfador de los Premios Goya 2021<\/strong> al alzarse con cuatro &#8216;cabezones&#8217;: Mejor pel\u00edcula, Mejor direcci\u00f3n novel (Pilar Palomero), Mejor guion original (Pilar Palomero) y Mejor direcci\u00f3n de fotograf\u00eda (Daniela Caj\u00edas). <\/p>\n\n\n\n<p>La trama gira en torno a una ni\u00f1a de 11 a\u00f1os, Celia (Andrea Fandos), que estudia en un colegio de monjas de Zaragoza y vive con su madre (Natalia de Molina) llevando una vida muy conservadora. Con la llegada de Brisa (Zoe Arnao), una nueva compa\u00f1era, <strong>se adentra de lleno en la adolescencia<\/strong>. Una cinta que hace un retrato excelente de la Espa\u00f1a de inicios de los noventa. Puedes disfrutar de <a rel=\"noreferrer noopener\" href=\"https:\/\/ver.movistarplus.es\/ficha?id=1540673&amp;referrer=WEB\" target=\"_blank\">esta pel\u00edcula en Movistar+<\/a>.<\/p>\n\n\n\n<figure class=\"wp-block-embed is-type-video is-provider-youtube wp-block-embed-youtube wp-embed-aspect-16-9 wp-has-aspect-ratio\"><div class=\"wp-block-embed__wrapper\">\n<div class=\"wp-block-embed__wrapper\"><div class=\"ast-oembed-container \" style=\"height: 100%;\"><iframe loading=\"lazy\" title=\"TR\u00c1ILER &quot;LAS NI\u00d1AS&quot;\" width=\"1040\" height=\"585\" src=\"https:\/\/www.youtube.com\/embed\/mgSCAznjWxc?feature=oembed\" frameborder=\"0\" allow=\"accelerometer; autoplay; clipboard-write; encrypted-media; gyroscope; picture-in-picture; web-share\" referrerpolicy=\"strict-origin-when-cross-origin\" allowfullscreen><\/iframe><\/div><\/div>\n<\/div><\/figure>\n\n\n\n<h3 class=\"wp-block-heading\" class=\"wp-block-heading\" id=\"akelarre\"><em>Akelarre<\/em><\/h3>\n\n\n\n<p>La cinta, dirigida por Pablo Ag\u00fcero, ha sido la que m\u00e1s premios ha recibido. De las nueve nominaciones <strong>termin\u00f3 la gala con cinco galardones<\/strong>: Mejor dise\u00f1o de vestuario (Nerea Torrijos), Mejores efectos especiales (Mariano Garc\u00eda Marty y Ana Rubio), Mejor maquillaje y peluquer\u00eda (Beatushka Wojtowicz y Ricardo Molina), Mejor m\u00fasica original (Ar\u00e1nzazu Calleja y Maite Arroitajauregi) y Mejor direcci\u00f3n art\u00edstica (Mikel Serrano).<\/p>\n\n\n\n<p>El argumento de la pel\u00edcula se desarrolla en el a\u00f1o 1609 en Pa\u00eds Vaco, cuando los hombres de la regi\u00f3n marchan al mar qued\u00e1ndose las mujeres en la costa. Ana (Amaia Aberasturi) decide participar en una fiesta en el bosque, junto con otras chicas de la aldea. Es entonces cuando el Rey le pide al juez Rostegui (Alex Brendem\u00fchl) que <strong>purifique la regi\u00f3n, arrestando a las j\u00f3venes por brujer\u00eda<\/strong>. Todas ellas ser\u00e1n tratadas como bestias, siendo despojadas de sus pertenencias y sometidas a un duro interrogatorio.<\/p>\n\n\n\n<p>Sin duda, una propuesta diferente que puedes <a rel=\"noreferrer noopener\" href=\"https:\/\/ver.movistarplus.es\/ficha?id=1841046&amp;referrer=WEB&amp;_ga=2.244045441.563372673.1615287039-788533909.1611136333\" target=\"_blank\">disfrutar en la zona de Alquiler de Movistar+<\/a> o a trav\u00e9s de Netflix. <\/p>\n\n\n\n<figure class=\"wp-block-embed is-type-video is-provider-youtube wp-block-embed-youtube wp-embed-aspect-16-9 wp-has-aspect-ratio\"><div class=\"wp-block-embed__wrapper\">\n<div class=\"wp-block-embed__wrapper\"><div class=\"ast-oembed-container \" style=\"height: 100%;\"><iframe loading=\"lazy\" title=\"Akelarre | Tr\u00e1iler oficial | Avalon\" width=\"1040\" height=\"585\" src=\"https:\/\/www.youtube.com\/embed\/RMl4bKHKu3M?feature=oembed\" frameborder=\"0\" allow=\"accelerometer; autoplay; clipboard-write; encrypted-media; gyroscope; picture-in-picture; web-share\" referrerpolicy=\"strict-origin-when-cross-origin\" allowfullscreen><\/iframe><\/div><\/div>\n<\/div><\/figure>\n\n\n\n<h3 class=\"wp-block-heading\" class=\"wp-block-heading\" id=\"ane\"><strong><em>Ane<\/em><\/strong><\/h3>\n\n\n\n<p>Este <em>film<\/em> supone el debut en largometraje de David P\u00e9rez Sa\u00f1udo y <strong>ha logrado hacerse con tres Premios Goya<\/strong>: Mejor guion adaptado (David P\u00e9rez Sa\u00f1udo y Marina Par\u00e8s Pulido), Mejor actriz revelaci\u00f3n (Jone Laspiur) y Mejor actriz protagonista (Patricia L\u00f3pez Arnaiz). Como curiosidad, la protagonista de la cinta ha sido la primera actriz nominada a la categor\u00eda de Goya a Mejor actriz principal por un papel interpretado en euskera.<\/p>\n\n\n\n<p>El argumento se desarrolla a lo largo de los<strong> \u00faltimos a\u00f1os de actividad de ETA en el Pa\u00eds Vasco <\/strong>para contarnos el desgarrador conflicto entre una madre (Patricia L\u00f3pez Arnaiz) y su hija (Jone Laspiur), quien ha desaparecido sin dejar rastro. Una historia de b\u00fasqueda, comunicaci\u00f3n y falta de ella y de cuidados y descuidos que <a rel=\"noreferrer noopener\" href=\"https:\/\/ver.movistarplus.es\/ficha?id=1861509&amp;referrer=WEB&amp;_ga=2.257694479.563372673.1615287039-788533909.1611136333\" target=\"_blank\">puedes visualizar en Movistar+<\/a>.<\/p>\n\n\n\n<figure class=\"wp-block-embed is-type-video is-provider-youtube wp-block-embed-youtube wp-embed-aspect-16-9 wp-has-aspect-ratio\"><div class=\"wp-block-embed__wrapper\">\n<div class=\"wp-block-embed__wrapper\"><div class=\"ast-oembed-container \" style=\"height: 100%;\"><iframe loading=\"lazy\" title=\"ANE (Trailer, 2020)\" width=\"1040\" height=\"585\" src=\"https:\/\/www.youtube.com\/embed\/yXX4zUKiOJY?feature=oembed\" frameborder=\"0\" allow=\"accelerometer; autoplay; clipboard-write; encrypted-media; gyroscope; picture-in-picture; web-share\" referrerpolicy=\"strict-origin-when-cross-origin\" allowfullscreen><\/iframe><\/div><\/div>\n<\/div><\/figure>\n\n\n\n<h3 class=\"wp-block-heading\" class=\"wp-block-heading\" id=\"la-boda-de-rosa\"><em>La boda de Rosa<\/em><\/h3>\n\n\n\n<p>Esta pel\u00edcula, dirigida por Ic\u00edar Balla\u00edn, se alz\u00f3 con dos estatuillas: Mejor actriz de reparto (Nathalie Poza) y Mejor canci\u00f3n original (Rozal\u00e9n). La cinta protagonizada por Candela Pe\u00f1a y Nathalie Poza ha sido denominada como la <em>feel-good movie<\/em> del a\u00f1o. La trama se desarrolla en torno a la vida de Goya (Pe\u00f1a)<strong> una mujer que ha vivido siempre para contentar a los dem\u00e1s<\/strong>, hasta que un d\u00eda dice basta y decide cuidarse a s\u00ed misma. Una historia sobre el empoderamiento femenino que puedes <a rel=\"noreferrer noopener\" href=\"https:\/\/ver.movistarplus.es\/ficha\/la-boda-de-rosa\/?id=1639755&amp;mediaType=FOTOV&amp;profile=OTT\" target=\"_blank\">disfrutar en Movistar+<\/a>.<\/p>\n\n\n\n<figure class=\"wp-block-embed is-type-video is-provider-youtube wp-block-embed-youtube wp-embed-aspect-16-9 wp-has-aspect-ratio\"><div class=\"wp-block-embed__wrapper\">\n<div class=\"wp-block-embed__wrapper\"><div class=\"ast-oembed-container \" style=\"height: 100%;\"><iframe loading=\"lazy\" title=\"LA BODA DE ROSA. Tr\u00e1iler oficial\" width=\"1040\" height=\"585\" src=\"https:\/\/www.youtube.com\/embed\/rQgVb2Zao5o?feature=oembed\" frameborder=\"0\" allow=\"accelerometer; autoplay; clipboard-write; encrypted-media; gyroscope; picture-in-picture; web-share\" referrerpolicy=\"strict-origin-when-cross-origin\" allowfullscreen><\/iframe><\/div><\/div>\n<\/div><\/figure>\n\n\n\n<h3 class=\"wp-block-heading\" class=\"wp-block-heading\" id=\"adu\"><em>Ad\u00fa<\/em><\/h3>\n\n\n\n<p>El <em>film<\/em>, dirigido por Salvador Calvo, obtuvo un gran \u00e9xito con su estreno a inicios de 2020, raz\u00f3n por la que <strong>ha obtenido cuatro &#8216;cabezones&#8217;<\/strong>: Mejor direcci\u00f3n (Salvador Calvo), Mejor actor revelaci\u00f3n (Adam Nourou), Mejor direcci\u00f3n de producci\u00f3n (Ana Parra y Luis Fern\u00f1andez Lago) y Mejor sonido (Eduardo Esquide, Jamaica Ru\u00eds Garc\u00eda, Juan Ferro y Nicolas Poulpiquet).<\/p>\n\n\n\n<p>La trama de esta pel\u00edcula est\u00e1 <strong>dividida en tres desiguales historias alrededor de la inmigraci\u00f3n entre \u00c1frica y Europa<\/strong> que a lo largo de la cinta sus destinos se cruzar\u00e1n para que sus vidas no vuelvan a ser las mismas. La primera historia est\u00e1 protagonizada por Moustapha Oumarou, la segunda por \u00c1lvaro Cervantes y la tercera por Luis Tosar y Anna Castillo. Si quieres disfrutar de esta historia sobre la supervivencia puedes hacerlo desde Movistar+ a trav\u00e9s de los contenidos de Netflix. Si no lo tienes contratado, <a href=\"https:\/\/www.movistar.es\/particulares\/netflix\/\" target=\"_blank\" rel=\"noreferrer noopener\">echa un vistazo a este link.<\/a><\/p>\n\n\n\n<figure class=\"wp-block-embed is-type-video is-provider-youtube wp-block-embed-youtube wp-embed-aspect-16-9 wp-has-aspect-ratio\"><div class=\"wp-block-embed__wrapper\">\n<div class=\"wp-block-embed__wrapper\"><div class=\"ast-oembed-container \" style=\"height: 100%;\"><iframe loading=\"lazy\" title=\"AD\u00da | Tr\u00e1iler | Paramount Pictures Spain\" width=\"1040\" height=\"585\" src=\"https:\/\/www.youtube.com\/embed\/7dAQgx6SdEo?feature=oembed\" frameborder=\"0\" allow=\"accelerometer; autoplay; clipboard-write; encrypted-media; gyroscope; picture-in-picture; web-share\" referrerpolicy=\"strict-origin-when-cross-origin\" allowfullscreen><\/iframe><\/div><\/div>\n<\/div><\/figure>\n\n\n\n<h3 class=\"wp-block-heading\" class=\"wp-block-heading\" id=\"el-ano-del-descubrimiento\"><em>El a\u00f1o del descubrimiento<\/em><\/h3>\n\n\n\n<p>Seg\u00fan la cr\u00edtica, se trata de la mejor pel\u00edcula del a\u00f1o y una de las m\u00e1s importantes de lo que llevamos de siglo. Este documental, dirigido por Luis L\u00f3pez Carrasco, ha obtenido dos Premios Goya: Mejor Montaje (Sergio Jim\u00e9nez) y Mejor pel\u00edcula documental (Lacima Producciones, S.L.).<\/p>\n\n\n\n<p>El largometraje aborda <strong>la crisis industrial de 1992 en Cartagena <\/strong>(Murcia). Todo ello contado desde un bar del municipio en el que se re\u00fanen varias generaciones, testigos y protagonistas de este suceso, que acabar\u00e1 con el incendio del parlamento regional por c\u00f3cteles molotov. Si quieres disfrutar de este documental, <a rel=\"noreferrer noopener\" href=\"https:\/\/ver.movistarplus.es\/ficha?id=1843876&amp;referrer=WEB&amp;_ga=2.18627389.563372673.1615287039-788533909.1611136333\" target=\"_blank\">puedes hacerlo desde Movistar+<\/a>.<\/p>\n\n\n\n<figure class=\"wp-block-embed is-type-video is-provider-youtube wp-block-embed-youtube wp-embed-aspect-16-9 wp-has-aspect-ratio\"><div class=\"wp-block-embed__wrapper\">\n<div class=\"wp-block-embed__wrapper\"><div class=\"ast-oembed-container \" style=\"height: 100%;\"><iframe loading=\"lazy\" title=\"Trailer de El a\u00f1o del descubrimiento (HD)\" width=\"1040\" height=\"585\" src=\"https:\/\/www.youtube.com\/embed\/dcqbftKN5Ts?feature=oembed\" frameborder=\"0\" allow=\"accelerometer; autoplay; clipboard-write; encrypted-media; gyroscope; picture-in-picture; web-share\" referrerpolicy=\"strict-origin-when-cross-origin\" allowfullscreen><\/iframe><\/div><\/div>\n<\/div><\/figure>\n\n\n\n<h3 class=\"wp-block-heading\" class=\"wp-block-heading\" id=\"no-mataras\"><em>No matar\u00e1s<\/em><\/h3>\n\n\n\n<p>Este intenso <em>thriller<\/em>, dirigido por David Victori, se ha alzado con el galard\u00f3n de Mejor actor protagonista (Mario Casas). El argumento gira en torno a Dani (Mario Casas), un buen chico que ha cuidado a su padre enfermo durante los \u00faltimos a\u00f1os, pero cuando este fallece decide hacer un largo viaje, donde conocer\u00e1 a Mila (Milena Smit) y las cosas no tardar\u00e1n en complicarse. Puedes disfrutar de esta intrigante historia en la <a rel=\"noreferrer noopener\" href=\"https:\/\/ver.movistarplus.es\/ficha\/portada\/?id=1514508\" target=\"_blank\">zona de Alquiler de Movistar+<\/a>.<\/p>\n\n\n\n<figure class=\"wp-block-embed is-type-video is-provider-youtube wp-block-embed-youtube wp-embed-aspect-16-9 wp-has-aspect-ratio\"><div class=\"wp-block-embed__wrapper\">\n<div class=\"wp-block-embed__wrapper\"><div class=\"ast-oembed-container \" style=\"height: 100%;\"><iframe loading=\"lazy\" title=\"NO MATAR\u00c1S | Tr\u00e1iler oficial | Ya en cines\" width=\"1040\" height=\"585\" src=\"https:\/\/www.youtube.com\/embed\/F3IpLKCv5IY?feature=oembed\" frameborder=\"0\" allow=\"accelerometer; autoplay; clipboard-write; encrypted-media; gyroscope; picture-in-picture; web-share\" referrerpolicy=\"strict-origin-when-cross-origin\" allowfullscreen><\/iframe><\/div><\/div>\n<\/div><\/figure>\n\n\n\n<h3 class=\"wp-block-heading\" class=\"wp-block-heading\" id=\"sentimental\">Sentimental<\/h3>\n\n\n\n<p>La cinta, dirigida y guionizada por Cesc Gay, he interpretada por Javier C\u00e1mara, Alberto San Juan, Bel\u00e9n Cuesta y Griselda Siciliani, se ha hecho con el Premio Goya a Mejor actor de reparto (Alberto San Juan). Esta <strong>adaptaci\u00f3n de una obra de teatro del propio director<\/strong>, Cesc Gay, nos sumerge en una cena entre dos parejas de vecinos, narr\u00e1ndonos sus problemas durante una velada cat\u00e1rtica y divertida. Puedes disfrutar de esta pel\u00edcula en la <a rel=\"noreferrer noopener\" href=\"https:\/\/ver.movistarplus.es\/ficha?id=1537931&amp;referrer=WEB&amp;_ga=2.43153185.563372673.1615287039-788533909.1611136333\" target=\"_blank\">zona de Alquiler de Movistar+<\/a>.<\/p>\n\n\n\n<figure class=\"wp-block-embed is-type-video is-provider-youtube wp-block-embed-youtube wp-embed-aspect-16-9 wp-has-aspect-ratio\"><div class=\"wp-block-embed__wrapper\">\n<div class=\"wp-block-embed__wrapper\"><div class=\"ast-oembed-container \" style=\"height: 100%;\"><iframe loading=\"lazy\" title=\"SENTIMENTAL. Tr\u00e1iler oficial. Solo en cines\" width=\"1040\" height=\"585\" src=\"https:\/\/www.youtube.com\/embed\/a_cya2Q5n6w?feature=oembed\" frameborder=\"0\" allow=\"accelerometer; autoplay; clipboard-write; encrypted-media; gyroscope; picture-in-picture; web-share\" referrerpolicy=\"strict-origin-when-cross-origin\" allowfullscreen><\/iframe><\/div><\/div>\n<\/div><\/figure>\n\n\n\n<h3 class=\"wp-block-heading\" class=\"wp-block-heading\" id=\"cortos-animados-premiados\">Cortos animados premiados<\/h3>\n\n\n\n<p>Por su parte, los cortos tambi\u00e9n han sido protagonistas en la noche del cine espa\u00f1ol. El galard\u00f3n a Mejor cortometraje de ficci\u00f3n se lo llev\u00f3 <em><a rel=\"noreferrer noopener\" href=\"https:\/\/ver.movistarplus.es\/ficha?id=1782058&amp;referrer=WEB&amp;_ga=2.22879039.563372673.1615287039-788533909.1611136333\" target=\"_blank\">A la cara<\/a><\/em>, dirigido por Javier Marco Rico y en cat\u00e1logo de Movistar+ hasta el 15 de marzo. Mientras que el Premio Goya a Mejor cortometraje de animaci\u00f3n fue para <a rel=\"noreferrer noopener\" href=\"https:\/\/ver.movistarplus.es\/ficha?id=1462200&amp;referrer=WEB&amp;_ga=2.22879039.563372673.1615287039-788533909.1611136333\" target=\"_blank\"><em>Blue &amp; Malone<\/em>: <em>Casos Imposibles<\/em><\/a>, dirigido por Abraham L\u00f3pez Guerrero y el &#8216;cabez\u00f3n&#8217; por el Mejor cortometraje documental se lo llev\u00f3<strong> <em>Biograf\u00eda del cad\u00e1ver de una mujer<\/em><\/strong>, dirigido por Mabel Lozano.<\/p>\n\n\n\n<figure class=\"wp-block-embed is-type-video is-provider-youtube wp-block-embed-youtube wp-embed-aspect-16-9 wp-has-aspect-ratio\"><div class=\"wp-block-embed__wrapper\">\n<div class=\"wp-block-embed__wrapper\"><div class=\"ast-oembed-container \" style=\"height: 100%;\"><iframe loading=\"lazy\" title=\"Blue &amp; Malone - Tr\u00e1iler Misterioso\" width=\"1040\" height=\"585\" src=\"https:\/\/www.youtube.com\/embed\/2PKYobvej8M?feature=oembed\" frameborder=\"0\" allow=\"accelerometer; autoplay; clipboard-write; encrypted-media; gyroscope; picture-in-picture; web-share\" referrerpolicy=\"strict-origin-when-cross-origin\" allowfullscreen><\/iframe><\/div><\/div>\n<\/div><\/figure>\n\n\n\n<h2 class=\"wp-block-heading\" class=\"wp-block-heading\" id=\"otras-peliculas-nominadas-en-los-premios-goya-2021\">Otras pel\u00edculas nominadas en los Premios Goya 2021<\/h2>\n\n\n\n<p>A continuaci\u00f3n, te contamos cu\u00e1les han sido el resto de pel\u00edculas y cortos nominados que puedes disfrutar desde tu Movistar+. <em><a rel=\"noreferrer noopener\" href=\"https:\/\/ver.movistarplus.es\/ficha?id=1859631&amp;referrer=WEB&amp;_ga=2.13202099.563372673.1615287039-788533909.1611136333\" target=\"_blank\">Baby<\/a><\/em> nominada a dos Premios Goya. Tambi\u00e9n, los cortos nominados en la categor\u00eda de ficci\u00f3n: <a rel=\"noreferrer noopener\" href=\"https:\/\/ver.movistarplus.es\/ficha?id=1558887&amp;referrer=WEB&amp;_ga=2.50666285.563372673.1615287039-788533909.1611136333\" target=\"_blank\"><em>16 de diciembre<\/em><\/a> y <em><a href=\"https:\/\/ver.movistarplus.es\/ficha\/beef\/?id=1848553&amp;mediaType=FOTOV&amp;profile=anonimo&amp;mode=VODRU7D&amp;version=7.1&amp;tlsStream=true&amp;mdrm=true&amp;network=yomvi\" target=\"_blank\" rel=\"noreferrer noopener\">Beef<\/a><\/em>; y todos los cortos nominados en la categor\u00eda de animaci\u00f3n:<em> <a rel=\"noreferrer noopener\" href=\"https:\/\/ver.movistarplus.es\/ficha?id=1608118&amp;referrer=WEB&amp;_ga=2.22361919.563372673.1615287039-788533909.1611136333\" target=\"_blank\">Homeless Home<\/a><\/em>, <em><a rel=\"noreferrer noopener\" href=\"https:\/\/ver.movistarplus.es\/ficha\/metamorfosis\/?id=1608171&amp;mediaType=FOTOV&amp;profile=anonimo&amp;mode=VODRU7D&amp;version=7.1&amp;tlsStream=true&amp;mdrm=true&amp;network=yomvi\" target=\"_blank\">Metamorfosis <\/a><\/em>y <a rel=\"noreferrer noopener\" href=\"https:\/\/ver.movistarplus.es\/ficha\/vuela\/?id=1855091&amp;mediaType=FOTOV&amp;profile=anonimo&amp;mode=VODRU7D&amp;version=7.1&amp;tlsStream=true&amp;mdrm=true&amp;network=yomvi\" target=\"_blank\">Vuela<\/a>.<\/p>\n\n\n\n<p>Adem\u00e1s, si te gusta el cine europeo puedes encontrar en el cat\u00e1logo a la nominada: <em><a rel=\"noreferrer noopener\" href=\"https:\/\/ver.movistarplus.es\/ficha?id=1679268&amp;referrer=WEB&amp;_ga=2.81007251.563372673.1615287039-788533909.1611136333\" target=\"_blank\">El oficial y el esp\u00eda<\/a><\/em>. Mientras que, el resto de nominadas en esta categor\u00eda, <em><strong>Falling <\/strong><\/em>y <em><strong>Corpus Christi<\/strong><\/em>, y la ganadora, <em><strong>El padre<\/strong><\/em>, estar\u00e1n pr\u00f3ximamente disponibles en Movistar+.<\/p>\n\n\n\n<p>En la zona de Alquiler de Movistar+ puedes encontrar otras dos pel\u00edculas nominadas:<em> <a rel=\"noreferrer noopener\" href=\"https:\/\/ver.movistarplus.es\/ficha?id=1629233&amp;referrer=WEB&amp;_ga=2.52246317.563372673.1615287039-788533909.1611136333\" target=\"_blank\">Uno para todos<\/a><\/em> y <em><a rel=\"noreferrer noopener\" href=\"https:\/\/ver.movistarplus.es\/ficha\/un-mundo-normal\/?id=1514858&amp;mediaType=FOTOV&amp;profile=anonimo&amp;mode=VODRU7D&amp;version=7.1&amp;tlsStream=true&amp;mdrm=true&amp;network=yomvi\" target=\"_blank\">Un mundo normal<\/a><\/em>. Toda esta selecci\u00f3n se complementa con <em><a href=\"https:\/\/www.netflix.com\/title\/80999751\" target=\"_blank\" rel=\"noreferrer noopener\">Black Beach <\/a><\/em>y <em><a href=\"https:\/\/www.netflix.com\/title\/81038599\" target=\"_blank\" rel=\"noreferrer noopener\">Or\u00edgenes secretos <\/a><\/em>que puedes disfrutar en Movistar+ a trav\u00e9s de Netflix.<\/p>\n\n\n\n<h2 class=\"wp-block-heading\" class=\"wp-block-heading\" id=\"descubre-todo-el-contenido-de-movistar\">Descubre todo el contenido de Movistar+<\/h2>\n\n\n\n<p>El&nbsp;cat\u00e1logo de cine de Movistar+&nbsp;es muy amplio. Para que te resulte m\u00e1s c\u00f3modo encontrar el t\u00edtulo que buscas hay varias categor\u00edas: Acci\u00f3n, Superpel\u00edculas, Estrenos, Reci\u00e9n salidas de las salas de cine, Recomendadas para ti (seg\u00fan tu hist\u00f3rico y preferencias), etc. Actualmente, las pel\u00edculas con 4K no est\u00e1n en una misma categor\u00eda en el men\u00fa de cine de Movistar+, aunque&nbsp;<strong>si escribes la palabra \u201cUHD\u201d en el buscador te aparecer\u00e1n todas<\/strong>.<\/p>\n\n\n\n<p>As\u00ed, encontramos t\u00edtulos tan conocidos como la ganadora de la mejor interpretaci\u00f3n (Joaqu\u00edn Phoenix) en los \u00faltimos Premios Oscar,&nbsp;<em><strong>Joker<\/strong><\/em>&nbsp;(2019), la gran revelaci\u00f3n coreana de estos galardones,&nbsp;<strong><em>Par\u00e1sitos&nbsp;<\/em><\/strong>(2019), y la \u00faltima cinta de&nbsp;<a rel=\"noreferrer noopener\" href=\"https:\/\/blogthinkbig.com\/tarantino-peliculas-movistar\" target=\"_blank\">Tarantino<\/a>,&nbsp;hasta ahora,&nbsp;<em><strong>\u00c9rase una vez en Hollywood<\/strong><\/em>&nbsp;(2019). Una buena sesi\u00f3n de las m\u00e1s grandes y alabadas por la cr\u00edtica internacional.<\/p>\n\n\n\n<h2 class=\"wp-block-heading\" class=\"wp-block-heading\" id=\"consulta-la-programacion-de-movistar-a-traves-de-la-voz\">Consulta la programaci\u00f3n de Movistar+ a trav\u00e9s de la voz<\/h2>\n\n\n\n<p>\u00bfTienes en casa el <a rel=\"noreferrer noopener\" href=\"https:\/\/blogthinkbig.com\/descubre-como-sacar-el-maximo-partido-de-movistar-con-el-nuevo-mando-vocal\" target=\"_blank\">Mando Vocal de Movistar+<\/a> o el dispositivo <a rel=\"noreferrer noopener\" href=\"https:\/\/blogthinkbig.com\/movistar-home\" target=\"_blank\">Movistar Home<\/a>? En ese caso, gracias a la integraci\u00f3n de<a rel=\"noreferrer noopener\" href=\"https:\/\/www.movistar.es\/particulares\/Aura\/\" target=\"_blank\"> Aura, el asistente virtual de Movistar<\/a>, puedes pedir con la voz recomendaciones sobre t\u00edtulos, directores, g\u00e9neros o actores.<\/p>\n\n\n\n<ul class=\"wp-block-list\"><li>Con Movistar Home: Tan solo tienes que decir el comando de voz \u00abOk Aura\u00bb y lo que quieras saber. Por ejemplo: \u201c<em><strong>OK Aura, busca pel\u00edculas de Woody Allen<\/strong><\/em>\u201d, \u201c<strong><em>OK Aura, recomi\u00e9ndame algo<\/em><\/strong>\u201d o por ejemplo, \u201c<strong><em>OK Aura, b\u00fascame los \u00faltimos estrenos<\/em><\/strong>\u201d. <br><\/li><li>Con el Mando Vocal de Movistar+: Pulsa el bot\u00f3n \u00abAura\u00bb y di directamente lo que busques: \u201c<em><strong>Quiero ver la pel\u00edcula Mientras dure la guerra<\/strong><\/em>\u201d (si buscar por t\u00edtulo), \u201c<em><strong>Quiero ver los \u00faltimos estrenos de cine<\/strong><\/em>\u201d (si buscas por novedad), o \u201c<strong><em>Busca pel\u00edculas de drama de Alejandro Amen\u00e1bar<\/em><\/strong>\u201d (si quieres buscar por g\u00e9nero y director). <a rel=\"noreferrer noopener\" href=\"https:\/\/blogthinkbig.com\/version-original-mando-vocal-movistar\" target=\"_blank\">En este enlace<\/a> puedes encontrar algunos consejos para sacarle el m\u00e1ximo partido a tu mando vocal.<\/li><\/ul>\n\n\n\n<p>Imagen de cabecera de <a href=\"https:\/\/www.movistarplus.es\/ficha\/las-ninas?tipo=E&amp;id=1540673\" target=\"_blank\" rel=\"noreferrer noopener\">Movistar+<\/a><\/p>\n","protected":false},"excerpt":{"rendered":"<p>La noche de los Goya es una de las m\u00e1s esperadas para el cine espa\u00f1ol, donde los mejores actores y actrices de nuestro pa\u00eds se re\u00fanen para celebrar la cultura. La entrega de los 35\u00ba [&hellip;]<\/p>\n","protected":false},"author":112,"featured_media":300,"comment_status":"closed","ping_status":"closed","sticky":false,"template":"","format":"standard","meta":{"site-sidebar-layout":"default","site-content-layout":"","ast-site-content-layout":"","site-content-style":"default","site-sidebar-style":"default","ast-global-header-display":"","ast-banner-title-visibility":"","ast-main-header-display":"","ast-hfb-above-header-display":"","ast-hfb-below-header-display":"","ast-hfb-mobile-header-display":"","site-post-title":"","ast-breadcrumbs-content":"","ast-featured-img":"","footer-sml-layout":"","theme-transparent-header-meta":"","adv-header-id-meta":"","stick-header-meta":"","header-above-stick-meta":"","header-main-stick-meta":"","header-below-stick-meta":"","astra-migrate-meta-layouts":"default","ast-page-background-enabled":"default","ast-page-background-meta":{"desktop":{"background-color":"var(--ast-global-color-4)","background-image":"","background-repeat":"repeat","background-position":"center center","background-size":"auto","background-attachment":"scroll","background-type":"","background-media":"","overlay-type":"","overlay-color":"","overlay-opacity":"","overlay-gradient":""},"tablet":{"background-color":"","background-image":"","background-repeat":"repeat","background-position":"center center","background-size":"auto","background-attachment":"scroll","background-type":"","background-media":"","overlay-type":"","overlay-color":"","overlay-opacity":"","overlay-gradient":""},"mobile":{"background-color":"","background-image":"","background-repeat":"repeat","background-position":"center center","background-size":"auto","background-attachment":"scroll","background-type":"","background-media":"","overlay-type":"","overlay-color":"","overlay-opacity":"","overlay-gradient":""}},"ast-content-background-meta":{"desktop":{"background-color":"var(--ast-global-color-5)","background-image":"","background-repeat":"repeat","background-position":"center center","background-size":"auto","background-attachment":"scroll","background-type":"","background-media":"","overlay-type":"","overlay-color":"","overlay-opacity":"","overlay-gradient":""},"tablet":{"background-color":"var(--ast-global-color-5)","background-image":"","background-repeat":"repeat","background-position":"center center","background-size":"auto","background-attachment":"scroll","background-type":"","background-media":"","overlay-type":"","overlay-color":"","overlay-opacity":"","overlay-gradient":""},"mobile":{"background-color":"var(--ast-global-color-5)","background-image":"","background-repeat":"repeat","background-position":"center center","background-size":"auto","background-attachment":"scroll","background-type":"","background-media":"","overlay-type":"","overlay-color":"","overlay-opacity":"","overlay-gradient":""}},"_jetpack_memberships_contains_paid_content":false,"footnotes":""},"categories":[1],"tags":[130,32,12],"area":[7],"cluster":[45],"linea_editorial":[9],"coauthors":[491],"class_list":["post-2646","post","type-post","status-publish","format-standard","has-post-thumbnail","hentry","category-sin-categoria","tag-app-movistar","tag-destacado","tag-movistar","area-digital-client","cluster-movistar-plus","linea_editorial-movistar"],"yoast_head":"<!-- This site is optimized with the Yoast SEO Premium plugin v25.5 (Yoast SEO v25.5) - https:\/\/yoast.com\/wordpress\/plugins\/seo\/ -->\n<title>Disfruta de las pel\u00edculas galardonadas en los Goya 2023 en Movistar Plus+<\/title>\n<meta name=\"description\" content=\"En este post te contamos cu\u00e1les son las pel\u00edculas galardonadas en los Goya de este a\u00f1o que puedes disfrutar en Movistar Plus+.\" \/>\n<meta name=\"robots\" content=\"index, follow, max-snippet:-1, max-image-preview:large, max-video-preview:-1\" \/>\n<link rel=\"canonical\" href=\"https:\/\/www.movistar.es\/blog\/movistar-plus\/goya-2021-movistar\/\" \/>\n<meta property=\"og:locale\" content=\"es_ES\" \/>\n<meta property=\"og:type\" content=\"article\" \/>\n<meta property=\"og:title\" content=\"Disfruta de las pel\u00edculas galardonadas en los Goya 2021 en Movistar+\" \/>\n<meta property=\"og:description\" content=\"En este post te contamos cu\u00e1les son las pel\u00edculas galardonadas en los Goya de este a\u00f1o que puedes disfrutar en Movistar Plus+.\" \/>\n<meta property=\"og:url\" content=\"https:\/\/www.movistar.es\/blog\/movistar-plus\/goya-2021-movistar\/\" \/>\n<meta property=\"og:site_name\" content=\"Movistar blog\" \/>\n<meta property=\"article:published_time\" content=\"2021-03-11T10:52:10+00:00\" \/>\n<meta property=\"article:modified_time\" content=\"2023-03-17T11:08:05+00:00\" \/>\n<meta property=\"og:image\" content=\"https:\/\/www.movistar.es\/blog\/wp-content\/uploads\/sites\/3\/2022\/04\/F3877184.jpg\" \/>\n\t<meta property=\"og:image:width\" content=\"889\" \/>\n\t<meta property=\"og:image:height\" content=\"500\" \/>\n\t<meta property=\"og:image:type\" content=\"image\/jpeg\" \/>\n<meta name=\"author\" content=\"Redacci\u00f3n Movistar Plus+\" \/>\n<meta name=\"twitter:card\" content=\"summary_large_image\" \/>\n<meta name=\"twitter:creator\" content=\"@MovistarFutbol\" \/>\n<meta name=\"twitter:label1\" content=\"Written by\" \/>\n\t<meta name=\"twitter:data1\" content=\"Redacci\u00f3n Movistar Plus+\" \/>\n\t<meta name=\"twitter:label2\" content=\"Est. reading time\" \/>\n\t<meta name=\"twitter:data2\" content=\"8 minutos\" \/>\n<script type=\"application\/ld+json\" class=\"yoast-schema-graph\">{\"@context\":\"https:\/\/schema.org\",\"@graph\":[{\"@type\":\"Article\",\"@id\":\"https:\/\/www.movistar.es\/blog\/movistar-plus\/goya-2021-movistar\/#article\",\"isPartOf\":{\"@id\":\"https:\/\/www.movistar.es\/blog\/movistar-plus\/goya-2021-movistar\/\"},\"author\":{\"name\":\"Redacci\u00f3n Movistar Plus+\",\"@id\":\"https:\/\/www.movistar.es\/blog\/#\/schema\/person\/189877e959457e9014d2a5e8d6fe946d\"},\"headline\":\"Disfruta de las pel\u00edculas galardonadas en los Goya 2021 en Movistar+\",\"datePublished\":\"2021-03-11T10:52:10+00:00\",\"dateModified\":\"2023-03-17T11:08:05+00:00\",\"mainEntityOfPage\":{\"@id\":\"https:\/\/www.movistar.es\/blog\/movistar-plus\/goya-2021-movistar\/\"},\"wordCount\":1940,\"publisher\":{\"@id\":\"https:\/\/www.movistar.es\/blog\/#organization\"},\"image\":{\"@id\":\"https:\/\/www.movistar.es\/blog\/movistar-plus\/goya-2021-movistar\/#primaryimage\"},\"thumbnailUrl\":\"https:\/\/www.movistar.es\/blog\/wp-content\/uploads\/sites\/3\/2022\/04\/F3877184.jpg\",\"keywords\":[\"App Movistar+\",\"destacado\",\"Movistar\"],\"inLanguage\":\"es\"},{\"@type\":\"WebPage\",\"@id\":\"https:\/\/www.movistar.es\/blog\/movistar-plus\/goya-2021-movistar\/\",\"url\":\"https:\/\/www.movistar.es\/blog\/movistar-plus\/goya-2021-movistar\/\",\"name\":\"Disfruta de las pel\u00edculas galardonadas en los Goya 2023 en Movistar Plus+\",\"isPartOf\":{\"@id\":\"https:\/\/www.movistar.es\/blog\/#website\"},\"primaryImageOfPage\":{\"@id\":\"https:\/\/www.movistar.es\/blog\/movistar-plus\/goya-2021-movistar\/#primaryimage\"},\"image\":{\"@id\":\"https:\/\/www.movistar.es\/blog\/movistar-plus\/goya-2021-movistar\/#primaryimage\"},\"thumbnailUrl\":\"https:\/\/www.movistar.es\/blog\/wp-content\/uploads\/sites\/3\/2022\/04\/F3877184.jpg\",\"datePublished\":\"2021-03-11T10:52:10+00:00\",\"dateModified\":\"2023-03-17T11:08:05+00:00\",\"description\":\"En este post te contamos cu\u00e1les son las pel\u00edculas galardonadas en los Goya de este a\u00f1o que puedes disfrutar en Movistar Plus+.\",\"breadcrumb\":{\"@id\":\"https:\/\/www.movistar.es\/blog\/movistar-plus\/goya-2021-movistar\/#breadcrumb\"},\"inLanguage\":\"es\",\"potentialAction\":[{\"@type\":\"ReadAction\",\"target\":[\"https:\/\/www.movistar.es\/blog\/movistar-plus\/goya-2021-movistar\/\"]}]},{\"@type\":\"ImageObject\",\"inLanguage\":\"es\",\"@id\":\"https:\/\/www.movistar.es\/blog\/movistar-plus\/goya-2021-movistar\/#primaryimage\",\"url\":\"https:\/\/www.movistar.es\/blog\/wp-content\/uploads\/sites\/3\/2022\/04\/F3877184.jpg\",\"contentUrl\":\"https:\/\/www.movistar.es\/blog\/wp-content\/uploads\/sites\/3\/2022\/04\/F3877184.jpg\",\"width\":889,\"height\":500},{\"@type\":\"BreadcrumbList\",\"@id\":\"https:\/\/www.movistar.es\/blog\/movistar-plus\/goya-2021-movistar\/#breadcrumb\",\"itemListElement\":[{\"@type\":\"ListItem\",\"position\":1,\"name\":\"Home\",\"item\":\"https:\/\/www.movistar.es\/blog\/\"},{\"@type\":\"ListItem\",\"position\":2,\"name\":\"Disfruta de las pel\u00edculas galardonadas en los Goya 2021 en Movistar+\"}]},{\"@type\":\"WebSite\",\"@id\":\"https:\/\/www.movistar.es\/blog\/#website\",\"url\":\"https:\/\/www.movistar.es\/blog\/\",\"name\":\"Movistar blog\",\"description\":\"Movistar Blog. Informaci\u00f3n y m\u00e1s sobre los productos y servicios de Movistar\",\"publisher\":{\"@id\":\"https:\/\/www.movistar.es\/blog\/#organization\"},\"potentialAction\":[{\"@type\":\"SearchAction\",\"target\":{\"@type\":\"EntryPoint\",\"urlTemplate\":\"https:\/\/www.movistar.es\/blog\/?s={search_term_string}\"},\"query-input\":{\"@type\":\"PropertyValueSpecification\",\"valueRequired\":true,\"valueName\":\"search_term_string\"}}],\"inLanguage\":\"es\"},{\"@type\":\"Organization\",\"@id\":\"https:\/\/www.movistar.es\/blog\/#organization\",\"name\":\"Movistar blog\",\"url\":\"https:\/\/www.movistar.es\/blog\/\",\"logo\":{\"@type\":\"ImageObject\",\"inLanguage\":\"es\",\"@id\":\"https:\/\/www.movistar.es\/blog\/#\/schema\/logo\/image\/\",\"url\":\"https:\/\/www.movistar.es\/blog\/wp-content\/uploads\/sites\/3\/2022\/05\/logo_movistar-1.svg\",\"contentUrl\":\"https:\/\/www.movistar.es\/blog\/wp-content\/uploads\/sites\/3\/2022\/05\/logo_movistar-1.svg\",\"width\":369,\"height\":272,\"caption\":\"Movistar blog\"},\"image\":{\"@id\":\"https:\/\/www.movistar.es\/blog\/#\/schema\/logo\/image\/\"}},{\"@type\":\"Person\",\"@id\":\"https:\/\/www.movistar.es\/blog\/#\/schema\/person\/189877e959457e9014d2a5e8d6fe946d\",\"name\":\"Redacci\u00f3n Movistar Plus+\",\"image\":{\"@type\":\"ImageObject\",\"inLanguage\":\"es\",\"@id\":\"https:\/\/www.movistar.es\/blog\/#\/schema\/person\/image\/e4401217082664b40a1186f7e73afac7\",\"url\":\"https:\/\/secure.gravatar.com\/avatar\/c957f8b2227dcae6bb012530cf347456865c8d81dd6724c0fb6723a2c0a9f9e2\",\"contentUrl\":\"https:\/\/secure.gravatar.com\/avatar\/c957f8b2227dcae6bb012530cf347456865c8d81dd6724c0fb6723a2c0a9f9e2\",\"caption\":\"Redacci\u00f3n Movistar Plus+\"},\"description\":\"Te ayudamos a sacar el m\u00e1ximo partido a la televisi\u00f3n de Movistar Plus+. Para que disfrutes de las mejores pel\u00edculas, deportes, series y la toda la programaci\u00f3n, con una experiencia inigualable gracias a Movistar.\",\"sameAs\":[\"https:\/\/ver.movistarplus.es\/\",\"https:\/\/www.instagram.com\/movistarplus\/?hl=es\",\"https:\/\/www.linkedin.com\/company\/movistarplus\/?originalSubdomain=es\",\"https:\/\/x.com\/MovistarFutbol\"],\"knowsAbout\":[\"series\",\"cine\",\"deportes\",\"televisi\u00f3n\"],\"url\":\"https:\/\/www.movistar.es\/blog\/author\/movistarplus\/\"}]}<\/script>\n<!-- \/ Yoast SEO Premium plugin. -->","yoast_head_json":{"title":"Disfruta de las pel\u00edculas galardonadas en los Goya 2023 en Movistar Plus+","description":"En este post te contamos cu\u00e1les son las pel\u00edculas galardonadas en los Goya de este a\u00f1o que puedes disfrutar en Movistar Plus+.","robots":{"index":"index","follow":"follow","max-snippet":"max-snippet:-1","max-image-preview":"max-image-preview:large","max-video-preview":"max-video-preview:-1"},"canonical":"https:\/\/www.movistar.es\/blog\/movistar-plus\/goya-2021-movistar\/","og_locale":"es_ES","og_type":"article","og_title":"Disfruta de las pel\u00edculas galardonadas en los Goya 2021 en Movistar+","og_description":"En este post te contamos cu\u00e1les son las pel\u00edculas galardonadas en los Goya de este a\u00f1o que puedes disfrutar en Movistar Plus+.","og_url":"https:\/\/www.movistar.es\/blog\/movistar-plus\/goya-2021-movistar\/","og_site_name":"Movistar blog","article_published_time":"2021-03-11T10:52:10+00:00","article_modified_time":"2023-03-17T11:08:05+00:00","og_image":[{"width":889,"height":500,"url":"https:\/\/www.movistar.es\/blog\/wp-content\/uploads\/sites\/3\/2022\/04\/F3877184.jpg","type":"image\/jpeg"}],"author":"Redacci\u00f3n Movistar Plus+","twitter_card":"summary_large_image","twitter_creator":"@MovistarFutbol","twitter_misc":{"Written by":"Redacci\u00f3n Movistar Plus+","Est. reading time":"8 minutos"},"schema":{"@context":"https:\/\/schema.org","@graph":[{"@type":"Article","@id":"https:\/\/www.movistar.es\/blog\/movistar-plus\/goya-2021-movistar\/#article","isPartOf":{"@id":"https:\/\/www.movistar.es\/blog\/movistar-plus\/goya-2021-movistar\/"},"author":{"name":"Redacci\u00f3n Movistar Plus+","@id":"https:\/\/www.movistar.es\/blog\/#\/schema\/person\/189877e959457e9014d2a5e8d6fe946d"},"headline":"Disfruta de las pel\u00edculas galardonadas en los Goya 2021 en Movistar+","datePublished":"2021-03-11T10:52:10+00:00","dateModified":"2023-03-17T11:08:05+00:00","mainEntityOfPage":{"@id":"https:\/\/www.movistar.es\/blog\/movistar-plus\/goya-2021-movistar\/"},"wordCount":1940,"publisher":{"@id":"https:\/\/www.movistar.es\/blog\/#organization"},"image":{"@id":"https:\/\/www.movistar.es\/blog\/movistar-plus\/goya-2021-movistar\/#primaryimage"},"thumbnailUrl":"https:\/\/www.movistar.es\/blog\/wp-content\/uploads\/sites\/3\/2022\/04\/F3877184.jpg","keywords":["App Movistar+","destacado","Movistar"],"inLanguage":"es"},{"@type":"WebPage","@id":"https:\/\/www.movistar.es\/blog\/movistar-plus\/goya-2021-movistar\/","url":"https:\/\/www.movistar.es\/blog\/movistar-plus\/goya-2021-movistar\/","name":"Disfruta de las pel\u00edculas galardonadas en los Goya 2023 en Movistar Plus+","isPartOf":{"@id":"https:\/\/www.movistar.es\/blog\/#website"},"primaryImageOfPage":{"@id":"https:\/\/www.movistar.es\/blog\/movistar-plus\/goya-2021-movistar\/#primaryimage"},"image":{"@id":"https:\/\/www.movistar.es\/blog\/movistar-plus\/goya-2021-movistar\/#primaryimage"},"thumbnailUrl":"https:\/\/www.movistar.es\/blog\/wp-content\/uploads\/sites\/3\/2022\/04\/F3877184.jpg","datePublished":"2021-03-11T10:52:10+00:00","dateModified":"2023-03-17T11:08:05+00:00","description":"En este post te contamos cu\u00e1les son las pel\u00edculas galardonadas en los Goya de este a\u00f1o que puedes disfrutar en Movistar Plus+.","breadcrumb":{"@id":"https:\/\/www.movistar.es\/blog\/movistar-plus\/goya-2021-movistar\/#breadcrumb"},"inLanguage":"es","potentialAction":[{"@type":"ReadAction","target":["https:\/\/www.movistar.es\/blog\/movistar-plus\/goya-2021-movistar\/"]}]},{"@type":"ImageObject","inLanguage":"es","@id":"https:\/\/www.movistar.es\/blog\/movistar-plus\/goya-2021-movistar\/#primaryimage","url":"https:\/\/www.movistar.es\/blog\/wp-content\/uploads\/sites\/3\/2022\/04\/F3877184.jpg","contentUrl":"https:\/\/www.movistar.es\/blog\/wp-content\/uploads\/sites\/3\/2022\/04\/F3877184.jpg","width":889,"height":500},{"@type":"BreadcrumbList","@id":"https:\/\/www.movistar.es\/blog\/movistar-plus\/goya-2021-movistar\/#breadcrumb","itemListElement":[{"@type":"ListItem","position":1,"name":"Home","item":"https:\/\/www.movistar.es\/blog\/"},{"@type":"ListItem","position":2,"name":"Disfruta de las pel\u00edculas galardonadas en los Goya 2021 en Movistar+"}]},{"@type":"WebSite","@id":"https:\/\/www.movistar.es\/blog\/#website","url":"https:\/\/www.movistar.es\/blog\/","name":"Movistar blog","description":"Movistar Blog. Informaci\u00f3n y m\u00e1s sobre los productos y servicios de Movistar","publisher":{"@id":"https:\/\/www.movistar.es\/blog\/#organization"},"potentialAction":[{"@type":"SearchAction","target":{"@type":"EntryPoint","urlTemplate":"https:\/\/www.movistar.es\/blog\/?s={search_term_string}"},"query-input":{"@type":"PropertyValueSpecification","valueRequired":true,"valueName":"search_term_string"}}],"inLanguage":"es"},{"@type":"Organization","@id":"https:\/\/www.movistar.es\/blog\/#organization","name":"Movistar blog","url":"https:\/\/www.movistar.es\/blog\/","logo":{"@type":"ImageObject","inLanguage":"es","@id":"https:\/\/www.movistar.es\/blog\/#\/schema\/logo\/image\/","url":"https:\/\/www.movistar.es\/blog\/wp-content\/uploads\/sites\/3\/2022\/05\/logo_movistar-1.svg","contentUrl":"https:\/\/www.movistar.es\/blog\/wp-content\/uploads\/sites\/3\/2022\/05\/logo_movistar-1.svg","width":369,"height":272,"caption":"Movistar blog"},"image":{"@id":"https:\/\/www.movistar.es\/blog\/#\/schema\/logo\/image\/"}},{"@type":"Person","@id":"https:\/\/www.movistar.es\/blog\/#\/schema\/person\/189877e959457e9014d2a5e8d6fe946d","name":"Redacci\u00f3n Movistar Plus+","image":{"@type":"ImageObject","inLanguage":"es","@id":"https:\/\/www.movistar.es\/blog\/#\/schema\/person\/image\/e4401217082664b40a1186f7e73afac7","url":"https:\/\/secure.gravatar.com\/avatar\/c957f8b2227dcae6bb012530cf347456865c8d81dd6724c0fb6723a2c0a9f9e2","contentUrl":"https:\/\/secure.gravatar.com\/avatar\/c957f8b2227dcae6bb012530cf347456865c8d81dd6724c0fb6723a2c0a9f9e2","caption":"Redacci\u00f3n Movistar Plus+"},"description":"Te ayudamos a sacar el m\u00e1ximo partido a la televisi\u00f3n de Movistar Plus+. Para que disfrutes de las mejores pel\u00edculas, deportes, series y la toda la programaci\u00f3n, con una experiencia inigualable gracias a Movistar.","sameAs":["https:\/\/ver.movistarplus.es\/","https:\/\/www.instagram.com\/movistarplus\/?hl=es","https:\/\/www.linkedin.com\/company\/movistarplus\/?originalSubdomain=es","https:\/\/x.com\/MovistarFutbol"],"knowsAbout":["series","cine","deportes","televisi\u00f3n"],"url":"https:\/\/www.movistar.es\/blog\/author\/movistarplus\/"}]}},"jetpack_featured_media_url":"https:\/\/www.movistar.es\/blog\/wp-content\/uploads\/sites\/3\/2022\/04\/F3877184.jpg","jetpack_sharing_enabled":true,"_links":{"self":[{"href":"https:\/\/www.movistar.es\/blog\/wp-json\/wp\/v2\/posts\/2646","targetHints":{"allow":["GET"]}}],"collection":[{"href":"https:\/\/www.movistar.es\/blog\/wp-json\/wp\/v2\/posts"}],"about":[{"href":"https:\/\/www.movistar.es\/blog\/wp-json\/wp\/v2\/types\/post"}],"author":[{"embeddable":true,"href":"https:\/\/www.movistar.es\/blog\/wp-json\/wp\/v2\/users\/112"}],"replies":[{"embeddable":true,"href":"https:\/\/www.movistar.es\/blog\/wp-json\/wp\/v2\/comments?post=2646"}],"version-history":[{"count":1,"href":"https:\/\/www.movistar.es\/blog\/wp-json\/wp\/v2\/posts\/2646\/revisions"}],"predecessor-version":[{"id":3020,"href":"https:\/\/www.movistar.es\/blog\/wp-json\/wp\/v2\/posts\/2646\/revisions\/3020"}],"wp:featuredmedia":[{"embeddable":true,"href":"https:\/\/www.movistar.es\/blog\/wp-json\/wp\/v2\/media\/300"}],"wp:attachment":[{"href":"https:\/\/www.movistar.es\/blog\/wp-json\/wp\/v2\/media?parent=2646"}],"wp:term":[{"taxonomy":"category","embeddable":true,"href":"https:\/\/www.movistar.es\/blog\/wp-json\/wp\/v2\/categories?post=2646"},{"taxonomy":"post_tag","embeddable":true,"href":"https:\/\/www.movistar.es\/blog\/wp-json\/wp\/v2\/tags?post=2646"},{"taxonomy":"area","embeddable":true,"href":"https:\/\/www.movistar.es\/blog\/wp-json\/wp\/v2\/area?post=2646"},{"taxonomy":"cluster","embeddable":true,"href":"https:\/\/www.movistar.es\/blog\/wp-json\/wp\/v2\/cluster?post=2646"},{"taxonomy":"linea_editorial","embeddable":true,"href":"https:\/\/www.movistar.es\/blog\/wp-json\/wp\/v2\/linea_editorial?post=2646"},{"taxonomy":"author","embeddable":true,"href":"https:\/\/www.movistar.es\/blog\/wp-json\/wp\/v2\/coauthors?post=2646"}],"curies":[{"name":"wp","href":"https:\/\/api.w.org\/{rel}","templated":true}]}}