{"id":26238,"date":"2024-05-27T08:55:37","date_gmt":"2024-05-27T06:55:37","guid":{"rendered":"https:\/\/www.movistar.es\/blog\/?p=26238"},"modified":"2024-06-19T08:19:32","modified_gmt":"2024-06-19T06:19:32","slug":"reto-maternidad-paternidad","status":"publish","type":"post","link":"https:\/\/www.movistar.es\/blog\/sostenibilidad\/reto-maternidad-paternidad\/","title":{"rendered":"El reto de la maternidad y paternidad 2.0: desconectar para reconectar"},"content":{"rendered":"\n<p>\u00bfRecuerdas c\u00f3mo te sentiste al mirar a los ojos de tu beb\u00e9 o escuchar su voz por primera vez? \u00a1Es algo m\u00e1gico, est\u00e1is conectados! \u00bfPero te has preguntado c\u00f3mo nos perciben cuando estamos demasiado atareados y distra\u00eddos como para pasar tiempo de calidad con ellos? \u00bfQuieres saber c\u00f3mo les impacta esa desconexi\u00f3n y qu\u00e9 puedes hacer para fortalecer vuestra relaci\u00f3n? \u00a1Sigue leyendo!<\/p>\n\n\n\n<p>En este mundo 2.0 <strong>la mayor\u00eda de las personas llevamos una vida sobrecargada<\/strong>. Miramos de manera constante el tel\u00e9fono (m\u00e1s de 100 veces al d\u00eda) y, si levantamos la vista o salimos a la calle, es para encontrarnos rodeados con anuncios en vallas publicitarias, autobuses y edificios. La <strong>vida moderna se encuentra repleta de est\u00edmulos que luchan por nuestra atenci\u00f3n<\/strong>.&nbsp;<\/p>\n\n\n\n<figure class=\"wp-block-image size-large\"><img loading=\"lazy\" decoding=\"async\" height=\"431\" width=\"1024\" src=\"https:\/\/www.movistar.es\/blog\/wp-content\/uploads\/sites\/3\/2024\/05\/Mujer-movil.jpg?w=1024\" alt=\"\" class=\"wp-image-26241\" srcset=\"https:\/\/www.movistar.es\/blog\/wp-content\/uploads\/sites\/3\/2024\/05\/Mujer-movil.jpg 2400w, https:\/\/www.movistar.es\/blog\/wp-content\/uploads\/sites\/3\/2024\/05\/Mujer-movil.jpg?resize=300,126 300w, https:\/\/www.movistar.es\/blog\/wp-content\/uploads\/sites\/3\/2024\/05\/Mujer-movil.jpg?resize=768,323 768w, https:\/\/www.movistar.es\/blog\/wp-content\/uploads\/sites\/3\/2024\/05\/Mujer-movil.jpg?resize=1024,431 1024w, https:\/\/www.movistar.es\/blog\/wp-content\/uploads\/sites\/3\/2024\/05\/Mujer-movil.jpg?resize=1536,646 1536w, https:\/\/www.movistar.es\/blog\/wp-content\/uploads\/sites\/3\/2024\/05\/Mujer-movil.jpg?resize=2048,862 2048w\" sizes=\"auto, (max-width: 1024px) 100vw, 1024px\" \/><\/figure>\n\n\n\n<p>Si como adultos ya nos cuesta hacer frente a esta distracci\u00f3n digital, <strong>para los ni\u00f1os la historia es a\u00fan peor<\/strong>. Les cuesta manejar el estr\u00e9s causado por esta cascada de est\u00edmulos, hasta el punto de que puede <a href=\"https:\/\/www.movistar.es\/blog\/salud\/salud-mental-hijos\/\" target=\"_blank\" rel=\"noreferrer noopener\">alterar su forma de comportarse<\/a>. Es lo que se denomina <strong>\u00abreacci\u00f3n al estr\u00e9s acumulativo\u00bb.<\/strong><\/p>\n\n\n\n<p>Por supuesto, <strong>la vida de los ni\u00f1os no deber\u00eda estar completamente libre de estr\u00e9s<\/strong>. \u00a1Y menos mal!, ya que no se puede evitar que lo experimenten: se caer\u00e1n de un \u00e1rbol o se pelear\u00e1n con alguna de sus amistades en alg\u00fan momento. Pero estas experiencias <strong>refuerzan su resiliencia, mejoran su comprensi\u00f3n del mundo y tambi\u00e9n les ense\u00f1an a comportarse<\/strong>.&nbsp;<\/p>\n\n\n\n<h2 class=\"wp-block-heading\" class=\"wp-block-heading\" id=\"nuestros-hijos-se-estresan-cuando-estamos-distraidos\"><strong>Nuestros hijos se estresan cuando estamos distra\u00eddos<\/strong><\/h2>\n\n\n\n<p>Y, por ello, <strong>nuestros hijos necesitan mucha atenci\u00f3n sensorial<\/strong>. Al fin y al cabo, as\u00ed es como se desarrollan, tanto emocional como intelectualmente. Patricia Kuhl, de la Universidad de Washington, descubri\u00f3 que los beb\u00e9s experimentan mucha angustia cuando ven una expresi\u00f3n sin emoci\u00f3n en la cara de sus padres. Antes, los beb\u00e9s interpretaban ese tipo de expresi\u00f3n como un signo de tristeza; hoy, resulta que es la misma cara que tiene una persona cuando est\u00e1 mirando la pantalla del m\u00f3vil o la televisi\u00f3n.<\/p>\n\n\n\n<p><strong>Los ni\u00f1os desarrollan la empat\u00eda al interactuar con otras personas<\/strong>. Y seg\u00fan el psiquiatra Dan Siegel, los ni\u00f1os no nacen con empat\u00eda, la cultivan a medida que maduran. Fomentan habilidades sociales y aprenden a entender las emociones de los dem\u00e1s mientras se pelean, juegan y hacen amigos.<\/p>\n\n\n\n<figure class=\"wp-block-image size-large\"><img loading=\"lazy\" decoding=\"async\" height=\"433\" width=\"1024\" src=\"https:\/\/www.movistar.es\/blog\/wp-content\/uploads\/sites\/3\/2024\/05\/bebe.jpg?w=1024\" alt=\"\" class=\"wp-image-26242\" srcset=\"https:\/\/www.movistar.es\/blog\/wp-content\/uploads\/sites\/3\/2024\/05\/bebe.jpg 2394w, https:\/\/www.movistar.es\/blog\/wp-content\/uploads\/sites\/3\/2024\/05\/bebe.jpg?resize=300,127 300w, https:\/\/www.movistar.es\/blog\/wp-content\/uploads\/sites\/3\/2024\/05\/bebe.jpg?resize=768,325 768w, https:\/\/www.movistar.es\/blog\/wp-content\/uploads\/sites\/3\/2024\/05\/bebe.jpg?resize=1024,433 1024w, https:\/\/www.movistar.es\/blog\/wp-content\/uploads\/sites\/3\/2024\/05\/bebe.jpg?resize=1536,649 1536w, https:\/\/www.movistar.es\/blog\/wp-content\/uploads\/sites\/3\/2024\/05\/bebe.jpg?resize=2048,866 2048w\" sizes=\"auto, (max-width: 1024px) 100vw, 1024px\" \/><\/figure>\n\n\n\n<p>Y eso sucede porque <strong>la interacci\u00f3n sensorial se basa en los actos reflejos<\/strong>: el proceso por el que los padres miran a su beb\u00e9 y le sonr\u00eden, permitiendo que el beb\u00e9 imite sus acciones y aprenda lo que quieren decir. Cuando los padres dedican tiempo de calidad con sus hijos, estimulan las \u00e1reas del cerebro del ni\u00f1o asociadas con <strong>el lenguaje y el pensamiento abstracto<\/strong>.<\/p>\n\n\n\n<p>\u00bfQuieres aprender una actividad para <strong>desconectar de la distracci\u00f3n digital y reconectar con tus hijos<\/strong>?&nbsp;<\/p>\n\n\n\n<h2 class=\"wp-block-heading\" id=\"h-recupera-su-atencion-con-un-gran-objetivo-comun\"><strong>Recupera su atenci\u00f3n con un gran objetivo com\u00fan<\/strong><\/h2>\n\n\n\n<p>Desbloquea un gran objetivo hacia el que avanzar pensando en c\u00f3mo se relaciona con tus intereses, puntos fuertes y habilidades.<\/p>\n\n\n\n<figure class=\"wp-block-image size-large\"><img loading=\"lazy\" decoding=\"async\" height=\"489\" width=\"1024\" src=\"https:\/\/www.movistar.es\/blog\/wp-content\/uploads\/sites\/3\/2024\/05\/familia-1.jpg?w=1024\" alt=\"\" class=\"wp-image-26243\" srcset=\"https:\/\/www.movistar.es\/blog\/wp-content\/uploads\/sites\/3\/2024\/05\/familia-1.jpg 2113w, https:\/\/www.movistar.es\/blog\/wp-content\/uploads\/sites\/3\/2024\/05\/familia-1.jpg?resize=300,143 300w, https:\/\/www.movistar.es\/blog\/wp-content\/uploads\/sites\/3\/2024\/05\/familia-1.jpg?resize=768,367 768w, https:\/\/www.movistar.es\/blog\/wp-content\/uploads\/sites\/3\/2024\/05\/familia-1.jpg?resize=1024,489 1024w, https:\/\/www.movistar.es\/blog\/wp-content\/uploads\/sites\/3\/2024\/05\/familia-1.jpg?resize=1536,733 1536w, https:\/\/www.movistar.es\/blog\/wp-content\/uploads\/sites\/3\/2024\/05\/familia-1.jpg?resize=2048,978 2048w\" sizes=\"auto, (max-width: 1024px) 100vw, 1024px\" \/><\/figure>\n\n\n\n<p>Con esta actividad descubrir\u00e1s tu poder y potencial en el lugar donde se unen tus intereses, puntos fuertes y habilidades. <strong>Es una forma de reconectar con tu familia de una manera emocionante y aut\u00e9ntica.<\/strong><\/p>\n\n\n\n<p>Instrucciones:<\/p>\n\n\n\n<ol class=\"wp-block-list\" type=\"1\"><li>\u00a1Coge l\u00e1piz y papel! Y reflexiona y responde por escrito a las siguientes preguntas, respondiendo al menos 5 cosas por pregunta:<\/li><\/ol>\n\n\n\n<p><strong>\u00bfQu\u00e9 te gusta hacer?<\/strong><br>Piensa en actividades y situaciones que al realizarlas te generan alegr\u00eda y felicidad.<\/p>\n\n\n\n<p><strong>\u00bfCu\u00e1les son tus puntos fuertes?<\/strong><br>Aquellos donde marcas la diferencia y tu familia te reconoce por hacerlo genial.<\/p>\n\n\n\n<p><strong>\u00bfCu\u00e1les son las necesidades y prioridades de tu familia?<\/strong><br>Considera todo aquello que de verdad le importa a tu familia.&nbsp;<\/p>\n\n\n\n<ol class=\"wp-block-list\" type=\"1\" start=\"2\"><li>Repasa tus respuestas a cada una de las tres preguntas y busca c\u00f3mo unir los puntos de cada secci\u00f3n para formar un objetivo.<\/li><\/ol>\n\n\n\n<p>Por ejemplo, si una de las cosas que escribiste que te encanta es \u00abSalir a pasear por la naturaleza\u00bb, uno de tus puntos fuertes es \u00abTrabajo en equipo\u00bb, y algo importante para tu familia es \u00abPasar tiempo juntos los <a href=\"https:\/\/www.telefonica.com\/es\/sala-comunicacion\/blog\/vacaciones-familia-y-tecnologia-sabemos-hacer-un-buen-coctel\/\" target=\"_blank\" rel=\"noreferrer noopener\">fines de semana<\/a>\u00bb, podr\u00edas definir un gran objetivo familiar como este: \u00abPreparar en familia una ruta en un entorno natural para ir durante el fin de semana y donde cada uno elija una actividad a realizar\u00bb.<\/p>\n\n\n\n<figure class=\"wp-block-image size-large\"><img loading=\"lazy\" decoding=\"async\" height=\"440\" width=\"1024\" src=\"https:\/\/www.movistar.es\/blog\/wp-content\/uploads\/sites\/3\/2024\/05\/familia-2.jpg?w=1024\" alt=\"\" class=\"wp-image-26244\" srcset=\"https:\/\/www.movistar.es\/blog\/wp-content\/uploads\/sites\/3\/2024\/05\/familia-2.jpg 2362w, https:\/\/www.movistar.es\/blog\/wp-content\/uploads\/sites\/3\/2024\/05\/familia-2.jpg?resize=300,129 300w, https:\/\/www.movistar.es\/blog\/wp-content\/uploads\/sites\/3\/2024\/05\/familia-2.jpg?resize=768,330 768w, https:\/\/www.movistar.es\/blog\/wp-content\/uploads\/sites\/3\/2024\/05\/familia-2.jpg?resize=1024,440 1024w, https:\/\/www.movistar.es\/blog\/wp-content\/uploads\/sites\/3\/2024\/05\/familia-2.jpg?resize=1536,661 1536w, https:\/\/www.movistar.es\/blog\/wp-content\/uploads\/sites\/3\/2024\/05\/familia-2.jpg?resize=2048,881 2048w\" sizes=\"auto, (max-width: 1024px) 100vw, 1024px\" \/><\/figure>\n\n\n\n<p>Ahora que comprendes el impacto que nuestra distracci\u00f3n digital provoca en nuestros hijos y c\u00f3mo puedes contrarrestarlo, es el momento de dar el primer paso. Recuerda, <strong>cada peque\u00f1o paso que tomes hacia este objetivo os acerca hacia una conexi\u00f3n m\u00e1s profunda<\/strong>.<\/p>\n\n\n\n<p>\u00a1As\u00ed que, adelante, empieza hoy y descubre lo que pod\u00e9is lograr juntos!<\/p>\n","protected":false},"excerpt":{"rendered":"<p>\u00bfRecuerdas c\u00f3mo te sentiste al mirar a los ojos de tu beb\u00e9 o escuchar su voz por primera vez? \u00a1Es algo m\u00e1gico, est\u00e1is conectados! \u00bfPero te has preguntado c\u00f3mo nos perciben cuando estamos demasiado atareados [&hellip;]<\/p>\n","protected":false},"author":228,"featured_media":26240,"comment_status":"closed","ping_status":"closed","sticky":false,"template":"","format":"standard","meta":{"site-sidebar-layout":"default","site-content-layout":"","ast-site-content-layout":"","site-content-style":"default","site-sidebar-style":"default","ast-global-header-display":"","ast-banner-title-visibility":"","ast-main-header-display":"","ast-hfb-above-header-display":"","ast-hfb-below-header-display":"","ast-hfb-mobile-header-display":"","site-post-title":"","ast-breadcrumbs-content":"","ast-featured-img":"","footer-sml-layout":"","theme-transparent-header-meta":"","adv-header-id-meta":"","stick-header-meta":"","header-above-stick-meta":"","header-main-stick-meta":"","header-below-stick-meta":"","astra-migrate-meta-layouts":"default","ast-page-background-enabled":"default","ast-page-background-meta":{"desktop":{"background-color":"var(--ast-global-color-4)","background-image":"","background-repeat":"repeat","background-position":"center center","background-size":"auto","background-attachment":"scroll","background-type":"","background-media":"","overlay-type":"","overlay-color":"","overlay-opacity":"","overlay-gradient":""},"tablet":{"background-color":"","background-image":"","background-repeat":"repeat","background-position":"center center","background-size":"auto","background-attachment":"scroll","background-type":"","background-media":"","overlay-type":"","overlay-color":"","overlay-opacity":"","overlay-gradient":""},"mobile":{"background-color":"","background-image":"","background-repeat":"repeat","background-position":"center center","background-size":"auto","background-attachment":"scroll","background-type":"","background-media":"","overlay-type":"","overlay-color":"","overlay-opacity":"","overlay-gradient":""}},"ast-content-background-meta":{"desktop":{"background-color":"var(--ast-global-color-5)","background-image":"","background-repeat":"repeat","background-position":"center center","background-size":"auto","background-attachment":"scroll","background-type":"","background-media":"","overlay-type":"","overlay-color":"","overlay-opacity":"","overlay-gradient":""},"tablet":{"background-color":"var(--ast-global-color-5)","background-image":"","background-repeat":"repeat","background-position":"center center","background-size":"auto","background-attachment":"scroll","background-type":"","background-media":"","overlay-type":"","overlay-color":"","overlay-opacity":"","overlay-gradient":""},"mobile":{"background-color":"var(--ast-global-color-5)","background-image":"","background-repeat":"repeat","background-position":"center center","background-size":"auto","background-attachment":"scroll","background-type":"","background-media":"","overlay-type":"","overlay-color":"","overlay-opacity":"","overlay-gradient":""}},"_jetpack_memberships_contains_paid_content":false,"footnotes":""},"categories":[1],"tags":[619],"area":[],"cluster":[562],"linea_editorial":[],"coauthors":[609],"class_list":["post-26238","post","type-post","status-publish","format-standard","has-post-thumbnail","hentry","category-sin-categoria","tag-movimiento-azul","cluster-sostenibilidad"],"yoast_head":"<!-- This site is optimized with the Yoast SEO Premium plugin v25.5 (Yoast SEO v25.5) - https:\/\/yoast.com\/wordpress\/plugins\/seo\/ -->\n<title>El reto de la maternidad y paternidad 2.0: desconectar para reconectar<\/title>\n<meta name=\"description\" content=\"La vida digital 2.0 nos mantiene ocupados y a veces olvidamos lo importante que es pasar tiempo de calidad con nuestros hijos.\" \/>\n<meta name=\"robots\" content=\"index, follow, max-snippet:-1, max-image-preview:large, max-video-preview:-1\" \/>\n<link rel=\"canonical\" href=\"https:\/\/www.movistar.es\/blog\/sostenibilidad\/reto-maternidad-paternidad\/\" \/>\n<meta property=\"og:locale\" content=\"es_ES\" \/>\n<meta property=\"og:type\" content=\"article\" \/>\n<meta property=\"og:title\" content=\"El reto de la maternidad y paternidad 2.0: desconectar para reconectar\" \/>\n<meta property=\"og:description\" content=\"La vida digital 2.0 nos mantiene ocupados y a veces olvidamos lo importante que es pasar tiempo de calidad con nuestros hijos.\" \/>\n<meta property=\"og:url\" content=\"https:\/\/www.movistar.es\/blog\/sostenibilidad\/reto-maternidad-paternidad\/\" \/>\n<meta property=\"og:site_name\" content=\"Movistar blog\" \/>\n<meta property=\"article:published_time\" content=\"2024-05-27T06:55:37+00:00\" \/>\n<meta property=\"article:modified_time\" content=\"2024-06-19T06:19:32+00:00\" \/>\n<meta property=\"og:image\" content=\"https:\/\/www.movistar.es\/blog\/wp-content\/uploads\/sites\/3\/2024\/05\/familia-3.jpg\" \/>\n\t<meta property=\"og:image:width\" content=\"2399\" \/>\n\t<meta property=\"og:image:height\" content=\"1014\" \/>\n\t<meta property=\"og:image:type\" content=\"image\/jpeg\" \/>\n<meta name=\"author\" content=\"Quique Gonzalo\" \/>\n<meta name=\"twitter:card\" content=\"summary_large_image\" \/>\n<meta name=\"twitter:label1\" content=\"Written by\" \/>\n\t<meta name=\"twitter:data1\" content=\"Quique Gonzalo\" \/>\n\t<meta name=\"twitter:label2\" content=\"Est. reading time\" \/>\n\t<meta name=\"twitter:data2\" content=\"5 minutos\" \/>\n<script type=\"application\/ld+json\" class=\"yoast-schema-graph\">{\"@context\":\"https:\/\/schema.org\",\"@graph\":[{\"@type\":\"Article\",\"@id\":\"https:\/\/www.movistar.es\/blog\/sostenibilidad\/reto-maternidad-paternidad\/#article\",\"isPartOf\":{\"@id\":\"https:\/\/www.movistar.es\/blog\/sostenibilidad\/reto-maternidad-paternidad\/\"},\"author\":{\"name\":\"Quique Gonzalo\",\"@id\":\"https:\/\/www.movistar.es\/blog\/#\/schema\/person\/2cc28b09ad531358e9fcb1a5dac36f1d\"},\"headline\":\"El reto de la maternidad y paternidad 2.0: desconectar para reconectar\",\"datePublished\":\"2024-05-27T06:55:37+00:00\",\"dateModified\":\"2024-06-19T06:19:32+00:00\",\"mainEntityOfPage\":{\"@id\":\"https:\/\/www.movistar.es\/blog\/sostenibilidad\/reto-maternidad-paternidad\/\"},\"wordCount\":817,\"publisher\":{\"@id\":\"https:\/\/www.movistar.es\/blog\/#organization\"},\"image\":{\"@id\":\"https:\/\/www.movistar.es\/blog\/sostenibilidad\/reto-maternidad-paternidad\/#primaryimage\"},\"thumbnailUrl\":\"https:\/\/www.movistar.es\/blog\/wp-content\/uploads\/sites\/3\/2024\/05\/familia-3.jpg\",\"keywords\":[\"Movimiento Azul\"],\"inLanguage\":\"es\"},{\"@type\":\"WebPage\",\"@id\":\"https:\/\/www.movistar.es\/blog\/sostenibilidad\/reto-maternidad-paternidad\/\",\"url\":\"https:\/\/www.movistar.es\/blog\/sostenibilidad\/reto-maternidad-paternidad\/\",\"name\":\"El reto de la maternidad y paternidad 2.0: desconectar para reconectar\",\"isPartOf\":{\"@id\":\"https:\/\/www.movistar.es\/blog\/#website\"},\"primaryImageOfPage\":{\"@id\":\"https:\/\/www.movistar.es\/blog\/sostenibilidad\/reto-maternidad-paternidad\/#primaryimage\"},\"image\":{\"@id\":\"https:\/\/www.movistar.es\/blog\/sostenibilidad\/reto-maternidad-paternidad\/#primaryimage\"},\"thumbnailUrl\":\"https:\/\/www.movistar.es\/blog\/wp-content\/uploads\/sites\/3\/2024\/05\/familia-3.jpg\",\"datePublished\":\"2024-05-27T06:55:37+00:00\",\"dateModified\":\"2024-06-19T06:19:32+00:00\",\"description\":\"La vida digital 2.0 nos mantiene ocupados y a veces olvidamos lo importante que es pasar tiempo de calidad con nuestros hijos.\",\"breadcrumb\":{\"@id\":\"https:\/\/www.movistar.es\/blog\/sostenibilidad\/reto-maternidad-paternidad\/#breadcrumb\"},\"inLanguage\":\"es\",\"potentialAction\":[{\"@type\":\"ReadAction\",\"target\":[\"https:\/\/www.movistar.es\/blog\/sostenibilidad\/reto-maternidad-paternidad\/\"]}]},{\"@type\":\"ImageObject\",\"inLanguage\":\"es\",\"@id\":\"https:\/\/www.movistar.es\/blog\/sostenibilidad\/reto-maternidad-paternidad\/#primaryimage\",\"url\":\"https:\/\/www.movistar.es\/blog\/wp-content\/uploads\/sites\/3\/2024\/05\/familia-3.jpg\",\"contentUrl\":\"https:\/\/www.movistar.es\/blog\/wp-content\/uploads\/sites\/3\/2024\/05\/familia-3.jpg\",\"width\":2399,\"height\":1014},{\"@type\":\"BreadcrumbList\",\"@id\":\"https:\/\/www.movistar.es\/blog\/sostenibilidad\/reto-maternidad-paternidad\/#breadcrumb\",\"itemListElement\":[{\"@type\":\"ListItem\",\"position\":1,\"name\":\"Home\",\"item\":\"https:\/\/www.movistar.es\/blog\/\"},{\"@type\":\"ListItem\",\"position\":2,\"name\":\"El reto de la maternidad y paternidad 2.0: desconectar para reconectar\"}]},{\"@type\":\"WebSite\",\"@id\":\"https:\/\/www.movistar.es\/blog\/#website\",\"url\":\"https:\/\/www.movistar.es\/blog\/\",\"name\":\"Movistar blog\",\"description\":\"Movistar Blog. Informaci\u00f3n y m\u00e1s sobre los productos y servicios de Movistar\",\"publisher\":{\"@id\":\"https:\/\/www.movistar.es\/blog\/#organization\"},\"potentialAction\":[{\"@type\":\"SearchAction\",\"target\":{\"@type\":\"EntryPoint\",\"urlTemplate\":\"https:\/\/www.movistar.es\/blog\/?s={search_term_string}\"},\"query-input\":{\"@type\":\"PropertyValueSpecification\",\"valueRequired\":true,\"valueName\":\"search_term_string\"}}],\"inLanguage\":\"es\"},{\"@type\":\"Organization\",\"@id\":\"https:\/\/www.movistar.es\/blog\/#organization\",\"name\":\"Movistar blog\",\"url\":\"https:\/\/www.movistar.es\/blog\/\",\"logo\":{\"@type\":\"ImageObject\",\"inLanguage\":\"es\",\"@id\":\"https:\/\/www.movistar.es\/blog\/#\/schema\/logo\/image\/\",\"url\":\"https:\/\/www.movistar.es\/blog\/wp-content\/uploads\/sites\/3\/2022\/05\/logo_movistar-1.svg\",\"contentUrl\":\"https:\/\/www.movistar.es\/blog\/wp-content\/uploads\/sites\/3\/2022\/05\/logo_movistar-1.svg\",\"width\":369,\"height\":272,\"caption\":\"Movistar blog\"},\"image\":{\"@id\":\"https:\/\/www.movistar.es\/blog\/#\/schema\/logo\/image\/\"}},{\"@type\":\"Person\",\"@id\":\"https:\/\/www.movistar.es\/blog\/#\/schema\/person\/2cc28b09ad531358e9fcb1a5dac36f1d\",\"name\":\"Quique Gonzalo\",\"image\":{\"@type\":\"ImageObject\",\"inLanguage\":\"es\",\"@id\":\"https:\/\/www.movistar.es\/blog\/#\/schema\/person\/image\/ea734472b9594734754de7bdf2fdef11\",\"url\":\"https:\/\/secure.gravatar.com\/avatar\/c91f738afee0b3a7f53af26a306460b1fe5ed9742504b69716456d073c5e476e\",\"contentUrl\":\"https:\/\/secure.gravatar.com\/avatar\/c91f738afee0b3a7f53af26a306460b1fe5ed9742504b69716456d073c5e476e\",\"caption\":\"Quique Gonzalo\"},\"description\":\"Emprendedor y Cofundador de KENSO: podcast y formaci\u00f3n l\u00edder en Efectividad Personal.\",\"url\":\"https:\/\/www.movistar.es\/blog\/author\/quiquegonzalo\/\"}]}<\/script>\n<!-- \/ Yoast SEO Premium plugin. -->","yoast_head_json":{"title":"El reto de la maternidad y paternidad 2.0: desconectar para reconectar","description":"La vida digital 2.0 nos mantiene ocupados y a veces olvidamos lo importante que es pasar tiempo de calidad con nuestros hijos.","robots":{"index":"index","follow":"follow","max-snippet":"max-snippet:-1","max-image-preview":"max-image-preview:large","max-video-preview":"max-video-preview:-1"},"canonical":"https:\/\/www.movistar.es\/blog\/sostenibilidad\/reto-maternidad-paternidad\/","og_locale":"es_ES","og_type":"article","og_title":"El reto de la maternidad y paternidad 2.0: desconectar para reconectar","og_description":"La vida digital 2.0 nos mantiene ocupados y a veces olvidamos lo importante que es pasar tiempo de calidad con nuestros hijos.","og_url":"https:\/\/www.movistar.es\/blog\/sostenibilidad\/reto-maternidad-paternidad\/","og_site_name":"Movistar blog","article_published_time":"2024-05-27T06:55:37+00:00","article_modified_time":"2024-06-19T06:19:32+00:00","og_image":[{"width":2399,"height":1014,"url":"https:\/\/www.movistar.es\/blog\/wp-content\/uploads\/sites\/3\/2024\/05\/familia-3.jpg","type":"image\/jpeg"}],"author":"Quique Gonzalo","twitter_card":"summary_large_image","twitter_misc":{"Written by":"Quique Gonzalo","Est. reading time":"5 minutos"},"schema":{"@context":"https:\/\/schema.org","@graph":[{"@type":"Article","@id":"https:\/\/www.movistar.es\/blog\/sostenibilidad\/reto-maternidad-paternidad\/#article","isPartOf":{"@id":"https:\/\/www.movistar.es\/blog\/sostenibilidad\/reto-maternidad-paternidad\/"},"author":{"name":"Quique Gonzalo","@id":"https:\/\/www.movistar.es\/blog\/#\/schema\/person\/2cc28b09ad531358e9fcb1a5dac36f1d"},"headline":"El reto de la maternidad y paternidad 2.0: desconectar para reconectar","datePublished":"2024-05-27T06:55:37+00:00","dateModified":"2024-06-19T06:19:32+00:00","mainEntityOfPage":{"@id":"https:\/\/www.movistar.es\/blog\/sostenibilidad\/reto-maternidad-paternidad\/"},"wordCount":817,"publisher":{"@id":"https:\/\/www.movistar.es\/blog\/#organization"},"image":{"@id":"https:\/\/www.movistar.es\/blog\/sostenibilidad\/reto-maternidad-paternidad\/#primaryimage"},"thumbnailUrl":"https:\/\/www.movistar.es\/blog\/wp-content\/uploads\/sites\/3\/2024\/05\/familia-3.jpg","keywords":["Movimiento Azul"],"inLanguage":"es"},{"@type":"WebPage","@id":"https:\/\/www.movistar.es\/blog\/sostenibilidad\/reto-maternidad-paternidad\/","url":"https:\/\/www.movistar.es\/blog\/sostenibilidad\/reto-maternidad-paternidad\/","name":"El reto de la maternidad y paternidad 2.0: desconectar para reconectar","isPartOf":{"@id":"https:\/\/www.movistar.es\/blog\/#website"},"primaryImageOfPage":{"@id":"https:\/\/www.movistar.es\/blog\/sostenibilidad\/reto-maternidad-paternidad\/#primaryimage"},"image":{"@id":"https:\/\/www.movistar.es\/blog\/sostenibilidad\/reto-maternidad-paternidad\/#primaryimage"},"thumbnailUrl":"https:\/\/www.movistar.es\/blog\/wp-content\/uploads\/sites\/3\/2024\/05\/familia-3.jpg","datePublished":"2024-05-27T06:55:37+00:00","dateModified":"2024-06-19T06:19:32+00:00","description":"La vida digital 2.0 nos mantiene ocupados y a veces olvidamos lo importante que es pasar tiempo de calidad con nuestros hijos.","breadcrumb":{"@id":"https:\/\/www.movistar.es\/blog\/sostenibilidad\/reto-maternidad-paternidad\/#breadcrumb"},"inLanguage":"es","potentialAction":[{"@type":"ReadAction","target":["https:\/\/www.movistar.es\/blog\/sostenibilidad\/reto-maternidad-paternidad\/"]}]},{"@type":"ImageObject","inLanguage":"es","@id":"https:\/\/www.movistar.es\/blog\/sostenibilidad\/reto-maternidad-paternidad\/#primaryimage","url":"https:\/\/www.movistar.es\/blog\/wp-content\/uploads\/sites\/3\/2024\/05\/familia-3.jpg","contentUrl":"https:\/\/www.movistar.es\/blog\/wp-content\/uploads\/sites\/3\/2024\/05\/familia-3.jpg","width":2399,"height":1014},{"@type":"BreadcrumbList","@id":"https:\/\/www.movistar.es\/blog\/sostenibilidad\/reto-maternidad-paternidad\/#breadcrumb","itemListElement":[{"@type":"ListItem","position":1,"name":"Home","item":"https:\/\/www.movistar.es\/blog\/"},{"@type":"ListItem","position":2,"name":"El reto de la maternidad y paternidad 2.0: desconectar para reconectar"}]},{"@type":"WebSite","@id":"https:\/\/www.movistar.es\/blog\/#website","url":"https:\/\/www.movistar.es\/blog\/","name":"Movistar blog","description":"Movistar Blog. Informaci\u00f3n y m\u00e1s sobre los productos y servicios de Movistar","publisher":{"@id":"https:\/\/www.movistar.es\/blog\/#organization"},"potentialAction":[{"@type":"SearchAction","target":{"@type":"EntryPoint","urlTemplate":"https:\/\/www.movistar.es\/blog\/?s={search_term_string}"},"query-input":{"@type":"PropertyValueSpecification","valueRequired":true,"valueName":"search_term_string"}}],"inLanguage":"es"},{"@type":"Organization","@id":"https:\/\/www.movistar.es\/blog\/#organization","name":"Movistar blog","url":"https:\/\/www.movistar.es\/blog\/","logo":{"@type":"ImageObject","inLanguage":"es","@id":"https:\/\/www.movistar.es\/blog\/#\/schema\/logo\/image\/","url":"https:\/\/www.movistar.es\/blog\/wp-content\/uploads\/sites\/3\/2022\/05\/logo_movistar-1.svg","contentUrl":"https:\/\/www.movistar.es\/blog\/wp-content\/uploads\/sites\/3\/2022\/05\/logo_movistar-1.svg","width":369,"height":272,"caption":"Movistar blog"},"image":{"@id":"https:\/\/www.movistar.es\/blog\/#\/schema\/logo\/image\/"}},{"@type":"Person","@id":"https:\/\/www.movistar.es\/blog\/#\/schema\/person\/2cc28b09ad531358e9fcb1a5dac36f1d","name":"Quique Gonzalo","image":{"@type":"ImageObject","inLanguage":"es","@id":"https:\/\/www.movistar.es\/blog\/#\/schema\/person\/image\/ea734472b9594734754de7bdf2fdef11","url":"https:\/\/secure.gravatar.com\/avatar\/c91f738afee0b3a7f53af26a306460b1fe5ed9742504b69716456d073c5e476e","contentUrl":"https:\/\/secure.gravatar.com\/avatar\/c91f738afee0b3a7f53af26a306460b1fe5ed9742504b69716456d073c5e476e","caption":"Quique Gonzalo"},"description":"Emprendedor y Cofundador de KENSO: podcast y formaci\u00f3n l\u00edder en Efectividad Personal.","url":"https:\/\/www.movistar.es\/blog\/author\/quiquegonzalo\/"}]}},"jetpack_featured_media_url":"https:\/\/www.movistar.es\/blog\/wp-content\/uploads\/sites\/3\/2024\/05\/familia-3.jpg","jetpack_sharing_enabled":true,"_links":{"self":[{"href":"https:\/\/www.movistar.es\/blog\/wp-json\/wp\/v2\/posts\/26238","targetHints":{"allow":["GET"]}}],"collection":[{"href":"https:\/\/www.movistar.es\/blog\/wp-json\/wp\/v2\/posts"}],"about":[{"href":"https:\/\/www.movistar.es\/blog\/wp-json\/wp\/v2\/types\/post"}],"author":[{"embeddable":true,"href":"https:\/\/www.movistar.es\/blog\/wp-json\/wp\/v2\/users\/228"}],"replies":[{"embeddable":true,"href":"https:\/\/www.movistar.es\/blog\/wp-json\/wp\/v2\/comments?post=26238"}],"version-history":[{"count":6,"href":"https:\/\/www.movistar.es\/blog\/wp-json\/wp\/v2\/posts\/26238\/revisions"}],"predecessor-version":[{"id":26344,"href":"https:\/\/www.movistar.es\/blog\/wp-json\/wp\/v2\/posts\/26238\/revisions\/26344"}],"wp:featuredmedia":[{"embeddable":true,"href":"https:\/\/www.movistar.es\/blog\/wp-json\/wp\/v2\/media\/26240"}],"wp:attachment":[{"href":"https:\/\/www.movistar.es\/blog\/wp-json\/wp\/v2\/media?parent=26238"}],"wp:term":[{"taxonomy":"category","embeddable":true,"href":"https:\/\/www.movistar.es\/blog\/wp-json\/wp\/v2\/categories?post=26238"},{"taxonomy":"post_tag","embeddable":true,"href":"https:\/\/www.movistar.es\/blog\/wp-json\/wp\/v2\/tags?post=26238"},{"taxonomy":"area","embeddable":true,"href":"https:\/\/www.movistar.es\/blog\/wp-json\/wp\/v2\/area?post=26238"},{"taxonomy":"cluster","embeddable":true,"href":"https:\/\/www.movistar.es\/blog\/wp-json\/wp\/v2\/cluster?post=26238"},{"taxonomy":"linea_editorial","embeddable":true,"href":"https:\/\/www.movistar.es\/blog\/wp-json\/wp\/v2\/linea_editorial?post=26238"},{"taxonomy":"author","embeddable":true,"href":"https:\/\/www.movistar.es\/blog\/wp-json\/wp\/v2\/coauthors?post=26238"}],"curies":[{"name":"wp","href":"https:\/\/api.w.org\/{rel}","templated":true}]}}