{"id":26057,"date":"2024-05-13T08:12:00","date_gmt":"2024-05-13T06:12:00","guid":{"rendered":"https:\/\/www.movistar.es\/blog\/?p=26057"},"modified":"2024-05-08T15:06:16","modified_gmt":"2024-05-08T13:06:16","slug":"conectividad-mundo-rural","status":"publish","type":"post","link":"https:\/\/www.movistar.es\/blog\/sostenibilidad\/conectividad-mundo-rural\/","title":{"rendered":"El valor de la conectividad para el mundo rural"},"content":{"rendered":"\n<p><strong>La conectividad est\u00e1 transformando la vida en zonas rurales<\/strong>, superando desaf\u00edos y creando oportunidades para comunidades alejadas de nuestras ciudades.<\/p>\n\n\n\n<p>La era digital ha desatado una revoluci\u00f3n en la forma en la que nos conectamos, creando puentes entre lo urbano y lo rural. <strong>En zonas remotas<\/strong>, donde la distancia sol\u00eda significar aislamiento, <strong>la <\/strong><strong>conectividad <\/strong><strong>est\u00e1 abriendo puertas a un mundo de posibilidades<\/strong>.<\/p>\n\n\n\n<p>La llegada de Internet y la expansi\u00f3n de la red m\u00f3vil han llevado consigo un cambio radical, brindando acceso a informaci\u00f3n, educaci\u00f3n y oportunidades econ\u00f3micas que antes parec\u00edan inalcanzables.<\/p>\n\n\n\n<figure class=\"wp-block-image size-large\"><img loading=\"lazy\" decoding=\"async\" height=\"465\" width=\"1024\" src=\"https:\/\/www.movistar.es\/blog\/wp-content\/uploads\/sites\/3\/2024\/05\/Chica-con-el-movil-1.jpg?w=1024\" alt=\"Chica conectada en el campo\" class=\"wp-image-26064\" srcset=\"https:\/\/www.movistar.es\/blog\/wp-content\/uploads\/sites\/3\/2024\/05\/Chica-con-el-movil-1.jpg 2394w, https:\/\/www.movistar.es\/blog\/wp-content\/uploads\/sites\/3\/2024\/05\/Chica-con-el-movil-1.jpg?resize=300,136 300w, https:\/\/www.movistar.es\/blog\/wp-content\/uploads\/sites\/3\/2024\/05\/Chica-con-el-movil-1.jpg?resize=768,349 768w, https:\/\/www.movistar.es\/blog\/wp-content\/uploads\/sites\/3\/2024\/05\/Chica-con-el-movil-1.jpg?resize=1024,465 1024w, https:\/\/www.movistar.es\/blog\/wp-content\/uploads\/sites\/3\/2024\/05\/Chica-con-el-movil-1.jpg?resize=1536,697 1536w, https:\/\/www.movistar.es\/blog\/wp-content\/uploads\/sites\/3\/2024\/05\/Chica-con-el-movil-1.jpg?resize=2048,930 2048w\" sizes=\"auto, (max-width: 1024px) 100vw, 1024px\" \/><\/figure>\n\n\n\n<p><strong>Trabajar desde una zona rural siempre presenta desaf\u00edos<\/strong>. Recuerdo que cuando comenzamos a emprender antes del a\u00f1o 2000, muchos nos dec\u00edan que ser\u00eda imposible que nuestro proyecto, <a href=\"https:\/\/almanatura.com\/\" target=\"_blank\" rel=\"noreferrer noopener\">AlmaNatura<\/a>, una organizaci\u00f3n que trabaja para evitar la despoblaci\u00f3n rural, se desarrollara en un sitio as\u00ed debido a la falta de servicios b\u00e1sicos como Internet. En aquel tiempo el modem de 56k era nuestra ventana al mundo.<\/p>\n\n\n\n<p>Enfrentar los desaf\u00edos para implementar la conectividad en estas \u00e1reas no es tarea f\u00e1cil. La falta de infraestructura adecuada, la escasez de recursos y la resistencia al cambio son solo algunos obst\u00e1culos que superar. Sin embargo, <strong>cada desaf\u00edo es una oportunidad disfrazada<\/strong>, o al menos as\u00ed lo vimos nosotros.&nbsp;<\/p>\n\n\n\n<p>Sab\u00edamos que en alg\u00fan momento esto cambiar\u00eda y que el despliegue de fibra acabar\u00eda llegando a nuestro municipio, Arroyomolinos de Le\u00f3n (Huelva). La conectividad no solo nos ha brindado <strong>acceso a informaci\u00f3n<\/strong>, sino que tambi\u00e9n <strong>ha ayudado a empoderar a miles de personas de comunidades locales<\/strong>. En muchas de las \u00e1reas rurales donde intervenimos se est\u00e1n creando negocios en l\u00ednea, implementando soluciones de telemedicina y ofreciendo oportunidades de educaci\u00f3n a distancia.<\/p>\n\n\n\n<figure class=\"wp-block-image size-large\"><img loading=\"lazy\" decoding=\"async\" height=\"443\" width=\"1024\" src=\"https:\/\/www.movistar.es\/blog\/wp-content\/uploads\/sites\/3\/2024\/05\/negocio-rural-1.jpg?w=1024\" alt=\"Pagando en el campo con el m\u00f3vil\" class=\"wp-image-26065\" srcset=\"https:\/\/www.movistar.es\/blog\/wp-content\/uploads\/sites\/3\/2024\/05\/negocio-rural-1.jpg 2397w, https:\/\/www.movistar.es\/blog\/wp-content\/uploads\/sites\/3\/2024\/05\/negocio-rural-1.jpg?resize=300,130 300w, https:\/\/www.movistar.es\/blog\/wp-content\/uploads\/sites\/3\/2024\/05\/negocio-rural-1.jpg?resize=768,332 768w, https:\/\/www.movistar.es\/blog\/wp-content\/uploads\/sites\/3\/2024\/05\/negocio-rural-1.jpg?resize=1024,443 1024w, https:\/\/www.movistar.es\/blog\/wp-content\/uploads\/sites\/3\/2024\/05\/negocio-rural-1.jpg?resize=1536,665 1536w, https:\/\/www.movistar.es\/blog\/wp-content\/uploads\/sites\/3\/2024\/05\/negocio-rural-1.jpg?resize=2048,886 2048w\" sizes=\"auto, (max-width: 1024px) 100vw, 1024px\" \/><\/figure>\n\n\n\n<h2 class=\"wp-block-heading\" id=\"h-inclusion-digital-y-equidad\"><strong>Inclusi\u00f3n digital y equidad<\/strong><\/h2>\n\n\n\n<p>A medida que el mundo se vuelve m\u00e1s conectado, <strong>es crucial garantizar que nadie se quede atr\u00e1s<\/strong>. La conectividad debe ser accesible y asequible para todos\/as, independientemente de su ubicaci\u00f3n o situaci\u00f3n socioecon\u00f3mica. Esto requiere <strong>inversiones en infraestructura, pol\u00edticas inclusivas y programas de alfabetizaci\u00f3n digital<\/strong>.<\/p>\n\n\n\n<p>Cuando internet llega a nuestro municipio, solemos pensar que el problema est\u00e1 resuelto para la inclusi\u00f3n digital y la equidad, pero es justo cuando emanan otros desaf\u00edos. <strong>Los programas de alfabetizaci\u00f3n digital son claves para el empoderamiento digital de la ciudadan\u00eda<\/strong>. Las herramientas digitales necesitan de un acompa\u00f1amiento emp\u00e1tico, sobre todo para <a href=\"https:\/\/www.movistar.es\/blog\/dispositivos\/brecha-digital-ventajas-tecnologia-mayores\/\" target=\"_blank\" rel=\"noreferrer noopener\">personas de edad avanzada<\/a>. La conectividad es m\u00e1s que simplemente estar en l\u00ednea: es una herramienta poderosa para el cambio y el progreso.<\/p>\n\n\n\n<figure class=\"wp-block-image size-large\"><img loading=\"lazy\" decoding=\"async\" height=\"442\" width=\"1024\" src=\"https:\/\/www.movistar.es\/blog\/wp-content\/uploads\/sites\/3\/2024\/05\/teclado.jpg?w=1024\" alt=\"Conectividad en zonas rurales\" class=\"wp-image-26066\" srcset=\"https:\/\/www.movistar.es\/blog\/wp-content\/uploads\/sites\/3\/2024\/05\/teclado.jpg 2399w, https:\/\/www.movistar.es\/blog\/wp-content\/uploads\/sites\/3\/2024\/05\/teclado.jpg?resize=300,130 300w, https:\/\/www.movistar.es\/blog\/wp-content\/uploads\/sites\/3\/2024\/05\/teclado.jpg?resize=768,332 768w, https:\/\/www.movistar.es\/blog\/wp-content\/uploads\/sites\/3\/2024\/05\/teclado.jpg?resize=1024,442 1024w, https:\/\/www.movistar.es\/blog\/wp-content\/uploads\/sites\/3\/2024\/05\/teclado.jpg?resize=1536,663 1536w, https:\/\/www.movistar.es\/blog\/wp-content\/uploads\/sites\/3\/2024\/05\/teclado.jpg?resize=2048,884 2048w\" sizes=\"auto, (max-width: 1024px) 100vw, 1024px\" \/><\/figure>\n\n\n\n<p>Al conectar el mundo, estamos construyendo <strong>un futuro m\u00e1s esperanzador para todos\/as<\/strong>. La evoluci\u00f3n tecnol\u00f3gica contin\u00faa, y con ella, las oportunidades para conectar y mejorar vidas en todas partes, tambi\u00e9n en el <a href=\"https:\/\/www.telefonica.com\/es\/sala-comunicacion\/blog\/innovacion-y-colaboracion-las-claves-para-conectar-a-los-no-conectados-en-zonas-rurales\/\" target=\"_blank\" rel=\"noreferrer noopener\">\u00e1mbito rural<\/a>.<\/p>\n\n\n\n<h2 class=\"wp-block-heading\" class=\"wp-block-heading\" id=\"la-importancia-de-la-conectividad-para-la-agricultura-y-la-educacion\"><strong>La importancia de la conectividad para la agricultura y la educaci\u00f3n<\/strong><\/h2>\n\n\n\n<p>En el centro de la econom\u00eda rural se encuentra la agricultura, y la conectividad est\u00e1 revolucionando la forma en que los agricultores trabajan la tierra. En nuestra zona, por ejemplo, la Sierra de Aracena (Huelva), encontramos ejemplos de ganaderos monitoreando el bienestar animal, recibiendo asesoramiento agr\u00edcola online y comercializando productos en l\u00ednea, entre otras muchas cuestiones. <strong>Esto no solo aumenta la eficiencia y la productividad, sino que tambi\u00e9n abre nuevas oportunidades de mercado y mejora los ingresos.<\/strong> El desaf\u00edo est\u00e1 en hacer accesible esta tecnolog\u00eda para todo tipo de ganaderos, tambi\u00e9n para los m\u00e1s peque\u00f1os.<\/p>\n\n\n\n<figure class=\"wp-block-image size-large\"><img loading=\"lazy\" decoding=\"async\" height=\"460\" width=\"1024\" src=\"https:\/\/www.movistar.es\/blog\/wp-content\/uploads\/sites\/3\/2024\/05\/vacas.jpg?w=1024\" alt=\"Conectividad en zonas rurales\" class=\"wp-image-26067\" srcset=\"https:\/\/www.movistar.es\/blog\/wp-content\/uploads\/sites\/3\/2024\/05\/vacas.jpg 2397w, https:\/\/www.movistar.es\/blog\/wp-content\/uploads\/sites\/3\/2024\/05\/vacas.jpg?resize=300,135 300w, https:\/\/www.movistar.es\/blog\/wp-content\/uploads\/sites\/3\/2024\/05\/vacas.jpg?resize=768,345 768w, https:\/\/www.movistar.es\/blog\/wp-content\/uploads\/sites\/3\/2024\/05\/vacas.jpg?resize=1024,460 1024w, https:\/\/www.movistar.es\/blog\/wp-content\/uploads\/sites\/3\/2024\/05\/vacas.jpg?resize=1536,690 1536w, https:\/\/www.movistar.es\/blog\/wp-content\/uploads\/sites\/3\/2024\/05\/vacas.jpg?resize=2048,920 2048w\" sizes=\"auto, (max-width: 1024px) 100vw, 1024px\" \/><\/figure>\n\n\n\n<p>La conectividad tambi\u00e9n est\u00e1 favoreciendo el <strong>acceso a la educaci\u00f3n en \u00e1reas rurales<\/strong>. Con herramientas en l\u00ednea como clases online y recursos educativos digitales, los estudiantes rurales pueden acceder a una educaci\u00f3n de calidad sin importar su ubicaci\u00f3n geogr\u00e1fica.<\/p>\n\n\n\n<p>Esto no s\u00f3lo ampl\u00eda sus horizontes y oportunidades futuras, sino que tambi\u00e9n <strong>capacita a las nuevas generaciones que ser\u00e1n el futuro<\/strong> de estas regiones.<\/p>\n\n\n\n<p>La conectividad est\u00e1 desempe\u00f1ando un papel transformador en la vida de las personas que habitan zonas rurales. Nosotros hemos conseguido quedarnos en nuestro pueblo gracias a ella.<\/p>\n\n\n\n<p>Al conectar el mundo rural con el global,<strong> estamos construyendo un futuro m\u00e1s equitativo, inclusivo y pr\u00f3spero<\/strong> para todos\/as.<\/p>\n","protected":false},"excerpt":{"rendered":"<p>La conectividad est\u00e1 transformando la vida en zonas rurales, superando desaf\u00edos y creando oportunidades para comunidades alejadas de nuestras ciudades. La era digital ha desatado una revoluci\u00f3n en la forma en la que nos conectamos, [&hellip;]<\/p>\n","protected":false},"author":233,"featured_media":26061,"comment_status":"closed","ping_status":"closed","sticky":false,"template":"","format":"standard","meta":{"site-sidebar-layout":"default","site-content-layout":"","ast-site-content-layout":"","site-content-style":"default","site-sidebar-style":"default","ast-global-header-display":"","ast-banner-title-visibility":"","ast-main-header-display":"","ast-hfb-above-header-display":"","ast-hfb-below-header-display":"","ast-hfb-mobile-header-display":"","site-post-title":"","ast-breadcrumbs-content":"","ast-featured-img":"","footer-sml-layout":"","theme-transparent-header-meta":"","adv-header-id-meta":"","stick-header-meta":"","header-above-stick-meta":"","header-main-stick-meta":"","header-below-stick-meta":"","astra-migrate-meta-layouts":"default","ast-page-background-enabled":"default","ast-page-background-meta":{"desktop":{"background-color":"var(--ast-global-color-4)","background-image":"","background-repeat":"repeat","background-position":"center center","background-size":"auto","background-attachment":"scroll","background-type":"","background-media":"","overlay-type":"","overlay-color":"","overlay-opacity":"","overlay-gradient":""},"tablet":{"background-color":"","background-image":"","background-repeat":"repeat","background-position":"center center","background-size":"auto","background-attachment":"scroll","background-type":"","background-media":"","overlay-type":"","overlay-color":"","overlay-opacity":"","overlay-gradient":""},"mobile":{"background-color":"","background-image":"","background-repeat":"repeat","background-position":"center center","background-size":"auto","background-attachment":"scroll","background-type":"","background-media":"","overlay-type":"","overlay-color":"","overlay-opacity":"","overlay-gradient":""}},"ast-content-background-meta":{"desktop":{"background-color":"var(--ast-global-color-5)","background-image":"","background-repeat":"repeat","background-position":"center center","background-size":"auto","background-attachment":"scroll","background-type":"","background-media":"","overlay-type":"","overlay-color":"","overlay-opacity":"","overlay-gradient":""},"tablet":{"background-color":"var(--ast-global-color-5)","background-image":"","background-repeat":"repeat","background-position":"center center","background-size":"auto","background-attachment":"scroll","background-type":"","background-media":"","overlay-type":"","overlay-color":"","overlay-opacity":"","overlay-gradient":""},"mobile":{"background-color":"var(--ast-global-color-5)","background-image":"","background-repeat":"repeat","background-position":"center center","background-size":"auto","background-attachment":"scroll","background-type":"","background-media":"","overlay-type":"","overlay-color":"","overlay-opacity":"","overlay-gradient":""}},"_jetpack_memberships_contains_paid_content":false,"footnotes":""},"categories":[1],"tags":[],"area":[],"cluster":[562],"linea_editorial":[],"coauthors":[624],"class_list":["post-26057","post","type-post","status-publish","format-standard","has-post-thumbnail","hentry","category-sin-categoria","cluster-sostenibilidad"],"yoast_head":"<!-- This site is optimized with the Yoast SEO Premium plugin v25.5 (Yoast SEO v25.5) - https:\/\/yoast.com\/wordpress\/plugins\/seo\/ -->\n<title>El valor de la conectividad para el mundo rural - Movistar blog<\/title>\n<meta name=\"description\" content=\"La conectividad es fundamental en la lucha contra el aislamiento rural, favoreciendo la aparici\u00f3n de negocios y acceso a la educaci\u00f3n.\" \/>\n<meta name=\"robots\" content=\"index, follow, max-snippet:-1, max-image-preview:large, max-video-preview:-1\" \/>\n<link rel=\"canonical\" href=\"https:\/\/www.movistar.es\/blog\/sostenibilidad\/conectividad-mundo-rural\/\" \/>\n<meta property=\"og:locale\" content=\"es_ES\" \/>\n<meta property=\"og:type\" content=\"article\" \/>\n<meta property=\"og:title\" content=\"El valor de la conectividad para el mundo rural\" \/>\n<meta property=\"og:description\" content=\"La conectividad es fundamental en la lucha contra el aislamiento rural, favoreciendo la aparici\u00f3n de negocios y acceso a la educaci\u00f3n.\" \/>\n<meta property=\"og:url\" content=\"https:\/\/www.movistar.es\/blog\/sostenibilidad\/conectividad-mundo-rural\/\" \/>\n<meta property=\"og:site_name\" content=\"Movistar blog\" \/>\n<meta property=\"article:published_time\" content=\"2024-05-13T06:12:00+00:00\" \/>\n<meta property=\"og:image\" content=\"https:\/\/www.movistar.es\/blog\/wp-content\/uploads\/sites\/3\/2024\/05\/pueblo.jpg\" \/>\n\t<meta property=\"og:image:width\" content=\"2397\" \/>\n\t<meta property=\"og:image:height\" content=\"1034\" \/>\n\t<meta property=\"og:image:type\" content=\"image\/jpeg\" \/>\n<meta name=\"author\" content=\"Juanjo Manzano\" \/>\n<meta name=\"twitter:card\" content=\"summary_large_image\" \/>\n<meta name=\"twitter:label1\" content=\"Written by\" \/>\n\t<meta name=\"twitter:data1\" content=\"Juanjo Manzano\" \/>\n\t<meta name=\"twitter:label2\" content=\"Est. reading time\" \/>\n\t<meta name=\"twitter:data2\" content=\"4 minutos\" \/>\n<script type=\"application\/ld+json\" class=\"yoast-schema-graph\">{\"@context\":\"https:\/\/schema.org\",\"@graph\":[{\"@type\":\"Article\",\"@id\":\"https:\/\/www.movistar.es\/blog\/sostenibilidad\/conectividad-mundo-rural\/#article\",\"isPartOf\":{\"@id\":\"https:\/\/www.movistar.es\/blog\/sostenibilidad\/conectividad-mundo-rural\/\"},\"author\":{\"name\":\"Juanjo Manzano\",\"@id\":\"https:\/\/www.movistar.es\/blog\/#\/schema\/person\/42acc37a20057b6e0fcc2a3c16083b5d\"},\"headline\":\"El valor de la conectividad para el mundo rural\",\"datePublished\":\"2024-05-13T06:12:00+00:00\",\"mainEntityOfPage\":{\"@id\":\"https:\/\/www.movistar.es\/blog\/sostenibilidad\/conectividad-mundo-rural\/\"},\"wordCount\":734,\"publisher\":{\"@id\":\"https:\/\/www.movistar.es\/blog\/#organization\"},\"image\":{\"@id\":\"https:\/\/www.movistar.es\/blog\/sostenibilidad\/conectividad-mundo-rural\/#primaryimage\"},\"thumbnailUrl\":\"https:\/\/www.movistar.es\/blog\/wp-content\/uploads\/sites\/3\/2024\/05\/pueblo.jpg\",\"inLanguage\":\"es\"},{\"@type\":\"WebPage\",\"@id\":\"https:\/\/www.movistar.es\/blog\/sostenibilidad\/conectividad-mundo-rural\/\",\"url\":\"https:\/\/www.movistar.es\/blog\/sostenibilidad\/conectividad-mundo-rural\/\",\"name\":\"El valor de la conectividad para el mundo rural - Movistar blog\",\"isPartOf\":{\"@id\":\"https:\/\/www.movistar.es\/blog\/#website\"},\"primaryImageOfPage\":{\"@id\":\"https:\/\/www.movistar.es\/blog\/sostenibilidad\/conectividad-mundo-rural\/#primaryimage\"},\"image\":{\"@id\":\"https:\/\/www.movistar.es\/blog\/sostenibilidad\/conectividad-mundo-rural\/#primaryimage\"},\"thumbnailUrl\":\"https:\/\/www.movistar.es\/blog\/wp-content\/uploads\/sites\/3\/2024\/05\/pueblo.jpg\",\"datePublished\":\"2024-05-13T06:12:00+00:00\",\"description\":\"La conectividad es fundamental en la lucha contra el aislamiento rural, favoreciendo la aparici\u00f3n de negocios y acceso a la educaci\u00f3n.\",\"breadcrumb\":{\"@id\":\"https:\/\/www.movistar.es\/blog\/sostenibilidad\/conectividad-mundo-rural\/#breadcrumb\"},\"inLanguage\":\"es\",\"potentialAction\":[{\"@type\":\"ReadAction\",\"target\":[\"https:\/\/www.movistar.es\/blog\/sostenibilidad\/conectividad-mundo-rural\/\"]}]},{\"@type\":\"ImageObject\",\"inLanguage\":\"es\",\"@id\":\"https:\/\/www.movistar.es\/blog\/sostenibilidad\/conectividad-mundo-rural\/#primaryimage\",\"url\":\"https:\/\/www.movistar.es\/blog\/wp-content\/uploads\/sites\/3\/2024\/05\/pueblo.jpg\",\"contentUrl\":\"https:\/\/www.movistar.es\/blog\/wp-content\/uploads\/sites\/3\/2024\/05\/pueblo.jpg\",\"width\":2397,\"height\":1034},{\"@type\":\"BreadcrumbList\",\"@id\":\"https:\/\/www.movistar.es\/blog\/sostenibilidad\/conectividad-mundo-rural\/#breadcrumb\",\"itemListElement\":[{\"@type\":\"ListItem\",\"position\":1,\"name\":\"Home\",\"item\":\"https:\/\/www.movistar.es\/blog\/\"},{\"@type\":\"ListItem\",\"position\":2,\"name\":\"El valor de la conectividad para el mundo rural\"}]},{\"@type\":\"WebSite\",\"@id\":\"https:\/\/www.movistar.es\/blog\/#website\",\"url\":\"https:\/\/www.movistar.es\/blog\/\",\"name\":\"Movistar blog\",\"description\":\"Movistar Blog. Informaci\u00f3n y m\u00e1s sobre los productos y servicios de Movistar\",\"publisher\":{\"@id\":\"https:\/\/www.movistar.es\/blog\/#organization\"},\"potentialAction\":[{\"@type\":\"SearchAction\",\"target\":{\"@type\":\"EntryPoint\",\"urlTemplate\":\"https:\/\/www.movistar.es\/blog\/?s={search_term_string}\"},\"query-input\":{\"@type\":\"PropertyValueSpecification\",\"valueRequired\":true,\"valueName\":\"search_term_string\"}}],\"inLanguage\":\"es\"},{\"@type\":\"Organization\",\"@id\":\"https:\/\/www.movistar.es\/blog\/#organization\",\"name\":\"Movistar blog\",\"url\":\"https:\/\/www.movistar.es\/blog\/\",\"logo\":{\"@type\":\"ImageObject\",\"inLanguage\":\"es\",\"@id\":\"https:\/\/www.movistar.es\/blog\/#\/schema\/logo\/image\/\",\"url\":\"https:\/\/www.movistar.es\/blog\/wp-content\/uploads\/sites\/3\/2022\/05\/logo_movistar-1.svg\",\"contentUrl\":\"https:\/\/www.movistar.es\/blog\/wp-content\/uploads\/sites\/3\/2022\/05\/logo_movistar-1.svg\",\"width\":369,\"height\":272,\"caption\":\"Movistar blog\"},\"image\":{\"@id\":\"https:\/\/www.movistar.es\/blog\/#\/schema\/logo\/image\/\"}},{\"@type\":\"Person\",\"@id\":\"https:\/\/www.movistar.es\/blog\/#\/schema\/person\/42acc37a20057b6e0fcc2a3c16083b5d\",\"name\":\"Juanjo Manzano\",\"image\":{\"@type\":\"ImageObject\",\"inLanguage\":\"es\",\"@id\":\"https:\/\/www.movistar.es\/blog\/#\/schema\/person\/image\/81b84617ecdcb5d14d1c992d45c3607c\",\"url\":\"https:\/\/secure.gravatar.com\/avatar\/ca4b79b31915d064c591a34280c018da766b2b30e3af975ae41c7bd7b9d9070e\",\"contentUrl\":\"https:\/\/secure.gravatar.com\/avatar\/ca4b79b31915d064c591a34280c018da766b2b30e3af975ae41c7bd7b9d9070e\",\"caption\":\"Juanjo Manzano\"},\"description\":\"Director de Alianzas en AlmaNatura, mentor, emprendedor social, innovador rural y conferenciante.\",\"url\":\"https:\/\/www.movistar.es\/blog\/author\/juanjomanzano\/\"}]}<\/script>\n<!-- \/ Yoast SEO Premium plugin. -->","yoast_head_json":{"title":"El valor de la conectividad para el mundo rural - Movistar blog","description":"La conectividad es fundamental en la lucha contra el aislamiento rural, favoreciendo la aparici\u00f3n de negocios y acceso a la educaci\u00f3n.","robots":{"index":"index","follow":"follow","max-snippet":"max-snippet:-1","max-image-preview":"max-image-preview:large","max-video-preview":"max-video-preview:-1"},"canonical":"https:\/\/www.movistar.es\/blog\/sostenibilidad\/conectividad-mundo-rural\/","og_locale":"es_ES","og_type":"article","og_title":"El valor de la conectividad para el mundo rural","og_description":"La conectividad es fundamental en la lucha contra el aislamiento rural, favoreciendo la aparici\u00f3n de negocios y acceso a la educaci\u00f3n.","og_url":"https:\/\/www.movistar.es\/blog\/sostenibilidad\/conectividad-mundo-rural\/","og_site_name":"Movistar blog","article_published_time":"2024-05-13T06:12:00+00:00","og_image":[{"width":2397,"height":1034,"url":"https:\/\/www.movistar.es\/blog\/wp-content\/uploads\/sites\/3\/2024\/05\/pueblo.jpg","type":"image\/jpeg"}],"author":"Juanjo Manzano","twitter_card":"summary_large_image","twitter_misc":{"Written by":"Juanjo Manzano","Est. reading time":"4 minutos"},"schema":{"@context":"https:\/\/schema.org","@graph":[{"@type":"Article","@id":"https:\/\/www.movistar.es\/blog\/sostenibilidad\/conectividad-mundo-rural\/#article","isPartOf":{"@id":"https:\/\/www.movistar.es\/blog\/sostenibilidad\/conectividad-mundo-rural\/"},"author":{"name":"Juanjo Manzano","@id":"https:\/\/www.movistar.es\/blog\/#\/schema\/person\/42acc37a20057b6e0fcc2a3c16083b5d"},"headline":"El valor de la conectividad para el mundo rural","datePublished":"2024-05-13T06:12:00+00:00","mainEntityOfPage":{"@id":"https:\/\/www.movistar.es\/blog\/sostenibilidad\/conectividad-mundo-rural\/"},"wordCount":734,"publisher":{"@id":"https:\/\/www.movistar.es\/blog\/#organization"},"image":{"@id":"https:\/\/www.movistar.es\/blog\/sostenibilidad\/conectividad-mundo-rural\/#primaryimage"},"thumbnailUrl":"https:\/\/www.movistar.es\/blog\/wp-content\/uploads\/sites\/3\/2024\/05\/pueblo.jpg","inLanguage":"es"},{"@type":"WebPage","@id":"https:\/\/www.movistar.es\/blog\/sostenibilidad\/conectividad-mundo-rural\/","url":"https:\/\/www.movistar.es\/blog\/sostenibilidad\/conectividad-mundo-rural\/","name":"El valor de la conectividad para el mundo rural - Movistar blog","isPartOf":{"@id":"https:\/\/www.movistar.es\/blog\/#website"},"primaryImageOfPage":{"@id":"https:\/\/www.movistar.es\/blog\/sostenibilidad\/conectividad-mundo-rural\/#primaryimage"},"image":{"@id":"https:\/\/www.movistar.es\/blog\/sostenibilidad\/conectividad-mundo-rural\/#primaryimage"},"thumbnailUrl":"https:\/\/www.movistar.es\/blog\/wp-content\/uploads\/sites\/3\/2024\/05\/pueblo.jpg","datePublished":"2024-05-13T06:12:00+00:00","description":"La conectividad es fundamental en la lucha contra el aislamiento rural, favoreciendo la aparici\u00f3n de negocios y acceso a la educaci\u00f3n.","breadcrumb":{"@id":"https:\/\/www.movistar.es\/blog\/sostenibilidad\/conectividad-mundo-rural\/#breadcrumb"},"inLanguage":"es","potentialAction":[{"@type":"ReadAction","target":["https:\/\/www.movistar.es\/blog\/sostenibilidad\/conectividad-mundo-rural\/"]}]},{"@type":"ImageObject","inLanguage":"es","@id":"https:\/\/www.movistar.es\/blog\/sostenibilidad\/conectividad-mundo-rural\/#primaryimage","url":"https:\/\/www.movistar.es\/blog\/wp-content\/uploads\/sites\/3\/2024\/05\/pueblo.jpg","contentUrl":"https:\/\/www.movistar.es\/blog\/wp-content\/uploads\/sites\/3\/2024\/05\/pueblo.jpg","width":2397,"height":1034},{"@type":"BreadcrumbList","@id":"https:\/\/www.movistar.es\/blog\/sostenibilidad\/conectividad-mundo-rural\/#breadcrumb","itemListElement":[{"@type":"ListItem","position":1,"name":"Home","item":"https:\/\/www.movistar.es\/blog\/"},{"@type":"ListItem","position":2,"name":"El valor de la conectividad para el mundo rural"}]},{"@type":"WebSite","@id":"https:\/\/www.movistar.es\/blog\/#website","url":"https:\/\/www.movistar.es\/blog\/","name":"Movistar blog","description":"Movistar Blog. Informaci\u00f3n y m\u00e1s sobre los productos y servicios de Movistar","publisher":{"@id":"https:\/\/www.movistar.es\/blog\/#organization"},"potentialAction":[{"@type":"SearchAction","target":{"@type":"EntryPoint","urlTemplate":"https:\/\/www.movistar.es\/blog\/?s={search_term_string}"},"query-input":{"@type":"PropertyValueSpecification","valueRequired":true,"valueName":"search_term_string"}}],"inLanguage":"es"},{"@type":"Organization","@id":"https:\/\/www.movistar.es\/blog\/#organization","name":"Movistar blog","url":"https:\/\/www.movistar.es\/blog\/","logo":{"@type":"ImageObject","inLanguage":"es","@id":"https:\/\/www.movistar.es\/blog\/#\/schema\/logo\/image\/","url":"https:\/\/www.movistar.es\/blog\/wp-content\/uploads\/sites\/3\/2022\/05\/logo_movistar-1.svg","contentUrl":"https:\/\/www.movistar.es\/blog\/wp-content\/uploads\/sites\/3\/2022\/05\/logo_movistar-1.svg","width":369,"height":272,"caption":"Movistar blog"},"image":{"@id":"https:\/\/www.movistar.es\/blog\/#\/schema\/logo\/image\/"}},{"@type":"Person","@id":"https:\/\/www.movistar.es\/blog\/#\/schema\/person\/42acc37a20057b6e0fcc2a3c16083b5d","name":"Juanjo Manzano","image":{"@type":"ImageObject","inLanguage":"es","@id":"https:\/\/www.movistar.es\/blog\/#\/schema\/person\/image\/81b84617ecdcb5d14d1c992d45c3607c","url":"https:\/\/secure.gravatar.com\/avatar\/ca4b79b31915d064c591a34280c018da766b2b30e3af975ae41c7bd7b9d9070e","contentUrl":"https:\/\/secure.gravatar.com\/avatar\/ca4b79b31915d064c591a34280c018da766b2b30e3af975ae41c7bd7b9d9070e","caption":"Juanjo Manzano"},"description":"Director de Alianzas en AlmaNatura, mentor, emprendedor social, innovador rural y conferenciante.","url":"https:\/\/www.movistar.es\/blog\/author\/juanjomanzano\/"}]}},"jetpack_featured_media_url":"https:\/\/www.movistar.es\/blog\/wp-content\/uploads\/sites\/3\/2024\/05\/pueblo.jpg","jetpack_sharing_enabled":true,"_links":{"self":[{"href":"https:\/\/www.movistar.es\/blog\/wp-json\/wp\/v2\/posts\/26057","targetHints":{"allow":["GET"]}}],"collection":[{"href":"https:\/\/www.movistar.es\/blog\/wp-json\/wp\/v2\/posts"}],"about":[{"href":"https:\/\/www.movistar.es\/blog\/wp-json\/wp\/v2\/types\/post"}],"author":[{"embeddable":true,"href":"https:\/\/www.movistar.es\/blog\/wp-json\/wp\/v2\/users\/233"}],"replies":[{"embeddable":true,"href":"https:\/\/www.movistar.es\/blog\/wp-json\/wp\/v2\/comments?post=26057"}],"version-history":[{"count":10,"href":"https:\/\/www.movistar.es\/blog\/wp-json\/wp\/v2\/posts\/26057\/revisions"}],"predecessor-version":[{"id":26077,"href":"https:\/\/www.movistar.es\/blog\/wp-json\/wp\/v2\/posts\/26057\/revisions\/26077"}],"wp:featuredmedia":[{"embeddable":true,"href":"https:\/\/www.movistar.es\/blog\/wp-json\/wp\/v2\/media\/26061"}],"wp:attachment":[{"href":"https:\/\/www.movistar.es\/blog\/wp-json\/wp\/v2\/media?parent=26057"}],"wp:term":[{"taxonomy":"category","embeddable":true,"href":"https:\/\/www.movistar.es\/blog\/wp-json\/wp\/v2\/categories?post=26057"},{"taxonomy":"post_tag","embeddable":true,"href":"https:\/\/www.movistar.es\/blog\/wp-json\/wp\/v2\/tags?post=26057"},{"taxonomy":"area","embeddable":true,"href":"https:\/\/www.movistar.es\/blog\/wp-json\/wp\/v2\/area?post=26057"},{"taxonomy":"cluster","embeddable":true,"href":"https:\/\/www.movistar.es\/blog\/wp-json\/wp\/v2\/cluster?post=26057"},{"taxonomy":"linea_editorial","embeddable":true,"href":"https:\/\/www.movistar.es\/blog\/wp-json\/wp\/v2\/linea_editorial?post=26057"},{"taxonomy":"author","embeddable":true,"href":"https:\/\/www.movistar.es\/blog\/wp-json\/wp\/v2\/coauthors?post=26057"}],"curies":[{"name":"wp","href":"https:\/\/api.w.org\/{rel}","templated":true}]}}