{"id":25978,"date":"2024-05-06T09:32:01","date_gmt":"2024-05-06T07:32:01","guid":{"rendered":"https:\/\/www.movistar.es\/blog\/?p=25978"},"modified":"2024-05-06T09:32:02","modified_gmt":"2024-05-06T07:32:02","slug":"tecnologia-proceso-educativo","status":"publish","type":"post","link":"https:\/\/www.movistar.es\/blog\/sostenibilidad\/tecnologia-proceso-educativo\/","title":{"rendered":"La tecnolog\u00eda como aliada en el proceso educativo"},"content":{"rendered":"\n<p>En mi experiencia, <strong>un ambiente de clase se enriquece cuando se siente como un segundo hogar<\/strong>. Mi objetivo es fomentar que los futuros docentes construyan espacios acogedores, donde la disposici\u00f3n del aula invite a la colaboraci\u00f3n y comunicaci\u00f3n abierta. Aunque<strong> el respeto y el tono humano son los que realmente hacen la diferencia<\/strong>, no podemos olvidar la importancia de materiales atractivos y, por supuesto, de <strong>la tecnolog\u00eda, que es esencial para enriquecer el entorno educativo<\/strong>. <\/p>\n\n\n\n<p>Constato en mis clases que <strong>la tecnolog\u00eda bien utilizada es una <a href=\"https:\/\/www.telefonica.com\/es\/sala-comunicacion\/blog\/innovacion-tecnologia-hacia-educacion-plena\/\">herramienta poderosa<\/a><\/strong>. Se convierte en un <strong>catalizador para la comunicaci\u00f3n y el entendimiento<\/strong>. Nos permite una interacci\u00f3n con los alumnos que antes era impensable.<\/p>\n\n\n\n<p>La inclusi\u00f3n de la tecnolog\u00eda educativa ha transformado las aulas en <strong>ecosistemas din\u00e1micos de aprendizaje<\/strong>. Recursos como videos educativos, e-books, y aplicaciones interactivas, se adaptan con los distintos estilos de aprendizaje de los estudiantes, y permiten un enfoque m\u00e1s personalizado y, por ello, m\u00e1s motivador.<\/p>\n\n\n\n<h2 class=\"wp-block-heading\" id=\"h-herramientas-digitales-en-el-aprendizaje\"><strong>Herramientas digitales en el aprendizaje<\/strong><\/h2>\n\n\n\n<figure class=\"wp-block-image size-large\"><img loading=\"lazy\" decoding=\"async\" height=\"465\" width=\"1024\" src=\"https:\/\/www.movistar.es\/blog\/wp-content\/uploads\/sites\/3\/2024\/04\/ninas.jpg?w=1024\" alt=\"Tecnolog\u00eda en el proceso educativo\" class=\"wp-image-25983\" srcset=\"https:\/\/www.movistar.es\/blog\/wp-content\/uploads\/sites\/3\/2024\/04\/ninas.jpg 2382w, https:\/\/www.movistar.es\/blog\/wp-content\/uploads\/sites\/3\/2024\/04\/ninas.jpg?resize=300,136 300w, https:\/\/www.movistar.es\/blog\/wp-content\/uploads\/sites\/3\/2024\/04\/ninas.jpg?resize=768,349 768w, https:\/\/www.movistar.es\/blog\/wp-content\/uploads\/sites\/3\/2024\/04\/ninas.jpg?resize=1024,465 1024w, https:\/\/www.movistar.es\/blog\/wp-content\/uploads\/sites\/3\/2024\/04\/ninas.jpg?resize=1536,698 1536w, https:\/\/www.movistar.es\/blog\/wp-content\/uploads\/sites\/3\/2024\/04\/ninas.jpg?resize=2048,930 2048w\" sizes=\"auto, (max-width: 1024px) 100vw, 1024px\" \/><\/figure>\n\n\n\n<p>Una de las iniciativas m\u00e1s exitosas ha sido integrar el videojuego FIFA Manager en un curso de matem\u00e1ticas. Esta herramienta nos permiti\u00f3 ense\u00f1ar conceptos num\u00e9ricos a trav\u00e9s de la administraci\u00f3n de un equipo de f\u00fatbol, donde los estudiantes aplican habilidades matem\u00e1ticas en un contexto real y atractivo, demostrando que <strong>el juego y el aprendizaje pueden ser uno solo.<\/strong><\/p>\n\n\n\n<p>Adem\u00e1s, <strong>las herramientas digitales son vitales para democratizar el aprendizaje<\/strong>. Con recursos que se ajustan a necesidades individuales, como lectores de pantalla para estudiantes con discapacidades visuales, hemos creado un entorno donde cada estudiante tiene la oportunidad de <strong><a href=\"https:\/\/www.movistar.es\/blog\/sostenibilidad\/hablemos-de-accesibilidad-digital\/\" target=\"_blank\" rel=\"noreferrer noopener\">acceder al conocimiento sin barreras<\/a><\/strong>.<\/p>\n\n\n\n<p>Para m\u00ed, es esencial que los nuevos docentes promuevan <strong>una comprensi\u00f3n responsable de la tecnolog\u00eda<\/strong>. La privacidad en l\u00ednea, la prevenci\u00f3n del ciberacoso y la verificaci\u00f3n de la informaci\u00f3n son habilidades fundamentales.<\/p>\n\n\n\n<p>En mi experiencia con ProFuturo, he visto c\u00f3mo <strong>la tecnolog\u00eda puede ser un aliado extraordinario en la educaci\u00f3n cuando se utiliza con criterio<\/strong>. Es crucial que los educadores elijan las herramientas digitales adecuadas para sus objetivos de aprendizaje, y en ProFuturo, hemos aprendido a hacer exactamente eso, asegurando que la tecnolog\u00eda en nuestras aulas sea <strong><a href=\"https:\/\/www.movistar.es\/blog\/sostenibilidad\/diez-ideas-hijos-buen-uso-de-tecnologia\/\" target=\"_blank\" rel=\"noreferrer noopener\">apropiada, segura y efectiva<\/a><\/strong>.<\/p>\n","protected":false},"excerpt":{"rendered":"<p>En mi experiencia, un ambiente de clase se enriquece cuando se siente como un segundo hogar. Mi objetivo es fomentar que los futuros docentes construyan espacios acogedores, donde la disposici\u00f3n del aula invite a la [&hellip;]<\/p>\n","protected":false},"author":232,"featured_media":25981,"comment_status":"closed","ping_status":"closed","sticky":false,"template":"","format":"standard","meta":{"site-sidebar-layout":"default","site-content-layout":"","ast-site-content-layout":"","site-content-style":"default","site-sidebar-style":"default","ast-global-header-display":"","ast-banner-title-visibility":"","ast-main-header-display":"","ast-hfb-above-header-display":"","ast-hfb-below-header-display":"","ast-hfb-mobile-header-display":"","site-post-title":"","ast-breadcrumbs-content":"","ast-featured-img":"","footer-sml-layout":"","theme-transparent-header-meta":"","adv-header-id-meta":"","stick-header-meta":"","header-above-stick-meta":"","header-main-stick-meta":"","header-below-stick-meta":"","astra-migrate-meta-layouts":"default","ast-page-background-enabled":"default","ast-page-background-meta":{"desktop":{"background-color":"var(--ast-global-color-4)","background-image":"","background-repeat":"repeat","background-position":"center center","background-size":"auto","background-attachment":"scroll","background-type":"","background-media":"","overlay-type":"","overlay-color":"","overlay-opacity":"","overlay-gradient":""},"tablet":{"background-color":"","background-image":"","background-repeat":"repeat","background-position":"center center","background-size":"auto","background-attachment":"scroll","background-type":"","background-media":"","overlay-type":"","overlay-color":"","overlay-opacity":"","overlay-gradient":""},"mobile":{"background-color":"","background-image":"","background-repeat":"repeat","background-position":"center center","background-size":"auto","background-attachment":"scroll","background-type":"","background-media":"","overlay-type":"","overlay-color":"","overlay-opacity":"","overlay-gradient":""}},"ast-content-background-meta":{"desktop":{"background-color":"var(--ast-global-color-5)","background-image":"","background-repeat":"repeat","background-position":"center center","background-size":"auto","background-attachment":"scroll","background-type":"","background-media":"","overlay-type":"","overlay-color":"","overlay-opacity":"","overlay-gradient":""},"tablet":{"background-color":"var(--ast-global-color-5)","background-image":"","background-repeat":"repeat","background-position":"center center","background-size":"auto","background-attachment":"scroll","background-type":"","background-media":"","overlay-type":"","overlay-color":"","overlay-opacity":"","overlay-gradient":""},"mobile":{"background-color":"var(--ast-global-color-5)","background-image":"","background-repeat":"repeat","background-position":"center center","background-size":"auto","background-attachment":"scroll","background-type":"","background-media":"","overlay-type":"","overlay-color":"","overlay-opacity":"","overlay-gradient":""}},"_jetpack_memberships_contains_paid_content":false,"footnotes":""},"categories":[1],"tags":[],"area":[],"cluster":[562],"linea_editorial":[],"coauthors":[623],"class_list":["post-25978","post","type-post","status-publish","format-standard","has-post-thumbnail","hentry","category-sin-categoria","cluster-sostenibilidad"],"yoast_head":"<!-- This site is optimized with the Yoast SEO Premium plugin v25.5 (Yoast SEO v25.5) - https:\/\/yoast.com\/wordpress\/plugins\/seo\/ -->\n<title>La tecnolog\u00eda como aliada en el proceso educativo<\/title>\n<meta name=\"description\" content=\"Tecnolog\u00eda y educaci\u00f3n forman una gran alianza: la tecnolog\u00eda enriquece el entorno educativo y lo democratiza, facilitando el conocimiento.\" \/>\n<meta name=\"robots\" content=\"index, follow, max-snippet:-1, max-image-preview:large, max-video-preview:-1\" \/>\n<link rel=\"canonical\" href=\"https:\/\/www.movistar.es\/blog\/sostenibilidad\/tecnologia-proceso-educativo\/\" \/>\n<meta property=\"og:locale\" content=\"es_ES\" \/>\n<meta property=\"og:type\" content=\"article\" \/>\n<meta property=\"og:title\" content=\"La tecnolog\u00eda como aliada en el proceso educativo\" \/>\n<meta property=\"og:description\" content=\"Tecnolog\u00eda y educaci\u00f3n forman una gran alianza: la tecnolog\u00eda enriquece el entorno educativo y lo democratiza, facilitando el conocimiento.\" \/>\n<meta property=\"og:url\" content=\"https:\/\/www.movistar.es\/blog\/sostenibilidad\/tecnologia-proceso-educativo\/\" \/>\n<meta property=\"og:site_name\" content=\"Movistar blog\" \/>\n<meta property=\"article:published_time\" content=\"2024-05-06T07:32:01+00:00\" \/>\n<meta property=\"article:modified_time\" content=\"2024-05-06T07:32:02+00:00\" \/>\n<meta property=\"og:image\" content=\"https:\/\/www.movistar.es\/blog\/wp-content\/uploads\/sites\/3\/2024\/04\/pizarra.jpg\" \/>\n\t<meta property=\"og:image:width\" content=\"2394\" \/>\n\t<meta property=\"og:image:height\" content=\"1031\" \/>\n\t<meta property=\"og:image:type\" content=\"image\/jpeg\" \/>\n<meta name=\"author\" content=\"Jairo Giovanny Ortega\" \/>\n<meta name=\"twitter:card\" content=\"summary_large_image\" \/>\n<meta name=\"twitter:label1\" content=\"Written by\" \/>\n\t<meta name=\"twitter:data1\" content=\"Jairo Giovanny Ortega\" \/>\n\t<meta name=\"twitter:label2\" content=\"Est. reading time\" \/>\n\t<meta name=\"twitter:data2\" content=\"3 minutos\" \/>\n<script type=\"application\/ld+json\" class=\"yoast-schema-graph\">{\"@context\":\"https:\/\/schema.org\",\"@graph\":[{\"@type\":\"Article\",\"@id\":\"https:\/\/www.movistar.es\/blog\/sostenibilidad\/tecnologia-proceso-educativo\/#article\",\"isPartOf\":{\"@id\":\"https:\/\/www.movistar.es\/blog\/sostenibilidad\/tecnologia-proceso-educativo\/\"},\"author\":{\"name\":\"Jairo Giovanny Ortega\",\"@id\":\"https:\/\/www.movistar.es\/blog\/#\/schema\/person\/bf5f7f62d71fbc2f0f78ec5e56b656fb\"},\"headline\":\"La tecnolog\u00eda como aliada en el proceso educativo\",\"datePublished\":\"2024-05-06T07:32:01+00:00\",\"dateModified\":\"2024-05-06T07:32:02+00:00\",\"mainEntityOfPage\":{\"@id\":\"https:\/\/www.movistar.es\/blog\/sostenibilidad\/tecnologia-proceso-educativo\/\"},\"wordCount\":392,\"publisher\":{\"@id\":\"https:\/\/www.movistar.es\/blog\/#organization\"},\"image\":{\"@id\":\"https:\/\/www.movistar.es\/blog\/sostenibilidad\/tecnologia-proceso-educativo\/#primaryimage\"},\"thumbnailUrl\":\"https:\/\/www.movistar.es\/blog\/wp-content\/uploads\/sites\/3\/2024\/04\/pizarra.jpg\",\"inLanguage\":\"es\"},{\"@type\":\"WebPage\",\"@id\":\"https:\/\/www.movistar.es\/blog\/sostenibilidad\/tecnologia-proceso-educativo\/\",\"url\":\"https:\/\/www.movistar.es\/blog\/sostenibilidad\/tecnologia-proceso-educativo\/\",\"name\":\"La tecnolog\u00eda como aliada en el proceso educativo\",\"isPartOf\":{\"@id\":\"https:\/\/www.movistar.es\/blog\/#website\"},\"primaryImageOfPage\":{\"@id\":\"https:\/\/www.movistar.es\/blog\/sostenibilidad\/tecnologia-proceso-educativo\/#primaryimage\"},\"image\":{\"@id\":\"https:\/\/www.movistar.es\/blog\/sostenibilidad\/tecnologia-proceso-educativo\/#primaryimage\"},\"thumbnailUrl\":\"https:\/\/www.movistar.es\/blog\/wp-content\/uploads\/sites\/3\/2024\/04\/pizarra.jpg\",\"datePublished\":\"2024-05-06T07:32:01+00:00\",\"dateModified\":\"2024-05-06T07:32:02+00:00\",\"description\":\"Tecnolog\u00eda y educaci\u00f3n forman una gran alianza: la tecnolog\u00eda enriquece el entorno educativo y lo democratiza, facilitando el conocimiento.\",\"breadcrumb\":{\"@id\":\"https:\/\/www.movistar.es\/blog\/sostenibilidad\/tecnologia-proceso-educativo\/#breadcrumb\"},\"inLanguage\":\"es\",\"potentialAction\":[{\"@type\":\"ReadAction\",\"target\":[\"https:\/\/www.movistar.es\/blog\/sostenibilidad\/tecnologia-proceso-educativo\/\"]}]},{\"@type\":\"ImageObject\",\"inLanguage\":\"es\",\"@id\":\"https:\/\/www.movistar.es\/blog\/sostenibilidad\/tecnologia-proceso-educativo\/#primaryimage\",\"url\":\"https:\/\/www.movistar.es\/blog\/wp-content\/uploads\/sites\/3\/2024\/04\/pizarra.jpg\",\"contentUrl\":\"https:\/\/www.movistar.es\/blog\/wp-content\/uploads\/sites\/3\/2024\/04\/pizarra.jpg\",\"width\":2394,\"height\":1031},{\"@type\":\"BreadcrumbList\",\"@id\":\"https:\/\/www.movistar.es\/blog\/sostenibilidad\/tecnologia-proceso-educativo\/#breadcrumb\",\"itemListElement\":[{\"@type\":\"ListItem\",\"position\":1,\"name\":\"Home\",\"item\":\"https:\/\/www.movistar.es\/blog\/\"},{\"@type\":\"ListItem\",\"position\":2,\"name\":\"La tecnolog\u00eda como aliada en el proceso educativo\"}]},{\"@type\":\"WebSite\",\"@id\":\"https:\/\/www.movistar.es\/blog\/#website\",\"url\":\"https:\/\/www.movistar.es\/blog\/\",\"name\":\"Movistar blog\",\"description\":\"Movistar Blog. Informaci\u00f3n y m\u00e1s sobre los productos y servicios de Movistar\",\"publisher\":{\"@id\":\"https:\/\/www.movistar.es\/blog\/#organization\"},\"potentialAction\":[{\"@type\":\"SearchAction\",\"target\":{\"@type\":\"EntryPoint\",\"urlTemplate\":\"https:\/\/www.movistar.es\/blog\/?s={search_term_string}\"},\"query-input\":{\"@type\":\"PropertyValueSpecification\",\"valueRequired\":true,\"valueName\":\"search_term_string\"}}],\"inLanguage\":\"es\"},{\"@type\":\"Organization\",\"@id\":\"https:\/\/www.movistar.es\/blog\/#organization\",\"name\":\"Movistar blog\",\"url\":\"https:\/\/www.movistar.es\/blog\/\",\"logo\":{\"@type\":\"ImageObject\",\"inLanguage\":\"es\",\"@id\":\"https:\/\/www.movistar.es\/blog\/#\/schema\/logo\/image\/\",\"url\":\"https:\/\/www.movistar.es\/blog\/wp-content\/uploads\/sites\/3\/2022\/05\/logo_movistar-1.svg\",\"contentUrl\":\"https:\/\/www.movistar.es\/blog\/wp-content\/uploads\/sites\/3\/2022\/05\/logo_movistar-1.svg\",\"width\":369,\"height\":272,\"caption\":\"Movistar blog\"},\"image\":{\"@id\":\"https:\/\/www.movistar.es\/blog\/#\/schema\/logo\/image\/\"}},{\"@type\":\"Person\",\"@id\":\"https:\/\/www.movistar.es\/blog\/#\/schema\/person\/bf5f7f62d71fbc2f0f78ec5e56b656fb\",\"name\":\"Jairo Giovanny Ortega\",\"image\":{\"@type\":\"ImageObject\",\"inLanguage\":\"es\",\"@id\":\"https:\/\/www.movistar.es\/blog\/#\/schema\/person\/image\/378edc53743de2d0cf88c29b66f2a1ac\",\"url\":\"https:\/\/secure.gravatar.com\/avatar\/0f9c38be267d9dd0a69cbe0bf5d4bf0ea6eb6c222dda2c4c58ac4d2d079a54e6\",\"contentUrl\":\"https:\/\/secure.gravatar.com\/avatar\/0f9c38be267d9dd0a69cbe0bf5d4bf0ea6eb6c222dda2c4c58ac4d2d079a54e6\",\"caption\":\"Jairo Giovanny Ortega\"},\"description\":\"Educador colombiano apasionado y vanguardista, licenciado en Ciencias Naturales y Educaci\u00f3n Ambiental, con maestr\u00eda en Ciencias de la Educaci\u00f3n y m\u00faltiples diplomados en TIC, investigaci\u00f3n y aprendizaje basado en proyectos. Su enfoque hol\u00edstico y pr\u00e1ctico en la Universidad Mariana, ubicada en Nari\u00f1o, uno de los departamentos con mayores \u00edndices de violencia en Colombia, est\u00e1 preparando a los futuros docentes no solo para ense\u00f1ar, sino para inspirar y conectar con sus estudiantes en una era digital. Colabora y es beneficiario de ProFuturo, el programa de innovaci\u00f3n educativa con tecnolog\u00eda impulsado por Fundaci\u00f3n Telef\u00f3nica y la Fundaci\u00f3n \u201cla Caixa\u201d.\",\"url\":\"https:\/\/www.movistar.es\/blog\/author\/jairogiovannyortega\/\"}]}<\/script>\n<!-- \/ Yoast SEO Premium plugin. -->","yoast_head_json":{"title":"La tecnolog\u00eda como aliada en el proceso educativo","description":"Tecnolog\u00eda y educaci\u00f3n forman una gran alianza: la tecnolog\u00eda enriquece el entorno educativo y lo democratiza, facilitando el conocimiento.","robots":{"index":"index","follow":"follow","max-snippet":"max-snippet:-1","max-image-preview":"max-image-preview:large","max-video-preview":"max-video-preview:-1"},"canonical":"https:\/\/www.movistar.es\/blog\/sostenibilidad\/tecnologia-proceso-educativo\/","og_locale":"es_ES","og_type":"article","og_title":"La tecnolog\u00eda como aliada en el proceso educativo","og_description":"Tecnolog\u00eda y educaci\u00f3n forman una gran alianza: la tecnolog\u00eda enriquece el entorno educativo y lo democratiza, facilitando el conocimiento.","og_url":"https:\/\/www.movistar.es\/blog\/sostenibilidad\/tecnologia-proceso-educativo\/","og_site_name":"Movistar blog","article_published_time":"2024-05-06T07:32:01+00:00","article_modified_time":"2024-05-06T07:32:02+00:00","og_image":[{"width":2394,"height":1031,"url":"https:\/\/www.movistar.es\/blog\/wp-content\/uploads\/sites\/3\/2024\/04\/pizarra.jpg","type":"image\/jpeg"}],"author":"Jairo Giovanny Ortega","twitter_card":"summary_large_image","twitter_misc":{"Written by":"Jairo Giovanny Ortega","Est. reading time":"3 minutos"},"schema":{"@context":"https:\/\/schema.org","@graph":[{"@type":"Article","@id":"https:\/\/www.movistar.es\/blog\/sostenibilidad\/tecnologia-proceso-educativo\/#article","isPartOf":{"@id":"https:\/\/www.movistar.es\/blog\/sostenibilidad\/tecnologia-proceso-educativo\/"},"author":{"name":"Jairo Giovanny Ortega","@id":"https:\/\/www.movistar.es\/blog\/#\/schema\/person\/bf5f7f62d71fbc2f0f78ec5e56b656fb"},"headline":"La tecnolog\u00eda como aliada en el proceso educativo","datePublished":"2024-05-06T07:32:01+00:00","dateModified":"2024-05-06T07:32:02+00:00","mainEntityOfPage":{"@id":"https:\/\/www.movistar.es\/blog\/sostenibilidad\/tecnologia-proceso-educativo\/"},"wordCount":392,"publisher":{"@id":"https:\/\/www.movistar.es\/blog\/#organization"},"image":{"@id":"https:\/\/www.movistar.es\/blog\/sostenibilidad\/tecnologia-proceso-educativo\/#primaryimage"},"thumbnailUrl":"https:\/\/www.movistar.es\/blog\/wp-content\/uploads\/sites\/3\/2024\/04\/pizarra.jpg","inLanguage":"es"},{"@type":"WebPage","@id":"https:\/\/www.movistar.es\/blog\/sostenibilidad\/tecnologia-proceso-educativo\/","url":"https:\/\/www.movistar.es\/blog\/sostenibilidad\/tecnologia-proceso-educativo\/","name":"La tecnolog\u00eda como aliada en el proceso educativo","isPartOf":{"@id":"https:\/\/www.movistar.es\/blog\/#website"},"primaryImageOfPage":{"@id":"https:\/\/www.movistar.es\/blog\/sostenibilidad\/tecnologia-proceso-educativo\/#primaryimage"},"image":{"@id":"https:\/\/www.movistar.es\/blog\/sostenibilidad\/tecnologia-proceso-educativo\/#primaryimage"},"thumbnailUrl":"https:\/\/www.movistar.es\/blog\/wp-content\/uploads\/sites\/3\/2024\/04\/pizarra.jpg","datePublished":"2024-05-06T07:32:01+00:00","dateModified":"2024-05-06T07:32:02+00:00","description":"Tecnolog\u00eda y educaci\u00f3n forman una gran alianza: la tecnolog\u00eda enriquece el entorno educativo y lo democratiza, facilitando el conocimiento.","breadcrumb":{"@id":"https:\/\/www.movistar.es\/blog\/sostenibilidad\/tecnologia-proceso-educativo\/#breadcrumb"},"inLanguage":"es","potentialAction":[{"@type":"ReadAction","target":["https:\/\/www.movistar.es\/blog\/sostenibilidad\/tecnologia-proceso-educativo\/"]}]},{"@type":"ImageObject","inLanguage":"es","@id":"https:\/\/www.movistar.es\/blog\/sostenibilidad\/tecnologia-proceso-educativo\/#primaryimage","url":"https:\/\/www.movistar.es\/blog\/wp-content\/uploads\/sites\/3\/2024\/04\/pizarra.jpg","contentUrl":"https:\/\/www.movistar.es\/blog\/wp-content\/uploads\/sites\/3\/2024\/04\/pizarra.jpg","width":2394,"height":1031},{"@type":"BreadcrumbList","@id":"https:\/\/www.movistar.es\/blog\/sostenibilidad\/tecnologia-proceso-educativo\/#breadcrumb","itemListElement":[{"@type":"ListItem","position":1,"name":"Home","item":"https:\/\/www.movistar.es\/blog\/"},{"@type":"ListItem","position":2,"name":"La tecnolog\u00eda como aliada en el proceso educativo"}]},{"@type":"WebSite","@id":"https:\/\/www.movistar.es\/blog\/#website","url":"https:\/\/www.movistar.es\/blog\/","name":"Movistar blog","description":"Movistar Blog. Informaci\u00f3n y m\u00e1s sobre los productos y servicios de Movistar","publisher":{"@id":"https:\/\/www.movistar.es\/blog\/#organization"},"potentialAction":[{"@type":"SearchAction","target":{"@type":"EntryPoint","urlTemplate":"https:\/\/www.movistar.es\/blog\/?s={search_term_string}"},"query-input":{"@type":"PropertyValueSpecification","valueRequired":true,"valueName":"search_term_string"}}],"inLanguage":"es"},{"@type":"Organization","@id":"https:\/\/www.movistar.es\/blog\/#organization","name":"Movistar blog","url":"https:\/\/www.movistar.es\/blog\/","logo":{"@type":"ImageObject","inLanguage":"es","@id":"https:\/\/www.movistar.es\/blog\/#\/schema\/logo\/image\/","url":"https:\/\/www.movistar.es\/blog\/wp-content\/uploads\/sites\/3\/2022\/05\/logo_movistar-1.svg","contentUrl":"https:\/\/www.movistar.es\/blog\/wp-content\/uploads\/sites\/3\/2022\/05\/logo_movistar-1.svg","width":369,"height":272,"caption":"Movistar blog"},"image":{"@id":"https:\/\/www.movistar.es\/blog\/#\/schema\/logo\/image\/"}},{"@type":"Person","@id":"https:\/\/www.movistar.es\/blog\/#\/schema\/person\/bf5f7f62d71fbc2f0f78ec5e56b656fb","name":"Jairo Giovanny Ortega","image":{"@type":"ImageObject","inLanguage":"es","@id":"https:\/\/www.movistar.es\/blog\/#\/schema\/person\/image\/378edc53743de2d0cf88c29b66f2a1ac","url":"https:\/\/secure.gravatar.com\/avatar\/0f9c38be267d9dd0a69cbe0bf5d4bf0ea6eb6c222dda2c4c58ac4d2d079a54e6","contentUrl":"https:\/\/secure.gravatar.com\/avatar\/0f9c38be267d9dd0a69cbe0bf5d4bf0ea6eb6c222dda2c4c58ac4d2d079a54e6","caption":"Jairo Giovanny Ortega"},"description":"Educador colombiano apasionado y vanguardista, licenciado en Ciencias Naturales y Educaci\u00f3n Ambiental, con maestr\u00eda en Ciencias de la Educaci\u00f3n y m\u00faltiples diplomados en TIC, investigaci\u00f3n y aprendizaje basado en proyectos. Su enfoque hol\u00edstico y pr\u00e1ctico en la Universidad Mariana, ubicada en Nari\u00f1o, uno de los departamentos con mayores \u00edndices de violencia en Colombia, est\u00e1 preparando a los futuros docentes no solo para ense\u00f1ar, sino para inspirar y conectar con sus estudiantes en una era digital. Colabora y es beneficiario de ProFuturo, el programa de innovaci\u00f3n educativa con tecnolog\u00eda impulsado por Fundaci\u00f3n Telef\u00f3nica y la Fundaci\u00f3n \u201cla Caixa\u201d.","url":"https:\/\/www.movistar.es\/blog\/author\/jairogiovannyortega\/"}]}},"jetpack_featured_media_url":"https:\/\/www.movistar.es\/blog\/wp-content\/uploads\/sites\/3\/2024\/04\/pizarra.jpg","jetpack_sharing_enabled":true,"_links":{"self":[{"href":"https:\/\/www.movistar.es\/blog\/wp-json\/wp\/v2\/posts\/25978","targetHints":{"allow":["GET"]}}],"collection":[{"href":"https:\/\/www.movistar.es\/blog\/wp-json\/wp\/v2\/posts"}],"about":[{"href":"https:\/\/www.movistar.es\/blog\/wp-json\/wp\/v2\/types\/post"}],"author":[{"embeddable":true,"href":"https:\/\/www.movistar.es\/blog\/wp-json\/wp\/v2\/users\/232"}],"replies":[{"embeddable":true,"href":"https:\/\/www.movistar.es\/blog\/wp-json\/wp\/v2\/comments?post=25978"}],"version-history":[{"count":10,"href":"https:\/\/www.movistar.es\/blog\/wp-json\/wp\/v2\/posts\/25978\/revisions"}],"predecessor-version":[{"id":26025,"href":"https:\/\/www.movistar.es\/blog\/wp-json\/wp\/v2\/posts\/25978\/revisions\/26025"}],"wp:featuredmedia":[{"embeddable":true,"href":"https:\/\/www.movistar.es\/blog\/wp-json\/wp\/v2\/media\/25981"}],"wp:attachment":[{"href":"https:\/\/www.movistar.es\/blog\/wp-json\/wp\/v2\/media?parent=25978"}],"wp:term":[{"taxonomy":"category","embeddable":true,"href":"https:\/\/www.movistar.es\/blog\/wp-json\/wp\/v2\/categories?post=25978"},{"taxonomy":"post_tag","embeddable":true,"href":"https:\/\/www.movistar.es\/blog\/wp-json\/wp\/v2\/tags?post=25978"},{"taxonomy":"area","embeddable":true,"href":"https:\/\/www.movistar.es\/blog\/wp-json\/wp\/v2\/area?post=25978"},{"taxonomy":"cluster","embeddable":true,"href":"https:\/\/www.movistar.es\/blog\/wp-json\/wp\/v2\/cluster?post=25978"},{"taxonomy":"linea_editorial","embeddable":true,"href":"https:\/\/www.movistar.es\/blog\/wp-json\/wp\/v2\/linea_editorial?post=25978"},{"taxonomy":"author","embeddable":true,"href":"https:\/\/www.movistar.es\/blog\/wp-json\/wp\/v2\/coauthors?post=25978"}],"curies":[{"name":"wp","href":"https:\/\/api.w.org\/{rel}","templated":true}]}}