{"id":2595,"date":"2020-12-01T09:26:00","date_gmt":"2020-12-01T08:26:00","guid":{"rendered":"https:\/\/www.movistar.es\/blog\/telemedicina-con-la-covid-19\/"},"modified":"2023-02-27T13:41:51","modified_gmt":"2023-02-27T12:41:51","slug":"telemedicina-con-la-covid-19","status":"publish","type":"post","link":"https:\/\/www.movistar.es\/blog\/salud\/telemedicina-con-la-covid-19\/","title":{"rendered":"El boom de la telemedicina con la Covid-19: 5 a\u00f1os de progreso en apenas unos meses"},"content":{"rendered":"\n<p>Su progreso ha sido mete\u00f3rico, tanto a nivel pr\u00e1ctico como en el \u00e1mbito de la investigaci\u00f3n. Ya se puede decir que el crecimiento de la telemedicina con la Covid-19 ha sido impresionante. En tan solo unos meses se ha avanzado <strong>lo que se habr\u00eda tardado a\u00f1os en avanzar<\/strong> en una situaci\u00f3n normal.<\/p>\n\n\n\n<p>La pandemia ha supuesto un cataclismo para la atenci\u00f3n sanitaria y no solo por tener que enfrentarse al coronavirus. Al tiempo que el personal especializado se deshace en esfuerzos por acoger y tratar a los enfermos, <strong>el resto los servicios m\u00e9dicos tiene que continuar<\/strong>. Para hacerlo, el sector sanitario ha tenido que volcarse en una nueva f\u00f3rmula de atenci\u00f3n. <a rel=\"noreferrer noopener\" href=\"https:\/\/blogthinkbig.com\/telemedicina\" target=\"_blank\">La telemedicina<\/a> ha sido esta f\u00f3rmula y, como dicen los especialistas en la materia, ha llegado para quedarse.<\/p>\n\n\n\n<h2 class=\"wp-block-heading\" class=\"wp-block-heading\" id=\"el-cambio-permanente-de-la-telemedicina-con-la-covid-19\">El cambio permanente de la telemedicina con la Covid-19<\/h2>\n\n\n\n<p>No es un camino reversible. La telemedicina estaba destinada a implantarse como un apoyo de la atenci\u00f3n m\u00e9dica. Antes o despu\u00e9s, parte de esta atenci\u00f3n se volcar\u00eda en medios telem\u00e1ticos. Los estudiosos de la materia hablaban incluso de la automatizaci\u00f3n de algunos procesos, <strong>el uso de inteligencia artificial para prediagn\u00f3sticos<\/strong> y hasta las intervenciones quir\u00fargicas a distancia. Para esto \u00faltimo a\u00fan queda camino por recorrer. Sobre todo a nivel t\u00e9cnico, pues se necesita de <a rel=\"noreferrer noopener\" href=\"https:\/\/blogthinkbig.com\/que-es-el-5g-y-que-ventajas-tiene\" target=\"_blank\">las redes 5G<\/a>, as\u00ed como de una provisi\u00f3n de robots preparados para imitar fielmente los movimientos de un cirujano (como <a rel=\"noreferrer noopener\" href=\"https:\/\/blogthinkbig.com\/robot-quirurgico-da-vinci\" target=\"_blank\">la m\u00e1quina Da Vinci<\/a>).<\/p>\n\n\n\n<h3 class=\"wp-block-heading\" class=\"wp-block-heading\" id=\"un-futuro-muy-presente\">Un futuro muy presente<\/h3>\n\n\n\n<p>Pero otros medios de medicina a distancia que se propon\u00edan como para un futuro se han empezado a adoptar con la pandemia. La telemedicina con la Covid-19 ha hecho posible la normalizaci\u00f3n de los diagn\u00f3sticos mediante fotograf\u00edas enviadas de heridas o lesiones en la piel, que se han sido comunes durante estos meses y lo siguen siendo. Lo relata Amparo Naranjo, m\u00e9dico de familia en el Centro de Salud de Monterrozas a este medio; aunque se\u00f1ala que la herramienta m\u00e1s habitual en estos meses ha sido el tel\u00e9fono. \u201c<strong>Ahora el 80% o el 85% de las consultas son por tel\u00e9fono<\/strong>, porque lo que queremos es proteger a la poblaci\u00f3n de posibles contagios. Los centros de salud no dejan de ser centros sucios de alguna manera, donde se hacen PCR y pruebas de covid. Intentamos que la poblaci\u00f3n venga lo menos posible para intentar evitar el contagio\u201d, destaca.<\/p>\n\n\n\n<p><a href=\"https:\/\/www.researchandmarkets.com\/reports\/5018700\/telehealth-market-in-us-industry-outlook-and\" target=\"_blank\" rel=\"noreferrer noopener\">Un informe de Research and Markets<\/a>, estimaba el aumento de su uso en Estados Unidos en un 80% este 2020. <a href=\"https:\/\/www.thelancet.com\/journals\/lancet\/article\/PIIS0140-6736(20)30818-7\/fulltext\" target=\"_blank\" rel=\"noreferrer noopener\">En la prestigiosa revista The Lancet<\/a>, el director del Center for Health and Technology del Centro M\u00e9dico de la Universidad de Rochester, Roy Dorsey, iba m\u00e1s all\u00e1 en sus c\u00e1lculos. Afirm\u00f3 que <strong>el uso de la medicina a distancia se hab\u00eda multiplicado por diez en marzo-abril<\/strong> y lo calificaba como la mayor transformaci\u00f3n en la historia de la medicina de Estados Unidos. En el mismo art\u00edculo se hac\u00eda notar que en Italia la demanda de consultas v\u00eda telef\u00f3nica se hab\u00eda incrementado en un 90% en las l\u00edneas fijas y en un 40% en las m\u00f3viles.<\/p>\n\n\n\n<h2 class=\"wp-block-heading\" class=\"wp-block-heading\" id=\"comodidad-evitar-contactos-y-esperas\">Comodidad, evitar contactos y esperas<\/h2>\n\n\n\n<figure class=\"wp-block-image size-large\"><img decoding=\"async\" src=\"https:\/\/blogthinkbig.com\/wp-content\/uploads\/sites\/4\/2020\/11\/medico-online-1.jpg?w=610\" alt=\"Medico online\" class=\"wp-image-191105\" \/><\/figure>\n\n\n\n<p>Una de las principales ventajas de la telemedicina con la Covid-19 o sin ella es la comodidad. <strong>Se ahorra tiempo, pues no es necesario ning\u00fan desplazamiento<\/strong>. Al mismo tiempo se evita esperar en las salas los centros m\u00e9dicos. Son h\u00e1bitos a los que no estamos acostumbrados, pero nos hemos hecho a ellos en pocos meses.<\/p>\n\n\n\n<p>\u201cLa telemedicina, desde hace bastantes a\u00f1os, era un nicho, pero <strong>ahora se ha convertido en algo totalmente necesario<\/strong>\u201d, comenta Isabel de la Torre, profesora de la Universidad de Valladolid y coordinadora del Grupo de Telemedicina y eSalud de esta universidad. Su grupo de investigaci\u00f3n es uno de los pocos en Espa\u00f1a que lleva a\u00f1os estudiando las posibilidades en este campo.<\/p>\n\n\n\n<p>De la Torre tambi\u00e9n destaca el enorme salto de la telemedicina con la Covid-19. \u201cEn atenci\u00f3n primaria ahora casi todas las consultas no son presenciales. <strong>Tiene que ser una patolog\u00eda que tengas que ir necesariamente all\u00ed<\/strong>. Si no te atienden por tel\u00e9fono o por Internet. Ahora [la telemedicina] es algo casi diario, tanto en la sanidad p\u00fablica como privada\u201d, afirma.<\/p>\n\n\n\n<h3 class=\"wp-block-heading\" class=\"wp-block-heading\" id=\"un-cambio-que-hay-que-seguir-investigando-y-cultivando\"><strong>Un cambio que hay que seguir investigando y cultivando<\/strong><\/h3>\n\n\n\n<p>La m\u00e9dico de familia Naranjo est\u00e1 convencida de que la medicina a distancia no es flor de un d\u00eda. \u201cHabr\u00e1 que irse adaptando a este tipo de atenci\u00f3n y proveer de los recursos para que esto se haga adecuadamente. Porque <strong>la telemedicina ha venido para quedarse<\/strong>. Hay muchas cosas que se pueden solucionar por tel\u00e9fono y es muy c\u00f3modo para el paciente y para el m\u00e9dico\u201d, indica. Y subraya la idoneidad de evitar las esperas en los centros m\u00e9dicos.<\/p>\n\n\n\n<p>Eso s\u00ed, no sirve para todo. Naranjo tambi\u00e9n tiene eso claro. <strong>Puntualiza que hay dolencias que no se pueden resolver mediante una entrevista con el paciente<\/strong>. \u201cCuando hablamos con el paciente y vemos que puede tener algo que nos parece importante, que hay que tocar y hay que mirar, se le dice que venga\u201d, explica.<\/p>\n\n\n\n<h3 class=\"wp-block-heading\" class=\"wp-block-heading\" id=\"la-importancia-de-la-tecnologia-en-la-telemedicina\">La importancia de la tecnolog\u00eda en la telemedicina<\/h3>\n\n\n\n<p>Sin embargo, cada vez hay m\u00e1s herramientas para complementar esta asistencia a distancia. De la Torre coincide en que no todo ser\u00e1 telemedicina en el futuro, pero se atreve a decir que una gran parte s\u00ed que entrar\u00e1 dentro de esta categor\u00eda. \u201cLas especialidades donde m\u00e1s se puede utilizar la telemedicina y donde m\u00e1s ha aparecido ahora, en estos pocos meses, son aquellas donde t\u00fa puedes verte a trav\u00e9s del m\u00f3vil o del ordenador, y no son necesarias pruebas m\u00e9dicas\u201d, remarca. Aunque sobre todo <strong>destaca la atenci\u00f3n primaria como la que m\u00e1s ha aprovechado las t\u00e9cnicas de medicina en remoto<\/strong>.<\/p>\n\n\n\n<p>En cuanto a las tecnolog\u00edas que se utilizan, aparte de las llamadas, de la Torre menciona aplicaciones de uso com\u00fan, como Skype o WhatsApp. Pero tambi\u00e9n han empezado a popularizarse apps espec\u00edficas de telemedicina. Se trata de plataformas para <strong>pedir cita con un m\u00e9dico online<\/strong>, como <a rel=\"noreferrer noopener\" href=\"https:\/\/www.movistar.es\/particulares\/telemedicina-medico-online\/?utm_campaign=movistar-salud-thinkbig&amp;utm_medium=referer&amp;utm_source=thinkbig&amp;utm_content=boom-telemedicina-covid-post\" target=\"_blank\">el servicio de Telemedicina de Movistar Salud<\/a>, que se completa con herramientas para compartir im\u00e1genes (de una herida, por ejemplo) con el facultativo y para hacer un prediagn\u00f3stico. Recuerda, adem\u00e1s, que si tienes cualquier duda sobre el servicio, puedes entrar en la <a href=\"https:\/\/blogthinkbig.com\/living-app-movistar-salud\" target=\"_blank\" rel=\"noreferrer noopener\">Living App Movistar Salud<\/a>. <\/p>\n\n\n\n<h2 class=\"wp-block-heading\" class=\"wp-block-heading\" id=\"telemedicina-con-la-covid-19-un-revulsivo-para-la-investigacion\">Telemedicina con la Covid-19: un revulsivo para la investigaci\u00f3n<\/h2>\n\n\n\n<figure class=\"wp-block-image size-large\"><img decoding=\"async\" src=\"https:\/\/blogthinkbig.com\/wp-content\/uploads\/sites\/4\/2020\/03\/djjdj.jpg?w=610\" alt=\"laboratorio chino investigaci\u00f3n\" class=\"wp-image-174845\" \/><\/figure>\n\n\n\n<p>La pandemia no solo ha supuesto un salto hacia adelante en la pr\u00e1ctica cl\u00ednica. El impulso de la telemedicina con la Covid-19 tambi\u00e9n se ha notado en el \u00e1mbito acad\u00e9mico y de laboratorio. De la Torre afirma que esta situaci\u00f3n ha sido <strong>\u201cun revulsivo para la investigaci\u00f3n en telemedicina\u201d<\/strong>. Se\u00f1ala que la medicina en remoto se investigaba y se intentaba llevar a la pr\u00e1ctica asistencial, pero esto \u00faltimo de una manera minoritaria.<\/p>\n\n\n\n<p>\u201cLa Covid afecta a todos los campos y a todas las especialidades. Creo que <strong>en todos estos meses de pandemia se ha publicado m\u00e1s de telemedicina que en ocho a\u00f1os anteriores<\/strong>, porque es algo muy nuevo. Lo \u00fanico con lo que hay que tener cuidado es que la calidad de las publicaciones a veces no es tan buena\u201d, cuenta la coordinadora del Grupo de Telemedicina y eSalud de la Universidad de Valladolid. Evidentemente, a mayor volumen y m\u00e1s prisas, la calidad puede resentirse. Pero el est\u00edmulo a la investigaci\u00f3n ha quedado patente. Son muchos los estudios que aparecen ahora sobre el tema, porque efectivamente hay un campo de pruebas mucho mayor.<\/p>\n\n\n\n<h2 class=\"wp-block-heading\" class=\"wp-block-heading\" id=\"la-telemedicina-el-futuro-se-entrelaza-con-el-presente\">La telemedicina: el futuro se entrelaza con el presente<\/h2>\n\n\n\n<p>En un estudio llevado a cabo por la Asociaci\u00f3n M\u00e9dica Americana (AMA) se expone que el 75% de las visitas a los m\u00e9dicos o a los servicios de urgencias podr\u00edan resolverse de forma efectiva por tel\u00e9fono o videoconferencia. Con estos mimbres no cabe duda de que el impulso se sostendr\u00e1 en cierta medida a futuro.<\/p>\n\n\n\n<p>La pandemia tambi\u00e9n ha servido <strong>como un curso de formaci\u00f3n acelerada para los m\u00e9dicos en teleasistencia<\/strong>. La plantilla de compa\u00f1\u00edas especializadas en telemedicina, como Teladoc Health, el partner de Movistar Salud, han adquirido experiencia en este tiempo. Tambi\u00e9n los facultativos que atienden en centros m\u00e9dicos. \u201cNosotros en estos meses ya hemos aprendido mucho de la atenci\u00f3n telef\u00f3nica, de hasta d\u00f3nde se puede llegar con el tel\u00e9fono y hasta d\u00f3nde no. Llevamos un bagaje de seis meses\u201d, resalta Naranjo.<\/p>\n\n\n\n<p>Desde luego quedan por implementar muchas mejoras en la telemedicina con la Covid-19 y tras su impacto, pero la parte t\u00e9cnica ya est\u00e1 resuelta en algunos casos. \u201cTodo lo que es anal\u00edtica de datos, lo que es usar inteligencia artificial para analizar informaci\u00f3n o para hacer diagn\u00f3sticos predictivos lo estamos haciendo\u201d, asegura de la Torre. \u201cYa en el Hospital Vall d&#8217;Hebron s\u00ed que han llevado a cabo alguna <strong>intervenci\u00f3n de telecirug\u00eda<\/strong>, pero esto es m\u00e1s a futuro\u201d. Hace hincapi\u00e9 en que es un camino largo y para recorrerlo da una recomendaci\u00f3n, tanto a investigadores como a sanitarios y a entidades: \u201cAqu\u00ed la clave es aunar esfuerzos para que cada uno aporte su peque\u00f1o granito de arena y que todos vayamos en la misma direcci\u00f3n\u201d.<\/p>\n","protected":false},"excerpt":{"rendered":"<p>Su progreso ha sido mete\u00f3rico, tanto a nivel pr\u00e1ctico como en el \u00e1mbito de la investigaci\u00f3n. Ya se puede decir que el crecimiento de la telemedicina con la Covid-19 ha sido impresionante. En tan solo [&hellip;]<\/p>\n","protected":false},"author":141,"featured_media":196,"comment_status":"closed","ping_status":"closed","sticky":false,"template":"","format":"standard","meta":{"site-sidebar-layout":"default","site-content-layout":"","ast-site-content-layout":"","site-content-style":"default","site-sidebar-style":"default","ast-global-header-display":"","ast-banner-title-visibility":"","ast-main-header-display":"","ast-hfb-above-header-display":"","ast-hfb-below-header-display":"","ast-hfb-mobile-header-display":"","site-post-title":"","ast-breadcrumbs-content":"","ast-featured-img":"","footer-sml-layout":"","theme-transparent-header-meta":"","adv-header-id-meta":"","stick-header-meta":"","header-above-stick-meta":"","header-main-stick-meta":"","header-below-stick-meta":"","astra-migrate-meta-layouts":"default","ast-page-background-enabled":"default","ast-page-background-meta":{"desktop":{"background-color":"var(--ast-global-color-4)","background-image":"","background-repeat":"repeat","background-position":"center center","background-size":"auto","background-attachment":"scroll","background-type":"","background-media":"","overlay-type":"","overlay-color":"","overlay-opacity":"","overlay-gradient":""},"tablet":{"background-color":"","background-image":"","background-repeat":"repeat","background-position":"center center","background-size":"auto","background-attachment":"scroll","background-type":"","background-media":"","overlay-type":"","overlay-color":"","overlay-opacity":"","overlay-gradient":""},"mobile":{"background-color":"","background-image":"","background-repeat":"repeat","background-position":"center center","background-size":"auto","background-attachment":"scroll","background-type":"","background-media":"","overlay-type":"","overlay-color":"","overlay-opacity":"","overlay-gradient":""}},"ast-content-background-meta":{"desktop":{"background-color":"var(--ast-global-color-5)","background-image":"","background-repeat":"repeat","background-position":"center center","background-size":"auto","background-attachment":"scroll","background-type":"","background-media":"","overlay-type":"","overlay-color":"","overlay-opacity":"","overlay-gradient":""},"tablet":{"background-color":"var(--ast-global-color-5)","background-image":"","background-repeat":"repeat","background-position":"center center","background-size":"auto","background-attachment":"scroll","background-type":"","background-media":"","overlay-type":"","overlay-color":"","overlay-opacity":"","overlay-gradient":""},"mobile":{"background-color":"var(--ast-global-color-5)","background-image":"","background-repeat":"repeat","background-position":"center center","background-size":"auto","background-attachment":"scroll","background-type":"","background-media":"","overlay-type":"","overlay-color":"","overlay-opacity":"","overlay-gradient":""}},"_jetpack_memberships_contains_paid_content":false,"footnotes":""},"categories":[1],"tags":[],"area":[7],"cluster":[99],"linea_editorial":[9],"coauthors":[537],"class_list":["post-2595","post","type-post","status-publish","format-standard","has-post-thumbnail","hentry","category-sin-categoria","area-digital-client","cluster-salud","linea_editorial-movistar"],"yoast_head":"<!-- This site is optimized with the Yoast SEO Premium plugin v25.5 (Yoast SEO v25.5) - https:\/\/yoast.com\/wordpress\/plugins\/seo\/ -->\n<title>Telemedicina con la covid-19: el avance de cinco a\u00f1os en meses<\/title>\n<meta name=\"description\" content=\"El crecimiento exponencial de la telemedicina ante la covid-19 ha propiciado que se d\u00e9 un salto de varios a\u00f1os en solo unos meses.\" \/>\n<meta name=\"robots\" content=\"index, follow, max-snippet:-1, max-image-preview:large, max-video-preview:-1\" \/>\n<link rel=\"canonical\" href=\"https:\/\/www.movistar.es\/blog\/salud\/telemedicina-con-la-covid-19\/\" \/>\n<meta property=\"og:locale\" content=\"es_ES\" \/>\n<meta property=\"og:type\" content=\"article\" \/>\n<meta property=\"og:title\" content=\"El boom de la telemedicina con la Covid-19: 5 a\u00f1os de progreso en apenas unos meses\" \/>\n<meta property=\"og:description\" content=\"El crecimiento exponencial de la telemedicina ante la covid-19 ha propiciado que se d\u00e9 un salto de varios a\u00f1os en solo unos meses.\" \/>\n<meta property=\"og:url\" content=\"https:\/\/www.movistar.es\/blog\/salud\/telemedicina-con-la-covid-19\/\" \/>\n<meta property=\"og:site_name\" content=\"Movistar blog\" \/>\n<meta property=\"article:author\" content=\"telefonica\" \/>\n<meta property=\"article:published_time\" content=\"2020-12-01T08:26:00+00:00\" \/>\n<meta property=\"article:modified_time\" content=\"2023-02-27T12:41:51+00:00\" \/>\n<meta property=\"og:image\" content=\"https:\/\/www.movistar.es\/blog\/wp-content\/uploads\/sites\/3\/2022\/04\/paciente-telemedicina.jpg\" \/>\n\t<meta property=\"og:image:width\" content=\"1920\" \/>\n\t<meta property=\"og:image:height\" content=\"1280\" \/>\n\t<meta property=\"og:image:type\" content=\"image\/jpeg\" \/>\n<meta name=\"author\" content=\"Equipo Digital Home de Telef\u00f3nica\" \/>\n<meta name=\"twitter:card\" content=\"summary_large_image\" \/>\n<meta name=\"twitter:creator\" content=\"@telefonica\" \/>\n<meta name=\"twitter:label1\" content=\"Written by\" \/>\n\t<meta name=\"twitter:data1\" content=\"Equipo Digital Home de Telef\u00f3nica\" \/>\n\t<meta name=\"twitter:label2\" content=\"Est. reading time\" \/>\n\t<meta name=\"twitter:data2\" content=\"8 minutos\" \/>\n<script type=\"application\/ld+json\" class=\"yoast-schema-graph\">{\"@context\":\"https:\/\/schema.org\",\"@graph\":[{\"@type\":\"Article\",\"@id\":\"https:\/\/www.movistar.es\/blog\/salud\/telemedicina-con-la-covid-19\/#article\",\"isPartOf\":{\"@id\":\"https:\/\/www.movistar.es\/blog\/salud\/telemedicina-con-la-covid-19\/\"},\"author\":{\"name\":\"Equipo Digital Home de Telef\u00f3nica\",\"@id\":\"https:\/\/www.movistar.es\/blog\/#\/schema\/person\/017db1b90e8802ac5dfd3618d922a394\"},\"headline\":\"El boom de la telemedicina con la Covid-19: 5 a\u00f1os de progreso en apenas unos meses\",\"datePublished\":\"2020-12-01T08:26:00+00:00\",\"dateModified\":\"2023-02-27T12:41:51+00:00\",\"mainEntityOfPage\":{\"@id\":\"https:\/\/www.movistar.es\/blog\/salud\/telemedicina-con-la-covid-19\/\"},\"wordCount\":1619,\"publisher\":{\"@id\":\"https:\/\/www.movistar.es\/blog\/#organization\"},\"image\":{\"@id\":\"https:\/\/www.movistar.es\/blog\/salud\/telemedicina-con-la-covid-19\/#primaryimage\"},\"thumbnailUrl\":\"https:\/\/www.movistar.es\/blog\/wp-content\/uploads\/sites\/3\/2022\/04\/paciente-telemedicina.jpg\",\"inLanguage\":\"es\"},{\"@type\":\"WebPage\",\"@id\":\"https:\/\/www.movistar.es\/blog\/salud\/telemedicina-con-la-covid-19\/\",\"url\":\"https:\/\/www.movistar.es\/blog\/salud\/telemedicina-con-la-covid-19\/\",\"name\":\"Telemedicina con la covid-19: el avance de cinco a\u00f1os en meses\",\"isPartOf\":{\"@id\":\"https:\/\/www.movistar.es\/blog\/#website\"},\"primaryImageOfPage\":{\"@id\":\"https:\/\/www.movistar.es\/blog\/salud\/telemedicina-con-la-covid-19\/#primaryimage\"},\"image\":{\"@id\":\"https:\/\/www.movistar.es\/blog\/salud\/telemedicina-con-la-covid-19\/#primaryimage\"},\"thumbnailUrl\":\"https:\/\/www.movistar.es\/blog\/wp-content\/uploads\/sites\/3\/2022\/04\/paciente-telemedicina.jpg\",\"datePublished\":\"2020-12-01T08:26:00+00:00\",\"dateModified\":\"2023-02-27T12:41:51+00:00\",\"description\":\"El crecimiento exponencial de la telemedicina ante la covid-19 ha propiciado que se d\u00e9 un salto de varios a\u00f1os en solo unos meses.\",\"breadcrumb\":{\"@id\":\"https:\/\/www.movistar.es\/blog\/salud\/telemedicina-con-la-covid-19\/#breadcrumb\"},\"inLanguage\":\"es\",\"potentialAction\":[{\"@type\":\"ReadAction\",\"target\":[\"https:\/\/www.movistar.es\/blog\/salud\/telemedicina-con-la-covid-19\/\"]}]},{\"@type\":\"ImageObject\",\"inLanguage\":\"es\",\"@id\":\"https:\/\/www.movistar.es\/blog\/salud\/telemedicina-con-la-covid-19\/#primaryimage\",\"url\":\"https:\/\/www.movistar.es\/blog\/wp-content\/uploads\/sites\/3\/2022\/04\/paciente-telemedicina.jpg\",\"contentUrl\":\"https:\/\/www.movistar.es\/blog\/wp-content\/uploads\/sites\/3\/2022\/04\/paciente-telemedicina.jpg\",\"width\":1920,\"height\":1280},{\"@type\":\"BreadcrumbList\",\"@id\":\"https:\/\/www.movistar.es\/blog\/salud\/telemedicina-con-la-covid-19\/#breadcrumb\",\"itemListElement\":[{\"@type\":\"ListItem\",\"position\":1,\"name\":\"Home\",\"item\":\"https:\/\/www.movistar.es\/blog\/\"},{\"@type\":\"ListItem\",\"position\":2,\"name\":\"El boom de la telemedicina con la Covid-19: 5 a\u00f1os de progreso en apenas unos meses\"}]},{\"@type\":\"WebSite\",\"@id\":\"https:\/\/www.movistar.es\/blog\/#website\",\"url\":\"https:\/\/www.movistar.es\/blog\/\",\"name\":\"Movistar blog\",\"description\":\"Movistar Blog. Informaci\u00f3n y m\u00e1s sobre los productos y servicios de Movistar\",\"publisher\":{\"@id\":\"https:\/\/www.movistar.es\/blog\/#organization\"},\"potentialAction\":[{\"@type\":\"SearchAction\",\"target\":{\"@type\":\"EntryPoint\",\"urlTemplate\":\"https:\/\/www.movistar.es\/blog\/?s={search_term_string}\"},\"query-input\":{\"@type\":\"PropertyValueSpecification\",\"valueRequired\":true,\"valueName\":\"search_term_string\"}}],\"inLanguage\":\"es\"},{\"@type\":\"Organization\",\"@id\":\"https:\/\/www.movistar.es\/blog\/#organization\",\"name\":\"Movistar blog\",\"url\":\"https:\/\/www.movistar.es\/blog\/\",\"logo\":{\"@type\":\"ImageObject\",\"inLanguage\":\"es\",\"@id\":\"https:\/\/www.movistar.es\/blog\/#\/schema\/logo\/image\/\",\"url\":\"https:\/\/www.movistar.es\/blog\/wp-content\/uploads\/sites\/3\/2022\/05\/logo_movistar-1.svg\",\"contentUrl\":\"https:\/\/www.movistar.es\/blog\/wp-content\/uploads\/sites\/3\/2022\/05\/logo_movistar-1.svg\",\"width\":369,\"height\":272,\"caption\":\"Movistar blog\"},\"image\":{\"@id\":\"https:\/\/www.movistar.es\/blog\/#\/schema\/logo\/image\/\"}},{\"@type\":\"Person\",\"@id\":\"https:\/\/www.movistar.es\/blog\/#\/schema\/person\/017db1b90e8802ac5dfd3618d922a394\",\"name\":\"Equipo Digital Home de Telef\u00f3nica\",\"image\":{\"@type\":\"ImageObject\",\"inLanguage\":\"es\",\"@id\":\"https:\/\/www.movistar.es\/blog\/#\/schema\/person\/image\/e6431db462646a778ad8d8ec435ad57e\",\"url\":\"https:\/\/secure.gravatar.com\/avatar\/bd5d081bad86885415e3c00f9694e72a561b53c12628d54d9a8b054807e947a7\",\"contentUrl\":\"https:\/\/secure.gravatar.com\/avatar\/bd5d081bad86885415e3c00f9694e72a561b53c12628d54d9a8b054807e947a7\",\"caption\":\"Equipo Digital Home de Telef\u00f3nica\"},\"description\":\"En el equipo de Hogar Digital de Telef\u00f3nica somos expertos en conectividad, tecnolog\u00eda e innovaci\u00f3n. Dise\u00f1amos productos y dispositivos inteligentes pensados para el hogar. En este blog te contamos las caracter\u00edsticas y como sacar partido a tu hogar conectado. Desde un asistente de voz (AURA) hasta living apps para disfrutar en Movistar Plus+.\",\"sameAs\":[\"https:\/\/www.telefonica.com\/es\/\",\"telefonica\",\"https:\/\/www.instagram.com\/telefonica\",\"https:\/\/www.linkedin.com\/company\/telefonica\",\"https:\/\/x.com\/telefonica\",\"https:\/\/www.youtube.com\/channel\/UC7LZo_P6m0W7SDDA8h3CLvg\",\"https:\/\/es.wikipedia.org\/wiki\/Telefnica\"],\"knowsAbout\":[\"innovaci\u00f3n\",\"tecnolog\u00eda\",\"hogar digital\",\"hogar inteligente\"],\"worksFor\":\"Telef\u00f3nica\",\"url\":\"https:\/\/www.movistar.es\/blog\/author\/digitalhome\/\"}]}<\/script>\n<!-- \/ Yoast SEO Premium plugin. -->","yoast_head_json":{"title":"Telemedicina con la covid-19: el avance de cinco a\u00f1os en meses","description":"El crecimiento exponencial de la telemedicina ante la covid-19 ha propiciado que se d\u00e9 un salto de varios a\u00f1os en solo unos meses.","robots":{"index":"index","follow":"follow","max-snippet":"max-snippet:-1","max-image-preview":"max-image-preview:large","max-video-preview":"max-video-preview:-1"},"canonical":"https:\/\/www.movistar.es\/blog\/salud\/telemedicina-con-la-covid-19\/","og_locale":"es_ES","og_type":"article","og_title":"El boom de la telemedicina con la Covid-19: 5 a\u00f1os de progreso en apenas unos meses","og_description":"El crecimiento exponencial de la telemedicina ante la covid-19 ha propiciado que se d\u00e9 un salto de varios a\u00f1os en solo unos meses.","og_url":"https:\/\/www.movistar.es\/blog\/salud\/telemedicina-con-la-covid-19\/","og_site_name":"Movistar blog","article_author":"telefonica","article_published_time":"2020-12-01T08:26:00+00:00","article_modified_time":"2023-02-27T12:41:51+00:00","og_image":[{"width":1920,"height":1280,"url":"https:\/\/www.movistar.es\/blog\/wp-content\/uploads\/sites\/3\/2022\/04\/paciente-telemedicina.jpg","type":"image\/jpeg"}],"author":"Equipo Digital Home de Telef\u00f3nica","twitter_card":"summary_large_image","twitter_creator":"@telefonica","twitter_misc":{"Written by":"Equipo Digital Home de Telef\u00f3nica","Est. reading time":"8 minutos"},"schema":{"@context":"https:\/\/schema.org","@graph":[{"@type":"Article","@id":"https:\/\/www.movistar.es\/blog\/salud\/telemedicina-con-la-covid-19\/#article","isPartOf":{"@id":"https:\/\/www.movistar.es\/blog\/salud\/telemedicina-con-la-covid-19\/"},"author":{"name":"Equipo Digital Home de Telef\u00f3nica","@id":"https:\/\/www.movistar.es\/blog\/#\/schema\/person\/017db1b90e8802ac5dfd3618d922a394"},"headline":"El boom de la telemedicina con la Covid-19: 5 a\u00f1os de progreso en apenas unos meses","datePublished":"2020-12-01T08:26:00+00:00","dateModified":"2023-02-27T12:41:51+00:00","mainEntityOfPage":{"@id":"https:\/\/www.movistar.es\/blog\/salud\/telemedicina-con-la-covid-19\/"},"wordCount":1619,"publisher":{"@id":"https:\/\/www.movistar.es\/blog\/#organization"},"image":{"@id":"https:\/\/www.movistar.es\/blog\/salud\/telemedicina-con-la-covid-19\/#primaryimage"},"thumbnailUrl":"https:\/\/www.movistar.es\/blog\/wp-content\/uploads\/sites\/3\/2022\/04\/paciente-telemedicina.jpg","inLanguage":"es"},{"@type":"WebPage","@id":"https:\/\/www.movistar.es\/blog\/salud\/telemedicina-con-la-covid-19\/","url":"https:\/\/www.movistar.es\/blog\/salud\/telemedicina-con-la-covid-19\/","name":"Telemedicina con la covid-19: el avance de cinco a\u00f1os en meses","isPartOf":{"@id":"https:\/\/www.movistar.es\/blog\/#website"},"primaryImageOfPage":{"@id":"https:\/\/www.movistar.es\/blog\/salud\/telemedicina-con-la-covid-19\/#primaryimage"},"image":{"@id":"https:\/\/www.movistar.es\/blog\/salud\/telemedicina-con-la-covid-19\/#primaryimage"},"thumbnailUrl":"https:\/\/www.movistar.es\/blog\/wp-content\/uploads\/sites\/3\/2022\/04\/paciente-telemedicina.jpg","datePublished":"2020-12-01T08:26:00+00:00","dateModified":"2023-02-27T12:41:51+00:00","description":"El crecimiento exponencial de la telemedicina ante la covid-19 ha propiciado que se d\u00e9 un salto de varios a\u00f1os en solo unos meses.","breadcrumb":{"@id":"https:\/\/www.movistar.es\/blog\/salud\/telemedicina-con-la-covid-19\/#breadcrumb"},"inLanguage":"es","potentialAction":[{"@type":"ReadAction","target":["https:\/\/www.movistar.es\/blog\/salud\/telemedicina-con-la-covid-19\/"]}]},{"@type":"ImageObject","inLanguage":"es","@id":"https:\/\/www.movistar.es\/blog\/salud\/telemedicina-con-la-covid-19\/#primaryimage","url":"https:\/\/www.movistar.es\/blog\/wp-content\/uploads\/sites\/3\/2022\/04\/paciente-telemedicina.jpg","contentUrl":"https:\/\/www.movistar.es\/blog\/wp-content\/uploads\/sites\/3\/2022\/04\/paciente-telemedicina.jpg","width":1920,"height":1280},{"@type":"BreadcrumbList","@id":"https:\/\/www.movistar.es\/blog\/salud\/telemedicina-con-la-covid-19\/#breadcrumb","itemListElement":[{"@type":"ListItem","position":1,"name":"Home","item":"https:\/\/www.movistar.es\/blog\/"},{"@type":"ListItem","position":2,"name":"El boom de la telemedicina con la Covid-19: 5 a\u00f1os de progreso en apenas unos meses"}]},{"@type":"WebSite","@id":"https:\/\/www.movistar.es\/blog\/#website","url":"https:\/\/www.movistar.es\/blog\/","name":"Movistar blog","description":"Movistar Blog. Informaci\u00f3n y m\u00e1s sobre los productos y servicios de Movistar","publisher":{"@id":"https:\/\/www.movistar.es\/blog\/#organization"},"potentialAction":[{"@type":"SearchAction","target":{"@type":"EntryPoint","urlTemplate":"https:\/\/www.movistar.es\/blog\/?s={search_term_string}"},"query-input":{"@type":"PropertyValueSpecification","valueRequired":true,"valueName":"search_term_string"}}],"inLanguage":"es"},{"@type":"Organization","@id":"https:\/\/www.movistar.es\/blog\/#organization","name":"Movistar blog","url":"https:\/\/www.movistar.es\/blog\/","logo":{"@type":"ImageObject","inLanguage":"es","@id":"https:\/\/www.movistar.es\/blog\/#\/schema\/logo\/image\/","url":"https:\/\/www.movistar.es\/blog\/wp-content\/uploads\/sites\/3\/2022\/05\/logo_movistar-1.svg","contentUrl":"https:\/\/www.movistar.es\/blog\/wp-content\/uploads\/sites\/3\/2022\/05\/logo_movistar-1.svg","width":369,"height":272,"caption":"Movistar blog"},"image":{"@id":"https:\/\/www.movistar.es\/blog\/#\/schema\/logo\/image\/"}},{"@type":"Person","@id":"https:\/\/www.movistar.es\/blog\/#\/schema\/person\/017db1b90e8802ac5dfd3618d922a394","name":"Equipo Digital Home de Telef\u00f3nica","image":{"@type":"ImageObject","inLanguage":"es","@id":"https:\/\/www.movistar.es\/blog\/#\/schema\/person\/image\/e6431db462646a778ad8d8ec435ad57e","url":"https:\/\/secure.gravatar.com\/avatar\/bd5d081bad86885415e3c00f9694e72a561b53c12628d54d9a8b054807e947a7","contentUrl":"https:\/\/secure.gravatar.com\/avatar\/bd5d081bad86885415e3c00f9694e72a561b53c12628d54d9a8b054807e947a7","caption":"Equipo Digital Home de Telef\u00f3nica"},"description":"En el equipo de Hogar Digital de Telef\u00f3nica somos expertos en conectividad, tecnolog\u00eda e innovaci\u00f3n. Dise\u00f1amos productos y dispositivos inteligentes pensados para el hogar. En este blog te contamos las caracter\u00edsticas y como sacar partido a tu hogar conectado. Desde un asistente de voz (AURA) hasta living apps para disfrutar en Movistar Plus+.","sameAs":["https:\/\/www.telefonica.com\/es\/","telefonica","https:\/\/www.instagram.com\/telefonica","https:\/\/www.linkedin.com\/company\/telefonica","https:\/\/x.com\/telefonica","https:\/\/www.youtube.com\/channel\/UC7LZo_P6m0W7SDDA8h3CLvg","https:\/\/es.wikipedia.org\/wiki\/Telefnica"],"knowsAbout":["innovaci\u00f3n","tecnolog\u00eda","hogar digital","hogar inteligente"],"worksFor":"Telef\u00f3nica","url":"https:\/\/www.movistar.es\/blog\/author\/digitalhome\/"}]}},"jetpack_featured_media_url":"https:\/\/www.movistar.es\/blog\/wp-content\/uploads\/sites\/3\/2022\/04\/paciente-telemedicina.jpg","jetpack_sharing_enabled":true,"_links":{"self":[{"href":"https:\/\/www.movistar.es\/blog\/wp-json\/wp\/v2\/posts\/2595","targetHints":{"allow":["GET"]}}],"collection":[{"href":"https:\/\/www.movistar.es\/blog\/wp-json\/wp\/v2\/posts"}],"about":[{"href":"https:\/\/www.movistar.es\/blog\/wp-json\/wp\/v2\/types\/post"}],"author":[{"embeddable":true,"href":"https:\/\/www.movistar.es\/blog\/wp-json\/wp\/v2\/users\/141"}],"replies":[{"embeddable":true,"href":"https:\/\/www.movistar.es\/blog\/wp-json\/wp\/v2\/comments?post=2595"}],"version-history":[{"count":1,"href":"https:\/\/www.movistar.es\/blog\/wp-json\/wp\/v2\/posts\/2595\/revisions"}],"predecessor-version":[{"id":2969,"href":"https:\/\/www.movistar.es\/blog\/wp-json\/wp\/v2\/posts\/2595\/revisions\/2969"}],"wp:featuredmedia":[{"embeddable":true,"href":"https:\/\/www.movistar.es\/blog\/wp-json\/wp\/v2\/media\/196"}],"wp:attachment":[{"href":"https:\/\/www.movistar.es\/blog\/wp-json\/wp\/v2\/media?parent=2595"}],"wp:term":[{"taxonomy":"category","embeddable":true,"href":"https:\/\/www.movistar.es\/blog\/wp-json\/wp\/v2\/categories?post=2595"},{"taxonomy":"post_tag","embeddable":true,"href":"https:\/\/www.movistar.es\/blog\/wp-json\/wp\/v2\/tags?post=2595"},{"taxonomy":"area","embeddable":true,"href":"https:\/\/www.movistar.es\/blog\/wp-json\/wp\/v2\/area?post=2595"},{"taxonomy":"cluster","embeddable":true,"href":"https:\/\/www.movistar.es\/blog\/wp-json\/wp\/v2\/cluster?post=2595"},{"taxonomy":"linea_editorial","embeddable":true,"href":"https:\/\/www.movistar.es\/blog\/wp-json\/wp\/v2\/linea_editorial?post=2595"},{"taxonomy":"author","embeddable":true,"href":"https:\/\/www.movistar.es\/blog\/wp-json\/wp\/v2\/coauthors?post=2595"}],"curies":[{"name":"wp","href":"https:\/\/api.w.org\/{rel}","templated":true}]}}