{"id":2557,"date":"2020-11-13T10:29:00","date_gmt":"2020-11-13T09:29:00","guid":{"rendered":"https:\/\/www.movistar.es\/blog\/series-en-movistar-plus\/"},"modified":"2023-03-17T12:10:44","modified_gmt":"2023-03-17T11:10:44","slug":"series-en-movistar-plus","status":"publish","type":"post","link":"https:\/\/www.movistar.es\/blog\/movistar-plus\/series-en-movistar-plus\/","title":{"rendered":"Movistar Plus+: tres a\u00f1os apostando por la producci\u00f3n nacional"},"content":{"rendered":"\n<p>Desde los inicios de <a href=\"https:\/\/www.youtube.com\/watch?v=7A0U6kQNCN0\" target=\"_blank\" rel=\"noreferrer noopener\">Movistar+<\/a>, all\u00e1 por el a\u00f1o 2015, la plataforma siempre ha mostrado su <strong>apuesta por contenidos de calidad<\/strong>, ofreciendo series reconocidas por el p\u00fablico como <em>Breaking Bad<\/em>, <em>Outlander <\/em>o <em>The Affair<\/em>.<\/p>\n\n\n\n<p>Sin embargo, es en 2016 cuando la compa\u00f1\u00eda anunci\u00f3 su <strong>primera iniciativa de producci\u00f3n de ficci\u00f3n propia<\/strong>: <em>La Peste<\/em>. Esta serie no ver\u00eda la luz hasta enero del 2018, suponiendo una gran apuesta para la plataforma espa\u00f1ola, cuyos resultados superaron el \u00e9xito esperado, y dando paso a una <strong>nueva era de contenidos originales bajo la marca de <a href=\"https:\/\/ver.movistarplus.es\/\" target=\"_blank\" rel=\"noreferrer noopener\">Movistar+<\/a><\/strong>.<\/p>\n\n\n\n<p>De manera que: \u00bfc\u00f3mo han evolucionado los contenidos propios desde el lanzamiento de <em>La Peste<\/em> hasta la actualidad, con el \u00faltimo estreno de la serie <em>Antidisturbios<\/em>? En este art\u00edculo, haremos un an\u00e1lisis y un repaso de las ficciones de la plataforma de contenidos de Telef\u00f3nica.<\/p>\n\n\n\n<h2 class=\"wp-block-heading\" class=\"wp-block-heading\" id=\"un-recorrido-por-los-tres-ultimos-anos-de-ficciones-en-movistar\">Un recorrido por los tres \u00faltimos a\u00f1os de ficciones en Movistar+<\/h2>\n\n\n\n<p>En la primera tanda de series originales destacaron t\u00edtulos como <strong><em>La Peste<\/em>,<em> Gigantes, F\u00e9lix<\/em>,<em> Matar al Padre<\/em>, <em>El d\u00eda de ma\u00f1ana o Arde Madrid<\/em><\/strong>.<\/p>\n\n\n\n<figure class=\"wp-block-image size-large\"><img decoding=\"async\" src=\"https:\/\/blogthinkbig.com\/wp-content\/uploads\/sites\/4\/2020\/10\/series_movistar_plus.jpg?w=610\" alt=\"Series Movistar Plus\" class=\"wp-image-189139\"\/><figcaption>Arde Madrid (Movistar+)<\/figcaption><\/figure>\n\n\n\n<p>Pero, \u00bfqu\u00e9 tienen en com\u00fan todos ellos? Son series que <strong>recrean diferentes etapas vividas por la sociedad espa\u00f1ola<\/strong> a lo largo de los a\u00f1os. Es decir, la gran apuesta de las ficciones del 2018 se localiza en dar visibilidad a \u00e9pocas y personas que se han desarrollado y han vivido a lo largo de los a\u00f1os en nuestro pa\u00eds, pero de las cuales carecemos de informaci\u00f3n.<\/p>\n\n\n\n<p>Sin duda, los contenidos audiovisuales son una fant\u00e1stica herramienta para <strong>mostrar a la ciudadan\u00eda aspectos que desconocen<\/strong> o que requieren de un mayor conocimiento por parte de la sociedad. Siendo aqu\u00ed donde se sit\u00faa la labor de las series de Movistar+. <\/p>\n\n\n\n<p>Por un lado, <em>La Peste<\/em> nos acerca a los telespectadores, a partir de una escenograf\u00eda donde la oscuridad es el principal protagonista, <strong>al sufrimiento de los espa\u00f1oles durante el siglo XVI por la peste<\/strong>. Donde lanzan distintas reflexiones sobre las jerarqu\u00edas y el statu quo al p\u00fablico.<\/p>\n\n\n\n<figure class=\"wp-block-embed is-type-video is-provider-youtube wp-block-embed-youtube wp-embed-aspect-16-9 wp-has-aspect-ratio\"><div class=\"wp-block-embed__wrapper\">\n<div class=\"wp-block-embed__wrapper\"><div class=\"ast-oembed-container \" style=\"height: 100%;\"><iframe loading=\"lazy\" title=\"La Peste [tr\u00e1iler] | Una serie original de Movistar+\" width=\"1040\" height=\"585\" src=\"https:\/\/www.youtube.com\/embed\/JRl6Dy7I8SA?feature=oembed\" frameborder=\"0\" allow=\"accelerometer; autoplay; clipboard-write; encrypted-media; gyroscope; picture-in-picture; web-share\" referrerpolicy=\"strict-origin-when-cross-origin\" allowfullscreen><\/iframe><\/div><\/div>\n<\/div><\/figure>\n\n\n\n<p>En esta misma l\u00ednea, podemos situar a la ficci\u00f3n <em>El d\u00eda de ma\u00f1ana<\/em>, <strong>una historia sobre la vida en una Barcelona tardofranquista<\/strong>, que nos transporta a una de las \u00e9pocas m\u00e1s desconocidas de Espa\u00f1a: los diez a\u00f1os anteriores tras la muerte de Franco. O la ficci\u00f3n <em>Arde Madrid<\/em> que nos introduce en la <strong>Espa\u00f1a franquista en contraste con la modernidad <\/strong>que representa la estrella de Hollywood, Ava Gardner, todo ello con una escenificaci\u00f3n en blanco y negro.<\/p>\n\n\n\n<p>Las primeras series originales de Movistar+, no solo buscan entretener al espectador, sino que pretenden<strong> introducir al p\u00fablico en las tramas<\/strong> y en los distintos ambientes donde se desarrolla la ficci\u00f3n, logrando que el telespectador se ponga en la piel de los personajes.<\/p>\n\n\n\n<h3 class=\"wp-block-heading\" class=\"wp-block-heading\" id=\"2018-no-solo-thrillers-tambien-comedia-y-anime\">2018: no solo thrillers, tambi\u00e9n comedia y anime<\/h3>\n\n\n\n<p>Sin embargo, aunque la mayor apuesta durante el 2018 fueron contenidos sobre momentos clave que han acontecido a la historia espa\u00f1ola. Tambi\u00e9n, hay sitio para la comedia o el anime con <strong><em>Mira lo que has hecho<\/em> y <em>Virtual Hero<\/em><\/strong>, respectivamente.<\/p>\n\n\n\n<p>La serie dirigida y protagonizada por Berto Romero, <em>Mira lo que has hecho<\/em>, llega para mostrarnos la realidad de ser padres, abordando temas de actualidad como la conciliaci\u00f3n familiar. Mientras que otra de las apuestas m\u00e1s sorprendentes de Movistar+ llega con <em>Virtual Hero<\/em>, una serie animada sobre el youtuber El Rubius, dirigi\u00e9ndose a un p\u00fablico m\u00e1s joven.<\/p>\n\n\n\n<figure class=\"wp-block-embed is-type-video is-provider-youtube wp-block-embed-youtube wp-embed-aspect-16-9 wp-has-aspect-ratio\"><div class=\"wp-block-embed__wrapper\">\n<div class=\"wp-block-embed__wrapper\"><div class=\"ast-oembed-container \" style=\"height: 100%;\"><iframe loading=\"lazy\" title=\"Mira lo que has hecho: Trailer | Movistar+\" width=\"1040\" height=\"585\" src=\"https:\/\/www.youtube.com\/embed\/Qv1nRlct5a4?feature=oembed\" frameborder=\"0\" allow=\"accelerometer; autoplay; clipboard-write; encrypted-media; gyroscope; picture-in-picture; web-share\" referrerpolicy=\"strict-origin-when-cross-origin\" allowfullscreen><\/iframe><\/div><\/div>\n<\/div><\/figure>\n\n\n\n<p>Como podemos ver,  la temporada 2018 fue muy variada. Movistar+ <strong>no apost\u00f3 por un \u00fanico g\u00e9nero, sino que se lanz\u00f3 a la creaci\u00f3n de thrillers, comedias e incluso animaci\u00f3n<\/strong>. De esta manera, se sit\u00faa como una plataforma apta para todos los p\u00fablicos y todos los gustos, dirigi\u00e9ndose tanto a un p\u00fablico de gustos m\u00e1s independientes como a un p\u00fablico m\u00e1s generalista. <\/p>\n\n\n\n<h3 class=\"wp-block-heading\" class=\"wp-block-heading\" id=\"2019-una-temporada-de-nuevas-apuestas-con-un-thriller-erotico-y-una-miniserie\">2019: una temporada de nuevas apuestas con un thriller er\u00f3tico y una miniserie<\/h3>\n\n\n\n<p>As\u00ed, la temporada de <strong>series de 2019 lleg\u00f3 pisando fuerte<\/strong> de la mano de t\u00edtulos como <em>El Embarcadero<\/em>, <em>Vida Perfecta<\/em>, <em>El corredor de la muerte<\/em>, <em>Hierro<\/em>, <em>Instinto<\/em>, <em>Justo antes de Cristo<\/em>, junto con nuevas temporadas de <em>La Peste<\/em> o <em>Velvet Colecci\u00f3n<\/em> y el <em>spin-off <\/em>de <em>Merl\u00ed: Sapere Aude<\/em>.<\/p>\n\n\n\n<p>En esta ocasi\u00f3n, la l\u00ednea de contenidos que sigue la plataforma es similar a la del 2018. Por un lado, siguen apostando por el g\u00e9nero thriller con <em>El Embarcadero<\/em> y por la comedia con <em>Vida Perfecta<\/em> y <em>Justo Antes de Cristo<\/em>. <\/p>\n\n\n\n<p>Si en la anterior temporada dec\u00edamos que la serie de Berto Romero, <em>Mira lo que has hecho<\/em>, nos introduc\u00eda en la vida real de una pareja de padres con sucesos del d\u00eda a d\u00eda. En esta nueva temporada, <a href=\"https:\/\/blogthinkbig.com\/guia-movistar-movistar-plus\" data-type=\"URL\" data-id=\"https:\/\/blogthinkbig.com\/guia-movistar-movistar-plus\" target=\"_blank\" rel=\"noreferrer noopener\">Movistar+<\/a> apuesta por la serie dirigida y protagonizada por Leticia Dolera, <em>Vida Perfecta<\/em>, adentr\u00e1ndonos en los hogares de tres mujeres y mostr\u00e1ndonos c\u00f3mo es la vida a partir de los 30, cuando nada es c\u00f3mo esperabas que fuera.<\/p>\n\n\n\n<figure class=\"wp-block-embed is-type-video is-provider-youtube wp-block-embed-youtube wp-embed-aspect-16-9 wp-has-aspect-ratio\"><div class=\"wp-block-embed__wrapper\">\n<div class=\"wp-block-embed__wrapper\"><div class=\"ast-oembed-container \" style=\"height: 100%;\"><iframe loading=\"lazy\" title=\"Vida perfecta: Tr\u00e1iler oficial | Movistar+\" width=\"1040\" height=\"585\" src=\"https:\/\/www.youtube.com\/embed\/415xvXxK_fY?feature=oembed\" frameborder=\"0\" allow=\"accelerometer; autoplay; clipboard-write; encrypted-media; gyroscope; picture-in-picture; web-share\" referrerpolicy=\"strict-origin-when-cross-origin\" allowfullscreen><\/iframe><\/div><\/div>\n<\/div><\/figure>\n\n\n\n<p>Por otro lado, la plataforma <strong>lanza otras tres grandes y arriesgadas propuestas<\/strong>, diferentes con respecto al a\u00f1o anterior:<\/p>\n\n\n\n<ul class=\"wp-block-list\"><li><em>Instinto<\/em>, un <strong>thriller er\u00f3tico<\/strong> protagonizado por Mario Casas y Silvia Alonso.<br><\/li><li><em>El Corredor de la Muerte<\/em>, una miniserie protagonizada por Miguel \u00c1ngel Silvestre, cuya <strong>trama real se desarrolla en torno a la vida de Pablo Ibar<\/strong>.<br><\/li><li><em>Hierro<\/em>, una <strong>apuesta por el g\u00e9nero independiente<\/strong>, trat\u00e1ndose de una coproducci\u00f3n entre la productora gallega Portocabo, la francesa Atlantique Productions y el canal ARTE France.<\/li><\/ul>\n\n\n\n<p>La clave de las series del 2019, por un lado, reside en la apuesta por contenidos seguros, siguiendo los pasos del a\u00f1o anterior, con thrillers y ficciones similares. Mientras que, por otro lado, han arriesgado por el g\u00e9nero de miniserie, \u00faltimamente en mayor uso, junto con un thriller er\u00f3tico y una mayor apuesta por las series independientes. <\/p>\n\n\n\n<h3 class=\"wp-block-heading\" class=\"wp-block-heading\" id=\"2020-tres-grandes-producciones-ambientadas-en-la-espana-de-los-ultimos-anos\">2020: tres grandes producciones ambientadas en la Espa\u00f1a de los \u00faltimos a\u00f1os<\/h3>\n\n\n\n<p>Y lleg\u00f3 el 2020, un a\u00f1o que ha tra\u00eddo consigo una gran crisis que ha afectado a diversos sectores, entre ellos, el de la cultura. A pesar de ello, Movistar+ ha seguido luchando por estrenar sus series originales y por seguir creando contenido propio. <\/p>\n\n\n\n<p>T\u00edtulos como <em>La l\u00ednea invisible<\/em>, <em>La Unidad<\/em> o <em>Antidisturbios <\/em>se han hecho eco, tanto en la prensa como en los salones de los espectadores. En este caso, tres producciones que han apostado por la narraci\u00f3n de <strong>contenidos reales que se han desarrollado a lo largo de las \u00faltimas d\u00e9cadas en Espa\u00f1a<\/strong>. <\/p>\n\n\n\n<figure class=\"wp-block-image size-large\"><img decoding=\"async\" src=\"https:\/\/blogthinkbig.com\/wp-content\/uploads\/sites\/4\/2020\/10\/series_movistar_plus-1.jpg?w=610\" alt=\"Series Movistar Plus\" class=\"wp-image-189143\"\/><figcaption>La Unidad (Movistar+)<\/figcaption><\/figure>\n\n\n\n<p>De la mano de estos contenidos, Movistar+ nos muestra que un extenso trabajo de investigaci\u00f3n y de recopilaci\u00f3n de informaci\u00f3n, logra guiar a la sociedad por todas las partes de una historia.<\/p>\n\n\n\n<p>Por un lado, nos introduce en una realidad que ha afectado a la sociedad espa\u00f1ola durante d\u00e9cadas con <strong><em>La L\u00ednea Invisible<\/em><\/strong>. Una serie que aborda los <strong>inicios de la banda terrorista de ETA<\/strong>, cuando el l\u00edder, Txabi Etxebarrieta, decidi\u00f3 cruzar la l\u00ednea y asesinar a la primera de las 853 v\u00edctimas de la organizaci\u00f3n.<\/p>\n\n\n\n<p>Tras esta apuesta arriesgada llega <strong><em>La Unidad<\/em><\/strong> que nos muestra c\u00f3mo la polic\u00eda descubre y desactiva las <strong>c\u00e9lulas terroristas infiltradas<\/strong>. Una serie basada en testimonios de altos profesionales de la lucha antiterrorista. <br>Mientras que, el \u00faltimo estreno de la plataforma de contenidos llega con <strong><em>Antidisturbios<\/em><\/strong>, una serie que narra la <strong>historia de un grupo de antidisturbios tras un incidente en un desahucio<\/strong> y que nos acerca a la vida de estos profesionales de las fuerzas del Estado.<\/p>\n\n\n\n<figure class=\"wp-block-embed is-type-video is-provider-youtube wp-block-embed-youtube wp-embed-aspect-16-9 wp-has-aspect-ratio\"><div class=\"wp-block-embed__wrapper\">\n<div class=\"wp-block-embed__wrapper\"><div class=\"ast-oembed-container \" style=\"height: 100%;\"><iframe loading=\"lazy\" title=\"Antidisturbios - Tr\u00e1iler oficial | Movistar+\" width=\"1040\" height=\"585\" src=\"https:\/\/www.youtube.com\/embed\/e5vxS65tgOA?feature=oembed\" frameborder=\"0\" allow=\"accelerometer; autoplay; clipboard-write; encrypted-media; gyroscope; picture-in-picture; web-share\" referrerpolicy=\"strict-origin-when-cross-origin\" allowfullscreen><\/iframe><\/div><\/div>\n<\/div><\/figure>\n\n\n\n<h2 class=\"wp-block-heading\" class=\"wp-block-heading\" id=\"de-la-espana-del-siglo-xvi-hasta-la-actual-como-han-evolucionado-las-series-de-movistar\">De la Espa\u00f1a del siglo XVI hasta la actual: c\u00f3mo han evolucionado las series de Movistar+<\/h2>\n\n\n\n<p>Los contenidos de esta plataforma son una apuesta clara por las narraciones de la historia espa\u00f1ola. Hasta la llegada de las series originales de esta plataforma, eran escasas las ficciones donde pod\u00edamos ver tramas en torno a sucesos clave y pol\u00e9micos que han marcado a nuestra sociedad.<\/p>\n\n\n\n<p>Mientras que las primeras series del 2018 focalizan en la historia de nuestros antepasados y en momentos esenciales que nos explican<strong> c\u00f3mo hemos llegado hasta la actualidad<\/strong>. Las \u00faltimas ficciones originales nos muestran su compromiso con la actual sociedad espa\u00f1ola, a trav\u00e9s de la <strong>narraci\u00f3n de historias recientes, <\/strong>que nos gu\u00edan en la comprensi\u00f3n de situaciones clave vividas en los \u00faltimos a\u00f1os, <strong>mostr\u00e1ndonos todas las partes de un suceso<\/strong>. Este es el caso de<em> La L\u00ednea Invisible<\/em>, <em>La Unidad<\/em> o <em>Antidisturbios<\/em>.<\/p>\n\n\n\n<p>En base a lo anterior, siempre hay una historia que contar, sin embargo, que esta <strong>narraci\u00f3n tenga \u00e9xito o no depende del riesgo y del enfoque<\/strong> que los directores y los guionistas le otorguen a la serie. Domingo Corral, director de ficci\u00f3n original de Movistar+, nos contaba en una <a rel=\"noreferrer noopener\" href=\"https:\/\/blogthinkbig.com\/entrevista-domingo-corral\" target=\"_blank\">entrevista <\/a>que la clave para llegar a los p\u00fablicos es correr riesgo \u00aby es que siempre estamos intentando contar las cosas de una manera que no se haya contado antes\u00bb comentaba.<\/p>\n\n\n\n<figure class=\"wp-block-image size-large\"><img decoding=\"async\" src=\"https:\/\/blogthinkbig.com\/wp-content\/uploads\/sites\/4\/2020\/10\/series_movistar_plus-2.jpg?resize=610,407\" alt=\"Series Movistar Plus\" class=\"wp-image-189246\"\/><figcaption>La l\u00ednea invisible (Movistar+)<\/figcaption><\/figure>\n\n\n\n<p>Otra de las principales razones por las que la plataforma de contenidos ha logrado situarse entre las m\u00e1s utilizadas a nivel nacional, se debe a que <strong>no apuesta por un \u00fanico g\u00e9nero<\/strong>. En la actualidad, las series de Movistar+ compiten con otros gigantes del streaming, sin embargo, estas plataformas suelen crear un contenido enfocado a un p\u00fablico concreto. <\/p>\n\n\n\n<p>Por un lado, podemos decir que apuesta por los <strong>thrillers basados en la historia de Espa\u00f1a<\/strong>. Aunque no estar\u00edamos siendo claros, ya que este no es el \u00fanico g\u00e9nero por el que arriesgan: <strong>comedia, anime, miniseries, ficciones con estilo m\u00e1s independiente<\/strong>, etc. La plataforma de contenidos de la compa\u00f1\u00eda de Telef\u00f3nica piensa en todos los p\u00fablicos y se dirige a ellos con diversos contenidos.<\/p>\n\n\n\n<p>Pero todo lo anterior est\u00e1 sustentado en <strong>actores y actrices de renombre<\/strong>, tanto a nivel nacional como internacional, que se ponen en la piel de los personajes de estas series originales, acerc\u00e1ndonos a la trama de manera veraz. Junto con <strong>guionistas y directores con bagaje <\/strong>y varios premios a sus espaldas. Siendo este el caso de<strong> <\/strong>Enrique Urbizu (dos premios Goya), Alberto Rodr\u00edguez (tres premios Goya), Cesc Gay (dos premios Goya).<\/p>\n\n\n\n<figure class=\"wp-block-embed is-type-video is-provider-youtube wp-block-embed-youtube wp-embed-aspect-16-9 wp-has-aspect-ratio\"><div class=\"wp-block-embed__wrapper\">\n<div class=\"wp-block-embed__wrapper\"><div class=\"ast-oembed-container \" style=\"height: 100%;\"><iframe loading=\"lazy\" title=\"La l\u00ednea invisible: Tr\u00e1iler oficial | Movistar+\" width=\"1040\" height=\"585\" src=\"https:\/\/www.youtube.com\/embed\/Flyozj7C-BI?feature=oembed\" frameborder=\"0\" allow=\"accelerometer; autoplay; clipboard-write; encrypted-media; gyroscope; picture-in-picture; web-share\" referrerpolicy=\"strict-origin-when-cross-origin\" allowfullscreen><\/iframe><\/div><\/div>\n<\/div><\/figure>\n\n\n\n<h2 class=\"wp-block-heading\" class=\"wp-block-heading\" id=\"2021-un-salto-a-la-ficcion-internacional\">2021: un salto a la ficci\u00f3n internacional<\/h2>\n\n\n\n<p>Movistar+ ha demostrado, paso a paso,  que<strong> ha logrado hacerse o un hueco en la ficci\u00f3n espa\u00f1ola<\/strong>, arriesgando con los contenidos y apostando por un reparto nacional. Por todo ello, tras haber asentado sus series en nuestro pa\u00eds, est\u00e1 preparado para lanzarse a la ficci\u00f3n a nivel internacional.<\/p>\n\n\n\n<p>Esta apuesta llega de la mano de la adaptaci\u00f3n de la novela de Julia Navarro, <em>Dime qui\u00e9n soy<\/em>, siendo la <a rel=\"noreferrer noopener\" href=\"https:\/\/originales.movistarplus.es\/novedades\/noticias-dime-quien-soy\/dime-quien-soy-primera-produccion-internacional-movistar-estreno-otono\" target=\"_blank\">primera producci\u00f3n internacional<\/a> de la plataforma. Se trata de un gran paso, no solo para la plataforma de contenidos, sino que tambi\u00e9n para la ficci\u00f3n espa\u00f1ola.<\/p>\n\n\n\n<p>En 2016 Telef\u00f3nica anunciaba su apuesta por la creaci\u00f3n de contenido propio bajo la marca de Movistar+. Cuatro a\u00f1os despu\u00e9s, tras numerosas ficciones, comienza <strong>un nuevo camino hac\u00eda la globalizaci\u00f3n de sus contenidos<\/strong>.<\/p>\n\n\n\n<p><em>Imagen de cabecera por Gonzalo Chavarri.<\/em><\/p>\n","protected":false},"excerpt":{"rendered":"<p>Desde los inicios de Movistar+, all\u00e1 por el a\u00f1o 2015, la plataforma siempre ha mostrado su apuesta por contenidos de calidad, ofreciendo series reconocidas por el p\u00fablico como Breaking Bad, Outlander o The Affair. Sin [&hellip;]<\/p>\n","protected":false},"author":112,"featured_media":118,"comment_status":"closed","ping_status":"closed","sticky":false,"template":"","format":"standard","meta":{"site-sidebar-layout":"default","site-content-layout":"","ast-site-content-layout":"","site-content-style":"default","site-sidebar-style":"default","ast-global-header-display":"","ast-banner-title-visibility":"","ast-main-header-display":"","ast-hfb-above-header-display":"","ast-hfb-below-header-display":"","ast-hfb-mobile-header-display":"","site-post-title":"","ast-breadcrumbs-content":"","ast-featured-img":"","footer-sml-layout":"","theme-transparent-header-meta":"","adv-header-id-meta":"","stick-header-meta":"","header-above-stick-meta":"","header-main-stick-meta":"","header-below-stick-meta":"","astra-migrate-meta-layouts":"default","ast-page-background-enabled":"default","ast-page-background-meta":{"desktop":{"background-color":"var(--ast-global-color-4)","background-image":"","background-repeat":"repeat","background-position":"center center","background-size":"auto","background-attachment":"scroll","background-type":"","background-media":"","overlay-type":"","overlay-color":"","overlay-opacity":"","overlay-gradient":""},"tablet":{"background-color":"","background-image":"","background-repeat":"repeat","background-position":"center center","background-size":"auto","background-attachment":"scroll","background-type":"","background-media":"","overlay-type":"","overlay-color":"","overlay-opacity":"","overlay-gradient":""},"mobile":{"background-color":"","background-image":"","background-repeat":"repeat","background-position":"center center","background-size":"auto","background-attachment":"scroll","background-type":"","background-media":"","overlay-type":"","overlay-color":"","overlay-opacity":"","overlay-gradient":""}},"ast-content-background-meta":{"desktop":{"background-color":"var(--ast-global-color-5)","background-image":"","background-repeat":"repeat","background-position":"center center","background-size":"auto","background-attachment":"scroll","background-type":"","background-media":"","overlay-type":"","overlay-color":"","overlay-opacity":"","overlay-gradient":""},"tablet":{"background-color":"var(--ast-global-color-5)","background-image":"","background-repeat":"repeat","background-position":"center center","background-size":"auto","background-attachment":"scroll","background-type":"","background-media":"","overlay-type":"","overlay-color":"","overlay-opacity":"","overlay-gradient":""},"mobile":{"background-color":"var(--ast-global-color-5)","background-image":"","background-repeat":"repeat","background-position":"center center","background-size":"auto","background-attachment":"scroll","background-type":"","background-media":"","overlay-type":"","overlay-color":"","overlay-opacity":"","overlay-gradient":""}},"_jetpack_memberships_contains_paid_content":false,"footnotes":""},"categories":[1],"tags":[32],"area":[7],"cluster":[45],"linea_editorial":[9],"coauthors":[491],"class_list":["post-2557","post","type-post","status-publish","format-standard","has-post-thumbnail","hentry","category-sin-categoria","tag-destacado","area-digital-client","cluster-movistar-plus","linea_editorial-movistar"],"yoast_head":"<!-- This site is optimized with the Yoast SEO Premium plugin v25.5 (Yoast SEO v25.5) - https:\/\/yoast.com\/wordpress\/plugins\/seo\/ -->\n<title>Movistar+: tres a\u00f1os apostando por la producci\u00f3n nacional<\/title>\n<meta name=\"description\" content=\"An\u00e1lisis sobre los inicios de la plataforma de series de Movistar+ hasta la actualidad: un repaso por todas sus apuestas.\" \/>\n<meta name=\"robots\" content=\"index, follow, max-snippet:-1, max-image-preview:large, max-video-preview:-1\" \/>\n<link rel=\"canonical\" href=\"https:\/\/www.movistar.es\/blog\/movistar-plus\/series-en-movistar-plus\/\" \/>\n<meta property=\"og:locale\" content=\"es_ES\" \/>\n<meta property=\"og:type\" content=\"article\" \/>\n<meta property=\"og:title\" content=\"Movistar Plus+: tres a\u00f1os apostando por la producci\u00f3n nacional\" \/>\n<meta property=\"og:description\" content=\"An\u00e1lisis sobre los inicios de la plataforma de series de Movistar+ hasta la actualidad: un repaso por todas sus apuestas.\" \/>\n<meta property=\"og:url\" content=\"https:\/\/www.movistar.es\/blog\/movistar-plus\/series-en-movistar-plus\/\" \/>\n<meta property=\"og:site_name\" content=\"Movistar blog\" \/>\n<meta property=\"article:published_time\" content=\"2020-11-13T09:29:00+00:00\" \/>\n<meta property=\"article:modified_time\" content=\"2023-03-17T11:10:44+00:00\" \/>\n<meta property=\"og:image\" content=\"https:\/\/www.movistar.es\/blog\/wp-content\/uploads\/sites\/3\/2022\/04\/movistar-plus-1.jpg\" \/>\n\t<meta property=\"og:image:width\" content=\"1800\" \/>\n\t<meta property=\"og:image:height\" content=\"665\" \/>\n\t<meta property=\"og:image:type\" content=\"image\/jpeg\" \/>\n<meta name=\"author\" content=\"Redacci\u00f3n Movistar Plus+\" \/>\n<meta name=\"twitter:card\" content=\"summary_large_image\" \/>\n<meta name=\"twitter:creator\" content=\"@MovistarFutbol\" \/>\n<meta name=\"twitter:label1\" content=\"Written by\" \/>\n\t<meta name=\"twitter:data1\" content=\"Redacci\u00f3n Movistar Plus+\" \/>\n\t<meta name=\"twitter:label2\" content=\"Est. reading time\" \/>\n\t<meta name=\"twitter:data2\" content=\"9 minutos\" \/>\n<script type=\"application\/ld+json\" class=\"yoast-schema-graph\">{\"@context\":\"https:\/\/schema.org\",\"@graph\":[{\"@type\":\"Article\",\"@id\":\"https:\/\/www.movistar.es\/blog\/movistar-plus\/series-en-movistar-plus\/#article\",\"isPartOf\":{\"@id\":\"https:\/\/www.movistar.es\/blog\/movistar-plus\/series-en-movistar-plus\/\"},\"author\":{\"name\":\"Redacci\u00f3n Movistar Plus+\",\"@id\":\"https:\/\/www.movistar.es\/blog\/#\/schema\/person\/189877e959457e9014d2a5e8d6fe946d\"},\"headline\":\"Movistar Plus+: tres a\u00f1os apostando por la producci\u00f3n nacional\",\"datePublished\":\"2020-11-13T09:29:00+00:00\",\"dateModified\":\"2023-03-17T11:10:44+00:00\",\"mainEntityOfPage\":{\"@id\":\"https:\/\/www.movistar.es\/blog\/movistar-plus\/series-en-movistar-plus\/\"},\"wordCount\":1944,\"publisher\":{\"@id\":\"https:\/\/www.movistar.es\/blog\/#organization\"},\"image\":{\"@id\":\"https:\/\/www.movistar.es\/blog\/movistar-plus\/series-en-movistar-plus\/#primaryimage\"},\"thumbnailUrl\":\"https:\/\/www.movistar.es\/blog\/wp-content\/uploads\/sites\/3\/2022\/04\/movistar-plus-1.jpg\",\"keywords\":[\"destacado\"],\"inLanguage\":\"es\"},{\"@type\":\"WebPage\",\"@id\":\"https:\/\/www.movistar.es\/blog\/movistar-plus\/series-en-movistar-plus\/\",\"url\":\"https:\/\/www.movistar.es\/blog\/movistar-plus\/series-en-movistar-plus\/\",\"name\":\"Movistar+: tres a\u00f1os apostando por la producci\u00f3n nacional\",\"isPartOf\":{\"@id\":\"https:\/\/www.movistar.es\/blog\/#website\"},\"primaryImageOfPage\":{\"@id\":\"https:\/\/www.movistar.es\/blog\/movistar-plus\/series-en-movistar-plus\/#primaryimage\"},\"image\":{\"@id\":\"https:\/\/www.movistar.es\/blog\/movistar-plus\/series-en-movistar-plus\/#primaryimage\"},\"thumbnailUrl\":\"https:\/\/www.movistar.es\/blog\/wp-content\/uploads\/sites\/3\/2022\/04\/movistar-plus-1.jpg\",\"datePublished\":\"2020-11-13T09:29:00+00:00\",\"dateModified\":\"2023-03-17T11:10:44+00:00\",\"description\":\"An\u00e1lisis sobre los inicios de la plataforma de series de Movistar+ hasta la actualidad: un repaso por todas sus apuestas.\",\"breadcrumb\":{\"@id\":\"https:\/\/www.movistar.es\/blog\/movistar-plus\/series-en-movistar-plus\/#breadcrumb\"},\"inLanguage\":\"es\",\"potentialAction\":[{\"@type\":\"ReadAction\",\"target\":[\"https:\/\/www.movistar.es\/blog\/movistar-plus\/series-en-movistar-plus\/\"]}]},{\"@type\":\"ImageObject\",\"inLanguage\":\"es\",\"@id\":\"https:\/\/www.movistar.es\/blog\/movistar-plus\/series-en-movistar-plus\/#primaryimage\",\"url\":\"https:\/\/www.movistar.es\/blog\/wp-content\/uploads\/sites\/3\/2022\/04\/movistar-plus-1.jpg\",\"contentUrl\":\"https:\/\/www.movistar.es\/blog\/wp-content\/uploads\/sites\/3\/2022\/04\/movistar-plus-1.jpg\",\"width\":1800,\"height\":665},{\"@type\":\"BreadcrumbList\",\"@id\":\"https:\/\/www.movistar.es\/blog\/movistar-plus\/series-en-movistar-plus\/#breadcrumb\",\"itemListElement\":[{\"@type\":\"ListItem\",\"position\":1,\"name\":\"Home\",\"item\":\"https:\/\/www.movistar.es\/blog\/\"},{\"@type\":\"ListItem\",\"position\":2,\"name\":\"Movistar Plus+: tres a\u00f1os apostando por la producci\u00f3n nacional\"}]},{\"@type\":\"WebSite\",\"@id\":\"https:\/\/www.movistar.es\/blog\/#website\",\"url\":\"https:\/\/www.movistar.es\/blog\/\",\"name\":\"Movistar blog\",\"description\":\"Movistar Blog. Informaci\u00f3n y m\u00e1s sobre los productos y servicios de Movistar\",\"publisher\":{\"@id\":\"https:\/\/www.movistar.es\/blog\/#organization\"},\"potentialAction\":[{\"@type\":\"SearchAction\",\"target\":{\"@type\":\"EntryPoint\",\"urlTemplate\":\"https:\/\/www.movistar.es\/blog\/?s={search_term_string}\"},\"query-input\":{\"@type\":\"PropertyValueSpecification\",\"valueRequired\":true,\"valueName\":\"search_term_string\"}}],\"inLanguage\":\"es\"},{\"@type\":\"Organization\",\"@id\":\"https:\/\/www.movistar.es\/blog\/#organization\",\"name\":\"Movistar blog\",\"url\":\"https:\/\/www.movistar.es\/blog\/\",\"logo\":{\"@type\":\"ImageObject\",\"inLanguage\":\"es\",\"@id\":\"https:\/\/www.movistar.es\/blog\/#\/schema\/logo\/image\/\",\"url\":\"https:\/\/www.movistar.es\/blog\/wp-content\/uploads\/sites\/3\/2022\/05\/logo_movistar-1.svg\",\"contentUrl\":\"https:\/\/www.movistar.es\/blog\/wp-content\/uploads\/sites\/3\/2022\/05\/logo_movistar-1.svg\",\"width\":369,\"height\":272,\"caption\":\"Movistar blog\"},\"image\":{\"@id\":\"https:\/\/www.movistar.es\/blog\/#\/schema\/logo\/image\/\"}},{\"@type\":\"Person\",\"@id\":\"https:\/\/www.movistar.es\/blog\/#\/schema\/person\/189877e959457e9014d2a5e8d6fe946d\",\"name\":\"Redacci\u00f3n Movistar Plus+\",\"image\":{\"@type\":\"ImageObject\",\"inLanguage\":\"es\",\"@id\":\"https:\/\/www.movistar.es\/blog\/#\/schema\/person\/image\/e4401217082664b40a1186f7e73afac7\",\"url\":\"https:\/\/secure.gravatar.com\/avatar\/c957f8b2227dcae6bb012530cf347456865c8d81dd6724c0fb6723a2c0a9f9e2\",\"contentUrl\":\"https:\/\/secure.gravatar.com\/avatar\/c957f8b2227dcae6bb012530cf347456865c8d81dd6724c0fb6723a2c0a9f9e2\",\"caption\":\"Redacci\u00f3n Movistar Plus+\"},\"description\":\"Te ayudamos a sacar el m\u00e1ximo partido a la televisi\u00f3n de Movistar Plus+. Para que disfrutes de las mejores pel\u00edculas, deportes, series y la toda la programaci\u00f3n, con una experiencia inigualable gracias a Movistar.\",\"sameAs\":[\"https:\/\/ver.movistarplus.es\/\",\"https:\/\/www.instagram.com\/movistarplus\/?hl=es\",\"https:\/\/www.linkedin.com\/company\/movistarplus\/?originalSubdomain=es\",\"https:\/\/x.com\/MovistarFutbol\"],\"knowsAbout\":[\"series\",\"cine\",\"deportes\",\"televisi\u00f3n\"],\"url\":\"https:\/\/www.movistar.es\/blog\/author\/movistarplus\/\"}]}<\/script>\n<!-- \/ Yoast SEO Premium plugin. -->","yoast_head_json":{"title":"Movistar+: tres a\u00f1os apostando por la producci\u00f3n nacional","description":"An\u00e1lisis sobre los inicios de la plataforma de series de Movistar+ hasta la actualidad: un repaso por todas sus apuestas.","robots":{"index":"index","follow":"follow","max-snippet":"max-snippet:-1","max-image-preview":"max-image-preview:large","max-video-preview":"max-video-preview:-1"},"canonical":"https:\/\/www.movistar.es\/blog\/movistar-plus\/series-en-movistar-plus\/","og_locale":"es_ES","og_type":"article","og_title":"Movistar Plus+: tres a\u00f1os apostando por la producci\u00f3n nacional","og_description":"An\u00e1lisis sobre los inicios de la plataforma de series de Movistar+ hasta la actualidad: un repaso por todas sus apuestas.","og_url":"https:\/\/www.movistar.es\/blog\/movistar-plus\/series-en-movistar-plus\/","og_site_name":"Movistar blog","article_published_time":"2020-11-13T09:29:00+00:00","article_modified_time":"2023-03-17T11:10:44+00:00","og_image":[{"width":1800,"height":665,"url":"https:\/\/www.movistar.es\/blog\/wp-content\/uploads\/sites\/3\/2022\/04\/movistar-plus-1.jpg","type":"image\/jpeg"}],"author":"Redacci\u00f3n Movistar Plus+","twitter_card":"summary_large_image","twitter_creator":"@MovistarFutbol","twitter_misc":{"Written by":"Redacci\u00f3n Movistar Plus+","Est. reading time":"9 minutos"},"schema":{"@context":"https:\/\/schema.org","@graph":[{"@type":"Article","@id":"https:\/\/www.movistar.es\/blog\/movistar-plus\/series-en-movistar-plus\/#article","isPartOf":{"@id":"https:\/\/www.movistar.es\/blog\/movistar-plus\/series-en-movistar-plus\/"},"author":{"name":"Redacci\u00f3n Movistar Plus+","@id":"https:\/\/www.movistar.es\/blog\/#\/schema\/person\/189877e959457e9014d2a5e8d6fe946d"},"headline":"Movistar Plus+: tres a\u00f1os apostando por la producci\u00f3n nacional","datePublished":"2020-11-13T09:29:00+00:00","dateModified":"2023-03-17T11:10:44+00:00","mainEntityOfPage":{"@id":"https:\/\/www.movistar.es\/blog\/movistar-plus\/series-en-movistar-plus\/"},"wordCount":1944,"publisher":{"@id":"https:\/\/www.movistar.es\/blog\/#organization"},"image":{"@id":"https:\/\/www.movistar.es\/blog\/movistar-plus\/series-en-movistar-plus\/#primaryimage"},"thumbnailUrl":"https:\/\/www.movistar.es\/blog\/wp-content\/uploads\/sites\/3\/2022\/04\/movistar-plus-1.jpg","keywords":["destacado"],"inLanguage":"es"},{"@type":"WebPage","@id":"https:\/\/www.movistar.es\/blog\/movistar-plus\/series-en-movistar-plus\/","url":"https:\/\/www.movistar.es\/blog\/movistar-plus\/series-en-movistar-plus\/","name":"Movistar+: tres a\u00f1os apostando por la producci\u00f3n nacional","isPartOf":{"@id":"https:\/\/www.movistar.es\/blog\/#website"},"primaryImageOfPage":{"@id":"https:\/\/www.movistar.es\/blog\/movistar-plus\/series-en-movistar-plus\/#primaryimage"},"image":{"@id":"https:\/\/www.movistar.es\/blog\/movistar-plus\/series-en-movistar-plus\/#primaryimage"},"thumbnailUrl":"https:\/\/www.movistar.es\/blog\/wp-content\/uploads\/sites\/3\/2022\/04\/movistar-plus-1.jpg","datePublished":"2020-11-13T09:29:00+00:00","dateModified":"2023-03-17T11:10:44+00:00","description":"An\u00e1lisis sobre los inicios de la plataforma de series de Movistar+ hasta la actualidad: un repaso por todas sus apuestas.","breadcrumb":{"@id":"https:\/\/www.movistar.es\/blog\/movistar-plus\/series-en-movistar-plus\/#breadcrumb"},"inLanguage":"es","potentialAction":[{"@type":"ReadAction","target":["https:\/\/www.movistar.es\/blog\/movistar-plus\/series-en-movistar-plus\/"]}]},{"@type":"ImageObject","inLanguage":"es","@id":"https:\/\/www.movistar.es\/blog\/movistar-plus\/series-en-movistar-plus\/#primaryimage","url":"https:\/\/www.movistar.es\/blog\/wp-content\/uploads\/sites\/3\/2022\/04\/movistar-plus-1.jpg","contentUrl":"https:\/\/www.movistar.es\/blog\/wp-content\/uploads\/sites\/3\/2022\/04\/movistar-plus-1.jpg","width":1800,"height":665},{"@type":"BreadcrumbList","@id":"https:\/\/www.movistar.es\/blog\/movistar-plus\/series-en-movistar-plus\/#breadcrumb","itemListElement":[{"@type":"ListItem","position":1,"name":"Home","item":"https:\/\/www.movistar.es\/blog\/"},{"@type":"ListItem","position":2,"name":"Movistar Plus+: tres a\u00f1os apostando por la producci\u00f3n nacional"}]},{"@type":"WebSite","@id":"https:\/\/www.movistar.es\/blog\/#website","url":"https:\/\/www.movistar.es\/blog\/","name":"Movistar blog","description":"Movistar Blog. Informaci\u00f3n y m\u00e1s sobre los productos y servicios de Movistar","publisher":{"@id":"https:\/\/www.movistar.es\/blog\/#organization"},"potentialAction":[{"@type":"SearchAction","target":{"@type":"EntryPoint","urlTemplate":"https:\/\/www.movistar.es\/blog\/?s={search_term_string}"},"query-input":{"@type":"PropertyValueSpecification","valueRequired":true,"valueName":"search_term_string"}}],"inLanguage":"es"},{"@type":"Organization","@id":"https:\/\/www.movistar.es\/blog\/#organization","name":"Movistar blog","url":"https:\/\/www.movistar.es\/blog\/","logo":{"@type":"ImageObject","inLanguage":"es","@id":"https:\/\/www.movistar.es\/blog\/#\/schema\/logo\/image\/","url":"https:\/\/www.movistar.es\/blog\/wp-content\/uploads\/sites\/3\/2022\/05\/logo_movistar-1.svg","contentUrl":"https:\/\/www.movistar.es\/blog\/wp-content\/uploads\/sites\/3\/2022\/05\/logo_movistar-1.svg","width":369,"height":272,"caption":"Movistar blog"},"image":{"@id":"https:\/\/www.movistar.es\/blog\/#\/schema\/logo\/image\/"}},{"@type":"Person","@id":"https:\/\/www.movistar.es\/blog\/#\/schema\/person\/189877e959457e9014d2a5e8d6fe946d","name":"Redacci\u00f3n Movistar Plus+","image":{"@type":"ImageObject","inLanguage":"es","@id":"https:\/\/www.movistar.es\/blog\/#\/schema\/person\/image\/e4401217082664b40a1186f7e73afac7","url":"https:\/\/secure.gravatar.com\/avatar\/c957f8b2227dcae6bb012530cf347456865c8d81dd6724c0fb6723a2c0a9f9e2","contentUrl":"https:\/\/secure.gravatar.com\/avatar\/c957f8b2227dcae6bb012530cf347456865c8d81dd6724c0fb6723a2c0a9f9e2","caption":"Redacci\u00f3n Movistar Plus+"},"description":"Te ayudamos a sacar el m\u00e1ximo partido a la televisi\u00f3n de Movistar Plus+. Para que disfrutes de las mejores pel\u00edculas, deportes, series y la toda la programaci\u00f3n, con una experiencia inigualable gracias a Movistar.","sameAs":["https:\/\/ver.movistarplus.es\/","https:\/\/www.instagram.com\/movistarplus\/?hl=es","https:\/\/www.linkedin.com\/company\/movistarplus\/?originalSubdomain=es","https:\/\/x.com\/MovistarFutbol"],"knowsAbout":["series","cine","deportes","televisi\u00f3n"],"url":"https:\/\/www.movistar.es\/blog\/author\/movistarplus\/"}]}},"jetpack_featured_media_url":"https:\/\/www.movistar.es\/blog\/wp-content\/uploads\/sites\/3\/2022\/04\/movistar-plus-1.jpg","jetpack_sharing_enabled":true,"_links":{"self":[{"href":"https:\/\/www.movistar.es\/blog\/wp-json\/wp\/v2\/posts\/2557","targetHints":{"allow":["GET"]}}],"collection":[{"href":"https:\/\/www.movistar.es\/blog\/wp-json\/wp\/v2\/posts"}],"about":[{"href":"https:\/\/www.movistar.es\/blog\/wp-json\/wp\/v2\/types\/post"}],"author":[{"embeddable":true,"href":"https:\/\/www.movistar.es\/blog\/wp-json\/wp\/v2\/users\/112"}],"replies":[{"embeddable":true,"href":"https:\/\/www.movistar.es\/blog\/wp-json\/wp\/v2\/comments?post=2557"}],"version-history":[{"count":3,"href":"https:\/\/www.movistar.es\/blog\/wp-json\/wp\/v2\/posts\/2557\/revisions"}],"predecessor-version":[{"id":12069,"href":"https:\/\/www.movistar.es\/blog\/wp-json\/wp\/v2\/posts\/2557\/revisions\/12069"}],"wp:featuredmedia":[{"embeddable":true,"href":"https:\/\/www.movistar.es\/blog\/wp-json\/wp\/v2\/media\/118"}],"wp:attachment":[{"href":"https:\/\/www.movistar.es\/blog\/wp-json\/wp\/v2\/media?parent=2557"}],"wp:term":[{"taxonomy":"category","embeddable":true,"href":"https:\/\/www.movistar.es\/blog\/wp-json\/wp\/v2\/categories?post=2557"},{"taxonomy":"post_tag","embeddable":true,"href":"https:\/\/www.movistar.es\/blog\/wp-json\/wp\/v2\/tags?post=2557"},{"taxonomy":"area","embeddable":true,"href":"https:\/\/www.movistar.es\/blog\/wp-json\/wp\/v2\/area?post=2557"},{"taxonomy":"cluster","embeddable":true,"href":"https:\/\/www.movistar.es\/blog\/wp-json\/wp\/v2\/cluster?post=2557"},{"taxonomy":"linea_editorial","embeddable":true,"href":"https:\/\/www.movistar.es\/blog\/wp-json\/wp\/v2\/linea_editorial?post=2557"},{"taxonomy":"author","embeddable":true,"href":"https:\/\/www.movistar.es\/blog\/wp-json\/wp\/v2\/coauthors?post=2557"}],"curies":[{"name":"wp","href":"https:\/\/api.w.org\/{rel}","templated":true}]}}