{"id":25356,"date":"2024-04-17T07:59:01","date_gmt":"2024-04-17T05:59:01","guid":{"rendered":"https:\/\/www.movistar.es\/blog\/?p=25356"},"modified":"2024-04-17T07:59:03","modified_gmt":"2024-04-17T05:59:03","slug":"historia-movistar-anuncios","status":"publish","type":"post","link":"https:\/\/www.movistar.es\/blog\/home\/historia-movistar-anuncios\/","title":{"rendered":"Conoce la historia de Movistar a trav\u00e9s de sus anuncios"},"content":{"rendered":"\n<p>Si algo ha caracterizado a los anuncios de Movistar a lo largo de su historia&nbsp;ha sido la selecci\u00f3n de sus temas musicales, aut\u00e9nticos cl\u00e1sicos que han acompa\u00f1ado dichos spots. Por eso, en este post queremos hacer un repaso de aquellos m\u00e1s memorables que han marcado la historia de Movistar.<\/p>\n\n\n\n<h2 class=\"wp-block-heading\" id=\"h-las-canciones-de-los-anuncios-que-han-marcado-movistar\">Las canciones de los anuncios que han marcado Movistar<\/h2>\n\n\n\n<h3 class=\"wp-block-heading\" id=\"toc-hId--377234098\"><strong>1999<\/strong>: <strong>Acortamos distancias. Acercamos personas<\/strong><\/h3>\n\n\n\n<p>Corr\u00eda el a\u00f1o 1999 y Movistar lanzaba el que fue uno de los anuncios m\u00e1s recordados. El slogan por aquel entonces de la compa\u00f1\u00eda&nbsp;era&nbsp;\u00ab<strong>Acortamos distancias. Acercamos personas<\/strong>\u00bb y acompa\u00f1ando el spot sonaba de fondo Marvin Gaye&nbsp;&amp; Tammi Terrell&nbsp;con su&nbsp;<strong><em>Ain\u00b4t no mountain high enough<\/em><\/strong>. Sin duda alguna una de las campa\u00f1as mas memorables de la historia de Movistar.<\/p>\n\n\n\n<figure class=\"wp-block-embed is-type-video is-provider-youtube wp-block-embed-youtube wp-embed-aspect-4-3 wp-has-aspect-ratio\"><div class=\"wp-block-embed__wrapper\">\n<div class=\"wp-block-embed__wrapper\"><div class=\"ast-oembed-container \" style=\"height: 100%;\"><iframe loading=\"lazy\" title=\"Ain&#039;t No Mountain High Enough (extra HQ) - Marvin Gaye &amp; Tammi Terrell\" width=\"1040\" height=\"780\" src=\"https:\/\/www.youtube.com\/embed\/IC5PL0XImjw?feature=oembed\" frameborder=\"0\" allow=\"accelerometer; autoplay; clipboard-write; encrypted-media; gyroscope; picture-in-picture; web-share\" referrerpolicy=\"strict-origin-when-cross-origin\" allowfullscreen><\/iframe><\/div><\/div>\n<\/div><\/figure>\n\n\n\n<h3 class=\"wp-block-heading\" id=\"toc-hId-2110278735\"><strong>2001<\/strong>: Internet en la palma de tu mano<\/h3>\n\n\n\n<p>A\u00f1o 2001 del reci\u00e9n inaugurado siglo XXI. Para publicitar el servicio de acceso a internet desde el m\u00f3vil v\u00eda Wap (\u00ab<strong>Internet en la palma de tu mano\u00bb<\/strong>), se usaba este&nbsp;<strong><em>Island in the Sun<\/em><\/strong>&nbsp;del grupo californiano Weezer. Sin duda, un temazo para un gran anuncio.<\/p>\n\n\n\n<figure class=\"wp-block-embed is-type-video is-provider-youtube wp-block-embed-youtube wp-embed-aspect-16-9 wp-has-aspect-ratio\"><div class=\"wp-block-embed__wrapper\">\n<div class=\"wp-block-embed__wrapper\"><div class=\"ast-oembed-container \" style=\"height: 100%;\"><iframe loading=\"lazy\" title=\"Weezer - Island In The Sun (Spike Jonze Version)\" width=\"1040\" height=\"585\" src=\"https:\/\/www.youtube.com\/embed\/0C3zgYW_FAM?feature=oembed\" frameborder=\"0\" allow=\"accelerometer; autoplay; clipboard-write; encrypted-media; gyroscope; picture-in-picture; web-share\" referrerpolicy=\"strict-origin-when-cross-origin\" allowfullscreen><\/iframe><\/div><\/div>\n<\/div><\/figure>\n\n\n\n<h3 class=\"wp-block-heading\" id=\"toc-hId-302824272\"><strong>2003<\/strong>: M\u00e1s que una m\u00fasica de espera<\/h3>\n\n\n\n<p>Este&nbsp;<em>temazo<\/em>&nbsp;de Michelle Branch con Santana a la guitarra fue canci\u00f3n de las campa\u00f1as de Movistar emoci\u00f3n de la reci\u00e9n nacida tecnolog\u00eda de acceso a internet WAP. Seguro que muchos os acord\u00e1is&nbsp;de este tema, ya que tambi\u00e9n fue la m\u00fasica de espera de nuestro call center.<\/p>\n\n\n\n<figure class=\"wp-block-embed is-type-video is-provider-youtube wp-block-embed-youtube wp-embed-aspect-16-9 wp-has-aspect-ratio\"><div class=\"wp-block-embed__wrapper\">\n<div class=\"wp-block-embed__wrapper\"><div class=\"ast-oembed-container \" style=\"height: 100%;\"><iframe loading=\"lazy\" title=\"Santana - The Game Of Love (Official Video) ft. Michelle Branch\" width=\"1040\" height=\"585\" src=\"https:\/\/www.youtube.com\/embed\/HKLnmMacEB4?feature=oembed\" frameborder=\"0\" allow=\"accelerometer; autoplay; clipboard-write; encrypted-media; gyroscope; picture-in-picture; web-share\" referrerpolicy=\"strict-origin-when-cross-origin\" allowfullscreen><\/iframe><\/div><\/div>\n<\/div><\/figure>\n\n\n\n<h3 class=\"wp-block-heading\" id=\"toc-hId--1504630191\"><strong>2004<\/strong>: Somos Azules<\/h3>\n\n\n\n<p>Volvemos al a\u00f1o 2004. Sete Gibernau y Dani Pedrosa corr\u00edan en el Team Movistar de motociclismo en categor\u00eda 500cc (hoy en d\u00eda conocido como <a href=\"https:\/\/www.movistar.es\/blog\/movistar-plus\/donde-ver-f1-motogp-movistar-plus\/\" target=\"_blank\" rel=\"noreferrer noopener\">MotoGP<\/a>). Nuestro slogan era \u00ab<strong>Somos Azules<\/strong>\u00bb y sonando de fondo Status Quo y su&nbsp;<em><strong>Whatever you Want<\/strong><\/em>&#8230; La afici\u00f3n rugiendo de fondo.<\/p>\n\n\n\n<figure class=\"wp-block-embed is-type-video is-provider-youtube wp-block-embed-youtube wp-embed-aspect-4-3 wp-has-aspect-ratio\"><div class=\"wp-block-embed__wrapper\">\n<div class=\"wp-block-embed__wrapper\"><div class=\"ast-oembed-container \" style=\"height: 100%;\"><iframe loading=\"lazy\" title=\"Status Quo - Whatever You Want\" width=\"1040\" height=\"780\" src=\"https:\/\/www.youtube.com\/embed\/jJoUfkDBMTo?feature=oembed\" frameborder=\"0\" allow=\"accelerometer; autoplay; clipboard-write; encrypted-media; gyroscope; picture-in-picture; web-share\" referrerpolicy=\"strict-origin-when-cross-origin\" allowfullscreen><\/iframe><\/div><\/div>\n<\/div><\/figure>\n\n\n\n<p>Tambi\u00e9n en el a\u00f1o 2004 y para anunciar la promo del verano, lanzamos un spot con la canci\u00f3n&nbsp;<em><strong>Dancing in the Moonlight&nbsp;<\/strong><\/em>de Toploader, una melod\u00eda que dado el \u00e9xito que tuvo, tambi\u00e9n usamos mas adelante en otro spot del buz\u00f3n de voz.<\/p>\n\n\n\n<figure class=\"wp-block-embed is-type-video is-provider-youtube wp-block-embed-youtube wp-embed-aspect-4-3 wp-has-aspect-ratio\"><div class=\"wp-block-embed__wrapper\">\n<div class=\"wp-block-embed__wrapper\"><div class=\"ast-oembed-container \" style=\"height: 100%;\"><iframe loading=\"lazy\" title=\"Toploader - Dancing in the Moonlight (Official Video)\" width=\"1040\" height=\"780\" src=\"https:\/\/www.youtube.com\/embed\/0yBnIUX0QAE?feature=oembed\" frameborder=\"0\" allow=\"accelerometer; autoplay; clipboard-write; encrypted-media; gyroscope; picture-in-picture; web-share\" referrerpolicy=\"strict-origin-when-cross-origin\" allowfullscreen><\/iframe><\/div><\/div>\n<\/div><\/figure>\n\n\n\n<p>Y por \u00faltimo<strong>&nbsp;The<em>&nbsp;passenger<\/em><\/strong>, de Iggy Pop. Lo us\u00e1bamos para cerrar nuestros spots en los que presentamos&nbsp;el nacimiento de la videollamada y la tecnolog\u00eda&nbsp;3G (UMTS).<\/p>\n\n\n\n<figure class=\"wp-block-embed is-type-video is-provider-youtube wp-block-embed-youtube wp-embed-aspect-16-9 wp-has-aspect-ratio\"><div class=\"wp-block-embed__wrapper\">\n<div class=\"wp-block-embed__wrapper\"><div class=\"ast-oembed-container \" style=\"height: 100%;\"><iframe loading=\"lazy\" title=\"Iggy Pop - The Passenger (Official Video)\" width=\"1040\" height=\"585\" src=\"https:\/\/www.youtube.com\/embed\/-fWw7FE9tTo?feature=oembed\" frameborder=\"0\" allow=\"accelerometer; autoplay; clipboard-write; encrypted-media; gyroscope; picture-in-picture; web-share\" referrerpolicy=\"strict-origin-when-cross-origin\" allowfullscreen><\/iframe><\/div><\/div>\n<\/div><\/figure>\n\n\n\n<h3 class=\"wp-block-heading\" id=\"toc-hId-982882642\"><strong>2005<\/strong>: El paso a Movistar<\/h3>\n\n\n\n<p>En el a\u00f1o 2005,&nbsp;Movistar cambia su identidad corporativa con nuevo logo y marca (de&nbsp;Telef\u00f3nica Movistar pasa a Movistar). Para lanzar la campa\u00f1a se emplea una versi\u00f3n actualizada del exitoso&nbsp;<em><strong>Walking on Sunshine<\/strong>&nbsp;<\/em>de Katrina and the Waves, actualizado por el grupo Jump 5 (lanzada dos a\u00f1os antes). La campa\u00f1a fue un \u00e9xito y la canci\u00f3n sonaba a todas horas en radios y TV.<\/p>\n\n\n\n<figure class=\"wp-block-embed is-type-video is-provider-youtube wp-block-embed-youtube wp-embed-aspect-4-3 wp-has-aspect-ratio\"><div class=\"wp-block-embed__wrapper\">\n<div class=\"wp-block-embed__wrapper\"><div class=\"ast-oembed-container \" style=\"height: 100%;\"><iframe loading=\"lazy\" title=\"Walking on Sunshine by Jump5\" width=\"1040\" height=\"780\" src=\"https:\/\/www.youtube.com\/embed\/OQf-N46oblw?feature=oembed\" frameborder=\"0\" allow=\"accelerometer; autoplay; clipboard-write; encrypted-media; gyroscope; picture-in-picture; web-share\" referrerpolicy=\"strict-origin-when-cross-origin\" allowfullscreen><\/iframe><\/div><\/div>\n<\/div><\/figure>\n\n\n\n<h3 class=\"wp-block-heading\" id=\"toc-hId--824571821\"><strong>2006<\/strong>: Uno de los mejores anuncios Movistar<\/h3>\n\n\n\n<p>En el que es uno de nuestros mejores spots, un anuncio corporativo del a\u00f1o 2006, sonaba de fondo Moby y su maravilloso&nbsp;<em><strong>Slipping Away<\/strong><\/em>&nbsp;del que hizo una versi\u00f3n con Amaral y otra dance con Mylene Farmer. \u00c9ste \u00faltimo es el que suena en dicho spot.<\/p>\n\n\n\n<figure class=\"wp-block-embed is-type-video is-provider-youtube wp-block-embed-youtube wp-embed-aspect-4-3 wp-has-aspect-ratio\"><div class=\"wp-block-embed__wrapper\">\n<div class=\"wp-block-embed__wrapper\"><div class=\"ast-oembed-container \" style=\"height: 100%;\"><iframe loading=\"lazy\" title=\"Moby Featuring Mylene Farmer - Slipping Away (Crier La Vie)\" width=\"1040\" height=\"780\" src=\"https:\/\/www.youtube.com\/embed\/kXCHdpaT_Zk?feature=oembed\" frameborder=\"0\" allow=\"accelerometer; autoplay; clipboard-write; encrypted-media; gyroscope; picture-in-picture; web-share\" referrerpolicy=\"strict-origin-when-cross-origin\" allowfullscreen><\/iframe><\/div><\/div>\n<\/div><\/figure>\n\n\n\n<p>Ese silbido tan pegadizo del estribillo convirti\u00f3 a la&nbsp;canci\u00f3n&nbsp;<strong><em>Love Generation<\/em><\/strong>&nbsp;de Bob Sinclair en uno de los exitazos del 2006. Presente en uno de nuestros anuncios de dicho a\u00f1o, concretamente en el que anunciamos&nbsp;nuestra respuesta empresarios.<\/p>\n\n\n\n<figure class=\"wp-block-embed is-type-video is-provider-youtube wp-block-embed-youtube wp-embed-aspect-4-3 wp-has-aspect-ratio\"><div class=\"wp-block-embed__wrapper\">\n<div class=\"wp-block-embed__wrapper\"><div class=\"ast-oembed-container \" style=\"height: 100%;\"><iframe loading=\"lazy\" title=\"Bob Sinclar - Love Generation (Official Video)\" width=\"1040\" height=\"780\" src=\"https:\/\/www.youtube.com\/embed\/v0NSeysrDYw?feature=oembed\" frameborder=\"0\" allow=\"accelerometer; autoplay; clipboard-write; encrypted-media; gyroscope; picture-in-picture; web-share\" referrerpolicy=\"strict-origin-when-cross-origin\" allowfullscreen><\/iframe><\/div><\/div>\n<\/div><\/figure>\n\n\n\n<h3 class=\"wp-block-heading\" id=\"toc-hId-1662941012\"><strong>2007<\/strong>: Uno de los anuncios m\u00e1s recordados<\/h3>\n\n\n\n<p>Sin duda alguna, uno de nuestros anuncios m\u00e1s&nbsp;recordados: esta campa\u00f1a de 2007 al son del&nbsp;<strong><em>Che Idea<\/em><\/strong>&nbsp;de Pino D&#8217;Angi\u00f2 para anunciar nuestra promoci\u00f3n de verano. El actor que protagoniza&nbsp;el spot era todo un crack, una de las razones por las que este comercial es hoy en d\u00eda uno de los m\u00e1s recordados de la reciente historia de Movistar.<\/p>\n\n\n\n<figure class=\"wp-block-embed is-type-video is-provider-youtube wp-block-embed-youtube wp-embed-aspect-4-3 wp-has-aspect-ratio\"><div class=\"wp-block-embed__wrapper\">\n<div class=\"wp-block-embed__wrapper\"><div class=\"ast-oembed-container \" style=\"height: 100%;\"><iframe loading=\"lazy\" title=\"Version SUPER LARGA Anuncio Movistar Verano, Que Idea\" width=\"1040\" height=\"780\" src=\"https:\/\/www.youtube.com\/embed\/fhmR_ebaTlw?feature=oembed\" frameborder=\"0\" allow=\"accelerometer; autoplay; clipboard-write; encrypted-media; gyroscope; picture-in-picture; web-share\" referrerpolicy=\"strict-origin-when-cross-origin\" allowfullscreen><\/iframe><\/div><\/div>\n<\/div><\/figure>\n\n\n\n<h3 class=\"wp-block-heading\" id=\"toc-hId--144513451\"><strong>2009<\/strong>: Tarifa Plana Internet Plus Amigos<\/h3>\n\n\n\n<p>A\u00f1o 2009, spot Tarifa Plana Internet Plus Amigos. Sonando de fondo el tema&nbsp;<strong><em>Mes Amis<\/em><\/strong>&nbsp;de la cantante francesa Giselle Lau&#8230; \u00a1La de dudas que nos llegaron preguntando por el t\u00edtulo de la canci\u00f3n y el nombre de la artista!<\/p>\n\n\n\n<figure class=\"wp-block-embed is-type-video is-provider-youtube wp-block-embed-youtube wp-embed-aspect-4-3 wp-has-aspect-ratio\"><div class=\"wp-block-embed__wrapper\">\n<div class=\"wp-block-embed__wrapper\"><div class=\"ast-oembed-container \" style=\"height: 100%;\"><iframe loading=\"lazy\" title=\"Mes amis, tema Giselle Lau del anuncio de movistar.\" width=\"1040\" height=\"780\" src=\"https:\/\/www.youtube.com\/embed\/DAEKs29RXzA?feature=oembed\" frameborder=\"0\" allow=\"accelerometer; autoplay; clipboard-write; encrypted-media; gyroscope; picture-in-picture; web-share\" referrerpolicy=\"strict-origin-when-cross-origin\" allowfullscreen><\/iframe><\/div><\/div>\n<\/div><\/figure>\n\n\n\n<h3 class=\"wp-block-heading\" id=\"toc-hId--1951967914\"><strong>2010<\/strong>: \u00bfY t\u00fa c\u00f3mo lo llamas?<\/h3>\n\n\n\n<p>Se cierra la uni\u00f3n de todos nuestros productos bajo la marca Movistar bajo el slogan de \u00ab\u00bfY t\u00fa c\u00f3mo lo llamas?\u00bb. Telef\u00f3nica, desde entonces Movistar, jugaba con los diferentes nombres que le damos a sus productos Imagenio, tel\u00e9fono fijo o ADSL. As\u00ed, se lanzaron cuatro anuncios, uno para cada producto y otro gen\u00e9rico que llamaron&nbsp;poderosamente&nbsp;la atenci\u00f3n por lo pegadizo y buen rollista de la&nbsp;sinton\u00eda.<\/p>\n\n\n\n<figure class=\"wp-block-embed is-type-video is-provider-youtube wp-block-embed-youtube wp-embed-aspect-16-9 wp-has-aspect-ratio\"><div class=\"wp-block-embed__wrapper\">\n<div class=\"wp-block-embed__wrapper\"><div class=\"ast-oembed-container \" style=\"height: 100%;\"><iframe loading=\"lazy\" title=\"Ingrid Michaelson &quot;Be OK&quot; (Official Video)\" width=\"1040\" height=\"585\" src=\"https:\/\/www.youtube.com\/embed\/vpMI8Qu5fsc?feature=oembed\" frameborder=\"0\" allow=\"accelerometer; autoplay; clipboard-write; encrypted-media; gyroscope; picture-in-picture; web-share\" referrerpolicy=\"strict-origin-when-cross-origin\" allowfullscreen><\/iframe><\/div><\/div>\n<\/div><\/figure>\n\n\n\n<h3 class=\"wp-block-heading\" id=\"toc-hId-535544919\"><strong>2012<\/strong>: Llega Movistar Fusi\u00f3n<\/h3>\n\n\n\n<p>En 2012 Movistar lanza la primera oferta combinada en el mercado espa\u00f1ol, con Movistar Fusi\u00f3n comienza la \u00e9poca de las ofertas triples y&nbsp;cu\u00e1druples.&nbsp;De esta manera, Movistar marca tendencia y qu\u00e9&nbsp;mejor manera que hacerlo que a ritmo de la banda m\u00e1s&nbsp;grande de la historia, The&nbsp;Beatles y su tema <strong>Come Together<\/strong>.<\/p>\n\n\n\n<figure class=\"wp-block-embed is-type-video is-provider-youtube wp-block-embed-youtube wp-embed-aspect-16-9 wp-has-aspect-ratio\"><div class=\"wp-block-embed__wrapper\">\n<div class=\"wp-block-embed__wrapper\"><div class=\"ast-oembed-container \" style=\"height: 100%;\"><iframe loading=\"lazy\" title=\"Canci\u00f3n Anuncio Movistar Fusi\u00f3n - Septiembre 2012\" width=\"1040\" height=\"585\" src=\"https:\/\/www.youtube.com\/embed\/VDVC-o4R9NI?feature=oembed\" frameborder=\"0\" allow=\"accelerometer; autoplay; clipboard-write; encrypted-media; gyroscope; picture-in-picture; web-share\" referrerpolicy=\"strict-origin-when-cross-origin\" allowfullscreen><\/iframe><\/div><\/div>\n<\/div><\/figure>\n\n\n\n<h3 class=\"wp-block-heading\" id=\"toc-hId-401860195\"><strong>2014<\/strong>: La televisi\u00f3n que se adapta a tu ritmo<\/h3>\n\n\n\n<p>En 2014 en otro de nuestros habituales anuncios, en este caso sobre nuestra irresistible oferta para un servicio combinado de comunicaci\u00f3n&nbsp;<strong>Movistar Fusi\u00f3n<\/strong>, que ofrec\u00eda 100 mb reales, fijo, m\u00f3vil 4G por 60,39 euros al mes y adem\u00e1s con&nbsp;<strong>Movistar TV<\/strong>, \u00ab<strong>La televisi\u00f3n que se adapta a tu ritmo<\/strong>\u00ab. La banda sonora del spot la pon\u00eda Woodkid con el magn\u00edfico <em><strong>Run Boy Run<\/strong><\/em>.<\/p>\n\n\n\n<figure class=\"wp-block-embed is-type-video is-provider-youtube wp-block-embed-youtube wp-embed-aspect-16-9 wp-has-aspect-ratio\"><div class=\"wp-block-embed__wrapper\">\n<div class=\"wp-block-embed__wrapper\"><div class=\"ast-oembed-container \" style=\"height: 100%;\"><iframe loading=\"lazy\" title=\"Woodkid - Run Boy Run (Official HD Video)\" width=\"1040\" height=\"585\" src=\"https:\/\/www.youtube.com\/embed\/lmc21V-zBq0?feature=oembed\" frameborder=\"0\" allow=\"accelerometer; autoplay; clipboard-write; encrypted-media; gyroscope; picture-in-picture; web-share\" referrerpolicy=\"strict-origin-when-cross-origin\" allowfullscreen><\/iframe><\/div><\/div>\n<\/div><\/figure>\n\n\n\n<h3 class=\"wp-block-heading\" id=\"toc-hId--1405594268\"><strong>2015<\/strong>: Una nueva era del deporte<\/h3>\n\n\n\n<p>Las semifinales de la UEFA Champions League estaban a punto de comenzar. Por este motivo tan especial,&nbsp;estren\u00e1bamos un&nbsp;nuevo anuncio de Movistar Fusi\u00f3n TV&nbsp;en el que&nbsp;invit\u00e1bamos&nbsp;a nuestros clientes a vivir la nueva era del deporte con la&nbsp;fibra de Fusi\u00f3n TV.<\/p>\n\n\n\n<p>Sonando de fondo, un temazo de&nbsp;<strong>Kongos<\/strong>,&nbsp;<strong>\u00abCome with me now\u00bb<\/strong>. Otro de esos temas ic\u00f3nicos de la historia de nuestros anuncios televisivos.&nbsp;<\/p>\n\n\n\n<figure class=\"wp-block-embed is-type-video is-provider-youtube wp-block-embed-youtube wp-embed-aspect-16-9 wp-has-aspect-ratio\"><div class=\"wp-block-embed__wrapper\">\n<div class=\"wp-block-embed__wrapper\"><div class=\"ast-oembed-container \" style=\"height: 100%;\"><iframe loading=\"lazy\" title=\"KONGOS - Come with Me Now\" width=\"1040\" height=\"585\" src=\"https:\/\/www.youtube.com\/embed\/Gz2GVlQkn4Q?feature=oembed\" frameborder=\"0\" allow=\"accelerometer; autoplay; clipboard-write; encrypted-media; gyroscope; picture-in-picture; web-share\" referrerpolicy=\"strict-origin-when-cross-origin\" allowfullscreen><\/iframe><\/div><\/div>\n<\/div><\/figure>\n\n\n\n<h3 class=\"wp-block-heading\" id=\"toc-hId-1081918565\"><strong>2018<\/strong>: <strong>Di hola a todo el f\u00fatbol en Movistar<\/strong><\/h3>\n\n\n\n<p>A punto de comenzar la temporada 2018-19 de LaLiga, lanzamos un nuevo anuncio para promocionar Fusi\u00f3n&nbsp;Premium con especial foco en el deporte rey. Para poner m\u00fasica&nbsp;al mismo, elegimos la pegadiza canci\u00f3n&nbsp;<strong><em>\u201cLittle Swing\u201d<\/em><\/strong>&nbsp;de&nbsp;AronChupa&nbsp;ft. Little Sis Nora.<\/p>\n\n\n\n<figure class=\"wp-block-embed is-type-video is-provider-youtube wp-block-embed-youtube wp-embed-aspect-16-9 wp-has-aspect-ratio\"><div class=\"wp-block-embed__wrapper\">\n<div class=\"wp-block-embed__wrapper\"><div class=\"ast-oembed-container \" style=\"height: 100%;\"><iframe loading=\"lazy\" title=\"AronChupa - Little Swing ft. Little Sis Nora | OFFICIAL VIDEO\" width=\"1040\" height=\"585\" src=\"https:\/\/www.youtube.com\/embed\/ipvEIZMMILA?feature=oembed\" frameborder=\"0\" allow=\"accelerometer; autoplay; clipboard-write; encrypted-media; gyroscope; picture-in-picture; web-share\" referrerpolicy=\"strict-origin-when-cross-origin\" allowfullscreen><\/iframe><\/div><\/div>\n<\/div><\/figure>\n\n\n\n<h3 class=\"wp-block-heading\" id=\"toc-hId--725535898\"><strong>2019<\/strong>: Expertos en f\u00fatbol<\/h3>\n\n\n\n<p>Nuestra habitual campa\u00f1a presentando de la temporada de f\u00fatbol, contaba con un tema compuesto espec\u00edficamente para el spot.&nbsp;<strong>\u00abExpertos en f\u00fatbol\u00bb<\/strong>&nbsp;era el claim y el tema <strong><em>Expert <\/em><\/strong>por Octopus to The Party &amp; Lasai el que le pon\u00eda m\u00fasica. Un temazo que estrenamos en primicia a trav\u00e9s de nuestra cuenta de&nbsp;<strong><a href=\"https:\/\/twitter.com\/movistar_es\/\" target=\"_blank\" rel=\"noreferrer noopener\">Twitter<\/a><\/strong>.<\/p>\n\n\n\n<figure class=\"wp-block-embed is-type-rich is-provider-twitter wp-block-embed-twitter\"><div class=\"wp-block-embed__wrapper\">\n<div class=\"wp-block-embed__wrapper\"><blockquote class=\"twitter-tweet\" data-width=\"550\" data-dnt=\"true\"><p lang=\"es\" dir=\"ltr\">Nos lo hab\u00edais pedido y aqu\u00ed lo ten\u00e9is <a href=\"https:\/\/twitter.com\/hashtag\/ExpertosEnFutbol?src=hash&amp;ref_src=twsrc%5Etfw\">#ExpertosEnFutbol<\/a>. \u26bd Ya pod\u00e9is disfrutar del tema EXPERT de &quot;Octopvs to the Party &amp; Lasai&quot; compuesto para nuestro nuevo anuncio. \ud83c\udfb6<a href=\"https:\/\/twitter.com\/hashtag\/UnPa%C3%ADsDeExpertos?src=hash&amp;ref_src=twsrc%5Etfw\">#UnPa\u00edsDeExpertos<\/a> <a href=\"https:\/\/t.co\/NuFa8ZFnoN\">pic.twitter.com\/NuFa8ZFnoN<\/a><\/p>&mdash; Movistar Espa\u00f1a (@movistar_es) <a href=\"https:\/\/twitter.com\/movistar_es\/status\/1164809750330187776?ref_src=twsrc%5Etfw\">August 23, 2019<\/a><\/blockquote><script async src=\"https:\/\/platform.twitter.com\/widgets.js\" charset=\"utf-8\"><\/script><\/div>\n<\/div><\/figure>\n\n\n\n<h3 class=\"wp-block-heading\" class=\"wp-block-heading\" id=\"2023-centenario-de-telefonica\">2023: Centenario de Telef\u00f3nica<\/h3>\n\n\n\n<p>En nuestra campa\u00f1a dedicada al Centenario,&nbsp;Telef\u00f3nica estrenaba un conmovedor anuncio de dos minutos que recorre la evoluci\u00f3n tecnol\u00f3gica de los \u00faltimos 100 a\u00f1os destacando la conexi\u00f3n humana a trav\u00e9s de besos intergeneracionales. Bajo la plataforma \u00ab<strong>Imagin\u00e9monos<\/strong>\u00ab, Telef\u00f3nica celebra la importancia de las relaciones en un mundo tecnol\u00f3gico en constante cambio. Acompa\u00f1ado por la versi\u00f3n de&nbsp;<strong>\u00abMoon River\u00bb de Amaia Montero,<\/strong>&nbsp;el anuncio evoca nostalgia y anticipa un futuro conectado.<\/p>\n\n\n\n<figure class=\"wp-block-embed is-type-video is-provider-youtube wp-block-embed-youtube wp-embed-aspect-16-9 wp-has-aspect-ratio\"><div class=\"wp-block-embed__wrapper\">\n<div class=\"wp-block-embed__wrapper\"><div class=\"ast-oembed-container \" style=\"height: 100%;\"><iframe loading=\"lazy\" title=\"Cien a\u00f1os conectando la vida de las personas\" width=\"1040\" height=\"585\" src=\"https:\/\/www.youtube.com\/embed\/1puWydeO4xw?feature=oembed\" frameborder=\"0\" allow=\"accelerometer; autoplay; clipboard-write; encrypted-media; gyroscope; picture-in-picture; web-share\" referrerpolicy=\"strict-origin-when-cross-origin\" allowfullscreen><\/iframe><\/div><\/div>\n<\/div><\/figure>\n\n\n\n<h3 class=\"wp-block-heading\" id=\"h-2024-imaginemonos-el-ultimo-anuncio\">2024: Imagin\u00e9monos, el \u00faltimo anuncio<\/h3>\n\n\n\n<p>El \u00faltimo spot de Telef\u00f3nica para su campa\u00f1a&nbsp;<strong>Imagin\u00e9monos<\/strong>, con la canci\u00f3n&nbsp;<strong>Imaginar<\/strong>&nbsp;de&nbsp;<strong>Guillem Roma<\/strong>, es un ejemplo perfecto de esta tradici\u00f3n. La canci\u00f3n, con su letra esperanzadora y su melod\u00eda pegadiza, encaja a la perfecci\u00f3n con el mensaje de la campa\u00f1a, que invita a los espectadores a so\u00f1ar con un futuro mejor.<\/p>\n\n\n\n<figure class=\"wp-block-embed is-type-video is-provider-youtube wp-block-embed-youtube wp-embed-aspect-4-3 wp-has-aspect-ratio\"><div class=\"wp-block-embed__wrapper\">\n<div class=\"wp-block-embed__wrapper\"><div class=\"ast-oembed-container \" style=\"height: 100%;\"><iframe loading=\"lazy\" title=\"Imaginar (feat. Pedro Pastor)\" width=\"1040\" height=\"780\" src=\"https:\/\/www.youtube.com\/embed\/HhqiNhYZDb4?feature=oembed\" frameborder=\"0\" allow=\"accelerometer; autoplay; clipboard-write; encrypted-media; gyroscope; picture-in-picture; web-share\" referrerpolicy=\"strict-origin-when-cross-origin\" allowfullscreen><\/iframe><\/div><\/div>\n<\/div><\/figure>\n\n\n\n<p>En resumen, la <strong>m\u00fasica ha sido un elemento clave en la historia de la publicidad de Telef\u00f3nica y Movistar<\/strong>. A trav\u00e9s de una amplia variedad de canciones, ambas empresas han logrado conectar con su p\u00fablico, transmitir su mensaje y crear anuncios memorables que han quedado grabados en la memoria colectiva.<\/p>\n\n\n\n<p>Puedes disfrutar de esta y otras canciones de anuncios de Movistar en la siguiente&nbsp;<a href=\"https:\/\/open.spotify.com\/user\/movistarplus\/playlist\/5m0Aj0KjfY9Iv5dKpEEVgv?si=bPVDRAA9RGyvH3qBS2fN9w\" target=\"_blank\" rel=\"noreferrer noopener\">playlist<\/a>&nbsp;de Movistar.<\/p>\n","protected":false},"excerpt":{"rendered":"<p>Si algo ha caracterizado a los anuncios de Movistar a lo largo de su historia&nbsp;ha sido la selecci\u00f3n de sus temas musicales, aut\u00e9nticos cl\u00e1sicos que han acompa\u00f1ado dichos spots. Por eso, en este post queremos [&hellip;]<\/p>\n","protected":false},"author":202,"featured_media":25547,"comment_status":"closed","ping_status":"closed","sticky":false,"template":"","format":"standard","meta":{"site-sidebar-layout":"default","site-content-layout":"","ast-site-content-layout":"","site-content-style":"default","site-sidebar-style":"default","ast-global-header-display":"","ast-banner-title-visibility":"","ast-main-header-display":"","ast-hfb-above-header-display":"","ast-hfb-below-header-display":"","ast-hfb-mobile-header-display":"","site-post-title":"","ast-breadcrumbs-content":"","ast-featured-img":"","footer-sml-layout":"","theme-transparent-header-meta":"","adv-header-id-meta":"","stick-header-meta":"","header-above-stick-meta":"","header-main-stick-meta":"","header-below-stick-meta":"","astra-migrate-meta-layouts":"default","ast-page-background-enabled":"default","ast-page-background-meta":{"desktop":{"background-color":"var(--ast-global-color-4)","background-image":"","background-repeat":"repeat","background-position":"center center","background-size":"auto","background-attachment":"scroll","background-type":"","background-media":"","overlay-type":"","overlay-color":"","overlay-opacity":"","overlay-gradient":""},"tablet":{"background-color":"","background-image":"","background-repeat":"repeat","background-position":"center center","background-size":"auto","background-attachment":"scroll","background-type":"","background-media":"","overlay-type":"","overlay-color":"","overlay-opacity":"","overlay-gradient":""},"mobile":{"background-color":"","background-image":"","background-repeat":"repeat","background-position":"center center","background-size":"auto","background-attachment":"scroll","background-type":"","background-media":"","overlay-type":"","overlay-color":"","overlay-opacity":"","overlay-gradient":""}},"ast-content-background-meta":{"desktop":{"background-color":"var(--ast-global-color-5)","background-image":"","background-repeat":"repeat","background-position":"center center","background-size":"auto","background-attachment":"scroll","background-type":"","background-media":"","overlay-type":"","overlay-color":"","overlay-opacity":"","overlay-gradient":""},"tablet":{"background-color":"var(--ast-global-color-5)","background-image":"","background-repeat":"repeat","background-position":"center center","background-size":"auto","background-attachment":"scroll","background-type":"","background-media":"","overlay-type":"","overlay-color":"","overlay-opacity":"","overlay-gradient":""},"mobile":{"background-color":"var(--ast-global-color-5)","background-image":"","background-repeat":"repeat","background-position":"center center","background-size":"auto","background-attachment":"scroll","background-type":"","background-media":"","overlay-type":"","overlay-color":"","overlay-opacity":"","overlay-gradient":""}},"_jetpack_memberships_contains_paid_content":false,"footnotes":""},"categories":[1],"tags":[],"area":[],"cluster":[8],"linea_editorial":[],"coauthors":[579],"class_list":["post-25356","post","type-post","status-publish","format-standard","has-post-thumbnail","hentry","category-sin-categoria","cluster-home"],"yoast_head":"<!-- This site is optimized with the Yoast SEO Premium plugin v25.5 (Yoast SEO v25.5) - https:\/\/yoast.com\/wordpress\/plugins\/seo\/ -->\n<title>Anuncios Movistar: Su historia a trav\u00e9s de las canciones<\/title>\n<meta name=\"description\" content=\"Si algo ha caracterizado a los anuncios de Movistar a lo largo de su historia\u00a0ha sido la m\u00fasica. Hacemos un repaso de los m\u00e1s memorables.\" \/>\n<meta name=\"robots\" content=\"index, follow, max-snippet:-1, max-image-preview:large, max-video-preview:-1\" \/>\n<link rel=\"canonical\" href=\"https:\/\/www.movistar.es\/blog\/home\/historia-movistar-anuncios\/\" \/>\n<meta property=\"og:locale\" content=\"es_ES\" \/>\n<meta property=\"og:type\" content=\"article\" \/>\n<meta property=\"og:title\" content=\"Conoce la historia de Movistar a trav\u00e9s de sus anuncios\" \/>\n<meta property=\"og:description\" content=\"Si algo ha caracterizado a los anuncios de Movistar a lo largo de su historia\u00a0ha sido la m\u00fasica. Hacemos un repaso de los m\u00e1s memorables.\" \/>\n<meta property=\"og:url\" content=\"https:\/\/www.movistar.es\/blog\/home\/historia-movistar-anuncios\/\" \/>\n<meta property=\"og:site_name\" content=\"Movistar blog\" \/>\n<meta property=\"article:published_time\" content=\"2024-04-17T05:59:01+00:00\" \/>\n<meta property=\"article:modified_time\" content=\"2024-04-17T05:59:03+00:00\" \/>\n<meta name=\"author\" content=\"Emilio Rodr\u00edguez\" \/>\n<meta name=\"twitter:card\" content=\"summary_large_image\" \/>\n<meta name=\"twitter:image\" content=\"https:\/\/www.movistar.es\/blog\/wp-content\/uploads\/sites\/3\/2024\/04\/Mujer-joven-escuchando-musica-Young-girl-listening-music-.jpg\" \/>\n<meta name=\"twitter:label1\" content=\"Written by\" \/>\n\t<meta name=\"twitter:data1\" content=\"Emilio Rodr\u00edguez\" \/>\n\t<meta name=\"twitter:label2\" content=\"Est. reading time\" \/>\n\t<meta name=\"twitter:data2\" content=\"6 minutos\" \/>\n<script type=\"application\/ld+json\" class=\"yoast-schema-graph\">{\"@context\":\"https:\/\/schema.org\",\"@graph\":[{\"@type\":\"Article\",\"@id\":\"https:\/\/www.movistar.es\/blog\/home\/historia-movistar-anuncios\/#article\",\"isPartOf\":{\"@id\":\"https:\/\/www.movistar.es\/blog\/home\/historia-movistar-anuncios\/\"},\"author\":{\"name\":\"Emilio Rodr\u00edguez\",\"@id\":\"https:\/\/www.movistar.es\/blog\/#\/schema\/person\/7f09a25205e74e2009f96dba3bba4f30\"},\"headline\":\"Conoce la historia de Movistar a trav\u00e9s de sus anuncios\",\"datePublished\":\"2024-04-17T05:59:01+00:00\",\"dateModified\":\"2024-04-17T05:59:03+00:00\",\"mainEntityOfPage\":{\"@id\":\"https:\/\/www.movistar.es\/blog\/home\/historia-movistar-anuncios\/\"},\"wordCount\":1498,\"publisher\":{\"@id\":\"https:\/\/www.movistar.es\/blog\/#organization\"},\"image\":{\"@id\":\"https:\/\/www.movistar.es\/blog\/home\/historia-movistar-anuncios\/#primaryimage\"},\"thumbnailUrl\":\"https:\/\/www.movistar.es\/blog\/wp-content\/uploads\/sites\/3\/2024\/04\/Mujer-joven-escuchando-musica-Young-girl-listening-music-.jpg\",\"inLanguage\":\"es\"},{\"@type\":\"WebPage\",\"@id\":\"https:\/\/www.movistar.es\/blog\/home\/historia-movistar-anuncios\/\",\"url\":\"https:\/\/www.movistar.es\/blog\/home\/historia-movistar-anuncios\/\",\"name\":\"Anuncios Movistar: Su historia a trav\u00e9s de las canciones\",\"isPartOf\":{\"@id\":\"https:\/\/www.movistar.es\/blog\/#website\"},\"primaryImageOfPage\":{\"@id\":\"https:\/\/www.movistar.es\/blog\/home\/historia-movistar-anuncios\/#primaryimage\"},\"image\":{\"@id\":\"https:\/\/www.movistar.es\/blog\/home\/historia-movistar-anuncios\/#primaryimage\"},\"thumbnailUrl\":\"https:\/\/www.movistar.es\/blog\/wp-content\/uploads\/sites\/3\/2024\/04\/Mujer-joven-escuchando-musica-Young-girl-listening-music-.jpg\",\"datePublished\":\"2024-04-17T05:59:01+00:00\",\"dateModified\":\"2024-04-17T05:59:03+00:00\",\"description\":\"Si algo ha caracterizado a los anuncios de Movistar a lo largo de su historia\u00a0ha sido la m\u00fasica. Hacemos un repaso de los m\u00e1s memorables.\",\"breadcrumb\":{\"@id\":\"https:\/\/www.movistar.es\/blog\/home\/historia-movistar-anuncios\/#breadcrumb\"},\"inLanguage\":\"es\",\"potentialAction\":[{\"@type\":\"ReadAction\",\"target\":[\"https:\/\/www.movistar.es\/blog\/home\/historia-movistar-anuncios\/\"]}]},{\"@type\":\"ImageObject\",\"inLanguage\":\"es\",\"@id\":\"https:\/\/www.movistar.es\/blog\/home\/historia-movistar-anuncios\/#primaryimage\",\"url\":\"https:\/\/www.movistar.es\/blog\/wp-content\/uploads\/sites\/3\/2024\/04\/Mujer-joven-escuchando-musica-Young-girl-listening-music-.jpg\",\"contentUrl\":\"https:\/\/www.movistar.es\/blog\/wp-content\/uploads\/sites\/3\/2024\/04\/Mujer-joven-escuchando-musica-Young-girl-listening-music-.jpg\",\"width\":6016,\"height\":4016,\"caption\":\"Young woman listening to the music and enjoying at home after work.\"},{\"@type\":\"BreadcrumbList\",\"@id\":\"https:\/\/www.movistar.es\/blog\/home\/historia-movistar-anuncios\/#breadcrumb\",\"itemListElement\":[{\"@type\":\"ListItem\",\"position\":1,\"name\":\"Home\",\"item\":\"https:\/\/www.movistar.es\/blog\/\"},{\"@type\":\"ListItem\",\"position\":2,\"name\":\"Conoce la historia de Movistar a trav\u00e9s de sus anuncios\"}]},{\"@type\":\"WebSite\",\"@id\":\"https:\/\/www.movistar.es\/blog\/#website\",\"url\":\"https:\/\/www.movistar.es\/blog\/\",\"name\":\"Movistar blog\",\"description\":\"Movistar Blog. Informaci\u00f3n y m\u00e1s sobre los productos y servicios de Movistar\",\"publisher\":{\"@id\":\"https:\/\/www.movistar.es\/blog\/#organization\"},\"potentialAction\":[{\"@type\":\"SearchAction\",\"target\":{\"@type\":\"EntryPoint\",\"urlTemplate\":\"https:\/\/www.movistar.es\/blog\/?s={search_term_string}\"},\"query-input\":{\"@type\":\"PropertyValueSpecification\",\"valueRequired\":true,\"valueName\":\"search_term_string\"}}],\"inLanguage\":\"es\"},{\"@type\":\"Organization\",\"@id\":\"https:\/\/www.movistar.es\/blog\/#organization\",\"name\":\"Movistar blog\",\"url\":\"https:\/\/www.movistar.es\/blog\/\",\"logo\":{\"@type\":\"ImageObject\",\"inLanguage\":\"es\",\"@id\":\"https:\/\/www.movistar.es\/blog\/#\/schema\/logo\/image\/\",\"url\":\"https:\/\/www.movistar.es\/blog\/wp-content\/uploads\/sites\/3\/2022\/05\/logo_movistar-1.svg\",\"contentUrl\":\"https:\/\/www.movistar.es\/blog\/wp-content\/uploads\/sites\/3\/2022\/05\/logo_movistar-1.svg\",\"width\":369,\"height\":272,\"caption\":\"Movistar blog\"},\"image\":{\"@id\":\"https:\/\/www.movistar.es\/blog\/#\/schema\/logo\/image\/\"}},{\"@type\":\"Person\",\"@id\":\"https:\/\/www.movistar.es\/blog\/#\/schema\/person\/7f09a25205e74e2009f96dba3bba4f30\",\"name\":\"Emilio Rodr\u00edguez\",\"image\":{\"@type\":\"ImageObject\",\"inLanguage\":\"es\",\"@id\":\"https:\/\/www.movistar.es\/blog\/#\/schema\/person\/image\/8f3747647a2d3e69815221284d708ff5\",\"url\":\"https:\/\/secure.gravatar.com\/avatar\/c55c049d3550e4aa36b25fc91011843c69bd91d48ffa44755cec59b1853fe363\",\"contentUrl\":\"https:\/\/secure.gravatar.com\/avatar\/c55c049d3550e4aa36b25fc91011843c69bd91d48ffa44755cec59b1853fe363\",\"caption\":\"Emilio Rodr\u00edguez\"},\"url\":\"https:\/\/www.movistar.es\/blog\/author\/emilio\/\"}]}<\/script>\n<!-- \/ Yoast SEO Premium plugin. -->","yoast_head_json":{"title":"Anuncios Movistar: Su historia a trav\u00e9s de las canciones","description":"Si algo ha caracterizado a los anuncios de Movistar a lo largo de su historia\u00a0ha sido la m\u00fasica. Hacemos un repaso de los m\u00e1s memorables.","robots":{"index":"index","follow":"follow","max-snippet":"max-snippet:-1","max-image-preview":"max-image-preview:large","max-video-preview":"max-video-preview:-1"},"canonical":"https:\/\/www.movistar.es\/blog\/home\/historia-movistar-anuncios\/","og_locale":"es_ES","og_type":"article","og_title":"Conoce la historia de Movistar a trav\u00e9s de sus anuncios","og_description":"Si algo ha caracterizado a los anuncios de Movistar a lo largo de su historia\u00a0ha sido la m\u00fasica. Hacemos un repaso de los m\u00e1s memorables.","og_url":"https:\/\/www.movistar.es\/blog\/home\/historia-movistar-anuncios\/","og_site_name":"Movistar blog","article_published_time":"2024-04-17T05:59:01+00:00","article_modified_time":"2024-04-17T05:59:03+00:00","author":"Emilio Rodr\u00edguez","twitter_card":"summary_large_image","twitter_image":"https:\/\/www.movistar.es\/blog\/wp-content\/uploads\/sites\/3\/2024\/04\/Mujer-joven-escuchando-musica-Young-girl-listening-music-.jpg","twitter_misc":{"Written by":"Emilio Rodr\u00edguez","Est. reading time":"6 minutos"},"schema":{"@context":"https:\/\/schema.org","@graph":[{"@type":"Article","@id":"https:\/\/www.movistar.es\/blog\/home\/historia-movistar-anuncios\/#article","isPartOf":{"@id":"https:\/\/www.movistar.es\/blog\/home\/historia-movistar-anuncios\/"},"author":{"name":"Emilio Rodr\u00edguez","@id":"https:\/\/www.movistar.es\/blog\/#\/schema\/person\/7f09a25205e74e2009f96dba3bba4f30"},"headline":"Conoce la historia de Movistar a trav\u00e9s de sus anuncios","datePublished":"2024-04-17T05:59:01+00:00","dateModified":"2024-04-17T05:59:03+00:00","mainEntityOfPage":{"@id":"https:\/\/www.movistar.es\/blog\/home\/historia-movistar-anuncios\/"},"wordCount":1498,"publisher":{"@id":"https:\/\/www.movistar.es\/blog\/#organization"},"image":{"@id":"https:\/\/www.movistar.es\/blog\/home\/historia-movistar-anuncios\/#primaryimage"},"thumbnailUrl":"https:\/\/www.movistar.es\/blog\/wp-content\/uploads\/sites\/3\/2024\/04\/Mujer-joven-escuchando-musica-Young-girl-listening-music-.jpg","inLanguage":"es"},{"@type":"WebPage","@id":"https:\/\/www.movistar.es\/blog\/home\/historia-movistar-anuncios\/","url":"https:\/\/www.movistar.es\/blog\/home\/historia-movistar-anuncios\/","name":"Anuncios Movistar: Su historia a trav\u00e9s de las canciones","isPartOf":{"@id":"https:\/\/www.movistar.es\/blog\/#website"},"primaryImageOfPage":{"@id":"https:\/\/www.movistar.es\/blog\/home\/historia-movistar-anuncios\/#primaryimage"},"image":{"@id":"https:\/\/www.movistar.es\/blog\/home\/historia-movistar-anuncios\/#primaryimage"},"thumbnailUrl":"https:\/\/www.movistar.es\/blog\/wp-content\/uploads\/sites\/3\/2024\/04\/Mujer-joven-escuchando-musica-Young-girl-listening-music-.jpg","datePublished":"2024-04-17T05:59:01+00:00","dateModified":"2024-04-17T05:59:03+00:00","description":"Si algo ha caracterizado a los anuncios de Movistar a lo largo de su historia\u00a0ha sido la m\u00fasica. Hacemos un repaso de los m\u00e1s memorables.","breadcrumb":{"@id":"https:\/\/www.movistar.es\/blog\/home\/historia-movistar-anuncios\/#breadcrumb"},"inLanguage":"es","potentialAction":[{"@type":"ReadAction","target":["https:\/\/www.movistar.es\/blog\/home\/historia-movistar-anuncios\/"]}]},{"@type":"ImageObject","inLanguage":"es","@id":"https:\/\/www.movistar.es\/blog\/home\/historia-movistar-anuncios\/#primaryimage","url":"https:\/\/www.movistar.es\/blog\/wp-content\/uploads\/sites\/3\/2024\/04\/Mujer-joven-escuchando-musica-Young-girl-listening-music-.jpg","contentUrl":"https:\/\/www.movistar.es\/blog\/wp-content\/uploads\/sites\/3\/2024\/04\/Mujer-joven-escuchando-musica-Young-girl-listening-music-.jpg","width":6016,"height":4016,"caption":"Young woman listening to the music and enjoying at home after work."},{"@type":"BreadcrumbList","@id":"https:\/\/www.movistar.es\/blog\/home\/historia-movistar-anuncios\/#breadcrumb","itemListElement":[{"@type":"ListItem","position":1,"name":"Home","item":"https:\/\/www.movistar.es\/blog\/"},{"@type":"ListItem","position":2,"name":"Conoce la historia de Movistar a trav\u00e9s de sus anuncios"}]},{"@type":"WebSite","@id":"https:\/\/www.movistar.es\/blog\/#website","url":"https:\/\/www.movistar.es\/blog\/","name":"Movistar blog","description":"Movistar Blog. Informaci\u00f3n y m\u00e1s sobre los productos y servicios de Movistar","publisher":{"@id":"https:\/\/www.movistar.es\/blog\/#organization"},"potentialAction":[{"@type":"SearchAction","target":{"@type":"EntryPoint","urlTemplate":"https:\/\/www.movistar.es\/blog\/?s={search_term_string}"},"query-input":{"@type":"PropertyValueSpecification","valueRequired":true,"valueName":"search_term_string"}}],"inLanguage":"es"},{"@type":"Organization","@id":"https:\/\/www.movistar.es\/blog\/#organization","name":"Movistar blog","url":"https:\/\/www.movistar.es\/blog\/","logo":{"@type":"ImageObject","inLanguage":"es","@id":"https:\/\/www.movistar.es\/blog\/#\/schema\/logo\/image\/","url":"https:\/\/www.movistar.es\/blog\/wp-content\/uploads\/sites\/3\/2022\/05\/logo_movistar-1.svg","contentUrl":"https:\/\/www.movistar.es\/blog\/wp-content\/uploads\/sites\/3\/2022\/05\/logo_movistar-1.svg","width":369,"height":272,"caption":"Movistar blog"},"image":{"@id":"https:\/\/www.movistar.es\/blog\/#\/schema\/logo\/image\/"}},{"@type":"Person","@id":"https:\/\/www.movistar.es\/blog\/#\/schema\/person\/7f09a25205e74e2009f96dba3bba4f30","name":"Emilio Rodr\u00edguez","image":{"@type":"ImageObject","inLanguage":"es","@id":"https:\/\/www.movistar.es\/blog\/#\/schema\/person\/image\/8f3747647a2d3e69815221284d708ff5","url":"https:\/\/secure.gravatar.com\/avatar\/c55c049d3550e4aa36b25fc91011843c69bd91d48ffa44755cec59b1853fe363","contentUrl":"https:\/\/secure.gravatar.com\/avatar\/c55c049d3550e4aa36b25fc91011843c69bd91d48ffa44755cec59b1853fe363","caption":"Emilio Rodr\u00edguez"},"url":"https:\/\/www.movistar.es\/blog\/author\/emilio\/"}]}},"jetpack_featured_media_url":"https:\/\/www.movistar.es\/blog\/wp-content\/uploads\/sites\/3\/2024\/04\/Mujer-joven-escuchando-musica-Young-girl-listening-music-.jpg","jetpack_sharing_enabled":true,"_links":{"self":[{"href":"https:\/\/www.movistar.es\/blog\/wp-json\/wp\/v2\/posts\/25356","targetHints":{"allow":["GET"]}}],"collection":[{"href":"https:\/\/www.movistar.es\/blog\/wp-json\/wp\/v2\/posts"}],"about":[{"href":"https:\/\/www.movistar.es\/blog\/wp-json\/wp\/v2\/types\/post"}],"author":[{"embeddable":true,"href":"https:\/\/www.movistar.es\/blog\/wp-json\/wp\/v2\/users\/202"}],"replies":[{"embeddable":true,"href":"https:\/\/www.movistar.es\/blog\/wp-json\/wp\/v2\/comments?post=25356"}],"version-history":[{"count":32,"href":"https:\/\/www.movistar.es\/blog\/wp-json\/wp\/v2\/posts\/25356\/revisions"}],"predecessor-version":[{"id":25550,"href":"https:\/\/www.movistar.es\/blog\/wp-json\/wp\/v2\/posts\/25356\/revisions\/25550"}],"wp:featuredmedia":[{"embeddable":true,"href":"https:\/\/www.movistar.es\/blog\/wp-json\/wp\/v2\/media\/25547"}],"wp:attachment":[{"href":"https:\/\/www.movistar.es\/blog\/wp-json\/wp\/v2\/media?parent=25356"}],"wp:term":[{"taxonomy":"category","embeddable":true,"href":"https:\/\/www.movistar.es\/blog\/wp-json\/wp\/v2\/categories?post=25356"},{"taxonomy":"post_tag","embeddable":true,"href":"https:\/\/www.movistar.es\/blog\/wp-json\/wp\/v2\/tags?post=25356"},{"taxonomy":"area","embeddable":true,"href":"https:\/\/www.movistar.es\/blog\/wp-json\/wp\/v2\/area?post=25356"},{"taxonomy":"cluster","embeddable":true,"href":"https:\/\/www.movistar.es\/blog\/wp-json\/wp\/v2\/cluster?post=25356"},{"taxonomy":"linea_editorial","embeddable":true,"href":"https:\/\/www.movistar.es\/blog\/wp-json\/wp\/v2\/linea_editorial?post=25356"},{"taxonomy":"author","embeddable":true,"href":"https:\/\/www.movistar.es\/blog\/wp-json\/wp\/v2\/coauthors?post=25356"}],"curies":[{"name":"wp","href":"https:\/\/api.w.org\/{rel}","templated":true}]}}