{"id":25179,"date":"2024-04-19T08:00:00","date_gmt":"2024-04-19T06:00:00","guid":{"rendered":"https:\/\/www.movistar.es\/blog\/?p=25179"},"modified":"2024-04-17T17:50:00","modified_gmt":"2024-04-17T15:50:00","slug":"historias-telefonica-logotipo","status":"publish","type":"post","link":"https:\/\/www.movistar.es\/blog\/home\/historias-telefonica-logotipo\/","title":{"rendered":"Historias de Telef\u00f3nica: el logotipo, un viaje a trav\u00e9s del tiempo"},"content":{"rendered":"\n<p>\u00bfSab\u00edas que el uso de los c\u00edrculos o puntos en el logotipo de Telef\u00f3nica, en la d\u00e9cada de los 80, ten\u00eda el significado de sugerir el teclado de los antiguos tel\u00e9fonos anal\u00f3gicos?<\/p>\n\n\n\n<p>En el Historias de Telef\u00f3nica de hoy, te contamos la evoluci\u00f3n del logotipo oficial de la empresa, desde 1924 hasta nuestros d\u00edas.&nbsp;<\/p>\n\n\n\n<h2 class=\"wp-block-heading\" id=\"toc-hId--1269971376\"><strong>Nacimiento de la compa\u00f1\u00eda y primer logo&nbsp;de Telef\u00f3nica 1924-1984<\/strong><\/h2>\n\n\n\n<p>Telef\u00f3nica, fundada en 1924 como,&nbsp;<strong>Compa\u00f1\u00eda Telef\u00f3nica Nacional de Espa\u00f1a (CTNE)<\/strong>,&nbsp;tuvo como primer logo de la empresa un mapa de la Pen\u00ednsula Ib\u00e9rica y Baleares sobre fondo blanco. Este estaba rodeado por el nombre completo de la empresa.<\/p>\n\n\n\n<p>Era una imagen simple y directa que reflejaba el objetivo principal de la compa\u00f1\u00eda: conectar a Espa\u00f1a. Fue\u00a0dise\u00f1ado por el ingeniero y pintor Jos\u00e9 Mar\u00eda Sert y reflejaba, de manera muy clara, la simplicidad y la funcionalidad de la \u00e9poca.<\/p>\n\n\n\n<figure class=\"wp-block-image aligncenter size-full is-resized\"><img loading=\"lazy\" decoding=\"async\" src=\"https:\/\/www.movistar.es\/blog\/wp-content\/uploads\/sites\/3\/2024\/04\/Telefonica-logo.png\" alt=\"Logotipo telef\u00f3nica 1924\" class=\"wp-image-25577\" width=\"300\" height=\"300\" title=\"logos-telefonica-1.jpeg\" srcset=\"https:\/\/www.movistar.es\/blog\/wp-content\/uploads\/sites\/3\/2024\/04\/Telefonica-logo.png 600w, https:\/\/www.movistar.es\/blog\/wp-content\/uploads\/sites\/3\/2024\/04\/Telefonica-logo.png?resize=150,150 150w, https:\/\/www.movistar.es\/blog\/wp-content\/uploads\/sites\/3\/2024\/04\/Telefonica-logo.png?resize=300,300 300w\" sizes=\"auto, (max-width: 300px) 100vw, 300px\" \/><\/figure>\n\n\n\n<p>El logotipo se usaba en las placas de bronce que se colocaban en la entrada de los edificios y centrales de la Compa\u00f1\u00eda Telef\u00f3nica Nacional de Espa\u00f1a, as\u00ed como en otros soportes como tapas de registro o carceler\u00eda externa en centrales, oficinas comerciales\u2026<\/p>\n\n\n\n<p>Exist\u00eda otra versi\u00f3n del logo consistente en un monograma. Este se usaba en soportes m\u00e1s cercanos al cliente como tel\u00e9fonos, cajetines, PTR\u2026 y por lo que, posiblemente sea m\u00e1s f\u00e1cilmente reconocible:<\/p>\n\n\n\n<figure class=\"wp-block-image aligncenter size-full is-resized\"><img loading=\"lazy\" decoding=\"async\" src=\"https:\/\/www.movistar.es\/blog\/wp-content\/uploads\/sites\/3\/2024\/04\/Logotipo-Telefonica.png\" alt=\"logo telef\u00f3nica 1984\" class=\"wp-image-25578\" width=\"300\" height=\"300\" title=\"Captura de pantalla 2024-03-15 a las 13.31.49.png\" srcset=\"https:\/\/www.movistar.es\/blog\/wp-content\/uploads\/sites\/3\/2024\/04\/Logotipo-Telefonica.png 600w, https:\/\/www.movistar.es\/blog\/wp-content\/uploads\/sites\/3\/2024\/04\/Logotipo-Telefonica.png?resize=150,150 150w, https:\/\/www.movistar.es\/blog\/wp-content\/uploads\/sites\/3\/2024\/04\/Logotipo-Telefonica.png?resize=300,300 300w\" sizes=\"auto, (max-width: 300px) 100vw, 300px\" \/><\/figure>\n\n\n\n<p>Este logotipo, con peque\u00f1as evoluciones, fue usado de manera continua, durante 60 a\u00f1os.<\/p>\n\n\n\n<h2 class=\"wp-block-heading\" id=\"toc-hId--1269970415\"><strong>Evoluci\u00f3n del logo (1984-1993)&nbsp;<\/strong><\/h2>\n\n\n\n<p>En abril de 1983, Telef\u00f3nica comenz\u00f3 a buscar una empresa de dise\u00f1o que replantease en profundidad la identidad visual para modernizarse y ajustarse a su nueva estrategia. Para ello, public\u00f3 un anuncio en prensa nacional anunciando un concurso p\u00fablico abierto.<\/p>\n\n\n\n<p>El&nbsp;<strong>estudio Taula de Disseny, de Josep Mar\u00eda Civit, fue el elegido para llevar esta tarea<\/strong>&nbsp;a cabo. En junio de 1984, aprovechando el 60 aniversario de la compa\u00f1\u00eda, presentaron en la junta de accionistas la nueva identidad visual del grupo.<\/p>\n\n\n\n<p>Despu\u00e9s de 60 a\u00f1os con el mapa de Espa\u00f1a, se pas\u00f3 a un dise\u00f1o sencillo y visual, con un aire muy similar al que identifica a Telef\u00f3nica el a\u00f1o de su Centenario.<\/p>\n\n\n\n<p>Fue el primer cambio del logotipo de la empresa, pues el originario, de 1924, ya no representaba el nuevo esp\u00edritu e imagen tecnol\u00f3gica de la compa\u00f1\u00eda.<\/p>\n\n\n\n<p>El nuevo logo Introduc\u00eda el color verde y azul, con los 10 puntos en forma de T contenidos en un c\u00edrculo, que suger\u00edan modernidad. Hac\u00eda recordar la marcaci\u00f3n por teclas de los tel\u00e9fonos de nueva generaci\u00f3n en aquellos tiempos.<\/p>\n\n\n\n<p>Con este cambio, nos anticip\u00e1bamos a las tendencias liberalizadoras que ya empezaban a extenderse por Europa. Sin embargo, antes de llegar al logotipo definitivo, y coincidiendo con el 60 aniversario de la empresa, en\u00a0<strong>1983<\/strong>\u00a0se present\u00f3 la nueva imagen corporativa. Una imagen que dio paso a la instauraci\u00f3n de Telef\u00f3nica como marca en el imaginario colectivo.<\/p>\n\n\n\n<p>Se trata de una T elaborada con puntos, recordando a un teclado. Debajo se escrib\u00eda la palabra Telef\u00f3nica con un punto verde entre la N y la I. Sin embargo, este logo dur\u00f3 poco tiempo de cara al p\u00fablico, ya que no debi\u00f3 convencer demasiado dentro de la compa\u00f1\u00eda, por lo que sigui\u00f3 experimentando sucesivos procesos de restyling.&nbsp;<\/p>\n\n\n\n<figure class=\"wp-block-image aligncenter size-full is-resized\"><img loading=\"lazy\" decoding=\"async\" src=\"https:\/\/www.movistar.es\/blog\/wp-content\/uploads\/sites\/3\/2024\/04\/Logo-telefonica-1984.png\" alt=\"Telefonica logo\" class=\"wp-image-25579\" width=\"300\" height=\"300\" title=\"Captura de pantalla 2024-03-11 a las 10.35.40.png\" srcset=\"https:\/\/www.movistar.es\/blog\/wp-content\/uploads\/sites\/3\/2024\/04\/Logo-telefonica-1984.png 600w, https:\/\/www.movistar.es\/blog\/wp-content\/uploads\/sites\/3\/2024\/04\/Logo-telefonica-1984.png?resize=150,150 150w, https:\/\/www.movistar.es\/blog\/wp-content\/uploads\/sites\/3\/2024\/04\/Logo-telefonica-1984.png?resize=300,300 300w\" sizes=\"auto, (max-width: 300px) 100vw, 300px\" \/><\/figure>\n\n\n\n<p>Ya en\u00a0<strong>1984<\/strong>\u00a0lleg\u00f3 el primer gran logo por antonomasia, instaurado en el tiempo. En julio de ese mismo a\u00f1o, se coloc\u00f3 la \u00abT\u00bb verde dentro de un anillo azul suprimiendo el nombre de la empresa en la parte inferior. El nombre de la empresa volvi\u00f3 a estar presente a partir de noviembre con una tipograf\u00eda m\u00e1s elaborada y con solo la \u00abT\u00bb en may\u00fascula.<\/p>\n\n\n\n<p>Alrededor de la T aparec\u00eda una circunferencia. Debajo, las letras de Telef\u00f3nica ya se escrib\u00edan en min\u00fascula y desaparec\u00eda ese inexplicable punto verde. As\u00ed, este logotipo ser\u00eda la imagen corporativa inamovible de la empresa hasta el a\u00f1o 1993.<\/p>\n\n\n\n<figure class=\"wp-block-image aligncenter size-full is-resized\"><img loading=\"lazy\" decoding=\"async\" src=\"https:\/\/www.movistar.es\/blog\/wp-content\/uploads\/sites\/3\/2024\/04\/telefonica-logotipo.png\" alt=\"telefonica logo 1984\" class=\"wp-image-25580\" width=\"300\" height=\"300\" title=\"B6fiyF4IcAAHIrk.jpeg\" srcset=\"https:\/\/www.movistar.es\/blog\/wp-content\/uploads\/sites\/3\/2024\/04\/telefonica-logotipo.png 600w, https:\/\/www.movistar.es\/blog\/wp-content\/uploads\/sites\/3\/2024\/04\/telefonica-logotipo.png?resize=150,150 150w, https:\/\/www.movistar.es\/blog\/wp-content\/uploads\/sites\/3\/2024\/04\/telefonica-logotipo.png?resize=300,300 300w\" sizes=\"auto, (max-width: 300px) 100vw, 300px\" \/><\/figure>\n\n\n\n<p>En esos a\u00f1os, Telef\u00f3nica estaba en un proceso decidido de modernizaci\u00f3n industrial y renovaci\u00f3n tecnol\u00f3gica. Y todo esto se simboliz\u00f3 tambi\u00e9n externamente con el nuevo logotipo.<\/p>\n\n\n\n<p>El cambio de logo supuso la adaptaci\u00f3n al mismo de numerosos materiales urbanos como cabinas, oficinas comerciales o incluso la flota de veh\u00edculos&nbsp;de la empresa.<\/p>\n\n\n\n<figure class=\"wp-block-image size-large\"><img loading=\"lazy\" decoding=\"async\" height=\"197\" width=\"1024\" src=\"https:\/\/www.movistar.es\/blog\/wp-content\/uploads\/sites\/3\/2024\/04\/branding-telefonica.png?w=1024\" alt=\"Branding Telefonica\" class=\"wp-image-25586\" title=\"Captura de pantalla 2024-03-11 a las 10.29.24.png\" srcset=\"https:\/\/www.movistar.es\/blog\/wp-content\/uploads\/sites\/3\/2024\/04\/branding-telefonica.png 1040w, https:\/\/www.movistar.es\/blog\/wp-content\/uploads\/sites\/3\/2024\/04\/branding-telefonica.png?resize=300,58 300w, https:\/\/www.movistar.es\/blog\/wp-content\/uploads\/sites\/3\/2024\/04\/branding-telefonica.png?resize=768,148 768w, https:\/\/www.movistar.es\/blog\/wp-content\/uploads\/sites\/3\/2024\/04\/branding-telefonica.png?resize=1024,197 1024w\" sizes=\"auto, (max-width: 1024px) 100vw, 1024px\" \/><\/figure>\n\n\n\n<h2 class=\"wp-block-heading\" id=\"toc-hId--1269969454\"><strong>La estilizaci\u00f3n de la T (1993-98)<\/strong><\/h2>\n\n\n\n<p>Nueve a\u00f1os despu\u00e9s, en 1993, en l\u00ednea con una orientaci\u00f3n al cliente, el equipo directivo de la empresa le dio otra vuelta a la imagen de marca. La T de c\u00edrculos segu\u00eda siendo la esencia, pero pasar\u00eda a ser de colores. Estos estaban dispuestos en diagonal y de diferentes tama\u00f1os.<\/p>\n\n\n\n<p>Una T que ya no estaba quieta, que se mov\u00eda y parec\u00eda que bailara. Era un logo multicolor, para una compa\u00f1\u00eda que crec\u00eda, que se expand\u00eda por el mundo y que quer\u00eda ser la favorita de los usuarios.<\/p>\n\n\n\n<p>Aunque la \u00abT\u00bb con puntos segu\u00eda siendo el icono central, Telef\u00f3nica decidi\u00f3 dar un giro. Los puntos que formaban la \u00abT\u00bb pasaban a estar coloreados. Adem\u00e1s, los tama\u00f1os de los puntos que formaban la barra superior de la \u00abT\u00bb ten\u00edan diferente tama\u00f1o para dar una sensaci\u00f3n de dinamismo.<\/p>\n\n\n\n<figure class=\"wp-block-image aligncenter size-full is-resized\"><img loading=\"lazy\" decoding=\"async\" src=\"https:\/\/www.movistar.es\/blog\/wp-content\/uploads\/sites\/3\/2024\/04\/Logo-telefonica-93-98.png\" alt=\"logo telef\u00f3nica 1993\" class=\"wp-image-25581\" width=\"300\" height=\"300\" srcset=\"https:\/\/www.movistar.es\/blog\/wp-content\/uploads\/sites\/3\/2024\/04\/Logo-telefonica-93-98.png 600w, https:\/\/www.movistar.es\/blog\/wp-content\/uploads\/sites\/3\/2024\/04\/Logo-telefonica-93-98.png?resize=150,150 150w, https:\/\/www.movistar.es\/blog\/wp-content\/uploads\/sites\/3\/2024\/04\/Logo-telefonica-93-98.png?resize=300,300 300w\" sizes=\"auto, (max-width: 300px) 100vw, 300px\" \/><\/figure>\n\n\n\n<p>La palabra \u00abTelef\u00f3nica\u00bb pasaba a estar en cursiva y el tama\u00f1o aumentaba de 10 a 12 puntos. Adem\u00e1s, el anillo fue reemplazado por una elipse multicolor, que acentuaba todav\u00eda m\u00e1s la sensaci\u00f3n de movimiento.<\/p>\n\n\n\n<h2 class=\"wp-block-heading\" id=\"toc-hId--1269968493\">El pen\u00faltimo cambio de logotipo en Telef\u00f3nica 1998-2021\u00a0<\/h2>\n\n\n\n<p>A finales de siglo, Telef\u00f3nica crec\u00eda en clientes, mercados, accionistas, portfolio y era una de las compa\u00f1\u00edas m\u00e1s importantes de Espa\u00f1a y una de las telcos m\u00e1s relevantes del mundo.<\/p>\n\n\n\n<p>Juan Villalonga, el presidente en 1998, consideraba que la compa\u00f1\u00eda deb\u00eda llevar completo su nombre en el logo. Que se leyera y se escribiera igual en todos los mercados y que luzciara los colores corporativos, azul oscuro y verde.<\/p>\n\n\n\n<p>De esta forma, se abandonaba la tradicional \u00abT\u00bb con puntos, para adoptar un elegante logotipo en el que se pod\u00eda leer la palabra \u00abTelef\u00f3nica\u00bb. Adem\u00e1s, pretend\u00eda ser una apuesta por actualizarse con vistas al nuevo siglo. En 2010 estas tonalidades cambiarron, aunque no la graf\u00eda.<\/p>\n\n\n\n<p>En uno de los cambios m\u00e1s notables y audaces de la historia de nuestro logotipo, en 1998, el logo se actualiz\u00f3 con una paleta de colores m\u00e1s vibrante y una tipograf\u00eda m\u00e1s estilizada. Esta renovaci\u00f3n buscaba reflejar la evoluci\u00f3n de Telef\u00f3nica hacia una empresa global y tecnol\u00f3gica.<\/p>\n\n\n\n<figure class=\"wp-block-image aligncenter size-full is-resized\"><img loading=\"lazy\" decoding=\"async\" src=\"https:\/\/www.movistar.es\/blog\/wp-content\/uploads\/sites\/3\/2024\/04\/logo-hasta-2021.png\" alt=\"logo hasta 2021\" class=\"wp-image-25582\" width=\"300\" height=\"300\" title=\"Captura de pantalla 2024-03-11 a las 10.28.03.png\" srcset=\"https:\/\/www.movistar.es\/blog\/wp-content\/uploads\/sites\/3\/2024\/04\/logo-hasta-2021.png 600w, https:\/\/www.movistar.es\/blog\/wp-content\/uploads\/sites\/3\/2024\/04\/logo-hasta-2021.png?resize=150,150 150w, https:\/\/www.movistar.es\/blog\/wp-content\/uploads\/sites\/3\/2024\/04\/logo-hasta-2021.png?resize=300,300 300w\" sizes=\"auto, (max-width: 300px) 100vw, 300px\" \/><\/figure>\n\n\n\n<p>2012 marc\u00f3 un nuevo hito en la historia del logotipo de Telef\u00f3nica. La compa\u00f1\u00eda adopt\u00f3 un dise\u00f1o minimalista y abstracto compuesto por cinco esferas interconectadas. Este cambio simboliz\u00f3 la convergencia digital, la globalizaci\u00f3n y la apuesta por la innovaci\u00f3n.<\/p>\n\n\n\n<h2 class=\"wp-block-heading\" id=\"toc-hId--1269967532\"><strong>El logotipo hoy (2021-actualidad)&nbsp;<\/strong><\/h2>\n\n\n\n<p>En 2021, la compa\u00f1\u00eda present\u00f3 un nuevo logo, compuesto por cinco c\u00edrculos, rescatando y evocando al creado en 1984, con el objetivo de reconocer el legado de la compa\u00f1\u00eda.<\/p>\n\n\n\n<p>En esta ocasi\u00f3n, se adopt\u00f3 y simplific\u00f3 para proyectar su futuro, con una clara apuesta por la tecnolog\u00eda y los entornos digitales.<\/p>\n\n\n\n<p>Una nueva identidad tambi\u00e9n era heredera del legado de una compa\u00f1\u00eda casi centenaria, puesto que Telef\u00f3nica acababa de cumplir 97 a\u00f1os. Por ello, se trataba de un logotipo diferencial pero reconocible, rescatado del de 1984, y que tambi\u00e9n fue anunciado en la Junta de Accionistas celebrada dicho a\u00f1o.<\/p>\n\n\n\n<p>El emblema actual, est\u00e1 conformado por cinco esferas por el especial simbolismo que este n\u00famero tiene para el Grupo.<\/p>\n\n\n\n<ul class=\"wp-block-list\"><li>Primero, porque se trata del quinto logo en la historia de la compa\u00f1\u00eda.<\/li><li>Segundo, porque cinco son los pilares en los que pivota el plan de acci\u00f3n de la nueva Telef\u00f3nica.<\/li><li>Y tercero, porque cada c\u00edrculo representa cada una de las \u2018T\u2019 que constituyen las se\u00f1as de identidad de la compa\u00f1\u00eda: telecomunicaciones, tecnolog\u00eda, transformaci\u00f3n, talento y trascendencia<\/li><\/ul>\n\n\n\n<figure class=\"wp-block-image aligncenter size-large\"><img loading=\"lazy\" decoding=\"async\" height=\"221\" width=\"1024\" src=\"https:\/\/www.movistar.es\/blog\/wp-content\/uploads\/sites\/3\/2024\/04\/logo-telefonica-2022.png?w=1024\" alt=\"logo 2022\" class=\"wp-image-25583\" title=\"Captura de pantalla 2024-03-11 a las 10.14.33.png\" srcset=\"https:\/\/www.movistar.es\/blog\/wp-content\/uploads\/sites\/3\/2024\/04\/logo-telefonica-2022.png 1040w, https:\/\/www.movistar.es\/blog\/wp-content\/uploads\/sites\/3\/2024\/04\/logo-telefonica-2022.png?resize=300,65 300w, https:\/\/www.movistar.es\/blog\/wp-content\/uploads\/sites\/3\/2024\/04\/logo-telefonica-2022.png?resize=768,165 768w, https:\/\/www.movistar.es\/blog\/wp-content\/uploads\/sites\/3\/2024\/04\/logo-telefonica-2022.png?resize=1024,221 1024w\" sizes=\"auto, (max-width: 1024px) 100vw, 1024px\" \/><\/figure>\n\n\n\n<p>En 2024, y con motivo del centenario de la empresa, se ha lanzado una adaptaci\u00f3n del logotipo que integra las cifras 100 en el mismo, una identidad corporativa que nos acompa\u00f1ar\u00e1 durante el a\u00f1o de nuestro centenario.\u00a0<\/p>\n\n\n\n<figure class=\"wp-block-image aligncenter size-large\"><img loading=\"lazy\" decoding=\"async\" height=\"352\" width=\"1024\" src=\"https:\/\/www.movistar.es\/blog\/wp-content\/uploads\/sites\/3\/2024\/04\/logo-telefonica-centenario.png?w=1024\" alt=\"logo centenario\" class=\"wp-image-25584\" title=\"Captura de pantalla 2024-03-11 a las 10.11.26.png\" srcset=\"https:\/\/www.movistar.es\/blog\/wp-content\/uploads\/sites\/3\/2024\/04\/logo-telefonica-centenario.png 1040w, https:\/\/www.movistar.es\/blog\/wp-content\/uploads\/sites\/3\/2024\/04\/logo-telefonica-centenario.png?resize=300,103 300w, https:\/\/www.movistar.es\/blog\/wp-content\/uploads\/sites\/3\/2024\/04\/logo-telefonica-centenario.png?resize=768,264 768w, https:\/\/www.movistar.es\/blog\/wp-content\/uploads\/sites\/3\/2024\/04\/logo-telefonica-centenario.png?resize=1024,352 1024w\" sizes=\"auto, (max-width: 1024px) 100vw, 1024px\" \/><\/figure>\n\n\n\n<p>El logotipo actual de Telef\u00f3nica se utiliza en todos los pa\u00edses donde opera la empresa, incluyendo Espa\u00f1a, Latinoam\u00e9rica, Europa y Asia.<\/p>\n\n\n\n<p>En la compa\u00f1\u00eda hemos logrado crear una marca global reconocida por su solidez, innovaci\u00f3n y compromiso con el desarrollo de las telecomunicaciones.<\/p>\n\n\n\n<h2 class=\"wp-block-heading\" id=\"toc-hId--1269966571\"><strong>El logo de Movistar, nacimiento y evoluci\u00f3n<\/strong><\/h2>\n\n\n\n<p>El logotipo de Movistar, la reconocida marca espa\u00f1ola de telecomunicaciones, tambi\u00e9n ha experimentado una notable evoluci\u00f3n a lo largo de su historia, reflejando los cambios en la empresa, las tendencias del dise\u00f1o y la propia sociedad.<\/p>\n\n\n\n<p>Todo comenz\u00f3 en 1993, cu\u00e1ndo Telef\u00f3nica, la multinacional espa\u00f1ola, lanz\u00f3 <strong><a href=\"https:\/\/www.movistar.es\/blog\/home\/historias-telefonica-moviline\/\">MoviLine<\/a><\/strong>. Este era un servicio de telefon\u00eda m\u00f3vil anal\u00f3gica. Sin embargo, pensando a\u00fan m\u00e1s all\u00e1, la empresa tambi\u00e9n se agend\u00f3 el nombre <strong>MoviStar<\/strong>, un nombre que se utilizar\u00eda a\u00f1os m\u00e1s tarde con la llegada de la telefon\u00eda m\u00f3vil digital.<\/p>\n\n\n\n<ul class=\"wp-block-list\"><li><strong>1995:<\/strong>\u00a0En Julio de ese a\u00f1o,\u00a0<em>Telef\u00f3nica M\u00f3viles<\/em>\u00a0inici\u00f3 la comercializaci\u00f3n del servicio GSM, con la licencia que meses antes el Gobierno le hab\u00eda concedido bajo la marca Movistar. Para ello,\u00a0present\u00f3 un logotipo muy din\u00e1mico. Un c\u00edrculo azul con la letra \u00abM\u00bb en blanco que simbolizaba la modernidad y la cercan\u00eda con el cliente, la estrella.\u00a0<\/li><li><strong>1999<\/strong>:\u00a0El logo sufri\u00f3 un peque\u00f1o cambio, eliminando la T y d\u00e1ndole m\u00e1s presencia al nombre de la marca.<\/li><li><strong>2000<\/strong>: A comienzos del milenio, el logo fue cambiado, en esta ocasi\u00f3n, de forma radical con la llegada del nuevo nombre de la empresa, que pasar\u00eda a ser \u201cTelef\u00f3nica Movistar\u201d. De esta manera, el logo pas\u00f3 a tener dos niveles. La palabra \u201ctelef\u00f3nica\u201d se ve\u00eda subrayada con un color amarillo-verde y una fuente parecida a escritura a mano. Debajo estaba el \u201cMovistar\u201d en blanco. Ambas partes se encontraban sobre un fondo azul oscuro.<\/li><li><strong>2004:<\/strong>\u00a0Movistar introdujo un dise\u00f1o m\u00e1s abstracto y minimalista. Un c\u00edrculo azul dividido en cuatro cuadrantes, cada uno con un color diferente. Representaba la diversidad de servicios que ofrec\u00eda la empresa.<\/li><li><strong>2010:<\/strong>\u00a0La marca opt\u00f3 por un logotipo m\u00e1s simplificado: la letra \u00abM\u00bb en azul sobre un fondo blanco. Este cambio buscaba transmitir sencillez, transparencia y confianza.<\/li><li><strong>2017:<\/strong>\u00a0Movistar adopt\u00f3 un dise\u00f1o m\u00e1s fluido y din\u00e1mico. La letra \u00abM\u00bb se transformaba en un s\u00edmbolo tridimensional que representaba la conectividad y la innovaci\u00f3n.<\/li><li><strong>2021:<\/strong>\u00a0La marca present\u00f3 su logotipo actual. Un dise\u00f1o minimalista y vers\u00e1til, que se adaptaba a diferentes plataformas y aplicaciones. La letra \u00abM\u00bb se presentaba en un tono azul m\u00e1s vibrante, simbolizando la energ\u00eda y la vitalidad de la empresa.<\/li><\/ul>\n\n\n\n<figure class=\"wp-block-image size-large\"><img loading=\"lazy\" decoding=\"async\" height=\"640\" width=\"1024\" src=\"https:\/\/www.movistar.es\/blog\/wp-content\/uploads\/sites\/3\/2024\/04\/logo-Movistar.png?w=1024\" alt=\"logo Movistar\" class=\"wp-image-25585\" title=\"Movistar-Logo-historia.png\" srcset=\"https:\/\/www.movistar.es\/blog\/wp-content\/uploads\/sites\/3\/2024\/04\/logo-Movistar.png 1040w, https:\/\/www.movistar.es\/blog\/wp-content\/uploads\/sites\/3\/2024\/04\/logo-Movistar.png?resize=300,188 300w, https:\/\/www.movistar.es\/blog\/wp-content\/uploads\/sites\/3\/2024\/04\/logo-Movistar.png?resize=768,480 768w, https:\/\/www.movistar.es\/blog\/wp-content\/uploads\/sites\/3\/2024\/04\/logo-Movistar.png?resize=1024,640 1024w\" sizes=\"auto, (max-width: 1024px) 100vw, 1024px\" \/><\/figure>\n\n\n\n<p>La evoluci\u00f3n del logotipo de Telef\u00f3nica es un reflejo de la propia transformaci\u00f3n de la empresa. Desde sus inicios como un operador nacional, hasta convertirse en una multinacional l\u00edder en telecomunicaciones.<\/p>\n\n\n\n<p>Telef\u00f3nica ha sabido adaptarse a los cambios del mercado y las nuevas tecnolog\u00edas. Y lo refleja tambi\u00e9n su logotipo, que es un s\u00edmbolo de innovaci\u00f3n, globalizaci\u00f3n y compromiso con el futuro.<\/p>\n\n\n\n<p>Otras <strong>#HistoriasDeTelef\u00f3nica<\/strong> que te pueden interesar: <a href=\"https:\/\/www.movistar.es\/blog\/home\/historias-telefonica-distrito-telefonica\/\" target=\"_blank\" rel=\"noreferrer noopener\">Distrito Telef\u00f3nica<\/a>, <a href=\"https:\/\/www.movistar.es\/blog\/home\/historias-de-telefonica-la-rdsi\/\" target=\"_blank\" rel=\"noreferrer noopener\">RDSI<\/a>, <a href=\"https:\/\/www.movistar.es\/blog\/home\/historias-telefonica-estacion-buitrago\/\" target=\"_blank\" rel=\"noreferrer noopener\">Buitrago<\/a>, <a href=\"https:\/\/www.movistar.es\/blog\/home\/historias-telefonica-locutorio-movil\/\" target=\"_blank\" rel=\"noreferrer noopener\">el locutorio M\u00f3vil<\/a>, <a href=\"https:\/\/www.movistar.es\/blog\/5g\/historias-telefonica-hispasat\/\" target=\"_blank\" rel=\"noreferrer noopener\">Hispasat<\/a>, y muchas m\u00e1s, que hemos venido cont\u00e1ndote, mes a mes, a lo largo de un a\u00f1o, para conmemorar nuestro <a href=\"https:\/\/www.telefonica100.com\/\" target=\"_blank\" rel=\"noreferrer noopener\">centenario,<\/a> y que podr\u00e1s encontrar en este bloq buscando como \u00abHistorias de Telef\u00f3nica\u00bb. <\/p>\n","protected":false},"excerpt":{"rendered":"<p>\u00bfSab\u00edas que el uso de los c\u00edrculos o puntos en el logotipo de Telef\u00f3nica, en la d\u00e9cada de los 80, ten\u00eda el significado de sugerir el teclado de los antiguos tel\u00e9fonos anal\u00f3gicos? En el Historias [&hellip;]<\/p>\n","protected":false},"author":202,"featured_media":25575,"comment_status":"closed","ping_status":"closed","sticky":false,"template":"","format":"standard","meta":{"site-sidebar-layout":"default","site-content-layout":"","ast-site-content-layout":"","site-content-style":"default","site-sidebar-style":"default","ast-global-header-display":"","ast-banner-title-visibility":"","ast-main-header-display":"","ast-hfb-above-header-display":"","ast-hfb-below-header-display":"","ast-hfb-mobile-header-display":"","site-post-title":"","ast-breadcrumbs-content":"","ast-featured-img":"","footer-sml-layout":"","theme-transparent-header-meta":"","adv-header-id-meta":"","stick-header-meta":"","header-above-stick-meta":"","header-main-stick-meta":"","header-below-stick-meta":"","astra-migrate-meta-layouts":"default","ast-page-background-enabled":"default","ast-page-background-meta":{"desktop":{"background-color":"var(--ast-global-color-4)","background-image":"","background-repeat":"repeat","background-position":"center center","background-size":"auto","background-attachment":"scroll","background-type":"","background-media":"","overlay-type":"","overlay-color":"","overlay-opacity":"","overlay-gradient":""},"tablet":{"background-color":"","background-image":"","background-repeat":"repeat","background-position":"center center","background-size":"auto","background-attachment":"scroll","background-type":"","background-media":"","overlay-type":"","overlay-color":"","overlay-opacity":"","overlay-gradient":""},"mobile":{"background-color":"","background-image":"","background-repeat":"repeat","background-position":"center center","background-size":"auto","background-attachment":"scroll","background-type":"","background-media":"","overlay-type":"","overlay-color":"","overlay-opacity":"","overlay-gradient":""}},"ast-content-background-meta":{"desktop":{"background-color":"var(--ast-global-color-5)","background-image":"","background-repeat":"repeat","background-position":"center center","background-size":"auto","background-attachment":"scroll","background-type":"","background-media":"","overlay-type":"","overlay-color":"","overlay-opacity":"","overlay-gradient":""},"tablet":{"background-color":"var(--ast-global-color-5)","background-image":"","background-repeat":"repeat","background-position":"center center","background-size":"auto","background-attachment":"scroll","background-type":"","background-media":"","overlay-type":"","overlay-color":"","overlay-opacity":"","overlay-gradient":""},"mobile":{"background-color":"var(--ast-global-color-5)","background-image":"","background-repeat":"repeat","background-position":"center center","background-size":"auto","background-attachment":"scroll","background-type":"","background-media":"","overlay-type":"","overlay-color":"","overlay-opacity":"","overlay-gradient":""}},"_jetpack_memberships_contains_paid_content":false,"footnotes":""},"categories":[1],"tags":[],"area":[190],"cluster":[8],"linea_editorial":[],"coauthors":[579],"class_list":["post-25179","post","type-post","status-publish","format-standard","has-post-thumbnail","hentry","category-sin-categoria","area-content-movistar","cluster-home"],"yoast_head":"<!-- This site is optimized with the Yoast SEO Premium plugin v25.5 (Yoast SEO v25.5) - https:\/\/yoast.com\/wordpress\/plugins\/seo\/ -->\n<title>Historias de Telef\u00f3nica: el logotipo, un viaje a trav\u00e9s del tiempo<\/title>\n<meta name=\"description\" content=\"En el Historias de Telef\u00f3nica de hoy, te contamos la evoluci\u00f3n del logotipo oficial de la empresa, desde 1924 hasta nuestros d\u00edas.\" \/>\n<meta name=\"robots\" content=\"index, follow, max-snippet:-1, max-image-preview:large, max-video-preview:-1\" \/>\n<link rel=\"canonical\" href=\"https:\/\/www.movistar.es\/blog\/home\/historias-telefonica-logotipo\/\" \/>\n<meta property=\"og:locale\" content=\"es_ES\" \/>\n<meta property=\"og:type\" content=\"article\" \/>\n<meta property=\"og:title\" content=\"Historias de Telef\u00f3nica: el logotipo, un viaje a trav\u00e9s del tiempo\" \/>\n<meta property=\"og:description\" content=\"En el Historias de Telef\u00f3nica de hoy, te contamos la evoluci\u00f3n del logotipo oficial de la empresa, desde 1924 hasta nuestros d\u00edas.\" \/>\n<meta property=\"og:url\" content=\"https:\/\/www.movistar.es\/blog\/home\/historias-telefonica-logotipo\/\" \/>\n<meta property=\"og:site_name\" content=\"Movistar blog\" \/>\n<meta property=\"article:published_time\" content=\"2024-04-19T06:00:00+00:00\" \/>\n<meta property=\"og:image\" content=\"https:\/\/www.movistar.es\/blog\/wp-content\/uploads\/sites\/3\/2024\/04\/historia-logotipo-telefonica.png\" \/>\n\t<meta property=\"og:image:width\" content=\"1040\" \/>\n\t<meta property=\"og:image:height\" content=\"650\" \/>\n\t<meta property=\"og:image:type\" content=\"image\/png\" \/>\n<meta name=\"author\" content=\"Emilio Rodr\u00edguez\" \/>\n<meta name=\"twitter:card\" content=\"summary_large_image\" \/>\n<meta name=\"twitter:label1\" content=\"Written by\" \/>\n\t<meta name=\"twitter:data1\" content=\"Emilio Rodr\u00edguez\" \/>\n\t<meta name=\"twitter:label2\" content=\"Est. reading time\" \/>\n\t<meta name=\"twitter:data2\" content=\"11 minutos\" \/>\n<script type=\"application\/ld+json\" class=\"yoast-schema-graph\">{\"@context\":\"https:\/\/schema.org\",\"@graph\":[{\"@type\":\"Article\",\"@id\":\"https:\/\/www.movistar.es\/blog\/home\/historias-telefonica-logotipo\/#article\",\"isPartOf\":{\"@id\":\"https:\/\/www.movistar.es\/blog\/home\/historias-telefonica-logotipo\/\"},\"author\":{\"name\":\"Emilio Rodr\u00edguez\",\"@id\":\"https:\/\/www.movistar.es\/blog\/#\/schema\/person\/7f09a25205e74e2009f96dba3bba4f30\"},\"headline\":\"Historias de Telef\u00f3nica: el logotipo, un viaje a trav\u00e9s del tiempo\",\"datePublished\":\"2024-04-19T06:00:00+00:00\",\"mainEntityOfPage\":{\"@id\":\"https:\/\/www.movistar.es\/blog\/home\/historias-telefonica-logotipo\/\"},\"wordCount\":2019,\"publisher\":{\"@id\":\"https:\/\/www.movistar.es\/blog\/#organization\"},\"image\":{\"@id\":\"https:\/\/www.movistar.es\/blog\/home\/historias-telefonica-logotipo\/#primaryimage\"},\"thumbnailUrl\":\"https:\/\/www.movistar.es\/blog\/wp-content\/uploads\/sites\/3\/2024\/04\/historia-logotipo-telefonica.png\",\"inLanguage\":\"es\"},{\"@type\":\"WebPage\",\"@id\":\"https:\/\/www.movistar.es\/blog\/home\/historias-telefonica-logotipo\/\",\"url\":\"https:\/\/www.movistar.es\/blog\/home\/historias-telefonica-logotipo\/\",\"name\":\"Historias de Telef\u00f3nica: el logotipo, un viaje a trav\u00e9s del tiempo\",\"isPartOf\":{\"@id\":\"https:\/\/www.movistar.es\/blog\/#website\"},\"primaryImageOfPage\":{\"@id\":\"https:\/\/www.movistar.es\/blog\/home\/historias-telefonica-logotipo\/#primaryimage\"},\"image\":{\"@id\":\"https:\/\/www.movistar.es\/blog\/home\/historias-telefonica-logotipo\/#primaryimage\"},\"thumbnailUrl\":\"https:\/\/www.movistar.es\/blog\/wp-content\/uploads\/sites\/3\/2024\/04\/historia-logotipo-telefonica.png\",\"datePublished\":\"2024-04-19T06:00:00+00:00\",\"description\":\"En el Historias de Telef\u00f3nica de hoy, te contamos la evoluci\u00f3n del logotipo oficial de la empresa, desde 1924 hasta nuestros d\u00edas.\",\"breadcrumb\":{\"@id\":\"https:\/\/www.movistar.es\/blog\/home\/historias-telefonica-logotipo\/#breadcrumb\"},\"inLanguage\":\"es\",\"potentialAction\":[{\"@type\":\"ReadAction\",\"target\":[\"https:\/\/www.movistar.es\/blog\/home\/historias-telefonica-logotipo\/\"]}]},{\"@type\":\"ImageObject\",\"inLanguage\":\"es\",\"@id\":\"https:\/\/www.movistar.es\/blog\/home\/historias-telefonica-logotipo\/#primaryimage\",\"url\":\"https:\/\/www.movistar.es\/blog\/wp-content\/uploads\/sites\/3\/2024\/04\/historia-logotipo-telefonica.png\",\"contentUrl\":\"https:\/\/www.movistar.es\/blog\/wp-content\/uploads\/sites\/3\/2024\/04\/historia-logotipo-telefonica.png\",\"width\":1040,\"height\":650},{\"@type\":\"BreadcrumbList\",\"@id\":\"https:\/\/www.movistar.es\/blog\/home\/historias-telefonica-logotipo\/#breadcrumb\",\"itemListElement\":[{\"@type\":\"ListItem\",\"position\":1,\"name\":\"Home\",\"item\":\"https:\/\/www.movistar.es\/blog\/\"},{\"@type\":\"ListItem\",\"position\":2,\"name\":\"Historias de Telef\u00f3nica: el logotipo, un viaje a trav\u00e9s del tiempo\"}]},{\"@type\":\"WebSite\",\"@id\":\"https:\/\/www.movistar.es\/blog\/#website\",\"url\":\"https:\/\/www.movistar.es\/blog\/\",\"name\":\"Movistar blog\",\"description\":\"Movistar Blog. Informaci\u00f3n y m\u00e1s sobre los productos y servicios de Movistar\",\"publisher\":{\"@id\":\"https:\/\/www.movistar.es\/blog\/#organization\"},\"potentialAction\":[{\"@type\":\"SearchAction\",\"target\":{\"@type\":\"EntryPoint\",\"urlTemplate\":\"https:\/\/www.movistar.es\/blog\/?s={search_term_string}\"},\"query-input\":{\"@type\":\"PropertyValueSpecification\",\"valueRequired\":true,\"valueName\":\"search_term_string\"}}],\"inLanguage\":\"es\"},{\"@type\":\"Organization\",\"@id\":\"https:\/\/www.movistar.es\/blog\/#organization\",\"name\":\"Movistar blog\",\"url\":\"https:\/\/www.movistar.es\/blog\/\",\"logo\":{\"@type\":\"ImageObject\",\"inLanguage\":\"es\",\"@id\":\"https:\/\/www.movistar.es\/blog\/#\/schema\/logo\/image\/\",\"url\":\"https:\/\/www.movistar.es\/blog\/wp-content\/uploads\/sites\/3\/2022\/05\/logo_movistar-1.svg\",\"contentUrl\":\"https:\/\/www.movistar.es\/blog\/wp-content\/uploads\/sites\/3\/2022\/05\/logo_movistar-1.svg\",\"width\":369,\"height\":272,\"caption\":\"Movistar blog\"},\"image\":{\"@id\":\"https:\/\/www.movistar.es\/blog\/#\/schema\/logo\/image\/\"}},{\"@type\":\"Person\",\"@id\":\"https:\/\/www.movistar.es\/blog\/#\/schema\/person\/7f09a25205e74e2009f96dba3bba4f30\",\"name\":\"Emilio Rodr\u00edguez\",\"image\":{\"@type\":\"ImageObject\",\"inLanguage\":\"es\",\"@id\":\"https:\/\/www.movistar.es\/blog\/#\/schema\/person\/image\/8f3747647a2d3e69815221284d708ff5\",\"url\":\"https:\/\/secure.gravatar.com\/avatar\/c55c049d3550e4aa36b25fc91011843c69bd91d48ffa44755cec59b1853fe363\",\"contentUrl\":\"https:\/\/secure.gravatar.com\/avatar\/c55c049d3550e4aa36b25fc91011843c69bd91d48ffa44755cec59b1853fe363\",\"caption\":\"Emilio Rodr\u00edguez\"},\"url\":\"https:\/\/www.movistar.es\/blog\/author\/emilio\/\"}]}<\/script>\n<!-- \/ Yoast SEO Premium plugin. -->","yoast_head_json":{"title":"Historias de Telef\u00f3nica: el logotipo, un viaje a trav\u00e9s del tiempo","description":"En el Historias de Telef\u00f3nica de hoy, te contamos la evoluci\u00f3n del logotipo oficial de la empresa, desde 1924 hasta nuestros d\u00edas.","robots":{"index":"index","follow":"follow","max-snippet":"max-snippet:-1","max-image-preview":"max-image-preview:large","max-video-preview":"max-video-preview:-1"},"canonical":"https:\/\/www.movistar.es\/blog\/home\/historias-telefonica-logotipo\/","og_locale":"es_ES","og_type":"article","og_title":"Historias de Telef\u00f3nica: el logotipo, un viaje a trav\u00e9s del tiempo","og_description":"En el Historias de Telef\u00f3nica de hoy, te contamos la evoluci\u00f3n del logotipo oficial de la empresa, desde 1924 hasta nuestros d\u00edas.","og_url":"https:\/\/www.movistar.es\/blog\/home\/historias-telefonica-logotipo\/","og_site_name":"Movistar blog","article_published_time":"2024-04-19T06:00:00+00:00","og_image":[{"width":1040,"height":650,"url":"https:\/\/www.movistar.es\/blog\/wp-content\/uploads\/sites\/3\/2024\/04\/historia-logotipo-telefonica.png","type":"image\/png"}],"author":"Emilio Rodr\u00edguez","twitter_card":"summary_large_image","twitter_misc":{"Written by":"Emilio Rodr\u00edguez","Est. reading time":"11 minutos"},"schema":{"@context":"https:\/\/schema.org","@graph":[{"@type":"Article","@id":"https:\/\/www.movistar.es\/blog\/home\/historias-telefonica-logotipo\/#article","isPartOf":{"@id":"https:\/\/www.movistar.es\/blog\/home\/historias-telefonica-logotipo\/"},"author":{"name":"Emilio Rodr\u00edguez","@id":"https:\/\/www.movistar.es\/blog\/#\/schema\/person\/7f09a25205e74e2009f96dba3bba4f30"},"headline":"Historias de Telef\u00f3nica: el logotipo, un viaje a trav\u00e9s del tiempo","datePublished":"2024-04-19T06:00:00+00:00","mainEntityOfPage":{"@id":"https:\/\/www.movistar.es\/blog\/home\/historias-telefonica-logotipo\/"},"wordCount":2019,"publisher":{"@id":"https:\/\/www.movistar.es\/blog\/#organization"},"image":{"@id":"https:\/\/www.movistar.es\/blog\/home\/historias-telefonica-logotipo\/#primaryimage"},"thumbnailUrl":"https:\/\/www.movistar.es\/blog\/wp-content\/uploads\/sites\/3\/2024\/04\/historia-logotipo-telefonica.png","inLanguage":"es"},{"@type":"WebPage","@id":"https:\/\/www.movistar.es\/blog\/home\/historias-telefonica-logotipo\/","url":"https:\/\/www.movistar.es\/blog\/home\/historias-telefonica-logotipo\/","name":"Historias de Telef\u00f3nica: el logotipo, un viaje a trav\u00e9s del tiempo","isPartOf":{"@id":"https:\/\/www.movistar.es\/blog\/#website"},"primaryImageOfPage":{"@id":"https:\/\/www.movistar.es\/blog\/home\/historias-telefonica-logotipo\/#primaryimage"},"image":{"@id":"https:\/\/www.movistar.es\/blog\/home\/historias-telefonica-logotipo\/#primaryimage"},"thumbnailUrl":"https:\/\/www.movistar.es\/blog\/wp-content\/uploads\/sites\/3\/2024\/04\/historia-logotipo-telefonica.png","datePublished":"2024-04-19T06:00:00+00:00","description":"En el Historias de Telef\u00f3nica de hoy, te contamos la evoluci\u00f3n del logotipo oficial de la empresa, desde 1924 hasta nuestros d\u00edas.","breadcrumb":{"@id":"https:\/\/www.movistar.es\/blog\/home\/historias-telefonica-logotipo\/#breadcrumb"},"inLanguage":"es","potentialAction":[{"@type":"ReadAction","target":["https:\/\/www.movistar.es\/blog\/home\/historias-telefonica-logotipo\/"]}]},{"@type":"ImageObject","inLanguage":"es","@id":"https:\/\/www.movistar.es\/blog\/home\/historias-telefonica-logotipo\/#primaryimage","url":"https:\/\/www.movistar.es\/blog\/wp-content\/uploads\/sites\/3\/2024\/04\/historia-logotipo-telefonica.png","contentUrl":"https:\/\/www.movistar.es\/blog\/wp-content\/uploads\/sites\/3\/2024\/04\/historia-logotipo-telefonica.png","width":1040,"height":650},{"@type":"BreadcrumbList","@id":"https:\/\/www.movistar.es\/blog\/home\/historias-telefonica-logotipo\/#breadcrumb","itemListElement":[{"@type":"ListItem","position":1,"name":"Home","item":"https:\/\/www.movistar.es\/blog\/"},{"@type":"ListItem","position":2,"name":"Historias de Telef\u00f3nica: el logotipo, un viaje a trav\u00e9s del tiempo"}]},{"@type":"WebSite","@id":"https:\/\/www.movistar.es\/blog\/#website","url":"https:\/\/www.movistar.es\/blog\/","name":"Movistar blog","description":"Movistar Blog. Informaci\u00f3n y m\u00e1s sobre los productos y servicios de Movistar","publisher":{"@id":"https:\/\/www.movistar.es\/blog\/#organization"},"potentialAction":[{"@type":"SearchAction","target":{"@type":"EntryPoint","urlTemplate":"https:\/\/www.movistar.es\/blog\/?s={search_term_string}"},"query-input":{"@type":"PropertyValueSpecification","valueRequired":true,"valueName":"search_term_string"}}],"inLanguage":"es"},{"@type":"Organization","@id":"https:\/\/www.movistar.es\/blog\/#organization","name":"Movistar blog","url":"https:\/\/www.movistar.es\/blog\/","logo":{"@type":"ImageObject","inLanguage":"es","@id":"https:\/\/www.movistar.es\/blog\/#\/schema\/logo\/image\/","url":"https:\/\/www.movistar.es\/blog\/wp-content\/uploads\/sites\/3\/2022\/05\/logo_movistar-1.svg","contentUrl":"https:\/\/www.movistar.es\/blog\/wp-content\/uploads\/sites\/3\/2022\/05\/logo_movistar-1.svg","width":369,"height":272,"caption":"Movistar blog"},"image":{"@id":"https:\/\/www.movistar.es\/blog\/#\/schema\/logo\/image\/"}},{"@type":"Person","@id":"https:\/\/www.movistar.es\/blog\/#\/schema\/person\/7f09a25205e74e2009f96dba3bba4f30","name":"Emilio Rodr\u00edguez","image":{"@type":"ImageObject","inLanguage":"es","@id":"https:\/\/www.movistar.es\/blog\/#\/schema\/person\/image\/8f3747647a2d3e69815221284d708ff5","url":"https:\/\/secure.gravatar.com\/avatar\/c55c049d3550e4aa36b25fc91011843c69bd91d48ffa44755cec59b1853fe363","contentUrl":"https:\/\/secure.gravatar.com\/avatar\/c55c049d3550e4aa36b25fc91011843c69bd91d48ffa44755cec59b1853fe363","caption":"Emilio Rodr\u00edguez"},"url":"https:\/\/www.movistar.es\/blog\/author\/emilio\/"}]}},"jetpack_featured_media_url":"https:\/\/www.movistar.es\/blog\/wp-content\/uploads\/sites\/3\/2024\/04\/historia-logotipo-telefonica.png","jetpack_sharing_enabled":true,"_links":{"self":[{"href":"https:\/\/www.movistar.es\/blog\/wp-json\/wp\/v2\/posts\/25179","targetHints":{"allow":["GET"]}}],"collection":[{"href":"https:\/\/www.movistar.es\/blog\/wp-json\/wp\/v2\/posts"}],"about":[{"href":"https:\/\/www.movistar.es\/blog\/wp-json\/wp\/v2\/types\/post"}],"author":[{"embeddable":true,"href":"https:\/\/www.movistar.es\/blog\/wp-json\/wp\/v2\/users\/202"}],"replies":[{"embeddable":true,"href":"https:\/\/www.movistar.es\/blog\/wp-json\/wp\/v2\/comments?post=25179"}],"version-history":[{"count":6,"href":"https:\/\/www.movistar.es\/blog\/wp-json\/wp\/v2\/posts\/25179\/revisions"}],"predecessor-version":[{"id":25589,"href":"https:\/\/www.movistar.es\/blog\/wp-json\/wp\/v2\/posts\/25179\/revisions\/25589"}],"wp:featuredmedia":[{"embeddable":true,"href":"https:\/\/www.movistar.es\/blog\/wp-json\/wp\/v2\/media\/25575"}],"wp:attachment":[{"href":"https:\/\/www.movistar.es\/blog\/wp-json\/wp\/v2\/media?parent=25179"}],"wp:term":[{"taxonomy":"category","embeddable":true,"href":"https:\/\/www.movistar.es\/blog\/wp-json\/wp\/v2\/categories?post=25179"},{"taxonomy":"post_tag","embeddable":true,"href":"https:\/\/www.movistar.es\/blog\/wp-json\/wp\/v2\/tags?post=25179"},{"taxonomy":"area","embeddable":true,"href":"https:\/\/www.movistar.es\/blog\/wp-json\/wp\/v2\/area?post=25179"},{"taxonomy":"cluster","embeddable":true,"href":"https:\/\/www.movistar.es\/blog\/wp-json\/wp\/v2\/cluster?post=25179"},{"taxonomy":"linea_editorial","embeddable":true,"href":"https:\/\/www.movistar.es\/blog\/wp-json\/wp\/v2\/linea_editorial?post=25179"},{"taxonomy":"author","embeddable":true,"href":"https:\/\/www.movistar.es\/blog\/wp-json\/wp\/v2\/coauthors?post=25179"}],"curies":[{"name":"wp","href":"https:\/\/api.w.org\/{rel}","templated":true}]}}