{"id":25081,"date":"2024-04-08T08:48:18","date_gmt":"2024-04-08T06:48:18","guid":{"rendered":"https:\/\/www.movistar.es\/blog\/?p=25081"},"modified":"2024-04-08T08:48:20","modified_gmt":"2024-04-08T06:48:20","slug":"arte-herramienta-educativa","status":"publish","type":"post","link":"https:\/\/www.movistar.es\/blog\/sostenibilidad\/arte-herramienta-educativa\/","title":{"rendered":"El arte como herramienta educativa"},"content":{"rendered":"\n<p>\u00bfQu\u00e9 es el <strong>arte<\/strong>?, \u00bfpara qu\u00e9 nos sirve?<\/p>\n\n\n\n<p>Probablemente la mayor\u00eda de las personas desear\u00edan huir si tuvieran que contestar r\u00e1pidamente a esta pregunta. Precisamente, en el <strong>D\u00eda Mundial del Arte<\/strong>, merece la pena recordar dos aplicaciones que tiene esta poderosa herramienta.<\/p>\n\n\n\n<p>La primera es que<strong> el arte tiene la capacidad de emocionarnos<\/strong>. Y es que, seg\u00fan la neurociencia, la emoci\u00f3n act\u00faa como un potente anclaje de los aprendizajes. Esto es especialmente interesante en un tiempo en el que a veces nos cuesta m\u00e1s concentrarnos, sentir inter\u00e9s por lo que nos rodea y utilizar nuestra memoria. As\u00ed, el arte puede ser un gran generador de aprendizajes significativos a trav\u00e9s de la emoci\u00f3n.<\/p>\n\n\n\n<p>Tambi\u00e9n es necesario recordar que <strong>el arte tiene la capacidad de impulsar nuestro pensamiento creativo<\/strong>, y este es fundamental para sobrevivir a los retos que la sociedad del presente nos plantea. \u00bfPodr\u00edamos estar haciendo las cosas de un modo distinto al que las hacemos hoy?, \u00bfpodr\u00edamos pensar nuestro futuro de manera tan creativa que solucionemos todos los problemas de hoy? Si pensamos en estas dos aplicaciones, tiene sentido decir que <strong>el arte es una pieza clave en nuestro aprendizaje y en nuestra sociedad.<\/strong><\/p>\n\n\n\n<figure class=\"wp-block-image size-large\"><img loading=\"lazy\" decoding=\"async\" height=\"433\" width=\"1024\" src=\"https:\/\/www.movistar.es\/blog\/wp-content\/uploads\/sites\/3\/2024\/04\/Expo.jpg?w=1024\" alt=\"Chicos en exposici\u00f3n de arte\" class=\"wp-image-25085\" srcset=\"https:\/\/www.movistar.es\/blog\/wp-content\/uploads\/sites\/3\/2024\/04\/Expo.jpg 2394w, https:\/\/www.movistar.es\/blog\/wp-content\/uploads\/sites\/3\/2024\/04\/Expo.jpg?resize=300,127 300w, https:\/\/www.movistar.es\/blog\/wp-content\/uploads\/sites\/3\/2024\/04\/Expo.jpg?resize=768,325 768w, https:\/\/www.movistar.es\/blog\/wp-content\/uploads\/sites\/3\/2024\/04\/Expo.jpg?resize=1024,433 1024w, https:\/\/www.movistar.es\/blog\/wp-content\/uploads\/sites\/3\/2024\/04\/Expo.jpg?resize=1536,650 1536w, https:\/\/www.movistar.es\/blog\/wp-content\/uploads\/sites\/3\/2024\/04\/Expo.jpg?resize=2048,867 2048w\" sizes=\"auto, (max-width: 1024px) 100vw, 1024px\" \/><\/figure>\n\n\n\n<h2 class=\"wp-block-heading\" id=\"h-el-lenguaje-del-arte\"><strong>El lenguaje del arte<\/strong><\/h2>\n\n\n\n<p>No obstante, nuestro acercamiento al arte no es siempre amable. Seguro que te suena: vas a un museo y terminas el d\u00eda absolutamente exhausto; intentas pensar qu\u00e9 civilizaci\u00f3n est\u00e1 detr\u00e1s de esas ruinas que te parecen simples trozos de piedra, pero que no te cuentan nada; miras la nueva obra que se ha vuelto famosa en la feria de arte contempor\u00e1neo, pensando que es algo que podr\u00edas haber hecho con tus propias manos\u2026<\/p>\n\n\n\n<p>Por otro lado, <strong>la creciente digitalizaci\u00f3n de nuestros entornos tambi\u00e9n ha llegado al mundo art\u00edstico: gran parte del arte contempor\u00e1neo se realiza con software inform\u00e1tico<\/strong> y no se materializa en objetos f\u00edsicos, algo que puede desconcertar a parte del p\u00fablico.<\/p>\n\n\n\n<p>Efectivamente, el arte es un lenguaje en el que no siempre confiamos. Parece que tuvi\u00e9ramos que desentra\u00f1ar el misterio que est\u00e1 detr\u00e1s de cada una de las obras que vemos. A veces tenemos la sensaci\u00f3n de que nos estamos perdiendo algo. \u00bfC\u00f3mo vamos a utilizar entonces el arte para emocionarnos y aprender o para impulsar nuestro pensamiento creativo?<\/p>\n\n\n\n<figure class=\"wp-block-image size-large\"><img loading=\"lazy\" decoding=\"async\" height=\"457\" width=\"1024\" src=\"https:\/\/www.movistar.es\/blog\/wp-content\/uploads\/sites\/3\/2024\/04\/20230518-Taller-dia-de-los-museos_062.jpg?w=1024\" alt=\"Exposici\u00f3n museo de arte\" class=\"wp-image-25086\" srcset=\"https:\/\/www.movistar.es\/blog\/wp-content\/uploads\/sites\/3\/2024\/04\/20230518-Taller-dia-de-los-museos_062.jpg 3233w, https:\/\/www.movistar.es\/blog\/wp-content\/uploads\/sites\/3\/2024\/04\/20230518-Taller-dia-de-los-museos_062.jpg?resize=300,134 300w, https:\/\/www.movistar.es\/blog\/wp-content\/uploads\/sites\/3\/2024\/04\/20230518-Taller-dia-de-los-museos_062.jpg?resize=768,343 768w, https:\/\/www.movistar.es\/blog\/wp-content\/uploads\/sites\/3\/2024\/04\/20230518-Taller-dia-de-los-museos_062.jpg?resize=1024,457 1024w, https:\/\/www.movistar.es\/blog\/wp-content\/uploads\/sites\/3\/2024\/04\/20230518-Taller-dia-de-los-museos_062.jpg?resize=1536,686 1536w, https:\/\/www.movistar.es\/blog\/wp-content\/uploads\/sites\/3\/2024\/04\/20230518-Taller-dia-de-los-museos_062.jpg?resize=2048,914 2048w\" sizes=\"auto, (max-width: 1024px) 100vw, 1024px\" \/><\/figure>\n\n\n\n<h2 class=\"wp-block-heading\" class=\"wp-block-heading\" id=\"educacion-artistica-y-tecnologia\"><strong>Educaci\u00f3n art\u00edstica y tecnolog\u00eda<\/strong><\/h2>\n\n\n\n<p><strong><strong>La educaci\u00f3n art\u00edstica puede ayudarnos a conectar de una manera m\u00e1s profunda con el arte <\/strong><\/strong>para usarlo como herramienta a nuestro servicio y entender el mundo contempor\u00e1neo en el que vivimos. Es por ello que los museos, los centros de arte y las instituciones culturales tambi\u00e9n necesitan <a href=\"https:\/\/www.movistar.es\/blog\/5g\/5g-arte-digital\/\">nuevas metodolog\u00edas<\/a> y herramientas que faciliten su labor educativa, la interacci\u00f3n entre los contenidos y el p\u00fablico. Ah\u00ed es donde <strong><strong>la tecnolog\u00eda juega un papel fundamental como ayudante en la transmisi\u00f3n de ese contenido<\/strong>.<\/strong><\/p>\n\n\n\n<p>Entender las exposiciones como dispositivos educativos, y los departamentos educativos de las instituciones culturales como lugares de formaci\u00f3n permanente es el contexto desde el que un grupo de personas expertas en arte, educaci\u00f3n y tecnolog\u00eda fundamos en 2017 la empresa <a href=\"https:\/\/www.capsulacultura.es\/\">C\u00e1psula Cultura<\/a>. Dispuestos a innovar en el \u00e1mbito educativo y cultural trabajamos con clientes como Fundaci\u00f3n Telef\u00f3nica, Museo ICO, Museo Casa de la Moneda, y recientemente Museo Thyssen Bornemisza. Hoy en d\u00eda, C\u00e1psula Cultura lo formamos personas apasionadas por la educaci\u00f3n, la cultura y por comunicar a trav\u00e9s de la emoci\u00f3n.&nbsp;<\/p>\n\n\n\n<figure class=\"wp-block-image size-large\"><img loading=\"lazy\" decoding=\"async\" height=\"457\" width=\"1024\" src=\"https:\/\/www.movistar.es\/blog\/wp-content\/uploads\/sites\/3\/2024\/04\/Capsula-Cultura.jpg?w=1024\" alt=\"Educaci\u00f3n art\u00edstica\" class=\"wp-image-25087\" srcset=\"https:\/\/www.movistar.es\/blog\/wp-content\/uploads\/sites\/3\/2024\/04\/Capsula-Cultura.jpg 1142w, https:\/\/www.movistar.es\/blog\/wp-content\/uploads\/sites\/3\/2024\/04\/Capsula-Cultura.jpg?resize=300,134 300w, https:\/\/www.movistar.es\/blog\/wp-content\/uploads\/sites\/3\/2024\/04\/Capsula-Cultura.jpg?resize=768,343 768w, https:\/\/www.movistar.es\/blog\/wp-content\/uploads\/sites\/3\/2024\/04\/Capsula-Cultura.jpg?resize=1024,457 1024w\" sizes=\"auto, (max-width: 1024px) 100vw, 1024px\" \/><\/figure>\n\n\n\n<h2 class=\"wp-block-heading\" class=\"wp-block-heading\" id=\"reflexion-y-pensamiento-critico-a-traves-del-arte\"><strong>Reflexi\u00f3n y pensamiento cr\u00edtico a trav\u00e9s del arte<\/strong><\/h2>\n\n\n\n<p>Cuando el p\u00fablico acude a una exposici\u00f3n en <a href=\"https:\/\/espacio.fundaciontelefonica.com\/\">Espacio Fundaci\u00f3n Telef\u00f3nica<\/a>, durante las visitas que realizamos desde C\u00e1psula Cultura, utilizamos las obras de arte y la tecnolog\u00eda para generar discusi\u00f3n, debate, participaci\u00f3n y fomentar el pensamiento cr\u00edtico, elementos fundamentales en las sociedades democr\u00e1ticas. <strong>Las exposiciones y el arte son veh\u00edculos maravillosos para explorar otras maneras de reflexionar<\/strong> sobre temas complejos, de maneras diferentes a como se hace en los libros.<\/p>\n\n\n\n<figure class=\"wp-block-image size-large\"><img loading=\"lazy\" decoding=\"async\" height=\"436\" width=\"1024\" src=\"https:\/\/www.movistar.es\/blog\/wp-content\/uploads\/sites\/3\/2024\/04\/20240326-VISITA-MUNDO-EXPANDIDO_051.jpg?w=1024\" alt=\"Galer\u00eda de arte\" class=\"wp-image-25088\" srcset=\"https:\/\/www.movistar.es\/blog\/wp-content\/uploads\/sites\/3\/2024\/04\/20240326-VISITA-MUNDO-EXPANDIDO_051.jpg 1593w, https:\/\/www.movistar.es\/blog\/wp-content\/uploads\/sites\/3\/2024\/04\/20240326-VISITA-MUNDO-EXPANDIDO_051.jpg?resize=300,128 300w, https:\/\/www.movistar.es\/blog\/wp-content\/uploads\/sites\/3\/2024\/04\/20240326-VISITA-MUNDO-EXPANDIDO_051.jpg?resize=768,327 768w, https:\/\/www.movistar.es\/blog\/wp-content\/uploads\/sites\/3\/2024\/04\/20240326-VISITA-MUNDO-EXPANDIDO_051.jpg?resize=1024,436 1024w, https:\/\/www.movistar.es\/blog\/wp-content\/uploads\/sites\/3\/2024\/04\/20240326-VISITA-MUNDO-EXPANDIDO_051.jpg?resize=1536,654 1536w\" sizes=\"auto, (max-width: 1024px) 100vw, 1024px\" \/><\/figure>\n\n\n\n<p>Desde el punto de vista de la educaci\u00f3n, hay una larga trayectoria de ejemplos que se plantean como uni\u00f3n entre Educaci\u00f3n, Arte, Ciencia y Tecnolog\u00eda. Tenemos el claro ejemplo de las STEAM (por sus siglas en ingl\u00e9s: Science, Technology, Engineering, Art, Mathematics). La uni\u00f3n de estas materias desde la educaci\u00f3n se ha demostrado, en numerosas ocasiones, que produce un conjunto \u00fanico de habilidades en el alumnado y que les capacita para afrontar los retos de una sociedad cada vez m\u00e1s compleja. <strong>Una sociedad que requiere mentes m\u00e1s abiertas<\/strong>, dispuestas a afrontar el cambio y con capacidad para resolver problemas de manera creativa.<\/p>\n\n\n\n<p>El nivel de pensamiento creativo que se puede trabajar desde el arte hace posible, a su vez, <strong>incentivar el esp\u00edritu innovador en quien aprende<\/strong>. Desde esta perspectiva de la Educaci\u00f3n Art\u00edstica, en C\u00e1psula Cultura colaboramos con el Espacio Fundaci\u00f3n Telef\u00f3nica implementando actividades en las que, desde el esp\u00edritu creativo, fomentamos no s\u00f3lo la capacidad de resolver problemas, sino tambi\u00e9n de buscarlos.&nbsp;<\/p>\n","protected":false},"excerpt":{"rendered":"<p>\u00bfQu\u00e9 es el arte?, \u00bfpara qu\u00e9 nos sirve? Probablemente la mayor\u00eda de las personas desear\u00edan huir si tuvieran que contestar r\u00e1pidamente a esta pregunta. Precisamente, en el D\u00eda Mundial del Arte, merece la pena recordar [&hellip;]<\/p>\n","protected":false},"author":230,"featured_media":25094,"comment_status":"closed","ping_status":"closed","sticky":false,"template":"","format":"standard","meta":{"site-sidebar-layout":"default","site-content-layout":"","ast-site-content-layout":"","site-content-style":"default","site-sidebar-style":"default","ast-global-header-display":"","ast-banner-title-visibility":"","ast-main-header-display":"","ast-hfb-above-header-display":"","ast-hfb-below-header-display":"","ast-hfb-mobile-header-display":"","site-post-title":"","ast-breadcrumbs-content":"","ast-featured-img":"","footer-sml-layout":"","theme-transparent-header-meta":"","adv-header-id-meta":"","stick-header-meta":"","header-above-stick-meta":"","header-main-stick-meta":"","header-below-stick-meta":"","astra-migrate-meta-layouts":"default","ast-page-background-enabled":"default","ast-page-background-meta":{"desktop":{"background-color":"var(--ast-global-color-4)","background-image":"","background-repeat":"repeat","background-position":"center center","background-size":"auto","background-attachment":"scroll","background-type":"","background-media":"","overlay-type":"","overlay-color":"","overlay-opacity":"","overlay-gradient":""},"tablet":{"background-color":"","background-image":"","background-repeat":"repeat","background-position":"center center","background-size":"auto","background-attachment":"scroll","background-type":"","background-media":"","overlay-type":"","overlay-color":"","overlay-opacity":"","overlay-gradient":""},"mobile":{"background-color":"","background-image":"","background-repeat":"repeat","background-position":"center center","background-size":"auto","background-attachment":"scroll","background-type":"","background-media":"","overlay-type":"","overlay-color":"","overlay-opacity":"","overlay-gradient":""}},"ast-content-background-meta":{"desktop":{"background-color":"var(--ast-global-color-5)","background-image":"","background-repeat":"repeat","background-position":"center center","background-size":"auto","background-attachment":"scroll","background-type":"","background-media":"","overlay-type":"","overlay-color":"","overlay-opacity":"","overlay-gradient":""},"tablet":{"background-color":"var(--ast-global-color-5)","background-image":"","background-repeat":"repeat","background-position":"center center","background-size":"auto","background-attachment":"scroll","background-type":"","background-media":"","overlay-type":"","overlay-color":"","overlay-opacity":"","overlay-gradient":""},"mobile":{"background-color":"var(--ast-global-color-5)","background-image":"","background-repeat":"repeat","background-position":"center center","background-size":"auto","background-attachment":"scroll","background-type":"","background-media":"","overlay-type":"","overlay-color":"","overlay-opacity":"","overlay-gradient":""}},"_jetpack_memberships_contains_paid_content":false,"footnotes":""},"categories":[1],"tags":[],"area":[],"cluster":[562],"linea_editorial":[],"coauthors":[618],"class_list":["post-25081","post","type-post","status-publish","format-standard","has-post-thumbnail","hentry","category-sin-categoria","cluster-sostenibilidad"],"yoast_head":"<!-- This site is optimized with the Yoast SEO Premium plugin v25.5 (Yoast SEO v25.5) - https:\/\/yoast.com\/wordpress\/plugins\/seo\/ -->\n<title>El arte como herramienta educativa - Movistar blog<\/title>\n<meta name=\"description\" content=\"La educaci\u00f3n art\u00edstica con apoyo en la tecnolog\u00eda, es una herramienta poderosa para impulsar el pensamiento creativo y el aprendizaje.\" \/>\n<meta name=\"robots\" content=\"index, follow, max-snippet:-1, max-image-preview:large, max-video-preview:-1\" \/>\n<link rel=\"canonical\" href=\"https:\/\/www.movistar.es\/blog\/sostenibilidad\/arte-herramienta-educativa\/\" \/>\n<meta property=\"og:locale\" content=\"es_ES\" \/>\n<meta property=\"og:type\" content=\"article\" \/>\n<meta property=\"og:title\" content=\"El arte como herramienta educativa\" \/>\n<meta property=\"og:description\" content=\"La educaci\u00f3n art\u00edstica con apoyo en la tecnolog\u00eda, es una herramienta poderosa para impulsar el pensamiento creativo y el aprendizaje.\" \/>\n<meta property=\"og:url\" content=\"https:\/\/www.movistar.es\/blog\/sostenibilidad\/arte-herramienta-educativa\/\" \/>\n<meta property=\"og:site_name\" content=\"Movistar blog\" \/>\n<meta property=\"article:published_time\" content=\"2024-04-08T06:48:18+00:00\" \/>\n<meta property=\"article:modified_time\" content=\"2024-04-08T06:48:20+00:00\" \/>\n<meta property=\"og:image\" content=\"https:\/\/www.movistar.es\/blog\/wp-content\/uploads\/sites\/3\/2024\/04\/portada.jpg\" \/>\n\t<meta property=\"og:image:width\" content=\"2397\" \/>\n\t<meta property=\"og:image:height\" content=\"1017\" \/>\n\t<meta property=\"og:image:type\" content=\"image\/jpeg\" \/>\n<meta name=\"author\" content=\"Andr\u00e9s Escribano\" \/>\n<meta name=\"twitter:card\" content=\"summary_large_image\" \/>\n<meta name=\"twitter:label1\" content=\"Written by\" \/>\n\t<meta name=\"twitter:data1\" content=\"Andr\u00e9s Escribano\" \/>\n\t<meta name=\"twitter:label2\" content=\"Est. reading time\" \/>\n\t<meta name=\"twitter:data2\" content=\"5 minutos\" \/>\n<script type=\"application\/ld+json\" class=\"yoast-schema-graph\">{\"@context\":\"https:\/\/schema.org\",\"@graph\":[{\"@type\":\"Article\",\"@id\":\"https:\/\/www.movistar.es\/blog\/sostenibilidad\/arte-herramienta-educativa\/#article\",\"isPartOf\":{\"@id\":\"https:\/\/www.movistar.es\/blog\/sostenibilidad\/arte-herramienta-educativa\/\"},\"author\":{\"name\":\"Andr\u00e9s Escribano\",\"@id\":\"https:\/\/www.movistar.es\/blog\/#\/schema\/person\/6004115fe9e98b74ce6ca94505218c5a\"},\"headline\":\"El arte como herramienta educativa\",\"datePublished\":\"2024-04-08T06:48:18+00:00\",\"dateModified\":\"2024-04-08T06:48:20+00:00\",\"mainEntityOfPage\":{\"@id\":\"https:\/\/www.movistar.es\/blog\/sostenibilidad\/arte-herramienta-educativa\/\"},\"wordCount\":880,\"publisher\":{\"@id\":\"https:\/\/www.movistar.es\/blog\/#organization\"},\"image\":{\"@id\":\"https:\/\/www.movistar.es\/blog\/sostenibilidad\/arte-herramienta-educativa\/#primaryimage\"},\"thumbnailUrl\":\"https:\/\/www.movistar.es\/blog\/wp-content\/uploads\/sites\/3\/2024\/04\/portada.jpg\",\"inLanguage\":\"es\"},{\"@type\":\"WebPage\",\"@id\":\"https:\/\/www.movistar.es\/blog\/sostenibilidad\/arte-herramienta-educativa\/\",\"url\":\"https:\/\/www.movistar.es\/blog\/sostenibilidad\/arte-herramienta-educativa\/\",\"name\":\"El arte como herramienta educativa - Movistar blog\",\"isPartOf\":{\"@id\":\"https:\/\/www.movistar.es\/blog\/#website\"},\"primaryImageOfPage\":{\"@id\":\"https:\/\/www.movistar.es\/blog\/sostenibilidad\/arte-herramienta-educativa\/#primaryimage\"},\"image\":{\"@id\":\"https:\/\/www.movistar.es\/blog\/sostenibilidad\/arte-herramienta-educativa\/#primaryimage\"},\"thumbnailUrl\":\"https:\/\/www.movistar.es\/blog\/wp-content\/uploads\/sites\/3\/2024\/04\/portada.jpg\",\"datePublished\":\"2024-04-08T06:48:18+00:00\",\"dateModified\":\"2024-04-08T06:48:20+00:00\",\"description\":\"La educaci\u00f3n art\u00edstica con apoyo en la tecnolog\u00eda, es una herramienta poderosa para impulsar el pensamiento creativo y el aprendizaje.\",\"breadcrumb\":{\"@id\":\"https:\/\/www.movistar.es\/blog\/sostenibilidad\/arte-herramienta-educativa\/#breadcrumb\"},\"inLanguage\":\"es\",\"potentialAction\":[{\"@type\":\"ReadAction\",\"target\":[\"https:\/\/www.movistar.es\/blog\/sostenibilidad\/arte-herramienta-educativa\/\"]}]},{\"@type\":\"ImageObject\",\"inLanguage\":\"es\",\"@id\":\"https:\/\/www.movistar.es\/blog\/sostenibilidad\/arte-herramienta-educativa\/#primaryimage\",\"url\":\"https:\/\/www.movistar.es\/blog\/wp-content\/uploads\/sites\/3\/2024\/04\/portada.jpg\",\"contentUrl\":\"https:\/\/www.movistar.es\/blog\/wp-content\/uploads\/sites\/3\/2024\/04\/portada.jpg\",\"width\":2397,\"height\":1017},{\"@type\":\"BreadcrumbList\",\"@id\":\"https:\/\/www.movistar.es\/blog\/sostenibilidad\/arte-herramienta-educativa\/#breadcrumb\",\"itemListElement\":[{\"@type\":\"ListItem\",\"position\":1,\"name\":\"Home\",\"item\":\"https:\/\/www.movistar.es\/blog\/\"},{\"@type\":\"ListItem\",\"position\":2,\"name\":\"El arte como herramienta educativa\"}]},{\"@type\":\"WebSite\",\"@id\":\"https:\/\/www.movistar.es\/blog\/#website\",\"url\":\"https:\/\/www.movistar.es\/blog\/\",\"name\":\"Movistar blog\",\"description\":\"Movistar Blog. Informaci\u00f3n y m\u00e1s sobre los productos y servicios de Movistar\",\"publisher\":{\"@id\":\"https:\/\/www.movistar.es\/blog\/#organization\"},\"potentialAction\":[{\"@type\":\"SearchAction\",\"target\":{\"@type\":\"EntryPoint\",\"urlTemplate\":\"https:\/\/www.movistar.es\/blog\/?s={search_term_string}\"},\"query-input\":{\"@type\":\"PropertyValueSpecification\",\"valueRequired\":true,\"valueName\":\"search_term_string\"}}],\"inLanguage\":\"es\"},{\"@type\":\"Organization\",\"@id\":\"https:\/\/www.movistar.es\/blog\/#organization\",\"name\":\"Movistar blog\",\"url\":\"https:\/\/www.movistar.es\/blog\/\",\"logo\":{\"@type\":\"ImageObject\",\"inLanguage\":\"es\",\"@id\":\"https:\/\/www.movistar.es\/blog\/#\/schema\/logo\/image\/\",\"url\":\"https:\/\/www.movistar.es\/blog\/wp-content\/uploads\/sites\/3\/2022\/05\/logo_movistar-1.svg\",\"contentUrl\":\"https:\/\/www.movistar.es\/blog\/wp-content\/uploads\/sites\/3\/2022\/05\/logo_movistar-1.svg\",\"width\":369,\"height\":272,\"caption\":\"Movistar blog\"},\"image\":{\"@id\":\"https:\/\/www.movistar.es\/blog\/#\/schema\/logo\/image\/\"}},{\"@type\":\"Person\",\"@id\":\"https:\/\/www.movistar.es\/blog\/#\/schema\/person\/6004115fe9e98b74ce6ca94505218c5a\",\"name\":\"Andr\u00e9s Escribano\",\"image\":{\"@type\":\"ImageObject\",\"inLanguage\":\"es\",\"@id\":\"https:\/\/www.movistar.es\/blog\/#\/schema\/person\/image\/efe39a6c4f42f253e8b7f1cd89ba0176\",\"url\":\"https:\/\/secure.gravatar.com\/avatar\/fd73c5b844210a665b23171531ee8926a81fb977ea2cc3db12812dc6452f1821\",\"contentUrl\":\"https:\/\/secure.gravatar.com\/avatar\/fd73c5b844210a665b23171531ee8926a81fb977ea2cc3db12812dc6452f1821\",\"caption\":\"Andr\u00e9s Escribano\"},\"description\":\"Cofundador de C\u00e1psula Cultura, una empresa de innovaci\u00f3n educativa nacida en 2017. Su objetivo es despertar la curiosidad y el pensamiento cr\u00edtico a trav\u00e9s del di\u00e1logo, la experimentaci\u00f3n y la emoci\u00f3n. C\u00e1psula Cultura trabaja con un equipo de profesionales apasionados por la educaci\u00f3n y la cultura. Su enfoque innovador y su compromiso con la calidad les han convertido en una empresa de referencia en el sector educativo.\",\"url\":\"https:\/\/www.movistar.es\/blog\/author\/andresescribano\/\"}]}<\/script>\n<!-- \/ Yoast SEO Premium plugin. -->","yoast_head_json":{"title":"El arte como herramienta educativa - Movistar blog","description":"La educaci\u00f3n art\u00edstica con apoyo en la tecnolog\u00eda, es una herramienta poderosa para impulsar el pensamiento creativo y el aprendizaje.","robots":{"index":"index","follow":"follow","max-snippet":"max-snippet:-1","max-image-preview":"max-image-preview:large","max-video-preview":"max-video-preview:-1"},"canonical":"https:\/\/www.movistar.es\/blog\/sostenibilidad\/arte-herramienta-educativa\/","og_locale":"es_ES","og_type":"article","og_title":"El arte como herramienta educativa","og_description":"La educaci\u00f3n art\u00edstica con apoyo en la tecnolog\u00eda, es una herramienta poderosa para impulsar el pensamiento creativo y el aprendizaje.","og_url":"https:\/\/www.movistar.es\/blog\/sostenibilidad\/arte-herramienta-educativa\/","og_site_name":"Movistar blog","article_published_time":"2024-04-08T06:48:18+00:00","article_modified_time":"2024-04-08T06:48:20+00:00","og_image":[{"width":2397,"height":1017,"url":"https:\/\/www.movistar.es\/blog\/wp-content\/uploads\/sites\/3\/2024\/04\/portada.jpg","type":"image\/jpeg"}],"author":"Andr\u00e9s Escribano","twitter_card":"summary_large_image","twitter_misc":{"Written by":"Andr\u00e9s Escribano","Est. reading time":"5 minutos"},"schema":{"@context":"https:\/\/schema.org","@graph":[{"@type":"Article","@id":"https:\/\/www.movistar.es\/blog\/sostenibilidad\/arte-herramienta-educativa\/#article","isPartOf":{"@id":"https:\/\/www.movistar.es\/blog\/sostenibilidad\/arte-herramienta-educativa\/"},"author":{"name":"Andr\u00e9s Escribano","@id":"https:\/\/www.movistar.es\/blog\/#\/schema\/person\/6004115fe9e98b74ce6ca94505218c5a"},"headline":"El arte como herramienta educativa","datePublished":"2024-04-08T06:48:18+00:00","dateModified":"2024-04-08T06:48:20+00:00","mainEntityOfPage":{"@id":"https:\/\/www.movistar.es\/blog\/sostenibilidad\/arte-herramienta-educativa\/"},"wordCount":880,"publisher":{"@id":"https:\/\/www.movistar.es\/blog\/#organization"},"image":{"@id":"https:\/\/www.movistar.es\/blog\/sostenibilidad\/arte-herramienta-educativa\/#primaryimage"},"thumbnailUrl":"https:\/\/www.movistar.es\/blog\/wp-content\/uploads\/sites\/3\/2024\/04\/portada.jpg","inLanguage":"es"},{"@type":"WebPage","@id":"https:\/\/www.movistar.es\/blog\/sostenibilidad\/arte-herramienta-educativa\/","url":"https:\/\/www.movistar.es\/blog\/sostenibilidad\/arte-herramienta-educativa\/","name":"El arte como herramienta educativa - Movistar blog","isPartOf":{"@id":"https:\/\/www.movistar.es\/blog\/#website"},"primaryImageOfPage":{"@id":"https:\/\/www.movistar.es\/blog\/sostenibilidad\/arte-herramienta-educativa\/#primaryimage"},"image":{"@id":"https:\/\/www.movistar.es\/blog\/sostenibilidad\/arte-herramienta-educativa\/#primaryimage"},"thumbnailUrl":"https:\/\/www.movistar.es\/blog\/wp-content\/uploads\/sites\/3\/2024\/04\/portada.jpg","datePublished":"2024-04-08T06:48:18+00:00","dateModified":"2024-04-08T06:48:20+00:00","description":"La educaci\u00f3n art\u00edstica con apoyo en la tecnolog\u00eda, es una herramienta poderosa para impulsar el pensamiento creativo y el aprendizaje.","breadcrumb":{"@id":"https:\/\/www.movistar.es\/blog\/sostenibilidad\/arte-herramienta-educativa\/#breadcrumb"},"inLanguage":"es","potentialAction":[{"@type":"ReadAction","target":["https:\/\/www.movistar.es\/blog\/sostenibilidad\/arte-herramienta-educativa\/"]}]},{"@type":"ImageObject","inLanguage":"es","@id":"https:\/\/www.movistar.es\/blog\/sostenibilidad\/arte-herramienta-educativa\/#primaryimage","url":"https:\/\/www.movistar.es\/blog\/wp-content\/uploads\/sites\/3\/2024\/04\/portada.jpg","contentUrl":"https:\/\/www.movistar.es\/blog\/wp-content\/uploads\/sites\/3\/2024\/04\/portada.jpg","width":2397,"height":1017},{"@type":"BreadcrumbList","@id":"https:\/\/www.movistar.es\/blog\/sostenibilidad\/arte-herramienta-educativa\/#breadcrumb","itemListElement":[{"@type":"ListItem","position":1,"name":"Home","item":"https:\/\/www.movistar.es\/blog\/"},{"@type":"ListItem","position":2,"name":"El arte como herramienta educativa"}]},{"@type":"WebSite","@id":"https:\/\/www.movistar.es\/blog\/#website","url":"https:\/\/www.movistar.es\/blog\/","name":"Movistar blog","description":"Movistar Blog. Informaci\u00f3n y m\u00e1s sobre los productos y servicios de Movistar","publisher":{"@id":"https:\/\/www.movistar.es\/blog\/#organization"},"potentialAction":[{"@type":"SearchAction","target":{"@type":"EntryPoint","urlTemplate":"https:\/\/www.movistar.es\/blog\/?s={search_term_string}"},"query-input":{"@type":"PropertyValueSpecification","valueRequired":true,"valueName":"search_term_string"}}],"inLanguage":"es"},{"@type":"Organization","@id":"https:\/\/www.movistar.es\/blog\/#organization","name":"Movistar blog","url":"https:\/\/www.movistar.es\/blog\/","logo":{"@type":"ImageObject","inLanguage":"es","@id":"https:\/\/www.movistar.es\/blog\/#\/schema\/logo\/image\/","url":"https:\/\/www.movistar.es\/blog\/wp-content\/uploads\/sites\/3\/2022\/05\/logo_movistar-1.svg","contentUrl":"https:\/\/www.movistar.es\/blog\/wp-content\/uploads\/sites\/3\/2022\/05\/logo_movistar-1.svg","width":369,"height":272,"caption":"Movistar blog"},"image":{"@id":"https:\/\/www.movistar.es\/blog\/#\/schema\/logo\/image\/"}},{"@type":"Person","@id":"https:\/\/www.movistar.es\/blog\/#\/schema\/person\/6004115fe9e98b74ce6ca94505218c5a","name":"Andr\u00e9s Escribano","image":{"@type":"ImageObject","inLanguage":"es","@id":"https:\/\/www.movistar.es\/blog\/#\/schema\/person\/image\/efe39a6c4f42f253e8b7f1cd89ba0176","url":"https:\/\/secure.gravatar.com\/avatar\/fd73c5b844210a665b23171531ee8926a81fb977ea2cc3db12812dc6452f1821","contentUrl":"https:\/\/secure.gravatar.com\/avatar\/fd73c5b844210a665b23171531ee8926a81fb977ea2cc3db12812dc6452f1821","caption":"Andr\u00e9s Escribano"},"description":"Cofundador de C\u00e1psula Cultura, una empresa de innovaci\u00f3n educativa nacida en 2017. Su objetivo es despertar la curiosidad y el pensamiento cr\u00edtico a trav\u00e9s del di\u00e1logo, la experimentaci\u00f3n y la emoci\u00f3n. C\u00e1psula Cultura trabaja con un equipo de profesionales apasionados por la educaci\u00f3n y la cultura. Su enfoque innovador y su compromiso con la calidad les han convertido en una empresa de referencia en el sector educativo.","url":"https:\/\/www.movistar.es\/blog\/author\/andresescribano\/"}]}},"jetpack_featured_media_url":"https:\/\/www.movistar.es\/blog\/wp-content\/uploads\/sites\/3\/2024\/04\/portada.jpg","jetpack_sharing_enabled":true,"_links":{"self":[{"href":"https:\/\/www.movistar.es\/blog\/wp-json\/wp\/v2\/posts\/25081","targetHints":{"allow":["GET"]}}],"collection":[{"href":"https:\/\/www.movistar.es\/blog\/wp-json\/wp\/v2\/posts"}],"about":[{"href":"https:\/\/www.movistar.es\/blog\/wp-json\/wp\/v2\/types\/post"}],"author":[{"embeddable":true,"href":"https:\/\/www.movistar.es\/blog\/wp-json\/wp\/v2\/users\/230"}],"replies":[{"embeddable":true,"href":"https:\/\/www.movistar.es\/blog\/wp-json\/wp\/v2\/comments?post=25081"}],"version-history":[{"count":3,"href":"https:\/\/www.movistar.es\/blog\/wp-json\/wp\/v2\/posts\/25081\/revisions"}],"predecessor-version":[{"id":25092,"href":"https:\/\/www.movistar.es\/blog\/wp-json\/wp\/v2\/posts\/25081\/revisions\/25092"}],"wp:featuredmedia":[{"embeddable":true,"href":"https:\/\/www.movistar.es\/blog\/wp-json\/wp\/v2\/media\/25094"}],"wp:attachment":[{"href":"https:\/\/www.movistar.es\/blog\/wp-json\/wp\/v2\/media?parent=25081"}],"wp:term":[{"taxonomy":"category","embeddable":true,"href":"https:\/\/www.movistar.es\/blog\/wp-json\/wp\/v2\/categories?post=25081"},{"taxonomy":"post_tag","embeddable":true,"href":"https:\/\/www.movistar.es\/blog\/wp-json\/wp\/v2\/tags?post=25081"},{"taxonomy":"area","embeddable":true,"href":"https:\/\/www.movistar.es\/blog\/wp-json\/wp\/v2\/area?post=25081"},{"taxonomy":"cluster","embeddable":true,"href":"https:\/\/www.movistar.es\/blog\/wp-json\/wp\/v2\/cluster?post=25081"},{"taxonomy":"linea_editorial","embeddable":true,"href":"https:\/\/www.movistar.es\/blog\/wp-json\/wp\/v2\/linea_editorial?post=25081"},{"taxonomy":"author","embeddable":true,"href":"https:\/\/www.movistar.es\/blog\/wp-json\/wp\/v2\/coauthors?post=25081"}],"curies":[{"name":"wp","href":"https:\/\/api.w.org\/{rel}","templated":true}]}}