{"id":24794,"date":"2024-04-12T12:55:34","date_gmt":"2024-04-12T10:55:34","guid":{"rendered":"https:\/\/www.movistar.es\/blog\/?p=24794"},"modified":"2024-04-12T12:55:35","modified_gmt":"2024-04-12T10:55:35","slug":"primavera-paneles-solares","status":"publish","type":"post","link":"https:\/\/www.movistar.es\/blog\/energia-solar\/primavera-paneles-solares\/","title":{"rendered":"Por qu\u00e9 la primavera es la mejor \u00e9poca para instalar placas solares"},"content":{"rendered":"\n<p>La primavera y los meses previos al verano es un momento \u00f3ptimo para la <strong>instalaci\u00f3n de placas solares<\/strong> por varias razones. Esta estaci\u00f3n es ideal para aprovechar al m\u00e1ximo la energ\u00eda solar y sus beneficios gracias al progresivo aumento de horas de luz. Esto asegurar\u00e1 que la instalaci\u00f3n esta lista para los meses de verano y oto\u00f1o.<\/p>\n\n\n\n<p>Si quieres conocer todos los motivos por los que debes instalar tus placas solares ahora y las ventajas de hacerlo con Solar360, sigue leyendo.<\/p>\n\n\n\n<h2 class=\"wp-block-heading\" id=\"h-los-beneficios-de-la-instalacion-de-tus-placas-solares-en-primavera\">Los beneficios de la instalaci\u00f3n de tus placas solares en primavera<\/h2>\n\n\n\n<p>A continuaci\u00f3n, te mostramos las razones por las que la <strong>primavera es el momento ideal<\/strong> para instalar tus <strong>placas solares<\/strong>.<\/p>\n\n\n\n<h3 class=\"wp-block-heading\" id=\"h-mas-horas-de-luz-y-eficiencia\">M\u00e1s horas de luz y eficiencia<\/h3>\n\n\n\n<p>En primer lugar, los d\u00edas se vuelven m\u00e1s largos y soleados, lo que se traduce en m\u00e1s horas de luz para que tus <strong>placas solares generen electricidad<\/strong>. As\u00ed, a medida que los d\u00edas crecen en longitud, tambi\u00e9n lo hace la producci\u00f3n fotovoltaica, permiti\u00e9ndote aprovechar al m\u00e1ximo el potencial de tu sistema solar. Adem\u00e1s, durante la primavera, el \u00e1ngulo del sol en el cielo cambia gradualmente hacia el solsticio de verano, permitiendo que las placas solares correctamente colocadas e inclinadas maximicen la captura de luz solar.<\/p>\n\n\n\n<h3 class=\"wp-block-heading\" id=\"h-condiciones-climaticas-ideales\">Condiciones clim\u00e1ticas ideales<\/h3>\n\n\n\n<p>Otra ventaja de instalar placas solares en primavera es que las <strong>condiciones clim\u00e1ticas suelen ser m\u00e1s favorables para la instalaci\u00f3n<\/strong>. En comparaci\u00f3n con los inviernos extremadamente fr\u00edos o los veranos sofocantes, la primavera ofrece un clima m\u00e1s suave y estable, lo que facilita el proceso de instalaci\u00f3n y reduce el riesgo de retrasos debido a condiciones clim\u00e1ticas adversas. <\/p>\n\n\n\n<h3 class=\"wp-block-heading\" id=\"h-preparate-para-el-verano-y-adelantate-a-la-temporada-alta\">Prep\u00e1rate para el verano y adel\u00e1ntate a la temporada alta<\/h3>\n\n\n\n<p>Instalar placas solares en primavera te permite <strong>prepararte para el verano<\/strong>. Aunque las temperaturas m\u00e1s altas del verano pueden reducir ligeramente el rendimiento de las placas solares, los d\u00edas m\u00e1s largos compensan este efecto. Esto significa que a\u00fan puedes generar una cantidad significativa de energ\u00eda solar durante los meses m\u00e1s c\u00e1lidos.<\/p>\n\n\n\n<figure class=\"wp-block-image size-large\"><img loading=\"lazy\" decoding=\"async\" height=\"684\" width=\"1024\" src=\"https:\/\/www.movistar.es\/blog\/wp-content\/uploads\/sites\/3\/2024\/04\/Detalle-instalacion-Installation-detail.jpg?w=1024\" alt=\"Instalaci\u00f3n de placas solares\" class=\"wp-image-25375\" srcset=\"https:\/\/www.movistar.es\/blog\/wp-content\/uploads\/sites\/3\/2024\/04\/Detalle-instalacion-Installation-detail.jpg 6016w, https:\/\/www.movistar.es\/blog\/wp-content\/uploads\/sites\/3\/2024\/04\/Detalle-instalacion-Installation-detail.jpg?resize=300,200 300w, https:\/\/www.movistar.es\/blog\/wp-content\/uploads\/sites\/3\/2024\/04\/Detalle-instalacion-Installation-detail.jpg?resize=768,513 768w, https:\/\/www.movistar.es\/blog\/wp-content\/uploads\/sites\/3\/2024\/04\/Detalle-instalacion-Installation-detail.jpg?resize=1024,684 1024w, https:\/\/www.movistar.es\/blog\/wp-content\/uploads\/sites\/3\/2024\/04\/Detalle-instalacion-Installation-detail.jpg?resize=1536,1025 1536w, https:\/\/www.movistar.es\/blog\/wp-content\/uploads\/sites\/3\/2024\/04\/Detalle-instalacion-Installation-detail.jpg?resize=2048,1367 2048w\" sizes=\"auto, (max-width: 1024px) 100vw, 1024px\" \/><\/figure>\n\n\n\n<h3 class=\"wp-block-heading\" id=\"h-ahorra-en-tu-factura\">Ahorra en tu factura<\/h3>\n\n\n\n<p>De cara al verano vas a poder disfrutar de un <a href=\"https:\/\/www.movistar.es\/blog\/energia-solar\/como-ahorrar-con-la-energia-solar\/\" target=\"_blank\" rel=\"noreferrer noopener\">ahorro considerable<\/a> en tu factura con aparatos que suponen un gran gasto, como el aire acondicionado. Ya que instalando ahora tus placas solares con Solar360 <strong>no empezar\u00e1s a pagar hasta despu\u00e9s de verano.<\/strong> As\u00ed, firmando ahora la financiaci\u00f3n de tu instalaci\u00f3n ahorrar\u00e1s en tu factura de la luz con una oferta pensada para ti, reducir\u00e1s tu factura a 0\u20ac y no pagar\u00e1s hasta verano.<\/p>\n\n\n\n<h2 class=\"wp-block-heading\" id=\"h-como-mejorar-la-eficiencia-con-cualquier-clima\">C\u00f3mo mejorar la eficiencia con cualquier clima<\/h2>\n\n\n\n<p>Sin embargo, la<strong> instalaci\u00f3n de placas solares durante el invierno<\/strong> tambi\u00e9n es viable. A pesar de que la producci\u00f3n puede disminuir, las placas solares siguen siendo capaces de generar energ\u00eda. Esto se debe a que las c\u00e9lulas fotovoltaicas capturan la radiaci\u00f3n solar incluso en d\u00edas nublados, lo que contribuye a la reducci\u00f3n de la factura de luz. <\/p>\n\n\n\n<p>Para <strong>optimizar el rendimiento de las placas solares <\/strong>en cualquier condici\u00f3n clim\u00e1tica, <strong>Solar360 <\/strong>te ofrece:&nbsp;<\/p>\n\n\n\n<ul class=\"wp-block-list\"><li>Instalaci\u00f3n inteligente con una bater\u00eda que integra IA para maximizar el ahorro.<\/li><li>Mantenimiento&nbsp;preventivo anual de la instalaci\u00f3n.<\/li><li>Servicio t\u00e9cnico que optimiza el rendimiento de tu instalaci\u00f3n.<\/li><\/ul>\n\n\n\n<h2 class=\"wp-block-heading\" id=\"h-prepara-la-instalacion-de-tus-placas-solares-con-solar360\">Prepara la instalaci\u00f3n de tus placas solares con Solar360<\/h2>\n\n\n\n<p>Si est\u00e1s pensando en la<strong> instalaci\u00f3n de tus placas solares<\/strong>, la <strong>primavera es la \u00e9poca perfecta<\/strong> para arrancar por las condiciones clim\u00e1ticas y otros motivos que se dan en esta estaci\u00f3n, mencionados anteriormente. Adem\u00e1s, instalando tus placas solares con Solar360, puedes <strong>ahorrar 250\u20ac<\/strong> si lo <a href=\"https:\/\/www.solar360.es\/instalacion-solar\/placas-solares\" target=\"_blank\" rel=\"noreferrer noopener\">contratas de manera online<\/a>.<\/p>\n\n\n\n<p>Los paneles de Solar360 ofrecen opciones para todo el mundo, ya que para quienes viven en piso, el <a href=\"https:\/\/www.movistar.es\/blog\/energia-solar\/como-instalar-placas-solares-solar360\/\" target=\"_blank\" rel=\"noreferrer noopener\">Kit Solar Autoinstalable<\/a> lleva la energ\u00eda solar al hogar desde el propio balc\u00f3n o terraza. As\u00ed, ofrece un ahorro directo en la factura mensual, su instalaci\u00f3n es f\u00e1cil y accesible y promueven una energ\u00eda m\u00e1s sostenible. <\/p>\n\n\n\n<p>Con Solar360 tienes todo lo que necesitas para poner ya en marcha tu instalaci\u00f3n solar con las mejores condiciones. <\/p>\n","protected":false},"excerpt":{"rendered":"<p>La primavera y los meses previos al verano es un momento \u00f3ptimo para la instalaci\u00f3n de placas solares por varias razones. Esta estaci\u00f3n es ideal para aprovechar al m\u00e1ximo la energ\u00eda solar y sus beneficios [&hellip;]<\/p>\n","protected":false},"author":118,"featured_media":25374,"comment_status":"closed","ping_status":"closed","sticky":false,"template":"","format":"standard","meta":{"site-sidebar-layout":"default","site-content-layout":"","ast-site-content-layout":"","site-content-style":"default","site-sidebar-style":"default","ast-global-header-display":"","ast-banner-title-visibility":"","ast-main-header-display":"","ast-hfb-above-header-display":"","ast-hfb-below-header-display":"","ast-hfb-mobile-header-display":"","site-post-title":"","ast-breadcrumbs-content":"","ast-featured-img":"","footer-sml-layout":"","theme-transparent-header-meta":"","adv-header-id-meta":"","stick-header-meta":"","header-above-stick-meta":"","header-main-stick-meta":"","header-below-stick-meta":"","astra-migrate-meta-layouts":"default","ast-page-background-enabled":"default","ast-page-background-meta":{"desktop":{"background-color":"var(--ast-global-color-4)","background-image":"","background-repeat":"repeat","background-position":"center center","background-size":"auto","background-attachment":"scroll","background-type":"","background-media":"","overlay-type":"","overlay-color":"","overlay-opacity":"","overlay-gradient":""},"tablet":{"background-color":"","background-image":"","background-repeat":"repeat","background-position":"center center","background-size":"auto","background-attachment":"scroll","background-type":"","background-media":"","overlay-type":"","overlay-color":"","overlay-opacity":"","overlay-gradient":""},"mobile":{"background-color":"","background-image":"","background-repeat":"repeat","background-position":"center center","background-size":"auto","background-attachment":"scroll","background-type":"","background-media":"","overlay-type":"","overlay-color":"","overlay-opacity":"","overlay-gradient":""}},"ast-content-background-meta":{"desktop":{"background-color":"var(--ast-global-color-5)","background-image":"","background-repeat":"repeat","background-position":"center center","background-size":"auto","background-attachment":"scroll","background-type":"","background-media":"","overlay-type":"","overlay-color":"","overlay-opacity":"","overlay-gradient":""},"tablet":{"background-color":"var(--ast-global-color-5)","background-image":"","background-repeat":"repeat","background-position":"center center","background-size":"auto","background-attachment":"scroll","background-type":"","background-media":"","overlay-type":"","overlay-color":"","overlay-opacity":"","overlay-gradient":""},"mobile":{"background-color":"var(--ast-global-color-5)","background-image":"","background-repeat":"repeat","background-position":"center center","background-size":"auto","background-attachment":"scroll","background-type":"","background-media":"","overlay-type":"","overlay-color":"","overlay-opacity":"","overlay-gradient":""}},"_jetpack_memberships_contains_paid_content":false,"footnotes":""},"categories":[1],"tags":[],"area":[],"cluster":[342],"linea_editorial":[],"coauthors":[513],"class_list":["post-24794","post","type-post","status-publish","format-standard","has-post-thumbnail","hentry","category-sin-categoria","cluster-energia-solar"],"yoast_head":"<!-- This site is optimized with the Yoast SEO Premium plugin v25.5 (Yoast SEO v25.5) - https:\/\/yoast.com\/wordpress\/plugins\/seo\/ -->\n<title>Por qu\u00e9 la primavera es la mejor \u00e9poca en la instalaci\u00f3n de placas solares<\/title>\n<meta name=\"description\" content=\"La primavera es un momento \u00f3ptimo para la instalaci\u00f3n de placas solares y si lo haces con Solar360, las ventajas son a\u00fan mayores. \u00a1Con\u00f3celas!\" \/>\n<meta name=\"robots\" content=\"index, follow, max-snippet:-1, max-image-preview:large, max-video-preview:-1\" \/>\n<link rel=\"canonical\" href=\"https:\/\/www.movistar.es\/blog\/energia-solar\/primavera-paneles-solares\/\" \/>\n<meta property=\"og:locale\" content=\"es_ES\" \/>\n<meta property=\"og:type\" content=\"article\" \/>\n<meta property=\"og:title\" content=\"Por qu\u00e9 la primavera es la mejor \u00e9poca para instalar placas solares\" \/>\n<meta property=\"og:description\" content=\"La primavera es un momento \u00f3ptimo para la instalaci\u00f3n de placas solares y si lo haces con Solar360, las ventajas son a\u00fan mayores. \u00a1Con\u00f3celas!\" \/>\n<meta property=\"og:url\" content=\"https:\/\/www.movistar.es\/blog\/energia-solar\/primavera-paneles-solares\/\" \/>\n<meta property=\"og:site_name\" content=\"Movistar blog\" \/>\n<meta property=\"article:published_time\" content=\"2024-04-12T10:55:34+00:00\" \/>\n<meta property=\"article:modified_time\" content=\"2024-04-12T10:55:35+00:00\" \/>\n<meta name=\"author\" content=\"M Herencia\" \/>\n<meta name=\"twitter:card\" content=\"summary_large_image\" \/>\n<meta name=\"twitter:image\" content=\"https:\/\/www.movistar.es\/blog\/wp-content\/uploads\/sites\/3\/2024\/04\/Placas-solares-en-un-tejado-Solar-panels-on-roof-.jpg\" \/>\n<meta name=\"twitter:label1\" content=\"Written by\" \/>\n\t<meta name=\"twitter:data1\" content=\"M Herencia\" \/>\n\t<meta name=\"twitter:label2\" content=\"Est. reading time\" \/>\n\t<meta name=\"twitter:data2\" content=\"4 minutos\" \/>\n<script type=\"application\/ld+json\" class=\"yoast-schema-graph\">{\"@context\":\"https:\/\/schema.org\",\"@graph\":[{\"@type\":\"Article\",\"@id\":\"https:\/\/www.movistar.es\/blog\/energia-solar\/primavera-paneles-solares\/#article\",\"isPartOf\":{\"@id\":\"https:\/\/www.movistar.es\/blog\/energia-solar\/primavera-paneles-solares\/\"},\"author\":{\"name\":\"M Herencia\",\"@id\":\"https:\/\/www.movistar.es\/blog\/#\/schema\/person\/b21de7ac2b784b8609251dae33ce905e\"},\"headline\":\"Por qu\u00e9 la primavera es la mejor \u00e9poca para instalar placas solares\",\"datePublished\":\"2024-04-12T10:55:34+00:00\",\"dateModified\":\"2024-04-12T10:55:35+00:00\",\"mainEntityOfPage\":{\"@id\":\"https:\/\/www.movistar.es\/blog\/energia-solar\/primavera-paneles-solares\/\"},\"wordCount\":724,\"publisher\":{\"@id\":\"https:\/\/www.movistar.es\/blog\/#organization\"},\"image\":{\"@id\":\"https:\/\/www.movistar.es\/blog\/energia-solar\/primavera-paneles-solares\/#primaryimage\"},\"thumbnailUrl\":\"https:\/\/www.movistar.es\/blog\/wp-content\/uploads\/sites\/3\/2024\/04\/Placas-solares-en-un-tejado-Solar-panels-on-roof-.jpg\",\"inLanguage\":\"es\"},{\"@type\":\"WebPage\",\"@id\":\"https:\/\/www.movistar.es\/blog\/energia-solar\/primavera-paneles-solares\/\",\"url\":\"https:\/\/www.movistar.es\/blog\/energia-solar\/primavera-paneles-solares\/\",\"name\":\"Por qu\u00e9 la primavera es la mejor \u00e9poca en la instalaci\u00f3n de placas solares\",\"isPartOf\":{\"@id\":\"https:\/\/www.movistar.es\/blog\/#website\"},\"primaryImageOfPage\":{\"@id\":\"https:\/\/www.movistar.es\/blog\/energia-solar\/primavera-paneles-solares\/#primaryimage\"},\"image\":{\"@id\":\"https:\/\/www.movistar.es\/blog\/energia-solar\/primavera-paneles-solares\/#primaryimage\"},\"thumbnailUrl\":\"https:\/\/www.movistar.es\/blog\/wp-content\/uploads\/sites\/3\/2024\/04\/Placas-solares-en-un-tejado-Solar-panels-on-roof-.jpg\",\"datePublished\":\"2024-04-12T10:55:34+00:00\",\"dateModified\":\"2024-04-12T10:55:35+00:00\",\"description\":\"La primavera es un momento \u00f3ptimo para la instalaci\u00f3n de placas solares y si lo haces con Solar360, las ventajas son a\u00fan mayores. \u00a1Con\u00f3celas!\",\"breadcrumb\":{\"@id\":\"https:\/\/www.movistar.es\/blog\/energia-solar\/primavera-paneles-solares\/#breadcrumb\"},\"inLanguage\":\"es\",\"potentialAction\":[{\"@type\":\"ReadAction\",\"target\":[\"https:\/\/www.movistar.es\/blog\/energia-solar\/primavera-paneles-solares\/\"]}]},{\"@type\":\"ImageObject\",\"inLanguage\":\"es\",\"@id\":\"https:\/\/www.movistar.es\/blog\/energia-solar\/primavera-paneles-solares\/#primaryimage\",\"url\":\"https:\/\/www.movistar.es\/blog\/wp-content\/uploads\/sites\/3\/2024\/04\/Placas-solares-en-un-tejado-Solar-panels-on-roof-.jpg\",\"contentUrl\":\"https:\/\/www.movistar.es\/blog\/wp-content\/uploads\/sites\/3\/2024\/04\/Placas-solares-en-un-tejado-Solar-panels-on-roof-.jpg\",\"width\":7200,\"height\":4800},{\"@type\":\"BreadcrumbList\",\"@id\":\"https:\/\/www.movistar.es\/blog\/energia-solar\/primavera-paneles-solares\/#breadcrumb\",\"itemListElement\":[{\"@type\":\"ListItem\",\"position\":1,\"name\":\"Home\",\"item\":\"https:\/\/www.movistar.es\/blog\/\"},{\"@type\":\"ListItem\",\"position\":2,\"name\":\"Por qu\u00e9 la primavera es la mejor \u00e9poca para instalar placas solares\"}]},{\"@type\":\"WebSite\",\"@id\":\"https:\/\/www.movistar.es\/blog\/#website\",\"url\":\"https:\/\/www.movistar.es\/blog\/\",\"name\":\"Movistar blog\",\"description\":\"Movistar Blog. Informaci\u00f3n y m\u00e1s sobre los productos y servicios de Movistar\",\"publisher\":{\"@id\":\"https:\/\/www.movistar.es\/blog\/#organization\"},\"potentialAction\":[{\"@type\":\"SearchAction\",\"target\":{\"@type\":\"EntryPoint\",\"urlTemplate\":\"https:\/\/www.movistar.es\/blog\/?s={search_term_string}\"},\"query-input\":{\"@type\":\"PropertyValueSpecification\",\"valueRequired\":true,\"valueName\":\"search_term_string\"}}],\"inLanguage\":\"es\"},{\"@type\":\"Organization\",\"@id\":\"https:\/\/www.movistar.es\/blog\/#organization\",\"name\":\"Movistar blog\",\"url\":\"https:\/\/www.movistar.es\/blog\/\",\"logo\":{\"@type\":\"ImageObject\",\"inLanguage\":\"es\",\"@id\":\"https:\/\/www.movistar.es\/blog\/#\/schema\/logo\/image\/\",\"url\":\"https:\/\/www.movistar.es\/blog\/wp-content\/uploads\/sites\/3\/2022\/05\/logo_movistar-1.svg\",\"contentUrl\":\"https:\/\/www.movistar.es\/blog\/wp-content\/uploads\/sites\/3\/2022\/05\/logo_movistar-1.svg\",\"width\":369,\"height\":272,\"caption\":\"Movistar blog\"},\"image\":{\"@id\":\"https:\/\/www.movistar.es\/blog\/#\/schema\/logo\/image\/\"}},{\"@type\":\"Person\",\"@id\":\"https:\/\/www.movistar.es\/blog\/#\/schema\/person\/b21de7ac2b784b8609251dae33ce905e\",\"name\":\"M Herencia\",\"image\":{\"@type\":\"ImageObject\",\"inLanguage\":\"es\",\"@id\":\"https:\/\/www.movistar.es\/blog\/#\/schema\/person\/image\/70aa92e4c3760e6117169f96a2f4ed19\",\"url\":\"https:\/\/secure.gravatar.com\/avatar\/fbfe3d7ad39a224974690568534e4ee98340a305b7faaa6d612d1014af1b7718\",\"contentUrl\":\"https:\/\/secure.gravatar.com\/avatar\/fbfe3d7ad39a224974690568534e4ee98340a305b7faaa6d612d1014af1b7718\",\"caption\":\"M Herencia\"},\"url\":\"https:\/\/www.movistar.es\/blog\/author\/mjherencia\/\"}]}<\/script>\n<!-- \/ Yoast SEO Premium plugin. -->","yoast_head_json":{"title":"Por qu\u00e9 la primavera es la mejor \u00e9poca en la instalaci\u00f3n de placas solares","description":"La primavera es un momento \u00f3ptimo para la instalaci\u00f3n de placas solares y si lo haces con Solar360, las ventajas son a\u00fan mayores. \u00a1Con\u00f3celas!","robots":{"index":"index","follow":"follow","max-snippet":"max-snippet:-1","max-image-preview":"max-image-preview:large","max-video-preview":"max-video-preview:-1"},"canonical":"https:\/\/www.movistar.es\/blog\/energia-solar\/primavera-paneles-solares\/","og_locale":"es_ES","og_type":"article","og_title":"Por qu\u00e9 la primavera es la mejor \u00e9poca para instalar placas solares","og_description":"La primavera es un momento \u00f3ptimo para la instalaci\u00f3n de placas solares y si lo haces con Solar360, las ventajas son a\u00fan mayores. \u00a1Con\u00f3celas!","og_url":"https:\/\/www.movistar.es\/blog\/energia-solar\/primavera-paneles-solares\/","og_site_name":"Movistar blog","article_published_time":"2024-04-12T10:55:34+00:00","article_modified_time":"2024-04-12T10:55:35+00:00","author":"M Herencia","twitter_card":"summary_large_image","twitter_image":"https:\/\/www.movistar.es\/blog\/wp-content\/uploads\/sites\/3\/2024\/04\/Placas-solares-en-un-tejado-Solar-panels-on-roof-.jpg","twitter_misc":{"Written by":"M Herencia","Est. reading time":"4 minutos"},"schema":{"@context":"https:\/\/schema.org","@graph":[{"@type":"Article","@id":"https:\/\/www.movistar.es\/blog\/energia-solar\/primavera-paneles-solares\/#article","isPartOf":{"@id":"https:\/\/www.movistar.es\/blog\/energia-solar\/primavera-paneles-solares\/"},"author":{"name":"M Herencia","@id":"https:\/\/www.movistar.es\/blog\/#\/schema\/person\/b21de7ac2b784b8609251dae33ce905e"},"headline":"Por qu\u00e9 la primavera es la mejor \u00e9poca para instalar placas solares","datePublished":"2024-04-12T10:55:34+00:00","dateModified":"2024-04-12T10:55:35+00:00","mainEntityOfPage":{"@id":"https:\/\/www.movistar.es\/blog\/energia-solar\/primavera-paneles-solares\/"},"wordCount":724,"publisher":{"@id":"https:\/\/www.movistar.es\/blog\/#organization"},"image":{"@id":"https:\/\/www.movistar.es\/blog\/energia-solar\/primavera-paneles-solares\/#primaryimage"},"thumbnailUrl":"https:\/\/www.movistar.es\/blog\/wp-content\/uploads\/sites\/3\/2024\/04\/Placas-solares-en-un-tejado-Solar-panels-on-roof-.jpg","inLanguage":"es"},{"@type":"WebPage","@id":"https:\/\/www.movistar.es\/blog\/energia-solar\/primavera-paneles-solares\/","url":"https:\/\/www.movistar.es\/blog\/energia-solar\/primavera-paneles-solares\/","name":"Por qu\u00e9 la primavera es la mejor \u00e9poca en la instalaci\u00f3n de placas solares","isPartOf":{"@id":"https:\/\/www.movistar.es\/blog\/#website"},"primaryImageOfPage":{"@id":"https:\/\/www.movistar.es\/blog\/energia-solar\/primavera-paneles-solares\/#primaryimage"},"image":{"@id":"https:\/\/www.movistar.es\/blog\/energia-solar\/primavera-paneles-solares\/#primaryimage"},"thumbnailUrl":"https:\/\/www.movistar.es\/blog\/wp-content\/uploads\/sites\/3\/2024\/04\/Placas-solares-en-un-tejado-Solar-panels-on-roof-.jpg","datePublished":"2024-04-12T10:55:34+00:00","dateModified":"2024-04-12T10:55:35+00:00","description":"La primavera es un momento \u00f3ptimo para la instalaci\u00f3n de placas solares y si lo haces con Solar360, las ventajas son a\u00fan mayores. \u00a1Con\u00f3celas!","breadcrumb":{"@id":"https:\/\/www.movistar.es\/blog\/energia-solar\/primavera-paneles-solares\/#breadcrumb"},"inLanguage":"es","potentialAction":[{"@type":"ReadAction","target":["https:\/\/www.movistar.es\/blog\/energia-solar\/primavera-paneles-solares\/"]}]},{"@type":"ImageObject","inLanguage":"es","@id":"https:\/\/www.movistar.es\/blog\/energia-solar\/primavera-paneles-solares\/#primaryimage","url":"https:\/\/www.movistar.es\/blog\/wp-content\/uploads\/sites\/3\/2024\/04\/Placas-solares-en-un-tejado-Solar-panels-on-roof-.jpg","contentUrl":"https:\/\/www.movistar.es\/blog\/wp-content\/uploads\/sites\/3\/2024\/04\/Placas-solares-en-un-tejado-Solar-panels-on-roof-.jpg","width":7200,"height":4800},{"@type":"BreadcrumbList","@id":"https:\/\/www.movistar.es\/blog\/energia-solar\/primavera-paneles-solares\/#breadcrumb","itemListElement":[{"@type":"ListItem","position":1,"name":"Home","item":"https:\/\/www.movistar.es\/blog\/"},{"@type":"ListItem","position":2,"name":"Por qu\u00e9 la primavera es la mejor \u00e9poca para instalar placas solares"}]},{"@type":"WebSite","@id":"https:\/\/www.movistar.es\/blog\/#website","url":"https:\/\/www.movistar.es\/blog\/","name":"Movistar blog","description":"Movistar Blog. Informaci\u00f3n y m\u00e1s sobre los productos y servicios de Movistar","publisher":{"@id":"https:\/\/www.movistar.es\/blog\/#organization"},"potentialAction":[{"@type":"SearchAction","target":{"@type":"EntryPoint","urlTemplate":"https:\/\/www.movistar.es\/blog\/?s={search_term_string}"},"query-input":{"@type":"PropertyValueSpecification","valueRequired":true,"valueName":"search_term_string"}}],"inLanguage":"es"},{"@type":"Organization","@id":"https:\/\/www.movistar.es\/blog\/#organization","name":"Movistar blog","url":"https:\/\/www.movistar.es\/blog\/","logo":{"@type":"ImageObject","inLanguage":"es","@id":"https:\/\/www.movistar.es\/blog\/#\/schema\/logo\/image\/","url":"https:\/\/www.movistar.es\/blog\/wp-content\/uploads\/sites\/3\/2022\/05\/logo_movistar-1.svg","contentUrl":"https:\/\/www.movistar.es\/blog\/wp-content\/uploads\/sites\/3\/2022\/05\/logo_movistar-1.svg","width":369,"height":272,"caption":"Movistar blog"},"image":{"@id":"https:\/\/www.movistar.es\/blog\/#\/schema\/logo\/image\/"}},{"@type":"Person","@id":"https:\/\/www.movistar.es\/blog\/#\/schema\/person\/b21de7ac2b784b8609251dae33ce905e","name":"M Herencia","image":{"@type":"ImageObject","inLanguage":"es","@id":"https:\/\/www.movistar.es\/blog\/#\/schema\/person\/image\/70aa92e4c3760e6117169f96a2f4ed19","url":"https:\/\/secure.gravatar.com\/avatar\/fbfe3d7ad39a224974690568534e4ee98340a305b7faaa6d612d1014af1b7718","contentUrl":"https:\/\/secure.gravatar.com\/avatar\/fbfe3d7ad39a224974690568534e4ee98340a305b7faaa6d612d1014af1b7718","caption":"M Herencia"},"url":"https:\/\/www.movistar.es\/blog\/author\/mjherencia\/"}]}},"jetpack_featured_media_url":"https:\/\/www.movistar.es\/blog\/wp-content\/uploads\/sites\/3\/2024\/04\/Placas-solares-en-un-tejado-Solar-panels-on-roof-.jpg","jetpack_sharing_enabled":true,"_links":{"self":[{"href":"https:\/\/www.movistar.es\/blog\/wp-json\/wp\/v2\/posts\/24794","targetHints":{"allow":["GET"]}}],"collection":[{"href":"https:\/\/www.movistar.es\/blog\/wp-json\/wp\/v2\/posts"}],"about":[{"href":"https:\/\/www.movistar.es\/blog\/wp-json\/wp\/v2\/types\/post"}],"author":[{"embeddable":true,"href":"https:\/\/www.movistar.es\/blog\/wp-json\/wp\/v2\/users\/118"}],"replies":[{"embeddable":true,"href":"https:\/\/www.movistar.es\/blog\/wp-json\/wp\/v2\/comments?post=24794"}],"version-history":[{"count":77,"href":"https:\/\/www.movistar.es\/blog\/wp-json\/wp\/v2\/posts\/24794\/revisions"}],"predecessor-version":[{"id":25412,"href":"https:\/\/www.movistar.es\/blog\/wp-json\/wp\/v2\/posts\/24794\/revisions\/25412"}],"wp:featuredmedia":[{"embeddable":true,"href":"https:\/\/www.movistar.es\/blog\/wp-json\/wp\/v2\/media\/25374"}],"wp:attachment":[{"href":"https:\/\/www.movistar.es\/blog\/wp-json\/wp\/v2\/media?parent=24794"}],"wp:term":[{"taxonomy":"category","embeddable":true,"href":"https:\/\/www.movistar.es\/blog\/wp-json\/wp\/v2\/categories?post=24794"},{"taxonomy":"post_tag","embeddable":true,"href":"https:\/\/www.movistar.es\/blog\/wp-json\/wp\/v2\/tags?post=24794"},{"taxonomy":"area","embeddable":true,"href":"https:\/\/www.movistar.es\/blog\/wp-json\/wp\/v2\/area?post=24794"},{"taxonomy":"cluster","embeddable":true,"href":"https:\/\/www.movistar.es\/blog\/wp-json\/wp\/v2\/cluster?post=24794"},{"taxonomy":"linea_editorial","embeddable":true,"href":"https:\/\/www.movistar.es\/blog\/wp-json\/wp\/v2\/linea_editorial?post=24794"},{"taxonomy":"author","embeddable":true,"href":"https:\/\/www.movistar.es\/blog\/wp-json\/wp\/v2\/coauthors?post=24794"}],"curies":[{"name":"wp","href":"https:\/\/api.w.org\/{rel}","templated":true}]}}