{"id":24288,"date":"2024-03-07T09:15:30","date_gmt":"2024-03-07T08:15:30","guid":{"rendered":"https:\/\/www.movistar.es\/blog\/?p=24288"},"modified":"2024-03-21T11:35:34","modified_gmt":"2024-03-21T10:35:34","slug":"regalo-dia-del-padre","status":"publish","type":"post","link":"https:\/\/www.movistar.es\/blog\/dispositivos\/regalo-dia-del-padre\/","title":{"rendered":"Regala a tu padre el dispositivo que se merece con las ofertas del cat\u00e1logo Movistar"},"content":{"rendered":"\n<p>Este 2024, el&nbsp;<strong>D\u00eda del Padre<\/strong>&nbsp;llega con los&nbsp;<strong>mejores regalos<\/strong>&nbsp;gracias a&nbsp;<strong>Movistar<\/strong>. Y es que&nbsp;celebramos esta fecha tan especial con ofertas para que el&nbsp;<strong>19 de marzo<\/strong> ninguno se quede sin su regalo.<\/p>\n\n\n\n<p>Sus or\u00edgenes se remontan al 19 de marzo de 1948, cuando durante una jornada festiva el d\u00eda de San Jos\u00e9, una maestra de escuela en&nbsp;<strong>Dehesa de la Villa<\/strong>&nbsp;celebr\u00f3 a petici\u00f3n de numerosos padres el d\u00eda por primera vez en Espa\u00f1a entre regalos, juegos infantiles y una misa. La noticia tuvo repercusi\u00f3n nacional y as\u00ed fue como diversos empresarios decidieron fomentar esta fiesta con&nbsp;<strong>grandes ofertas y descuentos en regalos para los padres<\/strong>.<\/p>\n\n\n\n<p>Con Movistar, te esperan productos de todas las categor\u00edas con&nbsp;<strong>precios exclusivos<\/strong>,&nbsp;<strong>buyback <\/strong>y&nbsp;<strong>facilidades de pago<\/strong>&nbsp;para seguir ofreci\u00e9ndote la tecnolog\u00eda al mejor precio. Entre los&nbsp;regalos estrella del&nbsp;<strong>D\u00eda del Padre&nbsp;<\/strong>de este a\u00f1o, se encuentran los dispositivos que a continuaci\u00f3n destacamos y que puedes conseguir <strong>desde 0\u20ac\/mes<\/strong>.<\/p>\n\n\n\n<h2 class=\"wp-block-heading\" id=\"toc-hId--470904738\"><strong>Elige y ll\u00e9vate los mejores regalos por el D\u00eda del <\/strong>P<strong>adre&nbsp;en Movistar<\/strong><\/h2>\n\n\n\n<p><strong>Este a\u00f1o ser\u00e1 imposible no acertar<\/strong> con las opciones que presenta el cat\u00e1logo Movistar desde 0\u20ac\/mes. Darle una alegr\u00eda a tu padre cuesta poco con Movistar, te detallamos todas las opciones.<\/p>\n\n\n\n<h3 class=\"wp-block-heading\" id=\"toc-hId-219656736\"><strong>OPPO A79 5G,<\/strong> un dispositivo compacto y completo<\/h3>\n\n\n\n<p>Empezando por el <a href=\"https:\/\/www.movistar.es\/moviles\/oppo-oppo-a79-5g-128gb-negro\/\" target=\"_blank\" rel=\"noreferrer noopener\"><strong>Oppo A79<\/strong> <strong>5G<\/strong><\/a>, este dispositivo es un regalo perfecto para los padres amantes de las pelis y series. Con su panel FHD+ de 6,72 pulgadas, ofrece colores vibrantes y un brillo excepcional para experimentar un contenido multimedia de alta calidad y poder vivir toda una experiencia cinematogr\u00e1fica. Adem\u00e1s, el sistema est\u00e9reo con tecnolog\u00eda Dirac y el Modo Ultra Volumen 300% terminan de completar una experiencia envolvente.<\/p>\n\n\n\n<p>En cuanto a la duraci\u00f3n de la bater\u00eda, el<strong> Oppo A79 5G<\/strong> destaca con una impresionante capacidad de 5,000 mAh y carga r\u00e1pida SUPERVOOC de 33W, lo que asegura un compa\u00f1ero fiable para tus d\u00edas m\u00e1s fren\u00e9ticos. Adem\u00e1s, el smartphone ofrece expansi\u00f3n de memoria micro SD hasta 1TB y 4 GB de RAM, ampliables hasta 8 GB, junto con el eficiente procesador MediaTek Dimensity 6020. Sin duda, un smartphone que combina potencia y capacidad de almacenaje para conseguir un rendimiento \u00f3ptimo. Esto lo hace un regalo perfecto para el D\u00eda del Padre, que adem\u00e1s puedes conseguir desde 0\u20ac\/mes.<\/p>\n\n\n\n<p>Por \u00faltimo, una menci\u00f3n a su c\u00e1mara principal de 50 MP, respaldada por la inteligencia artificial de Oppo, que promete capturas detalladas y vers\u00e1tiles, incluyendo funciones como el Modo retrato y diversas opciones para fotograf\u00edas nocturnas y creativas. Aunque si eres un fan\u00e1tico de la fotograf\u00eda, no puedes perderte nuestra selecci\u00f3n de <a href=\"https:\/\/www.movistar.es\/blog\/dispositivos\/moviles-mejor-camara\/\" target=\"_blank\" rel=\"noreferrer noopener\">otros dispositivos del cat\u00e1logo Movistar con c\u00e1maras impresionantes<\/a>.<\/p>\n\n\n\n<figure class=\"wp-block-image aligncenter size-large\"><img loading=\"lazy\" decoding=\"async\" height=\"683\" width=\"1024\" src=\"https:\/\/www.movistar.es\/blog\/wp-content\/uploads\/sites\/3\/2024\/03\/oppo-a79.jpg?w=1024\" alt=\"Oppo A79 5G regalo para el D\u00eda del Padre\" class=\"wp-image-24480\" srcset=\"https:\/\/www.movistar.es\/blog\/wp-content\/uploads\/sites\/3\/2024\/03\/oppo-a79.jpg 1920w, https:\/\/www.movistar.es\/blog\/wp-content\/uploads\/sites\/3\/2024\/03\/oppo-a79.jpg?resize=300,200 300w, https:\/\/www.movistar.es\/blog\/wp-content\/uploads\/sites\/3\/2024\/03\/oppo-a79.jpg?resize=768,512 768w, https:\/\/www.movistar.es\/blog\/wp-content\/uploads\/sites\/3\/2024\/03\/oppo-a79.jpg?resize=1024,683 1024w, https:\/\/www.movistar.es\/blog\/wp-content\/uploads\/sites\/3\/2024\/03\/oppo-a79.jpg?resize=1536,1024 1536w\" sizes=\"auto, (max-width: 1024px) 100vw, 1024px\" \/><\/figure>\n\n\n\n<h3 class=\"wp-block-heading\" id=\"toc-hId-219656736\"><strong>Xiaomi Redmi Note 13<\/strong>, <strong>un r<\/strong>egalo <strong>b\u00e1sico para el D\u00eda del Padre<\/strong><\/h3>\n\n\n\n<p>En el cat\u00e1logo Movistar no puede faltar uno de los \u00faltimos lanzamientos estrella de la familia Xiaomi, el <strong><a href=\"https:\/\/www.movistar.es\/blog\/dispositivos\/xiaomi-redmi-note-13-movistar\/\" target=\"_blank\" rel=\"noreferrer noopener\">Xiaomi Redmi Note 13<\/a><\/strong>. Este dispositivo destaca principalmente gracias a su <strong>impresionante pantalla AMOLED FHD+ de 120 Hz<\/strong>. Con un generoso tama\u00f1o de 6,67 pulgadas, garantiza una experiencia visual fluida, sin cortes y detallada que es perfecta para videos y juegos. Otro de los puntos fuertes de la pantalla es su resistencia frente a ara\u00f1azos y golpes gracias a protecci\u00f3n de Corning\u00ae Gorilla\u00ae Glass\u00ae 3.<\/p>\n\n\n\n<p>La <strong>c\u00e1mara <\/strong>del <strong>Xiaomi Redmi Note 13<\/strong> es otra de las joyas de la corona. La triple c\u00e1mara de hasta 108 MP, liderada por un impresionante sensor principal, ofrece capacidades fotogr\u00e1ficas de \u00e9lite, con zoom de hasta 3X y funciones como Xiaomi ProCut para optimizar tus fotograf\u00edas. En cuanto a rendimiento no se queda atr\u00e1s. Gracias al potente Snapdragon 685, acompa\u00f1ado de una gran capacidad de RAM de hasta 8 GB y almacenamiento de hasta 256 GB. Por \u00faltimo, la bater\u00eda de 5000 mAh y la carga r\u00e1pida de 33 W completan el paquete, asegurando que te olvides de quedarte sin bater\u00eda.<\/p>\n\n\n\n<p>En resumen, el <strong><a href=\"https:\/\/www.movistar.es\/moviles\/xiaomi-xiaomi-redmi-note-13-128gb-negro\/\" target=\"_blank\" rel=\"noreferrer noopener\">Xiaomi Redmi Note 13<\/a><\/strong> es un dispositivo que no solo brinda rendimiento excepcional, sino tambi\u00e9n una experiencia visual y fotogr\u00e1fica superior como regalo para el D\u00eda del Padre. <\/p>\n\n\n\n<figure class=\"wp-block-image aligncenter size-large\"><img loading=\"lazy\" decoding=\"async\" height=\"683\" width=\"1024\" src=\"https:\/\/www.movistar.es\/blog\/wp-content\/uploads\/sites\/3\/2024\/03\/redmi-note-13.jpg?w=1024\" alt=\"Xiaomi Redmi Note 13, regalo para el D\u00eda del Padre\" class=\"wp-image-24483\" srcset=\"https:\/\/www.movistar.es\/blog\/wp-content\/uploads\/sites\/3\/2024\/03\/redmi-note-13.jpg 1920w, https:\/\/www.movistar.es\/blog\/wp-content\/uploads\/sites\/3\/2024\/03\/redmi-note-13.jpg?resize=300,200 300w, https:\/\/www.movistar.es\/blog\/wp-content\/uploads\/sites\/3\/2024\/03\/redmi-note-13.jpg?resize=768,512 768w, https:\/\/www.movistar.es\/blog\/wp-content\/uploads\/sites\/3\/2024\/03\/redmi-note-13.jpg?resize=1024,683 1024w, https:\/\/www.movistar.es\/blog\/wp-content\/uploads\/sites\/3\/2024\/03\/redmi-note-13.jpg?resize=1536,1024 1536w\" sizes=\"auto, (max-width: 1024px) 100vw, 1024px\" \/><\/figure>\n\n\n\n<h3 class=\"wp-block-heading\" id=\"tv-samsung-ue32t4305aexxc\">TV SAMSUNG UE32T4305AEXXC<\/h3>\n\n\n\n<p>En el cat\u00e1logo Movistar contamos con una gran variedad de dispositivos. Un ejemplo son las televisiones, que te permiten vivir toda una experiencia mientras disfrutas de tu programa favorito. Es el caso de esta <strong><a href=\"https:\/\/www.movistar.es\/smart-tv\/samsung-tv-samsung-32-t4305-aexxc--negro\/\" target=\"_blank\" rel=\"noreferrer noopener\">TV Samsung UE32T4305AEXXC<\/a><\/strong>.<\/p>\n\n\n\n<p>Ofrece una experiencia visual excepcional gracias a su calidad de imagen HD, que proporciona una resoluci\u00f3n aut\u00e9ntica y detallada. Adem\u00e1s, la tecnolog\u00eda HDR eleva la expresi\u00f3n del brillo, permitiendo disfrutar de detalles m\u00e1s n\u00edtidos incluso en escenas oscuras, mientras que la funci\u00f3n PurColor garantiza una reproducci\u00f3n vibrante y precisa de una amplia gama de colores para optimizar las im\u00e1genes. Por \u00faltimo, la tecnolog\u00eda Ultra Clean View contribuye a im\u00e1genes de alta calidad con un menor nivel de distorsi\u00f3n y detalles mejorados, asegurando una experiencia visual inmersiva. <\/p>\n\n\n\n<p>Adem\u00e1s, esta Smart TV es compatible con Asistentes de Voz y permite un acceso f\u00e1cil a tu contenido favorito mediante comandos de voz, destacando la comodidad en la experiencia de usuario. En conjunto, estas caracter\u00edsticas hacen de esta televisi\u00f3n un <strong>regalo perfecto para el D\u00eda del Padre<\/strong>. As\u00ed, es una excelente opci\u00f3n para aquellos que buscan una experiencia de visualizaci\u00f3n de alta calidad y f\u00e1cil acceso a una amplia variedad de contenidos con plataformas como Movistar Plus+.<\/p>\n\n\n\n<figure class=\"wp-block-image size-large\"><img loading=\"lazy\" decoding=\"async\" height=\"683\" width=\"1024\" src=\"https:\/\/www.movistar.es\/blog\/wp-content\/uploads\/sites\/3\/2024\/03\/T4305.jpg?w=1024\" alt=\"TV SAMSUNG UE32T4305AEXXC \" class=\"wp-image-24383\" srcset=\"https:\/\/www.movistar.es\/blog\/wp-content\/uploads\/sites\/3\/2024\/03\/T4305.jpg 4500w, https:\/\/www.movistar.es\/blog\/wp-content\/uploads\/sites\/3\/2024\/03\/T4305.jpg?resize=300,200 300w, https:\/\/www.movistar.es\/blog\/wp-content\/uploads\/sites\/3\/2024\/03\/T4305.jpg?resize=768,512 768w, https:\/\/www.movistar.es\/blog\/wp-content\/uploads\/sites\/3\/2024\/03\/T4305.jpg?resize=1024,683 1024w, https:\/\/www.movistar.es\/blog\/wp-content\/uploads\/sites\/3\/2024\/03\/T4305.jpg?resize=1536,1024 1536w, https:\/\/www.movistar.es\/blog\/wp-content\/uploads\/sites\/3\/2024\/03\/T4305.jpg?resize=2048,1365 2048w\" sizes=\"auto, (max-width: 1024px) 100vw, 1024px\" \/><\/figure>\n\n\n\n<h3 class=\"wp-block-heading\" id=\"h-reloj-tecuida-acompana-a-tu-padre\">Reloj TeCuida, acompa\u00f1a a tu padre<\/h3>\n\n\n\n<p>Otro dispositivo perfecto para regalar a los padres de m\u00e1s edad o tambi\u00e9n a los abuelos, es el&nbsp;<a href=\"https:\/\/www.movistar.es\/salud\/reloj-personas-mayores\/?_ga=2.47435047.1027157597.1710332793-1985473499.1710332793\"><strong>Reloj TeCuida<\/strong>.<\/a>&nbsp;Es un dispositivo de teleasistencia pensado para el bienestar de las personas m\u00e1s mayores, proporciona adem\u00e1s mayor tranquilidad a sus seres queridos porque todo queda registrado en una aplicaci\u00f3n que env\u00eda avisos y alertas en caso necesario.&nbsp;<\/p>\n\n\n\n<p>El<strong>&nbsp;Reloj TeCuida<\/strong>&nbsp;es un dispositivo dise\u00f1ado para velar por el bienestar de nuestros padres, gracias a la incorporaci\u00f3n de funciones como la&nbsp;<a href=\"https:\/\/www.movistar.es\/blog\/salud\/reloj-detector-caidas\/\" target=\"_blank\" rel=\"noreferrer noopener\"><strong>detecci\u00f3n de ca\u00eddas<\/strong><\/a>&nbsp;para notificar de inmediato a familiares y servicios de emergencia, que podr\u00e1n geolocalizar al usuario gracias a su GPS integrado y enviar a los servicios de emergencia necesarios. Otro ejemplo es el bot\u00f3n azul de emergencias\/ayuda, que est\u00e1 conectado las 24 horas a la central de Movistar Prosegur Alarmas, ofreciendo una atenci\u00f3n personalizada para cada caso.<\/p>\n\n\n\n<p>Adem\u00e1s, el reloj tambi\u00e9n recopila datos de actividad del usuario que pueden ser visualizados a trav\u00e9s de la aplicaci\u00f3n, como la frecuencia cardiaca, el nivel de ox\u00edgeno en sangre, los pasos andados y la distancia recorrida. Otra funci\u00f3n de utilidad es que comparte la ubicaci\u00f3n e identificaci\u00f3n de acceso a lugares frecuentes, en todo el territorio nacional, de la persona que lo lleva a trav\u00e9s de la aplicaci\u00f3n y permite el acceso a varios familiares. Y adem\u00e1s, permite que el familiar pueda llamar al reloj si detecta una situaci\u00f3n de alarma.<\/p>\n\n\n\n<p>Con el <strong>Reloj TeCuida<\/strong><a href=\"https:\/\/www.movistar.es\/salud\/reloj-personas-mayores\/?_ga=2.47435047.1027157597.1710332793-1985473499.1710332793\"> <\/a>ellos est\u00e1n m\u00e1s seguros y t\u00fa m\u00e1s tranquilo.<\/p>\n\n\n\n<figure class=\"wp-block-image size-large\"><img loading=\"lazy\" decoding=\"async\" height=\"683\" width=\"1024\" src=\"https:\/\/www.movistar.es\/blog\/wp-content\/uploads\/sites\/3\/2024\/03\/relojtecuida.jpg?w=1024\" alt=\"Regalo el d\u00eda del Padre, Reloj TeCuida\" class=\"wp-image-24503\" srcset=\"https:\/\/www.movistar.es\/blog\/wp-content\/uploads\/sites\/3\/2024\/03\/relojtecuida.jpg 1920w, https:\/\/www.movistar.es\/blog\/wp-content\/uploads\/sites\/3\/2024\/03\/relojtecuida.jpg?resize=300,200 300w, https:\/\/www.movistar.es\/blog\/wp-content\/uploads\/sites\/3\/2024\/03\/relojtecuida.jpg?resize=768,512 768w, https:\/\/www.movistar.es\/blog\/wp-content\/uploads\/sites\/3\/2024\/03\/relojtecuida.jpg?resize=1024,683 1024w, https:\/\/www.movistar.es\/blog\/wp-content\/uploads\/sites\/3\/2024\/03\/relojtecuida.jpg?resize=1536,1024 1536w\" sizes=\"auto, (max-width: 1024px) 100vw, 1024px\" \/><\/figure>\n\n\n\n<h2 class=\"wp-block-heading\" id=\"h-celebra-el-dia-del-padre-con-movistar\">Celebra el D\u00eda del Padre con Movistar<\/h2>\n\n\n\n<p>Este <strong>19 de marzo<\/strong>, darle una alegr\u00eda a tu padre cuesta poco con Movistar, concretamente, desde 0\u20ac\/mes. Por ese precio, puedes conseguir cualquiera de los dispositivos que hemos mencionado dentro del extenso cat\u00e1logo de Movistar. <\/p>\n\n\n\n<p>Si esto te parece poco, tambi\u00e9n puedes hacerte con consolas, smartwatches, tablets, ordenadores y&nbsp;<strong>todo tipo de&nbsp;productos<\/strong>. \u00a1Echa un vistazo a <a href=\"https:\/\/www.movistar.es\/dispositivos\/\" target=\"_blank\" rel=\"noreferrer noopener\">nuestro cat\u00e1logo de dispositivos<\/a> y sorprende en el D\u00eda del Padre con el regalo que se merece!<\/p>\n","protected":false},"excerpt":{"rendered":"<p>Este 2024, el&nbsp;D\u00eda del Padre&nbsp;llega con los&nbsp;mejores regalos&nbsp;gracias a&nbsp;Movistar. Y es que&nbsp;celebramos esta fecha tan especial con ofertas para que el&nbsp;19 de marzo ninguno se quede sin su regalo. Sus or\u00edgenes se remontan al 19 [&hellip;]<\/p>\n","protected":false},"author":118,"featured_media":24506,"comment_status":"closed","ping_status":"closed","sticky":false,"template":"","format":"standard","meta":{"site-sidebar-layout":"default","site-content-layout":"","ast-site-content-layout":"","site-content-style":"default","site-sidebar-style":"default","ast-global-header-display":"","ast-banner-title-visibility":"","ast-main-header-display":"","ast-hfb-above-header-display":"","ast-hfb-below-header-display":"","ast-hfb-mobile-header-display":"","site-post-title":"","ast-breadcrumbs-content":"","ast-featured-img":"","footer-sml-layout":"","theme-transparent-header-meta":"","adv-header-id-meta":"","stick-header-meta":"","header-above-stick-meta":"","header-main-stick-meta":"","header-below-stick-meta":"","astra-migrate-meta-layouts":"default","ast-page-background-enabled":"default","ast-page-background-meta":{"desktop":{"background-color":"var(--ast-global-color-4)","background-image":"","background-repeat":"repeat","background-position":"center center","background-size":"auto","background-attachment":"scroll","background-type":"","background-media":"","overlay-type":"","overlay-color":"","overlay-opacity":"","overlay-gradient":""},"tablet":{"background-color":"","background-image":"","background-repeat":"repeat","background-position":"center center","background-size":"auto","background-attachment":"scroll","background-type":"","background-media":"","overlay-type":"","overlay-color":"","overlay-opacity":"","overlay-gradient":""},"mobile":{"background-color":"","background-image":"","background-repeat":"repeat","background-position":"center center","background-size":"auto","background-attachment":"scroll","background-type":"","background-media":"","overlay-type":"","overlay-color":"","overlay-opacity":"","overlay-gradient":""}},"ast-content-background-meta":{"desktop":{"background-color":"var(--ast-global-color-5)","background-image":"","background-repeat":"repeat","background-position":"center center","background-size":"auto","background-attachment":"scroll","background-type":"","background-media":"","overlay-type":"","overlay-color":"","overlay-opacity":"","overlay-gradient":""},"tablet":{"background-color":"var(--ast-global-color-5)","background-image":"","background-repeat":"repeat","background-position":"center center","background-size":"auto","background-attachment":"scroll","background-type":"","background-media":"","overlay-type":"","overlay-color":"","overlay-opacity":"","overlay-gradient":""},"mobile":{"background-color":"var(--ast-global-color-5)","background-image":"","background-repeat":"repeat","background-position":"center center","background-size":"auto","background-attachment":"scroll","background-type":"","background-media":"","overlay-type":"","overlay-color":"","overlay-opacity":"","overlay-gradient":""}},"_jetpack_memberships_contains_paid_content":false,"footnotes":""},"categories":[1],"tags":[],"area":[],"cluster":[445],"linea_editorial":[],"coauthors":[513],"class_list":["post-24288","post","type-post","status-publish","format-standard","has-post-thumbnail","hentry","category-sin-categoria","cluster-dispositivos"],"yoast_head":"<!-- This site is optimized with the Yoast SEO Premium plugin v25.5 (Yoast SEO v25.5) - https:\/\/yoast.com\/wordpress\/plugins\/seo\/ -->\n<title>Regalo D\u00eda del Padre: sorprende a tu padre el dispositivo que se merece<\/title>\n<meta name=\"description\" content=\"El\u00a0D\u00eda del Padre\u00a0llega con los\u00a0mejores regalos\u00a0gracias a\u00a0Movistar, ent\u00e9rate de nuestras ofertas para que ning\u00fan padre se quede sin su regalo.\" \/>\n<meta name=\"robots\" content=\"index, follow, max-snippet:-1, max-image-preview:large, max-video-preview:-1\" \/>\n<link rel=\"canonical\" href=\"https:\/\/www.movistar.es\/blog\/dispositivos\/regalo-dia-del-padre\/\" \/>\n<meta property=\"og:locale\" content=\"es_ES\" \/>\n<meta property=\"og:type\" content=\"article\" \/>\n<meta property=\"og:title\" content=\"Regala a tu padre el dispositivo que se merece con las ofertas del cat\u00e1logo Movistar\" \/>\n<meta property=\"og:description\" content=\"El\u00a0D\u00eda del Padre\u00a0llega con los\u00a0mejores regalos\u00a0gracias a\u00a0Movistar, ent\u00e9rate de nuestras ofertas para que ning\u00fan padre se quede sin su regalo.\" \/>\n<meta property=\"og:url\" content=\"https:\/\/www.movistar.es\/blog\/dispositivos\/regalo-dia-del-padre\/\" \/>\n<meta property=\"og:site_name\" content=\"Movistar blog\" \/>\n<meta property=\"article:published_time\" content=\"2024-03-07T08:15:30+00:00\" \/>\n<meta property=\"article:modified_time\" content=\"2024-03-21T10:35:34+00:00\" \/>\n<meta name=\"author\" content=\"M Herencia\" \/>\n<meta name=\"twitter:card\" content=\"summary_large_image\" \/>\n<meta name=\"twitter:image\" content=\"https:\/\/www.movistar.es\/blog\/wp-content\/uploads\/sites\/3\/2024\/03\/Padre-con-su-hija-Father-with-his-daughter.jpg\" \/>\n<meta name=\"twitter:label1\" content=\"Written by\" \/>\n\t<meta name=\"twitter:data1\" content=\"M Herencia\" \/>\n\t<meta name=\"twitter:label2\" content=\"Est. reading time\" \/>\n\t<meta name=\"twitter:data2\" content=\"7 minutos\" \/>\n<script type=\"application\/ld+json\" class=\"yoast-schema-graph\">{\"@context\":\"https:\/\/schema.org\",\"@graph\":[{\"@type\":\"Article\",\"@id\":\"https:\/\/www.movistar.es\/blog\/dispositivos\/regalo-dia-del-padre\/#article\",\"isPartOf\":{\"@id\":\"https:\/\/www.movistar.es\/blog\/dispositivos\/regalo-dia-del-padre\/\"},\"author\":{\"name\":\"M Herencia\",\"@id\":\"https:\/\/www.movistar.es\/blog\/#\/schema\/person\/b21de7ac2b784b8609251dae33ce905e\"},\"headline\":\"Regala a tu padre el dispositivo que se merece con las ofertas del cat\u00e1logo Movistar\",\"datePublished\":\"2024-03-07T08:15:30+00:00\",\"dateModified\":\"2024-03-21T10:35:34+00:00\",\"mainEntityOfPage\":{\"@id\":\"https:\/\/www.movistar.es\/blog\/dispositivos\/regalo-dia-del-padre\/\"},\"wordCount\":1338,\"publisher\":{\"@id\":\"https:\/\/www.movistar.es\/blog\/#organization\"},\"image\":{\"@id\":\"https:\/\/www.movistar.es\/blog\/dispositivos\/regalo-dia-del-padre\/#primaryimage\"},\"thumbnailUrl\":\"https:\/\/www.movistar.es\/blog\/wp-content\/uploads\/sites\/3\/2024\/03\/Padre-con-su-hija-Father-with-his-daughter.jpg\",\"inLanguage\":\"es\"},{\"@type\":\"WebPage\",\"@id\":\"https:\/\/www.movistar.es\/blog\/dispositivos\/regalo-dia-del-padre\/\",\"url\":\"https:\/\/www.movistar.es\/blog\/dispositivos\/regalo-dia-del-padre\/\",\"name\":\"Regalo D\u00eda del Padre: sorprende a tu padre el dispositivo que se merece\",\"isPartOf\":{\"@id\":\"https:\/\/www.movistar.es\/blog\/#website\"},\"primaryImageOfPage\":{\"@id\":\"https:\/\/www.movistar.es\/blog\/dispositivos\/regalo-dia-del-padre\/#primaryimage\"},\"image\":{\"@id\":\"https:\/\/www.movistar.es\/blog\/dispositivos\/regalo-dia-del-padre\/#primaryimage\"},\"thumbnailUrl\":\"https:\/\/www.movistar.es\/blog\/wp-content\/uploads\/sites\/3\/2024\/03\/Padre-con-su-hija-Father-with-his-daughter.jpg\",\"datePublished\":\"2024-03-07T08:15:30+00:00\",\"dateModified\":\"2024-03-21T10:35:34+00:00\",\"description\":\"El\u00a0D\u00eda del Padre\u00a0llega con los\u00a0mejores regalos\u00a0gracias a\u00a0Movistar, ent\u00e9rate de nuestras ofertas para que ning\u00fan padre se quede sin su regalo.\",\"breadcrumb\":{\"@id\":\"https:\/\/www.movistar.es\/blog\/dispositivos\/regalo-dia-del-padre\/#breadcrumb\"},\"inLanguage\":\"es\",\"potentialAction\":[{\"@type\":\"ReadAction\",\"target\":[\"https:\/\/www.movistar.es\/blog\/dispositivos\/regalo-dia-del-padre\/\"]}]},{\"@type\":\"ImageObject\",\"inLanguage\":\"es\",\"@id\":\"https:\/\/www.movistar.es\/blog\/dispositivos\/regalo-dia-del-padre\/#primaryimage\",\"url\":\"https:\/\/www.movistar.es\/blog\/wp-content\/uploads\/sites\/3\/2024\/03\/Padre-con-su-hija-Father-with-his-daughter.jpg\",\"contentUrl\":\"https:\/\/www.movistar.es\/blog\/wp-content\/uploads\/sites\/3\/2024\/03\/Padre-con-su-hija-Father-with-his-daughter.jpg\",\"width\":3101,\"height\":2068},{\"@type\":\"BreadcrumbList\",\"@id\":\"https:\/\/www.movistar.es\/blog\/dispositivos\/regalo-dia-del-padre\/#breadcrumb\",\"itemListElement\":[{\"@type\":\"ListItem\",\"position\":1,\"name\":\"Home\",\"item\":\"https:\/\/www.movistar.es\/blog\/\"},{\"@type\":\"ListItem\",\"position\":2,\"name\":\"Regala a tu padre el dispositivo que se merece con las ofertas del cat\u00e1logo Movistar\"}]},{\"@type\":\"WebSite\",\"@id\":\"https:\/\/www.movistar.es\/blog\/#website\",\"url\":\"https:\/\/www.movistar.es\/blog\/\",\"name\":\"Movistar blog\",\"description\":\"Movistar Blog. Informaci\u00f3n y m\u00e1s sobre los productos y servicios de Movistar\",\"publisher\":{\"@id\":\"https:\/\/www.movistar.es\/blog\/#organization\"},\"potentialAction\":[{\"@type\":\"SearchAction\",\"target\":{\"@type\":\"EntryPoint\",\"urlTemplate\":\"https:\/\/www.movistar.es\/blog\/?s={search_term_string}\"},\"query-input\":{\"@type\":\"PropertyValueSpecification\",\"valueRequired\":true,\"valueName\":\"search_term_string\"}}],\"inLanguage\":\"es\"},{\"@type\":\"Organization\",\"@id\":\"https:\/\/www.movistar.es\/blog\/#organization\",\"name\":\"Movistar blog\",\"url\":\"https:\/\/www.movistar.es\/blog\/\",\"logo\":{\"@type\":\"ImageObject\",\"inLanguage\":\"es\",\"@id\":\"https:\/\/www.movistar.es\/blog\/#\/schema\/logo\/image\/\",\"url\":\"https:\/\/www.movistar.es\/blog\/wp-content\/uploads\/sites\/3\/2022\/05\/logo_movistar-1.svg\",\"contentUrl\":\"https:\/\/www.movistar.es\/blog\/wp-content\/uploads\/sites\/3\/2022\/05\/logo_movistar-1.svg\",\"width\":369,\"height\":272,\"caption\":\"Movistar blog\"},\"image\":{\"@id\":\"https:\/\/www.movistar.es\/blog\/#\/schema\/logo\/image\/\"}},{\"@type\":\"Person\",\"@id\":\"https:\/\/www.movistar.es\/blog\/#\/schema\/person\/b21de7ac2b784b8609251dae33ce905e\",\"name\":\"M Herencia\",\"image\":{\"@type\":\"ImageObject\",\"inLanguage\":\"es\",\"@id\":\"https:\/\/www.movistar.es\/blog\/#\/schema\/person\/image\/70aa92e4c3760e6117169f96a2f4ed19\",\"url\":\"https:\/\/secure.gravatar.com\/avatar\/fbfe3d7ad39a224974690568534e4ee98340a305b7faaa6d612d1014af1b7718\",\"contentUrl\":\"https:\/\/secure.gravatar.com\/avatar\/fbfe3d7ad39a224974690568534e4ee98340a305b7faaa6d612d1014af1b7718\",\"caption\":\"M Herencia\"},\"url\":\"https:\/\/www.movistar.es\/blog\/author\/mjherencia\/\"}]}<\/script>\n<!-- \/ Yoast SEO Premium plugin. -->","yoast_head_json":{"title":"Regalo D\u00eda del Padre: sorprende a tu padre el dispositivo que se merece","description":"El\u00a0D\u00eda del Padre\u00a0llega con los\u00a0mejores regalos\u00a0gracias a\u00a0Movistar, ent\u00e9rate de nuestras ofertas para que ning\u00fan padre se quede sin su regalo.","robots":{"index":"index","follow":"follow","max-snippet":"max-snippet:-1","max-image-preview":"max-image-preview:large","max-video-preview":"max-video-preview:-1"},"canonical":"https:\/\/www.movistar.es\/blog\/dispositivos\/regalo-dia-del-padre\/","og_locale":"es_ES","og_type":"article","og_title":"Regala a tu padre el dispositivo que se merece con las ofertas del cat\u00e1logo Movistar","og_description":"El\u00a0D\u00eda del Padre\u00a0llega con los\u00a0mejores regalos\u00a0gracias a\u00a0Movistar, ent\u00e9rate de nuestras ofertas para que ning\u00fan padre se quede sin su regalo.","og_url":"https:\/\/www.movistar.es\/blog\/dispositivos\/regalo-dia-del-padre\/","og_site_name":"Movistar blog","article_published_time":"2024-03-07T08:15:30+00:00","article_modified_time":"2024-03-21T10:35:34+00:00","author":"M Herencia","twitter_card":"summary_large_image","twitter_image":"https:\/\/www.movistar.es\/blog\/wp-content\/uploads\/sites\/3\/2024\/03\/Padre-con-su-hija-Father-with-his-daughter.jpg","twitter_misc":{"Written by":"M Herencia","Est. reading time":"7 minutos"},"schema":{"@context":"https:\/\/schema.org","@graph":[{"@type":"Article","@id":"https:\/\/www.movistar.es\/blog\/dispositivos\/regalo-dia-del-padre\/#article","isPartOf":{"@id":"https:\/\/www.movistar.es\/blog\/dispositivos\/regalo-dia-del-padre\/"},"author":{"name":"M Herencia","@id":"https:\/\/www.movistar.es\/blog\/#\/schema\/person\/b21de7ac2b784b8609251dae33ce905e"},"headline":"Regala a tu padre el dispositivo que se merece con las ofertas del cat\u00e1logo Movistar","datePublished":"2024-03-07T08:15:30+00:00","dateModified":"2024-03-21T10:35:34+00:00","mainEntityOfPage":{"@id":"https:\/\/www.movistar.es\/blog\/dispositivos\/regalo-dia-del-padre\/"},"wordCount":1338,"publisher":{"@id":"https:\/\/www.movistar.es\/blog\/#organization"},"image":{"@id":"https:\/\/www.movistar.es\/blog\/dispositivos\/regalo-dia-del-padre\/#primaryimage"},"thumbnailUrl":"https:\/\/www.movistar.es\/blog\/wp-content\/uploads\/sites\/3\/2024\/03\/Padre-con-su-hija-Father-with-his-daughter.jpg","inLanguage":"es"},{"@type":"WebPage","@id":"https:\/\/www.movistar.es\/blog\/dispositivos\/regalo-dia-del-padre\/","url":"https:\/\/www.movistar.es\/blog\/dispositivos\/regalo-dia-del-padre\/","name":"Regalo D\u00eda del Padre: sorprende a tu padre el dispositivo que se merece","isPartOf":{"@id":"https:\/\/www.movistar.es\/blog\/#website"},"primaryImageOfPage":{"@id":"https:\/\/www.movistar.es\/blog\/dispositivos\/regalo-dia-del-padre\/#primaryimage"},"image":{"@id":"https:\/\/www.movistar.es\/blog\/dispositivos\/regalo-dia-del-padre\/#primaryimage"},"thumbnailUrl":"https:\/\/www.movistar.es\/blog\/wp-content\/uploads\/sites\/3\/2024\/03\/Padre-con-su-hija-Father-with-his-daughter.jpg","datePublished":"2024-03-07T08:15:30+00:00","dateModified":"2024-03-21T10:35:34+00:00","description":"El\u00a0D\u00eda del Padre\u00a0llega con los\u00a0mejores regalos\u00a0gracias a\u00a0Movistar, ent\u00e9rate de nuestras ofertas para que ning\u00fan padre se quede sin su regalo.","breadcrumb":{"@id":"https:\/\/www.movistar.es\/blog\/dispositivos\/regalo-dia-del-padre\/#breadcrumb"},"inLanguage":"es","potentialAction":[{"@type":"ReadAction","target":["https:\/\/www.movistar.es\/blog\/dispositivos\/regalo-dia-del-padre\/"]}]},{"@type":"ImageObject","inLanguage":"es","@id":"https:\/\/www.movistar.es\/blog\/dispositivos\/regalo-dia-del-padre\/#primaryimage","url":"https:\/\/www.movistar.es\/blog\/wp-content\/uploads\/sites\/3\/2024\/03\/Padre-con-su-hija-Father-with-his-daughter.jpg","contentUrl":"https:\/\/www.movistar.es\/blog\/wp-content\/uploads\/sites\/3\/2024\/03\/Padre-con-su-hija-Father-with-his-daughter.jpg","width":3101,"height":2068},{"@type":"BreadcrumbList","@id":"https:\/\/www.movistar.es\/blog\/dispositivos\/regalo-dia-del-padre\/#breadcrumb","itemListElement":[{"@type":"ListItem","position":1,"name":"Home","item":"https:\/\/www.movistar.es\/blog\/"},{"@type":"ListItem","position":2,"name":"Regala a tu padre el dispositivo que se merece con las ofertas del cat\u00e1logo Movistar"}]},{"@type":"WebSite","@id":"https:\/\/www.movistar.es\/blog\/#website","url":"https:\/\/www.movistar.es\/blog\/","name":"Movistar blog","description":"Movistar Blog. Informaci\u00f3n y m\u00e1s sobre los productos y servicios de Movistar","publisher":{"@id":"https:\/\/www.movistar.es\/blog\/#organization"},"potentialAction":[{"@type":"SearchAction","target":{"@type":"EntryPoint","urlTemplate":"https:\/\/www.movistar.es\/blog\/?s={search_term_string}"},"query-input":{"@type":"PropertyValueSpecification","valueRequired":true,"valueName":"search_term_string"}}],"inLanguage":"es"},{"@type":"Organization","@id":"https:\/\/www.movistar.es\/blog\/#organization","name":"Movistar blog","url":"https:\/\/www.movistar.es\/blog\/","logo":{"@type":"ImageObject","inLanguage":"es","@id":"https:\/\/www.movistar.es\/blog\/#\/schema\/logo\/image\/","url":"https:\/\/www.movistar.es\/blog\/wp-content\/uploads\/sites\/3\/2022\/05\/logo_movistar-1.svg","contentUrl":"https:\/\/www.movistar.es\/blog\/wp-content\/uploads\/sites\/3\/2022\/05\/logo_movistar-1.svg","width":369,"height":272,"caption":"Movistar blog"},"image":{"@id":"https:\/\/www.movistar.es\/blog\/#\/schema\/logo\/image\/"}},{"@type":"Person","@id":"https:\/\/www.movistar.es\/blog\/#\/schema\/person\/b21de7ac2b784b8609251dae33ce905e","name":"M Herencia","image":{"@type":"ImageObject","inLanguage":"es","@id":"https:\/\/www.movistar.es\/blog\/#\/schema\/person\/image\/70aa92e4c3760e6117169f96a2f4ed19","url":"https:\/\/secure.gravatar.com\/avatar\/fbfe3d7ad39a224974690568534e4ee98340a305b7faaa6d612d1014af1b7718","contentUrl":"https:\/\/secure.gravatar.com\/avatar\/fbfe3d7ad39a224974690568534e4ee98340a305b7faaa6d612d1014af1b7718","caption":"M Herencia"},"url":"https:\/\/www.movistar.es\/blog\/author\/mjherencia\/"}]}},"jetpack_featured_media_url":"https:\/\/www.movistar.es\/blog\/wp-content\/uploads\/sites\/3\/2024\/03\/Padre-con-su-hija-Father-with-his-daughter.jpg","jetpack_sharing_enabled":true,"_links":{"self":[{"href":"https:\/\/www.movistar.es\/blog\/wp-json\/wp\/v2\/posts\/24288","targetHints":{"allow":["GET"]}}],"collection":[{"href":"https:\/\/www.movistar.es\/blog\/wp-json\/wp\/v2\/posts"}],"about":[{"href":"https:\/\/www.movistar.es\/blog\/wp-json\/wp\/v2\/types\/post"}],"author":[{"embeddable":true,"href":"https:\/\/www.movistar.es\/blog\/wp-json\/wp\/v2\/users\/118"}],"replies":[{"embeddable":true,"href":"https:\/\/www.movistar.es\/blog\/wp-json\/wp\/v2\/comments?post=24288"}],"version-history":[{"count":56,"href":"https:\/\/www.movistar.es\/blog\/wp-json\/wp\/v2\/posts\/24288\/revisions"}],"predecessor-version":[{"id":24872,"href":"https:\/\/www.movistar.es\/blog\/wp-json\/wp\/v2\/posts\/24288\/revisions\/24872"}],"wp:featuredmedia":[{"embeddable":true,"href":"https:\/\/www.movistar.es\/blog\/wp-json\/wp\/v2\/media\/24506"}],"wp:attachment":[{"href":"https:\/\/www.movistar.es\/blog\/wp-json\/wp\/v2\/media?parent=24288"}],"wp:term":[{"taxonomy":"category","embeddable":true,"href":"https:\/\/www.movistar.es\/blog\/wp-json\/wp\/v2\/categories?post=24288"},{"taxonomy":"post_tag","embeddable":true,"href":"https:\/\/www.movistar.es\/blog\/wp-json\/wp\/v2\/tags?post=24288"},{"taxonomy":"area","embeddable":true,"href":"https:\/\/www.movistar.es\/blog\/wp-json\/wp\/v2\/area?post=24288"},{"taxonomy":"cluster","embeddable":true,"href":"https:\/\/www.movistar.es\/blog\/wp-json\/wp\/v2\/cluster?post=24288"},{"taxonomy":"linea_editorial","embeddable":true,"href":"https:\/\/www.movistar.es\/blog\/wp-json\/wp\/v2\/linea_editorial?post=24288"},{"taxonomy":"author","embeddable":true,"href":"https:\/\/www.movistar.es\/blog\/wp-json\/wp\/v2\/coauthors?post=24288"}],"curies":[{"name":"wp","href":"https:\/\/api.w.org\/{rel}","templated":true}]}}