{"id":23858,"date":"2024-03-26T08:00:00","date_gmt":"2024-03-26T07:00:00","guid":{"rendered":"https:\/\/www.movistar.es\/blog\/?p=23858"},"modified":"2024-03-26T08:54:22","modified_gmt":"2024-03-26T07:54:22","slug":"movistar-reforzar-cobertura-en-eventos","status":"publish","type":"post","link":"https:\/\/www.movistar.es\/blog\/5g\/movistar-reforzar-cobertura-en-eventos\/","title":{"rendered":"C\u00f3mo Movistar puede reforzar la cobertura en grandes eventos"},"content":{"rendered":"\n<p>Seguramente habr\u00e1s estado en conciertos, concentraciones o eventos deportivos, donde has visto camiones, de las diferentes operadoras m\u00f3viles, con antenas en la parte superior.&nbsp;En este art\u00edculo, vamos a explicar c\u00f3mo hace Movistar para reforzar la cobertura en estos espacios, donde se concentran m\u00e1s personas de lo habitual, pero de manera puntual. <\/p>\n\n\n\n<h2 class=\"wp-block-heading\" id=\"toc-hId--1269971376\"><strong>\u00bfQu\u00e9 son las unidades m\u00f3viles para reforzar la cobertura?&nbsp;<\/strong><\/h2>\n\n\n\n<p>Las unidades m\u00f3viles, conocidas como&nbsp;<strong>coches nodos o c\u00e9lulas m\u00f3viles<\/strong>,&nbsp;son una herramienta fundamental para&nbsp;<strong>reforzar la <a href=\"https:\/\/www.movistar.es\/tarifas-moviles\/cobertura-movil\" target=\"_blank\" rel=\"noreferrer noopener\">cobertura de telefon\u00eda m\u00f3vil<\/a><\/strong>&nbsp;en zonas con baja se\u00f1al. Tambi\u00e9n utilizados donde la demanda puntual supera la capacidad de la infraestructura existente.&nbsp;<\/p>\n\n\n\n<p>Se trata de camiones, con una antena, que emiten se\u00f1al para poder ampliar la cobertura en determinadas zonas, de manera temporal.  Estos veh\u00edculos, especialmente equipados, se convierten en&nbsp;<strong>mini estaciones base<\/strong>&nbsp;temporales,&nbsp;ampliando la cobertura y mejorando la calidad del servicio para los usuarios.<\/p>\n\n\n\n<p>Para poder entender bien el funcionamientos de estos camiones, hay que tener en cuenta, que en los eventos multitudinarios, no basta con tener cobertura m\u00f3vil. Tambi\u00e9n es necesario que las&nbsp;<strong>redes est\u00e9n lo suficientemente bien dimensionadas<\/strong>,&nbsp;para que no se saturen. Este el el motivo por el cual, las operadoras usan estas unidades, proporcionando cobertura y buena conexi\u00f3n a la red de manera puntual.<\/p>\n\n\n\n<figure class=\"wp-block-image aligncenter size-full\"><img loading=\"lazy\" decoding=\"async\" width=\"399\" height=\"300\" src=\"https:\/\/www.movistar.es\/blog\/wp-content\/uploads\/sites\/3\/2024\/03\/refuerzo-cobertura.jpeg\" alt=\"refuerza cobertura\" class=\"wp-image-24934\" srcset=\"https:\/\/www.movistar.es\/blog\/wp-content\/uploads\/sites\/3\/2024\/03\/refuerzo-cobertura.jpeg 399w, https:\/\/www.movistar.es\/blog\/wp-content\/uploads\/sites\/3\/2024\/03\/refuerzo-cobertura.jpeg?resize=300,226 300w, https:\/\/www.movistar.es\/blog\/wp-content\/uploads\/sites\/3\/2024\/03\/refuerzo-cobertura.jpeg?resize=320,240 320w\" sizes=\"auto, (max-width: 399px) 100vw, 399px\" \/><\/figure>\n\n\n\n<p>Por ello, en grandes eventos o zonas de vacaciones. los operadores de telecomunicaciones refuerzan sus redes, para que sus clientes, puedan seguir hablando y navegando con normalidad. <\/p>\n\n\n\n<p>Y lo hacen mediante la instalaci\u00f3n de&nbsp;<strong>nodos extra<\/strong>&nbsp;en estas zonas de m\u00e1xima concentraci\u00f3n. Pueden ser estaciones microcelulares temporales, y\/o unidades m\u00f3viles temporales de mayor tama\u00f1o, instaladas en camiones o furgonetas. Estos nodos suelen ser 3G y 4G, pero tambi\u00e9n 5G, que ayudan a balancear el tr\u00e1fico de manera m\u00e1s eficiente y librar la capa 4G.<\/p>\n\n\n\n<h2 class=\"wp-block-heading\" id=\"toc-hId--1269970415\"><strong>\u00bfC\u00f3mo funcionan las <strong>unidades m\u00f3viles<\/strong>?<\/strong><\/h2>\n\n\n\n<p>Las unidades m\u00f3viles se despliegan estrat\u00e9gicamente en \u00e1reas con necesidades espec\u00edficas.&nbsp;A trav\u00e9s de antenas y equipos de telecomunicaciones integrados. <strong>Transmiten y reciben se\u00f1ales de telefon\u00eda m\u00f3vil<\/strong>,&nbsp;ampliando la cobertura y capacidad de la red.&nbsp;Su funcionamiento se basa en:<\/p>\n\n\n\n<ul class=\"wp-block-list\"><li><strong>Conexi\u00f3n a la red troncal:<\/strong>&nbsp;Las unidades m\u00f3viles se conectan a la red troncal del operador mediante enlaces de microondas o fibra \u00f3ptica. De este modo obtienen la capacidad y recursos necesarios para ofrecer servicio.<\/li><li><strong>Ampliaci\u00f3n de cobertura:<\/strong>&nbsp;Las antenas de las unidades m\u00f3viles emiten se\u00f1ales que expanden el \u00e1rea de cobertura. Esto&nbsp;permite que los usuarios en zonas remotas o con baja se\u00f1al puedan acceder a la red.<\/li><li><strong>Mejora de la calidad del servicio:<\/strong>&nbsp;Al aumentar la capacidad de la red,&nbsp;las unidades m\u00f3viles reducen la congesti\u00f3n y optimizan la calidad de las llamadas,&nbsp;la velocidad de datos y la experiencia general del usuario.<\/li><\/ul>\n\n\n\n<h3 class=\"wp-block-heading\" id=\"h-tipos-de-estaciones-para-ampliar-la-red-movil\">Tipos de estaciones para ampliar la red m\u00f3vil<\/h3>\n\n\n\n<p>Las estaciones base de telefon\u00eda m\u00f3vil port\u00e1tiles pueden ser de dos tipos: de contenedor o de cami\u00f3n.<strong>&nbsp;<\/strong><\/p>\n\n\n\n<ul class=\"wp-block-list\"><li><strong>Las de contenedor<\/strong>&nbsp;son transportadas&nbsp;en remolques y depositadas en su ubicaci\u00f3n mediante una gr\u00faa. Y all\u00ed esperan dando servicio hasta que un cami\u00f3n gr\u00faa vuelve a recogerlas. Llevan su propia torre telesc\u00f3pica para las antenas de telefon\u00eda m\u00f3vil, las antenas parab\u00f3licas de radioenlace, un generador de electricidad di\u00e9sel y su dep\u00f3sito de gasoil para el generador.<\/li><li><strong>Las de cami\u00f3n<\/strong>&nbsp;van montadas en la caja del veh\u00edculo y ah\u00ed dentro est\u00e1 toda la electr\u00f3nica. El generador de electricidad, como en el caso anterior, va fuera. Por la parte superior de la caja salen uno o dos m\u00e1stiles telesc\u00f3picos para las antenas de telefon\u00eda m\u00f3viles y los radioenlaces<\/li><\/ul>\n\n\n\n<p>Hay varias formas en las que los camiones pueden ayudar a ampliar la cobertura m\u00f3vil.&nbsp;<\/p>\n\n\n\n<figure class=\"wp-block-image aligncenter size-full\"><img loading=\"lazy\" decoding=\"async\" width=\"300\" height=\"400\" src=\"https:\/\/www.movistar.es\/blog\/wp-content\/uploads\/sites\/3\/2024\/03\/Refuerzo-cobertura.jpg\" alt=\"reforzar la cobertura \" class=\"wp-image-24938\" srcset=\"https:\/\/www.movistar.es\/blog\/wp-content\/uploads\/sites\/3\/2024\/03\/Refuerzo-cobertura.jpg 300w, https:\/\/www.movistar.es\/blog\/wp-content\/uploads\/sites\/3\/2024\/03\/Refuerzo-cobertura.jpg?resize=225,300 225w\" sizes=\"auto, (max-width: 300px) 100vw, 300px\" \/><\/figure>\n\n\n\n<ul class=\"wp-block-list\"><li>I<strong>nstalar antenas en los camiones que<\/strong>&nbsp;puedan ayudar a&nbsp;<strong>extender la se\u00f1al de las torres de telefon\u00eda m\u00f3vil<\/strong>&nbsp;a \u00e1reas que no tienen cobertura.&nbsp;<\/li><li>Otra forma<strong> es proporcionar una fuente de energ\u00eda para las torres de telefon\u00eda m\u00f3vil<\/strong>. Esto es especialmente importante en \u00e1reas rurales, donde las torres de telefon\u00eda pueden estar alejadas de la red el\u00e9ctrica.&nbsp;<\/li><li>Finalmente, los camiones pueden ayudar a <strong>mejorar la calidad<\/strong> de la se\u00f1al m\u00f3vil. Esto se debe a que pueden proporcionar una plataforma estable para las antenas, lo que ayuda a reducir el ruido y la interferencia. <\/li><\/ul>\n\n\n\n<p>A pesar del refuerzo de las redes, hay momentos puntuales en los que la red podr\u00e1 mostrar s\u00edntomas de congesti\u00f3n. En estos momentos, <strong>el servicio m\u00e1s afectado es el de los datos m\u00f3viles<\/strong>. El motivo, es porque las redes se sobredimensionan en funci\u00f3n del n\u00famero de usuarios que haya conectados simult\u00e1neamente, pero hay picos de demanda dif\u00edciles de gestionar, como cuando los usuarios coinciden subiendo publicaciones en redes sociales.&nbsp;<\/p>\n\n\n\n<h2 class=\"wp-block-heading\" id=\"h-que-hacer-cuando-te-encuentres-en-este-tipo-de-localizaciones\"><strong>Qu\u00e9 hacer cuando te encuentres en este tipo de localizaciones<\/strong><\/h2>\n\n\n\n<p>Cuando te encuentres en esta situaci\u00f3n, en eventos o lugares con una mayor concentraci\u00f3n de personas, prueba a seguir estas recomendaciones: <\/p>\n\n\n\n<ul class=\"wp-block-list\"><li>Cambiar la red preferida en tu tel\u00e9fono&nbsp;m\u00f3vil, pasando de <a href=\"https:\/\/www.movistar.es\/blog\/5g\/cobertura-5g-evolucion-redes\/\" target=\"_blank\" rel=\"noreferrer noopener\">5G<\/a> a 4G o incluso 3G. Normalmente las frecuencias de datos con m\u00e1s concurrencia, y por tanto, m\u00e1s saturadas van a ser las de tecnolog\u00edas m\u00e1s \u00abmodernas\u00bb como 5G. Y puede que la red 3G se encuentre menos saturada.&nbsp;<\/li><li>Por otro lado, si hay dificultad para navegar o subir contenidos a la red prueba a esperar un poco para compartirlos.<\/li><\/ul>\n\n\n\n<p>En conclusi\u00f3n, las unidades m\u00f3viles de cobertura son una soluci\u00f3n vers\u00e1til y rentable para ampliar la cobertura m\u00f3vil de manera puntual. Por tanto, son una herramienta valiosa para los operadores de telefon\u00eda m\u00f3vil, as\u00ed como&nbsp;una herramienta estrat\u00e9gica para&nbsp;<strong>cerrar la brecha digital<\/strong>,&nbsp;brindar acceso a la comunicaci\u00f3n y mejorar la calidad del servicio de telefon\u00eda m\u00f3vil en \u00e1reas con necesidades espec\u00edficas.&nbsp;Su evoluci\u00f3n tecnol\u00f3gica y las nuevas aplicaciones que se desarrollen las convertir\u00e1n en un elemento fundamental para la conectividad del futuro.<\/p>\n","protected":false},"excerpt":{"rendered":"<p>Seguramente habr\u00e1s estado en conciertos, concentraciones o eventos deportivos, donde has visto camiones, de las diferentes operadoras m\u00f3viles, con antenas en la parte superior.&nbsp;En este art\u00edculo, vamos a explicar c\u00f3mo hace Movistar para reforzar la [&hellip;]<\/p>\n","protected":false},"author":202,"featured_media":24932,"comment_status":"closed","ping_status":"closed","sticky":false,"template":"","format":"standard","meta":{"site-sidebar-layout":"default","site-content-layout":"","ast-site-content-layout":"","site-content-style":"default","site-sidebar-style":"default","ast-global-header-display":"","ast-banner-title-visibility":"","ast-main-header-display":"","ast-hfb-above-header-display":"","ast-hfb-below-header-display":"","ast-hfb-mobile-header-display":"","site-post-title":"","ast-breadcrumbs-content":"","ast-featured-img":"","footer-sml-layout":"","theme-transparent-header-meta":"","adv-header-id-meta":"","stick-header-meta":"","header-above-stick-meta":"","header-main-stick-meta":"","header-below-stick-meta":"","astra-migrate-meta-layouts":"default","ast-page-background-enabled":"default","ast-page-background-meta":{"desktop":{"background-color":"var(--ast-global-color-4)","background-image":"","background-repeat":"repeat","background-position":"center center","background-size":"auto","background-attachment":"scroll","background-type":"","background-media":"","overlay-type":"","overlay-color":"","overlay-opacity":"","overlay-gradient":""},"tablet":{"background-color":"","background-image":"","background-repeat":"repeat","background-position":"center center","background-size":"auto","background-attachment":"scroll","background-type":"","background-media":"","overlay-type":"","overlay-color":"","overlay-opacity":"","overlay-gradient":""},"mobile":{"background-color":"","background-image":"","background-repeat":"repeat","background-position":"center center","background-size":"auto","background-attachment":"scroll","background-type":"","background-media":"","overlay-type":"","overlay-color":"","overlay-opacity":"","overlay-gradient":""}},"ast-content-background-meta":{"desktop":{"background-color":"var(--ast-global-color-5)","background-image":"","background-repeat":"repeat","background-position":"center center","background-size":"auto","background-attachment":"scroll","background-type":"","background-media":"","overlay-type":"","overlay-color":"","overlay-opacity":"","overlay-gradient":""},"tablet":{"background-color":"var(--ast-global-color-5)","background-image":"","background-repeat":"repeat","background-position":"center center","background-size":"auto","background-attachment":"scroll","background-type":"","background-media":"","overlay-type":"","overlay-color":"","overlay-opacity":"","overlay-gradient":""},"mobile":{"background-color":"var(--ast-global-color-5)","background-image":"","background-repeat":"repeat","background-position":"center center","background-size":"auto","background-attachment":"scroll","background-type":"","background-media":"","overlay-type":"","overlay-color":"","overlay-opacity":"","overlay-gradient":""}},"_jetpack_memberships_contains_paid_content":false,"footnotes":""},"categories":[1],"tags":[],"area":[190],"cluster":[60],"linea_editorial":[],"coauthors":[579],"class_list":["post-23858","post","type-post","status-publish","format-standard","has-post-thumbnail","hentry","category-sin-categoria","area-content-movistar","cluster-5g"],"yoast_head":"<!-- This site is optimized with the Yoast SEO Premium plugin v25.5 (Yoast SEO v25.5) - https:\/\/yoast.com\/wordpress\/plugins\/seo\/ -->\n<title>C\u00f3mo Movistar puede reforzar la cobertura en grandes eventos<\/title>\n<meta name=\"description\" content=\"C\u00f3mo hace Movistar para reforzar la cobertura m\u00f3vil en grandes concentraciones como conciertos, eventos deportivos o zonas de vacaciones.\" \/>\n<meta name=\"robots\" content=\"index, follow, max-snippet:-1, max-image-preview:large, max-video-preview:-1\" \/>\n<link rel=\"canonical\" href=\"https:\/\/www.movistar.es\/blog\/5g\/movistar-reforzar-cobertura-en-eventos\/\" \/>\n<meta property=\"og:locale\" content=\"es_ES\" \/>\n<meta property=\"og:type\" content=\"article\" \/>\n<meta property=\"og:title\" content=\"C\u00f3mo Movistar puede reforzar la cobertura en grandes eventos\" \/>\n<meta property=\"og:description\" content=\"C\u00f3mo hace Movistar para reforzar la cobertura m\u00f3vil en grandes concentraciones como conciertos, eventos deportivos o zonas de vacaciones.\" \/>\n<meta property=\"og:url\" content=\"https:\/\/www.movistar.es\/blog\/5g\/movistar-reforzar-cobertura-en-eventos\/\" \/>\n<meta property=\"og:site_name\" content=\"Movistar blog\" \/>\n<meta property=\"article:published_time\" content=\"2024-03-26T07:00:00+00:00\" \/>\n<meta property=\"article:modified_time\" content=\"2024-03-26T07:54:22+00:00\" \/>\n<meta property=\"og:image\" content=\"https:\/\/www.movistar.es\/blog\/wp-content\/uploads\/sites\/3\/2024\/03\/reforzar-cobertura-movil.jpg\" \/>\n\t<meta property=\"og:image:width\" content=\"1040\" \/>\n\t<meta property=\"og:image:height\" content=\"650\" \/>\n\t<meta property=\"og:image:type\" content=\"image\/jpeg\" \/>\n<meta name=\"author\" content=\"Emilio Rodr\u00edguez\" \/>\n<meta name=\"twitter:card\" content=\"summary_large_image\" \/>\n<meta name=\"twitter:label1\" content=\"Written by\" \/>\n\t<meta name=\"twitter:data1\" content=\"Emilio Rodr\u00edguez\" \/>\n\t<meta name=\"twitter:label2\" content=\"Est. reading time\" \/>\n\t<meta name=\"twitter:data2\" content=\"5 minutos\" \/>\n<script type=\"application\/ld+json\" class=\"yoast-schema-graph\">{\"@context\":\"https:\/\/schema.org\",\"@graph\":[{\"@type\":\"Article\",\"@id\":\"https:\/\/www.movistar.es\/blog\/5g\/movistar-reforzar-cobertura-en-eventos\/#article\",\"isPartOf\":{\"@id\":\"https:\/\/www.movistar.es\/blog\/5g\/movistar-reforzar-cobertura-en-eventos\/\"},\"author\":{\"name\":\"Emilio Rodr\u00edguez\",\"@id\":\"https:\/\/www.movistar.es\/blog\/#\/schema\/person\/7f09a25205e74e2009f96dba3bba4f30\"},\"headline\":\"C\u00f3mo Movistar puede reforzar la cobertura en grandes eventos\",\"datePublished\":\"2024-03-26T07:00:00+00:00\",\"dateModified\":\"2024-03-26T07:54:22+00:00\",\"mainEntityOfPage\":{\"@id\":\"https:\/\/www.movistar.es\/blog\/5g\/movistar-reforzar-cobertura-en-eventos\/\"},\"wordCount\":1094,\"publisher\":{\"@id\":\"https:\/\/www.movistar.es\/blog\/#organization\"},\"image\":{\"@id\":\"https:\/\/www.movistar.es\/blog\/5g\/movistar-reforzar-cobertura-en-eventos\/#primaryimage\"},\"thumbnailUrl\":\"https:\/\/www.movistar.es\/blog\/wp-content\/uploads\/sites\/3\/2024\/03\/reforzar-cobertura-movil.jpg\",\"inLanguage\":\"es\"},{\"@type\":\"WebPage\",\"@id\":\"https:\/\/www.movistar.es\/blog\/5g\/movistar-reforzar-cobertura-en-eventos\/\",\"url\":\"https:\/\/www.movistar.es\/blog\/5g\/movistar-reforzar-cobertura-en-eventos\/\",\"name\":\"C\u00f3mo Movistar puede reforzar la cobertura en grandes eventos\",\"isPartOf\":{\"@id\":\"https:\/\/www.movistar.es\/blog\/#website\"},\"primaryImageOfPage\":{\"@id\":\"https:\/\/www.movistar.es\/blog\/5g\/movistar-reforzar-cobertura-en-eventos\/#primaryimage\"},\"image\":{\"@id\":\"https:\/\/www.movistar.es\/blog\/5g\/movistar-reforzar-cobertura-en-eventos\/#primaryimage\"},\"thumbnailUrl\":\"https:\/\/www.movistar.es\/blog\/wp-content\/uploads\/sites\/3\/2024\/03\/reforzar-cobertura-movil.jpg\",\"datePublished\":\"2024-03-26T07:00:00+00:00\",\"dateModified\":\"2024-03-26T07:54:22+00:00\",\"description\":\"C\u00f3mo hace Movistar para reforzar la cobertura m\u00f3vil en grandes concentraciones como conciertos, eventos deportivos o zonas de vacaciones.\",\"breadcrumb\":{\"@id\":\"https:\/\/www.movistar.es\/blog\/5g\/movistar-reforzar-cobertura-en-eventos\/#breadcrumb\"},\"inLanguage\":\"es\",\"potentialAction\":[{\"@type\":\"ReadAction\",\"target\":[\"https:\/\/www.movistar.es\/blog\/5g\/movistar-reforzar-cobertura-en-eventos\/\"]}]},{\"@type\":\"ImageObject\",\"inLanguage\":\"es\",\"@id\":\"https:\/\/www.movistar.es\/blog\/5g\/movistar-reforzar-cobertura-en-eventos\/#primaryimage\",\"url\":\"https:\/\/www.movistar.es\/blog\/wp-content\/uploads\/sites\/3\/2024\/03\/reforzar-cobertura-movil.jpg\",\"contentUrl\":\"https:\/\/www.movistar.es\/blog\/wp-content\/uploads\/sites\/3\/2024\/03\/reforzar-cobertura-movil.jpg\",\"width\":1040,\"height\":650},{\"@type\":\"BreadcrumbList\",\"@id\":\"https:\/\/www.movistar.es\/blog\/5g\/movistar-reforzar-cobertura-en-eventos\/#breadcrumb\",\"itemListElement\":[{\"@type\":\"ListItem\",\"position\":1,\"name\":\"Home\",\"item\":\"https:\/\/www.movistar.es\/blog\/\"},{\"@type\":\"ListItem\",\"position\":2,\"name\":\"C\u00f3mo Movistar puede reforzar la cobertura en grandes eventos\"}]},{\"@type\":\"WebSite\",\"@id\":\"https:\/\/www.movistar.es\/blog\/#website\",\"url\":\"https:\/\/www.movistar.es\/blog\/\",\"name\":\"Movistar blog\",\"description\":\"Movistar Blog. Informaci\u00f3n y m\u00e1s sobre los productos y servicios de Movistar\",\"publisher\":{\"@id\":\"https:\/\/www.movistar.es\/blog\/#organization\"},\"potentialAction\":[{\"@type\":\"SearchAction\",\"target\":{\"@type\":\"EntryPoint\",\"urlTemplate\":\"https:\/\/www.movistar.es\/blog\/?s={search_term_string}\"},\"query-input\":{\"@type\":\"PropertyValueSpecification\",\"valueRequired\":true,\"valueName\":\"search_term_string\"}}],\"inLanguage\":\"es\"},{\"@type\":\"Organization\",\"@id\":\"https:\/\/www.movistar.es\/blog\/#organization\",\"name\":\"Movistar blog\",\"url\":\"https:\/\/www.movistar.es\/blog\/\",\"logo\":{\"@type\":\"ImageObject\",\"inLanguage\":\"es\",\"@id\":\"https:\/\/www.movistar.es\/blog\/#\/schema\/logo\/image\/\",\"url\":\"https:\/\/www.movistar.es\/blog\/wp-content\/uploads\/sites\/3\/2022\/05\/logo_movistar-1.svg\",\"contentUrl\":\"https:\/\/www.movistar.es\/blog\/wp-content\/uploads\/sites\/3\/2022\/05\/logo_movistar-1.svg\",\"width\":369,\"height\":272,\"caption\":\"Movistar blog\"},\"image\":{\"@id\":\"https:\/\/www.movistar.es\/blog\/#\/schema\/logo\/image\/\"}},{\"@type\":\"Person\",\"@id\":\"https:\/\/www.movistar.es\/blog\/#\/schema\/person\/7f09a25205e74e2009f96dba3bba4f30\",\"name\":\"Emilio Rodr\u00edguez\",\"image\":{\"@type\":\"ImageObject\",\"inLanguage\":\"es\",\"@id\":\"https:\/\/www.movistar.es\/blog\/#\/schema\/person\/image\/8f3747647a2d3e69815221284d708ff5\",\"url\":\"https:\/\/secure.gravatar.com\/avatar\/c55c049d3550e4aa36b25fc91011843c69bd91d48ffa44755cec59b1853fe363\",\"contentUrl\":\"https:\/\/secure.gravatar.com\/avatar\/c55c049d3550e4aa36b25fc91011843c69bd91d48ffa44755cec59b1853fe363\",\"caption\":\"Emilio Rodr\u00edguez\"},\"url\":\"https:\/\/www.movistar.es\/blog\/author\/emilio\/\"}]}<\/script>\n<!-- \/ Yoast SEO Premium plugin. -->","yoast_head_json":{"title":"C\u00f3mo Movistar puede reforzar la cobertura en grandes eventos","description":"C\u00f3mo hace Movistar para reforzar la cobertura m\u00f3vil en grandes concentraciones como conciertos, eventos deportivos o zonas de vacaciones.","robots":{"index":"index","follow":"follow","max-snippet":"max-snippet:-1","max-image-preview":"max-image-preview:large","max-video-preview":"max-video-preview:-1"},"canonical":"https:\/\/www.movistar.es\/blog\/5g\/movistar-reforzar-cobertura-en-eventos\/","og_locale":"es_ES","og_type":"article","og_title":"C\u00f3mo Movistar puede reforzar la cobertura en grandes eventos","og_description":"C\u00f3mo hace Movistar para reforzar la cobertura m\u00f3vil en grandes concentraciones como conciertos, eventos deportivos o zonas de vacaciones.","og_url":"https:\/\/www.movistar.es\/blog\/5g\/movistar-reforzar-cobertura-en-eventos\/","og_site_name":"Movistar blog","article_published_time":"2024-03-26T07:00:00+00:00","article_modified_time":"2024-03-26T07:54:22+00:00","og_image":[{"width":1040,"height":650,"url":"https:\/\/www.movistar.es\/blog\/wp-content\/uploads\/sites\/3\/2024\/03\/reforzar-cobertura-movil.jpg","type":"image\/jpeg"}],"author":"Emilio Rodr\u00edguez","twitter_card":"summary_large_image","twitter_misc":{"Written by":"Emilio Rodr\u00edguez","Est. reading time":"5 minutos"},"schema":{"@context":"https:\/\/schema.org","@graph":[{"@type":"Article","@id":"https:\/\/www.movistar.es\/blog\/5g\/movistar-reforzar-cobertura-en-eventos\/#article","isPartOf":{"@id":"https:\/\/www.movistar.es\/blog\/5g\/movistar-reforzar-cobertura-en-eventos\/"},"author":{"name":"Emilio Rodr\u00edguez","@id":"https:\/\/www.movistar.es\/blog\/#\/schema\/person\/7f09a25205e74e2009f96dba3bba4f30"},"headline":"C\u00f3mo Movistar puede reforzar la cobertura en grandes eventos","datePublished":"2024-03-26T07:00:00+00:00","dateModified":"2024-03-26T07:54:22+00:00","mainEntityOfPage":{"@id":"https:\/\/www.movistar.es\/blog\/5g\/movistar-reforzar-cobertura-en-eventos\/"},"wordCount":1094,"publisher":{"@id":"https:\/\/www.movistar.es\/blog\/#organization"},"image":{"@id":"https:\/\/www.movistar.es\/blog\/5g\/movistar-reforzar-cobertura-en-eventos\/#primaryimage"},"thumbnailUrl":"https:\/\/www.movistar.es\/blog\/wp-content\/uploads\/sites\/3\/2024\/03\/reforzar-cobertura-movil.jpg","inLanguage":"es"},{"@type":"WebPage","@id":"https:\/\/www.movistar.es\/blog\/5g\/movistar-reforzar-cobertura-en-eventos\/","url":"https:\/\/www.movistar.es\/blog\/5g\/movistar-reforzar-cobertura-en-eventos\/","name":"C\u00f3mo Movistar puede reforzar la cobertura en grandes eventos","isPartOf":{"@id":"https:\/\/www.movistar.es\/blog\/#website"},"primaryImageOfPage":{"@id":"https:\/\/www.movistar.es\/blog\/5g\/movistar-reforzar-cobertura-en-eventos\/#primaryimage"},"image":{"@id":"https:\/\/www.movistar.es\/blog\/5g\/movistar-reforzar-cobertura-en-eventos\/#primaryimage"},"thumbnailUrl":"https:\/\/www.movistar.es\/blog\/wp-content\/uploads\/sites\/3\/2024\/03\/reforzar-cobertura-movil.jpg","datePublished":"2024-03-26T07:00:00+00:00","dateModified":"2024-03-26T07:54:22+00:00","description":"C\u00f3mo hace Movistar para reforzar la cobertura m\u00f3vil en grandes concentraciones como conciertos, eventos deportivos o zonas de vacaciones.","breadcrumb":{"@id":"https:\/\/www.movistar.es\/blog\/5g\/movistar-reforzar-cobertura-en-eventos\/#breadcrumb"},"inLanguage":"es","potentialAction":[{"@type":"ReadAction","target":["https:\/\/www.movistar.es\/blog\/5g\/movistar-reforzar-cobertura-en-eventos\/"]}]},{"@type":"ImageObject","inLanguage":"es","@id":"https:\/\/www.movistar.es\/blog\/5g\/movistar-reforzar-cobertura-en-eventos\/#primaryimage","url":"https:\/\/www.movistar.es\/blog\/wp-content\/uploads\/sites\/3\/2024\/03\/reforzar-cobertura-movil.jpg","contentUrl":"https:\/\/www.movistar.es\/blog\/wp-content\/uploads\/sites\/3\/2024\/03\/reforzar-cobertura-movil.jpg","width":1040,"height":650},{"@type":"BreadcrumbList","@id":"https:\/\/www.movistar.es\/blog\/5g\/movistar-reforzar-cobertura-en-eventos\/#breadcrumb","itemListElement":[{"@type":"ListItem","position":1,"name":"Home","item":"https:\/\/www.movistar.es\/blog\/"},{"@type":"ListItem","position":2,"name":"C\u00f3mo Movistar puede reforzar la cobertura en grandes eventos"}]},{"@type":"WebSite","@id":"https:\/\/www.movistar.es\/blog\/#website","url":"https:\/\/www.movistar.es\/blog\/","name":"Movistar blog","description":"Movistar Blog. Informaci\u00f3n y m\u00e1s sobre los productos y servicios de Movistar","publisher":{"@id":"https:\/\/www.movistar.es\/blog\/#organization"},"potentialAction":[{"@type":"SearchAction","target":{"@type":"EntryPoint","urlTemplate":"https:\/\/www.movistar.es\/blog\/?s={search_term_string}"},"query-input":{"@type":"PropertyValueSpecification","valueRequired":true,"valueName":"search_term_string"}}],"inLanguage":"es"},{"@type":"Organization","@id":"https:\/\/www.movistar.es\/blog\/#organization","name":"Movistar blog","url":"https:\/\/www.movistar.es\/blog\/","logo":{"@type":"ImageObject","inLanguage":"es","@id":"https:\/\/www.movistar.es\/blog\/#\/schema\/logo\/image\/","url":"https:\/\/www.movistar.es\/blog\/wp-content\/uploads\/sites\/3\/2022\/05\/logo_movistar-1.svg","contentUrl":"https:\/\/www.movistar.es\/blog\/wp-content\/uploads\/sites\/3\/2022\/05\/logo_movistar-1.svg","width":369,"height":272,"caption":"Movistar blog"},"image":{"@id":"https:\/\/www.movistar.es\/blog\/#\/schema\/logo\/image\/"}},{"@type":"Person","@id":"https:\/\/www.movistar.es\/blog\/#\/schema\/person\/7f09a25205e74e2009f96dba3bba4f30","name":"Emilio Rodr\u00edguez","image":{"@type":"ImageObject","inLanguage":"es","@id":"https:\/\/www.movistar.es\/blog\/#\/schema\/person\/image\/8f3747647a2d3e69815221284d708ff5","url":"https:\/\/secure.gravatar.com\/avatar\/c55c049d3550e4aa36b25fc91011843c69bd91d48ffa44755cec59b1853fe363","contentUrl":"https:\/\/secure.gravatar.com\/avatar\/c55c049d3550e4aa36b25fc91011843c69bd91d48ffa44755cec59b1853fe363","caption":"Emilio Rodr\u00edguez"},"url":"https:\/\/www.movistar.es\/blog\/author\/emilio\/"}]}},"jetpack_featured_media_url":"https:\/\/www.movistar.es\/blog\/wp-content\/uploads\/sites\/3\/2024\/03\/reforzar-cobertura-movil.jpg","jetpack_sharing_enabled":true,"_links":{"self":[{"href":"https:\/\/www.movistar.es\/blog\/wp-json\/wp\/v2\/posts\/23858","targetHints":{"allow":["GET"]}}],"collection":[{"href":"https:\/\/www.movistar.es\/blog\/wp-json\/wp\/v2\/posts"}],"about":[{"href":"https:\/\/www.movistar.es\/blog\/wp-json\/wp\/v2\/types\/post"}],"author":[{"embeddable":true,"href":"https:\/\/www.movistar.es\/blog\/wp-json\/wp\/v2\/users\/202"}],"replies":[{"embeddable":true,"href":"https:\/\/www.movistar.es\/blog\/wp-json\/wp\/v2\/comments?post=23858"}],"version-history":[{"count":8,"href":"https:\/\/www.movistar.es\/blog\/wp-json\/wp\/v2\/posts\/23858\/revisions"}],"predecessor-version":[{"id":24957,"href":"https:\/\/www.movistar.es\/blog\/wp-json\/wp\/v2\/posts\/23858\/revisions\/24957"}],"wp:featuredmedia":[{"embeddable":true,"href":"https:\/\/www.movistar.es\/blog\/wp-json\/wp\/v2\/media\/24932"}],"wp:attachment":[{"href":"https:\/\/www.movistar.es\/blog\/wp-json\/wp\/v2\/media?parent=23858"}],"wp:term":[{"taxonomy":"category","embeddable":true,"href":"https:\/\/www.movistar.es\/blog\/wp-json\/wp\/v2\/categories?post=23858"},{"taxonomy":"post_tag","embeddable":true,"href":"https:\/\/www.movistar.es\/blog\/wp-json\/wp\/v2\/tags?post=23858"},{"taxonomy":"area","embeddable":true,"href":"https:\/\/www.movistar.es\/blog\/wp-json\/wp\/v2\/area?post=23858"},{"taxonomy":"cluster","embeddable":true,"href":"https:\/\/www.movistar.es\/blog\/wp-json\/wp\/v2\/cluster?post=23858"},{"taxonomy":"linea_editorial","embeddable":true,"href":"https:\/\/www.movistar.es\/blog\/wp-json\/wp\/v2\/linea_editorial?post=23858"},{"taxonomy":"author","embeddable":true,"href":"https:\/\/www.movistar.es\/blog\/wp-json\/wp\/v2\/coauthors?post=23858"}],"curies":[{"name":"wp","href":"https:\/\/api.w.org\/{rel}","templated":true}]}}