{"id":23757,"date":"2024-02-14T15:00:21","date_gmt":"2024-02-14T14:00:21","guid":{"rendered":"https:\/\/www.movistar.es\/blog\/?p=23757"},"modified":"2024-02-14T15:00:22","modified_gmt":"2024-02-14T14:00:22","slug":"serie-el-inmortal-experiencia-inmersiva-realidad-virtual-y-aumentada","status":"publish","type":"post","link":"https:\/\/www.movistar.es\/blog\/movistar-plus\/serie-el-inmortal-experiencia-inmersiva-realidad-virtual-y-aumentada\/","title":{"rendered":"La serie \u00abEl Inmortal\u201d llega a Movistar Experiencia Inmersiva mediante la realidad virtual y a la realidad aumentada a trav\u00e9s del m\u00f3vil"},"content":{"rendered":"\n<p><strong>Vuelve \u201cEl Inmortal\u201d con su segunda temporada a Movistar Plus+<\/strong>. Inspirada en la vida Jos\u00e9 Antonio l\u00edder de una banda&nbsp;madrile\u00f1a, la serie muestra el ascenso y la ca\u00edda de su reinado delictivo, construido sobre el tr\u00e1fico de drogas y la extorsi\u00f3n.&nbsp;<\/p>\n\n\n\n<p>Con motivo del estreno hemos desarrollado una experiencia inmersiva para que todos los fans de la serie puedan sentirse parte de la historia. <strong>Gracias a la realidad virtual podr\u00e1s acceder desde <\/strong><a href=\"https:\/\/www.movistar.es\/blog\/mi-movistar\/movistar-experiencia-inmersiva-metaverso\/?utm_source=Blog_Movistar&amp;utm_medium=Blog&amp;utm_campaign=MEI_El_Inmortal\" target=\"_blank\" rel=\"noreferrer noopener\"><strong>Movistar Experiencia Inmersiva<\/strong><\/a><strong> o desde tu m\u00f3vil con la tecnolog\u00eda de realidad aumentada<\/strong>, al gimnasio T\u00e1rtaro, base principal de la banda. \u00bfQuieres saber c\u00f3mo? A continuaci\u00f3n, te contamos todos los detalles.&nbsp;<\/p>\n\n\n\n<figure class=\"wp-block-embed is-type-video is-provider-youtube wp-block-embed-youtube wp-embed-aspect-16-9 wp-has-aspect-ratio\"><div class=\"wp-block-embed__wrapper\">\n<div class=\"wp-block-embed__wrapper\"><div class=\"ast-oembed-container \" style=\"height: 100%;\"><iframe loading=\"lazy\" title=\"El Inmortal T2: Tr\u00e1iler Oficial | Movistar Plus+\" width=\"1040\" height=\"585\" src=\"https:\/\/www.youtube.com\/embed\/RipAwp_FEUY?feature=oembed\" frameborder=\"0\" allow=\"accelerometer; autoplay; clipboard-write; encrypted-media; gyroscope; picture-in-picture; web-share\" referrerpolicy=\"strict-origin-when-cross-origin\" allowfullscreen><\/iframe><\/div><\/div>\n<\/div><\/figure>\n\n\n\n<h2 class=\"wp-block-heading\" id=\"h-la-serie-el-inmortal-en-realidad-virtual-a-traves-de-movistar-experiencia-inmersiva\"><strong>La serie \u201cEl Inmortal\u201d en realidad virtual a trav\u00e9s de Movistar Experiencia Inmersiva<\/strong><\/h2>\n\n\n\n<p>A Jos\u00e9 Antonio no le es suficiente con recuperar Madrid y ha dado el salto al Metaverso, m\u00e1s concretamente a Movistar Experiencia Inmersiva. El espacio de realidad virtual de Movistar al que puedes entrar desde cualquier parte del mundo con tus gafas Meta Quest.&nbsp;<\/p>\n\n\n\n<p>Visita solo o acompa\u00f1ado el mundo inmersivo de Movistar Experiencia Inmersiva y descubre el gimnasio de \u201cEl Inmortal\u201d. <strong>Averigua los secretos que guardan las taquillas, disfruta de contenido adicional de la serie o s\u00fabete al ring de boxeo para enfrentarte a tus amigos.<\/strong>&nbsp;&nbsp;<\/p>\n\n\n\n<p>Para visitar el gimnasio del T\u00e1rtaro, tan solo tienes que descargar la <a href=\"https:\/\/www.meta.com\/es-es\/experiences\/5469115633205179\/?utm_source=Blog_Movistar&amp;utm_medium=Blog&amp;utm_campaign=MEI_El_Inmortal\" target=\"_blank\" rel=\"noreferrer noopener\">aplicaci\u00f3n de Movistar Experiencia Inmersiva<\/a> en tus gafas de realidad virtual y as\u00ed podr\u00e1s disfrutar de esta experiencia al m\u00e1ximo. &nbsp;<\/p>\n\n\n\n<figure class=\"wp-block-embed is-type-video is-provider-youtube wp-block-embed-youtube wp-embed-aspect-16-9 wp-has-aspect-ratio\"><div class=\"wp-block-embed__wrapper\">\n<div class=\"wp-block-embed__wrapper\"><div class=\"ast-oembed-container \" style=\"height: 100%;\"><iframe loading=\"lazy\" title=\"MOVISTAR: Las experiencias de \u201cEl Inmortal\u201d en Movistar Experiencia Inmersiva y Realidad Aumentada\" width=\"1040\" height=\"585\" src=\"https:\/\/www.youtube.com\/embed\/yvpdMwEFPUI?feature=oembed\" frameborder=\"0\" allow=\"accelerometer; autoplay; clipboard-write; encrypted-media; gyroscope; picture-in-picture; web-share\" referrerpolicy=\"strict-origin-when-cross-origin\" allowfullscreen><\/iframe><\/div><\/div>\n<\/div><\/figure>\n\n\n\n<h2 class=\"wp-block-heading\" id=\"h-vive-la-experiencia-en-realidad-aumentada-con-tu-movil\"><strong>Vive la experiencia en realidad aumentada con tu m\u00f3vil<\/strong><\/h2>\n\n\n\n<p>Si no tienes gafas de realidad virtual, puedes disfrutar de esta experiencia inmersiva gracias a la tecnolog\u00eda de realidad aumentada. Tan solo tienes que <strong>escanear el QR o hacer <\/strong><a href=\"https:\/\/onirix-ar.es.metaverso.telefonicainnovaciondigital.com\/elinmortal\/?utm_source=Blog_Movistar&amp;utm_medium=Blog&amp;utm_campaign=MEI_El_Inmortal\" target=\"_blank\" rel=\"noreferrer noopener\"><strong>entrar en la web de la experiencia de realidad aumentada de \u201cEl Inmortal\u201d<\/strong><\/a>.&nbsp;&nbsp;<\/p>\n\n\n\n<p>Los pasos a seguir son muy sencillos, no es necesario que descargues nada, tan solo tienes que conceder los permisos necesarios para hacer uso de la c\u00e1mara y de las funcionalidades de realidad aumentada de tu m\u00f3vil. Ver\u00e1s tu habitaci\u00f3n a trav\u00e9s de la pantalla del tel\u00e9fono y deber\u00e1s escanear el espacio en el que aparecer\u00e1 la puerta al gimnasio de \u201cEl Inmortal\u201d. Una vez aparezca ante ti, tan solo deber\u00e1s cruzarla y disfrutar del mundo inmersivo de la serie.&nbsp;<\/p>\n\n\n\n<figure class=\"wp-block-image size-large\"><img loading=\"lazy\" decoding=\"async\" height=\"576\" width=\"1024\" src=\"https:\/\/www.movistar.es\/blog\/wp-content\/uploads\/sites\/3\/2024\/02\/blog-movistar-experiencia-el-inmortal-en-mei-y-ra-inpost.jpg?w=1024\" alt=\"\" class=\"wp-image-23761\" srcset=\"https:\/\/www.movistar.es\/blog\/wp-content\/uploads\/sites\/3\/2024\/02\/blog-movistar-experiencia-el-inmortal-en-mei-y-ra-inpost.jpg 1366w, https:\/\/www.movistar.es\/blog\/wp-content\/uploads\/sites\/3\/2024\/02\/blog-movistar-experiencia-el-inmortal-en-mei-y-ra-inpost.jpg?resize=300,169 300w, https:\/\/www.movistar.es\/blog\/wp-content\/uploads\/sites\/3\/2024\/02\/blog-movistar-experiencia-el-inmortal-en-mei-y-ra-inpost.jpg?resize=768,432 768w, https:\/\/www.movistar.es\/blog\/wp-content\/uploads\/sites\/3\/2024\/02\/blog-movistar-experiencia-el-inmortal-en-mei-y-ra-inpost.jpg?resize=1024,576 1024w\" sizes=\"auto, (max-width: 1024px) 100vw, 1024px\" \/><\/figure>\n\n\n\n<h2 class=\"wp-block-heading\" id=\"h-como-ver-el-inmortal-la-serie\"><strong>C\u00f3mo ver \u201cEl Inmortal\u201d la serie<\/strong><\/h2>\n\n\n\n<p>\u00bfLa experiencia de realidad virtual de Movistar Experiencia Inmersiva y de realidad aumentada te han prendido la llama de revivir la serie de \u201cEl Inmortal\u201d? &nbsp;<\/p>\n\n\n\n<p>Hazte una marat\u00f3n ya mismo haci\u00e9ndote cliente de <a href=\"https:\/\/www.movistar.es\/particulares\/mimovistar?utm_source=Blog_Movistar&amp;utm_medium=Blog&amp;utm_campaign=MEI_El_Inmortal\" target=\"_blank\" rel=\"noreferrer noopener\"><strong>miMovistar<\/strong><\/a><strong>. <\/strong>As\u00ed podr\u00e1s disfrutar de la primera y segunda temporada de \u201cEl Inmortal\u201d, adem\u00e1s de muchos m\u00e1s contenidos: pel\u00edculas, documentales, programas y todo el deporte te est\u00e1n esperando. \u00a1Te animamos!&nbsp;<\/p>\n","protected":false},"excerpt":{"rendered":"<p>Vuelve \u201cEl Inmortal\u201d con su segunda temporada a Movistar Plus+. Inspirada en la vida Jos\u00e9 Antonio l\u00edder de una banda&nbsp;madrile\u00f1a, la serie muestra el ascenso y la ca\u00edda de su reinado delictivo, construido sobre el [&hellip;]<\/p>\n","protected":false},"author":207,"featured_media":23762,"comment_status":"closed","ping_status":"closed","sticky":false,"template":"","format":"standard","meta":{"site-sidebar-layout":"default","site-content-layout":"","ast-site-content-layout":"","site-content-style":"default","site-sidebar-style":"default","ast-global-header-display":"","ast-banner-title-visibility":"","ast-main-header-display":"","ast-hfb-above-header-display":"","ast-hfb-below-header-display":"","ast-hfb-mobile-header-display":"","site-post-title":"","ast-breadcrumbs-content":"","ast-featured-img":"","footer-sml-layout":"","theme-transparent-header-meta":"","adv-header-id-meta":"","stick-header-meta":"","header-above-stick-meta":"","header-main-stick-meta":"","header-below-stick-meta":"","astra-migrate-meta-layouts":"default","ast-page-background-enabled":"default","ast-page-background-meta":{"desktop":{"background-color":"var(--ast-global-color-4)","background-image":"","background-repeat":"repeat","background-position":"center center","background-size":"auto","background-attachment":"scroll","background-type":"","background-media":"","overlay-type":"","overlay-color":"","overlay-opacity":"","overlay-gradient":""},"tablet":{"background-color":"","background-image":"","background-repeat":"repeat","background-position":"center center","background-size":"auto","background-attachment":"scroll","background-type":"","background-media":"","overlay-type":"","overlay-color":"","overlay-opacity":"","overlay-gradient":""},"mobile":{"background-color":"","background-image":"","background-repeat":"repeat","background-position":"center center","background-size":"auto","background-attachment":"scroll","background-type":"","background-media":"","overlay-type":"","overlay-color":"","overlay-opacity":"","overlay-gradient":""}},"ast-content-background-meta":{"desktop":{"background-color":"var(--ast-global-color-5)","background-image":"","background-repeat":"repeat","background-position":"center center","background-size":"auto","background-attachment":"scroll","background-type":"","background-media":"","overlay-type":"","overlay-color":"","overlay-opacity":"","overlay-gradient":""},"tablet":{"background-color":"var(--ast-global-color-5)","background-image":"","background-repeat":"repeat","background-position":"center center","background-size":"auto","background-attachment":"scroll","background-type":"","background-media":"","overlay-type":"","overlay-color":"","overlay-opacity":"","overlay-gradient":""},"mobile":{"background-color":"var(--ast-global-color-5)","background-image":"","background-repeat":"repeat","background-position":"center center","background-size":"auto","background-attachment":"scroll","background-type":"","background-media":"","overlay-type":"","overlay-color":"","overlay-opacity":"","overlay-gradient":""}},"_jetpack_memberships_contains_paid_content":false,"footnotes":""},"categories":[1],"tags":[605,316,12,601,602,361,604,603],"area":[7],"cluster":[45],"linea_editorial":[],"coauthors":[583],"class_list":["post-23757","post","type-post","status-publish","format-standard","has-post-thumbnail","hentry","category-sin-categoria","tag-el-inmortal","tag-entretenimiento","tag-movistar","tag-movistar-experiencia-inmersiva","tag-movistar-plus-2","tag-realidad-aumentada","tag-realidad-virtual","tag-series","area-digital-client","cluster-movistar-plus"],"yoast_head":"<!-- This site is optimized with the Yoast SEO Premium plugin v25.5 (Yoast SEO v25.5) - https:\/\/yoast.com\/wordpress\/plugins\/seo\/ -->\n<title>Descubre la experiencia inmersiva de la serie de &quot;El Inmortal\u201d<\/title>\n<meta name=\"description\" content=\"\u201cEl Inmortal\u201d de Movistar Plus+ vuelve con su segunda temporada. Descubre las experiencias de RV en Movistar Experiencia Inmersiva y RA en tu m\u00f3vil.\" \/>\n<meta name=\"robots\" content=\"index, follow, max-snippet:-1, max-image-preview:large, max-video-preview:-1\" \/>\n<link rel=\"canonical\" href=\"https:\/\/www.movistar.es\/blog\/movistar-plus\/serie-el-inmortal-experiencia-inmersiva-realidad-virtual-y-aumentada\/\" \/>\n<meta property=\"og:locale\" content=\"es_ES\" \/>\n<meta property=\"og:type\" content=\"article\" \/>\n<meta property=\"og:title\" content=\"La serie &quot;El Inmortal\u201d llega a Movistar Experiencia Inmersiva mediante la realidad virtual y a la realidad aumentada a trav\u00e9s del m\u00f3vil\" \/>\n<meta property=\"og:description\" content=\"\u201cEl Inmortal\u201d de Movistar Plus+ vuelve con su segunda temporada. Descubre las experiencias de RV en Movistar Experiencia Inmersiva y RA en tu m\u00f3vil.\" \/>\n<meta property=\"og:url\" content=\"https:\/\/www.movistar.es\/blog\/movistar-plus\/serie-el-inmortal-experiencia-inmersiva-realidad-virtual-y-aumentada\/\" \/>\n<meta property=\"og:site_name\" content=\"Movistar blog\" \/>\n<meta property=\"article:published_time\" content=\"2024-02-14T14:00:21+00:00\" \/>\n<meta property=\"article:modified_time\" content=\"2024-02-14T14:00:22+00:00\" \/>\n<meta property=\"og:image\" content=\"https:\/\/www.movistar.es\/blog\/wp-content\/uploads\/sites\/3\/2024\/02\/blog-movistar-experiencia-el-inmortal-en-mei-y-ra-cabecera.jpg\" \/>\n\t<meta property=\"og:image:width\" content=\"1920\" \/>\n\t<meta property=\"og:image:height\" content=\"1080\" \/>\n\t<meta property=\"og:image:type\" content=\"image\/jpeg\" \/>\n<meta name=\"author\" content=\"Mario Garc\u00eda-Mora Casarrubio\" \/>\n<meta name=\"twitter:card\" content=\"summary_large_image\" \/>\n<meta name=\"twitter:label1\" content=\"Written by\" \/>\n\t<meta name=\"twitter:data1\" content=\"Mario Garc\u00eda-Mora Casarrubio\" \/>\n\t<meta name=\"twitter:label2\" content=\"Est. reading time\" \/>\n\t<meta name=\"twitter:data2\" content=\"3 minutos\" \/>\n<script type=\"application\/ld+json\" class=\"yoast-schema-graph\">{\"@context\":\"https:\/\/schema.org\",\"@graph\":[{\"@type\":\"Article\",\"@id\":\"https:\/\/www.movistar.es\/blog\/movistar-plus\/serie-el-inmortal-experiencia-inmersiva-realidad-virtual-y-aumentada\/#article\",\"isPartOf\":{\"@id\":\"https:\/\/www.movistar.es\/blog\/movistar-plus\/serie-el-inmortal-experiencia-inmersiva-realidad-virtual-y-aumentada\/\"},\"author\":{\"name\":\"Mario Garc\u00eda-Mora Casarrubio\",\"@id\":\"https:\/\/www.movistar.es\/blog\/#\/schema\/person\/ac7445f64cc5de3a1619db833e0a6599\"},\"headline\":\"La serie \u00abEl Inmortal\u201d llega a Movistar Experiencia Inmersiva mediante la realidad virtual y a la realidad aumentada a trav\u00e9s del m\u00f3vil\",\"datePublished\":\"2024-02-14T14:00:21+00:00\",\"dateModified\":\"2024-02-14T14:00:22+00:00\",\"mainEntityOfPage\":{\"@id\":\"https:\/\/www.movistar.es\/blog\/movistar-plus\/serie-el-inmortal-experiencia-inmersiva-realidad-virtual-y-aumentada\/\"},\"wordCount\":524,\"publisher\":{\"@id\":\"https:\/\/www.movistar.es\/blog\/#organization\"},\"image\":{\"@id\":\"https:\/\/www.movistar.es\/blog\/movistar-plus\/serie-el-inmortal-experiencia-inmersiva-realidad-virtual-y-aumentada\/#primaryimage\"},\"thumbnailUrl\":\"https:\/\/www.movistar.es\/blog\/wp-content\/uploads\/sites\/3\/2024\/02\/blog-movistar-experiencia-el-inmortal-en-mei-y-ra-cabecera.jpg\",\"keywords\":[\"El Inmortal\",\"entretenimiento\",\"Movistar\",\"Movistar experiencia inmersiva\",\"Movistar Plus+\",\"realidad aumentada\",\"Realidad Virtual\",\"Series\"],\"inLanguage\":\"es\"},{\"@type\":\"WebPage\",\"@id\":\"https:\/\/www.movistar.es\/blog\/movistar-plus\/serie-el-inmortal-experiencia-inmersiva-realidad-virtual-y-aumentada\/\",\"url\":\"https:\/\/www.movistar.es\/blog\/movistar-plus\/serie-el-inmortal-experiencia-inmersiva-realidad-virtual-y-aumentada\/\",\"name\":\"Descubre la experiencia inmersiva de la serie de \\\"El Inmortal\u201d\",\"isPartOf\":{\"@id\":\"https:\/\/www.movistar.es\/blog\/#website\"},\"primaryImageOfPage\":{\"@id\":\"https:\/\/www.movistar.es\/blog\/movistar-plus\/serie-el-inmortal-experiencia-inmersiva-realidad-virtual-y-aumentada\/#primaryimage\"},\"image\":{\"@id\":\"https:\/\/www.movistar.es\/blog\/movistar-plus\/serie-el-inmortal-experiencia-inmersiva-realidad-virtual-y-aumentada\/#primaryimage\"},\"thumbnailUrl\":\"https:\/\/www.movistar.es\/blog\/wp-content\/uploads\/sites\/3\/2024\/02\/blog-movistar-experiencia-el-inmortal-en-mei-y-ra-cabecera.jpg\",\"datePublished\":\"2024-02-14T14:00:21+00:00\",\"dateModified\":\"2024-02-14T14:00:22+00:00\",\"description\":\"\u201cEl Inmortal\u201d de Movistar Plus+ vuelve con su segunda temporada. Descubre las experiencias de RV en Movistar Experiencia Inmersiva y RA en tu m\u00f3vil.\",\"breadcrumb\":{\"@id\":\"https:\/\/www.movistar.es\/blog\/movistar-plus\/serie-el-inmortal-experiencia-inmersiva-realidad-virtual-y-aumentada\/#breadcrumb\"},\"inLanguage\":\"es\",\"potentialAction\":[{\"@type\":\"ReadAction\",\"target\":[\"https:\/\/www.movistar.es\/blog\/movistar-plus\/serie-el-inmortal-experiencia-inmersiva-realidad-virtual-y-aumentada\/\"]}]},{\"@type\":\"ImageObject\",\"inLanguage\":\"es\",\"@id\":\"https:\/\/www.movistar.es\/blog\/movistar-plus\/serie-el-inmortal-experiencia-inmersiva-realidad-virtual-y-aumentada\/#primaryimage\",\"url\":\"https:\/\/www.movistar.es\/blog\/wp-content\/uploads\/sites\/3\/2024\/02\/blog-movistar-experiencia-el-inmortal-en-mei-y-ra-cabecera.jpg\",\"contentUrl\":\"https:\/\/www.movistar.es\/blog\/wp-content\/uploads\/sites\/3\/2024\/02\/blog-movistar-experiencia-el-inmortal-en-mei-y-ra-cabecera.jpg\",\"width\":1920,\"height\":1080},{\"@type\":\"BreadcrumbList\",\"@id\":\"https:\/\/www.movistar.es\/blog\/movistar-plus\/serie-el-inmortal-experiencia-inmersiva-realidad-virtual-y-aumentada\/#breadcrumb\",\"itemListElement\":[{\"@type\":\"ListItem\",\"position\":1,\"name\":\"Home\",\"item\":\"https:\/\/www.movistar.es\/blog\/\"},{\"@type\":\"ListItem\",\"position\":2,\"name\":\"La serie \u00abEl Inmortal\u201d llega a Movistar Experiencia Inmersiva mediante la realidad virtual y a la realidad aumentada a trav\u00e9s del m\u00f3vil\"}]},{\"@type\":\"WebSite\",\"@id\":\"https:\/\/www.movistar.es\/blog\/#website\",\"url\":\"https:\/\/www.movistar.es\/blog\/\",\"name\":\"Movistar blog\",\"description\":\"Movistar Blog. Informaci\u00f3n y m\u00e1s sobre los productos y servicios de Movistar\",\"publisher\":{\"@id\":\"https:\/\/www.movistar.es\/blog\/#organization\"},\"potentialAction\":[{\"@type\":\"SearchAction\",\"target\":{\"@type\":\"EntryPoint\",\"urlTemplate\":\"https:\/\/www.movistar.es\/blog\/?s={search_term_string}\"},\"query-input\":{\"@type\":\"PropertyValueSpecification\",\"valueRequired\":true,\"valueName\":\"search_term_string\"}}],\"inLanguage\":\"es\"},{\"@type\":\"Organization\",\"@id\":\"https:\/\/www.movistar.es\/blog\/#organization\",\"name\":\"Movistar blog\",\"url\":\"https:\/\/www.movistar.es\/blog\/\",\"logo\":{\"@type\":\"ImageObject\",\"inLanguage\":\"es\",\"@id\":\"https:\/\/www.movistar.es\/blog\/#\/schema\/logo\/image\/\",\"url\":\"https:\/\/www.movistar.es\/blog\/wp-content\/uploads\/sites\/3\/2022\/05\/logo_movistar-1.svg\",\"contentUrl\":\"https:\/\/www.movistar.es\/blog\/wp-content\/uploads\/sites\/3\/2022\/05\/logo_movistar-1.svg\",\"width\":369,\"height\":272,\"caption\":\"Movistar blog\"},\"image\":{\"@id\":\"https:\/\/www.movistar.es\/blog\/#\/schema\/logo\/image\/\"}},{\"@type\":\"Person\",\"@id\":\"https:\/\/www.movistar.es\/blog\/#\/schema\/person\/ac7445f64cc5de3a1619db833e0a6599\",\"name\":\"Mario Garc\u00eda-Mora Casarrubio\",\"image\":{\"@type\":\"ImageObject\",\"inLanguage\":\"es\",\"@id\":\"https:\/\/www.movistar.es\/blog\/#\/schema\/person\/image\/0f3879fc80ebea5e6bc41865135fb143\",\"url\":\"https:\/\/secure.gravatar.com\/avatar\/3add441efba10648cc661461d2a4d63e2e78da8994833a94d8203d0a4414239d\",\"contentUrl\":\"https:\/\/secure.gravatar.com\/avatar\/3add441efba10648cc661461d2a4d63e2e78da8994833a94d8203d0a4414239d\",\"caption\":\"Mario Garc\u00eda-Mora Casarrubio\"},\"description\":\"Graduado en Publicidad y Relaciones P\u00fablicas, la creatividad y la sostenibilidad son mis dos grandes pasiones. Ahora, gracias al equipo de CDO Telef\u00f3nica uno ambos mundos a trav\u00e9s de la innovaci\u00f3n y creaci\u00f3n de contenido.\",\"url\":\"https:\/\/www.movistar.es\/blog\/author\/mariogarcia\/\"}]}<\/script>\n<!-- \/ Yoast SEO Premium plugin. -->","yoast_head_json":{"title":"Descubre la experiencia inmersiva de la serie de \"El Inmortal\u201d","description":"\u201cEl Inmortal\u201d de Movistar Plus+ vuelve con su segunda temporada. Descubre las experiencias de RV en Movistar Experiencia Inmersiva y RA en tu m\u00f3vil.","robots":{"index":"index","follow":"follow","max-snippet":"max-snippet:-1","max-image-preview":"max-image-preview:large","max-video-preview":"max-video-preview:-1"},"canonical":"https:\/\/www.movistar.es\/blog\/movistar-plus\/serie-el-inmortal-experiencia-inmersiva-realidad-virtual-y-aumentada\/","og_locale":"es_ES","og_type":"article","og_title":"La serie \"El Inmortal\u201d llega a Movistar Experiencia Inmersiva mediante la realidad virtual y a la realidad aumentada a trav\u00e9s del m\u00f3vil","og_description":"\u201cEl Inmortal\u201d de Movistar Plus+ vuelve con su segunda temporada. Descubre las experiencias de RV en Movistar Experiencia Inmersiva y RA en tu m\u00f3vil.","og_url":"https:\/\/www.movistar.es\/blog\/movistar-plus\/serie-el-inmortal-experiencia-inmersiva-realidad-virtual-y-aumentada\/","og_site_name":"Movistar blog","article_published_time":"2024-02-14T14:00:21+00:00","article_modified_time":"2024-02-14T14:00:22+00:00","og_image":[{"width":1920,"height":1080,"url":"https:\/\/www.movistar.es\/blog\/wp-content\/uploads\/sites\/3\/2024\/02\/blog-movistar-experiencia-el-inmortal-en-mei-y-ra-cabecera.jpg","type":"image\/jpeg"}],"author":"Mario Garc\u00eda-Mora Casarrubio","twitter_card":"summary_large_image","twitter_misc":{"Written by":"Mario Garc\u00eda-Mora Casarrubio","Est. reading time":"3 minutos"},"schema":{"@context":"https:\/\/schema.org","@graph":[{"@type":"Article","@id":"https:\/\/www.movistar.es\/blog\/movistar-plus\/serie-el-inmortal-experiencia-inmersiva-realidad-virtual-y-aumentada\/#article","isPartOf":{"@id":"https:\/\/www.movistar.es\/blog\/movistar-plus\/serie-el-inmortal-experiencia-inmersiva-realidad-virtual-y-aumentada\/"},"author":{"name":"Mario Garc\u00eda-Mora Casarrubio","@id":"https:\/\/www.movistar.es\/blog\/#\/schema\/person\/ac7445f64cc5de3a1619db833e0a6599"},"headline":"La serie \u00abEl Inmortal\u201d llega a Movistar Experiencia Inmersiva mediante la realidad virtual y a la realidad aumentada a trav\u00e9s del m\u00f3vil","datePublished":"2024-02-14T14:00:21+00:00","dateModified":"2024-02-14T14:00:22+00:00","mainEntityOfPage":{"@id":"https:\/\/www.movistar.es\/blog\/movistar-plus\/serie-el-inmortal-experiencia-inmersiva-realidad-virtual-y-aumentada\/"},"wordCount":524,"publisher":{"@id":"https:\/\/www.movistar.es\/blog\/#organization"},"image":{"@id":"https:\/\/www.movistar.es\/blog\/movistar-plus\/serie-el-inmortal-experiencia-inmersiva-realidad-virtual-y-aumentada\/#primaryimage"},"thumbnailUrl":"https:\/\/www.movistar.es\/blog\/wp-content\/uploads\/sites\/3\/2024\/02\/blog-movistar-experiencia-el-inmortal-en-mei-y-ra-cabecera.jpg","keywords":["El Inmortal","entretenimiento","Movistar","Movistar experiencia inmersiva","Movistar Plus+","realidad aumentada","Realidad Virtual","Series"],"inLanguage":"es"},{"@type":"WebPage","@id":"https:\/\/www.movistar.es\/blog\/movistar-plus\/serie-el-inmortal-experiencia-inmersiva-realidad-virtual-y-aumentada\/","url":"https:\/\/www.movistar.es\/blog\/movistar-plus\/serie-el-inmortal-experiencia-inmersiva-realidad-virtual-y-aumentada\/","name":"Descubre la experiencia inmersiva de la serie de \"El Inmortal\u201d","isPartOf":{"@id":"https:\/\/www.movistar.es\/blog\/#website"},"primaryImageOfPage":{"@id":"https:\/\/www.movistar.es\/blog\/movistar-plus\/serie-el-inmortal-experiencia-inmersiva-realidad-virtual-y-aumentada\/#primaryimage"},"image":{"@id":"https:\/\/www.movistar.es\/blog\/movistar-plus\/serie-el-inmortal-experiencia-inmersiva-realidad-virtual-y-aumentada\/#primaryimage"},"thumbnailUrl":"https:\/\/www.movistar.es\/blog\/wp-content\/uploads\/sites\/3\/2024\/02\/blog-movistar-experiencia-el-inmortal-en-mei-y-ra-cabecera.jpg","datePublished":"2024-02-14T14:00:21+00:00","dateModified":"2024-02-14T14:00:22+00:00","description":"\u201cEl Inmortal\u201d de Movistar Plus+ vuelve con su segunda temporada. Descubre las experiencias de RV en Movistar Experiencia Inmersiva y RA en tu m\u00f3vil.","breadcrumb":{"@id":"https:\/\/www.movistar.es\/blog\/movistar-plus\/serie-el-inmortal-experiencia-inmersiva-realidad-virtual-y-aumentada\/#breadcrumb"},"inLanguage":"es","potentialAction":[{"@type":"ReadAction","target":["https:\/\/www.movistar.es\/blog\/movistar-plus\/serie-el-inmortal-experiencia-inmersiva-realidad-virtual-y-aumentada\/"]}]},{"@type":"ImageObject","inLanguage":"es","@id":"https:\/\/www.movistar.es\/blog\/movistar-plus\/serie-el-inmortal-experiencia-inmersiva-realidad-virtual-y-aumentada\/#primaryimage","url":"https:\/\/www.movistar.es\/blog\/wp-content\/uploads\/sites\/3\/2024\/02\/blog-movistar-experiencia-el-inmortal-en-mei-y-ra-cabecera.jpg","contentUrl":"https:\/\/www.movistar.es\/blog\/wp-content\/uploads\/sites\/3\/2024\/02\/blog-movistar-experiencia-el-inmortal-en-mei-y-ra-cabecera.jpg","width":1920,"height":1080},{"@type":"BreadcrumbList","@id":"https:\/\/www.movistar.es\/blog\/movistar-plus\/serie-el-inmortal-experiencia-inmersiva-realidad-virtual-y-aumentada\/#breadcrumb","itemListElement":[{"@type":"ListItem","position":1,"name":"Home","item":"https:\/\/www.movistar.es\/blog\/"},{"@type":"ListItem","position":2,"name":"La serie \u00abEl Inmortal\u201d llega a Movistar Experiencia Inmersiva mediante la realidad virtual y a la realidad aumentada a trav\u00e9s del m\u00f3vil"}]},{"@type":"WebSite","@id":"https:\/\/www.movistar.es\/blog\/#website","url":"https:\/\/www.movistar.es\/blog\/","name":"Movistar blog","description":"Movistar Blog. Informaci\u00f3n y m\u00e1s sobre los productos y servicios de Movistar","publisher":{"@id":"https:\/\/www.movistar.es\/blog\/#organization"},"potentialAction":[{"@type":"SearchAction","target":{"@type":"EntryPoint","urlTemplate":"https:\/\/www.movistar.es\/blog\/?s={search_term_string}"},"query-input":{"@type":"PropertyValueSpecification","valueRequired":true,"valueName":"search_term_string"}}],"inLanguage":"es"},{"@type":"Organization","@id":"https:\/\/www.movistar.es\/blog\/#organization","name":"Movistar blog","url":"https:\/\/www.movistar.es\/blog\/","logo":{"@type":"ImageObject","inLanguage":"es","@id":"https:\/\/www.movistar.es\/blog\/#\/schema\/logo\/image\/","url":"https:\/\/www.movistar.es\/blog\/wp-content\/uploads\/sites\/3\/2022\/05\/logo_movistar-1.svg","contentUrl":"https:\/\/www.movistar.es\/blog\/wp-content\/uploads\/sites\/3\/2022\/05\/logo_movistar-1.svg","width":369,"height":272,"caption":"Movistar blog"},"image":{"@id":"https:\/\/www.movistar.es\/blog\/#\/schema\/logo\/image\/"}},{"@type":"Person","@id":"https:\/\/www.movistar.es\/blog\/#\/schema\/person\/ac7445f64cc5de3a1619db833e0a6599","name":"Mario Garc\u00eda-Mora Casarrubio","image":{"@type":"ImageObject","inLanguage":"es","@id":"https:\/\/www.movistar.es\/blog\/#\/schema\/person\/image\/0f3879fc80ebea5e6bc41865135fb143","url":"https:\/\/secure.gravatar.com\/avatar\/3add441efba10648cc661461d2a4d63e2e78da8994833a94d8203d0a4414239d","contentUrl":"https:\/\/secure.gravatar.com\/avatar\/3add441efba10648cc661461d2a4d63e2e78da8994833a94d8203d0a4414239d","caption":"Mario Garc\u00eda-Mora Casarrubio"},"description":"Graduado en Publicidad y Relaciones P\u00fablicas, la creatividad y la sostenibilidad son mis dos grandes pasiones. Ahora, gracias al equipo de CDO Telef\u00f3nica uno ambos mundos a trav\u00e9s de la innovaci\u00f3n y creaci\u00f3n de contenido.","url":"https:\/\/www.movistar.es\/blog\/author\/mariogarcia\/"}]}},"jetpack_featured_media_url":"https:\/\/www.movistar.es\/blog\/wp-content\/uploads\/sites\/3\/2024\/02\/blog-movistar-experiencia-el-inmortal-en-mei-y-ra-cabecera.jpg","jetpack_sharing_enabled":true,"_links":{"self":[{"href":"https:\/\/www.movistar.es\/blog\/wp-json\/wp\/v2\/posts\/23757","targetHints":{"allow":["GET"]}}],"collection":[{"href":"https:\/\/www.movistar.es\/blog\/wp-json\/wp\/v2\/posts"}],"about":[{"href":"https:\/\/www.movistar.es\/blog\/wp-json\/wp\/v2\/types\/post"}],"author":[{"embeddable":true,"href":"https:\/\/www.movistar.es\/blog\/wp-json\/wp\/v2\/users\/207"}],"replies":[{"embeddable":true,"href":"https:\/\/www.movistar.es\/blog\/wp-json\/wp\/v2\/comments?post=23757"}],"version-history":[{"count":1,"href":"https:\/\/www.movistar.es\/blog\/wp-json\/wp\/v2\/posts\/23757\/revisions"}],"predecessor-version":[{"id":23763,"href":"https:\/\/www.movistar.es\/blog\/wp-json\/wp\/v2\/posts\/23757\/revisions\/23763"}],"wp:featuredmedia":[{"embeddable":true,"href":"https:\/\/www.movistar.es\/blog\/wp-json\/wp\/v2\/media\/23762"}],"wp:attachment":[{"href":"https:\/\/www.movistar.es\/blog\/wp-json\/wp\/v2\/media?parent=23757"}],"wp:term":[{"taxonomy":"category","embeddable":true,"href":"https:\/\/www.movistar.es\/blog\/wp-json\/wp\/v2\/categories?post=23757"},{"taxonomy":"post_tag","embeddable":true,"href":"https:\/\/www.movistar.es\/blog\/wp-json\/wp\/v2\/tags?post=23757"},{"taxonomy":"area","embeddable":true,"href":"https:\/\/www.movistar.es\/blog\/wp-json\/wp\/v2\/area?post=23757"},{"taxonomy":"cluster","embeddable":true,"href":"https:\/\/www.movistar.es\/blog\/wp-json\/wp\/v2\/cluster?post=23757"},{"taxonomy":"linea_editorial","embeddable":true,"href":"https:\/\/www.movistar.es\/blog\/wp-json\/wp\/v2\/linea_editorial?post=23757"},{"taxonomy":"author","embeddable":true,"href":"https:\/\/www.movistar.es\/blog\/wp-json\/wp\/v2\/coauthors?post=23757"}],"curies":[{"name":"wp","href":"https:\/\/api.w.org\/{rel}","templated":true}]}}